{"id":211983,"date":"2021-07-14T13:42:46","date_gmt":"2021-07-14T13:42:46","guid":{"rendered":"https:\/\/www.meydan.tv\/article\/faiq-suceddinov-her-bestekarliq-fakultesini-bitiren-bestekar-olmur\/"},"modified":"2021-07-14T13:42:46","modified_gmt":"2021-07-14T13:42:46","slug":"faiq-suceddinov-her-bestekarliq-fakultesini-bitiren-bestekar-olmur","status":"publish","type":"post","link":"https:\/\/www.meydan.tv\/az\/article\/faiq-suceddinov-her-bestekarliq-fakultesini-bitiren-bestekar-olmur\/","title":{"rendered":"Faiq S\u00fcc\u0259ddinov: H\u0259r b\u0259st\u0259karl\u0131q fak\u00fclt\u0259sini bitir\u0259n b\u0259st\u0259kar olmur"},"content":{"rendered":"<figure class=\"wp-block-embed is-type-video is-provider-youtube wp-block-embed-youtube wp-embed-aspect-16-9 wp-has-aspect-ratio\">\n<div class=\"wp-block-embed__wrapper\">\n    <iframe\ttitle=\"Faiq S\u00fcc\u0259ddinov: H\u0259r b\u0259st\u0259karl\u0131q fak\u00fclt\u0259sini bitir\u0259n b\u0259st\u0259kar olmur\" width=\"1200\" height=\"675\" data-src=\"https:\/\/www.youtube.com\/embed\/84EcHhuCud0\"\tframeborder=\"0\"\tallow=\"accelerometer; autoplay; clipboard-write; encrypted-media; gyroscope; picture-in-picture\" allowfullscreen src=\"data:image\/svg+xml;base64,PHN2ZyB3aWR0aD0iMSIgaGVpZ2h0PSIxIiB4bWxucz0iaHR0cDovL3d3dy53My5vcmcvMjAwMC9zdmciPjwvc3ZnPg==\" class=\"lazyload\" data-load-mode=\"1\"><\/iframe>\n  <\/div><figcaption>\n    Faiq S\u00fcc\u0259ddinov: H\u0259r b\u0259st\u0259karl\u0131q fak\u00fclt\u0259sini bitir\u0259n b\u0259st\u0259kar olmur<br \/>\n  <\/figcaption><\/figure>\n<p>\n  <b><br \/>\n    Telekanllarda baya\u011f\u0131 musiqil\u0259rd\u0259n \u015fikay\u0259tl\u0259n\u0259nl\u0259r az deyil, onlardan biri d\u0259 b\u0259st\u0259kar Faiq S\u00fcc\u0259ddinovdur. Faiq m\u00fc\u0259lliml\u0259 s\u00f6hb\u0259timizd\u0259 yaln\u0131z bu m\u0259s\u0259l\u0259yl\u0259 deyil, musiqi t\u0259hsili, b\u0259st\u0259karl\u0131q v\u0259 dig\u0259r sual yaradan m\u0259qamlara toxunduq.<br \/>\n  <\/b>\n<\/p>\n<p>\n  <i><br \/>\n    &#8211; Faiq m\u00fc\u0259llim, pandemiya yarad\u0131c\u0131l\u0131\u011f\u0131n\u0131za nec\u0259 t\u0259sir etdi?<br \/>\n  <\/i>\n<\/p>\n<p>\n  &#8211; Oktyabrda \u00f6z\u00fcm x\u0259st\u0259l\u0259ndim, o zaman x\u0259st\u0259liyin g\u00fcc\u00fcn\u00fc hiss etdim, o d\u0259r\u0259c\u0259d\u0259 hals\u0131z idim ki, 3-5 d\u0259qiq\u0259 ayaq \u00fcst\u0259 dayana bilmirdim v\u0259 at\u0259\u015fim g\u00fccl\u00fcyd\u00fc. N\u0259tic\u0259d\u0259 8 g\u00fcn x\u0259st\u0259xanada yatd\u0131m, 15 g\u00fcn d\u0259 b\u0259rpa prosesi ke\u00e7dim, \u015f\u0259k\u0259rim oldu\u011fu \u00fc\u00e7\u00fcn d\u0259 \u00e7ox pis ke\u00e7irdim, 7 kiloqram \u00e7\u0259ki itirdim. Bu x\u0259st\u0259likl\u0259 zarafat etm\u0259k olmaz, kims\u0259 deyirs\u0259 ki, bo\u015f \u015feydir, onunla s\u00f6hb\u0259t etm\u0259k ist\u0259mir\u0259m, insanlar koronavirusun ciddiliyini ba\u015fa d\u00fc\u015fm\u0259lidir. \u00dcmumiyy\u0259tl\u0259, insan \u00f6z x\u0259st\u0259liyin\u0259 qar\u015f\u0131 da m\u0259d\u0259niyy\u0259tli olmal\u0131d\u0131r. T\u0259s\u0259vv\u00fcr edin ki, b\u0259rpa prosesi zaman\u0131 15 g\u00fcn n\u0259f\u0259s almaqda \u0259ziyy\u0259t \u00e7\u0259k\u0259si oldum. Tibb bac\u0131lar\u0131na t\u0259\u015f\u0259kk\u00fcr edir\u0259m ki, m\u0259ni ayaq \u00fcst\u0259 qald\u0131rd\u0131lar. T\u0259bii ki, t\u0259kpalatal\u0131 yerd\u0259 qal\u0131rd\u0131m, tezd\u0259n oyan\u0131b \u00e7\u00f6ld\u0259ki bir a\u011facla s\u00f6hb\u0259tl\u0259\u015firdim, \u00e7ox q\u0259rib\u0259 hissl\u0259r idi, x\u0259st\u0259xanan\u0131 t\u0259rk ed\u0259nd\u0259, taksiy\u0259 oturdum v\u0259 a\u011faca \u00e7atanda, ma\u015f\u0131n\u0131 saxlad\u0131m, bir anl\u0131q a\u011faca bax\u0131b, getdim. Yax\u015f\u0131 ki, x\u0259st\u0259liyin \u00fcst\u00fcn\u0259 tez d\u00fc\u015fd\u00fcn, bilirsiniz, atam yax\u015f\u0131 h\u0259kim olub, yolda\u015f\u0131m da, q\u0131z\u0131m da h\u0259kimdir, bu amill\u0259r d\u0259 rol oynad\u0131. B\u00fct\u00fcn h\u0259kiml\u0259r\u0259 t\u0259\u015f\u0259kk\u00fcr edir\u0259m, bu d\u00f6vr onlar \u00fc\u00e7\u00fcn a\u011f\u0131r oldu, \u00e7ox h\u0259kiml\u0259rimizi itirdik, Allah r\u0259hm\u0259t etsin.\n<\/p>\n<p>\n  &#8211;<br \/>\n  <i><br \/>\n    \u018fks\u0259r vaxtlarda baya\u011f\u0131l\u0131\u011f\u0131 t\u0259bli\u011f edirl\u0259r dey\u0259 yerli telekanallardan \u015fikay\u0259t edirsiz. Art\u0131q internet, sosial \u015f\u0259b\u0259k\u0259l\u0259r, dig\u0259r onlayn platformalar var, hans\u0131 ki, TV-l\u0259ri s\u0131x\u0131\u015fd\u0131r\u0131r. Sizc\u0259, bu gedi\u015fl\u0259 d\u00f6rd-be\u015f ild\u0259n sonra \u0259n\u0259n\u0259vi median\u0131 n\u0259 g\u00f6zl\u0259yir?<br \/>\n  <\/i>\n<\/p>\n<p>\n  &#8211; Televiziya maraql\u0131 olsa, yeni fikirl\u0259r, g\u0259ncl\u0259r g\u0259ls\u0259, y\u0259ni h\u0259r \u015feyi s\u0131f\u0131rdan ba\u015flamaq laz\u0131md\u0131r, o zaman internet \u00fcst\u0259l\u0259y\u0259 bilm\u0259z. Amma bir m\u0259s\u0259l\u0259 var, m\u0259n d\u0259 daxil u\u015faqlar bel\u0259, evd\u0259 ham\u0131m\u0131z telefonda n\u0259y\u0259s\u0259 bax\u0131r\u0131q, dem\u0259li, orda maraql\u0131 n\u0259l\u0259rs\u0259 olur ki, televiziyadan \u00e7ox bax\u0131rlar. \u0130kinci, \u201cYoutube\u201dda qada\u011fa yoxdur, m\u0259s\u0259l\u0259n, m\u0259n \u201cTik-tok\u201da baxm\u0131ram, \u00e7\u00fcnki biab\u0131r\u00e7\u0131l\u0131q \u00e7oxdur, amma \u201cYoutube\u201dda \u00e7ox maraql\u0131 s\u00f6hb\u0259tl\u0259r v\u0259 musiqil\u0259r olur. B\u0259st\u0259kar kimi d\u00fcnya musiqisind\u0259n agah olmal\u0131yam, yeni n\u0259 ba\u015f verir dey\u0259. M\u0259n uzun zaman \u015eimal\u0131 K\u0131pr\u0131sda ingilisdilli Do\u011fal D\u0259niz Universitetind\u0259 d\u0259rs demi\u015f\u0259m, orda el\u0259 m\u00fc\u0259lliml\u0259r vard\u0131 ki, bir g\u00fcnl\u00fcy\u0259 g\u0259lib d\u0259rsl\u0259rini deyib gedirdil\u0259r, \u0130sve\u00e7d\u0259n, Almaniyadan, T\u00fcrkiy\u0259d\u0259n v\u0259 ba\u015fqa \u00f6lk\u0259l\u0259rd\u0259n. 7 il \u0130ngilt\u0259r\u0259nin Yok\u015fir \u015f\u0259h\u0259rind\u0259n olan xan\u0131m Missilinda qon\u015fum olub. Xan\u0131m Missilinda t\u0259sad\u00fcf\u0259n m\u0259nim pianinoda ifam\u0131 e\u015fidib. Qap\u0131 d\u00f6y\u00fcld\u00fc, a\u00e7anda g\u00f6rd\u00fcm \u0259lind\u0259 tort g\u0259lib. O, Motsart\u0131, Bethoveni, \u015eopeni \u00e7alma\u011f\u0131ma heyr\u0259tl\u0259nmi\u015fdi. Bundan sonra dostla\u015fd\u0131q v\u0259 m\u0259ni ingilis diasporuyla qonaql\u0131\u011fa apard\u0131. Bilirsiniz ki, ada vaxtil\u0259 B\u00f6y\u00fck Britaniyan\u0131n koloniyas\u0131 olub. Bu m\u00fcdd\u0259td\u0259 onlar\u0131n da, kiprlil\u0259rin d\u0259 xalq musiqil\u0259rini dinl\u0259dim v\u0259 h\u0259min d\u00f6vrd\u0259 kitab, 2 disk buraxd\u0131m. Kiprin tarixind\u0259 bir ilk idi, Nikosiyada \u201cSaray\u201d otelind\u0259 t\u0259qdimat oldu, Rauf Denkta\u015f\u0131n q\u0131z\u0131 da g\u0259ldi. 2016-c\u0131 ild\u0259 n\u00f6vb\u0259ti d\u0259v\u0259t g\u0259ldi, amma daha getm\u0259dim.\n<\/p>\n<p>\n  <i><br \/>\n    &#8211; Faiq m\u00fc\u0259llim, \u0259vv\u0259ll\u0259r \u201cEurovision\u201d mahn\u0131 yar\u0131\u015fmas\u0131n\u0131n Az\u0259rbaycan \u00fczr\u0259 se\u00e7iml\u0259rind\u0259 m\u00fcnsif \u00fczv\u00fc olmusunuz. Son ill\u0259r bu yar\u0131\u015fma il\u0259 ba\u011fl\u0131 iradlar \u00e7oxdur. Sonuncu t\u0259msil\u00e7imiz Samir\u0259 \u018ff\u0259ndinin \u00e7\u0131x\u0131\u015f\u0131 zaman\u0131 da m\u00fcxt\u0259lif etirazlar oldu. \u018fg\u0259r \u00f6lk\u0259nin bu yar\u0131\u015fmada kifay\u0259t q\u0259d\u0259r t\u0259cr\u00fcb\u0259si varsa, niy\u0259 bu yar\u0131\u015fmaya milli komanda c\u0259lb olunmur?<br \/>\n  <\/i>\n<\/p>\n<p>\n  &#8211; \u00dcmumiyy\u0259tl\u0259, b\u0259lk\u0259 \u201cEurovision\u201d mahn\u0131 yar\u0131\u015fmas\u0131n\u0131n da standartlar\u0131 var v\u0259 yaxud biz haz\u0131r deyilik. Raz\u0131yam sizinl\u0259, amma bu istiqam\u0259td\u0259 s\u00f6hb\u0259tl\u0259r var, zaman\u0131nda olacaq. B\u0259st\u0259kar var, yax\u015f\u0131 musiqi d\u0259 var v\u0259 bir g\u00fcn bizim d\u0259 musiqimiz s\u0259sl\u0259n\u0259c\u0259k, b\u0259lk\u0259 g\u0259l\u0259n oldu.\n<\/p>\n<p>\n  <i><br \/>\n    &#8211; Haz\u0131rda ifa olunan mahn\u0131larla ba\u011fl\u0131 n\u0259 dey\u0259 bil\u0259rsiz? Yaz\u0131lan s\u00f6z v\u0259 musiqil\u0259r sizi n\u0259 d\u0259r\u0259c\u0259d\u0259 qane edir?<br \/>\n  <\/i>\n<\/p>\n<p>\n  &#8211; Bu g\u00fcn televiziyada s\u0259sl\u0259n\u0259n musiqi bizd\u0259n bir az uzaq d\u00fc\u015fd\u00fc. S\u00f6zl\u0259r Az\u0259rbaycan s\u00f6zl\u0259ridir, amma telekanallar musiqiy\u0259 qar\u015f\u0131 diqq\u0259tli olmal\u0131d\u0131rlar, yax\u015f\u0131 olmayan, baya\u011f\u0131 musiqini efir\u0259 verm\u0259m\u0259lidirl\u0259r. \u00d6t\u0259n \u0259srin 70-80-ci ill\u0259rinin musiqil\u0259rind\u0259n s\u00f6hb\u0259t d\u00fc\u015f\u0259nd\u0259 deyirl\u0259r \u201ck\u00f6hn\u0259dir\u201d. Xeyr, k\u00f6hn\u0259 deyil. Mu\u011famlar, folklor, a\u015f\u0131q mahn\u0131lar\u0131, bunlar k\u00f6hn\u0259lmir, h\u0259mi\u015f\u0259 m\u00fcasirdir, \u00e7\u00fcnki bizik, tariximiz kimi bunlar\u0131 qorumaq laz\u0131md\u0131r. Siz dediyiniz ondan yarand\u0131 ki, musiqiy\u0259 b\u00f6y\u00fck ax\u0131n oldu, h\u0259r bir oxuyan ba\u015flad\u0131 z\u00fcmz\u00fcm\u0259 etm\u0259y\u0259. Musiqi z\u00fcmz\u00fcm\u0259 deyil. Musiqinin notu olmal\u0131d\u0131r, elmdir. Deyirl\u0259r \u201cistedadl\u0131 adamd\u0131r\u201d, t\u0259bii ki, istedads\u0131z adam musiqid\u0259 he\u00e7 n\u0259 ed\u0259 bilm\u0259z. Amma istedadl\u0131 adam\u0131n da elmi bilm\u0259si laz\u0131md\u0131r.\n<\/p>\n<p>\n  <i><br \/>\n    &#8211; Bu m\u0259s\u0259l\u0259d\u0259 t\u0259hsilin z\u0259ifliyinin rolu oldumu?<br \/>\n  <\/i>\n<\/p>\n<p>\n  &#8211; Yox, Konservatoriyada b\u0259st\u0259karl\u0131q fak\u00fclt\u0259sind\u0259 mahn\u0131dan s\u00f6hb\u0259t getmir ax\u0131, orda \u00dczeyir b\u0259yd\u0259n ba\u015flay\u0131r prel\u00fcdalar, pyesl\u0259r, polifonik musiqisi, sonatalar, simfonik poemalar, t\u0259dric\u0259n b\u00f6y\u00fck h\u0259cmli musiql\u0259r \u00f6yr\u0259dil\u0259r, diplom i\u015fi is\u0259 b\u00f6y\u00fck h\u0259cmli \u0259s\u0259r olmal\u0131d\u0131r. Amma \u00e7ox b\u0259st\u0259karlar\u0131m\u0131z olub, Fikr\u0259t \u018fmirov, S\u0259id R\u00fcst\u0259mov&#8230; Yad\u0131ma g\u0259lir, bir g\u00fcn Tofiq Quliyev Emin Sabito\u011fluna dedi ki, s\u0259n\u0259 laz\u0131m deyil b\u00f6y\u00fck h\u0259cmli \u0259s\u0259r yazmaq, s\u0259n o q\u0259d\u0259r g\u00f6z\u0259l mahn\u0131lar yaz\u0131rsan ki, onunla m\u0259\u015f\u011ful ol, o s\u0259n\u0259 \u015f\u0259r\u0259f v\u0259 g\u00f6z\u0259llik g\u0259tir\u0259c\u0259k. Emin Sabito\u011flu konservatoriyan\u0131 Moskvada bitirmi\u015fdi. H\u0259r bir b\u0259st\u0259kar \u00f6z yolunu tap\u0131r.\n<\/p>\n<p>\n  <i><br \/>\n    &#8211; Ancaq onunla raz\u0131la\u015fars\u0131n\u0131z ki, b\u00fct\u00fcn xalq akademik musiqini dinl\u0259y\u0259 bilm\u0259z, onun bir hiss\u0259si baya\u011f\u0131, dig\u0259r hiss\u0259si toy mahn\u0131lar\u0131, qalan\u0131 mu\u011fam\u0131, saz\u0131 dinl\u0259y\u0259r. Y\u0259ni b\u00fct\u00fcn xalqdan akademik musiqini dinl\u0259m\u0259k t\u0259l\u0259b etm\u0259k d\u0259 olmaz, do\u011frudurmu?<br \/>\n  <\/i>\n<\/p>\n<p>\n  &#8211; M\u0259s\u0259l\u0259n, G\u00fcrc\u00fcstan. Orda he\u00e7 n\u0259 d\u0259yi\u015fm\u0259yib, xalq v\u0259 estrada mahn\u0131lar\u0131 yerind\u0259dir, 30 il \u0259vv\u0259l nec\u0259ydis\u0259, el\u0259 d\u0259 qal\u0131b. Bizd\u0259 \u0259ksin\u0259, d\u0259yi\u015fdi.\n<\/p>\n<p>\n  &#8211;<br \/>\n  <i><br \/>\n    D\u0259yi\u015fdi, y\u0259ni baya\u011f\u0131la\u015fd\u0131?<br \/>\n  <\/i>\n<\/p>\n<p>\n  &#8211; B\u0259li, baya\u011f\u0131la\u015fd\u0131. B\u00fct\u00fcn Qafqaz xalqlar\u0131 bizim musiqimizi m\u0259nims\u0259yib, ham\u0131s\u0131 oxuyur, b\u0259dnam qon\u015fular\u0131m\u0131z da. M\u0259n haz\u0131rda \u018fqli M\u00fclkiyy\u0259t Agentliyinin \u0130dar\u0259 Hey\u0259tinin s\u0259dri, professor Kamran \u0130manovun m\u0259sl\u0259h\u0259t\u00e7isiy\u0259m, biz \u201cYoutube\u201dda, qon\u015fular\u0131n televiziya kanallar\u0131nda yay\u0131lan mahn\u0131lar\u0131 dinl\u0259yirik. Bu yax\u0131nlarda s\u00f6zl\u0259ri \u018fhm\u0259d Cavad\u0131n, musiqisi \u00dczeyir b\u0259yin \u201c\u00c7\u0131rp\u0131n\u0131rd\u0131 Qara d\u0259niz\u201d mahn\u0131s\u0131n\u0131 Avraam Ruso kaman\u00e7a vasit\u0259sil\u0259 ifa edirdi, s\u00f6zl\u0259ri d\u0259 Kamitas\u0131n, o c\u00fcml\u0259d\u0259n, \u201cUzun d\u0259r\u0259\u201d, \u201cAman Tello\u201d, \u201cK\u00f6hn\u0259 Bak\u0131\u201d r\u0259qsl\u0259ri, nota k\u00f6\u00e7\u00fcrd\u00fckd\u0259, kiloqramlarla mahn\u0131 ed\u0259r.\n<\/p>\n<p>\n  <i><br \/>\n    &#8211; Bunlar\u0131 beyn\u0259lxalq s\u0259viyy\u0259d\u0259 qald\u0131ra bilmisinizmi?<br \/>\n  <\/i>\n<\/p>\n<p>\n  &#8211; G\u00fcc\u00fcm\u00fcz yaln\u0131z etiraza \u00e7at\u0131r, halbuki, \u00fc\u00e7\u00fcnc\u00fc hakim qurum olmal\u0131d\u0131r ki, bunlar\u0131 dan\u0131\u015faq. Rusiyada ORT-nin \u201cMayak\u201d radiosunda b\u00fct\u00fcn b\u0259st\u0259karlar\u0131n mahn\u0131lar\u0131 var. M\u0259s\u0259l\u0259n, orda kartotekada \u201cS\u0259n\u0259 d\u0259 qalmaz\u201d mahn\u0131s\u0131 Tofiq Quliyevin ad\u0131na qeyd olunub, amma qon\u015fular\u0131m\u0131z istinad etm\u0259d\u0259n oxuyurlar. Ba\u015fqa mahn\u0131lar\u0131 da, m\u0259nim d\u0259 mahn\u0131lar\u0131m\u0131. Yaxud \u201cMir\u201d telekanal\u0131nda a\u015fpaz deyib \u201cdolma Az\u0259rbaycan m\u0259tb\u0259xidir\u201d, ax\u015fam h\u0259min hiss\u0259ni k\u0259sdil\u0259r v\u0259 bad\u0131mcan dolmas\u0131n\u0131 erm\u0259ni m\u0259tb\u0259xind\u0259 verdil\u0259r.\n<\/p>\n<p>\n  <i><br \/>\n    &#8211; G\u0259lin, s\u00f6hb\u0259timizi dolma s\u0259viyy\u0259sin\u0259 endirm\u0259y\u0259k. Yeni m\u00fc\u011f\u0259nnil\u0259rd\u0259n kiml\u0259ri dinl\u0259yirsiz?<br \/>\n  <\/i>\n<\/p>\n<p>\n  &#8211; S\u00f6z\u00fcn do\u011frusu, \u00e7ox dinl\u0259mir\u0259m, yar\u0131m d\u0259qiq\u0259d\u0259 bilir\u0259m musiqini, ba\u015flan\u011f\u0131cda hiss edir\u0259m. T\u0259bii ki, Az\u0259rbaycanda istedadl\u0131 oxuyanlar var. 1994-c\u00fc ild\u0259 \u201cAz\u0259ristar\u201d musiqi yar\u0131\u015fmas\u0131 oldu, sonra ATV kanal\u0131nda davam\u0131 oldu, \u00e7oxlu istedadl\u0131 q\u0131zlar v\u0259 o\u011flanlar g\u0259ldi. M\u0259s\u0259l\u0259n, bu g\u00fcn Zabit\u0259 Al\u0131yeva, Ay\u015f\u0259m Mehdiyev, h\u0259r ikisiyl\u0259 i\u015fl\u0259m\u0259k maraql\u0131d\u0131r, istedadl\u0131 u\u015faqlard\u0131r.\n<\/p>\n<p>\n  <i><br \/>\n    &#8211; Faiq A\u011fayevl\u0259, Ayg\u00fcn Kaz\u0131movan\u0131n son d\u00f6vrl\u0259r ifa etdikl\u0259ri mahn\u0131lar haqq\u0131nda n\u0259 dey\u0259 bil\u0259rsiz?<br \/>\n  <\/i>\n<\/p>\n<p>\n  &#8211; T\u0259bii, m\u0259n Ayg\u00fcn Kaz\u0131movaya mahn\u0131 da vermi\u015f\u0259m, \u201cDola m\u0259n\u0259 qolunu\u201d. Ayg\u00fcn Kaz\u0131mova \u00e7ox \u00e7\u0259tin yollarla g\u0259lib musiqiy\u0259, o, pe\u015f\u0259kard\u0131r, \u201cB\u00f6y\u00fck Kreml Saray\u0131\u201dnda oxuyub. R\u0259\u015fid Behbudov deyirdi ki, \u201ch\u0259r oxuyanda v\u0259t\u0259ni t\u0259r\u0259nn\u00fcm etmi\u015f\u0259m\u201d, olub ki, mikrafon xarab olub, amma yen\u0259 davam edib. 1957-ci ild\u0259 R\u0259\u015fid Behbudov Fikr\u0259t \u018fmirovun \u201cSevil\u201d tama\u015fas\u0131nda 8 d\u0259f\u0259 s\u0259hn\u0259y\u0259 \u00e7\u0131x\u0131b, b\u00fct\u00fcn Bak\u0131 Bala\u015f\u0131n ariyas\u0131n\u0131 oxuyurdu. Yaxud \u015e\u00f6hk\u0259t xan\u0131m, Elmira R\u0259himova, b\u00fct\u00fcn \u00e7\u0259tin mahn\u0131lar\u0131 oxuyurdu. Flora K\u0259rimova &#8211; kino musiqil\u0259ri onluq idi. \u0130lhama Quliyeva, bunlar f\u0259dakar idi. G\u00fcla\u011fa M\u0259mm\u0259dov, a\u011f\u0131r \u015f\u0259k\u0259ri vard\u0131, g\u00f6zl\u0259rin\u0259 d\u0259 t\u0259sir etmi\u015fdi, bir d\u0259f\u0259 eyn\u0259yi tullad\u0131 ki, imtina edir\u0259m, konsertd\u0259 davam etm\u0259liyik.\n<\/p>\n<p>\n  <i><br \/>\n    &#8211; Az\u0259rbaycanda b\u0259st\u0259karl\u0131q t\u0259hsilinin durumu nec\u0259dir? M\u0259s\u0259l\u0259n, sizin \u00f6z\u00fcn\u00fcz oxudu\u011funuz kafedrada \u00f6yr\u0259ndikl\u0259riniz n\u0259 d\u0259r\u0259c\u0259d\u0259 i\u015finiz\u0259 yarad\u0131? Bu m\u0259nada t\u0259hsild\u0259 siz\u0259 \u00f6yr\u0259dil\u0259n laz\u0131m olubmu v\u0259 indiki v\u0259ziyy\u0259td\u0259n x\u0259b\u0259riniz varm\u0131?<br \/>\n  <\/i>\n<\/p>\n<p>\n  &#8211; Durum eynidir: m\u00fc\u0259llim, t\u0259l\u0259b\u0259 v\u0259 t\u0259dris. Zeynal V\u0259fan\u0131n \u201cKiml\u0259r g\u0259ldi, kiml\u0259r getdi\u201d s\u00f6zl\u0259rini xat\u0131rlayaq, orda Qara Qarayev d\u0259rs deyib, C\u00f6vd\u0259t Hac\u0131yev, X\u0259yyam Mirz\u0259zad\u0259, Cahangir Cahangirov, Emin Sabito\u011flu d\u0259rs deyirdi. Qara Qarayevin h\u0259r bir d\u0259rsi m\u00f6c\u00fcz\u0259ydi, Soltan Hac\u0131yev, C\u00f6vd\u0259t Hac\u0131yev &#8211; onlar musiqinin texnikas\u0131n\u0131 \u00f6yr\u0259dirl\u0259r. Polifonik musiqini yazandan sonra s\u0259n \u015fahmat\u0131 yax\u015f\u0131 oynama\u011fa bacar\u0131rsan, ba\u015fdan aya\u011fa riyaziyyatd\u0131r. Musiqi \u00e7\u0259tin s\u0259n\u0259tdir. M\u0259n As\u0259f Zeynall\u0131 ad\u0131na m\u0259kt\u0259bi piano\u00e7u kimi bitirmi\u015f\u0259m, 6 saat pianinonun arxas\u0131nda oturmaq olar? \u00d6z\u00fc d\u0259 yay vaxt\u0131, Bak\u0131da, qammalar \u00e7almaq h\u0259r ki\u015finin i\u015fi deyil. Onun \u00fc\u00e7\u00fcn Kiprd\u0259 xan\u0131m Missilinda heyr\u0259tl\u0259nmi\u015fdi d\u0259. M\u0259n, k\u00fc\u00e7\u0259d\u0259n \u00e7\u0131xm\u0131\u015f o\u011flan, \u201c\u015eamaxinka\u201dda ya\u015fayan o\u011flan, oxuyurdum, 7 ya\u015f\u0131mdan evd\u0259n \u00e7\u00f6l\u0259 \u00e7\u0131xm\u0131rd\u0131m, halbuki, dostlar\u0131m \u00e7\u00f6ld\u0259 futbol oynay\u0131rd\u0131. Bel\u0259likl\u0259, 18 ya\u015f\u0131mda \u201cAz\u0259rbaycan\u201d kinoteatr\u0131nda orkestrd\u0259 \u00e7alma\u011fa ba\u015fald\u0131m, kiml\u0259r g\u0259lmirdi ora. 20 ya\u015f\u0131mda estradaya g\u0259ldim, Vaqif Mustafazad\u0259, \u201cQaya\u201d, Anatolu Q\u0259niyev, G\u00fcla\u011fa M\u0259mm\u0259dov, M\u00fcsl\u00fcm Maqomayev, ham\u0131s\u0131 il\u0259 t\u0259masdayd\u0131m. Sonra oranj\u0131man\u00e7\u0131 kimi i\u015fl\u0259dim, konservatoriyan\u0131 bitir\u0259nd\u0259n sonra s\u0131rf yarad\u0131c\u0131l\u0131qla m\u0259\u015f\u011ful oldum.\n<\/p>\n<p>\n  <i><br \/>\n    &#8211; \u0130ndi b\u0259st\u0259karl\u0131q d\u0259rsl\u0259ri nec\u0259dir, x\u0259b\u0259riniz varm\u0131?<br \/>\n  <\/i>\n<\/p>\n<p>\n  &#8211; Yen\u0259 deyir\u0259m, Qara Qarayev v\u0259 dig\u0259rl\u0259ri yoxdur. Amma h\u0259min t\u0259dris, bilik qal\u0131b v\u0259 Qarayevd\u0259n, Aq\u015fin \u018flizad\u0259d\u0259n v\u0259 dig\u0259rl\u0259rind\u0259n d\u0259rs alanlar ordad\u0131r. T\u0259bii ki, onlar davam\u00e7\u0131d\u0131rlar.\n<\/p>\n<p>\n  &#8211;<br \/>\n  <i><br \/>\n    Niy\u0259 bu m\u0259s\u0259l\u0259nin \u00fcz\u0259rind\u0259 qal\u0131ram, s\u0259b\u0259bini deyim. H\u0259r il Bak\u0131 Musiqi Akademiyas\u0131 2-3 b\u0259st\u0259kar istehsal edir, el\u0259 1-2 n\u0259f\u0259r d\u0259 Milli Konservatoriya. H\u0259r halda 5-6 n\u0259f\u0259r az deyil. Onlara h\u0259min t\u0259hsil ocaqlar\u0131 n\u0259 \u00f6yr\u0259dir v\u0259 bunlar k\u00f6m\u0259k edirmi, y\u0259ni laz\u0131ml\u0131, g\u0259r\u0259kli \u015feyl\u0259r \u00f6yr\u0259dirl\u0259rmi? M\u0259s\u0259l\u0259 ondad\u0131r ki, sonradan bunlar yoxa \u00e7\u0131x\u0131rlar. Bu m\u0259nada yeni b\u0259st\u0259karlardan kiml\u0259rins\u0259 ad\u0131n\u0131 \u00e7\u0259k\u0259 bil\u0259rsinizmi?<br \/>\n  <\/i>\n<\/p>\n<p>\n  &#8211; H\u0259r b\u0259st\u0259karl\u0131q fak\u00fclt\u0259sini bitir\u0259n b\u0259st\u0259kar olmur, o, b\u0259st\u0259kard\u0131r, Konservatoriyan\u0131 5 qiym\u0259ti il\u0259 bitirib, o dem\u0259k deyil ki&#8230; M\u0259s\u0259l\u0259n, o ba\u015flay\u0131r simfonik musiqi yaz\u0131r, yaxud musiqi m\u0259kt\u0259bind\u0259 d\u0259rs deyir. Bethovenin v\u0259 Bax\u0131n 3 o\u011flu olub, ham\u0131s\u0131 b\u0259st\u0259kar olub, amma atalar\u0131 kimi olmay\u0131blar. O c\u00fcml\u0259d\u0259n, bizim n\u0259h\u0259ng b\u0259st\u0259karlar, onlar\u0131n da bir ne\u00e7\u0259sinin \u00f6vladlar\u0131 b\u0259st\u0259kard\u0131r, amma tan\u0131nm\u0131r. \u0130nanmay\u0131n bel\u0259 \u015fey\u0259, atas\u0131 n\u0259h\u0259ng olubsa, \u00f6vlad\u0131 da el\u0259 olmal\u0131 deyil.\n<\/p>\n<p>\n  <i><br \/>\n    &#8211; M\u0259n demir\u0259m ki, n\u0259h\u0259ng olsunlar, amma bunlar m\u0259kt\u0259b bitirirl\u0259r, az deyil, 5 n\u0259f\u0259rd\u0259n 2-si b\u0259st\u0259kar olmal\u0131 deyilmi?<br \/>\n  <\/i>\n<\/p>\n<p>\n  &#8211; H\u0259r bir m\u00fch\u0259ndis m\u0259kt\u0259bini bitir\u0259n g\u00f6z\u0259l m\u00fch\u0259ndis ola bil\u0259rmi? Yaxud Tibb Universitetini bitir\u0259n 10 n\u0259f\u0259rd\u0259n ikisi m\u0259\u015fhur h\u0259kim ola bilir. M\u0259s\u0259l\u0259 ondad\u0131r ki, m\u0259nim g\u00f6z\u0259l m\u0259kt\u0259bim olub v\u0259 \u00e7ox adamla i\u015fl\u0259mi\u015f\u0259m.\n<\/p>\n<p>\n  &#8211;<br \/>\n  <i><br \/>\n    Nazirl\u0259r Kabinetinin 2006-c\u0131 ild\u0259 t\u0259sdiql\u0259diyi b\u0259st\u0259karlar\u0131n \u0259s\u0259rl\u0259rin\u0259 g\u00f6r\u0259 \u00f6d\u0259n\u0259n qonorar c\u0259dv\u0259li var. B\u0259s d\u00f6vl\u0259t sizd\u0259n \u0259s\u0259r al\u0131rm\u0131 v\u0259 qiym\u0259tl\u0259rl\u0259 raz\u0131s\u0131n\u0131zm\u0131?<br \/>\n  <\/i>\n<\/p>\n<p>\n  &#8211; Son zamanlar al\u0131\u015f bir balaca \u00e7\u0259tinl\u0259\u015fib, bilirsiniz ki, m\u00fcharib\u0259d\u0259n \u00e7\u0131xm\u0131\u015f d\u00f6vl\u0259tik. Amma m\u00fc\u0259llif h\u00fcquqlar\u0131ndan g\u0259lir olur, tama\u015falardan, konsertl\u0259rd\u0259n, t\u0259dric\u0259n teatrlar a\u00e7\u0131l\u0131r, mexanizm i\u015fl\u0259m\u0259y\u0259 ba\u015flay\u0131b. Dediyiniz m\u0259bl\u0259\u011f bir az azd\u0131r, m\u0259n yen\u0259 d\u0259 ir\u0259liy\u0259 \u00fcmidl\u0259r bax\u0131ram. M\u0259s\u0259l\u0259n, operetta yazm\u0131\u015fam, zal y\u0131\u011f\u0131l\u0131r, dig\u0259r musiqil\u0259r \u00e7al\u0131n\u0131r, bunlar\u0131n ham\u0131s\u0131n\u0131 izl\u0259m\u0259k \u00e7\u0259tindir, konsert idar\u0259l\u0259ri yazm\u0131rlar, vermirl\u0259r, xo\u015fag\u0259lm\u0259y\u0259n i\u015fl\u0259r var. Amma t\u0259dric\u0259n bunlar \u00f6z yerini tutacaq.\n<\/p>\n<p>\n  <i><br \/>\n    &#8211; M\u0259s\u0259l\u0259 ondad\u0131r ki, c\u0259dv\u0259l 2006-c\u0131 ild\u0259 t\u0259sdiql\u0259nib v\u0259 ondan sonra 2 d\u0259f\u0259 devalvasiya olub. Bu m\u0259s\u0259l\u0259ni qald\u0131r\u0131b qiym\u0259t c\u0259dv\u0259l\u0259rind\u0259 d\u0259yi\u015fiklikl\u0259r etm\u0259y\u0259 ehtiyac varm\u0131? V\u0259 bu d\u00f6vrd\u0259 d\u0259f\u0259l\u0259rl\u0259 kommunal qiym\u0259tl\u0259r art\u0131b. Bu qiym\u0259tl\u0259r sizi raz\u0131 sal\u0131rm\u0131?<br \/>\n  <\/i>\n<\/p>\n<p>\n  &#8211; M\u0259s\u0259l\u0259 ondad\u0131r ki, he\u00e7 kim bahala\u015fmadan raz\u0131 qalm\u0131r, amma ya\u015fay\u0131r\u0131q, yarad\u0131r\u0131q, m\u00fcharib\u0259d\u0259n \u00e7\u0131xm\u0131\u015f bir d\u00f6vl\u0259tik. M\u0259n x\u0131rdalam\u0131ram, h\u0259rbi sursatlara n\u0259 q\u0259d\u0259r x\u0259rc \u00e7\u0259kilib, Allah \u015f\u0259hidl\u0259rimiz\u0259 r\u0259hm\u0259t etsin. Mayda t\u0259hl\u00fck\u0259sizlik naziri (DTX r\u0259hb\u0259ri n\u0259z\u0259rd\u0259 tutulir \u2013 red) \u018fli Na\u011f\u0131yevin m\u00fcraci\u0259ti il\u0259 xor \u00fc\u00e7\u00fcn general Polad H\u0259\u015fimov haqda \u201cPa\u015fam heyy\u201d mar\u015f\u0131n yazd\u0131m, \u015e\u0259mistan \u018flizamanl\u0131 da d\u0259v\u0259t olunub.\n<\/p>\n<p>\n  <i><br \/>\n    &#8211; \u201cSar\u0131 g\u0259lin\u201din ilk oranjirovkas\u0131 sizin say\u0131l\u0131r v\u0259 Akif \u0130slamzad\u0259 d\u0259 oxuyub. O, oxuyandan sonra mahn\u0131 olub Az\u0259rbaycan mahn\u0131s\u0131. Amma h\u0259min vaxta q\u0259d\u0259r &quot;Sar\u0131 g\u0259lin&quot; n\u0259 xalq mahn\u0131s\u0131 kitab\u0131nda qeyd\u0259 al\u0131n\u0131b, n\u0259 d\u0259 kims\u0259 oxuyub. \u018fvv\u0259ll\u0259r bu mahn\u0131 \u00e7ap olunubmu?<br \/>\n  <\/i>\n<\/p>\n<p>\n  &#8211; H\u0259min oranjirovkadan sonra Arif M\u0259likov m\u0259ni \u00e7a\u011f\u0131rd\u0131 ki, Niyazi s\u0259ni axtar\u0131r. G\u0259ldim kabinetin\u0259, dedi ki, \u201cs\u0259nin n\u0259 ixtiyar\u0131n var \u201cSar\u0131 g\u0259lin\u201di oranjirovka etmis\u0259n, ba\u015fa d\u00fc\u015f\u00fcrs\u0259n bu xalq mahn\u0131s\u0131d\u0131r, \u00e7ox diqq\u0259tli olmaq laz\u0131md\u0131r?\u201d Dedim: \u201cMaestro, bir d\u0259qiq\u0259, xo\u015funuza g\u0259ldimi?\u201d Cavab verdi ki, xo\u015fuma g\u0259ldi, amma bu xalq mahn\u0131s\u0131d\u0131r. Do\u011frudan da, m\u0259n onu sintez etmi\u015fdim, orkestrl\u0259 balaban \u00e7al\u0131rd\u0131.\n<\/p>\n<p>\n  &#8211;<br \/>\n  <i><br \/>\n    Ancaq xalq mahn\u0131s\u0131 toplusunda bu mahn\u0131 yox idi&#8230;<br \/>\n  <\/i>\n<\/p>\n<p>\n  &#8211; Mahn\u0131n\u0131n ba\u015flan\u011f\u0131c\u0131n\u0131 v\u0259 ortas\u0131n\u0131 yazm\u0131\u015fd\u0131m, Cavan\u015fir Quliyev s\u0259s rejissoru idi (Mahn\u0131n\u0131 ifa edir).\n<\/p>\n<p>\n  &#8211;<br \/>\n  <i><br \/>\n    Kitablarda olmay\u0131bsa, hardan tap\u0131b oranjirovka etdiniz?<br \/>\n  <\/i>\n<\/p>\n<p>\n  &#8211; He\u00e7 kim Akif \u0130slamzad\u0259 kimi \u201cSar\u0131 g\u0259lin\u201di oxumam\u0131\u015fd\u0131, o q\u0259d\u0259r yan\u011f\u0131l\u0131 oxudu ki. Tarz\u0259n Hac\u0131 M\u0259mm\u0259dov ona heyr\u0259tl\u0259 bax\u0131rd\u0131. Akif \u0130slamzad\u0259y\u0259 h\u0259sr olunmu\u015f gec\u0259d\u0259 \u00f6z\u00fcn\u0259 dedim ki, ill\u0259r ke\u00e7\u0259c\u0259k g\u0259ncl\u0259r onu dinl\u0259y\u0259c\u0259k.\n<\/p>\n<p>\n  <i><br \/>\n    &#8211; 70-ci ill\u0259rd\u0259 Az\u0259rbaycan b\u0259st\u0259karlar\u0131 aras\u0131nda t\u00fcrk radiolar\u0131ni dinl\u0259m\u0259k trendi olub, x\u00fcsus\u0259n Cavan\u015fir Quliyev, Emin Sabito\u011flu, siz. V\u0259 bu dinl\u0259m\u0259 sizin v\u0259 h\u0259mkarlar\u0131n\u0131z\u0131n yarad\u0131c\u0131l\u0131\u011f\u0131na t\u0259sirsiz \u00f6t\u00fc\u015fm\u0259yib. \u00c7ox g\u00fcman ki, radiolar\u0131n birind\u0259 \u201cSar\u0131 g\u0259lin\u201di e\u015fidibsiniz, bel\u0259 olubmu?<br \/>\n  <\/i>\n<\/p>\n<p>\n  &#8211; Yox, xalq mahn\u0131s\u0131d\u0131r.\n<\/p>\n<p>\n  &#8211;<br \/>\n  <i><br \/>\n    Amma xalq mahn\u0131s\u0131 kitablar\u0131nda yoxdur&#8230;<br \/>\n  <\/i>\n<\/p>\n<p>\n  &#8211; \u00dcmumiyy\u0259tl\u0259, xalq mahn\u0131lar\u0131 il\u0259 ba\u011fl\u0131 iki kitab var, birinin redaktoru Fikr\u0259t \u018fmirovdur, o birininki S\u0259id R\u00fcst\u0259mov. Bu mahn\u0131 \u00e7ox m\u00fcqayis\u0259li \u015feydir, qon\u015fular\u0131m\u0131z \u00f6zl\u0259rinki say\u0131r, onlar\u0131nk\u0131 deyil, \u00fcmumiyy\u0259tl\u0259, qon\u015fular\u0131n musiqid\u0259 n\u0259l\u0259ri var, bizd\u0259n g\u0259lib. \u0130kinci, \u201cQaragil\u0259\u201d mahn\u0131s\u0131. Dem\u0259li, Hac\u0131 M\u0259mm\u0259dovla Niyazi 1941-ci ild\u0259 \u0130rana gedibl\u0259r, t\u0259sad\u00fcf\u0259n orda e\u015fidibl\u0259r v\u0259 b\u00f6y\u00fck dirijor onu nota k\u00f6\u00e7\u00fcr\u00fcb v\u0259 \u015e\u00f6vk\u0259t xan\u0131m da onun 70 illiyind\u0259 oxuyub. Niyazi onu Avropa musiqisi il\u0259 sintez etmi\u015fdi.\n<\/p>\n<p>\n  <i><br \/>\n    &#8211; B\u0259s \u201cSar\u0131 g\u0259lin\u201d dediyiniz iki kitabda vard\u0131m\u0131?<br \/>\n  <\/i>\n<\/p>\n<p>\n  &#8211; Onu Akif \u0130slamzad\u0259 g\u0259tirdi.\n<\/p>\n<p>\n  <i><br \/>\n    &#8211; Haradan?<br \/>\n  <\/i>\n<\/p>\n<p>\n  &#8211; Xalq mahn\u0131s\u0131yd\u0131 da, \u00e7ox xalq mahn\u0131lar\u0131m\u0131z var ki, bu g\u00fcn oxunmur. H\u0259rd\u0259n mu\u011fam ifa\u00e7\u0131lar\u0131 t\u0259snif kimi oxuyurlar.\n<\/p>\n<p>\n  <i><br \/>\n    &#8211; Bir d\u0259 deyirl\u0259r ki, Akif \u0130slamzad\u0259 \u201cAnama deyin&#8230;\u201d mahn\u0131s\u0131n\u0131n musiqisini \u00f6z\u00fc t\u00fcrk radiolar\u0131ndan e\u015fidib&#8230;<br \/>\n  <\/i>\n<\/p>\n<p>\n  &#8211; Qlinka deyirdi ki, b\u0259st\u0259karlar xalq topluluqlar\u0131n\u0131 g\u00f6t\u00fcr\u00fcb b\u0259st\u0259l\u0259yirl\u0259r. H\u0259r bir b\u0259st\u0259kar milli olmal\u0131d\u0131r, amma bilm\u0259lidir AB\u015e-da n\u0259 yaz\u0131rlar, hans\u0131 ladda, yaxud T\u00fcrkiy\u0259d\u0259, bunlar\u0131 bilm\u0259lidir, \u00e7\u00fcnki s\u0259n\u0259ti bel\u0259 t\u0259l\u0259b edir.<\/p>\n","protected":false},"excerpt":{"rendered":"<p>Telekanllarda baya\u011f\u0131 musiqil\u0259rd\u0259n \u015fikay\u0259tl\u0259n\u0259nl\u0259r az deyil, onlardan biri d\u0259 b\u0259st\u0259kar Faiq S\u00fcc\u0259ddinovdur. Faiq m\u00fc\u0259lliml\u0259 s\u00f6hb\u0259timizd\u0259 yaln\u0131z bu m\u0259s\u0259l\u0259yl\u0259 deyil, musiqi t\u0259hsili, b\u0259st\u0259karl\u0131q v\u0259 dig\u0259r sual yaradan m\u0259qamlara toxunduq.<\/p>\n","protected":false},"author":11,"featured_media":207945,"comment_status":"closed","ping_status":"open","sticky":false,"template":"","format":"standard","meta":{"_acf_changed":false,"_sitemap_exclude":false,"_sitemap_priority":"","_sitemap_frequency":"","footnotes":""},"categories":[63],"tags":[],"class_list":["post-211983","post","type-post","status-publish","format-standard","has-post-thumbnail","hentry","category-video-2","infinite-scroll-item","generate-columns","tablet-grid-50","mobile-grid-100","grid-parent","grid-33","no-featured-image-padding"],"acf":[],"yoast_head":"<!-- This site is optimized with the Yoast SEO plugin v27.5 - https:\/\/yoast.com\/product\/yoast-seo-wordpress\/ -->\n<title>Faiq S\u00fcc\u0259ddinov: H\u0259r b\u0259st\u0259karl\u0131q fak\u00fclt\u0259sini bitir\u0259n b\u0259st\u0259kar olmur - MEYDAN.TV<\/title>\n<meta name=\"robots\" content=\"index, follow, max-snippet:-1, max-image-preview:large, max-video-preview:-1\" \/>\n<link rel=\"canonical\" href=\"https:\/\/www.meydan.tv\/az\/article\/faiq-suceddinov-her-bestekarliq-fakultesini-bitiren-bestekar-olmur\/\" \/>\n<meta property=\"og:locale\" content=\"az_AZ\" \/>\n<meta property=\"og:type\" content=\"article\" \/>\n<meta property=\"og:title\" content=\"Faiq S\u00fcc\u0259ddinov: H\u0259r b\u0259st\u0259karl\u0131q fak\u00fclt\u0259sini bitir\u0259n b\u0259st\u0259kar olmur - MEYDAN.TV\" \/>\n<meta property=\"og:description\" content=\"Telekanllarda baya\u011f\u0131 musiqil\u0259rd\u0259n \u015fikay\u0259tl\u0259n\u0259nl\u0259r az deyil, onlardan biri d\u0259 b\u0259st\u0259kar Faiq S\u00fcc\u0259ddinovdur. Faiq m\u00fc\u0259lliml\u0259 s\u00f6hb\u0259timizd\u0259 yaln\u0131z bu m\u0259s\u0259l\u0259yl\u0259 deyil, musiqi t\u0259hsili, b\u0259st\u0259karl\u0131q v\u0259 dig\u0259r sual yaradan m\u0259qamlara toxunduq.\" \/>\n<meta property=\"og:url\" content=\"https:\/\/www.meydan.tv\/az\/article\/faiq-suceddinov-her-bestekarliq-fakultesini-bitiren-bestekar-olmur\/\" \/>\n<meta property=\"og:site_name\" content=\"MEYDAN.TV\" \/>\n<meta property=\"article:published_time\" content=\"2021-07-14T13:42:46+00:00\" \/>\n<meta property=\"og:image\" content=\"https:\/\/www.meydan.tv\/wp-content\/uploads\/photo_2021-07-14_11.47.56.jpeg\" \/>\n\t<meta property=\"og:image:width\" content=\"1280\" \/>\n\t<meta property=\"og:image:height\" content=\"960\" \/>\n\t<meta property=\"og:image:type\" content=\"image\/jpeg\" \/>\n<meta name=\"author\" content=\"user-manager\" \/>\n<meta name=\"twitter:card\" content=\"summary_large_image\" \/>\n<script type=\"application\/ld+json\" class=\"yoast-schema-graph\">{\"@context\":\"https:\\\/\\\/schema.org\",\"@graph\":[{\"@type\":\"Article\",\"@id\":\"https:\\\/\\\/www.meydan.tv\\\/az\\\/article\\\/faiq-suceddinov-her-bestekarliq-fakultesini-bitiren-bestekar-olmur\\\/#article\",\"isPartOf\":{\"@id\":\"https:\\\/\\\/www.meydan.tv\\\/az\\\/article\\\/faiq-suceddinov-her-bestekarliq-fakultesini-bitiren-bestekar-olmur\\\/\"},\"author\":{\"name\":\"user-manager\",\"@id\":\"https:\\\/\\\/www.meydan.tv\\\/az\\\/#\\\/schema\\\/person\\\/10d11eccf6da3662cf5fdab9806ea91a\"},\"headline\":\"Faiq S\u00fcc\u0259ddinov: H\u0259r b\u0259st\u0259karl\u0131q fak\u00fclt\u0259sini bitir\u0259n b\u0259st\u0259kar olmur\",\"datePublished\":\"2021-07-14T13:42:46+00:00\",\"mainEntityOfPage\":{\"@id\":\"https:\\\/\\\/www.meydan.tv\\\/az\\\/article\\\/faiq-suceddinov-her-bestekarliq-fakultesini-bitiren-bestekar-olmur\\\/\"},\"wordCount\":3379,\"publisher\":{\"@id\":\"https:\\\/\\\/www.meydan.tv\\\/az\\\/#organization\"},\"image\":{\"@id\":\"https:\\\/\\\/www.meydan.tv\\\/az\\\/article\\\/faiq-suceddinov-her-bestekarliq-fakultesini-bitiren-bestekar-olmur\\\/#primaryimage\"},\"thumbnailUrl\":\"https:\\\/\\\/www.meydan.tv\\\/wp-content\\\/uploads\\\/photo_2021-07-14_11.47.56.jpeg\",\"articleSection\":[\"Video\"],\"inLanguage\":\"az\"},{\"@type\":\"WebPage\",\"@id\":\"https:\\\/\\\/www.meydan.tv\\\/az\\\/article\\\/faiq-suceddinov-her-bestekarliq-fakultesini-bitiren-bestekar-olmur\\\/\",\"url\":\"https:\\\/\\\/www.meydan.tv\\\/az\\\/article\\\/faiq-suceddinov-her-bestekarliq-fakultesini-bitiren-bestekar-olmur\\\/\",\"name\":\"Faiq S\u00fcc\u0259ddinov: H\u0259r b\u0259st\u0259karl\u0131q fak\u00fclt\u0259sini bitir\u0259n b\u0259st\u0259kar olmur - MEYDAN.TV\",\"isPartOf\":{\"@id\":\"https:\\\/\\\/www.meydan.tv\\\/az\\\/#website\"},\"primaryImageOfPage\":{\"@id\":\"https:\\\/\\\/www.meydan.tv\\\/az\\\/article\\\/faiq-suceddinov-her-bestekarliq-fakultesini-bitiren-bestekar-olmur\\\/#primaryimage\"},\"image\":{\"@id\":\"https:\\\/\\\/www.meydan.tv\\\/az\\\/article\\\/faiq-suceddinov-her-bestekarliq-fakultesini-bitiren-bestekar-olmur\\\/#primaryimage\"},\"thumbnailUrl\":\"https:\\\/\\\/www.meydan.tv\\\/wp-content\\\/uploads\\\/photo_2021-07-14_11.47.56.jpeg\",\"datePublished\":\"2021-07-14T13:42:46+00:00\",\"breadcrumb\":{\"@id\":\"https:\\\/\\\/www.meydan.tv\\\/az\\\/article\\\/faiq-suceddinov-her-bestekarliq-fakultesini-bitiren-bestekar-olmur\\\/#breadcrumb\"},\"inLanguage\":\"az\",\"potentialAction\":[{\"@type\":\"ReadAction\",\"target\":[\"https:\\\/\\\/www.meydan.tv\\\/az\\\/article\\\/faiq-suceddinov-her-bestekarliq-fakultesini-bitiren-bestekar-olmur\\\/\"]}]},{\"@type\":\"ImageObject\",\"inLanguage\":\"az\",\"@id\":\"https:\\\/\\\/www.meydan.tv\\\/az\\\/article\\\/faiq-suceddinov-her-bestekarliq-fakultesini-bitiren-bestekar-olmur\\\/#primaryimage\",\"url\":\"https:\\\/\\\/www.meydan.tv\\\/wp-content\\\/uploads\\\/photo_2021-07-14_11.47.56.jpeg\",\"contentUrl\":\"https:\\\/\\\/www.meydan.tv\\\/wp-content\\\/uploads\\\/photo_2021-07-14_11.47.56.jpeg\",\"width\":1280,\"height\":960,\"caption\":\"Source: Meydan.TV\"},{\"@type\":\"BreadcrumbList\",\"@id\":\"https:\\\/\\\/www.meydan.tv\\\/az\\\/article\\\/faiq-suceddinov-her-bestekarliq-fakultesini-bitiren-bestekar-olmur\\\/#breadcrumb\",\"itemListElement\":[{\"@type\":\"ListItem\",\"position\":1,\"name\":\"Ana s\u0259hif\u0259\",\"item\":\"https:\\\/\\\/www.meydan.tv\\\/az\\\/\"},{\"@type\":\"ListItem\",\"position\":2,\"name\":\"Video\",\"item\":\"https:\\\/\\\/www.meydan.tv\\\/az\\\/section\\\/video-2\\\/\"},{\"@type\":\"ListItem\",\"position\":3,\"name\":\"Faiq S\u00fcc\u0259ddinov: H\u0259r b\u0259st\u0259karl\u0131q fak\u00fclt\u0259sini bitir\u0259n b\u0259st\u0259kar olmur\"}]},{\"@type\":\"WebSite\",\"@id\":\"https:\\\/\\\/www.meydan.tv\\\/az\\\/#website\",\"url\":\"https:\\\/\\\/www.meydan.tv\\\/az\\\/\",\"name\":\"MEYDAN.TV\",\"description\":\"Meydan TV Az\u0259rbaycan\u0131n media m\u0259kan\u0131ndak\u0131 alternativ s\u0259sidir\",\"publisher\":{\"@id\":\"https:\\\/\\\/www.meydan.tv\\\/az\\\/#organization\"},\"potentialAction\":[{\"@type\":\"SearchAction\",\"target\":{\"@type\":\"EntryPoint\",\"urlTemplate\":\"https:\\\/\\\/www.meydan.tv\\\/az\\\/?s={search_term_string}\"},\"query-input\":{\"@type\":\"PropertyValueSpecification\",\"valueRequired\":true,\"valueName\":\"search_term_string\"}}],\"inLanguage\":\"az\"},{\"@type\":\"Organization\",\"@id\":\"https:\\\/\\\/www.meydan.tv\\\/az\\\/#organization\",\"name\":\"Meydan TV\",\"url\":\"https:\\\/\\\/www.meydan.tv\\\/az\\\/\",\"logo\":{\"@type\":\"ImageObject\",\"inLanguage\":\"az\",\"@id\":\"https:\\\/\\\/www.meydan.tv\\\/az\\\/#\\\/schema\\\/logo\\\/image\\\/\",\"url\":\"https:\\\/\\\/www.meydan.tv\\\/wp-content\\\/uploads\\\/2021\\\/07\\\/meydan-logo.svg\",\"contentUrl\":\"https:\\\/\\\/www.meydan.tv\\\/wp-content\\\/uploads\\\/2021\\\/07\\\/meydan-logo.svg\",\"width\":195,\"height\":46,\"caption\":\"Meydan TV\"},\"image\":{\"@id\":\"https:\\\/\\\/www.meydan.tv\\\/az\\\/#\\\/schema\\\/logo\\\/image\\\/\"}},{\"@type\":\"Person\",\"@id\":\"https:\\\/\\\/www.meydan.tv\\\/az\\\/#\\\/schema\\\/person\\\/10d11eccf6da3662cf5fdab9806ea91a\",\"name\":\"user-manager\"}]}<\/script>\n<!-- \/ Yoast SEO plugin. -->","yoast_head_json":{"title":"Faiq S\u00fcc\u0259ddinov: H\u0259r b\u0259st\u0259karl\u0131q fak\u00fclt\u0259sini bitir\u0259n b\u0259st\u0259kar olmur - MEYDAN.TV","robots":{"index":"index","follow":"follow","max-snippet":"max-snippet:-1","max-image-preview":"max-image-preview:large","max-video-preview":"max-video-preview:-1"},"canonical":"https:\/\/www.meydan.tv\/az\/article\/faiq-suceddinov-her-bestekarliq-fakultesini-bitiren-bestekar-olmur\/","og_locale":"az_AZ","og_type":"article","og_title":"Faiq S\u00fcc\u0259ddinov: H\u0259r b\u0259st\u0259karl\u0131q fak\u00fclt\u0259sini bitir\u0259n b\u0259st\u0259kar olmur - MEYDAN.TV","og_description":"Telekanllarda baya\u011f\u0131 musiqil\u0259rd\u0259n \u015fikay\u0259tl\u0259n\u0259nl\u0259r az deyil, onlardan biri d\u0259 b\u0259st\u0259kar Faiq S\u00fcc\u0259ddinovdur. Faiq m\u00fc\u0259lliml\u0259 s\u00f6hb\u0259timizd\u0259 yaln\u0131z bu m\u0259s\u0259l\u0259yl\u0259 deyil, musiqi t\u0259hsili, b\u0259st\u0259karl\u0131q v\u0259 dig\u0259r sual yaradan m\u0259qamlara toxunduq.","og_url":"https:\/\/www.meydan.tv\/az\/article\/faiq-suceddinov-her-bestekarliq-fakultesini-bitiren-bestekar-olmur\/","og_site_name":"MEYDAN.TV","article_published_time":"2021-07-14T13:42:46+00:00","og_image":[{"width":1280,"height":960,"url":"https:\/\/www.meydan.tv\/wp-content\/uploads\/photo_2021-07-14_11.47.56.jpeg","type":"image\/jpeg"}],"author":"user-manager","twitter_card":"summary_large_image","schema":{"@context":"https:\/\/schema.org","@graph":[{"@type":"Article","@id":"https:\/\/www.meydan.tv\/az\/article\/faiq-suceddinov-her-bestekarliq-fakultesini-bitiren-bestekar-olmur\/#article","isPartOf":{"@id":"https:\/\/www.meydan.tv\/az\/article\/faiq-suceddinov-her-bestekarliq-fakultesini-bitiren-bestekar-olmur\/"},"author":{"name":"user-manager","@id":"https:\/\/www.meydan.tv\/az\/#\/schema\/person\/10d11eccf6da3662cf5fdab9806ea91a"},"headline":"Faiq S\u00fcc\u0259ddinov: H\u0259r b\u0259st\u0259karl\u0131q fak\u00fclt\u0259sini bitir\u0259n b\u0259st\u0259kar olmur","datePublished":"2021-07-14T13:42:46+00:00","mainEntityOfPage":{"@id":"https:\/\/www.meydan.tv\/az\/article\/faiq-suceddinov-her-bestekarliq-fakultesini-bitiren-bestekar-olmur\/"},"wordCount":3379,"publisher":{"@id":"https:\/\/www.meydan.tv\/az\/#organization"},"image":{"@id":"https:\/\/www.meydan.tv\/az\/article\/faiq-suceddinov-her-bestekarliq-fakultesini-bitiren-bestekar-olmur\/#primaryimage"},"thumbnailUrl":"https:\/\/www.meydan.tv\/wp-content\/uploads\/photo_2021-07-14_11.47.56.jpeg","articleSection":["Video"],"inLanguage":"az"},{"@type":"WebPage","@id":"https:\/\/www.meydan.tv\/az\/article\/faiq-suceddinov-her-bestekarliq-fakultesini-bitiren-bestekar-olmur\/","url":"https:\/\/www.meydan.tv\/az\/article\/faiq-suceddinov-her-bestekarliq-fakultesini-bitiren-bestekar-olmur\/","name":"Faiq S\u00fcc\u0259ddinov: H\u0259r b\u0259st\u0259karl\u0131q fak\u00fclt\u0259sini bitir\u0259n b\u0259st\u0259kar olmur - MEYDAN.TV","isPartOf":{"@id":"https:\/\/www.meydan.tv\/az\/#website"},"primaryImageOfPage":{"@id":"https:\/\/www.meydan.tv\/az\/article\/faiq-suceddinov-her-bestekarliq-fakultesini-bitiren-bestekar-olmur\/#primaryimage"},"image":{"@id":"https:\/\/www.meydan.tv\/az\/article\/faiq-suceddinov-her-bestekarliq-fakultesini-bitiren-bestekar-olmur\/#primaryimage"},"thumbnailUrl":"https:\/\/www.meydan.tv\/wp-content\/uploads\/photo_2021-07-14_11.47.56.jpeg","datePublished":"2021-07-14T13:42:46+00:00","breadcrumb":{"@id":"https:\/\/www.meydan.tv\/az\/article\/faiq-suceddinov-her-bestekarliq-fakultesini-bitiren-bestekar-olmur\/#breadcrumb"},"inLanguage":"az","potentialAction":[{"@type":"ReadAction","target":["https:\/\/www.meydan.tv\/az\/article\/faiq-suceddinov-her-bestekarliq-fakultesini-bitiren-bestekar-olmur\/"]}]},{"@type":"ImageObject","inLanguage":"az","@id":"https:\/\/www.meydan.tv\/az\/article\/faiq-suceddinov-her-bestekarliq-fakultesini-bitiren-bestekar-olmur\/#primaryimage","url":"https:\/\/www.meydan.tv\/wp-content\/uploads\/photo_2021-07-14_11.47.56.jpeg","contentUrl":"https:\/\/www.meydan.tv\/wp-content\/uploads\/photo_2021-07-14_11.47.56.jpeg","width":1280,"height":960,"caption":"Source: Meydan.TV"},{"@type":"BreadcrumbList","@id":"https:\/\/www.meydan.tv\/az\/article\/faiq-suceddinov-her-bestekarliq-fakultesini-bitiren-bestekar-olmur\/#breadcrumb","itemListElement":[{"@type":"ListItem","position":1,"name":"Ana s\u0259hif\u0259","item":"https:\/\/www.meydan.tv\/az\/"},{"@type":"ListItem","position":2,"name":"Video","item":"https:\/\/www.meydan.tv\/az\/section\/video-2\/"},{"@type":"ListItem","position":3,"name":"Faiq S\u00fcc\u0259ddinov: H\u0259r b\u0259st\u0259karl\u0131q fak\u00fclt\u0259sini bitir\u0259n b\u0259st\u0259kar olmur"}]},{"@type":"WebSite","@id":"https:\/\/www.meydan.tv\/az\/#website","url":"https:\/\/www.meydan.tv\/az\/","name":"MEYDAN.TV","description":"Meydan TV Az\u0259rbaycan\u0131n media m\u0259kan\u0131ndak\u0131 alternativ s\u0259sidir","publisher":{"@id":"https:\/\/www.meydan.tv\/az\/#organization"},"potentialAction":[{"@type":"SearchAction","target":{"@type":"EntryPoint","urlTemplate":"https:\/\/www.meydan.tv\/az\/?s={search_term_string}"},"query-input":{"@type":"PropertyValueSpecification","valueRequired":true,"valueName":"search_term_string"}}],"inLanguage":"az"},{"@type":"Organization","@id":"https:\/\/www.meydan.tv\/az\/#organization","name":"Meydan TV","url":"https:\/\/www.meydan.tv\/az\/","logo":{"@type":"ImageObject","inLanguage":"az","@id":"https:\/\/www.meydan.tv\/az\/#\/schema\/logo\/image\/","url":"https:\/\/www.meydan.tv\/wp-content\/uploads\/2021\/07\/meydan-logo.svg","contentUrl":"https:\/\/www.meydan.tv\/wp-content\/uploads\/2021\/07\/meydan-logo.svg","width":195,"height":46,"caption":"Meydan TV"},"image":{"@id":"https:\/\/www.meydan.tv\/az\/#\/schema\/logo\/image\/"}},{"@type":"Person","@id":"https:\/\/www.meydan.tv\/az\/#\/schema\/person\/10d11eccf6da3662cf5fdab9806ea91a","name":"user-manager"}]}},"_links":{"self":[{"href":"https:\/\/www.meydan.tv\/az\/wp-json\/wp\/v2\/posts\/211983","targetHints":{"allow":["GET"]}}],"collection":[{"href":"https:\/\/www.meydan.tv\/az\/wp-json\/wp\/v2\/posts"}],"about":[{"href":"https:\/\/www.meydan.tv\/az\/wp-json\/wp\/v2\/types\/post"}],"author":[{"embeddable":true,"href":"https:\/\/www.meydan.tv\/az\/wp-json\/wp\/v2\/users\/11"}],"replies":[{"embeddable":true,"href":"https:\/\/www.meydan.tv\/az\/wp-json\/wp\/v2\/comments?post=211983"}],"version-history":[{"count":0,"href":"https:\/\/www.meydan.tv\/az\/wp-json\/wp\/v2\/posts\/211983\/revisions"}],"wp:featuredmedia":[{"embeddable":true,"href":"https:\/\/www.meydan.tv\/az\/wp-json\/wp\/v2\/media\/207945"}],"wp:attachment":[{"href":"https:\/\/www.meydan.tv\/az\/wp-json\/wp\/v2\/media?parent=211983"}],"wp:term":[{"taxonomy":"category","embeddable":true,"href":"https:\/\/www.meydan.tv\/az\/wp-json\/wp\/v2\/categories?post=211983"},{"taxonomy":"post_tag","embeddable":true,"href":"https:\/\/www.meydan.tv\/az\/wp-json\/wp\/v2\/tags?post=211983"}],"curies":[{"name":"wp","href":"https:\/\/api.w.org\/{rel}","templated":true}]}}