{"id":211982,"date":"2021-07-14T13:14:53","date_gmt":"2021-07-14T13:14:53","guid":{"rendered":"https:\/\/www.meydan.tv\/article\/yazici-anar-vacib-deyil-ki-novbeti-qurultaya-qeder-qalim\/"},"modified":"2021-07-14T13:14:53","modified_gmt":"2021-07-14T13:14:53","slug":"yazici-anar-vacib-deyil-ki-novbeti-qurultaya-qeder-qalim","status":"publish","type":"post","link":"https:\/\/www.meydan.tv\/az\/article\/yazici-anar-vacib-deyil-ki-novbeti-qurultaya-qeder-qalim\/","title":{"rendered":"Yaz\u0131\u00e7\u0131 Anar: Vacib deyil ki, n\u00f6vb\u0259ti qurultaya q\u0259d\u0259r qal\u0131m&#8230;"},"content":{"rendered":"<figure class=\"wp-block-embed is-type-video is-provider-youtube wp-block-embed-youtube wp-embed-aspect-16-9 wp-has-aspect-ratio\">\n<div class=\"wp-block-embed__wrapper\">\n    <iframe\ttitle=\"Yaz\u0131\u00e7\u0131 Anar: Vacib deyil ki, n\u00f6vb\u0259ti qurultaya q\u0259d\u0259r qal\u0131m...\" width=\"1200\" height=\"675\" data-src=\"https:\/\/www.youtube.com\/embed\/4mWmP10Q-YE\"\tframeborder=\"0\"\tallow=\"accelerometer; autoplay; clipboard-write; encrypted-media; gyroscope; picture-in-picture\" allowfullscreen src=\"data:image\/svg+xml;base64,PHN2ZyB3aWR0aD0iMSIgaGVpZ2h0PSIxIiB4bWxucz0iaHR0cDovL3d3dy53My5vcmcvMjAwMC9zdmciPjwvc3ZnPg==\" class=\"lazyload\" data-load-mode=\"1\"><\/iframe>\n  <\/div><figcaption>\n    Yaz\u0131\u00e7\u0131 Anar: Vacib deyil ki, n\u00f6vb\u0259ti qurultaya q\u0259d\u0259r qal\u0131m&#8230;<br \/>\n  <\/figcaption><\/figure>\n<p>\n  <b><br \/>\n    \u201cYax\u015f\u0131 ki, deputat olmu\u015fam, ordan pensiya al\u0131ram, o da olmasayd\u0131, dolana bilm\u0259zdim\u201d<br \/>\n  <\/b>\n<\/p>\n<p>\n  <i><br \/>\n    \u00d6t\u0259n h\u0259ft\u0259 Az\u0259rbaycan Yaz\u0131\u00e7\u0131lar Birliyind\u0259 (AYB) kadr d\u0259yi\u015fiklikl\u0259ri il\u0259 yadda qald\u0131. D\u0259yi\u015fikl\u0259rin z\u0259rur\u0259td\u0259n ir\u0259li g\u0259ldiyini v\u0259 daha \u00e7ox oktyabrda g\u00f6zl\u0259nil\u0259r qurultayla ba\u011fl\u0131l\u0131\u011f\u0131n\u0131 s\u00f6yl\u0259y\u0259nl\u0259r var.<br \/>\n  <\/i>\n<\/p>\n<p>\n  Bu v\u0259 dig\u0259r m\u0259s\u0259l\u0259l\u0259r bar\u0259d\u0259 suallara AYB-nin s\u0259dri yaz\u0131\u00e7\u0131 Anardan cavab alma\u011fa \u00e7al\u0131\u015fd\u0131q.\n<\/p>\n<p>\n  <b><br \/>\n    &#8211; Anar m\u00fc\u0259llim, Az\u0259rbaycan Yaz\u0131\u00e7\u0131lar Birliyind\u0259 yeni t\u0259yinatlar oktyabrda ke\u00e7iril\u0259c\u0259k qurultaya haz\u0131rl\u0131q say\u0131la bil\u0259rmi?<br \/>\n  <\/b>\n<\/p>\n<p>\n  &#8211; Bir n\u00f6v say\u0131la bil\u0259r v\u0259 bu, bizim daima tutdu\u011fumuz yolun davam\u0131d\u0131r. M\u0259n 1987-ci ild\u0259 birliyin s\u0259dri se\u00e7ildim, bir il sonra cavan o\u011flan olan \u00c7ingiz Abdullayevi katib g\u0259tirdim. Ondan sonrak\u0131 ill\u0259rd\u0259 yen\u0259 o vaxt cavan o\u011flan olan Arif \u018fmraho\u011flunu katib t\u0259yin etdim, ard\u0131nca R\u0259\u015fad M\u0259cid. Son ill\u0259r biz\u0259 a\u011f\u0131r itkil\u0259r oldu, birliyin birinci katibi, xalq \u015fairi, m\u0259nim dostum Fikr\u0259t Qoca v\u0259fat etdi, sonra Nazim \u0130brahimov. Arif \u018fmraho\u011flu da ondan \u0259vv\u0259l r\u0259hm\u0259t\u0259 getmi\u015fdi. \u0130ndi biz qurultay\u00f6nc\u0259si bo\u015f qalan yerl\u0259ri doldurmal\u0131yd\u0131q. Katibl\u0259ri qurultay se\u00e7ir, ona q\u0259d\u0259r onlar katib v\u0259zif\u0259sini icra ed\u0259nl\u0259rdir. Ona g\u00f6r\u0259 d\u0259 \u00c7ingiz Abdullayev birinci katib, R\u0259\u015fad M\u0259cid m\u0259nim m\u00fcavinim v\u0259zif\u0259sini icra ed\u0259c\u0259k. \u0130lqar F\u0259hmi, El\u00e7in H\u00fcseynb\u0259yli katib v\u0259zif\u0259l\u0259rind\u0259 olacaq. H\u0259r birinin \u00f6z funksiyalar\u0131 var v\u0259 h\u0259r\u0259si bir sah\u0259y\u0259 bax\u0131r. Ham\u0131m\u0131z bir yerd\u0259 oktyabr, yaxud noyabr ay\u0131 \u00fc\u00e7\u00fcn qurultaya haz\u0131rl\u0131q i\u015fl\u0259rin\u0259 ba\u015flam\u0131\u015f\u0131q.\n<\/p>\n<p>\n  <b><br \/>\n    &#8211; Qurultay virtual olacaq, yoxsa&#8230;?<br \/>\n  <\/b>\n<\/p>\n<p>\n  &#8211; Qurultay 2019-cu ild\u0259 ke\u00e7irilm\u0259liydi, ancaq pandemiya s\u0259b\u0259bind\u0259n gecikdik. Bilirsiniz, qurultaya haz\u0131rla\u015fmaq laz\u0131md\u0131r, m\u0259ruz\u0259l\u0259r olmal\u0131, n\u00fcmay\u0259nd\u0259l\u0259r se\u00e7ilm\u0259lidi, ham\u0131s\u0131 vaxt t\u0259l\u0259b edir. Biz haz\u0131rl\u0131q i\u015fl\u0259ri aparm\u0131\u015fd\u0131q, sonra pandemiya ba\u015flad\u0131, ona g\u00f6r\u0259 i\u015fl\u0259r dayand\u0131. G\u00fcman edir\u0259m, virus oktyabra q\u0259d\u0259r bizd\u0259n \u0259l \u00e7\u0259k\u0259c\u0259k, onlayn yox, normal qurultay kimi ke\u00e7iril\u0259c\u0259k. Yox, \u0259g\u0259r olmasa, g\u0259r\u0259k onlayn ke\u00e7ir\u0259k.\n<\/p>\n<p>\n  <b><br \/>\n    &#8211; M\u0259lum pandemiya s\u0259b\u0259bind\u0259n qurultay\u0131n gecikdiyini dediniz. Sonuncu qurultaydan 7 il \u00f6t\u00fcb. \u00d6t\u0259n 7 ild\u0259 Yaz\u0131\u00e7\u0131lar Birliyind\u0259 hans\u0131 d\u0259yi\u015fiklikl\u0259ri sadalaya bil\u0259rsiniz?<br \/>\n  <\/b>\n<\/p>\n<p>\n  &#8211; Yaz\u0131\u00e7\u0131lar Birliyind\u0259 n\u0259 d\u0259yi\u015fm\u0259lidir? \u0130\u015f davam edir, jurnallar\u0131, q\u0259zetl\u0259ri \u00e7\u0131x\u0131r, G\u0259ncl\u0259r v\u0259 A\u011fsaqallar \u015furalar\u0131 f\u0259aliyy\u0259t g\u00f6st\u0259rir, 14 filial\u0131n\u0131n ham\u0131s\u0131 yerind\u0259dir. Yaln\u0131z bir \u015fey olmay\u0131b &#8211; pandemiya s\u0259b\u0259bind\u0259n m\u00fcxt\u0259lif t\u0259qdimatlar\u0131m\u0131z, yubileyl\u0259r ba\u015f tutmay\u0131b.\n<\/p>\n<p>\n  <b><br \/>\n    &#8211; Zaman\u0131nda birliy\u0259 qar\u015f\u0131 ittihamlardan biri \u00fczvl\u0259rinin \u00e7ox olmas\u0131 idi, b\u0259s 7 ild\u0259 bu y\u00f6nd\u0259 hans\u0131 d\u0259yi\u015fiklikl\u0259r\u0259 getdiniz?<br \/>\n  <\/b>\n<\/p>\n<p>\n  &#8211; 2 ildir saxlam\u0131\u015f\u0131q, \u00fczv q\u0259bul etmirik. 200 \u0259riz\u0259 var, amma q\u0259rara g\u0259ldik ki, qurulaya q\u0259d\u0259r \u00fczv q\u0259bul etm\u0259y\u0259k. Qurultayda nizamnam\u0259y\u0259 el\u0259 bir t\u0259klif ola bil\u0259r ki, g\u0259l\u0259c\u0259kd\u0259 \u00fczvl\u00fcy\u00fc t\u0259nziml\u0259sin. M\u0259n d\u0259 bilir\u0259m ki, \u00fczvl\u0259rimiz \u00e7oxdur.\n<\/p>\n<p>\n  <b><br \/>\n    &#8211; Art\u0131q 80 ya\u015f\u0131 haqlam\u0131s\u0131n\u0131z&#8230;<br \/>\n  <\/b>\n<\/p>\n<p>\n  &#8211; Az qal\u0131b, amma bir az var.\n<\/p>\n<p>\n  <b><br \/>\n    &#8211; Bu m\u0259nada siz d\u0259 s\u0259l\u0259finiz \u0130smay\u0131l \u015e\u0131xl\u0131 kimi 34 il \u0259vv\u0259l yerini g\u0259ncl\u0259r\u0259 verib sakitc\u0259 Yaz\u0131\u00e7\u0131lar Birliyini t\u0259rk etdiyini t\u0259krarlaya bil\u0259rsinizmi?<br \/>\n  <\/b>\n<\/p>\n<p>\n  &#8211; M\u0259n he\u00e7 k\u0259si t\u0259krarlam\u0131ram. \u0130smay\u0131l m\u00fc\u0259llim\u0259 \u00e7ox b\u00f6y\u00fck h\u00f6rm\u0259tim var, bizim b\u00f6y\u00fck yaz\u0131\u00e7\u0131m\u0131zd\u0131r, amma Yaz\u0131\u00e7\u0131lar Birliyinin r\u0259hb\u0259ri kimi birc\u0259 il i\u015fl\u0259di, \u0259vv\u0259l birinci katib idi, s\u0259dr Mirz\u0259 \u0130brahimov idi. H\u0259min 1 ild\u0259 onun \u015f\u0259k\u0259r x\u0259st\u0259liyi artd\u0131, v\u0259ziyy\u0259ti a\u011f\u0131rla\u015fd\u0131, \u00f6z\u00fc \u0259riz\u0259siyl\u0259 istefa verdi. M\u0259n d\u0259 t\u0259klif etdim ki, \u0130smay\u0131l m\u00fc\u0259llim qal\u0131b i\u015fl\u0259sin, \u00f6z\u00fcm d\u0259 R\u0259yas\u0259t Hey\u0259tinin \u00fczv\u00fc idim, iclasda ham\u0131m\u0131z qal\u0131b i\u015fl\u0259m\u0259si t\u0259klifini verdik, amma o, q\u0259ti q\u0259rar verdi ki, gedir, ona g\u00f6r\u0259 getdi. V\u0259 m\u0259n s\u0259hh\u0259timd\u0259n \u015fikay\u0259t etmir\u0259m.\n<\/p>\n<p>\n  <b><br \/>\n    &#8211; 1987-ci ild\u0259 sizin 49 ya\u015f\u0131n\u0131z vard\u0131, indi R\u0259\u015fad M\u0259cidin 56, El\u00e7in H\u00fcseynb\u0259ylinin 59 ya\u015f\u0131. Onlar\u0131 nec\u0259, s\u0259drlikd\u0259 g\u00f6r\u00fcrs\u00fcn\u00fczm\u00fc?<br \/>\n  <\/b>\n<\/p>\n<p>\n  &#8211; M\u0259n \u00e7ox adam\u0131 g\u00f6r\u00fcr\u0259m, amma indi he\u00e7 k\u0259sin ad\u0131n\u0131 \u00e7\u0259km\u0259k ist\u0259mir\u0259m. Niy\u0259 \u0259vv\u0259ld\u0259n bu bar\u0259d\u0259 dan\u0131\u015f\u0131m?! H\u0259l\u0259 m\u0259n i\u015fl\u0259yir\u0259m.\n<\/p>\n<p>\n  <b><br \/>\n    &#8211; B\u0259s qurultayda alternativ olaraq hans\u0131sa namiz\u0259d ola bil\u0259rmi?<br \/>\n  <\/b>\n<\/p>\n<p>\n  &#8211; Qurultayda m\u0259n namiz\u0259dliyimi ver\u0259c\u0259m. Vacib deyil ki, n\u00f6vb\u0259ti qurultaya q\u0259d\u0259r qal\u0131m, b\u0259lk\u0259 arada plenum oldu, getdim. Amma m\u0259n qalma\u011f\u0131m\u0131 niy\u0259 ist\u0259yir\u0259m, s\u0259dr kimi g\u0259l\u0259nd\u0259 birliyin \u015e\u00fcv\u0259landa yarad\u0131c\u0131l\u0131q evi vard\u0131, hadis\u0259l\u0259r zaman\u0131 h\u0259min binada qa\u00e7q\u0131nlar\u0131 yerl\u0259\u015fdirdik v\u0259 bu m\u00fcdd\u0259td\u0259 bina pis g\u00fcn\u0259 d\u00fc\u015fd\u00fc. M\u0259n h\u00f6rm\u0259tli prezidentimiz\u0259 m\u00fcraci\u0259t etdim, v\u0259sait ay\u0131r\u0131b, yenid\u0259n onu b\u0259rpa ed\u0259c\u0259yik, bina s\u00f6k\u00fcl\u00fcb yenid\u0259n tikil\u0259c\u0259k. Ondan ba\u015fqa yen\u0259 d\u0259 h\u00f6rm\u0259tli prezidentimiz\u0259 m\u00fcraci\u0259t etdim, o bir sah\u0259 ay\u0131rd\u0131, orda yaz\u0131\u00e7\u0131lara ev tik\u0259c\u0259kl\u0259r, y\u0259ni bir \u015firk\u0259t ev tik\u0259c\u0259k, onun da 20 faizini yaz\u0131\u00e7\u0131lara ver\u0259c\u0259kl\u0259r. \u0130st\u0259yir\u0259m bu i\u015fl\u0259ri tamamlay\u0131m, y\u0259ni m\u0259n g\u0259l\u0259nd\u0259 yarad\u0131c\u0131l\u0131q evi vard\u0131sa, yen\u0259 d\u0259 onu haz\u0131r t\u0259hvil verim. \u00dcmumiyy\u0259tl\u0259, bu ill\u0259rd\u0259 100-d\u0259n art\u0131q yaz\u0131\u00e7\u0131ya m\u0259nzil vermi\u015f\u0259m, bir hiss\u0259si SSR\u0130 d\u00f6vr\u00fcnd\u0259 olub, onda daha asan idi, amma sonrak\u0131 d\u00f6vrd\u0259 xahi\u015fl\u0259 bir d\u0259f\u0259 10 m\u0259nzil, n\u00f6vb\u0259ti il 5 m\u0259nzil ayr\u0131l\u0131b. \u0130ndi d\u0259 bir ne\u00e7\u0259 yaz\u0131\u00e7\u0131m\u0131z\u0131n ehtiyac\u0131 var, ona g\u00f6r\u0259 ist\u0259yir\u0259m dediyim binan\u0131 da tamamlayaq, ondan sonra plenum olar, dey\u0259r\u0259m xudafiz, ham\u0131 da dinc\u0259lsin, m\u0259n \u00f6z\u00fcm d\u0259 dinc\u0259lim.\n<\/p>\n<p>\n  &#8211; Anar m\u00fc\u0259llim, h\u0259r il 35 ya\u015fa q\u0259d\u0259r g\u0259nc yaz\u0131\u00e7\u0131-\u015fair\u0259 200 manat, 35-d\u0259n yuxar\u0131 yazarlara 300 manat t\u0259qa\u00fcd verilir. Ancaq t\u0259qa\u00fcd\u00fc alanlar\u0131n siyah\u0131s\u0131 d\u0259rc olunmur v\u0259 bu, sosial \u015f\u0259b\u0259k\u0259l\u0259rd\u0259, m\u0259tbuatda m\u00fcxt\u0259lif s\u00f6hb\u0259tl\u0259r\u0259 \u015f\u0259rait yarad\u0131r. Olmazm\u0131, siyah\u0131n\u0131 d\u0259rc ed\u0259siniz v\u0259 bununla s\u00f6hb\u0259tl\u0259r\u0259 son qoyas\u0131n\u0131z?\n<\/p>\n<p>\n  &#8211; Olar, niy\u0259 olmur! N\u0259 s\u00f6hb\u0259t ola bil\u0259r ki?! Bilirsiniz, ist\u0259yirsiniz bu hiss\u0259ni efir\u0259 verin, ya da verm\u0259yin&#8230;\n<\/p>\n<p>\n  <b><br \/>\n    -Buyurun.<br \/>\n  <\/b>\n<\/p>\n<p>\n  &#8211; Bizim camaatda bel\u0259 bir xasiyy\u0259t var, 50 yerdir, amma 200 \u0259riz\u0259 var, indi nec\u0259 ed\u0259k? 50-n\u0259 t\u0259qa\u00fcd ver\u0259nd\u0259 o biril\u0259r dey\u0259c\u0259k ki, y\u0259qin bunlar tan\u0131\u015fl\u0131qla al\u0131b, n\u0259 bilim, c\u00fcrb\u0259c\u00fcr iyr\u0259nc s\u00f6hb\u0259tl\u0259r. Bu m\u0259s\u0259l\u0259 m\u00fczakir\u0259d\u0259n ke\u00e7ir, t\u0259k m\u0259n q\u0259rar vermir\u0259m, a\u00e7\u0131q deyilir ki, filank\u0259sin ehtiyac\u0131 var. \u0130kinci, bu t\u0259qa\u00fcdl\u0259r ehtiyaca g\u00f6r\u0259 yox, yarad\u0131c\u0131l\u0131\u011fa g\u00f6r\u0259 verilir. Ona g\u00f6r\u0259 verilir ki, yax\u0131n bir ild\u0259 beynin maddi qay\u011f\u0131lardan azad olunsun, bir \u0259s\u0259r yaz\u0131ls\u0131n. Amma bura g\u0259l\u0259nl\u0259r n\u0259 deyirl\u0259r, m\u0259n x\u0259st\u0259y\u0259m, ail\u0259 durumum a\u011f\u0131rd\u0131r, \u00f6l\u0259nim var, iraq olsun, y\u0259ni bu t\u0259qa\u00fcd\u00fc ictimai t\u0259minat sistemin\u0259 d\u00f6nd\u0259rirl\u0259r. Halbuki, bu, ictimai t\u0259minat deyil.\n<\/p>\n<p>\n  <b><br \/>\n    &#8211; Ona g\u00f6r\u0259 s\u00f6z-s\u00f6hb\u0259t yay\u0131l\u0131r ki&#8230;<br \/>\n  <\/b>\n<\/p>\n<p>\n  &#8211; S\u00f6z-s\u00f6hb\u0259t odur ki, biri g\u0259lib \u201cm\u0259n bunu almasam, \u00f6l\u0259c\u0259m\u201d deyir. Cavab verir\u0259m ki, ay qarda\u015f, indiy\u0259 q\u0259d\u0259r ya\u015fam\u0131san, bir ild\u0259n sonra yen\u0259 ya\u015fayacaqsan da, niy\u0259 bu bir il s\u0259nin \u00fc\u00e7\u00fcn bel\u0259 \u0259h\u0259miyy\u0259tlidir? \u00c7oxusu da hikk\u0259yl\u0259 g\u0259lir. Bilirsiniz, bu 34 ild\u0259 m\u0259nim \u00e7\u0131xartd\u0131\u011f\u0131m n\u0259tic\u0259 odur ki, birin\u0259 t\u0259qa\u00fcd verirs\u0259n, be\u015fi k\u00fcs\u00fcr, be\u015fin\u0259 edirs\u0259n, on be\u015fi iddial\u0131 olur. He\u00e7 bir \u015fey etm\u0259y\u0259nd\u0259, ham\u0131 sakitdir. Pe\u015fmansan birini t\u0259qa\u00fcd\u0259 t\u0259qdim ed\u0259s\u0259n. \u0130ndi d\u0259 bax bu katibl\u0259r, 4 yerdir, ham\u0131s\u0131n\u0131 t\u0259sdiql\u0259mi\u015fik, 14 adam g\u0259lib ki, niy\u0259 m\u0259n olmay\u0131m, o olsun?\n<\/p>\n<p>\n  <b><br \/>\n    &#8211; Bel\u0259 s\u00f6hb\u0259tl\u0259r var ki, t\u0259qa\u00fcd kart\u0131ndak\u0131 pulun yar\u0131s\u0131n\u0131 \u00f6zl\u0259rin\u0259 g\u00f6t\u00fcrm\u0259kl\u0259 m\u00fc\u0259yy\u0259n adamlara raz\u0131l\u0131q verilir&#8230;<br \/>\n  <\/b>\n<\/p>\n<p>\n  &#8211; \u0130ndi h\u0259r axmaq s\u00f6hb\u0259ti niy\u0259 efir\u0259 \u00e7\u0131xarmaq ist\u0259yirsiniz? Bir d\u0259f\u0259 m\u0259n\u0259 desinl\u0259r ki, filank\u0259s pul al\u0131b, m\u0259n o adam\u0131 \u00e7a\u011f\u0131r\u0131m, s\u0259h\u0259risi g\u00fcn i\u015fd\u0259n \u00e7\u0131xard\u0131m.\n<\/p>\n<p>\n  <b><br \/>\n    &#8211; Ona g\u00f6r\u0259 siyah\u0131n\u0131 d\u0259rc etm\u0259k laz\u0131md\u0131r d\u0259&#8230;<br \/>\n  <\/b>\n<\/p>\n<p>\n  &#8211; Siyah\u0131 guya gizlidir? Kim ist\u0259yir g\u0259lib tan\u0131\u015f olsun. \u00c7ap etm\u0259k laz\u0131md\u0131rsa, onu da ed\u0259rik, burda he\u00e7 bir problem yoxdur.\n<\/p>\n<p>\n  <b><br \/>\n    &#8211; Anar dey\u0259nd\u0259 ilk a\u011f\u0131la \u201cBe\u015fm\u0259rt\u0259b\u0259li evin alt\u0131nc\u0131 m\u0259rt\u0259b\u0259si\u201d g\u0259lir. H\u0259l\u0259 Zaur v\u0259 T\u0259hmin\u0259 d\u0259. Amma Anar\u0131n \u201cDantenin yubileyi\u201d il\u0259 \u0259d\u0259biyyatda qalaca\u011f\u0131n\u0131 dey\u0259nl\u0259r d\u0259 \u00e7oxdur. B\u0259s siz nec\u0259 d\u00fc\u015f\u00fcn\u00fcrs\u00fcn\u00fcz? \u00dcmumiyy\u0259tl\u0259, Anar \u201cAnar\u0131n hans\u0131 yubileyi il\u0259\u201d yadda qalacaq?<br \/>\n  <\/b>\n<\/p>\n<p>\n  &#8211; M\u0259n he\u00e7 bir yubiley etm\u0259mi\u015f\u0259m, ona g\u00f6r\u0259 he\u00e7 biri yadda qalmayacaq. Az\u0259rbaycanda yegan\u0259 yaz\u0131\u00e7\u0131yam ki, yubileyimi etm\u0259mi\u015f\u0259m. N\u0259 50, n\u0259 60, n\u0259 d\u0259 70 illiyimi.\n<\/p>\n<p>\n  <b><br \/>\n    &#8211; S\u0259b\u0259b n\u0259dir?<br \/>\n  <\/b>\n<\/p>\n<p>\n  &#8211; S\u0259b\u0259b odur ki, \u00f6z\u00fcm\u0259 yubiley ets\u0259m, 50-si g\u0259l\u0259c\u0259k ki, m\u0259nim s\u0259nd\u0259n n\u0259yim \u0259skikdir ki, \u00f6z\u00fcn\u0259 yubiley edirs\u0259n, m\u0259n\u0259 d\u0259 el\u0259.\n<\/p>\n<p>\n  <b><br \/>\n    -El\u0259l\u0259ri d\u0259 var?<br \/>\n  <\/b>\n<\/p>\n<p>\n  &#8211; Niy\u0259 yoxdur, el\u0259 verdiyiniz suallardan g\u00f6r\u00fcn\u00fcr ki, n\u0259 q\u0259d\u0259r b\u0259dxahlar var ki, bel\u0259 \u015feyl\u0259r uydururlar.\n<\/p>\n<p>\n  <b><br \/>\n    &#8211; Yeni n\u0259sil yazarlar\u0131 \u00f6zl\u0259rind\u0259n \u0259vv\u0259lki \u0259d\u0259bi n\u0259sill\u0259rin n\u00fcmay\u0259nd\u0259l\u0259rini x\u0131rdaca t\u0259nqid ed\u0259nd\u0259, ya da yarad\u0131c\u0131l\u0131qlar\u0131nda hans\u0131sa vulqar s\u00f6zd\u0259n, ifad\u0259d\u0259n istifad\u0259 ed\u0259nd\u0259 d\u0259rhal &quot;t\u0259rbiy\u0259siz, &quot;, &quot;milli-m\u0259n\u0259vi d\u0259y\u0259rl\u0259rin&quot; d\u00fc\u015fm\u0259ni elan olunur. Bu yax\u0131nlarda is\u0259 sizinl\u0259 eyni \u0259d\u0259bi n\u0259sil\u0259 m\u0259nsub olan H\u00fcseynbala Mir\u0259l\u0259movun qeyri-etik g\u00f6r\u00fcnt\u00fcl\u0259rinin oldu\u011fu video yay\u0131ld\u0131. Ancaq ba\u015fda AYB A\u011fsaqqallar \u015euras\u0131n\u0131n s\u0259dri N\u0259riman H\u0259s\u0259nzad\u0259 olmaqla, a\u011fsaqqal \u015fair-yaz\u0131\u00e7\u0131lar onun m\u00fcdafi\u0259sin\u0259 qalxd\u0131lar. Bu t\u0259zad\u0131 nec\u0259 izah edirsiniz?<br \/>\n  <\/b>\n<\/p>\n<p>\n  &#8211; Bilirsiniz, yeni n\u0259sil t\u0259nqid ets\u0259, m\u0259n h\u0259r c\u00fcr t\u0259nqidi q\u0259bul ed\u0259r\u0259m. Yazsa ki, \u201cBe\u015fm\u0259rt\u0259b\u0259li evin alt\u0131nc\u0131 m\u0259rt\u0259b\u0259si\u201d z\u0259if \u0259s\u0259rdir, onu q\u0259bul ed\u0259r\u0259m. Amma yazanda ki, \u201cAnar ha\u00e7an \u00f6l\u0259c\u0259k\u201d, \u201cm\u0259n Anar\u0131n qan\u0131n\u0131 s\u00fcd kimi i\u00e7\u0259rdim\u201d, \u201cbilir\u0259m yalan deyir\u0259m, amma q\u0259sd\u0259n bel\u0259 deyir\u0259m \u015f\u0259k\u0259ri, t\u0259zyiqi arts\u0131n\u201d, siz bunu t\u0259nqid hesab edirsinizs\u0259, m\u0259n susuram. M\u0259nc\u0259, bu, t\u0259nqid deyil, s\u00f6y\u00fc\u015fd\u00fcr, t\u0259hqirdir, b\u0259dxahl\u0131qd\u0131r, t\u0259rbiy\u0259sizlikdir. T\u0259rbiy\u0259sizlikl\u0259 is\u0259 biz h\u0259mi\u015f\u0259 m\u00fcbariz\u0259 aparaca\u011f\u0131q. O ki qald\u0131 Mir\u0259l\u0259mova, m\u0259n indi o i\u015fl\u0259r\u0259 qar\u0131\u015fm\u0131ram. M\u0259n\u0259 sual verdil\u0259r ki, onu Yaz\u0131\u00e7\u0131lar Birliyind\u0259n \u00e7\u0131xaracaqs\u0131n\u0131z, cavab verdim ki, yox, \u00e7\u0131xartmayaca\u011f\u0131q, t\u0259rbiy\u0259 ed\u0259c\u0259yik.\n<\/p>\n<p>\n  <b><br \/>\n    &#8211; Bu ya\u015fdan sonra insan t\u0259rbiy\u0259 olunarm\u0131?<br \/>\n  <\/b>\n<\/p>\n<p>\n  &#8211; Niy\u0259 olmur?! H\u0259r ya\u015fda t\u0259rbiy\u0259 etm\u0259k olar.\n<\/p>\n<p>\n  <b><br \/>\n    &#8211; D\u00f6vl\u0259tin AYB-ni maddi v\u0259 m\u0259n\u0259vi himay\u0259 etdiyi, ona h\u0259r c\u00fcr imkanlar yaratd\u0131\u011f\u0131 halda m\u00fcst\u0259qil \u0259d\u0259bi t\u0259\u015fkilatlara m\u00fcnasib\u0259td\u0259 bunu g\u00f6rm\u00fcr\u00fck. M\u0259s\u0259l\u0259n, AYO, Az\u0259rbaycan Yazarlar Oca\u011f\u0131&#8230;<br \/>\n  <\/b>\n<\/p>\n<p>\n  &#8211; O var? Da\u011f\u0131l\u0131b \u00e7oxdan.\n<\/p>\n<p>\n  <b><br \/>\n    &#8211; Var.<br \/>\n  <\/b>\n<\/p>\n<p>\n  &#8211; M\u0259nc\u0259, yoxdur, onlar\u0131n b\u0259zil\u0259ri g\u0259lib bura \u00fczv olurlar. Pe\u015fman olublar. El\u0259 bir t\u0259\u015fkilat yoxdur.\n<\/p>\n<p>\n  <b><br \/>\n    &#8211; Konkret kiml\u0259ri deyirsiniz?<br \/>\n  <\/b>\n<\/p>\n<p>\n  &#8211; He\u00e7 konkret ad \u00e7\u0259km\u0259y\u0259c\u0259m.\n<\/p>\n<p>\n  <b><br \/>\n    &#8211; Amma Rasim Qaraca, Seymur Baycan var&#8230;<br \/>\n  <\/b>\n<\/p>\n<p>\n  &#8211; Lap yax\u015f\u0131, olsunlar. Bilirsiniz, onlar n\u0259 deyirl\u0259r, biz d\u00f6vl\u0259ti s\u00f6y\u0259c\u0259yik, siz d\u00f6vl\u0259ti m\u00fcdafi\u0259 etdiyiniz \u00fc\u00e7\u00fcn sizi d\u0259 s\u00f6y\u0259c\u0259yik, amma siz gedin d\u00f6vl\u0259td\u0259n pul al\u0131n biz\u0259 verin. Siz bu m\u0259ntiql\u0259 raz\u0131s\u0131n\u0131z? M\u0259n raz\u0131 deyil\u0259m. Biz iqtidar\u0131n yox, d\u00f6vl\u0259tin t\u0259r\u0259find\u0259yik, m\u00fcst\u0259qil Az\u0259rbaycan d\u00f6vl\u0259tinin v\u0259 h\u0259mi\u015f\u0259 d\u0259 onun t\u0259r\u0259find\u0259 olacam. D\u00f6vl\u0259tin d\u0259 borcudur ki, s\u0259hiyy\u0259y\u0259, m\u0259d\u0259niyy\u0259t\u0259 pul ay\u0131rd\u0131\u011f\u0131 kimi \u0259d\u0259biyyata da pul ay\u0131rs\u0131n. \u018fd\u0259biyyata ayr\u0131lan v\u0259sait d\u0259 Yaz\u0131\u00e7\u0131lar Birliyin\u0259 verilir, bizim 4 jurnal\u0131m\u0131z, 2 q\u0259zetimiz var, \u00f6z\u00fc d\u0259 bunlar\u0131 b\u00fcdc\u0259y\u0259 salan r\u0259hm\u0259tlik , ulu \u00f6nd\u0259r Heyd\u0259r \u018fliyev olub. H\u00f6rm\u0259tli prezidentimiz d\u0259 bizim T\u0259rc\u00fcm\u0259 M\u0259rk\u0259zini b\u00fcdc\u0259y\u0259 sald\u0131. Biz indi dey\u0259k ki, ay h\u00f6kum\u0259ti, d\u00f6vl\u0259ti s\u00f6y\u0259nl\u0259r, g\u0259lin bu pulu siz\u0259 ver\u0259k, sizinl\u0259 b\u00f6l\u00fc\u015f\u0259k? Burda m\u0259ntiq var? M\u0259nc\u0259, yoxdur.\n<\/p>\n<p>\n  <b><br \/>\n    &#8211; Demokratik, inki\u015faf etmi\u015f \u00f6lk\u0259l\u0259rd\u0259 yarad\u0131c\u0131 t\u0259\u015fkilatlar qeyri-h\u00f6kum\u0259t t\u0259\u015fkilat\u0131 kimi f\u0259aliyy\u0259t g\u00f6st\u0259rir&#8230;<br \/>\n  <\/b>\n<\/p>\n<p>\n  &#8211; Ona g\u00f6r\u0259 d\u0259 yoxdurlar, biz saxlam\u0131\u015f\u0131q Yaz\u0131\u00e7\u0131lar Birliyini. Rusiyada 7 yer\u0259 b\u00f6l\u00fcn\u00fcb, indiy\u0259 q\u0259d\u0259r d\u0259 \u0259mlak \u00fcst\u00fcnd\u0259 dava edirl\u0259r, Q\u0131r\u011f\u0131z\u0131standa \u00c7ingiz Aytmatov kimi b\u00f6y\u00fck yaz\u0131\u00e7\u0131 vard\u0131, amma orda Yaz\u0131\u00e7\u0131lar Birliyi da\u011f\u0131l\u0131b, G\u00fcrc\u00fcstanda da\u011f\u0131l\u0131b, Ukraynada ne\u00e7\u0259 yer\u0259 b\u00f6l\u00fcn\u00fcb. Biz b\u00f6l\u00fcnm\u0259mi\u015fik, bununla f\u0259xr etm\u0259k laz\u0131md\u0131r, bunu t\u0259qsirimiz, g\u00fcnah\u0131m\u0131z yox, m\u0259ziyy\u0259timiz, u\u011furumuz kimi qiym\u0259tl\u0259ndirm\u0259k g\u0259r\u0259kdir.\n<\/p>\n<p>\n  <b><br \/>\n    &#8211; M\u0259s\u0259l\u0259 ondad\u0131r ki, d\u00fcnyada yarad\u0131c\u0131 birlikl\u0259r h\u00f6kum\u0259ti t\u0259nqid \u00fcz\u0259rind\u0259 qurulur&#8230;<br \/>\n  <\/b>\n<\/p>\n<p>\n  &#8211; Xeyr, el\u0259 deyil. T\u0259nqid ed\u0259n d\u0259 var, etm\u0259y\u0259n d\u0259. \u00d6z\u00fc d\u0259 niy\u0259 t\u0259nqid \u00fcz\u0259rind\u0259 qurmal\u0131d\u0131r? Deyirsiniz ki, xaricd\u0259ki yaz\u0131\u00e7\u0131lar birlikl\u0259ri m\u00fcst\u0259qildir, yax\u015f\u0131 oran\u0131 g\u00f6t\u00fcr\u0259k, xaricd\u0259 yaz\u0131\u00e7\u0131 bir yerd\u0259 \u00e7\u0131x\u0131\u015f edirs\u0259, onun pulunu verirl\u0259r, q\u0259zetd\u0259 k\u00f6\u015f\u0259 yaz\u0131rsa, pulunu verirl\u0259r. M\u0259n Xalq yaz\u0131\u00e7\u0131s\u0131 kimi he\u00e7 bir yerd\u0259n qonorar alm\u0131ram. Filml\u0259rim televiziyada g\u00f6st\u0259rilir, c\u00fczi g\u0259lir verirl\u0259r, \u00e7\u0131x\u0131\u015flar edir\u0259m, birind\u0259n qonorar alm\u0131ram, kitablar\u0131m \u00e7\u0131x\u0131r, o da el\u0259, alm\u0131ram. Yax\u015f\u0131 ki, deputat olmu\u015fam, ordan pensiya al\u0131ram, o da olmasayd\u0131, dolana bilm\u0259zdim. Yax\u015f\u0131, kapitalizm \u00fcsuludursa, orda olan \u015feyl\u0259ri siz d\u0259 edin. Q\u0259zetd\u0259 yaz\u0131n \u00e7\u0131x\u0131r, qonorar ver\u0259k, televiziyada \u00e7\u0131x\u0131\u015f edirs\u0259n, qonorar ver\u0259k. \u0130ndi d\u0259 siz\u0259 deyir\u0259m, s\u00f6hb\u0259t\u0259 g\u00f6r\u0259 m\u0259nim pulumu verin, verm\u0259y\u0259c\u0259ksiniz ki?!\n<\/p>\n<p>\n  <b><br \/>\n    &#8211; Niy\u0259 AYB-ni &quot;\u018fd\u0259biyyat Nazirliyi&quot; adland\u0131r\u0131rlar?<br \/>\n  <\/b>\n<\/p>\n<p>\n  &#8211; Axmaq adam \u00e7oxdur da, m\u0259n b\u00fct\u00fcn axmaqlara cavab ver\u0259n deyil\u0259m.\n<\/p>\n<p>\n  <b><br \/>\n    &#8211; AYB v\u0259 onun r\u0259hb\u0259rliyi bar\u0259d\u0259 t\u0259nqidl\u0259rin d\u0259rc edildiyi K\u0130V-l\u0259r bu g\u00fcn ba\u011flan\u0131b. Konkret olaraq, \u201cAzadl\u0131q\u201d q\u0259zeti ba\u011flan\u0131b, bundan m\u0259mnunsunuzmu?<br \/>\n  <\/b>\n<\/p>\n<p>\n  &#8211; M\u0259mnun deyil\u0259m, amma Allah r\u0259hm\u0259t etsin. \u201cAzadl\u0131q\u201d q\u0259zeti h\u0259r g\u00fcn m\u0259nim \u0259leyhim\u0259 yaz\u0131rd\u0131. O \u201cAzadl\u0131q\u201d q\u0259zeti ki, ba\u011flananda getdim Ayaz M\u00fct\u0259llibovun yan\u0131na, xahi\u015f etdim, q\u0259zeti ba\u011flamay\u0131n, a\u00e7\u0131n, o da m\u0259nim xahi\u015fim\u0259 \u0259m\u0259l etdi, sa\u011f olsun. S\u0259h\u0259ri g\u00fcn bir m\u0259clisd\u0259 qar\u015f\u0131la\u015fd\u0131q, dedi ki, \u201cAzadl\u0131q\u201d\u0131 a\u00e7d\u0131q, birinci n\u00f6mr\u0259d\u0259 s\u0259nin \u0259leyhin\u0259 m\u0259qal\u0259 verib.\n<\/p>\n<p>\n  <b><br \/>\n    &#8211; Anar m\u00fc\u0259llim, 2020-ci ilin sonu Az\u0259rbaycan \u00fc\u00e7\u00fcn qeyri-adi bir d\u00f6vrl\u0259 ba\u015fa \u00e7atd\u0131, i\u015f\u011fal alt\u0131ndak\u0131 \u0259razil\u0259rin bir hiss\u0259si azad edildi&#8230;<br \/>\n  <\/b>\n<\/p>\n<p>\n  &#8211; Bir hiss\u0259si yox, ham\u0131s\u0131n\u0131 azad etmi\u015fik.\n<\/p>\n<p>\n  <b><br \/>\n    &#8211; H\u0259r halda Xank\u0259ndi, Xocal\u0131 v\u0259 \u018fsg\u0259randa h\u0259l\u0259 \u00f6lk\u0259 suverenliyi b\u0259rpa olunmay\u0131b&#8230;<br \/>\n  <\/b>\n<\/p>\n<p>\n  &#8211; Geci-tezi var d\u0259.\n<\/p>\n<p>\n  <b><br \/>\n    &#8211; Bel\u0259 bir m\u00fcharib\u0259 olaca\u011f\u0131n\u0131 g\u00f6zl\u0259yirdinizmi?<br \/>\n  <\/b>\n<\/p>\n<p>\n  &#8211; M\u00f6c\u00fcz\u0259 ba\u015f verdi. Ya\u015f\u0131m 70-d\u0259n \u00e7ox idi, h\u00f6rm\u0259tli prezidentimiz m\u0259n\u0259 \u201cHeyd\u0259r \u018fliyev m\u00fckafat\u0131\u201d verdi, o zaman \u00e7\u0131x\u0131\u015f\u0131mda dedim ki, filan q\u0259d\u0259r ya\u015f\u0131m var, amma s\u00f6z verir\u0259m, sizinl\u0259 bir yerd\u0259 \u015eu\u015faya getm\u0259mi\u015f d\u00fcnyam\u0131 d\u0259yi\u015fm\u0259y\u0259c\u0259m. Amma \u00fcmidim az idi, bu oldu, m\u00f6c\u00fcz\u0259 ba\u015f verdi, \u201cXar\u0131 b\u00fclb\u00fcl\u201d festival\u0131nda i\u015ftirak etdim. Hesab edir\u0259m ki, h\u0259yat\u0131m\u0131n \u0259n sevincli g\u00fcnl\u0259rind\u0259n biri \u015eu\u015faya gedib oran\u0131 g\u00f6rm\u0259k idi.\n<\/p>\n<p>\n  <b><br \/>\n    &#8211; \u0130ki xalq\u0131n g\u0259l\u0259c\u0259kd\u0259 bir yerd\u0259 ya\u015fayaca\u011f\u0131na nec\u0259 bax\u0131rs\u0131n\u0131z, m\u00fcmk\u00fcn olacaqm\u0131?<br \/>\n  <\/b>\n<\/p>\n<p>\n  &#8211; Erm\u0259nil\u0259rd\u0259n as\u0131l\u0131d\u0131r, biz onlarla ya\u015fam\u0131\u015f\u0131q v\u0259 onlar\u0131 he\u00e7 vaxt incitm\u0259mi\u015fik. Da\u011fl\u0131q Qaraba\u011f Muxtar Vilay\u0259tinin r\u0259hb\u0259rl\u0259ri d\u0259 onlar idi, sovet d\u00f6vr\u00fcnd\u0259 teatrlar\u0131 da vard\u0131, institutlar\u0131 da, q\u0259zetl\u0259ri d\u0259, m\u0259kt\u0259bl\u0259ri d\u0259, kitabxanalar\u0131 da. \u018fvv\u0259l \u201cMiatsum\u201d ad\u0131yla Qaraba\u011f\u0131 Erm\u0259nistana qatacaqlar\u0131n\u0131 dedil\u0259r, sonra m\u00fcst\u0259qil d\u00f6vl\u0259t, indi is\u0259 h\u0259r \u015feyi itirdil\u0259r. \u0130nanm\u0131ram ki, onlar uzun m\u00fcdd\u0259t Qaraba\u011fda ya\u015fayacaqlar, dinc yolla yava\u015f-yava\u015f \u00e7\u0131x\u0131b ged\u0259c\u0259kl\u0259r.\n<\/p>\n<p>\n  <b><br \/>\n    &#8211; Sovet d\u00f6vr\u00fcnd\u0259 erm\u0259ni yaz\u0131\u00e7\u0131lar\u0131 aras\u0131nda siz\u0259 \u0259n yax\u0131n kim idi?<br \/>\n  <\/b>\n<\/p>\n<p>\n  &#8211; Erm\u0259ni yaz\u0131\u00e7\u0131lar\u0131ndan he\u00e7 biri il\u0259 yax\u0131nl\u0131\u011f\u0131m olmay\u0131b, amma Qrant Matevosyan\u0131n yarad\u0131c\u0131l\u0131\u011f\u0131n\u0131 b\u0259y\u0259nir\u0259m, onunla da tan\u0131\u015f idim. Yaz\u0131\u00e7\u0131 kimi ona g\u00f6r\u0259 Matevosyan\u0131 b\u0259y\u0259nir\u0259m ki, onda mill\u0259t\u00e7ilik bir az azd\u0131r. \u018fsas qat\u0131 mill\u0259t\u00e7il\u0259r Ser Xanzadyand\u0131r, Silva Kapitukyand\u0131r v\u0259 Pa\u015finyanla qol-boyun olub C\u0131d\u0131r d\u00fcz\u00fcnd\u0259 s\u0259rxo\u015f r\u0259qs ed\u0259n Zori Balayand\u0131r.<\/p>\n","protected":false},"excerpt":{"rendered":"<p>Yaz\u0131\u00e7\u0131 Anar: \u201cYax\u015f\u0131 ki, deputat olmu\u015fam, ordan pensiya al\u0131ram, o da olmasayd\u0131, dolana bilm\u0259zdim\u201d<\/p>\n","protected":false},"author":11,"featured_media":207660,"comment_status":"closed","ping_status":"open","sticky":false,"template":"","format":"standard","meta":{"_acf_changed":false,"_sitemap_exclude":false,"_sitemap_priority":"","_sitemap_frequency":"","footnotes":""},"categories":[63],"tags":[],"class_list":["post-211982","post","type-post","status-publish","format-standard","has-post-thumbnail","hentry","category-video-2","infinite-scroll-item","generate-columns","tablet-grid-50","mobile-grid-100","grid-parent","grid-33","no-featured-image-padding"],"acf":[],"yoast_head":"<!-- This site is optimized with the Yoast SEO plugin v27.5 - https:\/\/yoast.com\/product\/yoast-seo-wordpress\/ -->\n<title>Yaz\u0131\u00e7\u0131 Anar: Vacib deyil ki, n\u00f6vb\u0259ti qurultaya q\u0259d\u0259r qal\u0131m... - MEYDAN.TV<\/title>\n<meta name=\"robots\" content=\"index, follow, max-snippet:-1, max-image-preview:large, max-video-preview:-1\" \/>\n<link rel=\"canonical\" href=\"https:\/\/www.meydan.tv\/az\/article\/yazici-anar-vacib-deyil-ki-novbeti-qurultaya-qeder-qalim\/\" \/>\n<meta property=\"og:locale\" content=\"az_AZ\" \/>\n<meta property=\"og:type\" content=\"article\" \/>\n<meta property=\"og:title\" content=\"Yaz\u0131\u00e7\u0131 Anar: Vacib deyil ki, n\u00f6vb\u0259ti qurultaya q\u0259d\u0259r qal\u0131m... - MEYDAN.TV\" \/>\n<meta property=\"og:description\" content=\"Yaz\u0131\u00e7\u0131 Anar: \u201cYax\u015f\u0131 ki, deputat olmu\u015fam, ordan pensiya al\u0131ram, o da olmasayd\u0131, dolana bilm\u0259zdim\u201d\" \/>\n<meta property=\"og:url\" content=\"https:\/\/www.meydan.tv\/az\/article\/yazici-anar-vacib-deyil-ki-novbeti-qurultaya-qeder-qalim\/\" \/>\n<meta property=\"og:site_name\" content=\"MEYDAN.TV\" \/>\n<meta property=\"article:published_time\" content=\"2021-07-14T13:14:53+00:00\" \/>\n<meta property=\"og:image\" content=\"https:\/\/www.meydan.tv\/wp-content\/uploads\/457458.png\" \/>\n\t<meta property=\"og:image:width\" content=\"1280\" \/>\n\t<meta property=\"og:image:height\" content=\"720\" \/>\n\t<meta property=\"og:image:type\" content=\"image\/png\" \/>\n<meta name=\"author\" content=\"user-manager\" \/>\n<meta name=\"twitter:card\" content=\"summary_large_image\" \/>\n<script type=\"application\/ld+json\" class=\"yoast-schema-graph\">{\"@context\":\"https:\\\/\\\/schema.org\",\"@graph\":[{\"@type\":\"Article\",\"@id\":\"https:\\\/\\\/www.meydan.tv\\\/az\\\/article\\\/yazici-anar-vacib-deyil-ki-novbeti-qurultaya-qeder-qalim\\\/#article\",\"isPartOf\":{\"@id\":\"https:\\\/\\\/www.meydan.tv\\\/az\\\/article\\\/yazici-anar-vacib-deyil-ki-novbeti-qurultaya-qeder-qalim\\\/\"},\"author\":{\"name\":\"user-manager\",\"@id\":\"https:\\\/\\\/www.meydan.tv\\\/az\\\/#\\\/schema\\\/person\\\/10d11eccf6da3662cf5fdab9806ea91a\"},\"headline\":\"Yaz\u0131\u00e7\u0131 Anar: Vacib deyil ki, n\u00f6vb\u0259ti qurultaya q\u0259d\u0259r qal\u0131m&#8230;\",\"datePublished\":\"2021-07-14T13:14:53+00:00\",\"mainEntityOfPage\":{\"@id\":\"https:\\\/\\\/www.meydan.tv\\\/az\\\/article\\\/yazici-anar-vacib-deyil-ki-novbeti-qurultaya-qeder-qalim\\\/\"},\"wordCount\":3273,\"publisher\":{\"@id\":\"https:\\\/\\\/www.meydan.tv\\\/az\\\/#organization\"},\"image\":{\"@id\":\"https:\\\/\\\/www.meydan.tv\\\/az\\\/article\\\/yazici-anar-vacib-deyil-ki-novbeti-qurultaya-qeder-qalim\\\/#primaryimage\"},\"thumbnailUrl\":\"https:\\\/\\\/www.meydan.tv\\\/wp-content\\\/uploads\\\/457458.png\",\"articleSection\":[\"Video\"],\"inLanguage\":\"az\"},{\"@type\":\"WebPage\",\"@id\":\"https:\\\/\\\/www.meydan.tv\\\/az\\\/article\\\/yazici-anar-vacib-deyil-ki-novbeti-qurultaya-qeder-qalim\\\/\",\"url\":\"https:\\\/\\\/www.meydan.tv\\\/az\\\/article\\\/yazici-anar-vacib-deyil-ki-novbeti-qurultaya-qeder-qalim\\\/\",\"name\":\"Yaz\u0131\u00e7\u0131 Anar: Vacib deyil ki, n\u00f6vb\u0259ti qurultaya q\u0259d\u0259r qal\u0131m... - MEYDAN.TV\",\"isPartOf\":{\"@id\":\"https:\\\/\\\/www.meydan.tv\\\/az\\\/#website\"},\"primaryImageOfPage\":{\"@id\":\"https:\\\/\\\/www.meydan.tv\\\/az\\\/article\\\/yazici-anar-vacib-deyil-ki-novbeti-qurultaya-qeder-qalim\\\/#primaryimage\"},\"image\":{\"@id\":\"https:\\\/\\\/www.meydan.tv\\\/az\\\/article\\\/yazici-anar-vacib-deyil-ki-novbeti-qurultaya-qeder-qalim\\\/#primaryimage\"},\"thumbnailUrl\":\"https:\\\/\\\/www.meydan.tv\\\/wp-content\\\/uploads\\\/457458.png\",\"datePublished\":\"2021-07-14T13:14:53+00:00\",\"breadcrumb\":{\"@id\":\"https:\\\/\\\/www.meydan.tv\\\/az\\\/article\\\/yazici-anar-vacib-deyil-ki-novbeti-qurultaya-qeder-qalim\\\/#breadcrumb\"},\"inLanguage\":\"az\",\"potentialAction\":[{\"@type\":\"ReadAction\",\"target\":[\"https:\\\/\\\/www.meydan.tv\\\/az\\\/article\\\/yazici-anar-vacib-deyil-ki-novbeti-qurultaya-qeder-qalim\\\/\"]}]},{\"@type\":\"ImageObject\",\"inLanguage\":\"az\",\"@id\":\"https:\\\/\\\/www.meydan.tv\\\/az\\\/article\\\/yazici-anar-vacib-deyil-ki-novbeti-qurultaya-qeder-qalim\\\/#primaryimage\",\"url\":\"https:\\\/\\\/www.meydan.tv\\\/wp-content\\\/uploads\\\/457458.png\",\"contentUrl\":\"https:\\\/\\\/www.meydan.tv\\\/wp-content\\\/uploads\\\/457458.png\",\"width\":1280,\"height\":720,\"caption\":\"Source: Meydan.TV\"},{\"@type\":\"BreadcrumbList\",\"@id\":\"https:\\\/\\\/www.meydan.tv\\\/az\\\/article\\\/yazici-anar-vacib-deyil-ki-novbeti-qurultaya-qeder-qalim\\\/#breadcrumb\",\"itemListElement\":[{\"@type\":\"ListItem\",\"position\":1,\"name\":\"Ana s\u0259hif\u0259\",\"item\":\"https:\\\/\\\/www.meydan.tv\\\/az\\\/\"},{\"@type\":\"ListItem\",\"position\":2,\"name\":\"Video\",\"item\":\"https:\\\/\\\/www.meydan.tv\\\/az\\\/section\\\/video-2\\\/\"},{\"@type\":\"ListItem\",\"position\":3,\"name\":\"Yaz\u0131\u00e7\u0131 Anar: Vacib deyil ki, n\u00f6vb\u0259ti qurultaya q\u0259d\u0259r qal\u0131m&#8230;\"}]},{\"@type\":\"WebSite\",\"@id\":\"https:\\\/\\\/www.meydan.tv\\\/az\\\/#website\",\"url\":\"https:\\\/\\\/www.meydan.tv\\\/az\\\/\",\"name\":\"MEYDAN.TV\",\"description\":\"Meydan TV Az\u0259rbaycan\u0131n media m\u0259kan\u0131ndak\u0131 alternativ s\u0259sidir\",\"publisher\":{\"@id\":\"https:\\\/\\\/www.meydan.tv\\\/az\\\/#organization\"},\"potentialAction\":[{\"@type\":\"SearchAction\",\"target\":{\"@type\":\"EntryPoint\",\"urlTemplate\":\"https:\\\/\\\/www.meydan.tv\\\/az\\\/?s={search_term_string}\"},\"query-input\":{\"@type\":\"PropertyValueSpecification\",\"valueRequired\":true,\"valueName\":\"search_term_string\"}}],\"inLanguage\":\"az\"},{\"@type\":\"Organization\",\"@id\":\"https:\\\/\\\/www.meydan.tv\\\/az\\\/#organization\",\"name\":\"Meydan TV\",\"url\":\"https:\\\/\\\/www.meydan.tv\\\/az\\\/\",\"logo\":{\"@type\":\"ImageObject\",\"inLanguage\":\"az\",\"@id\":\"https:\\\/\\\/www.meydan.tv\\\/az\\\/#\\\/schema\\\/logo\\\/image\\\/\",\"url\":\"https:\\\/\\\/www.meydan.tv\\\/wp-content\\\/uploads\\\/2021\\\/07\\\/meydan-logo.svg\",\"contentUrl\":\"https:\\\/\\\/www.meydan.tv\\\/wp-content\\\/uploads\\\/2021\\\/07\\\/meydan-logo.svg\",\"width\":195,\"height\":46,\"caption\":\"Meydan TV\"},\"image\":{\"@id\":\"https:\\\/\\\/www.meydan.tv\\\/az\\\/#\\\/schema\\\/logo\\\/image\\\/\"}},{\"@type\":\"Person\",\"@id\":\"https:\\\/\\\/www.meydan.tv\\\/az\\\/#\\\/schema\\\/person\\\/10d11eccf6da3662cf5fdab9806ea91a\",\"name\":\"user-manager\"}]}<\/script>\n<!-- \/ Yoast SEO plugin. -->","yoast_head_json":{"title":"Yaz\u0131\u00e7\u0131 Anar: Vacib deyil ki, n\u00f6vb\u0259ti qurultaya q\u0259d\u0259r qal\u0131m... - MEYDAN.TV","robots":{"index":"index","follow":"follow","max-snippet":"max-snippet:-1","max-image-preview":"max-image-preview:large","max-video-preview":"max-video-preview:-1"},"canonical":"https:\/\/www.meydan.tv\/az\/article\/yazici-anar-vacib-deyil-ki-novbeti-qurultaya-qeder-qalim\/","og_locale":"az_AZ","og_type":"article","og_title":"Yaz\u0131\u00e7\u0131 Anar: Vacib deyil ki, n\u00f6vb\u0259ti qurultaya q\u0259d\u0259r qal\u0131m... - MEYDAN.TV","og_description":"Yaz\u0131\u00e7\u0131 Anar: \u201cYax\u015f\u0131 ki, deputat olmu\u015fam, ordan pensiya al\u0131ram, o da olmasayd\u0131, dolana bilm\u0259zdim\u201d","og_url":"https:\/\/www.meydan.tv\/az\/article\/yazici-anar-vacib-deyil-ki-novbeti-qurultaya-qeder-qalim\/","og_site_name":"MEYDAN.TV","article_published_time":"2021-07-14T13:14:53+00:00","og_image":[{"width":1280,"height":720,"url":"https:\/\/www.meydan.tv\/wp-content\/uploads\/457458.png","type":"image\/png"}],"author":"user-manager","twitter_card":"summary_large_image","schema":{"@context":"https:\/\/schema.org","@graph":[{"@type":"Article","@id":"https:\/\/www.meydan.tv\/az\/article\/yazici-anar-vacib-deyil-ki-novbeti-qurultaya-qeder-qalim\/#article","isPartOf":{"@id":"https:\/\/www.meydan.tv\/az\/article\/yazici-anar-vacib-deyil-ki-novbeti-qurultaya-qeder-qalim\/"},"author":{"name":"user-manager","@id":"https:\/\/www.meydan.tv\/az\/#\/schema\/person\/10d11eccf6da3662cf5fdab9806ea91a"},"headline":"Yaz\u0131\u00e7\u0131 Anar: Vacib deyil ki, n\u00f6vb\u0259ti qurultaya q\u0259d\u0259r qal\u0131m&#8230;","datePublished":"2021-07-14T13:14:53+00:00","mainEntityOfPage":{"@id":"https:\/\/www.meydan.tv\/az\/article\/yazici-anar-vacib-deyil-ki-novbeti-qurultaya-qeder-qalim\/"},"wordCount":3273,"publisher":{"@id":"https:\/\/www.meydan.tv\/az\/#organization"},"image":{"@id":"https:\/\/www.meydan.tv\/az\/article\/yazici-anar-vacib-deyil-ki-novbeti-qurultaya-qeder-qalim\/#primaryimage"},"thumbnailUrl":"https:\/\/www.meydan.tv\/wp-content\/uploads\/457458.png","articleSection":["Video"],"inLanguage":"az"},{"@type":"WebPage","@id":"https:\/\/www.meydan.tv\/az\/article\/yazici-anar-vacib-deyil-ki-novbeti-qurultaya-qeder-qalim\/","url":"https:\/\/www.meydan.tv\/az\/article\/yazici-anar-vacib-deyil-ki-novbeti-qurultaya-qeder-qalim\/","name":"Yaz\u0131\u00e7\u0131 Anar: Vacib deyil ki, n\u00f6vb\u0259ti qurultaya q\u0259d\u0259r qal\u0131m... - MEYDAN.TV","isPartOf":{"@id":"https:\/\/www.meydan.tv\/az\/#website"},"primaryImageOfPage":{"@id":"https:\/\/www.meydan.tv\/az\/article\/yazici-anar-vacib-deyil-ki-novbeti-qurultaya-qeder-qalim\/#primaryimage"},"image":{"@id":"https:\/\/www.meydan.tv\/az\/article\/yazici-anar-vacib-deyil-ki-novbeti-qurultaya-qeder-qalim\/#primaryimage"},"thumbnailUrl":"https:\/\/www.meydan.tv\/wp-content\/uploads\/457458.png","datePublished":"2021-07-14T13:14:53+00:00","breadcrumb":{"@id":"https:\/\/www.meydan.tv\/az\/article\/yazici-anar-vacib-deyil-ki-novbeti-qurultaya-qeder-qalim\/#breadcrumb"},"inLanguage":"az","potentialAction":[{"@type":"ReadAction","target":["https:\/\/www.meydan.tv\/az\/article\/yazici-anar-vacib-deyil-ki-novbeti-qurultaya-qeder-qalim\/"]}]},{"@type":"ImageObject","inLanguage":"az","@id":"https:\/\/www.meydan.tv\/az\/article\/yazici-anar-vacib-deyil-ki-novbeti-qurultaya-qeder-qalim\/#primaryimage","url":"https:\/\/www.meydan.tv\/wp-content\/uploads\/457458.png","contentUrl":"https:\/\/www.meydan.tv\/wp-content\/uploads\/457458.png","width":1280,"height":720,"caption":"Source: Meydan.TV"},{"@type":"BreadcrumbList","@id":"https:\/\/www.meydan.tv\/az\/article\/yazici-anar-vacib-deyil-ki-novbeti-qurultaya-qeder-qalim\/#breadcrumb","itemListElement":[{"@type":"ListItem","position":1,"name":"Ana s\u0259hif\u0259","item":"https:\/\/www.meydan.tv\/az\/"},{"@type":"ListItem","position":2,"name":"Video","item":"https:\/\/www.meydan.tv\/az\/section\/video-2\/"},{"@type":"ListItem","position":3,"name":"Yaz\u0131\u00e7\u0131 Anar: Vacib deyil ki, n\u00f6vb\u0259ti qurultaya q\u0259d\u0259r qal\u0131m&#8230;"}]},{"@type":"WebSite","@id":"https:\/\/www.meydan.tv\/az\/#website","url":"https:\/\/www.meydan.tv\/az\/","name":"MEYDAN.TV","description":"Meydan TV Az\u0259rbaycan\u0131n media m\u0259kan\u0131ndak\u0131 alternativ s\u0259sidir","publisher":{"@id":"https:\/\/www.meydan.tv\/az\/#organization"},"potentialAction":[{"@type":"SearchAction","target":{"@type":"EntryPoint","urlTemplate":"https:\/\/www.meydan.tv\/az\/?s={search_term_string}"},"query-input":{"@type":"PropertyValueSpecification","valueRequired":true,"valueName":"search_term_string"}}],"inLanguage":"az"},{"@type":"Organization","@id":"https:\/\/www.meydan.tv\/az\/#organization","name":"Meydan TV","url":"https:\/\/www.meydan.tv\/az\/","logo":{"@type":"ImageObject","inLanguage":"az","@id":"https:\/\/www.meydan.tv\/az\/#\/schema\/logo\/image\/","url":"https:\/\/www.meydan.tv\/wp-content\/uploads\/2021\/07\/meydan-logo.svg","contentUrl":"https:\/\/www.meydan.tv\/wp-content\/uploads\/2021\/07\/meydan-logo.svg","width":195,"height":46,"caption":"Meydan TV"},"image":{"@id":"https:\/\/www.meydan.tv\/az\/#\/schema\/logo\/image\/"}},{"@type":"Person","@id":"https:\/\/www.meydan.tv\/az\/#\/schema\/person\/10d11eccf6da3662cf5fdab9806ea91a","name":"user-manager"}]}},"_links":{"self":[{"href":"https:\/\/www.meydan.tv\/az\/wp-json\/wp\/v2\/posts\/211982","targetHints":{"allow":["GET"]}}],"collection":[{"href":"https:\/\/www.meydan.tv\/az\/wp-json\/wp\/v2\/posts"}],"about":[{"href":"https:\/\/www.meydan.tv\/az\/wp-json\/wp\/v2\/types\/post"}],"author":[{"embeddable":true,"href":"https:\/\/www.meydan.tv\/az\/wp-json\/wp\/v2\/users\/11"}],"replies":[{"embeddable":true,"href":"https:\/\/www.meydan.tv\/az\/wp-json\/wp\/v2\/comments?post=211982"}],"version-history":[{"count":0,"href":"https:\/\/www.meydan.tv\/az\/wp-json\/wp\/v2\/posts\/211982\/revisions"}],"wp:featuredmedia":[{"embeddable":true,"href":"https:\/\/www.meydan.tv\/az\/wp-json\/wp\/v2\/media\/207660"}],"wp:attachment":[{"href":"https:\/\/www.meydan.tv\/az\/wp-json\/wp\/v2\/media?parent=211982"}],"wp:term":[{"taxonomy":"category","embeddable":true,"href":"https:\/\/www.meydan.tv\/az\/wp-json\/wp\/v2\/categories?post=211982"},{"taxonomy":"post_tag","embeddable":true,"href":"https:\/\/www.meydan.tv\/az\/wp-json\/wp\/v2\/tags?post=211982"}],"curies":[{"name":"wp","href":"https:\/\/api.w.org\/{rel}","templated":true}]}}