{"id":211975,"date":"2021-07-14T10:05:06","date_gmt":"2021-07-14T10:05:06","guid":{"rendered":"https:\/\/www.meydan.tv\/article\/infeksionist-ucuncu-dozanin-tetbiqi-olum-hallarinin-qarsisini-alacaq\/"},"modified":"2021-07-14T10:05:06","modified_gmt":"2021-07-14T10:05:06","slug":"infeksionist-ucuncu-dozanin-tetbiqi-olum-hallarinin-qarsisini-alacaq","status":"publish","type":"post","link":"https:\/\/www.meydan.tv\/az\/article\/infeksionist-ucuncu-dozanin-tetbiqi-olum-hallarinin-qarsisini-alacaq\/","title":{"rendered":"\u0130nfeksionist: \u00dc\u00e7\u00fcnc\u00fc dozan\u0131n t\u0259tbiqi \u00f6l\u00fcm hallar\u0131n\u0131n qar\u015f\u0131s\u0131n\u0131 alacaq"},"content":{"rendered":"<p>\n  <i><br \/>\n    Adil Qeybulla: &quot;El\u0259 bir situasiya yarana bil\u0259r ki, peyv\u0259ndl\u0259m\u0259 icbari xarakter da\u015f\u0131yar&quot;<br \/>\n  <\/i>\n<\/p>\n<p>\n  \u201cPandemiya bitm\u0259yib, yoluxmalar davam edir. Bel\u0259 oldu\u011fu halda, d\u00f6rd\u00fcnc\u00fc dozan\u0131n t\u0259tbiq edil\u0259c\u0259yi ehtimal\u0131 var\u201d.\n<\/p>\n<p>\n  Bunu infeksionist V\u00fcqar Cavadzad\u0259 Meydan TV-y\u0259 Az\u0259rbaycanda \u00fc\u00e7\u00fcnc\u00fc dozan\u0131n vurulaca\u011f\u0131n\u0131 \u015f\u0259rh ed\u0259rk\u0259n deyib.\n<\/p>\n<p>\n  S\u0259hiyy\u0259 Nazirliyi bir s\u0131ra \u00f6lk\u0259l\u0259rin vaksinasiya t\u0259cr\u00fcb\u0259sin\u0259 \u0259saslanaraq bug\u00fcnl\u0259rd\u0259 q\u0259rar q\u0259bul edib.\n<\/p>\n<p>\n  Q\u0259rara \u0259sas\u0259n, x\u0259st\u0259liyi ke\u00e7ir\u0259n v\u0259 qeydiyyatda olan \u015f\u0259xsl\u0259r sa\u011fald\u0131qdan 6 ay sonra COVID-19-a qar\u015f\u0131 Az\u0259rbaycanda istifad\u0259 olunan h\u0259r hans\u0131 vaksinin bir dozas\u0131n\u0131 ald\u0131qda \u201c\u0130mmunitet sertifikat\u0131\u201dn\u0131n m\u00fcdd\u0259ti 6 ay uzad\u0131lacaq.\n<\/p>\n<p>\n  Eyni zamanda, peyv\u0259ndl\u0259nmi\u015f v\u0259t\u0259nda\u015flar, ikinci dozan\u0131 ald\u0131qlar\u0131 tarixd\u0259n 6 ay ke\u00e7dikd\u0259n sonra m\u00fcvafiq tibbi g\u00f6st\u0259ri\u015fl\u0259r\u0259 uy\u011fun olaraq COVID-19-a qar\u015f\u0131 Az\u0259rbaycanda istifad\u0259 olunan h\u0259r hans\u0131 vaksinin bir dozas\u0131n\u0131 ald\u0131qda \u201cVaksin sertifikat\u0131\u201dn\u0131n m\u00fcdd\u0259ti 6 ay uzad\u0131lacaq.\n<\/p>\n<p>\n  \u0130nfeksionist V\u00fcqar Cavadzad\u0259 deyir ki, \u00fc\u00e7\u00fcnc\u00fc dozan\u0131n t\u0259tbiqi \u00f6l\u00fcm hallar\u0131n\u0131n qar\u015f\u0131s\u0131n\u0131 alacaq: \u201cBirinci v\u0259 ikinci doza vaksind\u0259n sonra yaranan antitell\u0259r qanda t\u0259qrib\u0259n alt\u0131 ay m\u00fcdd\u0259tind\u0259 qal\u0131r. \u0130lk \u00fc\u00e7 ayda y\u00fcks\u0259k qoruyuculu\u011fa sahib olur, daha sonra is\u0259 azalma\u011fa do\u011fru gedir. Alt\u0131 aydan sonra is\u0259 qanda itir. Sonrak\u0131 m\u00fcdd\u0259td\u0259 insan koronavirusu a\u011f\u0131r ke\u00e7ir\u0259 bil\u0259r. M\u0259hz buna g\u00f6r\u0259 d\u0259 \u00fc\u00e7\u00fcnc\u00fc dozan\u0131 vurdurmaq laz\u0131md\u0131r. Bu gedi\u015fl\u0259, d\u00f6rd\u00fcnc\u00fc dozan\u0131n vurulmas\u0131 da qa\u00e7\u0131lmazd\u0131r\u201d.\n<\/p>\n<figure class=\"wp-block-image size-large\">\n  <img decoding=\"async\" src=\"https:\/\/www.meydan.tv\/az\/555753a6-f38c-36c0-bf24-d6957fcb18f9_824-jpg\/\" alt=\"555753a6-f38c-36c0-bf24-d6957fcb18f9_824.jpg\" class=\"wp-image-207909\"\/><figcaption>\n    V\u00fcqar Cavadzad\u0259<br \/>\n  <\/figcaption><\/figure>\n<p>\n  <b><br \/>\n    &quot;\u00dc\u00e7\u00fcnc\u00fc doza vaksin immunitetin art\u0131r\u0131lmas\u0131 \u00fc\u00e7\u00fcnd\u00fcr&quot;<br \/>\n  <\/b>\n<\/p>\n<p>\n  Az\u0259rbaycan H\u0259kiml\u0259ri \u0130ctimai Birliyinin s\u0259dri, tibb elml\u0259ri doktoru Adil Qeybulla hesab edir ki, vaksinasiyaya loyal yana\u015fmaq laz\u0131md\u0131r: \u201cBurada ba\u015fqa bir maraq yoxdur. \u00dc\u00e7\u00fcnc\u00fc doza vaksinin vurulmas\u0131 immunitetin art\u0131r\u0131lmas\u0131 \u00fc\u00e7\u00fcnd\u00fcr. Y\u0259ni vaksin olunmu\u015f \u015f\u0259xsl\u0259rd\u0259 alt\u0131 aydan sonra \u0259lav\u0259 doza vurulmas\u0131, immunitetin uzanmas\u0131na xidm\u0259t edir. \u00dc\u00e7\u00fcnc\u00fc vaksinin vurulmas\u0131n\u0131n v\u0259t\u0259nda\u015f\u0131n se\u00e7imi v\u0259 ya z\u0259ruri olmas\u0131 m\u0259s\u0259l\u0259sin\u0259 g\u0259linc\u0259, el\u0259 bir situasiya yarana bil\u0259r ki, peyv\u0259ndl\u0259m\u0259 icbari xarakter da\u015f\u0131yar. O zaman se\u00e7im v\u0259t\u0259nda\u015fda olmur. Amma h\u0259l\u0259lik se\u00e7im v\u0259t\u0259nda\u015fdad\u0131r, hesab edir\u0259m ki, bu \u015fansdan istifad\u0259 m\u0259qs\u0259d\u0259uy\u011fundur. Peyv\u0259nd olunmaqla ba\u011fl\u0131 g\u0259z\u0259n \u015fayi\u0259l\u0259rin b\u00f6y\u00fck \u0259ks\u0259riyy\u0259ti m\u0259nas\u0131z v\u0259 \u0259sass\u0131zd\u0131r\u201d.\n<\/p>\n<p>\n  Son zamanlar d\u00fcnyada peyv\u0259ndl\u0259rin qar\u0131\u015fd\u0131r\u0131laraq vurulmas\u0131 g\u00fcnd\u0259m\u0259 g\u0259lib. \u00c7oxu bunun daha effektli oldu\u011funu d\u00fc\u015f\u00fcn\u00fcr v\u0259 bu c\u00fcr peyv\u0259nd olunanlar var. T\u00fcrkiy\u0259 Klinik Mikrobiyoloji v\u0259 Yoluxucu X\u0259st\u0259likl\u0259r D\u0259rn\u0259yi is\u0259 t\u00f6vsiy\u0259 edib ki, \u00fc\u00e7\u00fcnc\u00fc doza \u201cPfizer\u201d olsa daha yax\u015f\u0131d\u0131r. Lakin \u00dcmumd\u00fcnya S\u0259hiyy\u0259 T\u0259\u015fkilat\u0131n\u0131n (\u00dcST) ba\u015f eksperti Soumya Svaminathan (Soumya Swaminathan) f\u0259rqli istehsal\u00e7\u0131lar\u0131n COVID-19 peyv\u0259ndl\u0259rini qar\u0131\u015fd\u0131raraq vurma\u011f\u0131 t\u0259hl\u00fck\u0259li hesab<br \/>\n  <a href=\"https:\/\/d9mc3ts4czbpr.cloudfront.net\/az\/article\/ust-eksperti-ferqli-peyvendlerin-qarisdirilmasi-tehlukeli-tendensiyadir\/?ref=homepage-news\"><br \/>\n    edib.<br \/>\n  <\/a>\n<\/p>\n<figure class=\"wp-block-image size-large\">\n  <img decoding=\"async\" src=\"https:\/\/www.meydan.tv\/az\/adil-qeybulla\/\" alt=\"Adil Qeybulla\" class=\"wp-image-103755\"\/><figcaption>\n    Adil Qeybulla<br \/>\n  <\/figcaption><\/figure>\n<p>\n  <b><br \/>\n    &quot;Adam iki doza \u201cSinovac\u201d vurdurubsa, \u00fc\u00e7\u00fcnc\u00fcn\u00fc \u201cPfizer\u201d vurdura bil\u0259r&quot;<br \/>\n  <\/b>\n<\/p>\n<p>\n  Tibb Universitetinin T\u0259dris-Terapevtik Klinikas\u0131n\u0131n \u015f\u00f6b\u0259 m\u00fcdiri, radioloq-h\u0259kim Ayd\u0131n \u018fliyev is\u0259 d\u00fc\u015f\u00fcn\u00fcr ki, iki m\u00fcxt\u0259lif peyv\u0259ndin vurulmas\u0131na qar\u015f\u0131 \u00e7\u0131xmaq yanl\u0131\u015fd\u0131r: \u201c\u018fg\u0259r bir adam iki doza \u201cSinovac\u201d vurdurubsa, \u00fc\u00e7\u00fcnc\u00fcn\u00fc \u201cPfizer\u201d vurdura bil\u0259r.\n<\/p>\n<p>\n  Bununla ba\u011fl\u0131 kifay\u0259t q\u0259d\u0259r t\u0259cr\u00fcb\u0259 var, \u0259ks t\u0259sir is\u0259 yoxdur. \u00c7ox t\u0259\u0259ss\u00fcf ki, d\u00fcnyada anti-peyv\u0259nd kampaniya apar\u0131l\u0131r. Bu da insanlarda m\u00fc\u0259yy\u0259n q\u0259d\u0259r panika yarad\u0131r.\n<\/p>\n<p>\n  Vaksin olunan \u0259ks\u0259r insanlarda he\u00e7 bir yan t\u0259sir olmay\u0131b. \u0130ll\u0259rl\u0259 ham\u0131m\u0131z m\u00fcxt\u0259lif peyv\u0259ndl\u0259r vurdurmu\u015fuq. Bunun da he\u00e7 bir f\u0259sad\u0131 olmay\u0131b.\n<\/p>\n<p>\n  Onu da deyim ki, m\u0259n peyv\u0259ndl\u0259m\u0259nin m\u0259cburi olmas\u0131n\u0131n t\u0259r\u0259fdar\u0131yam, \u00e7\u00fcnki bu x\u0259st\u0259lik yoluxucudur. Ham\u0131m\u0131z\u0131n sosial m\u0259suliyy\u0259timiz var. Ola bil\u0259r ki, biz x\u0259st\u0259liyi y\u00fcng\u00fcl ke\u00e7ir\u0259rik. Amma i\u015f yerind\u0259, ail\u0259mizd\u0259, yaxud qohumlar\u0131m\u0131zda a\u011f\u0131r \u015f\u0259k\u0259rli diabet, \u00fcr\u0259k x\u0259st\u0259si, b\u00f6yr\u0259k \u00e7at\u0131\u015fmazl\u0131\u011f\u0131, onkoloji v\u0259 sair ba\u015fqa a\u011f\u0131r x\u0259st\u0259liyi olanlar\u0131 yoluxdurub, onlar\u0131n h\u0259yat\u0131n\u0131 itirm\u0259sin\u0259 bais ola bil\u0259rik. Nec\u0259 dey\u0259rl\u0259r, sonrak\u0131 pe\u015fmanl\u0131q da fayda verm\u0259z. \u0130nsanlar bu m\u0259cburiyy\u0259ti ba\u015fa d\u00fc\u015fm\u0259lidir\u201d.\n<\/p>\n<figure class=\"wp-block-image size-large\">\n  <img decoding=\"async\" src=\"https:\/\/www.meydan.tv\/az\/maxresdefault-jpg-77\/\" alt=\"maxresdefault.jpg\" class=\"wp-image-207927\"\/><figcaption>\n    Ayd\u0131n \u018fliyev<br \/>\n  <\/figcaption><\/figure>\n<p>\n  S\u0259hiyy\u0259 Nazirliyi, \u0130cbari Tibbi S\u0131\u011forta \u00fczr\u0259 D\u00f6vl\u0259t Agentliyi v\u0259 T\u018fB\u0130B iyulun 14-d\u0259 n\u00f6vb\u0259ti a\u00e7\u0131qlama<br \/>\n  <a href=\"http:\/\/sehiyye.gov.az\/xeberler\/3443-ar-shiyy-nazirliyi-cbari-tibbi-sorta-zr-dvlt-agentliyi-v-tbb-vtndalar-trfindn-vaksinasiya-il-bal-n-ox-veriln-suallar-cavablandrb.html\"><br \/>\n    yay\u0131b<br \/>\n  <\/a><br \/>\n  .\n<\/p>\n<p>\n  Bildirilib ki, \u201cPeyv\u0259nd sertifikat\u0131\u201d m\u00fcdd\u0259tsizdir. 02 iyul 2021-ci il tarixind\u0259n sonra \u201c\u0130mmunitet sertifikat\u0131\u201dn\u0131n m\u00fcdd\u0259ti bitdiyi \u00fc\u00e7\u00fcn \u00f6lk\u0259mizd\u0259 istifad\u0259 olunan h\u0259r hans\u0131 vaksind\u0259n 1 doza q\u0259bul ed\u0259n \u015f\u0259xsin \u201c\u0130mmunitet sertifikat\u0131\u201d m\u00fcdd\u0259tsiz olaraq uzad\u0131l\u0131r. \u0130yulun 2-d\u0259n \u0259vv\u0259l 1 doza vaksin vurdurmu\u015f \u015f\u0259xsl\u0259r is\u0259 2-ci doza vaksini m\u00fctl\u0259q vurdurmal\u0131d\u0131r.\n<\/p>\n<p>\n  \u201cD\u00fcnyada COVID-19 \u0259leyhin\u0259 vaksinasiyadan sonra yaranan immun cavab\u0131n dayan\u0131ql\u0131l\u0131\u011f\u0131 v\u0259 m\u00fcdd\u0259ti istiqam\u0259tind\u0259 elmi t\u0259dqiqatlar davam etdirilir. Apar\u0131lan t\u0259dqiqatlar\u0131n n\u0259tic\u0259l\u0259ri a\u00e7\u0131qland\u0131qdan, \u00dcST v\u0259 dig\u0259r beyn\u0259lxalq s\u0259hiyy\u0259 qurumlar\u0131n\u0131n t\u00f6vsiy\u0259l\u0259ri m\u0259lum olduqdan sonra bu m\u0259s\u0259l\u0259y\u0259 yenid\u0259n bax\u0131lacaq\u201d, &#8211; s\u0259hiyy\u0259 qurumlar\u0131n\u0131n a\u00e7\u0131qlamas\u0131nda bildirilir.\n<\/p>\n<p>\n  M\u0259lumatda h\u0259m\u00e7inin qeyd edilir ki, \u201cBuster\u201d &#8211; q\u00fcvv\u0259tl\u0259ndirici doza dem\u0259kdir. 2-ci dozadan 6 ay ke\u00e7dikd\u0259n sonra y\u00fcks\u0259k risk qrupuna daxil olanlara &#8211; tibb i\u015f\u00e7il\u0259ri, ya\u015f\u0131 60-dan yuxar\u0131 olan \u015f\u0259xsl\u0259r, autoimmun x\u0259st\u0259likl\u0259ri olan \u015f\u0259xsl\u0259r &#8211; 3-c\u00fc doza (buster) vaksin vurulmas\u0131 m\u0259qs\u0259d\u0259uy\u011fun hesab olunur.\n<\/p>\n<p>\n  T\u0259dqiqatlara g\u00f6r\u0259, q\u00fcvv\u0259tl\u0259ndirici doza kimi ist\u0259nil\u0259n vaksin n\u00f6v\u00fc istifad\u0259 oluna bil\u0259r. \u018fvv\u0259l q\u0259bul edil\u0259n 2 dozadan as\u0131l\u0131 olmayaraq, ya eyni n\u00f6v, ya da dig\u0259r bir vaksin 3-c\u00fc (buster) doza kimi q\u0259bul oluna bil\u0259r.\n<\/p>\n<p>\n  Peyv\u0259nd\u0259 \u0259ks g\u00f6st\u0259ri\u015fi olan \u015f\u0259xsl\u0259r\u0259 g\u0259linc\u0259, h\u0259min \u015f\u0259xsl\u0259rin x\u00fcsusi komissiyan\u0131n r\u0259yi \u0259sas\u0131nda qeydiyyat sistemin\u0259 daxil edilm\u0259si v\u0259 onlara QR kodu olan s\u0259n\u0259din verilm\u0259si m\u0259s\u0259l\u0259sin\u0259 bax\u0131l\u0131r. Yax\u0131n g\u00fcnl\u0259rd\u0259 bununla ba\u011fl\u0131 ictimaiyy\u0259t\u0259 m\u0259lumat veril\u0259c\u0259k.\n<\/p>\n<p>\n  Az\u0259rbaycanda 2021-ci il yanvar\u0131n 9-dan peyv\u0259ndl\u0259nm\u0259 ba\u015flan\u0131b.\n<\/p>\n<p>\n  \u00d6lk\u0259d\u0259 4 istehsal\u00e7\u0131n\u0131n vaksini t\u0259tbiq olunur: SINOVAC (\u00c7in), AstraZeneca\/Vaxzevria (\u0130ngilt\u0259r\u0259), Biontech\/Pfizer (Almaniya\/AB\u015e), Sputnik V (Rusiya).<\/p>\n","protected":false},"excerpt":{"rendered":"<p>M\u0259lumatda h\u0259m\u00e7inin qeyd edilir ki, \u201cBuster\u201d &#8211; q\u00fcvv\u0259tl\u0259ndirici doza dem\u0259kdir.<\/p>\n","protected":false},"author":11,"featured_media":156780,"comment_status":"closed","ping_status":"open","sticky":false,"template":"","format":"standard","meta":{"_acf_changed":false,"_sitemap_exclude":false,"_sitemap_priority":"","_sitemap_frequency":"","footnotes":""},"categories":[54],"tags":[],"class_list":["post-211975","post","type-post","status-publish","format-standard","has-post-thumbnail","hentry","category-sagliq","infinite-scroll-item","generate-columns","tablet-grid-50","mobile-grid-100","grid-parent","grid-33","no-featured-image-padding"],"acf":[],"yoast_head":"<!-- This site is optimized with the Yoast SEO plugin v27.4 - https:\/\/yoast.com\/product\/yoast-seo-wordpress\/ -->\n<title>\u0130nfeksionist: \u00dc\u00e7\u00fcnc\u00fc dozan\u0131n t\u0259tbiqi \u00f6l\u00fcm hallar\u0131n\u0131n qar\u015f\u0131s\u0131n\u0131 alacaq - MEYDAN.TV<\/title>\n<meta name=\"robots\" content=\"index, follow, max-snippet:-1, max-image-preview:large, max-video-preview:-1\" \/>\n<link rel=\"canonical\" href=\"https:\/\/www.meydan.tv\/az\/article\/infeksionist-ucuncu-dozanin-tetbiqi-olum-hallarinin-qarsisini-alacaq\/\" \/>\n<meta property=\"og:locale\" content=\"az_AZ\" \/>\n<meta property=\"og:type\" content=\"article\" \/>\n<meta property=\"og:title\" content=\"\u0130nfeksionist: \u00dc\u00e7\u00fcnc\u00fc dozan\u0131n t\u0259tbiqi \u00f6l\u00fcm hallar\u0131n\u0131n qar\u015f\u0131s\u0131n\u0131 alacaq - MEYDAN.TV\" \/>\n<meta property=\"og:description\" content=\"M\u0259lumatda h\u0259m\u00e7inin qeyd edilir ki, \u201cBuster\u201d - q\u00fcvv\u0259tl\u0259ndirici doza dem\u0259kdir.\" \/>\n<meta property=\"og:url\" content=\"https:\/\/www.meydan.tv\/az\/article\/infeksionist-ucuncu-dozanin-tetbiqi-olum-hallarinin-qarsisini-alacaq\/\" \/>\n<meta property=\"og:site_name\" content=\"MEYDAN.TV\" \/>\n<meta property=\"article:published_time\" content=\"2021-07-14T10:05:06+00:00\" \/>\n<meta property=\"og:image\" content=\"https:\/\/www.meydan.tv\/wp-content\/uploads\/vaksin_w5aaa8k-scaled.jpg\" \/>\n\t<meta property=\"og:image:width\" content=\"2560\" \/>\n\t<meta property=\"og:image:height\" content=\"1440\" \/>\n\t<meta property=\"og:image:type\" content=\"image\/jpeg\" \/>\n<meta name=\"author\" content=\"user-manager\" \/>\n<meta name=\"twitter:card\" content=\"summary_large_image\" \/>\n<script type=\"application\/ld+json\" class=\"yoast-schema-graph\">{\"@context\":\"https:\\\/\\\/schema.org\",\"@graph\":[{\"@type\":\"Article\",\"@id\":\"https:\\\/\\\/www.meydan.tv\\\/az\\\/article\\\/infeksionist-ucuncu-dozanin-tetbiqi-olum-hallarinin-qarsisini-alacaq\\\/#article\",\"isPartOf\":{\"@id\":\"https:\\\/\\\/www.meydan.tv\\\/az\\\/article\\\/infeksionist-ucuncu-dozanin-tetbiqi-olum-hallarinin-qarsisini-alacaq\\\/\"},\"author\":{\"name\":\"user-manager\",\"@id\":\"https:\\\/\\\/www.meydan.tv\\\/az\\\/#\\\/schema\\\/person\\\/10d11eccf6da3662cf5fdab9806ea91a\"},\"headline\":\"\u0130nfeksionist: \u00dc\u00e7\u00fcnc\u00fc dozan\u0131n t\u0259tbiqi \u00f6l\u00fcm hallar\u0131n\u0131n qar\u015f\u0131s\u0131n\u0131 alacaq\",\"datePublished\":\"2021-07-14T10:05:06+00:00\",\"mainEntityOfPage\":{\"@id\":\"https:\\\/\\\/www.meydan.tv\\\/az\\\/article\\\/infeksionist-ucuncu-dozanin-tetbiqi-olum-hallarinin-qarsisini-alacaq\\\/\"},\"wordCount\":1192,\"publisher\":{\"@id\":\"https:\\\/\\\/www.meydan.tv\\\/az\\\/#organization\"},\"image\":{\"@id\":\"https:\\\/\\\/www.meydan.tv\\\/az\\\/article\\\/infeksionist-ucuncu-dozanin-tetbiqi-olum-hallarinin-qarsisini-alacaq\\\/#primaryimage\"},\"thumbnailUrl\":\"https:\\\/\\\/www.meydan.tv\\\/wp-content\\\/uploads\\\/vaksin_w5aaa8k-scaled.jpg\",\"articleSection\":[\"Sa\u011fl\u0131q\"],\"inLanguage\":\"az\"},{\"@type\":\"WebPage\",\"@id\":\"https:\\\/\\\/www.meydan.tv\\\/az\\\/article\\\/infeksionist-ucuncu-dozanin-tetbiqi-olum-hallarinin-qarsisini-alacaq\\\/\",\"url\":\"https:\\\/\\\/www.meydan.tv\\\/az\\\/article\\\/infeksionist-ucuncu-dozanin-tetbiqi-olum-hallarinin-qarsisini-alacaq\\\/\",\"name\":\"\u0130nfeksionist: \u00dc\u00e7\u00fcnc\u00fc dozan\u0131n t\u0259tbiqi \u00f6l\u00fcm hallar\u0131n\u0131n qar\u015f\u0131s\u0131n\u0131 alacaq - MEYDAN.TV\",\"isPartOf\":{\"@id\":\"https:\\\/\\\/www.meydan.tv\\\/az\\\/#website\"},\"primaryImageOfPage\":{\"@id\":\"https:\\\/\\\/www.meydan.tv\\\/az\\\/article\\\/infeksionist-ucuncu-dozanin-tetbiqi-olum-hallarinin-qarsisini-alacaq\\\/#primaryimage\"},\"image\":{\"@id\":\"https:\\\/\\\/www.meydan.tv\\\/az\\\/article\\\/infeksionist-ucuncu-dozanin-tetbiqi-olum-hallarinin-qarsisini-alacaq\\\/#primaryimage\"},\"thumbnailUrl\":\"https:\\\/\\\/www.meydan.tv\\\/wp-content\\\/uploads\\\/vaksin_w5aaa8k-scaled.jpg\",\"datePublished\":\"2021-07-14T10:05:06+00:00\",\"breadcrumb\":{\"@id\":\"https:\\\/\\\/www.meydan.tv\\\/az\\\/article\\\/infeksionist-ucuncu-dozanin-tetbiqi-olum-hallarinin-qarsisini-alacaq\\\/#breadcrumb\"},\"inLanguage\":\"az\",\"potentialAction\":[{\"@type\":\"ReadAction\",\"target\":[\"https:\\\/\\\/www.meydan.tv\\\/az\\\/article\\\/infeksionist-ucuncu-dozanin-tetbiqi-olum-hallarinin-qarsisini-alacaq\\\/\"]}]},{\"@type\":\"ImageObject\",\"inLanguage\":\"az\",\"@id\":\"https:\\\/\\\/www.meydan.tv\\\/az\\\/article\\\/infeksionist-ucuncu-dozanin-tetbiqi-olum-hallarinin-qarsisini-alacaq\\\/#primaryimage\",\"url\":\"https:\\\/\\\/www.meydan.tv\\\/wp-content\\\/uploads\\\/vaksin_w5aaa8k-scaled.jpg\",\"contentUrl\":\"https:\\\/\\\/www.meydan.tv\\\/wp-content\\\/uploads\\\/vaksin_w5aaa8k-scaled.jpg\",\"width\":2560,\"height\":1440,\"caption\":\"Source: Meydan TV\"},{\"@type\":\"BreadcrumbList\",\"@id\":\"https:\\\/\\\/www.meydan.tv\\\/az\\\/article\\\/infeksionist-ucuncu-dozanin-tetbiqi-olum-hallarinin-qarsisini-alacaq\\\/#breadcrumb\",\"itemListElement\":[{\"@type\":\"ListItem\",\"position\":1,\"name\":\"Ana s\u0259hif\u0259\",\"item\":\"https:\\\/\\\/www.meydan.tv\\\/az\\\/\"},{\"@type\":\"ListItem\",\"position\":2,\"name\":\"Sa\u011fl\u0131q\",\"item\":\"https:\\\/\\\/www.meydan.tv\\\/az\\\/section\\\/sagliq\\\/\"},{\"@type\":\"ListItem\",\"position\":3,\"name\":\"\u0130nfeksionist: \u00dc\u00e7\u00fcnc\u00fc dozan\u0131n t\u0259tbiqi \u00f6l\u00fcm hallar\u0131n\u0131n qar\u015f\u0131s\u0131n\u0131 alacaq\"}]},{\"@type\":\"WebSite\",\"@id\":\"https:\\\/\\\/www.meydan.tv\\\/az\\\/#website\",\"url\":\"https:\\\/\\\/www.meydan.tv\\\/az\\\/\",\"name\":\"MEYDAN.TV\",\"description\":\"Meydan TV Az\u0259rbaycan\u0131n media m\u0259kan\u0131ndak\u0131 alternativ s\u0259sidir\",\"publisher\":{\"@id\":\"https:\\\/\\\/www.meydan.tv\\\/az\\\/#organization\"},\"potentialAction\":[{\"@type\":\"SearchAction\",\"target\":{\"@type\":\"EntryPoint\",\"urlTemplate\":\"https:\\\/\\\/www.meydan.tv\\\/az\\\/?s={search_term_string}\"},\"query-input\":{\"@type\":\"PropertyValueSpecification\",\"valueRequired\":true,\"valueName\":\"search_term_string\"}}],\"inLanguage\":\"az\"},{\"@type\":\"Organization\",\"@id\":\"https:\\\/\\\/www.meydan.tv\\\/az\\\/#organization\",\"name\":\"Meydan TV\",\"url\":\"https:\\\/\\\/www.meydan.tv\\\/az\\\/\",\"logo\":{\"@type\":\"ImageObject\",\"inLanguage\":\"az\",\"@id\":\"https:\\\/\\\/www.meydan.tv\\\/az\\\/#\\\/schema\\\/logo\\\/image\\\/\",\"url\":\"https:\\\/\\\/www.meydan.tv\\\/wp-content\\\/uploads\\\/2021\\\/07\\\/meydan-logo.svg\",\"contentUrl\":\"https:\\\/\\\/www.meydan.tv\\\/wp-content\\\/uploads\\\/2021\\\/07\\\/meydan-logo.svg\",\"width\":195,\"height\":46,\"caption\":\"Meydan TV\"},\"image\":{\"@id\":\"https:\\\/\\\/www.meydan.tv\\\/az\\\/#\\\/schema\\\/logo\\\/image\\\/\"}},{\"@type\":\"Person\",\"@id\":\"https:\\\/\\\/www.meydan.tv\\\/az\\\/#\\\/schema\\\/person\\\/10d11eccf6da3662cf5fdab9806ea91a\",\"name\":\"user-manager\"}]}<\/script>\n<!-- \/ Yoast SEO plugin. -->","yoast_head_json":{"title":"\u0130nfeksionist: \u00dc\u00e7\u00fcnc\u00fc dozan\u0131n t\u0259tbiqi \u00f6l\u00fcm hallar\u0131n\u0131n qar\u015f\u0131s\u0131n\u0131 alacaq - MEYDAN.TV","robots":{"index":"index","follow":"follow","max-snippet":"max-snippet:-1","max-image-preview":"max-image-preview:large","max-video-preview":"max-video-preview:-1"},"canonical":"https:\/\/www.meydan.tv\/az\/article\/infeksionist-ucuncu-dozanin-tetbiqi-olum-hallarinin-qarsisini-alacaq\/","og_locale":"az_AZ","og_type":"article","og_title":"\u0130nfeksionist: \u00dc\u00e7\u00fcnc\u00fc dozan\u0131n t\u0259tbiqi \u00f6l\u00fcm hallar\u0131n\u0131n qar\u015f\u0131s\u0131n\u0131 alacaq - MEYDAN.TV","og_description":"M\u0259lumatda h\u0259m\u00e7inin qeyd edilir ki, \u201cBuster\u201d - q\u00fcvv\u0259tl\u0259ndirici doza dem\u0259kdir.","og_url":"https:\/\/www.meydan.tv\/az\/article\/infeksionist-ucuncu-dozanin-tetbiqi-olum-hallarinin-qarsisini-alacaq\/","og_site_name":"MEYDAN.TV","article_published_time":"2021-07-14T10:05:06+00:00","og_image":[{"width":2560,"height":1440,"url":"https:\/\/www.meydan.tv\/wp-content\/uploads\/vaksin_w5aaa8k-scaled.jpg","type":"image\/jpeg"}],"author":"user-manager","twitter_card":"summary_large_image","schema":{"@context":"https:\/\/schema.org","@graph":[{"@type":"Article","@id":"https:\/\/www.meydan.tv\/az\/article\/infeksionist-ucuncu-dozanin-tetbiqi-olum-hallarinin-qarsisini-alacaq\/#article","isPartOf":{"@id":"https:\/\/www.meydan.tv\/az\/article\/infeksionist-ucuncu-dozanin-tetbiqi-olum-hallarinin-qarsisini-alacaq\/"},"author":{"name":"user-manager","@id":"https:\/\/www.meydan.tv\/az\/#\/schema\/person\/10d11eccf6da3662cf5fdab9806ea91a"},"headline":"\u0130nfeksionist: \u00dc\u00e7\u00fcnc\u00fc dozan\u0131n t\u0259tbiqi \u00f6l\u00fcm hallar\u0131n\u0131n qar\u015f\u0131s\u0131n\u0131 alacaq","datePublished":"2021-07-14T10:05:06+00:00","mainEntityOfPage":{"@id":"https:\/\/www.meydan.tv\/az\/article\/infeksionist-ucuncu-dozanin-tetbiqi-olum-hallarinin-qarsisini-alacaq\/"},"wordCount":1192,"publisher":{"@id":"https:\/\/www.meydan.tv\/az\/#organization"},"image":{"@id":"https:\/\/www.meydan.tv\/az\/article\/infeksionist-ucuncu-dozanin-tetbiqi-olum-hallarinin-qarsisini-alacaq\/#primaryimage"},"thumbnailUrl":"https:\/\/www.meydan.tv\/wp-content\/uploads\/vaksin_w5aaa8k-scaled.jpg","articleSection":["Sa\u011fl\u0131q"],"inLanguage":"az"},{"@type":"WebPage","@id":"https:\/\/www.meydan.tv\/az\/article\/infeksionist-ucuncu-dozanin-tetbiqi-olum-hallarinin-qarsisini-alacaq\/","url":"https:\/\/www.meydan.tv\/az\/article\/infeksionist-ucuncu-dozanin-tetbiqi-olum-hallarinin-qarsisini-alacaq\/","name":"\u0130nfeksionist: \u00dc\u00e7\u00fcnc\u00fc dozan\u0131n t\u0259tbiqi \u00f6l\u00fcm hallar\u0131n\u0131n qar\u015f\u0131s\u0131n\u0131 alacaq - MEYDAN.TV","isPartOf":{"@id":"https:\/\/www.meydan.tv\/az\/#website"},"primaryImageOfPage":{"@id":"https:\/\/www.meydan.tv\/az\/article\/infeksionist-ucuncu-dozanin-tetbiqi-olum-hallarinin-qarsisini-alacaq\/#primaryimage"},"image":{"@id":"https:\/\/www.meydan.tv\/az\/article\/infeksionist-ucuncu-dozanin-tetbiqi-olum-hallarinin-qarsisini-alacaq\/#primaryimage"},"thumbnailUrl":"https:\/\/www.meydan.tv\/wp-content\/uploads\/vaksin_w5aaa8k-scaled.jpg","datePublished":"2021-07-14T10:05:06+00:00","breadcrumb":{"@id":"https:\/\/www.meydan.tv\/az\/article\/infeksionist-ucuncu-dozanin-tetbiqi-olum-hallarinin-qarsisini-alacaq\/#breadcrumb"},"inLanguage":"az","potentialAction":[{"@type":"ReadAction","target":["https:\/\/www.meydan.tv\/az\/article\/infeksionist-ucuncu-dozanin-tetbiqi-olum-hallarinin-qarsisini-alacaq\/"]}]},{"@type":"ImageObject","inLanguage":"az","@id":"https:\/\/www.meydan.tv\/az\/article\/infeksionist-ucuncu-dozanin-tetbiqi-olum-hallarinin-qarsisini-alacaq\/#primaryimage","url":"https:\/\/www.meydan.tv\/wp-content\/uploads\/vaksin_w5aaa8k-scaled.jpg","contentUrl":"https:\/\/www.meydan.tv\/wp-content\/uploads\/vaksin_w5aaa8k-scaled.jpg","width":2560,"height":1440,"caption":"Source: Meydan TV"},{"@type":"BreadcrumbList","@id":"https:\/\/www.meydan.tv\/az\/article\/infeksionist-ucuncu-dozanin-tetbiqi-olum-hallarinin-qarsisini-alacaq\/#breadcrumb","itemListElement":[{"@type":"ListItem","position":1,"name":"Ana s\u0259hif\u0259","item":"https:\/\/www.meydan.tv\/az\/"},{"@type":"ListItem","position":2,"name":"Sa\u011fl\u0131q","item":"https:\/\/www.meydan.tv\/az\/section\/sagliq\/"},{"@type":"ListItem","position":3,"name":"\u0130nfeksionist: \u00dc\u00e7\u00fcnc\u00fc dozan\u0131n t\u0259tbiqi \u00f6l\u00fcm hallar\u0131n\u0131n qar\u015f\u0131s\u0131n\u0131 alacaq"}]},{"@type":"WebSite","@id":"https:\/\/www.meydan.tv\/az\/#website","url":"https:\/\/www.meydan.tv\/az\/","name":"MEYDAN.TV","description":"Meydan TV Az\u0259rbaycan\u0131n media m\u0259kan\u0131ndak\u0131 alternativ s\u0259sidir","publisher":{"@id":"https:\/\/www.meydan.tv\/az\/#organization"},"potentialAction":[{"@type":"SearchAction","target":{"@type":"EntryPoint","urlTemplate":"https:\/\/www.meydan.tv\/az\/?s={search_term_string}"},"query-input":{"@type":"PropertyValueSpecification","valueRequired":true,"valueName":"search_term_string"}}],"inLanguage":"az"},{"@type":"Organization","@id":"https:\/\/www.meydan.tv\/az\/#organization","name":"Meydan TV","url":"https:\/\/www.meydan.tv\/az\/","logo":{"@type":"ImageObject","inLanguage":"az","@id":"https:\/\/www.meydan.tv\/az\/#\/schema\/logo\/image\/","url":"https:\/\/www.meydan.tv\/wp-content\/uploads\/2021\/07\/meydan-logo.svg","contentUrl":"https:\/\/www.meydan.tv\/wp-content\/uploads\/2021\/07\/meydan-logo.svg","width":195,"height":46,"caption":"Meydan TV"},"image":{"@id":"https:\/\/www.meydan.tv\/az\/#\/schema\/logo\/image\/"}},{"@type":"Person","@id":"https:\/\/www.meydan.tv\/az\/#\/schema\/person\/10d11eccf6da3662cf5fdab9806ea91a","name":"user-manager"}]}},"_links":{"self":[{"href":"https:\/\/www.meydan.tv\/az\/wp-json\/wp\/v2\/posts\/211975","targetHints":{"allow":["GET"]}}],"collection":[{"href":"https:\/\/www.meydan.tv\/az\/wp-json\/wp\/v2\/posts"}],"about":[{"href":"https:\/\/www.meydan.tv\/az\/wp-json\/wp\/v2\/types\/post"}],"author":[{"embeddable":true,"href":"https:\/\/www.meydan.tv\/az\/wp-json\/wp\/v2\/users\/11"}],"replies":[{"embeddable":true,"href":"https:\/\/www.meydan.tv\/az\/wp-json\/wp\/v2\/comments?post=211975"}],"version-history":[{"count":0,"href":"https:\/\/www.meydan.tv\/az\/wp-json\/wp\/v2\/posts\/211975\/revisions"}],"wp:featuredmedia":[{"embeddable":true,"href":"https:\/\/www.meydan.tv\/az\/wp-json\/wp\/v2\/media\/156780"}],"wp:attachment":[{"href":"https:\/\/www.meydan.tv\/az\/wp-json\/wp\/v2\/media?parent=211975"}],"wp:term":[{"taxonomy":"category","embeddable":true,"href":"https:\/\/www.meydan.tv\/az\/wp-json\/wp\/v2\/categories?post=211975"},{"taxonomy":"post_tag","embeddable":true,"href":"https:\/\/www.meydan.tv\/az\/wp-json\/wp\/v2\/tags?post=211975"}],"curies":[{"name":"wp","href":"https:\/\/api.w.org\/{rel}","templated":true}]}}