{"id":211969,"date":"2021-07-13T15:17:59","date_gmt":"2021-07-13T15:17:59","guid":{"rendered":"https:\/\/www.meydan.tv\/article\/afrikada-gorduklerinden-heyretlenen-almaniyada-yasayan-azerbaycanli-hekim\/"},"modified":"2021-07-13T15:17:59","modified_gmt":"2021-07-13T15:17:59","slug":"afrikada-gorduklerinden-heyretlenen-almaniyada-yasayan-azerbaycanli-hekim","status":"publish","type":"post","link":"https:\/\/www.meydan.tv\/az\/article\/afrikada-gorduklerinden-heyretlenen-almaniyada-yasayan-azerbaycanli-hekim\/","title":{"rendered":"Afrikada g\u00f6rd\u00fckl\u0259rind\u0259n heyr\u0259tl\u0259n\u0259n, Almaniyada ya\u015fayan az\u0259rbaycanl\u0131 h\u0259kim"},"content":{"rendered":"<p>\n  <i><br \/>\n    \u201cBizim pis oldu\u011fumuz, a\u011flad\u0131\u011f\u0131m\u0131z \u015feyl\u0259r onlarda h\u0259yat normas\u0131d\u0131r\u201d<br \/>\n  <\/i>\n<\/p>\n<p>\n  \u201cAnas\u0131n\u0131n quca\u011f\u0131nda u\u015faqlar g\u0259lirdi. Reaksiyas\u0131z, dinmir, dan\u0131\u015fm\u0131r, silk\u0259l\u0259yirs\u0259n, ay\u0131lm\u0131r, sanki komadad\u0131r. N\u0259f\u0259s almaqdan ba\u015fqa h\u0259yati reaksiyas\u0131 yoxdur. M\u00fcayin\u0259d\u0259n sonra m\u0259lum olur ki, g\u00fcnl\u0259rdir su i\u00e7mir. Damar\u0131na maye k\u00f6\u00e7\u00fcr\u0259nd\u0259n yar\u0131m saat sonra g\u00f6z\u00fcn\u00fc a\u00e7\u0131r. El\u0259 bil quru torpaqdak\u0131 \u00e7\u00fcr\u00fcy\u0259n bitkinin k\u00f6k\u00fcn\u0259 su vermis\u0259n\u201d.\n<\/p>\n<p>\n  Bu, 29 ya\u015fl\u0131 h\u0259kim T\u0259rlan Mehdizad\u0259nin Afrikan\u0131n Sao Tome adas\u0131nda g\u00f6rd\u00fckl\u0259rind\u0259n yaln\u0131z biridir.\n<\/p>\n<figure class=\"wp-block-image size-large\">\n  <img decoding=\"async\" src=\"https:\/\/www.meydan.tv\/az\/78846699_2503000959797622_3977175549008150528_n-jpg\/\" alt=\"78846699_2503000959797622_3977175549008150528_n.jpg\" class=\"wp-image-207867\"\/><figcaption>\n    T\u0259rlan 2019-cu il m\u0259zuniyy\u0259ti zaman\u0131 Afrikaya k\u00f6n\u00fcll\u00fc h\u0259kim kimi gedib<br \/>\n  <\/figcaption><\/figure>\n<p>\n  T\u0259rlan 2019-cu il m\u0259zuniyy\u0259ti zaman\u0131 Afrikaya k\u00f6n\u00fcll\u00fc h\u0259kim kimi gedib. Orada g\u00f6rd\u00fcl\u0259rd\u0259n, eyni zamanda, ya\u015fad\u0131\u011f\u0131, \u00e7al\u0131\u015fd\u0131\u011f\u0131 Almaniyan\u0131n v\u0259 do\u011fuldu\u011fu, t\u0259hsil ald\u0131\u011f\u0131 Az\u0259rbaycan\u0131n s\u0259hiyy\u0259sind\u0259n dan\u0131\u015f\u0131b.\n<\/p>\n<p>\n  <b><br \/>\n    \u201cOrada \u00fcz\u0259rin\u0259 x\u0259st\u0259xana yaz\u0131lan bir yer g\u00f6rm\u0259dim\u201d<br \/>\n  <\/b>\n<\/p>\n<p>\n  \u201cAfrikada tibb dey\u0259 bir \u015fey yoxdur. Tibb s\u00f6z\u00fcn\u00fc \u0259n az\u0131 m\u0259nim getdiyim Sao Tome adas\u0131 il\u0259 bir c\u00fcml\u0259d\u0259 i\u015fl\u0259d\u0259 bilm\u0259zs\u0259n. G\u00f6rd\u00fckl\u0259rim h\u0259y\u0259canl\u0131 film\u0259 b\u0259nz\u0259yirdi\u201d, \u2013 dey\u0259n h\u0259kim \u0259lav\u0259 edir ki, getdiyi Sao Tome adas\u0131 inki\u015fafdan \u00e7ox uzaq qalm\u0131\u015f b\u00f6lg\u0259dir. Deyir ki, b\u00f6y\u00fck yer olmas\u0131na baxmayaraq, \u00fcz\u0259rind\u0259 x\u0259st\u0259xana yaz\u0131lan he\u00e7 bir bina yoxdur:\n<\/p>\n<p>\n  \u201cKi\u00e7ik, in\u0259k t\u00f6vl\u0259sini xat\u0131rladan bir bina var idi. \u015ekaf\u0131nda toz basm\u0131\u015f bir ne\u00e7\u0259 \u015f\u00fc\u015f\u0259, d\u0259rman vard\u0131, v\u0259ss\u0259lam. Orada tibb bundan ibar\u0259t idi. Bizd\u0259 d\u0259 Birinci Qaraba\u011f M\u00fcharib\u0259si zaman\u0131 o c\u00fcr x\u0259st\u0259xanalar olub. Biri x\u0259st\u0259l\u0259nir, g\u0259lir, o tozlu d\u0259rmanlar \u00e7\u0131xar\u0131l\u0131r, silinir v\u0259 ona t\u0259klif olunur. Ad\u0131na da \u201cm\u00fcalic\u0259\u201d deyirl\u0259r\u201d.\n<\/p>\n<figure class=\"wp-block-image size-large\">\n  <img decoding=\"async\" src=\"https:\/\/www.meydan.tv\/az\/78115972_2487891807975204_1611747642453262336_n-jpg\/\" alt=\"78115972_2487891807975204_1611747642453262336_n.jpg\" class=\"wp-image-207888\"\/><figcaption>\n    H\u0259kim deyir ki, ged\u0259nd\u0259 \u00f6zl\u0259ri il\u0259 oturacaqlar\u0131na q\u0259d\u0259r h\u0259r \u015feyi apar\u0131blar.<br \/>\n  <\/figcaption><\/figure>\n<p>\n  <b><br \/>\n    X\u0259st\u0259likl\u0259, a\u011fr\u0131yla ya\u015fama\u011fa al\u0131\u015fm\u0131\u015f ada sakinl\u0259ri<br \/>\n  <\/b>\n<\/p>\n<p>\n  H\u0259kim deyir ki, ged\u0259nd\u0259 \u00f6zl\u0259ri il\u0259 oturacaqlar\u0131na q\u0259d\u0259r h\u0259r \u015feyi apar\u0131blar. 3 h\u0259ft\u0259 \u0259razind\u0259 adan\u0131n bir ne\u00e7\u0259 n\u00f6qt\u0259sind\u0259 s\u0259yyar x\u0259st\u0259xana qurublar:\n<\/p>\n<p>\n  \u201cOradak\u0131 insanlar x\u0259st\u0259likl\u0259 ya\u015fama\u011fa \u00f6yr\u0259\u015fibl\u0259r. Bax\u0131rsan ki, b\u00f6y\u00fckl\u0259rin, u\u015faqlar\u0131n b\u0259d\u0259ninin h\u0259r yerini yara bas\u0131b. Yara o q\u0259d\u0259r bax\u0131ms\u0131z qal\u0131b ki, i\u00e7ind\u0259 mil\u00e7\u0259k, ki\u00e7ik h\u0259\u015faratlar yumurta qoyub, ya\u015fay\u0131r. Ancaq onlar bunu hiss etmirl\u0259r, \u00f6yr\u0259\u015fibl\u0259r\u201d.\n<\/p>\n<p>\n  <b><br \/>\n    \u201cM\u0259nc\u0259, ad\u0131 \u00e7ar\u0259sizlik idi\u201d<br \/>\n  <\/b>\n<\/p>\n<p>\n  B\u0259z\u0259n dan\u0131\u015fd\u0131qlar\u0131 \u00f6z\u00fcn\u0259 d\u0259 q\u0259rib\u0259 g\u0259l\u0259n h\u0259kim bildirir ki, g\u00f6rd\u00fckl\u0259rini qorxulu film\u0259 b\u0259nz\u0259dir. Onun \u00fc\u00e7\u00fcn anlamas\u0131 \u00e7\u0259tindir; bir insan\u0131n b\u0259d\u0259ninin az qala h\u0259r yerind\u0259 problem ola v\u0259 o, bunu vecin\u0259 almaya.\n<\/p>\n<figure class=\"wp-block-image size-large\">\n  <img decoding=\"async\" src=\"https:\/\/www.meydan.tv\/az\/79220116_2526913777406340_3267372945680367616_n-jpg\/\" alt=\"79220116_2526913777406340_3267372945680367616_n.jpg\" class=\"wp-image-207864\"\/><figcaption>\n    &#8220;Oradak\u0131 insanlar x\u0259st\u0259likl\u0259 ya\u015fama\u011fa \u00f6yr\u0259\u015fibl\u0259r&#8221;<br \/>\n  <\/figcaption><\/figure>\n<p>\n  \u201cB\u0259lk\u0259 d\u0259 m\u00fc\u0259yy\u0259n zamandan sonra q\u0259bul edibl\u0259r ki, onlara kims\u0259 k\u00f6m\u0259k ed\u0259 bilm\u0259z v\u0259 psixoloji olaraq sakitl\u0259\u015fibl\u0259r, a\u011fr\u0131n\u0131 duymurlar. M\u0259s\u0259l\u0259n, insan\u0131n ba\u015f\u0131na bit d\u00fc\u015f\u00fcr, d\u0259rman alma\u011fa pulu olmur v\u0259 ba\u015f\u0131n\u0131 qa\u015f\u0131ya-qa\u015f\u0131ya ya\u015fama\u011fa m\u0259cbur qal\u0131r. Burada da bel\u0259 bir v\u0259ziyy\u0259t idi. M\u0259nc\u0259, ad\u0131 \u00e7ar\u0259sizlikdir\u201d, &#8211; g\u0259nc h\u0259kim deyir.\n<\/p>\n<p>\n  <b><br \/>\n    \u201cBizim pis oldu\u011fumuz, a\u011flad\u0131\u011f\u0131m\u0131z \u015feyl\u0259r onlarda h\u0259yat normas\u0131d\u0131r\u201d<br \/>\n  <\/b>\n<\/p>\n<p>\n  T\u0259rlan \u00f6z\u00fcnd\u0259n \u0259vv\u0259l Afrikaya k\u00f6n\u00fcll\u00fc ged\u0259n h\u0259kiml\u0259rl\u0259 ba\u011fl\u0131 \u00e7ox video, film izl\u0259yib. Deyir ki, h\u0259r d\u0259f\u0259 g\u00f6rd\u00fckl\u0259rind\u0259n d\u0259h\u015f\u0259t\u0259 g\u0259lib. Ancaq \u00f6z\u00fc getm\u0259y\u0259n\u0259c\u0259n oradak\u0131 v\u0259ziyy\u0259tin a\u011f\u0131rl\u0131\u011f\u0131ndan bu q\u0259d\u0259r x\u0259b\u0259rdar olmay\u0131b:\n<\/p>\n<p>\n  \u201cG\u00f6r\u0259nd\u0259n sonra daha yax\u015f\u0131 anlay\u0131r, d\u0259rk edir insan. D\u00fcnyan\u0131n Almaniya kimi bir \u00f6lk\u0259sind\u0259 ya\u015fayan insanlar\u0131n a\u011fl\u0131na g\u0259lm\u0259y\u0259c\u0259k bir \u015f\u0259raitd\u0259 ya\u015fayan \u0259halidir. Orada analar u\u015faqlar\u0131n\u0131 \u00e7ox sad\u0259 s\u0259b\u0259bl\u0259rd\u0259n itirirl\u0259r. M\u0259s\u0259l\u0259n, su olmad\u0131\u011f\u0131na g\u00f6r\u0259. B\u0259z\u0259n a\u011flam\u0131rlar da, pis olsalar da, faci\u0259vi deyil onlar \u00fc\u00e7\u00fcn. Orada \u00f6l\u00fcm o q\u0259d\u0259r adi hal al\u0131b ki&#8230; Ham\u0131 bilir ki, d\u00fcnyaya u\u015faq g\u0259tirib, 1-2 il saxlaya, sonrak\u0131 ill\u0259rd\u0259 v\u0259ziyy\u0259t pis ola, su tapmaya bil\u0259rl\u0259r v\u0259 u\u015faq \u00f6l\u0259r. Adam situasiyan\u0131n adiliyinin alt\u0131nda \u0259zilir. Bir s\u00f6zl\u0259, bizim pis oldu\u011fumuz, a\u011flad\u0131\u011f\u0131m\u0131z \u015feyl\u0259r onlarda h\u0259yat normas\u0131d\u0131r\u201d.\n<\/p>\n<figure class=\"wp-block-image size-large\">\n  <img decoding=\"async\" src=\"https:\/\/www.meydan.tv\/az\/75279389_2487891197975265_6023869719163961344_n-jpg\/\" alt=\"75279389_2487891197975265_6023869719163961344_n.jpg\" class=\"wp-image-207876\"\/><figcaption>\n    &#8220;Analar u\u015faqlar\u0131n\u0131 \u00e7ox sad\u0259 s\u0259b\u0259bl\u0259rd\u0259n itirirl\u0259r&#8221;<br \/>\n  <\/figcaption><\/figure>\n<p>\n  <b><br \/>\n    \u201c\u0130ki-\u00fc\u00e7 d\u0259qiq\u0259lik h\u0259kim m\u0259sl\u0259h\u0259ti \u00fc\u00e7\u00fcn saatlarla g\u00f6zl\u0259yirdil\u0259r\u201d<br \/>\n  <\/b>\n<\/p>\n<p>\n  T\u0259rlan\u0131n da daxil oldu\u011fu h\u0259kim qrupu adaya getm\u0259d\u0259n \u00f6nc\u0259 onlar\u0131n g\u0259l\u0259c\u0259kl\u0259ri il\u0259 ba\u011fl\u0131 k\u00fc\u00e7\u0259l\u0259rd\u0259 elanlar yap\u0131\u015fd\u0131r\u0131l\u0131b. Y\u0259ni ada sakinl\u0259ri m\u00fc\u0259yy\u0259n vaxt sonra Almaniyadan h\u0259kiml\u0259rin g\u0259l\u0259c\u0259yini bilibl\u0259r. T\u0259rlan deyir ki, b\u0259lk\u0259 d\u0259 insanlar\u0131n el\u0259 90 faizi m\u00fcayin\u0259y\u0259 g\u0259lmi\u015fdi:\n<\/p>\n<p>\n  \u201cG\u00fcn \u0259rzind\u0259 t\u0259xmin\u0259n 1200-1300 insan q\u0259bul edirdik. S\u0259h\u0259r 7-d\u0259 ba\u015flay\u0131rd\u0131q, b\u0259z\u0259n ax\u015fam 8-9-d\u0259k i\u015fl\u0259yirdik. G\u0259l\u0259n sonuncu insan\u0131 yola sal\u0131b, \u00e7ad\u0131rlar\u0131 toplay\u0131rd\u0131q. B\u0259z\u0259n s\u0259h\u0259r 4-d\u0259n 5 u\u015faqla n\u00f6vb\u0259d\u0259 duran insanlar olurdu. Onlar iki-\u00fc\u00e7 d\u0259qiq\u0259lik h\u0259kim m\u0259sl\u0259h\u0259ti \u00fc\u00e7\u00fcn saatlarla g\u00f6zl\u0259yirdil\u0259r. T\u0259bii 1200 insana bir g\u00fcnd\u0259 baxmaq \u00fc\u00e7\u00fcn h\u0259kiml\u0259 dan\u0131\u015f\u0131\u011f\u0131n m\u00fcdd\u0259tini q\u0131saltmal\u0131 olmu\u015fduq. H\u0259kiml\u0259rin aya\u011f\u0131na d\u00fc\u015f\u00fcb t\u0259\u015f\u0259kk\u00fcr ed\u0259nl\u0259r olurdu. \u00c7ox minn\u0259tdar insanlar idil\u0259r. Biz onlara uzunm\u00fcdd\u0259tli k\u00f6m\u0259k ed\u0259 bilm\u0259s\u0259k d\u0259, getm\u0259yimiz onlarda \u00fcmid yaratm\u0131\u015fd\u0131. Bunu onlar\u0131n g\u00f6zl\u0259rind\u0259 g\u00f6rm\u0259yin \u00f6z\u00fc m\u0259s\u0259d\u0259 \u00e7atmaq kimi bir i\u015f idi. E\u015fid\u0259nd\u0259 ki, biz bir d\u0259 ged\u0259 bil\u0259rik, \u00fcmidl\u0259ri daha da art\u0131rd\u0131\u201d.\n<\/p>\n<figure class=\"wp-block-image size-large\">\n  <img decoding=\"async\" src=\"https:\/\/www.meydan.tv\/az\/77269567_3793362594023188_4139528748770787328_n-jpg\/\" alt=\"77269567_3793362594023188_4139528748770787328_n.jpg\" class=\"wp-image-207900\"\/><figcaption>\n    &#8220;S\u0259h\u0259r 7-d\u0259 ba\u015flay\u0131rd\u0131q, b\u0259z\u0259n ax\u015fam 8-9-d\u0259k i\u015fl\u0259yirdik&#8221;<br \/>\n  <\/figcaption><\/figure>\n<p>\n  <b><br \/>\n    \u201cPozitivs\u0259ns\u0259, x\u0259st\u0259liyinin m\u00fcdd\u0259tini q\u0131salda bil\u0259rs\u0259n\u201d<br \/>\n  <\/b>\n<\/p>\n<p>\n  H\u0259kim deyir ki, tibbd\u0259 pxisoloji durum \u00f6n\u0259mlidir. X\u0259st\u0259liyin gedi\u015fat\u0131na \u00e7ox t\u0259sir edir. Pozitivs\u0259ns\u0259, x\u0259st\u0259liyinin m\u00fcdd\u0259tini q\u0131salda, a\u011f\u0131rla\u015fman\u0131n qar\u015f\u0131s\u0131n\u0131 ala bil\u0259rs\u0259n. El\u0259 o insanlar\u0131n h\u0259yat\u0131nda da \u00fcmidin rolu b\u00f6y\u00fckd\u00fcr:\n<\/p>\n<p>\n  \u201cBiz onlara bu \u00fcmidi ver\u0259 bildik. T\u0259z\u0259likc\u0259 e\u015fitdim ki, bizi Afrikaya aparan t\u0259\u015fkilat indi Sao Tomed\u0259 x\u0259st\u0259xana tikm\u0259y\u0259 ba\u015flay\u0131b. X\u0259st\u0259xana a\u00e7\u0131landan sonra ora yenid\u0259n getm\u0259k ist\u0259yir\u0259m, bu d\u0259f\u0259 bir az uzunm\u00fcdd\u0259tli. \u0130lk gedi\u015fim g\u00f6zl\u0259nilm\u0259z olmu\u015fdu. \u00c7\u00fcnki t\u0259\u015fkilatlar ad\u0259t\u0259n \u00e7ox t\u0259cr\u00fcb\u0259si olan, uzun ill\u0259r i\u015fl\u0259y\u0259n h\u0259kiml\u0259ri aparmaq ist\u0259yirl\u0259r. M\u0259nim t\u0259cr\u00fcb\u0259m \u00e7ox deyildi, amma \u015fans\u0131m ke\u00e7mi\u015fd\u0259 bir ne\u00e7\u0259 sah\u0259d\u0259 &#8211; anestezioloq, reanimatoloq, u\u015faq h\u0259kimi kimi \u00e7al\u0131\u015fm\u0131\u015f olmamda g\u0259tirdi. El\u0259 buna g\u00f6r\u0259 se\u00e7ilmi\u015fdim\u201d.\n<\/p>\n<figure class=\"wp-block-image size-large\">\n  <img decoding=\"async\" src=\"https:\/\/www.meydan.tv\/az\/77335015_2496384590459259_878792450980708352_n-jpg\/\" alt=\"77335015_2496384590459259_878792450980708352_n.jpg\" class=\"wp-image-207891\"\/><figcaption>\n    \u201cBiz onlara bu \u00fcmidi ver\u0259 bildik&#8221;<br \/>\n  <\/figcaption><\/figure>\n<p>\n  <b><br \/>\n    \u201cAfrikadak\u0131lar\u0131n d\u00f6y\u0259c\u0259yi ba\u015fqa qap\u0131 yoxdur\u201d<br \/>\n  <\/b>\n<\/p>\n<p>\n  T\u0259rlan Mehdizad\u0259 qay\u0131dandan sonra Afrika s\u0259f\u0259ri il\u0259 ba\u011fl\u0131 \u0259traf\u0131ndan m\u00fcxt\u0259lif fikirl\u0259r al\u0131b. \u00d6z\u00fc is\u0259 bu q\u0259na\u0259t\u0259 g\u0259lib:\n<\/p>\n<p>\n  \u201cD\u00fcnyan\u0131n m\u00fcxt\u0259lif \u00f6lk\u0259l\u0259rind\u0259 i\u015fl\u0259y\u0259, x\u0259st\u0259 insanlar\u0131 sa\u011falda bil\u0259rs\u0259n. Amma s\u0259nin sonda ald\u0131\u011f\u0131n h\u0259zz hissi Afrikadak\u0131 i\u015fd\u0259n al\u0131\u011f\u0131n kimi olmur. \u00c7\u00fcnki Almaniyada s\u0259nd\u0259n ba\u015fqa h\u0259kim var, Az\u0259rbaycanda da h\u0259m\u00e7inin, ba\u015fqa \u00f6lk\u0259l\u0259rd\u0259 d\u0259. S\u0259n yegan\u0259 deyils\u0259n. Amma Afrikadak\u0131lar\u0131n d\u00f6y\u0259c\u0259yi ba\u015fqa qap\u0131 yoxdur. \u018fn x\u0131rda i\u015f bel\u0259 onlar\u0131n yaralar\u0131na n\u0259 q\u0259d\u0259r b\u00f6y\u00fck d\u0259rman olur. Biz onlara 3 h\u0259ft\u0259lik bir m\u00fcdd\u0259td\u0259 ed\u0259c\u0259yimiz q\u0259d\u0259r k\u00f6m\u0259k etdik. Sonra qay\u0131td\u0131q v\u0259 h\u0259r \u015fey bitdi\u201d.\n<\/p>\n<p>\n  <b><br \/>\n    \u201c\u018fsas olan \u00fcmiddir\u201d<br \/>\n  <\/b>\n<\/p>\n<p>\n  H\u0259kim \u00e7ox yax\u015f\u0131 bilir ki, \u00f6zl\u0259ri il\u0259 apard\u0131qlar\u0131, yerli \u0259haliy\u0259 paylad\u0131qlar\u0131 d\u0259rman, m\u00fcalic\u0259 kursu bit\u0259nd\u0259n sonra onlar\u0131n probleml\u0259ri yen\u0259 qald\u0131\u011f\u0131 yerd\u0259n davam ed\u0259c\u0259k. El\u0259 \u00e7oxunun dediyi kimi: N\u0259 olsun. 2-3 h\u0259ft\u0259 davam etdi v\u0259 qay\u0131td\u0131n\u0131z. B\u0259s sonra?\n<\/p>\n<p>\n  Bu insanlara T\u0259rlan\u0131n bir cavab\u0131 var: \u201c\u018fsas olan \u00fcmiddir. Biz bu insanlara kimins\u0259 onlar\u0131 d\u00fc\u015f\u00fcnd\u00fcy\u00fc hissini b\u0259x\u015f etdik\u201d.\n<\/p>\n<figure class=\"wp-block-image size-large\">\n  <img decoding=\"async\" src=\"https:\/\/www.meydan.tv\/az\/75491747_2487894461308272_448635361569013760_n-jpg\/\" alt=\"75491747_2487894461308272_448635361569013760_n.jpg\" class=\"wp-image-207894\"\/><figcaption>\n    &#8220;B\u0259z\u0259n s\u0259h\u0259r 4-d\u0259n 5 u\u015faqla n\u00f6vb\u0259d\u0259 duran insanlar olurdu&#8221;<br \/>\n  <\/figcaption><\/figure>\n<p>\n  <b><br \/>\n    Az\u0259rbaycandan Almaniyaya uzanan yolculuq<br \/>\n  <\/b>\n<\/p>\n<p>\n  T\u0259rlan Mehdizad\u0259 tibb t\u0259hsilini Az\u0259rbaycan Tibb Universitetind\u0259 al\u0131b. Universiteti d\u00fcz 7 il \u0259vv\u0259l bitirib. El\u0259 diplomunu alan kimi i\u015fl\u0259m\u0259k \u00fc\u00e7\u00fcn Almaniyaya \u00fcz tutub. \u0130xtisasca u\u015faq h\u0259kimidir. Ancaq Almaniyada oldu\u011fu ilk ill\u0259r anestezioloq, reanimatoloq kimi f\u0259aliyy\u0259t g\u00f6st\u0259rib. Deyir ki, Almaniyada u\u015faq h\u0259kimi kimi i\u015f tapmaq \u00e7ox \u00e7\u0259tindir. Ancaq son 4 ildir \u00f6z sah\u0259si \u00fczr\u0259, u\u015faq h\u0259kimi kimi i\u015fl\u0259yir v\u0259 daha xo\u015fb\u0259xtdir.\n<\/p>\n<p>\n  Az\u0259rbaycanda i\u015fl\u0259m\u0259k ist\u0259m\u0259m\u0259sin\u0259 g\u0259linc\u0259, deyir, bu c\u00fcml\u0259ni ona dedird\u0259nl\u0259r utans\u0131n, amma do\u011fma v\u0259t\u0259nd\u0259 s\u0259hiyy\u0259 sistemi el\u0259 qurulub ki, o orada i\u015fl\u0259y\u0259 bilm\u0259zdi:\n<\/p>\n<p>\n  \u201cAz\u0259rbaycanda i\u015fl\u0259m\u0259k \u00fc\u00e7\u00fcn m\u00fcdiriyy\u0259td\u0259n as\u0131l\u0131 olmal\u0131, deyil\u0259n h\u0259r s\u00f6z\u00fc g\u00f6t\u00fcrm\u0259li, normal ya\u015famaq \u00fc\u00e7\u00fcns\u0259 x\u0259st\u0259nin \u0259lin\u0259 baxmal\u0131, onlara g\u0259r\u0259ksiz d\u0259rmanlar yazmal\u0131san. H\u0259tta T\u00fcrkiy\u0259d\u0259 uzman olub Bak\u0131ya k\u00f6\u00e7\u0259n insanlar tan\u0131y\u0131ram ki, m\u00fc\u0259yy\u0259n vaxt sonra T\u00fcrkiy\u0259y\u0259 geri d\u00f6n\u00fcbl\u0259r. Normal sistem\u0259 \u00f6yr\u0259\u015fmi\u015f bir insan \u00fc\u00e7\u00fcn Az\u0259rbaycanda i\u015fl\u0259m\u0259k \u00e7\u0259tindir\u201d.\n<\/p>\n<p>\n  <b><br \/>\n    \u201cH\u0259kim niy\u0259 kimins\u0259 damar\u0131n\u0131 tutmal\u0131d\u0131r ki?\u201d<br \/>\n  <\/b>\n<\/p>\n<p>\n  T\u0259rlan Mehdizad\u0259 \u00e7ox ist\u0259yir ki, bacar\u0131qlar\u0131n\u0131 \u00f6z \u00f6lk\u0259sinin insanlar\u0131 \u00fc\u00e7\u00fcn d\u0259 istifad\u0259 etsin. Bunun \u00fc\u00e7\u00fcn normal \u015f\u0259rtl\u0259rd\u0259 \u00e7al\u0131\u015fan x\u0259st\u0259xanada i\u015fi v\u0259 normal standartlarla ya\u015fayaca\u011f\u0131 \u015f\u0259raiti olmal\u0131d\u0131r.\n<\/p>\n<p>\n  Ancaq indiki \u015f\u0259rtl\u0259rl\u0259 bu, ona m\u00fcmk\u00fcn g\u00f6r\u00fcnm\u00fcr:\n<\/p>\n<figure class=\"wp-block-image size-large\">\n  <img decoding=\"async\" src=\"https:\/\/www.meydan.tv\/az\/95852567_2833856826712032_1315722403170484224_n-jpg\/\" alt=\"95852567_2833856826712032_1315722403170484224_n.jpg\" class=\"wp-image-207873\"\/><figcaption>\n    &#8220;Normal sistem\u0259 \u00f6yr\u0259\u015fmi\u015f bir insan \u00fc\u00e7\u00fcn Az\u0259rbaycanda i\u015fl\u0259m\u0259k \u00e7\u0259tindir\u201d.<br \/>\n  <\/figcaption><\/figure>\n<p>\n  \u201cBak\u0131ya ged\u0259nd\u0259 x\u0259st\u0259xanaya yolum d\u00fc\u015f\u00fcr, anam\u0131, atam\u0131 apar\u0131ram. Bu zaman orada i\u015fl\u0259y\u0259n h\u0259kiml\u0259rl\u0259 s\u00f6hb\u0259tim olur. H\u0259r d\u0259f\u0259sind\u0259 do\u011fru q\u0259rar verdiyimi anlay\u0131ram. Yanl\u0131\u015f anla\u015f\u0131lmas\u0131n, m\u0259n \u00f6lk\u0259min insanlar\u0131na xidm\u0259t etm\u0259k ist\u0259yir\u0259m, amma oradak\u0131 qurulmu\u015f sistemi b\u0259y\u0259nmir\u0259m. H\u0259kim m\u00fcdiriyy\u0259td\u0259n as\u0131l\u0131 olur. M\u00fcdiriyy\u0259t d\u0259 onun bu as\u0131l\u0131l\u0131\u011f\u0131ndan sui-istifad\u0259 edir. H\u0259kimin d\u0259 m\u00fcdiri olar? M\u0259n bel\u0259 ba\u015fa d\u00fc\u015fd\u00fcm ki, onlar\u0131n suyuna getm\u0259s\u0259n, s\u0259n\u0259 i\u015fini icra etm\u0259y\u0259 imkan yaratmazlar. H\u0259kim niy\u0259 kimins\u0259 damar\u0131n\u0131 tutmal\u0131d\u0131r ki? H\u0259kim fikrini i\u015fin\u0259 verm\u0259lidir, m\u0259n bel\u0259 d\u00fc\u015f\u00fcn\u00fcr\u0259m\u201d.\n<\/p>\n<p>\n  <b><br \/>\n    \u201cNormal dinc\u0259lm\u0259k laz\u0131md\u0131r ki, normal xidm\u0259t ed\u0259 bil\u0259s\u0259n\u201d<br \/>\n  <\/b>\n<\/p>\n<p>\n  T\u0259rlan deyir ki, bunun \u00fcz\u0259rin\u0259 yax\u015f\u0131 ya\u015famaq \u00fc\u00e7\u00fcn al\u0131nan normal \u0259m\u0259k haqq\u0131n\u0131 da g\u0259l\u0259nd\u0259, qay\u0131tma\u011f\u0131 d\u00fc\u015f\u00fcnm\u00fcr:\n<\/p>\n<p>\n  \u201cH\u0259kims\u0259n, s\u0259n d\u0259 insansan, \u015f\u0259xsi h\u0259yat\u0131n var v\u0259 h\u0259yat\u0131na keyfiyy\u0259t qatacaq i\u015fl\u0259rl\u0259 m\u0259\u015f\u011ful olmal\u0131san. Keyfiyy\u0259tli, normal h\u0259yat \u00fc\u00e7\u00fcn d\u0259 yax\u015f\u0131 maa\u015f laz\u0131md\u0131r. Az\u0259rbaycanda bu da yoxdur. H\u0259kiml\u0259r x\u0259st\u0259nin \u0259lin\u0259 bax\u0131r, yaxud aysonu evin\u0259 normal maa\u015f aparmaq \u00fc\u00e7\u00fcn x\u0259st\u0259y\u0259 \u0259lav\u0259 d\u0259rman yaz\u0131b, firmalardan faiz al\u0131r. M\u0259n bunlar\u0131n he\u00e7 birin\u0259 d\u00f6z\u0259 bilm\u0259zdim. Bunu etm\u0259y\u0259nl\u0259r is\u0259 bilirsiniz n\u0259 edir? Bir ne\u00e7\u0259 x\u0259st\u0259xanada i\u015fl\u0259m\u0259li, b\u0259z\u0259n g\u00fcnd\u0259 4-5 \u0259m\u0259liyyata girm\u0259li olurlar. Bu, h\u0259m insan\u0131n i\u015finin keyfiyy\u0259tin\u0259 t\u0259sir edir, h\u0259m d\u0259 h\u0259kimin \u00e7\u00f6km\u0259sin\u0259 s\u0259b\u0259b olur. Normal ya\u015famaq, normal dinc\u0259lm\u0259k laz\u0131md\u0131r ki, normal xidm\u0259t ed\u0259 bil\u0259s\u0259n, i\u015fl\u0259m\u0259y\u0259 h\u0259v\u0259sin olsun\u201d.\n<\/p>\n<figure class=\"wp-block-image size-large\">\n  <img decoding=\"async\" src=\"https:\/\/www.meydan.tv\/az\/78774139_2496867767077608_2683047309394051072_n-jpg\/\" alt=\"78774139_2496867767077608_2683047309394051072_n.jpg\" class=\"wp-image-207897\"\/><figcaption>\n    &#8220;Biz onlara 3 h\u0259ft\u0259lik bir m\u00fcdd\u0259td\u0259 ed\u0259c\u0259yimiz q\u0259d\u0259r k\u00f6m\u0259k etdik&#8221;<br \/>\n  <\/figcaption><\/figure>\n<p>\n  <b><br \/>\n    \u201cAlmaniyada ba\u015f h\u0259kim g\u0259l\u0259nd\u0259 aya\u011f\u0131n\u0131-aya\u011f\u0131n\u0131n \u00fcst\u00fcn\u0259 a\u015f\u0131r\u0131b i\u015fl\u0259rini g\u00f6r\u0259 bilirs\u0259n\u201d<br \/>\n  <\/b>\n<\/p>\n<p>\n  T\u0259rlan Mehdizad\u0259 Az\u0259rbaycandak\u0131 v\u0259ziyy\u0259tl\u0259 Almaniyadak\u0131n\u0131 m\u00fcqayis\u0259 edir. Deyir, Almaniyada ba\u015f h\u0259kim g\u0259l\u0259nd\u0259 aya\u011f\u0131n\u0131-aya\u011f\u0131n\u0131n \u00fcst\u00fcn\u0259 a\u015f\u0131r\u0131b i\u015fl\u0259rini g\u00f6r\u0259 bilirs\u0259n. Kims\u0259nin ba\u015f h\u0259kimd\u0259n as\u0131laca\u011f\u0131 yoxdur:\n<\/p>\n<p>\n  \u201c\u00dcst\u0259lik, burada he\u00e7 kimin x\u00fcsusi x\u0259st\u0259l\u0259ri yoxdur ki, h\u0259kim x\u0259st\u0259 g\u00fcds\u00fcn, onun dal\u0131nca d\u00fc\u015fs\u00fcn v\u0259 s. M\u0259n Almaniyada h\u0259m d\u00f6vl\u0259t, h\u0259m d\u0259 \u00f6z\u0259l x\u0259st\u0259xanalarda i\u015fl\u0259mi\u015f\u0259m. Sistem eynidir, as\u0131l\u0131l\u0131q anlay\u0131\u015f\u0131 m\u00f6vcud deyil. H\u0259r ay\u0131n sonunda da g\u0259lirini rahat al\u0131rsan. S\u0131\u011fortan da g\u0259lir \u00fcst\u00fcn\u0259. Sistem \u00e7ox yax\u015f\u0131 qurulub v\u0259 avtomatik d\u00f6vr edir. H\u0259kim he\u00e7 n\u0259y\u0259 g\u00f6r\u0259 ba\u015f\u0131n\u0131 a\u011fr\u0131tm\u0131r, qay\u011f\u0131lar\u0131 olmur, d\u0259rd \u00e7\u0259kmir. T\u0259k g\u00f6rd\u00fcy\u00fc \u015fey i\u015fidir. Bizd\u0259 bu da yoxdur\u201d.\n<\/p>\n<p>\n  <b><br \/>\n    \u201cBilirik hardan n\u0259 umdu\u011fumuzu\u201d<br \/>\n  <\/b>\n<\/p>\n<p>\n  O, Almaniyada COV\u0130D-19 x\u0259st\u0259l\u0259ri il\u0259 i\u015fl\u0259y\u0259n h\u0259kiml\u0259ri misal \u00e7\u0259kir. Deyir, h\u0259r bir hey\u0259t \u00e7ox y\u00fcks\u0259k bonuslar ald\u0131. Ancaq Az\u0259rbaycanda v\u0259d edil\u0259n art\u0131m\u0131 almad\u0131qlar\u0131na g\u00f6r\u0259 etiraz ed\u0259n h\u0259kiml\u0259r oldu:\n<\/p>\n<p>\n  \u201cF\u0259rql\u0259rd\u0259n biri d\u0259 el\u0259 budur. Biri var, b\u00fcdc\u0259nin imkan\u0131 olmaya. Dey\u0259k ki, kimd\u0259n n\u0259 g\u00f6zl\u0259yirik? Amma el\u0259 bir \u015fey yoxdur. Ham\u0131m\u0131z bilirik ki, Az\u0259rbaycan\u0131n buna imkan\u0131 var v\u0259 biz d\u0259 bilirik hardan n\u0259 umdu\u011fumuzu\u201d.\n<\/p>\n<figure class=\"wp-block-image size-large\">\n  <img decoding=\"async\" src=\"https:\/\/www.meydan.tv\/az\/93353225_2779946098769772_8238221545491660800_n-jpg\/\" alt=\"93353225_2779946098769772_8238221545491660800_n.jpg\" class=\"wp-image-207870\"\/><figcaption>\n    &#8220;Almaniyada ba\u015f h\u0259kim g\u0259l\u0259nd\u0259 aya\u011f\u0131n\u0131-aya\u011f\u0131n\u0131n \u00fcst\u00fcn\u0259 a\u015f\u0131r\u0131b i\u015fl\u0259rini g\u00f6r\u0259 bilirs\u0259n&#8221;<br \/>\n  <\/figcaption><\/figure>\n<p>\n  <b><br \/>\n    Az\u0259rbaycan, Almaniya, Afrika \u2013 tibbin durumu, \u0259l\u00e7at\u0131ml\u0131l\u0131q<br \/>\n  <\/b>\n<\/p>\n<p>\n  T\u0259rlan Mehdizad\u0259 g\u0259l\u0259c\u0259kd\u0259 Az\u0259rbaycanda da ucqar b\u00f6lg\u0259l\u0259rd\u0259 s\u0259yyar x\u0259st\u0259xanalar qurub, i\u015fl\u0259m\u0259k ist\u0259y\u0259r. T\u0259bii, yax\u015f\u0131 t\u0259\u015fkil ed\u0259n olsa. Deyir, h\u0259tta Almaniyadak\u0131 i\u015find\u0259n izin al\u0131b, yaxud m\u0259zuniyy\u0259t\u0259 \u00e7\u0131x\u0131b bunu ed\u0259 bil\u0259r:\n<\/p>\n<p>\n  \u201cSad\u0259c\u0259 m\u0259n\u0259 Az\u0259rbaycanda i\u015fl\u0259m\u0259k bir d\u0259 d\u0259rmanlara g\u00f6r\u0259 \u00e7\u0259tindir. Orada tibbd\u0259 istifad\u0259 olunan d\u0259rmanlar Avropadak\u0131ndan f\u0259rqlidir, el\u0259c\u0259 d\u0259 m\u00fcalic\u0259 \u00fcsullar\u0131&#8230; B\u0259z\u0259n valideynl\u0259rim h\u0259kimin onlara yazd\u0131\u011f\u0131 bir d\u0259rman\u0131n ad\u0131n\u0131 deyirl\u0259r, nec\u0259 oldu\u011funu soru\u015furlar. M\u0259n o d\u0259rman\u0131 Almaniyan\u0131n d\u0259rman sistemind\u0259 tapa bilmir\u0259m. Az\u0259rbaycanda daha \u00e7ox Rusiyan\u0131n x\u0259tti il\u0259, onlar\u0131n yolu il\u0259 gedirl\u0259r. Bu, m\u0259n\u0259 \u00e7\u0259tinlik yarada bil\u0259r\u201d.\n<\/p>\n<p>\n  <b><br \/>\n    Almaniyada s\u0131\u011forta sistemi<br \/>\n  <\/b>\n<\/p>\n<p>\n  T\u0259rlan da tez-tez Az\u0259rbaycanda x\u0259st\u0259l\u0259nib, sosial \u015f\u0259b\u0259k\u0259l\u0259rd\u0259 u\u015faqlara, g\u0259ncl\u0259r\u0259 yard\u0131m topland\u0131\u011f\u0131n\u0131 g\u00f6r\u00fcr. Buna \u00fcz\u00fcld\u00fcy\u00fcn\u00fc deyir, ancaq hesab edir ki, s\u0131\u011forta sistemi normalla\u015fd\u0131r\u0131lsa, insanlar\u0131n m\u00fcalic\u0259, \u0259m\u0259liyyat \u00fc\u00e7\u00fcn d\u0259st\u0259y\u0259 ehtiyac\u0131 qalmaz. Bu bax\u0131mdan Almaniya t\u0259cr\u00fcb\u0259sind\u0259n dan\u0131\u015f\u0131r:\n<\/p>\n<p>\n  \u201cAlmaniyada valideynin g\u00fcc\u00fc \u00e7atmayan m\u00fcalic\u0259, \u00e7ar\u0259siz qald\u0131\u011f\u0131 situasiya yoxdur. \u00c7\u00fcnki burada dil\u0259n\u00e7inin bel\u0259 problemini qar\u015f\u0131laya bil\u0259c\u0259k qurum var. U\u015faq do\u011fulanda ata-ana \u00fcz\u0259rin\u0259 s\u0131\u011fortalan\u0131r. Ata-ana vergi verir, u\u015fa\u011fa \u0259m\u0259liyyat laz\u0131m olarsa, onunla \u00f6d\u0259nir. Yox, ata-ana i\u015fl\u0259mirs\u0259, bu halda i\u015fsiz insanlar\u0131 d\u00f6vl\u0259t maliyy\u0259l\u0259\u015fdirir, ayl\u0131q t\u0259xmin\u0259n 500-600 avro aras\u0131 \u00f6d\u0259ni\u015f edir. \u00dcst\u0259lik, qald\u0131qlar\u0131 evin kiray\u0259 haqq\u0131 da d\u00f6vl\u0259t t\u0259r\u0259find\u0259n qar\u015f\u0131lan\u0131r. Maliyy\u0259 is\u0259 i\u015fl\u0259y\u0259n insanlar\u0131n verdiyi vergid\u0259n formala\u015f\u0131r. Bir s\u00f6zl\u0259, burada el\u0259 bir d\u0259rdin yoxdur ki, \u0259lin-qolun ba\u011fl\u0131 qals\u0131n\u201d.\n<\/p>\n<figure class=\"wp-block-image size-large\">\n  <img decoding=\"async\" src=\"https:\/\/www.meydan.tv\/az\/93305511_2779945498769832_1185600008091598848_n-jpg\/\" alt=\"93305511_2779945498769832_1185600008091598848_n.jpg\" class=\"wp-image-207903\"\/><figcaption>\n    \u201cAlmaniyada valideynin g\u00fcc\u00fc \u00e7atmayan m\u00fcalic\u0259, \u00e7ar\u0259siz qald\u0131\u011f\u0131 situasiya yoxdur&#8221;<br \/>\n  <\/figcaption><\/figure>\n<p>\n  <b><br \/>\n    \u201cBurada bir \u00e7ox hallarda insanlar x\u0259r\u00e7\u0259ng\u0259d\u0259k gedib \u00e7\u0131xm\u0131r\u201d<br \/>\n  <\/b>\n<\/p>\n<p>\n  T\u0259rlan Mehdizad\u0259 deyir ki, h\u0259kimd\u0259n qorxmaq, x\u0259st\u0259liyin son an\u0131nda x\u0259st\u0259xanaya m\u00fcraci\u0259t etm\u0259k d\u0259 bir \u00e7ox hallarda pulsuzluqdan, \u00e7ar\u0259sizlikd\u0259n qaynaqlan\u0131r:\n<\/p>\n<p>\n  \u201cBilirl\u0259r ki, h\u0259kim onlardan filan q\u0259d\u0259r pul ist\u0259y\u0259c\u0259k, xeyli d\u0259rman yazacaq, laz\u0131ml\u0131-laz\u0131ms\u0131z. Ona g\u00f6r\u0259 d\u00fc\u015f\u00fcn\u00fcrl\u0259r ki, insan bir \u015fey olan kimi o d\u0259qiq\u0259 h\u0259kim\u0259 qa\u00e7mamal\u0131d\u0131r. Amma burda burnu qanayan da x\u0259st\u0259xanaya qa\u00e7\u0131r. \u00c7\u00fcnki sistem rahatd\u0131r. Adic\u0259 u\u015fa\u011f\u0131n 38 d\u0259r\u0259c\u0259 h\u0259rar\u0259ti olanda da h\u0259kim\u0259 g\u0259tirirl\u0259r. Halbuki bunu ev \u015f\u0259raitind\u0259 d\u0259 h\u0259ll ed\u0259 bil\u0259rl\u0259r. N\u0259tic\u0259d\u0259 insanlar \u00e7ox vaxt x\u0259r\u00e7\u0259ng\u0259 q\u0259d\u0259r gedib \u00e7\u0131xm\u0131r. Ham\u0131s\u0131 da s\u0131\u011forta sisteminin \u0259la qurulmas\u0131n\u0131n n\u0259tic\u0259sidir\u201d.\n<\/p>\n<p>\n  <b><br \/>\n    \u201cBizi bu v\u0259ziyy\u0259t\u0259 g\u0259tir\u0259nl\u0259r utans\u0131n\u201d<br \/>\n  <\/b>\n<\/p>\n<p>\n  T\u0259rlan Mehdizad\u0259 deyir ki, Az\u0259rbaycanda savadl\u0131 h\u0259kiml\u0259r var, lakin onlar\u0131n bacar\u0131qlar\u0131n\u0131 t\u0259tbiq ed\u0259c\u0259kl\u0259ri normal x\u0259st\u0259xana, \u015f\u0259rait yoxdur:\n<\/p>\n<p>\n  \u201cYax\u015f\u0131 i\u015fl\u0259m\u0259k \u00fc\u00e7\u00fcn yax\u015f\u0131 \u015f\u0259rait laz\u0131m\u0131dr. Az\u0259rbaycanda bu yoxdur. Bel\u0259 g\u00f6st\u0259ricil\u0259r is\u0259 \u00fcmumi s\u0259hiyy\u0259nin s\u0259viyy\u0259sini a\u015fa\u011f\u0131 sal\u0131r. Ona g\u00f6r\u0259 d\u0259 b\u0259z\u0259n \u00f6lk\u0259d\u0259n k\u0259narda i\u015fl\u0259m\u0259li oluruq. Amma b\u0259zil\u0259ri \u00fc\u00e7\u00fcn bunu etm\u0259k \u00e7\u0259tindir. Onlar ail\u0259sin\u0259, v\u0259t\u0259nin\u0259 ba\u011fl\u0131 insanlard\u0131r. M\u0259nim kimil\u0259r d\u0259 bunu m\u0259cburiyy\u0259td\u0259n edir, amma ail\u0259sind\u0259n uzaq, m\u0259n\u0259n kas\u0131b ya\u015famal\u0131 olur. M\u0259s\u0259l\u0259n, m\u0259n \u00f6z\u00fcm\u00fc n\u0259 bura, n\u0259 \u00f6z v\u0259t\u0259nim\u0259 aid hiss edir\u0259m. S\u0259b\u0259b sistemdir, bizi bu v\u0259ziyy\u0259t\u0259 g\u0259tir\u0259nl\u0259r utans\u0131n. Bunlar\u0131 dem\u0259k \u00fcr\u0259yimd\u0259n deyil, amma dem\u0259liyik, b\u0259lk\u0259 n\u0259l\u0259ris\u0259 d\u0259yi\u015f\u0259 bildik\u201d.\n<\/p>\n<figure class=\"wp-block-image size-large\">\n  <img decoding=\"async\" src=\"https:\/\/www.meydan.tv\/az\/78585716_2502999919797726_2562136438049079296_n-jpg\/\" alt=\"78585716_2502999919797726_2562136438049079296_n.jpg\" class=\"wp-image-207882\"\/><figcaption>\n    &#8220;Orada analar u\u015faqlar\u0131n\u0131 \u00e7ox sad\u0259 s\u0259b\u0259bl\u0259rd\u0259n itirirl\u0259r&#8221;<br \/>\n  <\/figcaption><\/figure>\n","protected":false},"excerpt":{"rendered":"<p>&#8220;Az\u0259rbaycanda savadl\u0131 h\u0259kiml\u0259r var, lakin onlar\u0131n bacar\u0131qlar\u0131n\u0131 t\u0259tbiq ed\u0259c\u0259kl\u0259ri normal x\u0259st\u0259xana, \u015f\u0259rait yoxdur&#8221;<\/p>\n","protected":false},"author":11,"featured_media":207861,"comment_status":"closed","ping_status":"open","sticky":false,"template":"","format":"standard","meta":{"_acf_changed":false,"_sitemap_exclude":false,"_sitemap_priority":"","_sitemap_frequency":"","footnotes":""},"categories":[54],"tags":[],"class_list":["post-211969","post","type-post","status-publish","format-standard","has-post-thumbnail","hentry","category-sagliq","infinite-scroll-item","generate-columns","tablet-grid-50","mobile-grid-100","grid-parent","grid-33","no-featured-image-padding"],"acf":[],"yoast_head":"<!-- This site is optimized with the Yoast SEO plugin v27.4 - https:\/\/yoast.com\/product\/yoast-seo-wordpress\/ -->\n<title>Afrikada g\u00f6rd\u00fckl\u0259rind\u0259n heyr\u0259tl\u0259n\u0259n, Almaniyada ya\u015fayan az\u0259rbaycanl\u0131 h\u0259kim - MEYDAN.TV<\/title>\n<meta name=\"robots\" content=\"index, follow, max-snippet:-1, max-image-preview:large, max-video-preview:-1\" \/>\n<link rel=\"canonical\" href=\"https:\/\/www.meydan.tv\/az\/article\/afrikada-gorduklerinden-heyretlenen-almaniyada-yasayan-azerbaycanli-hekim\/\" \/>\n<meta property=\"og:locale\" content=\"az_AZ\" \/>\n<meta property=\"og:type\" content=\"article\" \/>\n<meta property=\"og:title\" content=\"Afrikada g\u00f6rd\u00fckl\u0259rind\u0259n heyr\u0259tl\u0259n\u0259n, Almaniyada ya\u015fayan az\u0259rbaycanl\u0131 h\u0259kim - MEYDAN.TV\" \/>\n<meta property=\"og:description\" content=\"&quot;Az\u0259rbaycanda savadl\u0131 h\u0259kiml\u0259r var, lakin onlar\u0131n bacar\u0131qlar\u0131n\u0131 t\u0259tbiq ed\u0259c\u0259kl\u0259ri normal x\u0259st\u0259xana, \u015f\u0259rait yoxdur&quot;\" \/>\n<meta property=\"og:url\" content=\"https:\/\/www.meydan.tv\/az\/article\/afrikada-gorduklerinden-heyretlenen-almaniyada-yasayan-azerbaycanli-hekim\/\" \/>\n<meta property=\"og:site_name\" content=\"MEYDAN.TV\" \/>\n<meta property=\"article:published_time\" content=\"2021-07-13T15:17:59+00:00\" \/>\n<meta property=\"og:image\" content=\"https:\/\/www.meydan.tv\/wp-content\/uploads\/78842241_2487891497975235_8894630751778111488_n.jpg\" \/>\n\t<meta property=\"og:image:width\" content=\"960\" \/>\n\t<meta property=\"og:image:height\" content=\"540\" \/>\n\t<meta property=\"og:image:type\" content=\"image\/jpeg\" \/>\n<meta name=\"author\" content=\"user-manager\" \/>\n<meta name=\"twitter:card\" content=\"summary_large_image\" \/>\n<script type=\"application\/ld+json\" class=\"yoast-schema-graph\">{\"@context\":\"https:\\\/\\\/schema.org\",\"@graph\":[{\"@type\":\"Article\",\"@id\":\"https:\\\/\\\/www.meydan.tv\\\/az\\\/article\\\/afrikada-gorduklerinden-heyretlenen-almaniyada-yasayan-azerbaycanli-hekim\\\/#article\",\"isPartOf\":{\"@id\":\"https:\\\/\\\/www.meydan.tv\\\/az\\\/article\\\/afrikada-gorduklerinden-heyretlenen-almaniyada-yasayan-azerbaycanli-hekim\\\/\"},\"author\":{\"name\":\"user-manager\",\"@id\":\"https:\\\/\\\/www.meydan.tv\\\/az\\\/#\\\/schema\\\/person\\\/10d11eccf6da3662cf5fdab9806ea91a\"},\"headline\":\"Afrikada g\u00f6rd\u00fckl\u0259rind\u0259n heyr\u0259tl\u0259n\u0259n, Almaniyada ya\u015fayan az\u0259rbaycanl\u0131 h\u0259kim\",\"datePublished\":\"2021-07-13T15:17:59+00:00\",\"mainEntityOfPage\":{\"@id\":\"https:\\\/\\\/www.meydan.tv\\\/az\\\/article\\\/afrikada-gorduklerinden-heyretlenen-almaniyada-yasayan-azerbaycanli-hekim\\\/\"},\"wordCount\":3296,\"publisher\":{\"@id\":\"https:\\\/\\\/www.meydan.tv\\\/az\\\/#organization\"},\"image\":{\"@id\":\"https:\\\/\\\/www.meydan.tv\\\/az\\\/article\\\/afrikada-gorduklerinden-heyretlenen-almaniyada-yasayan-azerbaycanli-hekim\\\/#primaryimage\"},\"thumbnailUrl\":\"https:\\\/\\\/www.meydan.tv\\\/wp-content\\\/uploads\\\/78842241_2487891497975235_8894630751778111488_n.jpg\",\"articleSection\":[\"Sa\u011fl\u0131q\"],\"inLanguage\":\"az\"},{\"@type\":\"WebPage\",\"@id\":\"https:\\\/\\\/www.meydan.tv\\\/az\\\/article\\\/afrikada-gorduklerinden-heyretlenen-almaniyada-yasayan-azerbaycanli-hekim\\\/\",\"url\":\"https:\\\/\\\/www.meydan.tv\\\/az\\\/article\\\/afrikada-gorduklerinden-heyretlenen-almaniyada-yasayan-azerbaycanli-hekim\\\/\",\"name\":\"Afrikada g\u00f6rd\u00fckl\u0259rind\u0259n heyr\u0259tl\u0259n\u0259n, Almaniyada ya\u015fayan az\u0259rbaycanl\u0131 h\u0259kim - MEYDAN.TV\",\"isPartOf\":{\"@id\":\"https:\\\/\\\/www.meydan.tv\\\/az\\\/#website\"},\"primaryImageOfPage\":{\"@id\":\"https:\\\/\\\/www.meydan.tv\\\/az\\\/article\\\/afrikada-gorduklerinden-heyretlenen-almaniyada-yasayan-azerbaycanli-hekim\\\/#primaryimage\"},\"image\":{\"@id\":\"https:\\\/\\\/www.meydan.tv\\\/az\\\/article\\\/afrikada-gorduklerinden-heyretlenen-almaniyada-yasayan-azerbaycanli-hekim\\\/#primaryimage\"},\"thumbnailUrl\":\"https:\\\/\\\/www.meydan.tv\\\/wp-content\\\/uploads\\\/78842241_2487891497975235_8894630751778111488_n.jpg\",\"datePublished\":\"2021-07-13T15:17:59+00:00\",\"breadcrumb\":{\"@id\":\"https:\\\/\\\/www.meydan.tv\\\/az\\\/article\\\/afrikada-gorduklerinden-heyretlenen-almaniyada-yasayan-azerbaycanli-hekim\\\/#breadcrumb\"},\"inLanguage\":\"az\",\"potentialAction\":[{\"@type\":\"ReadAction\",\"target\":[\"https:\\\/\\\/www.meydan.tv\\\/az\\\/article\\\/afrikada-gorduklerinden-heyretlenen-almaniyada-yasayan-azerbaycanli-hekim\\\/\"]}]},{\"@type\":\"ImageObject\",\"inLanguage\":\"az\",\"@id\":\"https:\\\/\\\/www.meydan.tv\\\/az\\\/article\\\/afrikada-gorduklerinden-heyretlenen-almaniyada-yasayan-azerbaycanli-hekim\\\/#primaryimage\",\"url\":\"https:\\\/\\\/www.meydan.tv\\\/wp-content\\\/uploads\\\/78842241_2487891497975235_8894630751778111488_n.jpg\",\"contentUrl\":\"https:\\\/\\\/www.meydan.tv\\\/wp-content\\\/uploads\\\/78842241_2487891497975235_8894630751778111488_n.jpg\",\"width\":960,\"height\":540,\"caption\":\"Source: Specify Source\"},{\"@type\":\"BreadcrumbList\",\"@id\":\"https:\\\/\\\/www.meydan.tv\\\/az\\\/article\\\/afrikada-gorduklerinden-heyretlenen-almaniyada-yasayan-azerbaycanli-hekim\\\/#breadcrumb\",\"itemListElement\":[{\"@type\":\"ListItem\",\"position\":1,\"name\":\"Ana s\u0259hif\u0259\",\"item\":\"https:\\\/\\\/www.meydan.tv\\\/az\\\/\"},{\"@type\":\"ListItem\",\"position\":2,\"name\":\"Sa\u011fl\u0131q\",\"item\":\"https:\\\/\\\/www.meydan.tv\\\/az\\\/section\\\/sagliq\\\/\"},{\"@type\":\"ListItem\",\"position\":3,\"name\":\"Afrikada g\u00f6rd\u00fckl\u0259rind\u0259n heyr\u0259tl\u0259n\u0259n, Almaniyada ya\u015fayan az\u0259rbaycanl\u0131 h\u0259kim\"}]},{\"@type\":\"WebSite\",\"@id\":\"https:\\\/\\\/www.meydan.tv\\\/az\\\/#website\",\"url\":\"https:\\\/\\\/www.meydan.tv\\\/az\\\/\",\"name\":\"MEYDAN.TV\",\"description\":\"Meydan TV Az\u0259rbaycan\u0131n media m\u0259kan\u0131ndak\u0131 alternativ s\u0259sidir\",\"publisher\":{\"@id\":\"https:\\\/\\\/www.meydan.tv\\\/az\\\/#organization\"},\"potentialAction\":[{\"@type\":\"SearchAction\",\"target\":{\"@type\":\"EntryPoint\",\"urlTemplate\":\"https:\\\/\\\/www.meydan.tv\\\/az\\\/?s={search_term_string}\"},\"query-input\":{\"@type\":\"PropertyValueSpecification\",\"valueRequired\":true,\"valueName\":\"search_term_string\"}}],\"inLanguage\":\"az\"},{\"@type\":\"Organization\",\"@id\":\"https:\\\/\\\/www.meydan.tv\\\/az\\\/#organization\",\"name\":\"Meydan TV\",\"url\":\"https:\\\/\\\/www.meydan.tv\\\/az\\\/\",\"logo\":{\"@type\":\"ImageObject\",\"inLanguage\":\"az\",\"@id\":\"https:\\\/\\\/www.meydan.tv\\\/az\\\/#\\\/schema\\\/logo\\\/image\\\/\",\"url\":\"https:\\\/\\\/www.meydan.tv\\\/wp-content\\\/uploads\\\/2021\\\/07\\\/meydan-logo.svg\",\"contentUrl\":\"https:\\\/\\\/www.meydan.tv\\\/wp-content\\\/uploads\\\/2021\\\/07\\\/meydan-logo.svg\",\"width\":195,\"height\":46,\"caption\":\"Meydan TV\"},\"image\":{\"@id\":\"https:\\\/\\\/www.meydan.tv\\\/az\\\/#\\\/schema\\\/logo\\\/image\\\/\"}},{\"@type\":\"Person\",\"@id\":\"https:\\\/\\\/www.meydan.tv\\\/az\\\/#\\\/schema\\\/person\\\/10d11eccf6da3662cf5fdab9806ea91a\",\"name\":\"user-manager\"}]}<\/script>\n<!-- \/ Yoast SEO plugin. -->","yoast_head_json":{"title":"Afrikada g\u00f6rd\u00fckl\u0259rind\u0259n heyr\u0259tl\u0259n\u0259n, Almaniyada ya\u015fayan az\u0259rbaycanl\u0131 h\u0259kim - MEYDAN.TV","robots":{"index":"index","follow":"follow","max-snippet":"max-snippet:-1","max-image-preview":"max-image-preview:large","max-video-preview":"max-video-preview:-1"},"canonical":"https:\/\/www.meydan.tv\/az\/article\/afrikada-gorduklerinden-heyretlenen-almaniyada-yasayan-azerbaycanli-hekim\/","og_locale":"az_AZ","og_type":"article","og_title":"Afrikada g\u00f6rd\u00fckl\u0259rind\u0259n heyr\u0259tl\u0259n\u0259n, Almaniyada ya\u015fayan az\u0259rbaycanl\u0131 h\u0259kim - MEYDAN.TV","og_description":"\"Az\u0259rbaycanda savadl\u0131 h\u0259kiml\u0259r var, lakin onlar\u0131n bacar\u0131qlar\u0131n\u0131 t\u0259tbiq ed\u0259c\u0259kl\u0259ri normal x\u0259st\u0259xana, \u015f\u0259rait yoxdur\"","og_url":"https:\/\/www.meydan.tv\/az\/article\/afrikada-gorduklerinden-heyretlenen-almaniyada-yasayan-azerbaycanli-hekim\/","og_site_name":"MEYDAN.TV","article_published_time":"2021-07-13T15:17:59+00:00","og_image":[{"width":960,"height":540,"url":"https:\/\/www.meydan.tv\/wp-content\/uploads\/78842241_2487891497975235_8894630751778111488_n.jpg","type":"image\/jpeg"}],"author":"user-manager","twitter_card":"summary_large_image","schema":{"@context":"https:\/\/schema.org","@graph":[{"@type":"Article","@id":"https:\/\/www.meydan.tv\/az\/article\/afrikada-gorduklerinden-heyretlenen-almaniyada-yasayan-azerbaycanli-hekim\/#article","isPartOf":{"@id":"https:\/\/www.meydan.tv\/az\/article\/afrikada-gorduklerinden-heyretlenen-almaniyada-yasayan-azerbaycanli-hekim\/"},"author":{"name":"user-manager","@id":"https:\/\/www.meydan.tv\/az\/#\/schema\/person\/10d11eccf6da3662cf5fdab9806ea91a"},"headline":"Afrikada g\u00f6rd\u00fckl\u0259rind\u0259n heyr\u0259tl\u0259n\u0259n, Almaniyada ya\u015fayan az\u0259rbaycanl\u0131 h\u0259kim","datePublished":"2021-07-13T15:17:59+00:00","mainEntityOfPage":{"@id":"https:\/\/www.meydan.tv\/az\/article\/afrikada-gorduklerinden-heyretlenen-almaniyada-yasayan-azerbaycanli-hekim\/"},"wordCount":3296,"publisher":{"@id":"https:\/\/www.meydan.tv\/az\/#organization"},"image":{"@id":"https:\/\/www.meydan.tv\/az\/article\/afrikada-gorduklerinden-heyretlenen-almaniyada-yasayan-azerbaycanli-hekim\/#primaryimage"},"thumbnailUrl":"https:\/\/www.meydan.tv\/wp-content\/uploads\/78842241_2487891497975235_8894630751778111488_n.jpg","articleSection":["Sa\u011fl\u0131q"],"inLanguage":"az"},{"@type":"WebPage","@id":"https:\/\/www.meydan.tv\/az\/article\/afrikada-gorduklerinden-heyretlenen-almaniyada-yasayan-azerbaycanli-hekim\/","url":"https:\/\/www.meydan.tv\/az\/article\/afrikada-gorduklerinden-heyretlenen-almaniyada-yasayan-azerbaycanli-hekim\/","name":"Afrikada g\u00f6rd\u00fckl\u0259rind\u0259n heyr\u0259tl\u0259n\u0259n, Almaniyada ya\u015fayan az\u0259rbaycanl\u0131 h\u0259kim - MEYDAN.TV","isPartOf":{"@id":"https:\/\/www.meydan.tv\/az\/#website"},"primaryImageOfPage":{"@id":"https:\/\/www.meydan.tv\/az\/article\/afrikada-gorduklerinden-heyretlenen-almaniyada-yasayan-azerbaycanli-hekim\/#primaryimage"},"image":{"@id":"https:\/\/www.meydan.tv\/az\/article\/afrikada-gorduklerinden-heyretlenen-almaniyada-yasayan-azerbaycanli-hekim\/#primaryimage"},"thumbnailUrl":"https:\/\/www.meydan.tv\/wp-content\/uploads\/78842241_2487891497975235_8894630751778111488_n.jpg","datePublished":"2021-07-13T15:17:59+00:00","breadcrumb":{"@id":"https:\/\/www.meydan.tv\/az\/article\/afrikada-gorduklerinden-heyretlenen-almaniyada-yasayan-azerbaycanli-hekim\/#breadcrumb"},"inLanguage":"az","potentialAction":[{"@type":"ReadAction","target":["https:\/\/www.meydan.tv\/az\/article\/afrikada-gorduklerinden-heyretlenen-almaniyada-yasayan-azerbaycanli-hekim\/"]}]},{"@type":"ImageObject","inLanguage":"az","@id":"https:\/\/www.meydan.tv\/az\/article\/afrikada-gorduklerinden-heyretlenen-almaniyada-yasayan-azerbaycanli-hekim\/#primaryimage","url":"https:\/\/www.meydan.tv\/wp-content\/uploads\/78842241_2487891497975235_8894630751778111488_n.jpg","contentUrl":"https:\/\/www.meydan.tv\/wp-content\/uploads\/78842241_2487891497975235_8894630751778111488_n.jpg","width":960,"height":540,"caption":"Source: Specify Source"},{"@type":"BreadcrumbList","@id":"https:\/\/www.meydan.tv\/az\/article\/afrikada-gorduklerinden-heyretlenen-almaniyada-yasayan-azerbaycanli-hekim\/#breadcrumb","itemListElement":[{"@type":"ListItem","position":1,"name":"Ana s\u0259hif\u0259","item":"https:\/\/www.meydan.tv\/az\/"},{"@type":"ListItem","position":2,"name":"Sa\u011fl\u0131q","item":"https:\/\/www.meydan.tv\/az\/section\/sagliq\/"},{"@type":"ListItem","position":3,"name":"Afrikada g\u00f6rd\u00fckl\u0259rind\u0259n heyr\u0259tl\u0259n\u0259n, Almaniyada ya\u015fayan az\u0259rbaycanl\u0131 h\u0259kim"}]},{"@type":"WebSite","@id":"https:\/\/www.meydan.tv\/az\/#website","url":"https:\/\/www.meydan.tv\/az\/","name":"MEYDAN.TV","description":"Meydan TV Az\u0259rbaycan\u0131n media m\u0259kan\u0131ndak\u0131 alternativ s\u0259sidir","publisher":{"@id":"https:\/\/www.meydan.tv\/az\/#organization"},"potentialAction":[{"@type":"SearchAction","target":{"@type":"EntryPoint","urlTemplate":"https:\/\/www.meydan.tv\/az\/?s={search_term_string}"},"query-input":{"@type":"PropertyValueSpecification","valueRequired":true,"valueName":"search_term_string"}}],"inLanguage":"az"},{"@type":"Organization","@id":"https:\/\/www.meydan.tv\/az\/#organization","name":"Meydan TV","url":"https:\/\/www.meydan.tv\/az\/","logo":{"@type":"ImageObject","inLanguage":"az","@id":"https:\/\/www.meydan.tv\/az\/#\/schema\/logo\/image\/","url":"https:\/\/www.meydan.tv\/wp-content\/uploads\/2021\/07\/meydan-logo.svg","contentUrl":"https:\/\/www.meydan.tv\/wp-content\/uploads\/2021\/07\/meydan-logo.svg","width":195,"height":46,"caption":"Meydan TV"},"image":{"@id":"https:\/\/www.meydan.tv\/az\/#\/schema\/logo\/image\/"}},{"@type":"Person","@id":"https:\/\/www.meydan.tv\/az\/#\/schema\/person\/10d11eccf6da3662cf5fdab9806ea91a","name":"user-manager"}]}},"_links":{"self":[{"href":"https:\/\/www.meydan.tv\/az\/wp-json\/wp\/v2\/posts\/211969","targetHints":{"allow":["GET"]}}],"collection":[{"href":"https:\/\/www.meydan.tv\/az\/wp-json\/wp\/v2\/posts"}],"about":[{"href":"https:\/\/www.meydan.tv\/az\/wp-json\/wp\/v2\/types\/post"}],"author":[{"embeddable":true,"href":"https:\/\/www.meydan.tv\/az\/wp-json\/wp\/v2\/users\/11"}],"replies":[{"embeddable":true,"href":"https:\/\/www.meydan.tv\/az\/wp-json\/wp\/v2\/comments?post=211969"}],"version-history":[{"count":0,"href":"https:\/\/www.meydan.tv\/az\/wp-json\/wp\/v2\/posts\/211969\/revisions"}],"wp:featuredmedia":[{"embeddable":true,"href":"https:\/\/www.meydan.tv\/az\/wp-json\/wp\/v2\/media\/207861"}],"wp:attachment":[{"href":"https:\/\/www.meydan.tv\/az\/wp-json\/wp\/v2\/media?parent=211969"}],"wp:term":[{"taxonomy":"category","embeddable":true,"href":"https:\/\/www.meydan.tv\/az\/wp-json\/wp\/v2\/categories?post=211969"},{"taxonomy":"post_tag","embeddable":true,"href":"https:\/\/www.meydan.tv\/az\/wp-json\/wp\/v2\/tags?post=211969"}],"curies":[{"name":"wp","href":"https:\/\/api.w.org\/{rel}","templated":true}]}}