{"id":211968,"date":"2021-07-13T16:52:24","date_gmt":"2021-07-13T16:52:24","guid":{"rendered":"https:\/\/www.meydan.tv\/article\/azerbaycanda-31-neferin-delta-stammina-yoluxdugu-aciqlandi\/"},"modified":"2021-07-13T16:52:24","modified_gmt":"2021-07-13T16:52:24","slug":"azerbaycanda-31-neferin-delta-stammina-yoluxdugu-aciqlandi","status":"publish","type":"post","link":"https:\/\/www.meydan.tv\/az\/article\/azerbaycanda-31-neferin-delta-stammina-yoluxdugu-aciqlandi\/","title":{"rendered":"Az\u0259rbaycanda 31 n\u0259f\u0259rin &#8220;Delta&#8221; \u015ftamm\u0131na yoluxdu\u011fu a\u00e7\u0131qland\u0131"},"content":{"rendered":"<p>\n  <i><br \/>\n    &quot;Virusun yeni v\u0259 t\u0259hl\u00fck\u0259li variantlar\u0131ndan qorunma\u011f\u0131n \u0259n effektiv yolu vaksinasiyad\u0131r&quot;<br \/>\n  <\/i>\n<\/p>\n<p>\n  Az\u0259rbaycanda xaricd\u0259n g\u0259l\u0259n \u015f\u0259xsl\u0259rd\u0259n al\u0131nm\u0131\u015f n\u00fcmun\u0259l\u0259rin 31-d\u0259 koronavirusun B.1.617 (Delta) variant\u0131 a\u015fkar olunub.\n<\/p>\n<p>\n  Bu bar\u0259d\u0259 Az\u0259rbaycan S\u0259hiyy\u0259 Nazirliyi, \u0130cbari Tibbi S\u0131\u011forta \u00fczr\u0259 D\u00f6vl\u0259t Agentliyi v\u0259 Tibbi \u018frazi B\u00f6lm\u0259l\u0259rini \u0130dar\u0259etm\u0259 Birliyi birg\u0259 m\u0259lumat<br \/>\n  <a href=\"http:\/\/sehiyye.gov.az\/xeberler\/3442-azrbaycan-respublikasnn-shiyy-nazirliyi-cbari-tibbi-sorta-zr-dvlt-agentliyi-v-tibbi-razi-blmlrini-daretm-birliyinin-mlumati.html\"><br \/>\n    yay\u0131b<br \/>\n  <\/a><br \/>\n  .\n<\/p>\n<p>\n  Bildirilir ki, ara\u015fd\u0131rmalar\u0131n n\u00f6vb\u0259ti m\u0259rh\u0259l\u0259sind\u0259 son d\u00f6vrd\u0259 \u00f6lk\u0259 xaricind\u0259n g\u0259l\u0259n \u015f\u0259xsl\u0259rd\u0259n al\u0131nan n\u00fcmun\u0259l\u0259rin 31-d\u0259 B.1.617 (Delta) variant\u0131, 9-da is\u0259 B.1.1.7 (20 Alpha V1, Britaniya) variant\u0131 a\u015fkar edilib.\n<\/p>\n<p>\n  A\u00e7\u0131qlamada qeyd olunur ki, virusun yeni v\u0259 s\u00fcr\u0259tl\u0259 yay\u0131lan t\u0259hl\u00fck\u0259li variantlar\u0131ndan qorunma\u011f\u0131n \u0259n effektiv yolu vaksinasiyad\u0131r: &quot;D\u00fcnyada v\u0259 \u00f6lk\u0259mizd\u0259 apar\u0131lan t\u0259dqiqatlardan \u0259ld\u0259 olunmu\u015f n\u0259tic\u0259l\u0259rin t\u0259hlili bir daha g\u00f6st\u0259rir ki, virusun yeni v\u0259 s\u00fcr\u0259tl\u0259 yay\u0131lan t\u0259hl\u00fck\u0259li variantlar\u0131ndan qorunma\u011f\u0131n \u0259n effektiv yolu vaksinasiyad\u0131r. Ona g\u00f6r\u0259 d\u0259 bir daha b\u00fct\u00fcn v\u0259t\u0259nda\u015flar\u0131m\u0131z\u0131 vaxt itirm\u0259d\u0259n vaksinasiya olunma\u011fa \u00e7a\u011f\u0131r\u0131r\u0131q&quot;.\n<\/p>\n<p>\n  H\u0259r \u00fc\u00e7 qurum b\u0259yan edib ki, bir ild\u0259n uzun m\u00fcdd\u0259tdir davam ed\u0259n SARS-CoV-2 pandemiyas\u0131 b\u00fct\u00fcn d\u00fcnyada m\u00fch\u00fcm s\u0259hiyy\u0259 problemi olmaqla birlikd\u0259 sosial v\u0259 iqtisadi c\u0259h\u0259td\u0259n d\u0259 ciddi \u00e7\u0259tinlikl\u0259r yarad\u0131b: &quot;SARS-CoV-2 infeksiyas\u0131na qar\u015f\u0131 apar\u0131lan t\u0259dbirl\u0259r, peyv\u0259ndl\u0259nm\u0259nin t\u0259\u015fkili v\u0259 effektivliyinin \u00f6yr\u0259nilm\u0259si bax\u0131m\u0131ndan \u00f6lk\u0259miz d\u00fcnyada \u00f6n s\u0131ralardad\u0131r. Koronaviruslar\u0131n mutasiyalar\u0131 n\u0259tic\u0259sind\u0259 son zamanlar meydana \u00e7\u0131xan yeni variantlar b\u00fct\u00fcn d\u00fcnyada ciddi narahatl\u0131q do\u011furur. \u00d6lk\u0259mizd\u0259 epidemioloji v\u0259ziyy\u0259tin n\u0259zar\u0259td\u0259 saxlan\u0131lmas\u0131 \u00fc\u00e7\u00fcn g\u00f6r\u00fcl\u0259n t\u0259dbirl\u0259r \u00e7\u0259r\u00e7iv\u0259sind\u0259 Milli Hematologiya v\u0259 Transfuziologiya M\u0259rk\u0259zinin Genetik Diaqnoz M\u0259rk\u0259zind\u0259 SARS-CoV-2 virusunun genetik variantlar\u0131na dair m\u00fct\u0259madi analizl\u0259r apar\u0131l\u0131r. Unutmamal\u0131y\u0131q ki, vaksinasiya il\u0259 yana\u015f\u0131, fiziki m\u0259saf\u0259nin saxlan\u0131lmas\u0131, maskalardan istifad\u0259 v\u0259 \u0259l t\u0259mizliyi kimi qaydalar, virusun variant\u0131ndan as\u0131l\u0131 olmayaraq, x\u0259st\u0259likd\u0259n qorunma\u011f\u0131n, d\u00fcnyada v\u0259 \u00f6lk\u0259mizd\u0259 normal h\u0259yata qay\u0131tma\u011f\u0131n yegan\u0259 yoludur&quot;.\n<\/p>\n<figure class=\"wp-block-image size-large\">\n  <img decoding=\"async\" src=\"https:\/\/www.meydan.tv\/az\/1625223168127839053_1000x669-jpg\/\" alt=\"1625223168127839053_1000x669.jpg\" class=\"wp-image-207924\"\/><figcaption>\n    S\u0259hiyy\u0259 Nazirliyi, \u0130cbari Tibbi S\u0131\u011forta \u00fczr\u0259 D\u00f6vl\u0259t Agentliyi v\u0259 Tibbi \u018frazi B\u00f6lm\u0259l\u0259rini \u0130dar\u0259etm\u0259 Birliyi<br \/>\n  <\/figcaption><\/figure>\n<p>\n  Milli M\u0259clisin deputat\u0131, h\u0259kim R\u0259\u015fad Mahmudov &quot;<br \/>\n  <a href=\"https:\/\/demokrat.az\/az\/news\/83167\/resad-mahmudov-kritik-dalgaya-qarsi-hazirliqli-olmaliyiq\"><br \/>\n    demokrat.az<br \/>\n  <\/a><br \/>\n  &quot; sayt\u0131na bildirib ki, yax\u0131n qon\u015fular &#8211; Rusiya, \u0130ran, G\u00fcrc\u00fcstan v\u0259 T\u00fcrkiy\u0259d\u0259 \u201cDelta\u201d v\u0259 \u201cDelta+\u201d virusunun t\u00fc\u011fyan etm\u0259si h\u0259r bir s\u0259hiyy\u0259 i\u015f\u00e7isini narahat edir: &quot;\u00dcmumd\u00fcnya S\u0259hiyy\u0259 T\u0259\u015fkilat\u0131n\u0131n may\u0131n sonunda ke\u00e7iril\u0259n toplant\u0131s\u0131nda h\u0259y\u0259can t\u0259bili \u00e7al\u0131nd\u0131 v\u0259 d\u00fcnya \u00f6lk\u0259l\u0259ri haz\u0131rl\u0131ql\u0131 olma\u011fa d\u0259v\u0259t edildi. Arzu ed\u0259k ki, bizim \u00f6lk\u0259mizd\u0259 pandemiya il\u0259 ba\u011fl\u0131 v\u0259ziyy\u0259t indiki \u015f\u0259kild\u0259 davam etsin. Amma epidemoloji tarix v\u0259 bildikl\u0259rimiz biz\u0259 dikt\u0259 edir ki, bel\u0259 hadis\u0259l\u0259r\u0259 haz\u0131r olmaq m\u0259suliyy\u0259ti da\u015f\u0131y\u0131r\u0131q\u201d.\n<\/p>\n<p>\n  R\u0259\u015fad Mahmudov s\u0259hiyy\u0259 sisteminin COV\u0130D-19-un yeni dal\u011fas\u0131na qar\u015f\u0131 haz\u0131rl\u0131qlar g\u00f6rd\u00fcy\u00fcn\u00fc d\u0259 vur\u011fulay\u0131b: &quot;\u018flb\u0259tt\u0259, burada d\u00f6vl\u0259tin g\u00f6rd\u00fcy\u00fc i\u015fl\u0259ri m\u00fcsb\u0259t qiym\u0259tl\u0259ndirm\u0259k laz\u0131md\u0131r. Ancaq h\u0259m d\u0259 n\u0259z\u0259r\u0259 al\u0131nmal\u0131d\u0131r ki, h\u0259r \u015fey c\u0259miyy\u0259tin epidemeloji v\u0259ziyy\u0259t\u0259 olan m\u00fcnasib\u0259til\u0259 ba\u015flay\u0131r. Art\u0131q ilyar\u0131ml\u0131q t\u0259cr\u00fcb\u0259 g\u00f6st\u0259rir ki, d\u00fcnya \u00f6lk\u0259l\u0259ri bu v\u0259ziyy\u0259td\u0259 v\u0259 b\u00f6y\u00fck dal\u011falar qar\u015f\u0131s\u0131nda ciddi qapanmalara getm\u0259y\u0259c\u0259kl\u0259r. Ancaq bunun yerin\u0259 daha \u0259vv\u0259l bilinm\u0259y\u0259nl\u0259ri bu g\u00fcn bilirik. C\u0259miyy\u0259tin h\u0259r bir \u00fczv\u00fcn\u00fcn ayr\u0131-ayr\u0131l\u0131qda v\u0259 k\u00fctl\u0259vi \u015f\u0259kild\u0259 bu m\u0259s\u0259l\u0259y\u0259 olan m\u00fcnasib\u0259ti \u0259sas gedi\u015fata, x\u00fcsusil\u0259 virusun alovlanmas\u0131 zaman\u0131 hadis\u0259nin n\u0259zar\u0259td\u0259 saxlan\u0131lmas\u0131na k\u00f6m\u0259k ed\u0259n vasit\u0259dir. Arzu edir\u0259m ki, bel\u0259 hallar \u00f6lk\u0259mizd\u0259 olmas\u0131n, ancaq h\u0259r an ola bil\u0259c\u0259k dal\u011falara haz\u0131r olmal\u0131y\u0131q&quot;.<\/p>\n","protected":false},"excerpt":{"rendered":"<p>&#8220;Arzu ed\u0259k ki, bizim \u00f6lk\u0259mizd\u0259 pandemiya il\u0259 ba\u011fl\u0131 v\u0259ziyy\u0259t indiki \u015f\u0259kild\u0259 davam etsin&#8221;.<\/p>\n","protected":false},"author":11,"featured_media":207921,"comment_status":"closed","ping_status":"open","sticky":false,"template":"","format":"standard","meta":{"_acf_changed":false,"_sitemap_exclude":false,"_sitemap_priority":"","_sitemap_frequency":"","footnotes":""},"categories":[54],"tags":[],"class_list":["post-211968","post","type-post","status-publish","format-standard","has-post-thumbnail","hentry","category-sagliq","infinite-scroll-item","generate-columns","tablet-grid-50","mobile-grid-100","grid-parent","grid-33","no-featured-image-padding"],"acf":[],"yoast_head":"<!-- This site is optimized with the Yoast SEO plugin v27.4 - https:\/\/yoast.com\/product\/yoast-seo-wordpress\/ -->\n<title>Az\u0259rbaycanda 31 n\u0259f\u0259rin &quot;Delta&quot; \u015ftamm\u0131na yoluxdu\u011fu a\u00e7\u0131qland\u0131 - MEYDAN.TV<\/title>\n<meta name=\"robots\" content=\"index, follow, max-snippet:-1, max-image-preview:large, max-video-preview:-1\" \/>\n<link rel=\"canonical\" href=\"https:\/\/www.meydan.tv\/az\/article\/azerbaycanda-31-neferin-delta-stammina-yoluxdugu-aciqlandi\/\" \/>\n<meta property=\"og:locale\" content=\"az_AZ\" \/>\n<meta property=\"og:type\" content=\"article\" \/>\n<meta property=\"og:title\" content=\"Az\u0259rbaycanda 31 n\u0259f\u0259rin &quot;Delta&quot; \u015ftamm\u0131na yoluxdu\u011fu a\u00e7\u0131qland\u0131 - MEYDAN.TV\" \/>\n<meta property=\"og:description\" content=\"&quot;Arzu ed\u0259k ki, bizim \u00f6lk\u0259mizd\u0259 pandemiya il\u0259 ba\u011fl\u0131 v\u0259ziyy\u0259t indiki \u015f\u0259kild\u0259 davam etsin&quot;.\" \/>\n<meta property=\"og:url\" content=\"https:\/\/www.meydan.tv\/az\/article\/azerbaycanda-31-neferin-delta-stammina-yoluxdugu-aciqlandi\/\" \/>\n<meta property=\"og:site_name\" content=\"MEYDAN.TV\" \/>\n<meta property=\"article:published_time\" content=\"2021-07-13T16:52:24+00:00\" \/>\n<meta property=\"og:image\" content=\"https:\/\/www.meydan.tv\/wp-content\/uploads\/coronavirus-delta-100_2400x1350.jpg\" \/>\n\t<meta property=\"og:image:width\" content=\"2400\" \/>\n\t<meta property=\"og:image:height\" content=\"1350\" \/>\n\t<meta property=\"og:image:type\" content=\"image\/jpeg\" \/>\n<meta name=\"author\" content=\"user-manager\" \/>\n<meta name=\"twitter:card\" content=\"summary_large_image\" \/>\n<script type=\"application\/ld+json\" class=\"yoast-schema-graph\">{\"@context\":\"https:\\\/\\\/schema.org\",\"@graph\":[{\"@type\":\"Article\",\"@id\":\"https:\\\/\\\/www.meydan.tv\\\/az\\\/article\\\/azerbaycanda-31-neferin-delta-stammina-yoluxdugu-aciqlandi\\\/#article\",\"isPartOf\":{\"@id\":\"https:\\\/\\\/www.meydan.tv\\\/az\\\/article\\\/azerbaycanda-31-neferin-delta-stammina-yoluxdugu-aciqlandi\\\/\"},\"author\":{\"name\":\"user-manager\",\"@id\":\"https:\\\/\\\/www.meydan.tv\\\/az\\\/#\\\/schema\\\/person\\\/10d11eccf6da3662cf5fdab9806ea91a\"},\"headline\":\"Az\u0259rbaycanda 31 n\u0259f\u0259rin &#8220;Delta&#8221; \u015ftamm\u0131na yoluxdu\u011fu a\u00e7\u0131qland\u0131\",\"datePublished\":\"2021-07-13T16:52:24+00:00\",\"mainEntityOfPage\":{\"@id\":\"https:\\\/\\\/www.meydan.tv\\\/az\\\/article\\\/azerbaycanda-31-neferin-delta-stammina-yoluxdugu-aciqlandi\\\/\"},\"wordCount\":779,\"publisher\":{\"@id\":\"https:\\\/\\\/www.meydan.tv\\\/az\\\/#organization\"},\"image\":{\"@id\":\"https:\\\/\\\/www.meydan.tv\\\/az\\\/article\\\/azerbaycanda-31-neferin-delta-stammina-yoluxdugu-aciqlandi\\\/#primaryimage\"},\"thumbnailUrl\":\"https:\\\/\\\/www.meydan.tv\\\/wp-content\\\/uploads\\\/coronavirus-delta-100_2400x1350.jpg\",\"articleSection\":[\"Sa\u011fl\u0131q\"],\"inLanguage\":\"az\"},{\"@type\":\"WebPage\",\"@id\":\"https:\\\/\\\/www.meydan.tv\\\/az\\\/article\\\/azerbaycanda-31-neferin-delta-stammina-yoluxdugu-aciqlandi\\\/\",\"url\":\"https:\\\/\\\/www.meydan.tv\\\/az\\\/article\\\/azerbaycanda-31-neferin-delta-stammina-yoluxdugu-aciqlandi\\\/\",\"name\":\"Az\u0259rbaycanda 31 n\u0259f\u0259rin \\\"Delta\\\" \u015ftamm\u0131na yoluxdu\u011fu a\u00e7\u0131qland\u0131 - MEYDAN.TV\",\"isPartOf\":{\"@id\":\"https:\\\/\\\/www.meydan.tv\\\/az\\\/#website\"},\"primaryImageOfPage\":{\"@id\":\"https:\\\/\\\/www.meydan.tv\\\/az\\\/article\\\/azerbaycanda-31-neferin-delta-stammina-yoluxdugu-aciqlandi\\\/#primaryimage\"},\"image\":{\"@id\":\"https:\\\/\\\/www.meydan.tv\\\/az\\\/article\\\/azerbaycanda-31-neferin-delta-stammina-yoluxdugu-aciqlandi\\\/#primaryimage\"},\"thumbnailUrl\":\"https:\\\/\\\/www.meydan.tv\\\/wp-content\\\/uploads\\\/coronavirus-delta-100_2400x1350.jpg\",\"datePublished\":\"2021-07-13T16:52:24+00:00\",\"breadcrumb\":{\"@id\":\"https:\\\/\\\/www.meydan.tv\\\/az\\\/article\\\/azerbaycanda-31-neferin-delta-stammina-yoluxdugu-aciqlandi\\\/#breadcrumb\"},\"inLanguage\":\"az\",\"potentialAction\":[{\"@type\":\"ReadAction\",\"target\":[\"https:\\\/\\\/www.meydan.tv\\\/az\\\/article\\\/azerbaycanda-31-neferin-delta-stammina-yoluxdugu-aciqlandi\\\/\"]}]},{\"@type\":\"ImageObject\",\"inLanguage\":\"az\",\"@id\":\"https:\\\/\\\/www.meydan.tv\\\/az\\\/article\\\/azerbaycanda-31-neferin-delta-stammina-yoluxdugu-aciqlandi\\\/#primaryimage\",\"url\":\"https:\\\/\\\/www.meydan.tv\\\/wp-content\\\/uploads\\\/coronavirus-delta-100_2400x1350.jpg\",\"contentUrl\":\"https:\\\/\\\/www.meydan.tv\\\/wp-content\\\/uploads\\\/coronavirus-delta-100_2400x1350.jpg\",\"width\":2400,\"height\":1350,\"caption\":\"Source: Specify Source\"},{\"@type\":\"BreadcrumbList\",\"@id\":\"https:\\\/\\\/www.meydan.tv\\\/az\\\/article\\\/azerbaycanda-31-neferin-delta-stammina-yoluxdugu-aciqlandi\\\/#breadcrumb\",\"itemListElement\":[{\"@type\":\"ListItem\",\"position\":1,\"name\":\"Ana s\u0259hif\u0259\",\"item\":\"https:\\\/\\\/www.meydan.tv\\\/az\\\/\"},{\"@type\":\"ListItem\",\"position\":2,\"name\":\"Sa\u011fl\u0131q\",\"item\":\"https:\\\/\\\/www.meydan.tv\\\/az\\\/section\\\/sagliq\\\/\"},{\"@type\":\"ListItem\",\"position\":3,\"name\":\"Az\u0259rbaycanda 31 n\u0259f\u0259rin &#8220;Delta&#8221; \u015ftamm\u0131na yoluxdu\u011fu a\u00e7\u0131qland\u0131\"}]},{\"@type\":\"WebSite\",\"@id\":\"https:\\\/\\\/www.meydan.tv\\\/az\\\/#website\",\"url\":\"https:\\\/\\\/www.meydan.tv\\\/az\\\/\",\"name\":\"MEYDAN.TV\",\"description\":\"Meydan TV Az\u0259rbaycan\u0131n media m\u0259kan\u0131ndak\u0131 alternativ s\u0259sidir\",\"publisher\":{\"@id\":\"https:\\\/\\\/www.meydan.tv\\\/az\\\/#organization\"},\"potentialAction\":[{\"@type\":\"SearchAction\",\"target\":{\"@type\":\"EntryPoint\",\"urlTemplate\":\"https:\\\/\\\/www.meydan.tv\\\/az\\\/?s={search_term_string}\"},\"query-input\":{\"@type\":\"PropertyValueSpecification\",\"valueRequired\":true,\"valueName\":\"search_term_string\"}}],\"inLanguage\":\"az\"},{\"@type\":\"Organization\",\"@id\":\"https:\\\/\\\/www.meydan.tv\\\/az\\\/#organization\",\"name\":\"Meydan TV\",\"url\":\"https:\\\/\\\/www.meydan.tv\\\/az\\\/\",\"logo\":{\"@type\":\"ImageObject\",\"inLanguage\":\"az\",\"@id\":\"https:\\\/\\\/www.meydan.tv\\\/az\\\/#\\\/schema\\\/logo\\\/image\\\/\",\"url\":\"https:\\\/\\\/www.meydan.tv\\\/wp-content\\\/uploads\\\/2021\\\/07\\\/meydan-logo.svg\",\"contentUrl\":\"https:\\\/\\\/www.meydan.tv\\\/wp-content\\\/uploads\\\/2021\\\/07\\\/meydan-logo.svg\",\"width\":195,\"height\":46,\"caption\":\"Meydan TV\"},\"image\":{\"@id\":\"https:\\\/\\\/www.meydan.tv\\\/az\\\/#\\\/schema\\\/logo\\\/image\\\/\"}},{\"@type\":\"Person\",\"@id\":\"https:\\\/\\\/www.meydan.tv\\\/az\\\/#\\\/schema\\\/person\\\/10d11eccf6da3662cf5fdab9806ea91a\",\"name\":\"user-manager\"}]}<\/script>\n<!-- \/ Yoast SEO plugin. -->","yoast_head_json":{"title":"Az\u0259rbaycanda 31 n\u0259f\u0259rin \"Delta\" \u015ftamm\u0131na yoluxdu\u011fu a\u00e7\u0131qland\u0131 - MEYDAN.TV","robots":{"index":"index","follow":"follow","max-snippet":"max-snippet:-1","max-image-preview":"max-image-preview:large","max-video-preview":"max-video-preview:-1"},"canonical":"https:\/\/www.meydan.tv\/az\/article\/azerbaycanda-31-neferin-delta-stammina-yoluxdugu-aciqlandi\/","og_locale":"az_AZ","og_type":"article","og_title":"Az\u0259rbaycanda 31 n\u0259f\u0259rin \"Delta\" \u015ftamm\u0131na yoluxdu\u011fu a\u00e7\u0131qland\u0131 - MEYDAN.TV","og_description":"\"Arzu ed\u0259k ki, bizim \u00f6lk\u0259mizd\u0259 pandemiya il\u0259 ba\u011fl\u0131 v\u0259ziyy\u0259t indiki \u015f\u0259kild\u0259 davam etsin\".","og_url":"https:\/\/www.meydan.tv\/az\/article\/azerbaycanda-31-neferin-delta-stammina-yoluxdugu-aciqlandi\/","og_site_name":"MEYDAN.TV","article_published_time":"2021-07-13T16:52:24+00:00","og_image":[{"width":2400,"height":1350,"url":"https:\/\/www.meydan.tv\/wp-content\/uploads\/coronavirus-delta-100_2400x1350.jpg","type":"image\/jpeg"}],"author":"user-manager","twitter_card":"summary_large_image","schema":{"@context":"https:\/\/schema.org","@graph":[{"@type":"Article","@id":"https:\/\/www.meydan.tv\/az\/article\/azerbaycanda-31-neferin-delta-stammina-yoluxdugu-aciqlandi\/#article","isPartOf":{"@id":"https:\/\/www.meydan.tv\/az\/article\/azerbaycanda-31-neferin-delta-stammina-yoluxdugu-aciqlandi\/"},"author":{"name":"user-manager","@id":"https:\/\/www.meydan.tv\/az\/#\/schema\/person\/10d11eccf6da3662cf5fdab9806ea91a"},"headline":"Az\u0259rbaycanda 31 n\u0259f\u0259rin &#8220;Delta&#8221; \u015ftamm\u0131na yoluxdu\u011fu a\u00e7\u0131qland\u0131","datePublished":"2021-07-13T16:52:24+00:00","mainEntityOfPage":{"@id":"https:\/\/www.meydan.tv\/az\/article\/azerbaycanda-31-neferin-delta-stammina-yoluxdugu-aciqlandi\/"},"wordCount":779,"publisher":{"@id":"https:\/\/www.meydan.tv\/az\/#organization"},"image":{"@id":"https:\/\/www.meydan.tv\/az\/article\/azerbaycanda-31-neferin-delta-stammina-yoluxdugu-aciqlandi\/#primaryimage"},"thumbnailUrl":"https:\/\/www.meydan.tv\/wp-content\/uploads\/coronavirus-delta-100_2400x1350.jpg","articleSection":["Sa\u011fl\u0131q"],"inLanguage":"az"},{"@type":"WebPage","@id":"https:\/\/www.meydan.tv\/az\/article\/azerbaycanda-31-neferin-delta-stammina-yoluxdugu-aciqlandi\/","url":"https:\/\/www.meydan.tv\/az\/article\/azerbaycanda-31-neferin-delta-stammina-yoluxdugu-aciqlandi\/","name":"Az\u0259rbaycanda 31 n\u0259f\u0259rin \"Delta\" \u015ftamm\u0131na yoluxdu\u011fu a\u00e7\u0131qland\u0131 - MEYDAN.TV","isPartOf":{"@id":"https:\/\/www.meydan.tv\/az\/#website"},"primaryImageOfPage":{"@id":"https:\/\/www.meydan.tv\/az\/article\/azerbaycanda-31-neferin-delta-stammina-yoluxdugu-aciqlandi\/#primaryimage"},"image":{"@id":"https:\/\/www.meydan.tv\/az\/article\/azerbaycanda-31-neferin-delta-stammina-yoluxdugu-aciqlandi\/#primaryimage"},"thumbnailUrl":"https:\/\/www.meydan.tv\/wp-content\/uploads\/coronavirus-delta-100_2400x1350.jpg","datePublished":"2021-07-13T16:52:24+00:00","breadcrumb":{"@id":"https:\/\/www.meydan.tv\/az\/article\/azerbaycanda-31-neferin-delta-stammina-yoluxdugu-aciqlandi\/#breadcrumb"},"inLanguage":"az","potentialAction":[{"@type":"ReadAction","target":["https:\/\/www.meydan.tv\/az\/article\/azerbaycanda-31-neferin-delta-stammina-yoluxdugu-aciqlandi\/"]}]},{"@type":"ImageObject","inLanguage":"az","@id":"https:\/\/www.meydan.tv\/az\/article\/azerbaycanda-31-neferin-delta-stammina-yoluxdugu-aciqlandi\/#primaryimage","url":"https:\/\/www.meydan.tv\/wp-content\/uploads\/coronavirus-delta-100_2400x1350.jpg","contentUrl":"https:\/\/www.meydan.tv\/wp-content\/uploads\/coronavirus-delta-100_2400x1350.jpg","width":2400,"height":1350,"caption":"Source: Specify Source"},{"@type":"BreadcrumbList","@id":"https:\/\/www.meydan.tv\/az\/article\/azerbaycanda-31-neferin-delta-stammina-yoluxdugu-aciqlandi\/#breadcrumb","itemListElement":[{"@type":"ListItem","position":1,"name":"Ana s\u0259hif\u0259","item":"https:\/\/www.meydan.tv\/az\/"},{"@type":"ListItem","position":2,"name":"Sa\u011fl\u0131q","item":"https:\/\/www.meydan.tv\/az\/section\/sagliq\/"},{"@type":"ListItem","position":3,"name":"Az\u0259rbaycanda 31 n\u0259f\u0259rin &#8220;Delta&#8221; \u015ftamm\u0131na yoluxdu\u011fu a\u00e7\u0131qland\u0131"}]},{"@type":"WebSite","@id":"https:\/\/www.meydan.tv\/az\/#website","url":"https:\/\/www.meydan.tv\/az\/","name":"MEYDAN.TV","description":"Meydan TV Az\u0259rbaycan\u0131n media m\u0259kan\u0131ndak\u0131 alternativ s\u0259sidir","publisher":{"@id":"https:\/\/www.meydan.tv\/az\/#organization"},"potentialAction":[{"@type":"SearchAction","target":{"@type":"EntryPoint","urlTemplate":"https:\/\/www.meydan.tv\/az\/?s={search_term_string}"},"query-input":{"@type":"PropertyValueSpecification","valueRequired":true,"valueName":"search_term_string"}}],"inLanguage":"az"},{"@type":"Organization","@id":"https:\/\/www.meydan.tv\/az\/#organization","name":"Meydan TV","url":"https:\/\/www.meydan.tv\/az\/","logo":{"@type":"ImageObject","inLanguage":"az","@id":"https:\/\/www.meydan.tv\/az\/#\/schema\/logo\/image\/","url":"https:\/\/www.meydan.tv\/wp-content\/uploads\/2021\/07\/meydan-logo.svg","contentUrl":"https:\/\/www.meydan.tv\/wp-content\/uploads\/2021\/07\/meydan-logo.svg","width":195,"height":46,"caption":"Meydan TV"},"image":{"@id":"https:\/\/www.meydan.tv\/az\/#\/schema\/logo\/image\/"}},{"@type":"Person","@id":"https:\/\/www.meydan.tv\/az\/#\/schema\/person\/10d11eccf6da3662cf5fdab9806ea91a","name":"user-manager"}]}},"_links":{"self":[{"href":"https:\/\/www.meydan.tv\/az\/wp-json\/wp\/v2\/posts\/211968","targetHints":{"allow":["GET"]}}],"collection":[{"href":"https:\/\/www.meydan.tv\/az\/wp-json\/wp\/v2\/posts"}],"about":[{"href":"https:\/\/www.meydan.tv\/az\/wp-json\/wp\/v2\/types\/post"}],"author":[{"embeddable":true,"href":"https:\/\/www.meydan.tv\/az\/wp-json\/wp\/v2\/users\/11"}],"replies":[{"embeddable":true,"href":"https:\/\/www.meydan.tv\/az\/wp-json\/wp\/v2\/comments?post=211968"}],"version-history":[{"count":0,"href":"https:\/\/www.meydan.tv\/az\/wp-json\/wp\/v2\/posts\/211968\/revisions"}],"wp:featuredmedia":[{"embeddable":true,"href":"https:\/\/www.meydan.tv\/az\/wp-json\/wp\/v2\/media\/207921"}],"wp:attachment":[{"href":"https:\/\/www.meydan.tv\/az\/wp-json\/wp\/v2\/media?parent=211968"}],"wp:term":[{"taxonomy":"category","embeddable":true,"href":"https:\/\/www.meydan.tv\/az\/wp-json\/wp\/v2\/categories?post=211968"},{"taxonomy":"post_tag","embeddable":true,"href":"https:\/\/www.meydan.tv\/az\/wp-json\/wp\/v2\/tags?post=211968"}],"curies":[{"name":"wp","href":"https:\/\/api.w.org\/{rel}","templated":true}]}}