{"id":211961,"date":"2021-07-13T15:57:32","date_gmt":"2021-07-13T15:57:32","guid":{"rendered":"https:\/\/www.meydan.tv\/article\/ust-resmisi-dunyada-peyvendlenme-prosesi-sokedici-bir-berabersizlik-seklinde-aparilir\/"},"modified":"2021-07-13T15:57:32","modified_gmt":"2021-07-13T15:57:32","slug":"ust-resmisi-dunyada-peyvendlenme-prosesi-sokedici-bir-berabersizlik-seklinde-aparilir","status":"publish","type":"post","link":"https:\/\/www.meydan.tv\/az\/article\/ust-resmisi-dunyada-peyvendlenme-prosesi-sokedici-bir-berabersizlik-seklinde-aparilir\/","title":{"rendered":"\u00dcST r\u0259smisi: D\u00fcnyada peyv\u0259ndl\u0259nm\u0259 prosesi \u015fokedici bir b\u0259rab\u0259rsizlik \u015f\u0259klind\u0259 apar\u0131l\u0131r"},"content":{"rendered":"<p>\n  <i><br \/>\n    \u201cBir \u00e7ox \u00f6lk\u0259 pandemiya bitmi\u015f kimi rahatla\u015f\u0131b\u201d<br \/>\n  <\/i>\n<\/p>\n<p>\n  \u201cD\u00fcnya d\u00f6rd milyon COVID-19 \u00f6l\u00fcm\u00fcn\u00fcn &quot;faci\u0259vi m\u0259rh\u0259l\u0259sini&quot; ke\u00e7ir\u201d.\n<\/p>\n<p>\n  D\u00fcnya S\u0259hiyy\u0259 T\u0259\u015fkilat\u0131n\u0131n (\u00dcST) ba\u015f direktoru Tedros Adhanom Ghebreyesus bel\u0259<br \/>\n  <a href=\"https:\/\/www.business-standard.com\/article\/current-affairs\/world-passes-tragic-milestone-of-four-million-covid-19-deaths-who-121070800134_1.html\"><br \/>\n    deyib<br \/>\n  <\/a><br \/>\n  .\n<\/p>\n<p>\n  Ba\u015f direktor haz\u0131rda d\u00fcnyan\u0131n bu pandemiyada t\u0259hl\u00fck\u0259li bir n\u00f6qt\u0259d\u0259 oldu\u011funu s\u00f6yl\u0259yib:\n<\/p>\n<p>\n  \u201cBiz COVID-19 s\u0259b\u0259bind\u0259n qeyd\u0259 al\u0131nan 4 milyon faci\u0259vi \u00f6l\u00fcm m\u0259rh\u0259l\u0259sini arxada qoymu\u015fuq. Bu, \u00e7ox g\u00fcman \u00fcmumi itkil\u0259rin ham\u0131s\u0131 deyil\u201d.\n<\/p>\n<p>\n  Tedros qeyd\u0259 al\u0131nmam\u0131\u015f \u00f6l\u00fcml\u0259rin olmas\u0131n\u0131 istisna etmir. Deyir ki, b\u0259zi \u00f6lk\u0259l\u0259rd\u0259 peyv\u0259ndl\u0259m\u0259 s\u00fcr\u0259tl\u0259 apar\u0131l\u0131r. Bir \u00e7ox bel\u0259 \u00f6lk\u0259 pandemiya bitmi\u015f kimi rahatla\u015f\u0131b:\n<\/p>\n<p>\n  \u201cAncaq biz insanlar\u0131n sa\u011flaml\u0131\u011f\u0131 il\u0259 ba\u011fl\u0131 sosial t\u0259dbirl\u0259ri g\u00fccl\u0259ndir\u0259c\u0259yik v\u0259 bu sah\u0259d\u0259 daha ciddi t\u0259dbirl\u0259r g\u00f6rm\u0259yi planla\u015fd\u0131r\u0131r\u0131q\u201d.\n<\/p>\n<p>\n  Ba\u015f direktor onu da \u0259lav\u0259 edib ki, haz\u0131rda d\u00fcnyada virusun tezyay\u0131lan bir ne\u00e7\u0259 versiyas\u0131 var v\u0259 s\u00fcr\u0259tl\u0259 yay\u0131l\u0131r:\n<\/p>\n<p>\n  \u201cD\u00fcnyada peyv\u0259ndl\u0259nm\u0259 prosesi \u015fokedici bir b\u0259rab\u0259rsizlik \u015f\u0259klind\u0259 apar\u0131l\u0131r. Ona g\u00f6r\u0259 d\u0259 b\u0259zi \u00f6lk\u0259l\u0259rd\u0259 yoluxma say\u0131 v\u0259 x\u0259st\u0259xanaya yatanlarda art\u0131m m\u00fc\u015fahid\u0259 olunur\u201d.\n<\/p>\n<p>\n  Tedros bildirib ki, b\u00fct\u00fcn bunlar Afrika, Asiya v\u0259 Lat\u0131n Amerikas\u0131n\u0131n b\u0259zi b\u00f6lg\u0259l\u0259rind\u0259 \u00f6l\u00fcm dal\u011fas\u0131n\u0131n art\u0131m\u0131na s\u0259b\u0259b olub:\n<\/p>\n<p>\n  \u201cBu b\u00f6lg\u0259l\u0259rd\u0259 oksigen maskas\u0131, oksigen cihaz\u0131 q\u0131tl\u0131\u011f\u0131 var v\u0259 bu probleml\u0259r \u00f6l\u00fcml\u0259rin artmas\u0131na g\u0259tirib \u00e7\u0131xar\u0131r. Vaksin mill\u0259t\u00e7iliyi, b\u00f6y\u00fck d\u00f6vl\u0259tl\u0259rin \u00f6z aslan paylar\u0131n\u0131 almas\u0131 virusun bu q\u0259d\u0259r s\u00fcr\u0259tl\u0259 mutasiyaya u\u011frayaraq yay\u0131ld\u0131\u011f\u0131 vaxtda effekti olmayan m\u0259n\u0259vi aktd\u0131r\u201d, &#8211; o deyib.\n<\/p>\n<p>\n  Tedros bildirib ki, \u00fcst\u0259lik, pandemiyan\u0131n bu m\u0259rh\u0259l\u0259sind\u0259 milyonlarla s\u0259hiyy\u0259 v\u0259 tibb i\u015f\u00e7isinin h\u0259l\u0259 d\u0259 peyv\u0259nd olunmamas\u0131 d\u0259h\u015f\u0259tlidir:\n<\/p>\n<p>\n  \u201cHaz\u0131rda iqtisadi dir\u00e7\u0259lm\u0259y\u0259 y\u00f6n\u0259lmi\u015f b\u0259rab\u0259r olmayan peyv\u0259nd istehsal\u0131 v\u0259 payla\u015fd\u0131r\u0131lmas\u0131 s\u0259b\u0259bind\u0259n virus n\u00f6vl\u0259ri peyv\u0259ndl\u0259r \u00fcz\u0259rind\u0259 q\u0259l\u0259b\u0259 \u00e7al\u0131r\u201d.\n<\/p>\n<p>\n  2019-cu ilin sonu \u00c7ind\u0259 yaran\u0131b d\u00fcnyaya yay\u0131lan COV\u0130D-19 virusunun indiy\u0259d\u0259k d\u00fcnyada 4 milyondan \u00e7ox \u015f\u0259xsin \u00f6l\u00fcm\u00fcn\u0259 s\u0259b\u0259b oldu\u011fu bildirilir.\n<\/p>\n<p>\n  2020-ci il mart\u0131n 11-d\u0259 D\u00fcnya S\u0259hiyy\u0259 T\u0259\u015fkilat\u0131n\u0131n koronavirusu pandemiya elan edib. Az\u0259rbaycanda is\u0259 indiy\u0259d\u0259k \u00fcmumilikd\u0259 336 min 788 n\u0259f\u0259rin koronavirus infeksiyas\u0131na yoluxmas\u0131 fakt\u0131 m\u00fc\u0259yy\u0259n edilib. Onlardan 330 min 605-\u0131 sa\u011fal\u0131b, 4 min 980-i v\u0259fat edib, aktiv x\u0259st\u0259 say\u0131 1 min 202-y\u0259 y\u00fcks\u0259lib. \u018fn son a\u00e7\u0131qlanan statistikada bildirilir ki, son bir g\u00fcnd\u0259 Az\u0259rbaycanda koronavirus infeksiyas\u0131na 104 yeni yoluxma fakt\u0131 qeyd\u0259 al\u0131n\u0131b.<\/p>\n","protected":false},"excerpt":{"rendered":"<p>\u201cBir \u00e7ox \u00f6lk\u0259 pandemiya bitmi\u015f kimi rahatla\u015f\u0131b\u201d<\/p>\n","protected":false},"author":11,"featured_media":161766,"comment_status":"closed","ping_status":"open","sticky":false,"template":"","format":"standard","meta":{"_acf_changed":false,"_sitemap_exclude":false,"_sitemap_priority":"","_sitemap_frequency":"","footnotes":""},"categories":[54],"tags":[],"class_list":["post-211961","post","type-post","status-publish","format-standard","has-post-thumbnail","hentry","category-sagliq","infinite-scroll-item","generate-columns","tablet-grid-50","mobile-grid-100","grid-parent","grid-33","no-featured-image-padding"],"acf":[],"yoast_head":"<!-- This site is optimized with the Yoast SEO plugin v27.4 - https:\/\/yoast.com\/product\/yoast-seo-wordpress\/ -->\n<title>\u00dcST r\u0259smisi: D\u00fcnyada peyv\u0259ndl\u0259nm\u0259 prosesi \u015fokedici bir b\u0259rab\u0259rsizlik \u015f\u0259klind\u0259 apar\u0131l\u0131r - MEYDAN.TV<\/title>\n<meta name=\"robots\" content=\"index, follow, max-snippet:-1, max-image-preview:large, max-video-preview:-1\" \/>\n<link rel=\"canonical\" href=\"https:\/\/www.meydan.tv\/az\/article\/ust-resmisi-dunyada-peyvendlenme-prosesi-sokedici-bir-berabersizlik-seklinde-aparilir\/\" \/>\n<meta property=\"og:locale\" content=\"az_AZ\" \/>\n<meta property=\"og:type\" content=\"article\" \/>\n<meta property=\"og:title\" content=\"\u00dcST r\u0259smisi: D\u00fcnyada peyv\u0259ndl\u0259nm\u0259 prosesi \u015fokedici bir b\u0259rab\u0259rsizlik \u015f\u0259klind\u0259 apar\u0131l\u0131r - MEYDAN.TV\" \/>\n<meta property=\"og:description\" content=\"\u201cBir \u00e7ox \u00f6lk\u0259 pandemiya bitmi\u015f kimi rahatla\u015f\u0131b\u201d\" \/>\n<meta property=\"og:url\" content=\"https:\/\/www.meydan.tv\/az\/article\/ust-resmisi-dunyada-peyvendlenme-prosesi-sokedici-bir-berabersizlik-seklinde-aparilir\/\" \/>\n<meta property=\"og:site_name\" content=\"MEYDAN.TV\" \/>\n<meta property=\"article:published_time\" content=\"2021-07-13T15:57:32+00:00\" \/>\n<meta property=\"og:image\" content=\"https:\/\/www.meydan.tv\/wp-content\/uploads\/covid3-scaled.jpg\" \/>\n\t<meta property=\"og:image:width\" content=\"2560\" \/>\n\t<meta property=\"og:image:height\" content=\"1440\" \/>\n\t<meta property=\"og:image:type\" content=\"image\/jpeg\" \/>\n<meta name=\"author\" content=\"user-manager\" \/>\n<meta name=\"twitter:card\" content=\"summary_large_image\" \/>\n<script type=\"application\/ld+json\" class=\"yoast-schema-graph\">{\"@context\":\"https:\\\/\\\/schema.org\",\"@graph\":[{\"@type\":\"Article\",\"@id\":\"https:\\\/\\\/www.meydan.tv\\\/az\\\/article\\\/ust-resmisi-dunyada-peyvendlenme-prosesi-sokedici-bir-berabersizlik-seklinde-aparilir\\\/#article\",\"isPartOf\":{\"@id\":\"https:\\\/\\\/www.meydan.tv\\\/az\\\/article\\\/ust-resmisi-dunyada-peyvendlenme-prosesi-sokedici-bir-berabersizlik-seklinde-aparilir\\\/\"},\"author\":{\"name\":\"user-manager\",\"@id\":\"https:\\\/\\\/www.meydan.tv\\\/az\\\/#\\\/schema\\\/person\\\/10d11eccf6da3662cf5fdab9806ea91a\"},\"headline\":\"\u00dcST r\u0259smisi: D\u00fcnyada peyv\u0259ndl\u0259nm\u0259 prosesi \u015fokedici bir b\u0259rab\u0259rsizlik \u015f\u0259klind\u0259 apar\u0131l\u0131r\",\"datePublished\":\"2021-07-13T15:57:32+00:00\",\"mainEntityOfPage\":{\"@id\":\"https:\\\/\\\/www.meydan.tv\\\/az\\\/article\\\/ust-resmisi-dunyada-peyvendlenme-prosesi-sokedici-bir-berabersizlik-seklinde-aparilir\\\/\"},\"wordCount\":523,\"publisher\":{\"@id\":\"https:\\\/\\\/www.meydan.tv\\\/az\\\/#organization\"},\"image\":{\"@id\":\"https:\\\/\\\/www.meydan.tv\\\/az\\\/article\\\/ust-resmisi-dunyada-peyvendlenme-prosesi-sokedici-bir-berabersizlik-seklinde-aparilir\\\/#primaryimage\"},\"thumbnailUrl\":\"https:\\\/\\\/www.meydan.tv\\\/wp-content\\\/uploads\\\/covid3-scaled.jpg\",\"articleSection\":[\"Sa\u011fl\u0131q\"],\"inLanguage\":\"az\"},{\"@type\":\"WebPage\",\"@id\":\"https:\\\/\\\/www.meydan.tv\\\/az\\\/article\\\/ust-resmisi-dunyada-peyvendlenme-prosesi-sokedici-bir-berabersizlik-seklinde-aparilir\\\/\",\"url\":\"https:\\\/\\\/www.meydan.tv\\\/az\\\/article\\\/ust-resmisi-dunyada-peyvendlenme-prosesi-sokedici-bir-berabersizlik-seklinde-aparilir\\\/\",\"name\":\"\u00dcST r\u0259smisi: D\u00fcnyada peyv\u0259ndl\u0259nm\u0259 prosesi \u015fokedici bir b\u0259rab\u0259rsizlik \u015f\u0259klind\u0259 apar\u0131l\u0131r - MEYDAN.TV\",\"isPartOf\":{\"@id\":\"https:\\\/\\\/www.meydan.tv\\\/az\\\/#website\"},\"primaryImageOfPage\":{\"@id\":\"https:\\\/\\\/www.meydan.tv\\\/az\\\/article\\\/ust-resmisi-dunyada-peyvendlenme-prosesi-sokedici-bir-berabersizlik-seklinde-aparilir\\\/#primaryimage\"},\"image\":{\"@id\":\"https:\\\/\\\/www.meydan.tv\\\/az\\\/article\\\/ust-resmisi-dunyada-peyvendlenme-prosesi-sokedici-bir-berabersizlik-seklinde-aparilir\\\/#primaryimage\"},\"thumbnailUrl\":\"https:\\\/\\\/www.meydan.tv\\\/wp-content\\\/uploads\\\/covid3-scaled.jpg\",\"datePublished\":\"2021-07-13T15:57:32+00:00\",\"breadcrumb\":{\"@id\":\"https:\\\/\\\/www.meydan.tv\\\/az\\\/article\\\/ust-resmisi-dunyada-peyvendlenme-prosesi-sokedici-bir-berabersizlik-seklinde-aparilir\\\/#breadcrumb\"},\"inLanguage\":\"az\",\"potentialAction\":[{\"@type\":\"ReadAction\",\"target\":[\"https:\\\/\\\/www.meydan.tv\\\/az\\\/article\\\/ust-resmisi-dunyada-peyvendlenme-prosesi-sokedici-bir-berabersizlik-seklinde-aparilir\\\/\"]}]},{\"@type\":\"ImageObject\",\"inLanguage\":\"az\",\"@id\":\"https:\\\/\\\/www.meydan.tv\\\/az\\\/article\\\/ust-resmisi-dunyada-peyvendlenme-prosesi-sokedici-bir-berabersizlik-seklinde-aparilir\\\/#primaryimage\",\"url\":\"https:\\\/\\\/www.meydan.tv\\\/wp-content\\\/uploads\\\/covid3-scaled.jpg\",\"contentUrl\":\"https:\\\/\\\/www.meydan.tv\\\/wp-content\\\/uploads\\\/covid3-scaled.jpg\",\"width\":2560,\"height\":1440,\"caption\":\"Source: Meydan TV\"},{\"@type\":\"BreadcrumbList\",\"@id\":\"https:\\\/\\\/www.meydan.tv\\\/az\\\/article\\\/ust-resmisi-dunyada-peyvendlenme-prosesi-sokedici-bir-berabersizlik-seklinde-aparilir\\\/#breadcrumb\",\"itemListElement\":[{\"@type\":\"ListItem\",\"position\":1,\"name\":\"Ana s\u0259hif\u0259\",\"item\":\"https:\\\/\\\/www.meydan.tv\\\/az\\\/\"},{\"@type\":\"ListItem\",\"position\":2,\"name\":\"Sa\u011fl\u0131q\",\"item\":\"https:\\\/\\\/www.meydan.tv\\\/az\\\/section\\\/sagliq\\\/\"},{\"@type\":\"ListItem\",\"position\":3,\"name\":\"\u00dcST r\u0259smisi: D\u00fcnyada peyv\u0259ndl\u0259nm\u0259 prosesi \u015fokedici bir b\u0259rab\u0259rsizlik \u015f\u0259klind\u0259 apar\u0131l\u0131r\"}]},{\"@type\":\"WebSite\",\"@id\":\"https:\\\/\\\/www.meydan.tv\\\/az\\\/#website\",\"url\":\"https:\\\/\\\/www.meydan.tv\\\/az\\\/\",\"name\":\"MEYDAN.TV\",\"description\":\"Meydan TV Az\u0259rbaycan\u0131n media m\u0259kan\u0131ndak\u0131 alternativ s\u0259sidir\",\"publisher\":{\"@id\":\"https:\\\/\\\/www.meydan.tv\\\/az\\\/#organization\"},\"potentialAction\":[{\"@type\":\"SearchAction\",\"target\":{\"@type\":\"EntryPoint\",\"urlTemplate\":\"https:\\\/\\\/www.meydan.tv\\\/az\\\/?s={search_term_string}\"},\"query-input\":{\"@type\":\"PropertyValueSpecification\",\"valueRequired\":true,\"valueName\":\"search_term_string\"}}],\"inLanguage\":\"az\"},{\"@type\":\"Organization\",\"@id\":\"https:\\\/\\\/www.meydan.tv\\\/az\\\/#organization\",\"name\":\"Meydan TV\",\"url\":\"https:\\\/\\\/www.meydan.tv\\\/az\\\/\",\"logo\":{\"@type\":\"ImageObject\",\"inLanguage\":\"az\",\"@id\":\"https:\\\/\\\/www.meydan.tv\\\/az\\\/#\\\/schema\\\/logo\\\/image\\\/\",\"url\":\"https:\\\/\\\/www.meydan.tv\\\/wp-content\\\/uploads\\\/2021\\\/07\\\/meydan-logo.svg\",\"contentUrl\":\"https:\\\/\\\/www.meydan.tv\\\/wp-content\\\/uploads\\\/2021\\\/07\\\/meydan-logo.svg\",\"width\":195,\"height\":46,\"caption\":\"Meydan TV\"},\"image\":{\"@id\":\"https:\\\/\\\/www.meydan.tv\\\/az\\\/#\\\/schema\\\/logo\\\/image\\\/\"}},{\"@type\":\"Person\",\"@id\":\"https:\\\/\\\/www.meydan.tv\\\/az\\\/#\\\/schema\\\/person\\\/10d11eccf6da3662cf5fdab9806ea91a\",\"name\":\"user-manager\"}]}<\/script>\n<!-- \/ Yoast SEO plugin. -->","yoast_head_json":{"title":"\u00dcST r\u0259smisi: D\u00fcnyada peyv\u0259ndl\u0259nm\u0259 prosesi \u015fokedici bir b\u0259rab\u0259rsizlik \u015f\u0259klind\u0259 apar\u0131l\u0131r - MEYDAN.TV","robots":{"index":"index","follow":"follow","max-snippet":"max-snippet:-1","max-image-preview":"max-image-preview:large","max-video-preview":"max-video-preview:-1"},"canonical":"https:\/\/www.meydan.tv\/az\/article\/ust-resmisi-dunyada-peyvendlenme-prosesi-sokedici-bir-berabersizlik-seklinde-aparilir\/","og_locale":"az_AZ","og_type":"article","og_title":"\u00dcST r\u0259smisi: D\u00fcnyada peyv\u0259ndl\u0259nm\u0259 prosesi \u015fokedici bir b\u0259rab\u0259rsizlik \u015f\u0259klind\u0259 apar\u0131l\u0131r - MEYDAN.TV","og_description":"\u201cBir \u00e7ox \u00f6lk\u0259 pandemiya bitmi\u015f kimi rahatla\u015f\u0131b\u201d","og_url":"https:\/\/www.meydan.tv\/az\/article\/ust-resmisi-dunyada-peyvendlenme-prosesi-sokedici-bir-berabersizlik-seklinde-aparilir\/","og_site_name":"MEYDAN.TV","article_published_time":"2021-07-13T15:57:32+00:00","og_image":[{"width":2560,"height":1440,"url":"https:\/\/www.meydan.tv\/wp-content\/uploads\/covid3-scaled.jpg","type":"image\/jpeg"}],"author":"user-manager","twitter_card":"summary_large_image","schema":{"@context":"https:\/\/schema.org","@graph":[{"@type":"Article","@id":"https:\/\/www.meydan.tv\/az\/article\/ust-resmisi-dunyada-peyvendlenme-prosesi-sokedici-bir-berabersizlik-seklinde-aparilir\/#article","isPartOf":{"@id":"https:\/\/www.meydan.tv\/az\/article\/ust-resmisi-dunyada-peyvendlenme-prosesi-sokedici-bir-berabersizlik-seklinde-aparilir\/"},"author":{"name":"user-manager","@id":"https:\/\/www.meydan.tv\/az\/#\/schema\/person\/10d11eccf6da3662cf5fdab9806ea91a"},"headline":"\u00dcST r\u0259smisi: D\u00fcnyada peyv\u0259ndl\u0259nm\u0259 prosesi \u015fokedici bir b\u0259rab\u0259rsizlik \u015f\u0259klind\u0259 apar\u0131l\u0131r","datePublished":"2021-07-13T15:57:32+00:00","mainEntityOfPage":{"@id":"https:\/\/www.meydan.tv\/az\/article\/ust-resmisi-dunyada-peyvendlenme-prosesi-sokedici-bir-berabersizlik-seklinde-aparilir\/"},"wordCount":523,"publisher":{"@id":"https:\/\/www.meydan.tv\/az\/#organization"},"image":{"@id":"https:\/\/www.meydan.tv\/az\/article\/ust-resmisi-dunyada-peyvendlenme-prosesi-sokedici-bir-berabersizlik-seklinde-aparilir\/#primaryimage"},"thumbnailUrl":"https:\/\/www.meydan.tv\/wp-content\/uploads\/covid3-scaled.jpg","articleSection":["Sa\u011fl\u0131q"],"inLanguage":"az"},{"@type":"WebPage","@id":"https:\/\/www.meydan.tv\/az\/article\/ust-resmisi-dunyada-peyvendlenme-prosesi-sokedici-bir-berabersizlik-seklinde-aparilir\/","url":"https:\/\/www.meydan.tv\/az\/article\/ust-resmisi-dunyada-peyvendlenme-prosesi-sokedici-bir-berabersizlik-seklinde-aparilir\/","name":"\u00dcST r\u0259smisi: D\u00fcnyada peyv\u0259ndl\u0259nm\u0259 prosesi \u015fokedici bir b\u0259rab\u0259rsizlik \u015f\u0259klind\u0259 apar\u0131l\u0131r - MEYDAN.TV","isPartOf":{"@id":"https:\/\/www.meydan.tv\/az\/#website"},"primaryImageOfPage":{"@id":"https:\/\/www.meydan.tv\/az\/article\/ust-resmisi-dunyada-peyvendlenme-prosesi-sokedici-bir-berabersizlik-seklinde-aparilir\/#primaryimage"},"image":{"@id":"https:\/\/www.meydan.tv\/az\/article\/ust-resmisi-dunyada-peyvendlenme-prosesi-sokedici-bir-berabersizlik-seklinde-aparilir\/#primaryimage"},"thumbnailUrl":"https:\/\/www.meydan.tv\/wp-content\/uploads\/covid3-scaled.jpg","datePublished":"2021-07-13T15:57:32+00:00","breadcrumb":{"@id":"https:\/\/www.meydan.tv\/az\/article\/ust-resmisi-dunyada-peyvendlenme-prosesi-sokedici-bir-berabersizlik-seklinde-aparilir\/#breadcrumb"},"inLanguage":"az","potentialAction":[{"@type":"ReadAction","target":["https:\/\/www.meydan.tv\/az\/article\/ust-resmisi-dunyada-peyvendlenme-prosesi-sokedici-bir-berabersizlik-seklinde-aparilir\/"]}]},{"@type":"ImageObject","inLanguage":"az","@id":"https:\/\/www.meydan.tv\/az\/article\/ust-resmisi-dunyada-peyvendlenme-prosesi-sokedici-bir-berabersizlik-seklinde-aparilir\/#primaryimage","url":"https:\/\/www.meydan.tv\/wp-content\/uploads\/covid3-scaled.jpg","contentUrl":"https:\/\/www.meydan.tv\/wp-content\/uploads\/covid3-scaled.jpg","width":2560,"height":1440,"caption":"Source: Meydan TV"},{"@type":"BreadcrumbList","@id":"https:\/\/www.meydan.tv\/az\/article\/ust-resmisi-dunyada-peyvendlenme-prosesi-sokedici-bir-berabersizlik-seklinde-aparilir\/#breadcrumb","itemListElement":[{"@type":"ListItem","position":1,"name":"Ana s\u0259hif\u0259","item":"https:\/\/www.meydan.tv\/az\/"},{"@type":"ListItem","position":2,"name":"Sa\u011fl\u0131q","item":"https:\/\/www.meydan.tv\/az\/section\/sagliq\/"},{"@type":"ListItem","position":3,"name":"\u00dcST r\u0259smisi: D\u00fcnyada peyv\u0259ndl\u0259nm\u0259 prosesi \u015fokedici bir b\u0259rab\u0259rsizlik \u015f\u0259klind\u0259 apar\u0131l\u0131r"}]},{"@type":"WebSite","@id":"https:\/\/www.meydan.tv\/az\/#website","url":"https:\/\/www.meydan.tv\/az\/","name":"MEYDAN.TV","description":"Meydan TV Az\u0259rbaycan\u0131n media m\u0259kan\u0131ndak\u0131 alternativ s\u0259sidir","publisher":{"@id":"https:\/\/www.meydan.tv\/az\/#organization"},"potentialAction":[{"@type":"SearchAction","target":{"@type":"EntryPoint","urlTemplate":"https:\/\/www.meydan.tv\/az\/?s={search_term_string}"},"query-input":{"@type":"PropertyValueSpecification","valueRequired":true,"valueName":"search_term_string"}}],"inLanguage":"az"},{"@type":"Organization","@id":"https:\/\/www.meydan.tv\/az\/#organization","name":"Meydan TV","url":"https:\/\/www.meydan.tv\/az\/","logo":{"@type":"ImageObject","inLanguage":"az","@id":"https:\/\/www.meydan.tv\/az\/#\/schema\/logo\/image\/","url":"https:\/\/www.meydan.tv\/wp-content\/uploads\/2021\/07\/meydan-logo.svg","contentUrl":"https:\/\/www.meydan.tv\/wp-content\/uploads\/2021\/07\/meydan-logo.svg","width":195,"height":46,"caption":"Meydan TV"},"image":{"@id":"https:\/\/www.meydan.tv\/az\/#\/schema\/logo\/image\/"}},{"@type":"Person","@id":"https:\/\/www.meydan.tv\/az\/#\/schema\/person\/10d11eccf6da3662cf5fdab9806ea91a","name":"user-manager"}]}},"_links":{"self":[{"href":"https:\/\/www.meydan.tv\/az\/wp-json\/wp\/v2\/posts\/211961","targetHints":{"allow":["GET"]}}],"collection":[{"href":"https:\/\/www.meydan.tv\/az\/wp-json\/wp\/v2\/posts"}],"about":[{"href":"https:\/\/www.meydan.tv\/az\/wp-json\/wp\/v2\/types\/post"}],"author":[{"embeddable":true,"href":"https:\/\/www.meydan.tv\/az\/wp-json\/wp\/v2\/users\/11"}],"replies":[{"embeddable":true,"href":"https:\/\/www.meydan.tv\/az\/wp-json\/wp\/v2\/comments?post=211961"}],"version-history":[{"count":0,"href":"https:\/\/www.meydan.tv\/az\/wp-json\/wp\/v2\/posts\/211961\/revisions"}],"wp:featuredmedia":[{"embeddable":true,"href":"https:\/\/www.meydan.tv\/az\/wp-json\/wp\/v2\/media\/161766"}],"wp:attachment":[{"href":"https:\/\/www.meydan.tv\/az\/wp-json\/wp\/v2\/media?parent=211961"}],"wp:term":[{"taxonomy":"category","embeddable":true,"href":"https:\/\/www.meydan.tv\/az\/wp-json\/wp\/v2\/categories?post=211961"},{"taxonomy":"post_tag","embeddable":true,"href":"https:\/\/www.meydan.tv\/az\/wp-json\/wp\/v2\/tags?post=211961"}],"curies":[{"name":"wp","href":"https:\/\/api.w.org\/{rel}","templated":true}]}}