{"id":211957,"date":"2021-07-13T13:36:48","date_gmt":"2021-07-13T13:36:48","guid":{"rendered":"https:\/\/www.meydan.tv\/article\/ust-eksperti-ferqli-peyvendlerin-qarisdirilmasi-tehlukeli-tendensiyadir\/"},"modified":"2021-07-13T13:36:48","modified_gmt":"2021-07-13T13:36:48","slug":"ust-eksperti-ferqli-peyvendlerin-qarisdirilmasi-tehlukeli-tendensiyadir","status":"publish","type":"post","link":"https:\/\/www.meydan.tv\/az\/article\/ust-eksperti-ferqli-peyvendlerin-qarisdirilmasi-tehlukeli-tendensiyadir\/","title":{"rendered":"\u00dcST eksperti: F\u0259rqli peyv\u0259ndl\u0259rin qar\u0131\u015fd\u0131r\u0131lmas\u0131 t\u0259hl\u00fck\u0259li tendensiyad\u0131r"},"content":{"rendered":"<p>\n  <i><br \/>\n    Ekspert tam dozada vaksinl\u0259nmi\u015f insanlar\u0131 \u00fc\u00e7\u00fcnc\u00fc dozan\u0131 vurdurma\u011fa t\u0259l\u0259sm\u0259m\u0259y\u0259 \u00e7a\u011f\u0131r\u0131b<br \/>\n  <\/i>\n<\/p>\n<p>\n  Son zamanlar d\u00fcnyada peyv\u0259ndl\u0259rin qar\u0131\u015fd\u0131r\u0131laraq vurulmas\u0131 g\u00fcnd\u0259m\u0259 g\u0259lib. \u00c7oxu bunun daha effektli oldu\u011funu d\u00fc\u015f\u00fcn\u00fcr v\u0259 bu c\u00fcr peyv\u0259nd olunanlar var.\n<\/p>\n<p>\n  Ancaq \u00dcmumd\u00fcnya S\u0259hiyy\u0259 T\u0259\u015fkilat\u0131n\u0131n (\u00dcST) ba\u015f eksperti Soumya Svaminathan (Soumya Swaminathan) f\u0259rqli istehsal\u00e7\u0131lar\u0131n COVID-19 peyv\u0259ndl\u0259rini qar\u0131\u015fd\u0131raraq vurma\u011f\u0131 &quot;t\u0259hl\u00fck\u0259li tendensiya&quot;<br \/>\n  <a href=\"https:\/\/www.reuters.com\/business\/healthcare-pharmaceuticals\/who-warns-against-mixing-matching-covid-vaccines-2021-07-12\/\"><br \/>\n    adland\u0131r\u0131b<br \/>\n  <\/a><br \/>\n  .\n<\/p>\n<p>\n  \u201cVaksinl\u0259rin t\u0259siri bar\u0259d\u0259 elmi informasiyalar natamamd\u0131r. M\u00fcxt\u0259lif vaksinl\u0259rin insan orqanizmin\u0259 t\u0259siri bar\u0259d\u0259 informasiyalar h\u0259l\u0259 ki, tam toplanmay\u0131b v\u0259 t\u0259hlil edilm\u0259yib. Bu bax\u0131mdan birinci dozan\u0131 bir, ikinci dozan\u0131 is\u0259 dig\u0259r vaksind\u0259n vurdurmaq g\u0259l\u0259c\u0259kd\u0259 hans\u0131 t\u0259sirl\u0259ri g\u00f6st\u0259r\u0259c\u0259k m\u0259lum deyil\u201d.\n<\/p>\n<p>\n  Soumya Svaminathan deyib ki, bundan sonra d\u00fcnyada hans\u0131 vaksind\u0259n \u0259vv\u0259l, hans\u0131ndan is\u0259 sonra istifad\u0259 edilm\u0259si bar\u0259d\u0259 q\u0259rarlar\u0131n \u00e7\u0131xar\u0131lmas\u0131 xaos yarada bil\u0259r.\n<\/p>\n<p>\n  Eyni zamanda, D\u00fcnya S\u0259hiyy\u0259 T\u0259\u015fkilat\u0131n\u0131n r\u0259hb\u0259rliyi d\u00fcnyada koronavirusun Delta \u015ftamm\u0131n\u0131n s\u00fcr\u0259tl\u0259 yay\u0131ld\u0131\u011f\u0131 bir zamanda tam dozada vaksinl\u0259nmi\u015f insanlar\u0131 \u00fc\u00e7\u00fcnc\u00fc dozan\u0131 vurdurma\u011fa t\u0259l\u0259sm\u0259m\u0259y\u0259 \u00e7a\u011f\u0131r\u0131b.\n<\/p>\n<p>\n  \u201cD\u00fcnya d\u00f6rd milyon COVID-19 \u00f6l\u00fcm\u00fcn\u00fcn &quot;faci\u0259vi m\u0259rh\u0259l\u0259sini&quot; ke\u00e7ir\u201d.\n<\/p>\n<p>\n  D\u00fcnya S\u0259hiyy\u0259 T\u0259\u015fkilat\u0131n\u0131n (\u00dcST) ba\u015f direktoru Tedros Adhanom Ghebreyesus iyulun 8-d\u0259 verdiyi<br \/>\n  <a href=\"https:\/\/www.business-standard.com\/article\/current-affairs\/world-passes-tragic-milestone-of-four-million-covid-19-deaths-who-121070800134_1.html\"><br \/>\n    a\u00e7\u0131qlama<br \/>\n  <\/a><br \/>\n  da bel\u0259 demi\u015fdi.\n<\/p>\n<p>\n  Haz\u0131rda d\u00fcnyan\u0131n bu pandemiyada t\u0259hl\u00fck\u0259li bir n\u00f6qt\u0259d\u0259 oldu\u011funu s\u00f6yl\u0259y\u0259n ba\u015f direktor d\u00fcnyada peyv\u0259ndl\u0259m\u0259 prosesinin qeyri-b\u0259rab\u0259r \u015f\u0259kild\u0259 apar\u0131ld\u0131\u011f\u0131ndan narahat oldu\u011funu bildirmi\u015fdi:\n<\/p>\n<p>\n  \u201cHaz\u0131rda d\u00fcnyada virusun tezyay\u0131lan bir ne\u00e7\u0259 versiyas\u0131 var v\u0259 s\u00fcr\u0259tl\u0259 yay\u0131l\u0131r. Peyv\u0259ndl\u0259nm\u0259 prosesi is\u0259 \u015fokedici bir b\u0259rab\u0259rsizlik \u015f\u0259klind\u0259 apar\u0131l\u0131r. Ona g\u00f6r\u0259 d\u0259 b\u0259zi \u00f6lk\u0259l\u0259rd\u0259 yoluxma say\u0131 v\u0259 x\u0259st\u0259xanaya yatanlarda art\u0131m m\u00fc\u015fahid\u0259 olunur. \u0130qtisadi dir\u00e7\u0259lm\u0259y\u0259 y\u00f6n\u0259lmi\u015f b\u0259rab\u0259r olmayan peyv\u0259nd istehsal\u0131 v\u0259 payla\u015fd\u0131r\u0131lmas\u0131 s\u0259b\u0259bind\u0259n virus n\u00f6vl\u0259ri peyv\u0259ndl\u0259r \u00fcz\u0259rind\u0259 q\u0259l\u0259b\u0259 \u00e7al\u0131r\u201d.\n<\/p>\n<p>\n  2019-cu ilin sonu \u00c7ind\u0259 yaran\u0131b d\u00fcnyaya yay\u0131lan COV\u0130D-19 virusunun indiy\u0259d\u0259k d\u00fcnyada 4 milyondan \u00e7ox \u015f\u0259xsin \u00f6l\u00fcm\u00fcn\u0259 s\u0259b\u0259b oldu\u011fu bildirilir.\n<\/p>\n<p>\n  2020-ci il mart\u0131n 11-d\u0259 D\u00fcnya S\u0259hiyy\u0259 T\u0259\u015fkilat\u0131n\u0131n koronavirusu pandemiya elan edib. Az\u0259rbaycanda is\u0259 indiy\u0259d\u0259k \u00fcmumilikd\u0259 337 min 323 n\u0259f\u0259rin koronavirus infeksiyas\u0131na yoluxmas\u0131 fakt\u0131 m\u00fc\u0259yy\u0259n edilib. Onlardan 330 min 802-i sa\u011fal\u0131b, 4 min 987-i v\u0259fat edib, aktiv x\u0259st\u0259 say\u0131 1 min 534-y\u0259 y\u00fcks\u0259lib. \u018fn son a\u00e7\u0131qlanan statistikada bildirilir ki, son bir g\u00fcnd\u0259 Az\u0259rbaycanda koronavirus infeksiyas\u0131na 69 yeni yoluxma fakt\u0131 qeyd\u0259 al\u0131n\u0131b.<\/p>\n","protected":false},"excerpt":{"rendered":"<p>\u201cD\u00fcnya d\u00f6rd milyon COVID-19 \u00f6l\u00fcm\u00fcn\u00fcn &#8220;faci\u0259vi m\u0259rh\u0259l\u0259sini&#8221; ke\u00e7ir\u201d.<\/p>\n","protected":false},"author":11,"featured_media":138546,"comment_status":"closed","ping_status":"open","sticky":false,"template":"","format":"standard","meta":{"_acf_changed":false,"_sitemap_exclude":false,"_sitemap_priority":"","_sitemap_frequency":"","footnotes":""},"categories":[64],"tags":[],"class_list":["post-211957","post","type-post","status-publish","format-standard","has-post-thumbnail","hentry","category-dunya","infinite-scroll-item","generate-columns","tablet-grid-50","mobile-grid-100","grid-parent","grid-33","no-featured-image-padding"],"acf":[],"yoast_head":"<!-- This site is optimized with the Yoast SEO plugin v27.4 - https:\/\/yoast.com\/product\/yoast-seo-wordpress\/ -->\n<title>\u00dcST eksperti: F\u0259rqli peyv\u0259ndl\u0259rin qar\u0131\u015fd\u0131r\u0131lmas\u0131 t\u0259hl\u00fck\u0259li tendensiyad\u0131r - MEYDAN.TV<\/title>\n<meta name=\"robots\" content=\"index, follow, max-snippet:-1, max-image-preview:large, max-video-preview:-1\" \/>\n<link rel=\"canonical\" href=\"https:\/\/www.meydan.tv\/az\/article\/ust-eksperti-ferqli-peyvendlerin-qarisdirilmasi-tehlukeli-tendensiyadir\/\" \/>\n<meta property=\"og:locale\" content=\"az_AZ\" \/>\n<meta property=\"og:type\" content=\"article\" \/>\n<meta property=\"og:title\" content=\"\u00dcST eksperti: F\u0259rqli peyv\u0259ndl\u0259rin qar\u0131\u015fd\u0131r\u0131lmas\u0131 t\u0259hl\u00fck\u0259li tendensiyad\u0131r - MEYDAN.TV\" \/>\n<meta property=\"og:description\" content=\"\u201cD\u00fcnya d\u00f6rd milyon COVID-19 \u00f6l\u00fcm\u00fcn\u00fcn &quot;faci\u0259vi m\u0259rh\u0259l\u0259sini&quot; ke\u00e7ir\u201d.\" \/>\n<meta property=\"og:url\" content=\"https:\/\/www.meydan.tv\/az\/article\/ust-eksperti-ferqli-peyvendlerin-qarisdirilmasi-tehlukeli-tendensiyadir\/\" \/>\n<meta property=\"og:site_name\" content=\"MEYDAN.TV\" \/>\n<meta property=\"article:published_time\" content=\"2021-07-13T13:36:48+00:00\" \/>\n<meta property=\"og:image\" content=\"https:\/\/www.meydan.tv\/wp-content\/uploads\/421344865.jpg\" \/>\n\t<meta property=\"og:image:width\" content=\"1000\" \/>\n\t<meta property=\"og:image:height\" content=\"541\" \/>\n\t<meta property=\"og:image:type\" content=\"image\/jpeg\" \/>\n<meta name=\"author\" content=\"user-manager\" \/>\n<meta name=\"twitter:card\" content=\"summary_large_image\" \/>\n<script type=\"application\/ld+json\" class=\"yoast-schema-graph\">{\"@context\":\"https:\\\/\\\/schema.org\",\"@graph\":[{\"@type\":\"Article\",\"@id\":\"https:\\\/\\\/www.meydan.tv\\\/az\\\/article\\\/ust-eksperti-ferqli-peyvendlerin-qarisdirilmasi-tehlukeli-tendensiyadir\\\/#article\",\"isPartOf\":{\"@id\":\"https:\\\/\\\/www.meydan.tv\\\/az\\\/article\\\/ust-eksperti-ferqli-peyvendlerin-qarisdirilmasi-tehlukeli-tendensiyadir\\\/\"},\"author\":{\"name\":\"user-manager\",\"@id\":\"https:\\\/\\\/www.meydan.tv\\\/az\\\/#\\\/schema\\\/person\\\/10d11eccf6da3662cf5fdab9806ea91a\"},\"headline\":\"\u00dcST eksperti: F\u0259rqli peyv\u0259ndl\u0259rin qar\u0131\u015fd\u0131r\u0131lmas\u0131 t\u0259hl\u00fck\u0259li tendensiyad\u0131r\",\"datePublished\":\"2021-07-13T13:36:48+00:00\",\"mainEntityOfPage\":{\"@id\":\"https:\\\/\\\/www.meydan.tv\\\/az\\\/article\\\/ust-eksperti-ferqli-peyvendlerin-qarisdirilmasi-tehlukeli-tendensiyadir\\\/\"},\"wordCount\":530,\"publisher\":{\"@id\":\"https:\\\/\\\/www.meydan.tv\\\/az\\\/#organization\"},\"image\":{\"@id\":\"https:\\\/\\\/www.meydan.tv\\\/az\\\/article\\\/ust-eksperti-ferqli-peyvendlerin-qarisdirilmasi-tehlukeli-tendensiyadir\\\/#primaryimage\"},\"thumbnailUrl\":\"https:\\\/\\\/www.meydan.tv\\\/wp-content\\\/uploads\\\/421344865.jpg\",\"articleSection\":[\"D\u00fcnya\"],\"inLanguage\":\"az\"},{\"@type\":\"WebPage\",\"@id\":\"https:\\\/\\\/www.meydan.tv\\\/az\\\/article\\\/ust-eksperti-ferqli-peyvendlerin-qarisdirilmasi-tehlukeli-tendensiyadir\\\/\",\"url\":\"https:\\\/\\\/www.meydan.tv\\\/az\\\/article\\\/ust-eksperti-ferqli-peyvendlerin-qarisdirilmasi-tehlukeli-tendensiyadir\\\/\",\"name\":\"\u00dcST eksperti: F\u0259rqli peyv\u0259ndl\u0259rin qar\u0131\u015fd\u0131r\u0131lmas\u0131 t\u0259hl\u00fck\u0259li tendensiyad\u0131r - MEYDAN.TV\",\"isPartOf\":{\"@id\":\"https:\\\/\\\/www.meydan.tv\\\/az\\\/#website\"},\"primaryImageOfPage\":{\"@id\":\"https:\\\/\\\/www.meydan.tv\\\/az\\\/article\\\/ust-eksperti-ferqli-peyvendlerin-qarisdirilmasi-tehlukeli-tendensiyadir\\\/#primaryimage\"},\"image\":{\"@id\":\"https:\\\/\\\/www.meydan.tv\\\/az\\\/article\\\/ust-eksperti-ferqli-peyvendlerin-qarisdirilmasi-tehlukeli-tendensiyadir\\\/#primaryimage\"},\"thumbnailUrl\":\"https:\\\/\\\/www.meydan.tv\\\/wp-content\\\/uploads\\\/421344865.jpg\",\"datePublished\":\"2021-07-13T13:36:48+00:00\",\"breadcrumb\":{\"@id\":\"https:\\\/\\\/www.meydan.tv\\\/az\\\/article\\\/ust-eksperti-ferqli-peyvendlerin-qarisdirilmasi-tehlukeli-tendensiyadir\\\/#breadcrumb\"},\"inLanguage\":\"az\",\"potentialAction\":[{\"@type\":\"ReadAction\",\"target\":[\"https:\\\/\\\/www.meydan.tv\\\/az\\\/article\\\/ust-eksperti-ferqli-peyvendlerin-qarisdirilmasi-tehlukeli-tendensiyadir\\\/\"]}]},{\"@type\":\"ImageObject\",\"inLanguage\":\"az\",\"@id\":\"https:\\\/\\\/www.meydan.tv\\\/az\\\/article\\\/ust-eksperti-ferqli-peyvendlerin-qarisdirilmasi-tehlukeli-tendensiyadir\\\/#primaryimage\",\"url\":\"https:\\\/\\\/www.meydan.tv\\\/wp-content\\\/uploads\\\/421344865.jpg\",\"contentUrl\":\"https:\\\/\\\/www.meydan.tv\\\/wp-content\\\/uploads\\\/421344865.jpg\",\"width\":1000,\"height\":541,\"caption\":\"Foto: \u00dcmumd\u00fcnya S\u0259hiyy\u0259 T\u0259\u015fkilat\u0131 (\u00dcST)\"},{\"@type\":\"BreadcrumbList\",\"@id\":\"https:\\\/\\\/www.meydan.tv\\\/az\\\/article\\\/ust-eksperti-ferqli-peyvendlerin-qarisdirilmasi-tehlukeli-tendensiyadir\\\/#breadcrumb\",\"itemListElement\":[{\"@type\":\"ListItem\",\"position\":1,\"name\":\"Ana s\u0259hif\u0259\",\"item\":\"https:\\\/\\\/www.meydan.tv\\\/az\\\/\"},{\"@type\":\"ListItem\",\"position\":2,\"name\":\"D\u00fcnya\",\"item\":\"https:\\\/\\\/www.meydan.tv\\\/az\\\/section\\\/dunya\\\/\"},{\"@type\":\"ListItem\",\"position\":3,\"name\":\"\u00dcST eksperti: F\u0259rqli peyv\u0259ndl\u0259rin qar\u0131\u015fd\u0131r\u0131lmas\u0131 t\u0259hl\u00fck\u0259li tendensiyad\u0131r\"}]},{\"@type\":\"WebSite\",\"@id\":\"https:\\\/\\\/www.meydan.tv\\\/az\\\/#website\",\"url\":\"https:\\\/\\\/www.meydan.tv\\\/az\\\/\",\"name\":\"MEYDAN.TV\",\"description\":\"Meydan TV Az\u0259rbaycan\u0131n media m\u0259kan\u0131ndak\u0131 alternativ s\u0259sidir\",\"publisher\":{\"@id\":\"https:\\\/\\\/www.meydan.tv\\\/az\\\/#organization\"},\"potentialAction\":[{\"@type\":\"SearchAction\",\"target\":{\"@type\":\"EntryPoint\",\"urlTemplate\":\"https:\\\/\\\/www.meydan.tv\\\/az\\\/?s={search_term_string}\"},\"query-input\":{\"@type\":\"PropertyValueSpecification\",\"valueRequired\":true,\"valueName\":\"search_term_string\"}}],\"inLanguage\":\"az\"},{\"@type\":\"Organization\",\"@id\":\"https:\\\/\\\/www.meydan.tv\\\/az\\\/#organization\",\"name\":\"Meydan TV\",\"url\":\"https:\\\/\\\/www.meydan.tv\\\/az\\\/\",\"logo\":{\"@type\":\"ImageObject\",\"inLanguage\":\"az\",\"@id\":\"https:\\\/\\\/www.meydan.tv\\\/az\\\/#\\\/schema\\\/logo\\\/image\\\/\",\"url\":\"https:\\\/\\\/www.meydan.tv\\\/wp-content\\\/uploads\\\/2021\\\/07\\\/meydan-logo.svg\",\"contentUrl\":\"https:\\\/\\\/www.meydan.tv\\\/wp-content\\\/uploads\\\/2021\\\/07\\\/meydan-logo.svg\",\"width\":195,\"height\":46,\"caption\":\"Meydan TV\"},\"image\":{\"@id\":\"https:\\\/\\\/www.meydan.tv\\\/az\\\/#\\\/schema\\\/logo\\\/image\\\/\"}},{\"@type\":\"Person\",\"@id\":\"https:\\\/\\\/www.meydan.tv\\\/az\\\/#\\\/schema\\\/person\\\/10d11eccf6da3662cf5fdab9806ea91a\",\"name\":\"user-manager\"}]}<\/script>\n<!-- \/ Yoast SEO plugin. -->","yoast_head_json":{"title":"\u00dcST eksperti: F\u0259rqli peyv\u0259ndl\u0259rin qar\u0131\u015fd\u0131r\u0131lmas\u0131 t\u0259hl\u00fck\u0259li tendensiyad\u0131r - MEYDAN.TV","robots":{"index":"index","follow":"follow","max-snippet":"max-snippet:-1","max-image-preview":"max-image-preview:large","max-video-preview":"max-video-preview:-1"},"canonical":"https:\/\/www.meydan.tv\/az\/article\/ust-eksperti-ferqli-peyvendlerin-qarisdirilmasi-tehlukeli-tendensiyadir\/","og_locale":"az_AZ","og_type":"article","og_title":"\u00dcST eksperti: F\u0259rqli peyv\u0259ndl\u0259rin qar\u0131\u015fd\u0131r\u0131lmas\u0131 t\u0259hl\u00fck\u0259li tendensiyad\u0131r - MEYDAN.TV","og_description":"\u201cD\u00fcnya d\u00f6rd milyon COVID-19 \u00f6l\u00fcm\u00fcn\u00fcn \"faci\u0259vi m\u0259rh\u0259l\u0259sini\" ke\u00e7ir\u201d.","og_url":"https:\/\/www.meydan.tv\/az\/article\/ust-eksperti-ferqli-peyvendlerin-qarisdirilmasi-tehlukeli-tendensiyadir\/","og_site_name":"MEYDAN.TV","article_published_time":"2021-07-13T13:36:48+00:00","og_image":[{"width":1000,"height":541,"url":"https:\/\/www.meydan.tv\/wp-content\/uploads\/421344865.jpg","type":"image\/jpeg"}],"author":"user-manager","twitter_card":"summary_large_image","schema":{"@context":"https:\/\/schema.org","@graph":[{"@type":"Article","@id":"https:\/\/www.meydan.tv\/az\/article\/ust-eksperti-ferqli-peyvendlerin-qarisdirilmasi-tehlukeli-tendensiyadir\/#article","isPartOf":{"@id":"https:\/\/www.meydan.tv\/az\/article\/ust-eksperti-ferqli-peyvendlerin-qarisdirilmasi-tehlukeli-tendensiyadir\/"},"author":{"name":"user-manager","@id":"https:\/\/www.meydan.tv\/az\/#\/schema\/person\/10d11eccf6da3662cf5fdab9806ea91a"},"headline":"\u00dcST eksperti: F\u0259rqli peyv\u0259ndl\u0259rin qar\u0131\u015fd\u0131r\u0131lmas\u0131 t\u0259hl\u00fck\u0259li tendensiyad\u0131r","datePublished":"2021-07-13T13:36:48+00:00","mainEntityOfPage":{"@id":"https:\/\/www.meydan.tv\/az\/article\/ust-eksperti-ferqli-peyvendlerin-qarisdirilmasi-tehlukeli-tendensiyadir\/"},"wordCount":530,"publisher":{"@id":"https:\/\/www.meydan.tv\/az\/#organization"},"image":{"@id":"https:\/\/www.meydan.tv\/az\/article\/ust-eksperti-ferqli-peyvendlerin-qarisdirilmasi-tehlukeli-tendensiyadir\/#primaryimage"},"thumbnailUrl":"https:\/\/www.meydan.tv\/wp-content\/uploads\/421344865.jpg","articleSection":["D\u00fcnya"],"inLanguage":"az"},{"@type":"WebPage","@id":"https:\/\/www.meydan.tv\/az\/article\/ust-eksperti-ferqli-peyvendlerin-qarisdirilmasi-tehlukeli-tendensiyadir\/","url":"https:\/\/www.meydan.tv\/az\/article\/ust-eksperti-ferqli-peyvendlerin-qarisdirilmasi-tehlukeli-tendensiyadir\/","name":"\u00dcST eksperti: F\u0259rqli peyv\u0259ndl\u0259rin qar\u0131\u015fd\u0131r\u0131lmas\u0131 t\u0259hl\u00fck\u0259li tendensiyad\u0131r - MEYDAN.TV","isPartOf":{"@id":"https:\/\/www.meydan.tv\/az\/#website"},"primaryImageOfPage":{"@id":"https:\/\/www.meydan.tv\/az\/article\/ust-eksperti-ferqli-peyvendlerin-qarisdirilmasi-tehlukeli-tendensiyadir\/#primaryimage"},"image":{"@id":"https:\/\/www.meydan.tv\/az\/article\/ust-eksperti-ferqli-peyvendlerin-qarisdirilmasi-tehlukeli-tendensiyadir\/#primaryimage"},"thumbnailUrl":"https:\/\/www.meydan.tv\/wp-content\/uploads\/421344865.jpg","datePublished":"2021-07-13T13:36:48+00:00","breadcrumb":{"@id":"https:\/\/www.meydan.tv\/az\/article\/ust-eksperti-ferqli-peyvendlerin-qarisdirilmasi-tehlukeli-tendensiyadir\/#breadcrumb"},"inLanguage":"az","potentialAction":[{"@type":"ReadAction","target":["https:\/\/www.meydan.tv\/az\/article\/ust-eksperti-ferqli-peyvendlerin-qarisdirilmasi-tehlukeli-tendensiyadir\/"]}]},{"@type":"ImageObject","inLanguage":"az","@id":"https:\/\/www.meydan.tv\/az\/article\/ust-eksperti-ferqli-peyvendlerin-qarisdirilmasi-tehlukeli-tendensiyadir\/#primaryimage","url":"https:\/\/www.meydan.tv\/wp-content\/uploads\/421344865.jpg","contentUrl":"https:\/\/www.meydan.tv\/wp-content\/uploads\/421344865.jpg","width":1000,"height":541,"caption":"Foto: \u00dcmumd\u00fcnya S\u0259hiyy\u0259 T\u0259\u015fkilat\u0131 (\u00dcST)"},{"@type":"BreadcrumbList","@id":"https:\/\/www.meydan.tv\/az\/article\/ust-eksperti-ferqli-peyvendlerin-qarisdirilmasi-tehlukeli-tendensiyadir\/#breadcrumb","itemListElement":[{"@type":"ListItem","position":1,"name":"Ana s\u0259hif\u0259","item":"https:\/\/www.meydan.tv\/az\/"},{"@type":"ListItem","position":2,"name":"D\u00fcnya","item":"https:\/\/www.meydan.tv\/az\/section\/dunya\/"},{"@type":"ListItem","position":3,"name":"\u00dcST eksperti: F\u0259rqli peyv\u0259ndl\u0259rin qar\u0131\u015fd\u0131r\u0131lmas\u0131 t\u0259hl\u00fck\u0259li tendensiyad\u0131r"}]},{"@type":"WebSite","@id":"https:\/\/www.meydan.tv\/az\/#website","url":"https:\/\/www.meydan.tv\/az\/","name":"MEYDAN.TV","description":"Meydan TV Az\u0259rbaycan\u0131n media m\u0259kan\u0131ndak\u0131 alternativ s\u0259sidir","publisher":{"@id":"https:\/\/www.meydan.tv\/az\/#organization"},"potentialAction":[{"@type":"SearchAction","target":{"@type":"EntryPoint","urlTemplate":"https:\/\/www.meydan.tv\/az\/?s={search_term_string}"},"query-input":{"@type":"PropertyValueSpecification","valueRequired":true,"valueName":"search_term_string"}}],"inLanguage":"az"},{"@type":"Organization","@id":"https:\/\/www.meydan.tv\/az\/#organization","name":"Meydan TV","url":"https:\/\/www.meydan.tv\/az\/","logo":{"@type":"ImageObject","inLanguage":"az","@id":"https:\/\/www.meydan.tv\/az\/#\/schema\/logo\/image\/","url":"https:\/\/www.meydan.tv\/wp-content\/uploads\/2021\/07\/meydan-logo.svg","contentUrl":"https:\/\/www.meydan.tv\/wp-content\/uploads\/2021\/07\/meydan-logo.svg","width":195,"height":46,"caption":"Meydan TV"},"image":{"@id":"https:\/\/www.meydan.tv\/az\/#\/schema\/logo\/image\/"}},{"@type":"Person","@id":"https:\/\/www.meydan.tv\/az\/#\/schema\/person\/10d11eccf6da3662cf5fdab9806ea91a","name":"user-manager"}]}},"_links":{"self":[{"href":"https:\/\/www.meydan.tv\/az\/wp-json\/wp\/v2\/posts\/211957","targetHints":{"allow":["GET"]}}],"collection":[{"href":"https:\/\/www.meydan.tv\/az\/wp-json\/wp\/v2\/posts"}],"about":[{"href":"https:\/\/www.meydan.tv\/az\/wp-json\/wp\/v2\/types\/post"}],"author":[{"embeddable":true,"href":"https:\/\/www.meydan.tv\/az\/wp-json\/wp\/v2\/users\/11"}],"replies":[{"embeddable":true,"href":"https:\/\/www.meydan.tv\/az\/wp-json\/wp\/v2\/comments?post=211957"}],"version-history":[{"count":0,"href":"https:\/\/www.meydan.tv\/az\/wp-json\/wp\/v2\/posts\/211957\/revisions"}],"wp:featuredmedia":[{"embeddable":true,"href":"https:\/\/www.meydan.tv\/az\/wp-json\/wp\/v2\/media\/138546"}],"wp:attachment":[{"href":"https:\/\/www.meydan.tv\/az\/wp-json\/wp\/v2\/media?parent=211957"}],"wp:term":[{"taxonomy":"category","embeddable":true,"href":"https:\/\/www.meydan.tv\/az\/wp-json\/wp\/v2\/categories?post=211957"},{"taxonomy":"post_tag","embeddable":true,"href":"https:\/\/www.meydan.tv\/az\/wp-json\/wp\/v2\/tags?post=211957"}],"curies":[{"name":"wp","href":"https:\/\/api.w.org\/{rel}","templated":true}]}}