{"id":211919,"date":"2021-07-09T16:21:22","date_gmt":"2021-07-09T16:21:22","guid":{"rendered":"https:\/\/www.meydan.tv\/article\/elmin-bedelov-ado-teatrinin-direktorlugundan-getdi\/"},"modified":"2021-07-09T16:21:22","modified_gmt":"2021-07-09T16:21:22","slug":"elmin-bedelov-ado-teatrinin-direktorlugundan-getdi","status":"publish","type":"post","link":"https:\/\/www.meydan.tv\/az\/article\/elmin-bedelov-ado-teatrinin-direktorlugundan-getdi\/","title":{"rendered":"Elmin B\u0259d\u0259lov ADO teatr\u0131n\u0131n direktorlu\u011fundan getdi"},"content":{"rendered":"<p>\n  <i><br \/>\n    \u201cM\u0259n q\u0259ti q\u0259rar vermi\u015f\u0259m ki, yaln\u0131z yarad\u0131c\u0131l\u0131qla m\u0259\u015f\u011ful olaca\u011fam\u201d<br \/>\n  <\/i>\n<\/p>\n<p>\n  \u201cADO teatr\u0131n\u0131n m\u0259kan\u0131n\u0131 itirm\u0259yinin bir s\u0259b\u0259bi pandemiya, dig\u0259ri is\u0259 m\u0259nim direktor olmaqdan yorulma\u011f\u0131m idi. \u0130ll\u0259rl\u0259 \u00e7\u0259tinlikl\u0259r\u0259, probleml\u0259r\u0259 baxmayaraq, yarad\u0131c\u0131l\u0131\u011f\u0131mdan k\u0259s\u0259r\u0259k, paralel bu i\u015fi apar\u0131rd\u0131m. Ancaq direktorluq d\u00f6n\u0259mimi arxada qoymaq, yaln\u0131z yarad\u0131c\u0131l\u0131qla m\u0259\u015fqul olmaq q\u0259rar\u0131n\u0131 vermi\u015f\u0259m\u201d.\n<\/p>\n<p>\n  Bunu ADO Teatr\u0131n\u0131n (Az\u0259rbaycan Da\u011f\u0131n\u0131q Oda) yarad\u0131c\u0131s\u0131 Elmin B\u0259d\u0259lov Meydan TV-y\u0259 a\u00e7\u0131qlamas\u0131nda deyib.\n<\/p>\n<p>\n  O qeyd edib ki, haz\u0131rda teatra yeni direktor axtar\u0131l\u0131r:\n<\/p>\n<p>\n  \u201cA\u00e7\u0131q m\u00fcraci\u0259tl\u0259rim\u0259 baxmayaraq, bug\u00fcn\u0259d\u0259k h\u0259l\u0259 he\u00e7 kim direktor olmaq v\u0259 teatr\u0131n yarad\u0131c\u0131l\u0131qdan k\u0259nar b\u00fct\u00fcn m\u0259s\u0259l\u0259l\u0259rini \u00fcz\u0259rin\u0259 g\u00f6t\u00fcrm\u0259k ist\u0259m\u0259yib. M\u0259nd\u0259n tez-tez soru\u015furlar ki, teatr\u0131n yeni m\u0259kan\u0131 olacaq? K\u00f6hn\u0259 tama\u015falar t\u0259krar g\u00f6st\u0259ril\u0259c\u0259k? M\u0259nim cavab\u0131m birdir: bunlar haqda yeni direktor d\u00fc\u015f\u00fcn\u0259r. M\u0259n q\u0259ti q\u0259rar vermi\u015f\u0259m ki, yaln\u0131z yarad\u0131c\u0131l\u0131qla m\u0259\u015f\u011ful olaca\u011fam. Haz\u0131rda individual performer kimi davam etm\u0259k, ideyalar\u0131m\u0131, performanslar\u0131m\u0131 realla\u015fd\u0131raraq oynamaq ist\u0259yir\u0259m.Teatr\u0131n bina problemi, rekvizitl\u0259rin yerl\u0259\u015fdirilm\u0259si kimi i\u015fl\u0259rl\u0259 m\u0259\u015f\u011ful olmaq ist\u0259mir\u0259m. Doqquz ildir bu i\u015fi g\u00f6rm\u00fc\u015f\u0259m, m\u0259nc\u0259, b\u0259s ed\u0259r\u201d.\n<\/p>\n<p>\n  Elmin B\u0259d\u0259lov onu da qeyd edib ki, bundan sonra da Az\u0259rbaycanda k\u00fc\u00e7\u0259 tama\u015falar\u0131n\u0131n inki\u015faf\u0131 \u00fc\u00e7\u00fcn \u00e7al\u0131\u015facaq:\n<\/p>\n<p>\n  \u201cHaz\u0131rda ADO-nun f\u0259aliyy\u0259ti yoxdur, \u00e7\u00fcnki m\u0259kan\u0131, direktoru yoxdur. Teatr\u0131n g\u0259l\u0259c\u0259yinin nec\u0259 olaca\u011f\u0131 sual alt\u0131ndad\u0131r. M\u0259n is\u0259 bundan sonrak\u0131 f\u0259aliyy\u0259timi ancaq yarad\u0131c\u0131l\u0131\u011fa h\u0259sr ed\u0259c\u0259y\u0259m. M\u00fcst\u0259qil performer kimi \u00e7\u0131x\u0131\u015f etm\u0259k ist\u0259yir\u0259m. Amma g\u0259l\u0259c\u0259kd\u0259 m\u00fcst\u0259qil, v\u0259 ya hans\u0131sa teatr\u0131n t\u0259rkibind\u0259, yaxud \u201cevent\u201dd\u0259 d\u0259 \u00e7\u0131x\u0131\u015f ed\u0259 bil\u0259r\u0259m. Az\u0259rbaycanda k\u00fc\u00e7\u0259 inc\u0259s\u0259n\u0259tinin formala\u015fmas\u0131 m\u0259n\u0259 \u00e7ox maraql\u0131d\u0131r. \u0130ndividual performer kimi bu istiqam\u0259td\u0259 \u00e7al\u0131\u015fmaqda maraql\u0131yam. Bununla ba\u011fl\u0131 modern r\u0259qs \u00fcz\u0259rind\u0259n performanslar haz\u0131rlay\u0131ram. Onlardan birini iyulun 15-d\u0259 Q\u0131\u015f Park\u0131nda ADO-nun arzular\u0131ndan biri olan \u201cYeddinci M\u0259kan\u201dda g\u00f6st\u0259rm\u0259k ist\u0259yir\u0259m. Bu, ba\u015f tutacaqm\u0131? M\u0259n d\u0259 bilmir\u0259m. \u0130yulun 15-i, saat 20:00-da Q\u0131\u015f Park\u0131na g\u0259l\u0259r\u0259k birg\u0259 r\u0259qs ed\u0259 bil\u0259rik. D\u00f6vl\u0259t t\u0259r\u0259find\u0259n performans\u0131n ke\u00e7irilm\u0259sin\u0259 mane olunub-olunmayaca\u011f\u0131n\u0131 is\u0259 h\u0259min g\u00fcn bil\u0259c\u0259yik\u201d.\n<\/p>\n<p>\n  ADO Teatr\u0131n\u0131n kollektivi 2021-ci il mart\u0131n 17-d\u0259 icar\u0259y\u0259 g\u00f6t\u00fcrd\u00fcy\u00fc m\u0259kandan ayl\u0131q haqq\u0131n\u0131 \u00f6d\u0259y\u0259 bilm\u0259diyi \u00fc\u00e7\u00fcn \u00e7\u0131xmaq m\u0259cburiyy\u0259tind\u0259 qal\u0131b.\n<\/p>\n<p>\n  Teatr\u0131n qurucusu, ba\u015f rejissor v\u0259 aktyoru Elmin B\u0259d\u0259lov bina problemi il\u0259 \u0259laq\u0259dar televiziya vasit\u0259sil\u0259 Prezident Adminstrasiyas\u0131n\u0131n Humanitar siyas\u0259t, diaspor, multikulturalizm v\u0259 dini m\u0259s\u0259l\u0259l\u0259r \u015f\u00f6b\u0259sin\u0259, Milli M\u0259cilisin M\u0259d\u0259niyy\u0259t Komit\u0259si v\u0259 M\u0259d\u0259niyy\u0259t Nazirliyin\u0259 m\u00fcraci\u0259t ets\u0259 d\u0259, cavabs\u0131z qal\u0131b.\n<\/p>\n<p>\n  Yarand\u0131\u011f\u0131 g\u00fcnd\u0259n tama\u015falar\u0131n\u0131 oynamaq \u00fc\u00e7\u00fcn yer u\u011frunda m\u00fcbariz\u0259 aparan ADO teatr\u0131 2013-c\u00fc il iyulun 15-d\u0259 aktyor v\u0259 rejissor Elmin B\u0259d\u0259lov t\u0259r\u0259find\u0259n yarad\u0131l\u0131b. Teatr Az\u0259rbaycan\u0131n ilk m\u00fcst\u0259qil v\u0259 modern teatr\u0131 kimi tan\u0131n\u0131r.\n<\/p>\n<p>\n  Teatr kollektivi iyulun 15-d\u0259 Q\u0131\u015f Park\u0131nda \u201cYeddinci M\u0259kan\u201d adl\u0131 k\u00fc\u00e7\u0259 tama\u015fas\u0131 n\u00fcmayi\u015f etdirm\u0259yi planla\u015fd\u0131r\u0131r. Performans ADO-nun yaranmas\u0131n\u0131n doqquzuncu ild\u00f6n\u00fcm\u00fcn\u0259 h\u0259sr edil\u0259c\u0259k. Saat 20:00-da ba\u015flayacaq tama\u015fada modern r\u0259qs performans\u0131 n\u00fcmayi\u015f olunacaq.\n<\/p>\n<p>\n  Bir ild\u0259n \u00e7oxdur ki, Az\u0259rbaycanda pandemiya il\u0259 \u0259laq\u0259dar teatrlar\u0131n f\u0259aliyy\u0259tin\u0259 icaz\u0259 verilmir.<\/p>\n","protected":false},"excerpt":{"rendered":"<p>&#8220;Teatr\u0131n g\u0259l\u0259c\u0259yinin nec\u0259 olaca\u011f\u0131 sual alt\u0131ndad\u0131r&#8221;<\/p>\n","protected":false},"author":11,"featured_media":76741,"comment_status":"closed","ping_status":"open","sticky":false,"template":"","format":"standard","meta":{"_acf_changed":false,"_sitemap_exclude":false,"_sitemap_priority":"","_sitemap_frequency":"","footnotes":""},"categories":[52],"tags":[],"class_list":["post-211919","post","type-post","status-publish","format-standard","has-post-thumbnail","hentry","category-medeniyyet","infinite-scroll-item","generate-columns","tablet-grid-50","mobile-grid-100","grid-parent","grid-33","no-featured-image-padding"],"acf":[],"yoast_head":"<!-- This site is optimized with the Yoast SEO plugin v27.4 - https:\/\/yoast.com\/product\/yoast-seo-wordpress\/ -->\n<title>Elmin B\u0259d\u0259lov ADO teatr\u0131n\u0131n direktorlu\u011fundan getdi - MEYDAN.TV<\/title>\n<meta name=\"robots\" content=\"index, follow, max-snippet:-1, max-image-preview:large, max-video-preview:-1\" \/>\n<link rel=\"canonical\" href=\"https:\/\/www.meydan.tv\/az\/article\/elmin-bedelov-ado-teatrinin-direktorlugundan-getdi\/\" \/>\n<meta property=\"og:locale\" content=\"az_AZ\" \/>\n<meta property=\"og:type\" content=\"article\" \/>\n<meta property=\"og:title\" content=\"Elmin B\u0259d\u0259lov ADO teatr\u0131n\u0131n direktorlu\u011fundan getdi - MEYDAN.TV\" \/>\n<meta property=\"og:description\" content=\"&quot;Teatr\u0131n g\u0259l\u0259c\u0259yinin nec\u0259 olaca\u011f\u0131 sual alt\u0131ndad\u0131r&quot;\" \/>\n<meta property=\"og:url\" content=\"https:\/\/www.meydan.tv\/az\/article\/elmin-bedelov-ado-teatrinin-direktorlugundan-getdi\/\" \/>\n<meta property=\"og:site_name\" content=\"MEYDAN.TV\" \/>\n<meta property=\"article:published_time\" content=\"2021-07-09T16:21:22+00:00\" \/>\n<meta property=\"og:image\" content=\"https:\/\/www.meydan.tv\/wp-content\/uploads\/29720.jpg\" \/>\n\t<meta property=\"og:image:width\" content=\"810\" \/>\n\t<meta property=\"og:image:height\" content=\"450\" \/>\n\t<meta property=\"og:image:type\" content=\"image\/jpeg\" \/>\n<meta name=\"author\" content=\"user-manager\" \/>\n<meta name=\"twitter:card\" content=\"summary_large_image\" \/>\n<script type=\"application\/ld+json\" class=\"yoast-schema-graph\">{\"@context\":\"https:\\\/\\\/schema.org\",\"@graph\":[{\"@type\":\"Article\",\"@id\":\"https:\\\/\\\/www.meydan.tv\\\/az\\\/article\\\/elmin-bedelov-ado-teatrinin-direktorlugundan-getdi\\\/#article\",\"isPartOf\":{\"@id\":\"https:\\\/\\\/www.meydan.tv\\\/az\\\/article\\\/elmin-bedelov-ado-teatrinin-direktorlugundan-getdi\\\/\"},\"author\":{\"name\":\"user-manager\",\"@id\":\"https:\\\/\\\/www.meydan.tv\\\/az\\\/#\\\/schema\\\/person\\\/10d11eccf6da3662cf5fdab9806ea91a\"},\"headline\":\"Elmin B\u0259d\u0259lov ADO teatr\u0131n\u0131n direktorlu\u011fundan getdi\",\"datePublished\":\"2021-07-09T16:21:22+00:00\",\"mainEntityOfPage\":{\"@id\":\"https:\\\/\\\/www.meydan.tv\\\/az\\\/article\\\/elmin-bedelov-ado-teatrinin-direktorlugundan-getdi\\\/\"},\"wordCount\":707,\"publisher\":{\"@id\":\"https:\\\/\\\/www.meydan.tv\\\/az\\\/#organization\"},\"image\":{\"@id\":\"https:\\\/\\\/www.meydan.tv\\\/az\\\/article\\\/elmin-bedelov-ado-teatrinin-direktorlugundan-getdi\\\/#primaryimage\"},\"thumbnailUrl\":\"https:\\\/\\\/www.meydan.tv\\\/wp-content\\\/uploads\\\/29720.jpg\",\"articleSection\":[\"M\u0259d\u0259niyy\u0259t\"],\"inLanguage\":\"az\"},{\"@type\":\"WebPage\",\"@id\":\"https:\\\/\\\/www.meydan.tv\\\/az\\\/article\\\/elmin-bedelov-ado-teatrinin-direktorlugundan-getdi\\\/\",\"url\":\"https:\\\/\\\/www.meydan.tv\\\/az\\\/article\\\/elmin-bedelov-ado-teatrinin-direktorlugundan-getdi\\\/\",\"name\":\"Elmin B\u0259d\u0259lov ADO teatr\u0131n\u0131n direktorlu\u011fundan getdi - MEYDAN.TV\",\"isPartOf\":{\"@id\":\"https:\\\/\\\/www.meydan.tv\\\/az\\\/#website\"},\"primaryImageOfPage\":{\"@id\":\"https:\\\/\\\/www.meydan.tv\\\/az\\\/article\\\/elmin-bedelov-ado-teatrinin-direktorlugundan-getdi\\\/#primaryimage\"},\"image\":{\"@id\":\"https:\\\/\\\/www.meydan.tv\\\/az\\\/article\\\/elmin-bedelov-ado-teatrinin-direktorlugundan-getdi\\\/#primaryimage\"},\"thumbnailUrl\":\"https:\\\/\\\/www.meydan.tv\\\/wp-content\\\/uploads\\\/29720.jpg\",\"datePublished\":\"2021-07-09T16:21:22+00:00\",\"breadcrumb\":{\"@id\":\"https:\\\/\\\/www.meydan.tv\\\/az\\\/article\\\/elmin-bedelov-ado-teatrinin-direktorlugundan-getdi\\\/#breadcrumb\"},\"inLanguage\":\"az\",\"potentialAction\":[{\"@type\":\"ReadAction\",\"target\":[\"https:\\\/\\\/www.meydan.tv\\\/az\\\/article\\\/elmin-bedelov-ado-teatrinin-direktorlugundan-getdi\\\/\"]}]},{\"@type\":\"ImageObject\",\"inLanguage\":\"az\",\"@id\":\"https:\\\/\\\/www.meydan.tv\\\/az\\\/article\\\/elmin-bedelov-ado-teatrinin-direktorlugundan-getdi\\\/#primaryimage\",\"url\":\"https:\\\/\\\/www.meydan.tv\\\/wp-content\\\/uploads\\\/29720.jpg\",\"contentUrl\":\"https:\\\/\\\/www.meydan.tv\\\/wp-content\\\/uploads\\\/29720.jpg\",\"width\":810,\"height\":450,\"caption\":\"Elmin B\u0259d\u0259lov\"},{\"@type\":\"BreadcrumbList\",\"@id\":\"https:\\\/\\\/www.meydan.tv\\\/az\\\/article\\\/elmin-bedelov-ado-teatrinin-direktorlugundan-getdi\\\/#breadcrumb\",\"itemListElement\":[{\"@type\":\"ListItem\",\"position\":1,\"name\":\"Ana s\u0259hif\u0259\",\"item\":\"https:\\\/\\\/www.meydan.tv\\\/az\\\/\"},{\"@type\":\"ListItem\",\"position\":2,\"name\":\"M\u0259d\u0259niyy\u0259t\",\"item\":\"https:\\\/\\\/www.meydan.tv\\\/az\\\/section\\\/medeniyyet\\\/\"},{\"@type\":\"ListItem\",\"position\":3,\"name\":\"Elmin B\u0259d\u0259lov ADO teatr\u0131n\u0131n direktorlu\u011fundan getdi\"}]},{\"@type\":\"WebSite\",\"@id\":\"https:\\\/\\\/www.meydan.tv\\\/az\\\/#website\",\"url\":\"https:\\\/\\\/www.meydan.tv\\\/az\\\/\",\"name\":\"MEYDAN.TV\",\"description\":\"Meydan TV Az\u0259rbaycan\u0131n media m\u0259kan\u0131ndak\u0131 alternativ s\u0259sidir\",\"publisher\":{\"@id\":\"https:\\\/\\\/www.meydan.tv\\\/az\\\/#organization\"},\"potentialAction\":[{\"@type\":\"SearchAction\",\"target\":{\"@type\":\"EntryPoint\",\"urlTemplate\":\"https:\\\/\\\/www.meydan.tv\\\/az\\\/?s={search_term_string}\"},\"query-input\":{\"@type\":\"PropertyValueSpecification\",\"valueRequired\":true,\"valueName\":\"search_term_string\"}}],\"inLanguage\":\"az\"},{\"@type\":\"Organization\",\"@id\":\"https:\\\/\\\/www.meydan.tv\\\/az\\\/#organization\",\"name\":\"Meydan TV\",\"url\":\"https:\\\/\\\/www.meydan.tv\\\/az\\\/\",\"logo\":{\"@type\":\"ImageObject\",\"inLanguage\":\"az\",\"@id\":\"https:\\\/\\\/www.meydan.tv\\\/az\\\/#\\\/schema\\\/logo\\\/image\\\/\",\"url\":\"https:\\\/\\\/www.meydan.tv\\\/wp-content\\\/uploads\\\/2021\\\/07\\\/meydan-logo.svg\",\"contentUrl\":\"https:\\\/\\\/www.meydan.tv\\\/wp-content\\\/uploads\\\/2021\\\/07\\\/meydan-logo.svg\",\"width\":195,\"height\":46,\"caption\":\"Meydan TV\"},\"image\":{\"@id\":\"https:\\\/\\\/www.meydan.tv\\\/az\\\/#\\\/schema\\\/logo\\\/image\\\/\"}},{\"@type\":\"Person\",\"@id\":\"https:\\\/\\\/www.meydan.tv\\\/az\\\/#\\\/schema\\\/person\\\/10d11eccf6da3662cf5fdab9806ea91a\",\"name\":\"user-manager\"}]}<\/script>\n<!-- \/ Yoast SEO plugin. -->","yoast_head_json":{"title":"Elmin B\u0259d\u0259lov ADO teatr\u0131n\u0131n direktorlu\u011fundan getdi - MEYDAN.TV","robots":{"index":"index","follow":"follow","max-snippet":"max-snippet:-1","max-image-preview":"max-image-preview:large","max-video-preview":"max-video-preview:-1"},"canonical":"https:\/\/www.meydan.tv\/az\/article\/elmin-bedelov-ado-teatrinin-direktorlugundan-getdi\/","og_locale":"az_AZ","og_type":"article","og_title":"Elmin B\u0259d\u0259lov ADO teatr\u0131n\u0131n direktorlu\u011fundan getdi - MEYDAN.TV","og_description":"\"Teatr\u0131n g\u0259l\u0259c\u0259yinin nec\u0259 olaca\u011f\u0131 sual alt\u0131ndad\u0131r\"","og_url":"https:\/\/www.meydan.tv\/az\/article\/elmin-bedelov-ado-teatrinin-direktorlugundan-getdi\/","og_site_name":"MEYDAN.TV","article_published_time":"2021-07-09T16:21:22+00:00","og_image":[{"width":810,"height":450,"url":"https:\/\/www.meydan.tv\/wp-content\/uploads\/29720.jpg","type":"image\/jpeg"}],"author":"user-manager","twitter_card":"summary_large_image","schema":{"@context":"https:\/\/schema.org","@graph":[{"@type":"Article","@id":"https:\/\/www.meydan.tv\/az\/article\/elmin-bedelov-ado-teatrinin-direktorlugundan-getdi\/#article","isPartOf":{"@id":"https:\/\/www.meydan.tv\/az\/article\/elmin-bedelov-ado-teatrinin-direktorlugundan-getdi\/"},"author":{"name":"user-manager","@id":"https:\/\/www.meydan.tv\/az\/#\/schema\/person\/10d11eccf6da3662cf5fdab9806ea91a"},"headline":"Elmin B\u0259d\u0259lov ADO teatr\u0131n\u0131n direktorlu\u011fundan getdi","datePublished":"2021-07-09T16:21:22+00:00","mainEntityOfPage":{"@id":"https:\/\/www.meydan.tv\/az\/article\/elmin-bedelov-ado-teatrinin-direktorlugundan-getdi\/"},"wordCount":707,"publisher":{"@id":"https:\/\/www.meydan.tv\/az\/#organization"},"image":{"@id":"https:\/\/www.meydan.tv\/az\/article\/elmin-bedelov-ado-teatrinin-direktorlugundan-getdi\/#primaryimage"},"thumbnailUrl":"https:\/\/www.meydan.tv\/wp-content\/uploads\/29720.jpg","articleSection":["M\u0259d\u0259niyy\u0259t"],"inLanguage":"az"},{"@type":"WebPage","@id":"https:\/\/www.meydan.tv\/az\/article\/elmin-bedelov-ado-teatrinin-direktorlugundan-getdi\/","url":"https:\/\/www.meydan.tv\/az\/article\/elmin-bedelov-ado-teatrinin-direktorlugundan-getdi\/","name":"Elmin B\u0259d\u0259lov ADO teatr\u0131n\u0131n direktorlu\u011fundan getdi - MEYDAN.TV","isPartOf":{"@id":"https:\/\/www.meydan.tv\/az\/#website"},"primaryImageOfPage":{"@id":"https:\/\/www.meydan.tv\/az\/article\/elmin-bedelov-ado-teatrinin-direktorlugundan-getdi\/#primaryimage"},"image":{"@id":"https:\/\/www.meydan.tv\/az\/article\/elmin-bedelov-ado-teatrinin-direktorlugundan-getdi\/#primaryimage"},"thumbnailUrl":"https:\/\/www.meydan.tv\/wp-content\/uploads\/29720.jpg","datePublished":"2021-07-09T16:21:22+00:00","breadcrumb":{"@id":"https:\/\/www.meydan.tv\/az\/article\/elmin-bedelov-ado-teatrinin-direktorlugundan-getdi\/#breadcrumb"},"inLanguage":"az","potentialAction":[{"@type":"ReadAction","target":["https:\/\/www.meydan.tv\/az\/article\/elmin-bedelov-ado-teatrinin-direktorlugundan-getdi\/"]}]},{"@type":"ImageObject","inLanguage":"az","@id":"https:\/\/www.meydan.tv\/az\/article\/elmin-bedelov-ado-teatrinin-direktorlugundan-getdi\/#primaryimage","url":"https:\/\/www.meydan.tv\/wp-content\/uploads\/29720.jpg","contentUrl":"https:\/\/www.meydan.tv\/wp-content\/uploads\/29720.jpg","width":810,"height":450,"caption":"Elmin B\u0259d\u0259lov"},{"@type":"BreadcrumbList","@id":"https:\/\/www.meydan.tv\/az\/article\/elmin-bedelov-ado-teatrinin-direktorlugundan-getdi\/#breadcrumb","itemListElement":[{"@type":"ListItem","position":1,"name":"Ana s\u0259hif\u0259","item":"https:\/\/www.meydan.tv\/az\/"},{"@type":"ListItem","position":2,"name":"M\u0259d\u0259niyy\u0259t","item":"https:\/\/www.meydan.tv\/az\/section\/medeniyyet\/"},{"@type":"ListItem","position":3,"name":"Elmin B\u0259d\u0259lov ADO teatr\u0131n\u0131n direktorlu\u011fundan getdi"}]},{"@type":"WebSite","@id":"https:\/\/www.meydan.tv\/az\/#website","url":"https:\/\/www.meydan.tv\/az\/","name":"MEYDAN.TV","description":"Meydan TV Az\u0259rbaycan\u0131n media m\u0259kan\u0131ndak\u0131 alternativ s\u0259sidir","publisher":{"@id":"https:\/\/www.meydan.tv\/az\/#organization"},"potentialAction":[{"@type":"SearchAction","target":{"@type":"EntryPoint","urlTemplate":"https:\/\/www.meydan.tv\/az\/?s={search_term_string}"},"query-input":{"@type":"PropertyValueSpecification","valueRequired":true,"valueName":"search_term_string"}}],"inLanguage":"az"},{"@type":"Organization","@id":"https:\/\/www.meydan.tv\/az\/#organization","name":"Meydan TV","url":"https:\/\/www.meydan.tv\/az\/","logo":{"@type":"ImageObject","inLanguage":"az","@id":"https:\/\/www.meydan.tv\/az\/#\/schema\/logo\/image\/","url":"https:\/\/www.meydan.tv\/wp-content\/uploads\/2021\/07\/meydan-logo.svg","contentUrl":"https:\/\/www.meydan.tv\/wp-content\/uploads\/2021\/07\/meydan-logo.svg","width":195,"height":46,"caption":"Meydan TV"},"image":{"@id":"https:\/\/www.meydan.tv\/az\/#\/schema\/logo\/image\/"}},{"@type":"Person","@id":"https:\/\/www.meydan.tv\/az\/#\/schema\/person\/10d11eccf6da3662cf5fdab9806ea91a","name":"user-manager"}]}},"_links":{"self":[{"href":"https:\/\/www.meydan.tv\/az\/wp-json\/wp\/v2\/posts\/211919","targetHints":{"allow":["GET"]}}],"collection":[{"href":"https:\/\/www.meydan.tv\/az\/wp-json\/wp\/v2\/posts"}],"about":[{"href":"https:\/\/www.meydan.tv\/az\/wp-json\/wp\/v2\/types\/post"}],"author":[{"embeddable":true,"href":"https:\/\/www.meydan.tv\/az\/wp-json\/wp\/v2\/users\/11"}],"replies":[{"embeddable":true,"href":"https:\/\/www.meydan.tv\/az\/wp-json\/wp\/v2\/comments?post=211919"}],"version-history":[{"count":0,"href":"https:\/\/www.meydan.tv\/az\/wp-json\/wp\/v2\/posts\/211919\/revisions"}],"wp:featuredmedia":[{"embeddable":true,"href":"https:\/\/www.meydan.tv\/az\/wp-json\/wp\/v2\/media\/76741"}],"wp:attachment":[{"href":"https:\/\/www.meydan.tv\/az\/wp-json\/wp\/v2\/media?parent=211919"}],"wp:term":[{"taxonomy":"category","embeddable":true,"href":"https:\/\/www.meydan.tv\/az\/wp-json\/wp\/v2\/categories?post=211919"},{"taxonomy":"post_tag","embeddable":true,"href":"https:\/\/www.meydan.tv\/az\/wp-json\/wp\/v2\/tags?post=211919"}],"curies":[{"name":"wp","href":"https:\/\/api.w.org\/{rel}","templated":true}]}}