{"id":211894,"date":"2021-07-08T10:19:56","date_gmt":"2021-07-08T10:19:56","guid":{"rendered":"https:\/\/www.meydan.tv\/article\/infeksionist-delta-stamminin-olum-faizi-yuksek-ola-bilmez\/"},"modified":"2021-07-08T10:19:56","modified_gmt":"2021-07-08T10:19:56","slug":"infeksionist-delta-stamminin-olum-faizi-yuksek-ola-bilmez","status":"publish","type":"post","link":"https:\/\/www.meydan.tv\/az\/article\/infeksionist-delta-stamminin-olum-faizi-yuksek-ola-bilmez\/","title":{"rendered":"\u0130nfeksionist: \u201cDelta \u015ftamm\u0131\u201dn\u0131n \u00f6l\u00fcm faizi y\u00fcks\u0259k ola bilm\u0259z"},"content":{"rendered":"<p>\n  <i><br \/>\n    \u201cBu \u015ftamm yeni n\u00f6v koronavirusdan mutasiya edib\u201d<br \/>\n  <\/i>\n<\/p>\n<p>\n  \u201c\u201cDelta \u015ftamm\u0131\u201dn\u0131n \u00f6l\u00fcm faizi y\u00fcks\u0259k ola bilm\u0259z, \u00e7\u00fcnki bu \u015ftamm yeni n\u00f6v koronavirusdan (COV\u0130D-19) mutasiya edib. COV\u0130D-19 virusunun letall\u0131q g\u00f6st\u0259ricisi a\u015fa\u011f\u0131, 3-4 fazidir\u201d.\n<\/p>\n<p>\n  Bunu Meydan TV-y\u0259 infeksionist V\u00fcqar Cavadzad\u0259 deyib.\n<\/p>\n<p>\n  H\u0259kimin s\u00f6zl\u0259rin\u0259 g\u00f6r\u0259, \u201cDelta\u201d da sonradan mutasiyaya u\u011fray\u0131b v\u0259 \u201cDelta plyus\u201d virusu yaran\u0131b.\n<\/p>\n<p>\n  \u00dcmumd\u00fcnya S\u0259hiyy\u0259 T\u0259\u015fkilat\u0131 (\u00dcST) h\u0259r iki \u015ftamm\u0131 lat\u0131n qrafikas\u0131 \u0259lifbas\u0131 il\u0259 n\u00f6mr\u0259l\u0259yib.\n<\/p>\n<p>\n  Nomenklatura siyah\u0131s\u0131nda \u201cDelta &#8211; B1.617.2\u201d v\u0259 \u201cDelta plyus &#8211; B1.617.2.1\u201d kimi qeyd olunub.\n<\/p>\n<p>\n  \u201cYeni n\u00f6v koronavirus mutasiya edib, Britaniya, Braziliya, Hindistan, Afrika v\u0259 sair \u015ftammlar \u0259m\u0259l\u0259 g\u0259lib. \u018fn s\u00fcr\u0259tl\u0259 yay\u0131lan is\u0259 \u201cDelta\u201d v\u0259 \u201cDelta plyus\u201d \u015ftammlar\u0131d\u0131r. \u201cDelta\u201d v\u0259 \u201cDelta plyus\u201d COV\u0130D-19 infesiyas\u0131ndan daha s\u00fcr\u0259tl\u0259 yay\u0131lmas\u0131 il\u0259 yana\u015f\u0131, u\u015faq v\u0259 yeniyetm\u0259l\u0259rd\u0259 \u00e7ox m\u00fc\u015fahid\u0259 edilir\u201d, &#8211; infeksionist s\u00f6yl\u0259yir.\n<\/p>\n<p>\n  Bir m\u00fcdd\u0259t \u00f6nc\u0259 T\u018fB\u0130B-in \u0130nfeksion x\u0259st\u0259likl\u0259r \u00fczr\u0259 i\u015f\u00e7i qrupunun h\u0259kim-infeksionisti N\u0259zrin Mustafayeva a\u00e7\u0131qlamas\u0131nda bildirmi\u015fdi ki, u\u015faqlar\u0131n peyv\u0259ndl\u0259nm\u0259si il\u0259 ba\u011fl\u0131 m\u00fczakir\u0259l\u0259r apar\u0131l\u0131r.\n<\/p>\n<p>\n  M\u00fcsb\u0259t n\u0259tic\u0259l\u0259r olsa, u\u015faqlar\u0131n da peyv\u0259ndl\u0259nm\u0259si n\u0259z\u0259rd\u0259 tutulur.\n<\/p>\n<p>\n  \u0130nfeksionist V\u00fcqar Cavadzad\u0259 u\u015faqlar\u0131n yeni n\u00f6v koronavirusa qar\u015f\u0131 peyv\u0259ndl\u0259nm\u0259sini m\u0259qs\u0259d\u0259uy\u011fun saym\u0131r:\n<\/p>\n<p>\n  \u201cVirusa qar\u015f\u0131 peyv\u0259nd t\u0259tbiq olunmazdan \u00f6nc\u0259 \u00fc\u00e7m\u0259rh\u0259l\u0259li klinik t\u0259cr\u00fcb\u0259d\u0259n ke\u00e7ib, m\u0259nfi-m\u00fcsb\u0259t t\u0259r\u0259fl\u0259ri \u00f6yr\u0259nilib. Vaksinin u\u015faqlara t\u0259tbiq olunmas\u0131 il\u0259 ba\u011fl\u0131 elmi t\u0259dqiqat i\u015fl\u0259ri apar\u0131lmay\u0131b.\n<\/p>\n<p>\n  Dig\u0259r t\u0259r\u0259fd\u0259n u\u015faqlar\u0131n peyv\u0259nd olunmas\u0131 il\u0259 ba\u011fl\u0131 epidemik g\u00f6st\u0259ri\u015f olmal\u0131d\u0131r. U\u015faqlar aras\u0131nda \u201cCOV\u0130D-19\u201d infeksiyas\u0131na yoluxma olsa da, \u00f6l\u00fcm hallar\u0131 b\u00f6y\u00fckl\u0259r\u0259 nisb\u0259t\u0259n d\u0259f\u0259l\u0259rl\u0259 azd\u0131r. H\u0259tta bir fazid\u0259n bel\u0259 a\u015fa\u011f\u0131d\u0131r. D\u00fcnayada, h\u0259m\u00e7inin Az\u0259rbaycanda bel\u0259 \u201cCOV\u0130D-19\u201d-dan ajiotaj yaradan u\u015faq \u00f6l\u00fcm\u00fc hallar\u0131 olmad\u0131. \u201cCOV\u0130D-19\u201d-un hans\u0131sa mutant variant\u0131 \u0259m\u0259l\u0259 g\u0259l\u0259rs\u0259 v\u0259 u\u015faqlar aras\u0131nda \u00f6l\u00fcm faizini art\u0131rarsa, o zaman vaksinasiya m\u0259s\u0259l\u0259sini m\u00fczakir\u0259 etm\u0259k olar\u201d.\n<\/p>\n<p>\n  \u00dcST-\u00fcn ba\u015f direktoru Tedros Adhanom Qebreyesusun a\u00e7\u0131qlamas\u0131na g\u00f6r\u0259, Delta \u015ftamm\u0131 85 \u00f6lk\u0259d\u0259 a\u015fkar edilib v\u0259 peyv\u0259nd olunmayan \u0259hali aras\u0131nda s\u00fcr\u0259tli templ\u0259 yay\u0131l\u0131r.\n<\/p>\n<p>\n  \u00dcST-\u00fcn Az\u0259rbaycan n\u00fcmay\u0259nd\u0259liyinin r\u0259hb\u0259ri Hande Harmanc\u0131 \u201cDelta\u201d \u015ftamm\u0131 il\u0259 ba\u011fl\u0131 Az\u0259rbaycan v\u0259t\u0259nda\u015flar\u0131na x\u0259b\u0259rdarl\u0131q edib. Virusdan qorunma\u011f\u0131n \u0259n yax\u015f\u0131 \u00fcsulu kimi vaksinasiya olunma\u011f\u0131 t\u00f6vsiy\u0259 edib.<\/p>\n","protected":false},"excerpt":{"rendered":"<p>Nomenklatura siyah\u0131s\u0131nda \u201cDelta &#8211; B1.617.2\u201d v\u0259 \u201cDelta plyus &#8211; B1.617.2.1\u201d kimi qeyd olunub.<\/p>\n","protected":false},"author":11,"featured_media":207633,"comment_status":"closed","ping_status":"open","sticky":false,"template":"","format":"standard","meta":{"_acf_changed":false,"_sitemap_exclude":false,"_sitemap_priority":"","_sitemap_frequency":"","footnotes":""},"categories":[54],"tags":[],"class_list":["post-211894","post","type-post","status-publish","format-standard","has-post-thumbnail","hentry","category-sagliq","infinite-scroll-item","generate-columns","tablet-grid-50","mobile-grid-100","grid-parent","grid-33","no-featured-image-padding"],"acf":[],"yoast_head":"<!-- This site is optimized with the Yoast SEO plugin v27.4 - https:\/\/yoast.com\/product\/yoast-seo-wordpress\/ -->\n<title>\u0130nfeksionist: \u201cDelta \u015ftamm\u0131\u201dn\u0131n \u00f6l\u00fcm faizi y\u00fcks\u0259k ola bilm\u0259z - MEYDAN.TV<\/title>\n<meta name=\"robots\" content=\"index, follow, max-snippet:-1, max-image-preview:large, max-video-preview:-1\" \/>\n<link rel=\"canonical\" href=\"https:\/\/www.meydan.tv\/az\/article\/infeksionist-delta-stamminin-olum-faizi-yuksek-ola-bilmez\/\" \/>\n<meta property=\"og:locale\" content=\"az_AZ\" \/>\n<meta property=\"og:type\" content=\"article\" \/>\n<meta property=\"og:title\" content=\"\u0130nfeksionist: \u201cDelta \u015ftamm\u0131\u201dn\u0131n \u00f6l\u00fcm faizi y\u00fcks\u0259k ola bilm\u0259z - MEYDAN.TV\" \/>\n<meta property=\"og:description\" content=\"Nomenklatura siyah\u0131s\u0131nda \u201cDelta - B1.617.2\u201d v\u0259 \u201cDelta plyus - B1.617.2.1\u201d kimi qeyd olunub.\" \/>\n<meta property=\"og:url\" content=\"https:\/\/www.meydan.tv\/az\/article\/infeksionist-delta-stamminin-olum-faizi-yuksek-ola-bilmez\/\" \/>\n<meta property=\"og:site_name\" content=\"MEYDAN.TV\" \/>\n<meta property=\"article:published_time\" content=\"2021-07-08T10:19:56+00:00\" \/>\n<meta property=\"og:image\" content=\"https:\/\/www.meydan.tv\/wp-content\/uploads\/555753a6-f38c-36c0-bf24-d6957fcb18f9_850_ltctawu.jpg\" \/>\n\t<meta property=\"og:image:width\" content=\"850\" \/>\n\t<meta property=\"og:image:height\" content=\"530\" \/>\n\t<meta property=\"og:image:type\" content=\"image\/jpeg\" \/>\n<meta name=\"author\" content=\"user-manager\" \/>\n<meta name=\"twitter:card\" content=\"summary_large_image\" \/>\n<script type=\"application\/ld+json\" class=\"yoast-schema-graph\">{\"@context\":\"https:\\\/\\\/schema.org\",\"@graph\":[{\"@type\":\"Article\",\"@id\":\"https:\\\/\\\/www.meydan.tv\\\/az\\\/article\\\/infeksionist-delta-stamminin-olum-faizi-yuksek-ola-bilmez\\\/#article\",\"isPartOf\":{\"@id\":\"https:\\\/\\\/www.meydan.tv\\\/az\\\/article\\\/infeksionist-delta-stamminin-olum-faizi-yuksek-ola-bilmez\\\/\"},\"author\":{\"name\":\"user-manager\",\"@id\":\"https:\\\/\\\/www.meydan.tv\\\/az\\\/#\\\/schema\\\/person\\\/10d11eccf6da3662cf5fdab9806ea91a\"},\"headline\":\"\u0130nfeksionist: \u201cDelta \u015ftamm\u0131\u201dn\u0131n \u00f6l\u00fcm faizi y\u00fcks\u0259k ola bilm\u0259z\",\"datePublished\":\"2021-07-08T10:19:56+00:00\",\"mainEntityOfPage\":{\"@id\":\"https:\\\/\\\/www.meydan.tv\\\/az\\\/article\\\/infeksionist-delta-stamminin-olum-faizi-yuksek-ola-bilmez\\\/\"},\"wordCount\":506,\"publisher\":{\"@id\":\"https:\\\/\\\/www.meydan.tv\\\/az\\\/#organization\"},\"image\":{\"@id\":\"https:\\\/\\\/www.meydan.tv\\\/az\\\/article\\\/infeksionist-delta-stamminin-olum-faizi-yuksek-ola-bilmez\\\/#primaryimage\"},\"thumbnailUrl\":\"https:\\\/\\\/www.meydan.tv\\\/wp-content\\\/uploads\\\/555753a6-f38c-36c0-bf24-d6957fcb18f9_850_ltctawu.jpg\",\"articleSection\":[\"Sa\u011fl\u0131q\"],\"inLanguage\":\"az\"},{\"@type\":\"WebPage\",\"@id\":\"https:\\\/\\\/www.meydan.tv\\\/az\\\/article\\\/infeksionist-delta-stamminin-olum-faizi-yuksek-ola-bilmez\\\/\",\"url\":\"https:\\\/\\\/www.meydan.tv\\\/az\\\/article\\\/infeksionist-delta-stamminin-olum-faizi-yuksek-ola-bilmez\\\/\",\"name\":\"\u0130nfeksionist: \u201cDelta \u015ftamm\u0131\u201dn\u0131n \u00f6l\u00fcm faizi y\u00fcks\u0259k ola bilm\u0259z - MEYDAN.TV\",\"isPartOf\":{\"@id\":\"https:\\\/\\\/www.meydan.tv\\\/az\\\/#website\"},\"primaryImageOfPage\":{\"@id\":\"https:\\\/\\\/www.meydan.tv\\\/az\\\/article\\\/infeksionist-delta-stamminin-olum-faizi-yuksek-ola-bilmez\\\/#primaryimage\"},\"image\":{\"@id\":\"https:\\\/\\\/www.meydan.tv\\\/az\\\/article\\\/infeksionist-delta-stamminin-olum-faizi-yuksek-ola-bilmez\\\/#primaryimage\"},\"thumbnailUrl\":\"https:\\\/\\\/www.meydan.tv\\\/wp-content\\\/uploads\\\/555753a6-f38c-36c0-bf24-d6957fcb18f9_850_ltctawu.jpg\",\"datePublished\":\"2021-07-08T10:19:56+00:00\",\"breadcrumb\":{\"@id\":\"https:\\\/\\\/www.meydan.tv\\\/az\\\/article\\\/infeksionist-delta-stamminin-olum-faizi-yuksek-ola-bilmez\\\/#breadcrumb\"},\"inLanguage\":\"az\",\"potentialAction\":[{\"@type\":\"ReadAction\",\"target\":[\"https:\\\/\\\/www.meydan.tv\\\/az\\\/article\\\/infeksionist-delta-stamminin-olum-faizi-yuksek-ola-bilmez\\\/\"]}]},{\"@type\":\"ImageObject\",\"inLanguage\":\"az\",\"@id\":\"https:\\\/\\\/www.meydan.tv\\\/az\\\/article\\\/infeksionist-delta-stamminin-olum-faizi-yuksek-ola-bilmez\\\/#primaryimage\",\"url\":\"https:\\\/\\\/www.meydan.tv\\\/wp-content\\\/uploads\\\/555753a6-f38c-36c0-bf24-d6957fcb18f9_850_ltctawu.jpg\",\"contentUrl\":\"https:\\\/\\\/www.meydan.tv\\\/wp-content\\\/uploads\\\/555753a6-f38c-36c0-bf24-d6957fcb18f9_850_ltctawu.jpg\",\"width\":850,\"height\":530,\"caption\":\"Source: Specify Source\"},{\"@type\":\"BreadcrumbList\",\"@id\":\"https:\\\/\\\/www.meydan.tv\\\/az\\\/article\\\/infeksionist-delta-stamminin-olum-faizi-yuksek-ola-bilmez\\\/#breadcrumb\",\"itemListElement\":[{\"@type\":\"ListItem\",\"position\":1,\"name\":\"Ana s\u0259hif\u0259\",\"item\":\"https:\\\/\\\/www.meydan.tv\\\/az\\\/\"},{\"@type\":\"ListItem\",\"position\":2,\"name\":\"Sa\u011fl\u0131q\",\"item\":\"https:\\\/\\\/www.meydan.tv\\\/az\\\/section\\\/sagliq\\\/\"},{\"@type\":\"ListItem\",\"position\":3,\"name\":\"\u0130nfeksionist: \u201cDelta \u015ftamm\u0131\u201dn\u0131n \u00f6l\u00fcm faizi y\u00fcks\u0259k ola bilm\u0259z\"}]},{\"@type\":\"WebSite\",\"@id\":\"https:\\\/\\\/www.meydan.tv\\\/az\\\/#website\",\"url\":\"https:\\\/\\\/www.meydan.tv\\\/az\\\/\",\"name\":\"MEYDAN.TV\",\"description\":\"Meydan TV Az\u0259rbaycan\u0131n media m\u0259kan\u0131ndak\u0131 alternativ s\u0259sidir\",\"publisher\":{\"@id\":\"https:\\\/\\\/www.meydan.tv\\\/az\\\/#organization\"},\"potentialAction\":[{\"@type\":\"SearchAction\",\"target\":{\"@type\":\"EntryPoint\",\"urlTemplate\":\"https:\\\/\\\/www.meydan.tv\\\/az\\\/?s={search_term_string}\"},\"query-input\":{\"@type\":\"PropertyValueSpecification\",\"valueRequired\":true,\"valueName\":\"search_term_string\"}}],\"inLanguage\":\"az\"},{\"@type\":\"Organization\",\"@id\":\"https:\\\/\\\/www.meydan.tv\\\/az\\\/#organization\",\"name\":\"Meydan TV\",\"url\":\"https:\\\/\\\/www.meydan.tv\\\/az\\\/\",\"logo\":{\"@type\":\"ImageObject\",\"inLanguage\":\"az\",\"@id\":\"https:\\\/\\\/www.meydan.tv\\\/az\\\/#\\\/schema\\\/logo\\\/image\\\/\",\"url\":\"https:\\\/\\\/www.meydan.tv\\\/wp-content\\\/uploads\\\/2021\\\/07\\\/meydan-logo.svg\",\"contentUrl\":\"https:\\\/\\\/www.meydan.tv\\\/wp-content\\\/uploads\\\/2021\\\/07\\\/meydan-logo.svg\",\"width\":195,\"height\":46,\"caption\":\"Meydan TV\"},\"image\":{\"@id\":\"https:\\\/\\\/www.meydan.tv\\\/az\\\/#\\\/schema\\\/logo\\\/image\\\/\"}},{\"@type\":\"Person\",\"@id\":\"https:\\\/\\\/www.meydan.tv\\\/az\\\/#\\\/schema\\\/person\\\/10d11eccf6da3662cf5fdab9806ea91a\",\"name\":\"user-manager\"}]}<\/script>\n<!-- \/ Yoast SEO plugin. -->","yoast_head_json":{"title":"\u0130nfeksionist: \u201cDelta \u015ftamm\u0131\u201dn\u0131n \u00f6l\u00fcm faizi y\u00fcks\u0259k ola bilm\u0259z - MEYDAN.TV","robots":{"index":"index","follow":"follow","max-snippet":"max-snippet:-1","max-image-preview":"max-image-preview:large","max-video-preview":"max-video-preview:-1"},"canonical":"https:\/\/www.meydan.tv\/az\/article\/infeksionist-delta-stamminin-olum-faizi-yuksek-ola-bilmez\/","og_locale":"az_AZ","og_type":"article","og_title":"\u0130nfeksionist: \u201cDelta \u015ftamm\u0131\u201dn\u0131n \u00f6l\u00fcm faizi y\u00fcks\u0259k ola bilm\u0259z - MEYDAN.TV","og_description":"Nomenklatura siyah\u0131s\u0131nda \u201cDelta - B1.617.2\u201d v\u0259 \u201cDelta plyus - B1.617.2.1\u201d kimi qeyd olunub.","og_url":"https:\/\/www.meydan.tv\/az\/article\/infeksionist-delta-stamminin-olum-faizi-yuksek-ola-bilmez\/","og_site_name":"MEYDAN.TV","article_published_time":"2021-07-08T10:19:56+00:00","og_image":[{"width":850,"height":530,"url":"https:\/\/www.meydan.tv\/wp-content\/uploads\/555753a6-f38c-36c0-bf24-d6957fcb18f9_850_ltctawu.jpg","type":"image\/jpeg"}],"author":"user-manager","twitter_card":"summary_large_image","schema":{"@context":"https:\/\/schema.org","@graph":[{"@type":"Article","@id":"https:\/\/www.meydan.tv\/az\/article\/infeksionist-delta-stamminin-olum-faizi-yuksek-ola-bilmez\/#article","isPartOf":{"@id":"https:\/\/www.meydan.tv\/az\/article\/infeksionist-delta-stamminin-olum-faizi-yuksek-ola-bilmez\/"},"author":{"name":"user-manager","@id":"https:\/\/www.meydan.tv\/az\/#\/schema\/person\/10d11eccf6da3662cf5fdab9806ea91a"},"headline":"\u0130nfeksionist: \u201cDelta \u015ftamm\u0131\u201dn\u0131n \u00f6l\u00fcm faizi y\u00fcks\u0259k ola bilm\u0259z","datePublished":"2021-07-08T10:19:56+00:00","mainEntityOfPage":{"@id":"https:\/\/www.meydan.tv\/az\/article\/infeksionist-delta-stamminin-olum-faizi-yuksek-ola-bilmez\/"},"wordCount":506,"publisher":{"@id":"https:\/\/www.meydan.tv\/az\/#organization"},"image":{"@id":"https:\/\/www.meydan.tv\/az\/article\/infeksionist-delta-stamminin-olum-faizi-yuksek-ola-bilmez\/#primaryimage"},"thumbnailUrl":"https:\/\/www.meydan.tv\/wp-content\/uploads\/555753a6-f38c-36c0-bf24-d6957fcb18f9_850_ltctawu.jpg","articleSection":["Sa\u011fl\u0131q"],"inLanguage":"az"},{"@type":"WebPage","@id":"https:\/\/www.meydan.tv\/az\/article\/infeksionist-delta-stamminin-olum-faizi-yuksek-ola-bilmez\/","url":"https:\/\/www.meydan.tv\/az\/article\/infeksionist-delta-stamminin-olum-faizi-yuksek-ola-bilmez\/","name":"\u0130nfeksionist: \u201cDelta \u015ftamm\u0131\u201dn\u0131n \u00f6l\u00fcm faizi y\u00fcks\u0259k ola bilm\u0259z - MEYDAN.TV","isPartOf":{"@id":"https:\/\/www.meydan.tv\/az\/#website"},"primaryImageOfPage":{"@id":"https:\/\/www.meydan.tv\/az\/article\/infeksionist-delta-stamminin-olum-faizi-yuksek-ola-bilmez\/#primaryimage"},"image":{"@id":"https:\/\/www.meydan.tv\/az\/article\/infeksionist-delta-stamminin-olum-faizi-yuksek-ola-bilmez\/#primaryimage"},"thumbnailUrl":"https:\/\/www.meydan.tv\/wp-content\/uploads\/555753a6-f38c-36c0-bf24-d6957fcb18f9_850_ltctawu.jpg","datePublished":"2021-07-08T10:19:56+00:00","breadcrumb":{"@id":"https:\/\/www.meydan.tv\/az\/article\/infeksionist-delta-stamminin-olum-faizi-yuksek-ola-bilmez\/#breadcrumb"},"inLanguage":"az","potentialAction":[{"@type":"ReadAction","target":["https:\/\/www.meydan.tv\/az\/article\/infeksionist-delta-stamminin-olum-faizi-yuksek-ola-bilmez\/"]}]},{"@type":"ImageObject","inLanguage":"az","@id":"https:\/\/www.meydan.tv\/az\/article\/infeksionist-delta-stamminin-olum-faizi-yuksek-ola-bilmez\/#primaryimage","url":"https:\/\/www.meydan.tv\/wp-content\/uploads\/555753a6-f38c-36c0-bf24-d6957fcb18f9_850_ltctawu.jpg","contentUrl":"https:\/\/www.meydan.tv\/wp-content\/uploads\/555753a6-f38c-36c0-bf24-d6957fcb18f9_850_ltctawu.jpg","width":850,"height":530,"caption":"Source: Specify Source"},{"@type":"BreadcrumbList","@id":"https:\/\/www.meydan.tv\/az\/article\/infeksionist-delta-stamminin-olum-faizi-yuksek-ola-bilmez\/#breadcrumb","itemListElement":[{"@type":"ListItem","position":1,"name":"Ana s\u0259hif\u0259","item":"https:\/\/www.meydan.tv\/az\/"},{"@type":"ListItem","position":2,"name":"Sa\u011fl\u0131q","item":"https:\/\/www.meydan.tv\/az\/section\/sagliq\/"},{"@type":"ListItem","position":3,"name":"\u0130nfeksionist: \u201cDelta \u015ftamm\u0131\u201dn\u0131n \u00f6l\u00fcm faizi y\u00fcks\u0259k ola bilm\u0259z"}]},{"@type":"WebSite","@id":"https:\/\/www.meydan.tv\/az\/#website","url":"https:\/\/www.meydan.tv\/az\/","name":"MEYDAN.TV","description":"Meydan TV Az\u0259rbaycan\u0131n media m\u0259kan\u0131ndak\u0131 alternativ s\u0259sidir","publisher":{"@id":"https:\/\/www.meydan.tv\/az\/#organization"},"potentialAction":[{"@type":"SearchAction","target":{"@type":"EntryPoint","urlTemplate":"https:\/\/www.meydan.tv\/az\/?s={search_term_string}"},"query-input":{"@type":"PropertyValueSpecification","valueRequired":true,"valueName":"search_term_string"}}],"inLanguage":"az"},{"@type":"Organization","@id":"https:\/\/www.meydan.tv\/az\/#organization","name":"Meydan TV","url":"https:\/\/www.meydan.tv\/az\/","logo":{"@type":"ImageObject","inLanguage":"az","@id":"https:\/\/www.meydan.tv\/az\/#\/schema\/logo\/image\/","url":"https:\/\/www.meydan.tv\/wp-content\/uploads\/2021\/07\/meydan-logo.svg","contentUrl":"https:\/\/www.meydan.tv\/wp-content\/uploads\/2021\/07\/meydan-logo.svg","width":195,"height":46,"caption":"Meydan TV"},"image":{"@id":"https:\/\/www.meydan.tv\/az\/#\/schema\/logo\/image\/"}},{"@type":"Person","@id":"https:\/\/www.meydan.tv\/az\/#\/schema\/person\/10d11eccf6da3662cf5fdab9806ea91a","name":"user-manager"}]}},"_links":{"self":[{"href":"https:\/\/www.meydan.tv\/az\/wp-json\/wp\/v2\/posts\/211894","targetHints":{"allow":["GET"]}}],"collection":[{"href":"https:\/\/www.meydan.tv\/az\/wp-json\/wp\/v2\/posts"}],"about":[{"href":"https:\/\/www.meydan.tv\/az\/wp-json\/wp\/v2\/types\/post"}],"author":[{"embeddable":true,"href":"https:\/\/www.meydan.tv\/az\/wp-json\/wp\/v2\/users\/11"}],"replies":[{"embeddable":true,"href":"https:\/\/www.meydan.tv\/az\/wp-json\/wp\/v2\/comments?post=211894"}],"version-history":[{"count":0,"href":"https:\/\/www.meydan.tv\/az\/wp-json\/wp\/v2\/posts\/211894\/revisions"}],"wp:featuredmedia":[{"embeddable":true,"href":"https:\/\/www.meydan.tv\/az\/wp-json\/wp\/v2\/media\/207633"}],"wp:attachment":[{"href":"https:\/\/www.meydan.tv\/az\/wp-json\/wp\/v2\/media?parent=211894"}],"wp:term":[{"taxonomy":"category","embeddable":true,"href":"https:\/\/www.meydan.tv\/az\/wp-json\/wp\/v2\/categories?post=211894"},{"taxonomy":"post_tag","embeddable":true,"href":"https:\/\/www.meydan.tv\/az\/wp-json\/wp\/v2\/tags?post=211894"}],"curies":[{"name":"wp","href":"https:\/\/api.w.org\/{rel}","templated":true}]}}