{"id":211892,"date":"2021-07-08T10:46:56","date_gmt":"2021-07-08T10:46:56","guid":{"rendered":"https:\/\/www.meydan.tv\/article\/xalq-artisti-azerbaycanda-musiqinin-seviyyesi-cox-asagidir\/"},"modified":"2021-07-08T10:46:56","modified_gmt":"2021-07-08T10:46:56","slug":"xalq-artisti-azerbaycanda-musiqinin-seviyyesi-cox-asagidir","status":"publish","type":"post","link":"https:\/\/www.meydan.tv\/az\/article\/xalq-artisti-azerbaycanda-musiqinin-seviyyesi-cox-asagidir\/","title":{"rendered":"Xalq artisti: Az\u0259rbaycanda musiqinin s\u0259viyy\u0259si \u00e7ox a\u015fa\u011f\u0131d\u0131r"},"content":{"rendered":"<p>\n  <i><br \/>\n    \u201cM\u00fc\u011f\u0259nnil\u0259r benqal dilind\u0259 oxuyurlar\u201d<br \/>\n  <\/i>\n<\/p>\n<p>\n  \u201cAz\u0259rbaycanda musiqinin s\u0259viyy\u0259si \u00e7ox a\u015fa\u011f\u0131d\u0131r. Otuz ildir ki, musiqimiz d\u0259yi\u015fib. Bilmirs\u0259n ki, ifa olunan mahn\u0131lar hans\u0131 ladlardad\u0131r. M\u00fc\u011f\u0259nnil\u0259r d\u0259 benqal dilind\u0259 oxuyurlar\u201d.\n<\/p>\n<p>\n  Xalq artisti, b\u0259st\u0259kar Faiq S\u00fcc\u0259ddinov naraz\u0131l\u0131q edir.\n<\/p>\n<p>\n  S\u0259n\u0259t\u00e7i Meydan TV-y\u0259 a\u00e7\u0131qlamas\u0131nda deyib ki, haz\u0131rda h\u0259tta sanball\u0131 m\u00fc\u011f\u0259nnil\u0259r bel\u0259 baya\u011f\u0131 mahn\u0131lar ifa edir: \u201cOnlar bel\u0259 mahn\u0131lar oxumaqla g\u0259nc n\u0259slin z\u00f6vq\u00fcn\u00fc m\u0259hv edir. Yenyetm\u0259l\u0259rin musiqi z\u00f6vq\u00fc tamamil\u0259 korlan\u0131b. 1990-c\u0131 ild\u0259n bu yana yerli telekanallarda yay\u0131lan musiqil\u0259r\u0259, n\u0259\u011fm\u0259l\u0259r\u0259 d\u0259f\u0259l\u0259rl\u0259 irad\u0131m\u0131 bildirmi\u015f\u0259m. H\u0259mi\u015f\u0259 deyir\u0259m ki, bel\u0259 etm\u0259yin, musiqini d\u0259yi\u015fdirm\u0259k olmaz. Mahn\u0131lar\u0131n s\u00f6zl\u0259ri d\u0259 \u00e7ox a\u015fa\u011f\u0131 s\u0259viyy\u0259d\u0259dir. G\u0259r\u0259k yerli telekanllar bel\u0259 m\u00fc\u011f\u0259nnil\u0259ri, b\u0259st\u0259l\u0259ri efir\u0259 buraxmas\u0131n\u201d.<\/p>\n","protected":false},"excerpt":{"rendered":"<p>\u201cOnlar bel\u0259 mahn\u0131lar oxumaqla g\u0259nc n\u0259slin z\u00f6vq\u00fcn\u00fc m\u0259hv edir\u201d.<\/p>\n","protected":false},"author":11,"featured_media":207636,"comment_status":"closed","ping_status":"open","sticky":false,"template":"","format":"standard","meta":{"_acf_changed":false,"_sitemap_exclude":false,"_sitemap_priority":"","_sitemap_frequency":"","footnotes":""},"categories":[52],"tags":[],"class_list":["post-211892","post","type-post","status-publish","format-standard","has-post-thumbnail","hentry","category-medeniyyet","infinite-scroll-item","generate-columns","tablet-grid-50","mobile-grid-100","grid-parent","grid-33","no-featured-image-padding"],"acf":[],"yoast_head":"<!-- This site is optimized with the Yoast SEO plugin v28.4 - https:\/\/yoast.com\/product\/yoast-seo-wordpress\/ -->\n<title>Xalq artisti: Az\u0259rbaycanda musiqinin s\u0259viyy\u0259si \u00e7ox a\u015fa\u011f\u0131d\u0131r - MEYDAN.TV<\/title>\n<meta name=\"robots\" content=\"index, follow, max-snippet:-1, max-image-preview:large, max-video-preview:-1\" \/>\n<link rel=\"canonical\" href=\"https:\/\/www.meydan.tv\/az\/article\/xalq-artisti-azerbaycanda-musiqinin-seviyyesi-cox-asagidir\/\" \/>\n<meta property=\"og:locale\" content=\"az_AZ\" \/>\n<meta property=\"og:type\" content=\"article\" \/>\n<meta property=\"og:title\" content=\"Xalq artisti: Az\u0259rbaycanda musiqinin s\u0259viyy\u0259si \u00e7ox a\u015fa\u011f\u0131d\u0131r - MEYDAN.TV\" \/>\n<meta property=\"og:description\" content=\"\u201cOnlar bel\u0259 mahn\u0131lar oxumaqla g\u0259nc n\u0259slin z\u00f6vq\u00fcn\u00fc m\u0259hv edir\u201d.\" \/>\n<meta property=\"og:url\" content=\"https:\/\/www.meydan.tv\/az\/article\/xalq-artisti-azerbaycanda-musiqinin-seviyyesi-cox-asagidir\/\" \/>\n<meta property=\"og:site_name\" content=\"MEYDAN.TV\" \/>\n<meta property=\"article:published_time\" content=\"2021-07-08T10:46:56+00:00\" \/>\n<meta property=\"og:image\" content=\"https:\/\/www.meydan.tv\/wp-content\/uploads\/maxresdefault_y1lebn0.2e16d0ba.fill-1200x630-1.jpg\" \/>\n\t<meta property=\"og:image:width\" content=\"1200\" \/>\n\t<meta property=\"og:image:height\" content=\"630\" \/>\n\t<meta property=\"og:image:type\" content=\"image\/jpeg\" \/>\n<meta name=\"twitter:card\" content=\"summary_large_image\" \/>\n<!-- \/ Yoast SEO plugin. -->","yoast_head_json":{"title":"Xalq artisti: Az\u0259rbaycanda musiqinin s\u0259viyy\u0259si \u00e7ox a\u015fa\u011f\u0131d\u0131r - MEYDAN.TV","robots":{"index":"index","follow":"follow","max-snippet":"max-snippet:-1","max-image-preview":"max-image-preview:large","max-video-preview":"max-video-preview:-1"},"canonical":"https:\/\/www.meydan.tv\/az\/article\/xalq-artisti-azerbaycanda-musiqinin-seviyyesi-cox-asagidir\/","og_locale":"az_AZ","og_type":"article","og_title":"Xalq artisti: Az\u0259rbaycanda musiqinin s\u0259viyy\u0259si \u00e7ox a\u015fa\u011f\u0131d\u0131r - MEYDAN.TV","og_description":"\u201cOnlar bel\u0259 mahn\u0131lar oxumaqla g\u0259nc n\u0259slin z\u00f6vq\u00fcn\u00fc m\u0259hv edir\u201d.","og_url":"https:\/\/www.meydan.tv\/az\/article\/xalq-artisti-azerbaycanda-musiqinin-seviyyesi-cox-asagidir\/","og_site_name":"MEYDAN.TV","article_published_time":"2021-07-08T10:46:56+00:00","og_image":[{"width":1200,"height":630,"url":"https:\/\/www.meydan.tv\/wp-content\/uploads\/maxresdefault_y1lebn0.2e16d0ba.fill-1200x630-1.jpg","type":"image\/jpeg"}],"twitter_card":"summary_large_image","schema":{"@context":"https:\/\/schema.org","@graph":[{"@type":"Article","@id":"https:\/\/www.meydan.tv\/az\/article\/xalq-artisti-azerbaycanda-musiqinin-seviyyesi-cox-asagidir\/#article","isPartOf":{"@id":"https:\/\/www.meydan.tv\/az\/article\/xalq-artisti-azerbaycanda-musiqinin-seviyyesi-cox-asagidir\/"},"author":{"name":"user-manager","@id":"https:\/\/www.meydan.tv\/az\/#\/schema\/person\/10d11eccf6da3662cf5fdab9806ea91a"},"headline":"Xalq artisti: Az\u0259rbaycanda musiqinin s\u0259viyy\u0259si \u00e7ox a\u015fa\u011f\u0131d\u0131r","datePublished":"2021-07-08T10:46:56+00:00","mainEntityOfPage":{"@id":"https:\/\/www.meydan.tv\/az\/article\/xalq-artisti-azerbaycanda-musiqinin-seviyyesi-cox-asagidir\/"},"wordCount":183,"publisher":{"@id":"https:\/\/www.meydan.tv\/az\/#organization"},"image":{"@id":"https:\/\/www.meydan.tv\/az\/article\/xalq-artisti-azerbaycanda-musiqinin-seviyyesi-cox-asagidir\/#primaryimage"},"thumbnailUrl":"https:\/\/www.meydan.tv\/wp-content\/uploads\/maxresdefault_y1lebn0.2e16d0ba.fill-1200x630-1.jpg","articleSection":["M\u0259d\u0259niyy\u0259t"],"inLanguage":"az"},{"@type":"WebPage","@id":"https:\/\/www.meydan.tv\/az\/article\/xalq-artisti-azerbaycanda-musiqinin-seviyyesi-cox-asagidir\/","url":"https:\/\/www.meydan.tv\/az\/article\/xalq-artisti-azerbaycanda-musiqinin-seviyyesi-cox-asagidir\/","name":"Xalq artisti: Az\u0259rbaycanda musiqinin s\u0259viyy\u0259si \u00e7ox a\u015fa\u011f\u0131d\u0131r - MEYDAN.TV","isPartOf":{"@id":"https:\/\/www.meydan.tv\/az\/#website"},"primaryImageOfPage":{"@id":"https:\/\/www.meydan.tv\/az\/article\/xalq-artisti-azerbaycanda-musiqinin-seviyyesi-cox-asagidir\/#primaryimage"},"image":{"@id":"https:\/\/www.meydan.tv\/az\/article\/xalq-artisti-azerbaycanda-musiqinin-seviyyesi-cox-asagidir\/#primaryimage"},"thumbnailUrl":"https:\/\/www.meydan.tv\/wp-content\/uploads\/maxresdefault_y1lebn0.2e16d0ba.fill-1200x630-1.jpg","datePublished":"2021-07-08T10:46:56+00:00","breadcrumb":{"@id":"https:\/\/www.meydan.tv\/az\/article\/xalq-artisti-azerbaycanda-musiqinin-seviyyesi-cox-asagidir\/#breadcrumb"},"inLanguage":"az","potentialAction":[{"@type":"ReadAction","target":["https:\/\/www.meydan.tv\/az\/article\/xalq-artisti-azerbaycanda-musiqinin-seviyyesi-cox-asagidir\/"]}]},{"@type":"ImageObject","inLanguage":"az","@id":"https:\/\/www.meydan.tv\/az\/article\/xalq-artisti-azerbaycanda-musiqinin-seviyyesi-cox-asagidir\/#primaryimage","url":"https:\/\/www.meydan.tv\/wp-content\/uploads\/maxresdefault_y1lebn0.2e16d0ba.fill-1200x630-1.jpg","contentUrl":"https:\/\/www.meydan.tv\/wp-content\/uploads\/maxresdefault_y1lebn0.2e16d0ba.fill-1200x630-1.jpg","width":1200,"height":630,"caption":"Source: Specify Source"},{"@type":"BreadcrumbList","@id":"https:\/\/www.meydan.tv\/az\/article\/xalq-artisti-azerbaycanda-musiqinin-seviyyesi-cox-asagidir\/#breadcrumb","itemListElement":[{"@type":"ListItem","position":1,"name":"Ana s\u0259hif\u0259","item":"https:\/\/www.meydan.tv\/az\/"},{"@type":"ListItem","position":2,"name":"M\u0259d\u0259niyy\u0259t","item":"https:\/\/www.meydan.tv\/az\/section\/medeniyyet\/"},{"@type":"ListItem","position":3,"name":"Xalq artisti: Az\u0259rbaycanda musiqinin s\u0259viyy\u0259si \u00e7ox a\u015fa\u011f\u0131d\u0131r"}]},{"@type":"WebSite","@id":"https:\/\/www.meydan.tv\/az\/#website","url":"https:\/\/www.meydan.tv\/az\/","name":"MEYDAN.TV","description":"Meydan TV Az\u0259rbaycan\u0131n media m\u0259kan\u0131ndak\u0131 alternativ s\u0259sidir","publisher":{"@id":"https:\/\/www.meydan.tv\/az\/#organization"},"potentialAction":[{"@type":"SearchAction","target":{"@type":"EntryPoint","urlTemplate":"https:\/\/www.meydan.tv\/az\/?s={search_term_string}"},"query-input":{"@type":"PropertyValueSpecification","valueRequired":true,"valueName":"search_term_string"}}],"inLanguage":"az"},{"@type":"Organization","@id":"https:\/\/www.meydan.tv\/az\/#organization","name":"Meydan TV","url":"https:\/\/www.meydan.tv\/az\/","logo":{"@type":"ImageObject","inLanguage":"az","@id":"https:\/\/www.meydan.tv\/az\/#\/schema\/logo\/image\/","url":"https:\/\/www.meydan.tv\/wp-content\/uploads\/2021\/07\/meydan-logo.svg","contentUrl":"https:\/\/www.meydan.tv\/wp-content\/uploads\/2021\/07\/meydan-logo.svg","width":195,"height":46,"caption":"Meydan TV"},"image":{"@id":"https:\/\/www.meydan.tv\/az\/#\/schema\/logo\/image\/"}},{"@type":"Person","@id":"https:\/\/www.meydan.tv\/az\/#\/schema\/person\/10d11eccf6da3662cf5fdab9806ea91a","name":"user-manager"}]}},"_links":{"self":[{"href":"https:\/\/www.meydan.tv\/az\/wp-json\/wp\/v2\/posts\/211892","targetHints":{"allow":["GET"]}}],"collection":[{"href":"https:\/\/www.meydan.tv\/az\/wp-json\/wp\/v2\/posts"}],"about":[{"href":"https:\/\/www.meydan.tv\/az\/wp-json\/wp\/v2\/types\/post"}],"author":[{"embeddable":true,"href":"https:\/\/www.meydan.tv\/az\/wp-json\/wp\/v2\/users\/11"}],"replies":[{"embeddable":true,"href":"https:\/\/www.meydan.tv\/az\/wp-json\/wp\/v2\/comments?post=211892"}],"version-history":[{"count":0,"href":"https:\/\/www.meydan.tv\/az\/wp-json\/wp\/v2\/posts\/211892\/revisions"}],"wp:featuredmedia":[{"embeddable":true,"href":"https:\/\/www.meydan.tv\/az\/wp-json\/wp\/v2\/media\/207636"}],"wp:attachment":[{"href":"https:\/\/www.meydan.tv\/az\/wp-json\/wp\/v2\/media?parent=211892"}],"wp:term":[{"taxonomy":"category","embeddable":true,"href":"https:\/\/www.meydan.tv\/az\/wp-json\/wp\/v2\/categories?post=211892"},{"taxonomy":"post_tag","embeddable":true,"href":"https:\/\/www.meydan.tv\/az\/wp-json\/wp\/v2\/tags?post=211892"}],"curies":[{"name":"wp","href":"https:\/\/api.w.org\/{rel}","templated":true}]}}