{"id":211886,"date":"2021-07-07T15:17:55","date_gmt":"2021-07-07T15:17:55","guid":{"rendered":"https:\/\/www.meydan.tv\/article\/firengiz-elizade-hec-bir-bestekara-qadaga-qoymamisiq\/"},"modified":"2021-07-07T15:17:55","modified_gmt":"2021-07-07T15:17:55","slug":"firengiz-elizade-hec-bir-bestekara-qadaga-qoymamisiq","status":"publish","type":"post","link":"https:\/\/www.meydan.tv\/az\/article\/firengiz-elizade-hec-bir-bestekara-qadaga-qoymamisiq\/","title":{"rendered":"Fir\u0259ngiz \u018flizad\u0259: He\u00e7 bir b\u0259st\u0259kara qada\u011fa qoymam\u0131\u015f\u0131q"},"content":{"rendered":"<p>\n  <i><br \/>\n    &quot;B\u00fct\u00fcn meydan\u0131 toy musiqisin\u0259 verm\u0259k olmaz&quot;<br \/>\n  <\/i>\n<\/p>\n<p>\n  \u201cBiz he\u00e7 bir b\u0259st\u0259kara qada\u011fa qoymam\u0131\u015f\u0131q. Sad\u0259c\u0259, h\u0259mi\u015f\u0259 deyirik ki, mahn\u0131lar keyfiyy\u0259tli olmal\u0131d\u0131r. Z\u00f6vql\u0259ri t\u0259rbiy\u0259 ed\u0259k, daha g\u00f6z\u0259l \u0259s\u0259rl\u0259r yaradaq\u201d.\n<\/p>\n<p>\n  Xalq artisti, B\u0259st\u0259karlar \u0130ttifaq\u0131n\u0131n s\u0259dri Fir\u0259ngiz \u018flizad\u0259 Meydan TV-y\u0259 a\u00e7\u0131qlamas\u0131nda qurumda b\u0259st\u0259karlar\u0131n \u0259s\u0259rl\u0259rin\u0259 qada\u011fa qoyulmas\u0131 m\u0259s\u0259l\u0259sin\u0259 ayd\u0131nl\u0131q g\u0259tir\u0259rk\u0259n bel\u0259 deyib.\n<\/p>\n<p>\n  \u201cB\u0259st\u0259karlara ancaq ittifaq\u0131n b\u0259y\u0259ndiyi \u0259s\u0259rl\u0259ri sosial \u015f\u0259b\u0259k\u0259l\u0259rd\u0259 yaymaq qada\u011fas\u0131 qoyulmay\u0131b. \u201cYouTube\u201d a\u00e7\u0131q platformad\u0131r, orada pe\u015f\u0259kar v\u0259 qeyri-pe\u015f\u0259karlar\u0131n g\u00fcnd\u0259 y\u00fczl\u0259rl\u0259 mahn\u0131lar\u0131 yerl\u0259\u015fdirilir. \u0130nsan\u0131n q\u0259lbind\u0259n mahn\u0131 g\u0259lir, biz dey\u0259c\u0259yik ki, yazma? Xeyr, bel\u0259 hal he\u00e7 vaxt olmay\u0131b. Yarad\u0131c\u0131 insan \u2013 azad insand\u0131r. O, yaradacaq, b\u0259st\u0259l\u0259y\u0259c\u0259k. Amma biz se\u00e7m\u0259liyik. Y\u0259ni efird\u0259 insanlara daha g\u00f6z\u0259l \u0259s\u0259rl\u0259r, musiqil\u0259r t\u0259qdim olunmal\u0131d\u0131r. Nec\u0259 dey\u0259rl\u0259r, b\u00fct\u00fcn meydan\u0131 toy musiqisin\u0259 verm\u0259k olmaz. Ciddi, g\u00f6z\u0259l, klassik mahn\u0131lar olmal\u0131d\u0131r. Pe\u015f\u0259kar b\u0259st\u0259kar mahn\u0131lar\u0131 da olmal\u0131d\u0131r\u201d.\n<\/p>\n<p>\n  Fir\u0259ngiz \u018flizad\u0259 bildirib ki, M\u0259d\u0259niyy\u0259t Nazirliyi t\u0259r\u0259find\u0259n B\u0259st\u0259karlar \u0130ttifaq\u0131na \u0130kinci Qaraba\u011f m\u00fcharib\u0259si haqq\u0131nda \u0259s\u0259rl\u0259rin ifa olunmas\u0131 il\u0259 ba\u011fl\u0131 tap\u015f\u0131r\u0131q verilib: \u201cG\u00f6st\u0259ri\u015f verilib ki, \u00dczeyir Hac\u0131b\u0259yli Beyn\u0259lxalq Musiqi Festival\u0131nda q\u0259l\u0259b\u0259miz\u0259 h\u0259sr olunan \u0259s\u0259rl\u0259r ifa edilsin. Bununla ba\u011fl\u0131 d\u00f6rd d\u0259f\u0259 komissiya toplant\u0131s\u0131 olub. Katibl\u0259rimiz, musiqi\u015f\u00fcnaslar\u0131m\u0131z, b\u0259st\u0259karlar\u0131m\u0131zla birg\u0259 festivalda t\u0259qdim olunacaq \u0259s\u0259rl\u0259r\u0259 qulaq as\u0131b, m\u00fczakir\u0259l\u0259r aparm\u0131\u015f\u0131q. S\u00f6hb\u0259t b\u00f6y\u00fck simfonik \u0259s\u0259rl\u0259rin t\u0259qdimat\u0131ndan gedir. Festivalda \u0259n g\u00f6z\u0259l \u0259s\u0259rl\u0259r s\u0259sl\u0259ndirilm\u0259lidir. Konsert\u0259 b\u00f6y\u00fck m\u0259suliyy\u0259tl\u0259, ciddi haz\u0131rla\u015f\u0131r\u0131q\u201d.\n<\/p>\n<p>\n  \u00dczeyir Hac\u0131b\u0259yli Beyn\u0259lxalq Musiqi Festival\u0131 2021-ci il sentyabr\u0131n 18-d\u0259 ba\u015flayacaq.\n<\/p>\n<p>\n  B\u0259st\u0259karlar \u0130ttifaq\u0131n\u0131n t\u0259qdim ed\u0259c\u0259yi konsert proqram\u0131 is\u0259 sentyabr\u0131n 24-d\u0259 n\u00fcmayi\u015f olunacaq.<\/p>\n","protected":false},"excerpt":{"rendered":"<p>Fir\u0259ngiz \u018flizad\u0259 bildirib ki, M\u0259d\u0259niyy\u0259t Nazirliyi t\u0259r\u0259find\u0259n B\u0259st\u0259karlar \u0130ttifaq\u0131na  \u0130kinci Qaraba\u011f m\u00fcharib\u0259si haqq\u0131nda \u0259s\u0259rl\u0259rin ifa olunmas\u0131 il\u0259 ba\u011fl\u0131 tap\u015f\u0131r\u0131q verilib<\/p>\n","protected":false},"author":11,"featured_media":207627,"comment_status":"closed","ping_status":"open","sticky":false,"template":"","format":"standard","meta":{"_acf_changed":false,"_sitemap_exclude":false,"_sitemap_priority":"","_sitemap_frequency":"","footnotes":""},"categories":[52],"tags":[],"class_list":["post-211886","post","type-post","status-publish","format-standard","has-post-thumbnail","hentry","category-medeniyyet","infinite-scroll-item","generate-columns","tablet-grid-50","mobile-grid-100","grid-parent","grid-33","no-featured-image-padding"],"acf":[],"yoast_head":"<!-- This site is optimized with the Yoast SEO plugin v27.4 - https:\/\/yoast.com\/product\/yoast-seo-wordpress\/ -->\n<title>Fir\u0259ngiz \u018flizad\u0259: He\u00e7 bir b\u0259st\u0259kara qada\u011fa qoymam\u0131\u015f\u0131q - MEYDAN.TV<\/title>\n<meta name=\"robots\" content=\"index, follow, max-snippet:-1, max-image-preview:large, max-video-preview:-1\" \/>\n<link rel=\"canonical\" href=\"https:\/\/www.meydan.tv\/az\/article\/firengiz-elizade-hec-bir-bestekara-qadaga-qoymamisiq\/\" \/>\n<meta property=\"og:locale\" content=\"az_AZ\" \/>\n<meta property=\"og:type\" content=\"article\" \/>\n<meta property=\"og:title\" content=\"Fir\u0259ngiz \u018flizad\u0259: He\u00e7 bir b\u0259st\u0259kara qada\u011fa qoymam\u0131\u015f\u0131q - MEYDAN.TV\" \/>\n<meta property=\"og:description\" content=\"Fir\u0259ngiz \u018flizad\u0259 bildirib ki, M\u0259d\u0259niyy\u0259t Nazirliyi t\u0259r\u0259find\u0259n B\u0259st\u0259karlar \u0130ttifaq\u0131na \u0130kinci Qaraba\u011f m\u00fcharib\u0259si haqq\u0131nda \u0259s\u0259rl\u0259rin ifa olunmas\u0131 il\u0259 ba\u011fl\u0131 tap\u015f\u0131r\u0131q verilib\" \/>\n<meta property=\"og:url\" content=\"https:\/\/www.meydan.tv\/az\/article\/firengiz-elizade-hec-bir-bestekara-qadaga-qoymamisiq\/\" \/>\n<meta property=\"og:site_name\" content=\"MEYDAN.TV\" \/>\n<meta property=\"article:published_time\" content=\"2021-07-07T15:17:55+00:00\" \/>\n<meta property=\"og:image\" content=\"https:\/\/www.meydan.tv\/wp-content\/uploads\/be8ce68dc437cae93e5af4d52c9cad51.jpg\" \/>\n\t<meta property=\"og:image:width\" content=\"848\" \/>\n\t<meta property=\"og:image:height\" content=\"489\" \/>\n\t<meta property=\"og:image:type\" content=\"image\/jpeg\" \/>\n<meta name=\"author\" content=\"user-manager\" \/>\n<meta name=\"twitter:card\" content=\"summary_large_image\" \/>\n<script type=\"application\/ld+json\" class=\"yoast-schema-graph\">{\"@context\":\"https:\\\/\\\/schema.org\",\"@graph\":[{\"@type\":\"Article\",\"@id\":\"https:\\\/\\\/www.meydan.tv\\\/az\\\/article\\\/firengiz-elizade-hec-bir-bestekara-qadaga-qoymamisiq\\\/#article\",\"isPartOf\":{\"@id\":\"https:\\\/\\\/www.meydan.tv\\\/az\\\/article\\\/firengiz-elizade-hec-bir-bestekara-qadaga-qoymamisiq\\\/\"},\"author\":{\"name\":\"user-manager\",\"@id\":\"https:\\\/\\\/www.meydan.tv\\\/az\\\/#\\\/schema\\\/person\\\/10d11eccf6da3662cf5fdab9806ea91a\"},\"headline\":\"Fir\u0259ngiz \u018flizad\u0259: He\u00e7 bir b\u0259st\u0259kara qada\u011fa qoymam\u0131\u015f\u0131q\",\"datePublished\":\"2021-07-07T15:17:55+00:00\",\"mainEntityOfPage\":{\"@id\":\"https:\\\/\\\/www.meydan.tv\\\/az\\\/article\\\/firengiz-elizade-hec-bir-bestekara-qadaga-qoymamisiq\\\/\"},\"wordCount\":414,\"publisher\":{\"@id\":\"https:\\\/\\\/www.meydan.tv\\\/az\\\/#organization\"},\"image\":{\"@id\":\"https:\\\/\\\/www.meydan.tv\\\/az\\\/article\\\/firengiz-elizade-hec-bir-bestekara-qadaga-qoymamisiq\\\/#primaryimage\"},\"thumbnailUrl\":\"https:\\\/\\\/www.meydan.tv\\\/wp-content\\\/uploads\\\/be8ce68dc437cae93e5af4d52c9cad51.jpg\",\"articleSection\":[\"M\u0259d\u0259niyy\u0259t\"],\"inLanguage\":\"az\"},{\"@type\":\"WebPage\",\"@id\":\"https:\\\/\\\/www.meydan.tv\\\/az\\\/article\\\/firengiz-elizade-hec-bir-bestekara-qadaga-qoymamisiq\\\/\",\"url\":\"https:\\\/\\\/www.meydan.tv\\\/az\\\/article\\\/firengiz-elizade-hec-bir-bestekara-qadaga-qoymamisiq\\\/\",\"name\":\"Fir\u0259ngiz \u018flizad\u0259: He\u00e7 bir b\u0259st\u0259kara qada\u011fa qoymam\u0131\u015f\u0131q - MEYDAN.TV\",\"isPartOf\":{\"@id\":\"https:\\\/\\\/www.meydan.tv\\\/az\\\/#website\"},\"primaryImageOfPage\":{\"@id\":\"https:\\\/\\\/www.meydan.tv\\\/az\\\/article\\\/firengiz-elizade-hec-bir-bestekara-qadaga-qoymamisiq\\\/#primaryimage\"},\"image\":{\"@id\":\"https:\\\/\\\/www.meydan.tv\\\/az\\\/article\\\/firengiz-elizade-hec-bir-bestekara-qadaga-qoymamisiq\\\/#primaryimage\"},\"thumbnailUrl\":\"https:\\\/\\\/www.meydan.tv\\\/wp-content\\\/uploads\\\/be8ce68dc437cae93e5af4d52c9cad51.jpg\",\"datePublished\":\"2021-07-07T15:17:55+00:00\",\"breadcrumb\":{\"@id\":\"https:\\\/\\\/www.meydan.tv\\\/az\\\/article\\\/firengiz-elizade-hec-bir-bestekara-qadaga-qoymamisiq\\\/#breadcrumb\"},\"inLanguage\":\"az\",\"potentialAction\":[{\"@type\":\"ReadAction\",\"target\":[\"https:\\\/\\\/www.meydan.tv\\\/az\\\/article\\\/firengiz-elizade-hec-bir-bestekara-qadaga-qoymamisiq\\\/\"]}]},{\"@type\":\"ImageObject\",\"inLanguage\":\"az\",\"@id\":\"https:\\\/\\\/www.meydan.tv\\\/az\\\/article\\\/firengiz-elizade-hec-bir-bestekara-qadaga-qoymamisiq\\\/#primaryimage\",\"url\":\"https:\\\/\\\/www.meydan.tv\\\/wp-content\\\/uploads\\\/be8ce68dc437cae93e5af4d52c9cad51.jpg\",\"contentUrl\":\"https:\\\/\\\/www.meydan.tv\\\/wp-content\\\/uploads\\\/be8ce68dc437cae93e5af4d52c9cad51.jpg\",\"width\":848,\"height\":489,\"caption\":\"Source: Specify Source\"},{\"@type\":\"BreadcrumbList\",\"@id\":\"https:\\\/\\\/www.meydan.tv\\\/az\\\/article\\\/firengiz-elizade-hec-bir-bestekara-qadaga-qoymamisiq\\\/#breadcrumb\",\"itemListElement\":[{\"@type\":\"ListItem\",\"position\":1,\"name\":\"Ana s\u0259hif\u0259\",\"item\":\"https:\\\/\\\/www.meydan.tv\\\/az\\\/\"},{\"@type\":\"ListItem\",\"position\":2,\"name\":\"M\u0259d\u0259niyy\u0259t\",\"item\":\"https:\\\/\\\/www.meydan.tv\\\/az\\\/section\\\/medeniyyet\\\/\"},{\"@type\":\"ListItem\",\"position\":3,\"name\":\"Fir\u0259ngiz \u018flizad\u0259: He\u00e7 bir b\u0259st\u0259kara qada\u011fa qoymam\u0131\u015f\u0131q\"}]},{\"@type\":\"WebSite\",\"@id\":\"https:\\\/\\\/www.meydan.tv\\\/az\\\/#website\",\"url\":\"https:\\\/\\\/www.meydan.tv\\\/az\\\/\",\"name\":\"MEYDAN.TV\",\"description\":\"Meydan TV Az\u0259rbaycan\u0131n media m\u0259kan\u0131ndak\u0131 alternativ s\u0259sidir\",\"publisher\":{\"@id\":\"https:\\\/\\\/www.meydan.tv\\\/az\\\/#organization\"},\"potentialAction\":[{\"@type\":\"SearchAction\",\"target\":{\"@type\":\"EntryPoint\",\"urlTemplate\":\"https:\\\/\\\/www.meydan.tv\\\/az\\\/?s={search_term_string}\"},\"query-input\":{\"@type\":\"PropertyValueSpecification\",\"valueRequired\":true,\"valueName\":\"search_term_string\"}}],\"inLanguage\":\"az\"},{\"@type\":\"Organization\",\"@id\":\"https:\\\/\\\/www.meydan.tv\\\/az\\\/#organization\",\"name\":\"Meydan TV\",\"url\":\"https:\\\/\\\/www.meydan.tv\\\/az\\\/\",\"logo\":{\"@type\":\"ImageObject\",\"inLanguage\":\"az\",\"@id\":\"https:\\\/\\\/www.meydan.tv\\\/az\\\/#\\\/schema\\\/logo\\\/image\\\/\",\"url\":\"https:\\\/\\\/www.meydan.tv\\\/wp-content\\\/uploads\\\/2021\\\/07\\\/meydan-logo.svg\",\"contentUrl\":\"https:\\\/\\\/www.meydan.tv\\\/wp-content\\\/uploads\\\/2021\\\/07\\\/meydan-logo.svg\",\"width\":195,\"height\":46,\"caption\":\"Meydan TV\"},\"image\":{\"@id\":\"https:\\\/\\\/www.meydan.tv\\\/az\\\/#\\\/schema\\\/logo\\\/image\\\/\"}},{\"@type\":\"Person\",\"@id\":\"https:\\\/\\\/www.meydan.tv\\\/az\\\/#\\\/schema\\\/person\\\/10d11eccf6da3662cf5fdab9806ea91a\",\"name\":\"user-manager\"}]}<\/script>\n<!-- \/ Yoast SEO plugin. -->","yoast_head_json":{"title":"Fir\u0259ngiz \u018flizad\u0259: He\u00e7 bir b\u0259st\u0259kara qada\u011fa qoymam\u0131\u015f\u0131q - MEYDAN.TV","robots":{"index":"index","follow":"follow","max-snippet":"max-snippet:-1","max-image-preview":"max-image-preview:large","max-video-preview":"max-video-preview:-1"},"canonical":"https:\/\/www.meydan.tv\/az\/article\/firengiz-elizade-hec-bir-bestekara-qadaga-qoymamisiq\/","og_locale":"az_AZ","og_type":"article","og_title":"Fir\u0259ngiz \u018flizad\u0259: He\u00e7 bir b\u0259st\u0259kara qada\u011fa qoymam\u0131\u015f\u0131q - MEYDAN.TV","og_description":"Fir\u0259ngiz \u018flizad\u0259 bildirib ki, M\u0259d\u0259niyy\u0259t Nazirliyi t\u0259r\u0259find\u0259n B\u0259st\u0259karlar \u0130ttifaq\u0131na \u0130kinci Qaraba\u011f m\u00fcharib\u0259si haqq\u0131nda \u0259s\u0259rl\u0259rin ifa olunmas\u0131 il\u0259 ba\u011fl\u0131 tap\u015f\u0131r\u0131q verilib","og_url":"https:\/\/www.meydan.tv\/az\/article\/firengiz-elizade-hec-bir-bestekara-qadaga-qoymamisiq\/","og_site_name":"MEYDAN.TV","article_published_time":"2021-07-07T15:17:55+00:00","og_image":[{"width":848,"height":489,"url":"https:\/\/www.meydan.tv\/wp-content\/uploads\/be8ce68dc437cae93e5af4d52c9cad51.jpg","type":"image\/jpeg"}],"author":"user-manager","twitter_card":"summary_large_image","schema":{"@context":"https:\/\/schema.org","@graph":[{"@type":"Article","@id":"https:\/\/www.meydan.tv\/az\/article\/firengiz-elizade-hec-bir-bestekara-qadaga-qoymamisiq\/#article","isPartOf":{"@id":"https:\/\/www.meydan.tv\/az\/article\/firengiz-elizade-hec-bir-bestekara-qadaga-qoymamisiq\/"},"author":{"name":"user-manager","@id":"https:\/\/www.meydan.tv\/az\/#\/schema\/person\/10d11eccf6da3662cf5fdab9806ea91a"},"headline":"Fir\u0259ngiz \u018flizad\u0259: He\u00e7 bir b\u0259st\u0259kara qada\u011fa qoymam\u0131\u015f\u0131q","datePublished":"2021-07-07T15:17:55+00:00","mainEntityOfPage":{"@id":"https:\/\/www.meydan.tv\/az\/article\/firengiz-elizade-hec-bir-bestekara-qadaga-qoymamisiq\/"},"wordCount":414,"publisher":{"@id":"https:\/\/www.meydan.tv\/az\/#organization"},"image":{"@id":"https:\/\/www.meydan.tv\/az\/article\/firengiz-elizade-hec-bir-bestekara-qadaga-qoymamisiq\/#primaryimage"},"thumbnailUrl":"https:\/\/www.meydan.tv\/wp-content\/uploads\/be8ce68dc437cae93e5af4d52c9cad51.jpg","articleSection":["M\u0259d\u0259niyy\u0259t"],"inLanguage":"az"},{"@type":"WebPage","@id":"https:\/\/www.meydan.tv\/az\/article\/firengiz-elizade-hec-bir-bestekara-qadaga-qoymamisiq\/","url":"https:\/\/www.meydan.tv\/az\/article\/firengiz-elizade-hec-bir-bestekara-qadaga-qoymamisiq\/","name":"Fir\u0259ngiz \u018flizad\u0259: He\u00e7 bir b\u0259st\u0259kara qada\u011fa qoymam\u0131\u015f\u0131q - MEYDAN.TV","isPartOf":{"@id":"https:\/\/www.meydan.tv\/az\/#website"},"primaryImageOfPage":{"@id":"https:\/\/www.meydan.tv\/az\/article\/firengiz-elizade-hec-bir-bestekara-qadaga-qoymamisiq\/#primaryimage"},"image":{"@id":"https:\/\/www.meydan.tv\/az\/article\/firengiz-elizade-hec-bir-bestekara-qadaga-qoymamisiq\/#primaryimage"},"thumbnailUrl":"https:\/\/www.meydan.tv\/wp-content\/uploads\/be8ce68dc437cae93e5af4d52c9cad51.jpg","datePublished":"2021-07-07T15:17:55+00:00","breadcrumb":{"@id":"https:\/\/www.meydan.tv\/az\/article\/firengiz-elizade-hec-bir-bestekara-qadaga-qoymamisiq\/#breadcrumb"},"inLanguage":"az","potentialAction":[{"@type":"ReadAction","target":["https:\/\/www.meydan.tv\/az\/article\/firengiz-elizade-hec-bir-bestekara-qadaga-qoymamisiq\/"]}]},{"@type":"ImageObject","inLanguage":"az","@id":"https:\/\/www.meydan.tv\/az\/article\/firengiz-elizade-hec-bir-bestekara-qadaga-qoymamisiq\/#primaryimage","url":"https:\/\/www.meydan.tv\/wp-content\/uploads\/be8ce68dc437cae93e5af4d52c9cad51.jpg","contentUrl":"https:\/\/www.meydan.tv\/wp-content\/uploads\/be8ce68dc437cae93e5af4d52c9cad51.jpg","width":848,"height":489,"caption":"Source: Specify Source"},{"@type":"BreadcrumbList","@id":"https:\/\/www.meydan.tv\/az\/article\/firengiz-elizade-hec-bir-bestekara-qadaga-qoymamisiq\/#breadcrumb","itemListElement":[{"@type":"ListItem","position":1,"name":"Ana s\u0259hif\u0259","item":"https:\/\/www.meydan.tv\/az\/"},{"@type":"ListItem","position":2,"name":"M\u0259d\u0259niyy\u0259t","item":"https:\/\/www.meydan.tv\/az\/section\/medeniyyet\/"},{"@type":"ListItem","position":3,"name":"Fir\u0259ngiz \u018flizad\u0259: He\u00e7 bir b\u0259st\u0259kara qada\u011fa qoymam\u0131\u015f\u0131q"}]},{"@type":"WebSite","@id":"https:\/\/www.meydan.tv\/az\/#website","url":"https:\/\/www.meydan.tv\/az\/","name":"MEYDAN.TV","description":"Meydan TV Az\u0259rbaycan\u0131n media m\u0259kan\u0131ndak\u0131 alternativ s\u0259sidir","publisher":{"@id":"https:\/\/www.meydan.tv\/az\/#organization"},"potentialAction":[{"@type":"SearchAction","target":{"@type":"EntryPoint","urlTemplate":"https:\/\/www.meydan.tv\/az\/?s={search_term_string}"},"query-input":{"@type":"PropertyValueSpecification","valueRequired":true,"valueName":"search_term_string"}}],"inLanguage":"az"},{"@type":"Organization","@id":"https:\/\/www.meydan.tv\/az\/#organization","name":"Meydan TV","url":"https:\/\/www.meydan.tv\/az\/","logo":{"@type":"ImageObject","inLanguage":"az","@id":"https:\/\/www.meydan.tv\/az\/#\/schema\/logo\/image\/","url":"https:\/\/www.meydan.tv\/wp-content\/uploads\/2021\/07\/meydan-logo.svg","contentUrl":"https:\/\/www.meydan.tv\/wp-content\/uploads\/2021\/07\/meydan-logo.svg","width":195,"height":46,"caption":"Meydan TV"},"image":{"@id":"https:\/\/www.meydan.tv\/az\/#\/schema\/logo\/image\/"}},{"@type":"Person","@id":"https:\/\/www.meydan.tv\/az\/#\/schema\/person\/10d11eccf6da3662cf5fdab9806ea91a","name":"user-manager"}]}},"_links":{"self":[{"href":"https:\/\/www.meydan.tv\/az\/wp-json\/wp\/v2\/posts\/211886","targetHints":{"allow":["GET"]}}],"collection":[{"href":"https:\/\/www.meydan.tv\/az\/wp-json\/wp\/v2\/posts"}],"about":[{"href":"https:\/\/www.meydan.tv\/az\/wp-json\/wp\/v2\/types\/post"}],"author":[{"embeddable":true,"href":"https:\/\/www.meydan.tv\/az\/wp-json\/wp\/v2\/users\/11"}],"replies":[{"embeddable":true,"href":"https:\/\/www.meydan.tv\/az\/wp-json\/wp\/v2\/comments?post=211886"}],"version-history":[{"count":0,"href":"https:\/\/www.meydan.tv\/az\/wp-json\/wp\/v2\/posts\/211886\/revisions"}],"wp:featuredmedia":[{"embeddable":true,"href":"https:\/\/www.meydan.tv\/az\/wp-json\/wp\/v2\/media\/207627"}],"wp:attachment":[{"href":"https:\/\/www.meydan.tv\/az\/wp-json\/wp\/v2\/media?parent=211886"}],"wp:term":[{"taxonomy":"category","embeddable":true,"href":"https:\/\/www.meydan.tv\/az\/wp-json\/wp\/v2\/categories?post=211886"},{"taxonomy":"post_tag","embeddable":true,"href":"https:\/\/www.meydan.tv\/az\/wp-json\/wp\/v2\/tags?post=211886"}],"curies":[{"name":"wp","href":"https:\/\/api.w.org\/{rel}","templated":true}]}}