{"id":211883,"date":"2021-07-07T14:54:02","date_gmt":"2021-07-07T14:54:02","guid":{"rendered":"https:\/\/www.meydan.tv\/article\/iqtisadci-icra-hakimiyyetleri-legv-edilmelidir\/"},"modified":"2021-07-07T14:54:02","modified_gmt":"2021-07-07T14:54:02","slug":"iqtisadci-icra-hakimiyyetleri-legv-edilmelidir","status":"publish","type":"post","link":"https:\/\/www.meydan.tv\/az\/article\/iqtisadci-icra-hakimiyyetleri-legv-edilmelidir\/","title":{"rendered":"\u0130qtisad\u00e7\u0131: \u0130cra hakimiyy\u0259tl\u0259ri l\u0259\u011fv edilm\u0259lidir"},"content":{"rendered":"<p>\n  <i><br \/>\n    Nazim B\u0259yd\u0259mirli: &quot;B\u00f6l\u00fcg\u00fc \u015f\u0259rtidir v\u0259 t\u0259m\u0259li \u0259dal\u0259tli deyil&quot;<br \/>\n  <\/i>\n<\/p>\n<p>\n  \u201cAzad olunmu\u015f \u0259razil\u0259rin \u00f6lk\u0259mizin iqtisadiyyat\u0131na reinteqrasiyas\u0131 dig\u0259r iqtisadi rayonlar, o c\u00fcml\u0259d\u0259n G\u0259nc\u0259\u2013Qazax v\u0259 Aran iqtisadi rayonlar\u0131 \u00fczr\u0259 planla\u015fd\u0131rma i\u015finin s\u0259m\u0259r\u0259liliyinin art\u0131r\u0131lmas\u0131n\u0131, iqtisadi idar\u0259etm\u0259d\u0259 \u00e7evikliyin t\u0259min olunmas\u0131n\u0131 v\u0259 bu m\u0259qs\u0259dl\u0259 h\u0259min iqtisadi rayonlar\u0131n t\u0259rkibin\u0259 d\u0259 yenid\u0259n bax\u0131lmas\u0131n\u0131 t\u0259l\u0259b edir\u201d.\n<\/p>\n<p>\n  Bu fikirl\u0259r d\u00f6vl\u0259t ba\u015f\u00e7\u0131s\u0131 \u0130lham \u018fliyevin iqtisadi rayonlar\u0131n yeni b\u00f6lg\u00fcs\u00fc haqq\u0131nda<br \/>\n  <a href=\"https:\/\/president.az\/articles\/52389\"><br \/>\n    f\u0259rman<br \/>\n  <\/a><br \/>\n  \u0131nda \u00f6z \u0259ksini tap\u0131b.\n<\/p>\n<p>\n  F\u0259rmanda qeyd olunub ki, A\u011fdam, \u015eu\u015fa, F\u00fczuli, T\u0259rt\u0259r, Xocav\u0259nd, Xocal\u0131 rayonlar\u0131 v\u0259 Xank\u0259ndi \u015f\u0259h\u0259ri, habel\u0259 Qaraba\u011f b\u00f6lg\u0259sin\u0259 aid olan A\u011fcab\u0259di v\u0259 B\u0259rd\u0259 rayonlar\u0131 da daxil olmaqla \u00f6z\u00fcn\u0259m\u0259xsus z\u0259ngin tarixi-m\u0259d\u0259ni irs\u0259, \u0259srar\u0259ngiz t\u0259bi\u0259t\u0259 malik q\u0259dim Qaraba\u011f b\u00f6lg\u0259sinin b\u0259rpas\u0131 v\u0259 s\u00fcr\u0259tli inki\u015faf\u0131n\u0131n t\u0259min edilm\u0259si \u00fc\u00e7\u00fcn yeni Qaraba\u011f iqtisadi rayonunun da yarad\u0131lmas\u0131 vacibdir.\n<\/p>\n<p>\n  S\u0259n\u0259dd\u0259 Az\u0259rbaycan\u0131n iqtisadi rayonlar\u0131n\u0131n a\u015fa\u011f\u0131dak\u0131 b\u00f6lg\u00fcs\u00fc t\u0259sdiq edilib: Bak\u0131 iqtisadi rayonu (Bak\u0131 \u015f\u0259h\u0259ri); Nax\u00e7\u0131van iqtisadi rayonu (Nax\u00e7\u0131van \u015f\u0259h\u0259ri, Bab\u0259k, Culfa, K\u0259ng\u0259rli, Ordubad, S\u0259d\u0259r\u0259k, \u015eahbuz v\u0259 \u015e\u0259rur rayonlar\u0131); Ab\u015feron\u2013X\u0131z\u0131 iqtisadi rayonu (Sumqay\u0131t \u015f\u0259h\u0259ri, Ab\u015feron v\u0259 X\u0131z\u0131 rayonlar\u0131); Da\u011fl\u0131q \u015eirvan iqtisadi rayonu (A\u011fsu, \u0130smay\u0131ll\u0131, Qobustan v\u0259 \u015eamax\u0131 rayonlar\u0131); G\u0259nc\u0259\u2013Da\u015fk\u0259s\u0259n iqtisadi rayonu (G\u0259nc\u0259 v\u0259 Naftalan \u015f\u0259h\u0259rl\u0259ri, Da\u015fk\u0259s\u0259n, Goranboy, G\u00f6yg\u00f6l v\u0259 Samux rayonlar\u0131); Qaraba\u011f iqtisadi rayonu (Xank\u0259ndi \u015f\u0259h\u0259ri, A\u011fcab\u0259di, A\u011fdam, B\u0259rd\u0259, F\u00fczuli, Xocal\u0131, Xocav\u0259nd, \u015eu\u015fa v\u0259 T\u0259rt\u0259r rayonlar\u0131); Qazax\u2013Tovuz iqtisadi rayonu (A\u011fstafa, G\u0259d\u0259b\u0259y, Qazax, \u015e\u0259mkir v\u0259 Tovuz rayonlar\u0131); Quba\u2013Xa\u00e7maz iqtisadi rayonu (Xa\u00e7maz, Quba, Qusar, Siy\u0259z\u0259n v\u0259 \u015eabran rayonlar\u0131); L\u0259nk\u0259ran\u2013Astara iqtisadi rayonu (Astara, C\u0259lilabad, Lerik, L\u0259nk\u0259ran, Masall\u0131 v\u0259 Yard\u0131ml\u0131 rayonlar\u0131); M\u0259rk\u0259zi Aran iqtisadi rayonu (Ming\u0259\u00e7evir \u015f\u0259h\u0259ri, A\u011fda\u015f, G\u00f6y\u00e7ay, K\u00fcrd\u0259mir, Ucar, Yevlax v\u0259 Z\u0259rdab rayonlar\u0131); Mil\u2013Mu\u011fan iqtisadi rayonu (Beyl\u0259qan, \u0130mi\u015fli, Saatl\u0131 v\u0259 Sabirabad rayonlar\u0131); \u015e\u0259ki\u2013Zaqatala iqtisadi rayonu (Balak\u0259n, Qax, Q\u0259b\u0259l\u0259, O\u011fuz, \u015e\u0259ki v\u0259 Zaqatala rayonlar\u0131); \u015e\u0259rqi Z\u0259ng\u0259zur iqtisadi rayonu (C\u0259bray\u0131l, K\u0259lb\u0259c\u0259r, Qubadl\u0131, La\u00e7\u0131n v\u0259 Z\u0259ngilan rayonlar\u0131); \u015eirvan\u2013Salyan iqtisadi rayonu (\u015eirvan \u015f\u0259h\u0259ri, Bil\u0259suvar, Hac\u0131qabul, Neft\u00e7ala v\u0259 Salyan rayonlar\u0131)\u201d.\n<\/p>\n<p>\n  \u0130qtisad\u00e7\u0131-alim Nazim B\u0259yd\u0259mirli Meydan TV-y\u0259 deyib ki, s\u0259n\u0259dd\u0259ki b\u00f6lg\u00fc \u015f\u0259rtidir. O hesab edir ki, b\u00f6lg\u00fcn\u00fcn t\u0259m\u0259li \u0259dal\u0259tli deyil: \u201c\u00c7\u00fcnki Az\u0259rbaycanda idar\u0259etm\u0259 v\u0259 iqtisadi diverfikasiya regionlar yox, rayonlar \u00fczr\u0259 b\u00f6l\u00fc\u015fd\u00fcr\u00fcl\u00fcb. Bu m\u0259nada f\u0259rmandan \u0259vv\u0259l idar\u0259etm\u0259nin prinsipl\u0259rini d\u0259yi\u015fdirm\u0259k laz\u0131md\u0131r. \u0130qtisadi regionlar \u00fczr\u0259 d\u0259 prezidentin s\u0259lahiyy\u0259tli n\u00fcmay\u0259nd\u0259l\u0259ri t\u0259yin edilm\u0259lidir v\u0259 icra hakimiyy\u0259tl\u0259ri, rayon maliyy\u0259 idar\u0259l\u0259ri l\u0259\u011fv eidlm\u0259lidir. Y\u0259ni ka\u011f\u0131z \u00fcz\u0259rind\u0259 h\u0259r hans\u0131 iqtisadi regionun ad\u0131n\u0131 v\u0259 ya t\u0259rkibini d\u0259yi\u015fm\u0259k do\u011fru deyil. Bu, ka\u011f\u0131z \u00fcz\u0259rind\u0259 oldu\u011funa g\u00f6r\u0259 he\u00e7 bir \u0259h\u0259miyy\u0259ti yoxdur. H\u0259m d\u0259 Rusiya Prezidentinin dan\u0131\u015f\u0131\u011f\u0131ndan bel\u0259 sezilir ki, Qaraba\u011f\u0131n bir hiss\u0259sinin Az\u0259rbaycana inteqrasiya olunmas\u0131 m\u00fcxt\u0259lif \u015f\u0259rtl\u0259rd\u0259n ir\u0259li g\u0259lir, o c\u00fcml\u0259d\u0259n, Az\u0259rbaycan Arasiya \u0130ttifaq\u0131na v\u0259 KTMT-y\u0259 \u00fczv\u00fcly\u00fcnd\u0259n. Ona g\u00f6r\u0259 h\u00f6kum\u0259t bu m\u0259s\u0259l\u0259l\u0259ri a\u015f\u0131qlamal\u0131d\u0131r v\u0259 ka\u011f\u0131z \u00fcz\u0259rind\u0259 h\u0259r hans\u0131 regionun d\u0259yi\u015fdirilm\u0259sinin Qaraba\u011f\u0131n inki\u015faf\u0131na v\u0259 tam olaraq Az\u0259rbaycan\u0131n suverenliyi alt\u0131na ke\u00e7m\u0259sin\u0259 \u015f\u0259rait yaratm\u0131r\u201d.\n<\/p>\n<p>\n  Nazim B\u0259yd\u0259mirlinin q\u0259na\u0259tinc\u0259, regionla\u015fama iqtisadi inteqrasiyan\u0131 \u00f6z\u00fcnd\u0259 \u0259ks etdirm\u0259lidir: \u201cB\u00f6lg\u0259nin bir regional intiqsadi tamamlanmas\u0131 olmal\u0131d\u0131r, bir yerd\u0259 m\u0259hsul istehsal olunur v\u0259 h\u0259min yerd\u0259 d\u0259 emal edilir. Bu m\u0259nada s\u0259n\u0259din regionlar\u0131n iqtisadi inki\u015faf\u0131 kontekstind\u0259 he\u00e7 bir \u0259h\u0259miyy\u0259ti yoxdur\u201d.<\/p>\n","protected":false},"excerpt":{"rendered":"<p>&#8220;Y\u0259ni ka\u011f\u0131z \u00fcz\u0259rind\u0259 h\u0259r hans\u0131 iqtisadi regionun ad\u0131n\u0131 v\u0259 ya t\u0259rkibini d\u0259yi\u015fm\u0259k do\u011fru deyil&#8221;<\/p>\n","protected":false},"author":11,"featured_media":107091,"comment_status":"closed","ping_status":"open","sticky":false,"template":"","format":"standard","meta":{"_acf_changed":false,"_sitemap_exclude":false,"_sitemap_priority":"","_sitemap_frequency":"","footnotes":""},"categories":[53],"tags":[],"class_list":["post-211883","post","type-post","status-publish","format-standard","has-post-thumbnail","hentry","category-iqtisadiyyat","infinite-scroll-item","generate-columns","tablet-grid-50","mobile-grid-100","grid-parent","grid-33","no-featured-image-padding"],"acf":[],"yoast_head":"<!-- This site is optimized with the Yoast SEO plugin v27.4 - https:\/\/yoast.com\/product\/yoast-seo-wordpress\/ -->\n<title>\u0130qtisad\u00e7\u0131: \u0130cra hakimiyy\u0259tl\u0259ri l\u0259\u011fv edilm\u0259lidir - MEYDAN.TV<\/title>\n<meta name=\"robots\" content=\"index, follow, max-snippet:-1, max-image-preview:large, max-video-preview:-1\" \/>\n<link rel=\"canonical\" href=\"https:\/\/www.meydan.tv\/az\/article\/iqtisadci-icra-hakimiyyetleri-legv-edilmelidir\/\" \/>\n<meta property=\"og:locale\" content=\"az_AZ\" \/>\n<meta property=\"og:type\" content=\"article\" \/>\n<meta property=\"og:title\" content=\"\u0130qtisad\u00e7\u0131: \u0130cra hakimiyy\u0259tl\u0259ri l\u0259\u011fv edilm\u0259lidir - MEYDAN.TV\" \/>\n<meta property=\"og:description\" content=\"&quot;Y\u0259ni ka\u011f\u0131z \u00fcz\u0259rind\u0259 h\u0259r hans\u0131 iqtisadi regionun ad\u0131n\u0131 v\u0259 ya t\u0259rkibini d\u0259yi\u015fm\u0259k do\u011fru deyil&quot;\" \/>\n<meta property=\"og:url\" content=\"https:\/\/www.meydan.tv\/az\/article\/iqtisadci-icra-hakimiyyetleri-legv-edilmelidir\/\" \/>\n<meta property=\"og:site_name\" content=\"MEYDAN.TV\" \/>\n<meta property=\"article:published_time\" content=\"2021-07-07T14:54:02+00:00\" \/>\n<meta property=\"og:image\" content=\"https:\/\/www.meydan.tv\/wp-content\/uploads\/42524.jpg\" \/>\n\t<meta property=\"og:image:width\" content=\"2000\" \/>\n\t<meta property=\"og:image:height\" content=\"1328\" \/>\n\t<meta property=\"og:image:type\" content=\"image\/jpeg\" \/>\n<meta name=\"author\" content=\"user-manager\" \/>\n<meta name=\"twitter:card\" content=\"summary_large_image\" \/>\n<script type=\"application\/ld+json\" class=\"yoast-schema-graph\">{\"@context\":\"https:\\\/\\\/schema.org\",\"@graph\":[{\"@type\":\"Article\",\"@id\":\"https:\\\/\\\/www.meydan.tv\\\/az\\\/article\\\/iqtisadci-icra-hakimiyyetleri-legv-edilmelidir\\\/#article\",\"isPartOf\":{\"@id\":\"https:\\\/\\\/www.meydan.tv\\\/az\\\/article\\\/iqtisadci-icra-hakimiyyetleri-legv-edilmelidir\\\/\"},\"author\":{\"name\":\"user-manager\",\"@id\":\"https:\\\/\\\/www.meydan.tv\\\/az\\\/#\\\/schema\\\/person\\\/10d11eccf6da3662cf5fdab9806ea91a\"},\"headline\":\"\u0130qtisad\u00e7\u0131: \u0130cra hakimiyy\u0259tl\u0259ri l\u0259\u011fv edilm\u0259lidir\",\"datePublished\":\"2021-07-07T14:54:02+00:00\",\"mainEntityOfPage\":{\"@id\":\"https:\\\/\\\/www.meydan.tv\\\/az\\\/article\\\/iqtisadci-icra-hakimiyyetleri-legv-edilmelidir\\\/\"},\"wordCount\":763,\"publisher\":{\"@id\":\"https:\\\/\\\/www.meydan.tv\\\/az\\\/#organization\"},\"image\":{\"@id\":\"https:\\\/\\\/www.meydan.tv\\\/az\\\/article\\\/iqtisadci-icra-hakimiyyetleri-legv-edilmelidir\\\/#primaryimage\"},\"thumbnailUrl\":\"https:\\\/\\\/www.meydan.tv\\\/wp-content\\\/uploads\\\/42524-e1689006025457.jpg\",\"articleSection\":[\"\u0130qtisadiyyat\"],\"inLanguage\":\"az\"},{\"@type\":\"WebPage\",\"@id\":\"https:\\\/\\\/www.meydan.tv\\\/az\\\/article\\\/iqtisadci-icra-hakimiyyetleri-legv-edilmelidir\\\/\",\"url\":\"https:\\\/\\\/www.meydan.tv\\\/az\\\/article\\\/iqtisadci-icra-hakimiyyetleri-legv-edilmelidir\\\/\",\"name\":\"\u0130qtisad\u00e7\u0131: \u0130cra hakimiyy\u0259tl\u0259ri l\u0259\u011fv edilm\u0259lidir - MEYDAN.TV\",\"isPartOf\":{\"@id\":\"https:\\\/\\\/www.meydan.tv\\\/az\\\/#website\"},\"primaryImageOfPage\":{\"@id\":\"https:\\\/\\\/www.meydan.tv\\\/az\\\/article\\\/iqtisadci-icra-hakimiyyetleri-legv-edilmelidir\\\/#primaryimage\"},\"image\":{\"@id\":\"https:\\\/\\\/www.meydan.tv\\\/az\\\/article\\\/iqtisadci-icra-hakimiyyetleri-legv-edilmelidir\\\/#primaryimage\"},\"thumbnailUrl\":\"https:\\\/\\\/www.meydan.tv\\\/wp-content\\\/uploads\\\/42524-e1689006025457.jpg\",\"datePublished\":\"2021-07-07T14:54:02+00:00\",\"breadcrumb\":{\"@id\":\"https:\\\/\\\/www.meydan.tv\\\/az\\\/article\\\/iqtisadci-icra-hakimiyyetleri-legv-edilmelidir\\\/#breadcrumb\"},\"inLanguage\":\"az\",\"potentialAction\":[{\"@type\":\"ReadAction\",\"target\":[\"https:\\\/\\\/www.meydan.tv\\\/az\\\/article\\\/iqtisadci-icra-hakimiyyetleri-legv-edilmelidir\\\/\"]}]},{\"@type\":\"ImageObject\",\"inLanguage\":\"az\",\"@id\":\"https:\\\/\\\/www.meydan.tv\\\/az\\\/article\\\/iqtisadci-icra-hakimiyyetleri-legv-edilmelidir\\\/#primaryimage\",\"url\":\"https:\\\/\\\/www.meydan.tv\\\/wp-content\\\/uploads\\\/42524-e1689006025457.jpg\",\"contentUrl\":\"https:\\\/\\\/www.meydan.tv\\\/wp-content\\\/uploads\\\/42524-e1689006025457.jpg\",\"width\":2000,\"height\":980,\"caption\":\"Foto: kulis.az\"},{\"@type\":\"BreadcrumbList\",\"@id\":\"https:\\\/\\\/www.meydan.tv\\\/az\\\/article\\\/iqtisadci-icra-hakimiyyetleri-legv-edilmelidir\\\/#breadcrumb\",\"itemListElement\":[{\"@type\":\"ListItem\",\"position\":1,\"name\":\"Ana s\u0259hif\u0259\",\"item\":\"https:\\\/\\\/www.meydan.tv\\\/az\\\/\"},{\"@type\":\"ListItem\",\"position\":2,\"name\":\"\u0130qtisadiyyat\",\"item\":\"https:\\\/\\\/www.meydan.tv\\\/az\\\/section\\\/iqtisadiyyat\\\/\"},{\"@type\":\"ListItem\",\"position\":3,\"name\":\"\u0130qtisad\u00e7\u0131: \u0130cra hakimiyy\u0259tl\u0259ri l\u0259\u011fv edilm\u0259lidir\"}]},{\"@type\":\"WebSite\",\"@id\":\"https:\\\/\\\/www.meydan.tv\\\/az\\\/#website\",\"url\":\"https:\\\/\\\/www.meydan.tv\\\/az\\\/\",\"name\":\"MEYDAN.TV\",\"description\":\"Meydan TV Az\u0259rbaycan\u0131n media m\u0259kan\u0131ndak\u0131 alternativ s\u0259sidir\",\"publisher\":{\"@id\":\"https:\\\/\\\/www.meydan.tv\\\/az\\\/#organization\"},\"potentialAction\":[{\"@type\":\"SearchAction\",\"target\":{\"@type\":\"EntryPoint\",\"urlTemplate\":\"https:\\\/\\\/www.meydan.tv\\\/az\\\/?s={search_term_string}\"},\"query-input\":{\"@type\":\"PropertyValueSpecification\",\"valueRequired\":true,\"valueName\":\"search_term_string\"}}],\"inLanguage\":\"az\"},{\"@type\":\"Organization\",\"@id\":\"https:\\\/\\\/www.meydan.tv\\\/az\\\/#organization\",\"name\":\"Meydan TV\",\"url\":\"https:\\\/\\\/www.meydan.tv\\\/az\\\/\",\"logo\":{\"@type\":\"ImageObject\",\"inLanguage\":\"az\",\"@id\":\"https:\\\/\\\/www.meydan.tv\\\/az\\\/#\\\/schema\\\/logo\\\/image\\\/\",\"url\":\"https:\\\/\\\/www.meydan.tv\\\/wp-content\\\/uploads\\\/2021\\\/07\\\/meydan-logo.svg\",\"contentUrl\":\"https:\\\/\\\/www.meydan.tv\\\/wp-content\\\/uploads\\\/2021\\\/07\\\/meydan-logo.svg\",\"width\":195,\"height\":46,\"caption\":\"Meydan TV\"},\"image\":{\"@id\":\"https:\\\/\\\/www.meydan.tv\\\/az\\\/#\\\/schema\\\/logo\\\/image\\\/\"}},{\"@type\":\"Person\",\"@id\":\"https:\\\/\\\/www.meydan.tv\\\/az\\\/#\\\/schema\\\/person\\\/10d11eccf6da3662cf5fdab9806ea91a\",\"name\":\"user-manager\"}]}<\/script>\n<!-- \/ Yoast SEO plugin. -->","yoast_head_json":{"title":"\u0130qtisad\u00e7\u0131: \u0130cra hakimiyy\u0259tl\u0259ri l\u0259\u011fv edilm\u0259lidir - MEYDAN.TV","robots":{"index":"index","follow":"follow","max-snippet":"max-snippet:-1","max-image-preview":"max-image-preview:large","max-video-preview":"max-video-preview:-1"},"canonical":"https:\/\/www.meydan.tv\/az\/article\/iqtisadci-icra-hakimiyyetleri-legv-edilmelidir\/","og_locale":"az_AZ","og_type":"article","og_title":"\u0130qtisad\u00e7\u0131: \u0130cra hakimiyy\u0259tl\u0259ri l\u0259\u011fv edilm\u0259lidir - MEYDAN.TV","og_description":"\"Y\u0259ni ka\u011f\u0131z \u00fcz\u0259rind\u0259 h\u0259r hans\u0131 iqtisadi regionun ad\u0131n\u0131 v\u0259 ya t\u0259rkibini d\u0259yi\u015fm\u0259k do\u011fru deyil\"","og_url":"https:\/\/www.meydan.tv\/az\/article\/iqtisadci-icra-hakimiyyetleri-legv-edilmelidir\/","og_site_name":"MEYDAN.TV","article_published_time":"2021-07-07T14:54:02+00:00","og_image":[{"width":2000,"height":1328,"url":"https:\/\/www.meydan.tv\/wp-content\/uploads\/42524.jpg","type":"image\/jpeg"}],"author":"user-manager","twitter_card":"summary_large_image","schema":{"@context":"https:\/\/schema.org","@graph":[{"@type":"Article","@id":"https:\/\/www.meydan.tv\/az\/article\/iqtisadci-icra-hakimiyyetleri-legv-edilmelidir\/#article","isPartOf":{"@id":"https:\/\/www.meydan.tv\/az\/article\/iqtisadci-icra-hakimiyyetleri-legv-edilmelidir\/"},"author":{"name":"user-manager","@id":"https:\/\/www.meydan.tv\/az\/#\/schema\/person\/10d11eccf6da3662cf5fdab9806ea91a"},"headline":"\u0130qtisad\u00e7\u0131: \u0130cra hakimiyy\u0259tl\u0259ri l\u0259\u011fv edilm\u0259lidir","datePublished":"2021-07-07T14:54:02+00:00","mainEntityOfPage":{"@id":"https:\/\/www.meydan.tv\/az\/article\/iqtisadci-icra-hakimiyyetleri-legv-edilmelidir\/"},"wordCount":763,"publisher":{"@id":"https:\/\/www.meydan.tv\/az\/#organization"},"image":{"@id":"https:\/\/www.meydan.tv\/az\/article\/iqtisadci-icra-hakimiyyetleri-legv-edilmelidir\/#primaryimage"},"thumbnailUrl":"https:\/\/www.meydan.tv\/wp-content\/uploads\/42524-e1689006025457.jpg","articleSection":["\u0130qtisadiyyat"],"inLanguage":"az"},{"@type":"WebPage","@id":"https:\/\/www.meydan.tv\/az\/article\/iqtisadci-icra-hakimiyyetleri-legv-edilmelidir\/","url":"https:\/\/www.meydan.tv\/az\/article\/iqtisadci-icra-hakimiyyetleri-legv-edilmelidir\/","name":"\u0130qtisad\u00e7\u0131: \u0130cra hakimiyy\u0259tl\u0259ri l\u0259\u011fv edilm\u0259lidir - MEYDAN.TV","isPartOf":{"@id":"https:\/\/www.meydan.tv\/az\/#website"},"primaryImageOfPage":{"@id":"https:\/\/www.meydan.tv\/az\/article\/iqtisadci-icra-hakimiyyetleri-legv-edilmelidir\/#primaryimage"},"image":{"@id":"https:\/\/www.meydan.tv\/az\/article\/iqtisadci-icra-hakimiyyetleri-legv-edilmelidir\/#primaryimage"},"thumbnailUrl":"https:\/\/www.meydan.tv\/wp-content\/uploads\/42524-e1689006025457.jpg","datePublished":"2021-07-07T14:54:02+00:00","breadcrumb":{"@id":"https:\/\/www.meydan.tv\/az\/article\/iqtisadci-icra-hakimiyyetleri-legv-edilmelidir\/#breadcrumb"},"inLanguage":"az","potentialAction":[{"@type":"ReadAction","target":["https:\/\/www.meydan.tv\/az\/article\/iqtisadci-icra-hakimiyyetleri-legv-edilmelidir\/"]}]},{"@type":"ImageObject","inLanguage":"az","@id":"https:\/\/www.meydan.tv\/az\/article\/iqtisadci-icra-hakimiyyetleri-legv-edilmelidir\/#primaryimage","url":"https:\/\/www.meydan.tv\/wp-content\/uploads\/42524-e1689006025457.jpg","contentUrl":"https:\/\/www.meydan.tv\/wp-content\/uploads\/42524-e1689006025457.jpg","width":2000,"height":980,"caption":"Foto: kulis.az"},{"@type":"BreadcrumbList","@id":"https:\/\/www.meydan.tv\/az\/article\/iqtisadci-icra-hakimiyyetleri-legv-edilmelidir\/#breadcrumb","itemListElement":[{"@type":"ListItem","position":1,"name":"Ana s\u0259hif\u0259","item":"https:\/\/www.meydan.tv\/az\/"},{"@type":"ListItem","position":2,"name":"\u0130qtisadiyyat","item":"https:\/\/www.meydan.tv\/az\/section\/iqtisadiyyat\/"},{"@type":"ListItem","position":3,"name":"\u0130qtisad\u00e7\u0131: \u0130cra hakimiyy\u0259tl\u0259ri l\u0259\u011fv edilm\u0259lidir"}]},{"@type":"WebSite","@id":"https:\/\/www.meydan.tv\/az\/#website","url":"https:\/\/www.meydan.tv\/az\/","name":"MEYDAN.TV","description":"Meydan TV Az\u0259rbaycan\u0131n media m\u0259kan\u0131ndak\u0131 alternativ s\u0259sidir","publisher":{"@id":"https:\/\/www.meydan.tv\/az\/#organization"},"potentialAction":[{"@type":"SearchAction","target":{"@type":"EntryPoint","urlTemplate":"https:\/\/www.meydan.tv\/az\/?s={search_term_string}"},"query-input":{"@type":"PropertyValueSpecification","valueRequired":true,"valueName":"search_term_string"}}],"inLanguage":"az"},{"@type":"Organization","@id":"https:\/\/www.meydan.tv\/az\/#organization","name":"Meydan TV","url":"https:\/\/www.meydan.tv\/az\/","logo":{"@type":"ImageObject","inLanguage":"az","@id":"https:\/\/www.meydan.tv\/az\/#\/schema\/logo\/image\/","url":"https:\/\/www.meydan.tv\/wp-content\/uploads\/2021\/07\/meydan-logo.svg","contentUrl":"https:\/\/www.meydan.tv\/wp-content\/uploads\/2021\/07\/meydan-logo.svg","width":195,"height":46,"caption":"Meydan TV"},"image":{"@id":"https:\/\/www.meydan.tv\/az\/#\/schema\/logo\/image\/"}},{"@type":"Person","@id":"https:\/\/www.meydan.tv\/az\/#\/schema\/person\/10d11eccf6da3662cf5fdab9806ea91a","name":"user-manager"}]}},"_links":{"self":[{"href":"https:\/\/www.meydan.tv\/az\/wp-json\/wp\/v2\/posts\/211883","targetHints":{"allow":["GET"]}}],"collection":[{"href":"https:\/\/www.meydan.tv\/az\/wp-json\/wp\/v2\/posts"}],"about":[{"href":"https:\/\/www.meydan.tv\/az\/wp-json\/wp\/v2\/types\/post"}],"author":[{"embeddable":true,"href":"https:\/\/www.meydan.tv\/az\/wp-json\/wp\/v2\/users\/11"}],"replies":[{"embeddable":true,"href":"https:\/\/www.meydan.tv\/az\/wp-json\/wp\/v2\/comments?post=211883"}],"version-history":[{"count":0,"href":"https:\/\/www.meydan.tv\/az\/wp-json\/wp\/v2\/posts\/211883\/revisions"}],"wp:featuredmedia":[{"embeddable":true,"href":"https:\/\/www.meydan.tv\/az\/wp-json\/wp\/v2\/media\/107091"}],"wp:attachment":[{"href":"https:\/\/www.meydan.tv\/az\/wp-json\/wp\/v2\/media?parent=211883"}],"wp:term":[{"taxonomy":"category","embeddable":true,"href":"https:\/\/www.meydan.tv\/az\/wp-json\/wp\/v2\/categories?post=211883"},{"taxonomy":"post_tag","embeddable":true,"href":"https:\/\/www.meydan.tv\/az\/wp-json\/wp\/v2\/tags?post=211883"}],"curies":[{"name":"wp","href":"https:\/\/api.w.org\/{rel}","templated":true}]}}