{"id":211867,"date":"2021-07-06T14:42:30","date_gmt":"2021-07-06T14:42:30","guid":{"rendered":"https:\/\/www.meydan.tv\/article\/azerbaycanlilar-cexiya-denizinde-esgerovun-boyuk-planlari\/"},"modified":"2021-07-06T14:42:30","modified_gmt":"2021-07-06T14:42:30","slug":"azerbaycanlilar-cexiya-denizinde-esgerovun-boyuk-planlari","status":"publish","type":"post","link":"https:\/\/www.meydan.tv\/az\/article\/azerbaycanlilar-cexiya-denizinde-esgerovun-boyuk-planlari\/","title":{"rendered":"Az\u0259rbaycanl\u0131lar \u00c7exiya d\u0259nizind\u0259: \u018fsg\u0259rovun b\u00f6y\u00fck planlar\u0131"},"content":{"rendered":"<p>\n  Az\u0259rbaycanl\u0131 investorlar\u0131n \u00c7exiyan\u0131n C\u0259nubi Bohemya b\u00f6lg\u0259sind\u0259n xo\u015flar\u0131 g\u0259lir. \u018fli \u018fsg\u0259rov da onlardan biridir. O, t\u0259cr\u00fcb\u0259li i\u015f adam\u0131d\u0131r v\u0259 Vladimir Putinin h\u0259diyy\u0259 etdiyi q\u0131z\u0131l saat\u0131n\u0131 n\u00fcmayi\u015f etdirm\u0259yi sevir. \u0130ddial\u0131 biznes planlar\u0131 \u00fc\u00e7\u00fcn y\u00fcz milyonlarla \u00e7ex kronu investisiya qoyma\u011f\u0131 problem hesab etmir. Bu planlardan birin\u0259 turistl\u0259rin sevimli \u015f\u0259h\u0259ri Cesky Krumlovda restoran\u0131 olan iki otel v\u0259 Lipno su anbar\u0131n\u0131n sahilind\u0259 yerl\u0259\u015f\u0259n Frymburk q\u0259s\u0259b\u0259sind\u0259 restoran\u0131 olan bir otel daxildir. Lakin g\u00f6r\u00fcn\u00fcr ki, \u00c7ex Respublikas\u0131n\u0131n c\u0259nubunda biznes z\u0259ngin az\u0259rbaycanl\u0131lar\u0131n ist\u0259diyi q\u0259d\u0259r g\u00fcn\u0259\u015f i\u015f\u0131\u011f\u0131 sa\u00e7m\u0131r.\n<\/p>\n<p>\n  \u201cCeske Budeyoviced\u0259 ya\u015fayan az\u0259rbaycanl\u0131 dostum m\u0259ni C\u0259nubi Bohemya b\u00f6lg\u0259sind\u0259 g\u0259zdirdi\u201d, &#8211; \u018fli \u018fsg\u0259rov \u00c7ex Respublikas\u0131na s\u0259f\u0259rinin nec\u0259 ba\u015flamas\u0131 haqq\u0131nda \u201cBarbar\u201d adl\u0131 regional jurnalda piar m\u0259qs\u0259dil\u0259 yaz\u0131lm\u0131\u015f m\u0259qal\u0259d\u0259 qeyd<br \/>\n  <a href=\"https:\/\/www.casopisbarbar.cz\/prezentace\/sedy-kardinal\"><br \/>\n    edib.<br \/>\n  <\/a><br \/>\n  Nahar etm\u0259k \u00fc\u00e7\u00fcn Frymburkda yerl\u0259\u015f\u0259n \u201cKupets\u201d adl\u0131 ail\u0259 otelind\u0259 dayand\u0131q. Balkonda oturark\u0259n Lipno g\u00f6l\u00fcn\u00fcn g\u00f6z\u0259l m\u0259nz\u0259r\u0259sini g\u00f6rd\u00fcm v\u0259 dostuma &quot;Get v\u0259 onu m\u0259n\u0259 sata bil\u0259rl\u0259rmi dey\u0259 soru\u015f\u201d dedim\u201d. \u018fvv\u0259lc\u0259 sahibl\u0259ri onlara m\u0259xsus ail\u0259 biznesinin sat\u0131lmas\u0131 bar\u0259d\u0259 e\u015fitm\u0259k bel\u0259 ist\u0259m\u0259yibl\u0259r. Lakin daha sonra fikirl\u0259rini m\u00f6c\u00fcz\u0259vi bir \u015f\u0259kild\u0259 d\u0259yi\u015fdiribl\u0259r. Onlar\u0131n biznesl\u0259rini niy\u0259 satma\u011fa q\u0259rar verdikl\u0259rini d\u0259qiq bilmirik, ancaq bunun \u00fc\u00e7\u00fcn maddi motivasiyan\u0131n rolu b\u00f6y\u00fck ola bil\u0259r. Otelin d\u0259y\u0259ri t\u0259xmin\u0259n 20 milyon \u00e7ex kronu idi, ancaq \u018fsg\u0259rov bunun \u00fc\u00e7\u00fcn 50 milyondan \u00e7ox pul \u00f6d\u0259yib.\n<\/p>\n<p>\n  Frymburk b\u0259l\u0259diyy\u0259 ba\u015f\u00e7\u0131s\u0131 Oto Rezac\u0131n s\u00f6zl\u0259rin\u0259 g\u00f6r\u0259, \u018fsg\u0259rovun f\u0259ls\u0259f\u0259sini \u00e7ox asanl\u0131qla izah etm\u0259k olar: \u201cH\u0259r problemi pulla h\u0259ll etm\u0259k m\u00fcmk\u00fcnd\u00fcr. Problem davam ed\u0259rs\u0259, bunun \u00fc\u00e7\u00fcn daha \u00e7ox pul x\u0259rcl\u0259m\u0259lisiniz\u201d.\n<\/p>\n<p>\n  S\u00f6z\u00fcged\u0259n dost, \u018fsg\u0259rovun tan\u0131\u015f\u0131 oldu\u011funu q\u0259bul ed\u0259n, lakin onun biznesi il\u0259 he\u00e7 bir \u0259laq\u0259si olmad\u0131\u011f\u0131n\u0131 (\u0259n az\u0131ndan \u201cka\u011f\u0131z\u201d \u00fcz\u0259rind\u0259) qeyd ed\u0259n El\u00e7in Kaz\u0131movdan ba\u015fqas\u0131<br \/>\n  <a href=\"https:\/\/www.investigace.cz\/azerbajdzanci-u-ceskeho-more-takovy-normalni-podnikatel\/\"><br \/>\n    deyil<br \/>\n  <\/a><br \/>\n  .\n<\/p>\n<p>\n  \u018fli \u018fsg\u0259rov m\u00fcsahib\u0259sind\u0259 h\u0259m\u00e7inin i\u015f adam\u0131 kimi karyeras\u0131ndan da dan\u0131\u015f\u0131r. O, Moskvada t\u0259hsilini ba\u015fa vurduqdan sonra biznes\u0259 ba\u015flay\u0131b. Sonradan Rusiyada ba\u015flad\u0131\u011f\u0131 in\u015faat i\u015fl\u0259rini 2008-ci ild\u0259 Dubay v\u0259 \u0130stanbula da\u015f\u0131y\u0131b. O, Rusiyada siyas\u0259t\u0259 qat\u0131lmaq \u00fc\u00e7\u00fcn t\u0259klifl\u0259r alsa da, he\u00e7 birini q\u0259bul etm\u0259diyini bildirir. Lakin onu tan\u0131yanlar\u0131n dediyin\u0259 g\u00f6r\u0259, Rusiya prezidentind\u0259n ald\u0131\u011f\u0131 saat\u0131 h\u0259r imkan olanda g\u00f6st\u0259rm\u0259yi sevir.\n<\/p>\n<p>\n  Az\u0259rbaycanl\u0131 m\u0259nb\u0259l\u0259rimiz\u0259 bildirildiyin\u0259 g\u00f6r\u0259, \u018fli \u018fsg\u0259rov Ba\u015fq\u0131rd\u0131stan T\u0259hsil Nazirliyinin \u015fi\u015firdilmi\u015f qiym\u0259tl\u0259rl\u0259 etdiyi tenderl\u0259rd\u0259 i\u015ftirak etdiyi \u00fc\u00e7\u00fcn haqq\u0131nda ara\u015fd\u0131rma apar\u0131l\u0131b. Ara\u015fd\u0131rmalarla nazirliyin d\u00f6vl\u0259t b\u00fcdc\u0259sin\u0259 bir milyard rubla ba\u015fa g\u0259l\u0259n olduqca bahal\u0131 a\u00e7\u0131q tenderl\u0259r ke\u00e7irdiyini ortaya \u00e7\u0131xar\u0131blar (qeyd: 2008-ci ild\u0259 bu t\u0259xmin\u0259n 650 milyon \u00e7ex kronu idi). \u201cUfastroyinvest\u201d MMC adl\u0131 in\u015faat \u015firk\u0259ti 2008-ci ild\u0259 Yaroslavka k\u0259ndind\u0259, ekspertl\u0259rin fikrinc\u0259, bir milyon rubl daha baha ba\u015fa g\u0259tiril\u0259n bir m\u0259kt\u0259bin in\u015fas\u0131 \u00fc\u00e7\u00fcn m\u00fcvafiq a\u00e7\u0131q tender elan olunmadan d\u00f6vl\u0259t m\u00fcqavil\u0259si ba\u011flad\u0131\u011f\u0131 \u00fc\u00e7\u00fcn diqq\u0259t m\u0259rk\u0259zind\u0259 olub. Direktor \u018fli \u018fsg\u0259rovun \u015firk\u0259ti bu m\u0259s\u0259l\u0259nin xaricind\u0259 buraxmas\u0131 \u00fc\u00e7\u00fcn ara\u015fd\u0131rma aparan m\u00fcst\u0259ntiq\u0259 r\u00fc\u015fv\u0259t verm\u0259y\u0259 \u00e7al\u0131\u015fd\u0131\u011f\u0131 iddia edilib. 2008-ci ild\u0259 \u201cFacebook\u201dda Bak\u0131n\u0131n \u00f6n\u0259mli sakinl\u0259rin\u0259 h\u0259sr olunmu\u015f bir s\u0259hif\u0259d\u0259ki payla\u015f\u0131mda \u018fsg\u0259rovun f\u0259xri diplom ald\u0131\u011f\u0131 Ba\u015fq\u0131rd\u0131standa 12 il m\u00fcdd\u0259tind\u0259 \u0259sas\u0259n ictimai binalar &#8211; m\u0259kt\u0259bl\u0259r, u\u015faq ba\u011f\u00e7alar\u0131 v\u0259 ya m\u0259d\u0259niyy\u0259t m\u0259rk\u0259zi tikdirm\u0259si t\u0259rifl\u0259nib.\n<\/p>\n<p>\n  \u00c7exiyan\u0131n \u201cBarbar\u201d jurnal\u0131nda b\u0259hs edil\u0259n piar m\u0259qs\u0259di da\u015f\u0131yan m\u00fcsahib\u0259, C\u0259nubi \u00c7exiyada az\u0259rbaycanl\u0131lar\u0131n qoydu\u011fu investisiyalar haqq\u0131nda daha \u00f6nc\u0259 yaz\u0131lan m\u0259qal\u0259d\u0259n sonra \u018fsg\u0259rovun n\u00fcfuzunu art\u0131rmaq m\u0259qs\u0259di da\u015f\u0131y\u0131rd\u0131. 2017-ci ild\u0259 \u00c7exiyan\u0131n g\u00fcnd\u0259lik q\u0259zetind\u0259 yay\u0131mlanan bir<br \/>\n  <a href=\"https:\/\/www.pressreader.com\/czech-republic\/mf-dnes\/20171018\/281496456517219\"><br \/>\n    yaz\u0131da<br \/>\n  <\/a><br \/>\n  . \u018fsg\u0259rov korrupsiyaya g\u00f6r\u0259 ara\u015fd\u0131r\u0131lan \u015f\u0259xs kimi t\u0259svir edilib. 2017-ci ild\u0259 m\u00fcsahib\u0259 Avropa-Az\u0259rbaycan Ticar\u0259t Palatas\u0131n\u0131n qurucusu David Snasel t\u0259r\u0259find\u0259n t\u0259\u015fkil olunub. Onun s\u00f6zl\u0259rin\u0259 g\u00f6r\u0259, problem jurnalistin az\u0259rbaycanl\u0131 i\u015f adam\u0131n\u0131n ad\u0131n\u0131 \u0259sl korrupsiya qar\u0131\u015fm\u0131\u015f m\u0259mur il\u0259 qar\u0131\u015fd\u0131rmas\u0131 idi. Snasel, \u018fsg\u0259rovun y\u00fcz milyonlarla kron s\u0259rmay\u0259 qoymaqdan \u00e7\u0259kinm\u0259diyi C\u0259nubi Bohemya b\u00f6lg\u0259sind\u0259ki biznes planlar\u0131n\u0131n arxas\u0131ndak\u0131 motivasiyaya da i\u015f\u0131q sal\u0131b: \u201cBu, onun t\u0259qa\u00fcd\u0259 \u00e7\u0131xma layih\u0259si idi. O q\u0259d\u0259r pul qazand\u0131 ki, restoranlar\u0131n qapanmas\u0131n\u0131n onun \u00fc\u00e7\u00fcn \u0259h\u0259miyy\u0259ti yox idi. Bu, oyun idi. Ancaq insanlar onu \u0259ng\u0259ll\u0259m\u0259y\u0259 ba\u015flad\u0131lar v\u0259 o getm\u0259y\u0259 q\u0259rar verdi&quot;.\n<\/p>\n<p>\n  <b><br \/>\n    T\u0259qa\u00fcd layih\u0259l\u0259ri<br \/>\n  <\/b>\n<\/p>\n<p>\n  \u018fli \u018fsg\u0259rov Frymburkdak\u0131 oteli h\u0259yat yolda\u015f\u0131 il\u0259 birlikd\u0259 idar\u0259 etdiyi \u201cAA Investment Group s.r.o\u201d \u015firk\u0259ti vasit\u0259sil\u0259 2015-ci ild\u0259 sat\u0131n al\u0131b. N\u00f6vb\u0259ti il \u200b\u200b\u0259rzind\u0259, o, \u0259trafdak\u0131 ki\u00e7ik evl\u0259r olan \u0259razini bir ne\u00e7\u0259 m\u00fclk sahibind\u0259n sat\u0131n al\u0131b. Daha sonra \u018fsg\u0259rovun ki\u00e7ik q\u0131z\u0131 Leylan\u0131n ad\u0131n\u0131 da\u015f\u0131yan otelin geni\u015f \u00f6l\u00e7\u00fcd\u0259 yenid\u0259n qurulma prosesin\u0259 ba\u015flan\u0131l\u0131b. O, d\u0259bd\u0259b\u0259li mebell\u0259r, q\u0131z\u0131l \u00e7il\u00e7\u0131raqlar al\u0131b, Az\u0259rbaycandan y\u00fcks\u0259k s\u0259viyy\u0259li a\u015fpazlar g\u0259tirdib. Planlar\u0131 s\u0259rh\u0259dsiz idi. Burdak\u0131 biznes t\u0259xmin\u0259n iki f\u0259sil, y\u0259ni t\u0259xmin\u0259n bir il yar\u0131m davam etdi v\u0259 daha sonra m\u00fc\u015ft\u0259rinin az olmas\u0131 s\u0259b\u0259bil\u0259 ba\u011fland\u0131. Otel, koronavirusla ba\u011fl\u0131 v\u0259ziyy\u0259t imkan verdikc\u0259, 2020-ci ilin yaz aylar\u0131nda yenid\u0259n a\u00e7\u0131ld\u0131. Lakin bu d\u0259f\u0259 Az\u0259rbaycan\u0131n \u0259n b\u00f6y\u00fck neft \u015firk\u0259ti SOCAR il\u0259 d\u0259 ticar\u0259t \u0259laq\u0259l\u0259ri olan bir \u015f\u0259xs\u0259 m\u0259xsus Y-NAF GROUP t\u0259r\u0259find\u0259n idar\u0259 edildi. (qeyd: sahibkar Yusif F\u0259r\u0259covdur v\u0259 haqq\u0131nda dan\u0131\u015fd\u0131\u011f\u0131m\u0131z \u015firk\u0259t SOCAR \u015firk\u0259tinin m\u00fcdiri Anar \u018fliyevin g\u00f6r\u00fcnd\u00fcy\u00fc Roco int.s.r.o.-dur)\n<\/p>\n<p>\n  \u018fvv\u0259lc\u0259 Frymburk t\u0259cr\u00fcb\u0259li i\u015f adam\u0131n\u0131n diqq\u0259tini c\u0259lb etmi\u015f kimi g\u00f6r\u00fcn\u00fcrd\u00fc v\u0259 sad\u0259c\u0259 pul \u00fc\u00e7\u00fcn deyil, \u00f6z\u00fc \u00fc\u00e7\u00fcn daha yax\u015f\u0131 bir reputasiya qazanma\u011fa \u00e7al\u0131\u015f\u0131rd\u0131. \u201cLeyla\u201d otelinin qar\u015f\u0131s\u0131ndak\u0131 \u015f\u0259h\u0259r \u00e7im\u0259rliyini daha da t\u0259kmill\u0259\u015fdirdi, otelin qar\u015f\u0131s\u0131ndak\u0131 park yerini t\u0259mir etdirdi v\u0259 yerli u\u015faq ba\u011f\u00e7as\u0131na bir q\u0259d\u0259r pul ba\u011f\u0131\u015flad\u0131.\n<\/p>\n<p>\n  &quot;C\u0259nab \u018fsg\u0259rov bir g\u00fcn ortaya \u00e7\u0131xd\u0131, \u00f6z\u00fcn\u00fc tan\u0131tmaq \u00fc\u00e7\u00fcn b\u0259l\u0259diyy\u0259 binas\u0131na g\u0259ldi&quot;, dey\u0259 Frymburk B\u0259l\u0259diyy\u0259sinin r\u0259hb\u0259ri Oto Rezak iddial\u0131 biznes planlar\u0131n\u0131n ba\u015flan\u011f\u0131c\u0131ndan dan\u0131\u015fark\u0259n qeyd edib: \u201cO, Frymburku n\u0259 q\u0259d\u0259r \u00e7ox sevdiyini v\u0259 ald\u0131\u011f\u0131 \u0259mlak\u0131, k\u00f6hn\u0259 \u201cKupec\u201d oteli yenid\u0259n tik\u0259c\u0259yini s\u00f6yl\u0259di. O otelin \u0259traf\u0131ndak\u0131 ki\u00e7ik evl\u0259r d\u0259 daxil olmaqla torpaq sah\u0259l\u0259ri sat\u0131n ald\u0131 v\u0259 b\u00f6y\u00fck bir kompleks qurdu, bu, art\u0131q \u0259h\u0259miyy\u0259t k\u0259sb edirdi. Frymburk, c\u0259nab \u018fsg\u0259rovun da sevdiyi v\u0259 g\u0259l\u0259c\u0259kd\u0259 sa\u011flaml\u0131q m\u0259rk\u0259zi kimi istifad\u0259 etm\u0259k ist\u0259diyi bir spa m\u0259rk\u0259zin\u0259 \u00e7evrilir&quot;.\n<\/p>\n<p>\n  Ancaq az\u0259rbaycanl\u0131lar\u0131n Lipno su anbar\u0131n\u0131n sahilind\u0259ki dig\u0259r biznes planlar\u0131 kimi, bu da art\u0131q u\u011fursuz g\u00f6r\u00fcn\u00fcr. \u201cH\u0259qiq\u0259t\u0259n c\u0259nab \u018fsg\u0259rovdan b\u00f6y\u00fck g\u00f6zl\u0259ntil\u0259rimiz var idi\u201d, &#8211; dey\u0259 b\u0259l\u0259diyy\u0259 ba\u015f\u00e7\u0131s\u0131 niy\u0259 i\u015f adam\u0131n\u0131 m\u00fc\u0259yy\u0259n m\u0259nada d\u0259st\u0259kl\u0259diyini izah edir. \u201c\u015e\u0259h\u0259r bu kimi investisiyalardan faydalanacaqd\u0131, yeni i\u015f yerl\u0259ri a\u00e7\u0131lacaq, \u015f\u0259h\u0259rin m\u0259rk\u0259zd\u0259n k\u0259nardak\u0131 dig\u0259r hiss\u0259l\u0259ri canlanacaq, xarici m\u0259tb\u0259x t\u0259klifl\u0259rimiz\u0259 ist\u0259nil\u0259n \u00e7e\u015fidi \u0259lav\u0259 ed\u0259c\u0259kdik &#8230;\u201d, &#8211; dey\u0259 o xat\u0131rlay\u0131r. \u201cAncaq qalan \u015feyl\u0259r, sanball\u0131 plan kimi qald\u0131. Hiss edir\u0259m ki, o, bu q\u0259d\u0259r insana b\u00f6y\u00fck v\u0259dl\u0259r ver\u0259nd\u0259 dedikl\u0259rini h\u0259qiq\u0259t\u0259n d\u00fc\u015f\u00fcnm\u0259yib v\u0259 ham\u0131s\u0131 yoxa \u00e7\u0131xd\u0131. Ancaq 23 illik v\u0259zif\u0259 h\u0259yat\u0131mda \u00e7ox t\u0259\u0259cc\u00fcbl\u0259nm\u0259dim, \u00e7\u00fcnki bir \u00e7ox xarici investorun b\u00f6y\u00fck planlar v\u0259 fikirl\u0259r ir\u0259li s\u00fcrd\u00fcy\u00fc v\u0259 n\u0259tic\u0259d\u0259 ortaya qoyduqlar\u0131 he\u00e7 bir \u015fey olmad\u0131\u011f\u0131n\u0131 g\u00f6rd\u00fcm\u201d, &#8211; dey\u0259 Rezac \u0259lav\u0259 edir.\n<\/p>\n<p>\n  Ox\u015far m\u0259yuslu\u011fu \u018fsg\u0259rovun i\u015f\u00e7il\u0259ri d\u0259 bildirib. Adlar\u0131n\u0131n gizli saxlan\u0131lmas\u0131n\u0131 ist\u0259y\u0259n i\u015f\u00e7il\u0259r i\u015f pula g\u0259l\u0259nd\u0259, m\u00fcdirin s\u0259xav\u0259tli olmas\u0131 xaricind\u0259 ke\u00e7mi\u015f m\u00fcdirl\u0259ri haqq\u0131nda \u00e7ox yax\u015f\u0131 \u015feyl\u0259r dey\u0259 bilm\u0259dil\u0259r: Bunun xaricind\u0259 o \u201cd\u0259h\u015f\u0259tli bir insan idi. Pulu oldu\u011fu \u00fc\u00e7\u00fcn insanlar\u0131 bo\u011fazlaya bil\u0259c\u0259yini d\u00fc\u015f\u00fcn\u00fcrd\u00fc. H\u0259mi\u015f\u0259 i\u015f\u00e7il\u0259r\u0259 q\u0131\u015fq\u0131r\u0131rd\u0131, h\u0259tta \u0259\u015fya at\u0131rd\u0131\u201d.\n<\/p>\n<p>\n  B\u0259zi i\u015f\u00e7il\u0259r \u018fsg\u0259rovun cinsi istismar\u0131na m\u0259ruz qald\u0131qlar\u0131na g\u00f6r\u0259 oran\u0131 t\u0259rk etdikl\u0259rini s\u00f6yl\u0259yirl\u0259r:\n<\/p>\n<p>\n  \u201cH\u0259mkar\u0131m yersiz davran\u0131\u015f\u0131 s\u0259b\u0259biyl\u0259 i\u015f yerini t\u0259rk ed\u0259nd\u0259, inanmad\u0131m. Ancaq sonra m\u0259n\u0259 seks \u00fc\u00e7\u00fcn pul t\u0259klif etdi, imtina etdiyim zaman da m\u0259ni t\u0259hdid etm\u0259y\u0259 ba\u015flad\u0131 v\u0259 m\u0259n i\u015fd\u0259n \u00e7\u0131xd\u0131m&quot;,- dey\u0259 i\u015f\u00e7il\u0259rd\u0259n biri izah edir.\n<\/p>\n<p>\n  \u201cLeyla\u201d otelind\u0259n \u0259lav\u0259 \u018fsg\u0259rovun \u00e7ayboyu terasl\u0131 evi d\u0259 var ki, bu da Frymburkadak\u0131 oteld\u0259n g\u00f6r\u00fcn\u00fcr. Qap\u0131 z\u0259ngind\u0259 k\u00f6hn\u0259 i\u015f\u00e7il\u0259rind\u0259n birinin ad\u0131n\u0131 g\u00f6r\u0259 bil\u0259rik (qeyd: ad\u0131 \u015e\u00fck\u00fcrl\u00fc Ceyhundur, o, \u201cFacebook\u201dda var), lakin eyni zamanda bu m\u00fclkd\u0259 he\u00e7 kimin ya\u015famad\u0131\u011f\u0131 g\u00f6r\u00fcn\u00fcr. &quot;\u018fvv\u0259ll\u0259r Leylan\u0131n i\u015f\u00e7il\u0259ri \u00e7al\u0131\u015f\u0131rd\u0131&quot;, dey\u0259 yax\u0131nl\u0131qdak\u0131 ba\u011f\u00e7adan bir qad\u0131n q\u0131\u015fq\u0131raraq dedi: &quot;Bununla bel\u0259, burada ba\u015fqa he\u00e7 kim ya\u015fam\u0131r&quot;.\n<\/p>\n<p>\n  \u018fli \u018fsg\u0259rov, eyni zamanda 2017-ci ild\u0259 turistl\u0259rin sevdiyi Cesky Krumlov \u015f\u0259h\u0259rind\u0259 birincisi \u201cAA \u0130nvestisiya Qrupu\u201d vasit\u0259sil\u0259, ikincisi is\u0259 \u0259r-arvad\u0131n ortaq m\u00fclkiyy\u0259ti kimi (qeyd: buradak\u0131 bir termindir, bu, onun v\u0259 h\u0259yat yolda\u015f\u0131n\u0131n m\u00fclkiyy\u0259t sahibi oldu\u011fu anlam\u0131na g\u0259lir) \u00f6z\u0259l m\u00fclk sahibl\u0259rind\u0259n iki \u0259mlak sat\u0131n al\u0131b. Teras\u0131ndan \u015f\u0259h\u0259r qalas\u0131na g\u00f6z\u0259l bir m\u0259nz\u0259r\u0259 a\u00e7\u0131lan \u201cLeyla\u201d restoran\u0131 he\u00e7 vaxt a\u00e7\u0131lmay\u0131b. Qap\u0131n\u0131n \u00fcst\u00fcnd\u0259 bu binanda tikinti getdiyi bar\u0259d\u0259 yaz\u0131 var. M\u00fcxt\u0259lif m\u0259nb\u0259l\u0259r\u0259 g\u00f6r\u0259, \u0259mlak\u0131n\u0131n bir hiss\u0259sini milli s\u0259rv\u0259t kimi qorumaq \u00f6hd\u0259liyi s\u0259b\u0259bind\u0259n i\u015f adam\u0131 Milli \u0130rs \u0130nstitutunun yerli \u015f\u00f6b\u0259si il\u0259 m\u00fcnaqi\u015f\u0259 edir (qeyd: Cesky Krumlov tarixi bir \u015f\u0259h\u0259rdir, buna g\u00f6r\u0259 sahibkarlar\u0131n m\u00fclkl\u0259r\u0259 nec\u0259 baxd\u0131\u011f\u0131n\u0131 v\u0259 bu \u015f\u0259h\u0259rin t\u0259l\u0259b edil\u0259n g\u00f6r\u00fcn\u00fc\u015f\u00fcn\u00fc qoruyub-qorumamas\u0131n\u0131 n\u0259z\u0259rd\u0259n ke\u00e7ir\u0259n \u00f6z\u0259l qurumlar var. M\u00fcbahis\u0259nin s\u0259b\u0259bi \u00e7ox g\u00fcman: \u018fsg\u0259rovun restoran\u0131n alt\u0131ndak\u0131 bir ne\u00e7\u0259 k\u00f6hn\u0259 zirz\u0259miy\u0259 ziyan vurmas\u0131d\u0131r). Onlar mediaya he\u00e7 bir m\u0259lumat ver\u0259 bilm\u0259dikl\u0259rini dedil\u0259r. \u015e\u0259h\u0259rin s\u00f6z\u00e7\u00fcs\u00fc haz\u0131rda davam ed\u0259n inzibati prosesl\u0259r\u0259 g\u00f6r\u0259 m\u0259lumatlar\u0131 a\u00e7\u0131qlaya bilm\u0259y\u0259c\u0259yini bildirdi.\n<\/p>\n<p>\n  Cesky Krymlovdak\u0131 ikinci m\u00fclkiyy\u0259t, birincisind\u0259n c\u0259mi bir ne\u00e7\u0259 metr m\u0259saf\u0259d\u0259 yerl\u0259\u015f\u0259n m\u0259nz\u0259r\u0259li bir dar yolda yerl\u0259\u015f\u0259n \u201cLeylaria Otel\u201d, bir m\u00fcdd\u0259tdir ki, u\u011furla f\u0259aliyy\u0259t g\u00f6st\u0259rir. \u0130ndi onu &quot;sad\u0259c\u0259 koronavirusun azalmas\u0131n\u0131 g\u00f6zl\u0259diyini&quot; dey\u0259n bir kirake\u015f idar\u0259 edir. Bir ne\u00e7\u0259 yerli sahibkar \u018fsg\u0259rovun \u015f\u0259h\u0259r \u00fc\u00e7\u00fcn planla\u015fd\u0131rd\u0131\u011f\u0131 dig\u0259r g\u00f6z\u0259l investisiyalar\u0131 i\u015f\u0131qland\u0131r\u0131b, lakin he\u00e7 biri n\u0259tic\u0259 verm\u0259yib. Onlardan biri \u0259lav\u0259 edir: \u201cHe\u00e7 kim \u0259n az bir ildir ki onu burda g\u00f6rm\u0259yib. O, 100 milyondan \u00e7ox \u00e7ex kronunu x\u0259rcl\u0259di v\u0259 itdi. S\u0259b\u0259bini bilmir\u0259m, amma evimizi almaq ist\u0259y\u0259nl\u0259r geri \u00e7\u0259kildi. Ancaq burada he\u00e7 kim onun haqq\u0131nda dan\u0131\u015fmaq ist\u0259mir&quot;.\n<\/p>\n<p>\n  H\u0259r hans\u0131 bir ki\u00e7ik q\u0259s\u0259b\u0259d\u0259 oldu\u011fu kimi, burda da q\u0259rib\u0259 v\u0259 s\u0259s-k\u00fcyl\u00fc bir xaricinin varl\u0131\u011f\u0131 h\u0259r c\u00fcr \u015fayi\u0259l\u0259r\u0259 s\u0259b\u0259b olub. M\u0259s\u0259l\u0259n, \u201cinvestigace.cz\u201d \u018fsg\u0259rovun yerini m\u00fc\u0259yy\u0259nl\u0259\u015fdirm\u0259y\u0259 \u00e7al\u0131\u015fark\u0259n, bir ne\u00e7\u0259 m\u0259nb\u0259d\u0259n biz\u0259 onun \u00f6ld\u00fcy\u00fcn\u00fc v\u0259 ya \u00f6ld\u00fcr\u00fcld\u00fcy\u00fcn\u00fc s\u00f6yl\u0259di. Bir il yar\u0131m \u0259vv\u0259l o yoxa \u00e7\u0131x\u0131b. Dostu El\u00e7in Kaz\u0131mov i\u015f adam\u0131n\u0131n \u00f6lk\u0259l\u0259rin koronavirus pandemiyas\u0131 s\u0259b\u0259bind\u0259n s\u0259rh\u0259dl\u0259ri ba\u011flad\u0131\u011f\u0131n\u0131 e\u015fid\u0259nd\u0259 onun ail\u0259si olmadan \u00c7ex Respublikas\u0131nda t\u0259k qalmaq ist\u0259m\u0259diyi \u00fc\u00e7\u00fcn getdiyini bildirdi. Ancaq dig\u0259r m\u0259nb\u0259l\u0259r onun daha \u00f6nc\u0259d\u0259n getdiyini v\u0259 bunun s\u0259b\u0259binin daha sad\u0259 oldu\u011funu, u\u011fursuz biznes m\u00fc\u0259ssis\u0259l\u0259rinin gerid\u0259 qoydu\u011fu d\u0259rin m\u0259yusluq v\u0259 naraz\u0131l\u0131q oldu\u011funu s\u00f6yl\u0259yib. \u201cO dedi ki, \u00e7exl\u0259r axmaqd\u0131r, onlar \u00fc\u00e7\u00fcn etdiyini qiym\u0259tl\u0259ndirmirl\u0259r. Art\u0131q narahat olmaq ist\u0259m\u0259di\u201d,- dey\u0259 onun k\u00f6hn\u0259 i\u015f\u00e7il\u0259ri izah edir.\n<\/p>\n<p>\n  &quot;Bu, do\u011fru deyil, o, sad\u0259c\u0259 k\u00fcs\u00fcb t\u0259rk ed\u0259c\u0259k bir insan deyil&quot;,- dey\u0259 Kaz\u0131mov dostunu m\u00fcdafi\u0259 edir.\n<\/p>\n<p>\n  &quot;O, tezlikl\u0259 qay\u0131dacaq v\u0259 sizinl\u0259 g\u00f6r\u00fc\u015fm\u0259kd\u0259n m\u0259mnun olacaq&quot;,- dey\u0259 Kaz\u0131mov aprel ay\u0131ndak\u0131 g\u00f6r\u00fc\u015f\u00fcm\u00fczd\u0259 qeyd etdi. Lakin \u018fsg\u0259rovun g\u0259li\u015f tarixi daim t\u0259xir\u0259 sal\u0131n\u0131r v\u0259 mesajlara cavab vermir. C\u0259nubi Bohemya b\u00f6lg\u0259sind\u0259ki dig\u0259r investesiyalar qoyan az\u0259rbaycanl\u0131,\u201cAA \u0130nvestisiya Qrupunun ke\u00e7mi\u015f r\u0259hb\u0259ri Jaromir Kral vasit\u0259si il\u0259 d\u0259 suallar g\u00f6nd\u0259rdik, lakin o, \u018fsg\u0259rovun s\u0259hh\u0259tind\u0259ki probleml\u0259r\u0259 g\u00f6r\u0259 cavab ver\u0259 bilm\u0259diyini izah etdi.<\/p>\n","protected":false},"excerpt":{"rendered":"<p>Az\u0259rbaycanl\u0131 investorlar\u0131n \u00c7exiyan\u0131n C\u0259nubi Bohemya b\u00f6lg\u0259sind\u0259n xo\u015flar\u0131 g\u0259lir<\/p>\n","protected":false},"author":11,"featured_media":207531,"comment_status":"closed","ping_status":"open","sticky":false,"template":"","format":"standard","meta":{"_acf_changed":false,"_sitemap_exclude":false,"_sitemap_priority":"","_sitemap_frequency":"","footnotes":""},"categories":[55],"tags":[],"class_list":["post-211867","post","type-post","status-publish","format-standard","has-post-thumbnail","hentry","category-arasdirma","infinite-scroll-item","generate-columns","tablet-grid-50","mobile-grid-100","grid-parent","grid-33","no-featured-image-padding"],"acf":[],"yoast_head":"<!-- This site is optimized with the Yoast SEO plugin v27.4 - https:\/\/yoast.com\/product\/yoast-seo-wordpress\/ -->\n<title>Az\u0259rbaycanl\u0131lar \u00c7exiya d\u0259nizind\u0259: \u018fsg\u0259rovun b\u00f6y\u00fck planlar\u0131 - MEYDAN.TV<\/title>\n<meta name=\"robots\" content=\"index, follow, max-snippet:-1, max-image-preview:large, max-video-preview:-1\" \/>\n<link rel=\"canonical\" href=\"https:\/\/www.meydan.tv\/az\/article\/azerbaycanlilar-cexiya-denizinde-esgerovun-boyuk-planlari\/\" \/>\n<meta property=\"og:locale\" content=\"az_AZ\" \/>\n<meta property=\"og:type\" content=\"article\" \/>\n<meta property=\"og:title\" content=\"Az\u0259rbaycanl\u0131lar \u00c7exiya d\u0259nizind\u0259: \u018fsg\u0259rovun b\u00f6y\u00fck planlar\u0131 - MEYDAN.TV\" \/>\n<meta property=\"og:description\" content=\"Az\u0259rbaycanl\u0131 investorlar\u0131n \u00c7exiyan\u0131n C\u0259nubi Bohemya b\u00f6lg\u0259sind\u0259n xo\u015flar\u0131 g\u0259lir\" \/>\n<meta property=\"og:url\" content=\"https:\/\/www.meydan.tv\/az\/article\/azerbaycanlilar-cexiya-denizinde-esgerovun-boyuk-planlari\/\" \/>\n<meta property=\"og:site_name\" content=\"MEYDAN.TV\" \/>\n<meta property=\"article:published_time\" content=\"2021-07-06T14:42:30+00:00\" \/>\n<meta property=\"og:image\" content=\"https:\/\/www.meydan.tv\/wp-content\/uploads\/azer2.png\" \/>\n\t<meta property=\"og:image:width\" content=\"1280\" \/>\n\t<meta property=\"og:image:height\" content=\"640\" \/>\n\t<meta property=\"og:image:type\" content=\"image\/png\" \/>\n<meta name=\"author\" content=\"user-manager\" \/>\n<meta name=\"twitter:card\" content=\"summary_large_image\" \/>\n<script type=\"application\/ld+json\" class=\"yoast-schema-graph\">{\"@context\":\"https:\\\/\\\/schema.org\",\"@graph\":[{\"@type\":\"Article\",\"@id\":\"https:\\\/\\\/www.meydan.tv\\\/az\\\/article\\\/azerbaycanlilar-cexiya-denizinde-esgerovun-boyuk-planlari\\\/#article\",\"isPartOf\":{\"@id\":\"https:\\\/\\\/www.meydan.tv\\\/az\\\/article\\\/azerbaycanlilar-cexiya-denizinde-esgerovun-boyuk-planlari\\\/\"},\"author\":{\"name\":\"user-manager\",\"@id\":\"https:\\\/\\\/www.meydan.tv\\\/az\\\/#\\\/schema\\\/person\\\/10d11eccf6da3662cf5fdab9806ea91a\"},\"headline\":\"Az\u0259rbaycanl\u0131lar \u00c7exiya d\u0259nizind\u0259: \u018fsg\u0259rovun b\u00f6y\u00fck planlar\u0131\",\"datePublished\":\"2021-07-06T14:42:30+00:00\",\"mainEntityOfPage\":{\"@id\":\"https:\\\/\\\/www.meydan.tv\\\/az\\\/article\\\/azerbaycanlilar-cexiya-denizinde-esgerovun-boyuk-planlari\\\/\"},\"wordCount\":2545,\"publisher\":{\"@id\":\"https:\\\/\\\/www.meydan.tv\\\/az\\\/#organization\"},\"image\":{\"@id\":\"https:\\\/\\\/www.meydan.tv\\\/az\\\/article\\\/azerbaycanlilar-cexiya-denizinde-esgerovun-boyuk-planlari\\\/#primaryimage\"},\"thumbnailUrl\":\"https:\\\/\\\/www.meydan.tv\\\/wp-content\\\/uploads\\\/azer2.png\",\"articleSection\":[\"Ara\u015fd\u0131rma\"],\"inLanguage\":\"az\"},{\"@type\":\"WebPage\",\"@id\":\"https:\\\/\\\/www.meydan.tv\\\/az\\\/article\\\/azerbaycanlilar-cexiya-denizinde-esgerovun-boyuk-planlari\\\/\",\"url\":\"https:\\\/\\\/www.meydan.tv\\\/az\\\/article\\\/azerbaycanlilar-cexiya-denizinde-esgerovun-boyuk-planlari\\\/\",\"name\":\"Az\u0259rbaycanl\u0131lar \u00c7exiya d\u0259nizind\u0259: \u018fsg\u0259rovun b\u00f6y\u00fck planlar\u0131 - MEYDAN.TV\",\"isPartOf\":{\"@id\":\"https:\\\/\\\/www.meydan.tv\\\/az\\\/#website\"},\"primaryImageOfPage\":{\"@id\":\"https:\\\/\\\/www.meydan.tv\\\/az\\\/article\\\/azerbaycanlilar-cexiya-denizinde-esgerovun-boyuk-planlari\\\/#primaryimage\"},\"image\":{\"@id\":\"https:\\\/\\\/www.meydan.tv\\\/az\\\/article\\\/azerbaycanlilar-cexiya-denizinde-esgerovun-boyuk-planlari\\\/#primaryimage\"},\"thumbnailUrl\":\"https:\\\/\\\/www.meydan.tv\\\/wp-content\\\/uploads\\\/azer2.png\",\"datePublished\":\"2021-07-06T14:42:30+00:00\",\"breadcrumb\":{\"@id\":\"https:\\\/\\\/www.meydan.tv\\\/az\\\/article\\\/azerbaycanlilar-cexiya-denizinde-esgerovun-boyuk-planlari\\\/#breadcrumb\"},\"inLanguage\":\"az\",\"potentialAction\":[{\"@type\":\"ReadAction\",\"target\":[\"https:\\\/\\\/www.meydan.tv\\\/az\\\/article\\\/azerbaycanlilar-cexiya-denizinde-esgerovun-boyuk-planlari\\\/\"]}]},{\"@type\":\"ImageObject\",\"inLanguage\":\"az\",\"@id\":\"https:\\\/\\\/www.meydan.tv\\\/az\\\/article\\\/azerbaycanlilar-cexiya-denizinde-esgerovun-boyuk-planlari\\\/#primaryimage\",\"url\":\"https:\\\/\\\/www.meydan.tv\\\/wp-content\\\/uploads\\\/azer2.png\",\"contentUrl\":\"https:\\\/\\\/www.meydan.tv\\\/wp-content\\\/uploads\\\/azer2.png\",\"width\":1280,\"height\":640,\"caption\":\"Source: Meydan Tv\"},{\"@type\":\"BreadcrumbList\",\"@id\":\"https:\\\/\\\/www.meydan.tv\\\/az\\\/article\\\/azerbaycanlilar-cexiya-denizinde-esgerovun-boyuk-planlari\\\/#breadcrumb\",\"itemListElement\":[{\"@type\":\"ListItem\",\"position\":1,\"name\":\"Ana s\u0259hif\u0259\",\"item\":\"https:\\\/\\\/www.meydan.tv\\\/az\\\/\"},{\"@type\":\"ListItem\",\"position\":2,\"name\":\"Ara\u015fd\u0131rma\",\"item\":\"https:\\\/\\\/www.meydan.tv\\\/az\\\/section\\\/arasdirma\\\/\"},{\"@type\":\"ListItem\",\"position\":3,\"name\":\"Az\u0259rbaycanl\u0131lar \u00c7exiya d\u0259nizind\u0259: \u018fsg\u0259rovun b\u00f6y\u00fck planlar\u0131\"}]},{\"@type\":\"WebSite\",\"@id\":\"https:\\\/\\\/www.meydan.tv\\\/az\\\/#website\",\"url\":\"https:\\\/\\\/www.meydan.tv\\\/az\\\/\",\"name\":\"MEYDAN.TV\",\"description\":\"Meydan TV Az\u0259rbaycan\u0131n media m\u0259kan\u0131ndak\u0131 alternativ s\u0259sidir\",\"publisher\":{\"@id\":\"https:\\\/\\\/www.meydan.tv\\\/az\\\/#organization\"},\"potentialAction\":[{\"@type\":\"SearchAction\",\"target\":{\"@type\":\"EntryPoint\",\"urlTemplate\":\"https:\\\/\\\/www.meydan.tv\\\/az\\\/?s={search_term_string}\"},\"query-input\":{\"@type\":\"PropertyValueSpecification\",\"valueRequired\":true,\"valueName\":\"search_term_string\"}}],\"inLanguage\":\"az\"},{\"@type\":\"Organization\",\"@id\":\"https:\\\/\\\/www.meydan.tv\\\/az\\\/#organization\",\"name\":\"Meydan TV\",\"url\":\"https:\\\/\\\/www.meydan.tv\\\/az\\\/\",\"logo\":{\"@type\":\"ImageObject\",\"inLanguage\":\"az\",\"@id\":\"https:\\\/\\\/www.meydan.tv\\\/az\\\/#\\\/schema\\\/logo\\\/image\\\/\",\"url\":\"https:\\\/\\\/www.meydan.tv\\\/wp-content\\\/uploads\\\/2021\\\/07\\\/meydan-logo.svg\",\"contentUrl\":\"https:\\\/\\\/www.meydan.tv\\\/wp-content\\\/uploads\\\/2021\\\/07\\\/meydan-logo.svg\",\"width\":195,\"height\":46,\"caption\":\"Meydan TV\"},\"image\":{\"@id\":\"https:\\\/\\\/www.meydan.tv\\\/az\\\/#\\\/schema\\\/logo\\\/image\\\/\"}},{\"@type\":\"Person\",\"@id\":\"https:\\\/\\\/www.meydan.tv\\\/az\\\/#\\\/schema\\\/person\\\/10d11eccf6da3662cf5fdab9806ea91a\",\"name\":\"user-manager\"}]}<\/script>\n<!-- \/ Yoast SEO plugin. -->","yoast_head_json":{"title":"Az\u0259rbaycanl\u0131lar \u00c7exiya d\u0259nizind\u0259: \u018fsg\u0259rovun b\u00f6y\u00fck planlar\u0131 - MEYDAN.TV","robots":{"index":"index","follow":"follow","max-snippet":"max-snippet:-1","max-image-preview":"max-image-preview:large","max-video-preview":"max-video-preview:-1"},"canonical":"https:\/\/www.meydan.tv\/az\/article\/azerbaycanlilar-cexiya-denizinde-esgerovun-boyuk-planlari\/","og_locale":"az_AZ","og_type":"article","og_title":"Az\u0259rbaycanl\u0131lar \u00c7exiya d\u0259nizind\u0259: \u018fsg\u0259rovun b\u00f6y\u00fck planlar\u0131 - MEYDAN.TV","og_description":"Az\u0259rbaycanl\u0131 investorlar\u0131n \u00c7exiyan\u0131n C\u0259nubi Bohemya b\u00f6lg\u0259sind\u0259n xo\u015flar\u0131 g\u0259lir","og_url":"https:\/\/www.meydan.tv\/az\/article\/azerbaycanlilar-cexiya-denizinde-esgerovun-boyuk-planlari\/","og_site_name":"MEYDAN.TV","article_published_time":"2021-07-06T14:42:30+00:00","og_image":[{"width":1280,"height":640,"url":"https:\/\/www.meydan.tv\/wp-content\/uploads\/azer2.png","type":"image\/png"}],"author":"user-manager","twitter_card":"summary_large_image","schema":{"@context":"https:\/\/schema.org","@graph":[{"@type":"Article","@id":"https:\/\/www.meydan.tv\/az\/article\/azerbaycanlilar-cexiya-denizinde-esgerovun-boyuk-planlari\/#article","isPartOf":{"@id":"https:\/\/www.meydan.tv\/az\/article\/azerbaycanlilar-cexiya-denizinde-esgerovun-boyuk-planlari\/"},"author":{"name":"user-manager","@id":"https:\/\/www.meydan.tv\/az\/#\/schema\/person\/10d11eccf6da3662cf5fdab9806ea91a"},"headline":"Az\u0259rbaycanl\u0131lar \u00c7exiya d\u0259nizind\u0259: \u018fsg\u0259rovun b\u00f6y\u00fck planlar\u0131","datePublished":"2021-07-06T14:42:30+00:00","mainEntityOfPage":{"@id":"https:\/\/www.meydan.tv\/az\/article\/azerbaycanlilar-cexiya-denizinde-esgerovun-boyuk-planlari\/"},"wordCount":2545,"publisher":{"@id":"https:\/\/www.meydan.tv\/az\/#organization"},"image":{"@id":"https:\/\/www.meydan.tv\/az\/article\/azerbaycanlilar-cexiya-denizinde-esgerovun-boyuk-planlari\/#primaryimage"},"thumbnailUrl":"https:\/\/www.meydan.tv\/wp-content\/uploads\/azer2.png","articleSection":["Ara\u015fd\u0131rma"],"inLanguage":"az"},{"@type":"WebPage","@id":"https:\/\/www.meydan.tv\/az\/article\/azerbaycanlilar-cexiya-denizinde-esgerovun-boyuk-planlari\/","url":"https:\/\/www.meydan.tv\/az\/article\/azerbaycanlilar-cexiya-denizinde-esgerovun-boyuk-planlari\/","name":"Az\u0259rbaycanl\u0131lar \u00c7exiya d\u0259nizind\u0259: \u018fsg\u0259rovun b\u00f6y\u00fck planlar\u0131 - MEYDAN.TV","isPartOf":{"@id":"https:\/\/www.meydan.tv\/az\/#website"},"primaryImageOfPage":{"@id":"https:\/\/www.meydan.tv\/az\/article\/azerbaycanlilar-cexiya-denizinde-esgerovun-boyuk-planlari\/#primaryimage"},"image":{"@id":"https:\/\/www.meydan.tv\/az\/article\/azerbaycanlilar-cexiya-denizinde-esgerovun-boyuk-planlari\/#primaryimage"},"thumbnailUrl":"https:\/\/www.meydan.tv\/wp-content\/uploads\/azer2.png","datePublished":"2021-07-06T14:42:30+00:00","breadcrumb":{"@id":"https:\/\/www.meydan.tv\/az\/article\/azerbaycanlilar-cexiya-denizinde-esgerovun-boyuk-planlari\/#breadcrumb"},"inLanguage":"az","potentialAction":[{"@type":"ReadAction","target":["https:\/\/www.meydan.tv\/az\/article\/azerbaycanlilar-cexiya-denizinde-esgerovun-boyuk-planlari\/"]}]},{"@type":"ImageObject","inLanguage":"az","@id":"https:\/\/www.meydan.tv\/az\/article\/azerbaycanlilar-cexiya-denizinde-esgerovun-boyuk-planlari\/#primaryimage","url":"https:\/\/www.meydan.tv\/wp-content\/uploads\/azer2.png","contentUrl":"https:\/\/www.meydan.tv\/wp-content\/uploads\/azer2.png","width":1280,"height":640,"caption":"Source: Meydan Tv"},{"@type":"BreadcrumbList","@id":"https:\/\/www.meydan.tv\/az\/article\/azerbaycanlilar-cexiya-denizinde-esgerovun-boyuk-planlari\/#breadcrumb","itemListElement":[{"@type":"ListItem","position":1,"name":"Ana s\u0259hif\u0259","item":"https:\/\/www.meydan.tv\/az\/"},{"@type":"ListItem","position":2,"name":"Ara\u015fd\u0131rma","item":"https:\/\/www.meydan.tv\/az\/section\/arasdirma\/"},{"@type":"ListItem","position":3,"name":"Az\u0259rbaycanl\u0131lar \u00c7exiya d\u0259nizind\u0259: \u018fsg\u0259rovun b\u00f6y\u00fck planlar\u0131"}]},{"@type":"WebSite","@id":"https:\/\/www.meydan.tv\/az\/#website","url":"https:\/\/www.meydan.tv\/az\/","name":"MEYDAN.TV","description":"Meydan TV Az\u0259rbaycan\u0131n media m\u0259kan\u0131ndak\u0131 alternativ s\u0259sidir","publisher":{"@id":"https:\/\/www.meydan.tv\/az\/#organization"},"potentialAction":[{"@type":"SearchAction","target":{"@type":"EntryPoint","urlTemplate":"https:\/\/www.meydan.tv\/az\/?s={search_term_string}"},"query-input":{"@type":"PropertyValueSpecification","valueRequired":true,"valueName":"search_term_string"}}],"inLanguage":"az"},{"@type":"Organization","@id":"https:\/\/www.meydan.tv\/az\/#organization","name":"Meydan TV","url":"https:\/\/www.meydan.tv\/az\/","logo":{"@type":"ImageObject","inLanguage":"az","@id":"https:\/\/www.meydan.tv\/az\/#\/schema\/logo\/image\/","url":"https:\/\/www.meydan.tv\/wp-content\/uploads\/2021\/07\/meydan-logo.svg","contentUrl":"https:\/\/www.meydan.tv\/wp-content\/uploads\/2021\/07\/meydan-logo.svg","width":195,"height":46,"caption":"Meydan TV"},"image":{"@id":"https:\/\/www.meydan.tv\/az\/#\/schema\/logo\/image\/"}},{"@type":"Person","@id":"https:\/\/www.meydan.tv\/az\/#\/schema\/person\/10d11eccf6da3662cf5fdab9806ea91a","name":"user-manager"}]}},"_links":{"self":[{"href":"https:\/\/www.meydan.tv\/az\/wp-json\/wp\/v2\/posts\/211867","targetHints":{"allow":["GET"]}}],"collection":[{"href":"https:\/\/www.meydan.tv\/az\/wp-json\/wp\/v2\/posts"}],"about":[{"href":"https:\/\/www.meydan.tv\/az\/wp-json\/wp\/v2\/types\/post"}],"author":[{"embeddable":true,"href":"https:\/\/www.meydan.tv\/az\/wp-json\/wp\/v2\/users\/11"}],"replies":[{"embeddable":true,"href":"https:\/\/www.meydan.tv\/az\/wp-json\/wp\/v2\/comments?post=211867"}],"version-history":[{"count":0,"href":"https:\/\/www.meydan.tv\/az\/wp-json\/wp\/v2\/posts\/211867\/revisions"}],"wp:featuredmedia":[{"embeddable":true,"href":"https:\/\/www.meydan.tv\/az\/wp-json\/wp\/v2\/media\/207531"}],"wp:attachment":[{"href":"https:\/\/www.meydan.tv\/az\/wp-json\/wp\/v2\/media?parent=211867"}],"wp:term":[{"taxonomy":"category","embeddable":true,"href":"https:\/\/www.meydan.tv\/az\/wp-json\/wp\/v2\/categories?post=211867"},{"taxonomy":"post_tag","embeddable":true,"href":"https:\/\/www.meydan.tv\/az\/wp-json\/wp\/v2\/tags?post=211867"}],"curies":[{"name":"wp","href":"https:\/\/api.w.org\/{rel}","templated":true}]}}