{"id":211857,"date":"2021-07-06T11:08:53","date_gmt":"2021-07-06T11:08:53","guid":{"rendered":"https:\/\/www.meydan.tv\/article\/eli-settar-quliyev-yeni-filmini-teqdim-edecek\/"},"modified":"2021-07-06T11:08:53","modified_gmt":"2021-07-06T11:08:53","slug":"eli-settar-quliyev-yeni-filmini-teqdim-edecek","status":"publish","type":"post","link":"https:\/\/www.meydan.tv\/az\/article\/eli-settar-quliyev-yeni-filmini-teqdim-edecek\/","title":{"rendered":"\u018fli-S\u0259ttar Quliyev yeni filmini t\u0259qdim ed\u0259c\u0259k"},"content":{"rendered":"<p>\n  <i><br \/>\n    \u201cPandemiya kino sah\u0259sin\u0259 b\u00f6y\u00fck ziyan vurdu&quot;<br \/>\n  <\/i>\n<\/p>\n<p>\n  \u201c\u018flvida, \u015emit\u201d filminin rejissoru \u018fli-S\u0259ttar Quliyev n\u00f6vb\u0259ti ekran i\u015fini yekunla\u015fd\u0131r\u0131b.\n<\/p>\n<p>\n  Rejissor Meydan TV-y\u0259 a\u00e7\u0131qlamas\u0131nda bildirib ki, ikinci filmi melodrama janr\u0131ndad\u0131r.\n<\/p>\n<p>\n  \u201cMozalan\u201d kinostudiyas\u0131n\u0131n istehsal\u0131 olan film \u201cOlimpiya\u201d adlan\u0131r.\n<\/p>\n<p>\n  Kinoteatrlar\u0131n f\u0259aliyy\u0259ti b\u0259rpa olunduqdan sonra yeni filmin t\u0259qdimat\u0131 edil\u0259c\u0259k.\n<\/p>\n<p>\n  \u201cPandemiya kino sah\u0259sin\u0259 b\u00f6y\u00fck ziyan vurdu. \u0130nsanlar kinoteatrlara ged\u0259 bilmir. \u0130l yar\u0131md\u0131r kinoteatrlar f\u0259aliyy\u0259t g\u00f6st\u0259rmir. Filml\u0259r \u00e7\u0259kilmir\u201d, &#8211; rejissor bel\u0259 deyib.\n<\/p>\n<p>\n  Bir m\u00fcdd\u0259t \u00f6nc\u0259 M\u0259d\u0259niyy\u0259t Nazirliyinin t\u0259sis etdiyi Az\u0259rbaycan Film Komissiyas\u0131 \u2013\u201cFilming Azerbaijan\u201d v\u0259 Kino Agentliyi haqq\u0131nda dan\u0131\u015fan rejissor qeyd edib ki, bu layih\u0259l\u0259r film s\u0259nayesinin inki\u015faf\u0131na t\u0259kan olacaq: \u201cAz\u0259rbaycan Professional Kinorejissorlar Gildiyas\u0131 2004-c\u00fc ild\u0259 bel\u0259 bir layih\u0259 haz\u0131rlam\u0131\u015fd\u0131. H\u0259min vaxt b\u0259zi bo\u015fluqlar, kinodak\u0131 \u00e7\u0259tinlikl\u0259r\u0259 g\u00f6r\u0259 layih\u0259 \u00f6z\u00fcn\u00fc do\u011frultmad\u0131. Bunu b\u0259rpa etm\u0259kl\u0259ri \u00e7ox yax\u015f\u0131 hald\u0131r. Az\u0259rbaycan Film Komissiyas\u0131n\u0131n v\u0259 Kino Agentliyinin yarad\u0131lmas\u0131 \u00f6lk\u0259y\u0259 maliyy\u0259 ax\u0131n\u0131na m\u00fcsb\u0259t t\u0259sir ed\u0259c\u0259k. H\u0259m d\u0259 kino sah\u0259sind\u0259ki insanlar bundan faydalana bil\u0259r\u201d.<\/p>\n","protected":false},"excerpt":{"rendered":"<p>&#8220;H\u0259min vaxt b\u0259zi bo\u015fluqlar, kinodak\u0131 \u00e7\u0259tinlikl\u0259r\u0259 g\u00f6r\u0259 layih\u0259 \u00f6z\u00fcn\u00fc do\u011frultmad\u0131&#8221;<\/p>\n","protected":false},"author":11,"featured_media":207504,"comment_status":"closed","ping_status":"open","sticky":false,"template":"","format":"standard","meta":{"_acf_changed":false,"_sitemap_exclude":false,"_sitemap_priority":"","_sitemap_frequency":"","footnotes":""},"categories":[52],"tags":[],"class_list":["post-211857","post","type-post","status-publish","format-standard","has-post-thumbnail","hentry","category-medeniyyet","infinite-scroll-item","generate-columns","tablet-grid-50","mobile-grid-100","grid-parent","grid-33","no-featured-image-padding"],"acf":[],"yoast_head":"<!-- This site is optimized with the Yoast SEO plugin v27.4 - https:\/\/yoast.com\/product\/yoast-seo-wordpress\/ -->\n<title>\u018fli-S\u0259ttar Quliyev yeni filmini t\u0259qdim ed\u0259c\u0259k - MEYDAN.TV<\/title>\n<meta name=\"robots\" content=\"index, follow, max-snippet:-1, max-image-preview:large, max-video-preview:-1\" \/>\n<link rel=\"canonical\" href=\"https:\/\/www.meydan.tv\/az\/article\/eli-settar-quliyev-yeni-filmini-teqdim-edecek\/\" \/>\n<meta property=\"og:locale\" content=\"az_AZ\" \/>\n<meta property=\"og:type\" content=\"article\" \/>\n<meta property=\"og:title\" content=\"\u018fli-S\u0259ttar Quliyev yeni filmini t\u0259qdim ed\u0259c\u0259k - MEYDAN.TV\" \/>\n<meta property=\"og:description\" content=\"&quot;H\u0259min vaxt b\u0259zi bo\u015fluqlar, kinodak\u0131 \u00e7\u0259tinlikl\u0259r\u0259 g\u00f6r\u0259 layih\u0259 \u00f6z\u00fcn\u00fc do\u011frultmad\u0131&quot;\" \/>\n<meta property=\"og:url\" content=\"https:\/\/www.meydan.tv\/az\/article\/eli-settar-quliyev-yeni-filmini-teqdim-edecek\/\" \/>\n<meta property=\"og:site_name\" content=\"MEYDAN.TV\" \/>\n<meta property=\"article:published_time\" content=\"2021-07-06T11:08:53+00:00\" \/>\n<meta property=\"og:image\" content=\"https:\/\/www.meydan.tv\/wp-content\/uploads\/li-s__ttar_quliyev1.jpg\" \/>\n\t<meta property=\"og:image:width\" content=\"735\" \/>\n\t<meta property=\"og:image:height\" content=\"488\" \/>\n\t<meta property=\"og:image:type\" content=\"image\/jpeg\" \/>\n<meta name=\"author\" content=\"user-manager\" \/>\n<meta name=\"twitter:card\" content=\"summary_large_image\" \/>\n<script type=\"application\/ld+json\" class=\"yoast-schema-graph\">{\"@context\":\"https:\\\/\\\/schema.org\",\"@graph\":[{\"@type\":\"Article\",\"@id\":\"https:\\\/\\\/www.meydan.tv\\\/az\\\/article\\\/eli-settar-quliyev-yeni-filmini-teqdim-edecek\\\/#article\",\"isPartOf\":{\"@id\":\"https:\\\/\\\/www.meydan.tv\\\/az\\\/article\\\/eli-settar-quliyev-yeni-filmini-teqdim-edecek\\\/\"},\"author\":{\"name\":\"user-manager\",\"@id\":\"https:\\\/\\\/www.meydan.tv\\\/az\\\/#\\\/schema\\\/person\\\/10d11eccf6da3662cf5fdab9806ea91a\"},\"headline\":\"\u018fli-S\u0259ttar Quliyev yeni filmini t\u0259qdim ed\u0259c\u0259k\",\"datePublished\":\"2021-07-06T11:08:53+00:00\",\"mainEntityOfPage\":{\"@id\":\"https:\\\/\\\/www.meydan.tv\\\/az\\\/article\\\/eli-settar-quliyev-yeni-filmini-teqdim-edecek\\\/\"},\"wordCount\":228,\"publisher\":{\"@id\":\"https:\\\/\\\/www.meydan.tv\\\/az\\\/#organization\"},\"image\":{\"@id\":\"https:\\\/\\\/www.meydan.tv\\\/az\\\/article\\\/eli-settar-quliyev-yeni-filmini-teqdim-edecek\\\/#primaryimage\"},\"thumbnailUrl\":\"https:\\\/\\\/www.meydan.tv\\\/wp-content\\\/uploads\\\/li-s__ttar_quliyev1.jpg\",\"articleSection\":[\"M\u0259d\u0259niyy\u0259t\"],\"inLanguage\":\"az\"},{\"@type\":\"WebPage\",\"@id\":\"https:\\\/\\\/www.meydan.tv\\\/az\\\/article\\\/eli-settar-quliyev-yeni-filmini-teqdim-edecek\\\/\",\"url\":\"https:\\\/\\\/www.meydan.tv\\\/az\\\/article\\\/eli-settar-quliyev-yeni-filmini-teqdim-edecek\\\/\",\"name\":\"\u018fli-S\u0259ttar Quliyev yeni filmini t\u0259qdim ed\u0259c\u0259k - MEYDAN.TV\",\"isPartOf\":{\"@id\":\"https:\\\/\\\/www.meydan.tv\\\/az\\\/#website\"},\"primaryImageOfPage\":{\"@id\":\"https:\\\/\\\/www.meydan.tv\\\/az\\\/article\\\/eli-settar-quliyev-yeni-filmini-teqdim-edecek\\\/#primaryimage\"},\"image\":{\"@id\":\"https:\\\/\\\/www.meydan.tv\\\/az\\\/article\\\/eli-settar-quliyev-yeni-filmini-teqdim-edecek\\\/#primaryimage\"},\"thumbnailUrl\":\"https:\\\/\\\/www.meydan.tv\\\/wp-content\\\/uploads\\\/li-s__ttar_quliyev1.jpg\",\"datePublished\":\"2021-07-06T11:08:53+00:00\",\"breadcrumb\":{\"@id\":\"https:\\\/\\\/www.meydan.tv\\\/az\\\/article\\\/eli-settar-quliyev-yeni-filmini-teqdim-edecek\\\/#breadcrumb\"},\"inLanguage\":\"az\",\"potentialAction\":[{\"@type\":\"ReadAction\",\"target\":[\"https:\\\/\\\/www.meydan.tv\\\/az\\\/article\\\/eli-settar-quliyev-yeni-filmini-teqdim-edecek\\\/\"]}]},{\"@type\":\"ImageObject\",\"inLanguage\":\"az\",\"@id\":\"https:\\\/\\\/www.meydan.tv\\\/az\\\/article\\\/eli-settar-quliyev-yeni-filmini-teqdim-edecek\\\/#primaryimage\",\"url\":\"https:\\\/\\\/www.meydan.tv\\\/wp-content\\\/uploads\\\/li-s__ttar_quliyev1.jpg\",\"contentUrl\":\"https:\\\/\\\/www.meydan.tv\\\/wp-content\\\/uploads\\\/li-s__ttar_quliyev1.jpg\",\"width\":735,\"height\":488,\"caption\":\"Source: Specify Source\"},{\"@type\":\"BreadcrumbList\",\"@id\":\"https:\\\/\\\/www.meydan.tv\\\/az\\\/article\\\/eli-settar-quliyev-yeni-filmini-teqdim-edecek\\\/#breadcrumb\",\"itemListElement\":[{\"@type\":\"ListItem\",\"position\":1,\"name\":\"Ana s\u0259hif\u0259\",\"item\":\"https:\\\/\\\/www.meydan.tv\\\/az\\\/\"},{\"@type\":\"ListItem\",\"position\":2,\"name\":\"M\u0259d\u0259niyy\u0259t\",\"item\":\"https:\\\/\\\/www.meydan.tv\\\/az\\\/section\\\/medeniyyet\\\/\"},{\"@type\":\"ListItem\",\"position\":3,\"name\":\"\u018fli-S\u0259ttar Quliyev yeni filmini t\u0259qdim ed\u0259c\u0259k\"}]},{\"@type\":\"WebSite\",\"@id\":\"https:\\\/\\\/www.meydan.tv\\\/az\\\/#website\",\"url\":\"https:\\\/\\\/www.meydan.tv\\\/az\\\/\",\"name\":\"MEYDAN.TV\",\"description\":\"Meydan TV Az\u0259rbaycan\u0131n media m\u0259kan\u0131ndak\u0131 alternativ s\u0259sidir\",\"publisher\":{\"@id\":\"https:\\\/\\\/www.meydan.tv\\\/az\\\/#organization\"},\"potentialAction\":[{\"@type\":\"SearchAction\",\"target\":{\"@type\":\"EntryPoint\",\"urlTemplate\":\"https:\\\/\\\/www.meydan.tv\\\/az\\\/?s={search_term_string}\"},\"query-input\":{\"@type\":\"PropertyValueSpecification\",\"valueRequired\":true,\"valueName\":\"search_term_string\"}}],\"inLanguage\":\"az\"},{\"@type\":\"Organization\",\"@id\":\"https:\\\/\\\/www.meydan.tv\\\/az\\\/#organization\",\"name\":\"Meydan TV\",\"url\":\"https:\\\/\\\/www.meydan.tv\\\/az\\\/\",\"logo\":{\"@type\":\"ImageObject\",\"inLanguage\":\"az\",\"@id\":\"https:\\\/\\\/www.meydan.tv\\\/az\\\/#\\\/schema\\\/logo\\\/image\\\/\",\"url\":\"https:\\\/\\\/www.meydan.tv\\\/wp-content\\\/uploads\\\/2021\\\/07\\\/meydan-logo.svg\",\"contentUrl\":\"https:\\\/\\\/www.meydan.tv\\\/wp-content\\\/uploads\\\/2021\\\/07\\\/meydan-logo.svg\",\"width\":195,\"height\":46,\"caption\":\"Meydan TV\"},\"image\":{\"@id\":\"https:\\\/\\\/www.meydan.tv\\\/az\\\/#\\\/schema\\\/logo\\\/image\\\/\"}},{\"@type\":\"Person\",\"@id\":\"https:\\\/\\\/www.meydan.tv\\\/az\\\/#\\\/schema\\\/person\\\/10d11eccf6da3662cf5fdab9806ea91a\",\"name\":\"user-manager\"}]}<\/script>\n<!-- \/ Yoast SEO plugin. -->","yoast_head_json":{"title":"\u018fli-S\u0259ttar Quliyev yeni filmini t\u0259qdim ed\u0259c\u0259k - MEYDAN.TV","robots":{"index":"index","follow":"follow","max-snippet":"max-snippet:-1","max-image-preview":"max-image-preview:large","max-video-preview":"max-video-preview:-1"},"canonical":"https:\/\/www.meydan.tv\/az\/article\/eli-settar-quliyev-yeni-filmini-teqdim-edecek\/","og_locale":"az_AZ","og_type":"article","og_title":"\u018fli-S\u0259ttar Quliyev yeni filmini t\u0259qdim ed\u0259c\u0259k - MEYDAN.TV","og_description":"\"H\u0259min vaxt b\u0259zi bo\u015fluqlar, kinodak\u0131 \u00e7\u0259tinlikl\u0259r\u0259 g\u00f6r\u0259 layih\u0259 \u00f6z\u00fcn\u00fc do\u011frultmad\u0131\"","og_url":"https:\/\/www.meydan.tv\/az\/article\/eli-settar-quliyev-yeni-filmini-teqdim-edecek\/","og_site_name":"MEYDAN.TV","article_published_time":"2021-07-06T11:08:53+00:00","og_image":[{"width":735,"height":488,"url":"https:\/\/www.meydan.tv\/wp-content\/uploads\/li-s__ttar_quliyev1.jpg","type":"image\/jpeg"}],"author":"user-manager","twitter_card":"summary_large_image","schema":{"@context":"https:\/\/schema.org","@graph":[{"@type":"Article","@id":"https:\/\/www.meydan.tv\/az\/article\/eli-settar-quliyev-yeni-filmini-teqdim-edecek\/#article","isPartOf":{"@id":"https:\/\/www.meydan.tv\/az\/article\/eli-settar-quliyev-yeni-filmini-teqdim-edecek\/"},"author":{"name":"user-manager","@id":"https:\/\/www.meydan.tv\/az\/#\/schema\/person\/10d11eccf6da3662cf5fdab9806ea91a"},"headline":"\u018fli-S\u0259ttar Quliyev yeni filmini t\u0259qdim ed\u0259c\u0259k","datePublished":"2021-07-06T11:08:53+00:00","mainEntityOfPage":{"@id":"https:\/\/www.meydan.tv\/az\/article\/eli-settar-quliyev-yeni-filmini-teqdim-edecek\/"},"wordCount":228,"publisher":{"@id":"https:\/\/www.meydan.tv\/az\/#organization"},"image":{"@id":"https:\/\/www.meydan.tv\/az\/article\/eli-settar-quliyev-yeni-filmini-teqdim-edecek\/#primaryimage"},"thumbnailUrl":"https:\/\/www.meydan.tv\/wp-content\/uploads\/li-s__ttar_quliyev1.jpg","articleSection":["M\u0259d\u0259niyy\u0259t"],"inLanguage":"az"},{"@type":"WebPage","@id":"https:\/\/www.meydan.tv\/az\/article\/eli-settar-quliyev-yeni-filmini-teqdim-edecek\/","url":"https:\/\/www.meydan.tv\/az\/article\/eli-settar-quliyev-yeni-filmini-teqdim-edecek\/","name":"\u018fli-S\u0259ttar Quliyev yeni filmini t\u0259qdim ed\u0259c\u0259k - MEYDAN.TV","isPartOf":{"@id":"https:\/\/www.meydan.tv\/az\/#website"},"primaryImageOfPage":{"@id":"https:\/\/www.meydan.tv\/az\/article\/eli-settar-quliyev-yeni-filmini-teqdim-edecek\/#primaryimage"},"image":{"@id":"https:\/\/www.meydan.tv\/az\/article\/eli-settar-quliyev-yeni-filmini-teqdim-edecek\/#primaryimage"},"thumbnailUrl":"https:\/\/www.meydan.tv\/wp-content\/uploads\/li-s__ttar_quliyev1.jpg","datePublished":"2021-07-06T11:08:53+00:00","breadcrumb":{"@id":"https:\/\/www.meydan.tv\/az\/article\/eli-settar-quliyev-yeni-filmini-teqdim-edecek\/#breadcrumb"},"inLanguage":"az","potentialAction":[{"@type":"ReadAction","target":["https:\/\/www.meydan.tv\/az\/article\/eli-settar-quliyev-yeni-filmini-teqdim-edecek\/"]}]},{"@type":"ImageObject","inLanguage":"az","@id":"https:\/\/www.meydan.tv\/az\/article\/eli-settar-quliyev-yeni-filmini-teqdim-edecek\/#primaryimage","url":"https:\/\/www.meydan.tv\/wp-content\/uploads\/li-s__ttar_quliyev1.jpg","contentUrl":"https:\/\/www.meydan.tv\/wp-content\/uploads\/li-s__ttar_quliyev1.jpg","width":735,"height":488,"caption":"Source: Specify Source"},{"@type":"BreadcrumbList","@id":"https:\/\/www.meydan.tv\/az\/article\/eli-settar-quliyev-yeni-filmini-teqdim-edecek\/#breadcrumb","itemListElement":[{"@type":"ListItem","position":1,"name":"Ana s\u0259hif\u0259","item":"https:\/\/www.meydan.tv\/az\/"},{"@type":"ListItem","position":2,"name":"M\u0259d\u0259niyy\u0259t","item":"https:\/\/www.meydan.tv\/az\/section\/medeniyyet\/"},{"@type":"ListItem","position":3,"name":"\u018fli-S\u0259ttar Quliyev yeni filmini t\u0259qdim ed\u0259c\u0259k"}]},{"@type":"WebSite","@id":"https:\/\/www.meydan.tv\/az\/#website","url":"https:\/\/www.meydan.tv\/az\/","name":"MEYDAN.TV","description":"Meydan TV Az\u0259rbaycan\u0131n media m\u0259kan\u0131ndak\u0131 alternativ s\u0259sidir","publisher":{"@id":"https:\/\/www.meydan.tv\/az\/#organization"},"potentialAction":[{"@type":"SearchAction","target":{"@type":"EntryPoint","urlTemplate":"https:\/\/www.meydan.tv\/az\/?s={search_term_string}"},"query-input":{"@type":"PropertyValueSpecification","valueRequired":true,"valueName":"search_term_string"}}],"inLanguage":"az"},{"@type":"Organization","@id":"https:\/\/www.meydan.tv\/az\/#organization","name":"Meydan TV","url":"https:\/\/www.meydan.tv\/az\/","logo":{"@type":"ImageObject","inLanguage":"az","@id":"https:\/\/www.meydan.tv\/az\/#\/schema\/logo\/image\/","url":"https:\/\/www.meydan.tv\/wp-content\/uploads\/2021\/07\/meydan-logo.svg","contentUrl":"https:\/\/www.meydan.tv\/wp-content\/uploads\/2021\/07\/meydan-logo.svg","width":195,"height":46,"caption":"Meydan TV"},"image":{"@id":"https:\/\/www.meydan.tv\/az\/#\/schema\/logo\/image\/"}},{"@type":"Person","@id":"https:\/\/www.meydan.tv\/az\/#\/schema\/person\/10d11eccf6da3662cf5fdab9806ea91a","name":"user-manager"}]}},"_links":{"self":[{"href":"https:\/\/www.meydan.tv\/az\/wp-json\/wp\/v2\/posts\/211857","targetHints":{"allow":["GET"]}}],"collection":[{"href":"https:\/\/www.meydan.tv\/az\/wp-json\/wp\/v2\/posts"}],"about":[{"href":"https:\/\/www.meydan.tv\/az\/wp-json\/wp\/v2\/types\/post"}],"author":[{"embeddable":true,"href":"https:\/\/www.meydan.tv\/az\/wp-json\/wp\/v2\/users\/11"}],"replies":[{"embeddable":true,"href":"https:\/\/www.meydan.tv\/az\/wp-json\/wp\/v2\/comments?post=211857"}],"version-history":[{"count":0,"href":"https:\/\/www.meydan.tv\/az\/wp-json\/wp\/v2\/posts\/211857\/revisions"}],"wp:featuredmedia":[{"embeddable":true,"href":"https:\/\/www.meydan.tv\/az\/wp-json\/wp\/v2\/media\/207504"}],"wp:attachment":[{"href":"https:\/\/www.meydan.tv\/az\/wp-json\/wp\/v2\/media?parent=211857"}],"wp:term":[{"taxonomy":"category","embeddable":true,"href":"https:\/\/www.meydan.tv\/az\/wp-json\/wp\/v2\/categories?post=211857"},{"taxonomy":"post_tag","embeddable":true,"href":"https:\/\/www.meydan.tv\/az\/wp-json\/wp\/v2\/tags?post=211857"}],"curies":[{"name":"wp","href":"https:\/\/api.w.org\/{rel}","templated":true}]}}