{"id":211839,"date":"2021-07-05T13:34:06","date_gmt":"2021-07-05T13:34:06","guid":{"rendered":"https:\/\/www.meydan.tv\/article\/alen-delon-amerikada-yasasaydim-baydene-ses-vererdim\/"},"modified":"2021-07-05T13:34:06","modified_gmt":"2021-07-05T13:34:06","slug":"alen-delon-amerikada-yasasaydim-baydene-ses-vererdim","status":"publish","type":"post","link":"https:\/\/www.meydan.tv\/az\/article\/alen-delon-amerikada-yasasaydim-baydene-ses-vererdim\/","title":{"rendered":"Alen Delon:  Amerikada ya\u015fasayd\u0131m, Bayden\u0259 s\u0259s ver\u0259rdim"},"content":{"rendered":"<p>\n  <i><br \/>\n    &quot;Putin \u00f6z i\u015finin \u00f6hd\u0259sind\u0259n \u00e7ox yax\u015f\u0131 g\u0259lir&quot;<br \/>\n  <\/i>\n<\/p>\n<p>\n  Fransal\u0131 aktyor Alen Delon siyas\u0259td\u0259n dan\u0131\u015f\u0131b.\n<\/p>\n<p>\n  O, \u201cTV5\u201d kanal\u0131na m\u00fcsahib\u0259sind\u0259 Rusiya prezidenti Vladimir Putini \u201cbacar\u0131ql\u0131 insan\u201d adland\u0131r\u0131b.\n<\/p>\n<p>\n  Ard\u0131nca is\u0259 qeyd edib ki, \u0259g\u0259r Amerikada ya\u015fasayd\u0131, prezident se\u00e7kil\u0259rind\u0259 Co Bayden\u0259 s\u0259s ver\u0259rdi.\n<\/p>\n<p>\n  \u201cPutinl\u0259 g\u00f6r\u00fc\u015fm\u0259k imkan\u0131m olub. Bel\u0259 bir n\u0259h\u0259ng \u00f6lk\u0259ni uzun ill\u0259r idar\u0259 etm\u0259k \u00e7ox \u00e7\u0259tindir, amma o, bunu edir. Putin bunu nec\u0259 edir bilmir\u0259m, amma \u00f6z i\u015finin \u00f6hd\u0259sind\u0259n \u00e7ox yax\u015f\u0131 g\u0259lir\u201d, &#8211; Delon bildirib.\n<\/p>\n<p>\n  Yeri g\u0259lmi\u015fk\u0259n, 85 ya\u015fl\u0131 aktyor yenid\u0259n kinoya qay\u0131tmaq ist\u0259yir.\n<\/p>\n<p>\n  Bu haqda \u201cFrance 5\u201d telekanal\u0131na m\u00fcsahib\u0259sind\u0259 dan\u0131\u015fan Delon: \u201cB\u0259lk\u0259 d\u0259, bu m\u0259nim son filmim olacaq\u201d, \u2013 deyib.\n<\/p>\n<p>\n  Son ekran i\u015finin g\u00f6rk\u0259mli rejissor t\u0259r\u0259find\u0259n \u00e7\u0259kilm\u0259yini ist\u0259y\u0259n s\u0259n\u0259t\u00e7i bundan sonra kino il\u0259 he\u00e7 bir i\u015fi qalmayaca\u011f\u0131n\u0131 \u0259lav\u0259 edib.\n<\/p>\n<p>\n  Alen Delon kino karyeras\u0131 d\u00f6vr\u00fcnd\u0259 90-dan \u00e7ox film\u0259 \u00e7\u0259kilib.\n<\/p>\n<p>\n  \u201cParlaq g\u00fcn\u0259\u015fd\u0259\u201d, \u201cRokko v\u0259 qarda\u015flar\u0131\u201d v\u0259 \u201cQara lal\u0259\u201d kimi filml\u0259rin n\u00fcmayi\u015find\u0259n sonra m\u0259\u015fhurla\u015f\u0131b.\n<\/p>\n<p>\n  Onun \u00e7\u0259kildiyi son film, 2019-cu ild\u0259 ekranla\u015fd\u0131r\u0131lan \u201cTam b\u0259nz\u0259rlik\u201d olub.\n<\/p>\n<p>\n  Aktyor h\u0259min ilin may\u0131nda 72-ci Kann Film Festival\u0131nda \u201cQ\u0131z\u0131l Palma buda\u011f\u0131\u201dna layiq g\u00f6r\u00fcl\u00fcb.<\/p>\n","protected":false},"excerpt":{"rendered":"<p>&#8220;B\u0259lk\u0259 d\u0259, bu m\u0259nim son filmim olacaq\u201d<\/p>\n","protected":false},"author":11,"featured_media":207465,"comment_status":"closed","ping_status":"open","sticky":false,"template":"","format":"standard","meta":{"_acf_changed":false,"_sitemap_exclude":false,"_sitemap_priority":"","_sitemap_frequency":"","footnotes":""},"categories":[52],"tags":[],"class_list":["post-211839","post","type-post","status-publish","format-standard","has-post-thumbnail","hentry","category-medeniyyet","infinite-scroll-item","generate-columns","tablet-grid-50","mobile-grid-100","grid-parent","grid-33","no-featured-image-padding"],"acf":[],"yoast_head":"<!-- This site is optimized with the Yoast SEO plugin v27.4 - https:\/\/yoast.com\/product\/yoast-seo-wordpress\/ -->\n<title>Alen Delon: Amerikada ya\u015fasayd\u0131m, Bayden\u0259 s\u0259s ver\u0259rdim - MEYDAN.TV<\/title>\n<meta name=\"robots\" content=\"index, follow, max-snippet:-1, max-image-preview:large, max-video-preview:-1\" \/>\n<link rel=\"canonical\" href=\"https:\/\/www.meydan.tv\/az\/article\/alen-delon-amerikada-yasasaydim-baydene-ses-vererdim\/\" \/>\n<meta property=\"og:locale\" content=\"az_AZ\" \/>\n<meta property=\"og:type\" content=\"article\" \/>\n<meta property=\"og:title\" content=\"Alen Delon: Amerikada ya\u015fasayd\u0131m, Bayden\u0259 s\u0259s ver\u0259rdim - MEYDAN.TV\" \/>\n<meta property=\"og:description\" content=\"&quot;B\u0259lk\u0259 d\u0259, bu m\u0259nim son filmim olacaq\u201d\" \/>\n<meta property=\"og:url\" content=\"https:\/\/www.meydan.tv\/az\/article\/alen-delon-amerikada-yasasaydim-baydene-ses-vererdim\/\" \/>\n<meta property=\"og:site_name\" content=\"MEYDAN.TV\" \/>\n<meta property=\"article:published_time\" content=\"2021-07-05T13:34:06+00:00\" \/>\n<meta property=\"og:image\" content=\"https:\/\/www.meydan.tv\/wp-content\/uploads\/1625212433_snimok.jpg\" \/>\n\t<meta property=\"og:image:width\" content=\"743\" \/>\n\t<meta property=\"og:image:height\" content=\"489\" \/>\n\t<meta property=\"og:image:type\" content=\"image\/jpeg\" \/>\n<meta name=\"author\" content=\"user-manager\" \/>\n<meta name=\"twitter:card\" content=\"summary_large_image\" \/>\n<script type=\"application\/ld+json\" class=\"yoast-schema-graph\">{\"@context\":\"https:\\\/\\\/schema.org\",\"@graph\":[{\"@type\":\"Article\",\"@id\":\"https:\\\/\\\/www.meydan.tv\\\/az\\\/article\\\/alen-delon-amerikada-yasasaydim-baydene-ses-vererdim\\\/#article\",\"isPartOf\":{\"@id\":\"https:\\\/\\\/www.meydan.tv\\\/az\\\/article\\\/alen-delon-amerikada-yasasaydim-baydene-ses-vererdim\\\/\"},\"author\":{\"name\":\"user-manager\",\"@id\":\"https:\\\/\\\/www.meydan.tv\\\/az\\\/#\\\/schema\\\/person\\\/10d11eccf6da3662cf5fdab9806ea91a\"},\"headline\":\"Alen Delon: Amerikada ya\u015fasayd\u0131m, Bayden\u0259 s\u0259s ver\u0259rdim\",\"datePublished\":\"2021-07-05T13:34:06+00:00\",\"mainEntityOfPage\":{\"@id\":\"https:\\\/\\\/www.meydan.tv\\\/az\\\/article\\\/alen-delon-amerikada-yasasaydim-baydene-ses-vererdim\\\/\"},\"wordCount\":257,\"publisher\":{\"@id\":\"https:\\\/\\\/www.meydan.tv\\\/az\\\/#organization\"},\"image\":{\"@id\":\"https:\\\/\\\/www.meydan.tv\\\/az\\\/article\\\/alen-delon-amerikada-yasasaydim-baydene-ses-vererdim\\\/#primaryimage\"},\"thumbnailUrl\":\"https:\\\/\\\/www.meydan.tv\\\/wp-content\\\/uploads\\\/1625212433_snimok.jpg\",\"articleSection\":[\"M\u0259d\u0259niyy\u0259t\"],\"inLanguage\":\"az\"},{\"@type\":\"WebPage\",\"@id\":\"https:\\\/\\\/www.meydan.tv\\\/az\\\/article\\\/alen-delon-amerikada-yasasaydim-baydene-ses-vererdim\\\/\",\"url\":\"https:\\\/\\\/www.meydan.tv\\\/az\\\/article\\\/alen-delon-amerikada-yasasaydim-baydene-ses-vererdim\\\/\",\"name\":\"Alen Delon: Amerikada ya\u015fasayd\u0131m, Bayden\u0259 s\u0259s ver\u0259rdim - MEYDAN.TV\",\"isPartOf\":{\"@id\":\"https:\\\/\\\/www.meydan.tv\\\/az\\\/#website\"},\"primaryImageOfPage\":{\"@id\":\"https:\\\/\\\/www.meydan.tv\\\/az\\\/article\\\/alen-delon-amerikada-yasasaydim-baydene-ses-vererdim\\\/#primaryimage\"},\"image\":{\"@id\":\"https:\\\/\\\/www.meydan.tv\\\/az\\\/article\\\/alen-delon-amerikada-yasasaydim-baydene-ses-vererdim\\\/#primaryimage\"},\"thumbnailUrl\":\"https:\\\/\\\/www.meydan.tv\\\/wp-content\\\/uploads\\\/1625212433_snimok.jpg\",\"datePublished\":\"2021-07-05T13:34:06+00:00\",\"breadcrumb\":{\"@id\":\"https:\\\/\\\/www.meydan.tv\\\/az\\\/article\\\/alen-delon-amerikada-yasasaydim-baydene-ses-vererdim\\\/#breadcrumb\"},\"inLanguage\":\"az\",\"potentialAction\":[{\"@type\":\"ReadAction\",\"target\":[\"https:\\\/\\\/www.meydan.tv\\\/az\\\/article\\\/alen-delon-amerikada-yasasaydim-baydene-ses-vererdim\\\/\"]}]},{\"@type\":\"ImageObject\",\"inLanguage\":\"az\",\"@id\":\"https:\\\/\\\/www.meydan.tv\\\/az\\\/article\\\/alen-delon-amerikada-yasasaydim-baydene-ses-vererdim\\\/#primaryimage\",\"url\":\"https:\\\/\\\/www.meydan.tv\\\/wp-content\\\/uploads\\\/1625212433_snimok.jpg\",\"contentUrl\":\"https:\\\/\\\/www.meydan.tv\\\/wp-content\\\/uploads\\\/1625212433_snimok.jpg\",\"width\":743,\"height\":489,\"caption\":\"Source: https:\\\/\\\/replyua.net\\\/\"},{\"@type\":\"BreadcrumbList\",\"@id\":\"https:\\\/\\\/www.meydan.tv\\\/az\\\/article\\\/alen-delon-amerikada-yasasaydim-baydene-ses-vererdim\\\/#breadcrumb\",\"itemListElement\":[{\"@type\":\"ListItem\",\"position\":1,\"name\":\"Ana s\u0259hif\u0259\",\"item\":\"https:\\\/\\\/www.meydan.tv\\\/az\\\/\"},{\"@type\":\"ListItem\",\"position\":2,\"name\":\"M\u0259d\u0259niyy\u0259t\",\"item\":\"https:\\\/\\\/www.meydan.tv\\\/az\\\/section\\\/medeniyyet\\\/\"},{\"@type\":\"ListItem\",\"position\":3,\"name\":\"Alen Delon: Amerikada ya\u015fasayd\u0131m, Bayden\u0259 s\u0259s ver\u0259rdim\"}]},{\"@type\":\"WebSite\",\"@id\":\"https:\\\/\\\/www.meydan.tv\\\/az\\\/#website\",\"url\":\"https:\\\/\\\/www.meydan.tv\\\/az\\\/\",\"name\":\"MEYDAN.TV\",\"description\":\"Meydan TV Az\u0259rbaycan\u0131n media m\u0259kan\u0131ndak\u0131 alternativ s\u0259sidir\",\"publisher\":{\"@id\":\"https:\\\/\\\/www.meydan.tv\\\/az\\\/#organization\"},\"potentialAction\":[{\"@type\":\"SearchAction\",\"target\":{\"@type\":\"EntryPoint\",\"urlTemplate\":\"https:\\\/\\\/www.meydan.tv\\\/az\\\/?s={search_term_string}\"},\"query-input\":{\"@type\":\"PropertyValueSpecification\",\"valueRequired\":true,\"valueName\":\"search_term_string\"}}],\"inLanguage\":\"az\"},{\"@type\":\"Organization\",\"@id\":\"https:\\\/\\\/www.meydan.tv\\\/az\\\/#organization\",\"name\":\"Meydan TV\",\"url\":\"https:\\\/\\\/www.meydan.tv\\\/az\\\/\",\"logo\":{\"@type\":\"ImageObject\",\"inLanguage\":\"az\",\"@id\":\"https:\\\/\\\/www.meydan.tv\\\/az\\\/#\\\/schema\\\/logo\\\/image\\\/\",\"url\":\"https:\\\/\\\/www.meydan.tv\\\/wp-content\\\/uploads\\\/2021\\\/07\\\/meydan-logo.svg\",\"contentUrl\":\"https:\\\/\\\/www.meydan.tv\\\/wp-content\\\/uploads\\\/2021\\\/07\\\/meydan-logo.svg\",\"width\":195,\"height\":46,\"caption\":\"Meydan TV\"},\"image\":{\"@id\":\"https:\\\/\\\/www.meydan.tv\\\/az\\\/#\\\/schema\\\/logo\\\/image\\\/\"}},{\"@type\":\"Person\",\"@id\":\"https:\\\/\\\/www.meydan.tv\\\/az\\\/#\\\/schema\\\/person\\\/10d11eccf6da3662cf5fdab9806ea91a\",\"name\":\"user-manager\"}]}<\/script>\n<!-- \/ Yoast SEO plugin. -->","yoast_head_json":{"title":"Alen Delon: Amerikada ya\u015fasayd\u0131m, Bayden\u0259 s\u0259s ver\u0259rdim - MEYDAN.TV","robots":{"index":"index","follow":"follow","max-snippet":"max-snippet:-1","max-image-preview":"max-image-preview:large","max-video-preview":"max-video-preview:-1"},"canonical":"https:\/\/www.meydan.tv\/az\/article\/alen-delon-amerikada-yasasaydim-baydene-ses-vererdim\/","og_locale":"az_AZ","og_type":"article","og_title":"Alen Delon: Amerikada ya\u015fasayd\u0131m, Bayden\u0259 s\u0259s ver\u0259rdim - MEYDAN.TV","og_description":"\"B\u0259lk\u0259 d\u0259, bu m\u0259nim son filmim olacaq\u201d","og_url":"https:\/\/www.meydan.tv\/az\/article\/alen-delon-amerikada-yasasaydim-baydene-ses-vererdim\/","og_site_name":"MEYDAN.TV","article_published_time":"2021-07-05T13:34:06+00:00","og_image":[{"width":743,"height":489,"url":"https:\/\/www.meydan.tv\/wp-content\/uploads\/1625212433_snimok.jpg","type":"image\/jpeg"}],"author":"user-manager","twitter_card":"summary_large_image","schema":{"@context":"https:\/\/schema.org","@graph":[{"@type":"Article","@id":"https:\/\/www.meydan.tv\/az\/article\/alen-delon-amerikada-yasasaydim-baydene-ses-vererdim\/#article","isPartOf":{"@id":"https:\/\/www.meydan.tv\/az\/article\/alen-delon-amerikada-yasasaydim-baydene-ses-vererdim\/"},"author":{"name":"user-manager","@id":"https:\/\/www.meydan.tv\/az\/#\/schema\/person\/10d11eccf6da3662cf5fdab9806ea91a"},"headline":"Alen Delon: Amerikada ya\u015fasayd\u0131m, Bayden\u0259 s\u0259s ver\u0259rdim","datePublished":"2021-07-05T13:34:06+00:00","mainEntityOfPage":{"@id":"https:\/\/www.meydan.tv\/az\/article\/alen-delon-amerikada-yasasaydim-baydene-ses-vererdim\/"},"wordCount":257,"publisher":{"@id":"https:\/\/www.meydan.tv\/az\/#organization"},"image":{"@id":"https:\/\/www.meydan.tv\/az\/article\/alen-delon-amerikada-yasasaydim-baydene-ses-vererdim\/#primaryimage"},"thumbnailUrl":"https:\/\/www.meydan.tv\/wp-content\/uploads\/1625212433_snimok.jpg","articleSection":["M\u0259d\u0259niyy\u0259t"],"inLanguage":"az"},{"@type":"WebPage","@id":"https:\/\/www.meydan.tv\/az\/article\/alen-delon-amerikada-yasasaydim-baydene-ses-vererdim\/","url":"https:\/\/www.meydan.tv\/az\/article\/alen-delon-amerikada-yasasaydim-baydene-ses-vererdim\/","name":"Alen Delon: Amerikada ya\u015fasayd\u0131m, Bayden\u0259 s\u0259s ver\u0259rdim - MEYDAN.TV","isPartOf":{"@id":"https:\/\/www.meydan.tv\/az\/#website"},"primaryImageOfPage":{"@id":"https:\/\/www.meydan.tv\/az\/article\/alen-delon-amerikada-yasasaydim-baydene-ses-vererdim\/#primaryimage"},"image":{"@id":"https:\/\/www.meydan.tv\/az\/article\/alen-delon-amerikada-yasasaydim-baydene-ses-vererdim\/#primaryimage"},"thumbnailUrl":"https:\/\/www.meydan.tv\/wp-content\/uploads\/1625212433_snimok.jpg","datePublished":"2021-07-05T13:34:06+00:00","breadcrumb":{"@id":"https:\/\/www.meydan.tv\/az\/article\/alen-delon-amerikada-yasasaydim-baydene-ses-vererdim\/#breadcrumb"},"inLanguage":"az","potentialAction":[{"@type":"ReadAction","target":["https:\/\/www.meydan.tv\/az\/article\/alen-delon-amerikada-yasasaydim-baydene-ses-vererdim\/"]}]},{"@type":"ImageObject","inLanguage":"az","@id":"https:\/\/www.meydan.tv\/az\/article\/alen-delon-amerikada-yasasaydim-baydene-ses-vererdim\/#primaryimage","url":"https:\/\/www.meydan.tv\/wp-content\/uploads\/1625212433_snimok.jpg","contentUrl":"https:\/\/www.meydan.tv\/wp-content\/uploads\/1625212433_snimok.jpg","width":743,"height":489,"caption":"Source: https:\/\/replyua.net\/"},{"@type":"BreadcrumbList","@id":"https:\/\/www.meydan.tv\/az\/article\/alen-delon-amerikada-yasasaydim-baydene-ses-vererdim\/#breadcrumb","itemListElement":[{"@type":"ListItem","position":1,"name":"Ana s\u0259hif\u0259","item":"https:\/\/www.meydan.tv\/az\/"},{"@type":"ListItem","position":2,"name":"M\u0259d\u0259niyy\u0259t","item":"https:\/\/www.meydan.tv\/az\/section\/medeniyyet\/"},{"@type":"ListItem","position":3,"name":"Alen Delon: Amerikada ya\u015fasayd\u0131m, Bayden\u0259 s\u0259s ver\u0259rdim"}]},{"@type":"WebSite","@id":"https:\/\/www.meydan.tv\/az\/#website","url":"https:\/\/www.meydan.tv\/az\/","name":"MEYDAN.TV","description":"Meydan TV Az\u0259rbaycan\u0131n media m\u0259kan\u0131ndak\u0131 alternativ s\u0259sidir","publisher":{"@id":"https:\/\/www.meydan.tv\/az\/#organization"},"potentialAction":[{"@type":"SearchAction","target":{"@type":"EntryPoint","urlTemplate":"https:\/\/www.meydan.tv\/az\/?s={search_term_string}"},"query-input":{"@type":"PropertyValueSpecification","valueRequired":true,"valueName":"search_term_string"}}],"inLanguage":"az"},{"@type":"Organization","@id":"https:\/\/www.meydan.tv\/az\/#organization","name":"Meydan TV","url":"https:\/\/www.meydan.tv\/az\/","logo":{"@type":"ImageObject","inLanguage":"az","@id":"https:\/\/www.meydan.tv\/az\/#\/schema\/logo\/image\/","url":"https:\/\/www.meydan.tv\/wp-content\/uploads\/2021\/07\/meydan-logo.svg","contentUrl":"https:\/\/www.meydan.tv\/wp-content\/uploads\/2021\/07\/meydan-logo.svg","width":195,"height":46,"caption":"Meydan TV"},"image":{"@id":"https:\/\/www.meydan.tv\/az\/#\/schema\/logo\/image\/"}},{"@type":"Person","@id":"https:\/\/www.meydan.tv\/az\/#\/schema\/person\/10d11eccf6da3662cf5fdab9806ea91a","name":"user-manager"}]}},"_links":{"self":[{"href":"https:\/\/www.meydan.tv\/az\/wp-json\/wp\/v2\/posts\/211839","targetHints":{"allow":["GET"]}}],"collection":[{"href":"https:\/\/www.meydan.tv\/az\/wp-json\/wp\/v2\/posts"}],"about":[{"href":"https:\/\/www.meydan.tv\/az\/wp-json\/wp\/v2\/types\/post"}],"author":[{"embeddable":true,"href":"https:\/\/www.meydan.tv\/az\/wp-json\/wp\/v2\/users\/11"}],"replies":[{"embeddable":true,"href":"https:\/\/www.meydan.tv\/az\/wp-json\/wp\/v2\/comments?post=211839"}],"version-history":[{"count":0,"href":"https:\/\/www.meydan.tv\/az\/wp-json\/wp\/v2\/posts\/211839\/revisions"}],"wp:featuredmedia":[{"embeddable":true,"href":"https:\/\/www.meydan.tv\/az\/wp-json\/wp\/v2\/media\/207465"}],"wp:attachment":[{"href":"https:\/\/www.meydan.tv\/az\/wp-json\/wp\/v2\/media?parent=211839"}],"wp:term":[{"taxonomy":"category","embeddable":true,"href":"https:\/\/www.meydan.tv\/az\/wp-json\/wp\/v2\/categories?post=211839"},{"taxonomy":"post_tag","embeddable":true,"href":"https:\/\/www.meydan.tv\/az\/wp-json\/wp\/v2\/tags?post=211839"}],"curies":[{"name":"wp","href":"https:\/\/api.w.org\/{rel}","templated":true}]}}