{"id":211807,"date":"2021-07-01T17:12:08","date_gmt":"2021-07-01T17:12:08","guid":{"rendered":"https:\/\/www.meydan.tv\/article\/prezident-eliyevin-emisi-qizinin-subheli-gelirleri\/"},"modified":"2021-07-01T17:12:08","modified_gmt":"2021-07-01T17:12:08","slug":"prezident-eliyevin-emisi-qizinin-subheli-gelirleri","status":"publish","type":"post","link":"https:\/\/www.meydan.tv\/az\/article\/prezident-eliyevin-emisi-qizinin-subheli-gelirleri\/","title":{"rendered":"Prezident \u018fliyevin \u0259misi q\u0131z\u0131n\u0131n \u015f\u00fcbh\u0259li g\u0259lirl\u0259ri"},"content":{"rendered":"<figure class=\"wp-block-embed is-type-video is-provider-youtube wp-block-embed-youtube wp-embed-aspect-16-9 wp-has-aspect-ratio\">\n<div class=\"wp-block-embed__wrapper\">\n    <iframe\ttitle=\"Prezident \u018fliyevin \u0259misi q\u0131z\u0131n\u0131n \u015f\u00fcbh\u0259li g\u0259lirl\u0259ri\" width=\"1200\" height=\"675\" data-src=\"https:\/\/www.youtube.com\/embed\/tKUIyOgiBzc\"\tframeborder=\"0\"\tallow=\"accelerometer; autoplay; clipboard-write; encrypted-media; gyroscope; picture-in-picture\" allowfullscreen src=\"data:image\/svg+xml;base64,PHN2ZyB3aWR0aD0iMSIgaGVpZ2h0PSIxIiB4bWxucz0iaHR0cDovL3d3dy53My5vcmcvMjAwMC9zdmciPjwvc3ZnPg==\" class=\"lazyload\" data-load-mode=\"1\"><\/iframe>\n  <\/div><figcaption>\n    Prezident \u018fliyevin \u0259misi q\u0131z\u0131n\u0131n \u015f\u00fcbh\u0259li g\u0259lirl\u0259ri<br \/>\n  <\/figcaption><\/figure>\n<p>\n  \u201cMikaela Jav\u201d, uzun m\u00fcdd\u0259tdir co\u015f\u011fulu gec\u0259 h\u0259yat\u0131 il\u0259 tan\u0131nan \u0130spaniyan\u0131n \u0130biza adas\u0131nda yoluxucu elektronik musiqi s\u0259sl\u0259ndir\u0259n DJ kimi ad \u00e7\u0131xar\u0131b. 2015-ci ilin yaz aylar\u0131nda \u015f\u0259nb\u0259 g\u00fcnl\u0259ri ke\u00e7iril\u0259n \u201cMikaela v\u0259 dostlar\u0131\u201d ziyaf\u0259tinin t\u0259\u015fkilat\u00e7\u0131s\u0131 \u201cFacebook\u201dda aktiv i\u015ftirak ed\u0259r\u0259k, Yunan\u0131stan, Tayland v\u0259 Las-Veqasdan ehtirasl\u0131, varl\u0131 c\u0259miyy\u0259t\u0259 m\u0259xsus fotolar yay\u0131mlay\u0131b.\n<\/p>\n<p>\n  \u0130spaniya m\u0259tbuat\u0131na verdiyi bir reportajda DJ Mikaela \u0130bizaya olan sevgisind\u0259n, musiqiy\u0259 olan h\u0259v\u0259sind\u0259n v\u0259 evi kimi t\u0259svir etdiyi Rusiyadak\u0131 h\u0259yat\u0131ndan dan\u0131\u015f\u0131b.\n<\/p>\n<p>\n  Faktiki olaraq OCCR \u201cTransparency International\u201d t\u0259\u015fkilat\u0131n\u0131n \u0130ngilt\u0259r\u0259 \u015f\u00f6b\u0259si il\u0259 birg\u0259 apard\u0131\u011f\u0131 ara\u015fd\u0131rmada a\u015fkar edib ki, &quot;Michael Jav&quot; Az\u0259rbaycan Prezidenti \u0130lham \u018fliyevin \u0259misi q\u0131z\u0131 \u0130zz\u0259t Xan\u0131m Cavadovad\u0131r. (Cavadovan\u0131n s\u0259hn\u0259 ad\u0131 olan Mikaela onun 22 ya\u015fl\u0131 q\u0131z\u0131n\u0131n ad\u0131d\u0131r).\n<\/p>\n<p>\n  Son bir ne\u00e7\u0259 il \u0259rzind\u0259 Cavadova v\u0259 h\u0259yat yolda\u015f\u0131 S\u00fcleyman Cavadovun Milli Cinay\u0259t Agentliyi (MCA) t\u0259r\u0259find\u0259n &quot;korrupsiya, o\u011furluq v\u0259 m\u0259nims\u0259m\u0259&quot; il\u0259 \u0259ld\u0259 edil\u0259n g\u0259lir oldu\u011fundan \u015f\u00fcbh\u0259 edil\u0259n milyonlarla funt-sterlinq\u0259 sahib olmalar\u0131 onlar\u0131 ingilis istintaq\u0131n\u0131n h\u0259d\u0259fin\u0259 \u00e7evirib.\n<\/p>\n<p>\n  Bu istintaq haqq\u0131nda \u00f6t\u0259n il \u201cEvening Standard\u201d q\u0259zeti x\u0259b\u0259r yay\u0131b v\u0259 m\u0259qal\u0259d\u0259 &quot;az\u0259rbaycanl\u0131 c\u00fctl\u00fcy\u00fcn&quot; \u015f\u00fcbh\u0259li m\u0259nb\u0259l\u0259rd\u0259n 13,9 milyon funt sterlinq (t\u0259xmin\u0259n 19,6 milyon dollar) ald\u0131qlar\u0131n\u0131 g\u00f6st\u0259r\u0259n s\u0259n\u0259dl\u0259r \u00fcz\u0259 \u00e7\u0131xar\u0131l\u0131b.\n<\/p>\n<p>\n  OCCRP, \u0130bizan\u0131 sev\u0259n DJ v\u0259 h\u0259y\u0259t yolda\u015f\u0131n\u0131n m\u0259hz haqlar\u0131nda istintaq i\u015fi apar\u0131lan c\u00fctl\u00fck oldu\u011funu daha \u00f6nc\u0259d\u0259n m\u00fc\u0259yy\u0259n edib. Lakin \u201cEvening Standard\u201d q\u0259zetinin adlar\u0131n anonim saxlan\u0131lmas\u0131na dair q\u0259rar\u0131n l\u0259\u011fv olunmas\u0131 \u00fc\u00e7\u00fcn m\u00fcraci\u0259t etdiyi m\u0259hk\u0259m\u0259d\u0259 i\u015fi yeni uddu\u011fu \u00fc\u00e7\u00fcn bug\u00fcn\u0259d\u0259k adlar\u0131 a\u00e7\u0131qlaya bilm\u0259yib.\n<\/p>\n<p>\n  Milli Cinay\u0259t Agentliyin\u0259 g\u00f6r\u0259, Cavadovlar \u0130ngilt\u0259r\u0259d\u0259ki hesablar\u0131na v\u0259sait toplamaq \u00fc\u00e7\u00fcn \u0259sas\u0259n of\u015for yurisdiksiyalarda yerl\u0259\u015f\u0259n 20 qeyri-\u015f\u0259ffaf \u015firk\u0259t \u015f\u0259b\u0259k\u0259sind\u0259n istifad\u0259 edibl\u0259r. N\u0259tic\u0259 olaraq, agentlik iddia edir ki, pullar &quot;bank \u0259m\u0259liyyatlar\u0131 s\u0131ras\u0131nda yoxlan\u0131la bil\u0259n bir iz bel\u0259 burax\u0131lmadan&quot; ax\u0131d\u0131l\u0131b.\n<\/p>\n<figure class=\"wp-block-image size-large\">\n  <img decoding=\"async\" src=\"https:\/\/www.meydan.tv\/az\/mikaela-jav-ibiza-ad-jpeg\/\" alt=\"Mikaela-Jav-Ibiza-Ad.jpeg\" class=\"wp-image-3001\"\/><figcaption>\n    \u0130biza adas\u0131ndak\u0131 \u201cMikaela Jav\u201d ziyaf\u0259tl\u0259rind\u0259n birinin reklam\u0131<br \/>\n  <\/figcaption><\/figure>\n<p>\n  MCA-nin m\u00fcst\u0259ntiql\u0259ri, bu \u015firk\u0259tl\u0259rd\u0259n alt\u0131s\u0131n\u0131n OCCRP-nin 2017-ci ild\u0259 \u00fcz\u0259 \u00e7\u0131xard\u0131\u011f\u0131 \u00e7oxm\u0259qs\u0259dli maliyy\u0259 ax\u0131n\u0131 \u00fc\u00e7\u00fcn vasit\u0259\u00e7i olan \u201cAz\u0259rbaycan\u0131n Pulyuyan Ma\u015f\u0131n\u0131\u201dn\u0131n bir hiss\u0259si oldu\u011funu ortaya \u00e7\u0131xar\u0131b. Bu sistem \u00f6lk\u0259nin hakim elitas\u0131n\u0131n pulu m\u0259nims\u0259m\u0259sin\u0259, vergil\u0259rd\u0259n yay\u0131nmas\u0131na, \u00e7irkli pullar\u0131n yuyulmas\u0131na v\u0259 Avropa Parlamentind\u0259ki mill\u0259t v\u0259kill\u0259rin\u0259 r\u00fc\u015fv\u0259t verilm\u0259sin\u0259 v\u0259 qeyri-qanuni v\u0259saitl\u0259rin Az\u0259rbaycandan da\u015f\u0131nmaz \u0259mlak ald\u0131qlar\u0131 v\u0259 d\u0259bd\u0259b\u0259li h\u0259yat ya\u015fad\u0131qlar\u0131 Q\u0259rb\u0259 y\u00f6nl\u0259ndirilm\u0259sin\u0259 imkan yarad\u0131b.\n<\/p>\n<p>\n  S\u0131zd\u0131r\u0131lan bank s\u0259n\u0259dl\u0259ri g\u00f6st\u0259rir ki, Cavadovlar ail\u0259sinin milyonlar ald\u0131\u011f\u0131 alt\u0131 \u015firk\u0259tin, habel\u0259 OCCRP-nin m\u00fc\u0259yy\u0259n ettiyi, lakin m\u00fcst\u0259ntiql\u0259r t\u0259r\u0259find\u0259n n\u0259z\u0259rd\u0259n qa\u00e7\u0131r\u0131lan yeddinci \u015firk\u0259tin, \u201cpulyuyan ma\u015f\u0131n\u201dla ba\u011fl\u0131 dig\u0259r \u015f\u00fcbh\u0259li \u0259m\u0259liyyatlarda ad\u0131 \u00e7\u0259kilib.\n<\/p>\n<p>\n  \u018fvv\u0259lki ara\u015fd\u0131rmalar bir \u00e7ox y\u00fcks\u0259k v\u0259zif\u0259li az\u0259rbaycanl\u0131n\u0131n \u201cpulyuyan ma\u015f\u0131n\u201ddan istifad\u0259 etdiyini g\u00f6st\u0259rs\u0259 d\u0259, Cavadova \u018fliyevl\u0259r ail\u0259sinin bunu h\u0259yata ke\u00e7ir\u0259n ilk \u00fczv\u00fcd\u00fcr.\n<\/p>\n<p>\n  Prezident \u0130lham \u018fliyev iyirmi ildir neftl\u0259 z\u0259ngin Qafqaz \u00f6lk\u0259sini d\u0259mir yumruqla idar\u0259 edir v\u0259 v\u0259zif\u0259d\u0259 oldu\u011fu d\u00f6vr k\u00fctl\u0259vi informasiya vasit\u0259l\u0259rinin azadl\u0131\u011f\u0131 v\u0259 insan haqlar\u0131n\u0131n pozulmas\u0131 il\u0259 yadda qal\u0131r. \u018fliyevl\u0259r ail\u0259si onun d\u00f6vr\u00fcnd\u0259 olduqca b\u00f6y\u00fck s\u0259rv\u0259t \u0259ld\u0259 edib.\n<\/p>\n<figure class=\"wp-block-image size-large\">\n  <img decoding=\"async\" src=\"https:\/\/www.meydan.tv\/az\/suleyman-with-daughters-jpeg\/\" alt=\"Suleyman-with-Daughters.jpeg\" class=\"wp-image-2998\"\/><figcaption>\n    S\u00fcleyman Cavadov q\u0131zlar\u0131 il\u0259 birlikd\u0259 h\u0259yat yolda\u015f\u0131n\u0131n atas\u0131 C\u0259lal \u018fliyevin d\u0259fn m\u0259rasimind\u0259<br \/>\n  <\/figcaption><\/figure>\n<p>\n  <b><br \/>\n    <i><br \/>\n      \u0130nand\u0131r\u0131c\u0131 \u0130zahatlar<br \/>\n    <\/i><br \/>\n  <\/b>\n<\/p>\n<p>\n  \u0130zz\u0259t Cavadova v\u0259 S\u00fcleyman Cavadov Az\u0259rbaycan\u0131n tan\u0131nm\u0131\u015f simalar\u0131 olmasa da, m\u0259rhum babas\u0131 mill\u0259t v\u0259kili, atas\u0131 is\u0259 \u00f6t\u0259n il\u0259 q\u0259d\u0259r energetika nazirinin m\u00fcavini olub.\n<\/p>\n<p>\n  Atas\u0131n\u0131n tutdu\u011fu m\u00f6vqe Cavadovu \u201csiyasi c\u0259h\u0259td\u0259n if\u015fa olunan \u015f\u0259xs\u201d edib v\u0259 o, \u00e7irkli pullar\u0131n yuyulmas\u0131na qar\u015f\u0131 m\u00fcbariz\u0259 t\u0259nziml\u0259m\u0259l\u0259rin\u0259 \u0259sas\u0259n \u0259lav\u0259 ara\u015fd\u0131rmalara m\u0259ruz qalmal\u0131 idi. Lakin MCA-nin ara\u015fd\u0131rmas\u0131na g\u00f6r\u0259 Cavadov, hesab a\u00e7d\u0131\u011f\u0131 ingilis bank\u0131 \u201cCoutts\u201da &quot;energetika nazirinin m\u00fcavini il\u0259 he\u00e7 bir \u0259laq\u0259si olmad\u0131\u011f\u0131n\u0131 v\u0259 sad\u0259c\u0259 o \u015f\u0259xsin ada\u015f\u0131 oldu\u011funu&quot; s\u00f6yl\u0259yib.\n<\/p>\n<p>\n  Cavadovlar\u0131n g\u0259lir m\u0259nb\u0259l\u0259ri bar\u0259d\u0259 banka verdikl\u0259ri izahatlar\u0131 da MCA-n\u0259 dedikl\u0259ri il\u0259 uy\u011fun g\u0259lmir. M\u00fcst\u0259ntiql\u0259r, \u0130zz\u0259t Xan\u0131m\u0131n banka Az\u0259rbaycandak\u0131 bir \u0259mlak \u015firk\u0259tind\u0259n kiray\u0259 g\u0259liri alaca\u011f\u0131n\u0131 s\u00f6yl\u0259diyini ortaya \u00e7\u0131xar\u0131b.\n<\/p>\n<p>\n  Lakin m\u0259hk\u0259m\u0259 s\u0259n\u0259dl\u0259ri onlar\u0131n ald\u0131qlar\u0131 m\u0259bl\u0259\u011fin B\u00f6y\u00fck Britaniya banklar\u0131na a\u00e7\u0131qlad\u0131qlar\u0131 kimi \u201ckiray\u0259 g\u0259lirl\u0259rind\u0259n qat-qat \u00e7ox\u201d oldu\u011funu \u00fcz\u0259 \u00e7\u0131xar\u0131b.\n<\/p>\n<p>\n  C\u00fctl\u00fck, 20 \u015firk\u0259td\u0259n ikisinin pul k\u00f6\u00e7\u00fcrm\u0259sini \u0259sasland\u0131rmaq \u00fc\u00e7\u00fcn s\u0259n\u0259d kimi 250 kiray\u0259 m\u00fcqavil\u0259si v\u0259 i\u015f m\u00fcqavil\u0259si t\u0259qdim edib. M\u0259hk\u0259m\u0259d\u0259 t\u0259qdim olunan s\u0259n\u0259dl\u0259rd\u0259 iddia olunur ki, bu ikisi birlikd\u0259 2015 v\u0259 2018 ill\u0259ri aras\u0131nda 2.4 milyon dollar pul k\u00f6\u00e7\u00fcr\u00fcb.\n<\/p>\n<p>\n  Bununla birlikd\u0259, MCA m\u0259hk\u0259m\u0259y\u0259 m\u00fcqavil\u0259l\u0259rin tarixl\u0259rinin k\u00f6\u00e7\u00fcrm\u0259l\u0259rl\u0259 \u00fcst-\u00fcst\u0259 d\u00fc\u015fm\u0259diyini v\u0259 i\u015f m\u00fcqavil\u0259sinin pul k\u00f6\u00e7\u00fcrm\u0259sinin h\u0259yata ke\u00e7irilm\u0259sind\u0259n sonrak\u0131 tarix\u0259 t\u0259sad\u00fcf etdiyini s\u00f6yl\u0259yib. Bundan \u0259lav\u0259, prokurorluq Cavadovun bu m\u00fcqavil\u0259d\u0259ki imzas\u0131n\u0131n etibarl\u0131l\u0131\u011f\u0131na v\u0259 off\u015for \u015firk\u0259tl\u0259rd\u0259n istifad\u0259 etm\u0259k niyy\u0259tin\u0259 \u015f\u00fcbh\u0259 il\u0259 yana\u015f\u0131b.\n<\/p>\n<p>\n  Onlar c\u00fctl\u00fcy\u00fcn istifad\u0259 etdiyi m\u00fcxt\u0259lif \u015firk\u0259tl\u0259rd\u0259n b\u0259hs ed\u0259r\u0259k m\u0259hk\u0259m\u0259y\u0259 bel\u0259 yaz\u0131b: &quot;Estoniyada (ya da Latviyada) bank hesab\u0131ndan istifad\u0259 ed\u0259r\u0259k Az\u0259rbaycandak\u0131 m\u00fclkl\u0259ri idar\u0259 etm\u0259kd\u0259n \u00f6tr\u00fc n\u0259 \u00fc\u00e7\u00fcn \u015eotlandiya v\u0259 ya \u0130rlandiya M\u0259hdud T\u0259r\u0259fda\u015fl\u0131q \u015firk\u0259tind\u0259n v\u0259 ya \u201cSey\u015fel\u201d \u015firk\u0259tind\u0259n istifad\u0259 edilm\u0259si haqq\u0131nda he\u00e7 bir a\u00e7\u0131qlama verilm\u0259yib?&quot;\n<\/p>\n<p>\n  MCA-nin m\u00fcst\u0259ntiql\u0259ri qeyd olunan 20 \u015firk\u0259td\u0259n he\u00e7 birinin Az\u0259rbaycanda yerl\u0259\u015fm\u0259diyini, bu s\u0259b\u0259bd\u0259n Cavadovlar\u0131n \u0259mlaklar\u0131n\u0131 kiray\u0259 g\u00f6t\u00fcrm\u0259l\u0259rinin m\u00fcmk\u00fcn olmad\u0131\u011f\u0131n\u0131 qeyd edibl\u0259r. Bu, h\u0259m d\u0259 \u00f6d\u0259ni\u015fl\u0259rin he\u00e7 birinin birba\u015fa Az\u0259rbaycandan g\u0259lm\u0259diyini g\u00f6st\u0259rir.\n<\/p>\n<p>\n  MCA-ya g\u00f6r\u0259, Cavadovlar &quot;ald\u0131qlar\u0131 pullar\u0131n kiray\u0259\u00e7il\u0259rd\u0259n deyil, qanunsuz pul yumaq m\u0259qs\u0259dil\u0259 qurulan \u015firk\u0259tl\u0259rd\u0259n ald\u0131qlar\u0131n\u0131 bilirdil\u0259r&quot;.\n<\/p>\n<figure class=\"wp-block-image size-large\">\n  <img decoding=\"async\" src=\"https:\/\/www.meydan.tv\/az\/suleyman-graveside-commemoration-jpeg\/\" alt=\"Suleyman-Graveside-Commemoration.jpeg\" class=\"wp-image-3004\"\/><figcaption>\n    S\u00fcleyman Cavadov qay\u0131natas\u0131 C\u0259lal \u018fliyev \u00fc\u00e7\u00fcn ke\u00e7iril\u0259n an\u0131m m\u0259rasimind\u0259 Az\u0259rbaycan Prezidenti \u0130lham \u018fliyevin yan\u0131nda oturur.<br \/>\n  <\/figcaption><\/figure>\n<p>\n  &quot;M\u00f6vcud m\u0259lumatlara g\u00f6r\u0259, al\u0131nan m\u0259bl\u0259\u011fl\u0259r Az\u0259rbaycandak\u0131 da\u015f\u0131nmaz \u0259mlak portfell\u0259rind\u0259n \u0259ld\u0259 edil\u0259n kiray\u0259 haqq\u0131ndan (manatla) xeyli \u00e7oxdur&quot;,- dey\u0259 m\u0259hk\u0259m\u0259 s\u0259n\u0259dl\u0259rind\u0259 qeyd olunub.\n<\/p>\n<p>\n  &quot;\u00c7ox g\u00fcman ki, onlar sad\u0259c\u0259 Az\u0259rbaycanda \u0259laq\u0259d\u0259 olduqlar\u0131 n\u00fcfuzlu \u015f\u0259xsl\u0259r t\u0259r\u0259find\u0259n v\u0259 ya onlar\u0131n ad\u0131ndan edil\u0259n \u00f6d\u0259ni\u015fl\u0259rd\u0259n faydalan\u0131rlar&quot;.\n<\/p>\n<p>\n  <b><br \/>\n    Alternativ pulk\u00f6\u00e7\u00fcrm\u0259 sistemi<br \/>\n  <\/b>\n<\/p>\n<p>\n  MCA-nin m\u00fcst\u0259ntiql\u0259ri Cavadovlar\u0131n istifad\u0259 etdiyi v\u0259 pul transferl\u0259ri \u00fc\u00e7\u00fcn vasit\u0259\u00e7i olan \u015firk\u0259tl\u0259rd\u0259n birinin Cavadovlar \u015firk\u0259ti v\u0259 \u0259mlaklar\u0131n idar\u0259 edilm\u0259siyl\u0259 \u0259laq\u0259si olmad\u0131\u011f\u0131n\u0131 qeyd edib.\n<\/p>\n<p>\n  M\u0259s\u0259l\u0259n, onlar bu \u015firk\u0259tin Az\u0259rbaycana fiber optik kabel t\u0259dar\u00fck ed\u0259n ba\u015fqa bir \u015firk\u0259t\u0259 pul verdiyini bildirib. Fakturan\u0131n \u00fcz\u0259rind\u0259 ad\u0131 olan \u015f\u0259xs is\u0259 Az\u0259rbaycan G\u0259ncl\u0259r v\u0259 \u0130dman Nazirliyinin \u0259m\u0259kda\u015f\u0131 olub.\n<\/p>\n<p>\n  &quot;Bu, \u201cpulyuyan ma\u015f\u0131n\u201da uy\u011fun olaraq qanuni ticar\u0259t fakturalar\u0131nda g\u00f6st\u0259ril\u0259n \u00f6d\u0259ni\u015fl\u0259ri etm\u0259k \u00fc\u00e7\u00fcn istifad\u0259 olunan alternativ bir pulk\u00f6\u00e7\u00fcrm\u0259 sistemidir&quot;,- dey\u0259 m\u00fcst\u0259ntiql\u0259r qeyd edib.\n<\/p>\n<p>\n  &quot;Bu halda, Az\u0259rbaycan d\u00f6vl\u0259t m\u00fc\u0259ssis\u0259sin\u0259 verilmi\u015f mallara g\u00f6r\u0259 \u0259vv\u0259lc\u0259d\u0259n \u00f6d\u0259ni\u015fl\u0259rin edilm\u0259si \u00fc\u00e7\u00fcn istifad\u0259 olundu\u011fu g\u00f6r\u00fcn\u00fcr&quot;, &#8211; onlar \u0259lav\u0259 edib.\n<\/p>\n<p>\n  Cavadovlar ail\u0259si dig\u0259r 18 \u015firk\u0259t bar\u0259d\u0259 he\u00e7 bir a\u00e7\u0131qlama verm\u0259yib v\u0259 onlar\u0131 tan\u0131d\u0131qlar\u0131n\u0131 inkar edibl\u0259r. MCA-nin \u0259ld\u0259 etdiyi s\u0259n\u0259dl\u0259r\u0259 g\u00f6r\u0259, S\u00fcleyman Cavadovun 2012 v\u0259 2013-c\u00fc ill\u0259rd\u0259 banka verdiyi izahatda, \u00fc\u00e7 \u015firk\u0259tin onunla ticar\u0259t \u0259laq\u0259l\u0259ri olan broker \u015firk\u0259ti oldu\u011funu bildirdiyini n\u0259z\u0259r\u0259 alsaq, bu, m\u00fcbahis\u0259li g\u00f6r\u00fcn\u00fcr.\n<\/p>\n<p>\n  Britanyal\u0131 m\u00fcst\u0259ntiql\u0259r Cavadovlar\u0131n Az\u0259rbaycanda qanuni g\u0259lir m\u0259nb\u0259yi olub-olmad\u0131\u011f\u0131n\u0131 m\u00fc\u0259yy\u0259nl\u0259\u015fdirm\u0259yibl\u0259r v\u0259 bunun istintaq\u0131n h\u00fcdudlar\u0131ndan k\u0259narda oldu\u011funu deyibl\u0259r. Lakin m\u00fcst\u0259ntiql\u0259r Cavadovlar\u0131n h\u0259r\u00e7\u0259nd &quot;kiray\u0259 g\u0259liri&quot; v\u0259 &quot;b\u00f6y\u00fck s\u0259rv\u0259t \u0259ld\u0259 etm\u0259k&quot; imkanlar\u0131na sahib olsalar da, \u0130ngilt\u0259r\u0259d\u0259ki hesablar\u0131na k\u00f6\u00e7\u00fcr\u00fcl\u0259n v\u0259saitl\u0259rin \u0259mlak g\u0259liri olma ehtimal\u0131n\u0131n olmad\u0131\u011f\u0131n\u0131 qeyd edibl\u0259r.\n<\/p>\n<p>\n  &quot;M\u0259hk\u0259m\u0259d\u0259n qald\u0131r\u0131lacaq sual Britanyada al\u0131nan v\u0259saitin ba\u015fqa (daha \u00e7ox birba\u015fa) m\u0259nb\u0259d\u0259n g\u0259lib- g\u0259lm\u0259diyi v\u0259 qanunsuz olaraq \u0259ld\u0259 edilib- edilm\u0259diyi bar\u0259d\u0259 olmal\u0131d\u0131r&quot;,- dey\u0259 m\u00fcst\u0259ntiql\u0259r m\u00fcbahis\u0259 edibl\u0259r.\n<\/p>\n<p>\n  Cavadovlar\u0131n bank hesablar\u0131na yat\u0131r\u0131lan v\u0259 MCA t\u0259r\u0259find\u0259n dondurulmu\u015f 6,5 \u200b\u200bmilyon funt sterlinq (9,2 milyon dollar) bar\u0259d\u0259 hakim t\u0259r\u0259find\u0259n q\u0259rar veril\u0259c\u0259k. \u0130\u015f \u00fczr\u0259 m\u0259hk\u0259m\u0259 dinl\u0259m\u0259l\u0259ri iyul ay\u0131nda ba\u015flayacaq.<\/p>\n","protected":false},"excerpt":{"rendered":"<p>\u201cMikaela Jav\u201d, uzun m\u00fcdd\u0259tdir co\u015f\u011fulu gec\u0259 h\u0259yat\u0131 il\u0259 tan\u0131nan \u0130spaniyan\u0131n \u0130biza adas\u0131nda yoluxucu elektronik musiqi s\u0259sl\u0259ndir\u0259n DJ kimi ad \u00e7\u0131xar\u0131b<\/p>\n","protected":false},"author":11,"featured_media":207320,"comment_status":"closed","ping_status":"open","sticky":false,"template":"","format":"standard","meta":{"_acf_changed":false,"_sitemap_exclude":false,"_sitemap_priority":"","_sitemap_frequency":"","footnotes":""},"categories":[55],"tags":[],"class_list":["post-211807","post","type-post","status-publish","format-standard","has-post-thumbnail","hentry","category-arasdirma","infinite-scroll-item","generate-columns","tablet-grid-50","mobile-grid-100","grid-parent","grid-33","no-featured-image-padding"],"acf":[],"yoast_head":"<!-- This site is optimized with the Yoast SEO plugin v27.4 - https:\/\/yoast.com\/product\/yoast-seo-wordpress\/ -->\n<title>Prezident \u018fliyevin \u0259misi q\u0131z\u0131n\u0131n \u015f\u00fcbh\u0259li g\u0259lirl\u0259ri - MEYDAN.TV<\/title>\n<meta name=\"robots\" content=\"index, follow, max-snippet:-1, max-image-preview:large, max-video-preview:-1\" \/>\n<link rel=\"canonical\" href=\"https:\/\/www.meydan.tv\/az\/article\/prezident-eliyevin-emisi-qizinin-subheli-gelirleri\/\" \/>\n<meta property=\"og:locale\" content=\"az_AZ\" \/>\n<meta property=\"og:type\" content=\"article\" \/>\n<meta property=\"og:title\" content=\"Prezident \u018fliyevin \u0259misi q\u0131z\u0131n\u0131n \u015f\u00fcbh\u0259li g\u0259lirl\u0259ri - MEYDAN.TV\" \/>\n<meta property=\"og:description\" content=\"\u201cMikaela Jav\u201d, uzun m\u00fcdd\u0259tdir co\u015f\u011fulu gec\u0259 h\u0259yat\u0131 il\u0259 tan\u0131nan \u0130spaniyan\u0131n \u0130biza adas\u0131nda yoluxucu elektronik musiqi s\u0259sl\u0259ndir\u0259n DJ kimi ad \u00e7\u0131xar\u0131b\" \/>\n<meta property=\"og:url\" content=\"https:\/\/www.meydan.tv\/az\/article\/prezident-eliyevin-emisi-qizinin-subheli-gelirleri\/\" \/>\n<meta property=\"og:site_name\" content=\"MEYDAN.TV\" \/>\n<meta property=\"article:published_time\" content=\"2021-07-01T17:12:08+00:00\" \/>\n<meta property=\"og:image\" content=\"https:\/\/www.meydan.tv\/wp-content\/uploads\/mikaela-welcometoibiza2.jpeg\" \/>\n\t<meta property=\"og:image:width\" content=\"960\" \/>\n\t<meta property=\"og:image:height\" content=\"641\" \/>\n\t<meta property=\"og:image:type\" content=\"image\/jpeg\" \/>\n<meta name=\"author\" content=\"user-manager\" \/>\n<meta name=\"twitter:card\" content=\"summary_large_image\" \/>\n<script type=\"application\/ld+json\" class=\"yoast-schema-graph\">{\"@context\":\"https:\\\/\\\/schema.org\",\"@graph\":[{\"@type\":\"Article\",\"@id\":\"https:\\\/\\\/www.meydan.tv\\\/az\\\/article\\\/prezident-eliyevin-emisi-qizinin-subheli-gelirleri\\\/#article\",\"isPartOf\":{\"@id\":\"https:\\\/\\\/www.meydan.tv\\\/az\\\/article\\\/prezident-eliyevin-emisi-qizinin-subheli-gelirleri\\\/\"},\"author\":{\"name\":\"user-manager\",\"@id\":\"https:\\\/\\\/www.meydan.tv\\\/az\\\/#\\\/schema\\\/person\\\/10d11eccf6da3662cf5fdab9806ea91a\"},\"headline\":\"Prezident \u018fliyevin \u0259misi q\u0131z\u0131n\u0131n \u015f\u00fcbh\u0259li g\u0259lirl\u0259ri\",\"datePublished\":\"2021-07-01T17:12:08+00:00\",\"mainEntityOfPage\":{\"@id\":\"https:\\\/\\\/www.meydan.tv\\\/az\\\/article\\\/prezident-eliyevin-emisi-qizinin-subheli-gelirleri\\\/\"},\"wordCount\":1795,\"publisher\":{\"@id\":\"https:\\\/\\\/www.meydan.tv\\\/az\\\/#organization\"},\"image\":{\"@id\":\"https:\\\/\\\/www.meydan.tv\\\/az\\\/article\\\/prezident-eliyevin-emisi-qizinin-subheli-gelirleri\\\/#primaryimage\"},\"thumbnailUrl\":\"https:\\\/\\\/www.meydan.tv\\\/wp-content\\\/uploads\\\/mikaela-welcometoibiza2.jpeg\",\"articleSection\":[\"Ara\u015fd\u0131rma\"],\"inLanguage\":\"az\"},{\"@type\":\"WebPage\",\"@id\":\"https:\\\/\\\/www.meydan.tv\\\/az\\\/article\\\/prezident-eliyevin-emisi-qizinin-subheli-gelirleri\\\/\",\"url\":\"https:\\\/\\\/www.meydan.tv\\\/az\\\/article\\\/prezident-eliyevin-emisi-qizinin-subheli-gelirleri\\\/\",\"name\":\"Prezident \u018fliyevin \u0259misi q\u0131z\u0131n\u0131n \u015f\u00fcbh\u0259li g\u0259lirl\u0259ri - MEYDAN.TV\",\"isPartOf\":{\"@id\":\"https:\\\/\\\/www.meydan.tv\\\/az\\\/#website\"},\"primaryImageOfPage\":{\"@id\":\"https:\\\/\\\/www.meydan.tv\\\/az\\\/article\\\/prezident-eliyevin-emisi-qizinin-subheli-gelirleri\\\/#primaryimage\"},\"image\":{\"@id\":\"https:\\\/\\\/www.meydan.tv\\\/az\\\/article\\\/prezident-eliyevin-emisi-qizinin-subheli-gelirleri\\\/#primaryimage\"},\"thumbnailUrl\":\"https:\\\/\\\/www.meydan.tv\\\/wp-content\\\/uploads\\\/mikaela-welcometoibiza2.jpeg\",\"datePublished\":\"2021-07-01T17:12:08+00:00\",\"breadcrumb\":{\"@id\":\"https:\\\/\\\/www.meydan.tv\\\/az\\\/article\\\/prezident-eliyevin-emisi-qizinin-subheli-gelirleri\\\/#breadcrumb\"},\"inLanguage\":\"az\",\"potentialAction\":[{\"@type\":\"ReadAction\",\"target\":[\"https:\\\/\\\/www.meydan.tv\\\/az\\\/article\\\/prezident-eliyevin-emisi-qizinin-subheli-gelirleri\\\/\"]}]},{\"@type\":\"ImageObject\",\"inLanguage\":\"az\",\"@id\":\"https:\\\/\\\/www.meydan.tv\\\/az\\\/article\\\/prezident-eliyevin-emisi-qizinin-subheli-gelirleri\\\/#primaryimage\",\"url\":\"https:\\\/\\\/www.meydan.tv\\\/wp-content\\\/uploads\\\/mikaela-welcometoibiza2.jpeg\",\"contentUrl\":\"https:\\\/\\\/www.meydan.tv\\\/wp-content\\\/uploads\\\/mikaela-welcometoibiza2.jpeg\",\"width\":960,\"height\":641,\"caption\":\"Source: a\"},{\"@type\":\"BreadcrumbList\",\"@id\":\"https:\\\/\\\/www.meydan.tv\\\/az\\\/article\\\/prezident-eliyevin-emisi-qizinin-subheli-gelirleri\\\/#breadcrumb\",\"itemListElement\":[{\"@type\":\"ListItem\",\"position\":1,\"name\":\"Ana s\u0259hif\u0259\",\"item\":\"https:\\\/\\\/www.meydan.tv\\\/az\\\/\"},{\"@type\":\"ListItem\",\"position\":2,\"name\":\"Ara\u015fd\u0131rma\",\"item\":\"https:\\\/\\\/www.meydan.tv\\\/az\\\/section\\\/arasdirma\\\/\"},{\"@type\":\"ListItem\",\"position\":3,\"name\":\"Prezident \u018fliyevin \u0259misi q\u0131z\u0131n\u0131n \u015f\u00fcbh\u0259li g\u0259lirl\u0259ri\"}]},{\"@type\":\"WebSite\",\"@id\":\"https:\\\/\\\/www.meydan.tv\\\/az\\\/#website\",\"url\":\"https:\\\/\\\/www.meydan.tv\\\/az\\\/\",\"name\":\"MEYDAN.TV\",\"description\":\"Meydan TV Az\u0259rbaycan\u0131n media m\u0259kan\u0131ndak\u0131 alternativ s\u0259sidir\",\"publisher\":{\"@id\":\"https:\\\/\\\/www.meydan.tv\\\/az\\\/#organization\"},\"potentialAction\":[{\"@type\":\"SearchAction\",\"target\":{\"@type\":\"EntryPoint\",\"urlTemplate\":\"https:\\\/\\\/www.meydan.tv\\\/az\\\/?s={search_term_string}\"},\"query-input\":{\"@type\":\"PropertyValueSpecification\",\"valueRequired\":true,\"valueName\":\"search_term_string\"}}],\"inLanguage\":\"az\"},{\"@type\":\"Organization\",\"@id\":\"https:\\\/\\\/www.meydan.tv\\\/az\\\/#organization\",\"name\":\"Meydan TV\",\"url\":\"https:\\\/\\\/www.meydan.tv\\\/az\\\/\",\"logo\":{\"@type\":\"ImageObject\",\"inLanguage\":\"az\",\"@id\":\"https:\\\/\\\/www.meydan.tv\\\/az\\\/#\\\/schema\\\/logo\\\/image\\\/\",\"url\":\"https:\\\/\\\/www.meydan.tv\\\/wp-content\\\/uploads\\\/2021\\\/07\\\/meydan-logo.svg\",\"contentUrl\":\"https:\\\/\\\/www.meydan.tv\\\/wp-content\\\/uploads\\\/2021\\\/07\\\/meydan-logo.svg\",\"width\":195,\"height\":46,\"caption\":\"Meydan TV\"},\"image\":{\"@id\":\"https:\\\/\\\/www.meydan.tv\\\/az\\\/#\\\/schema\\\/logo\\\/image\\\/\"}},{\"@type\":\"Person\",\"@id\":\"https:\\\/\\\/www.meydan.tv\\\/az\\\/#\\\/schema\\\/person\\\/10d11eccf6da3662cf5fdab9806ea91a\",\"name\":\"user-manager\"}]}<\/script>\n<!-- \/ Yoast SEO plugin. -->","yoast_head_json":{"title":"Prezident \u018fliyevin \u0259misi q\u0131z\u0131n\u0131n \u015f\u00fcbh\u0259li g\u0259lirl\u0259ri - MEYDAN.TV","robots":{"index":"index","follow":"follow","max-snippet":"max-snippet:-1","max-image-preview":"max-image-preview:large","max-video-preview":"max-video-preview:-1"},"canonical":"https:\/\/www.meydan.tv\/az\/article\/prezident-eliyevin-emisi-qizinin-subheli-gelirleri\/","og_locale":"az_AZ","og_type":"article","og_title":"Prezident \u018fliyevin \u0259misi q\u0131z\u0131n\u0131n \u015f\u00fcbh\u0259li g\u0259lirl\u0259ri - MEYDAN.TV","og_description":"\u201cMikaela Jav\u201d, uzun m\u00fcdd\u0259tdir co\u015f\u011fulu gec\u0259 h\u0259yat\u0131 il\u0259 tan\u0131nan \u0130spaniyan\u0131n \u0130biza adas\u0131nda yoluxucu elektronik musiqi s\u0259sl\u0259ndir\u0259n DJ kimi ad \u00e7\u0131xar\u0131b","og_url":"https:\/\/www.meydan.tv\/az\/article\/prezident-eliyevin-emisi-qizinin-subheli-gelirleri\/","og_site_name":"MEYDAN.TV","article_published_time":"2021-07-01T17:12:08+00:00","og_image":[{"width":960,"height":641,"url":"https:\/\/www.meydan.tv\/wp-content\/uploads\/mikaela-welcometoibiza2.jpeg","type":"image\/jpeg"}],"author":"user-manager","twitter_card":"summary_large_image","schema":{"@context":"https:\/\/schema.org","@graph":[{"@type":"Article","@id":"https:\/\/www.meydan.tv\/az\/article\/prezident-eliyevin-emisi-qizinin-subheli-gelirleri\/#article","isPartOf":{"@id":"https:\/\/www.meydan.tv\/az\/article\/prezident-eliyevin-emisi-qizinin-subheli-gelirleri\/"},"author":{"name":"user-manager","@id":"https:\/\/www.meydan.tv\/az\/#\/schema\/person\/10d11eccf6da3662cf5fdab9806ea91a"},"headline":"Prezident \u018fliyevin \u0259misi q\u0131z\u0131n\u0131n \u015f\u00fcbh\u0259li g\u0259lirl\u0259ri","datePublished":"2021-07-01T17:12:08+00:00","mainEntityOfPage":{"@id":"https:\/\/www.meydan.tv\/az\/article\/prezident-eliyevin-emisi-qizinin-subheli-gelirleri\/"},"wordCount":1795,"publisher":{"@id":"https:\/\/www.meydan.tv\/az\/#organization"},"image":{"@id":"https:\/\/www.meydan.tv\/az\/article\/prezident-eliyevin-emisi-qizinin-subheli-gelirleri\/#primaryimage"},"thumbnailUrl":"https:\/\/www.meydan.tv\/wp-content\/uploads\/mikaela-welcometoibiza2.jpeg","articleSection":["Ara\u015fd\u0131rma"],"inLanguage":"az"},{"@type":"WebPage","@id":"https:\/\/www.meydan.tv\/az\/article\/prezident-eliyevin-emisi-qizinin-subheli-gelirleri\/","url":"https:\/\/www.meydan.tv\/az\/article\/prezident-eliyevin-emisi-qizinin-subheli-gelirleri\/","name":"Prezident \u018fliyevin \u0259misi q\u0131z\u0131n\u0131n \u015f\u00fcbh\u0259li g\u0259lirl\u0259ri - MEYDAN.TV","isPartOf":{"@id":"https:\/\/www.meydan.tv\/az\/#website"},"primaryImageOfPage":{"@id":"https:\/\/www.meydan.tv\/az\/article\/prezident-eliyevin-emisi-qizinin-subheli-gelirleri\/#primaryimage"},"image":{"@id":"https:\/\/www.meydan.tv\/az\/article\/prezident-eliyevin-emisi-qizinin-subheli-gelirleri\/#primaryimage"},"thumbnailUrl":"https:\/\/www.meydan.tv\/wp-content\/uploads\/mikaela-welcometoibiza2.jpeg","datePublished":"2021-07-01T17:12:08+00:00","breadcrumb":{"@id":"https:\/\/www.meydan.tv\/az\/article\/prezident-eliyevin-emisi-qizinin-subheli-gelirleri\/#breadcrumb"},"inLanguage":"az","potentialAction":[{"@type":"ReadAction","target":["https:\/\/www.meydan.tv\/az\/article\/prezident-eliyevin-emisi-qizinin-subheli-gelirleri\/"]}]},{"@type":"ImageObject","inLanguage":"az","@id":"https:\/\/www.meydan.tv\/az\/article\/prezident-eliyevin-emisi-qizinin-subheli-gelirleri\/#primaryimage","url":"https:\/\/www.meydan.tv\/wp-content\/uploads\/mikaela-welcometoibiza2.jpeg","contentUrl":"https:\/\/www.meydan.tv\/wp-content\/uploads\/mikaela-welcometoibiza2.jpeg","width":960,"height":641,"caption":"Source: a"},{"@type":"BreadcrumbList","@id":"https:\/\/www.meydan.tv\/az\/article\/prezident-eliyevin-emisi-qizinin-subheli-gelirleri\/#breadcrumb","itemListElement":[{"@type":"ListItem","position":1,"name":"Ana s\u0259hif\u0259","item":"https:\/\/www.meydan.tv\/az\/"},{"@type":"ListItem","position":2,"name":"Ara\u015fd\u0131rma","item":"https:\/\/www.meydan.tv\/az\/section\/arasdirma\/"},{"@type":"ListItem","position":3,"name":"Prezident \u018fliyevin \u0259misi q\u0131z\u0131n\u0131n \u015f\u00fcbh\u0259li g\u0259lirl\u0259ri"}]},{"@type":"WebSite","@id":"https:\/\/www.meydan.tv\/az\/#website","url":"https:\/\/www.meydan.tv\/az\/","name":"MEYDAN.TV","description":"Meydan TV Az\u0259rbaycan\u0131n media m\u0259kan\u0131ndak\u0131 alternativ s\u0259sidir","publisher":{"@id":"https:\/\/www.meydan.tv\/az\/#organization"},"potentialAction":[{"@type":"SearchAction","target":{"@type":"EntryPoint","urlTemplate":"https:\/\/www.meydan.tv\/az\/?s={search_term_string}"},"query-input":{"@type":"PropertyValueSpecification","valueRequired":true,"valueName":"search_term_string"}}],"inLanguage":"az"},{"@type":"Organization","@id":"https:\/\/www.meydan.tv\/az\/#organization","name":"Meydan TV","url":"https:\/\/www.meydan.tv\/az\/","logo":{"@type":"ImageObject","inLanguage":"az","@id":"https:\/\/www.meydan.tv\/az\/#\/schema\/logo\/image\/","url":"https:\/\/www.meydan.tv\/wp-content\/uploads\/2021\/07\/meydan-logo.svg","contentUrl":"https:\/\/www.meydan.tv\/wp-content\/uploads\/2021\/07\/meydan-logo.svg","width":195,"height":46,"caption":"Meydan TV"},"image":{"@id":"https:\/\/www.meydan.tv\/az\/#\/schema\/logo\/image\/"}},{"@type":"Person","@id":"https:\/\/www.meydan.tv\/az\/#\/schema\/person\/10d11eccf6da3662cf5fdab9806ea91a","name":"user-manager"}]}},"_links":{"self":[{"href":"https:\/\/www.meydan.tv\/az\/wp-json\/wp\/v2\/posts\/211807","targetHints":{"allow":["GET"]}}],"collection":[{"href":"https:\/\/www.meydan.tv\/az\/wp-json\/wp\/v2\/posts"}],"about":[{"href":"https:\/\/www.meydan.tv\/az\/wp-json\/wp\/v2\/types\/post"}],"author":[{"embeddable":true,"href":"https:\/\/www.meydan.tv\/az\/wp-json\/wp\/v2\/users\/11"}],"replies":[{"embeddable":true,"href":"https:\/\/www.meydan.tv\/az\/wp-json\/wp\/v2\/comments?post=211807"}],"version-history":[{"count":0,"href":"https:\/\/www.meydan.tv\/az\/wp-json\/wp\/v2\/posts\/211807\/revisions"}],"wp:featuredmedia":[{"embeddable":true,"href":"https:\/\/www.meydan.tv\/az\/wp-json\/wp\/v2\/media\/207320"}],"wp:attachment":[{"href":"https:\/\/www.meydan.tv\/az\/wp-json\/wp\/v2\/media?parent=211807"}],"wp:term":[{"taxonomy":"category","embeddable":true,"href":"https:\/\/www.meydan.tv\/az\/wp-json\/wp\/v2\/categories?post=211807"},{"taxonomy":"post_tag","embeddable":true,"href":"https:\/\/www.meydan.tv\/az\/wp-json\/wp\/v2\/tags?post=211807"}],"curies":[{"name":"wp","href":"https:\/\/api.w.org\/{rel}","templated":true}]}}