{"id":211742,"date":"2020-01-06T13:22:59","date_gmt":"2020-01-06T13:22:59","guid":{"rendered":"https:\/\/www.meydan.tv\/article\/avstraliyada-qati-tustu-xilasetme-islerini-cetinlesdirib\/"},"modified":"2020-01-06T13:22:59","modified_gmt":"2020-01-06T13:22:59","slug":"avstraliyada-qati-tustu-xilasetme-islerini-cetinlesdirib","status":"publish","type":"post","link":"https:\/\/www.meydan.tv\/az\/article\/avstraliyada-qati-tustu-xilasetme-islerini-cetinlesdirib\/","title":{"rendered":"Avstraliyada qat\u0131 t\u00fcst\u00fc xilasetm\u0259 i\u015fl\u0259rini \u00e7\u0259tinl\u0259\u015fdirib"},"content":{"rendered":"<p>\n  <i><br \/>\n    Yan\u011f\u0131nlar \u00f6lk\u0259 daxilind\u0259 8 milyon hektardan \u00e7ox \u0259razini \u0259hat\u0259 edib<br \/>\n  <\/i>\n<\/p>\n<p>\n  Bazar ert\u0259si g\u00fcn\u00fc Avstraliya m\u0259murlar\u0131 daha yax\u015f\u0131 hava \u015f\u0259raitind\u0259n istifad\u0259 ed\u0259r\u0259k xilasetm\u0259 i\u015fl\u0259rini s\u00fcr\u0259tl\u0259ndiribl\u0259r. \u201cReuters\u201d x\u0259b\u0259r verir ki, yan\u011f\u0131ns\u00f6nd\u00fcr\u0259nl\u0259r ba\u011fl\u0131 yollar\u0131 a\u00e7araq insanlar\u0131 t\u0259hl\u00fck\u0259siz yerl\u0259r\u0259 da\u015f\u0131y\u0131blar. Y\u00fczl\u0259rl\u0259 insan\u0131n \u00e7\u0131x\u0131lmaz v\u0259ziyy\u0259td\u0259 qald\u0131\u011f\u0131 bildirilir.\n<\/p>\n<p>\n  Yan\u011f\u0131nlar \u00f6lk\u0259 daxilind\u0259 8 milyon hektardan \u00e7ox \u0259razini \u0259hat\u0259 edib. Bu, t\u0259xmin\u0259n Avstriyan\u0131n \u0259razisi q\u0259d\u0259rdir. Yan\u011f\u0131nlarda 25 adam \u00f6l\u00fcb, minl\u0259rl\u0259 binan\u0131 m\u0259hv edilib v\u0259 b\u0259zi \u015f\u0259h\u0259rl\u0259r elektrik v\u0259 mobil \u0259hat\u0259siz qal\u0131b.\n<\/p>\n<p>\n  Bazar ert\u0259si g\u00fcn\u00fc polis dekabr\u0131n 31-d\u0259 itkin d\u00fc\u015fd\u00fcy\u00fc bildiril\u0259n 71 ya\u015fl\u0131 bir ki\u015finin \u00f6ld\u00fcy\u00fcn\u00fc t\u0259sdiql\u0259yib.\n<\/p>\n<p>\n  \u0130kinci g\u00fcn davam ed\u0259n y\u00fcng\u00fcl ya\u011f\u0131\u015f v\u0259 s\u0259rin k\u00fcl\u0259k h\u0259ft\u0259 sonu iki \u0259yal\u0259tin b\u00f6y\u00fck hiss\u0259sini \u0259l\u0259 ke\u00e7irmi\u015f alovlarla m\u00fcbariz\u0259d\u0259 rahatl\u0131q g\u0259tirib. Ancaq r\u0259smil\u0259r bu h\u0259ft\u0259 t\u0259hl\u00fck\u0259li havan\u0131n yenid\u0259n geri d\u00f6n\u0259c\u0259yi x\u0259b\u0259rini verib.\n<\/p>\n<p>\n  Viktoriya \u0259yal\u0259tinin Ba\u015f naziri Daniel Endryu (Andrews) bazar g\u00fcn\u00fc ki\u00e7ik t\u0259til \u015f\u0259h\u0259ri olan Mallacootadan t\u0259xmin\u0259n 400 adam\u0131n hava yolu il\u0259 k\u00f6\u00e7\u00fcr\u00fcld\u00fcy\u00fcn\u00fc deyib.\n<\/p>\n<p>\n  \u201cBu g\u00fcn daha 300 n\u0259f\u0259ri t\u0259yyar\u0259 il\u0259 g\u0259tirm\u0259k plan\u0131m\u0131z var. T\u0259\u0259ss\u00fcf ki, qat\u0131 t\u00fcst\u00fc buna imkan vermir\u201d,- o deyib.\n<\/p>\n<p>\n  H\u00f6kum\u0259tinin iqlim d\u0259yi\u015fikliyini h\u0259ll ed\u0259 bilm\u0259m\u0259sin\u0259 g\u00f6r\u0259 t\u0259nqidl\u0259r\u0259 m\u0259ruz qalan Ba\u015f nazir Skot Morrison (Scott Morrison) iki il \u0259rzind\u0259 yeni yarad\u0131lm\u0131\u015f Milli S\u00f6nd\u00fcr\u00fclm\u0259si \u00c7\u0259tin Yan\u011f\u0131n v\u0259 B\u0259rpa Agentliyi \u00fc\u00e7\u00fcn 2 milyard dollar ay\u0131rd\u0131\u011f\u0131n\u0131 elan edib.\n<\/p>\n<p>\n  \u201cBurada diqq\u0259timizi \u00e7\u0259k\u0259n insan faktoru v\u0259 insanlar\u0131n h\u0259yat\u0131 \u00fc\u00e7\u00fcn yenid\u0259n b\u0259rpad\u0131r\u201d, &#8211; Morrison Kanberada (Canberra) jurnalistl\u0259r\u0259 deyib.\n<\/p>\n<p>\n  O deyib ki, yan\u011f\u0131nda 4000-\u0259 yax\u0131n mal-qara v\u0259 qoyun t\u0259l\u0259f olub. Says\u0131z-hesabs\u0131z v\u0259h\u015fi heyvan \u00f6ld\u00fcr\u00fcl\u00fcb.\n<\/p>\n<p>\n  S\u00f6nd\u00fcr\u00fclm\u0259si \u00e7\u0259tin yan\u011f\u0131nlar m\u00f6vs\u00fcm\u00fc bu il normaldan daha erk\u0259n, \u00f6lk\u0259nin b\u00f6y\u00fck qismini \u0259had\u0259 ed\u0259n \u00fc\u00e7 illik quraql\u0131qdan sonra ba\u015flay\u0131b.<\/p>\n","protected":false},"excerpt":{"rendered":"<p>Yan\u011f\u0131nlar \u00f6lk\u0259 daxilind\u0259 8 milyon hektardan \u00e7ox \u0259razini \u0259hat\u0259 edib<\/p>\n","protected":false},"author":11,"featured_media":207188,"comment_status":"closed","ping_status":"open","sticky":false,"template":"","format":"standard","meta":{"_acf_changed":false,"_sitemap_exclude":false,"_sitemap_priority":"","_sitemap_frequency":"","footnotes":""},"categories":[64],"tags":[],"class_list":["post-211742","post","type-post","status-publish","format-standard","has-post-thumbnail","hentry","category-dunya","infinite-scroll-item","generate-columns","tablet-grid-50","mobile-grid-100","grid-parent","grid-33","no-featured-image-padding"],"acf":[],"yoast_head":"<!-- This site is optimized with the Yoast SEO plugin v27.5 - https:\/\/yoast.com\/product\/yoast-seo-wordpress\/ -->\n<title>Avstraliyada qat\u0131 t\u00fcst\u00fc xilasetm\u0259 i\u015fl\u0259rini \u00e7\u0259tinl\u0259\u015fdirib - MEYDAN.TV<\/title>\n<meta name=\"robots\" content=\"index, follow, max-snippet:-1, max-image-preview:large, max-video-preview:-1\" \/>\n<link rel=\"canonical\" href=\"https:\/\/www.meydan.tv\/az\/article\/avstraliyada-qati-tustu-xilasetme-islerini-cetinlesdirib\/\" \/>\n<meta property=\"og:locale\" content=\"az_AZ\" \/>\n<meta property=\"og:type\" content=\"article\" \/>\n<meta property=\"og:title\" content=\"Avstraliyada qat\u0131 t\u00fcst\u00fc xilasetm\u0259 i\u015fl\u0259rini \u00e7\u0259tinl\u0259\u015fdirib - MEYDAN.TV\" \/>\n<meta property=\"og:description\" content=\"Yan\u011f\u0131nlar \u00f6lk\u0259 daxilind\u0259 8 milyon hektardan \u00e7ox \u0259razini \u0259hat\u0259 edib\" \/>\n<meta property=\"og:url\" content=\"https:\/\/www.meydan.tv\/az\/article\/avstraliyada-qati-tustu-xilasetme-islerini-cetinlesdirib\/\" \/>\n<meta property=\"og:site_name\" content=\"MEYDAN.TV\" \/>\n<meta property=\"article:published_time\" content=\"2020-01-06T13:22:59+00:00\" \/>\n<meta property=\"og:image\" content=\"https:\/\/www.meydan.tv\/wp-content\/uploads\/science_astralianfires_gettyimages-1191119035.jpg\" \/>\n\t<meta property=\"og:image:width\" content=\"2300\" \/>\n\t<meta property=\"og:image:height\" content=\"1533\" \/>\n\t<meta property=\"og:image:type\" content=\"image\/jpeg\" \/>\n<meta name=\"author\" content=\"user-manager\" \/>\n<meta name=\"twitter:card\" content=\"summary_large_image\" \/>\n<script type=\"application\/ld+json\" class=\"yoast-schema-graph\">{\"@context\":\"https:\\\/\\\/schema.org\",\"@graph\":[{\"@type\":\"Article\",\"@id\":\"https:\\\/\\\/www.meydan.tv\\\/az\\\/article\\\/avstraliyada-qati-tustu-xilasetme-islerini-cetinlesdirib\\\/#article\",\"isPartOf\":{\"@id\":\"https:\\\/\\\/www.meydan.tv\\\/az\\\/article\\\/avstraliyada-qati-tustu-xilasetme-islerini-cetinlesdirib\\\/\"},\"author\":{\"name\":\"user-manager\",\"@id\":\"https:\\\/\\\/www.meydan.tv\\\/az\\\/#\\\/schema\\\/person\\\/10d11eccf6da3662cf5fdab9806ea91a\"},\"headline\":\"Avstraliyada qat\u0131 t\u00fcst\u00fc xilasetm\u0259 i\u015fl\u0259rini \u00e7\u0259tinl\u0259\u015fdirib\",\"datePublished\":\"2020-01-06T13:22:59+00:00\",\"mainEntityOfPage\":{\"@id\":\"https:\\\/\\\/www.meydan.tv\\\/az\\\/article\\\/avstraliyada-qati-tustu-xilasetme-islerini-cetinlesdirib\\\/\"},\"wordCount\":418,\"publisher\":{\"@id\":\"https:\\\/\\\/www.meydan.tv\\\/az\\\/#organization\"},\"image\":{\"@id\":\"https:\\\/\\\/www.meydan.tv\\\/az\\\/article\\\/avstraliyada-qati-tustu-xilasetme-islerini-cetinlesdirib\\\/#primaryimage\"},\"thumbnailUrl\":\"https:\\\/\\\/www.meydan.tv\\\/wp-content\\\/uploads\\\/science_astralianfires_gettyimages-1191119035.jpg\",\"articleSection\":[\"D\u00fcnya\"],\"inLanguage\":\"az\"},{\"@type\":\"WebPage\",\"@id\":\"https:\\\/\\\/www.meydan.tv\\\/az\\\/article\\\/avstraliyada-qati-tustu-xilasetme-islerini-cetinlesdirib\\\/\",\"url\":\"https:\\\/\\\/www.meydan.tv\\\/az\\\/article\\\/avstraliyada-qati-tustu-xilasetme-islerini-cetinlesdirib\\\/\",\"name\":\"Avstraliyada qat\u0131 t\u00fcst\u00fc xilasetm\u0259 i\u015fl\u0259rini \u00e7\u0259tinl\u0259\u015fdirib - MEYDAN.TV\",\"isPartOf\":{\"@id\":\"https:\\\/\\\/www.meydan.tv\\\/az\\\/#website\"},\"primaryImageOfPage\":{\"@id\":\"https:\\\/\\\/www.meydan.tv\\\/az\\\/article\\\/avstraliyada-qati-tustu-xilasetme-islerini-cetinlesdirib\\\/#primaryimage\"},\"image\":{\"@id\":\"https:\\\/\\\/www.meydan.tv\\\/az\\\/article\\\/avstraliyada-qati-tustu-xilasetme-islerini-cetinlesdirib\\\/#primaryimage\"},\"thumbnailUrl\":\"https:\\\/\\\/www.meydan.tv\\\/wp-content\\\/uploads\\\/science_astralianfires_gettyimages-1191119035.jpg\",\"datePublished\":\"2020-01-06T13:22:59+00:00\",\"breadcrumb\":{\"@id\":\"https:\\\/\\\/www.meydan.tv\\\/az\\\/article\\\/avstraliyada-qati-tustu-xilasetme-islerini-cetinlesdirib\\\/#breadcrumb\"},\"inLanguage\":\"az\",\"potentialAction\":[{\"@type\":\"ReadAction\",\"target\":[\"https:\\\/\\\/www.meydan.tv\\\/az\\\/article\\\/avstraliyada-qati-tustu-xilasetme-islerini-cetinlesdirib\\\/\"]}]},{\"@type\":\"ImageObject\",\"inLanguage\":\"az\",\"@id\":\"https:\\\/\\\/www.meydan.tv\\\/az\\\/article\\\/avstraliyada-qati-tustu-xilasetme-islerini-cetinlesdirib\\\/#primaryimage\",\"url\":\"https:\\\/\\\/www.meydan.tv\\\/wp-content\\\/uploads\\\/science_astralianfires_gettyimages-1191119035.jpg\",\"contentUrl\":\"https:\\\/\\\/www.meydan.tv\\\/wp-content\\\/uploads\\\/science_astralianfires_gettyimages-1191119035.jpg\",\"width\":2300,\"height\":1533,\"caption\":\"Source: google\"},{\"@type\":\"BreadcrumbList\",\"@id\":\"https:\\\/\\\/www.meydan.tv\\\/az\\\/article\\\/avstraliyada-qati-tustu-xilasetme-islerini-cetinlesdirib\\\/#breadcrumb\",\"itemListElement\":[{\"@type\":\"ListItem\",\"position\":1,\"name\":\"Ana s\u0259hif\u0259\",\"item\":\"https:\\\/\\\/www.meydan.tv\\\/az\\\/\"},{\"@type\":\"ListItem\",\"position\":2,\"name\":\"D\u00fcnya\",\"item\":\"https:\\\/\\\/www.meydan.tv\\\/az\\\/section\\\/dunya\\\/\"},{\"@type\":\"ListItem\",\"position\":3,\"name\":\"Avstraliyada qat\u0131 t\u00fcst\u00fc xilasetm\u0259 i\u015fl\u0259rini \u00e7\u0259tinl\u0259\u015fdirib\"}]},{\"@type\":\"WebSite\",\"@id\":\"https:\\\/\\\/www.meydan.tv\\\/az\\\/#website\",\"url\":\"https:\\\/\\\/www.meydan.tv\\\/az\\\/\",\"name\":\"MEYDAN.TV\",\"description\":\"Meydan TV Az\u0259rbaycan\u0131n media m\u0259kan\u0131ndak\u0131 alternativ s\u0259sidir\",\"publisher\":{\"@id\":\"https:\\\/\\\/www.meydan.tv\\\/az\\\/#organization\"},\"potentialAction\":[{\"@type\":\"SearchAction\",\"target\":{\"@type\":\"EntryPoint\",\"urlTemplate\":\"https:\\\/\\\/www.meydan.tv\\\/az\\\/?s={search_term_string}\"},\"query-input\":{\"@type\":\"PropertyValueSpecification\",\"valueRequired\":true,\"valueName\":\"search_term_string\"}}],\"inLanguage\":\"az\"},{\"@type\":\"Organization\",\"@id\":\"https:\\\/\\\/www.meydan.tv\\\/az\\\/#organization\",\"name\":\"Meydan TV\",\"url\":\"https:\\\/\\\/www.meydan.tv\\\/az\\\/\",\"logo\":{\"@type\":\"ImageObject\",\"inLanguage\":\"az\",\"@id\":\"https:\\\/\\\/www.meydan.tv\\\/az\\\/#\\\/schema\\\/logo\\\/image\\\/\",\"url\":\"https:\\\/\\\/www.meydan.tv\\\/wp-content\\\/uploads\\\/2021\\\/07\\\/meydan-logo.svg\",\"contentUrl\":\"https:\\\/\\\/www.meydan.tv\\\/wp-content\\\/uploads\\\/2021\\\/07\\\/meydan-logo.svg\",\"width\":195,\"height\":46,\"caption\":\"Meydan TV\"},\"image\":{\"@id\":\"https:\\\/\\\/www.meydan.tv\\\/az\\\/#\\\/schema\\\/logo\\\/image\\\/\"}},{\"@type\":\"Person\",\"@id\":\"https:\\\/\\\/www.meydan.tv\\\/az\\\/#\\\/schema\\\/person\\\/10d11eccf6da3662cf5fdab9806ea91a\",\"name\":\"user-manager\"}]}<\/script>\n<!-- \/ Yoast SEO plugin. -->","yoast_head_json":{"title":"Avstraliyada qat\u0131 t\u00fcst\u00fc xilasetm\u0259 i\u015fl\u0259rini \u00e7\u0259tinl\u0259\u015fdirib - MEYDAN.TV","robots":{"index":"index","follow":"follow","max-snippet":"max-snippet:-1","max-image-preview":"max-image-preview:large","max-video-preview":"max-video-preview:-1"},"canonical":"https:\/\/www.meydan.tv\/az\/article\/avstraliyada-qati-tustu-xilasetme-islerini-cetinlesdirib\/","og_locale":"az_AZ","og_type":"article","og_title":"Avstraliyada qat\u0131 t\u00fcst\u00fc xilasetm\u0259 i\u015fl\u0259rini \u00e7\u0259tinl\u0259\u015fdirib - MEYDAN.TV","og_description":"Yan\u011f\u0131nlar \u00f6lk\u0259 daxilind\u0259 8 milyon hektardan \u00e7ox \u0259razini \u0259hat\u0259 edib","og_url":"https:\/\/www.meydan.tv\/az\/article\/avstraliyada-qati-tustu-xilasetme-islerini-cetinlesdirib\/","og_site_name":"MEYDAN.TV","article_published_time":"2020-01-06T13:22:59+00:00","og_image":[{"width":2300,"height":1533,"url":"https:\/\/www.meydan.tv\/wp-content\/uploads\/science_astralianfires_gettyimages-1191119035.jpg","type":"image\/jpeg"}],"author":"user-manager","twitter_card":"summary_large_image","schema":{"@context":"https:\/\/schema.org","@graph":[{"@type":"Article","@id":"https:\/\/www.meydan.tv\/az\/article\/avstraliyada-qati-tustu-xilasetme-islerini-cetinlesdirib\/#article","isPartOf":{"@id":"https:\/\/www.meydan.tv\/az\/article\/avstraliyada-qati-tustu-xilasetme-islerini-cetinlesdirib\/"},"author":{"name":"user-manager","@id":"https:\/\/www.meydan.tv\/az\/#\/schema\/person\/10d11eccf6da3662cf5fdab9806ea91a"},"headline":"Avstraliyada qat\u0131 t\u00fcst\u00fc xilasetm\u0259 i\u015fl\u0259rini \u00e7\u0259tinl\u0259\u015fdirib","datePublished":"2020-01-06T13:22:59+00:00","mainEntityOfPage":{"@id":"https:\/\/www.meydan.tv\/az\/article\/avstraliyada-qati-tustu-xilasetme-islerini-cetinlesdirib\/"},"wordCount":418,"publisher":{"@id":"https:\/\/www.meydan.tv\/az\/#organization"},"image":{"@id":"https:\/\/www.meydan.tv\/az\/article\/avstraliyada-qati-tustu-xilasetme-islerini-cetinlesdirib\/#primaryimage"},"thumbnailUrl":"https:\/\/www.meydan.tv\/wp-content\/uploads\/science_astralianfires_gettyimages-1191119035.jpg","articleSection":["D\u00fcnya"],"inLanguage":"az"},{"@type":"WebPage","@id":"https:\/\/www.meydan.tv\/az\/article\/avstraliyada-qati-tustu-xilasetme-islerini-cetinlesdirib\/","url":"https:\/\/www.meydan.tv\/az\/article\/avstraliyada-qati-tustu-xilasetme-islerini-cetinlesdirib\/","name":"Avstraliyada qat\u0131 t\u00fcst\u00fc xilasetm\u0259 i\u015fl\u0259rini \u00e7\u0259tinl\u0259\u015fdirib - MEYDAN.TV","isPartOf":{"@id":"https:\/\/www.meydan.tv\/az\/#website"},"primaryImageOfPage":{"@id":"https:\/\/www.meydan.tv\/az\/article\/avstraliyada-qati-tustu-xilasetme-islerini-cetinlesdirib\/#primaryimage"},"image":{"@id":"https:\/\/www.meydan.tv\/az\/article\/avstraliyada-qati-tustu-xilasetme-islerini-cetinlesdirib\/#primaryimage"},"thumbnailUrl":"https:\/\/www.meydan.tv\/wp-content\/uploads\/science_astralianfires_gettyimages-1191119035.jpg","datePublished":"2020-01-06T13:22:59+00:00","breadcrumb":{"@id":"https:\/\/www.meydan.tv\/az\/article\/avstraliyada-qati-tustu-xilasetme-islerini-cetinlesdirib\/#breadcrumb"},"inLanguage":"az","potentialAction":[{"@type":"ReadAction","target":["https:\/\/www.meydan.tv\/az\/article\/avstraliyada-qati-tustu-xilasetme-islerini-cetinlesdirib\/"]}]},{"@type":"ImageObject","inLanguage":"az","@id":"https:\/\/www.meydan.tv\/az\/article\/avstraliyada-qati-tustu-xilasetme-islerini-cetinlesdirib\/#primaryimage","url":"https:\/\/www.meydan.tv\/wp-content\/uploads\/science_astralianfires_gettyimages-1191119035.jpg","contentUrl":"https:\/\/www.meydan.tv\/wp-content\/uploads\/science_astralianfires_gettyimages-1191119035.jpg","width":2300,"height":1533,"caption":"Source: google"},{"@type":"BreadcrumbList","@id":"https:\/\/www.meydan.tv\/az\/article\/avstraliyada-qati-tustu-xilasetme-islerini-cetinlesdirib\/#breadcrumb","itemListElement":[{"@type":"ListItem","position":1,"name":"Ana s\u0259hif\u0259","item":"https:\/\/www.meydan.tv\/az\/"},{"@type":"ListItem","position":2,"name":"D\u00fcnya","item":"https:\/\/www.meydan.tv\/az\/section\/dunya\/"},{"@type":"ListItem","position":3,"name":"Avstraliyada qat\u0131 t\u00fcst\u00fc xilasetm\u0259 i\u015fl\u0259rini \u00e7\u0259tinl\u0259\u015fdirib"}]},{"@type":"WebSite","@id":"https:\/\/www.meydan.tv\/az\/#website","url":"https:\/\/www.meydan.tv\/az\/","name":"MEYDAN.TV","description":"Meydan TV Az\u0259rbaycan\u0131n media m\u0259kan\u0131ndak\u0131 alternativ s\u0259sidir","publisher":{"@id":"https:\/\/www.meydan.tv\/az\/#organization"},"potentialAction":[{"@type":"SearchAction","target":{"@type":"EntryPoint","urlTemplate":"https:\/\/www.meydan.tv\/az\/?s={search_term_string}"},"query-input":{"@type":"PropertyValueSpecification","valueRequired":true,"valueName":"search_term_string"}}],"inLanguage":"az"},{"@type":"Organization","@id":"https:\/\/www.meydan.tv\/az\/#organization","name":"Meydan TV","url":"https:\/\/www.meydan.tv\/az\/","logo":{"@type":"ImageObject","inLanguage":"az","@id":"https:\/\/www.meydan.tv\/az\/#\/schema\/logo\/image\/","url":"https:\/\/www.meydan.tv\/wp-content\/uploads\/2021\/07\/meydan-logo.svg","contentUrl":"https:\/\/www.meydan.tv\/wp-content\/uploads\/2021\/07\/meydan-logo.svg","width":195,"height":46,"caption":"Meydan TV"},"image":{"@id":"https:\/\/www.meydan.tv\/az\/#\/schema\/logo\/image\/"}},{"@type":"Person","@id":"https:\/\/www.meydan.tv\/az\/#\/schema\/person\/10d11eccf6da3662cf5fdab9806ea91a","name":"user-manager"}]}},"_links":{"self":[{"href":"https:\/\/www.meydan.tv\/az\/wp-json\/wp\/v2\/posts\/211742","targetHints":{"allow":["GET"]}}],"collection":[{"href":"https:\/\/www.meydan.tv\/az\/wp-json\/wp\/v2\/posts"}],"about":[{"href":"https:\/\/www.meydan.tv\/az\/wp-json\/wp\/v2\/types\/post"}],"author":[{"embeddable":true,"href":"https:\/\/www.meydan.tv\/az\/wp-json\/wp\/v2\/users\/11"}],"replies":[{"embeddable":true,"href":"https:\/\/www.meydan.tv\/az\/wp-json\/wp\/v2\/comments?post=211742"}],"version-history":[{"count":0,"href":"https:\/\/www.meydan.tv\/az\/wp-json\/wp\/v2\/posts\/211742\/revisions"}],"wp:featuredmedia":[{"embeddable":true,"href":"https:\/\/www.meydan.tv\/az\/wp-json\/wp\/v2\/media\/207188"}],"wp:attachment":[{"href":"https:\/\/www.meydan.tv\/az\/wp-json\/wp\/v2\/media?parent=211742"}],"wp:term":[{"taxonomy":"category","embeddable":true,"href":"https:\/\/www.meydan.tv\/az\/wp-json\/wp\/v2\/categories?post=211742"},{"taxonomy":"post_tag","embeddable":true,"href":"https:\/\/www.meydan.tv\/az\/wp-json\/wp\/v2\/tags?post=211742"}],"curies":[{"name":"wp","href":"https:\/\/api.w.org\/{rel}","templated":true}]}}