{"id":211741,"date":"2019-11-15T19:37:47","date_gmt":"2019-11-15T19:37:47","guid":{"rendered":"https:\/\/www.meydan.tv\/article\/abs-isid-mehbuslarini-iraqda-muhakime-etmek-mesuliyyetsizlikdir\/"},"modified":"2019-11-15T19:37:47","modified_gmt":"2019-11-15T19:37:47","slug":"abs-isid-mehbuslarini-iraqda-muhakime-etmek-mesuliyyetsizlikdir","status":"publish","type":"post","link":"https:\/\/www.meydan.tv\/az\/article\/abs-isid-mehbuslarini-iraqda-muhakime-etmek-mesuliyyetsizlikdir\/","title":{"rendered":"AB\u015e: \u0130\u015e\u0130D m\u0259hbuslar\u0131n\u0131 \u0130raqda m\u00fchakim\u0259 etm\u0259k m\u0259suliyy\u0259tsizlikdir"},"content":{"rendered":"<p>\n  <i><br \/>\n    \u201cKoalisiya \u00fczvl\u0259ri minl\u0259rl\u0259 d\u00f6y\u00fc\u015f\u00e7\u00fcn\u00fc n\u0259zar\u0259t\u0259 g\u00f6t\u00fcrm\u0259li v\u0259 onlar etdikl\u0259ri v\u0259h\u015filikl\u0259r\u0259 g\u00f6r\u0259 m\u0259suliyy\u0259t da\u015f\u0131mal\u0131d\u0131rlar\u201d<br \/>\n  <\/i>\n<\/p>\n<p>\n  Va\u015finqton v\u0259 onun Avropa m\u00fctt\u0259fiql\u0259ri Suriyada tutulan minl\u0259rl\u0259 yaraql\u0131 il\u0259 n\u0259 etm\u0259k bar\u0259d\u0259 fikir m\u00fcbadil\u0259si etdiyi m\u00fcdd\u0259td\u0259 AB\u015e Fransan\u0131n \u0130raqda h\u0259bsd\u0259 olan minl\u0259rl\u0259 islam\u00e7\u0131 ekstremistin m\u00fchakim\u0259 olunmas\u0131na dair t\u0259klifini m\u0259suliyy\u0259tsizlik adland\u0131r\u0131b &#8211; RFE\/RL x\u0259b\u0259r verir.\n<\/p>\n<p>\n  AB\u015e d\u00f6vl\u0259t katibi Mayk Pompeo 14 noyabrda deyib ki, \u0130slam D\u00f6vl\u0259ti (\u0130\u015e\u0130D) silahl\u0131lar\u0131na qar\u015f\u0131 m\u00fcbariz\u0259 aparan Avropa v\u0259 dig\u0259r \u00f6lk\u0259l\u0259r \u0130raq v\u0259 Suriyada tutulan \u0130\u015e\u0130D d\u00f6y\u00fc\u015f\u00e7\u00fcs\u00fc olan v\u0259t\u0259nda\u015flar\u0131n\u0131 geri almal\u0131 v\u0259 m\u00fchakim\u0259 etm\u0259lidir. Bununla qrupun m\u00fcharib\u0259 \u015f\u0259raitind\u0259 olan \u00f6lk\u0259l\u0259rd\u0259 yeni \u0259razil\u0259r \u0259l\u0259 ke\u00e7irm\u0259sinin qar\u015f\u0131s\u0131n\u0131 almaq m\u00fcmk\u00fcnd\u00fcr.\n<\/p>\n<p>\n  \u201cKoalisiya \u00fczvl\u0259ri minl\u0259rl\u0259 d\u00f6y\u00fc\u015f\u00e7\u00fcn\u00fc n\u0259zar\u0259t\u0259 g\u00f6t\u00fcrm\u0259li v\u0259 onlar etdikl\u0259ri v\u0259h\u015filikl\u0259r\u0259 g\u00f6r\u0259 m\u0259suliyy\u0259t da\u015f\u0131mal\u0131d\u0131rlar\u201d,- Pompeo deyib.\n<\/p>\n<p>\n  Fransan\u0131n t\u0259klif etdiyi Va\u015finqton sammiti zaman\u0131 30-dan \u00e7ox \u00f6lk\u0259nin r\u0259smil\u0259ri ekstremist m\u00f6vzunu m\u00fczakir\u0259 etm\u0259k \u00fc\u00e7\u00fcn bir araya g\u0259lib. Fransa sammit zaman\u0131 prezident Donald Tramp\u0131n ke\u00e7\u0259n ay AB\u015e qo\u015funlar\u0131n\u0131 Suriyadan \u00e7\u0131xarmaq q\u0259rar\u0131ndan narahatl\u0131\u011f\u0131n\u0131 ifad\u0259 edib.\n<\/p>\n<p>\n  Bu add\u0131m T\u00fcrkiy\u0259nin Suriya il\u0259 s\u0259rh\u0259dd\u0259 tampon b\u00f6lg\u0259 yaratmas\u0131na imkan verib v\u0259 n\u0259tic\u0259d\u0259 AB\u015e-\u0131n m\u00fctt\u0259fiqi olan suriyal\u0131 k\u00fcrd d\u00f6y\u00fc\u015f\u00e7\u00fcl\u0259r \u0259razini t\u0259rk edib. K\u00fcrdl\u0259r \u00e7ox sayda \u0130\u015e\u0130D m\u0259hbusunun qar\u0131\u015f\u0131ql\u0131q zaman\u0131 qa\u00e7a bilm\u0259m\u0259si \u00fc\u00e7\u00fcn onlara ke\u015fik\u00e7ilik \u00e7\u0259km\u0259k m\u0259suliyy\u0259tini \u00fcz\u0259ril\u0259rin\u0259 g\u00f6t\u00fcrm\u00fc\u015fd\u00fc.\n<\/p>\n<p>\n  Fransa, \u0130ngilt\u0259r\u0259 v\u0259 dig\u0259r Avropa \u00f6lk\u0259l\u0259ri h\u0259m\u00e7inin Orta Asiyada olanlar \u0130\u015e\u0130D h\u0259rb\u00e7il\u0259rinn \u00f6lk\u0259l\u0259rin\u0259 geri qay\u0131tmas\u0131na icaz\u0259 verilm\u0259sini ist\u0259mirl\u0259r.\n<\/p>\n<p>\n  Fransa Xarici i\u015fl\u0259r naziri Jan \u0130ves L\u00f6 Driyan (Jean-Ives Le Drian) onun h\u00f6kum\u0259tinin d\u00f6y\u00fc\u015f\u00e7\u00fcl\u0259rin m\u00fc\u0259yy\u0259n v\u0259 davaml\u0131 m\u00fcdd\u0259t\u0259 tutulmas\u0131n\u0131n t\u0259r\u0259fdar\u0131 oldu\u011funu deyib v\u0259 bildirib ki, m\u0259hbuslar\u0131n \u0259ks\u0259riyy\u0259ti iraql\u0131 v\u0259 suriyal\u0131lard\u0131r.\n<\/p>\n<p>\n  \u201c\u00d6z n\u00f6vb\u0259mizd\u0259 biz qeyd etm\u0259liyik ki, onlar etdikl\u0259ri cinay\u0259tl\u0259r\u0259 g\u00f6r\u0259 m\u00fchakim\u0259 olunacaqlar\u201d,- o jurnalistl\u0259r\u0259 deyib.\n<\/p>\n<p>\n  \u201cHe\u00e7 vaxt unutmayaq ki, \u0130\u015e\u0130D-\u0259 qo\u015fulan bu qad\u0131n v\u0259 ki\u015fil\u0259r terror t\u0259\u015fkilat\u0131 u\u011frunda m\u00fcbariz\u0259 \u00fc\u00e7\u00fcn tam \u015f\u00fcurlu se\u00e7im edibl\u0259r\u201d,- o deyib.\n<\/p>\n<p>\n  D\u00f6vl\u0259t Departamentinin antiterror koordinatoru Natan Seylz (Nathan Sales) iclasdan sonra m\u00fctt\u0259fiql\u0259r aras\u0131nda bu problemi h\u0259ll etm\u0259yin \u0259n m\u00fcmk\u00fcn yolu haqda fikir ayr\u0131l\u0131qlar\u0131n\u0131n h\u0259l\u0259 d\u0259 qald\u0131\u011f\u0131n\u0131 etiraf edib.\n<\/p>\n<p>\n  \u201cBirl\u0259\u015fmi\u015f \u015etatlar \u0130raqdan, x\u00fcsus\u0259n d\u0259 Avropadan g\u0259l\u0259n xarici d\u00f6y\u00fc\u015f\u00e7\u00fcl\u0259rin \u0259lav\u0259 y\u00fck\u00fcn\u00fc g\u00f6t\u00fcrm\u0259yi xahi\u015f etm\u0259yin yersiz oldu\u011funu d\u00fc\u015f\u00fcn\u00fcr\u201d,- Seylz bir g\u00fcnl\u00fck iclasdan sonra jurnalistl\u0259r\u0259 m\u0259lumat ver\u0259rk\u0259n deyib.\n<\/p>\n<p>\n  \u201c\u0130raq\u0131n onlar \u00fc\u00e7\u00fcn bu problemi h\u0259ll ed\u0259c\u0259yini g\u00f6zl\u0259m\u0259k h\u0259r hans\u0131 bir \u00f6lk\u0259nin m\u0259suliyy\u0259tsizliyi ola bil\u0259r\u201d,- o deyib.<\/p>\n","protected":false},"excerpt":{"rendered":"<p>Bu add\u0131m T\u00fcrkiy\u0259nin Suriya il\u0259 s\u0259rh\u0259dd\u0259 tampon b\u00f6lg\u0259 yaratmas\u0131na imkan verib v\u0259 n\u0259tic\u0259d\u0259 AB\u015e-\u0131n m\u00fctt\u0259fiqi olan suriyal\u0131 k\u00fcrd d\u00f6y\u00fc\u015f\u00e7\u00fcl\u0259r \u0259razini t\u0259rk edib.<\/p>\n","protected":false},"author":11,"featured_media":207020,"comment_status":"closed","ping_status":"open","sticky":false,"template":"","format":"standard","meta":{"_acf_changed":false,"_sitemap_exclude":false,"_sitemap_priority":"","_sitemap_frequency":"","footnotes":""},"categories":[64],"tags":[],"class_list":["post-211741","post","type-post","status-publish","format-standard","has-post-thumbnail","hentry","category-dunya","infinite-scroll-item","generate-columns","tablet-grid-50","mobile-grid-100","grid-parent","grid-33","no-featured-image-padding"],"acf":[],"yoast_head":"<!-- This site is optimized with the Yoast SEO plugin v27.5 - https:\/\/yoast.com\/product\/yoast-seo-wordpress\/ -->\n<title>AB\u015e: \u0130\u015e\u0130D m\u0259hbuslar\u0131n\u0131 \u0130raqda m\u00fchakim\u0259 etm\u0259k m\u0259suliyy\u0259tsizlikdir - MEYDAN.TV<\/title>\n<meta name=\"robots\" content=\"index, follow, max-snippet:-1, max-image-preview:large, max-video-preview:-1\" \/>\n<link rel=\"canonical\" href=\"https:\/\/www.meydan.tv\/az\/article\/abs-isid-mehbuslarini-iraqda-muhakime-etmek-mesuliyyetsizlikdir\/\" \/>\n<meta property=\"og:locale\" content=\"az_AZ\" \/>\n<meta property=\"og:type\" content=\"article\" \/>\n<meta property=\"og:title\" content=\"AB\u015e: \u0130\u015e\u0130D m\u0259hbuslar\u0131n\u0131 \u0130raqda m\u00fchakim\u0259 etm\u0259k m\u0259suliyy\u0259tsizlikdir - MEYDAN.TV\" \/>\n<meta property=\"og:description\" content=\"Bu add\u0131m T\u00fcrkiy\u0259nin Suriya il\u0259 s\u0259rh\u0259dd\u0259 tampon b\u00f6lg\u0259 yaratmas\u0131na imkan verib v\u0259 n\u0259tic\u0259d\u0259 AB\u015e-\u0131n m\u00fctt\u0259fiqi olan suriyal\u0131 k\u00fcrd d\u00f6y\u00fc\u015f\u00e7\u00fcl\u0259r \u0259razini t\u0259rk edib.\" \/>\n<meta property=\"og:url\" content=\"https:\/\/www.meydan.tv\/az\/article\/abs-isid-mehbuslarini-iraqda-muhakime-etmek-mesuliyyetsizlikdir\/\" \/>\n<meta property=\"og:site_name\" content=\"MEYDAN.TV\" \/>\n<meta property=\"article:published_time\" content=\"2019-11-15T19:37:47+00:00\" \/>\n<meta property=\"og:image\" content=\"https:\/\/www.meydan.tv\/wp-content\/uploads\/41228.jpg\" \/>\n\t<meta property=\"og:image:width\" content=\"640\" \/>\n\t<meta property=\"og:image:height\" content=\"363\" \/>\n\t<meta property=\"og:image:type\" content=\"image\/jpeg\" \/>\n<meta name=\"author\" content=\"user-manager\" \/>\n<meta name=\"twitter:card\" content=\"summary_large_image\" \/>\n<script type=\"application\/ld+json\" class=\"yoast-schema-graph\">{\"@context\":\"https:\\\/\\\/schema.org\",\"@graph\":[{\"@type\":\"Article\",\"@id\":\"https:\\\/\\\/www.meydan.tv\\\/az\\\/article\\\/abs-isid-mehbuslarini-iraqda-muhakime-etmek-mesuliyyetsizlikdir\\\/#article\",\"isPartOf\":{\"@id\":\"https:\\\/\\\/www.meydan.tv\\\/az\\\/article\\\/abs-isid-mehbuslarini-iraqda-muhakime-etmek-mesuliyyetsizlikdir\\\/\"},\"author\":{\"name\":\"user-manager\",\"@id\":\"https:\\\/\\\/www.meydan.tv\\\/az\\\/#\\\/schema\\\/person\\\/10d11eccf6da3662cf5fdab9806ea91a\"},\"headline\":\"AB\u015e: \u0130\u015e\u0130D m\u0259hbuslar\u0131n\u0131 \u0130raqda m\u00fchakim\u0259 etm\u0259k m\u0259suliyy\u0259tsizlikdir\",\"datePublished\":\"2019-11-15T19:37:47+00:00\",\"mainEntityOfPage\":{\"@id\":\"https:\\\/\\\/www.meydan.tv\\\/az\\\/article\\\/abs-isid-mehbuslarini-iraqda-muhakime-etmek-mesuliyyetsizlikdir\\\/\"},\"wordCount\":603,\"publisher\":{\"@id\":\"https:\\\/\\\/www.meydan.tv\\\/az\\\/#organization\"},\"image\":{\"@id\":\"https:\\\/\\\/www.meydan.tv\\\/az\\\/article\\\/abs-isid-mehbuslarini-iraqda-muhakime-etmek-mesuliyyetsizlikdir\\\/#primaryimage\"},\"thumbnailUrl\":\"https:\\\/\\\/www.meydan.tv\\\/wp-content\\\/uploads\\\/41228.jpg\",\"articleSection\":[\"D\u00fcnya\"],\"inLanguage\":\"az\"},{\"@type\":\"WebPage\",\"@id\":\"https:\\\/\\\/www.meydan.tv\\\/az\\\/article\\\/abs-isid-mehbuslarini-iraqda-muhakime-etmek-mesuliyyetsizlikdir\\\/\",\"url\":\"https:\\\/\\\/www.meydan.tv\\\/az\\\/article\\\/abs-isid-mehbuslarini-iraqda-muhakime-etmek-mesuliyyetsizlikdir\\\/\",\"name\":\"AB\u015e: \u0130\u015e\u0130D m\u0259hbuslar\u0131n\u0131 \u0130raqda m\u00fchakim\u0259 etm\u0259k m\u0259suliyy\u0259tsizlikdir - MEYDAN.TV\",\"isPartOf\":{\"@id\":\"https:\\\/\\\/www.meydan.tv\\\/az\\\/#website\"},\"primaryImageOfPage\":{\"@id\":\"https:\\\/\\\/www.meydan.tv\\\/az\\\/article\\\/abs-isid-mehbuslarini-iraqda-muhakime-etmek-mesuliyyetsizlikdir\\\/#primaryimage\"},\"image\":{\"@id\":\"https:\\\/\\\/www.meydan.tv\\\/az\\\/article\\\/abs-isid-mehbuslarini-iraqda-muhakime-etmek-mesuliyyetsizlikdir\\\/#primaryimage\"},\"thumbnailUrl\":\"https:\\\/\\\/www.meydan.tv\\\/wp-content\\\/uploads\\\/41228.jpg\",\"datePublished\":\"2019-11-15T19:37:47+00:00\",\"breadcrumb\":{\"@id\":\"https:\\\/\\\/www.meydan.tv\\\/az\\\/article\\\/abs-isid-mehbuslarini-iraqda-muhakime-etmek-mesuliyyetsizlikdir\\\/#breadcrumb\"},\"inLanguage\":\"az\",\"potentialAction\":[{\"@type\":\"ReadAction\",\"target\":[\"https:\\\/\\\/www.meydan.tv\\\/az\\\/article\\\/abs-isid-mehbuslarini-iraqda-muhakime-etmek-mesuliyyetsizlikdir\\\/\"]}]},{\"@type\":\"ImageObject\",\"inLanguage\":\"az\",\"@id\":\"https:\\\/\\\/www.meydan.tv\\\/az\\\/article\\\/abs-isid-mehbuslarini-iraqda-muhakime-etmek-mesuliyyetsizlikdir\\\/#primaryimage\",\"url\":\"https:\\\/\\\/www.meydan.tv\\\/wp-content\\\/uploads\\\/41228.jpg\",\"contentUrl\":\"https:\\\/\\\/www.meydan.tv\\\/wp-content\\\/uploads\\\/41228.jpg\",\"width\":640,\"height\":363,\"caption\":\"Source:\"},{\"@type\":\"BreadcrumbList\",\"@id\":\"https:\\\/\\\/www.meydan.tv\\\/az\\\/article\\\/abs-isid-mehbuslarini-iraqda-muhakime-etmek-mesuliyyetsizlikdir\\\/#breadcrumb\",\"itemListElement\":[{\"@type\":\"ListItem\",\"position\":1,\"name\":\"Ana s\u0259hif\u0259\",\"item\":\"https:\\\/\\\/www.meydan.tv\\\/az\\\/\"},{\"@type\":\"ListItem\",\"position\":2,\"name\":\"D\u00fcnya\",\"item\":\"https:\\\/\\\/www.meydan.tv\\\/az\\\/section\\\/dunya\\\/\"},{\"@type\":\"ListItem\",\"position\":3,\"name\":\"AB\u015e: \u0130\u015e\u0130D m\u0259hbuslar\u0131n\u0131 \u0130raqda m\u00fchakim\u0259 etm\u0259k m\u0259suliyy\u0259tsizlikdir\"}]},{\"@type\":\"WebSite\",\"@id\":\"https:\\\/\\\/www.meydan.tv\\\/az\\\/#website\",\"url\":\"https:\\\/\\\/www.meydan.tv\\\/az\\\/\",\"name\":\"MEYDAN.TV\",\"description\":\"Meydan TV Az\u0259rbaycan\u0131n media m\u0259kan\u0131ndak\u0131 alternativ s\u0259sidir\",\"publisher\":{\"@id\":\"https:\\\/\\\/www.meydan.tv\\\/az\\\/#organization\"},\"potentialAction\":[{\"@type\":\"SearchAction\",\"target\":{\"@type\":\"EntryPoint\",\"urlTemplate\":\"https:\\\/\\\/www.meydan.tv\\\/az\\\/?s={search_term_string}\"},\"query-input\":{\"@type\":\"PropertyValueSpecification\",\"valueRequired\":true,\"valueName\":\"search_term_string\"}}],\"inLanguage\":\"az\"},{\"@type\":\"Organization\",\"@id\":\"https:\\\/\\\/www.meydan.tv\\\/az\\\/#organization\",\"name\":\"Meydan TV\",\"url\":\"https:\\\/\\\/www.meydan.tv\\\/az\\\/\",\"logo\":{\"@type\":\"ImageObject\",\"inLanguage\":\"az\",\"@id\":\"https:\\\/\\\/www.meydan.tv\\\/az\\\/#\\\/schema\\\/logo\\\/image\\\/\",\"url\":\"https:\\\/\\\/www.meydan.tv\\\/wp-content\\\/uploads\\\/2021\\\/07\\\/meydan-logo.svg\",\"contentUrl\":\"https:\\\/\\\/www.meydan.tv\\\/wp-content\\\/uploads\\\/2021\\\/07\\\/meydan-logo.svg\",\"width\":195,\"height\":46,\"caption\":\"Meydan TV\"},\"image\":{\"@id\":\"https:\\\/\\\/www.meydan.tv\\\/az\\\/#\\\/schema\\\/logo\\\/image\\\/\"}},{\"@type\":\"Person\",\"@id\":\"https:\\\/\\\/www.meydan.tv\\\/az\\\/#\\\/schema\\\/person\\\/10d11eccf6da3662cf5fdab9806ea91a\",\"name\":\"user-manager\"}]}<\/script>\n<!-- \/ Yoast SEO plugin. -->","yoast_head_json":{"title":"AB\u015e: \u0130\u015e\u0130D m\u0259hbuslar\u0131n\u0131 \u0130raqda m\u00fchakim\u0259 etm\u0259k m\u0259suliyy\u0259tsizlikdir - MEYDAN.TV","robots":{"index":"index","follow":"follow","max-snippet":"max-snippet:-1","max-image-preview":"max-image-preview:large","max-video-preview":"max-video-preview:-1"},"canonical":"https:\/\/www.meydan.tv\/az\/article\/abs-isid-mehbuslarini-iraqda-muhakime-etmek-mesuliyyetsizlikdir\/","og_locale":"az_AZ","og_type":"article","og_title":"AB\u015e: \u0130\u015e\u0130D m\u0259hbuslar\u0131n\u0131 \u0130raqda m\u00fchakim\u0259 etm\u0259k m\u0259suliyy\u0259tsizlikdir - MEYDAN.TV","og_description":"Bu add\u0131m T\u00fcrkiy\u0259nin Suriya il\u0259 s\u0259rh\u0259dd\u0259 tampon b\u00f6lg\u0259 yaratmas\u0131na imkan verib v\u0259 n\u0259tic\u0259d\u0259 AB\u015e-\u0131n m\u00fctt\u0259fiqi olan suriyal\u0131 k\u00fcrd d\u00f6y\u00fc\u015f\u00e7\u00fcl\u0259r \u0259razini t\u0259rk edib.","og_url":"https:\/\/www.meydan.tv\/az\/article\/abs-isid-mehbuslarini-iraqda-muhakime-etmek-mesuliyyetsizlikdir\/","og_site_name":"MEYDAN.TV","article_published_time":"2019-11-15T19:37:47+00:00","og_image":[{"width":640,"height":363,"url":"https:\/\/www.meydan.tv\/wp-content\/uploads\/41228.jpg","type":"image\/jpeg"}],"author":"user-manager","twitter_card":"summary_large_image","schema":{"@context":"https:\/\/schema.org","@graph":[{"@type":"Article","@id":"https:\/\/www.meydan.tv\/az\/article\/abs-isid-mehbuslarini-iraqda-muhakime-etmek-mesuliyyetsizlikdir\/#article","isPartOf":{"@id":"https:\/\/www.meydan.tv\/az\/article\/abs-isid-mehbuslarini-iraqda-muhakime-etmek-mesuliyyetsizlikdir\/"},"author":{"name":"user-manager","@id":"https:\/\/www.meydan.tv\/az\/#\/schema\/person\/10d11eccf6da3662cf5fdab9806ea91a"},"headline":"AB\u015e: \u0130\u015e\u0130D m\u0259hbuslar\u0131n\u0131 \u0130raqda m\u00fchakim\u0259 etm\u0259k m\u0259suliyy\u0259tsizlikdir","datePublished":"2019-11-15T19:37:47+00:00","mainEntityOfPage":{"@id":"https:\/\/www.meydan.tv\/az\/article\/abs-isid-mehbuslarini-iraqda-muhakime-etmek-mesuliyyetsizlikdir\/"},"wordCount":603,"publisher":{"@id":"https:\/\/www.meydan.tv\/az\/#organization"},"image":{"@id":"https:\/\/www.meydan.tv\/az\/article\/abs-isid-mehbuslarini-iraqda-muhakime-etmek-mesuliyyetsizlikdir\/#primaryimage"},"thumbnailUrl":"https:\/\/www.meydan.tv\/wp-content\/uploads\/41228.jpg","articleSection":["D\u00fcnya"],"inLanguage":"az"},{"@type":"WebPage","@id":"https:\/\/www.meydan.tv\/az\/article\/abs-isid-mehbuslarini-iraqda-muhakime-etmek-mesuliyyetsizlikdir\/","url":"https:\/\/www.meydan.tv\/az\/article\/abs-isid-mehbuslarini-iraqda-muhakime-etmek-mesuliyyetsizlikdir\/","name":"AB\u015e: \u0130\u015e\u0130D m\u0259hbuslar\u0131n\u0131 \u0130raqda m\u00fchakim\u0259 etm\u0259k m\u0259suliyy\u0259tsizlikdir - MEYDAN.TV","isPartOf":{"@id":"https:\/\/www.meydan.tv\/az\/#website"},"primaryImageOfPage":{"@id":"https:\/\/www.meydan.tv\/az\/article\/abs-isid-mehbuslarini-iraqda-muhakime-etmek-mesuliyyetsizlikdir\/#primaryimage"},"image":{"@id":"https:\/\/www.meydan.tv\/az\/article\/abs-isid-mehbuslarini-iraqda-muhakime-etmek-mesuliyyetsizlikdir\/#primaryimage"},"thumbnailUrl":"https:\/\/www.meydan.tv\/wp-content\/uploads\/41228.jpg","datePublished":"2019-11-15T19:37:47+00:00","breadcrumb":{"@id":"https:\/\/www.meydan.tv\/az\/article\/abs-isid-mehbuslarini-iraqda-muhakime-etmek-mesuliyyetsizlikdir\/#breadcrumb"},"inLanguage":"az","potentialAction":[{"@type":"ReadAction","target":["https:\/\/www.meydan.tv\/az\/article\/abs-isid-mehbuslarini-iraqda-muhakime-etmek-mesuliyyetsizlikdir\/"]}]},{"@type":"ImageObject","inLanguage":"az","@id":"https:\/\/www.meydan.tv\/az\/article\/abs-isid-mehbuslarini-iraqda-muhakime-etmek-mesuliyyetsizlikdir\/#primaryimage","url":"https:\/\/www.meydan.tv\/wp-content\/uploads\/41228.jpg","contentUrl":"https:\/\/www.meydan.tv\/wp-content\/uploads\/41228.jpg","width":640,"height":363,"caption":"Source:"},{"@type":"BreadcrumbList","@id":"https:\/\/www.meydan.tv\/az\/article\/abs-isid-mehbuslarini-iraqda-muhakime-etmek-mesuliyyetsizlikdir\/#breadcrumb","itemListElement":[{"@type":"ListItem","position":1,"name":"Ana s\u0259hif\u0259","item":"https:\/\/www.meydan.tv\/az\/"},{"@type":"ListItem","position":2,"name":"D\u00fcnya","item":"https:\/\/www.meydan.tv\/az\/section\/dunya\/"},{"@type":"ListItem","position":3,"name":"AB\u015e: \u0130\u015e\u0130D m\u0259hbuslar\u0131n\u0131 \u0130raqda m\u00fchakim\u0259 etm\u0259k m\u0259suliyy\u0259tsizlikdir"}]},{"@type":"WebSite","@id":"https:\/\/www.meydan.tv\/az\/#website","url":"https:\/\/www.meydan.tv\/az\/","name":"MEYDAN.TV","description":"Meydan TV Az\u0259rbaycan\u0131n media m\u0259kan\u0131ndak\u0131 alternativ s\u0259sidir","publisher":{"@id":"https:\/\/www.meydan.tv\/az\/#organization"},"potentialAction":[{"@type":"SearchAction","target":{"@type":"EntryPoint","urlTemplate":"https:\/\/www.meydan.tv\/az\/?s={search_term_string}"},"query-input":{"@type":"PropertyValueSpecification","valueRequired":true,"valueName":"search_term_string"}}],"inLanguage":"az"},{"@type":"Organization","@id":"https:\/\/www.meydan.tv\/az\/#organization","name":"Meydan TV","url":"https:\/\/www.meydan.tv\/az\/","logo":{"@type":"ImageObject","inLanguage":"az","@id":"https:\/\/www.meydan.tv\/az\/#\/schema\/logo\/image\/","url":"https:\/\/www.meydan.tv\/wp-content\/uploads\/2021\/07\/meydan-logo.svg","contentUrl":"https:\/\/www.meydan.tv\/wp-content\/uploads\/2021\/07\/meydan-logo.svg","width":195,"height":46,"caption":"Meydan TV"},"image":{"@id":"https:\/\/www.meydan.tv\/az\/#\/schema\/logo\/image\/"}},{"@type":"Person","@id":"https:\/\/www.meydan.tv\/az\/#\/schema\/person\/10d11eccf6da3662cf5fdab9806ea91a","name":"user-manager"}]}},"_links":{"self":[{"href":"https:\/\/www.meydan.tv\/az\/wp-json\/wp\/v2\/posts\/211741","targetHints":{"allow":["GET"]}}],"collection":[{"href":"https:\/\/www.meydan.tv\/az\/wp-json\/wp\/v2\/posts"}],"about":[{"href":"https:\/\/www.meydan.tv\/az\/wp-json\/wp\/v2\/types\/post"}],"author":[{"embeddable":true,"href":"https:\/\/www.meydan.tv\/az\/wp-json\/wp\/v2\/users\/11"}],"replies":[{"embeddable":true,"href":"https:\/\/www.meydan.tv\/az\/wp-json\/wp\/v2\/comments?post=211741"}],"version-history":[{"count":0,"href":"https:\/\/www.meydan.tv\/az\/wp-json\/wp\/v2\/posts\/211741\/revisions"}],"wp:featuredmedia":[{"embeddable":true,"href":"https:\/\/www.meydan.tv\/az\/wp-json\/wp\/v2\/media\/207020"}],"wp:attachment":[{"href":"https:\/\/www.meydan.tv\/az\/wp-json\/wp\/v2\/media?parent=211741"}],"wp:term":[{"taxonomy":"category","embeddable":true,"href":"https:\/\/www.meydan.tv\/az\/wp-json\/wp\/v2\/categories?post=211741"},{"taxonomy":"post_tag","embeddable":true,"href":"https:\/\/www.meydan.tv\/az\/wp-json\/wp\/v2\/tags?post=211741"}],"curies":[{"name":"wp","href":"https:\/\/api.w.org\/{rel}","templated":true}]}}