{"id":211710,"date":"2018-10-10T13:53:57","date_gmt":"2018-10-10T13:53:57","guid":{"rendered":"https:\/\/www.meydan.tv\/article\/dusunce-vakuumu\/"},"modified":"2018-10-10T13:53:57","modified_gmt":"2018-10-10T13:53:57","slug":"dusunce-vakuumu","status":"publish","type":"post","link":"https:\/\/www.meydan.tv\/az\/article\/dusunce-vakuumu\/","title":{"rendered":"D\u00fc\u015f\u00fcnc\u0259 vakuumu"},"content":{"rendered":"<figure class=\"wp-block-image size-large\">\n  <img decoding=\"async\" src=\"https:\/\/www.meydan.tv\/az\/holokost-qurbanlari\/\" alt=\"Holokost qurbanlar\u0131\" class=\"wp-image-207071\"\/><figcaption>\n    Holokost qurbanlar\u0131<br \/>\n  <\/figcaption><\/figure>\n<p>\n  Qoyulan suallar veril\u0259n cavablardan \u00f6n\u0259mlidir. Bunun bir s\u0259b\u0259bi cavablar\u0131n zamanla d\u0259yi\u015f\u0259 bilm\u0259, yanl\u0131\u015f v\u0259 ya yar\u0131m\u00e7\u0131q olma ehtimal\u0131d\u0131rsa, dig\u0259ri suallar\u0131n funksiyas\u0131 il\u0259 ba\u011fl\u0131d\u0131r. Suallar insan\u0131 d\u00fc\u015f\u00fcnm\u0259y\u0259 vadar edir, bu is\u0259 h\u0259r bir halda beyini haz\u0131r cavablarla \u201cyeml\u0259m\u0259k\u201dd\u0259n yax\u015f\u0131d\u0131r&#8230;\n<\/p>\n<p>\n  ***\n<\/p>\n<p>\n  \u201c\u015e\u0259r q\u00fcvv\u0259\u201dnin mahiyy\u0259ti il\u0259 ba\u011fl\u0131 ara\u015fd\u0131rmalar yeni deyil. Teoloji m\u0259tnl\u0259rd\u0259n psixoloji ara\u015fd\u0131rmalara, \u0259d\u0259bi v\u0259 f\u0259ls\u0259fi \u0259s\u0259rl\u0259r\u0259d\u0259k y\u00fczl\u0259rl\u0259 kitab yaz\u0131l\u0131b ki, ham\u0131s\u0131 da insan\u0131n niy\u0259 v\u0259 nec\u0259 \u201c\u015f\u0259rl\u0259\u015fm\u0259si\u201dni izah etm\u0259y\u0259, daxili tranformasiyas\u0131n\u0131n, \u0259xlaqi mutasiyas\u0131n\u0131n s\u0259b\u0259b(l\u0259r)ini tapma\u011fa h\u0259sr olunub. Y\u0259ni nec\u0259 olur ki, normal, adi insan korlanaraq \u015f\u0259r\u0259 meyll\u0259nir v\u0259 sonda \u0259n a\u011f\u0131r cinay\u0259tl\u0259ri t\u00f6r\u0259d\u0259 bil\u0259c\u0259k birin\u0259 &#8211; Hitler\u0259, Maoya, Polpota \u00e7evrilir. \u201cPothen ten kakon\u201d (\u015e\u0259r hardan qaynaqlan\u0131r?).\n<\/p>\n<p>\n  ***\n<\/p>\n<p>\n  \u201c\u015e\u0259rin banall\u0131\u011f\u0131\u201d \u2013 Hanna Arendtin \u201cHolokost\u201dun \u0259sas m\u00fc\u0259llifl\u0259rind\u0259n olan Adolf Eyxman\u0131n m\u0259hk\u0259m\u0259 prosesl\u0259ri \u0259sas\u0131nda yazd\u0131\u011f\u0131 \u0259s\u0259r bel\u0259 adlan\u0131r. Bu provokativ adla, o, y\u00fczminl\u0259ri \u00f6l\u00fcm\u0259 g\u00f6nd\u0259rmi\u015f birinin adid\u0259n adi, \u00e7ox s\u0259thi, h\u0259tta g\u00fcl\u00fcnc biri olmas\u0131na diqq\u0259t \u00e7\u0259kib. Reportaj haz\u0131rlamaq \u00fc\u00e7\u00fcn Q\u00fcdsd\u0259 Eyxman\u0131n m\u0259hk\u0259m\u0259 prosesind\u0259 i\u015ftirak ed\u0259n Arendt y\u0259hudil\u0259r\u0259 pataloji nifr\u0259t b\u0259sl\u0259y\u0259n, sadist v\u0259 x\u0259st\u0259 ruhlu bir cani il\u0259 qar\u015f\u0131la\u015faca\u011f\u0131n\u0131 g\u00f6zl\u0259yir. Amma g\u00f6zl\u0259ntil\u0259ri il\u0259 g\u00f6rd\u00fckl\u0259ri aras\u0131ndak\u0131 k\u0259skin ziddiyy\u0259t onda yeni suallar yarad\u0131r. M\u0259s\u0259l\u0259 bunda idi ki, b\u0259\u015f\u0259ri cinay\u0259tl\u0259r\u0259 imza atm\u0131\u015f bu \u015f\u0259xs he\u00e7 d\u0259 \u015feytani d\u0259rinliy\u0259 sahib deyildi, adi o\u011frudan he\u00e7 n\u0259 il\u0259 f\u0259rql\u0259nmirdi. Y\u0259hudil\u0259rin k\u00fctl\u0259vi m\u0259hvini n\u0259z\u0259rd\u0259 tutan \u201cSon h\u0259ll\u201d plan\u0131n\u0131 h\u0259yata ke\u00e7ir\u0259rk\u0259n bel\u0259 onun motivasiyas\u0131 \u00e7ox banald\u0131: N\u0259 antisemitizm, n\u0259 h\u0259r hans\u0131 nifr\u0259t, n\u0259 d\u0259 b\u00f6y\u00fck amallar. Eyxman sad\u0259c\u0259 karyeras\u0131n\u0131 y\u00fcks\u0259ltm\u0259y\u0259, yuxar\u0131lar\u0131n raz\u0131l\u0131\u011f\u0131n\u0131 qazanma\u011fa v\u0259 i\u015find\u0259 \u00f6z\u00fcn\u00fc s\u00fcbut etm\u0259y\u0259 \u00e7al\u0131\u015fan dar\u0131xd\u0131r\u0131c\u0131 b\u00fcrokrat idi. Arendt\u0259 g\u00f6r\u0259 problem d\u0259 m\u0259hz buydu: Eyxman v\u0259 onun timsal\u0131ndak\u0131 nasist liderl\u0259rinin bu q\u0259d\u0259r normal olmas\u0131 \u2013 \u015f\u0259rin banall\u0131\u011f\u0131.\n<\/p>\n<p>\n  \u201cOnun \u0259n b\u00f6y\u00fck g\u00fcnah\u0131 etdikl\u0259ri haqq\u0131nda d\u00fc\u015f\u00fcnm\u0259m\u0259si idi\u201d \u2013 Arendt bel\u0259 yaz\u0131rd\u0131. Yaz\u0131\u00e7\u0131 Eyxman\u0131n banall\u0131\u011f\u0131n\u0131 izah etm\u0259k \u00fc\u00e7\u00fcn m\u0259hz bu t\u0259sbitin \u00fcz\u0259rind\u0259 durmu\u015fdu. Nasist zabitinin m\u0259qs\u0259di y\u0259hudil\u0259r\u0259 qar\u015f\u0131 soyq\u0131r\u0131m h\u0259yata ke\u00e7irm\u0259kd\u0259n ziyad\u0259 bir vintin\u0259 \u00e7evrildiyi siyasi sistem\u0259 s\u0259daq\u0259tl\u0259 xidm\u0259t etm\u0259k idi. Eyxman ya\u015fad\u0131\u011f\u0131 m\u00fchitin qaydalar\u0131 \u0259sas\u0131nda davranan praqmatik biriydi. M\u00fchit is\u0259 veril\u0259n \u0259mrl\u0259r\u0259 sor\u011fu-suals\u0131z tabe olma\u011f\u0131 t\u0259l\u0259b edirdi. \u201cD\u00fc\u015f\u00fcnc\u0259 \u0259skikliyi\u201d \u2013 Eyxman\u0131n \u0259sl cinay\u0259ti buydu. Arendt bu ifad\u0259 il\u0259 \u0259qli geriliyi v\u0259 ya psixi \u00e7at\u0131\u015fmazl\u0131\u011f\u0131 yox, empatiya hissind\u0259n m\u0259hrum olma\u011f\u0131 n\u0259z\u0259rd\u0259 tutur. V\u0259 buradan n\u0259tic\u0259y\u0259 var\u0131r: B\u0259z\u0259n \u0259n b\u00f6y\u00fck z\u00fclml\u0259r bizim g\u00fcnd\u0259lik h\u0259yatda etdiyimiz \u0259n praqmatik, \u0259n normal se\u00e7iml\u0259r n\u0259tic\u0259sind\u0259 yaran\u0131r. D\u00fc\u015f\u00fcnm\u0259m\u0259k, sor\u011fulamamaq, ya\u015fad\u0131\u011f\u0131n m\u00fchitin r\u0259ngin\u0259 boyanmaq kimi ham\u0131m\u0131za xas ola bil\u0259c\u0259k s\u0131radan, b\u0259sit davran\u0131\u015flar \u0259n a\u011f\u0131r cinay\u0259tl\u0259ri t\u00f6r\u0259tm\u0259kl\u0259 sonlan\u0131r. Bu, h\u0259m d\u0259 tez-tez s\u0131\u011f\u0131nd\u0131\u011f\u0131m\u0131z vicdan m\u0259fhumunun nec\u0259 plastik, k\u00f6vr\u0259k v\u0259 nisbi t\u0259bi\u0259t\u0259 malik oldu\u011funu g\u00f6st\u0259rir.\n<\/p>\n<p>\n  Hanna Arendt iddia edir ki, c\u0259miyy\u0259td\u0259ki \u201cd\u00fc\u015f\u00fcnc\u0259 vakuumu\u201dnu siyasi sistem yarad\u0131r. Totalitar sisteml\u0259rin silah olaraq istifad\u0259 etdiyi b\u00fcrokratiya d\u00f6vl\u0259t i\u015f\u00e7il\u0259rini insanl\u0131qdan \u00e7\u0131xard\u0131r v\u0259 qeyri-insani varl\u0131\u011fa \u00e7evirir. Daha sonra, bu, b\u00fct\u00fcn c\u0259miyy\u0259t\u0259 siray\u0259t edir. Fa\u015fist Almaniyas\u0131nda sistem d\u0259h\u015f\u0259tli cinay\u0259tl\u0259r\u0259 m\u00fcxt\u0259lif adlar qoymaqla onlar\u0131n icras\u0131n\u0131 insanlar \u00fc\u00e7\u00fcn asanla\u015fd\u0131r\u0131rd\u0131. Y\u0259hudil\u0259rin k\u00fctl\u0259vi \u015f\u0259kild\u0259 \u00f6ld\u00fcr\u00fclm\u0259sini n\u0259z\u0259rd\u0259 tutan plan \u201cSon h\u0259ll\u201d adlan\u0131rd\u0131. \u00dcmmiyy\u0259tl\u0259, he\u00e7 bir r\u0259smi s\u0259n\u0259dd\u0259 \u201cqaz kameralar\u0131\u201d, \u201cgenosid\u201d, \u201c\u00f6ld\u00fcrm\u0259k\u201d kimi s\u00f6zl\u0259r\u0259 rast g\u0259lm\u0259k olmazd\u0131, bunlar\u0131 \u201cx\u00fcsusi r\u0259ftar\u201d, \u201ct\u0259xliyy\u0259\u201d, \u201cson h\u0259ll\u201d kimi kod adlar \u0259v\u0259zl\u0259yirdi. Bunun say\u0259sind\u0259 icra\u00e7\u0131lar psixoloji g\u0259rginlikd\u0259n qurtulur, cinay\u0259ti m\u00fc\u0259yy\u0259n q\u0259lib\u0259 sal\u0131b legitiml\u0259\u015fdirm\u0259k, qar\u015f\u0131 t\u0259r\u0259fi ideoloji silahdan m\u0259hrum etm\u0259k v\u0259 prosesin a\u011f\u0131rl\u0131\u011f\u0131n\u0131 y\u00fcng\u00fcll\u0259\u015fdirm\u0259k m\u00fcmk\u00fcn olurdu. Adlar\u0131n \u00e7ox zaman funksiyas\u0131 m\u0259hz bu olub &#8211; ba\u015f ver\u0259nl\u0259ri anlama\u011fa \u0259ng\u0259l t\u00f6r\u0259tm\u0259k. M\u0259s\u0259l\u0259nin mahiyy\u0259tin\u0259 varmaq \u00fc\u00e7\u00fcn b\u0259lk\u0259 d\u0259, adlardan qurtulmaq v\u0259 ba\u015f ver\u0259nl\u0259ri hans\u0131sa q\u0259lib\u0259 salmadan d\u00fc\u015f\u00fcnm\u0259k laz\u0131md\u0131r.\n<\/p>\n<p>\n  V\u0259 sonda Arendt xeyir v\u0259 \u015f\u0259r haqq\u0131nda d\u00fc\u015f\u00fcnc\u0259l\u0259rimizi yenid\u0259n g\u00f6zd\u0259n ke\u00e7irm\u0259y\u0259 \u00e7a\u011f\u0131r\u0131r. \u04d8n\u0259n\u0259vi yana\u015fmaya g\u00f6r\u0259 \u015f\u0259r yaln\u0131z pozulmu\u015f, x\u0259st\u0259 ruhlu insanlardan t\u00f6r\u0259y\u0259 bil\u0259r. Bu yana\u015fma se\u00e7iml\u0259rimizi obyektiv qiym\u0259tl\u0259ndirm\u0259y\u0259 mane olur, ax\u0131 h\u04d9yatda \u015f\u0259r xisl\u0259tli insanlar\u0131 \u201cG\u00f6y\u00e7\u0259k Fatma\u201d na\u011f\u0131l\u0131ndak\u0131 \u00f6gey ana kimi asanl\u0131qla ay\u0131rd etm\u0259k olmur. Biz\u0259 el\u0259 g\u0259lir ki, he\u00e7 vaxt Eyxman kimi biri ola bilm\u0259rik. \u018fslind\u0259 is\u0259 buna s\u04d9b\u04d9b h\u04d9l\u04d9 ki, onun kimi kritik \u0259xlaqi se\u00e7iml\u0259r etm\u0259k m\u0259cburiyy\u0259tind\u0259 qalmama\u011f\u0131m\u0131zd\u0131r. Amma ger\u00e7\u0259klik budur ki, Eyxman bizim normal hesab ed\u0259 bil\u0259c\u0259yimiz biriydi, onu cinay\u0259tkara \u00e7evir\u0259n ya\u015fad\u0131\u011f\u0131 m\u00fchitin anormall\u0131\u011f\u0131 idi. Ham\u0131 g\u00fcn\u00fcn birind\u0259 Eyxman ola bil\u0259r &#8211; k\u00fc\u00e7\u0259d\u0259 rastla\u015fd\u0131\u011f\u0131m\u0131z, tez-tez g\u00f6r\u00fc\u015fd\u00fcy\u00fcm\u00fcz adamlar da, el\u0259 biz \u00f6z\u00fcm\u00fcz d\u0259.\n<\/p>\n<p>\n  <b><br \/>\n    <i><br \/>\n      Yaz\u0131 m\u00fc\u0259llifin fikirl\u0259rini \u0259ks etdirir v\u0259 Meydan TV-nin m\u00f6vqeyi il\u0259 \u00fcst-\u00fcst\u0259 d\u00fc\u015fm\u0259y\u0259 bil\u0259r.<br \/>\n    <\/i><br \/>\n  <\/b><\/p>\n","protected":false},"excerpt":{"rendered":"<p>Qoyulan suallar veril\u0259n cavablardan \u00f6n\u0259mlidir<\/p>\n","protected":false},"author":11,"featured_media":207071,"comment_status":"closed","ping_status":"open","sticky":false,"template":"","format":"standard","meta":{"_acf_changed":false,"_sitemap_exclude":false,"_sitemap_priority":"","_sitemap_frequency":"","footnotes":""},"categories":[57],"tags":[],"class_list":["post-211710","post","type-post","status-publish","format-standard","has-post-thumbnail","hentry","category-menim-fikrimce","infinite-scroll-item","generate-columns","tablet-grid-50","mobile-grid-100","grid-parent","grid-33","no-featured-image-padding"],"acf":[],"yoast_head":"<!-- This site is optimized with the Yoast SEO plugin v27.4 - https:\/\/yoast.com\/product\/yoast-seo-wordpress\/ -->\n<title>D\u00fc\u015f\u00fcnc\u0259 vakuumu - MEYDAN.TV<\/title>\n<meta name=\"robots\" content=\"index, follow, max-snippet:-1, max-image-preview:large, max-video-preview:-1\" \/>\n<link rel=\"canonical\" href=\"https:\/\/www.meydan.tv\/az\/article\/dusunce-vakuumu\/\" \/>\n<meta property=\"og:locale\" content=\"az_AZ\" \/>\n<meta property=\"og:type\" content=\"article\" \/>\n<meta property=\"og:title\" content=\"D\u00fc\u015f\u00fcnc\u0259 vakuumu - MEYDAN.TV\" \/>\n<meta property=\"og:description\" content=\"Qoyulan suallar veril\u0259n cavablardan \u00f6n\u0259mlidir\" \/>\n<meta property=\"og:url\" content=\"https:\/\/www.meydan.tv\/az\/article\/dusunce-vakuumu\/\" \/>\n<meta property=\"og:site_name\" content=\"MEYDAN.TV\" \/>\n<meta property=\"article:published_time\" content=\"2018-10-10T13:53:57+00:00\" \/>\n<meta property=\"og:image\" content=\"https:\/\/www.meydan.tv\/wp-content\/uploads\/44075-1.jpg\" \/>\n\t<meta property=\"og:image:width\" content=\"1200\" \/>\n\t<meta property=\"og:image:height\" content=\"965\" \/>\n\t<meta property=\"og:image:type\" content=\"image\/jpeg\" \/>\n<meta name=\"author\" content=\"user-manager\" \/>\n<meta name=\"twitter:card\" content=\"summary_large_image\" \/>\n<script type=\"application\/ld+json\" class=\"yoast-schema-graph\">{\"@context\":\"https:\\\/\\\/schema.org\",\"@graph\":[{\"@type\":\"Article\",\"@id\":\"https:\\\/\\\/www.meydan.tv\\\/az\\\/article\\\/dusunce-vakuumu\\\/#article\",\"isPartOf\":{\"@id\":\"https:\\\/\\\/www.meydan.tv\\\/az\\\/article\\\/dusunce-vakuumu\\\/\"},\"author\":{\"name\":\"user-manager\",\"@id\":\"https:\\\/\\\/www.meydan.tv\\\/az\\\/#\\\/schema\\\/person\\\/10d11eccf6da3662cf5fdab9806ea91a\"},\"headline\":\"D\u00fc\u015f\u00fcnc\u0259 vakuumu\",\"datePublished\":\"2018-10-10T13:53:57+00:00\",\"mainEntityOfPage\":{\"@id\":\"https:\\\/\\\/www.meydan.tv\\\/az\\\/article\\\/dusunce-vakuumu\\\/\"},\"wordCount\":1100,\"publisher\":{\"@id\":\"https:\\\/\\\/www.meydan.tv\\\/az\\\/#organization\"},\"image\":{\"@id\":\"https:\\\/\\\/www.meydan.tv\\\/az\\\/article\\\/dusunce-vakuumu\\\/#primaryimage\"},\"thumbnailUrl\":\"https:\\\/\\\/www.meydan.tv\\\/wp-content\\\/uploads\\\/44075-1.jpg\",\"articleSection\":[\"M\u0259nim Fikrimc\u0259\"],\"inLanguage\":\"az\"},{\"@type\":\"WebPage\",\"@id\":\"https:\\\/\\\/www.meydan.tv\\\/az\\\/article\\\/dusunce-vakuumu\\\/\",\"url\":\"https:\\\/\\\/www.meydan.tv\\\/az\\\/article\\\/dusunce-vakuumu\\\/\",\"name\":\"D\u00fc\u015f\u00fcnc\u0259 vakuumu - MEYDAN.TV\",\"isPartOf\":{\"@id\":\"https:\\\/\\\/www.meydan.tv\\\/az\\\/#website\"},\"primaryImageOfPage\":{\"@id\":\"https:\\\/\\\/www.meydan.tv\\\/az\\\/article\\\/dusunce-vakuumu\\\/#primaryimage\"},\"image\":{\"@id\":\"https:\\\/\\\/www.meydan.tv\\\/az\\\/article\\\/dusunce-vakuumu\\\/#primaryimage\"},\"thumbnailUrl\":\"https:\\\/\\\/www.meydan.tv\\\/wp-content\\\/uploads\\\/44075-1.jpg\",\"datePublished\":\"2018-10-10T13:53:57+00:00\",\"breadcrumb\":{\"@id\":\"https:\\\/\\\/www.meydan.tv\\\/az\\\/article\\\/dusunce-vakuumu\\\/#breadcrumb\"},\"inLanguage\":\"az\",\"potentialAction\":[{\"@type\":\"ReadAction\",\"target\":[\"https:\\\/\\\/www.meydan.tv\\\/az\\\/article\\\/dusunce-vakuumu\\\/\"]}]},{\"@type\":\"ImageObject\",\"inLanguage\":\"az\",\"@id\":\"https:\\\/\\\/www.meydan.tv\\\/az\\\/article\\\/dusunce-vakuumu\\\/#primaryimage\",\"url\":\"https:\\\/\\\/www.meydan.tv\\\/wp-content\\\/uploads\\\/44075-1.jpg\",\"contentUrl\":\"https:\\\/\\\/www.meydan.tv\\\/wp-content\\\/uploads\\\/44075-1.jpg\",\"width\":1200,\"height\":965,\"caption\":\"Source:\"},{\"@type\":\"BreadcrumbList\",\"@id\":\"https:\\\/\\\/www.meydan.tv\\\/az\\\/article\\\/dusunce-vakuumu\\\/#breadcrumb\",\"itemListElement\":[{\"@type\":\"ListItem\",\"position\":1,\"name\":\"Ana s\u0259hif\u0259\",\"item\":\"https:\\\/\\\/www.meydan.tv\\\/az\\\/\"},{\"@type\":\"ListItem\",\"position\":2,\"name\":\"M\u0259nim Fikrimc\u0259\",\"item\":\"https:\\\/\\\/www.meydan.tv\\\/az\\\/section\\\/menim-fikrimce\\\/\"},{\"@type\":\"ListItem\",\"position\":3,\"name\":\"D\u00fc\u015f\u00fcnc\u0259 vakuumu\"}]},{\"@type\":\"WebSite\",\"@id\":\"https:\\\/\\\/www.meydan.tv\\\/az\\\/#website\",\"url\":\"https:\\\/\\\/www.meydan.tv\\\/az\\\/\",\"name\":\"MEYDAN.TV\",\"description\":\"Meydan TV Az\u0259rbaycan\u0131n media m\u0259kan\u0131ndak\u0131 alternativ s\u0259sidir\",\"publisher\":{\"@id\":\"https:\\\/\\\/www.meydan.tv\\\/az\\\/#organization\"},\"potentialAction\":[{\"@type\":\"SearchAction\",\"target\":{\"@type\":\"EntryPoint\",\"urlTemplate\":\"https:\\\/\\\/www.meydan.tv\\\/az\\\/?s={search_term_string}\"},\"query-input\":{\"@type\":\"PropertyValueSpecification\",\"valueRequired\":true,\"valueName\":\"search_term_string\"}}],\"inLanguage\":\"az\"},{\"@type\":\"Organization\",\"@id\":\"https:\\\/\\\/www.meydan.tv\\\/az\\\/#organization\",\"name\":\"Meydan TV\",\"url\":\"https:\\\/\\\/www.meydan.tv\\\/az\\\/\",\"logo\":{\"@type\":\"ImageObject\",\"inLanguage\":\"az\",\"@id\":\"https:\\\/\\\/www.meydan.tv\\\/az\\\/#\\\/schema\\\/logo\\\/image\\\/\",\"url\":\"https:\\\/\\\/www.meydan.tv\\\/wp-content\\\/uploads\\\/2021\\\/07\\\/meydan-logo.svg\",\"contentUrl\":\"https:\\\/\\\/www.meydan.tv\\\/wp-content\\\/uploads\\\/2021\\\/07\\\/meydan-logo.svg\",\"width\":195,\"height\":46,\"caption\":\"Meydan TV\"},\"image\":{\"@id\":\"https:\\\/\\\/www.meydan.tv\\\/az\\\/#\\\/schema\\\/logo\\\/image\\\/\"}},{\"@type\":\"Person\",\"@id\":\"https:\\\/\\\/www.meydan.tv\\\/az\\\/#\\\/schema\\\/person\\\/10d11eccf6da3662cf5fdab9806ea91a\",\"name\":\"user-manager\"}]}<\/script>\n<!-- \/ Yoast SEO plugin. -->","yoast_head_json":{"title":"D\u00fc\u015f\u00fcnc\u0259 vakuumu - MEYDAN.TV","robots":{"index":"index","follow":"follow","max-snippet":"max-snippet:-1","max-image-preview":"max-image-preview:large","max-video-preview":"max-video-preview:-1"},"canonical":"https:\/\/www.meydan.tv\/az\/article\/dusunce-vakuumu\/","og_locale":"az_AZ","og_type":"article","og_title":"D\u00fc\u015f\u00fcnc\u0259 vakuumu - MEYDAN.TV","og_description":"Qoyulan suallar veril\u0259n cavablardan \u00f6n\u0259mlidir","og_url":"https:\/\/www.meydan.tv\/az\/article\/dusunce-vakuumu\/","og_site_name":"MEYDAN.TV","article_published_time":"2018-10-10T13:53:57+00:00","og_image":[{"width":1200,"height":965,"url":"https:\/\/www.meydan.tv\/wp-content\/uploads\/44075-1.jpg","type":"image\/jpeg"}],"author":"user-manager","twitter_card":"summary_large_image","schema":{"@context":"https:\/\/schema.org","@graph":[{"@type":"Article","@id":"https:\/\/www.meydan.tv\/az\/article\/dusunce-vakuumu\/#article","isPartOf":{"@id":"https:\/\/www.meydan.tv\/az\/article\/dusunce-vakuumu\/"},"author":{"name":"user-manager","@id":"https:\/\/www.meydan.tv\/az\/#\/schema\/person\/10d11eccf6da3662cf5fdab9806ea91a"},"headline":"D\u00fc\u015f\u00fcnc\u0259 vakuumu","datePublished":"2018-10-10T13:53:57+00:00","mainEntityOfPage":{"@id":"https:\/\/www.meydan.tv\/az\/article\/dusunce-vakuumu\/"},"wordCount":1100,"publisher":{"@id":"https:\/\/www.meydan.tv\/az\/#organization"},"image":{"@id":"https:\/\/www.meydan.tv\/az\/article\/dusunce-vakuumu\/#primaryimage"},"thumbnailUrl":"https:\/\/www.meydan.tv\/wp-content\/uploads\/44075-1.jpg","articleSection":["M\u0259nim Fikrimc\u0259"],"inLanguage":"az"},{"@type":"WebPage","@id":"https:\/\/www.meydan.tv\/az\/article\/dusunce-vakuumu\/","url":"https:\/\/www.meydan.tv\/az\/article\/dusunce-vakuumu\/","name":"D\u00fc\u015f\u00fcnc\u0259 vakuumu - MEYDAN.TV","isPartOf":{"@id":"https:\/\/www.meydan.tv\/az\/#website"},"primaryImageOfPage":{"@id":"https:\/\/www.meydan.tv\/az\/article\/dusunce-vakuumu\/#primaryimage"},"image":{"@id":"https:\/\/www.meydan.tv\/az\/article\/dusunce-vakuumu\/#primaryimage"},"thumbnailUrl":"https:\/\/www.meydan.tv\/wp-content\/uploads\/44075-1.jpg","datePublished":"2018-10-10T13:53:57+00:00","breadcrumb":{"@id":"https:\/\/www.meydan.tv\/az\/article\/dusunce-vakuumu\/#breadcrumb"},"inLanguage":"az","potentialAction":[{"@type":"ReadAction","target":["https:\/\/www.meydan.tv\/az\/article\/dusunce-vakuumu\/"]}]},{"@type":"ImageObject","inLanguage":"az","@id":"https:\/\/www.meydan.tv\/az\/article\/dusunce-vakuumu\/#primaryimage","url":"https:\/\/www.meydan.tv\/wp-content\/uploads\/44075-1.jpg","contentUrl":"https:\/\/www.meydan.tv\/wp-content\/uploads\/44075-1.jpg","width":1200,"height":965,"caption":"Source:"},{"@type":"BreadcrumbList","@id":"https:\/\/www.meydan.tv\/az\/article\/dusunce-vakuumu\/#breadcrumb","itemListElement":[{"@type":"ListItem","position":1,"name":"Ana s\u0259hif\u0259","item":"https:\/\/www.meydan.tv\/az\/"},{"@type":"ListItem","position":2,"name":"M\u0259nim Fikrimc\u0259","item":"https:\/\/www.meydan.tv\/az\/section\/menim-fikrimce\/"},{"@type":"ListItem","position":3,"name":"D\u00fc\u015f\u00fcnc\u0259 vakuumu"}]},{"@type":"WebSite","@id":"https:\/\/www.meydan.tv\/az\/#website","url":"https:\/\/www.meydan.tv\/az\/","name":"MEYDAN.TV","description":"Meydan TV Az\u0259rbaycan\u0131n media m\u0259kan\u0131ndak\u0131 alternativ s\u0259sidir","publisher":{"@id":"https:\/\/www.meydan.tv\/az\/#organization"},"potentialAction":[{"@type":"SearchAction","target":{"@type":"EntryPoint","urlTemplate":"https:\/\/www.meydan.tv\/az\/?s={search_term_string}"},"query-input":{"@type":"PropertyValueSpecification","valueRequired":true,"valueName":"search_term_string"}}],"inLanguage":"az"},{"@type":"Organization","@id":"https:\/\/www.meydan.tv\/az\/#organization","name":"Meydan TV","url":"https:\/\/www.meydan.tv\/az\/","logo":{"@type":"ImageObject","inLanguage":"az","@id":"https:\/\/www.meydan.tv\/az\/#\/schema\/logo\/image\/","url":"https:\/\/www.meydan.tv\/wp-content\/uploads\/2021\/07\/meydan-logo.svg","contentUrl":"https:\/\/www.meydan.tv\/wp-content\/uploads\/2021\/07\/meydan-logo.svg","width":195,"height":46,"caption":"Meydan TV"},"image":{"@id":"https:\/\/www.meydan.tv\/az\/#\/schema\/logo\/image\/"}},{"@type":"Person","@id":"https:\/\/www.meydan.tv\/az\/#\/schema\/person\/10d11eccf6da3662cf5fdab9806ea91a","name":"user-manager"}]}},"_links":{"self":[{"href":"https:\/\/www.meydan.tv\/az\/wp-json\/wp\/v2\/posts\/211710","targetHints":{"allow":["GET"]}}],"collection":[{"href":"https:\/\/www.meydan.tv\/az\/wp-json\/wp\/v2\/posts"}],"about":[{"href":"https:\/\/www.meydan.tv\/az\/wp-json\/wp\/v2\/types\/post"}],"author":[{"embeddable":true,"href":"https:\/\/www.meydan.tv\/az\/wp-json\/wp\/v2\/users\/11"}],"replies":[{"embeddable":true,"href":"https:\/\/www.meydan.tv\/az\/wp-json\/wp\/v2\/comments?post=211710"}],"version-history":[{"count":0,"href":"https:\/\/www.meydan.tv\/az\/wp-json\/wp\/v2\/posts\/211710\/revisions"}],"wp:featuredmedia":[{"embeddable":true,"href":"https:\/\/www.meydan.tv\/az\/wp-json\/wp\/v2\/media\/207071"}],"wp:attachment":[{"href":"https:\/\/www.meydan.tv\/az\/wp-json\/wp\/v2\/media?parent=211710"}],"wp:term":[{"taxonomy":"category","embeddable":true,"href":"https:\/\/www.meydan.tv\/az\/wp-json\/wp\/v2\/categories?post=211710"},{"taxonomy":"post_tag","embeddable":true,"href":"https:\/\/www.meydan.tv\/az\/wp-json\/wp\/v2\/tags?post=211710"}],"curies":[{"name":"wp","href":"https:\/\/api.w.org\/{rel}","templated":true}]}}