{"id":206987,"date":"2021-06-30T19:21:48","date_gmt":"2021-06-30T19:21:48","guid":{"rendered":"https:\/\/www.meydan.tv\/article\/tek-isteyim-odur-ki-mene-evvelki-saglamligimi-qaytarsinlar\/"},"modified":"2021-10-22T06:49:35","modified_gmt":"2021-10-22T06:49:35","slug":"tek-isteyim-odur-ki-mene-evvelki-saglamligimi-qaytarsinlar","status":"publish","type":"post","link":"https:\/\/www.meydan.tv\/az\/article\/tek-isteyim-odur-ki-mene-evvelki-saglamligimi-qaytarsinlar\/","title":{"rendered":"\u201cT\u0259k ist\u0259yim odur ki, m\u0259n\u0259 \u0259vv\u0259lki sa\u011flaml\u0131\u011f\u0131m\u0131 qaytars\u0131nlar\u201d"},"content":{"rendered":"\n<figure class=\"wp-block-embed is-type-video is-provider-youtube wp-block-embed-youtube wp-embed-aspect-16-9 wp-has-aspect-ratio\">\n<div class=\"wp-block-embed__wrapper\"><iframe title=\"\u201cT\u0259k ist\u0259yim odur ki, m\u0259n\u0259 \u0259vv\u0259lki sa\u011flaml\u0131\u011f\u0131m\u0131 qaytars\u0131nlar\u201d\" data-src=\"https:\/\/www.youtube.com\/embed\/ng0hWTFUbtQ\" allowfullscreen=\"allowfullscreen\" width=\"1200\" height=\"675\" frameborder=\"0\" src=\"data:image\/svg+xml;base64,PHN2ZyB3aWR0aD0iMSIgaGVpZ2h0PSIxIiB4bWxucz0iaHR0cDovL3d3dy53My5vcmcvMjAwMC9zdmciPjwvc3ZnPg==\" class=\"lazyload\" data-load-mode=\"1\"><\/iframe><\/div>\n<\/figure>\n\n\n\n<!--more-->\n\n\n\n<p>\u201cT\u0259k ist\u0259yim odur ki, m\u0259n\u0259 \u0259vv\u0259lki sa\u011flaml\u0131\u011f\u0131m\u0131 qaytars\u0131nlar\u201d<\/p>\n\n\n\n<p>Ramin Tapd\u0131qov \u0130kinci Qaraba\u011f m\u00fcharib\u0259sinin i\u015ftirak\u00e7\u0131s\u0131d\u0131r. Sentyabr\u0131n 21-d\u0259 c\u0259bh\u0259 b\u00f6lg\u0259sin\u0259 yollanan Ramin oktyabrda a\u011f\u0131r yaralan\u0131b. Bundan sonra bir ay x\u0259st\u0259xanada qal\u0131b. Onun aya\u011f\u0131 s\u0131n\u0131b, q\u0259lp\u0259l\u0259r is\u0259 b\u0259d\u0259nind\u0259 yerd\u0259yi\u015fm\u0259 edib.<\/p>\n\n\n\n<p>Ramin Tapd\u0131qov deyir ki, onun x\u0259st\u0259lik s\u0259n\u0259dini haz\u0131r etmir, get-g\u0259l\u0259 sal\u0131rlar. M\u00fcalic\u0259 \u00fc\u00e7\u00fcn H\u0259rbi Hospitala ged\u0259nd\u0259 m\u00fclki x\u0259st\u0259xanaya y\u00f6nl\u0259ndirirl\u0259r. Bunun \u00fc\u00e7\u00fcns\u0259 onun imkan\u0131 yoxdur. Qazi \u0259vv\u0259ll\u0259r briqadir kimi \u00e7al\u0131\u015f\u0131b. \u0130ndi \u0259m\u0259k qabiliyy\u0259tini itirdiyi \u00fc\u00e7\u00fcn he\u00e7 bir yerd\u0259 i\u015f\u0259 g\u00f6t\u00fcrm\u00fcrl\u0259r. O, haz\u0131rda ail\u0259si il\u0259 birg\u0259 vaqon hiss\u0259l\u0259rind\u0259n haz\u0131rlanan balaca evd\u0259 ya\u015fay\u0131r. \u0130ki azya\u015fl\u0131 \u00f6vlad\u0131 var. Deyir, m\u00fcharib\u0259 ba\u015flayanda h\u0259y\u0259tind\u0259 yeni tikdiyi ev d\u0259 yar\u0131m\u00e7\u0131q qald\u0131.<\/p>\n\n\n\n<p>Qazi deyir ki, \u201cYa\u015fat\u00a8 Fondu ona yard\u0131m v\u0259d ets\u0259 d\u0259, h\u0259l\u0259 bir n\u0259tic\u0259si yoxdur. Yard\u0131m etm\u0259k \u00fc\u00e7\u00fcn fond veteran kart\u0131 t\u0259l\u0259b edir.<\/p>\n\n\n\n<p>Qazinin t\u0259k ist\u0259yi sa\u011flaml\u0131\u011f\u0131na qay\u0131tmaq, ail\u0259sini s\u0259rb\u0259st doland\u0131ra bilm\u0259kdir. Ramin Tapd\u0131qov deyir ki, m\u00fcharib\u0259d\u0259ki minamyot s\u0259sl\u0259ri onda ciddi travmalar burax\u0131b. Gec\u0259l\u0259r yata bilmir, durdu\u011fu yerd\u0259 \u0259s\u0259bl\u0259\u015fir. H\u0259tta el\u0259 olub ki, \u00f6z\u00fcn\u0259q\u0259sd haqq\u0131nda da d\u00fc\u015f\u00fcn\u00fcb.<\/p>\n","protected":false},"excerpt":{"rendered":"<p>Ramin Tapd\u0131qov \u0130kinci Qaraba\u011f m\u00fcharib\u0259sinin i\u015ftirak\u00e7\u0131s\u0131d\u0131r. Sentyabr\u0131n 21-d\u0259 c\u0259bh\u0259 b\u00f6lg\u0259sin\u0259 yollanan Ramin oktyabrda a\u011f\u0131r yaralan\u0131b<\/p>\n","protected":false},"author":11,"featured_media":2950,"comment_status":"closed","ping_status":"open","sticky":false,"template":"","format":"standard","meta":{"_acf_changed":false,"_sitemap_exclude":false,"_sitemap_priority":"","_sitemap_frequency":"","footnotes":""},"categories":[63],"tags":[],"class_list":["post-206987","post","type-post","status-publish","format-standard","has-post-thumbnail","hentry","category-video-2","infinite-scroll-item","generate-columns","tablet-grid-50","mobile-grid-100","grid-parent","grid-33","no-featured-image-padding"],"acf":[],"yoast_head":"<!-- This site is optimized with the Yoast SEO plugin v27.5 - https:\/\/yoast.com\/product\/yoast-seo-wordpress\/ -->\n<title>\u201cT\u0259k ist\u0259yim odur ki, m\u0259n\u0259 \u0259vv\u0259lki sa\u011flaml\u0131\u011f\u0131m\u0131 qaytars\u0131nlar\u201d - MEYDAN.TV<\/title>\n<meta name=\"robots\" content=\"index, follow, max-snippet:-1, max-image-preview:large, max-video-preview:-1\" \/>\n<link rel=\"canonical\" href=\"https:\/\/www.meydan.tv\/az\/article\/tek-isteyim-odur-ki-mene-evvelki-saglamligimi-qaytarsinlar\/\" \/>\n<meta property=\"og:locale\" content=\"az_AZ\" \/>\n<meta property=\"og:type\" content=\"article\" \/>\n<meta property=\"og:title\" content=\"\u201cT\u0259k ist\u0259yim odur ki, m\u0259n\u0259 \u0259vv\u0259lki sa\u011flaml\u0131\u011f\u0131m\u0131 qaytars\u0131nlar\u201d - MEYDAN.TV\" \/>\n<meta property=\"og:description\" content=\"Ramin Tapd\u0131qov \u0130kinci Qaraba\u011f m\u00fcharib\u0259sinin i\u015ftirak\u00e7\u0131s\u0131d\u0131r. Sentyabr\u0131n 21-d\u0259 c\u0259bh\u0259 b\u00f6lg\u0259sin\u0259 yollanan Ramin oktyabrda a\u011f\u0131r yaralan\u0131b\" \/>\n<meta property=\"og:url\" content=\"https:\/\/www.meydan.tv\/az\/article\/tek-isteyim-odur-ki-mene-evvelki-saglamligimi-qaytarsinlar\/\" \/>\n<meta property=\"og:site_name\" content=\"MEYDAN.TV\" \/>\n<meta property=\"article:published_time\" content=\"2021-06-30T19:21:48+00:00\" \/>\n<meta property=\"article:modified_time\" content=\"2021-10-22T06:49:35+00:00\" \/>\n<meta property=\"og:image\" content=\"https:\/\/www.meydan.tv\/wp-content\/uploads\/screenshot_at_jun_30_19-13-20-1200x657.png\" \/>\n\t<meta property=\"og:image:width\" content=\"1200\" \/>\n\t<meta property=\"og:image:height\" content=\"657\" \/>\n\t<meta property=\"og:image:type\" content=\"image\/png\" \/>\n<meta name=\"author\" content=\"user-manager\" \/>\n<meta name=\"twitter:card\" content=\"summary_large_image\" \/>\n<script type=\"application\/ld+json\" class=\"yoast-schema-graph\">{\"@context\":\"https:\\\/\\\/schema.org\",\"@graph\":[{\"@type\":\"Article\",\"@id\":\"https:\\\/\\\/www.meydan.tv\\\/az\\\/article\\\/tek-isteyim-odur-ki-mene-evvelki-saglamligimi-qaytarsinlar\\\/#article\",\"isPartOf\":{\"@id\":\"https:\\\/\\\/www.meydan.tv\\\/az\\\/article\\\/tek-isteyim-odur-ki-mene-evvelki-saglamligimi-qaytarsinlar\\\/\"},\"author\":{\"name\":\"user-manager\",\"@id\":\"https:\\\/\\\/www.meydan.tv\\\/az\\\/#\\\/schema\\\/person\\\/10d11eccf6da3662cf5fdab9806ea91a\"},\"headline\":\"\u201cT\u0259k ist\u0259yim odur ki, m\u0259n\u0259 \u0259vv\u0259lki sa\u011flaml\u0131\u011f\u0131m\u0131 qaytars\u0131nlar\u201d\",\"datePublished\":\"2021-06-30T19:21:48+00:00\",\"dateModified\":\"2021-10-22T06:49:35+00:00\",\"mainEntityOfPage\":{\"@id\":\"https:\\\/\\\/www.meydan.tv\\\/az\\\/article\\\/tek-isteyim-odur-ki-mene-evvelki-saglamligimi-qaytarsinlar\\\/\"},\"wordCount\":284,\"publisher\":{\"@id\":\"https:\\\/\\\/www.meydan.tv\\\/az\\\/#organization\"},\"image\":{\"@id\":\"https:\\\/\\\/www.meydan.tv\\\/az\\\/article\\\/tek-isteyim-odur-ki-mene-evvelki-saglamligimi-qaytarsinlar\\\/#primaryimage\"},\"thumbnailUrl\":\"https:\\\/\\\/www.meydan.tv\\\/wp-content\\\/uploads\\\/screenshot_at_jun_30_19-13-20.png\",\"articleSection\":[\"Video\"],\"inLanguage\":\"az\"},{\"@type\":\"WebPage\",\"@id\":\"https:\\\/\\\/www.meydan.tv\\\/az\\\/article\\\/tek-isteyim-odur-ki-mene-evvelki-saglamligimi-qaytarsinlar\\\/\",\"url\":\"https:\\\/\\\/www.meydan.tv\\\/az\\\/article\\\/tek-isteyim-odur-ki-mene-evvelki-saglamligimi-qaytarsinlar\\\/\",\"name\":\"\u201cT\u0259k ist\u0259yim odur ki, m\u0259n\u0259 \u0259vv\u0259lki sa\u011flaml\u0131\u011f\u0131m\u0131 qaytars\u0131nlar\u201d - MEYDAN.TV\",\"isPartOf\":{\"@id\":\"https:\\\/\\\/www.meydan.tv\\\/az\\\/#website\"},\"primaryImageOfPage\":{\"@id\":\"https:\\\/\\\/www.meydan.tv\\\/az\\\/article\\\/tek-isteyim-odur-ki-mene-evvelki-saglamligimi-qaytarsinlar\\\/#primaryimage\"},\"image\":{\"@id\":\"https:\\\/\\\/www.meydan.tv\\\/az\\\/article\\\/tek-isteyim-odur-ki-mene-evvelki-saglamligimi-qaytarsinlar\\\/#primaryimage\"},\"thumbnailUrl\":\"https:\\\/\\\/www.meydan.tv\\\/wp-content\\\/uploads\\\/screenshot_at_jun_30_19-13-20.png\",\"datePublished\":\"2021-06-30T19:21:48+00:00\",\"dateModified\":\"2021-10-22T06:49:35+00:00\",\"breadcrumb\":{\"@id\":\"https:\\\/\\\/www.meydan.tv\\\/az\\\/article\\\/tek-isteyim-odur-ki-mene-evvelki-saglamligimi-qaytarsinlar\\\/#breadcrumb\"},\"inLanguage\":\"az\",\"potentialAction\":[{\"@type\":\"ReadAction\",\"target\":[\"https:\\\/\\\/www.meydan.tv\\\/az\\\/article\\\/tek-isteyim-odur-ki-mene-evvelki-saglamligimi-qaytarsinlar\\\/\"]}]},{\"@type\":\"ImageObject\",\"inLanguage\":\"az\",\"@id\":\"https:\\\/\\\/www.meydan.tv\\\/az\\\/article\\\/tek-isteyim-odur-ki-mene-evvelki-saglamligimi-qaytarsinlar\\\/#primaryimage\",\"url\":\"https:\\\/\\\/www.meydan.tv\\\/wp-content\\\/uploads\\\/screenshot_at_jun_30_19-13-20.png\",\"contentUrl\":\"https:\\\/\\\/www.meydan.tv\\\/wp-content\\\/uploads\\\/screenshot_at_jun_30_19-13-20.png\",\"width\":1596,\"height\":874,\"caption\":\"Source: Meydan.TV\"},{\"@type\":\"BreadcrumbList\",\"@id\":\"https:\\\/\\\/www.meydan.tv\\\/az\\\/article\\\/tek-isteyim-odur-ki-mene-evvelki-saglamligimi-qaytarsinlar\\\/#breadcrumb\",\"itemListElement\":[{\"@type\":\"ListItem\",\"position\":1,\"name\":\"Ana s\u0259hif\u0259\",\"item\":\"https:\\\/\\\/www.meydan.tv\\\/az\\\/\"},{\"@type\":\"ListItem\",\"position\":2,\"name\":\"Video\",\"item\":\"https:\\\/\\\/www.meydan.tv\\\/az\\\/section\\\/video-2\\\/\"},{\"@type\":\"ListItem\",\"position\":3,\"name\":\"\u201cT\u0259k ist\u0259yim odur ki, m\u0259n\u0259 \u0259vv\u0259lki sa\u011flaml\u0131\u011f\u0131m\u0131 qaytars\u0131nlar\u201d\"}]},{\"@type\":\"WebSite\",\"@id\":\"https:\\\/\\\/www.meydan.tv\\\/az\\\/#website\",\"url\":\"https:\\\/\\\/www.meydan.tv\\\/az\\\/\",\"name\":\"MEYDAN.TV\",\"description\":\"Meydan TV Az\u0259rbaycan\u0131n media m\u0259kan\u0131ndak\u0131 alternativ s\u0259sidir\",\"publisher\":{\"@id\":\"https:\\\/\\\/www.meydan.tv\\\/az\\\/#organization\"},\"potentialAction\":[{\"@type\":\"SearchAction\",\"target\":{\"@type\":\"EntryPoint\",\"urlTemplate\":\"https:\\\/\\\/www.meydan.tv\\\/az\\\/?s={search_term_string}\"},\"query-input\":{\"@type\":\"PropertyValueSpecification\",\"valueRequired\":true,\"valueName\":\"search_term_string\"}}],\"inLanguage\":\"az\"},{\"@type\":\"Organization\",\"@id\":\"https:\\\/\\\/www.meydan.tv\\\/az\\\/#organization\",\"name\":\"Meydan TV\",\"url\":\"https:\\\/\\\/www.meydan.tv\\\/az\\\/\",\"logo\":{\"@type\":\"ImageObject\",\"inLanguage\":\"az\",\"@id\":\"https:\\\/\\\/www.meydan.tv\\\/az\\\/#\\\/schema\\\/logo\\\/image\\\/\",\"url\":\"https:\\\/\\\/www.meydan.tv\\\/wp-content\\\/uploads\\\/2021\\\/07\\\/meydan-logo.svg\",\"contentUrl\":\"https:\\\/\\\/www.meydan.tv\\\/wp-content\\\/uploads\\\/2021\\\/07\\\/meydan-logo.svg\",\"width\":195,\"height\":46,\"caption\":\"Meydan TV\"},\"image\":{\"@id\":\"https:\\\/\\\/www.meydan.tv\\\/az\\\/#\\\/schema\\\/logo\\\/image\\\/\"}},{\"@type\":\"Person\",\"@id\":\"https:\\\/\\\/www.meydan.tv\\\/az\\\/#\\\/schema\\\/person\\\/10d11eccf6da3662cf5fdab9806ea91a\",\"name\":\"user-manager\"}]}<\/script>\n<!-- \/ Yoast SEO plugin. -->","yoast_head_json":{"title":"\u201cT\u0259k ist\u0259yim odur ki, m\u0259n\u0259 \u0259vv\u0259lki sa\u011flaml\u0131\u011f\u0131m\u0131 qaytars\u0131nlar\u201d - MEYDAN.TV","robots":{"index":"index","follow":"follow","max-snippet":"max-snippet:-1","max-image-preview":"max-image-preview:large","max-video-preview":"max-video-preview:-1"},"canonical":"https:\/\/www.meydan.tv\/az\/article\/tek-isteyim-odur-ki-mene-evvelki-saglamligimi-qaytarsinlar\/","og_locale":"az_AZ","og_type":"article","og_title":"\u201cT\u0259k ist\u0259yim odur ki, m\u0259n\u0259 \u0259vv\u0259lki sa\u011flaml\u0131\u011f\u0131m\u0131 qaytars\u0131nlar\u201d - MEYDAN.TV","og_description":"Ramin Tapd\u0131qov \u0130kinci Qaraba\u011f m\u00fcharib\u0259sinin i\u015ftirak\u00e7\u0131s\u0131d\u0131r. Sentyabr\u0131n 21-d\u0259 c\u0259bh\u0259 b\u00f6lg\u0259sin\u0259 yollanan Ramin oktyabrda a\u011f\u0131r yaralan\u0131b","og_url":"https:\/\/www.meydan.tv\/az\/article\/tek-isteyim-odur-ki-mene-evvelki-saglamligimi-qaytarsinlar\/","og_site_name":"MEYDAN.TV","article_published_time":"2021-06-30T19:21:48+00:00","article_modified_time":"2021-10-22T06:49:35+00:00","og_image":[{"width":1200,"height":657,"url":"https:\/\/www.meydan.tv\/wp-content\/uploads\/screenshot_at_jun_30_19-13-20-1200x657.png","type":"image\/png"}],"author":"user-manager","twitter_card":"summary_large_image","schema":{"@context":"https:\/\/schema.org","@graph":[{"@type":"Article","@id":"https:\/\/www.meydan.tv\/az\/article\/tek-isteyim-odur-ki-mene-evvelki-saglamligimi-qaytarsinlar\/#article","isPartOf":{"@id":"https:\/\/www.meydan.tv\/az\/article\/tek-isteyim-odur-ki-mene-evvelki-saglamligimi-qaytarsinlar\/"},"author":{"name":"user-manager","@id":"https:\/\/www.meydan.tv\/az\/#\/schema\/person\/10d11eccf6da3662cf5fdab9806ea91a"},"headline":"\u201cT\u0259k ist\u0259yim odur ki, m\u0259n\u0259 \u0259vv\u0259lki sa\u011flaml\u0131\u011f\u0131m\u0131 qaytars\u0131nlar\u201d","datePublished":"2021-06-30T19:21:48+00:00","dateModified":"2021-10-22T06:49:35+00:00","mainEntityOfPage":{"@id":"https:\/\/www.meydan.tv\/az\/article\/tek-isteyim-odur-ki-mene-evvelki-saglamligimi-qaytarsinlar\/"},"wordCount":284,"publisher":{"@id":"https:\/\/www.meydan.tv\/az\/#organization"},"image":{"@id":"https:\/\/www.meydan.tv\/az\/article\/tek-isteyim-odur-ki-mene-evvelki-saglamligimi-qaytarsinlar\/#primaryimage"},"thumbnailUrl":"https:\/\/www.meydan.tv\/wp-content\/uploads\/screenshot_at_jun_30_19-13-20.png","articleSection":["Video"],"inLanguage":"az"},{"@type":"WebPage","@id":"https:\/\/www.meydan.tv\/az\/article\/tek-isteyim-odur-ki-mene-evvelki-saglamligimi-qaytarsinlar\/","url":"https:\/\/www.meydan.tv\/az\/article\/tek-isteyim-odur-ki-mene-evvelki-saglamligimi-qaytarsinlar\/","name":"\u201cT\u0259k ist\u0259yim odur ki, m\u0259n\u0259 \u0259vv\u0259lki sa\u011flaml\u0131\u011f\u0131m\u0131 qaytars\u0131nlar\u201d - MEYDAN.TV","isPartOf":{"@id":"https:\/\/www.meydan.tv\/az\/#website"},"primaryImageOfPage":{"@id":"https:\/\/www.meydan.tv\/az\/article\/tek-isteyim-odur-ki-mene-evvelki-saglamligimi-qaytarsinlar\/#primaryimage"},"image":{"@id":"https:\/\/www.meydan.tv\/az\/article\/tek-isteyim-odur-ki-mene-evvelki-saglamligimi-qaytarsinlar\/#primaryimage"},"thumbnailUrl":"https:\/\/www.meydan.tv\/wp-content\/uploads\/screenshot_at_jun_30_19-13-20.png","datePublished":"2021-06-30T19:21:48+00:00","dateModified":"2021-10-22T06:49:35+00:00","breadcrumb":{"@id":"https:\/\/www.meydan.tv\/az\/article\/tek-isteyim-odur-ki-mene-evvelki-saglamligimi-qaytarsinlar\/#breadcrumb"},"inLanguage":"az","potentialAction":[{"@type":"ReadAction","target":["https:\/\/www.meydan.tv\/az\/article\/tek-isteyim-odur-ki-mene-evvelki-saglamligimi-qaytarsinlar\/"]}]},{"@type":"ImageObject","inLanguage":"az","@id":"https:\/\/www.meydan.tv\/az\/article\/tek-isteyim-odur-ki-mene-evvelki-saglamligimi-qaytarsinlar\/#primaryimage","url":"https:\/\/www.meydan.tv\/wp-content\/uploads\/screenshot_at_jun_30_19-13-20.png","contentUrl":"https:\/\/www.meydan.tv\/wp-content\/uploads\/screenshot_at_jun_30_19-13-20.png","width":1596,"height":874,"caption":"Source: Meydan.TV"},{"@type":"BreadcrumbList","@id":"https:\/\/www.meydan.tv\/az\/article\/tek-isteyim-odur-ki-mene-evvelki-saglamligimi-qaytarsinlar\/#breadcrumb","itemListElement":[{"@type":"ListItem","position":1,"name":"Ana s\u0259hif\u0259","item":"https:\/\/www.meydan.tv\/az\/"},{"@type":"ListItem","position":2,"name":"Video","item":"https:\/\/www.meydan.tv\/az\/section\/video-2\/"},{"@type":"ListItem","position":3,"name":"\u201cT\u0259k ist\u0259yim odur ki, m\u0259n\u0259 \u0259vv\u0259lki sa\u011flaml\u0131\u011f\u0131m\u0131 qaytars\u0131nlar\u201d"}]},{"@type":"WebSite","@id":"https:\/\/www.meydan.tv\/az\/#website","url":"https:\/\/www.meydan.tv\/az\/","name":"MEYDAN.TV","description":"Meydan TV Az\u0259rbaycan\u0131n media m\u0259kan\u0131ndak\u0131 alternativ s\u0259sidir","publisher":{"@id":"https:\/\/www.meydan.tv\/az\/#organization"},"potentialAction":[{"@type":"SearchAction","target":{"@type":"EntryPoint","urlTemplate":"https:\/\/www.meydan.tv\/az\/?s={search_term_string}"},"query-input":{"@type":"PropertyValueSpecification","valueRequired":true,"valueName":"search_term_string"}}],"inLanguage":"az"},{"@type":"Organization","@id":"https:\/\/www.meydan.tv\/az\/#organization","name":"Meydan TV","url":"https:\/\/www.meydan.tv\/az\/","logo":{"@type":"ImageObject","inLanguage":"az","@id":"https:\/\/www.meydan.tv\/az\/#\/schema\/logo\/image\/","url":"https:\/\/www.meydan.tv\/wp-content\/uploads\/2021\/07\/meydan-logo.svg","contentUrl":"https:\/\/www.meydan.tv\/wp-content\/uploads\/2021\/07\/meydan-logo.svg","width":195,"height":46,"caption":"Meydan TV"},"image":{"@id":"https:\/\/www.meydan.tv\/az\/#\/schema\/logo\/image\/"}},{"@type":"Person","@id":"https:\/\/www.meydan.tv\/az\/#\/schema\/person\/10d11eccf6da3662cf5fdab9806ea91a","name":"user-manager"}]}},"_links":{"self":[{"href":"https:\/\/www.meydan.tv\/az\/wp-json\/wp\/v2\/posts\/206987","targetHints":{"allow":["GET"]}}],"collection":[{"href":"https:\/\/www.meydan.tv\/az\/wp-json\/wp\/v2\/posts"}],"about":[{"href":"https:\/\/www.meydan.tv\/az\/wp-json\/wp\/v2\/types\/post"}],"author":[{"embeddable":true,"href":"https:\/\/www.meydan.tv\/az\/wp-json\/wp\/v2\/users\/11"}],"replies":[{"embeddable":true,"href":"https:\/\/www.meydan.tv\/az\/wp-json\/wp\/v2\/comments?post=206987"}],"version-history":[{"count":3,"href":"https:\/\/www.meydan.tv\/az\/wp-json\/wp\/v2\/posts\/206987\/revisions"}],"predecessor-version":[{"id":207063,"href":"https:\/\/www.meydan.tv\/az\/wp-json\/wp\/v2\/posts\/206987\/revisions\/207063"}],"wp:featuredmedia":[{"embeddable":true,"href":"https:\/\/www.meydan.tv\/az\/wp-json\/wp\/v2\/media\/2950"}],"wp:attachment":[{"href":"https:\/\/www.meydan.tv\/az\/wp-json\/wp\/v2\/media?parent=206987"}],"wp:term":[{"taxonomy":"category","embeddable":true,"href":"https:\/\/www.meydan.tv\/az\/wp-json\/wp\/v2\/categories?post=206987"},{"taxonomy":"post_tag","embeddable":true,"href":"https:\/\/www.meydan.tv\/az\/wp-json\/wp\/v2\/tags?post=206987"}],"curies":[{"name":"wp","href":"https:\/\/api.w.org\/{rel}","templated":true}]}}