{"id":206959,"date":"2021-06-29T14:39:11","date_gmt":"2021-06-29T14:39:11","guid":{"rendered":"https:\/\/www.meydan.tv\/article\/azerbaycan-film-komissiyasi-tesis-edilib\/"},"modified":"2021-06-29T14:39:11","modified_gmt":"2021-06-29T14:39:11","slug":"azerbaycan-film-komissiyasi-tesis-edilib","status":"publish","type":"post","link":"https:\/\/www.meydan.tv\/az\/article\/azerbaycan-film-komissiyasi-tesis-edilib\/","title":{"rendered":"Az\u0259rbaycan Film Komissiyas\u0131 t\u0259sis edilib"},"content":{"rendered":"<p>\n  <i><br \/>\n    Nazir: \u201c\u201dNetflix\u201d platformas\u0131 il\u0259 yeni irimiqyasl\u0131 layih\u0259l\u0259r g\u00f6zl\u0259nilir\u201d<br \/>\n  <\/i>\n<\/p>\n<p>\n  M\u0259d\u0259niyy\u0259t Nazirliyi Az\u0259rbaycan Film Komissiyas\u0131 (\u201cFilming Azerbaijan\u201d) t\u0259sis edib.\n<\/p>\n<p>\n  Az\u0259rbaycan Film Komissiyas\u0131n\u0131n t\u0259qdimat m\u0259rasimi ke\u00e7irilib.\n<\/p>\n<p>\n  M\u0259d\u0259niyy\u0259t naziri Anar K\u0259rimov bildirib ki, komissiya Az\u0259rbaycan\u0131 beyn\u0259lxalq s\u0259viyy\u0259d\u0259 \u00e7\u0259kili\u015f m\u0259kan\u0131 kimi k\u0259\u015ff etm\u0259y\u0259 imkan\u0131 yaradacaq: \u201cM\u0259qs\u0259d \u00f6lk\u0259nin bu sah\u0259d\u0259 potensial\u0131n\u0131 g\u00f6st\u0259rm\u0259kdir. Prezidentin tap\u015f\u0131r\u0131\u011f\u0131na \u0259sas\u0259n, nazirlikd\u0259 islahatlara ba\u015flan\u0131l\u0131b. M\u0259d\u0259niyy\u0259t iqtisadiyyata t\u00f6hf\u0259 ver\u0259n bir sah\u0259 kimi formala\u015fmal\u0131d\u0131r. Bu i\u015fd\u0259 kino sah\u0259si d\u0259 prioritet t\u0259\u015fkil edir. Bu layih\u0259 n\u0259inki kino sah\u0259si, el\u0259c\u0259 d\u0259 \u00f6lk\u0259 iqtisadiyyat\u0131 \u00fc\u00e7\u00fcn \u0259h\u0259miyy\u0259ti rol oynayacaq. Diqq\u0259t\u0259 \u00e7atd\u0131r\u0131ld\u0131 ki, il \u0259rzind\u0259 beyn\u0259lxalq istehsal\u00e7\u0131lar\u0131n Az\u0259rbaycana c\u0259lb olunmas\u0131 h\u0259yata ke\u00e7irilib, eyni zamanda, \u201cNetflix\u201d platformas\u0131 il\u0259 yeni irimiqyasl\u0131 layih\u0259l\u0259r g\u00f6zl\u0259nilir\u201d.\n<\/p>\n<p>\n  Az\u0259rbaycan Film Komissiyas\u0131n\u0131n direktoru \u0130lkin M\u0259mm\u0259dli bildirib ki, layih\u0259 \u00e7\u0259r\u00e7iv\u0259sind\u0259 Az\u0259rbaycan\u0131 beyn\u0259lxalq kino istehsal\u00e7\u0131lar\u0131 \u00fc\u00e7\u00fcn geni\u015f imkanlar\u0131 olan \u00e7\u0259kili\u015f m\u0259kan\u0131 kimi t\u0259qdim olunacaq.\n<\/p>\n<p>\n  Kino istehsal\u00e7\u0131lar\u0131 il\u0259 m\u00fc\u015ft\u0259r\u0259k layih\u0259l\u0259r h\u0259yata ke\u00e7iril\u0259c\u0259k. Az\u0259rbaycana xaricd\u0259n maliyy\u0259 v\u0259saitinin c\u0259lb edilm\u0259si t\u0259min olunacaq.<\/p>\n","protected":false},"excerpt":{"rendered":"<p>Nazir: \u201c\u201dNetflix\u201d platformas\u0131 il\u0259 yeni irimiqyasl\u0131 layih\u0259l\u0259r g\u00f6zl\u0259nilir\u201d<\/p>\n","protected":false},"author":11,"featured_media":161970,"comment_status":"closed","ping_status":"open","sticky":false,"template":"","format":"standard","meta":{"_acf_changed":false,"_sitemap_exclude":false,"_sitemap_priority":"","_sitemap_frequency":"","footnotes":""},"categories":[52],"tags":[],"class_list":["post-206959","post","type-post","status-publish","format-standard","has-post-thumbnail","hentry","category-medeniyyet","infinite-scroll-item","generate-columns","tablet-grid-50","mobile-grid-100","grid-parent","grid-33","no-featured-image-padding"],"acf":[],"yoast_head":"<!-- This site is optimized with the Yoast SEO plugin v27.4 - https:\/\/yoast.com\/product\/yoast-seo-wordpress\/ -->\n<title>Az\u0259rbaycan Film Komissiyas\u0131 t\u0259sis edilib - MEYDAN.TV<\/title>\n<meta name=\"robots\" content=\"index, follow, max-snippet:-1, max-image-preview:large, max-video-preview:-1\" \/>\n<link rel=\"canonical\" href=\"https:\/\/www.meydan.tv\/az\/article\/azerbaycan-film-komissiyasi-tesis-edilib\/\" \/>\n<meta property=\"og:locale\" content=\"az_AZ\" \/>\n<meta property=\"og:type\" content=\"article\" \/>\n<meta property=\"og:title\" content=\"Az\u0259rbaycan Film Komissiyas\u0131 t\u0259sis edilib - MEYDAN.TV\" \/>\n<meta property=\"og:description\" content=\"Nazir: \u201c\u201dNetflix\u201d platformas\u0131 il\u0259 yeni irimiqyasl\u0131 layih\u0259l\u0259r g\u00f6zl\u0259nilir\u201d\" \/>\n<meta property=\"og:url\" content=\"https:\/\/www.meydan.tv\/az\/article\/azerbaycan-film-komissiyasi-tesis-edilib\/\" \/>\n<meta property=\"og:site_name\" content=\"MEYDAN.TV\" \/>\n<meta property=\"article:published_time\" content=\"2021-06-29T14:39:11+00:00\" \/>\n<meta property=\"og:image\" content=\"https:\/\/www.meydan.tv\/wp-content\/uploads\/film_1.jpg\" \/>\n\t<meta property=\"og:image:width\" content=\"1131\" \/>\n\t<meta property=\"og:image:height\" content=\"754\" \/>\n\t<meta property=\"og:image:type\" content=\"image\/jpeg\" \/>\n<meta name=\"author\" content=\"user-manager\" \/>\n<meta name=\"twitter:card\" content=\"summary_large_image\" \/>\n<script type=\"application\/ld+json\" class=\"yoast-schema-graph\">{\"@context\":\"https:\\\/\\\/schema.org\",\"@graph\":[{\"@type\":\"Article\",\"@id\":\"https:\\\/\\\/www.meydan.tv\\\/az\\\/article\\\/azerbaycan-film-komissiyasi-tesis-edilib\\\/#article\",\"isPartOf\":{\"@id\":\"https:\\\/\\\/www.meydan.tv\\\/az\\\/article\\\/azerbaycan-film-komissiyasi-tesis-edilib\\\/\"},\"author\":{\"name\":\"user-manager\",\"@id\":\"https:\\\/\\\/www.meydan.tv\\\/az\\\/#\\\/schema\\\/person\\\/10d11eccf6da3662cf5fdab9806ea91a\"},\"headline\":\"Az\u0259rbaycan Film Komissiyas\u0131 t\u0259sis edilib\",\"datePublished\":\"2021-06-29T14:39:11+00:00\",\"mainEntityOfPage\":{\"@id\":\"https:\\\/\\\/www.meydan.tv\\\/az\\\/article\\\/azerbaycan-film-komissiyasi-tesis-edilib\\\/\"},\"wordCount\":245,\"publisher\":{\"@id\":\"https:\\\/\\\/www.meydan.tv\\\/az\\\/#organization\"},\"image\":{\"@id\":\"https:\\\/\\\/www.meydan.tv\\\/az\\\/article\\\/azerbaycan-film-komissiyasi-tesis-edilib\\\/#primaryimage\"},\"thumbnailUrl\":\"https:\\\/\\\/www.meydan.tv\\\/wp-content\\\/uploads\\\/film_1.jpg\",\"articleSection\":[\"M\u0259d\u0259niyy\u0259t\"],\"inLanguage\":\"az\"},{\"@type\":\"WebPage\",\"@id\":\"https:\\\/\\\/www.meydan.tv\\\/az\\\/article\\\/azerbaycan-film-komissiyasi-tesis-edilib\\\/\",\"url\":\"https:\\\/\\\/www.meydan.tv\\\/az\\\/article\\\/azerbaycan-film-komissiyasi-tesis-edilib\\\/\",\"name\":\"Az\u0259rbaycan Film Komissiyas\u0131 t\u0259sis edilib - MEYDAN.TV\",\"isPartOf\":{\"@id\":\"https:\\\/\\\/www.meydan.tv\\\/az\\\/#website\"},\"primaryImageOfPage\":{\"@id\":\"https:\\\/\\\/www.meydan.tv\\\/az\\\/article\\\/azerbaycan-film-komissiyasi-tesis-edilib\\\/#primaryimage\"},\"image\":{\"@id\":\"https:\\\/\\\/www.meydan.tv\\\/az\\\/article\\\/azerbaycan-film-komissiyasi-tesis-edilib\\\/#primaryimage\"},\"thumbnailUrl\":\"https:\\\/\\\/www.meydan.tv\\\/wp-content\\\/uploads\\\/film_1.jpg\",\"datePublished\":\"2021-06-29T14:39:11+00:00\",\"breadcrumb\":{\"@id\":\"https:\\\/\\\/www.meydan.tv\\\/az\\\/article\\\/azerbaycan-film-komissiyasi-tesis-edilib\\\/#breadcrumb\"},\"inLanguage\":\"az\",\"potentialAction\":[{\"@type\":\"ReadAction\",\"target\":[\"https:\\\/\\\/www.meydan.tv\\\/az\\\/article\\\/azerbaycan-film-komissiyasi-tesis-edilib\\\/\"]}]},{\"@type\":\"ImageObject\",\"inLanguage\":\"az\",\"@id\":\"https:\\\/\\\/www.meydan.tv\\\/az\\\/article\\\/azerbaycan-film-komissiyasi-tesis-edilib\\\/#primaryimage\",\"url\":\"https:\\\/\\\/www.meydan.tv\\\/wp-content\\\/uploads\\\/film_1.jpg\",\"contentUrl\":\"https:\\\/\\\/www.meydan.tv\\\/wp-content\\\/uploads\\\/film_1.jpg\",\"width\":1131,\"height\":754,\"caption\":\"Source: Specify Source\"},{\"@type\":\"BreadcrumbList\",\"@id\":\"https:\\\/\\\/www.meydan.tv\\\/az\\\/article\\\/azerbaycan-film-komissiyasi-tesis-edilib\\\/#breadcrumb\",\"itemListElement\":[{\"@type\":\"ListItem\",\"position\":1,\"name\":\"Ana s\u0259hif\u0259\",\"item\":\"https:\\\/\\\/www.meydan.tv\\\/az\\\/\"},{\"@type\":\"ListItem\",\"position\":2,\"name\":\"M\u0259d\u0259niyy\u0259t\",\"item\":\"https:\\\/\\\/www.meydan.tv\\\/az\\\/section\\\/medeniyyet\\\/\"},{\"@type\":\"ListItem\",\"position\":3,\"name\":\"Az\u0259rbaycan Film Komissiyas\u0131 t\u0259sis edilib\"}]},{\"@type\":\"WebSite\",\"@id\":\"https:\\\/\\\/www.meydan.tv\\\/az\\\/#website\",\"url\":\"https:\\\/\\\/www.meydan.tv\\\/az\\\/\",\"name\":\"MEYDAN.TV\",\"description\":\"Meydan TV Az\u0259rbaycan\u0131n media m\u0259kan\u0131ndak\u0131 alternativ s\u0259sidir\",\"publisher\":{\"@id\":\"https:\\\/\\\/www.meydan.tv\\\/az\\\/#organization\"},\"potentialAction\":[{\"@type\":\"SearchAction\",\"target\":{\"@type\":\"EntryPoint\",\"urlTemplate\":\"https:\\\/\\\/www.meydan.tv\\\/az\\\/?s={search_term_string}\"},\"query-input\":{\"@type\":\"PropertyValueSpecification\",\"valueRequired\":true,\"valueName\":\"search_term_string\"}}],\"inLanguage\":\"az\"},{\"@type\":\"Organization\",\"@id\":\"https:\\\/\\\/www.meydan.tv\\\/az\\\/#organization\",\"name\":\"Meydan TV\",\"url\":\"https:\\\/\\\/www.meydan.tv\\\/az\\\/\",\"logo\":{\"@type\":\"ImageObject\",\"inLanguage\":\"az\",\"@id\":\"https:\\\/\\\/www.meydan.tv\\\/az\\\/#\\\/schema\\\/logo\\\/image\\\/\",\"url\":\"https:\\\/\\\/www.meydan.tv\\\/wp-content\\\/uploads\\\/2021\\\/07\\\/meydan-logo.svg\",\"contentUrl\":\"https:\\\/\\\/www.meydan.tv\\\/wp-content\\\/uploads\\\/2021\\\/07\\\/meydan-logo.svg\",\"width\":195,\"height\":46,\"caption\":\"Meydan TV\"},\"image\":{\"@id\":\"https:\\\/\\\/www.meydan.tv\\\/az\\\/#\\\/schema\\\/logo\\\/image\\\/\"}},{\"@type\":\"Person\",\"@id\":\"https:\\\/\\\/www.meydan.tv\\\/az\\\/#\\\/schema\\\/person\\\/10d11eccf6da3662cf5fdab9806ea91a\",\"name\":\"user-manager\"}]}<\/script>\n<!-- \/ Yoast SEO plugin. -->","yoast_head_json":{"title":"Az\u0259rbaycan Film Komissiyas\u0131 t\u0259sis edilib - MEYDAN.TV","robots":{"index":"index","follow":"follow","max-snippet":"max-snippet:-1","max-image-preview":"max-image-preview:large","max-video-preview":"max-video-preview:-1"},"canonical":"https:\/\/www.meydan.tv\/az\/article\/azerbaycan-film-komissiyasi-tesis-edilib\/","og_locale":"az_AZ","og_type":"article","og_title":"Az\u0259rbaycan Film Komissiyas\u0131 t\u0259sis edilib - MEYDAN.TV","og_description":"Nazir: \u201c\u201dNetflix\u201d platformas\u0131 il\u0259 yeni irimiqyasl\u0131 layih\u0259l\u0259r g\u00f6zl\u0259nilir\u201d","og_url":"https:\/\/www.meydan.tv\/az\/article\/azerbaycan-film-komissiyasi-tesis-edilib\/","og_site_name":"MEYDAN.TV","article_published_time":"2021-06-29T14:39:11+00:00","og_image":[{"width":1131,"height":754,"url":"https:\/\/www.meydan.tv\/wp-content\/uploads\/film_1.jpg","type":"image\/jpeg"}],"author":"user-manager","twitter_card":"summary_large_image","schema":{"@context":"https:\/\/schema.org","@graph":[{"@type":"Article","@id":"https:\/\/www.meydan.tv\/az\/article\/azerbaycan-film-komissiyasi-tesis-edilib\/#article","isPartOf":{"@id":"https:\/\/www.meydan.tv\/az\/article\/azerbaycan-film-komissiyasi-tesis-edilib\/"},"author":{"name":"user-manager","@id":"https:\/\/www.meydan.tv\/az\/#\/schema\/person\/10d11eccf6da3662cf5fdab9806ea91a"},"headline":"Az\u0259rbaycan Film Komissiyas\u0131 t\u0259sis edilib","datePublished":"2021-06-29T14:39:11+00:00","mainEntityOfPage":{"@id":"https:\/\/www.meydan.tv\/az\/article\/azerbaycan-film-komissiyasi-tesis-edilib\/"},"wordCount":245,"publisher":{"@id":"https:\/\/www.meydan.tv\/az\/#organization"},"image":{"@id":"https:\/\/www.meydan.tv\/az\/article\/azerbaycan-film-komissiyasi-tesis-edilib\/#primaryimage"},"thumbnailUrl":"https:\/\/www.meydan.tv\/wp-content\/uploads\/film_1.jpg","articleSection":["M\u0259d\u0259niyy\u0259t"],"inLanguage":"az"},{"@type":"WebPage","@id":"https:\/\/www.meydan.tv\/az\/article\/azerbaycan-film-komissiyasi-tesis-edilib\/","url":"https:\/\/www.meydan.tv\/az\/article\/azerbaycan-film-komissiyasi-tesis-edilib\/","name":"Az\u0259rbaycan Film Komissiyas\u0131 t\u0259sis edilib - MEYDAN.TV","isPartOf":{"@id":"https:\/\/www.meydan.tv\/az\/#website"},"primaryImageOfPage":{"@id":"https:\/\/www.meydan.tv\/az\/article\/azerbaycan-film-komissiyasi-tesis-edilib\/#primaryimage"},"image":{"@id":"https:\/\/www.meydan.tv\/az\/article\/azerbaycan-film-komissiyasi-tesis-edilib\/#primaryimage"},"thumbnailUrl":"https:\/\/www.meydan.tv\/wp-content\/uploads\/film_1.jpg","datePublished":"2021-06-29T14:39:11+00:00","breadcrumb":{"@id":"https:\/\/www.meydan.tv\/az\/article\/azerbaycan-film-komissiyasi-tesis-edilib\/#breadcrumb"},"inLanguage":"az","potentialAction":[{"@type":"ReadAction","target":["https:\/\/www.meydan.tv\/az\/article\/azerbaycan-film-komissiyasi-tesis-edilib\/"]}]},{"@type":"ImageObject","inLanguage":"az","@id":"https:\/\/www.meydan.tv\/az\/article\/azerbaycan-film-komissiyasi-tesis-edilib\/#primaryimage","url":"https:\/\/www.meydan.tv\/wp-content\/uploads\/film_1.jpg","contentUrl":"https:\/\/www.meydan.tv\/wp-content\/uploads\/film_1.jpg","width":1131,"height":754,"caption":"Source: Specify Source"},{"@type":"BreadcrumbList","@id":"https:\/\/www.meydan.tv\/az\/article\/azerbaycan-film-komissiyasi-tesis-edilib\/#breadcrumb","itemListElement":[{"@type":"ListItem","position":1,"name":"Ana s\u0259hif\u0259","item":"https:\/\/www.meydan.tv\/az\/"},{"@type":"ListItem","position":2,"name":"M\u0259d\u0259niyy\u0259t","item":"https:\/\/www.meydan.tv\/az\/section\/medeniyyet\/"},{"@type":"ListItem","position":3,"name":"Az\u0259rbaycan Film Komissiyas\u0131 t\u0259sis edilib"}]},{"@type":"WebSite","@id":"https:\/\/www.meydan.tv\/az\/#website","url":"https:\/\/www.meydan.tv\/az\/","name":"MEYDAN.TV","description":"Meydan TV Az\u0259rbaycan\u0131n media m\u0259kan\u0131ndak\u0131 alternativ s\u0259sidir","publisher":{"@id":"https:\/\/www.meydan.tv\/az\/#organization"},"potentialAction":[{"@type":"SearchAction","target":{"@type":"EntryPoint","urlTemplate":"https:\/\/www.meydan.tv\/az\/?s={search_term_string}"},"query-input":{"@type":"PropertyValueSpecification","valueRequired":true,"valueName":"search_term_string"}}],"inLanguage":"az"},{"@type":"Organization","@id":"https:\/\/www.meydan.tv\/az\/#organization","name":"Meydan TV","url":"https:\/\/www.meydan.tv\/az\/","logo":{"@type":"ImageObject","inLanguage":"az","@id":"https:\/\/www.meydan.tv\/az\/#\/schema\/logo\/image\/","url":"https:\/\/www.meydan.tv\/wp-content\/uploads\/2021\/07\/meydan-logo.svg","contentUrl":"https:\/\/www.meydan.tv\/wp-content\/uploads\/2021\/07\/meydan-logo.svg","width":195,"height":46,"caption":"Meydan TV"},"image":{"@id":"https:\/\/www.meydan.tv\/az\/#\/schema\/logo\/image\/"}},{"@type":"Person","@id":"https:\/\/www.meydan.tv\/az\/#\/schema\/person\/10d11eccf6da3662cf5fdab9806ea91a","name":"user-manager"}]}},"_links":{"self":[{"href":"https:\/\/www.meydan.tv\/az\/wp-json\/wp\/v2\/posts\/206959","targetHints":{"allow":["GET"]}}],"collection":[{"href":"https:\/\/www.meydan.tv\/az\/wp-json\/wp\/v2\/posts"}],"about":[{"href":"https:\/\/www.meydan.tv\/az\/wp-json\/wp\/v2\/types\/post"}],"author":[{"embeddable":true,"href":"https:\/\/www.meydan.tv\/az\/wp-json\/wp\/v2\/users\/11"}],"replies":[{"embeddable":true,"href":"https:\/\/www.meydan.tv\/az\/wp-json\/wp\/v2\/comments?post=206959"}],"version-history":[{"count":0,"href":"https:\/\/www.meydan.tv\/az\/wp-json\/wp\/v2\/posts\/206959\/revisions"}],"wp:featuredmedia":[{"embeddable":true,"href":"https:\/\/www.meydan.tv\/az\/wp-json\/wp\/v2\/media\/161970"}],"wp:attachment":[{"href":"https:\/\/www.meydan.tv\/az\/wp-json\/wp\/v2\/media?parent=206959"}],"wp:term":[{"taxonomy":"category","embeddable":true,"href":"https:\/\/www.meydan.tv\/az\/wp-json\/wp\/v2\/categories?post=206959"},{"taxonomy":"post_tag","embeddable":true,"href":"https:\/\/www.meydan.tv\/az\/wp-json\/wp\/v2\/tags?post=206959"}],"curies":[{"name":"wp","href":"https:\/\/api.w.org\/{rel}","templated":true}]}}