{"id":206941,"date":"2021-06-28T15:18:00","date_gmt":"2021-06-28T15:18:00","guid":{"rendered":"https:\/\/www.meydan.tv\/article\/gegiranlilar-kende-uaz-la-qalxiriq-xesteleri-xestexanaya-catdira-bilmirik\/"},"modified":"2021-06-28T15:18:00","modified_gmt":"2021-06-28T15:18:00","slug":"gegiranlilar-kende-uaz-la-qalxiriq-xesteleri-xestexanaya-catdira-bilmirik","status":"publish","type":"post","link":"https:\/\/www.meydan.tv\/az\/article\/gegiranlilar-kende-uaz-la-qalxiriq-xesteleri-xestexanaya-catdira-bilmirik\/","title":{"rendered":"G\u0259giranl\u0131lar: K\u0259nd\u0259 UAZ-la qalx\u0131r\u0131q, x\u0259st\u0259l\u0259ri x\u0259st\u0259xanaya \u00e7atd\u0131ra bilmirik"},"content":{"rendered":"<p>\n  <i><br \/>\n    K\u0259ndin m\u0259kt\u0259b, su problemi h\u0259ll olunsa da, yol, qaz problemi h\u0259l\u0259 d\u0259 qal\u0131r<br \/>\n  <\/i>\n<\/p>\n<p>\n  \u201cYolu UAZ-la qalx\u0131r\u0131q, adamba\u015f\u0131na 5-6 manata apar\u0131r. T\u0259k gedirs\u0259ns\u0259, 20-25 manat verm\u0259lis\u0259n. Ma\u015f\u0131n yollarda da\u011f\u0131l\u0131r dey\u0259, k\u0259nardan he\u00e7 k\u0259s k\u0259nd\u0259 qonaq g\u0259lmir. Yolsuzlu\u011fa g\u00f6r\u0259 he\u00e7 k\u0259s burda ya\u015famaq ist\u0259mir\u201d.\n<\/p>\n<p>\n  G\u0259giran k\u0259ndi L\u0259nk\u0259ran\u0131n m\u0259rk\u0259zind\u0259n 36 kilometr aral\u0131da, Tal\u0131\u015f da\u011flar\u0131n\u0131n \u0259t\u0259yind\u0259 yerl\u0259\u015fir. \u018fhalisinin say\u0131 t\u0259qrib\u0259n 2 min n\u0259f\u0259r civar\u0131ndad\u0131r. \u018fvv\u0259ll\u0259r k\u0259ndd\u0259 m\u0259kt\u0259b, su, yol, qaz probleml\u0259ri vard\u0131. Son 2 ild\u0259 m\u0259kt\u0259b v\u0259 su problemi h\u0259llini tap\u0131b, yol v\u0259 qaz m\u0259s\u0259l\u0259si is\u0259 h\u0259l\u0259 d\u0259 g\u0259giranl\u0131lar\u0131n \u0259sas problemi olaraq qal\u0131r.\n<\/p>\n<p>\n  <b><br \/>\n    \u201cVaksin vurdurma\u011fa ged\u0259 bilmirik\u201d<br \/>\n  <\/b>\n<\/p>\n<p>\n  K\u0259nd sakinl\u0259ri Meydan TV-y\u0259 yolsuzlu\u011fun yaratd\u0131\u011f\u0131 \u00e7\u0259tinlikl\u0259rd\u0259n dan\u0131\u015f\u0131rlar. Onlar\u0131n s\u00f6zl\u0259rin\u0259 g\u00f6r\u0259, k\u0259ndl\u0259 rayon m\u0259rk\u0259zi aras\u0131ndak\u0131 m\u0259saf\u0259ni q\u0259t etm\u0259k h\u0259r s\u00fcr\u00fcc\u00fcn\u00fcn i\u015fi deyil. K\u0259ndd\u0259n rayon m\u0259rk\u0259zin\u0259, yaxud da \u0259ks istiqam\u0259t\u0259 h\u0259r\u0259k\u0259t ed\u0259n avtomobill\u0259r tez-tez q\u0259zaya u\u011fray\u0131r, \u00f6l\u00fcm-itim olur:\n<\/p>\n<p>\n  \u201cYol h\u0259r \u015feydir. \u0130\u015fdir, qazancd\u0131r, rahatl\u0131qd\u0131r. G\u0259giranl\u0131lar bunlardan m\u0259hrumdur, \u00e7\u00fcnki yolumuz b\u0259rbad v\u0259ziyy\u0259td\u0259dir. Bax, bu d\u0259qiq\u0259 k\u0259nd sakinl\u0259ri virusa qar\u015f\u0131 vaksinl\u0259nm\u0259k \u00fc\u00e7\u00fcn ail\u0259vi \u015f\u0259kild\u0259 rayon m\u0259rk\u0259zin\u0259 ged\u0259 bilmirl\u0259r. \u00c7\u00fcnki ma\u015f\u0131n tutub adamba\u015f\u0131na 5-6 manatdan \u00f6d\u0259m\u0259lidil\u0259r, o t\u0259r\u0259f-bu t\u0259r\u0259f gedib g\u0259lm\u0259k is\u0259 baha ba\u015fa g\u0259lir. Bir yolu qal\u0131r ki, rayon m\u0259rk\u0259zind\u0259n g\u0259lib \u0259halini el\u0259 buradaca vaksinl\u0259sinl\u0259r\u201d.\n<\/p>\n<figure class=\"wp-block-image size-large\">\n  <img decoding=\"async\" src=\"https:\/\/www.meydan.tv\/az\/photo-2021-06-28-17-08-24-1-jpg\/\" alt=\"photo-2021-06-28-17-08-24 (1).jpg\" class=\"wp-image-3076\"\/><figcaption>\n    G\u0259girana aparan yol<br \/>\n  <\/figcaption><\/figure>\n<p>\n  <b><br \/>\n    \u201cO yollar\u0131 g\u00f6r\u0259nd\u0259 adam bura qay\u0131tmaq ist\u0259mir\u201d<br \/>\n  <\/b>\n<\/p>\n<p>\n  K\u0259nd sakinl\u0259ri deyir, ba\u015fqa yerl\u0259rd\u0259 t\u0259mir-b\u0259rpal\u0131 yollar\u0131 g\u00f6r\u0259nd\u0259n sonra \u00f6z k\u0259ndl\u0259rin\u0259 qay\u0131tmaq ist\u0259mirl\u0259r:\n<\/p>\n<p>\n  \u201cG\u0259girana aparan yoldan \u00f6t\u0259n, az qala, h\u0259r bir k\u0259ndlinin bu yolla ba\u011fl\u0131 ac\u0131 xatir\u0259si var. Kimisinin \u0259zizi h\u0259yat\u0131n\u0131 itirib, kimisi \u00f6z\u00fc q\u0259zaya d\u00fc\u015f\u0259r\u0259k \u0259lil\u0259 \u00e7evrilib. Bir d\u0259f\u0259 bir qohumun t\u0259zyiqi qalxd\u0131, UAZ-la rayon m\u0259rk\u0259zin\u0259 aparanda el\u0259 yoldaca ke\u00e7indi. Yollar b\u0259rbadd\u0131r dey\u0259, ma\u015f\u0131n x\u0259st\u0259ni o q\u0259d\u0259r at\u0131b-tutdu ki, q\u0131z\u0131n beynin\u0259 qan s\u0131zd\u0131\u201d.\n<\/p>\n<p>\n  Bu k\u0259ndd\u0259 \u0259halinin \u0259sas\u0259n m\u0259\u015f\u011fuliyy\u0259ti heyvandarl\u0131qd\u0131r. Ancaq yolsuzluq bu sah\u0259y\u0259 d\u0259 \u0259ng\u0259ll\u0259r yarad\u0131r.\n<\/p>\n<p>\n  L\u0259nk\u0259ran \u015e\u0259h\u0259r \u0130cra Hakimiyy\u0259tind\u0259n bildirilib ki, sakinl\u0259rin g\u00f6zl\u0259m\u0259kd\u0259n ba\u015fqa \u00e7ar\u0259si yoxdur:\n<\/p>\n<p>\n  \u201cUcqar k\u0259nddir, bel\u0259 k\u0259ndl\u0259rin yol infrastrukturunu qurmaq bir az q\u0259lizdir. Ancaq layih\u0259y\u0259 sal\u0131n\u0131b, yax\u0131n vaxtlarda g\u0259giranl\u0131lar\u0131n da yolu olacaq\u201d.<\/p>\n","protected":false},"excerpt":{"rendered":"<p>&#8220;Bir d\u0259f\u0259 bir qohumun t\u0259zyiqi qalxd\u0131, UAZ-la rayon m\u0259rk\u0259zin\u0259 aparanda el\u0259 yoldaca ke\u00e7indi&#8221;<\/p>\n","protected":false},"author":11,"featured_media":3079,"comment_status":"closed","ping_status":"open","sticky":false,"template":"","format":"standard","meta":{"_acf_changed":false,"_sitemap_exclude":false,"_sitemap_priority":"","_sitemap_frequency":"","footnotes":""},"categories":[60],"tags":[],"class_list":["post-206941","post","type-post","status-publish","format-standard","has-post-thumbnail","hentry","category-bolge","infinite-scroll-item","generate-columns","tablet-grid-50","mobile-grid-100","grid-parent","grid-33","no-featured-image-padding"],"acf":[],"yoast_head":"<!-- This site is optimized with the Yoast SEO plugin v27.5 - https:\/\/yoast.com\/product\/yoast-seo-wordpress\/ -->\n<title>G\u0259giranl\u0131lar: K\u0259nd\u0259 UAZ-la qalx\u0131r\u0131q, x\u0259st\u0259l\u0259ri x\u0259st\u0259xanaya \u00e7atd\u0131ra bilmirik - MEYDAN.TV<\/title>\n<meta name=\"robots\" content=\"index, follow, max-snippet:-1, max-image-preview:large, max-video-preview:-1\" \/>\n<link rel=\"canonical\" href=\"https:\/\/www.meydan.tv\/az\/article\/gegiranlilar-kende-uaz-la-qalxiriq-xesteleri-xestexanaya-catdira-bilmirik\/\" \/>\n<meta property=\"og:locale\" content=\"az_AZ\" \/>\n<meta property=\"og:type\" content=\"article\" \/>\n<meta property=\"og:title\" content=\"G\u0259giranl\u0131lar: K\u0259nd\u0259 UAZ-la qalx\u0131r\u0131q, x\u0259st\u0259l\u0259ri x\u0259st\u0259xanaya \u00e7atd\u0131ra bilmirik - MEYDAN.TV\" \/>\n<meta property=\"og:description\" content=\"&quot;Bir d\u0259f\u0259 bir qohumun t\u0259zyiqi qalxd\u0131, UAZ-la rayon m\u0259rk\u0259zin\u0259 aparanda el\u0259 yoldaca ke\u00e7indi&quot;\" \/>\n<meta property=\"og:url\" content=\"https:\/\/www.meydan.tv\/az\/article\/gegiranlilar-kende-uaz-la-qalxiriq-xesteleri-xestexanaya-catdira-bilmirik\/\" \/>\n<meta property=\"og:site_name\" content=\"MEYDAN.TV\" \/>\n<meta property=\"article:published_time\" content=\"2021-06-28T15:18:00+00:00\" \/>\n<meta property=\"og:image\" content=\"https:\/\/www.meydan.tv\/wp-content\/uploads\/photo-2021-06-28-17-08-24.jpg\" \/>\n\t<meta property=\"og:image:width\" content=\"854\" \/>\n\t<meta property=\"og:image:height\" content=\"480\" \/>\n\t<meta property=\"og:image:type\" content=\"image\/jpeg\" \/>\n<meta name=\"author\" content=\"user-manager\" \/>\n<meta name=\"twitter:card\" content=\"summary_large_image\" \/>\n<script type=\"application\/ld+json\" class=\"yoast-schema-graph\">{\"@context\":\"https:\\\/\\\/schema.org\",\"@graph\":[{\"@type\":\"Article\",\"@id\":\"https:\\\/\\\/www.meydan.tv\\\/az\\\/article\\\/gegiranlilar-kende-uaz-la-qalxiriq-xesteleri-xestexanaya-catdira-bilmirik\\\/#article\",\"isPartOf\":{\"@id\":\"https:\\\/\\\/www.meydan.tv\\\/az\\\/article\\\/gegiranlilar-kende-uaz-la-qalxiriq-xesteleri-xestexanaya-catdira-bilmirik\\\/\"},\"author\":{\"name\":\"user-manager\",\"@id\":\"https:\\\/\\\/www.meydan.tv\\\/az\\\/#\\\/schema\\\/person\\\/10d11eccf6da3662cf5fdab9806ea91a\"},\"headline\":\"G\u0259giranl\u0131lar: K\u0259nd\u0259 UAZ-la qalx\u0131r\u0131q, x\u0259st\u0259l\u0259ri x\u0259st\u0259xanaya \u00e7atd\u0131ra bilmirik\",\"datePublished\":\"2021-06-28T15:18:00+00:00\",\"mainEntityOfPage\":{\"@id\":\"https:\\\/\\\/www.meydan.tv\\\/az\\\/article\\\/gegiranlilar-kende-uaz-la-qalxiriq-xesteleri-xestexanaya-catdira-bilmirik\\\/\"},\"wordCount\":540,\"publisher\":{\"@id\":\"https:\\\/\\\/www.meydan.tv\\\/az\\\/#organization\"},\"image\":{\"@id\":\"https:\\\/\\\/www.meydan.tv\\\/az\\\/article\\\/gegiranlilar-kende-uaz-la-qalxiriq-xesteleri-xestexanaya-catdira-bilmirik\\\/#primaryimage\"},\"thumbnailUrl\":\"https:\\\/\\\/www.meydan.tv\\\/wp-content\\\/uploads\\\/photo-2021-06-28-17-08-24.jpg\",\"articleSection\":[\"B\u00f6lg\u0259\"],\"inLanguage\":\"az\"},{\"@type\":\"WebPage\",\"@id\":\"https:\\\/\\\/www.meydan.tv\\\/az\\\/article\\\/gegiranlilar-kende-uaz-la-qalxiriq-xesteleri-xestexanaya-catdira-bilmirik\\\/\",\"url\":\"https:\\\/\\\/www.meydan.tv\\\/az\\\/article\\\/gegiranlilar-kende-uaz-la-qalxiriq-xesteleri-xestexanaya-catdira-bilmirik\\\/\",\"name\":\"G\u0259giranl\u0131lar: K\u0259nd\u0259 UAZ-la qalx\u0131r\u0131q, x\u0259st\u0259l\u0259ri x\u0259st\u0259xanaya \u00e7atd\u0131ra bilmirik - MEYDAN.TV\",\"isPartOf\":{\"@id\":\"https:\\\/\\\/www.meydan.tv\\\/az\\\/#website\"},\"primaryImageOfPage\":{\"@id\":\"https:\\\/\\\/www.meydan.tv\\\/az\\\/article\\\/gegiranlilar-kende-uaz-la-qalxiriq-xesteleri-xestexanaya-catdira-bilmirik\\\/#primaryimage\"},\"image\":{\"@id\":\"https:\\\/\\\/www.meydan.tv\\\/az\\\/article\\\/gegiranlilar-kende-uaz-la-qalxiriq-xesteleri-xestexanaya-catdira-bilmirik\\\/#primaryimage\"},\"thumbnailUrl\":\"https:\\\/\\\/www.meydan.tv\\\/wp-content\\\/uploads\\\/photo-2021-06-28-17-08-24.jpg\",\"datePublished\":\"2021-06-28T15:18:00+00:00\",\"breadcrumb\":{\"@id\":\"https:\\\/\\\/www.meydan.tv\\\/az\\\/article\\\/gegiranlilar-kende-uaz-la-qalxiriq-xesteleri-xestexanaya-catdira-bilmirik\\\/#breadcrumb\"},\"inLanguage\":\"az\",\"potentialAction\":[{\"@type\":\"ReadAction\",\"target\":[\"https:\\\/\\\/www.meydan.tv\\\/az\\\/article\\\/gegiranlilar-kende-uaz-la-qalxiriq-xesteleri-xestexanaya-catdira-bilmirik\\\/\"]}]},{\"@type\":\"ImageObject\",\"inLanguage\":\"az\",\"@id\":\"https:\\\/\\\/www.meydan.tv\\\/az\\\/article\\\/gegiranlilar-kende-uaz-la-qalxiriq-xesteleri-xestexanaya-catdira-bilmirik\\\/#primaryimage\",\"url\":\"https:\\\/\\\/www.meydan.tv\\\/wp-content\\\/uploads\\\/photo-2021-06-28-17-08-24.jpg\",\"contentUrl\":\"https:\\\/\\\/www.meydan.tv\\\/wp-content\\\/uploads\\\/photo-2021-06-28-17-08-24.jpg\",\"width\":854,\"height\":480,\"caption\":\"Source: Specify Source\"},{\"@type\":\"BreadcrumbList\",\"@id\":\"https:\\\/\\\/www.meydan.tv\\\/az\\\/article\\\/gegiranlilar-kende-uaz-la-qalxiriq-xesteleri-xestexanaya-catdira-bilmirik\\\/#breadcrumb\",\"itemListElement\":[{\"@type\":\"ListItem\",\"position\":1,\"name\":\"Ana s\u0259hif\u0259\",\"item\":\"https:\\\/\\\/www.meydan.tv\\\/az\\\/\"},{\"@type\":\"ListItem\",\"position\":2,\"name\":\"B\u00f6lg\u0259\",\"item\":\"https:\\\/\\\/www.meydan.tv\\\/az\\\/section\\\/bolge\\\/\"},{\"@type\":\"ListItem\",\"position\":3,\"name\":\"G\u0259giranl\u0131lar: K\u0259nd\u0259 UAZ-la qalx\u0131r\u0131q, x\u0259st\u0259l\u0259ri x\u0259st\u0259xanaya \u00e7atd\u0131ra bilmirik\"}]},{\"@type\":\"WebSite\",\"@id\":\"https:\\\/\\\/www.meydan.tv\\\/az\\\/#website\",\"url\":\"https:\\\/\\\/www.meydan.tv\\\/az\\\/\",\"name\":\"MEYDAN.TV\",\"description\":\"Meydan TV Az\u0259rbaycan\u0131n media m\u0259kan\u0131ndak\u0131 alternativ s\u0259sidir\",\"publisher\":{\"@id\":\"https:\\\/\\\/www.meydan.tv\\\/az\\\/#organization\"},\"potentialAction\":[{\"@type\":\"SearchAction\",\"target\":{\"@type\":\"EntryPoint\",\"urlTemplate\":\"https:\\\/\\\/www.meydan.tv\\\/az\\\/?s={search_term_string}\"},\"query-input\":{\"@type\":\"PropertyValueSpecification\",\"valueRequired\":true,\"valueName\":\"search_term_string\"}}],\"inLanguage\":\"az\"},{\"@type\":\"Organization\",\"@id\":\"https:\\\/\\\/www.meydan.tv\\\/az\\\/#organization\",\"name\":\"Meydan TV\",\"url\":\"https:\\\/\\\/www.meydan.tv\\\/az\\\/\",\"logo\":{\"@type\":\"ImageObject\",\"inLanguage\":\"az\",\"@id\":\"https:\\\/\\\/www.meydan.tv\\\/az\\\/#\\\/schema\\\/logo\\\/image\\\/\",\"url\":\"https:\\\/\\\/www.meydan.tv\\\/wp-content\\\/uploads\\\/2021\\\/07\\\/meydan-logo.svg\",\"contentUrl\":\"https:\\\/\\\/www.meydan.tv\\\/wp-content\\\/uploads\\\/2021\\\/07\\\/meydan-logo.svg\",\"width\":195,\"height\":46,\"caption\":\"Meydan TV\"},\"image\":{\"@id\":\"https:\\\/\\\/www.meydan.tv\\\/az\\\/#\\\/schema\\\/logo\\\/image\\\/\"}},{\"@type\":\"Person\",\"@id\":\"https:\\\/\\\/www.meydan.tv\\\/az\\\/#\\\/schema\\\/person\\\/10d11eccf6da3662cf5fdab9806ea91a\",\"name\":\"user-manager\"}]}<\/script>\n<!-- \/ Yoast SEO plugin. -->","yoast_head_json":{"title":"G\u0259giranl\u0131lar: K\u0259nd\u0259 UAZ-la qalx\u0131r\u0131q, x\u0259st\u0259l\u0259ri x\u0259st\u0259xanaya \u00e7atd\u0131ra bilmirik - MEYDAN.TV","robots":{"index":"index","follow":"follow","max-snippet":"max-snippet:-1","max-image-preview":"max-image-preview:large","max-video-preview":"max-video-preview:-1"},"canonical":"https:\/\/www.meydan.tv\/az\/article\/gegiranlilar-kende-uaz-la-qalxiriq-xesteleri-xestexanaya-catdira-bilmirik\/","og_locale":"az_AZ","og_type":"article","og_title":"G\u0259giranl\u0131lar: K\u0259nd\u0259 UAZ-la qalx\u0131r\u0131q, x\u0259st\u0259l\u0259ri x\u0259st\u0259xanaya \u00e7atd\u0131ra bilmirik - MEYDAN.TV","og_description":"\"Bir d\u0259f\u0259 bir qohumun t\u0259zyiqi qalxd\u0131, UAZ-la rayon m\u0259rk\u0259zin\u0259 aparanda el\u0259 yoldaca ke\u00e7indi\"","og_url":"https:\/\/www.meydan.tv\/az\/article\/gegiranlilar-kende-uaz-la-qalxiriq-xesteleri-xestexanaya-catdira-bilmirik\/","og_site_name":"MEYDAN.TV","article_published_time":"2021-06-28T15:18:00+00:00","og_image":[{"width":854,"height":480,"url":"https:\/\/www.meydan.tv\/wp-content\/uploads\/photo-2021-06-28-17-08-24.jpg","type":"image\/jpeg"}],"author":"user-manager","twitter_card":"summary_large_image","schema":{"@context":"https:\/\/schema.org","@graph":[{"@type":"Article","@id":"https:\/\/www.meydan.tv\/az\/article\/gegiranlilar-kende-uaz-la-qalxiriq-xesteleri-xestexanaya-catdira-bilmirik\/#article","isPartOf":{"@id":"https:\/\/www.meydan.tv\/az\/article\/gegiranlilar-kende-uaz-la-qalxiriq-xesteleri-xestexanaya-catdira-bilmirik\/"},"author":{"name":"user-manager","@id":"https:\/\/www.meydan.tv\/az\/#\/schema\/person\/10d11eccf6da3662cf5fdab9806ea91a"},"headline":"G\u0259giranl\u0131lar: K\u0259nd\u0259 UAZ-la qalx\u0131r\u0131q, x\u0259st\u0259l\u0259ri x\u0259st\u0259xanaya \u00e7atd\u0131ra bilmirik","datePublished":"2021-06-28T15:18:00+00:00","mainEntityOfPage":{"@id":"https:\/\/www.meydan.tv\/az\/article\/gegiranlilar-kende-uaz-la-qalxiriq-xesteleri-xestexanaya-catdira-bilmirik\/"},"wordCount":540,"publisher":{"@id":"https:\/\/www.meydan.tv\/az\/#organization"},"image":{"@id":"https:\/\/www.meydan.tv\/az\/article\/gegiranlilar-kende-uaz-la-qalxiriq-xesteleri-xestexanaya-catdira-bilmirik\/#primaryimage"},"thumbnailUrl":"https:\/\/www.meydan.tv\/wp-content\/uploads\/photo-2021-06-28-17-08-24.jpg","articleSection":["B\u00f6lg\u0259"],"inLanguage":"az"},{"@type":"WebPage","@id":"https:\/\/www.meydan.tv\/az\/article\/gegiranlilar-kende-uaz-la-qalxiriq-xesteleri-xestexanaya-catdira-bilmirik\/","url":"https:\/\/www.meydan.tv\/az\/article\/gegiranlilar-kende-uaz-la-qalxiriq-xesteleri-xestexanaya-catdira-bilmirik\/","name":"G\u0259giranl\u0131lar: K\u0259nd\u0259 UAZ-la qalx\u0131r\u0131q, x\u0259st\u0259l\u0259ri x\u0259st\u0259xanaya \u00e7atd\u0131ra bilmirik - MEYDAN.TV","isPartOf":{"@id":"https:\/\/www.meydan.tv\/az\/#website"},"primaryImageOfPage":{"@id":"https:\/\/www.meydan.tv\/az\/article\/gegiranlilar-kende-uaz-la-qalxiriq-xesteleri-xestexanaya-catdira-bilmirik\/#primaryimage"},"image":{"@id":"https:\/\/www.meydan.tv\/az\/article\/gegiranlilar-kende-uaz-la-qalxiriq-xesteleri-xestexanaya-catdira-bilmirik\/#primaryimage"},"thumbnailUrl":"https:\/\/www.meydan.tv\/wp-content\/uploads\/photo-2021-06-28-17-08-24.jpg","datePublished":"2021-06-28T15:18:00+00:00","breadcrumb":{"@id":"https:\/\/www.meydan.tv\/az\/article\/gegiranlilar-kende-uaz-la-qalxiriq-xesteleri-xestexanaya-catdira-bilmirik\/#breadcrumb"},"inLanguage":"az","potentialAction":[{"@type":"ReadAction","target":["https:\/\/www.meydan.tv\/az\/article\/gegiranlilar-kende-uaz-la-qalxiriq-xesteleri-xestexanaya-catdira-bilmirik\/"]}]},{"@type":"ImageObject","inLanguage":"az","@id":"https:\/\/www.meydan.tv\/az\/article\/gegiranlilar-kende-uaz-la-qalxiriq-xesteleri-xestexanaya-catdira-bilmirik\/#primaryimage","url":"https:\/\/www.meydan.tv\/wp-content\/uploads\/photo-2021-06-28-17-08-24.jpg","contentUrl":"https:\/\/www.meydan.tv\/wp-content\/uploads\/photo-2021-06-28-17-08-24.jpg","width":854,"height":480,"caption":"Source: Specify Source"},{"@type":"BreadcrumbList","@id":"https:\/\/www.meydan.tv\/az\/article\/gegiranlilar-kende-uaz-la-qalxiriq-xesteleri-xestexanaya-catdira-bilmirik\/#breadcrumb","itemListElement":[{"@type":"ListItem","position":1,"name":"Ana s\u0259hif\u0259","item":"https:\/\/www.meydan.tv\/az\/"},{"@type":"ListItem","position":2,"name":"B\u00f6lg\u0259","item":"https:\/\/www.meydan.tv\/az\/section\/bolge\/"},{"@type":"ListItem","position":3,"name":"G\u0259giranl\u0131lar: K\u0259nd\u0259 UAZ-la qalx\u0131r\u0131q, x\u0259st\u0259l\u0259ri x\u0259st\u0259xanaya \u00e7atd\u0131ra bilmirik"}]},{"@type":"WebSite","@id":"https:\/\/www.meydan.tv\/az\/#website","url":"https:\/\/www.meydan.tv\/az\/","name":"MEYDAN.TV","description":"Meydan TV Az\u0259rbaycan\u0131n media m\u0259kan\u0131ndak\u0131 alternativ s\u0259sidir","publisher":{"@id":"https:\/\/www.meydan.tv\/az\/#organization"},"potentialAction":[{"@type":"SearchAction","target":{"@type":"EntryPoint","urlTemplate":"https:\/\/www.meydan.tv\/az\/?s={search_term_string}"},"query-input":{"@type":"PropertyValueSpecification","valueRequired":true,"valueName":"search_term_string"}}],"inLanguage":"az"},{"@type":"Organization","@id":"https:\/\/www.meydan.tv\/az\/#organization","name":"Meydan TV","url":"https:\/\/www.meydan.tv\/az\/","logo":{"@type":"ImageObject","inLanguage":"az","@id":"https:\/\/www.meydan.tv\/az\/#\/schema\/logo\/image\/","url":"https:\/\/www.meydan.tv\/wp-content\/uploads\/2021\/07\/meydan-logo.svg","contentUrl":"https:\/\/www.meydan.tv\/wp-content\/uploads\/2021\/07\/meydan-logo.svg","width":195,"height":46,"caption":"Meydan TV"},"image":{"@id":"https:\/\/www.meydan.tv\/az\/#\/schema\/logo\/image\/"}},{"@type":"Person","@id":"https:\/\/www.meydan.tv\/az\/#\/schema\/person\/10d11eccf6da3662cf5fdab9806ea91a","name":"user-manager"}]}},"_links":{"self":[{"href":"https:\/\/www.meydan.tv\/az\/wp-json\/wp\/v2\/posts\/206941","targetHints":{"allow":["GET"]}}],"collection":[{"href":"https:\/\/www.meydan.tv\/az\/wp-json\/wp\/v2\/posts"}],"about":[{"href":"https:\/\/www.meydan.tv\/az\/wp-json\/wp\/v2\/types\/post"}],"author":[{"embeddable":true,"href":"https:\/\/www.meydan.tv\/az\/wp-json\/wp\/v2\/users\/11"}],"replies":[{"embeddable":true,"href":"https:\/\/www.meydan.tv\/az\/wp-json\/wp\/v2\/comments?post=206941"}],"version-history":[{"count":0,"href":"https:\/\/www.meydan.tv\/az\/wp-json\/wp\/v2\/posts\/206941\/revisions"}],"wp:featuredmedia":[{"embeddable":true,"href":"https:\/\/www.meydan.tv\/az\/wp-json\/wp\/v2\/media\/3079"}],"wp:attachment":[{"href":"https:\/\/www.meydan.tv\/az\/wp-json\/wp\/v2\/media?parent=206941"}],"wp:term":[{"taxonomy":"category","embeddable":true,"href":"https:\/\/www.meydan.tv\/az\/wp-json\/wp\/v2\/categories?post=206941"},{"taxonomy":"post_tag","embeddable":true,"href":"https:\/\/www.meydan.tv\/az\/wp-json\/wp\/v2\/tags?post=206941"}],"curies":[{"name":"wp","href":"https:\/\/api.w.org\/{rel}","templated":true}]}}