{"id":206935,"date":"2021-06-28T13:52:06","date_gmt":"2021-06-28T13:52:06","guid":{"rendered":"https:\/\/www.meydan.tv\/article\/ukrayna-kirkorovu-qara-siyahidan-cixarib\/"},"modified":"2021-06-28T13:52:06","modified_gmt":"2021-06-28T13:52:06","slug":"ukrayna-kirkorovu-qara-siyahidan-cixarib","status":"publish","type":"post","link":"https:\/\/www.meydan.tv\/az\/article\/ukrayna-kirkorovu-qara-siyahidan-cixarib\/","title":{"rendered":"Ukrayna Kirkorovu  &#8220;qara siyah\u0131&#8221;dan \u00e7\u0131xar\u0131b"},"content":{"rendered":"<p>\n  <i><br \/>\n    Siyas\u0131da 200 n\u0259f\u0259rin oldu\u011fu bildirilir<br \/>\n  <\/i>\n<\/p>\n<p>\n  Rusiyan\u0131n Xalq artisti Filipp Kirkorov Ukrayna M\u0259d\u0259niyy\u0259t v\u0259 \u0130nformasiya Siyas\u0259ti Nazirliyinin &quot;qara siyah\u0131&quot;s\u0131ndan \u00e7\u0131xar\u0131l\u0131b.\n<\/p>\n<p>\n  Bu bar\u0259d\u0259 R\u0130A Novosti m\u0259lumat yay\u0131b.\n<\/p>\n<p>\n  \u201c\u0130yunun 27-d\u0259n Ukraynan\u0131n milli t\u0259hl\u00fck\u0259sizliyini t\u0259hdid ed\u0259n \u015f\u0259xsl\u0259r siyah\u0131s\u0131nda iki y\u00fcz n\u0259f\u0259r var. Onlar\u0131n aras\u0131nda Kirkorov yoxdur. Siyah\u0131 sonuncu d\u0259f\u0259 iyunun 25-d\u0259 yenil\u0259nib. Bundan \u00f6nc\u0259 siyah\u0131da iki y\u00fcz bir n\u0259f\u0259r vard\u0131\u201d, &#8211; x\u0259b\u0259rd\u0259 deyilir.\n<\/p>\n<p>\n  R\u0259smi Kiyevin q\u0259rar\u0131n\u0131 \u015f\u0259rh ed\u0259n s\u0259n\u0259t\u00e7i deyib ki, yerli m\u0259murlar mill\u0259t\u00e7ilik t\u0259bli\u011fatl\u0131 parazit \u015f\u00fcarlar\u0131 il\u0259 \u00f6zl\u0259rin\u0259 xal qazanma\u011fa \u00e7al\u0131\u015f\u0131rlar.\n<\/p>\n<p>\n  Bir ne\u00e7\u0259 g\u00fcn \u00f6nc\u0259 Ukrayna T\u0259hl\u00fck\u0259sizlik Xidm\u0259ti Kirkorovu milli t\u0259hl\u00fck\u0259sizliyi t\u0259hdid ed\u0259n \u015f\u0259xsl\u0259r siyah\u0131s\u0131na daxil etmi\u015fdi.\n<\/p>\n<p>\n  Qurum qada\u011fan\u0131n s\u0259b\u0259bi kimi m\u00fc\u011f\u0259nninin Kr\u0131m\u0131n Rusiyaya birl\u0259\u015fdirilm\u0259si fikrini d\u0259f\u0259l\u0259rl\u0259 s\u0259sl\u0259ndirm\u0259si il\u0259 izah edib.\n<\/p>\n<p>\n  Eyni s\u0259b\u0259b\u0259 g\u00f6r\u0259 Litva Daxili \u0130\u015fl\u0259r Nazirliyi d\u0259 bu il yanvar\u0131n 19-da ifa\u00e7\u0131ya 5 illik qada\u011fa qoyub.<\/p>\n","protected":false},"excerpt":{"rendered":"<p>R\u0259smi Kiyevin q\u0259rar\u0131n\u0131 \u015f\u0259rh ed\u0259n s\u0259n\u0259t\u00e7i deyib ki, yerli m\u0259murlar mill\u0259t\u00e7ilik t\u0259bli\u011fatl\u0131 parazit \u015f\u00fcarlar\u0131 il\u0259 \u00f6zl\u0259rin\u0259 xal qazanma\u011fa \u00e7al\u0131\u015f\u0131rlar.<\/p>\n","protected":false},"author":11,"featured_media":162411,"comment_status":"closed","ping_status":"open","sticky":false,"template":"","format":"standard","meta":{"_acf_changed":false,"_sitemap_exclude":false,"_sitemap_priority":"","_sitemap_frequency":"","footnotes":""},"categories":[52],"tags":[],"class_list":["post-206935","post","type-post","status-publish","format-standard","has-post-thumbnail","hentry","category-medeniyyet","infinite-scroll-item","generate-columns","tablet-grid-50","mobile-grid-100","grid-parent","grid-33","no-featured-image-padding"],"acf":[],"yoast_head":"<!-- This site is optimized with the Yoast SEO plugin v27.4 - https:\/\/yoast.com\/product\/yoast-seo-wordpress\/ -->\n<title>Ukrayna Kirkorovu &quot;qara siyah\u0131&quot;dan \u00e7\u0131xar\u0131b - MEYDAN.TV<\/title>\n<meta name=\"robots\" content=\"index, follow, max-snippet:-1, max-image-preview:large, max-video-preview:-1\" \/>\n<link rel=\"canonical\" href=\"https:\/\/www.meydan.tv\/az\/article\/ukrayna-kirkorovu-qara-siyahidan-cixarib\/\" \/>\n<meta property=\"og:locale\" content=\"az_AZ\" \/>\n<meta property=\"og:type\" content=\"article\" \/>\n<meta property=\"og:title\" content=\"Ukrayna Kirkorovu &quot;qara siyah\u0131&quot;dan \u00e7\u0131xar\u0131b - MEYDAN.TV\" \/>\n<meta property=\"og:description\" content=\"R\u0259smi Kiyevin q\u0259rar\u0131n\u0131 \u015f\u0259rh ed\u0259n s\u0259n\u0259t\u00e7i deyib ki, yerli m\u0259murlar mill\u0259t\u00e7ilik t\u0259bli\u011fatl\u0131 parazit \u015f\u00fcarlar\u0131 il\u0259 \u00f6zl\u0259rin\u0259 xal qazanma\u011fa \u00e7al\u0131\u015f\u0131rlar.\" \/>\n<meta property=\"og:url\" content=\"https:\/\/www.meydan.tv\/az\/article\/ukrayna-kirkorovu-qara-siyahidan-cixarib\/\" \/>\n<meta property=\"og:site_name\" content=\"MEYDAN.TV\" \/>\n<meta property=\"article:published_time\" content=\"2021-06-28T13:52:06+00:00\" \/>\n<meta property=\"og:image\" content=\"https:\/\/www.meydan.tv\/wp-content\/uploads\/pic_4982af375888f3a441e372a9fa276dc0.jpg\" \/>\n\t<meta property=\"og:image:width\" content=\"720\" \/>\n\t<meta property=\"og:image:height\" content=\"480\" \/>\n\t<meta property=\"og:image:type\" content=\"image\/jpeg\" \/>\n<meta name=\"author\" content=\"user-manager\" \/>\n<meta name=\"twitter:card\" content=\"summary_large_image\" \/>\n<script type=\"application\/ld+json\" class=\"yoast-schema-graph\">{\"@context\":\"https:\\\/\\\/schema.org\",\"@graph\":[{\"@type\":\"Article\",\"@id\":\"https:\\\/\\\/www.meydan.tv\\\/az\\\/article\\\/ukrayna-kirkorovu-qara-siyahidan-cixarib\\\/#article\",\"isPartOf\":{\"@id\":\"https:\\\/\\\/www.meydan.tv\\\/az\\\/article\\\/ukrayna-kirkorovu-qara-siyahidan-cixarib\\\/\"},\"author\":{\"name\":\"user-manager\",\"@id\":\"https:\\\/\\\/www.meydan.tv\\\/az\\\/#\\\/schema\\\/person\\\/10d11eccf6da3662cf5fdab9806ea91a\"},\"headline\":\"Ukrayna Kirkorovu &#8220;qara siyah\u0131&#8221;dan \u00e7\u0131xar\u0131b\",\"datePublished\":\"2021-06-28T13:52:06+00:00\",\"mainEntityOfPage\":{\"@id\":\"https:\\\/\\\/www.meydan.tv\\\/az\\\/article\\\/ukrayna-kirkorovu-qara-siyahidan-cixarib\\\/\"},\"wordCount\":223,\"publisher\":{\"@id\":\"https:\\\/\\\/www.meydan.tv\\\/az\\\/#organization\"},\"image\":{\"@id\":\"https:\\\/\\\/www.meydan.tv\\\/az\\\/article\\\/ukrayna-kirkorovu-qara-siyahidan-cixarib\\\/#primaryimage\"},\"thumbnailUrl\":\"https:\\\/\\\/www.meydan.tv\\\/wp-content\\\/uploads\\\/pic_4982af375888f3a441e372a9fa276dc0.jpg\",\"articleSection\":[\"M\u0259d\u0259niyy\u0259t\"],\"inLanguage\":\"az\"},{\"@type\":\"WebPage\",\"@id\":\"https:\\\/\\\/www.meydan.tv\\\/az\\\/article\\\/ukrayna-kirkorovu-qara-siyahidan-cixarib\\\/\",\"url\":\"https:\\\/\\\/www.meydan.tv\\\/az\\\/article\\\/ukrayna-kirkorovu-qara-siyahidan-cixarib\\\/\",\"name\":\"Ukrayna Kirkorovu \\\"qara siyah\u0131\\\"dan \u00e7\u0131xar\u0131b - MEYDAN.TV\",\"isPartOf\":{\"@id\":\"https:\\\/\\\/www.meydan.tv\\\/az\\\/#website\"},\"primaryImageOfPage\":{\"@id\":\"https:\\\/\\\/www.meydan.tv\\\/az\\\/article\\\/ukrayna-kirkorovu-qara-siyahidan-cixarib\\\/#primaryimage\"},\"image\":{\"@id\":\"https:\\\/\\\/www.meydan.tv\\\/az\\\/article\\\/ukrayna-kirkorovu-qara-siyahidan-cixarib\\\/#primaryimage\"},\"thumbnailUrl\":\"https:\\\/\\\/www.meydan.tv\\\/wp-content\\\/uploads\\\/pic_4982af375888f3a441e372a9fa276dc0.jpg\",\"datePublished\":\"2021-06-28T13:52:06+00:00\",\"breadcrumb\":{\"@id\":\"https:\\\/\\\/www.meydan.tv\\\/az\\\/article\\\/ukrayna-kirkorovu-qara-siyahidan-cixarib\\\/#breadcrumb\"},\"inLanguage\":\"az\",\"potentialAction\":[{\"@type\":\"ReadAction\",\"target\":[\"https:\\\/\\\/www.meydan.tv\\\/az\\\/article\\\/ukrayna-kirkorovu-qara-siyahidan-cixarib\\\/\"]}]},{\"@type\":\"ImageObject\",\"inLanguage\":\"az\",\"@id\":\"https:\\\/\\\/www.meydan.tv\\\/az\\\/article\\\/ukrayna-kirkorovu-qara-siyahidan-cixarib\\\/#primaryimage\",\"url\":\"https:\\\/\\\/www.meydan.tv\\\/wp-content\\\/uploads\\\/pic_4982af375888f3a441e372a9fa276dc0.jpg\",\"contentUrl\":\"https:\\\/\\\/www.meydan.tv\\\/wp-content\\\/uploads\\\/pic_4982af375888f3a441e372a9fa276dc0.jpg\",\"width\":720,\"height\":480,\"caption\":\"Source: Specify Source\"},{\"@type\":\"BreadcrumbList\",\"@id\":\"https:\\\/\\\/www.meydan.tv\\\/az\\\/article\\\/ukrayna-kirkorovu-qara-siyahidan-cixarib\\\/#breadcrumb\",\"itemListElement\":[{\"@type\":\"ListItem\",\"position\":1,\"name\":\"Ana s\u0259hif\u0259\",\"item\":\"https:\\\/\\\/www.meydan.tv\\\/az\\\/\"},{\"@type\":\"ListItem\",\"position\":2,\"name\":\"M\u0259d\u0259niyy\u0259t\",\"item\":\"https:\\\/\\\/www.meydan.tv\\\/az\\\/section\\\/medeniyyet\\\/\"},{\"@type\":\"ListItem\",\"position\":3,\"name\":\"Ukrayna Kirkorovu &#8220;qara siyah\u0131&#8221;dan \u00e7\u0131xar\u0131b\"}]},{\"@type\":\"WebSite\",\"@id\":\"https:\\\/\\\/www.meydan.tv\\\/az\\\/#website\",\"url\":\"https:\\\/\\\/www.meydan.tv\\\/az\\\/\",\"name\":\"MEYDAN.TV\",\"description\":\"Meydan TV Az\u0259rbaycan\u0131n media m\u0259kan\u0131ndak\u0131 alternativ s\u0259sidir\",\"publisher\":{\"@id\":\"https:\\\/\\\/www.meydan.tv\\\/az\\\/#organization\"},\"potentialAction\":[{\"@type\":\"SearchAction\",\"target\":{\"@type\":\"EntryPoint\",\"urlTemplate\":\"https:\\\/\\\/www.meydan.tv\\\/az\\\/?s={search_term_string}\"},\"query-input\":{\"@type\":\"PropertyValueSpecification\",\"valueRequired\":true,\"valueName\":\"search_term_string\"}}],\"inLanguage\":\"az\"},{\"@type\":\"Organization\",\"@id\":\"https:\\\/\\\/www.meydan.tv\\\/az\\\/#organization\",\"name\":\"Meydan TV\",\"url\":\"https:\\\/\\\/www.meydan.tv\\\/az\\\/\",\"logo\":{\"@type\":\"ImageObject\",\"inLanguage\":\"az\",\"@id\":\"https:\\\/\\\/www.meydan.tv\\\/az\\\/#\\\/schema\\\/logo\\\/image\\\/\",\"url\":\"https:\\\/\\\/www.meydan.tv\\\/wp-content\\\/uploads\\\/2021\\\/07\\\/meydan-logo.svg\",\"contentUrl\":\"https:\\\/\\\/www.meydan.tv\\\/wp-content\\\/uploads\\\/2021\\\/07\\\/meydan-logo.svg\",\"width\":195,\"height\":46,\"caption\":\"Meydan TV\"},\"image\":{\"@id\":\"https:\\\/\\\/www.meydan.tv\\\/az\\\/#\\\/schema\\\/logo\\\/image\\\/\"}},{\"@type\":\"Person\",\"@id\":\"https:\\\/\\\/www.meydan.tv\\\/az\\\/#\\\/schema\\\/person\\\/10d11eccf6da3662cf5fdab9806ea91a\",\"name\":\"user-manager\"}]}<\/script>\n<!-- \/ Yoast SEO plugin. -->","yoast_head_json":{"title":"Ukrayna Kirkorovu \"qara siyah\u0131\"dan \u00e7\u0131xar\u0131b - MEYDAN.TV","robots":{"index":"index","follow":"follow","max-snippet":"max-snippet:-1","max-image-preview":"max-image-preview:large","max-video-preview":"max-video-preview:-1"},"canonical":"https:\/\/www.meydan.tv\/az\/article\/ukrayna-kirkorovu-qara-siyahidan-cixarib\/","og_locale":"az_AZ","og_type":"article","og_title":"Ukrayna Kirkorovu \"qara siyah\u0131\"dan \u00e7\u0131xar\u0131b - MEYDAN.TV","og_description":"R\u0259smi Kiyevin q\u0259rar\u0131n\u0131 \u015f\u0259rh ed\u0259n s\u0259n\u0259t\u00e7i deyib ki, yerli m\u0259murlar mill\u0259t\u00e7ilik t\u0259bli\u011fatl\u0131 parazit \u015f\u00fcarlar\u0131 il\u0259 \u00f6zl\u0259rin\u0259 xal qazanma\u011fa \u00e7al\u0131\u015f\u0131rlar.","og_url":"https:\/\/www.meydan.tv\/az\/article\/ukrayna-kirkorovu-qara-siyahidan-cixarib\/","og_site_name":"MEYDAN.TV","article_published_time":"2021-06-28T13:52:06+00:00","og_image":[{"width":720,"height":480,"url":"https:\/\/www.meydan.tv\/wp-content\/uploads\/pic_4982af375888f3a441e372a9fa276dc0.jpg","type":"image\/jpeg"}],"author":"user-manager","twitter_card":"summary_large_image","schema":{"@context":"https:\/\/schema.org","@graph":[{"@type":"Article","@id":"https:\/\/www.meydan.tv\/az\/article\/ukrayna-kirkorovu-qara-siyahidan-cixarib\/#article","isPartOf":{"@id":"https:\/\/www.meydan.tv\/az\/article\/ukrayna-kirkorovu-qara-siyahidan-cixarib\/"},"author":{"name":"user-manager","@id":"https:\/\/www.meydan.tv\/az\/#\/schema\/person\/10d11eccf6da3662cf5fdab9806ea91a"},"headline":"Ukrayna Kirkorovu &#8220;qara siyah\u0131&#8221;dan \u00e7\u0131xar\u0131b","datePublished":"2021-06-28T13:52:06+00:00","mainEntityOfPage":{"@id":"https:\/\/www.meydan.tv\/az\/article\/ukrayna-kirkorovu-qara-siyahidan-cixarib\/"},"wordCount":223,"publisher":{"@id":"https:\/\/www.meydan.tv\/az\/#organization"},"image":{"@id":"https:\/\/www.meydan.tv\/az\/article\/ukrayna-kirkorovu-qara-siyahidan-cixarib\/#primaryimage"},"thumbnailUrl":"https:\/\/www.meydan.tv\/wp-content\/uploads\/pic_4982af375888f3a441e372a9fa276dc0.jpg","articleSection":["M\u0259d\u0259niyy\u0259t"],"inLanguage":"az"},{"@type":"WebPage","@id":"https:\/\/www.meydan.tv\/az\/article\/ukrayna-kirkorovu-qara-siyahidan-cixarib\/","url":"https:\/\/www.meydan.tv\/az\/article\/ukrayna-kirkorovu-qara-siyahidan-cixarib\/","name":"Ukrayna Kirkorovu \"qara siyah\u0131\"dan \u00e7\u0131xar\u0131b - MEYDAN.TV","isPartOf":{"@id":"https:\/\/www.meydan.tv\/az\/#website"},"primaryImageOfPage":{"@id":"https:\/\/www.meydan.tv\/az\/article\/ukrayna-kirkorovu-qara-siyahidan-cixarib\/#primaryimage"},"image":{"@id":"https:\/\/www.meydan.tv\/az\/article\/ukrayna-kirkorovu-qara-siyahidan-cixarib\/#primaryimage"},"thumbnailUrl":"https:\/\/www.meydan.tv\/wp-content\/uploads\/pic_4982af375888f3a441e372a9fa276dc0.jpg","datePublished":"2021-06-28T13:52:06+00:00","breadcrumb":{"@id":"https:\/\/www.meydan.tv\/az\/article\/ukrayna-kirkorovu-qara-siyahidan-cixarib\/#breadcrumb"},"inLanguage":"az","potentialAction":[{"@type":"ReadAction","target":["https:\/\/www.meydan.tv\/az\/article\/ukrayna-kirkorovu-qara-siyahidan-cixarib\/"]}]},{"@type":"ImageObject","inLanguage":"az","@id":"https:\/\/www.meydan.tv\/az\/article\/ukrayna-kirkorovu-qara-siyahidan-cixarib\/#primaryimage","url":"https:\/\/www.meydan.tv\/wp-content\/uploads\/pic_4982af375888f3a441e372a9fa276dc0.jpg","contentUrl":"https:\/\/www.meydan.tv\/wp-content\/uploads\/pic_4982af375888f3a441e372a9fa276dc0.jpg","width":720,"height":480,"caption":"Source: Specify Source"},{"@type":"BreadcrumbList","@id":"https:\/\/www.meydan.tv\/az\/article\/ukrayna-kirkorovu-qara-siyahidan-cixarib\/#breadcrumb","itemListElement":[{"@type":"ListItem","position":1,"name":"Ana s\u0259hif\u0259","item":"https:\/\/www.meydan.tv\/az\/"},{"@type":"ListItem","position":2,"name":"M\u0259d\u0259niyy\u0259t","item":"https:\/\/www.meydan.tv\/az\/section\/medeniyyet\/"},{"@type":"ListItem","position":3,"name":"Ukrayna Kirkorovu &#8220;qara siyah\u0131&#8221;dan \u00e7\u0131xar\u0131b"}]},{"@type":"WebSite","@id":"https:\/\/www.meydan.tv\/az\/#website","url":"https:\/\/www.meydan.tv\/az\/","name":"MEYDAN.TV","description":"Meydan TV Az\u0259rbaycan\u0131n media m\u0259kan\u0131ndak\u0131 alternativ s\u0259sidir","publisher":{"@id":"https:\/\/www.meydan.tv\/az\/#organization"},"potentialAction":[{"@type":"SearchAction","target":{"@type":"EntryPoint","urlTemplate":"https:\/\/www.meydan.tv\/az\/?s={search_term_string}"},"query-input":{"@type":"PropertyValueSpecification","valueRequired":true,"valueName":"search_term_string"}}],"inLanguage":"az"},{"@type":"Organization","@id":"https:\/\/www.meydan.tv\/az\/#organization","name":"Meydan TV","url":"https:\/\/www.meydan.tv\/az\/","logo":{"@type":"ImageObject","inLanguage":"az","@id":"https:\/\/www.meydan.tv\/az\/#\/schema\/logo\/image\/","url":"https:\/\/www.meydan.tv\/wp-content\/uploads\/2021\/07\/meydan-logo.svg","contentUrl":"https:\/\/www.meydan.tv\/wp-content\/uploads\/2021\/07\/meydan-logo.svg","width":195,"height":46,"caption":"Meydan TV"},"image":{"@id":"https:\/\/www.meydan.tv\/az\/#\/schema\/logo\/image\/"}},{"@type":"Person","@id":"https:\/\/www.meydan.tv\/az\/#\/schema\/person\/10d11eccf6da3662cf5fdab9806ea91a","name":"user-manager"}]}},"_links":{"self":[{"href":"https:\/\/www.meydan.tv\/az\/wp-json\/wp\/v2\/posts\/206935","targetHints":{"allow":["GET"]}}],"collection":[{"href":"https:\/\/www.meydan.tv\/az\/wp-json\/wp\/v2\/posts"}],"about":[{"href":"https:\/\/www.meydan.tv\/az\/wp-json\/wp\/v2\/types\/post"}],"author":[{"embeddable":true,"href":"https:\/\/www.meydan.tv\/az\/wp-json\/wp\/v2\/users\/11"}],"replies":[{"embeddable":true,"href":"https:\/\/www.meydan.tv\/az\/wp-json\/wp\/v2\/comments?post=206935"}],"version-history":[{"count":0,"href":"https:\/\/www.meydan.tv\/az\/wp-json\/wp\/v2\/posts\/206935\/revisions"}],"wp:featuredmedia":[{"embeddable":true,"href":"https:\/\/www.meydan.tv\/az\/wp-json\/wp\/v2\/media\/162411"}],"wp:attachment":[{"href":"https:\/\/www.meydan.tv\/az\/wp-json\/wp\/v2\/media?parent=206935"}],"wp:term":[{"taxonomy":"category","embeddable":true,"href":"https:\/\/www.meydan.tv\/az\/wp-json\/wp\/v2\/categories?post=206935"},{"taxonomy":"post_tag","embeddable":true,"href":"https:\/\/www.meydan.tv\/az\/wp-json\/wp\/v2\/tags?post=206935"}],"curies":[{"name":"wp","href":"https:\/\/api.w.org\/{rel}","templated":true}]}}