{"id":206923,"date":"2021-06-25T15:56:40","date_gmt":"2021-06-25T15:56:40","guid":{"rendered":"https:\/\/www.meydan.tv\/article\/hekim-usaqlarin-peyvendlenmesi-ile-bagli-muzakireler-aparilir\/"},"modified":"2021-06-25T15:56:40","modified_gmt":"2021-06-25T15:56:40","slug":"hekim-usaqlarin-peyvendlenmesi-ile-bagli-muzakireler-aparilir","status":"publish","type":"post","link":"https:\/\/www.meydan.tv\/az\/article\/hekim-usaqlarin-peyvendlenmesi-ile-bagli-muzakireler-aparilir\/","title":{"rendered":"H\u0259kim: U\u015faqlar\u0131n peyv\u0259ndl\u0259nm\u0259si il\u0259 ba\u011fl\u0131 m\u00fczakir\u0259l\u0259r apar\u0131l\u0131r"},"content":{"rendered":"<p>\n  <i><br \/>\n    &quot;Azya\u015fl\u0131lar aras\u0131nda COV\u0130D-19-a yoluxma \u0259ks\u0259r hallarda \u0259lam\u0259tsiz ke\u00e7ir&quot;<br \/>\n  <\/i>\n<\/p>\n<p>\n  \u201cU\u015faqlar\u0131n peyv\u0259ndl\u0259nm\u0259si il\u0259 ba\u011fl\u0131 m\u00fczakir\u0259l\u0259r apar\u0131l\u0131r. M\u00fcsb\u0259t n\u0259tic\u0259l\u0259r olsa, a\u00e7\u0131qlanacaq\u201d.\n<\/p>\n<p>\n  Bunu T\u018fB\u0130B-in \u0130nfeksion x\u0259st\u0259likl\u0259r \u00fczr\u0259 i\u015f\u00e7i qrupunun h\u0259kim-infeksionisti N\u0259zrin Mustafayeva deyib.\n<\/p>\n<p>\n  M\u00fct\u0259x\u0259ssis qurumun \u201cFacebook\u201d s\u0259hif\u0259si vasit\u0259sil\u0259 \u201cT\u018fB\u0130B m\u0259sl\u0259h\u0259ti\u201d layih\u0259si \u00e7\u0259r\u00e7iv\u0259sind\u0259 izl\u0259yicil\u0259rin suallar\u0131n\u0131 cavabland\u0131r\u0131b.\n<\/p>\n<p>\n  H\u0259kim qeyd edib ki, azya\u015fl\u0131lar aras\u0131nda COV\u0130D-19-a yoluxma \u0259ks\u0259r hallarda \u0259lam\u0259tsiz ke\u00e7ir: \u201cU\u015faqlar\u0131n t\u0259hl\u00fck\u0259 m\u0259nb\u0259yi olmas\u0131 da bundan ibar\u0259tdir. D\u00fczd\u00fcr, b\u0259zi hallarda x\u0259st\u0259lik h\u0259tta u\u015faqlarda da \u00f6z\u00fcn\u00fc q\u0131zd\u0131rma, \u00fcr\u0259kbulanma, qusma, eyni zamanda, k\u0259skin respirator virus \u0259lam\u0259tl\u0259ri kimi g\u00f6st\u0259rir. U\u015faqlarda letall\u0131q g\u00f6st\u0259ricisi kifay\u0259t q\u0259d\u0259r a\u015fa\u011f\u0131d\u0131r. Onlar\u0131n \u0259ks\u0259riyy\u0259ti x\u0259st\u0259likd\u0259n sa\u011fal\u0131r\u201d.\n<\/p>\n<p>\n  Az\u0259rbaycanda 18 ya\u015fdan yuxar\u0131 v\u0259t\u0259nda\u015flara vaksinasiyas\u0131 n\u0259z\u0259rd\u0259 tutulub.<\/p>\n","protected":false},"excerpt":{"rendered":"<p>H\u0259kim qeyd edib ki, azya\u015fl\u0131lar aras\u0131nda COV\u0130D-19-a yoluxma \u0259ks\u0259r hallarda \u0259lam\u0259tsiz ke\u00e7ir<\/p>\n","protected":false},"author":11,"featured_media":156780,"comment_status":"closed","ping_status":"open","sticky":false,"template":"","format":"standard","meta":{"_acf_changed":false,"_sitemap_exclude":false,"_sitemap_priority":"","_sitemap_frequency":"","footnotes":""},"categories":[54],"tags":[],"class_list":["post-206923","post","type-post","status-publish","format-standard","has-post-thumbnail","hentry","category-sagliq","infinite-scroll-item","generate-columns","tablet-grid-50","mobile-grid-100","grid-parent","grid-33","no-featured-image-padding"],"acf":[],"yoast_head":"<!-- This site is optimized with the Yoast SEO plugin v27.4 - https:\/\/yoast.com\/product\/yoast-seo-wordpress\/ -->\n<title>H\u0259kim: U\u015faqlar\u0131n peyv\u0259ndl\u0259nm\u0259si il\u0259 ba\u011fl\u0131 m\u00fczakir\u0259l\u0259r apar\u0131l\u0131r - MEYDAN.TV<\/title>\n<meta name=\"robots\" content=\"index, follow, max-snippet:-1, max-image-preview:large, max-video-preview:-1\" \/>\n<link rel=\"canonical\" href=\"https:\/\/www.meydan.tv\/az\/article\/hekim-usaqlarin-peyvendlenmesi-ile-bagli-muzakireler-aparilir\/\" \/>\n<meta property=\"og:locale\" content=\"az_AZ\" \/>\n<meta property=\"og:type\" content=\"article\" \/>\n<meta property=\"og:title\" content=\"H\u0259kim: U\u015faqlar\u0131n peyv\u0259ndl\u0259nm\u0259si il\u0259 ba\u011fl\u0131 m\u00fczakir\u0259l\u0259r apar\u0131l\u0131r - MEYDAN.TV\" \/>\n<meta property=\"og:description\" content=\"H\u0259kim qeyd edib ki, azya\u015fl\u0131lar aras\u0131nda COV\u0130D-19-a yoluxma \u0259ks\u0259r hallarda \u0259lam\u0259tsiz ke\u00e7ir\" \/>\n<meta property=\"og:url\" content=\"https:\/\/www.meydan.tv\/az\/article\/hekim-usaqlarin-peyvendlenmesi-ile-bagli-muzakireler-aparilir\/\" \/>\n<meta property=\"og:site_name\" content=\"MEYDAN.TV\" \/>\n<meta property=\"article:published_time\" content=\"2021-06-25T15:56:40+00:00\" \/>\n<meta property=\"og:image\" content=\"https:\/\/www.meydan.tv\/wp-content\/uploads\/vaksin_w5aaa8k-scaled.jpg\" \/>\n\t<meta property=\"og:image:width\" content=\"2560\" \/>\n\t<meta property=\"og:image:height\" content=\"1440\" \/>\n\t<meta property=\"og:image:type\" content=\"image\/jpeg\" \/>\n<meta name=\"author\" content=\"user-manager\" \/>\n<meta name=\"twitter:card\" content=\"summary_large_image\" \/>\n<script type=\"application\/ld+json\" class=\"yoast-schema-graph\">{\"@context\":\"https:\\\/\\\/schema.org\",\"@graph\":[{\"@type\":\"Article\",\"@id\":\"https:\\\/\\\/www.meydan.tv\\\/az\\\/article\\\/hekim-usaqlarin-peyvendlenmesi-ile-bagli-muzakireler-aparilir\\\/#article\",\"isPartOf\":{\"@id\":\"https:\\\/\\\/www.meydan.tv\\\/az\\\/article\\\/hekim-usaqlarin-peyvendlenmesi-ile-bagli-muzakireler-aparilir\\\/\"},\"author\":{\"name\":\"user-manager\",\"@id\":\"https:\\\/\\\/www.meydan.tv\\\/az\\\/#\\\/schema\\\/person\\\/10d11eccf6da3662cf5fdab9806ea91a\"},\"headline\":\"H\u0259kim: U\u015faqlar\u0131n peyv\u0259ndl\u0259nm\u0259si il\u0259 ba\u011fl\u0131 m\u00fczakir\u0259l\u0259r apar\u0131l\u0131r\",\"datePublished\":\"2021-06-25T15:56:40+00:00\",\"mainEntityOfPage\":{\"@id\":\"https:\\\/\\\/www.meydan.tv\\\/az\\\/article\\\/hekim-usaqlarin-peyvendlenmesi-ile-bagli-muzakireler-aparilir\\\/\"},\"wordCount\":226,\"publisher\":{\"@id\":\"https:\\\/\\\/www.meydan.tv\\\/az\\\/#organization\"},\"image\":{\"@id\":\"https:\\\/\\\/www.meydan.tv\\\/az\\\/article\\\/hekim-usaqlarin-peyvendlenmesi-ile-bagli-muzakireler-aparilir\\\/#primaryimage\"},\"thumbnailUrl\":\"https:\\\/\\\/www.meydan.tv\\\/wp-content\\\/uploads\\\/vaksin_w5aaa8k-scaled.jpg\",\"articleSection\":[\"Sa\u011fl\u0131q\"],\"inLanguage\":\"az\"},{\"@type\":\"WebPage\",\"@id\":\"https:\\\/\\\/www.meydan.tv\\\/az\\\/article\\\/hekim-usaqlarin-peyvendlenmesi-ile-bagli-muzakireler-aparilir\\\/\",\"url\":\"https:\\\/\\\/www.meydan.tv\\\/az\\\/article\\\/hekim-usaqlarin-peyvendlenmesi-ile-bagli-muzakireler-aparilir\\\/\",\"name\":\"H\u0259kim: U\u015faqlar\u0131n peyv\u0259ndl\u0259nm\u0259si il\u0259 ba\u011fl\u0131 m\u00fczakir\u0259l\u0259r apar\u0131l\u0131r - MEYDAN.TV\",\"isPartOf\":{\"@id\":\"https:\\\/\\\/www.meydan.tv\\\/az\\\/#website\"},\"primaryImageOfPage\":{\"@id\":\"https:\\\/\\\/www.meydan.tv\\\/az\\\/article\\\/hekim-usaqlarin-peyvendlenmesi-ile-bagli-muzakireler-aparilir\\\/#primaryimage\"},\"image\":{\"@id\":\"https:\\\/\\\/www.meydan.tv\\\/az\\\/article\\\/hekim-usaqlarin-peyvendlenmesi-ile-bagli-muzakireler-aparilir\\\/#primaryimage\"},\"thumbnailUrl\":\"https:\\\/\\\/www.meydan.tv\\\/wp-content\\\/uploads\\\/vaksin_w5aaa8k-scaled.jpg\",\"datePublished\":\"2021-06-25T15:56:40+00:00\",\"breadcrumb\":{\"@id\":\"https:\\\/\\\/www.meydan.tv\\\/az\\\/article\\\/hekim-usaqlarin-peyvendlenmesi-ile-bagli-muzakireler-aparilir\\\/#breadcrumb\"},\"inLanguage\":\"az\",\"potentialAction\":[{\"@type\":\"ReadAction\",\"target\":[\"https:\\\/\\\/www.meydan.tv\\\/az\\\/article\\\/hekim-usaqlarin-peyvendlenmesi-ile-bagli-muzakireler-aparilir\\\/\"]}]},{\"@type\":\"ImageObject\",\"inLanguage\":\"az\",\"@id\":\"https:\\\/\\\/www.meydan.tv\\\/az\\\/article\\\/hekim-usaqlarin-peyvendlenmesi-ile-bagli-muzakireler-aparilir\\\/#primaryimage\",\"url\":\"https:\\\/\\\/www.meydan.tv\\\/wp-content\\\/uploads\\\/vaksin_w5aaa8k-scaled.jpg\",\"contentUrl\":\"https:\\\/\\\/www.meydan.tv\\\/wp-content\\\/uploads\\\/vaksin_w5aaa8k-scaled.jpg\",\"width\":2560,\"height\":1440,\"caption\":\"Source: Meydan TV\"},{\"@type\":\"BreadcrumbList\",\"@id\":\"https:\\\/\\\/www.meydan.tv\\\/az\\\/article\\\/hekim-usaqlarin-peyvendlenmesi-ile-bagli-muzakireler-aparilir\\\/#breadcrumb\",\"itemListElement\":[{\"@type\":\"ListItem\",\"position\":1,\"name\":\"Ana s\u0259hif\u0259\",\"item\":\"https:\\\/\\\/www.meydan.tv\\\/az\\\/\"},{\"@type\":\"ListItem\",\"position\":2,\"name\":\"Sa\u011fl\u0131q\",\"item\":\"https:\\\/\\\/www.meydan.tv\\\/az\\\/section\\\/sagliq\\\/\"},{\"@type\":\"ListItem\",\"position\":3,\"name\":\"H\u0259kim: U\u015faqlar\u0131n peyv\u0259ndl\u0259nm\u0259si il\u0259 ba\u011fl\u0131 m\u00fczakir\u0259l\u0259r apar\u0131l\u0131r\"}]},{\"@type\":\"WebSite\",\"@id\":\"https:\\\/\\\/www.meydan.tv\\\/az\\\/#website\",\"url\":\"https:\\\/\\\/www.meydan.tv\\\/az\\\/\",\"name\":\"MEYDAN.TV\",\"description\":\"Meydan TV Az\u0259rbaycan\u0131n media m\u0259kan\u0131ndak\u0131 alternativ s\u0259sidir\",\"publisher\":{\"@id\":\"https:\\\/\\\/www.meydan.tv\\\/az\\\/#organization\"},\"potentialAction\":[{\"@type\":\"SearchAction\",\"target\":{\"@type\":\"EntryPoint\",\"urlTemplate\":\"https:\\\/\\\/www.meydan.tv\\\/az\\\/?s={search_term_string}\"},\"query-input\":{\"@type\":\"PropertyValueSpecification\",\"valueRequired\":true,\"valueName\":\"search_term_string\"}}],\"inLanguage\":\"az\"},{\"@type\":\"Organization\",\"@id\":\"https:\\\/\\\/www.meydan.tv\\\/az\\\/#organization\",\"name\":\"Meydan TV\",\"url\":\"https:\\\/\\\/www.meydan.tv\\\/az\\\/\",\"logo\":{\"@type\":\"ImageObject\",\"inLanguage\":\"az\",\"@id\":\"https:\\\/\\\/www.meydan.tv\\\/az\\\/#\\\/schema\\\/logo\\\/image\\\/\",\"url\":\"https:\\\/\\\/www.meydan.tv\\\/wp-content\\\/uploads\\\/2021\\\/07\\\/meydan-logo.svg\",\"contentUrl\":\"https:\\\/\\\/www.meydan.tv\\\/wp-content\\\/uploads\\\/2021\\\/07\\\/meydan-logo.svg\",\"width\":195,\"height\":46,\"caption\":\"Meydan TV\"},\"image\":{\"@id\":\"https:\\\/\\\/www.meydan.tv\\\/az\\\/#\\\/schema\\\/logo\\\/image\\\/\"}},{\"@type\":\"Person\",\"@id\":\"https:\\\/\\\/www.meydan.tv\\\/az\\\/#\\\/schema\\\/person\\\/10d11eccf6da3662cf5fdab9806ea91a\",\"name\":\"user-manager\"}]}<\/script>\n<!-- \/ Yoast SEO plugin. -->","yoast_head_json":{"title":"H\u0259kim: U\u015faqlar\u0131n peyv\u0259ndl\u0259nm\u0259si il\u0259 ba\u011fl\u0131 m\u00fczakir\u0259l\u0259r apar\u0131l\u0131r - MEYDAN.TV","robots":{"index":"index","follow":"follow","max-snippet":"max-snippet:-1","max-image-preview":"max-image-preview:large","max-video-preview":"max-video-preview:-1"},"canonical":"https:\/\/www.meydan.tv\/az\/article\/hekim-usaqlarin-peyvendlenmesi-ile-bagli-muzakireler-aparilir\/","og_locale":"az_AZ","og_type":"article","og_title":"H\u0259kim: U\u015faqlar\u0131n peyv\u0259ndl\u0259nm\u0259si il\u0259 ba\u011fl\u0131 m\u00fczakir\u0259l\u0259r apar\u0131l\u0131r - MEYDAN.TV","og_description":"H\u0259kim qeyd edib ki, azya\u015fl\u0131lar aras\u0131nda COV\u0130D-19-a yoluxma \u0259ks\u0259r hallarda \u0259lam\u0259tsiz ke\u00e7ir","og_url":"https:\/\/www.meydan.tv\/az\/article\/hekim-usaqlarin-peyvendlenmesi-ile-bagli-muzakireler-aparilir\/","og_site_name":"MEYDAN.TV","article_published_time":"2021-06-25T15:56:40+00:00","og_image":[{"width":2560,"height":1440,"url":"https:\/\/www.meydan.tv\/wp-content\/uploads\/vaksin_w5aaa8k-scaled.jpg","type":"image\/jpeg"}],"author":"user-manager","twitter_card":"summary_large_image","schema":{"@context":"https:\/\/schema.org","@graph":[{"@type":"Article","@id":"https:\/\/www.meydan.tv\/az\/article\/hekim-usaqlarin-peyvendlenmesi-ile-bagli-muzakireler-aparilir\/#article","isPartOf":{"@id":"https:\/\/www.meydan.tv\/az\/article\/hekim-usaqlarin-peyvendlenmesi-ile-bagli-muzakireler-aparilir\/"},"author":{"name":"user-manager","@id":"https:\/\/www.meydan.tv\/az\/#\/schema\/person\/10d11eccf6da3662cf5fdab9806ea91a"},"headline":"H\u0259kim: U\u015faqlar\u0131n peyv\u0259ndl\u0259nm\u0259si il\u0259 ba\u011fl\u0131 m\u00fczakir\u0259l\u0259r apar\u0131l\u0131r","datePublished":"2021-06-25T15:56:40+00:00","mainEntityOfPage":{"@id":"https:\/\/www.meydan.tv\/az\/article\/hekim-usaqlarin-peyvendlenmesi-ile-bagli-muzakireler-aparilir\/"},"wordCount":226,"publisher":{"@id":"https:\/\/www.meydan.tv\/az\/#organization"},"image":{"@id":"https:\/\/www.meydan.tv\/az\/article\/hekim-usaqlarin-peyvendlenmesi-ile-bagli-muzakireler-aparilir\/#primaryimage"},"thumbnailUrl":"https:\/\/www.meydan.tv\/wp-content\/uploads\/vaksin_w5aaa8k-scaled.jpg","articleSection":["Sa\u011fl\u0131q"],"inLanguage":"az"},{"@type":"WebPage","@id":"https:\/\/www.meydan.tv\/az\/article\/hekim-usaqlarin-peyvendlenmesi-ile-bagli-muzakireler-aparilir\/","url":"https:\/\/www.meydan.tv\/az\/article\/hekim-usaqlarin-peyvendlenmesi-ile-bagli-muzakireler-aparilir\/","name":"H\u0259kim: U\u015faqlar\u0131n peyv\u0259ndl\u0259nm\u0259si il\u0259 ba\u011fl\u0131 m\u00fczakir\u0259l\u0259r apar\u0131l\u0131r - MEYDAN.TV","isPartOf":{"@id":"https:\/\/www.meydan.tv\/az\/#website"},"primaryImageOfPage":{"@id":"https:\/\/www.meydan.tv\/az\/article\/hekim-usaqlarin-peyvendlenmesi-ile-bagli-muzakireler-aparilir\/#primaryimage"},"image":{"@id":"https:\/\/www.meydan.tv\/az\/article\/hekim-usaqlarin-peyvendlenmesi-ile-bagli-muzakireler-aparilir\/#primaryimage"},"thumbnailUrl":"https:\/\/www.meydan.tv\/wp-content\/uploads\/vaksin_w5aaa8k-scaled.jpg","datePublished":"2021-06-25T15:56:40+00:00","breadcrumb":{"@id":"https:\/\/www.meydan.tv\/az\/article\/hekim-usaqlarin-peyvendlenmesi-ile-bagli-muzakireler-aparilir\/#breadcrumb"},"inLanguage":"az","potentialAction":[{"@type":"ReadAction","target":["https:\/\/www.meydan.tv\/az\/article\/hekim-usaqlarin-peyvendlenmesi-ile-bagli-muzakireler-aparilir\/"]}]},{"@type":"ImageObject","inLanguage":"az","@id":"https:\/\/www.meydan.tv\/az\/article\/hekim-usaqlarin-peyvendlenmesi-ile-bagli-muzakireler-aparilir\/#primaryimage","url":"https:\/\/www.meydan.tv\/wp-content\/uploads\/vaksin_w5aaa8k-scaled.jpg","contentUrl":"https:\/\/www.meydan.tv\/wp-content\/uploads\/vaksin_w5aaa8k-scaled.jpg","width":2560,"height":1440,"caption":"Source: Meydan TV"},{"@type":"BreadcrumbList","@id":"https:\/\/www.meydan.tv\/az\/article\/hekim-usaqlarin-peyvendlenmesi-ile-bagli-muzakireler-aparilir\/#breadcrumb","itemListElement":[{"@type":"ListItem","position":1,"name":"Ana s\u0259hif\u0259","item":"https:\/\/www.meydan.tv\/az\/"},{"@type":"ListItem","position":2,"name":"Sa\u011fl\u0131q","item":"https:\/\/www.meydan.tv\/az\/section\/sagliq\/"},{"@type":"ListItem","position":3,"name":"H\u0259kim: U\u015faqlar\u0131n peyv\u0259ndl\u0259nm\u0259si il\u0259 ba\u011fl\u0131 m\u00fczakir\u0259l\u0259r apar\u0131l\u0131r"}]},{"@type":"WebSite","@id":"https:\/\/www.meydan.tv\/az\/#website","url":"https:\/\/www.meydan.tv\/az\/","name":"MEYDAN.TV","description":"Meydan TV Az\u0259rbaycan\u0131n media m\u0259kan\u0131ndak\u0131 alternativ s\u0259sidir","publisher":{"@id":"https:\/\/www.meydan.tv\/az\/#organization"},"potentialAction":[{"@type":"SearchAction","target":{"@type":"EntryPoint","urlTemplate":"https:\/\/www.meydan.tv\/az\/?s={search_term_string}"},"query-input":{"@type":"PropertyValueSpecification","valueRequired":true,"valueName":"search_term_string"}}],"inLanguage":"az"},{"@type":"Organization","@id":"https:\/\/www.meydan.tv\/az\/#organization","name":"Meydan TV","url":"https:\/\/www.meydan.tv\/az\/","logo":{"@type":"ImageObject","inLanguage":"az","@id":"https:\/\/www.meydan.tv\/az\/#\/schema\/logo\/image\/","url":"https:\/\/www.meydan.tv\/wp-content\/uploads\/2021\/07\/meydan-logo.svg","contentUrl":"https:\/\/www.meydan.tv\/wp-content\/uploads\/2021\/07\/meydan-logo.svg","width":195,"height":46,"caption":"Meydan TV"},"image":{"@id":"https:\/\/www.meydan.tv\/az\/#\/schema\/logo\/image\/"}},{"@type":"Person","@id":"https:\/\/www.meydan.tv\/az\/#\/schema\/person\/10d11eccf6da3662cf5fdab9806ea91a","name":"user-manager"}]}},"_links":{"self":[{"href":"https:\/\/www.meydan.tv\/az\/wp-json\/wp\/v2\/posts\/206923","targetHints":{"allow":["GET"]}}],"collection":[{"href":"https:\/\/www.meydan.tv\/az\/wp-json\/wp\/v2\/posts"}],"about":[{"href":"https:\/\/www.meydan.tv\/az\/wp-json\/wp\/v2\/types\/post"}],"author":[{"embeddable":true,"href":"https:\/\/www.meydan.tv\/az\/wp-json\/wp\/v2\/users\/11"}],"replies":[{"embeddable":true,"href":"https:\/\/www.meydan.tv\/az\/wp-json\/wp\/v2\/comments?post=206923"}],"version-history":[{"count":0,"href":"https:\/\/www.meydan.tv\/az\/wp-json\/wp\/v2\/posts\/206923\/revisions"}],"wp:featuredmedia":[{"embeddable":true,"href":"https:\/\/www.meydan.tv\/az\/wp-json\/wp\/v2\/media\/156780"}],"wp:attachment":[{"href":"https:\/\/www.meydan.tv\/az\/wp-json\/wp\/v2\/media?parent=206923"}],"wp:term":[{"taxonomy":"category","embeddable":true,"href":"https:\/\/www.meydan.tv\/az\/wp-json\/wp\/v2\/categories?post=206923"},{"taxonomy":"post_tag","embeddable":true,"href":"https:\/\/www.meydan.tv\/az\/wp-json\/wp\/v2\/tags?post=206923"}],"curies":[{"name":"wp","href":"https:\/\/api.w.org\/{rel}","templated":true}]}}