{"id":206898,"date":"2021-06-24T13:52:45","date_gmt":"2021-06-24T13:52:45","guid":{"rendered":"https:\/\/www.meydan.tv\/article\/ado-yeddinci-mekani-qis-parkinda-numayis-etdirmek-isteyir\/"},"modified":"2021-06-24T13:52:45","modified_gmt":"2021-06-24T13:52:45","slug":"ado-yeddinci-mekani-qis-parkinda-numayis-etdirmek-isteyir","status":"publish","type":"post","link":"https:\/\/www.meydan.tv\/az\/article\/ado-yeddinci-mekani-qis-parkinda-numayis-etdirmek-isteyir\/","title":{"rendered":"ADO \u201cYeddinci M\u0259kan\u201d\u0131 Q\u0131\u015f Park\u0131nda n\u00fcmayi\u015f etdirm\u0259k ist\u0259yir"},"content":{"rendered":"<p>\n  <i><br \/>\n    Ehsan Zahidov: &quot;M\u00fcraci\u0259t olunsa, qanunam\u00fcvafiq cavab veril\u0259c\u0259k&quot;<br \/>\n  <\/i>\n<\/p>\n<p>\n  ADO Teatr\u0131 iyulun 15-d\u0259 Q\u0131\u015f Park\u0131nda \u201cYeddinci M\u0259kan\u201d adl\u0131 k\u00fc\u00e7\u0259 tama\u015fas\u0131 n\u00fcmayi\u015f etdirm\u0259yi planla\u015fd\u0131r\u0131r.\n<\/p>\n<p>\n  Teatr\u0131n m\u0259lumat\u0131nda bildirilir ki, performans ADO-nun yaranmas\u0131n\u0131n doqquzuncu ild\u00f6n\u00fcm\u00fcn\u0259 h\u0259sr olunacaq.\n<\/p>\n<p>\n  Saat 20:00-da ba\u015flayacaq tama\u015fada modern r\u0259qs performans\u0131 n\u00fcmayi\u015f olunacaq.\n<\/p>\n<p>\n  \u201cADO k\u00fc\u00e7\u0259 performanslar\u0131 n\u00fcmayi\u015f etdirm\u0259k \u00fc\u00e7\u00fcn \u00fc\u00e7 ildir c\u0259hdl\u0259r edir. Bununla ba\u011fl\u0131 M\u0259d\u0259niyy\u0259t Nazirliyin\u0259 v\u0259 Bak\u0131 \u015e\u0259h\u0259r \u0130cra Hakimiyy\u0259tin\u0259 r\u0259smi m\u00fcraci\u0259t olunmu\u015fdu. Nazirlik bu m\u0259s\u0259l\u0259y\u0259 meriyan\u0131n, icra hakimiyy\u0259ti is\u0259 bu m\u0259s\u0259l\u0259y\u0259 nazirliyin baxd\u0131\u011f\u0131n\u0131 bildirirdi. Daha sonra teatr m\u0259hk\u0259m\u0259y\u0259 m\u00fcraci\u0259t etdi. Birinci instansiya m\u0259hk\u0259m\u0259si ilk \u00f6nc\u0259 teatr\u0131n xeyrin\u0259 q\u0259rar \u00e7\u0131xard\u0131. Daha sonra meriya apellyasiya \u015fikay\u0259ti ver\u0259r\u0259k teatr\u0131n xeyrin\u0259 olan q\u0259rar\u0131 l\u0259\u011fv etdirdi. Bundan sonra teatr Avropa \u0130nsan Haqlar\u0131 M\u0259hk\u0259m\u0259sin\u0259 \u015fikay\u0259t g\u00f6nd\u0259rdi. Eyni zamanda, Milli M\u0259clis bu m\u0259s\u0259l\u0259y\u0259 toxunmu\u015f v\u0259 qanunda bununla ba\u011fl\u0131 bo\u015fluq oldu\u011funu etiraf etmi\u015fdi. \u00d6lk\u0259daxili h\u00fcquqi prosedurlar yekunla\u015fd\u0131\u011f\u0131 \u00fc\u00e7\u00fcn k\u00fc\u00e7\u0259 performanslar\u0131n\u0131n n\u00fcmayi\u015fin\u0259 start verm\u0259k q\u0259rar\u0131 ald\u0131q\u201d, &#8211; Teatr\u0131n m\u0259lumat\u0131nda deyilir.\n<\/p>\n<p>\n  Teatr k\u00fc\u00e7\u0259 tana\u015fas\u0131n\u0131n ke\u00e7irilm\u0259si il\u0259 ba\u011fl\u0131 aidiyy\u0259ti qurumlara m\u00fcraci\u0259t edib: \u201cBak\u0131 \u015e\u0259h\u0259r \u0130cra Hakimiyy\u0259tin\u0259 r\u0259smi x\u0259b\u0259rdarl\u0131q edir, eyni zamanda, Daxili \u0130\u015fl\u0259r Nazirliyind\u0259n performans\u0131n ba\u015f tutmas\u0131 \u00fc\u00e7\u00fcn tama\u015fa\u00e7\u0131lar\u0131n t\u0259hl\u00fck\u0259sizliyinin t\u0259min olunmas\u0131n\u0131 ist\u0259yirik. H\u0259m\u00e7inin Q\u0131\u015f Park\u0131ndan Akademik Milli Dram Teatr\u0131 istiqam\u0259tind\u0259ki amfiteatr formal\u0131 f\u0259vvar\u0259nin saat 20:00-21:00 aral\u0131\u011f\u0131nda f\u0259aliyy\u0259tinin dayand\u0131r\u0131lmas\u0131 xahi\u015f olunur\u201d.\n<\/p>\n<p>\n  M\u0259s\u0259l\u0259y\u0259 n\u0259 Bak\u0131 \u015e\u0259h\u0259r \u0130cra Hakimiyy\u0259tinin, n\u0259 d\u0259 Nazirl\u0259r Kabineti yan\u0131nda Operativ Q\u0259rargah\u0131n m\u00f6vqeyini \u00f6yr\u0259nm\u0259k m\u00fcmk\u00fcn olub.\n<\/p>\n<p>\n  H\u0259r iki qurumun m\u0259tbuat s\u00f6z\u00e7\u00fcl\u0259ri z\u0259ngl\u0259r\u0259 cavab verm\u0259yib.\n<\/p>\n<p>\n  Operativ Q\u0259rargah\u0131n q\u0259rar\u0131na \u0259sas\u0259n, pandemiya il\u0259 \u0259laq\u0259dar ictimai yerl\u0259rd\u0259, o c\u00fcml\u0259d\u0259n k\u00fc\u00e7\u0259l\u0259rd\u0259, bulvarlarda, parklarda v\u0259 sair yerl\u0259rd\u0259 \u015f\u0259xsl\u0259rin 10 n\u0259f\u0259rd\u0259n art\u0131q qruplarda c\u0259ml\u0259\u015fm\u0259si qada\u011fan edilib.\n<\/p>\n<p>\n  D\u0130N-in M\u0259tbuat Xidm\u0259tinin r\u0259isi Ehsan Zahidov Meydan TV-y\u0259 deyib ki, teatrdan quruma r\u0259smi m\u00fcraci\u0259t edilm\u0259yib: \u201cM\u00fcraci\u0259t olunsa, qanunam\u00fcvafiq cavab veril\u0259c\u0259k\u201d.\n<\/p>\n<p>\n  M\u0259d\u0259niyy\u0259t Nazirliyind\u0259n Meydan Tv-y\u0259 bildirilib ki, ADO m\u00fcst\u0259qil teatrd\u0131r, qurumun tabeliyind\u0259 deyil.<\/p>\n","protected":false},"excerpt":{"rendered":"<p>\u201cADO k\u00fc\u00e7\u0259 performanslar\u0131 n\u00fcmayi\u015f etdirm\u0259k \u00fc\u00e7\u00fcn \u00fc\u00e7 ildir c\u0259hdl\u0259r edir&#8221;<\/p>\n","protected":false},"author":11,"featured_media":162672,"comment_status":"closed","ping_status":"open","sticky":false,"template":"","format":"standard","meta":{"_acf_changed":false,"_sitemap_exclude":false,"_sitemap_priority":"","_sitemap_frequency":"","footnotes":""},"categories":[52],"tags":[],"class_list":["post-206898","post","type-post","status-publish","format-standard","has-post-thumbnail","hentry","category-medeniyyet","infinite-scroll-item","generate-columns","tablet-grid-50","mobile-grid-100","grid-parent","grid-33","no-featured-image-padding"],"acf":[],"yoast_head":"<!-- This site is optimized with the Yoast SEO plugin v27.4 - https:\/\/yoast.com\/product\/yoast-seo-wordpress\/ -->\n<title>ADO \u201cYeddinci M\u0259kan\u201d\u0131 Q\u0131\u015f Park\u0131nda n\u00fcmayi\u015f etdirm\u0259k ist\u0259yir - MEYDAN.TV<\/title>\n<meta name=\"robots\" content=\"index, follow, max-snippet:-1, max-image-preview:large, max-video-preview:-1\" \/>\n<link rel=\"canonical\" href=\"https:\/\/www.meydan.tv\/az\/article\/ado-yeddinci-mekani-qis-parkinda-numayis-etdirmek-isteyir\/\" \/>\n<meta property=\"og:locale\" content=\"az_AZ\" \/>\n<meta property=\"og:type\" content=\"article\" \/>\n<meta property=\"og:title\" content=\"ADO \u201cYeddinci M\u0259kan\u201d\u0131 Q\u0131\u015f Park\u0131nda n\u00fcmayi\u015f etdirm\u0259k ist\u0259yir - MEYDAN.TV\" \/>\n<meta property=\"og:description\" content=\"\u201cADO k\u00fc\u00e7\u0259 performanslar\u0131 n\u00fcmayi\u015f etdirm\u0259k \u00fc\u00e7\u00fcn \u00fc\u00e7 ildir c\u0259hdl\u0259r edir&quot;\" \/>\n<meta property=\"og:url\" content=\"https:\/\/www.meydan.tv\/az\/article\/ado-yeddinci-mekani-qis-parkinda-numayis-etdirmek-isteyir\/\" \/>\n<meta property=\"og:site_name\" content=\"MEYDAN.TV\" \/>\n<meta property=\"article:published_time\" content=\"2021-06-24T13:52:45+00:00\" \/>\n<meta property=\"og:image\" content=\"https:\/\/www.meydan.tv\/wp-content\/uploads\/img_20210624_141636_823-1.jpg\" \/>\n\t<meta property=\"og:image:width\" content=\"1280\" \/>\n\t<meta property=\"og:image:height\" content=\"960\" \/>\n\t<meta property=\"og:image:type\" content=\"image\/jpeg\" \/>\n<meta name=\"author\" content=\"user-manager\" \/>\n<meta name=\"twitter:card\" content=\"summary_large_image\" \/>\n<script type=\"application\/ld+json\" class=\"yoast-schema-graph\">{\"@context\":\"https:\\\/\\\/schema.org\",\"@graph\":[{\"@type\":\"Article\",\"@id\":\"https:\\\/\\\/www.meydan.tv\\\/az\\\/article\\\/ado-yeddinci-mekani-qis-parkinda-numayis-etdirmek-isteyir\\\/#article\",\"isPartOf\":{\"@id\":\"https:\\\/\\\/www.meydan.tv\\\/az\\\/article\\\/ado-yeddinci-mekani-qis-parkinda-numayis-etdirmek-isteyir\\\/\"},\"author\":{\"name\":\"user-manager\",\"@id\":\"https:\\\/\\\/www.meydan.tv\\\/az\\\/#\\\/schema\\\/person\\\/10d11eccf6da3662cf5fdab9806ea91a\"},\"headline\":\"ADO \u201cYeddinci M\u0259kan\u201d\u0131 Q\u0131\u015f Park\u0131nda n\u00fcmayi\u015f etdirm\u0259k ist\u0259yir\",\"datePublished\":\"2021-06-24T13:52:45+00:00\",\"mainEntityOfPage\":{\"@id\":\"https:\\\/\\\/www.meydan.tv\\\/az\\\/article\\\/ado-yeddinci-mekani-qis-parkinda-numayis-etdirmek-isteyir\\\/\"},\"wordCount\":481,\"publisher\":{\"@id\":\"https:\\\/\\\/www.meydan.tv\\\/az\\\/#organization\"},\"image\":{\"@id\":\"https:\\\/\\\/www.meydan.tv\\\/az\\\/article\\\/ado-yeddinci-mekani-qis-parkinda-numayis-etdirmek-isteyir\\\/#primaryimage\"},\"thumbnailUrl\":\"https:\\\/\\\/www.meydan.tv\\\/wp-content\\\/uploads\\\/img_20210624_141636_823-1.jpg\",\"articleSection\":[\"M\u0259d\u0259niyy\u0259t\"],\"inLanguage\":\"az\"},{\"@type\":\"WebPage\",\"@id\":\"https:\\\/\\\/www.meydan.tv\\\/az\\\/article\\\/ado-yeddinci-mekani-qis-parkinda-numayis-etdirmek-isteyir\\\/\",\"url\":\"https:\\\/\\\/www.meydan.tv\\\/az\\\/article\\\/ado-yeddinci-mekani-qis-parkinda-numayis-etdirmek-isteyir\\\/\",\"name\":\"ADO \u201cYeddinci M\u0259kan\u201d\u0131 Q\u0131\u015f Park\u0131nda n\u00fcmayi\u015f etdirm\u0259k ist\u0259yir - MEYDAN.TV\",\"isPartOf\":{\"@id\":\"https:\\\/\\\/www.meydan.tv\\\/az\\\/#website\"},\"primaryImageOfPage\":{\"@id\":\"https:\\\/\\\/www.meydan.tv\\\/az\\\/article\\\/ado-yeddinci-mekani-qis-parkinda-numayis-etdirmek-isteyir\\\/#primaryimage\"},\"image\":{\"@id\":\"https:\\\/\\\/www.meydan.tv\\\/az\\\/article\\\/ado-yeddinci-mekani-qis-parkinda-numayis-etdirmek-isteyir\\\/#primaryimage\"},\"thumbnailUrl\":\"https:\\\/\\\/www.meydan.tv\\\/wp-content\\\/uploads\\\/img_20210624_141636_823-1.jpg\",\"datePublished\":\"2021-06-24T13:52:45+00:00\",\"breadcrumb\":{\"@id\":\"https:\\\/\\\/www.meydan.tv\\\/az\\\/article\\\/ado-yeddinci-mekani-qis-parkinda-numayis-etdirmek-isteyir\\\/#breadcrumb\"},\"inLanguage\":\"az\",\"potentialAction\":[{\"@type\":\"ReadAction\",\"target\":[\"https:\\\/\\\/www.meydan.tv\\\/az\\\/article\\\/ado-yeddinci-mekani-qis-parkinda-numayis-etdirmek-isteyir\\\/\"]}]},{\"@type\":\"ImageObject\",\"inLanguage\":\"az\",\"@id\":\"https:\\\/\\\/www.meydan.tv\\\/az\\\/article\\\/ado-yeddinci-mekani-qis-parkinda-numayis-etdirmek-isteyir\\\/#primaryimage\",\"url\":\"https:\\\/\\\/www.meydan.tv\\\/wp-content\\\/uploads\\\/img_20210624_141636_823-1.jpg\",\"contentUrl\":\"https:\\\/\\\/www.meydan.tv\\\/wp-content\\\/uploads\\\/img_20210624_141636_823-1.jpg\",\"width\":1280,\"height\":960,\"caption\":\"Source: Specify Source\"},{\"@type\":\"BreadcrumbList\",\"@id\":\"https:\\\/\\\/www.meydan.tv\\\/az\\\/article\\\/ado-yeddinci-mekani-qis-parkinda-numayis-etdirmek-isteyir\\\/#breadcrumb\",\"itemListElement\":[{\"@type\":\"ListItem\",\"position\":1,\"name\":\"Ana s\u0259hif\u0259\",\"item\":\"https:\\\/\\\/www.meydan.tv\\\/az\\\/\"},{\"@type\":\"ListItem\",\"position\":2,\"name\":\"M\u0259d\u0259niyy\u0259t\",\"item\":\"https:\\\/\\\/www.meydan.tv\\\/az\\\/section\\\/medeniyyet\\\/\"},{\"@type\":\"ListItem\",\"position\":3,\"name\":\"ADO \u201cYeddinci M\u0259kan\u201d\u0131 Q\u0131\u015f Park\u0131nda n\u00fcmayi\u015f etdirm\u0259k ist\u0259yir\"}]},{\"@type\":\"WebSite\",\"@id\":\"https:\\\/\\\/www.meydan.tv\\\/az\\\/#website\",\"url\":\"https:\\\/\\\/www.meydan.tv\\\/az\\\/\",\"name\":\"MEYDAN.TV\",\"description\":\"Meydan TV Az\u0259rbaycan\u0131n media m\u0259kan\u0131ndak\u0131 alternativ s\u0259sidir\",\"publisher\":{\"@id\":\"https:\\\/\\\/www.meydan.tv\\\/az\\\/#organization\"},\"potentialAction\":[{\"@type\":\"SearchAction\",\"target\":{\"@type\":\"EntryPoint\",\"urlTemplate\":\"https:\\\/\\\/www.meydan.tv\\\/az\\\/?s={search_term_string}\"},\"query-input\":{\"@type\":\"PropertyValueSpecification\",\"valueRequired\":true,\"valueName\":\"search_term_string\"}}],\"inLanguage\":\"az\"},{\"@type\":\"Organization\",\"@id\":\"https:\\\/\\\/www.meydan.tv\\\/az\\\/#organization\",\"name\":\"Meydan TV\",\"url\":\"https:\\\/\\\/www.meydan.tv\\\/az\\\/\",\"logo\":{\"@type\":\"ImageObject\",\"inLanguage\":\"az\",\"@id\":\"https:\\\/\\\/www.meydan.tv\\\/az\\\/#\\\/schema\\\/logo\\\/image\\\/\",\"url\":\"https:\\\/\\\/www.meydan.tv\\\/wp-content\\\/uploads\\\/2021\\\/07\\\/meydan-logo.svg\",\"contentUrl\":\"https:\\\/\\\/www.meydan.tv\\\/wp-content\\\/uploads\\\/2021\\\/07\\\/meydan-logo.svg\",\"width\":195,\"height\":46,\"caption\":\"Meydan TV\"},\"image\":{\"@id\":\"https:\\\/\\\/www.meydan.tv\\\/az\\\/#\\\/schema\\\/logo\\\/image\\\/\"}},{\"@type\":\"Person\",\"@id\":\"https:\\\/\\\/www.meydan.tv\\\/az\\\/#\\\/schema\\\/person\\\/10d11eccf6da3662cf5fdab9806ea91a\",\"name\":\"user-manager\"}]}<\/script>\n<!-- \/ Yoast SEO plugin. -->","yoast_head_json":{"title":"ADO \u201cYeddinci M\u0259kan\u201d\u0131 Q\u0131\u015f Park\u0131nda n\u00fcmayi\u015f etdirm\u0259k ist\u0259yir - MEYDAN.TV","robots":{"index":"index","follow":"follow","max-snippet":"max-snippet:-1","max-image-preview":"max-image-preview:large","max-video-preview":"max-video-preview:-1"},"canonical":"https:\/\/www.meydan.tv\/az\/article\/ado-yeddinci-mekani-qis-parkinda-numayis-etdirmek-isteyir\/","og_locale":"az_AZ","og_type":"article","og_title":"ADO \u201cYeddinci M\u0259kan\u201d\u0131 Q\u0131\u015f Park\u0131nda n\u00fcmayi\u015f etdirm\u0259k ist\u0259yir - MEYDAN.TV","og_description":"\u201cADO k\u00fc\u00e7\u0259 performanslar\u0131 n\u00fcmayi\u015f etdirm\u0259k \u00fc\u00e7\u00fcn \u00fc\u00e7 ildir c\u0259hdl\u0259r edir\"","og_url":"https:\/\/www.meydan.tv\/az\/article\/ado-yeddinci-mekani-qis-parkinda-numayis-etdirmek-isteyir\/","og_site_name":"MEYDAN.TV","article_published_time":"2021-06-24T13:52:45+00:00","og_image":[{"width":1280,"height":960,"url":"https:\/\/www.meydan.tv\/wp-content\/uploads\/img_20210624_141636_823-1.jpg","type":"image\/jpeg"}],"author":"user-manager","twitter_card":"summary_large_image","schema":{"@context":"https:\/\/schema.org","@graph":[{"@type":"Article","@id":"https:\/\/www.meydan.tv\/az\/article\/ado-yeddinci-mekani-qis-parkinda-numayis-etdirmek-isteyir\/#article","isPartOf":{"@id":"https:\/\/www.meydan.tv\/az\/article\/ado-yeddinci-mekani-qis-parkinda-numayis-etdirmek-isteyir\/"},"author":{"name":"user-manager","@id":"https:\/\/www.meydan.tv\/az\/#\/schema\/person\/10d11eccf6da3662cf5fdab9806ea91a"},"headline":"ADO \u201cYeddinci M\u0259kan\u201d\u0131 Q\u0131\u015f Park\u0131nda n\u00fcmayi\u015f etdirm\u0259k ist\u0259yir","datePublished":"2021-06-24T13:52:45+00:00","mainEntityOfPage":{"@id":"https:\/\/www.meydan.tv\/az\/article\/ado-yeddinci-mekani-qis-parkinda-numayis-etdirmek-isteyir\/"},"wordCount":481,"publisher":{"@id":"https:\/\/www.meydan.tv\/az\/#organization"},"image":{"@id":"https:\/\/www.meydan.tv\/az\/article\/ado-yeddinci-mekani-qis-parkinda-numayis-etdirmek-isteyir\/#primaryimage"},"thumbnailUrl":"https:\/\/www.meydan.tv\/wp-content\/uploads\/img_20210624_141636_823-1.jpg","articleSection":["M\u0259d\u0259niyy\u0259t"],"inLanguage":"az"},{"@type":"WebPage","@id":"https:\/\/www.meydan.tv\/az\/article\/ado-yeddinci-mekani-qis-parkinda-numayis-etdirmek-isteyir\/","url":"https:\/\/www.meydan.tv\/az\/article\/ado-yeddinci-mekani-qis-parkinda-numayis-etdirmek-isteyir\/","name":"ADO \u201cYeddinci M\u0259kan\u201d\u0131 Q\u0131\u015f Park\u0131nda n\u00fcmayi\u015f etdirm\u0259k ist\u0259yir - MEYDAN.TV","isPartOf":{"@id":"https:\/\/www.meydan.tv\/az\/#website"},"primaryImageOfPage":{"@id":"https:\/\/www.meydan.tv\/az\/article\/ado-yeddinci-mekani-qis-parkinda-numayis-etdirmek-isteyir\/#primaryimage"},"image":{"@id":"https:\/\/www.meydan.tv\/az\/article\/ado-yeddinci-mekani-qis-parkinda-numayis-etdirmek-isteyir\/#primaryimage"},"thumbnailUrl":"https:\/\/www.meydan.tv\/wp-content\/uploads\/img_20210624_141636_823-1.jpg","datePublished":"2021-06-24T13:52:45+00:00","breadcrumb":{"@id":"https:\/\/www.meydan.tv\/az\/article\/ado-yeddinci-mekani-qis-parkinda-numayis-etdirmek-isteyir\/#breadcrumb"},"inLanguage":"az","potentialAction":[{"@type":"ReadAction","target":["https:\/\/www.meydan.tv\/az\/article\/ado-yeddinci-mekani-qis-parkinda-numayis-etdirmek-isteyir\/"]}]},{"@type":"ImageObject","inLanguage":"az","@id":"https:\/\/www.meydan.tv\/az\/article\/ado-yeddinci-mekani-qis-parkinda-numayis-etdirmek-isteyir\/#primaryimage","url":"https:\/\/www.meydan.tv\/wp-content\/uploads\/img_20210624_141636_823-1.jpg","contentUrl":"https:\/\/www.meydan.tv\/wp-content\/uploads\/img_20210624_141636_823-1.jpg","width":1280,"height":960,"caption":"Source: Specify Source"},{"@type":"BreadcrumbList","@id":"https:\/\/www.meydan.tv\/az\/article\/ado-yeddinci-mekani-qis-parkinda-numayis-etdirmek-isteyir\/#breadcrumb","itemListElement":[{"@type":"ListItem","position":1,"name":"Ana s\u0259hif\u0259","item":"https:\/\/www.meydan.tv\/az\/"},{"@type":"ListItem","position":2,"name":"M\u0259d\u0259niyy\u0259t","item":"https:\/\/www.meydan.tv\/az\/section\/medeniyyet\/"},{"@type":"ListItem","position":3,"name":"ADO \u201cYeddinci M\u0259kan\u201d\u0131 Q\u0131\u015f Park\u0131nda n\u00fcmayi\u015f etdirm\u0259k ist\u0259yir"}]},{"@type":"WebSite","@id":"https:\/\/www.meydan.tv\/az\/#website","url":"https:\/\/www.meydan.tv\/az\/","name":"MEYDAN.TV","description":"Meydan TV Az\u0259rbaycan\u0131n media m\u0259kan\u0131ndak\u0131 alternativ s\u0259sidir","publisher":{"@id":"https:\/\/www.meydan.tv\/az\/#organization"},"potentialAction":[{"@type":"SearchAction","target":{"@type":"EntryPoint","urlTemplate":"https:\/\/www.meydan.tv\/az\/?s={search_term_string}"},"query-input":{"@type":"PropertyValueSpecification","valueRequired":true,"valueName":"search_term_string"}}],"inLanguage":"az"},{"@type":"Organization","@id":"https:\/\/www.meydan.tv\/az\/#organization","name":"Meydan TV","url":"https:\/\/www.meydan.tv\/az\/","logo":{"@type":"ImageObject","inLanguage":"az","@id":"https:\/\/www.meydan.tv\/az\/#\/schema\/logo\/image\/","url":"https:\/\/www.meydan.tv\/wp-content\/uploads\/2021\/07\/meydan-logo.svg","contentUrl":"https:\/\/www.meydan.tv\/wp-content\/uploads\/2021\/07\/meydan-logo.svg","width":195,"height":46,"caption":"Meydan TV"},"image":{"@id":"https:\/\/www.meydan.tv\/az\/#\/schema\/logo\/image\/"}},{"@type":"Person","@id":"https:\/\/www.meydan.tv\/az\/#\/schema\/person\/10d11eccf6da3662cf5fdab9806ea91a","name":"user-manager"}]}},"_links":{"self":[{"href":"https:\/\/www.meydan.tv\/az\/wp-json\/wp\/v2\/posts\/206898","targetHints":{"allow":["GET"]}}],"collection":[{"href":"https:\/\/www.meydan.tv\/az\/wp-json\/wp\/v2\/posts"}],"about":[{"href":"https:\/\/www.meydan.tv\/az\/wp-json\/wp\/v2\/types\/post"}],"author":[{"embeddable":true,"href":"https:\/\/www.meydan.tv\/az\/wp-json\/wp\/v2\/users\/11"}],"replies":[{"embeddable":true,"href":"https:\/\/www.meydan.tv\/az\/wp-json\/wp\/v2\/comments?post=206898"}],"version-history":[{"count":0,"href":"https:\/\/www.meydan.tv\/az\/wp-json\/wp\/v2\/posts\/206898\/revisions"}],"wp:featuredmedia":[{"embeddable":true,"href":"https:\/\/www.meydan.tv\/az\/wp-json\/wp\/v2\/media\/162672"}],"wp:attachment":[{"href":"https:\/\/www.meydan.tv\/az\/wp-json\/wp\/v2\/media?parent=206898"}],"wp:term":[{"taxonomy":"category","embeddable":true,"href":"https:\/\/www.meydan.tv\/az\/wp-json\/wp\/v2\/categories?post=206898"},{"taxonomy":"post_tag","embeddable":true,"href":"https:\/\/www.meydan.tv\/az\/wp-json\/wp\/v2\/tags?post=206898"}],"curies":[{"name":"wp","href":"https:\/\/api.w.org\/{rel}","templated":true}]}}