{"id":206887,"date":"2021-06-23T19:40:54","date_gmt":"2021-06-23T19:40:54","guid":{"rendered":"https:\/\/www.meydan.tv\/article\/koronavirus-azerbaycanda-ve-dunyada\/"},"modified":"2021-06-23T19:40:54","modified_gmt":"2021-06-23T19:40:54","slug":"koronavirus-azerbaycanda-ve-dunyada","status":"publish","type":"post","link":"https:\/\/www.meydan.tv\/az\/article\/koronavirus-azerbaycanda-ve-dunyada\/","title":{"rendered":"Koronavirus: Az\u0259rbaycanda v\u0259 d\u00fcnyada"},"content":{"rendered":"<p>\n  <i><br \/>\n    3.8 milyondan \u00e7ox insan v\u0259fat edib<br \/>\n  <\/i>\n<\/p>\n<p>\n  \u0130yunun 23-d\u0259 Az\u0259rbaycanda koronavirus (COVID-19) infeksiyas\u0131na 57 yeni yoluxma fakt\u0131 qeyd\u0259 al\u0131nd\u0131\u011f\u0131 bildirilir.\n<\/p>\n<p>\n  M\u0259lumat\u0131 Nazirl\u0259r Kabineti yan\u0131nda Operativ Q\u0259rargah yay\u0131b.\n<\/p>\n<p>\n  Bildirilir ki, 84 n\u0259f\u0259r m\u00fcalic\u0259 olunaraq sa\u011fal\u0131b, 2 n\u0259f\u0259r v\u0259fat edib.\n<\/p>\n<p>\n  G\u00fcrc\u00fcstanda son sutkada koronavirusa 773 yeni yoluxma qeyd\u0259 al\u0131n\u0131b, 575 n\u0259f\u0259r m\u00fcalic\u0259 olunaraq sa\u011fal\u0131b, 12 pasiyent v\u0259fat edib.\n<\/p>\n<p>\n  Bu \u00f6lk\u0259d\u0259 indiy\u0259d\u0259k COVID-19 infeksiyas\u0131 360 828 n\u0259f\u0259rd\u0259 a\u015fkarlan\u0131b.\n<\/p>\n<p>\n  Onlar\u0131n 346 792-si sa\u011fal\u0131b, 5 211-i \u00f6l\u00fcb.\n<\/p>\n<p>\n  \u00d6t\u0259n 24 saat \u0259rzind\u0259 37 923 test yoxlamas\u0131 apar\u0131l\u0131b.\n<\/p>\n<p>\n  Erm\u0259nistanda is\u0259 son bir sutkada COVID-19-a 77 n\u0259f\u0259r yoluxub.\n<\/p>\n<p>\n  Test n\u0259tic\u0259si m\u00fcsb\u0259t \u00e7\u0131xm\u0131\u015f 3 n\u0259f\u0259r is\u0259 \u00f6l\u00fcb.\n<\/p>\n<p>\n  Belarusun paytaxt\u0131 Minskd\u0259 is\u0259 koronavirusun \u201cHindistan \u015ftamm\u0131\u201d a\u015fkarlan\u0131b.\n<\/p>\n<p>\n  \u00d6lk\u0259nin dig\u0259r regionlar\u0131nda bu \u015ftamma h\u0259l\u0259 ki rast g\u0259linm\u0259yib.\n<\/p>\n<p>\n  \u0130ndiy\u0259d\u0259k Belarusda 411 551 n\u0259f\u0259rin COVID-19 testi m\u00fcsb\u0259t n\u0259tic\u0259 verib.\n<\/p>\n<p>\n  X\u0259st\u0259liyin yay\u0131lm\u0131\u015f oldu\u011fu b\u00fct\u00fcn d\u00f6vr \u0259rzind\u0259 3 063 n\u0259f\u0259r bu infeksiyan\u0131n qurban\u0131 olub.\n<\/p>\n<p>\n  Sidney sakinl\u0259rin\u0259 \u015f\u0259h\u0259ri t\u0259rk etm\u0259k qada\u011fan olunub. Avstraliya hakimiyy\u0259ti koronavirusun y\u00fcks\u0259k yoluxucu delta variant\u0131n\u0131n yay\u0131lmas\u0131n\u0131 \u00f6nl\u0259m\u0259y\u0259 \u00e7al\u0131\u015f\u0131r.\n<\/p>\n<p>\n  \u0130yunun 23-d\u0259 Yeni Zelandiya paytaxt\u0131 Vellinqtonda da COVID-19-la ba\u011fl\u0131 h\u0259y\u0259can s\u0259viyy\u0259si qald\u0131r\u0131l\u0131b.\n<\/p>\n<p>\n  Avstraliyadan bir turistin bu \u015ftamma yoluxmu\u015f oldu\u011fu g\u00fcman edilir.\n<\/p>\n<p>\n  \u00d6t\u0259n h\u0259ft\u0259 Sidneyd\u0259 bir \u00e7im\u0259rlikd\u0259 delta variant\u0131na yoluxmalar a\u015fkarlanandan 30-dan \u00e7ox \u015f\u0259xs\u0259 COVID-19 diaqnozu qoyulub.\n<\/p>\n<p>\n  Sidneyd\u0259n vacib say\u0131lmayan s\u0259b\u0259bl\u0259rl\u0259 \u00e7\u0131x\u0131\u015f yasaqlan\u0131b, sosial toplant\u0131lar m\u0259hdudla\u015fd\u0131r\u0131l\u0131b.\n<\/p>\n<p>\n  Qada\u011falar bir h\u0259ft\u0259 q\u00fcvv\u0259d\u0259 qalacaq. Ancaq hakim orqanlar restoran v\u0259 barlar\u0131 ba\u011flamay\u0131b, stadion tutumunun 50 faiz\u0259 sal\u0131nmas\u0131 \u015f\u0259rtil\u0259 b\u00f6y\u00fck t\u0259dbirl\u0259r\u0259 d\u0259 icaz\u0259 veril\u0259c\u0259k.\n<\/p>\n<p>\n  R\u0259smil\u0259r \u0259halini yeni qaydalara \u0259m\u0259l etm\u0259y\u0259 \u00e7a\u011f\u0131r\u0131blar.\n<\/p>\n<p>\n  \u201cT\u0259cr\u00fcb\u0259md\u0259n bilir\u0259m\u2026 virusa reaksiya il\u0259 ba\u011fl\u0131 yor\u011funluq v\u0259 apatiya m\u00f6vcuddur\u201d, \u2013 Nyu Saus Uels vilay\u0259tinin S\u0259hiyy\u0259 naziri Bred Hazard deyib.\n<\/p>\n<p>\n  Avstraliya d\u00fcnyada COVID-19-la m\u00fcbariz\u0259d\u0259 \u00f6nc\u00fcl yerd\u0259dir, c\u0259mi 30 mind\u0259n az art\u0131q yoluxma v\u0259 910 \u00f6l\u00fcm qeyd\u0259 al\u0131n\u0131b. Amma vaksinasiya l\u0259ng gedir.\n<\/p>\n<p>\n  \u0130ndiy\u0259d\u0259k 25 milyonluq \u0259hali \u00fczr\u0259 c\u0259mi 6.7 milyon doza vurulub. \u018fhalinin ki\u00e7ik hiss\u0259sin\u0259 h\u0259r iki doza vurulub.\n<\/p>\n<p>\n  Sidney\u0259 qay\u0131tm\u0131\u015f turistd\u0259 virus testi m\u00fcsb\u0259t \u00e7\u0131xandan sonra Yeni Zelandiya Vellinqtonda qada\u011falar\u0131 s\u0259rtl\u0259\u015fdirib.\n<\/p>\n<p>\n  Bu ilin \u0259vv\u0259lind\u0259 Yeni Zelandiya Avstraliya il\u0259 karantinsiz s\u0259yah\u0259t\u0259 raz\u0131la\u015f\u0131b, \u00e7\u00fcnki h\u0259r iki \u00f6lk\u0259 koronavirusun yay\u0131lmas\u0131n\u0131 \u00f6nl\u0259y\u0259 bilmi\u015fdi.\n<\/p>\n<p>\n  \u0130yunun 27-si gec\u0259yar\u0131s\u0131nad\u0259k Vellinqtonda 2-ci h\u0259y\u0259can s\u0259viyy\u0259si elan olunub. Bu, lokdaundan bir pill\u0259 a\u015fa\u011f\u0131 dem\u0259kdir.\n<\/p>\n<p>\n  Bu h\u0259y\u0259can s\u0259viyy\u0259sind\u0259 ofisl\u0259r, m\u0259kt\u0259bl\u0259r, biznesl\u0259r a\u00e7\u0131q qala bil\u0259r, amma sosial m\u0259saf\u0259 qaydalar\u0131n\u0131 g\u00f6zl\u0259m\u0259li olacaqlar. \u0130dman v\u0259 istirah\u0259t m\u0259kanlar\u0131na da m\u00fc\u0259yy\u0259n \u015f\u0259rtl\u0259rl\u0259 icaz\u0259 verilir. 100-d\u0259n art\u0131q adam\u0131n bir yer\u0259 y\u0131\u011f\u0131\u015fmas\u0131 is\u0259 qada\u011fand\u0131r.\n<\/p>\n<p>\n  5 milyon \u0259halisi olan Yeni Zelandiyada indiy\u0259d\u0259k COVID-19-dan c\u0259mi 26 \u00f6l\u00fcm qeyd\u0259 al\u0131n\u0131b. Kontaktla son yoluxma d\u00f6rd ay \u0259vv\u0259l ba\u015f verib.\n<\/p>\n<p>\n  Ancaq vaksinasiya dig\u0259r inki\u015faf etmi\u015f \u00f6lk\u0259l\u0259rd\u0259n l\u0259ng gedir, \u0259halinin c\u0259mi 13 faizin\u0259 birinci doza vurulub.\n<\/p>\n<p>\n  AB\u015e-\u0131n X\u0259st\u0259likl\u0259r\u0259 N\u0259zar\u0259t v\u0259 Qar\u015f\u0131s\u0131n\u0131n Al\u0131nmas\u0131 M\u0259rk\u0259zi (CDC) is\u0259 koronavirusa yoluxmalar\u0131n 20 faizind\u0259n \u00e7oxunun delta \u015ftamm\u0131n\u0131n pay\u0131na d\u00fc\u015fd\u00fcy\u00fcn\u00fc bildirib.\n<\/p>\n<p>\n  \u00d6lk\u0259nin yoluxucu x\u0259st\u0259likl\u0259r \u00fczr\u0259 ba\u015f eksperti Entoni Fau\u00e7i x\u0259b\u0259rdarl\u0131q edib ki, bu \u015ftamm Britaniyadak\u0131 kimi g\u0259ncl\u0259r aras\u0131nda s\u00fcr\u0259tli yay\u0131lma hesab\u0131na bu \u00f6lk\u0259d\u0259 d\u0259 dominant ola bil\u0259r.\n<\/p>\n<p>\n  Fau\u00e7i COVID-19 vaksinl\u0259rinin bu \u015ftamma qar\u015f\u0131 effektli oldu\u011funu deyib. Amma D\u00fcnya S\u0259hiyy\u0259 T\u0259\u015fkilat\u0131 (DST) vaksinl\u0259rin bu halda t\u0259sirinin azalmas\u0131na d\u0259lild\u0259n dan\u0131\u015f\u0131r.\n<\/p>\n<p>\n  Epidemioloq Mariya Van Kerxove iyunun 21-d\u0259 deyib: \u201cVaksinl\u0259r yen\u0259 d\u0259 y\u00fcks\u0259k effektlidir\u201d.\n<\/p>\n<p>\n  COVID 19 virusu 2019-cu ilin sonlar\u0131nda \u00c7ind\u0259 yaran\u0131b v\u0259 d\u00fcnyaya yay\u0131l\u0131b.\n<\/p>\n<p>\n  2020-ci il mart\u0131n 11-d\u0259 D\u00fcnya S\u0259hiyy\u0259 T\u0259\u015fkilat\u0131 koronavirusu pandemiya elan edib.\n<\/p>\n<p>\n  D\u00fcnyada s\u00fcr\u0259tl\u0259 yay\u0131lan bu virusdan indiy\u0259 q\u0259d\u0259r 3.8 milyondan \u00e7ox \u015f\u0259xsin v\u0259fat etdiyi a\u00e7\u0131qlan\u0131b.\n<\/p>\n<p>\n  \u0130ndiy\u0259d\u0259k Az\u0259rbaycanda \u00fcmumilikd\u0259 335 625 n\u0259f\u0259rin koronavirus infeksiyas\u0131na yoluxmas\u0131 fakt\u0131 m\u00fc\u0259yy\u0259n edilib, onlardan 329 794 n\u0259f\u0259r m\u00fcalic\u0259 olunaraq sa\u011fal\u0131b, 4 965 n\u0259f\u0259r v\u0259fat edib, aktiv x\u0259st\u0259 say\u0131 866 n\u0259f\u0259rdir.\n<\/p>\n<p>\n  Son sutka \u0259rzind\u0259 \u00f6lk\u0259d\u0259 yeni yoluxma hallar\u0131n\u0131n m\u00fc\u0259yy\u0259nl\u0259\u015fdirilm\u0259si il\u0259 \u0259laq\u0259dar 7 948, \u00f6t\u0259n m\u00fcdd\u0259t \u0259rzind\u0259 is\u0259 \u00fcmumilikd\u0259 3 698 172 test apar\u0131l\u0131b.<\/p>\n","protected":false},"excerpt":{"rendered":"<p>Amma vaksinasiya l\u0259ng gedir.<\/p>\n","protected":false},"author":11,"featured_media":142994,"comment_status":"closed","ping_status":"open","sticky":false,"template":"","format":"standard","meta":{"_acf_changed":false,"_sitemap_exclude":false,"_sitemap_priority":"","_sitemap_frequency":"","footnotes":""},"categories":[54],"tags":[],"class_list":["post-206887","post","type-post","status-publish","format-standard","has-post-thumbnail","hentry","category-sagliq","infinite-scroll-item","generate-columns","tablet-grid-50","mobile-grid-100","grid-parent","grid-33","no-featured-image-padding"],"acf":[],"yoast_head":"<!-- This site is optimized with the Yoast SEO plugin v27.4 - https:\/\/yoast.com\/product\/yoast-seo-wordpress\/ -->\n<title>Koronavirus: Az\u0259rbaycanda v\u0259 d\u00fcnyada - MEYDAN.TV<\/title>\n<meta name=\"robots\" content=\"index, follow, max-snippet:-1, max-image-preview:large, max-video-preview:-1\" \/>\n<link rel=\"canonical\" href=\"https:\/\/www.meydan.tv\/az\/article\/koronavirus-azerbaycanda-ve-dunyada\/\" \/>\n<meta property=\"og:locale\" content=\"az_AZ\" \/>\n<meta property=\"og:type\" content=\"article\" \/>\n<meta property=\"og:title\" content=\"Koronavirus: Az\u0259rbaycanda v\u0259 d\u00fcnyada - MEYDAN.TV\" \/>\n<meta property=\"og:description\" content=\"Amma vaksinasiya l\u0259ng gedir.\" \/>\n<meta property=\"og:url\" content=\"https:\/\/www.meydan.tv\/az\/article\/koronavirus-azerbaycanda-ve-dunyada\/\" \/>\n<meta property=\"og:site_name\" content=\"MEYDAN.TV\" \/>\n<meta property=\"article:published_time\" content=\"2021-06-23T19:40:54+00:00\" \/>\n<meta property=\"og:image\" content=\"https:\/\/www.meydan.tv\/wp-content\/uploads\/061200027782.jpeg\" \/>\n\t<meta property=\"og:image:width\" content=\"872\" \/>\n\t<meta property=\"og:image:height\" content=\"484\" \/>\n\t<meta property=\"og:image:type\" content=\"image\/jpeg\" \/>\n<meta name=\"author\" content=\"user-manager\" \/>\n<meta name=\"twitter:card\" content=\"summary_large_image\" \/>\n<script type=\"application\/ld+json\" class=\"yoast-schema-graph\">{\"@context\":\"https:\\\/\\\/schema.org\",\"@graph\":[{\"@type\":\"Article\",\"@id\":\"https:\\\/\\\/www.meydan.tv\\\/az\\\/article\\\/koronavirus-azerbaycanda-ve-dunyada\\\/#article\",\"isPartOf\":{\"@id\":\"https:\\\/\\\/www.meydan.tv\\\/az\\\/article\\\/koronavirus-azerbaycanda-ve-dunyada\\\/\"},\"author\":{\"name\":\"user-manager\",\"@id\":\"https:\\\/\\\/www.meydan.tv\\\/az\\\/#\\\/schema\\\/person\\\/10d11eccf6da3662cf5fdab9806ea91a\"},\"headline\":\"Koronavirus: Az\u0259rbaycanda v\u0259 d\u00fcnyada\",\"datePublished\":\"2021-06-23T19:40:54+00:00\",\"mainEntityOfPage\":{\"@id\":\"https:\\\/\\\/www.meydan.tv\\\/az\\\/article\\\/koronavirus-azerbaycanda-ve-dunyada\\\/\"},\"wordCount\":869,\"publisher\":{\"@id\":\"https:\\\/\\\/www.meydan.tv\\\/az\\\/#organization\"},\"image\":{\"@id\":\"https:\\\/\\\/www.meydan.tv\\\/az\\\/article\\\/koronavirus-azerbaycanda-ve-dunyada\\\/#primaryimage\"},\"thumbnailUrl\":\"https:\\\/\\\/www.meydan.tv\\\/wp-content\\\/uploads\\\/061200027782.jpeg\",\"articleSection\":[\"Sa\u011fl\u0131q\"],\"inLanguage\":\"az\"},{\"@type\":\"WebPage\",\"@id\":\"https:\\\/\\\/www.meydan.tv\\\/az\\\/article\\\/koronavirus-azerbaycanda-ve-dunyada\\\/\",\"url\":\"https:\\\/\\\/www.meydan.tv\\\/az\\\/article\\\/koronavirus-azerbaycanda-ve-dunyada\\\/\",\"name\":\"Koronavirus: Az\u0259rbaycanda v\u0259 d\u00fcnyada - MEYDAN.TV\",\"isPartOf\":{\"@id\":\"https:\\\/\\\/www.meydan.tv\\\/az\\\/#website\"},\"primaryImageOfPage\":{\"@id\":\"https:\\\/\\\/www.meydan.tv\\\/az\\\/article\\\/koronavirus-azerbaycanda-ve-dunyada\\\/#primaryimage\"},\"image\":{\"@id\":\"https:\\\/\\\/www.meydan.tv\\\/az\\\/article\\\/koronavirus-azerbaycanda-ve-dunyada\\\/#primaryimage\"},\"thumbnailUrl\":\"https:\\\/\\\/www.meydan.tv\\\/wp-content\\\/uploads\\\/061200027782.jpeg\",\"datePublished\":\"2021-06-23T19:40:54+00:00\",\"breadcrumb\":{\"@id\":\"https:\\\/\\\/www.meydan.tv\\\/az\\\/article\\\/koronavirus-azerbaycanda-ve-dunyada\\\/#breadcrumb\"},\"inLanguage\":\"az\",\"potentialAction\":[{\"@type\":\"ReadAction\",\"target\":[\"https:\\\/\\\/www.meydan.tv\\\/az\\\/article\\\/koronavirus-azerbaycanda-ve-dunyada\\\/\"]}]},{\"@type\":\"ImageObject\",\"inLanguage\":\"az\",\"@id\":\"https:\\\/\\\/www.meydan.tv\\\/az\\\/article\\\/koronavirus-azerbaycanda-ve-dunyada\\\/#primaryimage\",\"url\":\"https:\\\/\\\/www.meydan.tv\\\/wp-content\\\/uploads\\\/061200027782.jpeg\",\"contentUrl\":\"https:\\\/\\\/www.meydan.tv\\\/wp-content\\\/uploads\\\/061200027782.jpeg\",\"width\":872,\"height\":484,\"caption\":\"Source: Foto: Turan \u0130A\"},{\"@type\":\"BreadcrumbList\",\"@id\":\"https:\\\/\\\/www.meydan.tv\\\/az\\\/article\\\/koronavirus-azerbaycanda-ve-dunyada\\\/#breadcrumb\",\"itemListElement\":[{\"@type\":\"ListItem\",\"position\":1,\"name\":\"Ana s\u0259hif\u0259\",\"item\":\"https:\\\/\\\/www.meydan.tv\\\/az\\\/\"},{\"@type\":\"ListItem\",\"position\":2,\"name\":\"Sa\u011fl\u0131q\",\"item\":\"https:\\\/\\\/www.meydan.tv\\\/az\\\/section\\\/sagliq\\\/\"},{\"@type\":\"ListItem\",\"position\":3,\"name\":\"Koronavirus: Az\u0259rbaycanda v\u0259 d\u00fcnyada\"}]},{\"@type\":\"WebSite\",\"@id\":\"https:\\\/\\\/www.meydan.tv\\\/az\\\/#website\",\"url\":\"https:\\\/\\\/www.meydan.tv\\\/az\\\/\",\"name\":\"MEYDAN.TV\",\"description\":\"Meydan TV Az\u0259rbaycan\u0131n media m\u0259kan\u0131ndak\u0131 alternativ s\u0259sidir\",\"publisher\":{\"@id\":\"https:\\\/\\\/www.meydan.tv\\\/az\\\/#organization\"},\"potentialAction\":[{\"@type\":\"SearchAction\",\"target\":{\"@type\":\"EntryPoint\",\"urlTemplate\":\"https:\\\/\\\/www.meydan.tv\\\/az\\\/?s={search_term_string}\"},\"query-input\":{\"@type\":\"PropertyValueSpecification\",\"valueRequired\":true,\"valueName\":\"search_term_string\"}}],\"inLanguage\":\"az\"},{\"@type\":\"Organization\",\"@id\":\"https:\\\/\\\/www.meydan.tv\\\/az\\\/#organization\",\"name\":\"Meydan TV\",\"url\":\"https:\\\/\\\/www.meydan.tv\\\/az\\\/\",\"logo\":{\"@type\":\"ImageObject\",\"inLanguage\":\"az\",\"@id\":\"https:\\\/\\\/www.meydan.tv\\\/az\\\/#\\\/schema\\\/logo\\\/image\\\/\",\"url\":\"https:\\\/\\\/www.meydan.tv\\\/wp-content\\\/uploads\\\/2021\\\/07\\\/meydan-logo.svg\",\"contentUrl\":\"https:\\\/\\\/www.meydan.tv\\\/wp-content\\\/uploads\\\/2021\\\/07\\\/meydan-logo.svg\",\"width\":195,\"height\":46,\"caption\":\"Meydan TV\"},\"image\":{\"@id\":\"https:\\\/\\\/www.meydan.tv\\\/az\\\/#\\\/schema\\\/logo\\\/image\\\/\"}},{\"@type\":\"Person\",\"@id\":\"https:\\\/\\\/www.meydan.tv\\\/az\\\/#\\\/schema\\\/person\\\/10d11eccf6da3662cf5fdab9806ea91a\",\"name\":\"user-manager\"}]}<\/script>\n<!-- \/ Yoast SEO plugin. -->","yoast_head_json":{"title":"Koronavirus: Az\u0259rbaycanda v\u0259 d\u00fcnyada - MEYDAN.TV","robots":{"index":"index","follow":"follow","max-snippet":"max-snippet:-1","max-image-preview":"max-image-preview:large","max-video-preview":"max-video-preview:-1"},"canonical":"https:\/\/www.meydan.tv\/az\/article\/koronavirus-azerbaycanda-ve-dunyada\/","og_locale":"az_AZ","og_type":"article","og_title":"Koronavirus: Az\u0259rbaycanda v\u0259 d\u00fcnyada - MEYDAN.TV","og_description":"Amma vaksinasiya l\u0259ng gedir.","og_url":"https:\/\/www.meydan.tv\/az\/article\/koronavirus-azerbaycanda-ve-dunyada\/","og_site_name":"MEYDAN.TV","article_published_time":"2021-06-23T19:40:54+00:00","og_image":[{"width":872,"height":484,"url":"https:\/\/www.meydan.tv\/wp-content\/uploads\/061200027782.jpeg","type":"image\/jpeg"}],"author":"user-manager","twitter_card":"summary_large_image","schema":{"@context":"https:\/\/schema.org","@graph":[{"@type":"Article","@id":"https:\/\/www.meydan.tv\/az\/article\/koronavirus-azerbaycanda-ve-dunyada\/#article","isPartOf":{"@id":"https:\/\/www.meydan.tv\/az\/article\/koronavirus-azerbaycanda-ve-dunyada\/"},"author":{"name":"user-manager","@id":"https:\/\/www.meydan.tv\/az\/#\/schema\/person\/10d11eccf6da3662cf5fdab9806ea91a"},"headline":"Koronavirus: Az\u0259rbaycanda v\u0259 d\u00fcnyada","datePublished":"2021-06-23T19:40:54+00:00","mainEntityOfPage":{"@id":"https:\/\/www.meydan.tv\/az\/article\/koronavirus-azerbaycanda-ve-dunyada\/"},"wordCount":869,"publisher":{"@id":"https:\/\/www.meydan.tv\/az\/#organization"},"image":{"@id":"https:\/\/www.meydan.tv\/az\/article\/koronavirus-azerbaycanda-ve-dunyada\/#primaryimage"},"thumbnailUrl":"https:\/\/www.meydan.tv\/wp-content\/uploads\/061200027782.jpeg","articleSection":["Sa\u011fl\u0131q"],"inLanguage":"az"},{"@type":"WebPage","@id":"https:\/\/www.meydan.tv\/az\/article\/koronavirus-azerbaycanda-ve-dunyada\/","url":"https:\/\/www.meydan.tv\/az\/article\/koronavirus-azerbaycanda-ve-dunyada\/","name":"Koronavirus: Az\u0259rbaycanda v\u0259 d\u00fcnyada - MEYDAN.TV","isPartOf":{"@id":"https:\/\/www.meydan.tv\/az\/#website"},"primaryImageOfPage":{"@id":"https:\/\/www.meydan.tv\/az\/article\/koronavirus-azerbaycanda-ve-dunyada\/#primaryimage"},"image":{"@id":"https:\/\/www.meydan.tv\/az\/article\/koronavirus-azerbaycanda-ve-dunyada\/#primaryimage"},"thumbnailUrl":"https:\/\/www.meydan.tv\/wp-content\/uploads\/061200027782.jpeg","datePublished":"2021-06-23T19:40:54+00:00","breadcrumb":{"@id":"https:\/\/www.meydan.tv\/az\/article\/koronavirus-azerbaycanda-ve-dunyada\/#breadcrumb"},"inLanguage":"az","potentialAction":[{"@type":"ReadAction","target":["https:\/\/www.meydan.tv\/az\/article\/koronavirus-azerbaycanda-ve-dunyada\/"]}]},{"@type":"ImageObject","inLanguage":"az","@id":"https:\/\/www.meydan.tv\/az\/article\/koronavirus-azerbaycanda-ve-dunyada\/#primaryimage","url":"https:\/\/www.meydan.tv\/wp-content\/uploads\/061200027782.jpeg","contentUrl":"https:\/\/www.meydan.tv\/wp-content\/uploads\/061200027782.jpeg","width":872,"height":484,"caption":"Source: Foto: Turan \u0130A"},{"@type":"BreadcrumbList","@id":"https:\/\/www.meydan.tv\/az\/article\/koronavirus-azerbaycanda-ve-dunyada\/#breadcrumb","itemListElement":[{"@type":"ListItem","position":1,"name":"Ana s\u0259hif\u0259","item":"https:\/\/www.meydan.tv\/az\/"},{"@type":"ListItem","position":2,"name":"Sa\u011fl\u0131q","item":"https:\/\/www.meydan.tv\/az\/section\/sagliq\/"},{"@type":"ListItem","position":3,"name":"Koronavirus: Az\u0259rbaycanda v\u0259 d\u00fcnyada"}]},{"@type":"WebSite","@id":"https:\/\/www.meydan.tv\/az\/#website","url":"https:\/\/www.meydan.tv\/az\/","name":"MEYDAN.TV","description":"Meydan TV Az\u0259rbaycan\u0131n media m\u0259kan\u0131ndak\u0131 alternativ s\u0259sidir","publisher":{"@id":"https:\/\/www.meydan.tv\/az\/#organization"},"potentialAction":[{"@type":"SearchAction","target":{"@type":"EntryPoint","urlTemplate":"https:\/\/www.meydan.tv\/az\/?s={search_term_string}"},"query-input":{"@type":"PropertyValueSpecification","valueRequired":true,"valueName":"search_term_string"}}],"inLanguage":"az"},{"@type":"Organization","@id":"https:\/\/www.meydan.tv\/az\/#organization","name":"Meydan TV","url":"https:\/\/www.meydan.tv\/az\/","logo":{"@type":"ImageObject","inLanguage":"az","@id":"https:\/\/www.meydan.tv\/az\/#\/schema\/logo\/image\/","url":"https:\/\/www.meydan.tv\/wp-content\/uploads\/2021\/07\/meydan-logo.svg","contentUrl":"https:\/\/www.meydan.tv\/wp-content\/uploads\/2021\/07\/meydan-logo.svg","width":195,"height":46,"caption":"Meydan TV"},"image":{"@id":"https:\/\/www.meydan.tv\/az\/#\/schema\/logo\/image\/"}},{"@type":"Person","@id":"https:\/\/www.meydan.tv\/az\/#\/schema\/person\/10d11eccf6da3662cf5fdab9806ea91a","name":"user-manager"}]}},"_links":{"self":[{"href":"https:\/\/www.meydan.tv\/az\/wp-json\/wp\/v2\/posts\/206887","targetHints":{"allow":["GET"]}}],"collection":[{"href":"https:\/\/www.meydan.tv\/az\/wp-json\/wp\/v2\/posts"}],"about":[{"href":"https:\/\/www.meydan.tv\/az\/wp-json\/wp\/v2\/types\/post"}],"author":[{"embeddable":true,"href":"https:\/\/www.meydan.tv\/az\/wp-json\/wp\/v2\/users\/11"}],"replies":[{"embeddable":true,"href":"https:\/\/www.meydan.tv\/az\/wp-json\/wp\/v2\/comments?post=206887"}],"version-history":[{"count":0,"href":"https:\/\/www.meydan.tv\/az\/wp-json\/wp\/v2\/posts\/206887\/revisions"}],"wp:featuredmedia":[{"embeddable":true,"href":"https:\/\/www.meydan.tv\/az\/wp-json\/wp\/v2\/media\/142994"}],"wp:attachment":[{"href":"https:\/\/www.meydan.tv\/az\/wp-json\/wp\/v2\/media?parent=206887"}],"wp:term":[{"taxonomy":"category","embeddable":true,"href":"https:\/\/www.meydan.tv\/az\/wp-json\/wp\/v2\/categories?post=206887"},{"taxonomy":"post_tag","embeddable":true,"href":"https:\/\/www.meydan.tv\/az\/wp-json\/wp\/v2\/tags?post=206887"}],"curies":[{"name":"wp","href":"https:\/\/api.w.org\/{rel}","templated":true}]}}