{"id":206875,"date":"2021-06-23T12:34:06","date_gmt":"2021-06-23T12:34:06","guid":{"rendered":"https:\/\/www.meydan.tv\/article\/boyuk-veten-muharibesinin-baslamasindan-80-il-otur\/"},"modified":"2021-06-23T12:34:06","modified_gmt":"2021-06-23T12:34:06","slug":"boyuk-veten-muharibesinin-baslamasindan-80-il-otur","status":"publish","type":"post","link":"https:\/\/www.meydan.tv\/az\/article\/boyuk-veten-muharibesinin-baslamasindan-80-il-otur\/","title":{"rendered":"&#8220;B\u00f6y\u00fck V\u0259t\u0259n M\u00fcharib\u0259si&#8221;nin ba\u015flamas\u0131ndan 80 il \u00f6t\u00fcr"},"content":{"rendered":"<figure class=\"wp-block-embed is-type-video is-provider-youtube wp-block-embed-youtube wp-embed-aspect-16-9 wp-has-aspect-ratio\">\n<div class=\"wp-block-embed__wrapper\">\n    <iframe\ttitle=\"\"B\u00f6y\u00fck V\u0259t\u0259n M\u00fcharib\u0259si\"nin ba\u015flamas\u0131ndan 80 il \u00f6t\u00fcr\" width=\"1200\" height=\"675\" data-src=\"https:\/\/www.youtube.com\/embed\/n5ILzrfq6Ww\"\tframeborder=\"0\"\tallow=\"accelerometer; autoplay; clipboard-write; encrypted-media; gyroscope; picture-in-picture\" allowfullscreen src=\"data:image\/svg+xml;base64,PHN2ZyB3aWR0aD0iMSIgaGVpZ2h0PSIxIiB4bWxucz0iaHR0cDovL3d3dy53My5vcmcvMjAwMC9zdmciPjwvc3ZnPg==\" class=\"lazyload\" data-load-mode=\"1\"><\/iframe>\n  <\/div><figcaption>\n    &#8220;B\u00f6y\u00fck V\u0259t\u0259n M\u00fcharib\u0259si&#8221;nin ba\u015flamas\u0131ndan 80 il \u00f6t\u00fcr<br \/>\n  <\/figcaption><\/figure>\n<p>\n  80 il \u0259vv\u0259l iyun ay\u0131nda Adolf Hitler SSR\u0130-ni i\u015f\u011fal edib. &quot;Barbarossa \u0259m\u0259liyyat\u0131&quot; 1941-ci il iyunun 22-d\u0259 Almaniyan\u0131n SSR\u0130-nin Avropa hiss\u0259sini tutmaq plan\u0131n\u0131n kod ad\u0131 idi.\n<\/p>\n<p>\n  \u0130kinci D\u00fcnya M\u00fcharib\u0259si 1939-cu il sentyabr\u0131n 1-d\u0259 Almaniyan\u0131n Pol\u015faya h\u00fccumu il\u0259 ba\u015flam\u0131\u015fd\u0131. Bu h\u00fccum Almaniya v\u0259 Sovet \u0130ttifaq\u0131 aras\u0131nda h\u00fccum etm\u0259m\u0259 pakt\u0131ndan d\u0259rhal sonra ba\u015f vermi\u015fdi. Pakt 1941-ci ilin 22 iyununda, Nasist Almaniyas\u0131n\u0131n \u201cBarbarossa \u0259m\u0259liyyat\u0131\u201d il\u0259 Sovet \u0130ttifaq\u0131na h\u00fccum etdiyi zaman q\u00fcvv\u0259d\u0259n d\u00fc\u015fd\u00fc. Sovet \u0130ttifaq\u0131 \u00fc\u00e7\u00fcn \u201cB\u00f6y\u00fck V\u0259t\u0259n M\u00fcharib\u0259si\u201d ba\u015fland\u0131.\n<\/p>\n<p>\n  1941-ci ilin sentyabr\u0131nda ba\u015flayan v\u0259 872 g\u00fcn davam ed\u0259n Leninqrad m\u00fchasir\u0259si, acl\u0131qdan v\u0259 ya bombardmandan y\u00fcz minl\u0259rl\u0259 insan\u0131n h\u0259yat\u0131na son qoyuldu. 27 yanvar 1944-c\u00fc ild\u0259 \u015f\u0259h\u0259rin m\u00fchasir\u0259sinin qald\u0131r\u0131lmas\u0131, Sovet, Moskva, Stalinqrad v\u0259 Kursk d\u00f6y\u00fc\u015fl\u0259ri il\u0259 birlikd\u0259 m\u00fcharib\u0259d\u0259 b\u00f6y\u00fck q\u0259l\u0259b\u0259 oldu.\n<\/p>\n<p>\n  SSR\u0130 v\u0259 Almaniya \u00fc\u00e7\u00fcn Volqadak\u0131 Stalin \u015f\u0259h\u0259ri, \u015f\u0259rqd\u0259ki m\u00fcharib\u0259d\u0259 d\u00f6n\u00fc\u015f n\u00f6qt\u0259si idi. Almaniyan\u0131n alt\u0131nc\u0131 ordusu Volqada qan t\u00f6kd\u00fckc\u0259, Sovet ordusu q\u0259rb istiqam\u0259tind\u0259 uzun s\u0259yah\u0259tl\u0259rin\u0259 ba\u015flad\u0131lar. Bu yol Berlin\u0259 q\u0259d\u0259r ged\u0259c\u0259kdi.\n<\/p>\n<p>\n  4 il davam ed\u0259n \u015fidd\u0259tli m\u00fcharib\u0259d\u0259 Q\u0131rm\u0131z\u0131 ordu Alman ordusunu Moskva qap\u0131lar\u0131ndan Berlin qap\u0131lar\u0131na qaytard\u0131.\n<\/p>\n<p>\n  \u0130kinci D\u00fcnya M\u00fcharib\u0259si r\u0259smi olaraq, 1945-ci il sentyabr\u0131n 2-d\u0259 Tokyo K\u00f6rf\u0259zind\u0259 AB\u015e h\u0259rbi g\u0259misi &quot;Missouri&quot;d\u0259 ke\u00e7iril\u0259n t\u0259slim m\u0259rasiml\u0259ri il\u0259 sona \u00e7atd\u0131. Ruslar 27 milyon m\u00fcxt\u0259lif xalqlar\u0131n n\u00fcmay\u0259nd\u0259l\u0259ri olan sovet v\u0259t\u0259nda\u015flar\u0131n\u0131n \u00f6ld\u00fcy\u00fc m\u00fcharib\u0259d\u0259 Almaniyan\u0131n darmada\u011f\u0131n edilm\u0259sind\u0259 oynad\u0131qlar\u0131 roldan q\u00fcrur duyurlar. \u0130kinci D\u00fcnya M\u00fcharib\u0259si d\u00f6vr\u00fcnd\u0259 t\u0259xmin\u0259n 45 milyon insan alt\u0131 il \u0259rzind\u0259 \u00f6ld\u00fc. Lakin b\u0259zi t\u0259xminl\u0259r\u0259 g\u00f6r\u0259 bu r\u0259q\u0259m 60 milyona \u00e7at\u0131rd\u0131.<\/p>\n","protected":false},"excerpt":{"rendered":"<p>80 il \u0259vv\u0259l iyun ay\u0131nda Adolf Hitler SSR\u0130-ni i\u015f\u011fal edib. &#8220;Barbarossa \u0259m\u0259liyyat\u0131&#8221; 1941-ci il iyunun 22-d\u0259 Almaniyan\u0131n SSR\u0130-nin Avropa hiss\u0259sini tutmaq plan\u0131n\u0131n kod ad\u0131 idi.<\/p>\n","protected":false},"author":11,"featured_media":162600,"comment_status":"closed","ping_status":"open","sticky":false,"template":"","format":"standard","meta":{"_acf_changed":false,"_sitemap_exclude":false,"_sitemap_priority":"","_sitemap_frequency":"","footnotes":""},"categories":[63],"tags":[],"class_list":["post-206875","post","type-post","status-publish","format-standard","has-post-thumbnail","hentry","category-video-2","infinite-scroll-item","generate-columns","tablet-grid-50","mobile-grid-100","grid-parent","grid-33","no-featured-image-padding"],"acf":[],"yoast_head":"<!-- This site is optimized with the Yoast SEO plugin v27.5 - https:\/\/yoast.com\/product\/yoast-seo-wordpress\/ -->\n<title>&quot;B\u00f6y\u00fck V\u0259t\u0259n M\u00fcharib\u0259si&quot;nin ba\u015flamas\u0131ndan 80 il \u00f6t\u00fcr - MEYDAN.TV<\/title>\n<meta name=\"robots\" content=\"index, follow, max-snippet:-1, max-image-preview:large, max-video-preview:-1\" \/>\n<link rel=\"canonical\" href=\"https:\/\/www.meydan.tv\/az\/article\/boyuk-veten-muharibesinin-baslamasindan-80-il-otur\/\" \/>\n<meta property=\"og:locale\" content=\"az_AZ\" \/>\n<meta property=\"og:type\" content=\"article\" \/>\n<meta property=\"og:title\" content=\"&quot;B\u00f6y\u00fck V\u0259t\u0259n M\u00fcharib\u0259si&quot;nin ba\u015flamas\u0131ndan 80 il \u00f6t\u00fcr - MEYDAN.TV\" \/>\n<meta property=\"og:description\" content=\"80 il \u0259vv\u0259l iyun ay\u0131nda Adolf Hitler SSR\u0130-ni i\u015f\u011fal edib. &quot;Barbarossa \u0259m\u0259liyyat\u0131&quot; 1941-ci il iyunun 22-d\u0259 Almaniyan\u0131n SSR\u0130-nin Avropa hiss\u0259sini tutmaq plan\u0131n\u0131n kod ad\u0131 idi.\" \/>\n<meta property=\"og:url\" content=\"https:\/\/www.meydan.tv\/az\/article\/boyuk-veten-muharibesinin-baslamasindan-80-il-otur\/\" \/>\n<meta property=\"og:site_name\" content=\"MEYDAN.TV\" \/>\n<meta property=\"article:published_time\" content=\"2021-06-23T12:34:06+00:00\" \/>\n<meta property=\"og:image\" content=\"https:\/\/www.meydan.tv\/wp-content\/uploads\/screenshot_at_jun_23_12-31-23.png\" \/>\n\t<meta property=\"og:image:width\" content=\"1788\" \/>\n\t<meta property=\"og:image:height\" content=\"1000\" \/>\n\t<meta property=\"og:image:type\" content=\"image\/png\" \/>\n<meta name=\"author\" content=\"user-manager\" \/>\n<meta name=\"twitter:card\" content=\"summary_large_image\" \/>\n<script type=\"application\/ld+json\" class=\"yoast-schema-graph\">{\"@context\":\"https:\\\/\\\/schema.org\",\"@graph\":[{\"@type\":\"Article\",\"@id\":\"https:\\\/\\\/www.meydan.tv\\\/az\\\/article\\\/boyuk-veten-muharibesinin-baslamasindan-80-il-otur\\\/#article\",\"isPartOf\":{\"@id\":\"https:\\\/\\\/www.meydan.tv\\\/az\\\/article\\\/boyuk-veten-muharibesinin-baslamasindan-80-il-otur\\\/\"},\"author\":{\"name\":\"user-manager\",\"@id\":\"https:\\\/\\\/www.meydan.tv\\\/az\\\/#\\\/schema\\\/person\\\/10d11eccf6da3662cf5fdab9806ea91a\"},\"headline\":\"&#8220;B\u00f6y\u00fck V\u0259t\u0259n M\u00fcharib\u0259si&#8221;nin ba\u015flamas\u0131ndan 80 il \u00f6t\u00fcr\",\"datePublished\":\"2021-06-23T12:34:06+00:00\",\"mainEntityOfPage\":{\"@id\":\"https:\\\/\\\/www.meydan.tv\\\/az\\\/article\\\/boyuk-veten-muharibesinin-baslamasindan-80-il-otur\\\/\"},\"wordCount\":397,\"publisher\":{\"@id\":\"https:\\\/\\\/www.meydan.tv\\\/az\\\/#organization\"},\"image\":{\"@id\":\"https:\\\/\\\/www.meydan.tv\\\/az\\\/article\\\/boyuk-veten-muharibesinin-baslamasindan-80-il-otur\\\/#primaryimage\"},\"thumbnailUrl\":\"https:\\\/\\\/www.meydan.tv\\\/wp-content\\\/uploads\\\/screenshot_at_jun_23_12-31-23.png\",\"articleSection\":[\"Video\"],\"inLanguage\":\"az\"},{\"@type\":\"WebPage\",\"@id\":\"https:\\\/\\\/www.meydan.tv\\\/az\\\/article\\\/boyuk-veten-muharibesinin-baslamasindan-80-il-otur\\\/\",\"url\":\"https:\\\/\\\/www.meydan.tv\\\/az\\\/article\\\/boyuk-veten-muharibesinin-baslamasindan-80-il-otur\\\/\",\"name\":\"\\\"B\u00f6y\u00fck V\u0259t\u0259n M\u00fcharib\u0259si\\\"nin ba\u015flamas\u0131ndan 80 il \u00f6t\u00fcr - MEYDAN.TV\",\"isPartOf\":{\"@id\":\"https:\\\/\\\/www.meydan.tv\\\/az\\\/#website\"},\"primaryImageOfPage\":{\"@id\":\"https:\\\/\\\/www.meydan.tv\\\/az\\\/article\\\/boyuk-veten-muharibesinin-baslamasindan-80-il-otur\\\/#primaryimage\"},\"image\":{\"@id\":\"https:\\\/\\\/www.meydan.tv\\\/az\\\/article\\\/boyuk-veten-muharibesinin-baslamasindan-80-il-otur\\\/#primaryimage\"},\"thumbnailUrl\":\"https:\\\/\\\/www.meydan.tv\\\/wp-content\\\/uploads\\\/screenshot_at_jun_23_12-31-23.png\",\"datePublished\":\"2021-06-23T12:34:06+00:00\",\"breadcrumb\":{\"@id\":\"https:\\\/\\\/www.meydan.tv\\\/az\\\/article\\\/boyuk-veten-muharibesinin-baslamasindan-80-il-otur\\\/#breadcrumb\"},\"inLanguage\":\"az\",\"potentialAction\":[{\"@type\":\"ReadAction\",\"target\":[\"https:\\\/\\\/www.meydan.tv\\\/az\\\/article\\\/boyuk-veten-muharibesinin-baslamasindan-80-il-otur\\\/\"]}]},{\"@type\":\"ImageObject\",\"inLanguage\":\"az\",\"@id\":\"https:\\\/\\\/www.meydan.tv\\\/az\\\/article\\\/boyuk-veten-muharibesinin-baslamasindan-80-il-otur\\\/#primaryimage\",\"url\":\"https:\\\/\\\/www.meydan.tv\\\/wp-content\\\/uploads\\\/screenshot_at_jun_23_12-31-23.png\",\"contentUrl\":\"https:\\\/\\\/www.meydan.tv\\\/wp-content\\\/uploads\\\/screenshot_at_jun_23_12-31-23.png\",\"width\":1788,\"height\":1000,\"caption\":\"Source: Meydan.TV\"},{\"@type\":\"BreadcrumbList\",\"@id\":\"https:\\\/\\\/www.meydan.tv\\\/az\\\/article\\\/boyuk-veten-muharibesinin-baslamasindan-80-il-otur\\\/#breadcrumb\",\"itemListElement\":[{\"@type\":\"ListItem\",\"position\":1,\"name\":\"Ana s\u0259hif\u0259\",\"item\":\"https:\\\/\\\/www.meydan.tv\\\/az\\\/\"},{\"@type\":\"ListItem\",\"position\":2,\"name\":\"Video\",\"item\":\"https:\\\/\\\/www.meydan.tv\\\/az\\\/section\\\/video-2\\\/\"},{\"@type\":\"ListItem\",\"position\":3,\"name\":\"&#8220;B\u00f6y\u00fck V\u0259t\u0259n M\u00fcharib\u0259si&#8221;nin ba\u015flamas\u0131ndan 80 il \u00f6t\u00fcr\"}]},{\"@type\":\"WebSite\",\"@id\":\"https:\\\/\\\/www.meydan.tv\\\/az\\\/#website\",\"url\":\"https:\\\/\\\/www.meydan.tv\\\/az\\\/\",\"name\":\"MEYDAN.TV\",\"description\":\"Meydan TV Az\u0259rbaycan\u0131n media m\u0259kan\u0131ndak\u0131 alternativ s\u0259sidir\",\"publisher\":{\"@id\":\"https:\\\/\\\/www.meydan.tv\\\/az\\\/#organization\"},\"potentialAction\":[{\"@type\":\"SearchAction\",\"target\":{\"@type\":\"EntryPoint\",\"urlTemplate\":\"https:\\\/\\\/www.meydan.tv\\\/az\\\/?s={search_term_string}\"},\"query-input\":{\"@type\":\"PropertyValueSpecification\",\"valueRequired\":true,\"valueName\":\"search_term_string\"}}],\"inLanguage\":\"az\"},{\"@type\":\"Organization\",\"@id\":\"https:\\\/\\\/www.meydan.tv\\\/az\\\/#organization\",\"name\":\"Meydan TV\",\"url\":\"https:\\\/\\\/www.meydan.tv\\\/az\\\/\",\"logo\":{\"@type\":\"ImageObject\",\"inLanguage\":\"az\",\"@id\":\"https:\\\/\\\/www.meydan.tv\\\/az\\\/#\\\/schema\\\/logo\\\/image\\\/\",\"url\":\"https:\\\/\\\/www.meydan.tv\\\/wp-content\\\/uploads\\\/2021\\\/07\\\/meydan-logo.svg\",\"contentUrl\":\"https:\\\/\\\/www.meydan.tv\\\/wp-content\\\/uploads\\\/2021\\\/07\\\/meydan-logo.svg\",\"width\":195,\"height\":46,\"caption\":\"Meydan TV\"},\"image\":{\"@id\":\"https:\\\/\\\/www.meydan.tv\\\/az\\\/#\\\/schema\\\/logo\\\/image\\\/\"}},{\"@type\":\"Person\",\"@id\":\"https:\\\/\\\/www.meydan.tv\\\/az\\\/#\\\/schema\\\/person\\\/10d11eccf6da3662cf5fdab9806ea91a\",\"name\":\"user-manager\"}]}<\/script>\n<!-- \/ Yoast SEO plugin. -->","yoast_head_json":{"title":"\"B\u00f6y\u00fck V\u0259t\u0259n M\u00fcharib\u0259si\"nin ba\u015flamas\u0131ndan 80 il \u00f6t\u00fcr - MEYDAN.TV","robots":{"index":"index","follow":"follow","max-snippet":"max-snippet:-1","max-image-preview":"max-image-preview:large","max-video-preview":"max-video-preview:-1"},"canonical":"https:\/\/www.meydan.tv\/az\/article\/boyuk-veten-muharibesinin-baslamasindan-80-il-otur\/","og_locale":"az_AZ","og_type":"article","og_title":"\"B\u00f6y\u00fck V\u0259t\u0259n M\u00fcharib\u0259si\"nin ba\u015flamas\u0131ndan 80 il \u00f6t\u00fcr - MEYDAN.TV","og_description":"80 il \u0259vv\u0259l iyun ay\u0131nda Adolf Hitler SSR\u0130-ni i\u015f\u011fal edib. \"Barbarossa \u0259m\u0259liyyat\u0131\" 1941-ci il iyunun 22-d\u0259 Almaniyan\u0131n SSR\u0130-nin Avropa hiss\u0259sini tutmaq plan\u0131n\u0131n kod ad\u0131 idi.","og_url":"https:\/\/www.meydan.tv\/az\/article\/boyuk-veten-muharibesinin-baslamasindan-80-il-otur\/","og_site_name":"MEYDAN.TV","article_published_time":"2021-06-23T12:34:06+00:00","og_image":[{"width":1788,"height":1000,"url":"https:\/\/www.meydan.tv\/wp-content\/uploads\/screenshot_at_jun_23_12-31-23.png","type":"image\/png"}],"author":"user-manager","twitter_card":"summary_large_image","schema":{"@context":"https:\/\/schema.org","@graph":[{"@type":"Article","@id":"https:\/\/www.meydan.tv\/az\/article\/boyuk-veten-muharibesinin-baslamasindan-80-il-otur\/#article","isPartOf":{"@id":"https:\/\/www.meydan.tv\/az\/article\/boyuk-veten-muharibesinin-baslamasindan-80-il-otur\/"},"author":{"name":"user-manager","@id":"https:\/\/www.meydan.tv\/az\/#\/schema\/person\/10d11eccf6da3662cf5fdab9806ea91a"},"headline":"&#8220;B\u00f6y\u00fck V\u0259t\u0259n M\u00fcharib\u0259si&#8221;nin ba\u015flamas\u0131ndan 80 il \u00f6t\u00fcr","datePublished":"2021-06-23T12:34:06+00:00","mainEntityOfPage":{"@id":"https:\/\/www.meydan.tv\/az\/article\/boyuk-veten-muharibesinin-baslamasindan-80-il-otur\/"},"wordCount":397,"publisher":{"@id":"https:\/\/www.meydan.tv\/az\/#organization"},"image":{"@id":"https:\/\/www.meydan.tv\/az\/article\/boyuk-veten-muharibesinin-baslamasindan-80-il-otur\/#primaryimage"},"thumbnailUrl":"https:\/\/www.meydan.tv\/wp-content\/uploads\/screenshot_at_jun_23_12-31-23.png","articleSection":["Video"],"inLanguage":"az"},{"@type":"WebPage","@id":"https:\/\/www.meydan.tv\/az\/article\/boyuk-veten-muharibesinin-baslamasindan-80-il-otur\/","url":"https:\/\/www.meydan.tv\/az\/article\/boyuk-veten-muharibesinin-baslamasindan-80-il-otur\/","name":"\"B\u00f6y\u00fck V\u0259t\u0259n M\u00fcharib\u0259si\"nin ba\u015flamas\u0131ndan 80 il \u00f6t\u00fcr - MEYDAN.TV","isPartOf":{"@id":"https:\/\/www.meydan.tv\/az\/#website"},"primaryImageOfPage":{"@id":"https:\/\/www.meydan.tv\/az\/article\/boyuk-veten-muharibesinin-baslamasindan-80-il-otur\/#primaryimage"},"image":{"@id":"https:\/\/www.meydan.tv\/az\/article\/boyuk-veten-muharibesinin-baslamasindan-80-il-otur\/#primaryimage"},"thumbnailUrl":"https:\/\/www.meydan.tv\/wp-content\/uploads\/screenshot_at_jun_23_12-31-23.png","datePublished":"2021-06-23T12:34:06+00:00","breadcrumb":{"@id":"https:\/\/www.meydan.tv\/az\/article\/boyuk-veten-muharibesinin-baslamasindan-80-il-otur\/#breadcrumb"},"inLanguage":"az","potentialAction":[{"@type":"ReadAction","target":["https:\/\/www.meydan.tv\/az\/article\/boyuk-veten-muharibesinin-baslamasindan-80-il-otur\/"]}]},{"@type":"ImageObject","inLanguage":"az","@id":"https:\/\/www.meydan.tv\/az\/article\/boyuk-veten-muharibesinin-baslamasindan-80-il-otur\/#primaryimage","url":"https:\/\/www.meydan.tv\/wp-content\/uploads\/screenshot_at_jun_23_12-31-23.png","contentUrl":"https:\/\/www.meydan.tv\/wp-content\/uploads\/screenshot_at_jun_23_12-31-23.png","width":1788,"height":1000,"caption":"Source: Meydan.TV"},{"@type":"BreadcrumbList","@id":"https:\/\/www.meydan.tv\/az\/article\/boyuk-veten-muharibesinin-baslamasindan-80-il-otur\/#breadcrumb","itemListElement":[{"@type":"ListItem","position":1,"name":"Ana s\u0259hif\u0259","item":"https:\/\/www.meydan.tv\/az\/"},{"@type":"ListItem","position":2,"name":"Video","item":"https:\/\/www.meydan.tv\/az\/section\/video-2\/"},{"@type":"ListItem","position":3,"name":"&#8220;B\u00f6y\u00fck V\u0259t\u0259n M\u00fcharib\u0259si&#8221;nin ba\u015flamas\u0131ndan 80 il \u00f6t\u00fcr"}]},{"@type":"WebSite","@id":"https:\/\/www.meydan.tv\/az\/#website","url":"https:\/\/www.meydan.tv\/az\/","name":"MEYDAN.TV","description":"Meydan TV Az\u0259rbaycan\u0131n media m\u0259kan\u0131ndak\u0131 alternativ s\u0259sidir","publisher":{"@id":"https:\/\/www.meydan.tv\/az\/#organization"},"potentialAction":[{"@type":"SearchAction","target":{"@type":"EntryPoint","urlTemplate":"https:\/\/www.meydan.tv\/az\/?s={search_term_string}"},"query-input":{"@type":"PropertyValueSpecification","valueRequired":true,"valueName":"search_term_string"}}],"inLanguage":"az"},{"@type":"Organization","@id":"https:\/\/www.meydan.tv\/az\/#organization","name":"Meydan TV","url":"https:\/\/www.meydan.tv\/az\/","logo":{"@type":"ImageObject","inLanguage":"az","@id":"https:\/\/www.meydan.tv\/az\/#\/schema\/logo\/image\/","url":"https:\/\/www.meydan.tv\/wp-content\/uploads\/2021\/07\/meydan-logo.svg","contentUrl":"https:\/\/www.meydan.tv\/wp-content\/uploads\/2021\/07\/meydan-logo.svg","width":195,"height":46,"caption":"Meydan TV"},"image":{"@id":"https:\/\/www.meydan.tv\/az\/#\/schema\/logo\/image\/"}},{"@type":"Person","@id":"https:\/\/www.meydan.tv\/az\/#\/schema\/person\/10d11eccf6da3662cf5fdab9806ea91a","name":"user-manager"}]}},"_links":{"self":[{"href":"https:\/\/www.meydan.tv\/az\/wp-json\/wp\/v2\/posts\/206875","targetHints":{"allow":["GET"]}}],"collection":[{"href":"https:\/\/www.meydan.tv\/az\/wp-json\/wp\/v2\/posts"}],"about":[{"href":"https:\/\/www.meydan.tv\/az\/wp-json\/wp\/v2\/types\/post"}],"author":[{"embeddable":true,"href":"https:\/\/www.meydan.tv\/az\/wp-json\/wp\/v2\/users\/11"}],"replies":[{"embeddable":true,"href":"https:\/\/www.meydan.tv\/az\/wp-json\/wp\/v2\/comments?post=206875"}],"version-history":[{"count":0,"href":"https:\/\/www.meydan.tv\/az\/wp-json\/wp\/v2\/posts\/206875\/revisions"}],"wp:featuredmedia":[{"embeddable":true,"href":"https:\/\/www.meydan.tv\/az\/wp-json\/wp\/v2\/media\/162600"}],"wp:attachment":[{"href":"https:\/\/www.meydan.tv\/az\/wp-json\/wp\/v2\/media?parent=206875"}],"wp:term":[{"taxonomy":"category","embeddable":true,"href":"https:\/\/www.meydan.tv\/az\/wp-json\/wp\/v2\/categories?post=206875"},{"taxonomy":"post_tag","embeddable":true,"href":"https:\/\/www.meydan.tv\/az\/wp-json\/wp\/v2\/tags?post=206875"}],"curies":[{"name":"wp","href":"https:\/\/api.w.org\/{rel}","templated":true}]}}