{"id":206861,"date":"2021-06-22T14:31:21","date_gmt":"2021-06-22T14:31:21","guid":{"rendered":"https:\/\/www.meydan.tv\/article\/ekspert-bu-qerari-toylara-icaze-verilmir-kimi-anlamaq-daha-dogru-olar\/"},"modified":"2021-06-22T14:31:21","modified_gmt":"2021-06-22T14:31:21","slug":"ekspert-bu-qerari-toylara-icaze-verilmir-kimi-anlamaq-daha-dogru-olar","status":"publish","type":"post","link":"https:\/\/www.meydan.tv\/az\/article\/ekspert-bu-qerari-toylara-icaze-verilmir-kimi-anlamaq-daha-dogru-olar\/","title":{"rendered":"Ekspert: Bu q\u0259rar\u0131 &#8220;toylara icaz\u0259 verilmir&#8221; kimi anlamaq daha do\u011fru olar"},"content":{"rendered":"<p>\n  <i><br \/>\n    &quot;Qaydalar h\u00fcquq-m\u00fchafiz\u0259 orqanlar\u0131na daha \u00e7ox m\u00fcdaxil\u0259 imkan\u0131 yaradacaq&quot;<br \/>\n  <\/i>\n<\/p>\n<p>\n  \u201cAz\u0259rbaycan v\u0259t\u0259nda\u015flar\u0131n\u0131n m\u00f6vud qaydalara g\u00f6r\u0259 toy ed\u0259c\u0259kl\u0259rin\u0259 inanm\u0131ram, \u00e7\u00fcnki bu qaydalar h\u00fcquq-m\u00fchafiz\u0259 orqanlar\u0131na daha \u00e7ox m\u00fcdaxil\u0259 \u00fc\u00e7\u00fcn imkanlar yaradacaq\u201d.\n<\/p>\n<p>\n  REAL Partiyas\u0131n\u0131n Siyasi Komit\u0259sinin \u00fczv\u00fc, iqtisad\u00e7\u0131 Natiq C\u0259f\u0259rli Meydan TV-y\u0259 Nazirl\u0259r Kabinetinin Az\u0259rbaycanda toylar\u0131n ke\u00e7irilm\u0259sin\u0259 icaz\u0259 verilm\u0259si il\u0259 ba\u011fl\u0131 q\u0259rar\u0131n\u0131 \u015f\u0259rh ed\u0259rk\u0259n bel\u0259 deyib.\n<\/p>\n<p>\n  Onun fikrinc\u0259, q\u0259rarda g\u00f6st\u0259ril\u0259n t\u0259l\u0259bl\u0259rin realiz\u0259 olunmas\u0131, a\u011flabatan g\u00f6r\u00fcnm\u00fcr: \u201cQ\u0259rardak\u0131 t\u0259l\u0259bl\u0259r\u0259 baxsaq, bunu \u201ctoylara icaz\u0259 verilmir\u201d kimi anlamaq daha do\u011fru olar. Az sayda adamla toy m\u0259clisl\u0259rinin ke\u00e7irilm\u0259si, iri \u015fadl\u0131q saraylar\u0131n\u0131n maya d\u0259y\u0259rinin y\u00fcks\u0259lm\u0259si il\u0259 n\u0259tic\u0259l\u0259n\u0259c\u0259k. Bu da o dem\u0259kdir ki, adamba\u015f\u0131na d\u00fc\u015f\u0259n qiym\u0259t xeyli artacaq. D\u00fc\u015f\u00fcn\u00fcr\u0259m ki, bu da v\u0259t\u0259nda\u015flar\u0131 qane etm\u0259y\u0259c\u0259k. \u018fvv\u0259ll\u0259r d\u00f6rd y\u00fcz-be\u015f y\u00fcz n\u0259f\u0259rlik zallarda ke\u00e7iril\u0259n toylarda qiym\u0259tl\u0259r daha s\u0259rf\u0259li idi. M\u0259hdudiyy\u0259tin olmas\u0131 qiym\u0259tl\u0259ri avtomatik bahala\u015fd\u0131racaq. Sahibkarlar\u0131n \u00fcz\u0259rin\u0259 qoyulan t\u0259hl\u00fck\u0259sizlik, sa\u011flaml\u0131q, dezinfeksiya il\u0259 ba\u011fl\u0131 \u00f6hd\u0259likl\u0259r d\u0259 \u0259lav\u0259 x\u0259rcdir\u201d.\n<\/p>\n<figure class=\"wp-block-image size-large\">\n  <img decoding=\"async\" src=\"https:\/\/www.meydan.tv\/az\/natiq-ceferli-2\/\" alt=\"Natiq C\u0259f\u0259rli\" class=\"wp-image-100395\"\/><figcaption>\n    Natiq C\u0259f\u0259rli<br \/>\n  <\/figcaption><\/figure>\n<p>\n  <b><br \/>\n    &quot;S\u00f6hb\u0259t hans\u0131sa t\u0259mt\u0259raqdan yox, sad\u0259 toydan gedir&quot;<br \/>\n  <\/b>\n<\/p>\n<p>\n  Deputat Fazil Mustafan\u0131n fikrinc\u0259, toylar\u0131n ke\u00e7irilm\u0259si il\u0259 ba\u011fl\u0131 q\u0259rar xeyli gecikib: \u201c\u0130qtisadiyyat \u00e7\u00f6k\u00fcb. Pandemiya azal\u0131bsa, toylar\u0131n ke\u00e7irilm\u0259sin\u0259 d\u0259 icaz\u0259 verilm\u0259liydi. \u0130nsanlar\u0131 d\u00fc\u015f\u00fcnm\u0259k laz\u0131md\u0131r. Toyu yar\u0131m\u00e7\u0131q qalm\u0131\u015f minl\u0259rl\u0259 Az\u0259rbaycan v\u0259t\u0259nda\u015f\u0131, i\u015fsiz adamlar var. Onlar ham\u0131s\u0131 b\u00f6y\u00fck bir s\u0131x\u0131nt\u0131 i\u00e7ind\u0259dir. S\u00f6hb\u0259t hans\u0131sa t\u0259mt\u0259raqdan yox, sad\u0259 qaydada toy etm\u0259kd\u0259n gedir&quot;.\n<\/p>\n<p>\n  &quot;Onu da deyim ki, art\u0131q indid\u0259n \u015fadl\u0131q saraylar\u0131 il\u0259 dan\u0131\u015fan insanlar qiym\u0259t art\u0131m\u0131n\u0131n oldu\u011funu deyir. Bu, g\u00f6zl\u0259nil\u0259n idi. Uzun m\u00fcdd\u0259t f\u0259aliyy\u0259tsiz qalan \u015fadl\u0131q saraylar\u0131 qiym\u0259ti qald\u0131racaq. Qiym\u0259t art\u0131m\u0131 olmayanda da, xidm\u0259tin keyfiyy\u0259ti a\u015fa\u011f\u0131 d\u00fc\u015f\u0259 bil\u0259r. Hesab edir\u0259m ki, toylar\u0131n ke\u00e7irilm\u0259yin\u0259 icaz\u0259 verilm\u0259si sahibkarlardan daha \u00e7ox, toy ed\u0259 bilm\u0259y\u0259n v\u0259t\u0259nda\u015flar\u0131n xeyrin\u0259dir. Bu h\u0259m d\u0259 demoqrafik v\u0259ziyy\u0259t\u0259 t\u0259sir ed\u0259n \u0259sas amill\u0259rd\u0259n biridir\u201d, &#8211; dey\u0259 Fazil Mustafa bildirib.\n<\/p>\n<figure class=\"wp-block-image size-large\">\n  <img decoding=\"async\" src=\"https:\/\/www.meydan.tv\/az\/fazil-mustafa-2504-jpg\/\" alt=\"fazil mustafa 2504.jpg\" class=\"wp-image-131519\"\/><figcaption>\n    Fazil Mustafa<br \/>\n  <\/figcaption><\/figure>\n<p>\n  <b><br \/>\n    &quot;Bu, toy etm\u0259k yox, pul y\u0131\u011fmaqd\u0131r&quot;<br \/>\n  <\/b>\n<\/p>\n<p>\n  M\u00fc\u011f\u0259nni \u018fli Mir\u0259liyev toylar\u0131n az adamla ke\u00e7irilm\u0259sinin t\u0259r\u0259far\u0131d\u0131r. O deyir ki, Sovet d\u00f6n\u0259mind\u0259 toy m\u0259clisl\u0259ri 100-120 n\u0259f\u0259rlik olard\u0131: \u201c\u0130ndi toyuq fermas\u0131 kimi camaat\u0131 b\u00f6y\u00fck zallara bas\u0131rlar. Be\u015f y\u00fcz-min n\u0259f\u0259rlik zallarda a\u011f\u0131z dey\u0259ni qulaq e\u015fitmir. M\u00fc\u011f\u0259nninin n\u0259 oxudu\u011funu da ba\u015fa d\u00fc\u015fm\u0259k olmur. Bu, toy etm\u0259k yox, pul y\u0131\u011fmaqd\u0131r. M\u0259nc\u0259, 120-130 n\u0259f\u0259rlik toy etm\u0259k laz\u0131md\u0131r. Qohum-\u0259qraba bir-birinin \u00fcz\u00fcn\u00fc g\u00f6r\u00fcr, s\u00f6hb\u0259t edir, rahat dan\u0131\u015fa bilir. Yoxsa, min n\u0259f\u0259r adam eyni anda dan\u0131\u015fanda, \u00fcst\u0259lik, musiqi\u00e7il\u0259rin s\u0259si, m\u0259kan T\u0259zabazara d\u00f6n\u0259c\u0259k\u201d.\n<\/p>\n<figure class=\"wp-block-image size-large\">\n  <img decoding=\"async\" src=\"https:\/\/www.meydan.tv\/az\/esas-2-jpg\/\" alt=\"esas-2.jpg\" class=\"wp-image-162564\"\/><figcaption>\n    \u018fli Mir\u0259liyev<br \/>\n  <\/figcaption><\/figure>\n<p>\n  <b><br \/>\n    &quot;M\u0259n\u0259 el\u0259 g\u0259lir ki, m\u00fc\u011f\u0259nnil\u0259rin \u0259ks\u0259riyy\u0259ti qiym\u0259ti qald\u0131racaq&quot;<br \/>\n  <\/b>\n<\/p>\n<p>\n  \u018fm\u0259kdar artist \u018fdal\u0259t \u015e\u00fck\u00fcrov bildirib ki, toylar\u0131n az sayda ke\u00e7irilm\u0259si m\u00fc\u011f\u0259nnil\u0259rin toy qonorar\u0131n\u0131n v\u0259 sahibkarlar\u0131n qiym\u0259t art\u0131m\u0131na s\u0259b\u0259b olacaq:\\\n<\/p>\n<p>\n  \u201cM\u0259n\u0259 el\u0259 g\u0259lir ki, m\u00fc\u011f\u0259nnil\u0259rin \u0259ks\u0259riyy\u0259ti qiym\u0259ti qald\u0131racaq. \u00c7ox g\u00fcman ki, g\u0259l\u0259n m\u00f6vs\u00fcmd\u0259n, oktyabrdan qiym\u0259tl\u0259r qalxacaq. Az\u0259rbaycan xalq\u0131n\u0131n \u00f6z milli ad\u0259t-\u0259n\u0259n\u0259l\u0259ri, mentaliteti var. Unutmayaq ki, \u0259vv\u0259ll\u0259r toylar \u00fc\u00e7 g\u00fcn olurdu. \u0130ndi toy bir g\u00fcn\u00fcn bir ne\u00e7\u0259 saat\u0131n\u0131 olur. Bir ne\u00e7\u0259 saat \u0259rzind\u0259 olan toyda be\u015f y\u00fcz n\u0259f\u0259rin i\u015ftirak\u0131 normald\u0131r. B\u0259yl\u0259-g\u0259lin toyu birg\u0259 edir. Ayr\u0131 ed\u0259nd\u0259, h\u0259r evd\u0259n iki y\u00fcz adam g\u0259l\u0259nd\u0259 d\u00f6rd y\u00fcz n\u0259f\u0259r edir. Ona g\u00f6r\u0259 d\u0259 120 n\u0259f\u0259rl\u0259 toy etm\u0259k \u00e7\u0259tin olacaq. \u0130st\u0259m\u0259r\u0259m ki, \u00f6vlad\u0131m\u0131n toyu 120 n\u0259f\u0259rl\u0259 ke\u00e7sin\u201d.\n<\/p>\n<figure class=\"wp-block-image size-large\">\n  <img decoding=\"async\" src=\"https:\/\/www.meydan.tv\/az\/408730260-jpg\/\" alt=\"408730260.jpg\" class=\"wp-image-134842\"\/><figcaption>\n    \u018fdal\u0259t \u015e\u00fck\u00fcrov<br \/>\n  <\/figcaption><\/figure>\n<p>\n  <b><br \/>\n    &quot;\u015eou-biznesin g\u0259lir yeri m\u0259hz toylardand\u0131r&quot;<br \/>\n  <\/b>\n<\/p>\n<p>\n  Prod\u00fcser T\u0259ran\u0259 S\u0259m\u0259dova is\u0259 \u0259ksini deyir. O, m\u00fc\u011f\u0259nnil\u0259rin qonorarlar\u0131n\u0131 daha da a\u015fa\u011f\u0131 salaca\u011f\u0131 q\u0259na\u0259tind\u0259dir:\n<\/p>\n<p>\n  \u201cUzun m\u00fcdd\u0259t toy olmad\u0131\u011f\u0131 \u00fc\u00e7\u00fcn v\u0259ziyy\u0259t pisdir, ham\u0131 pul qazanmaq ist\u0259yir. M\u0259nc\u0259, qiym\u0259tl\u0259ri daha da a\u015fa\u011f\u0131 salacaqlar. Pandemiya d\u00f6vr\u00fcnd\u0259 ham\u0131 ba\u015fa d\u00fc\u015fd\u00fc ki, alternativ biznes qurmaq laz\u0131md\u0131r. Az\u0259rbaycanda \u015fou-biznesin g\u0259lir yeri m\u0259hz toylardand\u0131r. M\u00fc\u011f\u0259nnil\u0259r pul qazanma\u011fa ba\u015flasalar, \u0259lav\u0259 bir g\u0259lir yeri quma\u011fa \u00e7al\u0131\u015facaqlar\u201d.\n<\/p>\n<figure class=\"wp-block-image size-large\">\n  <img decoding=\"async\" src=\"https:\/\/www.meydan.tv\/az\/rom_5592-jpg\/\" alt=\"ROM_5592.jpg\" class=\"wp-image-162567\"\/><figcaption>\n    T\u0259ran\u0259 S\u0259m\u0259dova<br \/>\n  <\/figcaption><\/figure>\n<p>\n  <b><br \/>\n    &quot;Sevinir\u0259m ki, pandemiya bel\u0259 bir \u0259n\u0259n\u0259ni zor\u0259n yaratd\u0131&quot;<br \/>\n  <\/b>\n<\/p>\n<p>\n  M\u00fc\u011f\u0259nni v\u0259 apar\u0131c\u0131 Murad Arif \u201cFacebook\u201d s\u0259hif\u0259sind\u0259 Nazirl\u0259r Kabinetinin q\u0259rar\u0131n\u0131 \u015f\u0259rh ed\u0259rk\u0259n yaz\u0131b ki, toylar\u0131n az adam say\u0131 il\u0259 ke\u00e7irilm\u0259si \u0259n\u0259n\u0259 hal\u0131n\u0131 alsa, yax\u015f\u0131d\u0131r:\n<\/p>\n<p>\n  \u201cM\u0259clisin daha xudman\u0131 olmas\u0131, t\u0259dbiri daha rahat v\u0259 daha s\u0259mimi edir. Ziyal\u0131 t\u0259b\u0259q\u0259 toyuna he\u00e7 vaxt, b\u00fct\u00fcn k\u00f6hn\u0259 tan\u0131\u015f-tunu\u015funu \u00e7a\u011f\u0131rmazd\u0131. Sevinir\u0259m ki, pandemiya bel\u0259 bir \u0259n\u0259n\u0259ni zor\u0259n yaratd\u0131. \u0130st\u0259rdim ki, say m\u0259hdudiyy\u0259ti d\u0259yi\u015fm\u0259sin. Ev yiy\u0259sin\u0259 d\u0259 rahat olur, m\u0259clis bazar-va\u011fzala d\u00f6nm\u00fcr, toya yaln\u0131z yax\u0131nlar, yaln\u0131z do\u011fmalar d\u0259v\u0259t al\u0131r. \u0130sraf da olmaz\u201d.\n<\/p>\n<figure class=\"wp-block-image size-large\">\n  <img decoding=\"async\" src=\"https:\/\/www.meydan.tv\/az\/2f4a131a11f0bcdd26f0053d5e2f3cd9-jpg\/\" alt=\"2f4a131a11f0bcdd26f0053d5e2f3cd9.jpg\" class=\"wp-image-162570\"\/><figcaption>\n    Murad Arif<br \/>\n  <\/figcaption><\/figure>\n<p>\n  Az\u0259rbaycanda iyulun 1-d\u0259n toylar\u0131n ke\u00e7irilm\u0259sin\u0259 icaz\u0259 verilib.\n<\/p>\n<p>\n  Nazirl\u0259r Kabinetinin q\u0259rar\u0131nda bildirilir ki, toy, ni\u015fan, ad g\u00fcnl\u0259ri m\u0259rasiml\u0259rin\u0259 50 n\u0259f\u0259rd\u0259n 150 n\u0259f\u0259r\u0259 q\u0259d\u0259r \u015f\u0259xsl\u0259rin i\u015ftirak\u0131 m\u00fcmk\u00fcn olacaq.\n<\/p>\n<p>\n  &#8211; ya\u015f\u0131 18-d\u0259n yuxar\u0131 olan b\u00fct\u00fcn \u015f\u0259xsl\u0259rin i\u015ftirak\u0131na yaln\u0131z tam peyv\u0259nd olunmas\u0131 v\u0259 ya COVID-19-dan sa\u011falaraq immunitet\u0259 malik olmas\u0131 bar\u0259d\u0259 t\u0259sdiqedici s\u0259n\u0259d oldu\u011fu halda icaz\u0259 verilir. \u015e\u0259nlik m\u0259rasiml\u0259rind\u0259 i\u015ftirak ed\u0259n qonaqlar \u00fc\u00e7\u00fcn t\u0259n\u0259ff\u00fcs yollar\u0131n\u0131 qoruyan f\u0259rdi vasit\u0259l\u0259rd\u0259n m\u0259cburi istifad\u0259 t\u0259l\u0259bi l\u0259\u011fv edilir.\n<\/p>\n<p>\n  \u015e\u0259nlik m\u0259rasimind\u0259 xidm\u0259t g\u00f6st\u0259r\u0259n hey\u0259tin (musiqi\u00e7il\u0259r istisna olmaqla) tibbi maskalardan, \u0259lc\u0259kl\u0259rd\u0259n v\u0259 dig\u0259r f\u0259rdi qoruyucu vasit\u0259l\u0259rd\u0259n istifad\u0259si m\u0259cburidir.\n<\/p>\n<p>\n  \u015e\u0259nlik m\u0259rasimi ke\u00e7iril\u0259n m\u0259kan\u0131n v\u0259 ya m\u00fc\u0259ssis\u0259nin sahibi t\u0259r\u0259find\u0259n h\u0259min obyekt daxilind\u0259 f\u0259aliyy\u0259t g\u00f6st\u0259r\u0259n t\u0259dbir zallar\u0131, onlar\u0131n tutumu v\u0259 \u00e7al\u0131\u015fan i\u015f\u00e7i hey\u0259t (m\u00fcv\u0259qq\u0259ti i\u015f\u0259 c\u0259lb edilmi\u015f i\u015f\u00e7il\u0259r daxil olmaqla) bar\u0259d\u0259 m\u0259lumat m\u00fcvafiq<br \/>\n  <a href=\"http:\/\/icaze.e-gov.az\"><br \/>\n    portal<br \/>\n  <\/a><br \/>\n  a daxil edilm\u0259lidir. Portal 2021-ci il 26 iyun tarixind\u0259n etibar\u0259n m\u00fcvafiq m\u0259lumatlar\u0131 daxil etm\u0259k \u00fc\u00e7\u00fcn aktiv edil\u0259c\u0259k.\n<\/p>\n<p>\n  Ke\u00e7iril\u0259c\u0259k t\u0259dbirin tarixin\u0259 \u0259n az\u0131 5 g\u00fcn qalm\u0131\u015f t\u0259dbirin ke\u00e7irilm\u0259 tarixi, ba\u015flama v\u0259 bitm\u0259 vaxt\u0131 (saat 0:00-dan gec olmamaq \u015f\u0259rtil\u0259), qonaq say\u0131 bar\u0259d\u0259 m\u0259lumatlar portala daxil edilm\u0259lidir. Portal \u00fcz\u0259rind\u0259n qeydiyyata sal\u0131nmayan v\u0259 bar\u0259sind\u0259 m\u00fcvafiq m\u0259lumat daxil edilm\u0259y\u0259n \u015f\u0259nlik m\u0259rasiml\u0259rinin ke\u00e7irilm\u0259si qada\u011fand\u0131r.\n<\/p>\n<p>\n  \u015e\u0259nlik m\u0259rasiml\u0259rinin t\u0259\u015fkili v\u0259 ke\u00e7irilm\u0259si zaman\u0131 karantin rejiminin qaydalar\u0131na \u0259m\u0259l edilm\u0259si il\u0259 ba\u011fl\u0131 \u015f\u0259nlik v\u0259 m\u0259kan sahibi aras\u0131nda m\u00fc\u015ft\u0259r\u0259k m\u0259suliyy\u0259t bar\u0259d\u0259 iltizamnam\u0259 imzalanmal\u0131d\u0131r. M\u00fc\u0259yy\u0259n olunmu\u015f t\u0259l\u0259bl\u0259rin pozulmas\u0131 hallar\u0131na g\u00f6r\u0259 m\u0259kan v\u0259 \u015f\u0259nlik sahibi birg\u0259 cavabdehlik da\u015f\u0131yacaq.\n<\/p>\n<p>\n  50 n\u0259f\u0259r\u0259 q\u0259d\u0259r \u015f\u0259xsl\u0259rin i\u015ftirak\u0131 il\u0259 ke\u00e7iril\u0259n t\u0259dbirl\u0259rd\u0259 t\u0259n\u0259ff\u00fcs yollar\u0131n\u0131 qoruyan f\u0259rdi vasit\u0259l\u0259rd\u0259n istifad\u0259 t\u0259l\u0259bi saxlan\u0131lmaqla COV\u0130D-19 pasportu t\u0259l\u0259b olunmayacaq.\n<\/p>\n<p>\n  \u0130ctimai ia\u015f\u0259 obyektl\u0259rinin monitorinql\u0259ri il\u0259 yana\u015f\u0131, 50 n\u0259f\u0259rd\u0259n 150 n\u0259f\u0259r\u0259 q\u0259d\u0259r \u015f\u0259xsl\u0259rin i\u015ftirak\u0131 il\u0259 t\u0259\u015fkil olunan \u015f\u0259nlik m\u0259rasiml\u0259rind\u0259 koronavirus infeksiyas\u0131n\u0131n idar\u0259 olunmas\u0131 il\u0259 ba\u011fl\u0131 n\u0259zar\u0259ti t\u0259min etm\u0259k m\u0259qs\u0259dil\u0259 m\u00fcnt\u0259z\u0259m yoxlamalar apar\u0131lacaq. Monitorinq qruplar\u0131 Daxili \u0130\u015fl\u0259r Nazirliyinin, Qida T\u0259hl\u00fck\u0259sizliyi Agentliyinin v\u0259 \u0130qtisadiyyat Nazirliyi yan\u0131nda D\u00f6vl\u0259t Vergi Xidm\u0259tinin n\u00fcmay\u0259ndl\u0259rind\u0259n ibar\u0259t t\u0259rkibd\u0259 t\u0259\u015fkil olunacaq.\n<\/p>\n<p>\n  Az\u0259rbaycan Respublikas\u0131n\u0131n \u0130nzibati X\u0259talar M\u0259c\u0259ll\u0259sin\u0259 \u0259sas\u0259n, epidemiya \u0259leyhin\u0259 rejimin, sanitariya-gigiyena v\u0259 karantin rejiml\u0259rinin pozulmas\u0131na g\u00f6r\u0259 fiziki \u015f\u0259xsl\u0259r iki y\u00fcz manatdan d\u00f6rd y\u00fcz manatad\u0259k m\u0259bl\u0259\u011fd\u0259, v\u0259zif\u0259li \u015f\u0259xsl\u0259r d\u00f6rd min manatdan be\u015f min manatad\u0259k m\u0259bl\u0259\u011fd\u0259 c\u0259rim\u0259 edilir, yaxud i\u015fin hallar\u0131na g\u00f6r\u0259, x\u0259tan\u0131 t\u00f6r\u0259d\u0259nin \u015f\u0259xsiyy\u0259ti n\u0259z\u0259r\u0259 al\u0131nmaqla, bir ayad\u0259k m\u00fcdd\u0259t\u0259 inzibati h\u0259bs t\u0259tbiq olunur, h\u00fcquqi \u015f\u0259xsl\u0259r be\u015f min manatdan on bir min manatad\u0259k m\u0259bl\u0259\u011fd\u0259 c\u0259rim\u0259 edilir.\n<\/p>\n<p>\n  H\u00fcquqi \u015f\u0259xsl\u0259r t\u0259r\u0259find\u0259n pozuntu hal\u0131 t\u0259krar ba\u015f verdiyi t\u0259qdird\u0259 \u015f\u0259nlik m\u0259rasimi ke\u00e7iril\u0259n m\u00fc\u0259ssis\u0259nin f\u0259aliyy\u0259tinin dayand\u0131r\u0131lmas\u0131na dair qanunvericilikl\u0259 m\u00fc\u0259yy\u0259n edilmi\u015f hallarda q\u0259rar q\u0259bul edil\u0259 bil\u0259r.<\/p>\n","protected":false},"excerpt":{"rendered":"<p>&#8220;Ev yiy\u0259sin\u0259 d\u0259 rahat olur, m\u0259clis bazar-va\u011fzala d\u00f6nm\u00fcr, toya yaln\u0131z yax\u0131nlar, yaln\u0131z do\u011fmalar d\u0259v\u0259t al\u0131r&#8221;<\/p>\n","protected":false},"author":11,"featured_media":162561,"comment_status":"closed","ping_status":"open","sticky":false,"template":"","format":"standard","meta":{"_acf_changed":false,"_sitemap_exclude":false,"_sitemap_priority":"","_sitemap_frequency":"","footnotes":""},"categories":[62],"tags":[],"class_list":["post-206861","post","type-post","status-publish","format-standard","has-post-thumbnail","hentry","category-sosial","infinite-scroll-item","generate-columns","tablet-grid-50","mobile-grid-100","grid-parent","grid-33","no-featured-image-padding"],"acf":[],"yoast_head":"<!-- This site is optimized with the Yoast SEO plugin v27.4 - https:\/\/yoast.com\/product\/yoast-seo-wordpress\/ -->\n<title>Ekspert: Bu q\u0259rar\u0131 &quot;toylara icaz\u0259 verilmir&quot; kimi anlamaq daha do\u011fru olar - MEYDAN.TV<\/title>\n<meta name=\"robots\" content=\"index, follow, max-snippet:-1, max-image-preview:large, max-video-preview:-1\" \/>\n<link rel=\"canonical\" href=\"https:\/\/www.meydan.tv\/az\/article\/ekspert-bu-qerari-toylara-icaze-verilmir-kimi-anlamaq-daha-dogru-olar\/\" \/>\n<meta property=\"og:locale\" content=\"az_AZ\" \/>\n<meta property=\"og:type\" content=\"article\" \/>\n<meta property=\"og:title\" content=\"Ekspert: Bu q\u0259rar\u0131 &quot;toylara icaz\u0259 verilmir&quot; kimi anlamaq daha do\u011fru olar - MEYDAN.TV\" \/>\n<meta property=\"og:description\" content=\"&quot;Ev yiy\u0259sin\u0259 d\u0259 rahat olur, m\u0259clis bazar-va\u011fzala d\u00f6nm\u00fcr, toya yaln\u0131z yax\u0131nlar, yaln\u0131z do\u011fmalar d\u0259v\u0259t al\u0131r&quot;\" \/>\n<meta property=\"og:url\" content=\"https:\/\/www.meydan.tv\/az\/article\/ekspert-bu-qerari-toylara-icaze-verilmir-kimi-anlamaq-daha-dogru-olar\/\" \/>\n<meta property=\"og:site_name\" content=\"MEYDAN.TV\" \/>\n<meta property=\"article:published_time\" content=\"2021-06-22T14:31:21+00:00\" \/>\n<meta property=\"og:image\" content=\"https:\/\/www.meydan.tv\/wp-content\/uploads\/b0c8e505-5393-3abb-930c-d426d1efb23f_824.jpg\" \/>\n\t<meta property=\"og:image:width\" content=\"878\" \/>\n\t<meta property=\"og:image:height\" content=\"482\" \/>\n\t<meta property=\"og:image:type\" content=\"image\/jpeg\" \/>\n<meta name=\"author\" content=\"user-manager\" \/>\n<meta name=\"twitter:card\" content=\"summary_large_image\" \/>\n<script type=\"application\/ld+json\" class=\"yoast-schema-graph\">{\"@context\":\"https:\\\/\\\/schema.org\",\"@graph\":[{\"@type\":\"Article\",\"@id\":\"https:\\\/\\\/www.meydan.tv\\\/az\\\/article\\\/ekspert-bu-qerari-toylara-icaze-verilmir-kimi-anlamaq-daha-dogru-olar\\\/#article\",\"isPartOf\":{\"@id\":\"https:\\\/\\\/www.meydan.tv\\\/az\\\/article\\\/ekspert-bu-qerari-toylara-icaze-verilmir-kimi-anlamaq-daha-dogru-olar\\\/\"},\"author\":{\"name\":\"user-manager\",\"@id\":\"https:\\\/\\\/www.meydan.tv\\\/az\\\/#\\\/schema\\\/person\\\/10d11eccf6da3662cf5fdab9806ea91a\"},\"headline\":\"Ekspert: Bu q\u0259rar\u0131 &#8220;toylara icaz\u0259 verilmir&#8221; kimi anlamaq daha do\u011fru olar\",\"datePublished\":\"2021-06-22T14:31:21+00:00\",\"mainEntityOfPage\":{\"@id\":\"https:\\\/\\\/www.meydan.tv\\\/az\\\/article\\\/ekspert-bu-qerari-toylara-icaze-verilmir-kimi-anlamaq-daha-dogru-olar\\\/\"},\"wordCount\":1729,\"publisher\":{\"@id\":\"https:\\\/\\\/www.meydan.tv\\\/az\\\/#organization\"},\"image\":{\"@id\":\"https:\\\/\\\/www.meydan.tv\\\/az\\\/article\\\/ekspert-bu-qerari-toylara-icaze-verilmir-kimi-anlamaq-daha-dogru-olar\\\/#primaryimage\"},\"thumbnailUrl\":\"https:\\\/\\\/www.meydan.tv\\\/wp-content\\\/uploads\\\/b0c8e505-5393-3abb-930c-d426d1efb23f_824.jpg\",\"articleSection\":[\"Sosial\"],\"inLanguage\":\"az\"},{\"@type\":\"WebPage\",\"@id\":\"https:\\\/\\\/www.meydan.tv\\\/az\\\/article\\\/ekspert-bu-qerari-toylara-icaze-verilmir-kimi-anlamaq-daha-dogru-olar\\\/\",\"url\":\"https:\\\/\\\/www.meydan.tv\\\/az\\\/article\\\/ekspert-bu-qerari-toylara-icaze-verilmir-kimi-anlamaq-daha-dogru-olar\\\/\",\"name\":\"Ekspert: Bu q\u0259rar\u0131 \\\"toylara icaz\u0259 verilmir\\\" kimi anlamaq daha do\u011fru olar - MEYDAN.TV\",\"isPartOf\":{\"@id\":\"https:\\\/\\\/www.meydan.tv\\\/az\\\/#website\"},\"primaryImageOfPage\":{\"@id\":\"https:\\\/\\\/www.meydan.tv\\\/az\\\/article\\\/ekspert-bu-qerari-toylara-icaze-verilmir-kimi-anlamaq-daha-dogru-olar\\\/#primaryimage\"},\"image\":{\"@id\":\"https:\\\/\\\/www.meydan.tv\\\/az\\\/article\\\/ekspert-bu-qerari-toylara-icaze-verilmir-kimi-anlamaq-daha-dogru-olar\\\/#primaryimage\"},\"thumbnailUrl\":\"https:\\\/\\\/www.meydan.tv\\\/wp-content\\\/uploads\\\/b0c8e505-5393-3abb-930c-d426d1efb23f_824.jpg\",\"datePublished\":\"2021-06-22T14:31:21+00:00\",\"breadcrumb\":{\"@id\":\"https:\\\/\\\/www.meydan.tv\\\/az\\\/article\\\/ekspert-bu-qerari-toylara-icaze-verilmir-kimi-anlamaq-daha-dogru-olar\\\/#breadcrumb\"},\"inLanguage\":\"az\",\"potentialAction\":[{\"@type\":\"ReadAction\",\"target\":[\"https:\\\/\\\/www.meydan.tv\\\/az\\\/article\\\/ekspert-bu-qerari-toylara-icaze-verilmir-kimi-anlamaq-daha-dogru-olar\\\/\"]}]},{\"@type\":\"ImageObject\",\"inLanguage\":\"az\",\"@id\":\"https:\\\/\\\/www.meydan.tv\\\/az\\\/article\\\/ekspert-bu-qerari-toylara-icaze-verilmir-kimi-anlamaq-daha-dogru-olar\\\/#primaryimage\",\"url\":\"https:\\\/\\\/www.meydan.tv\\\/wp-content\\\/uploads\\\/b0c8e505-5393-3abb-930c-d426d1efb23f_824.jpg\",\"contentUrl\":\"https:\\\/\\\/www.meydan.tv\\\/wp-content\\\/uploads\\\/b0c8e505-5393-3abb-930c-d426d1efb23f_824.jpg\",\"width\":878,\"height\":482,\"caption\":\"Source: Fed.az\"},{\"@type\":\"BreadcrumbList\",\"@id\":\"https:\\\/\\\/www.meydan.tv\\\/az\\\/article\\\/ekspert-bu-qerari-toylara-icaze-verilmir-kimi-anlamaq-daha-dogru-olar\\\/#breadcrumb\",\"itemListElement\":[{\"@type\":\"ListItem\",\"position\":1,\"name\":\"Ana s\u0259hif\u0259\",\"item\":\"https:\\\/\\\/www.meydan.tv\\\/az\\\/\"},{\"@type\":\"ListItem\",\"position\":2,\"name\":\"Sosial\",\"item\":\"https:\\\/\\\/www.meydan.tv\\\/az\\\/section\\\/sosial\\\/\"},{\"@type\":\"ListItem\",\"position\":3,\"name\":\"Ekspert: Bu q\u0259rar\u0131 &#8220;toylara icaz\u0259 verilmir&#8221; kimi anlamaq daha do\u011fru olar\"}]},{\"@type\":\"WebSite\",\"@id\":\"https:\\\/\\\/www.meydan.tv\\\/az\\\/#website\",\"url\":\"https:\\\/\\\/www.meydan.tv\\\/az\\\/\",\"name\":\"MEYDAN.TV\",\"description\":\"Meydan TV Az\u0259rbaycan\u0131n media m\u0259kan\u0131ndak\u0131 alternativ s\u0259sidir\",\"publisher\":{\"@id\":\"https:\\\/\\\/www.meydan.tv\\\/az\\\/#organization\"},\"potentialAction\":[{\"@type\":\"SearchAction\",\"target\":{\"@type\":\"EntryPoint\",\"urlTemplate\":\"https:\\\/\\\/www.meydan.tv\\\/az\\\/?s={search_term_string}\"},\"query-input\":{\"@type\":\"PropertyValueSpecification\",\"valueRequired\":true,\"valueName\":\"search_term_string\"}}],\"inLanguage\":\"az\"},{\"@type\":\"Organization\",\"@id\":\"https:\\\/\\\/www.meydan.tv\\\/az\\\/#organization\",\"name\":\"Meydan TV\",\"url\":\"https:\\\/\\\/www.meydan.tv\\\/az\\\/\",\"logo\":{\"@type\":\"ImageObject\",\"inLanguage\":\"az\",\"@id\":\"https:\\\/\\\/www.meydan.tv\\\/az\\\/#\\\/schema\\\/logo\\\/image\\\/\",\"url\":\"https:\\\/\\\/www.meydan.tv\\\/wp-content\\\/uploads\\\/2021\\\/07\\\/meydan-logo.svg\",\"contentUrl\":\"https:\\\/\\\/www.meydan.tv\\\/wp-content\\\/uploads\\\/2021\\\/07\\\/meydan-logo.svg\",\"width\":195,\"height\":46,\"caption\":\"Meydan TV\"},\"image\":{\"@id\":\"https:\\\/\\\/www.meydan.tv\\\/az\\\/#\\\/schema\\\/logo\\\/image\\\/\"}},{\"@type\":\"Person\",\"@id\":\"https:\\\/\\\/www.meydan.tv\\\/az\\\/#\\\/schema\\\/person\\\/10d11eccf6da3662cf5fdab9806ea91a\",\"name\":\"user-manager\"}]}<\/script>\n<!-- \/ Yoast SEO plugin. -->","yoast_head_json":{"title":"Ekspert: Bu q\u0259rar\u0131 \"toylara icaz\u0259 verilmir\" kimi anlamaq daha do\u011fru olar - MEYDAN.TV","robots":{"index":"index","follow":"follow","max-snippet":"max-snippet:-1","max-image-preview":"max-image-preview:large","max-video-preview":"max-video-preview:-1"},"canonical":"https:\/\/www.meydan.tv\/az\/article\/ekspert-bu-qerari-toylara-icaze-verilmir-kimi-anlamaq-daha-dogru-olar\/","og_locale":"az_AZ","og_type":"article","og_title":"Ekspert: Bu q\u0259rar\u0131 \"toylara icaz\u0259 verilmir\" kimi anlamaq daha do\u011fru olar - MEYDAN.TV","og_description":"\"Ev yiy\u0259sin\u0259 d\u0259 rahat olur, m\u0259clis bazar-va\u011fzala d\u00f6nm\u00fcr, toya yaln\u0131z yax\u0131nlar, yaln\u0131z do\u011fmalar d\u0259v\u0259t al\u0131r\"","og_url":"https:\/\/www.meydan.tv\/az\/article\/ekspert-bu-qerari-toylara-icaze-verilmir-kimi-anlamaq-daha-dogru-olar\/","og_site_name":"MEYDAN.TV","article_published_time":"2021-06-22T14:31:21+00:00","og_image":[{"width":878,"height":482,"url":"https:\/\/www.meydan.tv\/wp-content\/uploads\/b0c8e505-5393-3abb-930c-d426d1efb23f_824.jpg","type":"image\/jpeg"}],"author":"user-manager","twitter_card":"summary_large_image","schema":{"@context":"https:\/\/schema.org","@graph":[{"@type":"Article","@id":"https:\/\/www.meydan.tv\/az\/article\/ekspert-bu-qerari-toylara-icaze-verilmir-kimi-anlamaq-daha-dogru-olar\/#article","isPartOf":{"@id":"https:\/\/www.meydan.tv\/az\/article\/ekspert-bu-qerari-toylara-icaze-verilmir-kimi-anlamaq-daha-dogru-olar\/"},"author":{"name":"user-manager","@id":"https:\/\/www.meydan.tv\/az\/#\/schema\/person\/10d11eccf6da3662cf5fdab9806ea91a"},"headline":"Ekspert: Bu q\u0259rar\u0131 &#8220;toylara icaz\u0259 verilmir&#8221; kimi anlamaq daha do\u011fru olar","datePublished":"2021-06-22T14:31:21+00:00","mainEntityOfPage":{"@id":"https:\/\/www.meydan.tv\/az\/article\/ekspert-bu-qerari-toylara-icaze-verilmir-kimi-anlamaq-daha-dogru-olar\/"},"wordCount":1729,"publisher":{"@id":"https:\/\/www.meydan.tv\/az\/#organization"},"image":{"@id":"https:\/\/www.meydan.tv\/az\/article\/ekspert-bu-qerari-toylara-icaze-verilmir-kimi-anlamaq-daha-dogru-olar\/#primaryimage"},"thumbnailUrl":"https:\/\/www.meydan.tv\/wp-content\/uploads\/b0c8e505-5393-3abb-930c-d426d1efb23f_824.jpg","articleSection":["Sosial"],"inLanguage":"az"},{"@type":"WebPage","@id":"https:\/\/www.meydan.tv\/az\/article\/ekspert-bu-qerari-toylara-icaze-verilmir-kimi-anlamaq-daha-dogru-olar\/","url":"https:\/\/www.meydan.tv\/az\/article\/ekspert-bu-qerari-toylara-icaze-verilmir-kimi-anlamaq-daha-dogru-olar\/","name":"Ekspert: Bu q\u0259rar\u0131 \"toylara icaz\u0259 verilmir\" kimi anlamaq daha do\u011fru olar - MEYDAN.TV","isPartOf":{"@id":"https:\/\/www.meydan.tv\/az\/#website"},"primaryImageOfPage":{"@id":"https:\/\/www.meydan.tv\/az\/article\/ekspert-bu-qerari-toylara-icaze-verilmir-kimi-anlamaq-daha-dogru-olar\/#primaryimage"},"image":{"@id":"https:\/\/www.meydan.tv\/az\/article\/ekspert-bu-qerari-toylara-icaze-verilmir-kimi-anlamaq-daha-dogru-olar\/#primaryimage"},"thumbnailUrl":"https:\/\/www.meydan.tv\/wp-content\/uploads\/b0c8e505-5393-3abb-930c-d426d1efb23f_824.jpg","datePublished":"2021-06-22T14:31:21+00:00","breadcrumb":{"@id":"https:\/\/www.meydan.tv\/az\/article\/ekspert-bu-qerari-toylara-icaze-verilmir-kimi-anlamaq-daha-dogru-olar\/#breadcrumb"},"inLanguage":"az","potentialAction":[{"@type":"ReadAction","target":["https:\/\/www.meydan.tv\/az\/article\/ekspert-bu-qerari-toylara-icaze-verilmir-kimi-anlamaq-daha-dogru-olar\/"]}]},{"@type":"ImageObject","inLanguage":"az","@id":"https:\/\/www.meydan.tv\/az\/article\/ekspert-bu-qerari-toylara-icaze-verilmir-kimi-anlamaq-daha-dogru-olar\/#primaryimage","url":"https:\/\/www.meydan.tv\/wp-content\/uploads\/b0c8e505-5393-3abb-930c-d426d1efb23f_824.jpg","contentUrl":"https:\/\/www.meydan.tv\/wp-content\/uploads\/b0c8e505-5393-3abb-930c-d426d1efb23f_824.jpg","width":878,"height":482,"caption":"Source: Fed.az"},{"@type":"BreadcrumbList","@id":"https:\/\/www.meydan.tv\/az\/article\/ekspert-bu-qerari-toylara-icaze-verilmir-kimi-anlamaq-daha-dogru-olar\/#breadcrumb","itemListElement":[{"@type":"ListItem","position":1,"name":"Ana s\u0259hif\u0259","item":"https:\/\/www.meydan.tv\/az\/"},{"@type":"ListItem","position":2,"name":"Sosial","item":"https:\/\/www.meydan.tv\/az\/section\/sosial\/"},{"@type":"ListItem","position":3,"name":"Ekspert: Bu q\u0259rar\u0131 &#8220;toylara icaz\u0259 verilmir&#8221; kimi anlamaq daha do\u011fru olar"}]},{"@type":"WebSite","@id":"https:\/\/www.meydan.tv\/az\/#website","url":"https:\/\/www.meydan.tv\/az\/","name":"MEYDAN.TV","description":"Meydan TV Az\u0259rbaycan\u0131n media m\u0259kan\u0131ndak\u0131 alternativ s\u0259sidir","publisher":{"@id":"https:\/\/www.meydan.tv\/az\/#organization"},"potentialAction":[{"@type":"SearchAction","target":{"@type":"EntryPoint","urlTemplate":"https:\/\/www.meydan.tv\/az\/?s={search_term_string}"},"query-input":{"@type":"PropertyValueSpecification","valueRequired":true,"valueName":"search_term_string"}}],"inLanguage":"az"},{"@type":"Organization","@id":"https:\/\/www.meydan.tv\/az\/#organization","name":"Meydan TV","url":"https:\/\/www.meydan.tv\/az\/","logo":{"@type":"ImageObject","inLanguage":"az","@id":"https:\/\/www.meydan.tv\/az\/#\/schema\/logo\/image\/","url":"https:\/\/www.meydan.tv\/wp-content\/uploads\/2021\/07\/meydan-logo.svg","contentUrl":"https:\/\/www.meydan.tv\/wp-content\/uploads\/2021\/07\/meydan-logo.svg","width":195,"height":46,"caption":"Meydan TV"},"image":{"@id":"https:\/\/www.meydan.tv\/az\/#\/schema\/logo\/image\/"}},{"@type":"Person","@id":"https:\/\/www.meydan.tv\/az\/#\/schema\/person\/10d11eccf6da3662cf5fdab9806ea91a","name":"user-manager"}]}},"_links":{"self":[{"href":"https:\/\/www.meydan.tv\/az\/wp-json\/wp\/v2\/posts\/206861","targetHints":{"allow":["GET"]}}],"collection":[{"href":"https:\/\/www.meydan.tv\/az\/wp-json\/wp\/v2\/posts"}],"about":[{"href":"https:\/\/www.meydan.tv\/az\/wp-json\/wp\/v2\/types\/post"}],"author":[{"embeddable":true,"href":"https:\/\/www.meydan.tv\/az\/wp-json\/wp\/v2\/users\/11"}],"replies":[{"embeddable":true,"href":"https:\/\/www.meydan.tv\/az\/wp-json\/wp\/v2\/comments?post=206861"}],"version-history":[{"count":0,"href":"https:\/\/www.meydan.tv\/az\/wp-json\/wp\/v2\/posts\/206861\/revisions"}],"wp:featuredmedia":[{"embeddable":true,"href":"https:\/\/www.meydan.tv\/az\/wp-json\/wp\/v2\/media\/162561"}],"wp:attachment":[{"href":"https:\/\/www.meydan.tv\/az\/wp-json\/wp\/v2\/media?parent=206861"}],"wp:term":[{"taxonomy":"category","embeddable":true,"href":"https:\/\/www.meydan.tv\/az\/wp-json\/wp\/v2\/categories?post=206861"},{"taxonomy":"post_tag","embeddable":true,"href":"https:\/\/www.meydan.tv\/az\/wp-json\/wp\/v2\/tags?post=206861"}],"curies":[{"name":"wp","href":"https:\/\/api.w.org\/{rel}","templated":true}]}}