{"id":206854,"date":"2021-06-22T11:25:38","date_gmt":"2021-06-22T11:25:38","guid":{"rendered":"https:\/\/www.meydan.tv\/article\/koronaviruslu-xestelere-gore-emekhaqqina-elaveler-hele-de-odenilmeyib\/"},"modified":"2021-06-22T11:25:38","modified_gmt":"2021-06-22T11:25:38","slug":"koronaviruslu-xestelere-gore-emekhaqqina-elaveler-hele-de-odenilmeyib","status":"publish","type":"post","link":"https:\/\/www.meydan.tv\/az\/article\/koronaviruslu-xestelere-gore-emekhaqqina-elaveler-hele-de-odenilmeyib\/","title":{"rendered":"\u00abKoronaviruslu x\u0259st\u0259l\u0259r\u0259 g\u00f6r\u0259 \u0259m\u0259khaqq\u0131na \u0259lav\u0259l\u0259r h\u0259l\u0259 d\u0259 \u00f6d\u0259nilm\u0259yib\u201d"},"content":{"rendered":"<p>\n  Klinik Tibbi M\u0259rk\u0259zin h\u0259kiml\u0259ri \u015fikay\u0259t edir\n<\/p>\n<p>\n  Klinik Tibbi M\u0259rk\u0259z (\u00abSema\u015fko\u00bb) \u00f6t\u0259n h\u0259ft\u0259d\u0259n koronaviruslu x\u0259st\u0259l\u0259rin q\u0259bulunu dayand\u0131r\u0131b. X\u0259st\u0259xanada m\u00fcalic\u0259 alan koronavirusa yoluxmu\u015f x\u0259st\u0259l\u0259r M\u0259rk\u0259zi Neft\u00e7il\u0259r X\u0259st\u0259xanas\u0131na k\u00f6\u00e7\u00fcr\u00fcl\u00fcbl\u0259r.\n<\/p>\n<p>\n  Bu bar\u0259d\u0259 Meydan TV-y\u0259 klinikada \u00e7al\u0131\u015fan h\u0259kiml\u0259r m\u0259lumat veribl\u0259r. Bildirilib ki, x\u0259st\u0259xana s\u0131\u011forta sistemin\u0259 ke\u00e7ir, \u015f\u00f6b\u0259l\u0259rd\u0259 haz\u0131rl\u0131q i\u015fl\u0259rin\u0259 ba\u015flan\u0131l\u0131b.\n<\/p>\n<p>\n  \u00abKoronaviruslu x\u0259st\u0259l\u0259r\u0259 g\u00f6r\u0259 \u0259m\u0259khaqq\u0131na \u0259lav\u0259l\u0259r h\u0259l\u0259 d\u0259 \u00f6d\u0259nilm\u0259yib. \u0130ndi d\u0259 s\u0131\u011forta sisteminin t\u0259tbiqi il\u0259 ba\u011fl\u0131 g\u0259rginlik ya\u015fan\u0131r. X\u0259st\u0259xanada \u00e7al\u0131\u015fan h\u0259kiml\u0259rin \u0259ks\u0259riyy\u0259ti \u00f6z\u0259l klinikalarla \u0259m\u0259kda\u015fl\u0131\u011fa ba\u015flay\u0131b\u00bb, &#8211; ad\u0131n\u0131n \u00e7\u0259kilm\u0259sini ist\u0259m\u0259y\u0259n c\u0259rrahlardan biri deyib.\n<\/p>\n<p>\n  Onun s\u00f6zl\u0259rin\u0259 g\u00f6r\u0259, x\u0259st\u0259si olmayan, y\u0259ni limiti doldura bilm\u0259y\u0259n h\u0259kiml\u0259rl\u0259 \u0259m\u0259kda\u015fl\u0131\u011fa son qoyulaca\u011f\u0131 il\u0259 ba\u011fl\u0131 x\u0259b\u0259rdarl\u0131q edilib, yax\u0131n aylarda ixtisarlar g\u00f6zl\u0259nilir.\n<\/p>\n<p>\n  \u201cH\u0259kiml\u0259rin \u00f6zl\u0259ri d\u0259 ilk iki-\u00fc\u00e7 ayl\u0131q maa\u015fdan sonra d\u00f6vl\u0259t x\u0259st\u0259xanas\u0131nda qal\u0131b-qalmayaca\u011f\u0131n\u0131 bilmirl\u0259r. Art\u0131q klinikan\u0131n t\u0259cr\u00fcb\u0259li, tan\u0131nm\u0131\u015f 3 h\u0259kimi \u00f6z\u0259l x\u0259st\u0259xanalarda i\u015f t\u0259klifini q\u0259bul edib\u201d, &#8211; m\u0259nb\u0259 deyib.\n<\/p>\n<p>\n  Ba\u015fqa bir h\u0259kim is\u0259 deyib ki, ill\u0259rdir Az\u0259rbaycanda s\u0131\u011forta t\u0259tbiq olunur, ancaq h\u0259l\u0259 d\u0259 t\u0259cr\u00fcb\u0259 formala\u015fmay\u0131b, naraz\u0131l\u0131qlar \u00e7oxdur:\n<\/p>\n<figure class=\"wp-block-image size-large\">\n  <img decoding=\"async\" src=\"https:\/\/www.meydan.tv\/az\/download-jpeg\/\" alt=\"download.jpeg\" class=\"wp-image-139428\"\/><figcaption>\n    Klinik Tibbi M\u0259rk\u0259z<br \/>\n  <\/figcaption><\/figure>\n<p>\n  \u201cB\u0259zi rayonlarda \u0259m\u0259liyyatda g\u00f6r\u0259 s\u0131\u011forta \u00f6d\u0259ni\u015fl\u0259rinin aylarla gecikdirilm\u0259si hallar\u0131 var. Buna g\u00f6r\u0259 d\u0259 h\u0259kiml\u0259r m\u0259cburiyy\u0259t qar\u015f\u0131s\u0131nda iki, h\u0259tta \u00fc\u00e7 klinika il\u0259 \u0259m\u0259kda\u015fl\u0131q edirl\u0259r. Aralar\u0131nda s\u0259h\u0259r saat 8-d\u0259n ax\u015fam 8-d\u0259k \u00e7al\u0131\u015fanlar var. Bel\u0259 halda h\u0259kimd\u0259n hans\u0131 keyfiyy\u0259t ist\u0259nil\u0259 bil\u0259r? 500 manat maa\u015f alan h\u0259kimd\u0259n keyfiyy\u0259tli xidm\u0259t t\u0259l\u0259b edilm\u0259si \u0259n az\u0131 \u0259dal\u0259tizlikdir. Kurslara qat\u0131lma\u011fa, d\u00fcnya tibbind\u0259 ba\u015f ver\u0259n yenilikl\u0259ri \u00f6yr\u0259nm\u0259y\u0259 vaxt qalm\u0131r\u00bb.\n<\/p>\n<p>\n  H\u0259kim iddia edib ki, yax\u0131n 1-2 il\u0259 d\u00f6vl\u0259t x\u0259st\u0259xanalar\u0131nda tibbi kadr \u00e7at\u0131\u015fmazl\u0131\u011f\u0131 ya\u015fanacaq:\n<\/p>\n<p>\n  \u201cArt\u0131q naraz\u0131l\u0131qlar ba\u015flan\u0131l\u0131b, qeyri-m\u00fc\u0259yy\u0259nlik tibb i\u015f\u00e7il\u0259rini g\u0259rginlik i\u00e7\u0259risind\u0259 saxlay\u0131r\u201d.\n<\/p>\n<p>\n  T\u018fB\u0130B-d\u0259n Meydan TV-y\u0259 deyibl\u0259r ki, h\u0259kiml\u0259rin iradlar\u0131na \u0130cbari Tibbi S\u0131\u011forta \u00fczr\u0259 D\u00f6vl\u0259t Agentliyi cavab ver\u0259 bil\u0259r. Agentlikd\u0259n is\u0259 h\u0259kiml\u0259rin s\u00f6yl\u0259dikl\u0259rini \u015f\u0259rh etm\u0259k ist\u0259m\u0259yibl\u0259r.<\/p>\n","protected":false},"excerpt":{"rendered":"<p>\u201cB\u0259zi rayonlarda \u0259m\u0259liyyatda g\u00f6r\u0259 s\u0131\u011forta \u00f6d\u0259ni\u015fl\u0259rinin aylarla gecikdirilm\u0259si hallar\u0131 var&#8221;<\/p>\n","protected":false},"author":11,"featured_media":161616,"comment_status":"closed","ping_status":"open","sticky":false,"template":"","format":"standard","meta":{"_acf_changed":false,"_sitemap_exclude":false,"_sitemap_priority":"","_sitemap_frequency":"","footnotes":""},"categories":[54],"tags":[],"class_list":["post-206854","post","type-post","status-publish","format-standard","has-post-thumbnail","hentry","category-sagliq","infinite-scroll-item","generate-columns","tablet-grid-50","mobile-grid-100","grid-parent","grid-33","no-featured-image-padding"],"acf":[],"yoast_head":"<!-- This site is optimized with the Yoast SEO plugin v27.4 - https:\/\/yoast.com\/product\/yoast-seo-wordpress\/ -->\n<title>\u00abKoronaviruslu x\u0259st\u0259l\u0259r\u0259 g\u00f6r\u0259 \u0259m\u0259khaqq\u0131na \u0259lav\u0259l\u0259r h\u0259l\u0259 d\u0259 \u00f6d\u0259nilm\u0259yib\u201d - MEYDAN.TV<\/title>\n<meta name=\"robots\" content=\"index, follow, max-snippet:-1, max-image-preview:large, max-video-preview:-1\" \/>\n<link rel=\"canonical\" href=\"https:\/\/www.meydan.tv\/az\/article\/koronaviruslu-xestelere-gore-emekhaqqina-elaveler-hele-de-odenilmeyib\/\" \/>\n<meta property=\"og:locale\" content=\"az_AZ\" \/>\n<meta property=\"og:type\" content=\"article\" \/>\n<meta property=\"og:title\" content=\"\u00abKoronaviruslu x\u0259st\u0259l\u0259r\u0259 g\u00f6r\u0259 \u0259m\u0259khaqq\u0131na \u0259lav\u0259l\u0259r h\u0259l\u0259 d\u0259 \u00f6d\u0259nilm\u0259yib\u201d - MEYDAN.TV\" \/>\n<meta property=\"og:description\" content=\"\u201cB\u0259zi rayonlarda \u0259m\u0259liyyatda g\u00f6r\u0259 s\u0131\u011forta \u00f6d\u0259ni\u015fl\u0259rinin aylarla gecikdirilm\u0259si hallar\u0131 var&quot;\" \/>\n<meta property=\"og:url\" content=\"https:\/\/www.meydan.tv\/az\/article\/koronaviruslu-xestelere-gore-emekhaqqina-elaveler-hele-de-odenilmeyib\/\" \/>\n<meta property=\"og:site_name\" content=\"MEYDAN.TV\" \/>\n<meta property=\"article:published_time\" content=\"2021-06-22T11:25:38+00:00\" \/>\n<meta property=\"og:image\" content=\"https:\/\/www.meydan.tv\/wp-content\/uploads\/covid1-scaled.jpg\" \/>\n\t<meta property=\"og:image:width\" content=\"2560\" \/>\n\t<meta property=\"og:image:height\" content=\"1440\" \/>\n\t<meta property=\"og:image:type\" content=\"image\/jpeg\" \/>\n<meta name=\"author\" content=\"user-manager\" \/>\n<meta name=\"twitter:card\" content=\"summary_large_image\" \/>\n<script type=\"application\/ld+json\" class=\"yoast-schema-graph\">{\"@context\":\"https:\\\/\\\/schema.org\",\"@graph\":[{\"@type\":\"Article\",\"@id\":\"https:\\\/\\\/www.meydan.tv\\\/az\\\/article\\\/koronaviruslu-xestelere-gore-emekhaqqina-elaveler-hele-de-odenilmeyib\\\/#article\",\"isPartOf\":{\"@id\":\"https:\\\/\\\/www.meydan.tv\\\/az\\\/article\\\/koronaviruslu-xestelere-gore-emekhaqqina-elaveler-hele-de-odenilmeyib\\\/\"},\"author\":{\"name\":\"user-manager\",\"@id\":\"https:\\\/\\\/www.meydan.tv\\\/az\\\/#\\\/schema\\\/person\\\/10d11eccf6da3662cf5fdab9806ea91a\"},\"headline\":\"\u00abKoronaviruslu x\u0259st\u0259l\u0259r\u0259 g\u00f6r\u0259 \u0259m\u0259khaqq\u0131na \u0259lav\u0259l\u0259r h\u0259l\u0259 d\u0259 \u00f6d\u0259nilm\u0259yib\u201d\",\"datePublished\":\"2021-06-22T11:25:38+00:00\",\"mainEntityOfPage\":{\"@id\":\"https:\\\/\\\/www.meydan.tv\\\/az\\\/article\\\/koronaviruslu-xestelere-gore-emekhaqqina-elaveler-hele-de-odenilmeyib\\\/\"},\"wordCount\":510,\"publisher\":{\"@id\":\"https:\\\/\\\/www.meydan.tv\\\/az\\\/#organization\"},\"image\":{\"@id\":\"https:\\\/\\\/www.meydan.tv\\\/az\\\/article\\\/koronaviruslu-xestelere-gore-emekhaqqina-elaveler-hele-de-odenilmeyib\\\/#primaryimage\"},\"thumbnailUrl\":\"https:\\\/\\\/www.meydan.tv\\\/wp-content\\\/uploads\\\/covid1-scaled.jpg\",\"articleSection\":[\"Sa\u011fl\u0131q\"],\"inLanguage\":\"az\"},{\"@type\":\"WebPage\",\"@id\":\"https:\\\/\\\/www.meydan.tv\\\/az\\\/article\\\/koronaviruslu-xestelere-gore-emekhaqqina-elaveler-hele-de-odenilmeyib\\\/\",\"url\":\"https:\\\/\\\/www.meydan.tv\\\/az\\\/article\\\/koronaviruslu-xestelere-gore-emekhaqqina-elaveler-hele-de-odenilmeyib\\\/\",\"name\":\"\u00abKoronaviruslu x\u0259st\u0259l\u0259r\u0259 g\u00f6r\u0259 \u0259m\u0259khaqq\u0131na \u0259lav\u0259l\u0259r h\u0259l\u0259 d\u0259 \u00f6d\u0259nilm\u0259yib\u201d - MEYDAN.TV\",\"isPartOf\":{\"@id\":\"https:\\\/\\\/www.meydan.tv\\\/az\\\/#website\"},\"primaryImageOfPage\":{\"@id\":\"https:\\\/\\\/www.meydan.tv\\\/az\\\/article\\\/koronaviruslu-xestelere-gore-emekhaqqina-elaveler-hele-de-odenilmeyib\\\/#primaryimage\"},\"image\":{\"@id\":\"https:\\\/\\\/www.meydan.tv\\\/az\\\/article\\\/koronaviruslu-xestelere-gore-emekhaqqina-elaveler-hele-de-odenilmeyib\\\/#primaryimage\"},\"thumbnailUrl\":\"https:\\\/\\\/www.meydan.tv\\\/wp-content\\\/uploads\\\/covid1-scaled.jpg\",\"datePublished\":\"2021-06-22T11:25:38+00:00\",\"breadcrumb\":{\"@id\":\"https:\\\/\\\/www.meydan.tv\\\/az\\\/article\\\/koronaviruslu-xestelere-gore-emekhaqqina-elaveler-hele-de-odenilmeyib\\\/#breadcrumb\"},\"inLanguage\":\"az\",\"potentialAction\":[{\"@type\":\"ReadAction\",\"target\":[\"https:\\\/\\\/www.meydan.tv\\\/az\\\/article\\\/koronaviruslu-xestelere-gore-emekhaqqina-elaveler-hele-de-odenilmeyib\\\/\"]}]},{\"@type\":\"ImageObject\",\"inLanguage\":\"az\",\"@id\":\"https:\\\/\\\/www.meydan.tv\\\/az\\\/article\\\/koronaviruslu-xestelere-gore-emekhaqqina-elaveler-hele-de-odenilmeyib\\\/#primaryimage\",\"url\":\"https:\\\/\\\/www.meydan.tv\\\/wp-content\\\/uploads\\\/covid1-scaled.jpg\",\"contentUrl\":\"https:\\\/\\\/www.meydan.tv\\\/wp-content\\\/uploads\\\/covid1-scaled.jpg\",\"width\":2560,\"height\":1440,\"caption\":\"Source: Meydan TV\"},{\"@type\":\"BreadcrumbList\",\"@id\":\"https:\\\/\\\/www.meydan.tv\\\/az\\\/article\\\/koronaviruslu-xestelere-gore-emekhaqqina-elaveler-hele-de-odenilmeyib\\\/#breadcrumb\",\"itemListElement\":[{\"@type\":\"ListItem\",\"position\":1,\"name\":\"Ana s\u0259hif\u0259\",\"item\":\"https:\\\/\\\/www.meydan.tv\\\/az\\\/\"},{\"@type\":\"ListItem\",\"position\":2,\"name\":\"Sa\u011fl\u0131q\",\"item\":\"https:\\\/\\\/www.meydan.tv\\\/az\\\/section\\\/sagliq\\\/\"},{\"@type\":\"ListItem\",\"position\":3,\"name\":\"\u00abKoronaviruslu x\u0259st\u0259l\u0259r\u0259 g\u00f6r\u0259 \u0259m\u0259khaqq\u0131na \u0259lav\u0259l\u0259r h\u0259l\u0259 d\u0259 \u00f6d\u0259nilm\u0259yib\u201d\"}]},{\"@type\":\"WebSite\",\"@id\":\"https:\\\/\\\/www.meydan.tv\\\/az\\\/#website\",\"url\":\"https:\\\/\\\/www.meydan.tv\\\/az\\\/\",\"name\":\"MEYDAN.TV\",\"description\":\"Meydan TV Az\u0259rbaycan\u0131n media m\u0259kan\u0131ndak\u0131 alternativ s\u0259sidir\",\"publisher\":{\"@id\":\"https:\\\/\\\/www.meydan.tv\\\/az\\\/#organization\"},\"potentialAction\":[{\"@type\":\"SearchAction\",\"target\":{\"@type\":\"EntryPoint\",\"urlTemplate\":\"https:\\\/\\\/www.meydan.tv\\\/az\\\/?s={search_term_string}\"},\"query-input\":{\"@type\":\"PropertyValueSpecification\",\"valueRequired\":true,\"valueName\":\"search_term_string\"}}],\"inLanguage\":\"az\"},{\"@type\":\"Organization\",\"@id\":\"https:\\\/\\\/www.meydan.tv\\\/az\\\/#organization\",\"name\":\"Meydan TV\",\"url\":\"https:\\\/\\\/www.meydan.tv\\\/az\\\/\",\"logo\":{\"@type\":\"ImageObject\",\"inLanguage\":\"az\",\"@id\":\"https:\\\/\\\/www.meydan.tv\\\/az\\\/#\\\/schema\\\/logo\\\/image\\\/\",\"url\":\"https:\\\/\\\/www.meydan.tv\\\/wp-content\\\/uploads\\\/2021\\\/07\\\/meydan-logo.svg\",\"contentUrl\":\"https:\\\/\\\/www.meydan.tv\\\/wp-content\\\/uploads\\\/2021\\\/07\\\/meydan-logo.svg\",\"width\":195,\"height\":46,\"caption\":\"Meydan TV\"},\"image\":{\"@id\":\"https:\\\/\\\/www.meydan.tv\\\/az\\\/#\\\/schema\\\/logo\\\/image\\\/\"}},{\"@type\":\"Person\",\"@id\":\"https:\\\/\\\/www.meydan.tv\\\/az\\\/#\\\/schema\\\/person\\\/10d11eccf6da3662cf5fdab9806ea91a\",\"name\":\"user-manager\"}]}<\/script>\n<!-- \/ Yoast SEO plugin. -->","yoast_head_json":{"title":"\u00abKoronaviruslu x\u0259st\u0259l\u0259r\u0259 g\u00f6r\u0259 \u0259m\u0259khaqq\u0131na \u0259lav\u0259l\u0259r h\u0259l\u0259 d\u0259 \u00f6d\u0259nilm\u0259yib\u201d - MEYDAN.TV","robots":{"index":"index","follow":"follow","max-snippet":"max-snippet:-1","max-image-preview":"max-image-preview:large","max-video-preview":"max-video-preview:-1"},"canonical":"https:\/\/www.meydan.tv\/az\/article\/koronaviruslu-xestelere-gore-emekhaqqina-elaveler-hele-de-odenilmeyib\/","og_locale":"az_AZ","og_type":"article","og_title":"\u00abKoronaviruslu x\u0259st\u0259l\u0259r\u0259 g\u00f6r\u0259 \u0259m\u0259khaqq\u0131na \u0259lav\u0259l\u0259r h\u0259l\u0259 d\u0259 \u00f6d\u0259nilm\u0259yib\u201d - MEYDAN.TV","og_description":"\u201cB\u0259zi rayonlarda \u0259m\u0259liyyatda g\u00f6r\u0259 s\u0131\u011forta \u00f6d\u0259ni\u015fl\u0259rinin aylarla gecikdirilm\u0259si hallar\u0131 var\"","og_url":"https:\/\/www.meydan.tv\/az\/article\/koronaviruslu-xestelere-gore-emekhaqqina-elaveler-hele-de-odenilmeyib\/","og_site_name":"MEYDAN.TV","article_published_time":"2021-06-22T11:25:38+00:00","og_image":[{"width":2560,"height":1440,"url":"https:\/\/www.meydan.tv\/wp-content\/uploads\/covid1-scaled.jpg","type":"image\/jpeg"}],"author":"user-manager","twitter_card":"summary_large_image","schema":{"@context":"https:\/\/schema.org","@graph":[{"@type":"Article","@id":"https:\/\/www.meydan.tv\/az\/article\/koronaviruslu-xestelere-gore-emekhaqqina-elaveler-hele-de-odenilmeyib\/#article","isPartOf":{"@id":"https:\/\/www.meydan.tv\/az\/article\/koronaviruslu-xestelere-gore-emekhaqqina-elaveler-hele-de-odenilmeyib\/"},"author":{"name":"user-manager","@id":"https:\/\/www.meydan.tv\/az\/#\/schema\/person\/10d11eccf6da3662cf5fdab9806ea91a"},"headline":"\u00abKoronaviruslu x\u0259st\u0259l\u0259r\u0259 g\u00f6r\u0259 \u0259m\u0259khaqq\u0131na \u0259lav\u0259l\u0259r h\u0259l\u0259 d\u0259 \u00f6d\u0259nilm\u0259yib\u201d","datePublished":"2021-06-22T11:25:38+00:00","mainEntityOfPage":{"@id":"https:\/\/www.meydan.tv\/az\/article\/koronaviruslu-xestelere-gore-emekhaqqina-elaveler-hele-de-odenilmeyib\/"},"wordCount":510,"publisher":{"@id":"https:\/\/www.meydan.tv\/az\/#organization"},"image":{"@id":"https:\/\/www.meydan.tv\/az\/article\/koronaviruslu-xestelere-gore-emekhaqqina-elaveler-hele-de-odenilmeyib\/#primaryimage"},"thumbnailUrl":"https:\/\/www.meydan.tv\/wp-content\/uploads\/covid1-scaled.jpg","articleSection":["Sa\u011fl\u0131q"],"inLanguage":"az"},{"@type":"WebPage","@id":"https:\/\/www.meydan.tv\/az\/article\/koronaviruslu-xestelere-gore-emekhaqqina-elaveler-hele-de-odenilmeyib\/","url":"https:\/\/www.meydan.tv\/az\/article\/koronaviruslu-xestelere-gore-emekhaqqina-elaveler-hele-de-odenilmeyib\/","name":"\u00abKoronaviruslu x\u0259st\u0259l\u0259r\u0259 g\u00f6r\u0259 \u0259m\u0259khaqq\u0131na \u0259lav\u0259l\u0259r h\u0259l\u0259 d\u0259 \u00f6d\u0259nilm\u0259yib\u201d - MEYDAN.TV","isPartOf":{"@id":"https:\/\/www.meydan.tv\/az\/#website"},"primaryImageOfPage":{"@id":"https:\/\/www.meydan.tv\/az\/article\/koronaviruslu-xestelere-gore-emekhaqqina-elaveler-hele-de-odenilmeyib\/#primaryimage"},"image":{"@id":"https:\/\/www.meydan.tv\/az\/article\/koronaviruslu-xestelere-gore-emekhaqqina-elaveler-hele-de-odenilmeyib\/#primaryimage"},"thumbnailUrl":"https:\/\/www.meydan.tv\/wp-content\/uploads\/covid1-scaled.jpg","datePublished":"2021-06-22T11:25:38+00:00","breadcrumb":{"@id":"https:\/\/www.meydan.tv\/az\/article\/koronaviruslu-xestelere-gore-emekhaqqina-elaveler-hele-de-odenilmeyib\/#breadcrumb"},"inLanguage":"az","potentialAction":[{"@type":"ReadAction","target":["https:\/\/www.meydan.tv\/az\/article\/koronaviruslu-xestelere-gore-emekhaqqina-elaveler-hele-de-odenilmeyib\/"]}]},{"@type":"ImageObject","inLanguage":"az","@id":"https:\/\/www.meydan.tv\/az\/article\/koronaviruslu-xestelere-gore-emekhaqqina-elaveler-hele-de-odenilmeyib\/#primaryimage","url":"https:\/\/www.meydan.tv\/wp-content\/uploads\/covid1-scaled.jpg","contentUrl":"https:\/\/www.meydan.tv\/wp-content\/uploads\/covid1-scaled.jpg","width":2560,"height":1440,"caption":"Source: Meydan TV"},{"@type":"BreadcrumbList","@id":"https:\/\/www.meydan.tv\/az\/article\/koronaviruslu-xestelere-gore-emekhaqqina-elaveler-hele-de-odenilmeyib\/#breadcrumb","itemListElement":[{"@type":"ListItem","position":1,"name":"Ana s\u0259hif\u0259","item":"https:\/\/www.meydan.tv\/az\/"},{"@type":"ListItem","position":2,"name":"Sa\u011fl\u0131q","item":"https:\/\/www.meydan.tv\/az\/section\/sagliq\/"},{"@type":"ListItem","position":3,"name":"\u00abKoronaviruslu x\u0259st\u0259l\u0259r\u0259 g\u00f6r\u0259 \u0259m\u0259khaqq\u0131na \u0259lav\u0259l\u0259r h\u0259l\u0259 d\u0259 \u00f6d\u0259nilm\u0259yib\u201d"}]},{"@type":"WebSite","@id":"https:\/\/www.meydan.tv\/az\/#website","url":"https:\/\/www.meydan.tv\/az\/","name":"MEYDAN.TV","description":"Meydan TV Az\u0259rbaycan\u0131n media m\u0259kan\u0131ndak\u0131 alternativ s\u0259sidir","publisher":{"@id":"https:\/\/www.meydan.tv\/az\/#organization"},"potentialAction":[{"@type":"SearchAction","target":{"@type":"EntryPoint","urlTemplate":"https:\/\/www.meydan.tv\/az\/?s={search_term_string}"},"query-input":{"@type":"PropertyValueSpecification","valueRequired":true,"valueName":"search_term_string"}}],"inLanguage":"az"},{"@type":"Organization","@id":"https:\/\/www.meydan.tv\/az\/#organization","name":"Meydan TV","url":"https:\/\/www.meydan.tv\/az\/","logo":{"@type":"ImageObject","inLanguage":"az","@id":"https:\/\/www.meydan.tv\/az\/#\/schema\/logo\/image\/","url":"https:\/\/www.meydan.tv\/wp-content\/uploads\/2021\/07\/meydan-logo.svg","contentUrl":"https:\/\/www.meydan.tv\/wp-content\/uploads\/2021\/07\/meydan-logo.svg","width":195,"height":46,"caption":"Meydan TV"},"image":{"@id":"https:\/\/www.meydan.tv\/az\/#\/schema\/logo\/image\/"}},{"@type":"Person","@id":"https:\/\/www.meydan.tv\/az\/#\/schema\/person\/10d11eccf6da3662cf5fdab9806ea91a","name":"user-manager"}]}},"_links":{"self":[{"href":"https:\/\/www.meydan.tv\/az\/wp-json\/wp\/v2\/posts\/206854","targetHints":{"allow":["GET"]}}],"collection":[{"href":"https:\/\/www.meydan.tv\/az\/wp-json\/wp\/v2\/posts"}],"about":[{"href":"https:\/\/www.meydan.tv\/az\/wp-json\/wp\/v2\/types\/post"}],"author":[{"embeddable":true,"href":"https:\/\/www.meydan.tv\/az\/wp-json\/wp\/v2\/users\/11"}],"replies":[{"embeddable":true,"href":"https:\/\/www.meydan.tv\/az\/wp-json\/wp\/v2\/comments?post=206854"}],"version-history":[{"count":0,"href":"https:\/\/www.meydan.tv\/az\/wp-json\/wp\/v2\/posts\/206854\/revisions"}],"wp:featuredmedia":[{"embeddable":true,"href":"https:\/\/www.meydan.tv\/az\/wp-json\/wp\/v2\/media\/161616"}],"wp:attachment":[{"href":"https:\/\/www.meydan.tv\/az\/wp-json\/wp\/v2\/media?parent=206854"}],"wp:term":[{"taxonomy":"category","embeddable":true,"href":"https:\/\/www.meydan.tv\/az\/wp-json\/wp\/v2\/categories?post=206854"},{"taxonomy":"post_tag","embeddable":true,"href":"https:\/\/www.meydan.tv\/az\/wp-json\/wp\/v2\/tags?post=206854"}],"curies":[{"name":"wp","href":"https:\/\/api.w.org\/{rel}","templated":true}]}}