{"id":206832,"date":"2021-06-21T14:32:37","date_gmt":"2021-06-21T14:32:37","guid":{"rendered":"https:\/\/www.meydan.tv\/article\/cexiya-denizinin-sahilindeki-azerbaycanlilar-anadan-biznesmen-olaraq-dogulmaq\/"},"modified":"2021-12-09T01:19:59","modified_gmt":"2021-12-08T21:19:59","slug":"cexiya-denizinin-sahilindeki-azerbaycanlilar-anadan-biznesmen-olaraq-dogulmaq","status":"publish","type":"post","link":"https:\/\/www.meydan.tv\/az\/article\/cexiya-denizinin-sahilindeki-azerbaycanlilar-anadan-biznesmen-olaraq-dogulmaq\/","title":{"rendered":"\u00c7exiya d\u0259nizinin sahilind\u0259ki az\u0259rbaycanl\u0131lar: anadan biznesmen olaraq do\u011fulmaq"},"content":{"rendered":"<p>Az\u0259rbaycanl\u0131 investorlar \u00c7exiyan\u0131n C\u0259nubi Bohemiya b\u00f6lg\u0259sini sevirl\u0259r. Yatan \u015firk\u0259tl\u0259r v\u0259 nam\u0259lum m\u0259nb\u0259l\u0259rd\u0259n g\u0259l\u0259n pullarla maliyy\u0259l\u0259\u015fdiril\u0259n yar\u0131m\u00e7\u0131q biznes lahiy\u0259l\u0259ri aras\u0131nda bir \u0259laq\u0259ndiricinin oldu\u011fu g\u00f6r\u00fcn\u00fcr &#8211; onun ad\u0131 El\u00e7in Kaz\u0131movdur. Yax\u015f\u0131 \u0259laq\u0259l\u0259ri olan i\u015f adam\u0131 \u00c7exiya Respublikas\u0131nda qeydiyyatdan ke\u00e7mi\u015f on bir Az\u0259rbaycan v\u0259 ya \u00c7exiya-Az\u0259rbaycan \u015firk\u0259tind\u0259 \u0259h\u0259miyy\u0259tli rol oynam\u0131\u015f v\u0259 ya oynama\u011fa davam edir. Az\u0259rbaycan medias\u0131 onu \u00c7exiyadak\u0131 az\u0259rbaycanl\u0131 icmas\u0131n\u0131n qurucusu kimi t\u0259qdim edir. O, C\u0259nubi Bohemiyada siyas\u0259tin n\u00fcfuzlu isiml\u0259ri il\u0259 \u015f\u0259kil \u00e7\u0259kdirir v\u0259 onlar \u00fc\u00e7\u00fcn v\u0259t\u0259ni Qafqaza s\u0259yah\u0259tl\u0259r t\u0259\u015fkil edir. Onlar aras\u0131nda m\u0259\u015fhur v\u0259 qalmaqall\u0131 siyas\u0259t\u00e7i v\u0259 i\u015f adam\u0131 Pavel Dlouhy, ki\u00e7ik bir \u015f\u0259h\u0259rin b\u0259l\u0259diyy\u0259 ba\u015f\u00e7\u0131s\u0131 v\u0259 \u00c7exiya Senat\u0131n\u0131n \u00fczv\u00fc Tomas Jirsch kimi \u015f\u0259xsl\u0259r d\u0259 var.<\/p>\n<p>Onun s\u00f6zl\u0259rin\u0259 g\u00f6r\u0259, El\u00e7in Kaz\u0131mov 2008-ci ild\u0259 ail\u0259si il\u0259 birlikd\u0259 ya\u015famaq \u00fc\u00e7\u00fcn \u00c7exiyaya k\u00f6\u00e7\u00fcb. \u00c7ex Respublikas\u0131 h\u00fczurlu v\u0259 sakit bir yer kimi g\u00f6r\u00fcn\u00fcrd\u00fc. Bununla yana\u015f\u0131, o, paytaxt Praqan\u0131n \u00e7ox izdihaml\u0131 v\u0259 az\u0259rbaycanl\u0131lar\u0131n sevimli kurort \u015f\u0259h\u0259ri olan Karlov\u0131 Var\u0131n\u0131 is\u0259 \u00e7ox pis \u015f\u00f6hr\u0259t\u0259 sahib oldu\u011funu d\u00fc\u015f\u00fcnd\u00fc. Bel\u0259likl\u0259, C\u0259nubi Bohemiya b\u00f6lg\u0259sinin paytaxt\u0131 Hluboka nad Vltavou yax\u0131nl\u0131\u011f\u0131nda z\u0259ngin v\u0259 n\u00fcfuzlu sakinl\u0259ri v\u0259 \u00fcmumi firavan h\u0259yat\u0131n olmas\u0131 il\u0259 tan\u0131nan ki\u00e7ik bir q\u0259s\u0259b\u0259y\u0259 y\u00f6n\u0259ldi. H\u0259r \u015feyd\u0259n \u0259vv\u0259l Kaz\u0131mov \u00e7ex dilini \u00f6yr\u0259nm\u0259k v\u0259 yerli sakinl\u0259ri tan\u0131maq ist\u0259yirdi. &#8220;\u018fvv\u0259lc\u0259 bir yer\u0259 getm\u0259k v\u0259 d\u0259rhal bir i\u015f qurma\u011fa ba\u015flamaq a\u011f\u0131ls\u0131zl\u0131q olard\u0131&#8221;,- o deyir. \u201cBel\u0259likl\u0259, c\u0259nab Kral\u0131 tapd\u0131m&#8221;.<\/p>\n<p>Jaromir Kral, az\u0259rbaycanl\u0131lar\u0131n C\u0259nubi Bohemiyadak\u0131 biznes hekay\u0259l\u0259ri bax\u0131m\u0131ndan olduqca vacibdir, \u00e7\u00fcnki bu, \u0259sas etibaril\u0259 onunla ba\u015flay\u0131b. Kaz\u0131mov \u201einvestigace.cz\u201c sayt\u0131na Kral\u0131n b\u00fct\u00fcn laz\u0131mi keyfiyy\u0259tl\u0259r\u0259 sahib oldu\u011funu bildirib. Bel\u0259 ki, o, \u015firk\u0259t qurmaqda b\u00f6y\u00fck t\u0259cr\u00fcb\u0259y\u0259 malikdir v\u0259 rus dilind\u0259 dan\u0131\u015f\u0131r, bu da onun s\u0259lahiyy\u0259tli \u015f\u0259xsl\u0259rl\u0259 \u00fcnsiyy\u0259t qurmas\u0131na, h\u00fcquq sistemini izah etm\u0259sin\u0259 v\u0259 t\u0259rc\u00fcm\u0259 etm\u0259sin\u0259 k\u00f6m\u0259k edirdi. &#8220;O, he\u00e7 kimin m\u0259nd\u0259n o\u011furluq etm\u0259diyin\u0259 \u0259min etdi&#8221;,- dey\u0259 Kaz\u0131mov \u015fi\u015fird\u0259r\u0259k qeyd edib. Lakin Kraldan az\u0259rbaycanl\u0131lar\u0131n biznes il\u0259 m\u0259\u015f\u011ful olmas\u0131 bar\u0259d\u0259 soru\u015fduqda, dan\u0131\u015fma\u011fa o q\u0259d\u0259r h\u0259v\u0259sli g\u00f6r\u00fcnm\u0259di v\u0259 \u015f\u0259rh verm\u0259kd\u0259n imtina etdi. Sad\u0259c\u0259 onun tarixi haqq\u0131nda dan\u0131\u015fd\u0131.<\/p>\n<p>\u00c7ex Respublikas\u0131na g\u0259ldikd\u0259n bir m\u00fcdd\u0259t sonra Kaz\u0131mov \u201cd\u0259rhal bir i\u015f qurma\u011f\u0131\u201d d\u00fc\u015f\u00fcnm\u0259diyini s\u00f6yl\u0259s\u0259 d\u0259, o, \u00fc\u00e7 \u015firk\u0259td\u0259 \u00e7al\u0131\u015f\u0131b. Bu \u015firk\u0259tl\u0259rin sahibl\u0259ri in\u015faat \u015firk\u0259tl\u0259ri, neft v\u0259 ya Az\u0259rbaycan Beyn\u0259lxalq Bank\u0131 vasit\u0259sil\u0259 bir \u015f\u0259kild\u0259 Az\u0259rbaycan h\u00f6kum\u0259ti il\u0259 \u0259laq\u0259li olub.<a href=\"https:\/\/rejstrik-firem.kurzy.cz\/28078586\/mehr-resources-ltd-sro\/\"><br \/>\n\u201eMehr Resources Ltd\u201c<br \/>\n<\/a>Alinaghi Ashgari, Mohbaabeh Gorji Baham adalar\u0131 v\u0259 daha \u00e7ox Kanadadak\u0131 \u015firk\u0259tl\u0259rd\u0259 \u0259m\u0259kda\u015fl\u0131q etdikl\u0259ri g\u00f6r\u00fcn\u00fcr, ikisi d\u0259 Bak\u0131da eyni \u00fcnvanda ya\u015fay\u0131r. \u0130nternetd\u0259ki m\u0259lumatlara g\u00f6r\u0259, Asgari 2000-ci ild\u0259n 2009-cu il\u0259 q\u0259d\u0259r \u201eBAKU STEEL COMPANY\u201c-d\u0259 vitse-prezident v\u0259zif\u0259sind\u0259 olub. O, h\u0259m\u00e7inin Az\u0259rbaycanda da f\u0259aliyy\u0259t g\u00f6st\u0259r\u0259n \u201eStandard Oilfield Service LTD\u201c \u015firk\u0259tinin h\u0259mt\u0259sis\u00e7isi v\u0259 direktoru olub.<br \/>\n<a href=\"https:\/\/rejstrik-firem.kurzy.cz\/28076257\/melissa-af-sro\/\"><br \/>\n\u201eMELLISA-AF sro\u201c<br \/>\n<\/a><br \/>\nFuad Mir M\u00f6vs\u00fcm \u018fli \u018fsg\u0259rinin h\u0259mt\u0259sis\u00e7isi v\u0259 direktoru oldu\u011fu \u201eStandart Oilfield Services\u201c \u015firk\u0259tind\u0259 \u00e7al\u0131\u015f\u0131b, eyni zamanda Az\u0259rbaycan Beyn\u0259lxalq Bank\u0131n\u0131n Moskva ofisinin investisiya \u015f\u00f6b\u0259sin\u0259 r\u0259hb\u0259rlik edib. Bu, R\u00fcst\u0259mov vasit\u0259sil\u0259 olub. M\u00f6vzuya toxunaca\u011f\u0131q.<\/p>\n<p>Kaz\u0131movu ara\u015fd\u0131ran az\u0259rbaycanl\u0131 m\u0259nb\u0259l\u0259rimiz t\u0259r\u0259find\u0259n d\u0259 h\u00f6kum\u0259tl\u0259 ox\u015far \u0259laq\u0259l\u0259r il\u0259 ba\u011fl\u0131 m\u0259lumat g\u0259lib. Onun Az\u0259rbaycan M\u0259rk\u0259zi Bank\u0131n\u0131n \u0259m\u0259kda\u015f\u0131 oldu\u011fu deyilir. Ancaq Kaz\u0131mov \u00f6z\u00fc bu iddialar\u0131 r\u0259dd edir: \u201cHe\u00e7 bir d\u00f6vl\u0259t qurumunda i\u015fl\u0259m\u0259mi\u015f\u0259m v\u0259 he\u00e7 bir d\u00f6vl\u0259t m\u00fcqavil\u0259si imzalamam\u0131\u015fam. Yaln\u0131z \u00f6z\u0259l \u015firk\u0259tl\u0259rd\u0259 \u00e7al\u0131\u015fm\u0131\u015fam&#8221;,- dey\u0259 o bildirir.<\/p>\n<p>Ancaq Orta Asiya \u00fczr\u0259 m\u00fct\u0259x\u0259ssis v\u0259 Charles Universitetinin dosenti Slavomir Horak\u0131n da qeyd etdiyi kimi, h\u0259r hans\u0131 bir b\u00f6y\u00fck Az\u0259rbaycan \u015firk\u0259ti v\u0259 ya bank\u0131 h\u0259mi\u015f\u0259 m\u00fc\u0259yy\u0259n d\u0259r\u0259c\u0259d\u0259 h\u00f6kum\u0259t\u0259 m\u0259xsusdur.<\/p>\n<p>He\u00e7 vaxt birba\u015fa Az\u0259rbaycan h\u00f6kum\u0259tind\u0259 v\u0259 ya M\u0259rk\u0259zi Bankda i\u015fl\u0259m\u0259s\u0259 bel\u0259, Kaz\u0131mov yerli (qeyd: az\u0259rbaycanl\u0131) elita il\u0259 \u0259laq\u0259l\u0259ndirilir. O, su idar\u0259sinin (Meliorasiya v\u0259 Su T\u0259s\u0259rr\u00fcfat\u0131 A\u00e7\u0131q S\u0259hmdar C\u0259miyy\u0259tinin) bu yax\u0131nlarda i\u015fd\u0259n \u00e7\u0131xar\u0131lan r\u0259hb\u0259ri \u018fhm\u0259d \u018fhm\u0259dzad\u0259nin o\u011flu C\u00fcm\u0259 \u018fhm\u0259dzad\u0259nin C\u0259nubi Bohemiyadak\u0131 t\u0259msil\u00e7isidir. (OCCRP il\u0259 \u0259m\u0259kda\u015fl\u0131q ed\u0259r\u0259k ki\u00e7ik \u018fhm\u0259dzad\u0259nin v\u0259 onun Az\u0259rbaycan M\u0259rk\u0259zi Bank\u0131 Prezidentinin q\u0131z\u0131 olan h\u0259yat yolda\u015f\u0131n\u0131n sirli \u015f\u0259kild\u0259 \u0259ld\u0259 etdikl\u0259ri s\u0259rv\u0259ti bar\u0259d\u0259 ara\u015fd\u0131rma d\u0259rc etdik (<a href=\"https:\/\/www.occrp.org\/en\/investigations\/luxury-london-residence-of-azerbaijan-officials-son-purchased-with-mysterious-payment-to-shell-company\">qeyd<\/a>). H\u0259m\u00e7inin, Kaz\u0131movun ke\u00e7mi\u015f h\u0259yat yolda\u015f\u0131 Az\u0259rbaycan Beyn\u0259lxalq Bank\u0131n\u0131n London \u015f\u00f6b\u0259sinin r\u0259hb\u0259rinin qohumudur.<\/p>\n<p>\u00c7exiyada Kaz\u0131mov biznes\u0259 da\u015f\u0131nmaz \u0259mlak bazar\u0131 il\u0259 ba\u015flay\u0131b. &#8220;Bir ne\u00e7\u0259 m\u0259nzil ald\u0131m v\u0259 kiray\u0259y\u0259 verdim&#8221;,- dey\u0259 o qeyd edir, ancaq bunun \u00fc\u00e7\u00fcn pulu haradan ald\u0131\u011f\u0131n\u0131 a\u00e7\u0131qlam\u0131r. \u201cYaln\u0131z C\u0259nubi Bohemya \u00fcz\u0259rind\u0259 fokuslanmam\u0131\u015fam, uzun m\u00fcdd\u0259tli i\u015f orta\u011f\u0131m Libor Horak v\u0259 m\u0259n b\u00fct\u00fcn \u00f6lk\u0259ni g\u0259zirik v\u0259 bir yerd\u0259 biznes imkan\u0131 varsa, bundan istifad\u0259 edirik. M\u00fcqavil\u0259 ba\u011flay\u0131r\u0131q v\u0259 ya vasit\u0259\u00e7i kimi \u00e7\u0131x\u0131\u015f edirik, bir az pul qazan\u0131r\u0131q &#8230; Ancaq qanunla he\u00e7 vaxt problem ya\u015famayaca\u011fam\u201d, &#8211; dey\u0259 Kaz\u0131mov sonda qeyd edir.<\/p>\n<p>Kaz\u0131mov m\u0259s\u0259l\u0259y\u0259 qar\u0131\u015fmam\u0131\u015fdan \u00f6nc\u0259 h\u0259mv\u0259t\u0259nl\u0259ri aras\u0131nda birliyin olmad\u0131\u011f\u0131ndan dan\u0131\u015faraq, \u00c7exiyadak\u0131 Az\u0259rbaycan icmas\u0131n\u0131n qurucusu oldu\u011funu t\u0259sdiql\u0259yir. \u201c\u0130nsanlar\u0131 birl\u0259\u015fdirm\u0259k laz\u0131m idi. \u0130ndi vaxta\u015f\u0131r\u0131 Praqada g\u00f6r\u00fc\u015f\u00fcr\u00fck v\u0259 harada, kim\u0259 k\u00f6m\u0259k etm\u0259li oldu\u011fumuzu m\u00fczakir\u0259 edirik. Amma m\u0259n fiksator deyil\u0259m. K\u00f6m\u0259k ed\u0259 bildiyim zaman v\u0259 insanlarla \u00fcnsiyy\u0259t qura bil\u0259nd\u0259 xo\u015fb\u0259xt\u0259m, amma m\u0259s\u0259l\u0259 sad\u0259c\u0259 bundan ibar\u0259tdir\u201d, -dey\u0259 Kaz\u0131mov qeyd edir.<\/p>\n<p>Onun yax\u015f\u0131 \u0259laq\u0259l\u0259ri olmas\u0131, yaln\u0131z n\u00fcfuzlu C\u0259nubi Bohemiya siyas\u0259t\u00e7il\u0259ri il\u0259 dostluq etm\u0259sil\u0259 izah olunur. Ancaq \u0259laq\u0259l\u0259rini nec\u0259 yaratd\u0131\u011f\u0131na dair suala Kaz\u0131mov olduqca qeyri-m\u00fc\u0259yy\u0259n cavablar verir.<\/p>\n<p>\u201cDem\u0259li, Hluboka nad Vltavou-da ya\u015fad\u0131m, bu, ki\u00e7ik bir q\u0259s\u0259b\u0259dir, burda ham\u0131 bir-birini tan\u0131y\u0131r. Qon\u015funuzla dost olursunuz, sizi ba\u015fqas\u0131 il\u0259 tan\u0131\u015f edir v\u0259 s.\u201d<\/p>\n<p><b>Hubertd\u0259n olan dostlar<br \/>\n<\/b><br \/>\nHluboka nad Vlatvou b\u0259l\u0259diyy\u0259 s\u0259dri v\u0259 \u00c7exiya Senat\u0131n\u0131n \u00fczv\u00fc Tomas Jirsa, &#8220;B\u0259li, El\u00e7ini tan\u0131y\u0131ram, o, aktiv, \u00fcnsiyy\u0259tcil bir insand\u0131r&#8221;.- deyir<\/p>\n<p>&#8220;M\u0259nim i\u015fim insanlarla g\u00f6r\u00fc\u015fm\u0259kdir. B\u0259l\u0259diyy\u0259d\u0259ki ofisimd\u0259 sad\u0259c\u0259 oturub yeni fikirl\u0259r v\u0259 planlar g\u00f6zl\u0259yir\u0259m. Eyni \u015fey Pavel Dlouhy \u00fc\u00e7\u00fcn d\u0259 ke\u00e7\u0259rlidir, o, Hluboka b\u0259l\u0259diyy\u0259 ba\u015f\u00e7\u0131s\u0131n\u0131n m\u00fcavinidir, eyni k\u0259nd t\u0259s\u0259rr\u00fcfat\u0131 \u00fczr\u0259 regional palatan\u0131n r\u0259hb\u0259ridir v\u0259 tan\u0131nan bir i\u015f adam\u0131d\u0131r. Bir investor yax\u015f\u0131 bir layih\u0259 il\u0259 g\u0259ls\u0259, biz onu d\u0259st\u0259kl\u0259y\u0259c\u0259yik&#8221;,- dey\u0259 o \u0259lav\u0259 edir.<\/p>\n<p>Pavel Dlouhy, &#8220;C\u0259nubi Bohemiyan\u0131n Monarx\u0131&#8221; l\u0259q\u0259bi il\u0259 d\u0259 tan\u0131nan, c\u0259nubi bohemiyal\u0131 i\u015f adam\u0131 v\u0259 siyas\u0259t\u00e7isidir. Yerli sakinl\u0259r aras\u0131nda (yaln\u0131z yerlil\u0259r deyil) m\u0259lumdur ki, Dlouhy siyas\u0259td\u0259n biznes\u0259 q\u0259d\u0259r b\u00f6lg\u0259d\u0259 ba\u015f ver\u0259n h\u0259r \u015feyd\u0259 ipl\u0259r \u0259lind\u0259 olan adamd\u0131r. U Huberta restoran\u0131 koronavirus m\u0259hdudiyy\u0259tl\u0259ri s\u0259b\u0259bil\u0259 ba\u011flanmazdan \u0259vv\u0259l, Dlouhy insanlar\u0131 \u201ch\u00fczuruna q\u0259bul etdi&#8221;, b\u0259zil\u0259ri sad\u0259c\u0259 onun m\u0259sl\u0259h\u0259tin\u0259 ehtiyac duyur, b\u0259zil\u0259ri is\u0259 pul ist\u0259y\u0259rdi. Hal-haz\u0131rda, yax\u0131nlar\u0131n\u0131n dedikl\u0259rin\u0259 g\u00f6r\u0259, o, ictimai h\u0259yatdan \u00e7\u0259kilib v\u0259 \u015f\u0259h\u0259rind\u0259ki siyasi v\u0259zif\u0259sin\u0259 \u0259lav\u0259 olaraq yaln\u0131z xeyriyy\u0259 i\u015fl\u0259ri il\u0259 m\u0259\u015f\u011ful olur.<\/p>\n<p>\u201c\u0130ndi yaln\u0131z xeyriyy\u0259 i\u015fl\u0259ri il\u0259 m\u0259\u015f\u011fuldur. Birinin k\u00f6m\u0259y\u0259 ehtiyac\u0131 olduqda k\u00f6m\u0259k edir. M\u0259s\u0259l\u0259n, borc m\u0259s\u0259l\u0259sind\u0259. Lakin jurnalistl\u0259rd\u0259n nifr\u0259t edir, haqq\u0131nda yaz\u0131lan m\u0259qal\u0259l\u0259r onu h\u0259qiq\u0259t\u0259n \u00e7ox narahat edir\u201d,- dey\u0259 Dlouhynin s\u00f6z\u00e7\u00fcs\u00fc Jirsa izah edir. Narahatedici m\u0259qal\u0259l\u0259r\u0259 n\u00fcmun\u0259 olaraq Dlouhynin h\u0259yat yolda\u015f\u0131n\u0131n \u015f\u0259xsi hesablar\u0131 il\u0259 etdiyi \u0259m\u0259liyyatlar\u0131 ara\u015fd\u0131ran bir s\u0131ra m\u0259qal\u0259ni g\u00f6st\u0259rm\u0259k ola bil\u0259r.<\/p>\n<p>Dlouhy haqq\u0131nda b\u0259nz\u0259r s\u00f6zl\u0259r Kaz\u0131movun da a\u011fz\u0131ndan \u00e7\u0131x\u0131r: \u201cO, m\u0259nim dostumdur, Hubert\u0259 yem\u0259k yem\u0259y\u0259 getm\u0259yi sevir\u0259m. Onun pis reputasiyas\u0131 haqq\u0131nda he\u00e7 vaxt e\u015fitm\u0259mi\u015f\u0259m. M\u0259n siyas\u0259tl\u0259 maraqlanm\u0131ram v\u0259 onunla pe\u015f\u0259kar m\u00fcnasib\u0259tim yoxdur&#8221;.<\/p>\n<p>Bu, Kaz\u0131movun b\u00fct\u00fcn \u015f\u0259xsi v\u0259 ya i\u015fg\u00fczar \u0259laq\u0259l\u0259r olan yana\u015fmas\u0131d\u0131r. O, sad\u0259c\u0259 \u00f6z h\u0259r\u0259k\u0259tl\u0259rin\u0259 g\u00f6r\u0259 m\u0259suliyy\u0259t da\u015f\u0131d\u0131\u011f\u0131n\u0131, \u0259traf\u0131nda olan insanlar\u0131n g\u00f6rd\u00fcy\u00fc i\u015fl\u0259rin onun n\u0259zar\u0259tind\u0259 olmad\u0131\u011f\u0131n\u0131 v\u0259 bunun onu maraqland\u0131rmad\u0131\u011f\u0131n\u0131 h\u0259r d\u0259f\u0259 qeyd etm\u0259k f\u00fcrs\u0259tini \u0259ld\u0259n vermir.<\/p>\n<p>Buna baxmayaraq, El\u00e7in Kaz\u0131mov \u00e7exiyal\u0131 siyas\u0259t\u00e7il\u0259ri v\u0259 i\u015f adamlar\u0131n\u0131n Az\u0259rbaycana etdiyi bir ne\u00e7\u0259 s\u0259f\u0259rd\u0259n \u0259n az\u0131 birinin, x\u00fcsus\u0259n d\u0259 2018-ci ilin noyabr\u0131nda \u0130smay\u0131ll\u0131 b\u00f6lg\u0259sin\u0259 s\u0259f\u0259rin planla\u015fd\u0131r\u0131lmas\u0131nda i\u015ftirak edib. \u0130ndi \u201c\u00c7exiya Park\u0131\u201d adland\u0131r\u0131lan \u0259razid\u0259 \u00e7\u0259kil\u0259n foto\u015f\u0259kill\u0259rd\u0259 , Tomas Jirsa, Pavel Dlouhy v\u0259 ya eyni siyasi partiyan\u0131n ba\u015fqa n\u00fcmay\u0259nd\u0259sinin, regional K\u0259nd T\u0259s\u0259rr\u00fcfat\u0131 Palatas\u0131n\u0131n direktoru v\u0259 \u015f\u0259h\u0259r r\u0259smisi Hana Stasnan\u0131n g\u00fcl\u00fcms\u0259y\u0259n \u00fcz\u00fc g\u00f6r\u00fcn\u00fcr. (foto <a href=\"https:\/\/ea-coc.com\/en\/2018\/11\/19\/czech-entrepreneurs-visited-ismayilli-region-and-discussed-a-possibility-of-lipanek-production-in-azerbaijan\/\">buradad\u0131r:<\/a>) S\u0259f\u0259r \u0130smay\u0131ll\u0131 v\u0259 C\u0259nubi Bohemiya b\u00f6lg\u0259l\u0259ri aras\u0131ndak\u0131 t\u0259r\u0259fda\u015fl\u0131\u011f\u0131n r\u0259smi bir hiss\u0259si idi.<\/p>\n<p><b>Ticar\u0259t Palatas\u0131n\u0131n y\u00fcks\u0259li\u015fi v\u0259 d\u00fc\u015f\u00fc\u015f\u00fc<br \/>\n<\/b><\/p>\n<p>C\u0259nubi Bohemiyada Az\u0259rbaycan biznesi \u00fc\u00e7\u00fcn \u0259n \u0259h\u0259miyy\u0259tli ill\u0259r 2014 v\u0259 2015-ci ill\u0259r idi. Bu ill\u0259rd\u0259 bir s\u0131ra t\u0259dbirl\u0259r ideal biznes \u015f\u0259raiti yaratm\u0131\u015f kimi g\u00f6r\u00fcn\u00fcr. 2014-c\u00fc ilin mart ay\u0131nda, Kaz\u0131movun t\u0259msil etdiyi, Londonda ya\u015fayan az\u0259rbaycanl\u0131 C\u00fcm\u0259 \u018fhm\u0259dzad\u0259y\u0259 m\u0259xsus \u015firk\u0259t M\u00fcdafi\u0259 Nazirliyind\u0259n Lipno su anbar\u0131n\u0131n sahilind\u0259 yerl\u0259\u015f\u0259n ki\u00e7ik Hurka k\u0259ndind\u0259ki orduya m\u0259xsus ke\u00e7mi\u015f sanatoriyan\u0131 al\u0131b. Sevimli turizm m\u0259kan\u0131 b\u0259z\u0259n \u00c7exiya D\u0259nizi adlan\u0131r.<\/p>\n<p>2015-ci ilin sonunda Kazimov dostu \u018fli \u018fsg\u0259rova bu g\u00f6z\u0259l \u0259razini tan\u0131d\u0131b v\u0259 daha sonra o, Lipno su anbar\u0131n\u0131n sahilind\u0259 yerl\u0259\u015f\u0259n ki\u00e7ik Frymburk q\u0259s\u0259b\u0259sind\u0259 v\u0259 sevimli turizm m\u0259kan\u0131 olan Cesky Krumlovda torpaq v\u0259 da\u015f\u0131nmaz \u0259mlak alma\u011fa ba\u015flay\u0131b. Yerli median\u0131n yazd\u0131\u011f\u0131na g\u00f6r\u0259, o, 130 milyondan \u00e7ox \u00e7ex kronu x\u0259rcl\u0259yib, ancaq bir v\u0259kil x\u0259zin\u0259sind\u0259n g\u0259ldiyi \u00fc\u00e7\u00fcn pulun m\u0259nb\u0259yi <a href=\"https:\/\/www.pressreader.com\/czech-republic\/mf-dnes\/20171018\/281496456517219\">bilinmir.<br \/>\n<\/a><br \/>\nAz\u0259rbaycan\u0131n C\u0259nubi Bohemiya b\u00f6lg\u0259sind\u0259ki investisiyalar\u0131n\u0131n artmas\u0131n\u0131n m\u00fcmk\u00fcn s\u0259b\u0259bl\u0259rind\u0259n biri yeni s\u0259fir olaraq F\u0259rid \u015e\u0259fiyevin t\u0259yin edilm\u0259sidir. Onun h\u0259yat yolda\u015f\u0131 El\u00e7in Kaz\u0131movla biznes \u0259laq\u0259l\u0259ri qurub v\u0259 \u00fcmumiyy\u0259tl\u0259, Az\u0259rbaycan\u0131n b\u00fct\u00fcn biznes planlar\u0131 s\u0259fir t\u0259r\u0259find\u0259n d\u0259st\u0259kl\u0259nib. D\u00f6rd il sonra onun v\u0259t\u0259nin\u0259 qay\u0131tmas\u0131 il\u0259 \u00c7exiyada v\u0259 Az\u0259rbaycanda eyni layih\u0259l\u0259rin dayand\u0131r\u0131lmas\u0131 zaman\u0131 toqqu\u015fur. Bu, \u0259sas\u0259n \u00e7exiyal\u0131 i\u015f adam\u0131 David Snasel v\u0259 El\u00e7in Kaz\u0131mov t\u0259r\u0259find\u0259n 2017-ci ild\u0259 qurulan Avropa-Az\u0259rbaycan Ticar\u0259t Palatas\u0131n\u0131n (AATP) f\u0259aliyy\u0259ti il\u0259 \u0259laq\u0259lidir.<\/p>\n<p>\u201cM\u0259s\u0259l\u0259n, i\u015f adamlar\u0131 \u00fc\u00e7\u00fcn t\u0259dbirl\u0259r t\u0259\u015fkil etm\u0259k marketinqd\u0259 bir vasit\u0259dir. \u00c7exiyada bel\u0259 bir \u015fey yox idi, ona g\u00f6r\u0259 biz bunu etdik v\u0259 bir veb-sayt yaratd\u0131q, tan\u0131d\u0131c\u0131 dan\u0131\u015f\u0131qlar etdik, tan\u0131d\u0131\u011f\u0131m\u0131z \u015firk\u0259tl\u0259rl\u0259 \u0259laq\u0259 qurduq, sonra ya onlar biz\u0259 g\u0259ldil\u0259r, ya da g\u0259lm\u0259dil\u0259r. Fikrin yax\u015f\u0131 oldu\u011funu d\u00fc\u015f\u00fcns\u0259ydik, \u0259laq\u0259d\u0259 oldu\u011fumuz az\u0259rbaycanl\u0131lar\u0131 m\u0259lumatland\u0131rard\u0131q v\u0259 onlar\u0131 \u0259laq\u0259l\u0259ndirdik\u201d,- dey\u0259 David Snasel \u0259lav\u0259 etdi.<\/p>\n<p>Potensial biznes ortaqlar\u0131 il\u0259 m\u00fcnasib\u0259tl\u0259r qurmaq tamamil\u0259 f\u0259dakarl\u0131q deyildi. Bunun \u015e\u0259rq Ticar\u0259t \u015eirk\u0259ti \u015f\u0259klind\u0259 ticari formas\u0131n\u0131n olmas\u0131 laz\u0131m g\u0259lirdi. Kaz\u0131mov, Snasel v\u0259 s\u0259firin h\u0259yat yolda\u015f\u0131 \u00dclk\u0259r \u015e\u0259fiyeva t\u0259r\u0259find\u0259n qurulan \u015firk\u0259t, yaln\u0131z Az\u0259rbaycan investorlar\u0131na deyil, h\u0259m d\u0259 T\u00fcrkiy\u0259d\u0259 v\u0259 ya \u0130randa pullu m\u0259sl\u0259h\u0259t xidm\u0259tl\u0259ri g\u00f6st\u0259r\u0259c\u0259kdi. Bununla birlikd\u0259, b\u00f6y\u00fck planlar bel\u0259c\u0259 qald\u0131 v\u0259 \u015e\u0259rq Ticar\u0259t \u015eirk\u0259ti AATP kimi f\u0259aliyy\u0259tsiz qald\u0131.<\/p>\n<p><b><br \/>\nqat\u0131qlar v\u0259 toplar<br \/>\n<\/b><\/p>\n<p>Ticar\u0259t Palatas\u0131 iki b\u00f6y\u00fck layih\u0259y\u0259 vasit\u0259\u00e7ilik etdi: C\u0259nubi Bohemiya s\u00fcd m\u0259hsullar\u0131 \u015firk\u0259ti \u201cMadeta\u201dn\u0131n \u0259sas m\u0259hsullar\u0131ndan biri olan \u201cLipanek\u201d (qeyd: bu, \u0259sas\u0259n u\u015faqlar \u00fc\u00e7\u00fcn qaymaql\u0131 qat\u0131qd\u0131r) fabriki v\u0259 \u00c7exiya silah n\u0259h\u0259ngi \u00c7exslovak Qrupuna (\u00c7SQ) m\u0259xsus TATRA (qeyd: bu \u00e7ex markal\u0131 y\u00fck ma\u015f\u0131nlar\u0131 v\u0259 dig\u0259r b\u00f6y\u00fck avtomobill\u0259rdir) y\u0131\u011fma fabriki. Sonda bunlar\u0131n he\u00e7 biri ba\u015f tutmad\u0131.<\/p>\n<p>\u201c\u201cLipanek\u201din n\u0259 pul, n\u0259 d\u0259 lojistik bax\u0131mdan anlam\u0131 vard\u0131. Az\u0259rbaycana xammal idxal etm\u0259k \u00e7ox baha ba\u015fa g\u0259ldi\u201d, &#8211; dey\u0259 Kaz\u0131mov izah edir. Az\u0259rbaycan medias\u0131n\u0131n t\u0259rifl\u0259diyi TATRA y\u00fck ma\u015f\u0131n\u0131 y\u0131\u011fma zavodunun etibars\u0131z bir \u015f\u0259xsin ucbat\u0131ndan ba\u015f tutmad\u0131\u011f\u0131 iddia edildi.<\/p>\n<p>\u201cM\u00fcqavil\u0259nin Az\u0259rbaycan t\u0259r\u0259find\u0259ki t\u0259\u015fkilat\u00e7\u0131s\u0131 ciddi deyildi. Bu f\u00fcrs\u0259td\u0259n sad\u0259c\u0259 \u00f6z\u00fcn\u00fcn piar\u0131 kimi istifad\u0259 etdi \u201d, &#8211; dey\u0259 Kaz\u0131mov \u0259lav\u0259 edib. Bununla birlikd\u0259, Snasel, TATRA fabrikinin u\u011fursuz n\u0259tic\u0259l\u0259nm\u0259sinin siyasi t\u0259zyiql\u0259rd\u0259n qaynaqlana bil\u0259c\u0259yini qeyd edib. Bel\u0259 ki, s\u0259rh\u0259d\u0259 \u00e7ox yax\u0131n Rusiya in\u015faat v\u0259 silah \u015firk\u0259ti yerl\u0259\u015fir v\u0259 \u0259g\u0259r \u00e7exl\u0259r b\u00f6lg\u0259y\u0259 g\u0259ls\u0259ydi, onlar \u00f6z biznesini itirmi\u015f olacaqd\u0131.<\/p>\n<p>Burada bir hiyl\u0259 var. TATRA, 2017-ci ild\u0259 Slovakiya v\u0259 \u0130srail vasit\u0259sil\u0259 Az\u0259rbaycan\u0131 h\u0259rbi texnika il\u0259 t\u0259chiz ed\u0259n ed\u0259n \u00c7SQ \u015firk\u0259tinin bir hiss\u0259sidir. (qeyd: bu bar\u0259d\u0259 yazd\u0131\u011f\u0131m\u0131z iki m\u0259qal\u0259nin ingilis dilind\u0259 versiyas\u0131 \u0259lav\u0259 <a href=\"https:\/\/www.investigace.eu\/czech-weapons-in-azerbaijan-how-a-chassis-turned-into-a-howitzer\/\">edilir:<\/a>)<\/p>\n<p>Avropada T\u0259hl\u00fck\u0259sizlik v\u0259 \u018fm\u0259kda\u015fl\u0131q T\u0259\u015fkilat\u0131 (AT\u018fT) t\u0259tbiq etdiyi embarqo s\u0259b\u0259bi il\u0259, \u201cDana\u201d qaubitsalar\u0131n\u0131n v\u0259 \u201cVampir\u201d roket at\u0131c\u0131lar\u0131n\u0131n Az\u0259rbaycana r\u0259smi \u015f\u0259kild\u0259 g\u0259tirilm\u0259si qada\u011fand\u0131r. Bu, Erm\u0259nistanla Da\u011fl\u0131q Qaraba\u011f \u00fcst\u00fcnd\u0259 uzun m\u00fcdd\u0259t davam ed\u0259n m\u00fcnaqi\u015f\u0259 il\u0259 \u0259laq\u0259dard\u0131r v\u0259 eyni embarqo Erm\u0259nistana da qoyulub.<\/p>\n<p>&#8220;Bu, silah \u015firk\u0259tl\u0259rinin uzunm\u00fcdd\u0259tli m\u00fcnaqi\u015f\u0259 ya\u015fanan b\u00f6lg\u0259l\u0259r\u0259, eynil\u0259 Az\u0259rbaycana silah t\u0259dar\u00fck etm\u0259si \u00fc\u00e7\u00fcn m\u0259ntiqi bir add\u0131md\u0131r. Bu, yax\u015f\u0131 biznesdir. Ancaq Az\u0259rbaycana silah idxal ed\u0259n yaln\u0131z \u00c7exiya \u015firk\u0259tl\u0259ri deyil, bu c\u00fcr d\u0259st\u0259k T\u00fcrkiy\u0259, Rusiya v\u0259 ya \u0130sraild\u0259n d\u0259 g\u0259lir\u201d, dey\u0259 Orta Asiya \u00fczr\u0259 m\u00fct\u0259x\u0259ssis Horak qeyd edir. David Snasel Ticar\u0259t Ota\u011f\u0131n\u0131n \u00c7SQ-y\u0259 yax\u0131n oldu\u011funu q\u0259bul edir. Onun sahibi Michal Strnad Snaselin dostudur v\u0259 \u00c7SQ-nin s\u00f6z\u00e7\u00fcs\u00fc Palatan\u0131n m\u00f6vcudlu\u011funun ba\u015flan\u011f\u0131c\u0131nda da eyni m\u00f6vqed\u0259 h\u0259r\u0259k\u0259t edib. Eyni zamanda Snasel silahla \u0259laq\u0259li oldu\u011funu q\u0259ti \u015f\u0259kild\u0259 r\u0259dd edir:<\/p>\n<p>&#8220;Palata silahla deyil, m\u00fclki i\u015fl\u0259rl\u0259 m\u0259\u015f\u011ful olur. Laz\u0131mi lisenziyam\u0131z v\u0259 ya bunu nec\u0259 ed\u0259c\u0259yimizl\u0259 ba\u011fl\u0131 m\u0259lumat\u0131m\u0131z yoxdur. \u00c7SQ-nin \u0130srail vasit\u0259sil\u0259 orada etdikl\u0259ri ortaqlar\u0131 il\u0259 \u00f6z i\u015fl\u0259ridir. TATRA y\u0131\u011fma zavoduna ba\u015flamaq ist\u0259yirdik, amma indi layih\u0259 dondurulub, son iki ild\u0259 he\u00e7 bir \u015fey etm\u0259mi\u015fik&#8221;.<\/p>\n<p>H\u0259m Snasel, h\u0259m d\u0259 Kaz\u0131movu tan\u0131yan, ad\u0131n\u0131n a\u00e7\u0131qlanmama\u011f\u0131 \u00fc\u00e7\u00fcn bizd\u0259n v\u0259d alan bir m\u0259nb\u0259 m\u0259hz Kaz\u0131movun silah ixrac\u0131 il\u0259 ba\u011fl\u0131 dan\u0131\u015f\u0131qlar apard\u0131\u011f\u0131n\u0131 s\u00f6yl\u0259di:<\/p>\n<p>&#8220;O, b\u0259zi raketl\u0259rd\u0259n b\u0259hs etdi v\u0259 onlar\u0131n Slovakiya \u00fcz\u0259rind\u0259n da\u015f\u0131naca\u011f\u0131n\u0131 s\u00f6yl\u0259di&#8221;<\/p>\n<p>Kaz\u0131mov bu a\u00e7\u0131qlamalar\u0131 q\u0259ti \u015f\u0259kild\u0259 r\u0259dd edir:<\/p>\n<p>\u201cBu, q\u0259tiyy\u0259n do\u011fru deyil, he\u00e7 vaxt bel\u0259 bir \u015fey etm\u0259mi\u015f\u0259m. Bu, d\u00f6vl\u0259tl\u0259raras\u0131 bir i\u015fdir, bu, bir ma\u011fazaya gedib raket ala bil\u0259r\u0259m kimi bir \u015fey deyil. Bunun \u00fc\u00e7\u00fcn he\u00e7 bir \u0259laq\u0259m yoxdur\u201d.<\/p>\n<p>Ticar\u0259t Palatas\u0131 vasit\u0259sil\u0259 \u00c7SQ il\u0259 i\u015f g\u00f6rm\u0259si m\u0259s\u0259l\u0259sin\u0259 bel\u0259 ayd\u0131nl\u0131q g\u0259tirdi:<\/p>\n<p>\u201c\u00c7SQ biz g\u0259lm\u0259mi\u015fd\u0259n \u0259vv\u0259l Az\u0259rbaycanda ticar\u0259tl\u0259 m\u0259\u015f\u011ful idi, m\u0259n\u0259 ehtiyaclar\u0131 yox idi. Buna g\u00f6r\u0259 biz (AATP) 2018-ci ild\u0259 onlarla i\u015fl\u0259m\u0259y\u0259 ba\u015flad\u0131q. T\u0259dar\u00fck edil\u0259n silahlar\u0131n \u00c7ex Respublikas\u0131ndan ke\u00e7m\u0259diyini d\u0259 d\u00fc\u015f\u00fcn\u00fcr\u0259m\u201d.<\/p>\n<p>O, sonda g\u00fcl\u00fcr: \u201cM\u0259nim ed\u0259 bil\u0259c\u0259yim bir \u015fey olsayd\u0131, evim \u00fc\u00e7\u00fcn ipotekaya ehtiyac\u0131m olmazd\u0131\u201d.<\/p>\n","protected":false},"excerpt":{"rendered":"<p>Az\u0259rbaycanl\u0131 investorlar \u00c7exiyan\u0131n C\u0259nubi Bohemiya b\u00f6lg\u0259sini sevirl\u0259r<\/p>\n","protected":false},"author":11,"featured_media":162516,"comment_status":"closed","ping_status":"open","sticky":false,"template":"","format":"standard","meta":{"_acf_changed":false,"_sitemap_exclude":false,"_sitemap_priority":"","_sitemap_frequency":"","footnotes":""},"categories":[55],"tags":[],"class_list":["post-206832","post","type-post","status-publish","format-standard","has-post-thumbnail","hentry","category-arasdirma","infinite-scroll-item","generate-columns","tablet-grid-50","mobile-grid-100","grid-parent","grid-33","no-featured-image-padding"],"acf":[],"yoast_head":"<!-- This site is optimized with the Yoast SEO plugin v27.4 - https:\/\/yoast.com\/product\/yoast-seo-wordpress\/ -->\n<title>\u00c7exiya d\u0259nizinin sahilind\u0259ki az\u0259rbaycanl\u0131lar: anadan biznesmen olaraq do\u011fulmaq - MEYDAN.TV<\/title>\n<meta name=\"robots\" content=\"index, follow, max-snippet:-1, max-image-preview:large, max-video-preview:-1\" \/>\n<link rel=\"canonical\" href=\"https:\/\/www.meydan.tv\/az\/article\/cexiya-denizinin-sahilindeki-azerbaycanlilar-anadan-biznesmen-olaraq-dogulmaq\/\" \/>\n<meta property=\"og:locale\" content=\"az_AZ\" \/>\n<meta property=\"og:type\" content=\"article\" \/>\n<meta property=\"og:title\" content=\"\u00c7exiya d\u0259nizinin sahilind\u0259ki az\u0259rbaycanl\u0131lar: anadan biznesmen olaraq do\u011fulmaq - MEYDAN.TV\" \/>\n<meta property=\"og:description\" content=\"Az\u0259rbaycanl\u0131 investorlar \u00c7exiyan\u0131n C\u0259nubi Bohemiya b\u00f6lg\u0259sini sevirl\u0259r\" \/>\n<meta property=\"og:url\" content=\"https:\/\/www.meydan.tv\/az\/article\/cexiya-denizinin-sahilindeki-azerbaycanlilar-anadan-biznesmen-olaraq-dogulmaq\/\" \/>\n<meta property=\"og:site_name\" content=\"MEYDAN.TV\" \/>\n<meta property=\"article:published_time\" content=\"2021-06-21T14:32:37+00:00\" \/>\n<meta property=\"article:modified_time\" content=\"2021-12-08T21:19:59+00:00\" \/>\n<meta property=\"og:image\" content=\"https:\/\/www.meydan.tv\/wp-content\/uploads\/azer3.png\" \/>\n\t<meta property=\"og:image:width\" content=\"1280\" \/>\n\t<meta property=\"og:image:height\" content=\"640\" \/>\n\t<meta property=\"og:image:type\" content=\"image\/png\" \/>\n<meta name=\"author\" content=\"user-manager\" \/>\n<meta name=\"twitter:card\" content=\"summary_large_image\" \/>\n<script type=\"application\/ld+json\" class=\"yoast-schema-graph\">{\"@context\":\"https:\\\/\\\/schema.org\",\"@graph\":[{\"@type\":\"Article\",\"@id\":\"https:\\\/\\\/www.meydan.tv\\\/az\\\/article\\\/cexiya-denizinin-sahilindeki-azerbaycanlilar-anadan-biznesmen-olaraq-dogulmaq\\\/#article\",\"isPartOf\":{\"@id\":\"https:\\\/\\\/www.meydan.tv\\\/az\\\/article\\\/cexiya-denizinin-sahilindeki-azerbaycanlilar-anadan-biznesmen-olaraq-dogulmaq\\\/\"},\"author\":{\"name\":\"user-manager\",\"@id\":\"https:\\\/\\\/www.meydan.tv\\\/az\\\/#\\\/schema\\\/person\\\/10d11eccf6da3662cf5fdab9806ea91a\"},\"headline\":\"\u00c7exiya d\u0259nizinin sahilind\u0259ki az\u0259rbaycanl\u0131lar: anadan biznesmen olaraq do\u011fulmaq\",\"datePublished\":\"2021-06-21T14:32:37+00:00\",\"dateModified\":\"2021-12-08T21:19:59+00:00\",\"mainEntityOfPage\":{\"@id\":\"https:\\\/\\\/www.meydan.tv\\\/az\\\/article\\\/cexiya-denizinin-sahilindeki-azerbaycanlilar-anadan-biznesmen-olaraq-dogulmaq\\\/\"},\"wordCount\":3169,\"publisher\":{\"@id\":\"https:\\\/\\\/www.meydan.tv\\\/az\\\/#organization\"},\"image\":{\"@id\":\"https:\\\/\\\/www.meydan.tv\\\/az\\\/article\\\/cexiya-denizinin-sahilindeki-azerbaycanlilar-anadan-biznesmen-olaraq-dogulmaq\\\/#primaryimage\"},\"thumbnailUrl\":\"https:\\\/\\\/www.meydan.tv\\\/wp-content\\\/uploads\\\/azer3.png\",\"articleSection\":[\"Ara\u015fd\u0131rma\"],\"inLanguage\":\"az\"},{\"@type\":\"WebPage\",\"@id\":\"https:\\\/\\\/www.meydan.tv\\\/az\\\/article\\\/cexiya-denizinin-sahilindeki-azerbaycanlilar-anadan-biznesmen-olaraq-dogulmaq\\\/\",\"url\":\"https:\\\/\\\/www.meydan.tv\\\/az\\\/article\\\/cexiya-denizinin-sahilindeki-azerbaycanlilar-anadan-biznesmen-olaraq-dogulmaq\\\/\",\"name\":\"\u00c7exiya d\u0259nizinin sahilind\u0259ki az\u0259rbaycanl\u0131lar: anadan biznesmen olaraq do\u011fulmaq - MEYDAN.TV\",\"isPartOf\":{\"@id\":\"https:\\\/\\\/www.meydan.tv\\\/az\\\/#website\"},\"primaryImageOfPage\":{\"@id\":\"https:\\\/\\\/www.meydan.tv\\\/az\\\/article\\\/cexiya-denizinin-sahilindeki-azerbaycanlilar-anadan-biznesmen-olaraq-dogulmaq\\\/#primaryimage\"},\"image\":{\"@id\":\"https:\\\/\\\/www.meydan.tv\\\/az\\\/article\\\/cexiya-denizinin-sahilindeki-azerbaycanlilar-anadan-biznesmen-olaraq-dogulmaq\\\/#primaryimage\"},\"thumbnailUrl\":\"https:\\\/\\\/www.meydan.tv\\\/wp-content\\\/uploads\\\/azer3.png\",\"datePublished\":\"2021-06-21T14:32:37+00:00\",\"dateModified\":\"2021-12-08T21:19:59+00:00\",\"breadcrumb\":{\"@id\":\"https:\\\/\\\/www.meydan.tv\\\/az\\\/article\\\/cexiya-denizinin-sahilindeki-azerbaycanlilar-anadan-biznesmen-olaraq-dogulmaq\\\/#breadcrumb\"},\"inLanguage\":\"az\",\"potentialAction\":[{\"@type\":\"ReadAction\",\"target\":[\"https:\\\/\\\/www.meydan.tv\\\/az\\\/article\\\/cexiya-denizinin-sahilindeki-azerbaycanlilar-anadan-biznesmen-olaraq-dogulmaq\\\/\"]}]},{\"@type\":\"ImageObject\",\"inLanguage\":\"az\",\"@id\":\"https:\\\/\\\/www.meydan.tv\\\/az\\\/article\\\/cexiya-denizinin-sahilindeki-azerbaycanlilar-anadan-biznesmen-olaraq-dogulmaq\\\/#primaryimage\",\"url\":\"https:\\\/\\\/www.meydan.tv\\\/wp-content\\\/uploads\\\/azer3.png\",\"contentUrl\":\"https:\\\/\\\/www.meydan.tv\\\/wp-content\\\/uploads\\\/azer3.png\",\"width\":1280,\"height\":640,\"caption\":\"Source: Lenka Matouskova, investigace.cz\"},{\"@type\":\"BreadcrumbList\",\"@id\":\"https:\\\/\\\/www.meydan.tv\\\/az\\\/article\\\/cexiya-denizinin-sahilindeki-azerbaycanlilar-anadan-biznesmen-olaraq-dogulmaq\\\/#breadcrumb\",\"itemListElement\":[{\"@type\":\"ListItem\",\"position\":1,\"name\":\"Ana s\u0259hif\u0259\",\"item\":\"https:\\\/\\\/www.meydan.tv\\\/az\\\/\"},{\"@type\":\"ListItem\",\"position\":2,\"name\":\"Ara\u015fd\u0131rma\",\"item\":\"https:\\\/\\\/www.meydan.tv\\\/az\\\/section\\\/arasdirma\\\/\"},{\"@type\":\"ListItem\",\"position\":3,\"name\":\"\u00c7exiya d\u0259nizinin sahilind\u0259ki az\u0259rbaycanl\u0131lar: anadan biznesmen olaraq do\u011fulmaq\"}]},{\"@type\":\"WebSite\",\"@id\":\"https:\\\/\\\/www.meydan.tv\\\/az\\\/#website\",\"url\":\"https:\\\/\\\/www.meydan.tv\\\/az\\\/\",\"name\":\"MEYDAN.TV\",\"description\":\"Meydan TV Az\u0259rbaycan\u0131n media m\u0259kan\u0131ndak\u0131 alternativ s\u0259sidir\",\"publisher\":{\"@id\":\"https:\\\/\\\/www.meydan.tv\\\/az\\\/#organization\"},\"potentialAction\":[{\"@type\":\"SearchAction\",\"target\":{\"@type\":\"EntryPoint\",\"urlTemplate\":\"https:\\\/\\\/www.meydan.tv\\\/az\\\/?s={search_term_string}\"},\"query-input\":{\"@type\":\"PropertyValueSpecification\",\"valueRequired\":true,\"valueName\":\"search_term_string\"}}],\"inLanguage\":\"az\"},{\"@type\":\"Organization\",\"@id\":\"https:\\\/\\\/www.meydan.tv\\\/az\\\/#organization\",\"name\":\"Meydan TV\",\"url\":\"https:\\\/\\\/www.meydan.tv\\\/az\\\/\",\"logo\":{\"@type\":\"ImageObject\",\"inLanguage\":\"az\",\"@id\":\"https:\\\/\\\/www.meydan.tv\\\/az\\\/#\\\/schema\\\/logo\\\/image\\\/\",\"url\":\"https:\\\/\\\/www.meydan.tv\\\/wp-content\\\/uploads\\\/2021\\\/07\\\/meydan-logo.svg\",\"contentUrl\":\"https:\\\/\\\/www.meydan.tv\\\/wp-content\\\/uploads\\\/2021\\\/07\\\/meydan-logo.svg\",\"width\":195,\"height\":46,\"caption\":\"Meydan TV\"},\"image\":{\"@id\":\"https:\\\/\\\/www.meydan.tv\\\/az\\\/#\\\/schema\\\/logo\\\/image\\\/\"}},{\"@type\":\"Person\",\"@id\":\"https:\\\/\\\/www.meydan.tv\\\/az\\\/#\\\/schema\\\/person\\\/10d11eccf6da3662cf5fdab9806ea91a\",\"name\":\"user-manager\"}]}<\/script>\n<!-- \/ Yoast SEO plugin. -->","yoast_head_json":{"title":"\u00c7exiya d\u0259nizinin sahilind\u0259ki az\u0259rbaycanl\u0131lar: anadan biznesmen olaraq do\u011fulmaq - MEYDAN.TV","robots":{"index":"index","follow":"follow","max-snippet":"max-snippet:-1","max-image-preview":"max-image-preview:large","max-video-preview":"max-video-preview:-1"},"canonical":"https:\/\/www.meydan.tv\/az\/article\/cexiya-denizinin-sahilindeki-azerbaycanlilar-anadan-biznesmen-olaraq-dogulmaq\/","og_locale":"az_AZ","og_type":"article","og_title":"\u00c7exiya d\u0259nizinin sahilind\u0259ki az\u0259rbaycanl\u0131lar: anadan biznesmen olaraq do\u011fulmaq - MEYDAN.TV","og_description":"Az\u0259rbaycanl\u0131 investorlar \u00c7exiyan\u0131n C\u0259nubi Bohemiya b\u00f6lg\u0259sini sevirl\u0259r","og_url":"https:\/\/www.meydan.tv\/az\/article\/cexiya-denizinin-sahilindeki-azerbaycanlilar-anadan-biznesmen-olaraq-dogulmaq\/","og_site_name":"MEYDAN.TV","article_published_time":"2021-06-21T14:32:37+00:00","article_modified_time":"2021-12-08T21:19:59+00:00","og_image":[{"width":1280,"height":640,"url":"https:\/\/www.meydan.tv\/wp-content\/uploads\/azer3.png","type":"image\/png"}],"author":"user-manager","twitter_card":"summary_large_image","schema":{"@context":"https:\/\/schema.org","@graph":[{"@type":"Article","@id":"https:\/\/www.meydan.tv\/az\/article\/cexiya-denizinin-sahilindeki-azerbaycanlilar-anadan-biznesmen-olaraq-dogulmaq\/#article","isPartOf":{"@id":"https:\/\/www.meydan.tv\/az\/article\/cexiya-denizinin-sahilindeki-azerbaycanlilar-anadan-biznesmen-olaraq-dogulmaq\/"},"author":{"name":"user-manager","@id":"https:\/\/www.meydan.tv\/az\/#\/schema\/person\/10d11eccf6da3662cf5fdab9806ea91a"},"headline":"\u00c7exiya d\u0259nizinin sahilind\u0259ki az\u0259rbaycanl\u0131lar: anadan biznesmen olaraq do\u011fulmaq","datePublished":"2021-06-21T14:32:37+00:00","dateModified":"2021-12-08T21:19:59+00:00","mainEntityOfPage":{"@id":"https:\/\/www.meydan.tv\/az\/article\/cexiya-denizinin-sahilindeki-azerbaycanlilar-anadan-biznesmen-olaraq-dogulmaq\/"},"wordCount":3169,"publisher":{"@id":"https:\/\/www.meydan.tv\/az\/#organization"},"image":{"@id":"https:\/\/www.meydan.tv\/az\/article\/cexiya-denizinin-sahilindeki-azerbaycanlilar-anadan-biznesmen-olaraq-dogulmaq\/#primaryimage"},"thumbnailUrl":"https:\/\/www.meydan.tv\/wp-content\/uploads\/azer3.png","articleSection":["Ara\u015fd\u0131rma"],"inLanguage":"az"},{"@type":"WebPage","@id":"https:\/\/www.meydan.tv\/az\/article\/cexiya-denizinin-sahilindeki-azerbaycanlilar-anadan-biznesmen-olaraq-dogulmaq\/","url":"https:\/\/www.meydan.tv\/az\/article\/cexiya-denizinin-sahilindeki-azerbaycanlilar-anadan-biznesmen-olaraq-dogulmaq\/","name":"\u00c7exiya d\u0259nizinin sahilind\u0259ki az\u0259rbaycanl\u0131lar: anadan biznesmen olaraq do\u011fulmaq - MEYDAN.TV","isPartOf":{"@id":"https:\/\/www.meydan.tv\/az\/#website"},"primaryImageOfPage":{"@id":"https:\/\/www.meydan.tv\/az\/article\/cexiya-denizinin-sahilindeki-azerbaycanlilar-anadan-biznesmen-olaraq-dogulmaq\/#primaryimage"},"image":{"@id":"https:\/\/www.meydan.tv\/az\/article\/cexiya-denizinin-sahilindeki-azerbaycanlilar-anadan-biznesmen-olaraq-dogulmaq\/#primaryimage"},"thumbnailUrl":"https:\/\/www.meydan.tv\/wp-content\/uploads\/azer3.png","datePublished":"2021-06-21T14:32:37+00:00","dateModified":"2021-12-08T21:19:59+00:00","breadcrumb":{"@id":"https:\/\/www.meydan.tv\/az\/article\/cexiya-denizinin-sahilindeki-azerbaycanlilar-anadan-biznesmen-olaraq-dogulmaq\/#breadcrumb"},"inLanguage":"az","potentialAction":[{"@type":"ReadAction","target":["https:\/\/www.meydan.tv\/az\/article\/cexiya-denizinin-sahilindeki-azerbaycanlilar-anadan-biznesmen-olaraq-dogulmaq\/"]}]},{"@type":"ImageObject","inLanguage":"az","@id":"https:\/\/www.meydan.tv\/az\/article\/cexiya-denizinin-sahilindeki-azerbaycanlilar-anadan-biznesmen-olaraq-dogulmaq\/#primaryimage","url":"https:\/\/www.meydan.tv\/wp-content\/uploads\/azer3.png","contentUrl":"https:\/\/www.meydan.tv\/wp-content\/uploads\/azer3.png","width":1280,"height":640,"caption":"Source: Lenka Matouskova, investigace.cz"},{"@type":"BreadcrumbList","@id":"https:\/\/www.meydan.tv\/az\/article\/cexiya-denizinin-sahilindeki-azerbaycanlilar-anadan-biznesmen-olaraq-dogulmaq\/#breadcrumb","itemListElement":[{"@type":"ListItem","position":1,"name":"Ana s\u0259hif\u0259","item":"https:\/\/www.meydan.tv\/az\/"},{"@type":"ListItem","position":2,"name":"Ara\u015fd\u0131rma","item":"https:\/\/www.meydan.tv\/az\/section\/arasdirma\/"},{"@type":"ListItem","position":3,"name":"\u00c7exiya d\u0259nizinin sahilind\u0259ki az\u0259rbaycanl\u0131lar: anadan biznesmen olaraq do\u011fulmaq"}]},{"@type":"WebSite","@id":"https:\/\/www.meydan.tv\/az\/#website","url":"https:\/\/www.meydan.tv\/az\/","name":"MEYDAN.TV","description":"Meydan TV Az\u0259rbaycan\u0131n media m\u0259kan\u0131ndak\u0131 alternativ s\u0259sidir","publisher":{"@id":"https:\/\/www.meydan.tv\/az\/#organization"},"potentialAction":[{"@type":"SearchAction","target":{"@type":"EntryPoint","urlTemplate":"https:\/\/www.meydan.tv\/az\/?s={search_term_string}"},"query-input":{"@type":"PropertyValueSpecification","valueRequired":true,"valueName":"search_term_string"}}],"inLanguage":"az"},{"@type":"Organization","@id":"https:\/\/www.meydan.tv\/az\/#organization","name":"Meydan TV","url":"https:\/\/www.meydan.tv\/az\/","logo":{"@type":"ImageObject","inLanguage":"az","@id":"https:\/\/www.meydan.tv\/az\/#\/schema\/logo\/image\/","url":"https:\/\/www.meydan.tv\/wp-content\/uploads\/2021\/07\/meydan-logo.svg","contentUrl":"https:\/\/www.meydan.tv\/wp-content\/uploads\/2021\/07\/meydan-logo.svg","width":195,"height":46,"caption":"Meydan TV"},"image":{"@id":"https:\/\/www.meydan.tv\/az\/#\/schema\/logo\/image\/"}},{"@type":"Person","@id":"https:\/\/www.meydan.tv\/az\/#\/schema\/person\/10d11eccf6da3662cf5fdab9806ea91a","name":"user-manager"}]}},"_links":{"self":[{"href":"https:\/\/www.meydan.tv\/az\/wp-json\/wp\/v2\/posts\/206832","targetHints":{"allow":["GET"]}}],"collection":[{"href":"https:\/\/www.meydan.tv\/az\/wp-json\/wp\/v2\/posts"}],"about":[{"href":"https:\/\/www.meydan.tv\/az\/wp-json\/wp\/v2\/types\/post"}],"author":[{"embeddable":true,"href":"https:\/\/www.meydan.tv\/az\/wp-json\/wp\/v2\/users\/11"}],"replies":[{"embeddable":true,"href":"https:\/\/www.meydan.tv\/az\/wp-json\/wp\/v2\/comments?post=206832"}],"version-history":[{"count":2,"href":"https:\/\/www.meydan.tv\/az\/wp-json\/wp\/v2\/posts\/206832\/revisions"}],"predecessor-version":[{"id":228806,"href":"https:\/\/www.meydan.tv\/az\/wp-json\/wp\/v2\/posts\/206832\/revisions\/228806"}],"wp:featuredmedia":[{"embeddable":true,"href":"https:\/\/www.meydan.tv\/az\/wp-json\/wp\/v2\/media\/162516"}],"wp:attachment":[{"href":"https:\/\/www.meydan.tv\/az\/wp-json\/wp\/v2\/media?parent=206832"}],"wp:term":[{"taxonomy":"category","embeddable":true,"href":"https:\/\/www.meydan.tv\/az\/wp-json\/wp\/v2\/categories?post=206832"},{"taxonomy":"post_tag","embeddable":true,"href":"https:\/\/www.meydan.tv\/az\/wp-json\/wp\/v2\/tags?post=206832"}],"curies":[{"name":"wp","href":"https:\/\/api.w.org\/{rel}","templated":true}]}}