{"id":206807,"date":"2021-06-18T15:10:12","date_gmt":"2021-06-18T15:10:12","guid":{"rendered":"https:\/\/www.meydan.tv\/article\/infeksionist-onillikler-lazimdir-ki-peyvendlerin-ne-qeder-effektli-oldugunu-bilek\/"},"modified":"2021-06-18T15:10:12","modified_gmt":"2021-06-18T15:10:12","slug":"infeksionist-onillikler-lazimdir-ki-peyvendlerin-ne-qeder-effektli-oldugunu-bilek","status":"publish","type":"post","link":"https:\/\/www.meydan.tv\/az\/article\/infeksionist-onillikler-lazimdir-ki-peyvendlerin-ne-qeder-effektli-oldugunu-bilek\/","title":{"rendered":"\u0130nfeksionist: Onillikl\u0259r laz\u0131md\u0131r ki, peyv\u0259ndl\u0259rin n\u0259 q\u0259d\u0259r effektli oldu\u011funu bil\u0259k"},"content":{"rendered":"<p>\n  <i><br \/>\n    &quot;Vaksin olunanlar\u0131n immunitetinin n\u0259 q\u0259d\u0259r qalaca\u011f\u0131 b\u0259lli deyil&quot;<br \/>\n  <\/i>\n<\/p>\n<p>\n  \u201cCOV\u0130D-19 peyv\u0259ndl\u0259rinin 8 ay, 1 il \u0259rzind\u0259 qoruyucu olaca\u011f\u0131 d\u00fc\u015f\u00fcn\u00fcl\u00fcr. B\u0259lk\u0259 d\u0259, onillikl\u0259r laz\u0131md\u0131r ki, peyv\u0259ndl\u0259rin n\u0259 q\u0259d\u0259r effektli oldu\u011funu bil\u0259k\u201d.\n<\/p>\n<p>\n  Bunu T\u018fB\u0130B-in \u0130nfeksion x\u0259st\u0259likl\u0259r \u00fczr\u0259 i\u015f\u00e7i qrupunun h\u0259kim-infeksionisti N\u0259zrin Mustafayeva deyib.\n<\/p>\n<p>\n  M\u00fct\u0259x\u0259ssis qurumun \u201cFacebook\u201d s\u0259hif\u0259si vasit\u0259sil\u0259 \u201cT\u018fB\u0130B m\u0259sl\u0259h\u0259ti\u201d layih\u0259si \u00e7\u0259r\u00e7iv\u0259sind\u0259 izl\u0259yicil\u0259rin suallar\u0131n\u0131 cavabland\u0131r\u0131b.\n<\/p>\n<p>\n  O deyib ki, h\u0259m COV\u0130D-19 x\u0259st\u0259liyini ke\u00e7irmi\u015f \u015f\u0259xsl\u0259rin, h\u0259m d\u0259 vaksin olunanlar\u0131n immunitetinin n\u0259 q\u0259d\u0259r qalaca\u011f\u0131 b\u0259lli deyil: &quot;Haz\u0131rda kliniki ara\u015fd\u0131rmalar apar\u0131l\u0131r. Bu haqda s\u00f6z dem\u0259k \u00e7ox erk\u0259ndir&quot;.\n<\/p>\n<p>\n  H\u0259kim \u0259lav\u0259 edib ki, peyv\u0259ndl\u0259rin h\u0259r iki dozas\u0131n\u0131n tamamlanmas\u0131 m\u00fctl\u0259qdir: \u201cBirinci dozadan sonra t\u00f6vsiy\u0259 olunan aral\u0131q 28 g\u00fcnd\u00fcr. Lakin m\u00fc\u0259yy\u0259n s\u0259b\u0259bl\u0259rd\u0259n b\u0259zi v\u0259t\u0259nda\u015flar h\u0259min vaxta peyv\u0259nd oluna bilmir. Bunun tibbi olaraq \u0259ks g\u00f6st\u0259ri\u015fi, ziyan\u0131 yoxdur. Onlar \u00fc\u00e7\u00fcn 56 g\u00fcn\u0259 q\u0259d\u0259r icaz\u0259 verilir\u201d.\n<\/p>\n<p>\n  N\u0259zrin Mustafayevan\u0131n s\u00f6zl\u0259rin\u0259 g\u00f6r\u0259, iki ayr\u0131-ayr\u0131 peyv\u0259ndi vurdurmaqla ba\u011fl\u0131 klinik \u00e7al\u0131\u015fmalar davam etdirilir. B\u0259zi \u00f6lk\u0259l\u0259rd\u0259 f\u0259rqli, m\u00fcxt\u0259lif platformalardan olan vaksinl\u0259rin t\u0259tbiqind\u0259n m\u00fcsb\u0259t n\u0259tic\u0259l\u0259r al\u0131n\u0131b: \u201cH\u0259tta bel\u0259 bir m\u0259lumatlar var ki, f\u0259rqli mexanizml\u0259r\u0259 t\u0259sir ed\u0259n peyv\u0259ndl\u0259rl\u0259 daha yax\u015f\u0131 immun cavab almaq olur. Bu m\u0259lumatlar az, m\u0259hdud sayda oldu\u011funa g\u00f6r\u0259 k\u00fctl\u0259vi t\u0259tbiqi, yaxud r\u0259smi q\u0259rar\u0131n al\u0131nmas\u0131 il\u0259 ba\u011fl\u0131 m\u0259lumat yoxdur. \u0130lin sonuna kimi g\u00f6zl\u0259y\u0259c\u0259yik ki, daha geni\u015f \u00e7al\u0131\u015fmalar\u0131n n\u0259tic\u0259l\u0259ri a\u00e7\u0131qlans\u0131n. H\u0259l\u0259 ki haz\u0131rda istifad\u0259 olunan vaksinl\u0259rin h\u0259r iki dozas\u0131n\u0131n eyni olmas\u0131 m\u00fctl\u0259qdir\u201d.\n<\/p>\n<figure class=\"wp-block-image size-large\">\n  <img decoding=\"async\" src=\"https:\/\/www.meydan.tv\/az\/1606905867420529638_1200x630-jpg\/\" alt=\"1606905867420529638_1200x630.jpg\" class=\"wp-image-162456\"\/><figcaption>\n    N\u0259zrin Mustafayeva<br \/>\n  <\/figcaption><\/figure>\n<p>\n  H\u0259kim vaksin vurduqdan sonra h\u0259r hans\u0131 ciddi \u0259m\u0259l edil\u0259c\u0259k qaydalar\u0131n olmad\u0131\u011f\u0131n\u0131 da diqq\u0259t\u0259 \u00e7atd\u0131r\u0131b: \u201cB\u0259z\u0259n \u0259hali aras\u0131nda \u201cvaksin olunan nahiy\u0259y\u0259 su vurmaq olmaz\u201d, &#8211; kimi yanl\u0131\u015f fikirl\u0259r formala\u015f\u0131r. Vaksin olunan \u015f\u0259xsl\u0259rin maye q\u0259bul etm\u0259kl\u0259ri v\u0259 fiziki i\u015fd\u0259n \u00e7\u0259kinm\u0259kl\u0259ri yet\u0259rilidir. Ola bil\u0259r ki, vaksin vurulandan 48-72 saat \u0259rzind\u0259 q\u0131zd\u0131rma, h\u0259min nahiy\u0259d\u0259 a\u011fr\u0131, hals\u0131zl\u0131q, yor\u011funluq kimi \u0259lam\u0259tl\u0259r ba\u015f ver\u0259 bil\u0259r. H\u0259rar\u0259t y\u00fcks\u0259k olarsa, q\u0131zd\u0131rma salan preparatlardan istifad\u0259 etm\u0259k olar. Q\u0131zd\u0131rma 72 saat\u0131 ke\u00e7diyi t\u0259qdird\u0259 h\u0259kim\u0259 m\u00fcraci\u0259t oluna bil\u0259r\u201d.\n<\/p>\n<p>\n  \u0130nsanlar\u0131 maraqland\u0131ran daha bir m\u0259s\u0259l\u0259 &#8211; \u00f6vlad planla\u015fd\u0131ran ail\u0259l\u0259rin vaksin olunub-olunmamas\u0131d\u0131r.\n<\/p>\n<p>\n  M\u00fct\u0259x\u0259ssis deyir ki, hamil\u0259lik planla\u015fd\u0131rmas\u0131 zaman\u0131 vaksin \u0259ks g\u00f6st\u0259ri\u015f deyil: \u201cPeyv\u0259ndl\u0259m\u0259 prosesi yeni bir anlay\u0131\u015f deyil. Onillikl\u0259rdir ki, m\u00fcxt\u0259lif platformal\u0131 vaksinl\u0259rd\u0259n istifad\u0259 edilir. Lakin h\u0259min \u015f\u0259xsl\u0259r ginekoloq m\u00fcayin\u0259sind\u0259 olub, m\u0259sl\u0259h\u0259t alsalar, daha yax\u015f\u0131d\u0131r. Onu da deyim ki, hamil\u0259 v\u0259 laktasiya d\u00f6vr\u00fcnd\u0259 olan qad\u0131nlar vaksinasiya olunmamal\u0131d\u0131r. Peyv\u0259ndl\u0259rin h\u0259r birinin i\u00e7lik v\u0259r\u0259qind\u0259 bunun \u0259ks g\u00f6st\u0259ri\u015f oldu\u011fu qeyd edilib\u201d.\n<\/p>\n<p>\n  \u201c\u00dc\u00e7\u00fcnc\u00fc doza m\u0259s\u0259l\u0259si haz\u0131rda aktiv m\u00fczakir\u0259d\u0259dir. Lakin bu peyv\u0259nd \u015firk\u0259tl\u0259ri v\u0259 \u00dcmumd\u00fcnya S\u0259hiyy\u0259 T\u0259\u015fkilat\u0131 t\u0259r\u0259find\u0259n t\u0259sdiqini almay\u0131b. \u00dc\u00e7\u00fcnc\u00fc doza t\u00f6vsiy\u0259si il\u0259 ba\u011fl\u0131 r\u0259yin olub-olmamas\u0131 ilin sonuna do\u011fru a\u00e7\u0131qlanacaq. Bu g\u00fcn \u00fc\u00e7\u00fcn bel\u0259 bir g\u00f6st\u0259ri\u015f, t\u0259limat yoxdur\u201d, &#8211; h\u0259kim qeyd edib.<\/p>\n","protected":false},"excerpt":{"rendered":"<p>\u0130nsanlar\u0131 maraqland\u0131ran daha bir m\u0259s\u0259l\u0259 &#8211; \u00f6vlad planla\u015fd\u0131ran ail\u0259l\u0259rin vaksin olunub-olunmamas\u0131d\u0131r.<\/p>\n","protected":false},"author":11,"featured_media":161616,"comment_status":"closed","ping_status":"open","sticky":false,"template":"","format":"standard","meta":{"_acf_changed":false,"_sitemap_exclude":false,"_sitemap_priority":"","_sitemap_frequency":"","footnotes":""},"categories":[54],"tags":[],"class_list":["post-206807","post","type-post","status-publish","format-standard","has-post-thumbnail","hentry","category-sagliq","infinite-scroll-item","generate-columns","tablet-grid-50","mobile-grid-100","grid-parent","grid-33","no-featured-image-padding"],"acf":[],"yoast_head":"<!-- This site is optimized with the Yoast SEO plugin v27.4 - https:\/\/yoast.com\/product\/yoast-seo-wordpress\/ -->\n<title>\u0130nfeksionist: Onillikl\u0259r laz\u0131md\u0131r ki, peyv\u0259ndl\u0259rin n\u0259 q\u0259d\u0259r effektli oldu\u011funu bil\u0259k - MEYDAN.TV<\/title>\n<meta name=\"robots\" content=\"index, follow, max-snippet:-1, max-image-preview:large, max-video-preview:-1\" \/>\n<link rel=\"canonical\" href=\"https:\/\/www.meydan.tv\/az\/article\/infeksionist-onillikler-lazimdir-ki-peyvendlerin-ne-qeder-effektli-oldugunu-bilek\/\" \/>\n<meta property=\"og:locale\" content=\"az_AZ\" \/>\n<meta property=\"og:type\" content=\"article\" \/>\n<meta property=\"og:title\" content=\"\u0130nfeksionist: Onillikl\u0259r laz\u0131md\u0131r ki, peyv\u0259ndl\u0259rin n\u0259 q\u0259d\u0259r effektli oldu\u011funu bil\u0259k - MEYDAN.TV\" \/>\n<meta property=\"og:description\" content=\"\u0130nsanlar\u0131 maraqland\u0131ran daha bir m\u0259s\u0259l\u0259 - \u00f6vlad planla\u015fd\u0131ran ail\u0259l\u0259rin vaksin olunub-olunmamas\u0131d\u0131r.\" \/>\n<meta property=\"og:url\" content=\"https:\/\/www.meydan.tv\/az\/article\/infeksionist-onillikler-lazimdir-ki-peyvendlerin-ne-qeder-effektli-oldugunu-bilek\/\" \/>\n<meta property=\"og:site_name\" content=\"MEYDAN.TV\" \/>\n<meta property=\"article:published_time\" content=\"2021-06-18T15:10:12+00:00\" \/>\n<meta property=\"og:image\" content=\"https:\/\/www.meydan.tv\/wp-content\/uploads\/covid1-scaled.jpg\" \/>\n\t<meta property=\"og:image:width\" content=\"2560\" \/>\n\t<meta property=\"og:image:height\" content=\"1440\" \/>\n\t<meta property=\"og:image:type\" content=\"image\/jpeg\" \/>\n<meta name=\"author\" content=\"user-manager\" \/>\n<meta name=\"twitter:card\" content=\"summary_large_image\" \/>\n<script type=\"application\/ld+json\" class=\"yoast-schema-graph\">{\"@context\":\"https:\\\/\\\/schema.org\",\"@graph\":[{\"@type\":\"Article\",\"@id\":\"https:\\\/\\\/www.meydan.tv\\\/az\\\/article\\\/infeksionist-onillikler-lazimdir-ki-peyvendlerin-ne-qeder-effektli-oldugunu-bilek\\\/#article\",\"isPartOf\":{\"@id\":\"https:\\\/\\\/www.meydan.tv\\\/az\\\/article\\\/infeksionist-onillikler-lazimdir-ki-peyvendlerin-ne-qeder-effektli-oldugunu-bilek\\\/\"},\"author\":{\"name\":\"user-manager\",\"@id\":\"https:\\\/\\\/www.meydan.tv\\\/az\\\/#\\\/schema\\\/person\\\/10d11eccf6da3662cf5fdab9806ea91a\"},\"headline\":\"\u0130nfeksionist: Onillikl\u0259r laz\u0131md\u0131r ki, peyv\u0259ndl\u0259rin n\u0259 q\u0259d\u0259r effektli oldu\u011funu bil\u0259k\",\"datePublished\":\"2021-06-18T15:10:12+00:00\",\"mainEntityOfPage\":{\"@id\":\"https:\\\/\\\/www.meydan.tv\\\/az\\\/article\\\/infeksionist-onillikler-lazimdir-ki-peyvendlerin-ne-qeder-effektli-oldugunu-bilek\\\/\"},\"wordCount\":695,\"publisher\":{\"@id\":\"https:\\\/\\\/www.meydan.tv\\\/az\\\/#organization\"},\"image\":{\"@id\":\"https:\\\/\\\/www.meydan.tv\\\/az\\\/article\\\/infeksionist-onillikler-lazimdir-ki-peyvendlerin-ne-qeder-effektli-oldugunu-bilek\\\/#primaryimage\"},\"thumbnailUrl\":\"https:\\\/\\\/www.meydan.tv\\\/wp-content\\\/uploads\\\/covid1-scaled.jpg\",\"articleSection\":[\"Sa\u011fl\u0131q\"],\"inLanguage\":\"az\"},{\"@type\":\"WebPage\",\"@id\":\"https:\\\/\\\/www.meydan.tv\\\/az\\\/article\\\/infeksionist-onillikler-lazimdir-ki-peyvendlerin-ne-qeder-effektli-oldugunu-bilek\\\/\",\"url\":\"https:\\\/\\\/www.meydan.tv\\\/az\\\/article\\\/infeksionist-onillikler-lazimdir-ki-peyvendlerin-ne-qeder-effektli-oldugunu-bilek\\\/\",\"name\":\"\u0130nfeksionist: Onillikl\u0259r laz\u0131md\u0131r ki, peyv\u0259ndl\u0259rin n\u0259 q\u0259d\u0259r effektli oldu\u011funu bil\u0259k - MEYDAN.TV\",\"isPartOf\":{\"@id\":\"https:\\\/\\\/www.meydan.tv\\\/az\\\/#website\"},\"primaryImageOfPage\":{\"@id\":\"https:\\\/\\\/www.meydan.tv\\\/az\\\/article\\\/infeksionist-onillikler-lazimdir-ki-peyvendlerin-ne-qeder-effektli-oldugunu-bilek\\\/#primaryimage\"},\"image\":{\"@id\":\"https:\\\/\\\/www.meydan.tv\\\/az\\\/article\\\/infeksionist-onillikler-lazimdir-ki-peyvendlerin-ne-qeder-effektli-oldugunu-bilek\\\/#primaryimage\"},\"thumbnailUrl\":\"https:\\\/\\\/www.meydan.tv\\\/wp-content\\\/uploads\\\/covid1-scaled.jpg\",\"datePublished\":\"2021-06-18T15:10:12+00:00\",\"breadcrumb\":{\"@id\":\"https:\\\/\\\/www.meydan.tv\\\/az\\\/article\\\/infeksionist-onillikler-lazimdir-ki-peyvendlerin-ne-qeder-effektli-oldugunu-bilek\\\/#breadcrumb\"},\"inLanguage\":\"az\",\"potentialAction\":[{\"@type\":\"ReadAction\",\"target\":[\"https:\\\/\\\/www.meydan.tv\\\/az\\\/article\\\/infeksionist-onillikler-lazimdir-ki-peyvendlerin-ne-qeder-effektli-oldugunu-bilek\\\/\"]}]},{\"@type\":\"ImageObject\",\"inLanguage\":\"az\",\"@id\":\"https:\\\/\\\/www.meydan.tv\\\/az\\\/article\\\/infeksionist-onillikler-lazimdir-ki-peyvendlerin-ne-qeder-effektli-oldugunu-bilek\\\/#primaryimage\",\"url\":\"https:\\\/\\\/www.meydan.tv\\\/wp-content\\\/uploads\\\/covid1-scaled.jpg\",\"contentUrl\":\"https:\\\/\\\/www.meydan.tv\\\/wp-content\\\/uploads\\\/covid1-scaled.jpg\",\"width\":2560,\"height\":1440,\"caption\":\"Source: Meydan TV\"},{\"@type\":\"BreadcrumbList\",\"@id\":\"https:\\\/\\\/www.meydan.tv\\\/az\\\/article\\\/infeksionist-onillikler-lazimdir-ki-peyvendlerin-ne-qeder-effektli-oldugunu-bilek\\\/#breadcrumb\",\"itemListElement\":[{\"@type\":\"ListItem\",\"position\":1,\"name\":\"Ana s\u0259hif\u0259\",\"item\":\"https:\\\/\\\/www.meydan.tv\\\/az\\\/\"},{\"@type\":\"ListItem\",\"position\":2,\"name\":\"Sa\u011fl\u0131q\",\"item\":\"https:\\\/\\\/www.meydan.tv\\\/az\\\/section\\\/sagliq\\\/\"},{\"@type\":\"ListItem\",\"position\":3,\"name\":\"\u0130nfeksionist: Onillikl\u0259r laz\u0131md\u0131r ki, peyv\u0259ndl\u0259rin n\u0259 q\u0259d\u0259r effektli oldu\u011funu bil\u0259k\"}]},{\"@type\":\"WebSite\",\"@id\":\"https:\\\/\\\/www.meydan.tv\\\/az\\\/#website\",\"url\":\"https:\\\/\\\/www.meydan.tv\\\/az\\\/\",\"name\":\"MEYDAN.TV\",\"description\":\"Meydan TV Az\u0259rbaycan\u0131n media m\u0259kan\u0131ndak\u0131 alternativ s\u0259sidir\",\"publisher\":{\"@id\":\"https:\\\/\\\/www.meydan.tv\\\/az\\\/#organization\"},\"potentialAction\":[{\"@type\":\"SearchAction\",\"target\":{\"@type\":\"EntryPoint\",\"urlTemplate\":\"https:\\\/\\\/www.meydan.tv\\\/az\\\/?s={search_term_string}\"},\"query-input\":{\"@type\":\"PropertyValueSpecification\",\"valueRequired\":true,\"valueName\":\"search_term_string\"}}],\"inLanguage\":\"az\"},{\"@type\":\"Organization\",\"@id\":\"https:\\\/\\\/www.meydan.tv\\\/az\\\/#organization\",\"name\":\"Meydan TV\",\"url\":\"https:\\\/\\\/www.meydan.tv\\\/az\\\/\",\"logo\":{\"@type\":\"ImageObject\",\"inLanguage\":\"az\",\"@id\":\"https:\\\/\\\/www.meydan.tv\\\/az\\\/#\\\/schema\\\/logo\\\/image\\\/\",\"url\":\"https:\\\/\\\/www.meydan.tv\\\/wp-content\\\/uploads\\\/2021\\\/07\\\/meydan-logo.svg\",\"contentUrl\":\"https:\\\/\\\/www.meydan.tv\\\/wp-content\\\/uploads\\\/2021\\\/07\\\/meydan-logo.svg\",\"width\":195,\"height\":46,\"caption\":\"Meydan TV\"},\"image\":{\"@id\":\"https:\\\/\\\/www.meydan.tv\\\/az\\\/#\\\/schema\\\/logo\\\/image\\\/\"}},{\"@type\":\"Person\",\"@id\":\"https:\\\/\\\/www.meydan.tv\\\/az\\\/#\\\/schema\\\/person\\\/10d11eccf6da3662cf5fdab9806ea91a\",\"name\":\"user-manager\"}]}<\/script>\n<!-- \/ Yoast SEO plugin. -->","yoast_head_json":{"title":"\u0130nfeksionist: Onillikl\u0259r laz\u0131md\u0131r ki, peyv\u0259ndl\u0259rin n\u0259 q\u0259d\u0259r effektli oldu\u011funu bil\u0259k - MEYDAN.TV","robots":{"index":"index","follow":"follow","max-snippet":"max-snippet:-1","max-image-preview":"max-image-preview:large","max-video-preview":"max-video-preview:-1"},"canonical":"https:\/\/www.meydan.tv\/az\/article\/infeksionist-onillikler-lazimdir-ki-peyvendlerin-ne-qeder-effektli-oldugunu-bilek\/","og_locale":"az_AZ","og_type":"article","og_title":"\u0130nfeksionist: Onillikl\u0259r laz\u0131md\u0131r ki, peyv\u0259ndl\u0259rin n\u0259 q\u0259d\u0259r effektli oldu\u011funu bil\u0259k - MEYDAN.TV","og_description":"\u0130nsanlar\u0131 maraqland\u0131ran daha bir m\u0259s\u0259l\u0259 - \u00f6vlad planla\u015fd\u0131ran ail\u0259l\u0259rin vaksin olunub-olunmamas\u0131d\u0131r.","og_url":"https:\/\/www.meydan.tv\/az\/article\/infeksionist-onillikler-lazimdir-ki-peyvendlerin-ne-qeder-effektli-oldugunu-bilek\/","og_site_name":"MEYDAN.TV","article_published_time":"2021-06-18T15:10:12+00:00","og_image":[{"width":2560,"height":1440,"url":"https:\/\/www.meydan.tv\/wp-content\/uploads\/covid1-scaled.jpg","type":"image\/jpeg"}],"author":"user-manager","twitter_card":"summary_large_image","schema":{"@context":"https:\/\/schema.org","@graph":[{"@type":"Article","@id":"https:\/\/www.meydan.tv\/az\/article\/infeksionist-onillikler-lazimdir-ki-peyvendlerin-ne-qeder-effektli-oldugunu-bilek\/#article","isPartOf":{"@id":"https:\/\/www.meydan.tv\/az\/article\/infeksionist-onillikler-lazimdir-ki-peyvendlerin-ne-qeder-effektli-oldugunu-bilek\/"},"author":{"name":"user-manager","@id":"https:\/\/www.meydan.tv\/az\/#\/schema\/person\/10d11eccf6da3662cf5fdab9806ea91a"},"headline":"\u0130nfeksionist: Onillikl\u0259r laz\u0131md\u0131r ki, peyv\u0259ndl\u0259rin n\u0259 q\u0259d\u0259r effektli oldu\u011funu bil\u0259k","datePublished":"2021-06-18T15:10:12+00:00","mainEntityOfPage":{"@id":"https:\/\/www.meydan.tv\/az\/article\/infeksionist-onillikler-lazimdir-ki-peyvendlerin-ne-qeder-effektli-oldugunu-bilek\/"},"wordCount":695,"publisher":{"@id":"https:\/\/www.meydan.tv\/az\/#organization"},"image":{"@id":"https:\/\/www.meydan.tv\/az\/article\/infeksionist-onillikler-lazimdir-ki-peyvendlerin-ne-qeder-effektli-oldugunu-bilek\/#primaryimage"},"thumbnailUrl":"https:\/\/www.meydan.tv\/wp-content\/uploads\/covid1-scaled.jpg","articleSection":["Sa\u011fl\u0131q"],"inLanguage":"az"},{"@type":"WebPage","@id":"https:\/\/www.meydan.tv\/az\/article\/infeksionist-onillikler-lazimdir-ki-peyvendlerin-ne-qeder-effektli-oldugunu-bilek\/","url":"https:\/\/www.meydan.tv\/az\/article\/infeksionist-onillikler-lazimdir-ki-peyvendlerin-ne-qeder-effektli-oldugunu-bilek\/","name":"\u0130nfeksionist: Onillikl\u0259r laz\u0131md\u0131r ki, peyv\u0259ndl\u0259rin n\u0259 q\u0259d\u0259r effektli oldu\u011funu bil\u0259k - MEYDAN.TV","isPartOf":{"@id":"https:\/\/www.meydan.tv\/az\/#website"},"primaryImageOfPage":{"@id":"https:\/\/www.meydan.tv\/az\/article\/infeksionist-onillikler-lazimdir-ki-peyvendlerin-ne-qeder-effektli-oldugunu-bilek\/#primaryimage"},"image":{"@id":"https:\/\/www.meydan.tv\/az\/article\/infeksionist-onillikler-lazimdir-ki-peyvendlerin-ne-qeder-effektli-oldugunu-bilek\/#primaryimage"},"thumbnailUrl":"https:\/\/www.meydan.tv\/wp-content\/uploads\/covid1-scaled.jpg","datePublished":"2021-06-18T15:10:12+00:00","breadcrumb":{"@id":"https:\/\/www.meydan.tv\/az\/article\/infeksionist-onillikler-lazimdir-ki-peyvendlerin-ne-qeder-effektli-oldugunu-bilek\/#breadcrumb"},"inLanguage":"az","potentialAction":[{"@type":"ReadAction","target":["https:\/\/www.meydan.tv\/az\/article\/infeksionist-onillikler-lazimdir-ki-peyvendlerin-ne-qeder-effektli-oldugunu-bilek\/"]}]},{"@type":"ImageObject","inLanguage":"az","@id":"https:\/\/www.meydan.tv\/az\/article\/infeksionist-onillikler-lazimdir-ki-peyvendlerin-ne-qeder-effektli-oldugunu-bilek\/#primaryimage","url":"https:\/\/www.meydan.tv\/wp-content\/uploads\/covid1-scaled.jpg","contentUrl":"https:\/\/www.meydan.tv\/wp-content\/uploads\/covid1-scaled.jpg","width":2560,"height":1440,"caption":"Source: Meydan TV"},{"@type":"BreadcrumbList","@id":"https:\/\/www.meydan.tv\/az\/article\/infeksionist-onillikler-lazimdir-ki-peyvendlerin-ne-qeder-effektli-oldugunu-bilek\/#breadcrumb","itemListElement":[{"@type":"ListItem","position":1,"name":"Ana s\u0259hif\u0259","item":"https:\/\/www.meydan.tv\/az\/"},{"@type":"ListItem","position":2,"name":"Sa\u011fl\u0131q","item":"https:\/\/www.meydan.tv\/az\/section\/sagliq\/"},{"@type":"ListItem","position":3,"name":"\u0130nfeksionist: Onillikl\u0259r laz\u0131md\u0131r ki, peyv\u0259ndl\u0259rin n\u0259 q\u0259d\u0259r effektli oldu\u011funu bil\u0259k"}]},{"@type":"WebSite","@id":"https:\/\/www.meydan.tv\/az\/#website","url":"https:\/\/www.meydan.tv\/az\/","name":"MEYDAN.TV","description":"Meydan TV Az\u0259rbaycan\u0131n media m\u0259kan\u0131ndak\u0131 alternativ s\u0259sidir","publisher":{"@id":"https:\/\/www.meydan.tv\/az\/#organization"},"potentialAction":[{"@type":"SearchAction","target":{"@type":"EntryPoint","urlTemplate":"https:\/\/www.meydan.tv\/az\/?s={search_term_string}"},"query-input":{"@type":"PropertyValueSpecification","valueRequired":true,"valueName":"search_term_string"}}],"inLanguage":"az"},{"@type":"Organization","@id":"https:\/\/www.meydan.tv\/az\/#organization","name":"Meydan TV","url":"https:\/\/www.meydan.tv\/az\/","logo":{"@type":"ImageObject","inLanguage":"az","@id":"https:\/\/www.meydan.tv\/az\/#\/schema\/logo\/image\/","url":"https:\/\/www.meydan.tv\/wp-content\/uploads\/2021\/07\/meydan-logo.svg","contentUrl":"https:\/\/www.meydan.tv\/wp-content\/uploads\/2021\/07\/meydan-logo.svg","width":195,"height":46,"caption":"Meydan TV"},"image":{"@id":"https:\/\/www.meydan.tv\/az\/#\/schema\/logo\/image\/"}},{"@type":"Person","@id":"https:\/\/www.meydan.tv\/az\/#\/schema\/person\/10d11eccf6da3662cf5fdab9806ea91a","name":"user-manager"}]}},"_links":{"self":[{"href":"https:\/\/www.meydan.tv\/az\/wp-json\/wp\/v2\/posts\/206807","targetHints":{"allow":["GET"]}}],"collection":[{"href":"https:\/\/www.meydan.tv\/az\/wp-json\/wp\/v2\/posts"}],"about":[{"href":"https:\/\/www.meydan.tv\/az\/wp-json\/wp\/v2\/types\/post"}],"author":[{"embeddable":true,"href":"https:\/\/www.meydan.tv\/az\/wp-json\/wp\/v2\/users\/11"}],"replies":[{"embeddable":true,"href":"https:\/\/www.meydan.tv\/az\/wp-json\/wp\/v2\/comments?post=206807"}],"version-history":[{"count":0,"href":"https:\/\/www.meydan.tv\/az\/wp-json\/wp\/v2\/posts\/206807\/revisions"}],"wp:featuredmedia":[{"embeddable":true,"href":"https:\/\/www.meydan.tv\/az\/wp-json\/wp\/v2\/media\/161616"}],"wp:attachment":[{"href":"https:\/\/www.meydan.tv\/az\/wp-json\/wp\/v2\/media?parent=206807"}],"wp:term":[{"taxonomy":"category","embeddable":true,"href":"https:\/\/www.meydan.tv\/az\/wp-json\/wp\/v2\/categories?post=206807"},{"taxonomy":"post_tag","embeddable":true,"href":"https:\/\/www.meydan.tv\/az\/wp-json\/wp\/v2\/tags?post=206807"}],"curies":[{"name":"wp","href":"https:\/\/api.w.org\/{rel}","templated":true}]}}