{"id":206800,"date":"2021-06-18T11:38:29","date_gmt":"2021-06-18T11:38:29","guid":{"rendered":"https:\/\/www.meydan.tv\/article\/azerbaycan-filmi-rusiyada-numayis-olunacaq\/"},"modified":"2021-06-18T11:38:29","modified_gmt":"2021-06-18T11:38:29","slug":"azerbaycan-filmi-rusiyada-numayis-olunacaq","status":"publish","type":"post","link":"https:\/\/www.meydan.tv\/az\/article\/azerbaycan-filmi-rusiyada-numayis-olunacaq\/","title":{"rendered":"Az\u0259rbaycan filmi Rusiyada n\u00fcmayi\u015f olunacaq"},"content":{"rendered":"<p>\n  <i><br \/>\n    Film Rasim adl\u0131 taksi s\u00fcr\u00fcc\u00fcs\u00fcn\u00fcn ba\u015f\u0131na g\u0259l\u0259n mac\u0259ralardan b\u0259hs edir<br \/>\n  <\/i>\n<\/p>\n<p>\n  Rejissor Teymur Q\u0259mb\u0259rovun \u201cQuxuroba\u201d q\u0131sametrajl\u0131 filmi festivalda n\u00fcmayi\u015f olunacaq.\n<\/p>\n<p>\n  Rejissorun Meydan TV-y\u0259 verdiyi m\u0259lumata g\u00f6r\u0259, MDB \u00f6lk\u0259l\u0259rinin \u201cMoskva premyeras\u0131\u201d Beyn\u0259lxalq Kino Festival\u0131 oktyabrda ke\u00e7iril\u0259c\u0259k.\n<\/p>\n<p>\n  \u201cQuxuroba\u201d filmi Rasim adl\u0131 taksi s\u00fcr\u00fcc\u00fcs\u00fcn\u00fcn ba\u015f\u0131na g\u0259l\u0259n mac\u0259ralardan b\u0259hs edir.\n<\/p>\n<p>\n  O, m\u00fcdirind\u0259n vacib bir tap\u015f\u0131r\u0131q al\u0131r. N\u0259yin bahas\u0131na olursa-olsun, g\u0259linlik paltar\u0131n\u0131 ucqar k\u0259nd\u0259 \u00e7atd\u0131rmal\u0131d\u0131r.\n<\/p>\n<p>\n  Rejissoru v\u0259 ssenari m\u00fc\u0259llifi Teymur Q\u0259mb\u0259rov olan filmd\u0259 Elxan S\u0259m\u0259dov, Roza \u0130badova Ko\u00e7amaz, Rada N\u0259sibova, Cahangir Malik, \u0130lqar Dada\u015f \u00e7\u0259kilib.\n<\/p>\n<figure class=\"wp-block-image size-large\">\n  <img decoding=\"async\" src=\"https:\/\/www.meydan.tv\/az\/1_kino-jpg\/\" alt=\"1_kino.jpg\" class=\"wp-image-162426\"\/><figcaption>\n    \u201cQuxuroba\u201d<br \/>\n  <\/figcaption><\/figure>\n<p>\n  \u201cQuxuroba\u201d \u201cEuropean Short Pitch\u201d, \u201cImage Production\u201d, \u201cMastering, Distribution\u201d m\u00fckafatlar\u0131n\u0131n qalibi olub.\n<\/p>\n<p>\n  Bundan ba\u015fqa, film d\u00fcnyan\u0131n \u0259n n\u00fcfuzlu festivallar\u0131ndan olan Sarayevo Film Festival\u0131nda i\u015ftirak edib.\n<\/p>\n<p>\n  \u201cQuxuroba\u201d h\u0259m\u00e7inin may\u0131n 26-dan iyunun 2-d\u0259k Batumid\u0259 ke\u00e7iril\u0259n \u201cDostluq\u201d MDB Beyn\u0259lxalq G\u0259nc Kinematoqraf\u00e7\u0131lar M\u0259kt\u0259binin m\u00fcsabiq\u0259sind\u0259 kino t\u0259nqid\u00e7il\u0259rinin \u0259sas m\u00fckafat\u0131na layiq g\u00f6r\u00fcl\u00fcb.\n<\/p>\n<p>\n  M\u00fcsabiq\u0259d\u0259 14 \u00f6lk\u0259d\u0259n 35-\u0259 yax\u0131n film n\u00fcmayi\u015f olunub.<\/p>\n","protected":false},"excerpt":{"rendered":"<p>Festival\u0131nda i\u015ftirak edib.<\/p>\n","protected":false},"author":11,"featured_media":162417,"comment_status":"closed","ping_status":"open","sticky":false,"template":"","format":"standard","meta":{"_acf_changed":false,"_sitemap_exclude":false,"_sitemap_priority":"","_sitemap_frequency":"","footnotes":""},"categories":[52],"tags":[],"class_list":["post-206800","post","type-post","status-publish","format-standard","has-post-thumbnail","hentry","category-medeniyyet","infinite-scroll-item","generate-columns","tablet-grid-50","mobile-grid-100","grid-parent","grid-33","no-featured-image-padding"],"acf":[],"yoast_head":"<!-- This site is optimized with the Yoast SEO plugin v27.4 - https:\/\/yoast.com\/product\/yoast-seo-wordpress\/ -->\n<title>Az\u0259rbaycan filmi Rusiyada n\u00fcmayi\u015f olunacaq - MEYDAN.TV<\/title>\n<meta name=\"robots\" content=\"index, follow, max-snippet:-1, max-image-preview:large, max-video-preview:-1\" \/>\n<link rel=\"canonical\" href=\"https:\/\/www.meydan.tv\/az\/article\/azerbaycan-filmi-rusiyada-numayis-olunacaq\/\" \/>\n<meta property=\"og:locale\" content=\"az_AZ\" \/>\n<meta property=\"og:type\" content=\"article\" \/>\n<meta property=\"og:title\" content=\"Az\u0259rbaycan filmi Rusiyada n\u00fcmayi\u015f olunacaq - MEYDAN.TV\" \/>\n<meta property=\"og:description\" content=\"Festival\u0131nda i\u015ftirak edib.\" \/>\n<meta property=\"og:url\" content=\"https:\/\/www.meydan.tv\/az\/article\/azerbaycan-filmi-rusiyada-numayis-olunacaq\/\" \/>\n<meta property=\"og:site_name\" content=\"MEYDAN.TV\" \/>\n<meta property=\"article:published_time\" content=\"2021-06-18T11:38:29+00:00\" \/>\n<meta property=\"og:image\" content=\"https:\/\/www.meydan.tv\/wp-content\/uploads\/4kino.jpg\" \/>\n\t<meta property=\"og:image:width\" content=\"1024\" \/>\n\t<meta property=\"og:image:height\" content=\"576\" \/>\n\t<meta property=\"og:image:type\" content=\"image\/jpeg\" \/>\n<meta name=\"author\" content=\"user-manager\" \/>\n<meta name=\"twitter:card\" content=\"summary_large_image\" \/>\n<script type=\"application\/ld+json\" class=\"yoast-schema-graph\">{\"@context\":\"https:\\\/\\\/schema.org\",\"@graph\":[{\"@type\":\"Article\",\"@id\":\"https:\\\/\\\/www.meydan.tv\\\/az\\\/article\\\/azerbaycan-filmi-rusiyada-numayis-olunacaq\\\/#article\",\"isPartOf\":{\"@id\":\"https:\\\/\\\/www.meydan.tv\\\/az\\\/article\\\/azerbaycan-filmi-rusiyada-numayis-olunacaq\\\/\"},\"author\":{\"name\":\"user-manager\",\"@id\":\"https:\\\/\\\/www.meydan.tv\\\/az\\\/#\\\/schema\\\/person\\\/10d11eccf6da3662cf5fdab9806ea91a\"},\"headline\":\"Az\u0259rbaycan filmi Rusiyada n\u00fcmayi\u015f olunacaq\",\"datePublished\":\"2021-06-18T11:38:29+00:00\",\"mainEntityOfPage\":{\"@id\":\"https:\\\/\\\/www.meydan.tv\\\/az\\\/article\\\/azerbaycan-filmi-rusiyada-numayis-olunacaq\\\/\"},\"wordCount\":228,\"publisher\":{\"@id\":\"https:\\\/\\\/www.meydan.tv\\\/az\\\/#organization\"},\"image\":{\"@id\":\"https:\\\/\\\/www.meydan.tv\\\/az\\\/article\\\/azerbaycan-filmi-rusiyada-numayis-olunacaq\\\/#primaryimage\"},\"thumbnailUrl\":\"https:\\\/\\\/www.meydan.tv\\\/wp-content\\\/uploads\\\/4kino.jpg\",\"articleSection\":[\"M\u0259d\u0259niyy\u0259t\"],\"inLanguage\":\"az\"},{\"@type\":\"WebPage\",\"@id\":\"https:\\\/\\\/www.meydan.tv\\\/az\\\/article\\\/azerbaycan-filmi-rusiyada-numayis-olunacaq\\\/\",\"url\":\"https:\\\/\\\/www.meydan.tv\\\/az\\\/article\\\/azerbaycan-filmi-rusiyada-numayis-olunacaq\\\/\",\"name\":\"Az\u0259rbaycan filmi Rusiyada n\u00fcmayi\u015f olunacaq - MEYDAN.TV\",\"isPartOf\":{\"@id\":\"https:\\\/\\\/www.meydan.tv\\\/az\\\/#website\"},\"primaryImageOfPage\":{\"@id\":\"https:\\\/\\\/www.meydan.tv\\\/az\\\/article\\\/azerbaycan-filmi-rusiyada-numayis-olunacaq\\\/#primaryimage\"},\"image\":{\"@id\":\"https:\\\/\\\/www.meydan.tv\\\/az\\\/article\\\/azerbaycan-filmi-rusiyada-numayis-olunacaq\\\/#primaryimage\"},\"thumbnailUrl\":\"https:\\\/\\\/www.meydan.tv\\\/wp-content\\\/uploads\\\/4kino.jpg\",\"datePublished\":\"2021-06-18T11:38:29+00:00\",\"breadcrumb\":{\"@id\":\"https:\\\/\\\/www.meydan.tv\\\/az\\\/article\\\/azerbaycan-filmi-rusiyada-numayis-olunacaq\\\/#breadcrumb\"},\"inLanguage\":\"az\",\"potentialAction\":[{\"@type\":\"ReadAction\",\"target\":[\"https:\\\/\\\/www.meydan.tv\\\/az\\\/article\\\/azerbaycan-filmi-rusiyada-numayis-olunacaq\\\/\"]}]},{\"@type\":\"ImageObject\",\"inLanguage\":\"az\",\"@id\":\"https:\\\/\\\/www.meydan.tv\\\/az\\\/article\\\/azerbaycan-filmi-rusiyada-numayis-olunacaq\\\/#primaryimage\",\"url\":\"https:\\\/\\\/www.meydan.tv\\\/wp-content\\\/uploads\\\/4kino.jpg\",\"contentUrl\":\"https:\\\/\\\/www.meydan.tv\\\/wp-content\\\/uploads\\\/4kino.jpg\",\"width\":1024,\"height\":576,\"caption\":\"Source: Specify Source\"},{\"@type\":\"BreadcrumbList\",\"@id\":\"https:\\\/\\\/www.meydan.tv\\\/az\\\/article\\\/azerbaycan-filmi-rusiyada-numayis-olunacaq\\\/#breadcrumb\",\"itemListElement\":[{\"@type\":\"ListItem\",\"position\":1,\"name\":\"Ana s\u0259hif\u0259\",\"item\":\"https:\\\/\\\/www.meydan.tv\\\/az\\\/\"},{\"@type\":\"ListItem\",\"position\":2,\"name\":\"M\u0259d\u0259niyy\u0259t\",\"item\":\"https:\\\/\\\/www.meydan.tv\\\/az\\\/section\\\/medeniyyet\\\/\"},{\"@type\":\"ListItem\",\"position\":3,\"name\":\"Az\u0259rbaycan filmi Rusiyada n\u00fcmayi\u015f olunacaq\"}]},{\"@type\":\"WebSite\",\"@id\":\"https:\\\/\\\/www.meydan.tv\\\/az\\\/#website\",\"url\":\"https:\\\/\\\/www.meydan.tv\\\/az\\\/\",\"name\":\"MEYDAN.TV\",\"description\":\"Meydan TV Az\u0259rbaycan\u0131n media m\u0259kan\u0131ndak\u0131 alternativ s\u0259sidir\",\"publisher\":{\"@id\":\"https:\\\/\\\/www.meydan.tv\\\/az\\\/#organization\"},\"potentialAction\":[{\"@type\":\"SearchAction\",\"target\":{\"@type\":\"EntryPoint\",\"urlTemplate\":\"https:\\\/\\\/www.meydan.tv\\\/az\\\/?s={search_term_string}\"},\"query-input\":{\"@type\":\"PropertyValueSpecification\",\"valueRequired\":true,\"valueName\":\"search_term_string\"}}],\"inLanguage\":\"az\"},{\"@type\":\"Organization\",\"@id\":\"https:\\\/\\\/www.meydan.tv\\\/az\\\/#organization\",\"name\":\"Meydan TV\",\"url\":\"https:\\\/\\\/www.meydan.tv\\\/az\\\/\",\"logo\":{\"@type\":\"ImageObject\",\"inLanguage\":\"az\",\"@id\":\"https:\\\/\\\/www.meydan.tv\\\/az\\\/#\\\/schema\\\/logo\\\/image\\\/\",\"url\":\"https:\\\/\\\/www.meydan.tv\\\/wp-content\\\/uploads\\\/2021\\\/07\\\/meydan-logo.svg\",\"contentUrl\":\"https:\\\/\\\/www.meydan.tv\\\/wp-content\\\/uploads\\\/2021\\\/07\\\/meydan-logo.svg\",\"width\":195,\"height\":46,\"caption\":\"Meydan TV\"},\"image\":{\"@id\":\"https:\\\/\\\/www.meydan.tv\\\/az\\\/#\\\/schema\\\/logo\\\/image\\\/\"}},{\"@type\":\"Person\",\"@id\":\"https:\\\/\\\/www.meydan.tv\\\/az\\\/#\\\/schema\\\/person\\\/10d11eccf6da3662cf5fdab9806ea91a\",\"name\":\"user-manager\"}]}<\/script>\n<!-- \/ Yoast SEO plugin. -->","yoast_head_json":{"title":"Az\u0259rbaycan filmi Rusiyada n\u00fcmayi\u015f olunacaq - MEYDAN.TV","robots":{"index":"index","follow":"follow","max-snippet":"max-snippet:-1","max-image-preview":"max-image-preview:large","max-video-preview":"max-video-preview:-1"},"canonical":"https:\/\/www.meydan.tv\/az\/article\/azerbaycan-filmi-rusiyada-numayis-olunacaq\/","og_locale":"az_AZ","og_type":"article","og_title":"Az\u0259rbaycan filmi Rusiyada n\u00fcmayi\u015f olunacaq - MEYDAN.TV","og_description":"Festival\u0131nda i\u015ftirak edib.","og_url":"https:\/\/www.meydan.tv\/az\/article\/azerbaycan-filmi-rusiyada-numayis-olunacaq\/","og_site_name":"MEYDAN.TV","article_published_time":"2021-06-18T11:38:29+00:00","og_image":[{"width":1024,"height":576,"url":"https:\/\/www.meydan.tv\/wp-content\/uploads\/4kino.jpg","type":"image\/jpeg"}],"author":"user-manager","twitter_card":"summary_large_image","schema":{"@context":"https:\/\/schema.org","@graph":[{"@type":"Article","@id":"https:\/\/www.meydan.tv\/az\/article\/azerbaycan-filmi-rusiyada-numayis-olunacaq\/#article","isPartOf":{"@id":"https:\/\/www.meydan.tv\/az\/article\/azerbaycan-filmi-rusiyada-numayis-olunacaq\/"},"author":{"name":"user-manager","@id":"https:\/\/www.meydan.tv\/az\/#\/schema\/person\/10d11eccf6da3662cf5fdab9806ea91a"},"headline":"Az\u0259rbaycan filmi Rusiyada n\u00fcmayi\u015f olunacaq","datePublished":"2021-06-18T11:38:29+00:00","mainEntityOfPage":{"@id":"https:\/\/www.meydan.tv\/az\/article\/azerbaycan-filmi-rusiyada-numayis-olunacaq\/"},"wordCount":228,"publisher":{"@id":"https:\/\/www.meydan.tv\/az\/#organization"},"image":{"@id":"https:\/\/www.meydan.tv\/az\/article\/azerbaycan-filmi-rusiyada-numayis-olunacaq\/#primaryimage"},"thumbnailUrl":"https:\/\/www.meydan.tv\/wp-content\/uploads\/4kino.jpg","articleSection":["M\u0259d\u0259niyy\u0259t"],"inLanguage":"az"},{"@type":"WebPage","@id":"https:\/\/www.meydan.tv\/az\/article\/azerbaycan-filmi-rusiyada-numayis-olunacaq\/","url":"https:\/\/www.meydan.tv\/az\/article\/azerbaycan-filmi-rusiyada-numayis-olunacaq\/","name":"Az\u0259rbaycan filmi Rusiyada n\u00fcmayi\u015f olunacaq - MEYDAN.TV","isPartOf":{"@id":"https:\/\/www.meydan.tv\/az\/#website"},"primaryImageOfPage":{"@id":"https:\/\/www.meydan.tv\/az\/article\/azerbaycan-filmi-rusiyada-numayis-olunacaq\/#primaryimage"},"image":{"@id":"https:\/\/www.meydan.tv\/az\/article\/azerbaycan-filmi-rusiyada-numayis-olunacaq\/#primaryimage"},"thumbnailUrl":"https:\/\/www.meydan.tv\/wp-content\/uploads\/4kino.jpg","datePublished":"2021-06-18T11:38:29+00:00","breadcrumb":{"@id":"https:\/\/www.meydan.tv\/az\/article\/azerbaycan-filmi-rusiyada-numayis-olunacaq\/#breadcrumb"},"inLanguage":"az","potentialAction":[{"@type":"ReadAction","target":["https:\/\/www.meydan.tv\/az\/article\/azerbaycan-filmi-rusiyada-numayis-olunacaq\/"]}]},{"@type":"ImageObject","inLanguage":"az","@id":"https:\/\/www.meydan.tv\/az\/article\/azerbaycan-filmi-rusiyada-numayis-olunacaq\/#primaryimage","url":"https:\/\/www.meydan.tv\/wp-content\/uploads\/4kino.jpg","contentUrl":"https:\/\/www.meydan.tv\/wp-content\/uploads\/4kino.jpg","width":1024,"height":576,"caption":"Source: Specify Source"},{"@type":"BreadcrumbList","@id":"https:\/\/www.meydan.tv\/az\/article\/azerbaycan-filmi-rusiyada-numayis-olunacaq\/#breadcrumb","itemListElement":[{"@type":"ListItem","position":1,"name":"Ana s\u0259hif\u0259","item":"https:\/\/www.meydan.tv\/az\/"},{"@type":"ListItem","position":2,"name":"M\u0259d\u0259niyy\u0259t","item":"https:\/\/www.meydan.tv\/az\/section\/medeniyyet\/"},{"@type":"ListItem","position":3,"name":"Az\u0259rbaycan filmi Rusiyada n\u00fcmayi\u015f olunacaq"}]},{"@type":"WebSite","@id":"https:\/\/www.meydan.tv\/az\/#website","url":"https:\/\/www.meydan.tv\/az\/","name":"MEYDAN.TV","description":"Meydan TV Az\u0259rbaycan\u0131n media m\u0259kan\u0131ndak\u0131 alternativ s\u0259sidir","publisher":{"@id":"https:\/\/www.meydan.tv\/az\/#organization"},"potentialAction":[{"@type":"SearchAction","target":{"@type":"EntryPoint","urlTemplate":"https:\/\/www.meydan.tv\/az\/?s={search_term_string}"},"query-input":{"@type":"PropertyValueSpecification","valueRequired":true,"valueName":"search_term_string"}}],"inLanguage":"az"},{"@type":"Organization","@id":"https:\/\/www.meydan.tv\/az\/#organization","name":"Meydan TV","url":"https:\/\/www.meydan.tv\/az\/","logo":{"@type":"ImageObject","inLanguage":"az","@id":"https:\/\/www.meydan.tv\/az\/#\/schema\/logo\/image\/","url":"https:\/\/www.meydan.tv\/wp-content\/uploads\/2021\/07\/meydan-logo.svg","contentUrl":"https:\/\/www.meydan.tv\/wp-content\/uploads\/2021\/07\/meydan-logo.svg","width":195,"height":46,"caption":"Meydan TV"},"image":{"@id":"https:\/\/www.meydan.tv\/az\/#\/schema\/logo\/image\/"}},{"@type":"Person","@id":"https:\/\/www.meydan.tv\/az\/#\/schema\/person\/10d11eccf6da3662cf5fdab9806ea91a","name":"user-manager"}]}},"_links":{"self":[{"href":"https:\/\/www.meydan.tv\/az\/wp-json\/wp\/v2\/posts\/206800","targetHints":{"allow":["GET"]}}],"collection":[{"href":"https:\/\/www.meydan.tv\/az\/wp-json\/wp\/v2\/posts"}],"about":[{"href":"https:\/\/www.meydan.tv\/az\/wp-json\/wp\/v2\/types\/post"}],"author":[{"embeddable":true,"href":"https:\/\/www.meydan.tv\/az\/wp-json\/wp\/v2\/users\/11"}],"replies":[{"embeddable":true,"href":"https:\/\/www.meydan.tv\/az\/wp-json\/wp\/v2\/comments?post=206800"}],"version-history":[{"count":0,"href":"https:\/\/www.meydan.tv\/az\/wp-json\/wp\/v2\/posts\/206800\/revisions"}],"wp:featuredmedia":[{"embeddable":true,"href":"https:\/\/www.meydan.tv\/az\/wp-json\/wp\/v2\/media\/162417"}],"wp:attachment":[{"href":"https:\/\/www.meydan.tv\/az\/wp-json\/wp\/v2\/media?parent=206800"}],"wp:term":[{"taxonomy":"category","embeddable":true,"href":"https:\/\/www.meydan.tv\/az\/wp-json\/wp\/v2\/categories?post=206800"},{"taxonomy":"post_tag","embeddable":true,"href":"https:\/\/www.meydan.tv\/az\/wp-json\/wp\/v2\/tags?post=206800"}],"curies":[{"name":"wp","href":"https:\/\/api.w.org\/{rel}","templated":true}]}}