{"id":206797,"date":"2021-06-18T11:26:44","date_gmt":"2021-06-18T11:26:44","guid":{"rendered":"https:\/\/www.meydan.tv\/article\/kirkorovun-vekili-litvanin-senetciye-qadagasi-rusiyaya-tezyiqdir-vekili-litvanin-senetciye-qadagasi-rusiyaya-tezyiqdir\/"},"modified":"2021-06-18T11:26:44","modified_gmt":"2021-06-18T11:26:44","slug":"kirkorovun-vekili-litvanin-senetciye-qadagasi-rusiyaya-tezyiqdir-vekili-litvanin-senetciye-qadagasi-rusiyaya-tezyiqdir","status":"publish","type":"post","link":"https:\/\/www.meydan.tv\/az\/article\/kirkorovun-vekili-litvanin-senetciye-qadagasi-rusiyaya-tezyiqdir-vekili-litvanin-senetciye-qadagasi-rusiyaya-tezyiqdir\/","title":{"rendered":"Kirkorovun v\u0259kili: Litvan\u0131n s\u0259n\u0259t\u00e7iy\u0259 qada\u011fas\u0131 Rusiyaya t\u0259zyiqdir"},"content":{"rendered":"<p>\n  <i><br \/>\n    &quot;\u201c\u0417\u0430\u0439\u043a\u0430, \u043c\u043e\u044f\u201d v\u0259 \u201c\u0426\u0432\u0435\u0442 \u043d\u0430\u0441\u0442\u0440\u043e\u0435\u043d\u0438\u044f \u0441\u0438\u043d\u0438\u0439\u201d mahn\u0131lar\u0131 bir \u00f6lk\u0259 \u00fc\u00e7\u00fcn n\u0259 kimi t\u0259hl\u00fck\u0259 yarada bil\u0259r?&quot;<br \/>\n  <\/i>\n<\/p>\n<p>\n  Rusiyan\u0131n Xalq artisti Filipp Kirkorovun v\u0259kili Aleksandr Dobrovinskiy Litva h\u00f6kum\u0259tinin s\u0259n\u0259t\u00e7iy\u0259 5 il m\u00fcdd\u0259tind\u0259 qada\u011fa qoymas\u0131n\u0131 \u015f\u0259rh edib.\n<\/p>\n<p>\n  O, Litva h\u00f6kum\u0259tinin bu add\u0131m\u0131n\u0131 Rusiyaya qar\u015f\u0131 t\u0259zyiq<br \/>\n  <a href=\"https:\/\/lenta.ru\/news\/2021\/06\/17\/davlenie\/\"><br \/>\n    adland\u0131r\u0131b<br \/>\n  <\/a><br \/>\n  .\n<\/p>\n<p>\n  \u201c\u0417\u0430\u0439\u043a\u0430, \u043c\u043e\u044f\u201d v\u0259 yaxud \u201c\u0426\u0432\u0435\u0442 \u043d\u0430\u0441\u0442\u0440\u043e\u0435\u043d\u0438\u044f \u0441\u0438\u043d\u0438\u0439\u201d mahn\u0131lar\u0131 bir \u00f6lk\u0259 \u00fc\u00e7\u00fcn n\u0259 kimi t\u0259hl\u00fck\u0259 yarada bil\u0259r? Bu, g\u00fclm\u0259lidir\u201d, &#8211; o bel\u0259 deyib.\n<\/p>\n<p>\n  Filipp Kirkorovun 2021-ci ilin iyununda Litvan\u0131n Viln\u00fcs v\u0259 Klaypeda \u015f\u0259h\u0259rl\u0259rind\u0259 konserti g\u00f6zl\u0259nilirdi.\n<\/p>\n<p>\n  Litva Daxili \u0130\u015fl\u0259r Nazirliyi bu il yanvar\u0131n 19-da ifa\u00e7\u0131ya 5 illik qada\u011fa qoyub.\n<\/p>\n<p>\n  Litva Xarici \u0130\u015fl\u0259r Nazirliyinin r\u0259hb\u0259ri Gabrielyus Landsbergis is\u0259 a\u00e7\u0131qlamas\u0131nda Kirkorovun ilhaq edilmi\u015f Kr\u0131ma d\u0259f\u0259l\u0259rl\u0259 s\u0259f\u0259rd\u0259 olmas\u0131n\u0131, Ukraynan\u0131n \u0259razi b\u00fct\u00f6vl\u00fcy\u00fcn\u00fc, suverenliyini bil\u0259r\u0259kd\u0259n inkar etm\u0259si kimi q\u0259bul etdiyini demi\u015fdi.<\/p>\n","protected":false},"excerpt":{"rendered":"<p>Filipp Kirkorovun 2021-ci ilin iyununda Litvan\u0131n Viln\u00fcs v\u0259 Klaypeda \u015f\u0259h\u0259rl\u0259rind\u0259 konserti g\u00f6zl\u0259nilirdi.<\/p>\n","protected":false},"author":11,"featured_media":162411,"comment_status":"closed","ping_status":"open","sticky":false,"template":"","format":"standard","meta":{"_acf_changed":false,"_sitemap_exclude":false,"_sitemap_priority":"","_sitemap_frequency":"","footnotes":""},"categories":[52],"tags":[],"class_list":["post-206797","post","type-post","status-publish","format-standard","has-post-thumbnail","hentry","category-medeniyyet","infinite-scroll-item","generate-columns","tablet-grid-50","mobile-grid-100","grid-parent","grid-33","no-featured-image-padding"],"acf":[],"yoast_head":"<!-- This site is optimized with the Yoast SEO plugin v27.4 - https:\/\/yoast.com\/product\/yoast-seo-wordpress\/ -->\n<title>Kirkorovun v\u0259kili: Litvan\u0131n s\u0259n\u0259t\u00e7iy\u0259 qada\u011fas\u0131 Rusiyaya t\u0259zyiqdir - MEYDAN.TV<\/title>\n<meta name=\"robots\" content=\"index, follow, max-snippet:-1, max-image-preview:large, max-video-preview:-1\" \/>\n<link rel=\"canonical\" href=\"https:\/\/www.meydan.tv\/az\/article\/kirkorovun-vekili-litvanin-senetciye-qadagasi-rusiyaya-tezyiqdir-vekili-litvanin-senetciye-qadagasi-rusiyaya-tezyiqdir\/\" \/>\n<meta property=\"og:locale\" content=\"az_AZ\" \/>\n<meta property=\"og:type\" content=\"article\" \/>\n<meta property=\"og:title\" content=\"Kirkorovun v\u0259kili: Litvan\u0131n s\u0259n\u0259t\u00e7iy\u0259 qada\u011fas\u0131 Rusiyaya t\u0259zyiqdir - MEYDAN.TV\" \/>\n<meta property=\"og:description\" content=\"Filipp Kirkorovun 2021-ci ilin iyununda Litvan\u0131n Viln\u00fcs v\u0259 Klaypeda \u015f\u0259h\u0259rl\u0259rind\u0259 konserti g\u00f6zl\u0259nilirdi.\" \/>\n<meta property=\"og:url\" content=\"https:\/\/www.meydan.tv\/az\/article\/kirkorovun-vekili-litvanin-senetciye-qadagasi-rusiyaya-tezyiqdir-vekili-litvanin-senetciye-qadagasi-rusiyaya-tezyiqdir\/\" \/>\n<meta property=\"og:site_name\" content=\"MEYDAN.TV\" \/>\n<meta property=\"article:published_time\" content=\"2021-06-18T11:26:44+00:00\" \/>\n<meta property=\"og:image\" content=\"https:\/\/www.meydan.tv\/wp-content\/uploads\/pic_4982af375888f3a441e372a9fa276dc0.jpg\" \/>\n\t<meta property=\"og:image:width\" content=\"720\" \/>\n\t<meta property=\"og:image:height\" content=\"480\" \/>\n\t<meta property=\"og:image:type\" content=\"image\/jpeg\" \/>\n<meta name=\"author\" content=\"user-manager\" \/>\n<meta name=\"twitter:card\" content=\"summary_large_image\" \/>\n<script type=\"application\/ld+json\" class=\"yoast-schema-graph\">{\"@context\":\"https:\\\/\\\/schema.org\",\"@graph\":[{\"@type\":\"Article\",\"@id\":\"https:\\\/\\\/www.meydan.tv\\\/az\\\/article\\\/kirkorovun-vekili-litvanin-senetciye-qadagasi-rusiyaya-tezyiqdir-vekili-litvanin-senetciye-qadagasi-rusiyaya-tezyiqdir\\\/#article\",\"isPartOf\":{\"@id\":\"https:\\\/\\\/www.meydan.tv\\\/az\\\/article\\\/kirkorovun-vekili-litvanin-senetciye-qadagasi-rusiyaya-tezyiqdir-vekili-litvanin-senetciye-qadagasi-rusiyaya-tezyiqdir\\\/\"},\"author\":{\"name\":\"user-manager\",\"@id\":\"https:\\\/\\\/www.meydan.tv\\\/az\\\/#\\\/schema\\\/person\\\/10d11eccf6da3662cf5fdab9806ea91a\"},\"headline\":\"Kirkorovun v\u0259kili: Litvan\u0131n s\u0259n\u0259t\u00e7iy\u0259 qada\u011fas\u0131 Rusiyaya t\u0259zyiqdir\",\"datePublished\":\"2021-06-18T11:26:44+00:00\",\"mainEntityOfPage\":{\"@id\":\"https:\\\/\\\/www.meydan.tv\\\/az\\\/article\\\/kirkorovun-vekili-litvanin-senetciye-qadagasi-rusiyaya-tezyiqdir-vekili-litvanin-senetciye-qadagasi-rusiyaya-tezyiqdir\\\/\"},\"wordCount\":221,\"publisher\":{\"@id\":\"https:\\\/\\\/www.meydan.tv\\\/az\\\/#organization\"},\"image\":{\"@id\":\"https:\\\/\\\/www.meydan.tv\\\/az\\\/article\\\/kirkorovun-vekili-litvanin-senetciye-qadagasi-rusiyaya-tezyiqdir-vekili-litvanin-senetciye-qadagasi-rusiyaya-tezyiqdir\\\/#primaryimage\"},\"thumbnailUrl\":\"https:\\\/\\\/www.meydan.tv\\\/wp-content\\\/uploads\\\/pic_4982af375888f3a441e372a9fa276dc0.jpg\",\"articleSection\":[\"M\u0259d\u0259niyy\u0259t\"],\"inLanguage\":\"az\"},{\"@type\":\"WebPage\",\"@id\":\"https:\\\/\\\/www.meydan.tv\\\/az\\\/article\\\/kirkorovun-vekili-litvanin-senetciye-qadagasi-rusiyaya-tezyiqdir-vekili-litvanin-senetciye-qadagasi-rusiyaya-tezyiqdir\\\/\",\"url\":\"https:\\\/\\\/www.meydan.tv\\\/az\\\/article\\\/kirkorovun-vekili-litvanin-senetciye-qadagasi-rusiyaya-tezyiqdir-vekili-litvanin-senetciye-qadagasi-rusiyaya-tezyiqdir\\\/\",\"name\":\"Kirkorovun v\u0259kili: Litvan\u0131n s\u0259n\u0259t\u00e7iy\u0259 qada\u011fas\u0131 Rusiyaya t\u0259zyiqdir - MEYDAN.TV\",\"isPartOf\":{\"@id\":\"https:\\\/\\\/www.meydan.tv\\\/az\\\/#website\"},\"primaryImageOfPage\":{\"@id\":\"https:\\\/\\\/www.meydan.tv\\\/az\\\/article\\\/kirkorovun-vekili-litvanin-senetciye-qadagasi-rusiyaya-tezyiqdir-vekili-litvanin-senetciye-qadagasi-rusiyaya-tezyiqdir\\\/#primaryimage\"},\"image\":{\"@id\":\"https:\\\/\\\/www.meydan.tv\\\/az\\\/article\\\/kirkorovun-vekili-litvanin-senetciye-qadagasi-rusiyaya-tezyiqdir-vekili-litvanin-senetciye-qadagasi-rusiyaya-tezyiqdir\\\/#primaryimage\"},\"thumbnailUrl\":\"https:\\\/\\\/www.meydan.tv\\\/wp-content\\\/uploads\\\/pic_4982af375888f3a441e372a9fa276dc0.jpg\",\"datePublished\":\"2021-06-18T11:26:44+00:00\",\"breadcrumb\":{\"@id\":\"https:\\\/\\\/www.meydan.tv\\\/az\\\/article\\\/kirkorovun-vekili-litvanin-senetciye-qadagasi-rusiyaya-tezyiqdir-vekili-litvanin-senetciye-qadagasi-rusiyaya-tezyiqdir\\\/#breadcrumb\"},\"inLanguage\":\"az\",\"potentialAction\":[{\"@type\":\"ReadAction\",\"target\":[\"https:\\\/\\\/www.meydan.tv\\\/az\\\/article\\\/kirkorovun-vekili-litvanin-senetciye-qadagasi-rusiyaya-tezyiqdir-vekili-litvanin-senetciye-qadagasi-rusiyaya-tezyiqdir\\\/\"]}]},{\"@type\":\"ImageObject\",\"inLanguage\":\"az\",\"@id\":\"https:\\\/\\\/www.meydan.tv\\\/az\\\/article\\\/kirkorovun-vekili-litvanin-senetciye-qadagasi-rusiyaya-tezyiqdir-vekili-litvanin-senetciye-qadagasi-rusiyaya-tezyiqdir\\\/#primaryimage\",\"url\":\"https:\\\/\\\/www.meydan.tv\\\/wp-content\\\/uploads\\\/pic_4982af375888f3a441e372a9fa276dc0.jpg\",\"contentUrl\":\"https:\\\/\\\/www.meydan.tv\\\/wp-content\\\/uploads\\\/pic_4982af375888f3a441e372a9fa276dc0.jpg\",\"width\":720,\"height\":480,\"caption\":\"Source: Specify Source\"},{\"@type\":\"BreadcrumbList\",\"@id\":\"https:\\\/\\\/www.meydan.tv\\\/az\\\/article\\\/kirkorovun-vekili-litvanin-senetciye-qadagasi-rusiyaya-tezyiqdir-vekili-litvanin-senetciye-qadagasi-rusiyaya-tezyiqdir\\\/#breadcrumb\",\"itemListElement\":[{\"@type\":\"ListItem\",\"position\":1,\"name\":\"Ana s\u0259hif\u0259\",\"item\":\"https:\\\/\\\/www.meydan.tv\\\/az\\\/\"},{\"@type\":\"ListItem\",\"position\":2,\"name\":\"M\u0259d\u0259niyy\u0259t\",\"item\":\"https:\\\/\\\/www.meydan.tv\\\/az\\\/section\\\/medeniyyet\\\/\"},{\"@type\":\"ListItem\",\"position\":3,\"name\":\"Kirkorovun v\u0259kili: Litvan\u0131n s\u0259n\u0259t\u00e7iy\u0259 qada\u011fas\u0131 Rusiyaya t\u0259zyiqdir\"}]},{\"@type\":\"WebSite\",\"@id\":\"https:\\\/\\\/www.meydan.tv\\\/az\\\/#website\",\"url\":\"https:\\\/\\\/www.meydan.tv\\\/az\\\/\",\"name\":\"MEYDAN.TV\",\"description\":\"Meydan TV Az\u0259rbaycan\u0131n media m\u0259kan\u0131ndak\u0131 alternativ s\u0259sidir\",\"publisher\":{\"@id\":\"https:\\\/\\\/www.meydan.tv\\\/az\\\/#organization\"},\"potentialAction\":[{\"@type\":\"SearchAction\",\"target\":{\"@type\":\"EntryPoint\",\"urlTemplate\":\"https:\\\/\\\/www.meydan.tv\\\/az\\\/?s={search_term_string}\"},\"query-input\":{\"@type\":\"PropertyValueSpecification\",\"valueRequired\":true,\"valueName\":\"search_term_string\"}}],\"inLanguage\":\"az\"},{\"@type\":\"Organization\",\"@id\":\"https:\\\/\\\/www.meydan.tv\\\/az\\\/#organization\",\"name\":\"Meydan TV\",\"url\":\"https:\\\/\\\/www.meydan.tv\\\/az\\\/\",\"logo\":{\"@type\":\"ImageObject\",\"inLanguage\":\"az\",\"@id\":\"https:\\\/\\\/www.meydan.tv\\\/az\\\/#\\\/schema\\\/logo\\\/image\\\/\",\"url\":\"https:\\\/\\\/www.meydan.tv\\\/wp-content\\\/uploads\\\/2021\\\/07\\\/meydan-logo.svg\",\"contentUrl\":\"https:\\\/\\\/www.meydan.tv\\\/wp-content\\\/uploads\\\/2021\\\/07\\\/meydan-logo.svg\",\"width\":195,\"height\":46,\"caption\":\"Meydan TV\"},\"image\":{\"@id\":\"https:\\\/\\\/www.meydan.tv\\\/az\\\/#\\\/schema\\\/logo\\\/image\\\/\"}},{\"@type\":\"Person\",\"@id\":\"https:\\\/\\\/www.meydan.tv\\\/az\\\/#\\\/schema\\\/person\\\/10d11eccf6da3662cf5fdab9806ea91a\",\"name\":\"user-manager\"}]}<\/script>\n<!-- \/ Yoast SEO plugin. -->","yoast_head_json":{"title":"Kirkorovun v\u0259kili: Litvan\u0131n s\u0259n\u0259t\u00e7iy\u0259 qada\u011fas\u0131 Rusiyaya t\u0259zyiqdir - MEYDAN.TV","robots":{"index":"index","follow":"follow","max-snippet":"max-snippet:-1","max-image-preview":"max-image-preview:large","max-video-preview":"max-video-preview:-1"},"canonical":"https:\/\/www.meydan.tv\/az\/article\/kirkorovun-vekili-litvanin-senetciye-qadagasi-rusiyaya-tezyiqdir-vekili-litvanin-senetciye-qadagasi-rusiyaya-tezyiqdir\/","og_locale":"az_AZ","og_type":"article","og_title":"Kirkorovun v\u0259kili: Litvan\u0131n s\u0259n\u0259t\u00e7iy\u0259 qada\u011fas\u0131 Rusiyaya t\u0259zyiqdir - MEYDAN.TV","og_description":"Filipp Kirkorovun 2021-ci ilin iyununda Litvan\u0131n Viln\u00fcs v\u0259 Klaypeda \u015f\u0259h\u0259rl\u0259rind\u0259 konserti g\u00f6zl\u0259nilirdi.","og_url":"https:\/\/www.meydan.tv\/az\/article\/kirkorovun-vekili-litvanin-senetciye-qadagasi-rusiyaya-tezyiqdir-vekili-litvanin-senetciye-qadagasi-rusiyaya-tezyiqdir\/","og_site_name":"MEYDAN.TV","article_published_time":"2021-06-18T11:26:44+00:00","og_image":[{"width":720,"height":480,"url":"https:\/\/www.meydan.tv\/wp-content\/uploads\/pic_4982af375888f3a441e372a9fa276dc0.jpg","type":"image\/jpeg"}],"author":"user-manager","twitter_card":"summary_large_image","schema":{"@context":"https:\/\/schema.org","@graph":[{"@type":"Article","@id":"https:\/\/www.meydan.tv\/az\/article\/kirkorovun-vekili-litvanin-senetciye-qadagasi-rusiyaya-tezyiqdir-vekili-litvanin-senetciye-qadagasi-rusiyaya-tezyiqdir\/#article","isPartOf":{"@id":"https:\/\/www.meydan.tv\/az\/article\/kirkorovun-vekili-litvanin-senetciye-qadagasi-rusiyaya-tezyiqdir-vekili-litvanin-senetciye-qadagasi-rusiyaya-tezyiqdir\/"},"author":{"name":"user-manager","@id":"https:\/\/www.meydan.tv\/az\/#\/schema\/person\/10d11eccf6da3662cf5fdab9806ea91a"},"headline":"Kirkorovun v\u0259kili: Litvan\u0131n s\u0259n\u0259t\u00e7iy\u0259 qada\u011fas\u0131 Rusiyaya t\u0259zyiqdir","datePublished":"2021-06-18T11:26:44+00:00","mainEntityOfPage":{"@id":"https:\/\/www.meydan.tv\/az\/article\/kirkorovun-vekili-litvanin-senetciye-qadagasi-rusiyaya-tezyiqdir-vekili-litvanin-senetciye-qadagasi-rusiyaya-tezyiqdir\/"},"wordCount":221,"publisher":{"@id":"https:\/\/www.meydan.tv\/az\/#organization"},"image":{"@id":"https:\/\/www.meydan.tv\/az\/article\/kirkorovun-vekili-litvanin-senetciye-qadagasi-rusiyaya-tezyiqdir-vekili-litvanin-senetciye-qadagasi-rusiyaya-tezyiqdir\/#primaryimage"},"thumbnailUrl":"https:\/\/www.meydan.tv\/wp-content\/uploads\/pic_4982af375888f3a441e372a9fa276dc0.jpg","articleSection":["M\u0259d\u0259niyy\u0259t"],"inLanguage":"az"},{"@type":"WebPage","@id":"https:\/\/www.meydan.tv\/az\/article\/kirkorovun-vekili-litvanin-senetciye-qadagasi-rusiyaya-tezyiqdir-vekili-litvanin-senetciye-qadagasi-rusiyaya-tezyiqdir\/","url":"https:\/\/www.meydan.tv\/az\/article\/kirkorovun-vekili-litvanin-senetciye-qadagasi-rusiyaya-tezyiqdir-vekili-litvanin-senetciye-qadagasi-rusiyaya-tezyiqdir\/","name":"Kirkorovun v\u0259kili: Litvan\u0131n s\u0259n\u0259t\u00e7iy\u0259 qada\u011fas\u0131 Rusiyaya t\u0259zyiqdir - MEYDAN.TV","isPartOf":{"@id":"https:\/\/www.meydan.tv\/az\/#website"},"primaryImageOfPage":{"@id":"https:\/\/www.meydan.tv\/az\/article\/kirkorovun-vekili-litvanin-senetciye-qadagasi-rusiyaya-tezyiqdir-vekili-litvanin-senetciye-qadagasi-rusiyaya-tezyiqdir\/#primaryimage"},"image":{"@id":"https:\/\/www.meydan.tv\/az\/article\/kirkorovun-vekili-litvanin-senetciye-qadagasi-rusiyaya-tezyiqdir-vekili-litvanin-senetciye-qadagasi-rusiyaya-tezyiqdir\/#primaryimage"},"thumbnailUrl":"https:\/\/www.meydan.tv\/wp-content\/uploads\/pic_4982af375888f3a441e372a9fa276dc0.jpg","datePublished":"2021-06-18T11:26:44+00:00","breadcrumb":{"@id":"https:\/\/www.meydan.tv\/az\/article\/kirkorovun-vekili-litvanin-senetciye-qadagasi-rusiyaya-tezyiqdir-vekili-litvanin-senetciye-qadagasi-rusiyaya-tezyiqdir\/#breadcrumb"},"inLanguage":"az","potentialAction":[{"@type":"ReadAction","target":["https:\/\/www.meydan.tv\/az\/article\/kirkorovun-vekili-litvanin-senetciye-qadagasi-rusiyaya-tezyiqdir-vekili-litvanin-senetciye-qadagasi-rusiyaya-tezyiqdir\/"]}]},{"@type":"ImageObject","inLanguage":"az","@id":"https:\/\/www.meydan.tv\/az\/article\/kirkorovun-vekili-litvanin-senetciye-qadagasi-rusiyaya-tezyiqdir-vekili-litvanin-senetciye-qadagasi-rusiyaya-tezyiqdir\/#primaryimage","url":"https:\/\/www.meydan.tv\/wp-content\/uploads\/pic_4982af375888f3a441e372a9fa276dc0.jpg","contentUrl":"https:\/\/www.meydan.tv\/wp-content\/uploads\/pic_4982af375888f3a441e372a9fa276dc0.jpg","width":720,"height":480,"caption":"Source: Specify Source"},{"@type":"BreadcrumbList","@id":"https:\/\/www.meydan.tv\/az\/article\/kirkorovun-vekili-litvanin-senetciye-qadagasi-rusiyaya-tezyiqdir-vekili-litvanin-senetciye-qadagasi-rusiyaya-tezyiqdir\/#breadcrumb","itemListElement":[{"@type":"ListItem","position":1,"name":"Ana s\u0259hif\u0259","item":"https:\/\/www.meydan.tv\/az\/"},{"@type":"ListItem","position":2,"name":"M\u0259d\u0259niyy\u0259t","item":"https:\/\/www.meydan.tv\/az\/section\/medeniyyet\/"},{"@type":"ListItem","position":3,"name":"Kirkorovun v\u0259kili: Litvan\u0131n s\u0259n\u0259t\u00e7iy\u0259 qada\u011fas\u0131 Rusiyaya t\u0259zyiqdir"}]},{"@type":"WebSite","@id":"https:\/\/www.meydan.tv\/az\/#website","url":"https:\/\/www.meydan.tv\/az\/","name":"MEYDAN.TV","description":"Meydan TV Az\u0259rbaycan\u0131n media m\u0259kan\u0131ndak\u0131 alternativ s\u0259sidir","publisher":{"@id":"https:\/\/www.meydan.tv\/az\/#organization"},"potentialAction":[{"@type":"SearchAction","target":{"@type":"EntryPoint","urlTemplate":"https:\/\/www.meydan.tv\/az\/?s={search_term_string}"},"query-input":{"@type":"PropertyValueSpecification","valueRequired":true,"valueName":"search_term_string"}}],"inLanguage":"az"},{"@type":"Organization","@id":"https:\/\/www.meydan.tv\/az\/#organization","name":"Meydan TV","url":"https:\/\/www.meydan.tv\/az\/","logo":{"@type":"ImageObject","inLanguage":"az","@id":"https:\/\/www.meydan.tv\/az\/#\/schema\/logo\/image\/","url":"https:\/\/www.meydan.tv\/wp-content\/uploads\/2021\/07\/meydan-logo.svg","contentUrl":"https:\/\/www.meydan.tv\/wp-content\/uploads\/2021\/07\/meydan-logo.svg","width":195,"height":46,"caption":"Meydan TV"},"image":{"@id":"https:\/\/www.meydan.tv\/az\/#\/schema\/logo\/image\/"}},{"@type":"Person","@id":"https:\/\/www.meydan.tv\/az\/#\/schema\/person\/10d11eccf6da3662cf5fdab9806ea91a","name":"user-manager"}]}},"_links":{"self":[{"href":"https:\/\/www.meydan.tv\/az\/wp-json\/wp\/v2\/posts\/206797","targetHints":{"allow":["GET"]}}],"collection":[{"href":"https:\/\/www.meydan.tv\/az\/wp-json\/wp\/v2\/posts"}],"about":[{"href":"https:\/\/www.meydan.tv\/az\/wp-json\/wp\/v2\/types\/post"}],"author":[{"embeddable":true,"href":"https:\/\/www.meydan.tv\/az\/wp-json\/wp\/v2\/users\/11"}],"replies":[{"embeddable":true,"href":"https:\/\/www.meydan.tv\/az\/wp-json\/wp\/v2\/comments?post=206797"}],"version-history":[{"count":0,"href":"https:\/\/www.meydan.tv\/az\/wp-json\/wp\/v2\/posts\/206797\/revisions"}],"wp:featuredmedia":[{"embeddable":true,"href":"https:\/\/www.meydan.tv\/az\/wp-json\/wp\/v2\/media\/162411"}],"wp:attachment":[{"href":"https:\/\/www.meydan.tv\/az\/wp-json\/wp\/v2\/media?parent=206797"}],"wp:term":[{"taxonomy":"category","embeddable":true,"href":"https:\/\/www.meydan.tv\/az\/wp-json\/wp\/v2\/categories?post=206797"},{"taxonomy":"post_tag","embeddable":true,"href":"https:\/\/www.meydan.tv\/az\/wp-json\/wp\/v2\/tags?post=206797"}],"curies":[{"name":"wp","href":"https:\/\/api.w.org\/{rel}","templated":true}]}}