{"id":206792,"date":"2021-06-17T21:11:28","date_gmt":"2021-06-17T21:11:28","guid":{"rendered":"https:\/\/www.meydan.tv\/article\/hekim-sehiyye-nazirliyi-sertifikasiya-imtahanlarini-legv-etmelidir\/"},"modified":"2021-06-17T21:11:28","modified_gmt":"2021-06-17T21:11:28","slug":"hekim-sehiyye-nazirliyi-sertifikasiya-imtahanlarini-legv-etmelidir","status":"publish","type":"post","link":"https:\/\/www.meydan.tv\/az\/article\/hekim-sehiyye-nazirliyi-sertifikasiya-imtahanlarini-legv-etmelidir\/","title":{"rendered":"H\u0259kim: S\u0259hiyy\u0259 Nazirliyi sertifikasiya imtahanlar\u0131n\u0131 l\u0259\u011fv etm\u0259lidir"},"content":{"rendered":"<p>\n  <i><br \/>\n    Ayd\u0131n \u018fliyev: &quot;Aktual probleml\u0259rd\u0259n biri h\u0259kiml\u0259r\u0259 s\u0131\u011forta \u0259lav\u0259l\u0259rinin verilm\u0259m\u0259sidir&quot;<br \/>\n  <\/i>\n<\/p>\n<p>\n  17 iyun &#8211; Az\u0259rbaycanda S\u0259hiyy\u0259 \u0130\u015f\u00e7il\u0259ri G\u00fcn\u00fcd\u00fcr.\n<\/p>\n<p>\n  Az\u0259rbaycan Xalq C\u00fcmhuriyy\u0259ti d\u00f6n\u0259mind\u0259 Nazirl\u0259r \u015euras\u0131n\u0131n 17 iyun 1918-ci il tarixli s\u0259r\u0259ncam\u0131 il\u0259 S\u0259hiyy\u0259 Nazirliyi t\u0259\u015fkil olunub.\n<\/p>\n<p>\n  \u00d6lk\u0259nin ilk s\u0259hiyy\u0259 naziri v\u0259zif\u0259sin\u0259 1903-c\u00fc ild\u0259 Xarkov Universitetini bitir\u0259n c\u0259rrah Xudadat b\u0259y R\u0259fib\u0259yov t\u0259yin edilib.\n<\/p>\n<p>\n  2001-ci il iyunun 4-d\u0259 ke\u00e7mi\u015f Prezident Heyd\u0259r \u018fliyevin s\u0259r\u0259ncam\u0131na \u0259sas\u0259n, 17 iyun S\u0259hiyy\u0259 \u0130\u015f\u00e7il\u0259ri G\u00fcn\u00fc kimi qeyd olunur.\n<\/p>\n<p>\n  B\u0259s Az\u0259rbaycan s\u0259hiyy\u0259 sisteminin haz\u0131rki durumu nec\u0259dir?\n<\/p>\n<p>\n  <b><br \/>\n    &quot;Koronavirusla m\u00fcbariz\u0259d\u0259 v\u0259 m\u00fcharib\u0259d\u0259 h\u0259lak olan h\u0259kiml\u0259rimiz\u0259 aid bir abid\u0259 yoxdur&#8230;&quot;<br \/>\n  <\/b>\n<\/p>\n<p>\n  Tibb Universitetinin T\u0259dris-Terapevtik Klinikas\u0131n\u0131n \u015f\u00f6b\u0259 m\u00fcdiri, radioloq-h\u0259kim Ayd\u0131n \u018fliyev deyir ki, s\u0259hiyy\u0259 sistemi, xidm\u0259tl\u0259rin keyfiyy\u0259ti v\u0259 s\u0259viyy\u0259si h\u0259r bir c\u0259miyy\u0259t, \u00f6lk\u0259 \u00fc\u00e7\u00fcn \u00e7ox vacib inki\u015faf g\u00f6st\u0259ricisidir. Az\u0259rbaycan s\u0259hiyy\u0259sind\u0259 is\u0259 \u00e7at\u0131\u015fmazl\u0131qlar \u00e7oxdur:\n<\/p>\n<p>\n  \u201cAz\u0259rbaycan s\u0259hiyy\u0259 sistemind\u0259 ciddi b\u00f6hran yarana, ixtisas se\u00e7imi qar\u015f\u0131s\u0131nda olan g\u0259ncl\u0259r h\u0259kimlik pe\u015f\u0259sini se\u00e7m\u0259y\u0259 bil\u0259r. \u00c7\u00fcnki haz\u0131rda tibb i\u015f\u00e7il\u0259rinin durumu g\u0259ncl\u0259rd\u0259 he\u00e7 bir stimul, motivasiya yaratm\u0131r. S\u0259hiyy\u0259mizd\u0259 probleml\u0259r \u0259vv\u0259ll\u0259r d\u0259 vard\u0131. Pandemiyadan sonra daha qabar\u0131q formada ortaya \u00e7\u0131xd\u0131. Haz\u0131rda aktual probleml\u0259rd\u0259n biri h\u0259kiml\u0259r\u0259 s\u0131\u011forta \u0259lav\u0259l\u0259rinin verilm\u0259m\u0259sidir. Bu m\u0259s\u0259l\u0259 t\u0259cili h\u0259llini tapmal\u0131d\u0131r, yoxsa yax\u015f\u0131, savadl\u0131 kadrlar \u00f6lk\u0259ni t\u0259rk ed\u0259c\u0259kl\u0259r. H\u0259m\u00e7inin COV\u0130D-19 virusu il\u0259 m\u00fcbariz\u0259d\u0259 h\u0259yat\u0131n\u0131 itir\u0259n tibb i\u015f\u00e7il\u0259rinin ail\u0259l\u0259rin\u0259 he\u00e7 bir t\u0259zminat verilm\u0259di, xatir\u0259l\u0259ri \u0259b\u0259dil\u0259\u015fdirilm\u0259di. Tibb i\u015f\u00e7il\u0259ri b\u00fct\u00fcn sosial qay\u011f\u0131lardan m\u0259hrumdur. Bu g\u00fcn h\u0259kiml\u0259rin pe\u015f\u0259 bayram\u0131d\u0131r. Koronavirusla m\u00fcbariz\u0259d\u0259 v\u0259 m\u00fcharib\u0259d\u0259 h\u0259lak olan h\u0259kiml\u0259rimiz\u0259 aid bir abid\u0259 yoxdur ki, gedib, yad ed\u0259k\u201d.\n<\/p>\n<figure class=\"wp-block-image size-large\">\n  <img decoding=\"async\" src=\"https:\/\/www.meydan.tv\/az\/aztibb-az_aydin_eliyev_791-jpg\/\" alt=\"aztibb.az_aydin_eliyev_791.jpg\" class=\"wp-image-162387\"\/><figcaption>\n    Ayd\u0131n \u018fliyev<br \/>\n  <\/figcaption><\/figure>\n<p>\n  <b><br \/>\n    &quot;D\u00fcnya t\u0259cr\u00fcb\u0259sind\u0259 bel\u0259 bir qayda yoxdur&quot;<br \/>\n  <\/b>\n<\/p>\n<p>\n  Stomatoloq R\u00fcf\u0259t H\u00fcseynli is\u0259 s\u0259hiyy\u0259 sitemind\u0259ki sertifikasiya imtahanlar\u0131ndan naraz\u0131d\u0131r. O deyir ki, S\u0259hiyy\u0259 Nazirliyi sertifikasiya imtahanlar\u0131n\u0131 l\u0259\u011fv etm\u0259lidir, \u00e7\u00fcnki d\u00fcnya t\u0259cr\u00fcb\u0259sind\u0259 bel\u0259 bir qayda yoxdur: \u201cBuna b\u0259nz\u0259r t\u0259cr\u00fcb\u0259 yaln\u0131z Rusiyada m\u00f6vcuddur. Bildiyim q\u0259d\u0259ril\u0259, orada da m\u00fc\u0259yy\u0259n ya\u015f h\u0259ddind\u0259n sonra h\u0259kiml\u0259r imtahana c\u0259lb edilmir. T\u0259bii, tibb el\u0259 bir sah\u0259dir ki, m\u00fctl\u0259q \u015f\u0259kild\u0259 yenil\u0259nm\u0259lidir. \u00c7\u00fcnki universitetd\u0259 ald\u0131\u011f\u0131m\u0131z t\u0259hsill\u0259 uzun m\u00fcdd\u0259t i\u015fl\u0259y\u0259 bilm\u0259rik. B\u00fct\u00fcn x\u0259st\u0259likl\u0259r \u00fc\u00e7\u00fcn yeni \u201cguideline\u201dlar, protokollar var. \u00dcst\u0259lik, i\u015fin texniki t\u0259r\u0259fi &#8211; daim yenil\u0259n\u0259n avadanl\u0131qla \u00e7al\u0131\u015fmaq m\u0259s\u0259l\u0259si d\u0259 aktuald\u0131r. M\u00fct\u0259madi olaraq m\u00fc\u0259yy\u0259n bilikl\u0259r\u0259 yiy\u0259l\u0259nm\u0259k vacibdir. D\u00fcnya bunu kredit bal sistemi il\u0259 edir. Be\u015f il \u0259rzind\u0259 h\u0259r bir h\u0259kim tutdu\u011fu v\u0259zif\u0259d\u0259n, elmi d\u0259r\u0259c\u0259sind\u0259n as\u0131l\u0131 olmayaraq \u2013 \u00f6lk\u0259l\u0259r\u0259 g\u00f6r\u0259 d\u0259yi\u015f\u0259 bil\u0259r &#8211; \u0259lli kredit\u0259 q\u0259d\u0259r y\u0131\u011fmal\u0131d\u0131r. M\u0259s\u0259l\u0259n, Almaniyada h\u0259kim be\u015f il \u0259rzind\u0259 iki y\u00fcz \u0259lli kreditini y\u0131\u011f\u0131rsa, art\u0131q norman\u0131 yerin\u0259 yetirmi\u015f say\u0131l\u0131r\u201d.\n<\/p>\n<p>\n  <b><br \/>\n    &quot;Test\u0259 el\u0259 suallar sal\u0131rlar ki, art\u0131q h\u0259min x\u0259st\u0259lik ya yoxdur, ya da ad\u0131 ba\u015fqad\u0131r\u201d<br \/>\n  <\/b>\n<\/p>\n<p>\n  H\u0259kimin s\u00f6zl\u0259rin\u0259 g\u00f6r\u0259, d\u00fcnya praktikas\u0131nda h\u0259kiml\u0259r krediti biliyin \u0259ld\u0259 olunmas\u0131 hesab\u0131na &#8211; konfrans, seminar, simpoziumlarda dinl\u0259yici kimi i\u015ftirakla, h\u0259m\u00e7inin m\u00fchazir\u0259l\u0259r dem\u0259kl\u0259, elmi m\u0259qal\u0259l\u0259r yazmaqla toplay\u0131r: \u201cDaha bizd\u0259ki kimi prosesin sonunda h\u0259kim\u0259 \u201cg\u0259l, imtahan ver\u201d deyilmir. Y\u0259ni h\u0259kim krediti toplamasa ona t\u0259zyiq olunmur. Sad\u0259c\u0259, s\u0131\u011forta sistemi krediti olmayan h\u0259kim\u0259 x\u0259st\u0259 y\u00f6n\u0259ltmir. Bel\u0259 h\u0259kiml\u0259rin \u00f6zl\u0259rinin m\u00fc\u0259yy\u0259n pasiyent say\u0131 olur. Bir m\u0259qam var ki, Q\u0259rb c\u0259miyy\u0259tind\u0259 s\u0131\u011forta sistemind\u0259n uzaq qalmaq, bir h\u0259kimin f\u0259aliyy\u0259tinin, karyeras\u0131n\u0131n sonu dem\u0259kdir. Yegan\u0259 \u00f6lk\u0259 Az\u0259rbaycand\u0131r ki, be\u015f ild\u0259n bir imtahan verm\u0259k kimi qayda qoyublar. Onu da deyim ki, Az\u0259rbaycanda kreditl\u0259rin y\u0131\u011f\u0131lmas\u0131n\u0131n \u00fcz\u0259rin\u0259 s\u0259rt \u015f\u0259kild\u0259 d\u00fc\u015f\u00fclm\u0259yib. \u018fv\u0259zind\u0259 n\u0259 olur? Be\u015f ild\u0259n sonra \u0259lind\u0259 b\u0259lli bir kreditin yoxdursa, H\u0259kiml\u0259ri T\u0259kmill\u0259\u015fdirm\u0259 \u0130nstitutunda kursa gedirs\u0259n, bundan sonra sertifikasiya imtahan\u0131na burax\u0131l\u0131rsan. Sertifikasiya da eyni \u015feyl\u0259ri be\u015f ild\u0259n bir \u201c\u00e7evir tat\u0131, vur tat\u0131\u201d edir. Altm\u0131\u015f ya\u015f\u0131nda h\u0259kim sertifikasiya imtahan\u0131na girir. M\u0259n h\u0259l\u0259 testd\u0259 olan s\u0259hv suallardan dan\u0131\u015fm\u0131ram. B\u0259z\u0259n el\u0259 suallar sal\u0131rlar ki, art\u0131q h\u0259min x\u0259st\u0259lik ya yoxdur, ya da ad\u0131 ba\u015fqad\u0131r\u201d.\n<\/p>\n<p>\n  <b><br \/>\n    &quot;Stomatologiya \u00e7oxdan di\u015f \u00e7\u0259km\u0259kd\u0259n \u00e7\u0131xaraq, geni\u015f bir elm\u0259 \u00e7evrilib&quot;<br \/>\n  <\/b>\n<\/p>\n<p>\n  H\u0259kim deyir ki, Az\u0259rbaycanda da d\u00fcnyan\u0131n h\u0259r yerind\u0259 oldu\u011fu kimi normal kredit sistemi t\u0259tbiq v\u0259 t\u0259\u015fviq olunmal\u0131d\u0131r. H\u0259kiml\u0259ri T\u0259kmill\u0259\u015fdirm\u0259 \u0130nstitutunun kurslar\u0131n\u0131 art\u0131rmaq, h\u0259m\u00e7inin m\u0259cburi etm\u0259k laz\u0131md\u0131r: \u201cSovet d\u00f6vr\u00fcnd\u0259 bu instituta kursa g\u0259l\u0259n h\u0259kiml\u0259rin kvalifikasiyas\u0131, kateqoriyas\u0131 art\u0131rd\u0131. Y\u0259ni n\u0259tic\u0259d\u0259, d\u0259r\u0259c\u0259l\u0259r\u0259 g\u00f6r\u0259 h\u0259kimin \u0259m\u0259khaqq\u0131 da art\u0131rd\u0131. M\u0259n demir\u0259m ki, bu sistem normal idi, amma \u0259n az\u0131ndan, m\u0259ntiqi vard\u0131, maa\u015f\u0131n artma\u011f\u0131 \u00fc\u00e7\u00fcn imtahan verirdin. \u0130ndi he\u00e7 n\u0259 yoxdur. Be\u015f ild\u0259n bir \u0259s\u0259bl\u0259rimizi s\u0131na\u011fa \u00e7\u0259kirl\u0259r, eyni imtahan\u0131 veririk. Daha bir \u00f6n\u0259mli m\u0259qama toxunmaq ist\u0259yir\u0259m. Stomatologiya art\u0131q \u00e7oxdan di\u015f \u00e7\u0259km\u0259kd\u0259n \u00e7\u0131xaraq, geni\u015f bir elm\u0259 \u00e7evrilib. Terapevtik stomatologiya, endodontiya, ortopedik stomatologiya, u\u015faq stomatologiyas\u0131, ortodontiya, parodontologiya, \u00fcz-\u00e7\u0259n\u0259 c\u0259rrahiy\u0259si. M\u0259s\u0259l\u0259n, m\u0259n ortopedik stomatologiya, oral c\u0259rrahiy\u0259 \u00fczr\u0259 m\u00fct\u0259x\u0259ssis\u0259m. T\u0259s\u0259vv\u00fcr edin, \u00f6mr\u00fcmd\u0259 bir d\u0259f\u0259 d\u0259 olsun \u0259lim\u0259 breket g\u00f6t\u00fcrm\u0259mi\u015f\u0259m, amma ortodontiyadan imtahan verir\u0259m. Ortodontlar da \u015fikay\u0259tl\u0259nir ki, periodontoloq deyilik, amma stomotologiyan\u0131n bu sah\u0259sind\u0259n imtahan veririk\u201d.\n<\/p>\n<figure class=\"wp-block-image size-large\">\n  <img decoding=\"async\" src=\"https:\/\/www.meydan.tv\/az\/53110592_1672625172884294_6255801217323106304_n_720-jpg\/\" alt=\"53110592_1672625172884294_6255801217323106304_n_720.jpg\" class=\"wp-image-162393\"\/><figcaption>\n    R\u00fcf\u0259t H\u00fcseynli<br \/>\n  <\/figcaption><\/figure>\n<p>\n  <b><br \/>\n    &quot;S\u0259hiyy\u0259 Nazirliyi il\u0259 T\u018fB\u0130B aras\u0131nda a\u00e7\u0131q olmasa da, gizli m\u00fcbariz\u0259 gedir&quot;<br \/>\n  <\/b>\n<\/p>\n<p>\n  \u201cArzu edir\u0259m ki, h\u0259kiml\u0259rimiz Q\u0259rb standartlar\u0131na uy\u011fun bir s\u0259hiyy\u0259 sistemind\u0259 \u00e7al\u0131\u015fmaq imkan\u0131 \u0259ld\u0259 etsinl\u0259r\u201d, &#8211; Az\u0259rbaycan H\u0259kiml\u0259ri \u0130ctimai Birliyinin s\u0259dri, tibb elml\u0259ri doktoru Adil Qeybulla deyir.\n<\/p>\n<p>\n  Onun s\u00f6zl\u0259rin\u0259 g\u00f6r\u0259, 1999-cu ild\u0259 Prezidentin f\u0259rman\u0131 il\u0259 \u201cTibb s\u0131\u011forta haqq\u0131nda\u201d Qanun imzalansa da, h\u0259l\u0259 indiy\u0259 q\u0259d\u0259r bu, respublika \u00fczr\u0259 tam v\u0259 adekvat \u015f\u0259kild\u0259 ortaya qoyulmay\u0131b: &quot;Az\u0259rbaycan s\u0259hiyy\u0259sind\u0259 bir sistem yarada bilm\u0259yibl\u0259r. \u201cQan v\u0259 onun komponentl\u0259rinin donorlu\u011fu haqq\u0131nda\u201d Qanun h\u0259yatda \u00f6z t\u0259sdiqini tapmay\u0131b. B\u00fct\u00fcn bunlar ham\u0131s\u0131 s\u0259hiyy\u0259nin bir sistem\u0259 \u00e7evrilm\u0259sini t\u0259l\u0259b edir. Az\u0259rbaycan\u0131n h\u0259r bir \u0259razisind\u0259 laz\u0131mi s\u0259viyy\u0259d\u0259 avadanl\u0131qlar olmal\u0131d\u0131r. El\u0259 bir situasiya yaranmal\u0131d\u0131r ki, m\u0259s\u0259l\u0259n, Az\u0259rbaycan\u0131n bir regionunda g\u00f6st\u0259ril\u0259n xidm\u0259tin keyfiyy\u0259ti il\u0259 m\u0259rk\u0259zi \u015f\u0259h\u0259rl\u0259rd\u0259ki s\u0259hiyy\u0259nin s\u0259viyy\u0259si f\u0259rql\u0259nm\u0259sin, y\u00fcks\u0259k olsun. S\u0259hiyy\u0259nin maddi-texniki bazas\u0131n\u0131n m\u00f6hk\u0259ml\u0259ndirilm\u0259si istiqam\u0259tind\u0259 i\u015fl\u0259r g\u00f6r\u00fcl\u00fcb, avadanl\u0131qlar al\u0131n\u0131b. M\u00fcsb\u0259t d\u0259yi\u015fikliy\u0259 baxmayaraq, h\u0259l\u0259 d\u0259 sistem qurula bilm\u0259yib. Az\u0259rbaycan s\u0259hiyy\u0259 nazirliyi adminstrativ, b\u00fcrokratik sistemd\u0259n m\u0259rk\u0259zi istiqam\u0259tverici, t\u0259\u015fkilatland\u0131r\u0131c\u0131, t\u00f6vsiy\u0259verici bir orqana \u00e7evrilm\u0259lidir. Qurum ba\u015f h\u0259kim, h\u0259kim t\u0259yinat\u0131 v\u0259 sair bu kimi inzibati i\u015fl\u0259rl\u0259r deyil, s\u0259hiyy\u0259 siyas\u0259ti il\u0259 m\u0259\u015f\u011ful olmal\u0131d\u0131r. T\u018fB\u0130B (Tibbi \u018frazi B\u00f6lm\u0259l\u0259rini \u0130dar\u0259etm\u0259 Birliyi) adlanan qurumun yarad\u0131lmas\u0131 da \u0259slind\u0259, s\u0259hiyy\u0259 sah\u0259sind\u0259 iki adminstrativ inzibati qurumun olmas\u0131 dem\u0259kdir. S\u0259hiyy\u0259 Nazirliyi il\u0259 T\u018fB\u0130B aras\u0131nda a\u00e7\u0131q olmasa da, gizli s\u0259lahiyy\u0259ti m\u0259nims\u0259m\u0259 istiqam\u0259tind\u0259 m\u00fcbariz\u0259 gedir. Bu da i\u015fin n\u0259tic\u0259l\u0259rind\u0259 \u00f6z neqativ t\u0259sirini g\u00f6st\u0259rir\u201d.\n<\/p>\n<figure class=\"wp-block-image size-large\">\n  <img decoding=\"async\" src=\"https:\/\/www.meydan.tv\/az\/adil-qeybulla\/\" alt=\"Adil Qeybulla\" class=\"wp-image-103755\"\/><figcaption>\n    Adil Qeybulla<br \/>\n  <\/figcaption><\/figure>\n<p>\n  Bir m\u00fcdd\u0259t \u00f6nc\u0259 S\u0259hiyy\u0259 Nazirliyi Sertifikasiya Komissiyas\u0131n\u0131n s\u0259dri Murad Mirz\u0259zad\u0259 m\u0259tbuata a\u00e7\u0131qlamas\u0131nda bildirmi\u015fdi ki, sertifikasiya imtahanlar\u0131n\u0131n t\u0259tbiqi, yaxud l\u0259\u011fvi qurumun s\u0259lahiyy\u0259tind\u0259 deyil.\n<\/p>\n<p>\n  Bu qayda Az\u0259rbaycan Respublikas\u0131n\u0131n qanununa v\u0259 Nazirl\u0259r Kabinetinin q\u0259rar\u0131na \u0259saslan\u0131r. Bunun \u00fc\u00e7\u00fcn h\u0259kiml\u0259r yuxar\u0131 instansiyalara m\u00fcraci\u0131t etm\u0259lidir.\n<\/p>\n<p>\n  D\u00f6vl\u0259t Agentliyi: &quot;H\u0259kim \u00f6d\u0259ni\u015f almad\u0131\u011f\u0131 haqda m\u0259lumat verilm\u0259lidir ki, ara\u015fd\u0131r\u0131lma apar\u0131ls\u0131n&quot;\n<\/p>\n<p>\n  H\u0259kim Ayd\u0131n \u018fliyevin tibb i\u015f\u00e7il\u0259rin\u0259 m\u00fcdd\u0259tli \u0259lav\u0259l\u0259rin verilm\u0259m\u0259si il\u0259 ba\u011fl\u0131 s\u00f6yl\u0259dikl\u0259ri \u0130cbari Tibbi S\u0131\u011forta \u00fczr\u0259 D\u00f6vl\u0259t Agentliyi t\u0259r\u0259find\u0259n cavabland\u0131r\u0131l\u0131b.\n<\/p>\n<p>\n  Qurumdan Meydan TV-y\u0259 bildirilib ki, \u00f6d\u0259ni\u015fl\u0259r tibb m\u00fc\u0259ssis\u0259sind\u0259n g\u00f6nd\u0259ril\u0259n siyah\u0131 \u0259sas\u0131nda \u00fc\u00e7 i\u015f g\u00fcn\u00fc \u0259rzind\u0259 h\u0259yata ke\u00e7irilir.\n<\/p>\n<p>\n  Bunun \u00fc\u00e7\u00fcn konkret tibb m\u00fc\u0259ssis\u0259inin v\u0259 \u015fikay\u0259t\u00e7i h\u0259kimin ad-soyad\u0131 deyilm\u0259li, h\u0259m\u00e7inin hans\u0131 ayda \u00f6d\u0259ni\u015f almad\u0131\u011f\u0131 haqda m\u0259lumat verilm\u0259lidir ki, bununla ba\u011fl\u0131 ara\u015fd\u0131r\u0131lma apar\u0131ls\u0131n.\n<\/p>\n<figure class=\"wp-block-image size-large\">\n  <img decoding=\"async\" src=\"https:\/\/www.meydan.tv\/az\/icbari-tibbi-sigorta-jpg\/\" alt=\"Icbari-tibbi-sigorta.jpg\" class=\"wp-image-162390\"\/><figcaption>\n    \u0130cbari Tibbi S\u0131\u011forta \u00fczr\u0259 D\u00f6vl\u0259t Agentliyi<br \/>\n  <\/figcaption><\/figure>\n","protected":false},"excerpt":{"rendered":"<p>Bir m\u00fcdd\u0259t \u00f6nc\u0259 S\u0259hiyy\u0259 Nazirliyi Sertifikasiya Komissiyas\u0131n\u0131n s\u0259dri Murad Mirz\u0259zad\u0259 m\u0259tbuata a\u00e7\u0131qlamas\u0131nda bildirmi\u015fdi ki, sertifikasiya imtahanlar\u0131n\u0131n t\u0259tbiqi, yaxud l\u0259\u011fvi qurumun s\u0259lahiyy\u0259tind\u0259 deyil.<\/p>\n","protected":false},"author":11,"featured_media":136842,"comment_status":"closed","ping_status":"open","sticky":false,"template":"","format":"standard","meta":{"_acf_changed":false,"_sitemap_exclude":false,"_sitemap_priority":"","_sitemap_frequency":"","footnotes":""},"categories":[54],"tags":[],"class_list":["post-206792","post","type-post","status-publish","format-standard","has-post-thumbnail","hentry","category-sagliq","infinite-scroll-item","generate-columns","tablet-grid-50","mobile-grid-100","grid-parent","grid-33","no-featured-image-padding"],"acf":[],"yoast_head":"<!-- This site is optimized with the Yoast SEO plugin v27.4 - https:\/\/yoast.com\/product\/yoast-seo-wordpress\/ -->\n<title>H\u0259kim: S\u0259hiyy\u0259 Nazirliyi sertifikasiya imtahanlar\u0131n\u0131 l\u0259\u011fv etm\u0259lidir - MEYDAN.TV<\/title>\n<meta name=\"robots\" content=\"index, follow, max-snippet:-1, max-image-preview:large, max-video-preview:-1\" \/>\n<link rel=\"canonical\" href=\"https:\/\/www.meydan.tv\/az\/article\/hekim-sehiyye-nazirliyi-sertifikasiya-imtahanlarini-legv-etmelidir\/\" \/>\n<meta property=\"og:locale\" content=\"az_AZ\" \/>\n<meta property=\"og:type\" content=\"article\" \/>\n<meta property=\"og:title\" content=\"H\u0259kim: S\u0259hiyy\u0259 Nazirliyi sertifikasiya imtahanlar\u0131n\u0131 l\u0259\u011fv etm\u0259lidir - MEYDAN.TV\" \/>\n<meta property=\"og:description\" content=\"Bir m\u00fcdd\u0259t \u00f6nc\u0259 S\u0259hiyy\u0259 Nazirliyi Sertifikasiya Komissiyas\u0131n\u0131n s\u0259dri Murad Mirz\u0259zad\u0259 m\u0259tbuata a\u00e7\u0131qlamas\u0131nda bildirmi\u015fdi ki, sertifikasiya imtahanlar\u0131n\u0131n t\u0259tbiqi, yaxud l\u0259\u011fvi qurumun s\u0259lahiyy\u0259tind\u0259 deyil.\" \/>\n<meta property=\"og:url\" content=\"https:\/\/www.meydan.tv\/az\/article\/hekim-sehiyye-nazirliyi-sertifikasiya-imtahanlarini-legv-etmelidir\/\" \/>\n<meta property=\"og:site_name\" content=\"MEYDAN.TV\" \/>\n<meta property=\"article:published_time\" content=\"2021-06-17T21:11:28+00:00\" \/>\n<meta property=\"og:image\" content=\"https:\/\/www.meydan.tv\/wp-content\/uploads\/1559127068_09.jpg\" \/>\n\t<meta property=\"og:image:width\" content=\"1200\" \/>\n\t<meta property=\"og:image:height\" content=\"898\" \/>\n\t<meta property=\"og:image:type\" content=\"image\/jpeg\" \/>\n<meta name=\"author\" content=\"user-manager\" \/>\n<meta name=\"twitter:card\" content=\"summary_large_image\" \/>\n<script type=\"application\/ld+json\" class=\"yoast-schema-graph\">{\"@context\":\"https:\\\/\\\/schema.org\",\"@graph\":[{\"@type\":\"Article\",\"@id\":\"https:\\\/\\\/www.meydan.tv\\\/az\\\/article\\\/hekim-sehiyye-nazirliyi-sertifikasiya-imtahanlarini-legv-etmelidir\\\/#article\",\"isPartOf\":{\"@id\":\"https:\\\/\\\/www.meydan.tv\\\/az\\\/article\\\/hekim-sehiyye-nazirliyi-sertifikasiya-imtahanlarini-legv-etmelidir\\\/\"},\"author\":{\"name\":\"user-manager\",\"@id\":\"https:\\\/\\\/www.meydan.tv\\\/az\\\/#\\\/schema\\\/person\\\/10d11eccf6da3662cf5fdab9806ea91a\"},\"headline\":\"H\u0259kim: S\u0259hiyy\u0259 Nazirliyi sertifikasiya imtahanlar\u0131n\u0131 l\u0259\u011fv etm\u0259lidir\",\"datePublished\":\"2021-06-17T21:11:28+00:00\",\"mainEntityOfPage\":{\"@id\":\"https:\\\/\\\/www.meydan.tv\\\/az\\\/article\\\/hekim-sehiyye-nazirliyi-sertifikasiya-imtahanlarini-legv-etmelidir\\\/\"},\"wordCount\":1732,\"publisher\":{\"@id\":\"https:\\\/\\\/www.meydan.tv\\\/az\\\/#organization\"},\"image\":{\"@id\":\"https:\\\/\\\/www.meydan.tv\\\/az\\\/article\\\/hekim-sehiyye-nazirliyi-sertifikasiya-imtahanlarini-legv-etmelidir\\\/#primaryimage\"},\"thumbnailUrl\":\"https:\\\/\\\/www.meydan.tv\\\/wp-content\\\/uploads\\\/1559127068_09.jpg\",\"articleSection\":[\"Sa\u011fl\u0131q\"],\"inLanguage\":\"az\"},{\"@type\":\"WebPage\",\"@id\":\"https:\\\/\\\/www.meydan.tv\\\/az\\\/article\\\/hekim-sehiyye-nazirliyi-sertifikasiya-imtahanlarini-legv-etmelidir\\\/\",\"url\":\"https:\\\/\\\/www.meydan.tv\\\/az\\\/article\\\/hekim-sehiyye-nazirliyi-sertifikasiya-imtahanlarini-legv-etmelidir\\\/\",\"name\":\"H\u0259kim: S\u0259hiyy\u0259 Nazirliyi sertifikasiya imtahanlar\u0131n\u0131 l\u0259\u011fv etm\u0259lidir - MEYDAN.TV\",\"isPartOf\":{\"@id\":\"https:\\\/\\\/www.meydan.tv\\\/az\\\/#website\"},\"primaryImageOfPage\":{\"@id\":\"https:\\\/\\\/www.meydan.tv\\\/az\\\/article\\\/hekim-sehiyye-nazirliyi-sertifikasiya-imtahanlarini-legv-etmelidir\\\/#primaryimage\"},\"image\":{\"@id\":\"https:\\\/\\\/www.meydan.tv\\\/az\\\/article\\\/hekim-sehiyye-nazirliyi-sertifikasiya-imtahanlarini-legv-etmelidir\\\/#primaryimage\"},\"thumbnailUrl\":\"https:\\\/\\\/www.meydan.tv\\\/wp-content\\\/uploads\\\/1559127068_09.jpg\",\"datePublished\":\"2021-06-17T21:11:28+00:00\",\"breadcrumb\":{\"@id\":\"https:\\\/\\\/www.meydan.tv\\\/az\\\/article\\\/hekim-sehiyye-nazirliyi-sertifikasiya-imtahanlarini-legv-etmelidir\\\/#breadcrumb\"},\"inLanguage\":\"az\",\"potentialAction\":[{\"@type\":\"ReadAction\",\"target\":[\"https:\\\/\\\/www.meydan.tv\\\/az\\\/article\\\/hekim-sehiyye-nazirliyi-sertifikasiya-imtahanlarini-legv-etmelidir\\\/\"]}]},{\"@type\":\"ImageObject\",\"inLanguage\":\"az\",\"@id\":\"https:\\\/\\\/www.meydan.tv\\\/az\\\/article\\\/hekim-sehiyye-nazirliyi-sertifikasiya-imtahanlarini-legv-etmelidir\\\/#primaryimage\",\"url\":\"https:\\\/\\\/www.meydan.tv\\\/wp-content\\\/uploads\\\/1559127068_09.jpg\",\"contentUrl\":\"https:\\\/\\\/www.meydan.tv\\\/wp-content\\\/uploads\\\/1559127068_09.jpg\",\"width\":1200,\"height\":898,\"caption\":\"S\u0259hiyy\u0259 Nazirliyi, Foto: Meydan TV\"},{\"@type\":\"BreadcrumbList\",\"@id\":\"https:\\\/\\\/www.meydan.tv\\\/az\\\/article\\\/hekim-sehiyye-nazirliyi-sertifikasiya-imtahanlarini-legv-etmelidir\\\/#breadcrumb\",\"itemListElement\":[{\"@type\":\"ListItem\",\"position\":1,\"name\":\"Ana s\u0259hif\u0259\",\"item\":\"https:\\\/\\\/www.meydan.tv\\\/az\\\/\"},{\"@type\":\"ListItem\",\"position\":2,\"name\":\"Sa\u011fl\u0131q\",\"item\":\"https:\\\/\\\/www.meydan.tv\\\/az\\\/section\\\/sagliq\\\/\"},{\"@type\":\"ListItem\",\"position\":3,\"name\":\"H\u0259kim: S\u0259hiyy\u0259 Nazirliyi sertifikasiya imtahanlar\u0131n\u0131 l\u0259\u011fv etm\u0259lidir\"}]},{\"@type\":\"WebSite\",\"@id\":\"https:\\\/\\\/www.meydan.tv\\\/az\\\/#website\",\"url\":\"https:\\\/\\\/www.meydan.tv\\\/az\\\/\",\"name\":\"MEYDAN.TV\",\"description\":\"Meydan TV Az\u0259rbaycan\u0131n media m\u0259kan\u0131ndak\u0131 alternativ s\u0259sidir\",\"publisher\":{\"@id\":\"https:\\\/\\\/www.meydan.tv\\\/az\\\/#organization\"},\"potentialAction\":[{\"@type\":\"SearchAction\",\"target\":{\"@type\":\"EntryPoint\",\"urlTemplate\":\"https:\\\/\\\/www.meydan.tv\\\/az\\\/?s={search_term_string}\"},\"query-input\":{\"@type\":\"PropertyValueSpecification\",\"valueRequired\":true,\"valueName\":\"search_term_string\"}}],\"inLanguage\":\"az\"},{\"@type\":\"Organization\",\"@id\":\"https:\\\/\\\/www.meydan.tv\\\/az\\\/#organization\",\"name\":\"Meydan TV\",\"url\":\"https:\\\/\\\/www.meydan.tv\\\/az\\\/\",\"logo\":{\"@type\":\"ImageObject\",\"inLanguage\":\"az\",\"@id\":\"https:\\\/\\\/www.meydan.tv\\\/az\\\/#\\\/schema\\\/logo\\\/image\\\/\",\"url\":\"https:\\\/\\\/www.meydan.tv\\\/wp-content\\\/uploads\\\/2021\\\/07\\\/meydan-logo.svg\",\"contentUrl\":\"https:\\\/\\\/www.meydan.tv\\\/wp-content\\\/uploads\\\/2021\\\/07\\\/meydan-logo.svg\",\"width\":195,\"height\":46,\"caption\":\"Meydan TV\"},\"image\":{\"@id\":\"https:\\\/\\\/www.meydan.tv\\\/az\\\/#\\\/schema\\\/logo\\\/image\\\/\"}},{\"@type\":\"Person\",\"@id\":\"https:\\\/\\\/www.meydan.tv\\\/az\\\/#\\\/schema\\\/person\\\/10d11eccf6da3662cf5fdab9806ea91a\",\"name\":\"user-manager\"}]}<\/script>\n<!-- \/ Yoast SEO plugin. -->","yoast_head_json":{"title":"H\u0259kim: S\u0259hiyy\u0259 Nazirliyi sertifikasiya imtahanlar\u0131n\u0131 l\u0259\u011fv etm\u0259lidir - MEYDAN.TV","robots":{"index":"index","follow":"follow","max-snippet":"max-snippet:-1","max-image-preview":"max-image-preview:large","max-video-preview":"max-video-preview:-1"},"canonical":"https:\/\/www.meydan.tv\/az\/article\/hekim-sehiyye-nazirliyi-sertifikasiya-imtahanlarini-legv-etmelidir\/","og_locale":"az_AZ","og_type":"article","og_title":"H\u0259kim: S\u0259hiyy\u0259 Nazirliyi sertifikasiya imtahanlar\u0131n\u0131 l\u0259\u011fv etm\u0259lidir - MEYDAN.TV","og_description":"Bir m\u00fcdd\u0259t \u00f6nc\u0259 S\u0259hiyy\u0259 Nazirliyi Sertifikasiya Komissiyas\u0131n\u0131n s\u0259dri Murad Mirz\u0259zad\u0259 m\u0259tbuata a\u00e7\u0131qlamas\u0131nda bildirmi\u015fdi ki, sertifikasiya imtahanlar\u0131n\u0131n t\u0259tbiqi, yaxud l\u0259\u011fvi qurumun s\u0259lahiyy\u0259tind\u0259 deyil.","og_url":"https:\/\/www.meydan.tv\/az\/article\/hekim-sehiyye-nazirliyi-sertifikasiya-imtahanlarini-legv-etmelidir\/","og_site_name":"MEYDAN.TV","article_published_time":"2021-06-17T21:11:28+00:00","og_image":[{"width":1200,"height":898,"url":"https:\/\/www.meydan.tv\/wp-content\/uploads\/1559127068_09.jpg","type":"image\/jpeg"}],"author":"user-manager","twitter_card":"summary_large_image","schema":{"@context":"https:\/\/schema.org","@graph":[{"@type":"Article","@id":"https:\/\/www.meydan.tv\/az\/article\/hekim-sehiyye-nazirliyi-sertifikasiya-imtahanlarini-legv-etmelidir\/#article","isPartOf":{"@id":"https:\/\/www.meydan.tv\/az\/article\/hekim-sehiyye-nazirliyi-sertifikasiya-imtahanlarini-legv-etmelidir\/"},"author":{"name":"user-manager","@id":"https:\/\/www.meydan.tv\/az\/#\/schema\/person\/10d11eccf6da3662cf5fdab9806ea91a"},"headline":"H\u0259kim: S\u0259hiyy\u0259 Nazirliyi sertifikasiya imtahanlar\u0131n\u0131 l\u0259\u011fv etm\u0259lidir","datePublished":"2021-06-17T21:11:28+00:00","mainEntityOfPage":{"@id":"https:\/\/www.meydan.tv\/az\/article\/hekim-sehiyye-nazirliyi-sertifikasiya-imtahanlarini-legv-etmelidir\/"},"wordCount":1732,"publisher":{"@id":"https:\/\/www.meydan.tv\/az\/#organization"},"image":{"@id":"https:\/\/www.meydan.tv\/az\/article\/hekim-sehiyye-nazirliyi-sertifikasiya-imtahanlarini-legv-etmelidir\/#primaryimage"},"thumbnailUrl":"https:\/\/www.meydan.tv\/wp-content\/uploads\/1559127068_09.jpg","articleSection":["Sa\u011fl\u0131q"],"inLanguage":"az"},{"@type":"WebPage","@id":"https:\/\/www.meydan.tv\/az\/article\/hekim-sehiyye-nazirliyi-sertifikasiya-imtahanlarini-legv-etmelidir\/","url":"https:\/\/www.meydan.tv\/az\/article\/hekim-sehiyye-nazirliyi-sertifikasiya-imtahanlarini-legv-etmelidir\/","name":"H\u0259kim: S\u0259hiyy\u0259 Nazirliyi sertifikasiya imtahanlar\u0131n\u0131 l\u0259\u011fv etm\u0259lidir - MEYDAN.TV","isPartOf":{"@id":"https:\/\/www.meydan.tv\/az\/#website"},"primaryImageOfPage":{"@id":"https:\/\/www.meydan.tv\/az\/article\/hekim-sehiyye-nazirliyi-sertifikasiya-imtahanlarini-legv-etmelidir\/#primaryimage"},"image":{"@id":"https:\/\/www.meydan.tv\/az\/article\/hekim-sehiyye-nazirliyi-sertifikasiya-imtahanlarini-legv-etmelidir\/#primaryimage"},"thumbnailUrl":"https:\/\/www.meydan.tv\/wp-content\/uploads\/1559127068_09.jpg","datePublished":"2021-06-17T21:11:28+00:00","breadcrumb":{"@id":"https:\/\/www.meydan.tv\/az\/article\/hekim-sehiyye-nazirliyi-sertifikasiya-imtahanlarini-legv-etmelidir\/#breadcrumb"},"inLanguage":"az","potentialAction":[{"@type":"ReadAction","target":["https:\/\/www.meydan.tv\/az\/article\/hekim-sehiyye-nazirliyi-sertifikasiya-imtahanlarini-legv-etmelidir\/"]}]},{"@type":"ImageObject","inLanguage":"az","@id":"https:\/\/www.meydan.tv\/az\/article\/hekim-sehiyye-nazirliyi-sertifikasiya-imtahanlarini-legv-etmelidir\/#primaryimage","url":"https:\/\/www.meydan.tv\/wp-content\/uploads\/1559127068_09.jpg","contentUrl":"https:\/\/www.meydan.tv\/wp-content\/uploads\/1559127068_09.jpg","width":1200,"height":898,"caption":"S\u0259hiyy\u0259 Nazirliyi, Foto: Meydan TV"},{"@type":"BreadcrumbList","@id":"https:\/\/www.meydan.tv\/az\/article\/hekim-sehiyye-nazirliyi-sertifikasiya-imtahanlarini-legv-etmelidir\/#breadcrumb","itemListElement":[{"@type":"ListItem","position":1,"name":"Ana s\u0259hif\u0259","item":"https:\/\/www.meydan.tv\/az\/"},{"@type":"ListItem","position":2,"name":"Sa\u011fl\u0131q","item":"https:\/\/www.meydan.tv\/az\/section\/sagliq\/"},{"@type":"ListItem","position":3,"name":"H\u0259kim: S\u0259hiyy\u0259 Nazirliyi sertifikasiya imtahanlar\u0131n\u0131 l\u0259\u011fv etm\u0259lidir"}]},{"@type":"WebSite","@id":"https:\/\/www.meydan.tv\/az\/#website","url":"https:\/\/www.meydan.tv\/az\/","name":"MEYDAN.TV","description":"Meydan TV Az\u0259rbaycan\u0131n media m\u0259kan\u0131ndak\u0131 alternativ s\u0259sidir","publisher":{"@id":"https:\/\/www.meydan.tv\/az\/#organization"},"potentialAction":[{"@type":"SearchAction","target":{"@type":"EntryPoint","urlTemplate":"https:\/\/www.meydan.tv\/az\/?s={search_term_string}"},"query-input":{"@type":"PropertyValueSpecification","valueRequired":true,"valueName":"search_term_string"}}],"inLanguage":"az"},{"@type":"Organization","@id":"https:\/\/www.meydan.tv\/az\/#organization","name":"Meydan TV","url":"https:\/\/www.meydan.tv\/az\/","logo":{"@type":"ImageObject","inLanguage":"az","@id":"https:\/\/www.meydan.tv\/az\/#\/schema\/logo\/image\/","url":"https:\/\/www.meydan.tv\/wp-content\/uploads\/2021\/07\/meydan-logo.svg","contentUrl":"https:\/\/www.meydan.tv\/wp-content\/uploads\/2021\/07\/meydan-logo.svg","width":195,"height":46,"caption":"Meydan TV"},"image":{"@id":"https:\/\/www.meydan.tv\/az\/#\/schema\/logo\/image\/"}},{"@type":"Person","@id":"https:\/\/www.meydan.tv\/az\/#\/schema\/person\/10d11eccf6da3662cf5fdab9806ea91a","name":"user-manager"}]}},"_links":{"self":[{"href":"https:\/\/www.meydan.tv\/az\/wp-json\/wp\/v2\/posts\/206792","targetHints":{"allow":["GET"]}}],"collection":[{"href":"https:\/\/www.meydan.tv\/az\/wp-json\/wp\/v2\/posts"}],"about":[{"href":"https:\/\/www.meydan.tv\/az\/wp-json\/wp\/v2\/types\/post"}],"author":[{"embeddable":true,"href":"https:\/\/www.meydan.tv\/az\/wp-json\/wp\/v2\/users\/11"}],"replies":[{"embeddable":true,"href":"https:\/\/www.meydan.tv\/az\/wp-json\/wp\/v2\/comments?post=206792"}],"version-history":[{"count":0,"href":"https:\/\/www.meydan.tv\/az\/wp-json\/wp\/v2\/posts\/206792\/revisions"}],"wp:featuredmedia":[{"embeddable":true,"href":"https:\/\/www.meydan.tv\/az\/wp-json\/wp\/v2\/media\/136842"}],"wp:attachment":[{"href":"https:\/\/www.meydan.tv\/az\/wp-json\/wp\/v2\/media?parent=206792"}],"wp:term":[{"taxonomy":"category","embeddable":true,"href":"https:\/\/www.meydan.tv\/az\/wp-json\/wp\/v2\/categories?post=206792"},{"taxonomy":"post_tag","embeddable":true,"href":"https:\/\/www.meydan.tv\/az\/wp-json\/wp\/v2\/tags?post=206792"}],"curies":[{"name":"wp","href":"https:\/\/api.w.org\/{rel}","templated":true}]}}