{"id":206781,"date":"2021-06-17T14:04:22","date_gmt":"2021-06-17T14:04:22","guid":{"rendered":"https:\/\/www.meydan.tv\/article\/van-dammin-oglu-azerbaycanli-pianocu-ile-nisanlandi\/"},"modified":"2021-06-17T14:04:22","modified_gmt":"2021-06-17T14:04:22","slug":"van-dammin-oglu-azerbaycanli-pianocu-ile-nisanlandi","status":"publish","type":"post","link":"https:\/\/www.meydan.tv\/az\/article\/van-dammin-oglu-azerbaycanli-pianocu-ile-nisanlandi\/","title":{"rendered":"Van Damm\u0131n o\u011flu az\u0259rbaycanl\u0131 piano\u00e7u il\u0259 evl\u0259ndi"},"content":{"rendered":"<p>\n  <i><br \/>\n    22 ya\u015fl\u0131 Suada Hac\u0131zad\u0259 Bak\u0131da do\u011fulub<br \/>\n  <\/i>\n<\/p>\n<p>\n  Amerikal\u0131 aktyor Jann Klod Van Damm\u0131n o\u011flu Kristofer az\u0259rbaycanl\u0131 piano\u00e7u Suada Hac\u0131zad\u0259 il\u0259 evl\u0259nib.\n<\/p>\n<p>\n  C\u00fctl\u00fck \u201c\u0130nstagram\u201d sosial \u015f\u0259b\u0259k\u0259sind\u0259 evl\u0259ndikl\u0259rini yaz\u0131blar.\n<\/p>\n<p>\n  Suada Hac\u0131zad\u0259 24 oktyabr 1999-cu ild\u0259 Bak\u0131da do\u011fulub. D\u00f6rd ya\u015f\u0131ndan b\u0259dii gimnastika il\u0259 m\u0259\u015f\u011ful olub.\n<\/p>\n<p>\n  Xalq aras\u0131nda \u201cS\u0259lyanl\u0131 \u015eirin\u201d kimi tan\u0131nan tarz\u0259n \u015eirin Axundovun n\u0259slind\u0259ndir.\n<\/p>\n<p>\n  \u0130lk m\u0259kt\u0259b t\u0259hsilin\u0259 Bak\u0131 Avropa Liseyind\u0259 ba\u015flay\u0131b.\n<\/p>\n<p>\n  Xalq artisti, b\u0259st\u0259kar Oqtay Z\u00fclf\u00fcqarovun t\u0259l\u0259b\u0259si olub.\n<\/p>\n<p>\n  Bak\u0131 Musiqi Akademiyas\u0131n\u0131n m\u0259zunudur. D\u00f6vl\u0259t Filarmoniyas\u0131nda D\u00f6vl\u0259t Simfonik Orkestri v\u0259 Kamera Orkestrl\u0259r\u0131 il\u0259 konsertl\u0259r verib.\n<\/p>\n<p>\n  Az\u0259rbaycan XXI \u0259sr\u0259 istedadlarla: Hac\u0131zad\u0259 Suada Elxan q\u0131z\u0131 7 Beyn\u0259lxalq Musiqi M\u00fcsabiq\u0259sinin laureat\u0131d\u0131r. Prezident t\u0259qa\u00fcd\u00e7\u00fcs\u00fcd\u00fcr.\n<\/p>\n<p>\n  \u201cH\u0259r insan\u0131n bir arzusu var, m\u0259nim d\u0259 arzum d\u00fcnyan\u0131n \u0259n tan\u0131nm\u0131\u015f ifa\u00e7\u0131lar\u0131 s\u0131ras\u0131nda olmaqd\u0131r. \u018fn m\u0259\u015fhur d\u00fcnya s\u0259hn\u0259l\u0259rind\u0259 Az\u0259rbaycan m\u0259d\u0259niyy\u0259ti v\u0259 musiqisini tan\u0131tmaq, tariximizi, Qaraba\u011f haqq\u0131nda b\u00fct\u00fcn h\u0259qiq\u0259tl\u0259ri d\u00fcnya ictimaiyy\u0259tin\u0259 \u00e7atd\u0131rmaqd\u0131r\u201d, &#8211; Suada Hac\u0131zad\u0259 m\u00fcsahib\u0259l\u0259rind\u0259n birind\u0259 deyib.\n<\/p>\n<p>\n  \u018fdliyy\u0259 Nazirliyind\u0259n Modern.az-a bildirilib ki, nikah m\u0259rasimi d\u00fcn\u0259n Az\u0259rbaycan\u0131n \u0130stanbuldak\u0131 Ba\u015f konsullu\u011funda t\u0259\u015fkil olunub.\n<\/p>\n<p>\n  Kristofer Van Damm 20 may 1987-ci ild\u0259 Amerikada do\u011fulub.\n<\/p>\n<p>\n  Aktyor v\u0259 prod\u00fcsser kimi f\u0259aliyy\u0259t g\u00f6st\u0259rir.\n<\/p>\n<figure class=\"wp-block-image size-large\">\n  <img decoding=\"async\" src=\"https:\/\/www.meydan.tv\/az\/image-png-17\/\" alt=\"image.png\" class=\"wp-image-162363\"\/><figcaption>\n    Van Damm, Kristofer Van Damm, Suada Hac\u0131zad\u0259 v\u0259 valideynl\u0259ri<br \/>\n  <\/figcaption><\/figure>\n","protected":false},"excerpt":{"rendered":"<p>\u201cH\u0259r insan\u0131n bir arzusu var, m\u0259nim d\u0259 arzum d\u00fcnyan\u0131n \u0259n tan\u0131nm\u0131\u015f ifa\u00e7\u0131lar\u0131 s\u0131ras\u0131nda olmaqd\u0131r&#8221;<\/p>\n","protected":false},"author":11,"featured_media":162360,"comment_status":"closed","ping_status":"open","sticky":false,"template":"","format":"standard","meta":{"_acf_changed":false,"_sitemap_exclude":false,"_sitemap_priority":"","_sitemap_frequency":"","footnotes":""},"categories":[52],"tags":[],"class_list":["post-206781","post","type-post","status-publish","format-standard","has-post-thumbnail","hentry","category-medeniyyet","infinite-scroll-item","generate-columns","tablet-grid-50","mobile-grid-100","grid-parent","grid-33","no-featured-image-padding"],"acf":[],"yoast_head":"<!-- This site is optimized with the Yoast SEO plugin v27.4 - https:\/\/yoast.com\/product\/yoast-seo-wordpress\/ -->\n<title>Van Damm\u0131n o\u011flu az\u0259rbaycanl\u0131 piano\u00e7u il\u0259 evl\u0259ndi - MEYDAN.TV<\/title>\n<meta name=\"robots\" content=\"index, follow, max-snippet:-1, max-image-preview:large, max-video-preview:-1\" \/>\n<link rel=\"canonical\" href=\"https:\/\/www.meydan.tv\/az\/article\/van-dammin-oglu-azerbaycanli-pianocu-ile-nisanlandi\/\" \/>\n<meta property=\"og:locale\" content=\"az_AZ\" \/>\n<meta property=\"og:type\" content=\"article\" \/>\n<meta property=\"og:title\" content=\"Van Damm\u0131n o\u011flu az\u0259rbaycanl\u0131 piano\u00e7u il\u0259 evl\u0259ndi - MEYDAN.TV\" \/>\n<meta property=\"og:description\" content=\"\u201cH\u0259r insan\u0131n bir arzusu var, m\u0259nim d\u0259 arzum d\u00fcnyan\u0131n \u0259n tan\u0131nm\u0131\u015f ifa\u00e7\u0131lar\u0131 s\u0131ras\u0131nda olmaqd\u0131r&quot;\" \/>\n<meta property=\"og:url\" content=\"https:\/\/www.meydan.tv\/az\/article\/van-dammin-oglu-azerbaycanli-pianocu-ile-nisanlandi\/\" \/>\n<meta property=\"og:site_name\" content=\"MEYDAN.TV\" \/>\n<meta property=\"article:published_time\" content=\"2021-06-17T14:04:22+00:00\" \/>\n<meta property=\"og:image\" content=\"https:\/\/www.meydan.tv\/wp-content\/uploads\/image_1_cfhbouo.png\" \/>\n\t<meta property=\"og:image:width\" content=\"764\" \/>\n\t<meta property=\"og:image:height\" content=\"480\" \/>\n\t<meta property=\"og:image:type\" content=\"image\/png\" \/>\n<meta name=\"author\" content=\"user-manager\" \/>\n<meta name=\"twitter:card\" content=\"summary_large_image\" \/>\n<script type=\"application\/ld+json\" class=\"yoast-schema-graph\">{\"@context\":\"https:\\\/\\\/schema.org\",\"@graph\":[{\"@type\":\"Article\",\"@id\":\"https:\\\/\\\/www.meydan.tv\\\/az\\\/article\\\/van-dammin-oglu-azerbaycanli-pianocu-ile-nisanlandi\\\/#article\",\"isPartOf\":{\"@id\":\"https:\\\/\\\/www.meydan.tv\\\/az\\\/article\\\/van-dammin-oglu-azerbaycanli-pianocu-ile-nisanlandi\\\/\"},\"author\":{\"name\":\"user-manager\",\"@id\":\"https:\\\/\\\/www.meydan.tv\\\/az\\\/#\\\/schema\\\/person\\\/10d11eccf6da3662cf5fdab9806ea91a\"},\"headline\":\"Van Damm\u0131n o\u011flu az\u0259rbaycanl\u0131 piano\u00e7u il\u0259 evl\u0259ndi\",\"datePublished\":\"2021-06-17T14:04:22+00:00\",\"mainEntityOfPage\":{\"@id\":\"https:\\\/\\\/www.meydan.tv\\\/az\\\/article\\\/van-dammin-oglu-azerbaycanli-pianocu-ile-nisanlandi\\\/\"},\"wordCount\":295,\"publisher\":{\"@id\":\"https:\\\/\\\/www.meydan.tv\\\/az\\\/#organization\"},\"image\":{\"@id\":\"https:\\\/\\\/www.meydan.tv\\\/az\\\/article\\\/van-dammin-oglu-azerbaycanli-pianocu-ile-nisanlandi\\\/#primaryimage\"},\"thumbnailUrl\":\"https:\\\/\\\/www.meydan.tv\\\/wp-content\\\/uploads\\\/image_1_cfhbouo.png\",\"articleSection\":[\"M\u0259d\u0259niyy\u0259t\"],\"inLanguage\":\"az\"},{\"@type\":\"WebPage\",\"@id\":\"https:\\\/\\\/www.meydan.tv\\\/az\\\/article\\\/van-dammin-oglu-azerbaycanli-pianocu-ile-nisanlandi\\\/\",\"url\":\"https:\\\/\\\/www.meydan.tv\\\/az\\\/article\\\/van-dammin-oglu-azerbaycanli-pianocu-ile-nisanlandi\\\/\",\"name\":\"Van Damm\u0131n o\u011flu az\u0259rbaycanl\u0131 piano\u00e7u il\u0259 evl\u0259ndi - MEYDAN.TV\",\"isPartOf\":{\"@id\":\"https:\\\/\\\/www.meydan.tv\\\/az\\\/#website\"},\"primaryImageOfPage\":{\"@id\":\"https:\\\/\\\/www.meydan.tv\\\/az\\\/article\\\/van-dammin-oglu-azerbaycanli-pianocu-ile-nisanlandi\\\/#primaryimage\"},\"image\":{\"@id\":\"https:\\\/\\\/www.meydan.tv\\\/az\\\/article\\\/van-dammin-oglu-azerbaycanli-pianocu-ile-nisanlandi\\\/#primaryimage\"},\"thumbnailUrl\":\"https:\\\/\\\/www.meydan.tv\\\/wp-content\\\/uploads\\\/image_1_cfhbouo.png\",\"datePublished\":\"2021-06-17T14:04:22+00:00\",\"breadcrumb\":{\"@id\":\"https:\\\/\\\/www.meydan.tv\\\/az\\\/article\\\/van-dammin-oglu-azerbaycanli-pianocu-ile-nisanlandi\\\/#breadcrumb\"},\"inLanguage\":\"az\",\"potentialAction\":[{\"@type\":\"ReadAction\",\"target\":[\"https:\\\/\\\/www.meydan.tv\\\/az\\\/article\\\/van-dammin-oglu-azerbaycanli-pianocu-ile-nisanlandi\\\/\"]}]},{\"@type\":\"ImageObject\",\"inLanguage\":\"az\",\"@id\":\"https:\\\/\\\/www.meydan.tv\\\/az\\\/article\\\/van-dammin-oglu-azerbaycanli-pianocu-ile-nisanlandi\\\/#primaryimage\",\"url\":\"https:\\\/\\\/www.meydan.tv\\\/wp-content\\\/uploads\\\/image_1_cfhbouo.png\",\"contentUrl\":\"https:\\\/\\\/www.meydan.tv\\\/wp-content\\\/uploads\\\/image_1_cfhbouo.png\",\"width\":764,\"height\":480,\"caption\":\"Source: Specify Source\"},{\"@type\":\"BreadcrumbList\",\"@id\":\"https:\\\/\\\/www.meydan.tv\\\/az\\\/article\\\/van-dammin-oglu-azerbaycanli-pianocu-ile-nisanlandi\\\/#breadcrumb\",\"itemListElement\":[{\"@type\":\"ListItem\",\"position\":1,\"name\":\"Ana s\u0259hif\u0259\",\"item\":\"https:\\\/\\\/www.meydan.tv\\\/az\\\/\"},{\"@type\":\"ListItem\",\"position\":2,\"name\":\"M\u0259d\u0259niyy\u0259t\",\"item\":\"https:\\\/\\\/www.meydan.tv\\\/az\\\/section\\\/medeniyyet\\\/\"},{\"@type\":\"ListItem\",\"position\":3,\"name\":\"Van Damm\u0131n o\u011flu az\u0259rbaycanl\u0131 piano\u00e7u il\u0259 evl\u0259ndi\"}]},{\"@type\":\"WebSite\",\"@id\":\"https:\\\/\\\/www.meydan.tv\\\/az\\\/#website\",\"url\":\"https:\\\/\\\/www.meydan.tv\\\/az\\\/\",\"name\":\"MEYDAN.TV\",\"description\":\"Meydan TV Az\u0259rbaycan\u0131n media m\u0259kan\u0131ndak\u0131 alternativ s\u0259sidir\",\"publisher\":{\"@id\":\"https:\\\/\\\/www.meydan.tv\\\/az\\\/#organization\"},\"potentialAction\":[{\"@type\":\"SearchAction\",\"target\":{\"@type\":\"EntryPoint\",\"urlTemplate\":\"https:\\\/\\\/www.meydan.tv\\\/az\\\/?s={search_term_string}\"},\"query-input\":{\"@type\":\"PropertyValueSpecification\",\"valueRequired\":true,\"valueName\":\"search_term_string\"}}],\"inLanguage\":\"az\"},{\"@type\":\"Organization\",\"@id\":\"https:\\\/\\\/www.meydan.tv\\\/az\\\/#organization\",\"name\":\"Meydan TV\",\"url\":\"https:\\\/\\\/www.meydan.tv\\\/az\\\/\",\"logo\":{\"@type\":\"ImageObject\",\"inLanguage\":\"az\",\"@id\":\"https:\\\/\\\/www.meydan.tv\\\/az\\\/#\\\/schema\\\/logo\\\/image\\\/\",\"url\":\"https:\\\/\\\/www.meydan.tv\\\/wp-content\\\/uploads\\\/2021\\\/07\\\/meydan-logo.svg\",\"contentUrl\":\"https:\\\/\\\/www.meydan.tv\\\/wp-content\\\/uploads\\\/2021\\\/07\\\/meydan-logo.svg\",\"width\":195,\"height\":46,\"caption\":\"Meydan TV\"},\"image\":{\"@id\":\"https:\\\/\\\/www.meydan.tv\\\/az\\\/#\\\/schema\\\/logo\\\/image\\\/\"}},{\"@type\":\"Person\",\"@id\":\"https:\\\/\\\/www.meydan.tv\\\/az\\\/#\\\/schema\\\/person\\\/10d11eccf6da3662cf5fdab9806ea91a\",\"name\":\"user-manager\"}]}<\/script>\n<!-- \/ Yoast SEO plugin. -->","yoast_head_json":{"title":"Van Damm\u0131n o\u011flu az\u0259rbaycanl\u0131 piano\u00e7u il\u0259 evl\u0259ndi - MEYDAN.TV","robots":{"index":"index","follow":"follow","max-snippet":"max-snippet:-1","max-image-preview":"max-image-preview:large","max-video-preview":"max-video-preview:-1"},"canonical":"https:\/\/www.meydan.tv\/az\/article\/van-dammin-oglu-azerbaycanli-pianocu-ile-nisanlandi\/","og_locale":"az_AZ","og_type":"article","og_title":"Van Damm\u0131n o\u011flu az\u0259rbaycanl\u0131 piano\u00e7u il\u0259 evl\u0259ndi - MEYDAN.TV","og_description":"\u201cH\u0259r insan\u0131n bir arzusu var, m\u0259nim d\u0259 arzum d\u00fcnyan\u0131n \u0259n tan\u0131nm\u0131\u015f ifa\u00e7\u0131lar\u0131 s\u0131ras\u0131nda olmaqd\u0131r\"","og_url":"https:\/\/www.meydan.tv\/az\/article\/van-dammin-oglu-azerbaycanli-pianocu-ile-nisanlandi\/","og_site_name":"MEYDAN.TV","article_published_time":"2021-06-17T14:04:22+00:00","og_image":[{"width":764,"height":480,"url":"https:\/\/www.meydan.tv\/wp-content\/uploads\/image_1_cfhbouo.png","type":"image\/png"}],"author":"user-manager","twitter_card":"summary_large_image","schema":{"@context":"https:\/\/schema.org","@graph":[{"@type":"Article","@id":"https:\/\/www.meydan.tv\/az\/article\/van-dammin-oglu-azerbaycanli-pianocu-ile-nisanlandi\/#article","isPartOf":{"@id":"https:\/\/www.meydan.tv\/az\/article\/van-dammin-oglu-azerbaycanli-pianocu-ile-nisanlandi\/"},"author":{"name":"user-manager","@id":"https:\/\/www.meydan.tv\/az\/#\/schema\/person\/10d11eccf6da3662cf5fdab9806ea91a"},"headline":"Van Damm\u0131n o\u011flu az\u0259rbaycanl\u0131 piano\u00e7u il\u0259 evl\u0259ndi","datePublished":"2021-06-17T14:04:22+00:00","mainEntityOfPage":{"@id":"https:\/\/www.meydan.tv\/az\/article\/van-dammin-oglu-azerbaycanli-pianocu-ile-nisanlandi\/"},"wordCount":295,"publisher":{"@id":"https:\/\/www.meydan.tv\/az\/#organization"},"image":{"@id":"https:\/\/www.meydan.tv\/az\/article\/van-dammin-oglu-azerbaycanli-pianocu-ile-nisanlandi\/#primaryimage"},"thumbnailUrl":"https:\/\/www.meydan.tv\/wp-content\/uploads\/image_1_cfhbouo.png","articleSection":["M\u0259d\u0259niyy\u0259t"],"inLanguage":"az"},{"@type":"WebPage","@id":"https:\/\/www.meydan.tv\/az\/article\/van-dammin-oglu-azerbaycanli-pianocu-ile-nisanlandi\/","url":"https:\/\/www.meydan.tv\/az\/article\/van-dammin-oglu-azerbaycanli-pianocu-ile-nisanlandi\/","name":"Van Damm\u0131n o\u011flu az\u0259rbaycanl\u0131 piano\u00e7u il\u0259 evl\u0259ndi - MEYDAN.TV","isPartOf":{"@id":"https:\/\/www.meydan.tv\/az\/#website"},"primaryImageOfPage":{"@id":"https:\/\/www.meydan.tv\/az\/article\/van-dammin-oglu-azerbaycanli-pianocu-ile-nisanlandi\/#primaryimage"},"image":{"@id":"https:\/\/www.meydan.tv\/az\/article\/van-dammin-oglu-azerbaycanli-pianocu-ile-nisanlandi\/#primaryimage"},"thumbnailUrl":"https:\/\/www.meydan.tv\/wp-content\/uploads\/image_1_cfhbouo.png","datePublished":"2021-06-17T14:04:22+00:00","breadcrumb":{"@id":"https:\/\/www.meydan.tv\/az\/article\/van-dammin-oglu-azerbaycanli-pianocu-ile-nisanlandi\/#breadcrumb"},"inLanguage":"az","potentialAction":[{"@type":"ReadAction","target":["https:\/\/www.meydan.tv\/az\/article\/van-dammin-oglu-azerbaycanli-pianocu-ile-nisanlandi\/"]}]},{"@type":"ImageObject","inLanguage":"az","@id":"https:\/\/www.meydan.tv\/az\/article\/van-dammin-oglu-azerbaycanli-pianocu-ile-nisanlandi\/#primaryimage","url":"https:\/\/www.meydan.tv\/wp-content\/uploads\/image_1_cfhbouo.png","contentUrl":"https:\/\/www.meydan.tv\/wp-content\/uploads\/image_1_cfhbouo.png","width":764,"height":480,"caption":"Source: Specify Source"},{"@type":"BreadcrumbList","@id":"https:\/\/www.meydan.tv\/az\/article\/van-dammin-oglu-azerbaycanli-pianocu-ile-nisanlandi\/#breadcrumb","itemListElement":[{"@type":"ListItem","position":1,"name":"Ana s\u0259hif\u0259","item":"https:\/\/www.meydan.tv\/az\/"},{"@type":"ListItem","position":2,"name":"M\u0259d\u0259niyy\u0259t","item":"https:\/\/www.meydan.tv\/az\/section\/medeniyyet\/"},{"@type":"ListItem","position":3,"name":"Van Damm\u0131n o\u011flu az\u0259rbaycanl\u0131 piano\u00e7u il\u0259 evl\u0259ndi"}]},{"@type":"WebSite","@id":"https:\/\/www.meydan.tv\/az\/#website","url":"https:\/\/www.meydan.tv\/az\/","name":"MEYDAN.TV","description":"Meydan TV Az\u0259rbaycan\u0131n media m\u0259kan\u0131ndak\u0131 alternativ s\u0259sidir","publisher":{"@id":"https:\/\/www.meydan.tv\/az\/#organization"},"potentialAction":[{"@type":"SearchAction","target":{"@type":"EntryPoint","urlTemplate":"https:\/\/www.meydan.tv\/az\/?s={search_term_string}"},"query-input":{"@type":"PropertyValueSpecification","valueRequired":true,"valueName":"search_term_string"}}],"inLanguage":"az"},{"@type":"Organization","@id":"https:\/\/www.meydan.tv\/az\/#organization","name":"Meydan TV","url":"https:\/\/www.meydan.tv\/az\/","logo":{"@type":"ImageObject","inLanguage":"az","@id":"https:\/\/www.meydan.tv\/az\/#\/schema\/logo\/image\/","url":"https:\/\/www.meydan.tv\/wp-content\/uploads\/2021\/07\/meydan-logo.svg","contentUrl":"https:\/\/www.meydan.tv\/wp-content\/uploads\/2021\/07\/meydan-logo.svg","width":195,"height":46,"caption":"Meydan TV"},"image":{"@id":"https:\/\/www.meydan.tv\/az\/#\/schema\/logo\/image\/"}},{"@type":"Person","@id":"https:\/\/www.meydan.tv\/az\/#\/schema\/person\/10d11eccf6da3662cf5fdab9806ea91a","name":"user-manager"}]}},"_links":{"self":[{"href":"https:\/\/www.meydan.tv\/az\/wp-json\/wp\/v2\/posts\/206781","targetHints":{"allow":["GET"]}}],"collection":[{"href":"https:\/\/www.meydan.tv\/az\/wp-json\/wp\/v2\/posts"}],"about":[{"href":"https:\/\/www.meydan.tv\/az\/wp-json\/wp\/v2\/types\/post"}],"author":[{"embeddable":true,"href":"https:\/\/www.meydan.tv\/az\/wp-json\/wp\/v2\/users\/11"}],"replies":[{"embeddable":true,"href":"https:\/\/www.meydan.tv\/az\/wp-json\/wp\/v2\/comments?post=206781"}],"version-history":[{"count":0,"href":"https:\/\/www.meydan.tv\/az\/wp-json\/wp\/v2\/posts\/206781\/revisions"}],"wp:featuredmedia":[{"embeddable":true,"href":"https:\/\/www.meydan.tv\/az\/wp-json\/wp\/v2\/media\/162360"}],"wp:attachment":[{"href":"https:\/\/www.meydan.tv\/az\/wp-json\/wp\/v2\/media?parent=206781"}],"wp:term":[{"taxonomy":"category","embeddable":true,"href":"https:\/\/www.meydan.tv\/az\/wp-json\/wp\/v2\/categories?post=206781"},{"taxonomy":"post_tag","embeddable":true,"href":"https:\/\/www.meydan.tv\/az\/wp-json\/wp\/v2\/tags?post=206781"}],"curies":[{"name":"wp","href":"https:\/\/api.w.org\/{rel}","templated":true}]}}