{"id":206773,"date":"2021-06-17T10:40:53","date_gmt":"2021-06-17T10:40:53","guid":{"rendered":"https:\/\/www.meydan.tv\/article\/cexiya-denizindeki-azerbaycanlilar\/"},"modified":"2021-12-09T01:45:10","modified_gmt":"2021-12-08T21:45:10","slug":"cexiya-denizindeki-azerbaycanlilar","status":"publish","type":"post","link":"https:\/\/www.meydan.tv\/az\/article\/cexiya-denizindeki-azerbaycanlilar\/","title":{"rendered":"\u00c7exiya d\u0259nizind\u0259ki az\u0259rbaycanl\u0131lar"},"content":{"rendered":"<p><i><br \/>\nPar\u0131ldayan h\u0259r \u015fey (q\u0131z\u0131l) demokratiya deyil<br \/>\n<\/i><\/p>\n<p>Z\u0259ngin v\u0259 bir-biri il\u0259 \u0259laq\u0259li az\u0259rbaycanl\u0131 investorlar, \u00c7ex Respublikas\u0131nda ya\u015fayan dig\u0259r \u0259cn\u0259bil\u0259r aras\u0131nda \u00e7ox tan\u0131nmasa da, bu \u00f6lk\u0259nin m\u0259\u015fhur turistik yerl\u0259rind\u0259 yerl\u0259\u015f\u0259n d\u0259bd\u0259b\u0259li da\u015f\u0131nmaz \u0259mlaka m\u0259mnuniyy\u0259tl\u0259 milyardlarla \u00e7ex kronu t\u00f6k\u00fcrl\u0259r.<\/p>\n<p>Kurort \u015f\u0259h\u0259ri Karlov\u0131 Var\u0131n\u0131n m\u0259rk\u0259z\u0259 yax\u0131n hiss\u0259sind\u0259 Az\u0259rbaycan\u0131n vitse-prezidentinin atas\u0131na m\u0259xsus b\u00f6y\u00fck otel var. \u018fvv\u0259ll\u0259r \u018fliyevin q\u0131z\u0131n\u0131n da orada bir villas\u0131 var idi, lakin daha sonra onlara sadiq olan mill\u0259t v\u0259kilin\u0259 \u00f6t\u00fcrd\u00fc. M\u0259n\u015f\u0259yi m\u0259lum olmayan Az\u0259rbaycan v\u0259saitl\u0259ri \u00c7ex Respublikas\u0131n\u0131n dig\u0259r \u015f\u0259h\u0259rl\u0259rin\u0259, h\u0259tta \u00f6lk\u0259nin paytaxt\u0131 Praqaya yol tap\u0131b. \u00c7exiyan\u0131n <a href=\"https:\/\/www.investigace.cz\/azerbajdzanci-u-ceskeho-more-neni-vsechno-demokracie-co-se-trpyti\/\">\u201einvestigace.cz\u201c <\/a>sayt\u0131n\u0131n jurnalistl\u0259ri C\u0259nubi Bohemiyada az\u0259rbaycanl\u0131lar\u0131n pul qoydu\u011fu ba\u015fqa bir \u201cyuva\u201d ortaya \u00e7\u0131xar\u0131b.<\/p>\n<p>Ail\u0259 Az\u0259rbaycan xalq\u0131 \u00fc\u00e7\u00fcn t\u0259m\u0259l da\u015f\u0131 hesab olunur. Bu s\u0259b\u0259bd\u0259n bir ail\u0259 \u00fczv\u00fc yax\u015f\u0131 v\u0259 geni\u015f imkanl\u0131 bir i\u015f tapd\u0131qda, o insan\u0131n dig\u0259rl\u0259rinin y\u00fcks\u0259lm\u0259si \u00fc\u00e7\u00fcn bir pill\u0259k\u0259n olmas\u0131 v\u0259 ail\u0259 klan\u0131n\u0131n yax\u015f\u0131l\u0131\u011f\u0131 \u00fc\u00e7\u00fcn \u00e7al\u0131\u015fmas\u0131 g\u00f6zl\u0259nilir. Ail\u0259 h\u0259mr\u0259yliyi h\u0259tta s\u0259rh\u0259dl\u0259ri a\u015f\u0131r.<\/p>\n<p>&#8220;M\u0259s\u0259l\u0259n, \u00c7ex Respublikas\u0131nda etibarl\u0131 v\u0259 istedadl\u0131 bir insan varsa, texniki bilikl\u0259rinin potensial investorlara v\u0259 ya k\u00f6m\u0259y\u0259 ehtiyac duyan h\u0259r k\u0259s\u0259 tez m\u00fcdd\u0259td\u0259 \u00e7atmas\u0131 t\u0259biidir&#8221;,- dey\u0259 Orta Asiya \u00f6lk\u0259l\u0259ri \u00fczr\u0259 m\u00fct\u0259x\u0259ssis v\u0259 Praqa Charles Universitetinin dosenti Slavomir Horak qeyd edir: \u201cBuna g\u00f6r\u0259 d\u0259, \u0259g\u0259r bir investor bu \u201cf\u0131ksator\u201d vasit\u0259sil\u0259 otel sat\u0131n al\u0131rsa, dig\u0259rl\u0259rinin d\u0259 tezlikl\u0259 onun yolunu izl\u0259y\u0259c\u0259yini g\u00f6zl\u0259m\u0259k m\u00fcmk\u00fcnd\u00fcr. N\u0259z\u0259rd\u0259 tutulan investisiya pulun haradan g\u0259ldiyind\u0259n as\u0131l\u0131 olmayaraq ba\u015f ver\u0259c\u0259k\u201c.<\/p>\n<p>\u00c7exiyan\u0131n C\u0259nubi Bohemya b\u00f6lg\u0259sind\u0259ki az\u0259rbaycanl\u0131 investorlar \u0259n az\u0131 geni\u015f ictimaiyy\u0259t \u00fc\u00e7\u00fcn olduqca m\u00fc\u0259mmal\u0131d\u0131r. Qeyd etm\u0259k laz\u0131md\u0131r ki, Az\u0259rbaycandan g\u0259l\u0259n h\u0259r hans\u0131 bir s\u0259rmay\u0259, x\u00fcsusil\u0259 istifad\u0259 olunan v\u0259saitin m\u0259nb\u0259yi bilinm\u0259diyi t\u0259qdird\u0259 problemli ola bil\u0259r. Az\u0259rbaycanda siyas\u0259tl\u0259 \u0259laq\u0259li insanlar\u0131n r\u0259smi maa\u015flar\u0131 he\u00e7 vaxt bu x\u0259rcl\u0259ri \u00f6d\u0259m\u0259y\u0259 imkan verm\u0259s\u0259 d\u0259, tez-tez da\u015f\u0131nmaz \u0259mlaka v\u0259 ya d\u0259b\u0259b\u0259li \u0259\u015fyalara s\u0259rv\u0259t x\u0259rcl\u0259m\u0259l\u0259ri adi hala \u00e7evrilib. H\u00f6kum\u0259t \u00f6lk\u0259d\u0259 insan haqlar\u0131n\u0131 bo\u011fur, h\u0259r n\u00f6v m\u00fcxalifl\u0259ri t\u0259qib edir v\u0259 neftd\u0259n g\u0259l\u0259n g\u0259lir se\u00e7ilmi\u015f bir ne\u00e7\u0259 n\u0259f\u0259r aras\u0131nda b\u00f6l\u00fcn\u00fcr. M\u0259s\u0259l\u0259 buras\u0131ndad\u0131r ki, elit t\u0259b\u0259q\u0259 d\u0259 \u201cyuxar\u0131dak\u0131\u201d yerl\u0259rinin n\u0259 vaxt sona \u00e7ataca\u011f\u0131n\u0131 v\u0259 ya rejimin \u00f6z\u00fcn\u00fcn n\u0259 q\u0259d\u0259r davam ed\u0259c\u0259yini bilmir. Aktivl\u0259rinin xaricd\u0259 ( m\u0259s\u0259l\u0259n, London xaricind\u0259 v\u0259 ya \u00c7exiyan\u0131n ki\u00e7ik bir kurort \u015f\u0259h\u0259rind\u0259) saxlan\u0131lmas\u0131n\u0131n s\u0259b\u0259bi d\u0259 budur.<\/p>\n<p>H\u0259m qanuni, h\u0259m d\u0259 qanunsuz investesiya yat\u0131rmaq \u00fc\u00e7\u00fcn \u00c7ex Respublikas\u0131n\u0131 bu q\u0259d\u0259r c\u0259lbedici ed\u0259n n\u0259dir? \u018fvv\u0259la, onun co\u011frafi m\u00f6vqeyi, Avropan\u0131n m\u0259rk\u0259zind\u0259 yerl\u0259\u015fm\u0259sidir. \u0130kincisi, siyasi sabitliyi &#8211; orada inqilab v\u0259 ya b\u00f6y\u00fck bir b\u00f6hran olma ehtimal\u0131n\u0131n olmamas\u0131d\u0131r. \u00c7exiya, istirah\u0259t \u00fc\u00e7\u00fcn ideal, sakit v\u0259 mehriban bir \u00f6lk\u0259 kimi m\u0259\u015fhurdur. \u00c7exiya prezidenti Milos Zeman da daxil olmaqla b\u0259zi y\u00fcks\u0259k v\u0259zif\u0259li \u00e7ex siyas\u0259t\u00e7il\u0259rinin Az\u0259rbaycana qar\u015f\u0131 \u00e7ox s\u0259mimi m\u00fcnasib\u0259t g\u00f6st\u0259rm\u0259l\u0259ri onlara z\u0259r\u0259r t\u00f6r\u0259tmir. \u00d6lk\u0259nin az\u0259rbaycanl\u0131 elitas\u0131 aras\u0131nda populyar olmas\u0131n\u0131 Bak\u0131dan Praqaya v\u0259 h\u0259tta ki\u00e7ik kurort \u015f\u0259h\u0259ri Karlov\u0131 Var\u0131ya birba\u015fa u\u00e7u\u015flar\u0131n say\u0131 da s\u00fcbut edir. H\u0259r iki halda da, biznes sinif biletl\u0259ri ekonom sinifind\u0259n daha s\u00fcr\u0259tli sat\u0131l\u0131r. Sabitliyi, dostcanl\u0131 siyas\u0259t\u00e7il\u0259ri v\u0259 s\u0259lahiyy\u0259tli fiksatorlar\u0131 silk\u0259l\u0259yib qar\u0131\u015fd\u0131rsan\u0131z, \u00e7ox vaxt nam\u0259lum v\u0259 ya \u015f\u00fcbh\u0259li m\u0259nb\u0259l\u0259rd\u0259n \u0259ld\u0259 edil\u0259n s\u0259rmay\u0259ni x\u0259rcl\u0259m\u0259k ist\u0259y\u0259n investorlar \u00fc\u00e7\u00fcn bir \u201ckokteyl\u201d \u0259ld\u0259 ed\u0259 bil\u0259rsiniz.<\/p>\n<p>Beyn\u0259lxalq Valyuta Fondunun 2019-cu il hesabat\u0131nda \u00c7exiyada xarici investorlara m\u0259xsus da\u015f\u0131nmaz \u0259mlak say\u0131ndak\u0131 art\u0131m qeyd olunub v\u0259 \u0259mlak bazar\u0131nda \u00e7irkli pullar\u0131n yuyulmas\u0131na qar\u015f\u0131 ciddi t\u0259dbirl\u0259r g\u00f6r\u00fclm\u0259si t\u0259l\u0259b olunub. \u00c7exiya Maliyy\u0259 Analitik B\u00fcrosunun r\u0259hb\u0259ri (Finan\u010dn\u00ed analytick\u00fd \u00fa\u0159ad &#8211; Maliyy\u0259 Nazirliyinin n\u0259zdind\u0259ki ara\u015fd\u0131rma qurumu) Libor Kazda, b\u00fct\u00fcn xarici investorlar\u0131n arxa plandak\u0131 m\u0259lumatlar\u0131n\u0131 yoxlama\u011f\u0131n g\u00f6r\u00fcnd\u00fcy\u00fc q\u0259d\u0259r asan olmad\u0131\u011f\u0131n\u0131 izah edib:<\/p>\n<p>\u201cB\u0259z\u0259n maliyy\u0259 qurumunun konkret pulun m\u0259nb\u0259yini yoxlamaq \u00fc\u00e7\u00fcn vasit\u0259si olmur. Yaln\u0131z Bank m\u00fc\u015ft\u0259risind\u0259n pulun qanuni yolla \u0259ld\u0259 edildiyini bildir\u0259n bir izahat al\u0131rsa, onlar n\u0259 ed\u0259 bil\u0259rl\u0259r?&#8221; dey\u0259 o qeyd edib. \u201cBu, o dem\u0259k deyil ki, \u0259lav\u0259 yoxlama apar\u0131lm\u0131r. \u018fslind\u0259, yaln\u0131z veril\u0259n izahat \u015f\u00fcbh\u0259li ola bil\u0259r\u201d.<\/p>\n<p>Bununla yana\u015f\u0131, Kazda qeyd edir ki, \u00c7exiyada yaz\u0131l\u0131 izahat verilm\u0259si pulun m\u0259nb\u0259yini v\u0259 ya sahibini izah etm\u0259k \u00fc\u00e7\u00fcn \u00e7ox vaxt kifay\u0259t edir.<\/p>\n<p>C\u0259nubi Bohemiya b\u00f6lg\u0259si tez-tez m\u0259nz\u0259r\u0259li Cesky Krumlov \u015f\u0259h\u0259ri v\u0259 ya \u00c7ex d\u0259nizi adland\u0131r\u0131lan Lipno su anbar\u0131 il\u0259 \u0259laq\u0259l\u0259ndirilir. Bir restoran v\u0259 ya otel\u0259 sahib olmaq \u00fc\u00e7\u00fcn ideal olan bu yerd\u0259 biznes planlar\u0131na \u00e7ox g\u00fcv\u0259n\u0259n bir ne\u00e7\u0259 az\u0259rbaycanl\u0131 investor y\u00fcz milyonlarla CZK (1 milyon CZK = t\u0259qrib\u0259n 48.000 AB\u015e dollar\u0131) investisiya qoymaqdan \u00e7\u0259kinm\u0259yib. Bununla birlikd\u0259, planlardan biri b\u00fcrokratik qarabasmaya \u00e7evrilib v\u0259 Lipno g\u00f6l\u00fcn\u00fcn sahilind\u0259 s\u00f6k\u00fclm\u00fc\u015f bir yer kimi durur, dig\u0259r planlar\u0131n n\u0259tic\u0259si olaraq is\u0259 investorun t\u0259rk etdiyi a\u00e7\u0131q restoran v\u0259 otell\u0259rd\u0259n daha \u00e7ox qapal\u0131 yerl\u0259r\u0259 rast g\u0259linir.<\/p>\n<p>\u201cN\u0259h\u0259ng planlar var idi, onlar (investorlar) h\u0259r g\u00fcn buraya g\u0259lirdi, Praqadak\u0131 b\u00f6y\u00fck brendl\u0259r tikinti planlar\u0131 qururdu &#8230; H\u0259tta ail\u0259 \u015firk\u0259timizi almaq ist\u0259yirdil\u0259r v\u0259 sonra bird\u0259n getdil\u0259r. Onlar yoxa \u00e7\u0131xd\u0131 v\u0259 layih\u0259l\u0259r dayand\u0131\u201d,- dey\u0259 Lipno b\u00f6lg\u0259sind\u0259n olan ki\u00e7ik sahibkarlardan biri qeyd edib: &#8220;Yerli \u0259halinin onlar\u0131 burada ist\u0259m\u0259diyini, b\u00f6y\u00fck pul problemi ya\u015fad\u0131qlar\u0131n\u0131 e\u015fitdim&#8221;.<\/p>\n<p>G\u00f6z\u0259l bir g\u0259mi formas\u0131nda olan otelin yerin\u0259 indi da\u011f\u0131nt\u0131s\u0131n\u0131n qald\u0131\u011f\u0131 ki\u00e7ik k\u0259ndin b\u0259l\u0259diyy\u0259 ba\u015f\u00e7\u0131s\u0131 \u00e7iyinl\u0259rini \u00e7\u0259kir: \u201cYax\u015f\u0131, bu m\u00f6ht\u0259\u015f\u0259m planlardan n\u0259 ortaya \u00e7\u0131xd\u0131\u011f\u0131n\u0131 g\u00f6r\u00fcrs\u0259n. B\u00f6y\u00fck bir qar\u0131\u015f\u0131ql\u0131q v\u0259 bir \u00e7ox da\u011f\u0131nt\u0131. He\u00e7 olmasa \u0259traf\u0131na bir \u00e7\u0259p\u0259r qoydular, bel\u0259likl\u0259, he\u00e7 kim yaralanm\u0131r&#8221;.<\/p>\n<p>Bu ki\u00e7ik k\u0259nd Hurka adlan\u0131r v\u0259 C\u0259nubi Bohemiya b\u00f6lg\u0259sinin \u0259sas turistik yerl\u0259rind\u0259n biri olan Lipno su anbar\u0131n\u0131n \u0259hat\u0259 etdiyini az sayda k\u0259ndl\u0259rd\u0259n biridir. \u201cG\u00f6l\u201d, Avstriya s\u0259rh\u0259din\u0259 yax\u0131n yerl\u0259\u015fir v\u0259 z\u0259ngin xarici v\u0259 yerli investorlar\u0131 c\u0259lb etm\u0259kl\u0259 m\u0259\u015fhurdur. Hurkaya ged\u0259n yol h\u0259r iki t\u0259r\u0259fd\u0259n d\u0259 su il\u0259 \u0259hat\u0259 olunub v\u0259 su anbar\u0131n\u0131n v\u0259 \u0259trafdak\u0131 t\u0259bi\u0259tin g\u00f6z\u0259l m\u0259nz\u0259r\u0259si var. Lakin k\u0259ndin i\u00e7in\u0259 \u00e7atd\u0131\u011f\u0131n\u0131z zaman bunu g\u00f6rm\u0259k olmur. G\u00f6z\u00fcn\u00fcz\u0259 d\u0259y\u0259n ilk \u015fey, tikinti sah\u0259sin\u0259 b\u0259nz\u0259y\u0259n \u0259traf\u0131 \u00e7\u0259p\u0259rli yerdir, lakin binan\u0131n orijinal\u0131 2018-ci ild\u0259 s\u00f6k\u00fcld\u00fcy\u00fcnd\u0259n b\u0259ri orada he\u00e7 kim i\u015fl\u0259mir. \u0130ndi bura d\u0259bd\u0259b\u0259li bir a\u011facdan v\u0259 \u015f\u00fc\u015f\u0259d\u0259n d\u00fcz\u0259ldilmi\u015f b\u00f6y\u00fck bir g\u0259mi \u015f\u0259klind\u0259 sa\u011flaml\u0131q oteli kimi f\u0259aliyy\u0259t g\u00f6st\u0259rm\u0259li idi. Layih\u0259 b\u00fcrokratiya s\u0259b\u0259bil\u0259 v\u0259 COVID-19 zaman\u0131 m\u0259hdudiyy\u0259tl\u0259r s\u0259b\u0259bind\u0259n dayand\u0131r\u0131l\u0131b &#8211; \u0259n az\u0131ndan investorlar bel\u0259 deyir. \u018frazi b\u00f6lg\u0259nin paytaxt\u0131na yax\u0131n, s\u00fcr\u0259tl\u0259 b\u00f6y\u00fcy\u0259n peyk \u015f\u0259h\u0259ri Ceske Budejovice-d\u0259 ba\u015fqa bir torpaq sah\u0259sin\u0259 sahib olan \u201eALPS s.r.o.\u201c \u015firk\u0259tin\u0259 m\u0259xsusdur. Ancaq orada da he\u00e7 bir \u015fey edilmir.<\/p>\n<p>\u0130kinci iddial\u0131 Az\u0259rbaycan layih\u0259si m\u0259\u015fhur turizm \u015f\u0259h\u0259ri Cesky Krumlovda iki binan\u0131n v\u0259 Lipno su anbar\u0131n\u0131n sahilind\u0259 yerl\u0259\u015f\u0259n ki\u00e7ik Frymburk q\u0259s\u0259b\u0259sind\u0259 bir binan\u0131n al\u0131nmas\u0131 il\u0259 ba\u015flad\u0131. Ancaq b\u00f6y\u00fck planlar yerind\u0259 qald\u0131. Cesky Krumlovdak\u0131 bir restoran t\u0259mir\u0259 \u00e7ox pul x\u0259rcl\u0259ndikd\u0259n sonra he\u00e7 a\u00e7\u0131lmad\u0131, ikinci investisiya qoyulan otel is\u0259 yax\u015f\u0131 i\u015fl\u0259di, ancaq indi ba\u015fqas\u0131 t\u0259r\u0259find\u0259n idar\u0259 olunur. Frymburkda yerl\u0259\u015f\u0259n restoran iki sezon (iki yay v\u0259 bir q\u0131\u015f) a\u00e7\u0131q idi v\u0259 2018-ci ild\u0259 ba\u011fland\u0131. Sahibi yoxa \u00e7\u0131xd\u0131. Cesky Krumlovdak\u0131 otel sahibl\u0259rind\u0259n biri deyir: &#8220;Onu bir ild\u0259n \u00e7ox g\u00f6rm\u0259dim. Ancaq bir g\u00fcn ortaya \u00e7\u0131xd\u0131 v\u0259 sonra getdi&#8221;.<\/p>\n<p>ALPS, Londonda sahibi m\u0259lum olmayan, d\u0259bd\u0259b\u0259li m\u0259nzild\u0259 ya\u015fayan az\u0259rbaycanl\u0131 C\u00fcm\u0259 \u018fhm\u0259dzad\u0259y\u0259 m\u0259xsusdur. Bir s\u0131ra maraql\u0131 hadis\u0259l\u0259rin fonunda, m\u0259nzil bir ne\u00e7\u0259 ay sonra bir t\u00fcrk s\u0259rmay\u0259\u00e7i il\u0259 m\u0259sl\u0259h\u0259tl\u0259\u015fm\u0259 aparmaq \u00fc\u00e7\u00fcn m\u00fcqavil\u0259 ba\u011flayan eyni of\u015for \u015firk\u0259ti t\u0259r\u0259find\u0259n sat\u0131n al\u0131n\u0131b. M\u00fcqavil\u0259y\u0259 n\u0259zar\u0259t ed\u0259n t\u00fcrk podrat\u00e7\u0131n\u0131n yax\u0131n dostu olan \u018fhm\u0259dzad\u0259nin atas\u0131ndan ba\u015fqa birisi deyildi. (qeyd: bu bar\u0259d\u0259 \u0259trafl\u0131 <a href=\"https:\/\/www.occrp.org\/en\/investigations\/luxury-london-residence-of-azerbaijan-officials-son-purchased-with-mysterious-payment-to-shell-company\">linkd\u0259<\/a>) \u018fhm\u0259dzad\u0259 bu yax\u0131nlarda Az\u0259rbaycan h\u00f6kum\u0259tind\u0259ki v\u0259zif\u0259sind\u0259n azad edilib.<\/p>\n<p>Regionun paytaxt\u0131 Ceske Budejoviced\u0259, eyni \u00c7ex \u00fcnvan\u0131nda qeydiyyatdan ke\u00e7mi\u015f dig\u0259r bir \u015firk\u0259t, LECO-CB \u015firk\u0259tidir. \u015eirk\u0259tin sahibi Az\u0259rbaycan\u0131n Beyn\u0259lxalq Bank\u0131n\u0131n ke\u00e7mi\u015f r\u0259hb\u0259rinin xan\u0131m\u0131 Zamir\u0259 Hac\u0131yevad\u0131r. Hac\u0131yev haz\u0131rda f\u0131r\u0131ldaq\u00e7\u0131l\u0131q v\u0259 bankdan pul m\u0259nims\u0259m\u0259 ittiham\u0131 il\u0259 Az\u0259rbaycanda h\u0259bsd\u0259 saxlan\u0131l\u0131r. O, 15 il h\u0259bs c\u0259zas\u0131na m\u0259hkum edilib. Hac\u0131yevan\u0131n Londondak\u0131 m\u00fclk\u00fcn\u00fcn d\u0259y\u0259ri t\u0259xmin\u0259n 11,5 milyon funt sterlinqdir. Ev, Hac\u0131yevan\u0131n 10 ild\u0259 16 milyon funt-sterlinqd\u0259n \u00e7ox x\u0259rcl\u0259diyi v\u0259 bunun 6 milyon funt-sterlinqini \u0259rinin \u00e7al\u0131\u015fd\u0131\u011f\u0131 bank\u0131n verdiyi kredit kartlar\u0131ndan etdiyi d\u0259bd\u0259b\u0259li al\u0131\u015f-veri\u015f m\u0259rk\u0259zi \u201eHarrods\u201cun yax\u0131nl\u0131\u011f\u0131nda yerl\u0259\u015fir. \u0130ngilt\u0259r\u0259 r\u0259smil\u0259ri haz\u0131rda ail\u0259nin s\u0259rv\u0259tinin m\u0259nb\u0259yini ara\u015fd\u0131r\u0131r v\u0259 bu m\u00fcdd\u0259t \u0259rzind\u0259 \u0259mlaklar\u0131n\u0131 dondurub. (qeyd: daha \u0259trafl\u0131 <a href=\"https:\/\/www.occrp.org\/en\/investigations\/dethroned-azerbaijani-elites-made-big-investments-in-europe\">linkd\u0259<\/a>)<\/p>\n<p>\u201cAz\u0259rbaycan elitas\u0131n\u0131n mentalitetini anlamaq laz\u0131md\u0131r. B\u00fct\u00fcn d\u00f6vl\u0259t m\u00fc\u0259ssis\u0259l\u0259ri, el\u0259c\u0259 d\u0259 M\u0259rk\u0259zi Bank hakim t\u0259b\u0259q\u0259 \u00fc\u00e7\u00fcn pul qutusu hesab olunur. Buna g\u00f6r\u0259, yax\u015f\u0131 \u0259laq\u0259l\u0259ri olan h\u0259r hans\u0131 bir \u015f\u0259xs\u0259, m\u0259s\u0259l\u0259n, bank\u0131n ba\u015f icra\u00e7\u0131 direktorunun qohumuna pul laz\u0131md\u0131rsa, onu \u0259ld\u0259 etm\u0259yin h\u0259r zaman yolu var\u201d, &#8211; dey\u0259 Horak izah edir. Ancaq bu n\u00f6qteyi-n\u0259z\u0259rind\u0259n bu sad\u0259c\u0259 Az\u0259rbaycan \u00fc\u00e7\u00fcn unikal v\u0259 ya tipik deyil.<\/p>\n<p><b>Az\u0259rbaycandan nec\u0259 pul \u00e7\u0131xarmaq olar?<br \/>\n<\/b><\/p>\n<p>2012-2014-c\u00fc ill\u0259r aras\u0131nda \u201eDanske Bank\u201c\u0131n Estoniya \u015f\u00f6b\u0259sind\u0259ki bank hesablar\u0131 vasit\u0259si il\u0259 t\u0259xmin\u0259n 3 milyard AB\u015e dollar\u0131 ax\u0131d\u0131l\u0131b. Filial o vaxtdan b\u0259ri b\u00f6y\u00fck miqdarda \u00e7irkli pul yuyulmas\u0131 skandal\u0131na qar\u0131\u015fd\u0131qdan sonra estoniyal\u0131 s\u0259lahiyy\u0259tlil\u0259r t\u0259r\u0259find\u0259n ba\u011flan\u0131b. Bu g\u00fcn bu m\u0259bl\u0259\u011fl\u0259 Baham adalar\u0131nda iki x\u00fcsusi ada ala bil\u0259rsiniz. M\u0259n\u015f\u0259yi bilinm\u0259y\u0259n pullar, Az\u0259rbaycan\u0131n hakim elitas\u0131n\u0131n \u0259ld\u0259 etm\u0259k ist\u0259diyi h\u0259r \u015fey \u00fc\u00e7\u00fcn Britaniyan\u0131n of\u015for \u015firk\u0259tl\u0259ri vasit\u0259sil\u0259 \u00f6t\u00fcr\u00fcl\u00fcrd\u00fc. Bu, Avropa siyas\u0259t\u00e7il\u0259rini onlar\u0131 t\u0259rifl\u0259m\u0259si \u00fc\u00e7\u00fcn veril\u0259n r\u00fc\u015fv\u0259t\u0259 v\u0259 ya bir futbol klubuna, da\u015f\u0131nmaz \u0259mlaka, d\u0259bd\u0259b\u0259li avtomobill\u0259r\u0259 v\u0259 t\u0259till\u0259r\u0259 x\u0259rcl\u0259n\u0259 bil\u0259r. Bu pul \u0259m\u0259liyyatlar\u0131n\u0131 t\u0259sdiql\u0259y\u0259n, s\u0131zd\u0131r\u0131lm\u0131\u015f bank s\u0259n\u0259dl\u0259ri &#8220;Az\u0259rbaycan\u0131n Pulyuyan Ma\u015f\u0131n\u0131&#8221; kimi tan\u0131nma\u011fa ba\u015fland\u0131. H\u00f6kum\u0259t r\u0259smil\u0259rinin, m\u0259s\u0259l\u0259n, bir \u00f6lk\u0259nin Ba\u015f nazir m\u00fcavininin ail\u0259 \u00fczvl\u0259ri v\u0259 ya \u00f6lk\u0259d\u0259 anti-korrupsiya g\u00fcnd\u0259mi il\u0259 m\u0259\u015f\u011ful olan bir \u015f\u0259xsin bank hesab\u0131na b\u00f6y\u00fck m\u0259bl\u0259\u011fl\u0259r daxil olub. \u018fsas\u0259n bir s\u0131ra anonim of\u015for \u015firk\u0259ti t\u0259r\u0259find\u0259n \u201cyuyulan\u201d 3 milyard\u0131n haradan g\u0259ldiyi m\u0259lum deyil. Lakin b\u0259zi izl\u0259r Prezident \u018fliyevin ail\u0259sinin Az\u0259rbaycan M\u0259rk\u0259zi Bank\u0131ndak\u0131 hesablar\u0131na, dig\u0259rl\u0259ri m\u00fcxt\u0259lif nazirlikl\u0259r\u0259 v\u0259 ya Rusiya silah istehsal\u00e7\u0131s\u0131na apar\u0131r. (qeyd: \u0259trafl\u0131 <a href=\"https:\/\/www.occrp.org\/en\/azerbaijanilaundromat\/\">linkd\u0259<\/a>)<\/p>\n<p>Dig\u0259r t\u0259r\u0259fd\u0259n, y\u00fcks\u0259k v\u0259zif\u0259lil\u0259rl\u0259 \u0259laq\u0259l\u0259ri olmayanlar bundan \u0259ziyy\u0259t \u00e7\u0259kirl\u0259r. Bir qayda olaraq, h\u00f6kum\u0259t elitas\u0131n\u0131n d\u00f6vl\u0259t x\u0259zin\u0259sind\u0259n pulu m\u0259nims\u0259diyind\u0259n h\u0259r hans\u0131 bir \u00f6lk\u0259 x\u0259st\u0259xanas\u0131ndak\u0131 xidm\u0259t, t\u0259hsil, rifah kimi dig\u0259r sah\u0259l\u0259rd\u0259 b\u0259rab\u0259rsizlik hiss olunur. Siyas\u0259td\u0259 korrupsiya v\u0259 qa\u00e7aqmal\u00e7\u0131l\u0131q \u0259n\u0259n\u0259l\u0259ri d\u0259 \u00f6n\u0259 \u00e7\u0131x\u0131r. 2017-ci ild\u0259 neft qiym\u0259tl\u0259rinin a\u015fa\u011f\u0131 d\u00fc\u015fm\u0259sil\u0259 yaranan iqtisadi b\u00f6hran Az\u0259rbaycana z\u0259rb\u0259 vuranda Prezident \u018fliyev b\u00fct\u00fcn n\u00f6v m\u00fcxalifl\u0259ri \u00f6nc\u0259kind\u0259n daha \u00e7ox t\u0259qib etm\u0259y\u0259 ba\u015flad\u0131. O, g\u00fcc\u00fcn\u00fc m\u00f6hk\u0259ml\u0259ndirm\u0259k \u00fc\u00e7\u00fcn s\u0259y g\u00f6st\u0259rdi, m\u0259s\u0259l\u0259n, h\u0259yat yolda\u015f\u0131n\u0131 vitse-prezident t\u0259yin ed\u0259r\u0259k onu \u00f6z varisi elan etdi.<\/p>\n<p>\u00d6lk\u0259nin f\u0259rdi v\u0259 siyasi azadl\u0131qlar\u0131 bax\u0131m\u0131ndan, \u201eFreedom House\u201c beyn\u0259lxalq qeyri-h\u00f6kum\u0259t <a href=\"https:\/\/freedomhouse.org\/country\/azerbaijan\/freedom-world\/2020\">t\u0259\u015fkilat\u0131n\u0131n<\/a><br \/>\nverdiyi m\u0259lumata g\u00f6r\u0259, Az\u0259rbaycan \u00e7ox a\u015fa\u011f\u0131 yer tutub. H\u00f6kum\u0259t 2019-cu ild\u0259 onlarla siyasi m\u0259hbusun azad edilm\u0259sin\u0259 icaz\u0259 vers\u0259 d\u0259, ba\u015fqalar\u0131n\u0131 da h\u0259bs edib. Hakimiyy\u0259tin Prezident \u018fliyevin v\u0259 onun ail\u0259sinin \u0259lind\u0259 c\u0259ml\u0259nm\u0259si ciddi problemdir. \u201cAz\u0259rbaycan\u0131n avtoritar rejimind\u0259 g\u00fcc h\u0259l\u0259 d\u0259 b\u00f6y\u00fck \u00f6l\u00e7\u00fcd\u0259 2003-c\u00fc ild\u0259n b\u0259ri prezident olan \u0130lham \u018fliyevin v\u0259 onun ail\u0259sinin \u0259lind\u0259 c\u0259ml\u0259\u015fib. Korrupsiya t\u00fc\u011fyan edir v\u0259 r\u0259smi siyasi m\u00fcxalif\u0259t ill\u0259rdir davam ed\u0259n t\u0259qibl\u0259rl\u0259 z\u0259ifl\u0259dilib. Hakimiyy\u0259tl\u0259r son ill\u0259rd\u0259 v\u0259t\u0259nda\u015f azadl\u0131qlar\u0131na b\u00f6y\u00fck t\u0259zyiq g\u00f6st\u0259rib, m\u00fcst\u0259qil ifad\u0259 azadl\u0131\u011f\u0131 v\u0259 f\u0259aliyy\u0259t \u00fc\u00e7\u00fcn yer qoymay\u0131b\u201d,- dey\u0259 \u201eFreedom House\u201cun D\u00fcnyadak\u0131 Azadl\u0131q haqq\u0131ndak\u0131 2020-ci il hesabat\u0131nda qeyd edilib. \u201eTransparency International\u201c t\u0259\u015fkilat\u0131na g\u00f6r\u0259, Az\u0259rbaycan korrupsiyaya g\u00f6r\u0259 180 \u00f6lk\u0259 aras\u0131nda 129-cu<a href=\"http:\/\/www.transparentency.org\/en\/countries\/azerbaijan\"> yerd\u0259dir<\/a>.<\/p>\n<p>\u201cAz\u0259rbaycan r\u0259smi olaraq bir respublika olsa da, ail\u0259 klan\u0131 m\u00fcnasib\u0259tl\u0259ri il\u0259 idar\u0259 olunur. Prezidentlik postu daha da ir\u0259liy\u0259 ged\u0259r\u0259k irsi v\u0259zif\u0259y\u0259 \u00e7evrilib. Ba\u015fqa s\u00f6zl\u0259, do\u011fru bir ail\u0259d\u0259 do\u011fulmusunuzsa, avtomatik olaraq bir \u00fcst\u00fcnl\u00fck \u0259ld\u0259 edirsiniz\u201d,- dey\u0259 Horak bildirir: \u201cHaz\u0131rki prezident &#8211; h\u0259yat yolda\u015f\u0131 &#8211; hakimiyy\u0259t\u0259 g\u0259l\u0259nd\u0259 b\u00fct\u00fcn Bak\u0131 b\u00f6lg\u0259si ona d\u0259st\u0259k \u00e7\u0131xd\u0131, \u00e7\u00fcnki bura Pa\u015fiyevl\u0259r klan\u0131, Mehriban \u018fliyeva ail\u0259sinin evidir (bural\u0131 hesab olunurlar \u2013 red). Bu hakimiyy\u0259t d\u0259yi\u015fikliyi n\u0259tic\u0259sind\u0259 ke\u00e7mi\u015f ba\u015f nazir v\u0259 \u0259vv\u0259ll\u0259r \u00fcst\u00fcnl\u00fck veril\u0259n Nax\u00e7\u0131van klan\u0131ndan olan bir ne\u00e7\u0259 d\u00f6vl\u0259t m\u0259muru v\u0259zif\u0259l\u0259rind\u0259n azad edildi&#8221;.<\/p>\n<p>S\u0259rh\u0259dsiz Reportyorlar t\u0259r\u0259find\u0259n h\u0259r il d\u0259rc olunan D\u00fcnya M\u0259tbuat Azadl\u0131\u011f\u0131 \u0130ndeksinin 2021-ci il hesabat\u0131nda Az\u0259rbaycan 180 \u00f6lk\u0259 aras\u0131nda 167-ci yeri tutdu. &#8220;2014-c\u00fc ild\u0259 Prezident \u018fliyev m\u00fcst\u0259qil jurnalistikaya m\u00fcharib\u0259 elan etdi&#8221;,- dey\u0259 hesabatda deyilir. &#8220;T\u0259zyiql\u0259r\u0259, \u015fantajlara v\u0259 ya r\u00fc\u015fv\u0259t almayanlar h\u0259bsxanaya <a href=\"https:\/\/rsf.org\/en\/ranking\">g\u00f6nd\u0259rilir&#8221;.<br \/>\n<\/a><\/p>\n<p>Jurnalistl\u0259r h\u0259ddind\u0259n art\u0131q maraql\u0131 olduqda h\u00f6kum\u0259tin n\u0259 q\u0259d\u0259r ir\u0259liy\u0259 ged\u0259 bil\u0259c\u0259yini OCCRP-nin m\u00fcxbiri X\u0259dic\u0259 \u0130smay\u0131lovan\u0131n ya\u015fad\u0131\u011f\u0131 d\u0259h\u015f\u0259tl\u0259rd\u0259n g\u00f6rm\u0259k olar. 2005-ci ild\u0259 h\u0259mkar\u0131 Elmar H\u00fcseynov be\u015f g\u00fcll\u0259 il\u0259 h\u0259mi\u015f\u0259lik susduruldu\u011fu zaman, bir \u00e7ox az\u0259rbaycanl\u0131 jurnalist bir m\u00fcdd\u0259t s\u0259ssiz qald\u0131. Lakin X\u0259dic\u0259 s\u0259ssiz qalmad\u0131, q\u0259tl onu \u018fliyevl\u0259r ail\u0259sinin biznesini daha d\u0259rind\u0259n ara\u015fd\u0131rma\u011fa t\u0259\u015fviq etdi. 2009-cu ild\u0259n b\u0259ri, o, korrupsiya il\u0259 ba\u011fl\u0131 hekay\u0259l\u0259ri v\u0259 hakim ail\u0259nin m\u00fc\u0259mmal\u0131 \u015f\u0259kild\u0259 \u0259ld\u0259 etdiyi m\u00fclkl\u0259ri i\u015f\u0131qland\u0131rmaq \u00fc\u00e7\u00fcn apar\u0131c\u0131 beyn\u0259lxalq media orqan\u0131 il\u0259 \u0259m\u0259kda\u015fl\u0131q edir. Lakin \u0259vv\u0259lc\u0259 d\u00f6vl\u0259t medias\u0131 vasit\u0259sil\u0259 b\u00f6htan at\u0131lmas\u0131, sonra telefonla edil\u0259 \u015fantaj \u015f\u0259klind\u0259 cavab gecikm\u0259di. X\u0259dic\u0259 geri \u00e7\u0259kilm\u0259kd\u0259n imtina etdikd\u0259, m\u0259nzilin\u0259 girildi v\u0259 kameralar yerl\u0259\u015fdirildi. Sevgilisi il\u0259 intim videolar\u0131 qeyd\u0259 al\u0131nd\u0131. Bu, ba\u015fqa bir yerd\u0259 problem olmaya bil\u0259r, ancaq jurnalist m\u00fchafiz\u0259kar bir \u00f6lk\u0259d\u0259 ya\u015fay\u0131r v\u0259 bu adamla evli deyildi. Ard\u0131nca intim fotolar\u0131n yay\u0131mlanmas\u0131 il\u0259 ba\u011fl\u0131 yenid\u0259n t\u0259hdid v\u0259 \u015fantajlar edildi. Lakin X\u0259dic\u0259 t\u0259slim olmad\u0131 v\u0259 bu s\u0259b\u0259bd\u0259n b\u00fct\u00fcn videolar d\u00f6vl\u0259t\u0259 yax\u0131n media qurumlar\u0131 vasit\u0259sil\u0259 yay\u0131mland\u0131. \u0130slami \u0259n\u0259n\u0259y\u0259 g\u00f6r\u0259, nikahdank\u0259nar m\u00fcnasib\u0259t olmas\u0131 onun ail\u0259sinin r\u00fcsvay olmas\u0131na s\u0259b\u0259b oldu v\u0259 \u00f6z qarda\u015f\u0131 onu \u00f6ld\u00fcr\u0259r\u0259k s\u0259hvini d\u00fcz\u0259ltm\u0259y\u0259 q\u0259rar verdi. X\u0259dic\u0259 2014-c\u00fc ild\u0259 h\u0259bs\u0259 girdi v\u0259 yalan ittihamlarla orda \u00fc\u00e7 il yar\u0131m qald\u0131. Beyn\u0259lxalq t\u0259zyiql\u0259rin g\u00fccl\u00fc olmas\u0131 s\u0259b\u0259bil\u0259 o azad edildi v\u0259 h\u0259bs m\u00fcdd\u0259tinin sonuna q\u0259d\u0259r h\u0259bsd\u0259 qalmad\u0131. X\u0259dic\u0259 \u00f6lk\u0259d\u0259ki korrupsiya bar\u0259d\u0259 yazmaqdan he\u00e7 vaxt vaz ke\u00e7m\u0259di.<\/p>\n<p>Tan\u0131nm\u0131\u015f avtoritar, qeyri-demokratik v\u0259 korrupsiyaya qar\u0131\u015fm\u0131\u015f rejim\u0259 baxmayaraq, Az\u0259rbaycan \u00c7ex Respublikas\u0131n\u0131n b\u00fct\u00fcn C\u0259nubi Qafqaz b\u00f6lg\u0259sinin \u0259n \u0259h\u0259miyy\u0259tli, \u0259sas ticar\u0259t t\u0259r\u0259fda\u015f\u0131 olaraq qal\u0131r. Bu \u00f6lk\u0259d\u0259n \u0259sas idxal olunan neftdir. 2020-ci ild\u0259 \u00c7ex Respublikas\u0131na idxal olunan b\u00fct\u00fcn neftin \u00fc\u00e7d\u0259 biri bu \u00f6lk\u0259d\u0259n g\u0259lir. \u00c7exiya Ticar\u0259t Nazirliyin\u0259 g\u00f6r\u0259 Az\u0259rbaycanda onlarla \u015firk\u0259t f\u0259aliyy\u0259t g\u00f6st\u0259rir.<\/p>\n","protected":false},"excerpt":{"rendered":"<p>Par\u0131ldayan h\u0259r \u015fey (q\u0131z\u0131l) demokratiya deyil<\/p>\n","protected":false},"author":11,"featured_media":162354,"comment_status":"closed","ping_status":"open","sticky":false,"template":"","format":"standard","meta":{"_acf_changed":false,"_sitemap_exclude":false,"_sitemap_priority":"","_sitemap_frequency":"","footnotes":""},"categories":[55],"tags":[],"class_list":["post-206773","post","type-post","status-publish","format-standard","has-post-thumbnail","hentry","category-arasdirma","infinite-scroll-item","generate-columns","tablet-grid-50","mobile-grid-100","grid-parent","grid-33","no-featured-image-padding"],"acf":[],"yoast_head":"<!-- This site is optimized with the Yoast SEO plugin v27.4 - https:\/\/yoast.com\/product\/yoast-seo-wordpress\/ -->\n<title>\u00c7exiya d\u0259nizind\u0259ki az\u0259rbaycanl\u0131lar - MEYDAN.TV<\/title>\n<meta name=\"robots\" content=\"index, follow, max-snippet:-1, max-image-preview:large, max-video-preview:-1\" \/>\n<link rel=\"canonical\" href=\"https:\/\/www.meydan.tv\/az\/article\/cexiya-denizindeki-azerbaycanlilar\/\" \/>\n<meta property=\"og:locale\" content=\"az_AZ\" \/>\n<meta property=\"og:type\" content=\"article\" \/>\n<meta property=\"og:title\" content=\"\u00c7exiya d\u0259nizind\u0259ki az\u0259rbaycanl\u0131lar - MEYDAN.TV\" \/>\n<meta property=\"og:description\" content=\"Par\u0131ldayan h\u0259r \u015fey (q\u0131z\u0131l) demokratiya deyil\" \/>\n<meta property=\"og:url\" content=\"https:\/\/www.meydan.tv\/az\/article\/cexiya-denizindeki-azerbaycanlilar\/\" \/>\n<meta property=\"og:site_name\" content=\"MEYDAN.TV\" \/>\n<meta property=\"article:published_time\" content=\"2021-06-17T10:40:53+00:00\" \/>\n<meta property=\"article:modified_time\" content=\"2021-12-08T21:45:10+00:00\" \/>\n<meta property=\"og:image\" content=\"https:\/\/www.meydan.tv\/wp-content\/uploads\/azer1.png\" \/>\n\t<meta property=\"og:image:width\" content=\"1280\" \/>\n\t<meta property=\"og:image:height\" content=\"640\" \/>\n\t<meta property=\"og:image:type\" content=\"image\/png\" \/>\n<meta name=\"author\" content=\"user-manager\" \/>\n<meta name=\"twitter:card\" content=\"summary_large_image\" \/>\n<script type=\"application\/ld+json\" class=\"yoast-schema-graph\">{\"@context\":\"https:\\\/\\\/schema.org\",\"@graph\":[{\"@type\":\"Article\",\"@id\":\"https:\\\/\\\/www.meydan.tv\\\/az\\\/article\\\/cexiya-denizindeki-azerbaycanlilar\\\/#article\",\"isPartOf\":{\"@id\":\"https:\\\/\\\/www.meydan.tv\\\/az\\\/article\\\/cexiya-denizindeki-azerbaycanlilar\\\/\"},\"author\":{\"name\":\"user-manager\",\"@id\":\"https:\\\/\\\/www.meydan.tv\\\/az\\\/#\\\/schema\\\/person\\\/10d11eccf6da3662cf5fdab9806ea91a\"},\"headline\":\"\u00c7exiya d\u0259nizind\u0259ki az\u0259rbaycanl\u0131lar\",\"datePublished\":\"2021-06-17T10:40:53+00:00\",\"dateModified\":\"2021-12-08T21:45:10+00:00\",\"mainEntityOfPage\":{\"@id\":\"https:\\\/\\\/www.meydan.tv\\\/az\\\/article\\\/cexiya-denizindeki-azerbaycanlilar\\\/\"},\"wordCount\":3275,\"publisher\":{\"@id\":\"https:\\\/\\\/www.meydan.tv\\\/az\\\/#organization\"},\"image\":{\"@id\":\"https:\\\/\\\/www.meydan.tv\\\/az\\\/article\\\/cexiya-denizindeki-azerbaycanlilar\\\/#primaryimage\"},\"thumbnailUrl\":\"https:\\\/\\\/www.meydan.tv\\\/wp-content\\\/uploads\\\/azer1.png\",\"articleSection\":[\"Ara\u015fd\u0131rma\"],\"inLanguage\":\"az\"},{\"@type\":\"WebPage\",\"@id\":\"https:\\\/\\\/www.meydan.tv\\\/az\\\/article\\\/cexiya-denizindeki-azerbaycanlilar\\\/\",\"url\":\"https:\\\/\\\/www.meydan.tv\\\/az\\\/article\\\/cexiya-denizindeki-azerbaycanlilar\\\/\",\"name\":\"\u00c7exiya d\u0259nizind\u0259ki az\u0259rbaycanl\u0131lar - MEYDAN.TV\",\"isPartOf\":{\"@id\":\"https:\\\/\\\/www.meydan.tv\\\/az\\\/#website\"},\"primaryImageOfPage\":{\"@id\":\"https:\\\/\\\/www.meydan.tv\\\/az\\\/article\\\/cexiya-denizindeki-azerbaycanlilar\\\/#primaryimage\"},\"image\":{\"@id\":\"https:\\\/\\\/www.meydan.tv\\\/az\\\/article\\\/cexiya-denizindeki-azerbaycanlilar\\\/#primaryimage\"},\"thumbnailUrl\":\"https:\\\/\\\/www.meydan.tv\\\/wp-content\\\/uploads\\\/azer1.png\",\"datePublished\":\"2021-06-17T10:40:53+00:00\",\"dateModified\":\"2021-12-08T21:45:10+00:00\",\"breadcrumb\":{\"@id\":\"https:\\\/\\\/www.meydan.tv\\\/az\\\/article\\\/cexiya-denizindeki-azerbaycanlilar\\\/#breadcrumb\"},\"inLanguage\":\"az\",\"potentialAction\":[{\"@type\":\"ReadAction\",\"target\":[\"https:\\\/\\\/www.meydan.tv\\\/az\\\/article\\\/cexiya-denizindeki-azerbaycanlilar\\\/\"]}]},{\"@type\":\"ImageObject\",\"inLanguage\":\"az\",\"@id\":\"https:\\\/\\\/www.meydan.tv\\\/az\\\/article\\\/cexiya-denizindeki-azerbaycanlilar\\\/#primaryimage\",\"url\":\"https:\\\/\\\/www.meydan.tv\\\/wp-content\\\/uploads\\\/azer1.png\",\"contentUrl\":\"https:\\\/\\\/www.meydan.tv\\\/wp-content\\\/uploads\\\/azer1.png\",\"width\":1280,\"height\":640,\"caption\":\"Source: Lenka Matouskova, investigace.cz\"},{\"@type\":\"BreadcrumbList\",\"@id\":\"https:\\\/\\\/www.meydan.tv\\\/az\\\/article\\\/cexiya-denizindeki-azerbaycanlilar\\\/#breadcrumb\",\"itemListElement\":[{\"@type\":\"ListItem\",\"position\":1,\"name\":\"Ana s\u0259hif\u0259\",\"item\":\"https:\\\/\\\/www.meydan.tv\\\/az\\\/\"},{\"@type\":\"ListItem\",\"position\":2,\"name\":\"Ara\u015fd\u0131rma\",\"item\":\"https:\\\/\\\/www.meydan.tv\\\/az\\\/section\\\/arasdirma\\\/\"},{\"@type\":\"ListItem\",\"position\":3,\"name\":\"\u00c7exiya d\u0259nizind\u0259ki az\u0259rbaycanl\u0131lar\"}]},{\"@type\":\"WebSite\",\"@id\":\"https:\\\/\\\/www.meydan.tv\\\/az\\\/#website\",\"url\":\"https:\\\/\\\/www.meydan.tv\\\/az\\\/\",\"name\":\"MEYDAN.TV\",\"description\":\"Meydan TV Az\u0259rbaycan\u0131n media m\u0259kan\u0131ndak\u0131 alternativ s\u0259sidir\",\"publisher\":{\"@id\":\"https:\\\/\\\/www.meydan.tv\\\/az\\\/#organization\"},\"potentialAction\":[{\"@type\":\"SearchAction\",\"target\":{\"@type\":\"EntryPoint\",\"urlTemplate\":\"https:\\\/\\\/www.meydan.tv\\\/az\\\/?s={search_term_string}\"},\"query-input\":{\"@type\":\"PropertyValueSpecification\",\"valueRequired\":true,\"valueName\":\"search_term_string\"}}],\"inLanguage\":\"az\"},{\"@type\":\"Organization\",\"@id\":\"https:\\\/\\\/www.meydan.tv\\\/az\\\/#organization\",\"name\":\"Meydan TV\",\"url\":\"https:\\\/\\\/www.meydan.tv\\\/az\\\/\",\"logo\":{\"@type\":\"ImageObject\",\"inLanguage\":\"az\",\"@id\":\"https:\\\/\\\/www.meydan.tv\\\/az\\\/#\\\/schema\\\/logo\\\/image\\\/\",\"url\":\"https:\\\/\\\/www.meydan.tv\\\/wp-content\\\/uploads\\\/2021\\\/07\\\/meydan-logo.svg\",\"contentUrl\":\"https:\\\/\\\/www.meydan.tv\\\/wp-content\\\/uploads\\\/2021\\\/07\\\/meydan-logo.svg\",\"width\":195,\"height\":46,\"caption\":\"Meydan TV\"},\"image\":{\"@id\":\"https:\\\/\\\/www.meydan.tv\\\/az\\\/#\\\/schema\\\/logo\\\/image\\\/\"}},{\"@type\":\"Person\",\"@id\":\"https:\\\/\\\/www.meydan.tv\\\/az\\\/#\\\/schema\\\/person\\\/10d11eccf6da3662cf5fdab9806ea91a\",\"name\":\"user-manager\"}]}<\/script>\n<!-- \/ Yoast SEO plugin. -->","yoast_head_json":{"title":"\u00c7exiya d\u0259nizind\u0259ki az\u0259rbaycanl\u0131lar - MEYDAN.TV","robots":{"index":"index","follow":"follow","max-snippet":"max-snippet:-1","max-image-preview":"max-image-preview:large","max-video-preview":"max-video-preview:-1"},"canonical":"https:\/\/www.meydan.tv\/az\/article\/cexiya-denizindeki-azerbaycanlilar\/","og_locale":"az_AZ","og_type":"article","og_title":"\u00c7exiya d\u0259nizind\u0259ki az\u0259rbaycanl\u0131lar - MEYDAN.TV","og_description":"Par\u0131ldayan h\u0259r \u015fey (q\u0131z\u0131l) demokratiya deyil","og_url":"https:\/\/www.meydan.tv\/az\/article\/cexiya-denizindeki-azerbaycanlilar\/","og_site_name":"MEYDAN.TV","article_published_time":"2021-06-17T10:40:53+00:00","article_modified_time":"2021-12-08T21:45:10+00:00","og_image":[{"width":1280,"height":640,"url":"https:\/\/www.meydan.tv\/wp-content\/uploads\/azer1.png","type":"image\/png"}],"author":"user-manager","twitter_card":"summary_large_image","schema":{"@context":"https:\/\/schema.org","@graph":[{"@type":"Article","@id":"https:\/\/www.meydan.tv\/az\/article\/cexiya-denizindeki-azerbaycanlilar\/#article","isPartOf":{"@id":"https:\/\/www.meydan.tv\/az\/article\/cexiya-denizindeki-azerbaycanlilar\/"},"author":{"name":"user-manager","@id":"https:\/\/www.meydan.tv\/az\/#\/schema\/person\/10d11eccf6da3662cf5fdab9806ea91a"},"headline":"\u00c7exiya d\u0259nizind\u0259ki az\u0259rbaycanl\u0131lar","datePublished":"2021-06-17T10:40:53+00:00","dateModified":"2021-12-08T21:45:10+00:00","mainEntityOfPage":{"@id":"https:\/\/www.meydan.tv\/az\/article\/cexiya-denizindeki-azerbaycanlilar\/"},"wordCount":3275,"publisher":{"@id":"https:\/\/www.meydan.tv\/az\/#organization"},"image":{"@id":"https:\/\/www.meydan.tv\/az\/article\/cexiya-denizindeki-azerbaycanlilar\/#primaryimage"},"thumbnailUrl":"https:\/\/www.meydan.tv\/wp-content\/uploads\/azer1.png","articleSection":["Ara\u015fd\u0131rma"],"inLanguage":"az"},{"@type":"WebPage","@id":"https:\/\/www.meydan.tv\/az\/article\/cexiya-denizindeki-azerbaycanlilar\/","url":"https:\/\/www.meydan.tv\/az\/article\/cexiya-denizindeki-azerbaycanlilar\/","name":"\u00c7exiya d\u0259nizind\u0259ki az\u0259rbaycanl\u0131lar - MEYDAN.TV","isPartOf":{"@id":"https:\/\/www.meydan.tv\/az\/#website"},"primaryImageOfPage":{"@id":"https:\/\/www.meydan.tv\/az\/article\/cexiya-denizindeki-azerbaycanlilar\/#primaryimage"},"image":{"@id":"https:\/\/www.meydan.tv\/az\/article\/cexiya-denizindeki-azerbaycanlilar\/#primaryimage"},"thumbnailUrl":"https:\/\/www.meydan.tv\/wp-content\/uploads\/azer1.png","datePublished":"2021-06-17T10:40:53+00:00","dateModified":"2021-12-08T21:45:10+00:00","breadcrumb":{"@id":"https:\/\/www.meydan.tv\/az\/article\/cexiya-denizindeki-azerbaycanlilar\/#breadcrumb"},"inLanguage":"az","potentialAction":[{"@type":"ReadAction","target":["https:\/\/www.meydan.tv\/az\/article\/cexiya-denizindeki-azerbaycanlilar\/"]}]},{"@type":"ImageObject","inLanguage":"az","@id":"https:\/\/www.meydan.tv\/az\/article\/cexiya-denizindeki-azerbaycanlilar\/#primaryimage","url":"https:\/\/www.meydan.tv\/wp-content\/uploads\/azer1.png","contentUrl":"https:\/\/www.meydan.tv\/wp-content\/uploads\/azer1.png","width":1280,"height":640,"caption":"Source: Lenka Matouskova, investigace.cz"},{"@type":"BreadcrumbList","@id":"https:\/\/www.meydan.tv\/az\/article\/cexiya-denizindeki-azerbaycanlilar\/#breadcrumb","itemListElement":[{"@type":"ListItem","position":1,"name":"Ana s\u0259hif\u0259","item":"https:\/\/www.meydan.tv\/az\/"},{"@type":"ListItem","position":2,"name":"Ara\u015fd\u0131rma","item":"https:\/\/www.meydan.tv\/az\/section\/arasdirma\/"},{"@type":"ListItem","position":3,"name":"\u00c7exiya d\u0259nizind\u0259ki az\u0259rbaycanl\u0131lar"}]},{"@type":"WebSite","@id":"https:\/\/www.meydan.tv\/az\/#website","url":"https:\/\/www.meydan.tv\/az\/","name":"MEYDAN.TV","description":"Meydan TV Az\u0259rbaycan\u0131n media m\u0259kan\u0131ndak\u0131 alternativ s\u0259sidir","publisher":{"@id":"https:\/\/www.meydan.tv\/az\/#organization"},"potentialAction":[{"@type":"SearchAction","target":{"@type":"EntryPoint","urlTemplate":"https:\/\/www.meydan.tv\/az\/?s={search_term_string}"},"query-input":{"@type":"PropertyValueSpecification","valueRequired":true,"valueName":"search_term_string"}}],"inLanguage":"az"},{"@type":"Organization","@id":"https:\/\/www.meydan.tv\/az\/#organization","name":"Meydan TV","url":"https:\/\/www.meydan.tv\/az\/","logo":{"@type":"ImageObject","inLanguage":"az","@id":"https:\/\/www.meydan.tv\/az\/#\/schema\/logo\/image\/","url":"https:\/\/www.meydan.tv\/wp-content\/uploads\/2021\/07\/meydan-logo.svg","contentUrl":"https:\/\/www.meydan.tv\/wp-content\/uploads\/2021\/07\/meydan-logo.svg","width":195,"height":46,"caption":"Meydan TV"},"image":{"@id":"https:\/\/www.meydan.tv\/az\/#\/schema\/logo\/image\/"}},{"@type":"Person","@id":"https:\/\/www.meydan.tv\/az\/#\/schema\/person\/10d11eccf6da3662cf5fdab9806ea91a","name":"user-manager"}]}},"_links":{"self":[{"href":"https:\/\/www.meydan.tv\/az\/wp-json\/wp\/v2\/posts\/206773","targetHints":{"allow":["GET"]}}],"collection":[{"href":"https:\/\/www.meydan.tv\/az\/wp-json\/wp\/v2\/posts"}],"about":[{"href":"https:\/\/www.meydan.tv\/az\/wp-json\/wp\/v2\/types\/post"}],"author":[{"embeddable":true,"href":"https:\/\/www.meydan.tv\/az\/wp-json\/wp\/v2\/users\/11"}],"replies":[{"embeddable":true,"href":"https:\/\/www.meydan.tv\/az\/wp-json\/wp\/v2\/comments?post=206773"}],"version-history":[{"count":1,"href":"https:\/\/www.meydan.tv\/az\/wp-json\/wp\/v2\/posts\/206773\/revisions"}],"predecessor-version":[{"id":228808,"href":"https:\/\/www.meydan.tv\/az\/wp-json\/wp\/v2\/posts\/206773\/revisions\/228808"}],"wp:featuredmedia":[{"embeddable":true,"href":"https:\/\/www.meydan.tv\/az\/wp-json\/wp\/v2\/media\/162354"}],"wp:attachment":[{"href":"https:\/\/www.meydan.tv\/az\/wp-json\/wp\/v2\/media?parent=206773"}],"wp:term":[{"taxonomy":"category","embeddable":true,"href":"https:\/\/www.meydan.tv\/az\/wp-json\/wp\/v2\/categories?post=206773"},{"taxonomy":"post_tag","embeddable":true,"href":"https:\/\/www.meydan.tv\/az\/wp-json\/wp\/v2\/tags?post=206773"}],"curies":[{"name":"wp","href":"https:\/\/api.w.org\/{rel}","templated":true}]}}