{"id":206770,"date":"2021-06-16T19:55:55","date_gmt":"2021-06-16T19:55:55","guid":{"rendered":"https:\/\/www.meydan.tv\/article\/niyazi-mehdi-azerbaycani-pul-duzeldecek\/"},"modified":"2021-06-16T19:55:55","modified_gmt":"2021-06-16T19:55:55","slug":"niyazi-mehdi-azerbaycani-pul-duzeldecek","status":"publish","type":"post","link":"https:\/\/www.meydan.tv\/az\/article\/niyazi-mehdi-azerbaycani-pul-duzeldecek\/","title":{"rendered":"Niyazi Mehdi: Az\u0259rbaycan\u0131 pul d\u00fcz\u0259ld\u0259c\u0259k"},"content":{"rendered":"<figure class=\"wp-block-embed is-type-video is-provider-youtube wp-block-embed-youtube wp-embed-aspect-16-9 wp-has-aspect-ratio\">\n<div class=\"wp-block-embed__wrapper\">\n    <iframe\ttitle=\"Niyazi Mehdi: Az\u0259rbaycan\u0131 pul d\u00fcz\u0259ld\u0259c\u0259k\" width=\"1200\" height=\"675\" data-src=\"https:\/\/www.youtube.com\/embed\/mft6CLoPuvo\"\tframeborder=\"0\"\tallow=\"accelerometer; autoplay; clipboard-write; encrypted-media; gyroscope; picture-in-picture\" allowfullscreen src=\"data:image\/svg+xml;base64,PHN2ZyB3aWR0aD0iMSIgaGVpZ2h0PSIxIiB4bWxucz0iaHR0cDovL3d3dy53My5vcmcvMjAwMC9zdmciPjwvc3ZnPg==\" class=\"lazyload\" data-load-mode=\"1\"><\/iframe>\n  <\/div><figcaption>\n    Niyazi Mehdi: Az\u0259rbaycan\u0131 pul d\u00fcz\u0259ld\u0259c\u0259k<br \/>\n  <\/figcaption><\/figure>\n<p>\n  <i><br \/>\n    \u201cHakimiyy\u0259t d\u0259, m\u00fcxalif\u0259t d\u0259 d\u00fc\u015f\u00fcnm\u0259 paradiqmalar\u0131n\u0131 d\u0259yi\u015fm\u0259lidirl\u0259r\u201d<br \/>\n  <\/i>\n<\/p>\n<p>\n  <b><br \/>\n    2020-ci ilin sentyabr\u0131nda ba\u015flanan v\u0259 44 g\u00fcn davam ed\u0259n II Qaraba\u011f sava\u015f\u0131 n\u0259tic\u0259sind\u0259 Az\u0259rbaycan\u0131n 30 il\u0259 yax\u0131n i\u015f\u011falda qalan \u0259razil\u0259rinin \u0259ks\u0259r hiss\u0259si azad edildi. Bu d\u00f6vrd\u0259 Az\u0259rbaycan daxilind\u0259 v\u0259 xaricind\u0259 m\u00fcharib\u0259nin \u0259leyhin\u0259 olanlar da var idi.<br \/>\n  <\/b>\n<\/p>\n<p>\n  <b><br \/>\n    Bu bax\u0131mdan professor Niyazi Mehdiyl\u0259 s\u00f6hb\u0259timizi m\u00fcharib\u0259 v\u0259 humanizm kontekstind\u0259 qurduq.<br \/>\n  <\/b>\n<\/p>\n<p>\n  &#8211;<br \/>\n  <i><br \/>\n    Niyazi m\u00fc\u0259llim, b\u0259\u015f\u0259rin tarixi boyu yaratd\u0131\u011f\u0131 f\u0259ls\u0259fi-dini-\u0259d\u0259bi v\u0259 siyasi d\u00fcnyag\u00f6r\u00fc\u015f\u00fc bir q\u0259d\u0259r ara\u015fd\u0131rd\u0131qda m\u00fcharib\u0259 bar\u0259d\u0259 m\u00fcsb\u0259t yana\u015fmalar\u0131n az olmad\u0131\u011f\u0131 g\u00f6r\u00fcn\u00fcr. \u018fd\u0259biyyat\u0131n qap\u0131s\u0131 say\u0131lan Homerin \u201c\u0130lliadas\u0131\u201d sava\u015f romantikas\u0131d\u0131r, yaxud Sokrat m\u00fcharib\u0259d\u0259 i\u015ftirak edib, Platonun \u201cD\u00f6vl\u0259t\u201d \u0259s\u0259rind\u0259 d\u00f6y\u00fc\u015f\u00e7\u00fcl\u0259r ayr\u0131ca kasta idi. Bir az pasifizm xristianl\u0131qda yaran\u0131r, amma \u201c1 \u00fcz\u00fcn\u0259 sill\u0259 vursalar, o biri \u00fcz\u00fcn\u00fc \u00e7evir\u201d s\u00f6yl\u0259y\u0259n \u0130sa \u201cq\u0131l\u0131ncla g\u0259l\u0259n q\u0131l\u0131ncdan da \u00f6l\u0259c\u0259k\u201d fikrini d\u0259 s\u0259sl\u0259ndirib. XVI \u0259srd\u0259 &quot;humanistl\u0259rin \u015fahzad\u0259si&quot; say\u0131lan Rotterdaml\u0131 Erazm m\u00fcharib\u0259ni l\u0259n\u0259tl\u0259y\u0259n esse yazd\u0131. Ancaq XIX \u0259sd\u0259 H\u00fcqo kimi yaz\u0131\u00e7\u0131 Misiri i\u015f\u011fal ed\u0259n Napoleonu \u201cNil g\u00fcn\u0259\u015fi\u201d adland\u0131rd\u0131. N\u0259hay\u0259t, Haydeger gettolar yaradan nasional-sosializml\u0259rl\u0259 bir s\u0131rada dayand\u0131. Niy\u0259 bunlar\u0131 xat\u0131rlad\u0131m, Az\u0259rbaycan daxilind\u0259 v\u0259 xaricind\u0259 44 g\u00fcnd\u0259 sava\u015f\u0131n \u0259leyhin\u0259 \u00e7\u0131xanlar da oldu. Bu \u0259ks yana\u015fmalar\u0131 filosof buca\u011f\u0131ndan nec\u0259 qiym\u0259tl\u0259ndirirsiniz?<br \/>\n  <\/i>\n<\/p>\n<p>\n  &#8211; O q\u0259d\u0259r a\u011f\u0131ll\u0131 yana\u015fmalar deyildi. \u00dcmumiyy\u0259tl\u0259, m\u0259nim sevm\u0259diyim bir \u015feydir ki, d\u0259f\u0259l\u0259rl\u0259 dialoq bar\u0259d\u0259 dan\u0131\u015f\u0131ld\u0131, n\u0259tic\u0259d\u0259 o q\u0259d\u0259r \u00e7eyn\u0259nildi ki, ifad\u0259ni anlamaq olmad\u0131. B\u0259li, real olaraq problemin h\u0259lli il\u0259 ba\u011fl\u0131 v\u0259ziyy\u0259t yaransayd\u0131, d\u0259h\u015f\u0259tli olard\u0131, \u00e7\u00fcnki onda n\u0259 q\u0259d\u0259r maliyy\u0259 v\u0259saiti q\u0259na\u0259t olunacaqd\u0131. Dialoq n\u0259 dem\u0259kdir, m\u0259n s\u0259n\u0259 n\u0259 ver\u0259c\u0259m, \u0259v\u0259zind\u0259 s\u0259n n\u0259 ver\u0259c\u0259ks\u0259n, sonda el\u0259 bir \u015fey tap\u0131lacaq ki, b\u00fct\u00fcn t\u0259r\u0259fl\u0259r\u0259 s\u0259rf\u0259li olsun. Ham\u0131ya s\u0259rf\u0259li olsun, maksimum s\u0259rf\u0259li olmaq deyil, ham\u0131ya s\u0259rf\u0259li lap b\u00f6y\u00fck ziyandan geri qay\u0131tmaq dem\u0259kdir. Bu m\u0259nada Az\u0259rbaycana xitab\u0259n dey\u0259nd\u0259 ki, problemi s\u00fclh yoluyla h\u0259ll etm\u0259k laz\u0131md\u0131r, bunlar di\u015fsiz s\u00f6zl\u0259r idi. Q\u0259rb d\u0259, Rusiya da bu bar\u0259d\u0259 dan\u0131\u015f\u0131rd\u0131, ham\u0131s\u0131 benefisia idi, ancaq yax\u015f\u0131 ki, T\u00fcrkiy\u0259 demirdi. M\u0259n d\u0259 s\u00fclh yolunu q\u0259bul etm\u0259y\u0259 m\u0259cbur idim, \u00e7\u00fcnki Az\u0259rbaycan\u0131n hans\u0131 v\u0259ziyy\u0259t\u0259 haz\u0131r oldu\u011funu bilmirdim. Q\u0259rib\u0259 v\u0259ziyy\u0259tdir, h\u0259r halda Az\u0259rbaycanda bilgili adamlar s\u0131ras\u0131nda sonuncu yerd\u0259 deyil\u0259m, amma ordusunun v\u0259 Prezidentinin bu i\u015fl\u0259ri g\u00f6r\u0259 bil\u0259c\u0259yi m\u0259nim \u00fc\u00e7\u00fcn fantastik d\u0259r\u0259c\u0259d\u0259 m\u00fcmk\u00fcn g\u00f6r\u00fcnm\u00fcrd\u00fc. Onun \u00fc\u00e7\u00fcn mat qald\u0131m. 2016-c\u0131 ilin aprel d\u00f6y\u00fc\u015fl\u0259rdind\u0259 d\u0259 bilmirdim ki, Az\u0259rbaycan ordusu q\u0259l\u0259b\u0259 \u00e7al\u0131b, yoxsa nec\u0259?! T\u0259bli\u011fat da s\u00fcbut ed\u0259 bilmirdi. Ancaq Q\u0259rb v\u0259 Rusiya h\u0259r iki t\u0259r\u0259fi masa arxas\u0131nda m\u0259cbur oturda bils\u0259ydi, ba\u015fqa s\u00f6hb\u0259t. Onlar \u00fc\u00e7\u00fcn \u0259n u\u011furlu variant n\u0259 idi, erm\u0259nil\u0259r Qaraba\u011fda muxtariyyat al\u0131r, buna m\u0259d\u0259ni muxtariyyat, yaxud ba\u015fqa ad qoyurlar, ist\u0259nil\u0259n vaxt da Erm\u0259nistana getsinl\u0259r. Da\u015f\u0131n alt\u0131ndan bir \u015fey tapanda da bunu q\u0259dim erm\u0259ni abid\u0259si kimi t\u0259qdim etsinl\u0259r. Dan\u0131\u015f\u0131qlarla bunlar\u0131 etm\u0259k olard\u0131.\n<\/p>\n<p>\n  <i><br \/>\n    &#8211; Qay\u0131daq 27 sentyabrdan \u0259vv\u0259l\u0259, s\u00fclh yolu il\u0259 \u0259razil\u0259rin qaytar\u0131lmas\u0131 n\u0259 d\u0259r\u0259c\u0259d\u0259 real g\u00f6r\u00fcn\u00fcrd\u00fc?<br \/>\n  <\/i>\n<\/p>\n<p>\n  &#8211; Real g\u00f6r\u00fcnm\u00fcrd\u00fc. 1998-ci ild\u0259 bu bar\u0259d\u0259 m\u0259qal\u0259 yazm\u0131\u015fd\u0131m, indi d\u0259 f\u0259xr edir\u0259m, \u0259vv\u0259l \u201cYeni M\u00fcsavat\u201dda, sonra \u0130taliyada d\u0259rc olundu. M\u0259qal\u0259 \u201cAnomal avtonomiya\u201d adlan\u0131rd\u0131. H\u0259l\u0259 o vaxt deyirdim ki, m\u0259s\u0259l\u0259 uzun zamandan sonra h\u0259ll olunacaq. M\u0259n\u0259 pis t\u0259sir edirdi, utan\u0131rd\u0131m, az\u0259rbaycanl\u0131lar toylarda tost dey\u0259nd\u0259 ki, g\u0259l\u0259n il \u015eu\u015fada ke\u00e7ir\u0259k, yer\u0259 girirdim bunlar\u0131 e\u015fid\u0259nd\u0259. G\u00f6zl\u0259mirdim ki, 44 g\u00fcn\u0259 bel\u0259 bir m\u00f6c\u00fcz\u0259 olacaq, onun \u00fc\u00e7\u00fcn m\u0259nd\u0259 bir partlay\u0131\u015f oldu. A\u00e7\u0131q dey\u0259c\u0259m, d\u00fcnyag\u00f6r\u00fc\u015f\u00fcmd\u0259 xeyli z\u0259lz\u0259l\u0259 yarand\u0131. Bilirsiniz ki, Rusiyada vicdanl\u0131 ziyal\u0131lar \u0259z\u0259ld\u0259n anti-hakimiyy\u0259t olublar. \u0130ndi bu anti-hakimiyy\u0259t m\u0259s\u0259l\u0259si bizim d\u0259 x\u0259mirimizd\u0259 vard\u0131. Ax\u0131 n\u0259 vaxt yax\u015f\u0131 hakimiyy\u0259ti g\u00f6rm\u00fc\u015f\u00fck? Onun \u00fc\u00e7\u00fcn d\u0259 bird\u0259n-bir\u0259 \u0130lham \u018fliyev\u0259 valeh olma\u011f\u0131m&#8230; \u0130ndi bunu inki\u015faf etdirm\u0259y\u0259c\u0259m, \u00e7\u00fcnki utan\u0131ram v\u0259 sevmir\u0259m bel\u0259 \u015feyl\u0259ri dem\u0259y\u0259. M\u0259n Az\u0259rbaycanda m\u00fcxalif\u0259tin laz\u0131m oldu\u011funu bilir\u0259m, amma hakimiyy\u0259t d\u0259, m\u00fcxalif\u0259t d\u0259 d\u00fc\u015f\u00fcnm\u0259 paradiqmalar\u0131n\u0131 d\u0259yi\u015fm\u0259lidirl\u0259r. Ad\u0259t\u0259n, nec\u0259 olur, m\u00fcxalif\u0259t hidd\u0259tl\u0259nir, vicdan\u0131n s\u0259si kimi, bundan \u00e7\u0259kinm\u0259lidir, d\u00fc\u015f\u00fcnc\u0259li dialoqlar olmal\u0131d\u0131r. M\u00fcharib\u0259 bizim ham\u0131m\u0131z \u00fc\u00e7\u00fcn s\u00fcrpriz oldu. Dostlar\u0131m var, filosoflar, politoloqlar, ham\u0131s\u0131 \u00e7a\u015fq\u0131nd\u0131rlar, \u0130lham \u018fliyev bizim \u00fc\u00e7\u00fcn m\u00f6c\u00fcz\u0259 g\u00f6st\u0259rdi.\n<\/p>\n<p>\n  &#8211;<br \/>\n  <i><br \/>\n    10 noyabr sazi\u015fi \u0259sas\u0131nda 30 ildir davam ed\u0259n m\u00fcharib\u0259nin bitdiyini iddia etm\u0259k olarm\u0131?<br \/>\n  <\/i>\n<\/p>\n<p>\n  &#8211; B\u0259li. D\u00fczd\u00fcr, erm\u0259nil\u0259rd\u0259 revan\u015fist q\u00fcvv\u0259l\u0259r var, amma v\u0259ziyy\u0259t f\u0259rqlidir, bundan sonra g\u0259r\u0259k onlar Az\u0259rbaycana h\u00fccum etm\u0259lidirl\u0259r, y\u0259ni bir d\u00f6vl\u0259td\u0259n o birin\u0259 h\u00fccum olmal\u0131d\u0131r. Bunun arxas\u0131nda dayanmaq olarm\u0131? 27 sentyabra q\u0259d\u0259r f\u0259rqli m\u0259nz\u0259r\u0259ydi, deyirdil\u0259r ki, Da\u011fl\u0131q Qaraba\u011f erm\u0259nil\u0259ri vuru\u015fur, onlara aidiyyat\u0131 yoxdur. \u0130ndi Da\u011fl\u0131q Qaraba\u011f da yoxdur, h\u0259min spekulyasiyan\u0131 etm\u0259k m\u00fcmk\u00fcn deyil. Bu m\u0259nada revan\u015fizm m\u00fcmk\u00fcns\u00fczd\u00fcr, m\u0259nc\u0259, m\u00fcharib\u0259 bitdi, \u0259g\u0259r d\u00fcnyada m\u00f6c\u00fcz\u0259vi d\u0259yi\u015fiklikl\u0259r olmasa. Eyni zamanda, 44 g\u00fcn ba\u015fqa bir \u015feyi g\u00f6st\u0259rdi, siyas\u0259td\u0259 s\u0259hv etm\u0259k yeriy\u0259nd\u0259 b\u00fcdr\u0259m\u0259k kimi bir \u015fey deyil. H\u0259r d\u00f6vl\u0259tin k\u0259\u015ffiyyat\u0131, x\u00fcsusi xidm\u0259t orqanlar\u0131 var, bu bax\u0131mdan siyas\u0259td\u0259 s\u0259hv etm\u0259k \u0259vv\u0259lc\u0259d\u0259n kombinasiyan\u0131 d\u00fczg\u00fcn qurmamaq m\u0259s\u0259l\u0259sidir. Normal erm\u0259nil\u0259r d\u00fc\u015f\u00fcn\u00fcm\u0259liydil\u0259r: Az\u0259rbaycan \u0259halisinin say\u0131, co\u011frafiyas\u0131, \u0259razisinin b\u00f6y\u00fckl\u00fcy\u00fc, neft amili v\u0259 xalq\u0131n x\u00fcsusiyy\u0259tl\u0259ri, eyni zamanda, \u00f6zl\u0259rinin \u0259hali say\u0131, \u0259razi, iqtisadi, t\u0259bii s\u0259rv\u0259t amili, xalq\u0131n x\u00fcsusiyy\u0259tl\u0259ri paralel \u015f\u0259kild\u0259 g\u00f6t\u00fcr\u00fclm\u0259liydi. Y\u0259ni b\u00fct\u00fcn sadalad\u0131qlar\u0131m\u0131 g\u00f6t\u00fcr\u00fcb n\u0259 vaxtsa bu m\u0259s\u0259l\u0259 44 g\u00fcnd\u0259 oldu\u011fu kimi bit\u0259c\u0259k. H\u0259l\u0259 \u0130sve\u00e7d\u0259 konfranslar\u0131n birind\u0259 Erm\u0259nistan parlamentinin deputat\u0131 Arutunyana demi\u015fdim ki, a\u011fl\u0131n\u0131z olsayd\u0131, Az\u0259rbaycanda qalard\u0131n\u0131z, onsuz da ciddi postlardayd\u0131n\u0131z, xarici \u0259laq\u0259l\u0259rd\u0259n istifad\u0259 edib yerinizi daha da art\u0131rayd\u0131n\u0131z. H\u0259tta bu geti\u015fatla Az\u0259rbaycanda prezident se\u00e7kil\u0259rin\u0259 d\u0259 t\u0259sir g\u00f6st\u0259r\u0259 bil\u0259rdiniz. Ancaq y\u0259hudil\u0259r bu variant\u0131 g\u00f6t\u00fcrm\u0259di, n\u0259tic\u0259d\u0259 h\u0259r yerd\u0259 qal\u0131blar. Arutunyan\u0131n bu s\u00f6hb\u0259td\u0259n sonra sif\u0259ti d\u0259yi\u015fdi. El\u0259 m\u00fcharib\u0259 bit\u0259nd\u0259n sonra \u00f6zl\u0259rinin m\u00fcxalif\u0259t liderl\u0259rind\u0259n biri dedi ki, a\u011f\u0131llar\u0131 olmad\u0131, az\u0259rbaycanl\u0131lar\u0131 \u0259s\u0259bl\u0259\u015fdirm\u0259k laz\u0131m deyildi. \u018flb\u0259tt\u0259, m\u00fcst\u0259qil Az\u0259rbaycan sovet Az\u0259rbaycan\u0131n f\u0259rqli olacaqd\u0131, erm\u0259nil\u0259rin burda at \u00e7apmas\u0131 \u00e7\u0259tin olard\u0131. Amma Sinqapurda, \u0130ndoneziyada \u00e7inlil\u0259r i\u015f quran kimi erm\u0259nil\u0259r d\u0259 bunu edib yax\u015f\u0131 dolan\u0131\u015f\u0131q \u0259ld\u0259 ed\u0259rdil\u0259r. C\u0259nubi Qafqazda \u0259razisi ki\u00e7ik, \u0259halisi az olan \u00f6lk\u0259 olasan, T\u00fcrkiy\u0259y\u0259, G\u00fcrc\u00fcstana v\u0259 Az\u0259rbaycana \u0259razi iddialar\u0131 ir\u0259li s\u00fcr\u0259s\u0259n. Buna hans\u0131 \u0259saslar\u0131 var?!\n<\/p>\n<p>\n  <i><br \/>\n    &#8211; Qaraba\u011fda erm\u0259nil\u0259r ya\u015fay\u0131r, bel\u0259 olduqda g\u0259l\u0259c\u0259kd\u0259 iki xalq\u0131n birg\u0259 ya\u015fay\u0131\u015f\u0131n\u0131 hans\u0131 \u015f\u0259rtl\u0259r \u0259sas\u0131nda g\u00f6r\u00fcrs\u00fcn\u00fcz?<br \/>\n  <\/i>\n<\/p>\n<p>\n  &#8211; D\u00fcnyada bir-birin\u0259 nifr\u0259t ed\u0259n xalqlar\u0131n birg\u0259 ya\u015famas\u0131 var, el\u0259 Avropan\u0131 misal \u00e7\u0259km\u0259k olar. El\u0259 probleml\u0259r var ki, bird\u0259f\u0259lik h\u0259ll olunur, el\u0259si d\u0259 var \u0259b\u0259di h\u0259ll olunan probleml\u0259rdir. Az\u0259rbaycanl\u0131larla erm\u0259nil\u0259rin, yaxud erm\u0259nil\u0259rl\u0259 t\u00fcrkl\u0259rin probleml\u0259ri \u0259b\u0259di h\u0259ll olunan probleml\u0259rdir. Y\u0259ni h\u0259r \u00fc\u00e7 t\u0259r\u0259f problemi h\u0259ll etm\u0259k ist\u0259yirs\u0259, \u00e7al\u0131\u015fmal\u0131d\u0131r. Ancaq bizd\u0259 marksizmin t\u0259siri alt\u0131nda \u201cyax\u015f\u0131 xalq, pis xalq yoxdur\u201d m\u0259s\u0259l\u0259si vard\u0131, \u0259slind\u0259, o c\u00fcr deyil. Xalqlar\u0131n i\u00e7ind\u0259 al\u00e7aql\u0131q, yaramazl\u0131q v\u0259 yax\u015f\u0131l\u0131q potensial\u0131 da var. El\u0259 ona g\u00f6r\u0259 d\u0259 Hantinqon deyirdi ki, indiki konfliktl\u0259rin \u0259sas\u0131nda sivilizasiya, m\u0259d\u0259niyy\u0259t dayan\u0131r. M\u0259n d\u0259 Tiflisd\u0259 erm\u0259nil\u0259rin i\u015ftirak etdiyi konfransda demi\u015fdim ki, mill\u0259tin d\u00fc\u015fm\u0259n\u00e7ilik potensial\u0131 da, dostluq potensial\u0131 da var. \u0130ndi bax\u0131r, hans\u0131n\u0131 \u015fi\u015firdirs\u0259n. M\u0259lum olur ki, erm\u0259nil\u0259rin daxilind\u0259 t\u00fcrkl\u0259r\u0259 qar\u015f\u0131 d\u00fc\u015fm\u0259n\u00e7ilik potensial\u0131n\u0131 o q\u0259d\u0259r \u015fi\u015firdibl\u0259r ki, onlar bizim \u00fc\u00e7\u00fcn axmaq bir mill\u0259t olub.\n<\/p>\n<p>\n  &#8211;<br \/>\n  <i><br \/>\n    Kim \u015fi\u015firdib?<br \/>\n  <\/i>\n<\/p>\n<p>\n  &#8211; El\u0259 \u00f6zl\u0259rinin aktivistl\u0259ri, a\u011fll\u0131 adamlar\u0131 v\u0259 bu adamlar\u0131n nifr\u0259t\u0259 bu q\u0259d\u0259r k\u00f6kl\u0259nm\u0259l\u0259rini g\u00f6r\u0259nd\u0259, a\u011f\u0131ll\u0131 olmad\u0131qlar\u0131 m\u0259lum olur. F\u0259ls\u0259f\u0259ni g\u00f6t\u00fcrd\u00fckd\u0259, intektuallar\u0131 terminl\u0259rl\u0259 dan\u0131\u015fma\u011f\u0131 \u00e7ox sevirl\u0259r, amma bu, daha \u00e7ox termin oyunbazl\u0131\u011f\u0131 idi, n\u0259inki d\u0259rin a\u011f\u0131l. Siyasil\u0259rini dinl\u0259y\u0259nd\u0259, adam\u0131n \u0259ti t\u00f6k\u00fcl\u00fcr.\n<\/p>\n<p>\n  <i><br \/>\n    &#8211; \u0130ki xalq\u0131n m\u00fcnasib\u0259tl\u0259rinin inki\u015faf\u0131nda xarici amilin, konkret olaraq, Rusiya v\u0259 Q\u0259rbin t\u0259sirinin m\u00fcsb\u0259t, yoxsa m\u0259nfi y\u00fck\u00fc daha \u00e7oxdur?<br \/>\n  <\/i>\n<\/p>\n<p>\n  &#8211; \u0130kisinin d\u0259 m\u00fcsb\u0259t t\u0259r\u0259fi azd\u0131r. \u00c7\u00fcnki Rusiya v\u0259 Q\u0259rb d\u0259 erm\u0259nil\u0259ri \u0259rk\u00f6y\u00fcnl\u0259\u015fdirib. Yaz\u0131q g\u00fcrc\u00fcl\u0259ri bu q\u0259d\u0259r \u0259rk\u00f6y\u00fcnl\u0259\u015fdirm\u0259yibl\u0259r. M\u0259n bilmir\u0259m erm\u0259nil\u0259rin hans\u0131 xidm\u0259tl\u0259ri olub ki, bu q\u0259d\u0259r \u0259rk\u00f6n\u00fcyl\u0259\u015fdiribl\u0259r. T\u00fcrkiy\u0259d\u0259 ya\u015fayan yunanlar\u0131 v\u0259 erm\u0259nil\u0259r g\u00f6t\u00fcr\u0259k, n\u0259y\u0259 g\u00f6r\u0259 yunan s\u00f6zl\u0259ri t\u00fcrk v\u0259 \u0259r\u0259b dilind\u0259 var, erm\u0259ni s\u00f6zl\u0259ri yoxdur? \u018fg\u0259r yoxdursa, dem\u0259li, m\u0259d\u0259niyy\u0259t bax\u0131m\u0131ndan t\u0259sirl\u0259ri olmay\u0131b. Ona g\u00f6r\u0259 ba\u015fqa xalqlardan g\u00f6t\u00fcr\u00fcb \u00f6z\u00fcn\u00fcnk\u00fc olduqlar\u0131n\u0131 deyirl\u0259r v\u0259 s\u00fcni q\u0259hr\u0259manlar yarad\u0131rlar. Rusiya v\u0259 Q\u0259rb d\u0259 h\u0259v\u0259sli deyil onlara m\u00fcsb\u0259t m\u0259nada t\u0259sir g\u00f6st\u0259rm\u0259y\u0259. Yox, Az\u0259rbaycan g\u00fccl\u00fc olmaqda davam ets\u0259, onda onlar erm\u0259nil\u0259r\u0259 ba\u015fa salacaqlar ki, \u0259rk\u00f6y\u00fcnl\u00fck bitdi.\n<\/p>\n<p>\n  &#8211;<br \/>\n  <i><br \/>\n    M\u00fcharib\u0259 zaman\u0131 Az\u0259rbaycan c\u0259miyy\u0259tind\u0259 f\u0259rqli atmosfer var idi, m\u00fcxalif\u0259t-iqtidar q\u00fctbl\u0259\u015fm\u0259si d\u0259 aradan qalxm\u0131\u015fd\u0131. Ancaq sava\u015f bit\u0259nd\u0259n sonra t\u0259bii hal\u0131m\u0131za qay\u0131td\u0131q, yenid\u0259n korrupsiya, r\u00fc\u015fv\u0259t, qar\u015f\u0131l\u0131ql\u0131 antipatiya start g\u00f6t\u00fcrd\u00fc. \u018fg\u0259r t\u0259bii hal\u0131m\u0131zda qalaca\u011f\u0131qsa, n\u0259 d\u0259yi\u00e7\u0259c\u0259k?<br \/>\n  <\/i>\n<\/p>\n<p>\n  &#8211; \u0130ndi art\u0131q optimist olmaq laz\u0131md\u0131r. Biz m\u0259n\u0259vi c\u0259h\u0259td\u0259n \u00e7ox pis v\u0259ziyy\u0259td\u0259ydik, m\u00fcharib\u0259d\u0259n sonra m\u0259nim n\u0259 q\u0259d\u0259r dostlar\u0131m Az\u0259rbaycan hakimiyy\u0259tinin t\u0259r\u0259fdar\u0131 oldu, konkret \u0130lham \u018fliyevin. Onlar \u00fc\u00e7\u00fcn \u018fliyev m\u0259nfil\u0259rd\u0259n \u00e7\u0131x\u0131b, m\u00fcsb\u0259t adam oldu. H\u0259tta m\u0259n g\u00fcrc\u00fcl\u0259r\u0259 Saaka\u015fviliy\u0259 g\u00f6r\u0259 pax\u0131ll\u0131q edirdim, indi \u0259ksin\u0259 d\u00fc\u015f\u00fcn\u00fcr\u0259m, g\u00fcrc\u00fcl\u0259r biz\u0259 pax\u0131ll\u0131q etm\u0259lidirl\u0259r ki, bizim \u0130lham \u018fliyev var. \u00d6lk\u0259d\u0259 r\u00fc\u015fv\u0259ti y\u0131\u011f\u0131\u015fd\u0131rmaq nisb\u0259t\u0259n asan m\u0259s\u0259l\u0259dir, n\u0259inki Erm\u0259nistanla m\u00fcharib\u0259d\u0259 qalib g\u0259lm\u0259k. O m\u0259nada \u0130lham \u018fliyev b\u00f6y\u00fck i\u015fl\u0259r g\u00f6rd\u00fc. B\u0259li, indi r\u00fc\u015fv\u0259t var, amma 90-c\u0131 ill\u0259r\u0259 baxanda xeyli azal\u0131b v\u0259 Az\u0259rbaycan d\u0259yi\u015fib.\n<\/p>\n<p>\n  <i><br \/>\n    &#8211; Ancaq iqtisad\u00e7\u0131lar f\u0259rqli d\u00fc\u015f\u00fcn\u00fcrl\u0259r, deyirl\u0259r ki, neft g\u0259lirl\u0259ri korrupsiyan\u0131n t\u00fc\u011fyan etm\u0259sil\u0259 n\u0259tic\u0259l\u0259ndi?<br \/>\n  <\/i>\n<\/p>\n<p>\n  &#8211; G\u0259lin, o inc\u0259likl\u0259r\u0259 getm\u0259y\u0259k, bizlik deyil. Dem\u0259k ist\u0259yir\u0259m ki, o c\u00fcr pis v\u0259ziyy\u0259td\u0259 qalib g\u0259ldiks\u0259, dem\u0259li, pessimist olmaq laz\u0131m deyil. \u018fvv\u0259l-ax\u0131r yax\u015f\u0131 olacaq. 90-c\u0131 ill\u0259rd\u0259 \u201cAz\u0259rbaycan\u0131 pul d\u00fcz\u0259ld\u0259c\u0259k\u201d adl\u0131 yaz\u0131 yazm\u0131\u015fd\u0131m, korrupsiyan\u0131n pullar\u0131 yox ha. Do\u011frudan da m\u0259lum oldu ki, bizi h\u0259m d\u0259 pul d\u00fcz\u0259ltdi. \u0130ndi \u00e7oxlu pullar olanda, d\u00fcz\u0259l\u0259c\u0259k. Amerikan\u0131n tarixin\u0259 bax\u0131n, \u201cbandit\u201dl\u0259r \u00f6lk\u0259si idi, sonra pul qazanmaqdan \u00f6t\u0259ri hakiml\u0259ri qanunlar\u0131n aliliyin\u0259 riay\u0259t etm\u0259y\u0259 m\u0259cburi v\u0259ziyy\u0259t\u0259 sald\u0131lar. Bel\u0259likl\u0259, qanunun aliliyini \u0259sas g\u00f6t\u00fcr\u0259n hakimiyy\u0259t yarand\u0131, Amerikan\u0131 pul d\u00fcz\u0259ltdi.\n<\/p>\n<p>\n  &#8211;<br \/>\n  <i><br \/>\n    G\u00fcman ki, 44 g\u00fcnl\u00fck m\u00fcharib\u0259 zaman\u0131 Rusiya intellektuallar\u0131n\u0131 izl\u0259yirdiniz, Az\u0259rbaycana antipatiya a\u00e7\u0131q g\u00f6r\u00fcn\u00fcrd\u00fc. S\u0259b\u0259b n\u0259 idi, Az\u0259rbaycan ziyal\u0131lar\u0131n\u0131n onlarla az t\u0259masda olmas\u0131, yoxsa&#8230;?<br \/>\n  <\/i>\n<\/p>\n<p>\n  &#8211; Bu sual m\u0259nd\u0259 \u015fok ya\u015fad\u0131r. \u00c7\u00fcnki 2-3 rus ziyal\u0131s\u0131 vard\u0131 ki, onlara a\u011f\u0131llar\u0131na v\u0259 m\u00fcxalif m\u00f6vqel\u0259rin\u0259 g\u00f6r\u0259 r\u0259\u011fb\u0259tim vard\u0131. Amma onlar\u0131n \u00e7\u0131x\u0131\u015flar\u0131n\u0131 g\u00f6r\u0259nd\u0259, g\u00f6z\u00fcmd\u0259n d\u00fc\u015fd\u00fc, art\u0131q \u00e7\u0131x\u0131\u015flar\u0131na baxm\u0131ram. S\u00f6hb\u0259t \u201cExo Moskv\u0131\u201d radiosunda Lat\u0131nina v\u0259 \u015eendorovi\u00e7d\u0259n gedir. \u018fslind\u0259, auditoriyalar\u0131n\u0131 itirm\u0259m\u0259k \u00fc\u00e7\u00fcn az\u0259rbaycanl\u0131lara qar\u015f\u0131 bu q\u0259d\u0259r \u0259dal\u0259tsizlik etm\u0259m\u0259liydi, axmaql\u0131q idi. Halbuki, vicdanl\u0131 v\u0259 a\u011f\u0131ll\u0131 olub erm\u0259nil\u0259rin d\u0259, az\u0259rbaycanl\u0131lar\u0131n da xeyrin\u0259 dan\u0131\u015f\u0131b balans\u0131 qorumaq olard\u0131. Sad\u0259c\u0259, Rusiya medias\u0131nda erm\u0259nil\u0259r \u00e7ox oldu\u011fundan bel\u0259 bir m\u0259nz\u0259r\u0259 yarand\u0131, biz v\u0259ziyy\u0259ti d\u0259yi\u015f\u0259 bilm\u0259zdik. \u018fn yax\u015f\u0131s\u0131 onlar\u0131 dinl\u0259m\u0259m\u0259kdir.<\/p>\n","protected":false},"excerpt":{"rendered":"<p>Dem\u0259k ist\u0259yir\u0259m ki, o c\u00fcr pis v\u0259ziyy\u0259td\u0259 qalib g\u0259ldiks\u0259, dem\u0259li, pessimist olmaq laz\u0131m deyil.<\/p>\n","protected":false},"author":11,"featured_media":162348,"comment_status":"closed","ping_status":"open","sticky":false,"template":"","format":"standard","meta":{"_acf_changed":false,"_sitemap_exclude":false,"_sitemap_priority":"","_sitemap_frequency":"","footnotes":""},"categories":[63],"tags":[],"class_list":["post-206770","post","type-post","status-publish","format-standard","has-post-thumbnail","hentry","category-video-2","infinite-scroll-item","generate-columns","tablet-grid-50","mobile-grid-100","grid-parent","grid-33","no-featured-image-padding"],"acf":[],"yoast_head":"<!-- This site is optimized with the Yoast SEO plugin v27.5 - https:\/\/yoast.com\/product\/yoast-seo-wordpress\/ -->\n<title>Niyazi Mehdi: Az\u0259rbaycan\u0131 pul d\u00fcz\u0259ld\u0259c\u0259k - MEYDAN.TV<\/title>\n<meta name=\"robots\" content=\"index, follow, max-snippet:-1, max-image-preview:large, max-video-preview:-1\" \/>\n<link rel=\"canonical\" href=\"https:\/\/www.meydan.tv\/az\/article\/niyazi-mehdi-azerbaycani-pul-duzeldecek\/\" \/>\n<meta property=\"og:locale\" content=\"az_AZ\" \/>\n<meta property=\"og:type\" content=\"article\" \/>\n<meta property=\"og:title\" content=\"Niyazi Mehdi: Az\u0259rbaycan\u0131 pul d\u00fcz\u0259ld\u0259c\u0259k - MEYDAN.TV\" \/>\n<meta property=\"og:description\" content=\"Dem\u0259k ist\u0259yir\u0259m ki, o c\u00fcr pis v\u0259ziyy\u0259td\u0259 qalib g\u0259ldiks\u0259, dem\u0259li, pessimist olmaq laz\u0131m deyil.\" \/>\n<meta property=\"og:url\" content=\"https:\/\/www.meydan.tv\/az\/article\/niyazi-mehdi-azerbaycani-pul-duzeldecek\/\" \/>\n<meta property=\"og:site_name\" content=\"MEYDAN.TV\" \/>\n<meta property=\"article:published_time\" content=\"2021-06-16T19:55:55+00:00\" \/>\n<meta property=\"og:image\" content=\"https:\/\/www.meydan.tv\/wp-content\/uploads\/maxresdefault_cvrgbns.jpg\" \/>\n\t<meta property=\"og:image:width\" content=\"1280\" \/>\n\t<meta property=\"og:image:height\" content=\"720\" \/>\n\t<meta property=\"og:image:type\" content=\"image\/jpeg\" \/>\n<meta name=\"author\" content=\"user-manager\" \/>\n<meta name=\"twitter:card\" content=\"summary_large_image\" \/>\n<script type=\"application\/ld+json\" class=\"yoast-schema-graph\">{\"@context\":\"https:\\\/\\\/schema.org\",\"@graph\":[{\"@type\":\"Article\",\"@id\":\"https:\\\/\\\/www.meydan.tv\\\/az\\\/article\\\/niyazi-mehdi-azerbaycani-pul-duzeldecek\\\/#article\",\"isPartOf\":{\"@id\":\"https:\\\/\\\/www.meydan.tv\\\/az\\\/article\\\/niyazi-mehdi-azerbaycani-pul-duzeldecek\\\/\"},\"author\":{\"name\":\"user-manager\",\"@id\":\"https:\\\/\\\/www.meydan.tv\\\/az\\\/#\\\/schema\\\/person\\\/10d11eccf6da3662cf5fdab9806ea91a\"},\"headline\":\"Niyazi Mehdi: Az\u0259rbaycan\u0131 pul d\u00fcz\u0259ld\u0259c\u0259k\",\"datePublished\":\"2021-06-16T19:55:55+00:00\",\"mainEntityOfPage\":{\"@id\":\"https:\\\/\\\/www.meydan.tv\\\/az\\\/article\\\/niyazi-mehdi-azerbaycani-pul-duzeldecek\\\/\"},\"wordCount\":2564,\"publisher\":{\"@id\":\"https:\\\/\\\/www.meydan.tv\\\/az\\\/#organization\"},\"image\":{\"@id\":\"https:\\\/\\\/www.meydan.tv\\\/az\\\/article\\\/niyazi-mehdi-azerbaycani-pul-duzeldecek\\\/#primaryimage\"},\"thumbnailUrl\":\"https:\\\/\\\/www.meydan.tv\\\/wp-content\\\/uploads\\\/maxresdefault_cvrgbns.jpg\",\"articleSection\":[\"Video\"],\"inLanguage\":\"az\"},{\"@type\":\"WebPage\",\"@id\":\"https:\\\/\\\/www.meydan.tv\\\/az\\\/article\\\/niyazi-mehdi-azerbaycani-pul-duzeldecek\\\/\",\"url\":\"https:\\\/\\\/www.meydan.tv\\\/az\\\/article\\\/niyazi-mehdi-azerbaycani-pul-duzeldecek\\\/\",\"name\":\"Niyazi Mehdi: Az\u0259rbaycan\u0131 pul d\u00fcz\u0259ld\u0259c\u0259k - MEYDAN.TV\",\"isPartOf\":{\"@id\":\"https:\\\/\\\/www.meydan.tv\\\/az\\\/#website\"},\"primaryImageOfPage\":{\"@id\":\"https:\\\/\\\/www.meydan.tv\\\/az\\\/article\\\/niyazi-mehdi-azerbaycani-pul-duzeldecek\\\/#primaryimage\"},\"image\":{\"@id\":\"https:\\\/\\\/www.meydan.tv\\\/az\\\/article\\\/niyazi-mehdi-azerbaycani-pul-duzeldecek\\\/#primaryimage\"},\"thumbnailUrl\":\"https:\\\/\\\/www.meydan.tv\\\/wp-content\\\/uploads\\\/maxresdefault_cvrgbns.jpg\",\"datePublished\":\"2021-06-16T19:55:55+00:00\",\"breadcrumb\":{\"@id\":\"https:\\\/\\\/www.meydan.tv\\\/az\\\/article\\\/niyazi-mehdi-azerbaycani-pul-duzeldecek\\\/#breadcrumb\"},\"inLanguage\":\"az\",\"potentialAction\":[{\"@type\":\"ReadAction\",\"target\":[\"https:\\\/\\\/www.meydan.tv\\\/az\\\/article\\\/niyazi-mehdi-azerbaycani-pul-duzeldecek\\\/\"]}]},{\"@type\":\"ImageObject\",\"inLanguage\":\"az\",\"@id\":\"https:\\\/\\\/www.meydan.tv\\\/az\\\/article\\\/niyazi-mehdi-azerbaycani-pul-duzeldecek\\\/#primaryimage\",\"url\":\"https:\\\/\\\/www.meydan.tv\\\/wp-content\\\/uploads\\\/maxresdefault_cvrgbns.jpg\",\"contentUrl\":\"https:\\\/\\\/www.meydan.tv\\\/wp-content\\\/uploads\\\/maxresdefault_cvrgbns.jpg\",\"width\":1280,\"height\":720,\"caption\":\"Source: Meydan TV\"},{\"@type\":\"BreadcrumbList\",\"@id\":\"https:\\\/\\\/www.meydan.tv\\\/az\\\/article\\\/niyazi-mehdi-azerbaycani-pul-duzeldecek\\\/#breadcrumb\",\"itemListElement\":[{\"@type\":\"ListItem\",\"position\":1,\"name\":\"Ana s\u0259hif\u0259\",\"item\":\"https:\\\/\\\/www.meydan.tv\\\/az\\\/\"},{\"@type\":\"ListItem\",\"position\":2,\"name\":\"Video\",\"item\":\"https:\\\/\\\/www.meydan.tv\\\/az\\\/section\\\/video-2\\\/\"},{\"@type\":\"ListItem\",\"position\":3,\"name\":\"Niyazi Mehdi: Az\u0259rbaycan\u0131 pul d\u00fcz\u0259ld\u0259c\u0259k\"}]},{\"@type\":\"WebSite\",\"@id\":\"https:\\\/\\\/www.meydan.tv\\\/az\\\/#website\",\"url\":\"https:\\\/\\\/www.meydan.tv\\\/az\\\/\",\"name\":\"MEYDAN.TV\",\"description\":\"Meydan TV Az\u0259rbaycan\u0131n media m\u0259kan\u0131ndak\u0131 alternativ s\u0259sidir\",\"publisher\":{\"@id\":\"https:\\\/\\\/www.meydan.tv\\\/az\\\/#organization\"},\"potentialAction\":[{\"@type\":\"SearchAction\",\"target\":{\"@type\":\"EntryPoint\",\"urlTemplate\":\"https:\\\/\\\/www.meydan.tv\\\/az\\\/?s={search_term_string}\"},\"query-input\":{\"@type\":\"PropertyValueSpecification\",\"valueRequired\":true,\"valueName\":\"search_term_string\"}}],\"inLanguage\":\"az\"},{\"@type\":\"Organization\",\"@id\":\"https:\\\/\\\/www.meydan.tv\\\/az\\\/#organization\",\"name\":\"Meydan TV\",\"url\":\"https:\\\/\\\/www.meydan.tv\\\/az\\\/\",\"logo\":{\"@type\":\"ImageObject\",\"inLanguage\":\"az\",\"@id\":\"https:\\\/\\\/www.meydan.tv\\\/az\\\/#\\\/schema\\\/logo\\\/image\\\/\",\"url\":\"https:\\\/\\\/www.meydan.tv\\\/wp-content\\\/uploads\\\/2021\\\/07\\\/meydan-logo.svg\",\"contentUrl\":\"https:\\\/\\\/www.meydan.tv\\\/wp-content\\\/uploads\\\/2021\\\/07\\\/meydan-logo.svg\",\"width\":195,\"height\":46,\"caption\":\"Meydan TV\"},\"image\":{\"@id\":\"https:\\\/\\\/www.meydan.tv\\\/az\\\/#\\\/schema\\\/logo\\\/image\\\/\"}},{\"@type\":\"Person\",\"@id\":\"https:\\\/\\\/www.meydan.tv\\\/az\\\/#\\\/schema\\\/person\\\/10d11eccf6da3662cf5fdab9806ea91a\",\"name\":\"user-manager\"}]}<\/script>\n<!-- \/ Yoast SEO plugin. -->","yoast_head_json":{"title":"Niyazi Mehdi: Az\u0259rbaycan\u0131 pul d\u00fcz\u0259ld\u0259c\u0259k - MEYDAN.TV","robots":{"index":"index","follow":"follow","max-snippet":"max-snippet:-1","max-image-preview":"max-image-preview:large","max-video-preview":"max-video-preview:-1"},"canonical":"https:\/\/www.meydan.tv\/az\/article\/niyazi-mehdi-azerbaycani-pul-duzeldecek\/","og_locale":"az_AZ","og_type":"article","og_title":"Niyazi Mehdi: Az\u0259rbaycan\u0131 pul d\u00fcz\u0259ld\u0259c\u0259k - MEYDAN.TV","og_description":"Dem\u0259k ist\u0259yir\u0259m ki, o c\u00fcr pis v\u0259ziyy\u0259td\u0259 qalib g\u0259ldiks\u0259, dem\u0259li, pessimist olmaq laz\u0131m deyil.","og_url":"https:\/\/www.meydan.tv\/az\/article\/niyazi-mehdi-azerbaycani-pul-duzeldecek\/","og_site_name":"MEYDAN.TV","article_published_time":"2021-06-16T19:55:55+00:00","og_image":[{"width":1280,"height":720,"url":"https:\/\/www.meydan.tv\/wp-content\/uploads\/maxresdefault_cvrgbns.jpg","type":"image\/jpeg"}],"author":"user-manager","twitter_card":"summary_large_image","schema":{"@context":"https:\/\/schema.org","@graph":[{"@type":"Article","@id":"https:\/\/www.meydan.tv\/az\/article\/niyazi-mehdi-azerbaycani-pul-duzeldecek\/#article","isPartOf":{"@id":"https:\/\/www.meydan.tv\/az\/article\/niyazi-mehdi-azerbaycani-pul-duzeldecek\/"},"author":{"name":"user-manager","@id":"https:\/\/www.meydan.tv\/az\/#\/schema\/person\/10d11eccf6da3662cf5fdab9806ea91a"},"headline":"Niyazi Mehdi: Az\u0259rbaycan\u0131 pul d\u00fcz\u0259ld\u0259c\u0259k","datePublished":"2021-06-16T19:55:55+00:00","mainEntityOfPage":{"@id":"https:\/\/www.meydan.tv\/az\/article\/niyazi-mehdi-azerbaycani-pul-duzeldecek\/"},"wordCount":2564,"publisher":{"@id":"https:\/\/www.meydan.tv\/az\/#organization"},"image":{"@id":"https:\/\/www.meydan.tv\/az\/article\/niyazi-mehdi-azerbaycani-pul-duzeldecek\/#primaryimage"},"thumbnailUrl":"https:\/\/www.meydan.tv\/wp-content\/uploads\/maxresdefault_cvrgbns.jpg","articleSection":["Video"],"inLanguage":"az"},{"@type":"WebPage","@id":"https:\/\/www.meydan.tv\/az\/article\/niyazi-mehdi-azerbaycani-pul-duzeldecek\/","url":"https:\/\/www.meydan.tv\/az\/article\/niyazi-mehdi-azerbaycani-pul-duzeldecek\/","name":"Niyazi Mehdi: Az\u0259rbaycan\u0131 pul d\u00fcz\u0259ld\u0259c\u0259k - MEYDAN.TV","isPartOf":{"@id":"https:\/\/www.meydan.tv\/az\/#website"},"primaryImageOfPage":{"@id":"https:\/\/www.meydan.tv\/az\/article\/niyazi-mehdi-azerbaycani-pul-duzeldecek\/#primaryimage"},"image":{"@id":"https:\/\/www.meydan.tv\/az\/article\/niyazi-mehdi-azerbaycani-pul-duzeldecek\/#primaryimage"},"thumbnailUrl":"https:\/\/www.meydan.tv\/wp-content\/uploads\/maxresdefault_cvrgbns.jpg","datePublished":"2021-06-16T19:55:55+00:00","breadcrumb":{"@id":"https:\/\/www.meydan.tv\/az\/article\/niyazi-mehdi-azerbaycani-pul-duzeldecek\/#breadcrumb"},"inLanguage":"az","potentialAction":[{"@type":"ReadAction","target":["https:\/\/www.meydan.tv\/az\/article\/niyazi-mehdi-azerbaycani-pul-duzeldecek\/"]}]},{"@type":"ImageObject","inLanguage":"az","@id":"https:\/\/www.meydan.tv\/az\/article\/niyazi-mehdi-azerbaycani-pul-duzeldecek\/#primaryimage","url":"https:\/\/www.meydan.tv\/wp-content\/uploads\/maxresdefault_cvrgbns.jpg","contentUrl":"https:\/\/www.meydan.tv\/wp-content\/uploads\/maxresdefault_cvrgbns.jpg","width":1280,"height":720,"caption":"Source: Meydan TV"},{"@type":"BreadcrumbList","@id":"https:\/\/www.meydan.tv\/az\/article\/niyazi-mehdi-azerbaycani-pul-duzeldecek\/#breadcrumb","itemListElement":[{"@type":"ListItem","position":1,"name":"Ana s\u0259hif\u0259","item":"https:\/\/www.meydan.tv\/az\/"},{"@type":"ListItem","position":2,"name":"Video","item":"https:\/\/www.meydan.tv\/az\/section\/video-2\/"},{"@type":"ListItem","position":3,"name":"Niyazi Mehdi: Az\u0259rbaycan\u0131 pul d\u00fcz\u0259ld\u0259c\u0259k"}]},{"@type":"WebSite","@id":"https:\/\/www.meydan.tv\/az\/#website","url":"https:\/\/www.meydan.tv\/az\/","name":"MEYDAN.TV","description":"Meydan TV Az\u0259rbaycan\u0131n media m\u0259kan\u0131ndak\u0131 alternativ s\u0259sidir","publisher":{"@id":"https:\/\/www.meydan.tv\/az\/#organization"},"potentialAction":[{"@type":"SearchAction","target":{"@type":"EntryPoint","urlTemplate":"https:\/\/www.meydan.tv\/az\/?s={search_term_string}"},"query-input":{"@type":"PropertyValueSpecification","valueRequired":true,"valueName":"search_term_string"}}],"inLanguage":"az"},{"@type":"Organization","@id":"https:\/\/www.meydan.tv\/az\/#organization","name":"Meydan TV","url":"https:\/\/www.meydan.tv\/az\/","logo":{"@type":"ImageObject","inLanguage":"az","@id":"https:\/\/www.meydan.tv\/az\/#\/schema\/logo\/image\/","url":"https:\/\/www.meydan.tv\/wp-content\/uploads\/2021\/07\/meydan-logo.svg","contentUrl":"https:\/\/www.meydan.tv\/wp-content\/uploads\/2021\/07\/meydan-logo.svg","width":195,"height":46,"caption":"Meydan TV"},"image":{"@id":"https:\/\/www.meydan.tv\/az\/#\/schema\/logo\/image\/"}},{"@type":"Person","@id":"https:\/\/www.meydan.tv\/az\/#\/schema\/person\/10d11eccf6da3662cf5fdab9806ea91a","name":"user-manager"}]}},"_links":{"self":[{"href":"https:\/\/www.meydan.tv\/az\/wp-json\/wp\/v2\/posts\/206770","targetHints":{"allow":["GET"]}}],"collection":[{"href":"https:\/\/www.meydan.tv\/az\/wp-json\/wp\/v2\/posts"}],"about":[{"href":"https:\/\/www.meydan.tv\/az\/wp-json\/wp\/v2\/types\/post"}],"author":[{"embeddable":true,"href":"https:\/\/www.meydan.tv\/az\/wp-json\/wp\/v2\/users\/11"}],"replies":[{"embeddable":true,"href":"https:\/\/www.meydan.tv\/az\/wp-json\/wp\/v2\/comments?post=206770"}],"version-history":[{"count":0,"href":"https:\/\/www.meydan.tv\/az\/wp-json\/wp\/v2\/posts\/206770\/revisions"}],"wp:featuredmedia":[{"embeddable":true,"href":"https:\/\/www.meydan.tv\/az\/wp-json\/wp\/v2\/media\/162348"}],"wp:attachment":[{"href":"https:\/\/www.meydan.tv\/az\/wp-json\/wp\/v2\/media?parent=206770"}],"wp:term":[{"taxonomy":"category","embeddable":true,"href":"https:\/\/www.meydan.tv\/az\/wp-json\/wp\/v2\/categories?post=206770"},{"taxonomy":"post_tag","embeddable":true,"href":"https:\/\/www.meydan.tv\/az\/wp-json\/wp\/v2\/tags?post=206770"}],"curies":[{"name":"wp","href":"https:\/\/api.w.org\/{rel}","templated":true}]}}