{"id":206760,"date":"2021-06-16T11:20:10","date_gmt":"2021-06-16T11:20:10","guid":{"rendered":"https:\/\/www.meydan.tv\/article\/fulya-senedli-filminin-cekilislerine-baslanildi\/"},"modified":"2021-06-16T11:20:10","modified_gmt":"2021-06-16T11:20:10","slug":"fulya-senedli-filminin-cekilislerine-baslanildi","status":"publish","type":"post","link":"https:\/\/www.meydan.tv\/az\/article\/fulya-senedli-filminin-cekilislerine-baslanildi\/","title":{"rendered":"\u201cFulya\u201d s\u0259n\u0259dli filminin \u00e7\u0259kili\u015fl\u0259rin\u0259 ba\u015flan\u0131ld\u0131"},"content":{"rendered":"<p>\n  <i><br \/>\n    Film M\u0259d\u0259niyy\u0259t Nazirliyinin sifari\u015fi il\u0259 ekranla\u015fd\u0131r\u0131l\u0131r<br \/>\n  <\/i>\n<\/p>\n<p>\n  \u201cAz\u0259rbaycanfilm\u201d kinostudiyas\u0131 v\u0259 T\u00fcrkiy\u0259nin \u201cDada Yap\u0131m\u201d \u015firk\u0259tinin birg\u0259 istehsal\u0131 \u201cFulya\u201d s\u0259n\u0259dli filminin \u00e7\u0259kili\u015fl\u0259ri ba\u015flan\u0131l\u0131b.\n<\/p>\n<p>\n  Film Az\u0259rbaycan Respublikas\u0131 M\u0259d\u0259niyy\u0259t Nazirliyinin sifari\u015fi il\u0259 ekranla\u015fd\u0131r\u0131l\u0131r.\n<\/p>\n<p>\n  \u00c7\u0259kili\u015fl\u0259ri G\u0259nc\u0259, T\u0259rt\u0259r v\u0259 \u015eu\u015fada apar\u0131lacaq.\n<\/p>\n<p>\n  Jurnalist Fulya \u00d6zt\u00fcrk v\u0259 \u201cDada Yap\u0131m\u201d\u0131n apar\u0131c\u0131 kino m\u00fct\u0259x\u0259ssisl\u0259ri art\u0131q Az\u0259rbaycana g\u0259lib.\n<\/p>\n<p>\n  Filmin ssenari m\u00fc\u0259llifi v\u0259 rejissoru Tahir Tahirovi\u00e7, operatoru \u00c7engizhan Durmaz, prod\u00fcserl\u0259r Fariz \u018fhm\u0259dov v\u0259 \u00d6zcan Dadad\u0131r.\n<\/p>\n<p>\n  Yax\u0131n g\u00fcnl\u0259rd\u0259 filmin kamera arxas\u0131 kadrlar\u0131 ictimaiyy\u0259t\u0259 t\u0259qdim olunacaq.\n<\/p>\n<p>\n  CNN T\u00fcrk kanal\u0131n\u0131n m\u00fcxbiri Fulya \u00d6zt\u00fcrk \u0130kinci Qaraba\u011f m\u00fcharib\u0259si zaman\u0131 44 g\u00fcn \u0259rzind\u0259 Az\u0259rbaycan\u0131n \u0259n qaynar n\u00f6qt\u0259l\u0259rind\u0259 i\u015ftirak edib.\n<\/p>\n<figure class=\"wp-block-image size-large\">\n  <img decoding=\"async\" src=\"https:\/\/www.meydan.tv\/az\/img-20210616-wa0020-jpg\/\" alt=\"img-20210616-wa0020.jpg\" class=\"wp-image-162315\"\/><figcaption>\n    Fulya \u00d6zt\u00fcrk \u015eu\u015fada<br \/>\n  <\/figcaption><\/figure>\n","protected":false},"excerpt":{"rendered":"<p>Yax\u0131n g\u00fcnl\u0259rd\u0259 filmin kamera arxas\u0131 kadrlar\u0131 ictimaiyy\u0259t\u0259 t\u0259qdim olunacaq.<\/p>\n","protected":false},"author":11,"featured_media":162330,"comment_status":"closed","ping_status":"open","sticky":false,"template":"","format":"standard","meta":{"_acf_changed":false,"_sitemap_exclude":false,"_sitemap_priority":"","_sitemap_frequency":"","footnotes":""},"categories":[52],"tags":[],"class_list":["post-206760","post","type-post","status-publish","format-standard","has-post-thumbnail","hentry","category-medeniyyet","infinite-scroll-item","generate-columns","tablet-grid-50","mobile-grid-100","grid-parent","grid-33","no-featured-image-padding"],"acf":[],"yoast_head":"<!-- This site is optimized with the Yoast SEO plugin v27.4 - https:\/\/yoast.com\/product\/yoast-seo-wordpress\/ -->\n<title>\u201cFulya\u201d s\u0259n\u0259dli filminin \u00e7\u0259kili\u015fl\u0259rin\u0259 ba\u015flan\u0131ld\u0131 - MEYDAN.TV<\/title>\n<meta name=\"robots\" content=\"index, follow, max-snippet:-1, max-image-preview:large, max-video-preview:-1\" \/>\n<link rel=\"canonical\" href=\"https:\/\/www.meydan.tv\/az\/article\/fulya-senedli-filminin-cekilislerine-baslanildi\/\" \/>\n<meta property=\"og:locale\" content=\"az_AZ\" \/>\n<meta property=\"og:type\" content=\"article\" \/>\n<meta property=\"og:title\" content=\"\u201cFulya\u201d s\u0259n\u0259dli filminin \u00e7\u0259kili\u015fl\u0259rin\u0259 ba\u015flan\u0131ld\u0131 - MEYDAN.TV\" \/>\n<meta property=\"og:description\" content=\"Yax\u0131n g\u00fcnl\u0259rd\u0259 filmin kamera arxas\u0131 kadrlar\u0131 ictimaiyy\u0259t\u0259 t\u0259qdim olunacaq.\" \/>\n<meta property=\"og:url\" content=\"https:\/\/www.meydan.tv\/az\/article\/fulya-senedli-filminin-cekilislerine-baslanildi\/\" \/>\n<meta property=\"og:site_name\" content=\"MEYDAN.TV\" \/>\n<meta property=\"article:published_time\" content=\"2021-06-16T11:20:10+00:00\" \/>\n<meta property=\"og:image\" content=\"https:\/\/www.meydan.tv\/wp-content\/uploads\/1_mzvulnb.png\" \/>\n\t<meta property=\"og:image:width\" content=\"1280\" \/>\n\t<meta property=\"og:image:height\" content=\"720\" \/>\n\t<meta property=\"og:image:type\" content=\"image\/png\" \/>\n<meta name=\"author\" content=\"user-manager\" \/>\n<meta name=\"twitter:card\" content=\"summary_large_image\" \/>\n<script type=\"application\/ld+json\" class=\"yoast-schema-graph\">{\"@context\":\"https:\\\/\\\/schema.org\",\"@graph\":[{\"@type\":\"Article\",\"@id\":\"https:\\\/\\\/www.meydan.tv\\\/az\\\/article\\\/fulya-senedli-filminin-cekilislerine-baslanildi\\\/#article\",\"isPartOf\":{\"@id\":\"https:\\\/\\\/www.meydan.tv\\\/az\\\/article\\\/fulya-senedli-filminin-cekilislerine-baslanildi\\\/\"},\"author\":{\"name\":\"user-manager\",\"@id\":\"https:\\\/\\\/www.meydan.tv\\\/az\\\/#\\\/schema\\\/person\\\/10d11eccf6da3662cf5fdab9806ea91a\"},\"headline\":\"\u201cFulya\u201d s\u0259n\u0259dli filminin \u00e7\u0259kili\u015fl\u0259rin\u0259 ba\u015flan\u0131ld\u0131\",\"datePublished\":\"2021-06-16T11:20:10+00:00\",\"mainEntityOfPage\":{\"@id\":\"https:\\\/\\\/www.meydan.tv\\\/az\\\/article\\\/fulya-senedli-filminin-cekilislerine-baslanildi\\\/\"},\"wordCount\":176,\"publisher\":{\"@id\":\"https:\\\/\\\/www.meydan.tv\\\/az\\\/#organization\"},\"image\":{\"@id\":\"https:\\\/\\\/www.meydan.tv\\\/az\\\/article\\\/fulya-senedli-filminin-cekilislerine-baslanildi\\\/#primaryimage\"},\"thumbnailUrl\":\"https:\\\/\\\/www.meydan.tv\\\/wp-content\\\/uploads\\\/1_mzvulnb.png\",\"articleSection\":[\"M\u0259d\u0259niyy\u0259t\"],\"inLanguage\":\"az\"},{\"@type\":\"WebPage\",\"@id\":\"https:\\\/\\\/www.meydan.tv\\\/az\\\/article\\\/fulya-senedli-filminin-cekilislerine-baslanildi\\\/\",\"url\":\"https:\\\/\\\/www.meydan.tv\\\/az\\\/article\\\/fulya-senedli-filminin-cekilislerine-baslanildi\\\/\",\"name\":\"\u201cFulya\u201d s\u0259n\u0259dli filminin \u00e7\u0259kili\u015fl\u0259rin\u0259 ba\u015flan\u0131ld\u0131 - MEYDAN.TV\",\"isPartOf\":{\"@id\":\"https:\\\/\\\/www.meydan.tv\\\/az\\\/#website\"},\"primaryImageOfPage\":{\"@id\":\"https:\\\/\\\/www.meydan.tv\\\/az\\\/article\\\/fulya-senedli-filminin-cekilislerine-baslanildi\\\/#primaryimage\"},\"image\":{\"@id\":\"https:\\\/\\\/www.meydan.tv\\\/az\\\/article\\\/fulya-senedli-filminin-cekilislerine-baslanildi\\\/#primaryimage\"},\"thumbnailUrl\":\"https:\\\/\\\/www.meydan.tv\\\/wp-content\\\/uploads\\\/1_mzvulnb.png\",\"datePublished\":\"2021-06-16T11:20:10+00:00\",\"breadcrumb\":{\"@id\":\"https:\\\/\\\/www.meydan.tv\\\/az\\\/article\\\/fulya-senedli-filminin-cekilislerine-baslanildi\\\/#breadcrumb\"},\"inLanguage\":\"az\",\"potentialAction\":[{\"@type\":\"ReadAction\",\"target\":[\"https:\\\/\\\/www.meydan.tv\\\/az\\\/article\\\/fulya-senedli-filminin-cekilislerine-baslanildi\\\/\"]}]},{\"@type\":\"ImageObject\",\"inLanguage\":\"az\",\"@id\":\"https:\\\/\\\/www.meydan.tv\\\/az\\\/article\\\/fulya-senedli-filminin-cekilislerine-baslanildi\\\/#primaryimage\",\"url\":\"https:\\\/\\\/www.meydan.tv\\\/wp-content\\\/uploads\\\/1_mzvulnb.png\",\"contentUrl\":\"https:\\\/\\\/www.meydan.tv\\\/wp-content\\\/uploads\\\/1_mzvulnb.png\",\"width\":1280,\"height\":720,\"caption\":\"Source: Meydan TV\"},{\"@type\":\"BreadcrumbList\",\"@id\":\"https:\\\/\\\/www.meydan.tv\\\/az\\\/article\\\/fulya-senedli-filminin-cekilislerine-baslanildi\\\/#breadcrumb\",\"itemListElement\":[{\"@type\":\"ListItem\",\"position\":1,\"name\":\"Ana s\u0259hif\u0259\",\"item\":\"https:\\\/\\\/www.meydan.tv\\\/az\\\/\"},{\"@type\":\"ListItem\",\"position\":2,\"name\":\"M\u0259d\u0259niyy\u0259t\",\"item\":\"https:\\\/\\\/www.meydan.tv\\\/az\\\/section\\\/medeniyyet\\\/\"},{\"@type\":\"ListItem\",\"position\":3,\"name\":\"\u201cFulya\u201d s\u0259n\u0259dli filminin \u00e7\u0259kili\u015fl\u0259rin\u0259 ba\u015flan\u0131ld\u0131\"}]},{\"@type\":\"WebSite\",\"@id\":\"https:\\\/\\\/www.meydan.tv\\\/az\\\/#website\",\"url\":\"https:\\\/\\\/www.meydan.tv\\\/az\\\/\",\"name\":\"MEYDAN.TV\",\"description\":\"Meydan TV Az\u0259rbaycan\u0131n media m\u0259kan\u0131ndak\u0131 alternativ s\u0259sidir\",\"publisher\":{\"@id\":\"https:\\\/\\\/www.meydan.tv\\\/az\\\/#organization\"},\"potentialAction\":[{\"@type\":\"SearchAction\",\"target\":{\"@type\":\"EntryPoint\",\"urlTemplate\":\"https:\\\/\\\/www.meydan.tv\\\/az\\\/?s={search_term_string}\"},\"query-input\":{\"@type\":\"PropertyValueSpecification\",\"valueRequired\":true,\"valueName\":\"search_term_string\"}}],\"inLanguage\":\"az\"},{\"@type\":\"Organization\",\"@id\":\"https:\\\/\\\/www.meydan.tv\\\/az\\\/#organization\",\"name\":\"Meydan TV\",\"url\":\"https:\\\/\\\/www.meydan.tv\\\/az\\\/\",\"logo\":{\"@type\":\"ImageObject\",\"inLanguage\":\"az\",\"@id\":\"https:\\\/\\\/www.meydan.tv\\\/az\\\/#\\\/schema\\\/logo\\\/image\\\/\",\"url\":\"https:\\\/\\\/www.meydan.tv\\\/wp-content\\\/uploads\\\/2021\\\/07\\\/meydan-logo.svg\",\"contentUrl\":\"https:\\\/\\\/www.meydan.tv\\\/wp-content\\\/uploads\\\/2021\\\/07\\\/meydan-logo.svg\",\"width\":195,\"height\":46,\"caption\":\"Meydan TV\"},\"image\":{\"@id\":\"https:\\\/\\\/www.meydan.tv\\\/az\\\/#\\\/schema\\\/logo\\\/image\\\/\"}},{\"@type\":\"Person\",\"@id\":\"https:\\\/\\\/www.meydan.tv\\\/az\\\/#\\\/schema\\\/person\\\/10d11eccf6da3662cf5fdab9806ea91a\",\"name\":\"user-manager\"}]}<\/script>\n<!-- \/ Yoast SEO plugin. -->","yoast_head_json":{"title":"\u201cFulya\u201d s\u0259n\u0259dli filminin \u00e7\u0259kili\u015fl\u0259rin\u0259 ba\u015flan\u0131ld\u0131 - MEYDAN.TV","robots":{"index":"index","follow":"follow","max-snippet":"max-snippet:-1","max-image-preview":"max-image-preview:large","max-video-preview":"max-video-preview:-1"},"canonical":"https:\/\/www.meydan.tv\/az\/article\/fulya-senedli-filminin-cekilislerine-baslanildi\/","og_locale":"az_AZ","og_type":"article","og_title":"\u201cFulya\u201d s\u0259n\u0259dli filminin \u00e7\u0259kili\u015fl\u0259rin\u0259 ba\u015flan\u0131ld\u0131 - MEYDAN.TV","og_description":"Yax\u0131n g\u00fcnl\u0259rd\u0259 filmin kamera arxas\u0131 kadrlar\u0131 ictimaiyy\u0259t\u0259 t\u0259qdim olunacaq.","og_url":"https:\/\/www.meydan.tv\/az\/article\/fulya-senedli-filminin-cekilislerine-baslanildi\/","og_site_name":"MEYDAN.TV","article_published_time":"2021-06-16T11:20:10+00:00","og_image":[{"width":1280,"height":720,"url":"https:\/\/www.meydan.tv\/wp-content\/uploads\/1_mzvulnb.png","type":"image\/png"}],"author":"user-manager","twitter_card":"summary_large_image","schema":{"@context":"https:\/\/schema.org","@graph":[{"@type":"Article","@id":"https:\/\/www.meydan.tv\/az\/article\/fulya-senedli-filminin-cekilislerine-baslanildi\/#article","isPartOf":{"@id":"https:\/\/www.meydan.tv\/az\/article\/fulya-senedli-filminin-cekilislerine-baslanildi\/"},"author":{"name":"user-manager","@id":"https:\/\/www.meydan.tv\/az\/#\/schema\/person\/10d11eccf6da3662cf5fdab9806ea91a"},"headline":"\u201cFulya\u201d s\u0259n\u0259dli filminin \u00e7\u0259kili\u015fl\u0259rin\u0259 ba\u015flan\u0131ld\u0131","datePublished":"2021-06-16T11:20:10+00:00","mainEntityOfPage":{"@id":"https:\/\/www.meydan.tv\/az\/article\/fulya-senedli-filminin-cekilislerine-baslanildi\/"},"wordCount":176,"publisher":{"@id":"https:\/\/www.meydan.tv\/az\/#organization"},"image":{"@id":"https:\/\/www.meydan.tv\/az\/article\/fulya-senedli-filminin-cekilislerine-baslanildi\/#primaryimage"},"thumbnailUrl":"https:\/\/www.meydan.tv\/wp-content\/uploads\/1_mzvulnb.png","articleSection":["M\u0259d\u0259niyy\u0259t"],"inLanguage":"az"},{"@type":"WebPage","@id":"https:\/\/www.meydan.tv\/az\/article\/fulya-senedli-filminin-cekilislerine-baslanildi\/","url":"https:\/\/www.meydan.tv\/az\/article\/fulya-senedli-filminin-cekilislerine-baslanildi\/","name":"\u201cFulya\u201d s\u0259n\u0259dli filminin \u00e7\u0259kili\u015fl\u0259rin\u0259 ba\u015flan\u0131ld\u0131 - MEYDAN.TV","isPartOf":{"@id":"https:\/\/www.meydan.tv\/az\/#website"},"primaryImageOfPage":{"@id":"https:\/\/www.meydan.tv\/az\/article\/fulya-senedli-filminin-cekilislerine-baslanildi\/#primaryimage"},"image":{"@id":"https:\/\/www.meydan.tv\/az\/article\/fulya-senedli-filminin-cekilislerine-baslanildi\/#primaryimage"},"thumbnailUrl":"https:\/\/www.meydan.tv\/wp-content\/uploads\/1_mzvulnb.png","datePublished":"2021-06-16T11:20:10+00:00","breadcrumb":{"@id":"https:\/\/www.meydan.tv\/az\/article\/fulya-senedli-filminin-cekilislerine-baslanildi\/#breadcrumb"},"inLanguage":"az","potentialAction":[{"@type":"ReadAction","target":["https:\/\/www.meydan.tv\/az\/article\/fulya-senedli-filminin-cekilislerine-baslanildi\/"]}]},{"@type":"ImageObject","inLanguage":"az","@id":"https:\/\/www.meydan.tv\/az\/article\/fulya-senedli-filminin-cekilislerine-baslanildi\/#primaryimage","url":"https:\/\/www.meydan.tv\/wp-content\/uploads\/1_mzvulnb.png","contentUrl":"https:\/\/www.meydan.tv\/wp-content\/uploads\/1_mzvulnb.png","width":1280,"height":720,"caption":"Source: Meydan TV"},{"@type":"BreadcrumbList","@id":"https:\/\/www.meydan.tv\/az\/article\/fulya-senedli-filminin-cekilislerine-baslanildi\/#breadcrumb","itemListElement":[{"@type":"ListItem","position":1,"name":"Ana s\u0259hif\u0259","item":"https:\/\/www.meydan.tv\/az\/"},{"@type":"ListItem","position":2,"name":"M\u0259d\u0259niyy\u0259t","item":"https:\/\/www.meydan.tv\/az\/section\/medeniyyet\/"},{"@type":"ListItem","position":3,"name":"\u201cFulya\u201d s\u0259n\u0259dli filminin \u00e7\u0259kili\u015fl\u0259rin\u0259 ba\u015flan\u0131ld\u0131"}]},{"@type":"WebSite","@id":"https:\/\/www.meydan.tv\/az\/#website","url":"https:\/\/www.meydan.tv\/az\/","name":"MEYDAN.TV","description":"Meydan TV Az\u0259rbaycan\u0131n media m\u0259kan\u0131ndak\u0131 alternativ s\u0259sidir","publisher":{"@id":"https:\/\/www.meydan.tv\/az\/#organization"},"potentialAction":[{"@type":"SearchAction","target":{"@type":"EntryPoint","urlTemplate":"https:\/\/www.meydan.tv\/az\/?s={search_term_string}"},"query-input":{"@type":"PropertyValueSpecification","valueRequired":true,"valueName":"search_term_string"}}],"inLanguage":"az"},{"@type":"Organization","@id":"https:\/\/www.meydan.tv\/az\/#organization","name":"Meydan TV","url":"https:\/\/www.meydan.tv\/az\/","logo":{"@type":"ImageObject","inLanguage":"az","@id":"https:\/\/www.meydan.tv\/az\/#\/schema\/logo\/image\/","url":"https:\/\/www.meydan.tv\/wp-content\/uploads\/2021\/07\/meydan-logo.svg","contentUrl":"https:\/\/www.meydan.tv\/wp-content\/uploads\/2021\/07\/meydan-logo.svg","width":195,"height":46,"caption":"Meydan TV"},"image":{"@id":"https:\/\/www.meydan.tv\/az\/#\/schema\/logo\/image\/"}},{"@type":"Person","@id":"https:\/\/www.meydan.tv\/az\/#\/schema\/person\/10d11eccf6da3662cf5fdab9806ea91a","name":"user-manager"}]}},"_links":{"self":[{"href":"https:\/\/www.meydan.tv\/az\/wp-json\/wp\/v2\/posts\/206760","targetHints":{"allow":["GET"]}}],"collection":[{"href":"https:\/\/www.meydan.tv\/az\/wp-json\/wp\/v2\/posts"}],"about":[{"href":"https:\/\/www.meydan.tv\/az\/wp-json\/wp\/v2\/types\/post"}],"author":[{"embeddable":true,"href":"https:\/\/www.meydan.tv\/az\/wp-json\/wp\/v2\/users\/11"}],"replies":[{"embeddable":true,"href":"https:\/\/www.meydan.tv\/az\/wp-json\/wp\/v2\/comments?post=206760"}],"version-history":[{"count":0,"href":"https:\/\/www.meydan.tv\/az\/wp-json\/wp\/v2\/posts\/206760\/revisions"}],"wp:featuredmedia":[{"embeddable":true,"href":"https:\/\/www.meydan.tv\/az\/wp-json\/wp\/v2\/media\/162330"}],"wp:attachment":[{"href":"https:\/\/www.meydan.tv\/az\/wp-json\/wp\/v2\/media?parent=206760"}],"wp:term":[{"taxonomy":"category","embeddable":true,"href":"https:\/\/www.meydan.tv\/az\/wp-json\/wp\/v2\/categories?post=206760"},{"taxonomy":"post_tag","embeddable":true,"href":"https:\/\/www.meydan.tv\/az\/wp-json\/wp\/v2\/tags?post=206760"}],"curies":[{"name":"wp","href":"https:\/\/api.w.org\/{rel}","templated":true}]}}