{"id":206739,"date":"2021-06-15T11:03:08","date_gmt":"2021-06-15T11:03:08","guid":{"rendered":"https:\/\/www.meydan.tv\/article\/afaq-besirqizi-musiqili-teatrin-cibi-bos-deyil\/"},"modified":"2021-06-15T11:03:08","modified_gmt":"2021-06-15T11:03:08","slug":"afaq-besirqizi-musiqili-teatrin-cibi-bos-deyil","status":"publish","type":"post","link":"https:\/\/www.meydan.tv\/az\/article\/afaq-besirqizi-musiqili-teatrin-cibi-bos-deyil\/","title":{"rendered":"Afaq B\u0259\u015firq\u0131z\u0131: Musiqili Teatr\u0131n \u201ccibi bo\u015f\u201d deyil"},"content":{"rendered":"<p>\n  <i><br \/>\n    &quot;Teatrlar\u0131n f\u0259aliyy\u0259ti b\u0259rpa olunduqdan sonra yeni \u0259s\u0259rl\u0259r s\u0259hn\u0259l\u0259\u015fdirilm\u0259lidir&quot;<br \/>\n  <\/i>\n<\/p>\n<p>\n  &quot;Teatrlar a\u00e7\u0131landan sonra m\u0259suliyy\u0259t daha da artacaq. Bu i\u015f sistemli \u015f\u0259kild\u0259 apar\u0131lmal\u0131d\u0131r&quot;.\n<\/p>\n<p>\n  Xalq artisti, Az\u0259rbaycan D\u00f6vl\u0259t Musiqili Teatr\u0131n\u0131n aktrisas\u0131 Afaq B\u0259\u015firq\u0131z\u0131 Meydan TV-y\u0259 bel\u0259 deyib.\n<\/p>\n<p>\n  O d\u00fc\u015f\u00fcn\u00fcr ki, teatrlar\u0131n f\u0259aliyy\u0259ti b\u0259rpa olunduqdan sonra yeni \u0259s\u0259rl\u0259r s\u0259hn\u0259l\u0259\u015fdirilm\u0259lidir.\n<\/p>\n<p>\n  Aktrisa teatrlara yenid\u0259n tama\u015fa\u00e7\u0131 c\u0259lb etm\u0259yin yolunu yeni tama\u015falarda g\u00f6r\u00fcr: &quot;Konsepsiyan\u0131n haz\u0131rlanmas\u0131 yarad\u0131c\u0131 hey\u0259t v\u0259 teatr r\u0259hb\u0259rinin \u00fcz\u0259rin\u0259 d\u00fc\u015f\u00fcr. Burada \u0259sas repertuard\u0131r. Dramaturqlar c\u0259lb olunmal\u0131d\u0131r. Yeni \u0259s\u0259rl\u0259r s\u0259hn\u0259l\u0259\u015fdirilm\u0259lidir. Tama\u015fa\u00e7\u0131n\u0131 yenid\u0259n teatra qaytarmaq, onun arxay\u0131nl\u0131\u011f\u0131n\u0131 t\u0259min etm\u0259k &#8211; b\u00fct\u00fcn bunlar ham\u0131s\u0131 \u00e7ox m\u0259suliyy\u0259tli bir i\u015fdir. Musiqili Teatr\u0131n \u201ccibi bo\u015f\u201d deyil. Teatr\u0131n bir \u00e7ox maraql\u0131 tama\u015falar\u0131 var. S\u00f6hb\u0259t m\u0259hz maraql\u0131 tama\u015falardan gedir. El\u0259 buna g\u00f6r\u0259dir ki, teatr\u0131m\u0131z tama\u015fa\u00e7\u0131 sar\u0131dan he\u00e7 vaxt korluq \u00e7\u0259km\u0259yib. M\u0259n\u0259 el\u0259 g\u0259lir ki, h\u0259r \u015fey yax\u015f\u0131 olmal\u0131d\u0131r. Teatrlar\u0131n yenid\u0259n f\u0259aliyy\u0259t\u0259 ba\u015flamas\u0131 aktyorlar \u00fc\u00e7\u00fcn b\u00f6y\u00fck bir bayramd\u0131r\u201d.\n<\/p>\n<p>\n  M\u0259d\u0259niyy\u0259t naziri Anar K\u0259rimov teatrlar\u0131n f\u0259aliyy\u0259tin\u0259 qoyulan m\u0259hdudiyy\u0259tin yax\u0131n zamanda aradan qalxma ehtimal\u0131n\u0131n oldu\u011funu<br \/>\n  <a href=\"https:\/\/d9mc3ts4czbpr.cloudfront.net\/az\/article\/anar-kerimov-umidle-teatrlarin-acilmasini-gozleyirik\/?ref=list-culture\"><br \/>\n    deyib<br \/>\n  <\/a><br \/>\n  .\n<\/p>\n<p>\n  \u201c\u00dcmid edirik ki, teatrlar\u0131n a\u00e7\u0131lmas\u0131 il\u0259 ba\u011fl\u0131 xo\u015f x\u0259b\u0259rl\u0259rimiz olacaq. M\u00fcsb\u0259t tendensiya hiss edirik, haz\u0131rla\u015f\u0131r\u0131q v\u0259 \u00fcmidl\u0259 teatrlar\u0131n a\u00e7\u0131lmas\u0131n\u0131 g\u00f6zl\u0259yirik. Amma bu, birba\u015fa bizim deyil, Operativ Q\u0259rargah\u0131n q\u0259rarlar\u0131na ba\u011fl\u0131 m\u0259s\u0259l\u0259dir\u201d, &#8211; nazir bildirib.\n<\/p>\n<p>\n  Teatr\u015f\u00fcnaslar\u0131n fikrinc\u0259, teatrlar\u0131n uzun m\u00fcdd\u0259t f\u0259aliyy\u0259tsiz qalma\u011f\u0131 n\u0259inki aktyorlar, h\u0259tta tama\u015fa\u00e7\u0131lar \u00fc\u00e7\u00fcn d\u0259 yarad\u0131c\u0131 atmosverin itm\u0259sin\u0259 s\u0259b\u0259b olacaq. Pandemiyadan sonra tama\u015fa\u00e7\u0131n\u0131 teatra qaytarmaq \u00e7\u0259tin olacaq.\n<\/p>\n<p>\n  \u018fm\u0259kdar artist, Az\u0259rbaycan D\u00f6vl\u0259t Akademik Milli Dram Teatr\u0131n\u0131n aktrsas\u0131 S\u0259nub\u0259r \u0130sg\u0259nd\u0259rli is\u0259 deyir ki, teatr v\u0259 tama\u015falar \u00fc\u00e7\u00fcn dar\u0131xanlar\u0131 pandemiya saxlamayacaq. Onlar yen\u0259 d\u0259 tama\u015falara baxma\u011fa g\u0259l\u0259c\u0259k: \u201cTeatrlar\u0131n a\u00e7\u0131lma\u011f\u0131n\u0131 b\u00f6y\u00fck s\u0259brsizlikl\u0259 g\u00f6zl\u0259yirik. S\u0259n\u0259t adam\u0131 \u00fc\u00e7\u00fcn s\u0259hn\u0259siz qalmaq \u00e7\u0259tindir. Biz d\u0259 idman\u00e7\u0131lar kimi daim formada olmal\u0131y\u0131q. H\u0259mi\u015f\u0259 s\u0259hn\u0259d\u0259, m\u0259\u015fql\u0259rd\u0259 olmal\u0131y\u0131q ki, i\u015fimizi yad\u0131r\u011famayaq. Bu yax\u0131nlarda h\u0259mkarlar\u0131mdan biri il\u0259 telefonda dan\u0131\u015f\u0131rd\u0131q. Soru\u015fdu ki, filan tama\u015fan\u0131n s\u00f6zl\u0259ri yad\u0131ndad\u0131r? Dedim ki, bax, indi yad\u0131ma sala bilm\u0259r\u0259m. Amma s\u0259hn\u0259y\u0259 aya\u011f\u0131m\u0131 basan kimi yad\u0131ma d\u00fc\u015f\u0259c\u0259k. Teatr s\u0259hn\u0259si o q\u0259d\u0259r cazib\u0259li, m\u00f6ht\u0259\u015f\u0259m m\u0259kand\u0131r ki, h\u0259tta q\u0131rx d\u0259r\u0259c\u0259 q\u0131zd\u0131rma il\u0259 oynam\u0131\u015f\u0131q. Q\u0131zd\u0131rmam\u0131z h\u0259min anda ke\u00e7irdi, x\u0259st\u0259lik yaddan \u00e7\u0131x\u0131rd\u0131. Teatrlar n\u0259 q\u0259d\u0259r tez a\u00e7\u0131lsa, biz d\u0259 i\u015f\u0259 tez giri\u015f\u0259rik. Dar\u0131xd\u0131\u011f\u0131m\u0131z \u00fc\u00e7\u00fcn d\u0259 \u0259lbir olub, i\u015fimizi tez yoluna qoya bil\u0259rik\u201d.\n<\/p>\n<figure class=\"wp-block-image size-large\">\n  <img decoding=\"async\" src=\"https:\/\/www.meydan.tv\/az\/218908_1vhjri9i8a-jpg\/\" alt=\"218908_1vhjri9i8a.jpg\" class=\"wp-image-162255\"\/><figcaption>\n    S\u0259nub\u0259r \u0130sg\u0259nd\u0259rli<br \/>\n  <\/figcaption><\/figure>\n<p>\n  \u201cPandemiya m\u00fcdd\u0259tind\u0259 iki seriala \u00e7\u0259kildim, x\u0131rda layih\u0259l\u0259r oldu. Amma bununla bel\u0259, g\u00f6z\u00fcm teatr\u0131n qap\u0131s\u0131nda, fikrim teatr\u0131n s\u0259hn\u0259sind\u0259 qald\u0131. Teatrs\u0131z bunlar\u0131n m\u0259nim \u00fc\u00e7\u00fcn \u00f6n\u0259mi, mara\u011f\u0131 olmad\u0131. Teatr aktyoru n\u0259 q\u0259d\u0259r film\u0259, seriala \u00e7\u0259kils\u0259 d\u0259 teatr\u0131 onun \u0259lind\u0259n alanda, g\u00f6z\u00fcn\u0259 he\u00e7 n\u0259 g\u00f6r\u00fcnm\u00fcr. T\u0259k m\u0259n yox, b\u00fct\u00fcn teatr aktyorlar\u0131 bel\u0259 d\u00fc\u015f\u00fcn\u00fcr\u201d, &#8211; aktrisa bel\u0259 deyir.\n<\/p>\n<p>\n  S\u0259nub\u0259r \u0130sg\u0259nd\u0259rli hesab edir ki, teatr\u0131n daimi tama\u015fa\u00e7\u0131lar\u0131 var: &quot;M\u0259n\u0259 yaz\u0131rlar, z\u0259ng edirl\u0259r ki, tama\u015falar \u00fc\u00e7\u00fcn \u00e7ox dar\u0131xm\u0131\u015f\u0131q. \u0130nan\u0131ram ki, teatra g\u0259l\u0259n olacaq. \u0130lk vaxtlar yoluxmadan \u00e7\u0259kin\u0259nl\u0259r ola bil\u0259r. Bunun da \u00e7\u0131x\u0131\u015f yolu var. T\u00fcrkiy\u0259, Rusiya teatrlar\u0131nda tama\u015fa\u00e7\u0131lar\u0131 m\u0259saf\u0259 saxlayaraq \u0259yl\u0259\u015fdirirl\u0259r. H\u0259r halda, buna zaman, vaxt laz\u0131md\u0131r. Ham\u0131s\u0131 yoluna d\u00fc\u015f\u0259c\u0259k\u201d.\n<\/p>\n<p>\n  Az\u0259rbaycanda bir ild\u0259n \u00e7oxdur teatrlar\u0131n f\u0259aliyy\u0259ti dayand\u0131r\u0131l\u0131b.\n<\/p>\n<p>\n  Pandemiya d\u00f6vr\u00fcnd\u0259 b\u0259zi teatrlar tama\u015falar\u0131n\u0131 onlayn platformalar vasit\u0259sil\u0259 n\u00fcmayi\u015f etdirir.<\/p>\n","protected":false},"excerpt":{"rendered":"<p>\u201cPandemiya m\u00fcdd\u0259tind\u0259 iki seriala \u00e7\u0259kildim, x\u0131rda layih\u0259l\u0259r oldu. Amma bununla bel\u0259, g\u00f6z\u00fcm teatr\u0131n qap\u0131s\u0131nda, fikrim teatr\u0131n s\u0259hn\u0259sind\u0259 qald\u0131&#8221;.<\/p>\n","protected":false},"author":11,"featured_media":162249,"comment_status":"closed","ping_status":"open","sticky":false,"template":"","format":"standard","meta":{"_acf_changed":false,"_sitemap_exclude":false,"_sitemap_priority":"","_sitemap_frequency":"","footnotes":""},"categories":[52],"tags":[],"class_list":["post-206739","post","type-post","status-publish","format-standard","has-post-thumbnail","hentry","category-medeniyyet","infinite-scroll-item","generate-columns","tablet-grid-50","mobile-grid-100","grid-parent","grid-33","no-featured-image-padding"],"acf":[],"yoast_head":"<!-- This site is optimized with the Yoast SEO plugin v27.4 - https:\/\/yoast.com\/product\/yoast-seo-wordpress\/ -->\n<title>Afaq B\u0259\u015firq\u0131z\u0131: Musiqili Teatr\u0131n \u201ccibi bo\u015f\u201d deyil - MEYDAN.TV<\/title>\n<meta name=\"robots\" content=\"index, follow, max-snippet:-1, max-image-preview:large, max-video-preview:-1\" \/>\n<link rel=\"canonical\" href=\"https:\/\/www.meydan.tv\/az\/article\/afaq-besirqizi-musiqili-teatrin-cibi-bos-deyil\/\" \/>\n<meta property=\"og:locale\" content=\"az_AZ\" \/>\n<meta property=\"og:type\" content=\"article\" \/>\n<meta property=\"og:title\" content=\"Afaq B\u0259\u015firq\u0131z\u0131: Musiqili Teatr\u0131n \u201ccibi bo\u015f\u201d deyil - MEYDAN.TV\" \/>\n<meta property=\"og:description\" content=\"\u201cPandemiya m\u00fcdd\u0259tind\u0259 iki seriala \u00e7\u0259kildim, x\u0131rda layih\u0259l\u0259r oldu. Amma bununla bel\u0259, g\u00f6z\u00fcm teatr\u0131n qap\u0131s\u0131nda, fikrim teatr\u0131n s\u0259hn\u0259sind\u0259 qald\u0131&quot;.\" \/>\n<meta property=\"og:url\" content=\"https:\/\/www.meydan.tv\/az\/article\/afaq-besirqizi-musiqili-teatrin-cibi-bos-deyil\/\" \/>\n<meta property=\"og:site_name\" content=\"MEYDAN.TV\" \/>\n<meta property=\"article:published_time\" content=\"2021-06-15T11:03:08+00:00\" \/>\n<meta property=\"og:image\" content=\"https:\/\/www.meydan.tv\/wp-content\/uploads\/afaq_besirqizi.jpg\" \/>\n\t<meta property=\"og:image:width\" content=\"800\" \/>\n\t<meta property=\"og:image:height\" content=\"600\" \/>\n\t<meta property=\"og:image:type\" content=\"image\/jpeg\" \/>\n<meta name=\"author\" content=\"user-manager\" \/>\n<meta name=\"twitter:card\" content=\"summary_large_image\" \/>\n<script type=\"application\/ld+json\" class=\"yoast-schema-graph\">{\"@context\":\"https:\\\/\\\/schema.org\",\"@graph\":[{\"@type\":\"Article\",\"@id\":\"https:\\\/\\\/www.meydan.tv\\\/az\\\/article\\\/afaq-besirqizi-musiqili-teatrin-cibi-bos-deyil\\\/#article\",\"isPartOf\":{\"@id\":\"https:\\\/\\\/www.meydan.tv\\\/az\\\/article\\\/afaq-besirqizi-musiqili-teatrin-cibi-bos-deyil\\\/\"},\"author\":{\"name\":\"user-manager\",\"@id\":\"https:\\\/\\\/www.meydan.tv\\\/az\\\/#\\\/schema\\\/person\\\/10d11eccf6da3662cf5fdab9806ea91a\"},\"headline\":\"Afaq B\u0259\u015firq\u0131z\u0131: Musiqili Teatr\u0131n \u201ccibi bo\u015f\u201d deyil\",\"datePublished\":\"2021-06-15T11:03:08+00:00\",\"mainEntityOfPage\":{\"@id\":\"https:\\\/\\\/www.meydan.tv\\\/az\\\/article\\\/afaq-besirqizi-musiqili-teatrin-cibi-bos-deyil\\\/\"},\"wordCount\":797,\"publisher\":{\"@id\":\"https:\\\/\\\/www.meydan.tv\\\/az\\\/#organization\"},\"image\":{\"@id\":\"https:\\\/\\\/www.meydan.tv\\\/az\\\/article\\\/afaq-besirqizi-musiqili-teatrin-cibi-bos-deyil\\\/#primaryimage\"},\"thumbnailUrl\":\"https:\\\/\\\/www.meydan.tv\\\/wp-content\\\/uploads\\\/afaq_besirqizi.jpg\",\"articleSection\":[\"M\u0259d\u0259niyy\u0259t\"],\"inLanguage\":\"az\"},{\"@type\":\"WebPage\",\"@id\":\"https:\\\/\\\/www.meydan.tv\\\/az\\\/article\\\/afaq-besirqizi-musiqili-teatrin-cibi-bos-deyil\\\/\",\"url\":\"https:\\\/\\\/www.meydan.tv\\\/az\\\/article\\\/afaq-besirqizi-musiqili-teatrin-cibi-bos-deyil\\\/\",\"name\":\"Afaq B\u0259\u015firq\u0131z\u0131: Musiqili Teatr\u0131n \u201ccibi bo\u015f\u201d deyil - MEYDAN.TV\",\"isPartOf\":{\"@id\":\"https:\\\/\\\/www.meydan.tv\\\/az\\\/#website\"},\"primaryImageOfPage\":{\"@id\":\"https:\\\/\\\/www.meydan.tv\\\/az\\\/article\\\/afaq-besirqizi-musiqili-teatrin-cibi-bos-deyil\\\/#primaryimage\"},\"image\":{\"@id\":\"https:\\\/\\\/www.meydan.tv\\\/az\\\/article\\\/afaq-besirqizi-musiqili-teatrin-cibi-bos-deyil\\\/#primaryimage\"},\"thumbnailUrl\":\"https:\\\/\\\/www.meydan.tv\\\/wp-content\\\/uploads\\\/afaq_besirqizi.jpg\",\"datePublished\":\"2021-06-15T11:03:08+00:00\",\"breadcrumb\":{\"@id\":\"https:\\\/\\\/www.meydan.tv\\\/az\\\/article\\\/afaq-besirqizi-musiqili-teatrin-cibi-bos-deyil\\\/#breadcrumb\"},\"inLanguage\":\"az\",\"potentialAction\":[{\"@type\":\"ReadAction\",\"target\":[\"https:\\\/\\\/www.meydan.tv\\\/az\\\/article\\\/afaq-besirqizi-musiqili-teatrin-cibi-bos-deyil\\\/\"]}]},{\"@type\":\"ImageObject\",\"inLanguage\":\"az\",\"@id\":\"https:\\\/\\\/www.meydan.tv\\\/az\\\/article\\\/afaq-besirqizi-musiqili-teatrin-cibi-bos-deyil\\\/#primaryimage\",\"url\":\"https:\\\/\\\/www.meydan.tv\\\/wp-content\\\/uploads\\\/afaq_besirqizi.jpg\",\"contentUrl\":\"https:\\\/\\\/www.meydan.tv\\\/wp-content\\\/uploads\\\/afaq_besirqizi.jpg\",\"width\":800,\"height\":600,\"caption\":\"Source: Specify Source\"},{\"@type\":\"BreadcrumbList\",\"@id\":\"https:\\\/\\\/www.meydan.tv\\\/az\\\/article\\\/afaq-besirqizi-musiqili-teatrin-cibi-bos-deyil\\\/#breadcrumb\",\"itemListElement\":[{\"@type\":\"ListItem\",\"position\":1,\"name\":\"Ana s\u0259hif\u0259\",\"item\":\"https:\\\/\\\/www.meydan.tv\\\/az\\\/\"},{\"@type\":\"ListItem\",\"position\":2,\"name\":\"M\u0259d\u0259niyy\u0259t\",\"item\":\"https:\\\/\\\/www.meydan.tv\\\/az\\\/section\\\/medeniyyet\\\/\"},{\"@type\":\"ListItem\",\"position\":3,\"name\":\"Afaq B\u0259\u015firq\u0131z\u0131: Musiqili Teatr\u0131n \u201ccibi bo\u015f\u201d deyil\"}]},{\"@type\":\"WebSite\",\"@id\":\"https:\\\/\\\/www.meydan.tv\\\/az\\\/#website\",\"url\":\"https:\\\/\\\/www.meydan.tv\\\/az\\\/\",\"name\":\"MEYDAN.TV\",\"description\":\"Meydan TV Az\u0259rbaycan\u0131n media m\u0259kan\u0131ndak\u0131 alternativ s\u0259sidir\",\"publisher\":{\"@id\":\"https:\\\/\\\/www.meydan.tv\\\/az\\\/#organization\"},\"potentialAction\":[{\"@type\":\"SearchAction\",\"target\":{\"@type\":\"EntryPoint\",\"urlTemplate\":\"https:\\\/\\\/www.meydan.tv\\\/az\\\/?s={search_term_string}\"},\"query-input\":{\"@type\":\"PropertyValueSpecification\",\"valueRequired\":true,\"valueName\":\"search_term_string\"}}],\"inLanguage\":\"az\"},{\"@type\":\"Organization\",\"@id\":\"https:\\\/\\\/www.meydan.tv\\\/az\\\/#organization\",\"name\":\"Meydan TV\",\"url\":\"https:\\\/\\\/www.meydan.tv\\\/az\\\/\",\"logo\":{\"@type\":\"ImageObject\",\"inLanguage\":\"az\",\"@id\":\"https:\\\/\\\/www.meydan.tv\\\/az\\\/#\\\/schema\\\/logo\\\/image\\\/\",\"url\":\"https:\\\/\\\/www.meydan.tv\\\/wp-content\\\/uploads\\\/2021\\\/07\\\/meydan-logo.svg\",\"contentUrl\":\"https:\\\/\\\/www.meydan.tv\\\/wp-content\\\/uploads\\\/2021\\\/07\\\/meydan-logo.svg\",\"width\":195,\"height\":46,\"caption\":\"Meydan TV\"},\"image\":{\"@id\":\"https:\\\/\\\/www.meydan.tv\\\/az\\\/#\\\/schema\\\/logo\\\/image\\\/\"}},{\"@type\":\"Person\",\"@id\":\"https:\\\/\\\/www.meydan.tv\\\/az\\\/#\\\/schema\\\/person\\\/10d11eccf6da3662cf5fdab9806ea91a\",\"name\":\"user-manager\"}]}<\/script>\n<!-- \/ Yoast SEO plugin. -->","yoast_head_json":{"title":"Afaq B\u0259\u015firq\u0131z\u0131: Musiqili Teatr\u0131n \u201ccibi bo\u015f\u201d deyil - MEYDAN.TV","robots":{"index":"index","follow":"follow","max-snippet":"max-snippet:-1","max-image-preview":"max-image-preview:large","max-video-preview":"max-video-preview:-1"},"canonical":"https:\/\/www.meydan.tv\/az\/article\/afaq-besirqizi-musiqili-teatrin-cibi-bos-deyil\/","og_locale":"az_AZ","og_type":"article","og_title":"Afaq B\u0259\u015firq\u0131z\u0131: Musiqili Teatr\u0131n \u201ccibi bo\u015f\u201d deyil - MEYDAN.TV","og_description":"\u201cPandemiya m\u00fcdd\u0259tind\u0259 iki seriala \u00e7\u0259kildim, x\u0131rda layih\u0259l\u0259r oldu. Amma bununla bel\u0259, g\u00f6z\u00fcm teatr\u0131n qap\u0131s\u0131nda, fikrim teatr\u0131n s\u0259hn\u0259sind\u0259 qald\u0131\".","og_url":"https:\/\/www.meydan.tv\/az\/article\/afaq-besirqizi-musiqili-teatrin-cibi-bos-deyil\/","og_site_name":"MEYDAN.TV","article_published_time":"2021-06-15T11:03:08+00:00","og_image":[{"width":800,"height":600,"url":"https:\/\/www.meydan.tv\/wp-content\/uploads\/afaq_besirqizi.jpg","type":"image\/jpeg"}],"author":"user-manager","twitter_card":"summary_large_image","schema":{"@context":"https:\/\/schema.org","@graph":[{"@type":"Article","@id":"https:\/\/www.meydan.tv\/az\/article\/afaq-besirqizi-musiqili-teatrin-cibi-bos-deyil\/#article","isPartOf":{"@id":"https:\/\/www.meydan.tv\/az\/article\/afaq-besirqizi-musiqili-teatrin-cibi-bos-deyil\/"},"author":{"name":"user-manager","@id":"https:\/\/www.meydan.tv\/az\/#\/schema\/person\/10d11eccf6da3662cf5fdab9806ea91a"},"headline":"Afaq B\u0259\u015firq\u0131z\u0131: Musiqili Teatr\u0131n \u201ccibi bo\u015f\u201d deyil","datePublished":"2021-06-15T11:03:08+00:00","mainEntityOfPage":{"@id":"https:\/\/www.meydan.tv\/az\/article\/afaq-besirqizi-musiqili-teatrin-cibi-bos-deyil\/"},"wordCount":797,"publisher":{"@id":"https:\/\/www.meydan.tv\/az\/#organization"},"image":{"@id":"https:\/\/www.meydan.tv\/az\/article\/afaq-besirqizi-musiqili-teatrin-cibi-bos-deyil\/#primaryimage"},"thumbnailUrl":"https:\/\/www.meydan.tv\/wp-content\/uploads\/afaq_besirqizi.jpg","articleSection":["M\u0259d\u0259niyy\u0259t"],"inLanguage":"az"},{"@type":"WebPage","@id":"https:\/\/www.meydan.tv\/az\/article\/afaq-besirqizi-musiqili-teatrin-cibi-bos-deyil\/","url":"https:\/\/www.meydan.tv\/az\/article\/afaq-besirqizi-musiqili-teatrin-cibi-bos-deyil\/","name":"Afaq B\u0259\u015firq\u0131z\u0131: Musiqili Teatr\u0131n \u201ccibi bo\u015f\u201d deyil - MEYDAN.TV","isPartOf":{"@id":"https:\/\/www.meydan.tv\/az\/#website"},"primaryImageOfPage":{"@id":"https:\/\/www.meydan.tv\/az\/article\/afaq-besirqizi-musiqili-teatrin-cibi-bos-deyil\/#primaryimage"},"image":{"@id":"https:\/\/www.meydan.tv\/az\/article\/afaq-besirqizi-musiqili-teatrin-cibi-bos-deyil\/#primaryimage"},"thumbnailUrl":"https:\/\/www.meydan.tv\/wp-content\/uploads\/afaq_besirqizi.jpg","datePublished":"2021-06-15T11:03:08+00:00","breadcrumb":{"@id":"https:\/\/www.meydan.tv\/az\/article\/afaq-besirqizi-musiqili-teatrin-cibi-bos-deyil\/#breadcrumb"},"inLanguage":"az","potentialAction":[{"@type":"ReadAction","target":["https:\/\/www.meydan.tv\/az\/article\/afaq-besirqizi-musiqili-teatrin-cibi-bos-deyil\/"]}]},{"@type":"ImageObject","inLanguage":"az","@id":"https:\/\/www.meydan.tv\/az\/article\/afaq-besirqizi-musiqili-teatrin-cibi-bos-deyil\/#primaryimage","url":"https:\/\/www.meydan.tv\/wp-content\/uploads\/afaq_besirqizi.jpg","contentUrl":"https:\/\/www.meydan.tv\/wp-content\/uploads\/afaq_besirqizi.jpg","width":800,"height":600,"caption":"Source: Specify Source"},{"@type":"BreadcrumbList","@id":"https:\/\/www.meydan.tv\/az\/article\/afaq-besirqizi-musiqili-teatrin-cibi-bos-deyil\/#breadcrumb","itemListElement":[{"@type":"ListItem","position":1,"name":"Ana s\u0259hif\u0259","item":"https:\/\/www.meydan.tv\/az\/"},{"@type":"ListItem","position":2,"name":"M\u0259d\u0259niyy\u0259t","item":"https:\/\/www.meydan.tv\/az\/section\/medeniyyet\/"},{"@type":"ListItem","position":3,"name":"Afaq B\u0259\u015firq\u0131z\u0131: Musiqili Teatr\u0131n \u201ccibi bo\u015f\u201d deyil"}]},{"@type":"WebSite","@id":"https:\/\/www.meydan.tv\/az\/#website","url":"https:\/\/www.meydan.tv\/az\/","name":"MEYDAN.TV","description":"Meydan TV Az\u0259rbaycan\u0131n media m\u0259kan\u0131ndak\u0131 alternativ s\u0259sidir","publisher":{"@id":"https:\/\/www.meydan.tv\/az\/#organization"},"potentialAction":[{"@type":"SearchAction","target":{"@type":"EntryPoint","urlTemplate":"https:\/\/www.meydan.tv\/az\/?s={search_term_string}"},"query-input":{"@type":"PropertyValueSpecification","valueRequired":true,"valueName":"search_term_string"}}],"inLanguage":"az"},{"@type":"Organization","@id":"https:\/\/www.meydan.tv\/az\/#organization","name":"Meydan TV","url":"https:\/\/www.meydan.tv\/az\/","logo":{"@type":"ImageObject","inLanguage":"az","@id":"https:\/\/www.meydan.tv\/az\/#\/schema\/logo\/image\/","url":"https:\/\/www.meydan.tv\/wp-content\/uploads\/2021\/07\/meydan-logo.svg","contentUrl":"https:\/\/www.meydan.tv\/wp-content\/uploads\/2021\/07\/meydan-logo.svg","width":195,"height":46,"caption":"Meydan TV"},"image":{"@id":"https:\/\/www.meydan.tv\/az\/#\/schema\/logo\/image\/"}},{"@type":"Person","@id":"https:\/\/www.meydan.tv\/az\/#\/schema\/person\/10d11eccf6da3662cf5fdab9806ea91a","name":"user-manager"}]}},"_links":{"self":[{"href":"https:\/\/www.meydan.tv\/az\/wp-json\/wp\/v2\/posts\/206739","targetHints":{"allow":["GET"]}}],"collection":[{"href":"https:\/\/www.meydan.tv\/az\/wp-json\/wp\/v2\/posts"}],"about":[{"href":"https:\/\/www.meydan.tv\/az\/wp-json\/wp\/v2\/types\/post"}],"author":[{"embeddable":true,"href":"https:\/\/www.meydan.tv\/az\/wp-json\/wp\/v2\/users\/11"}],"replies":[{"embeddable":true,"href":"https:\/\/www.meydan.tv\/az\/wp-json\/wp\/v2\/comments?post=206739"}],"version-history":[{"count":0,"href":"https:\/\/www.meydan.tv\/az\/wp-json\/wp\/v2\/posts\/206739\/revisions"}],"wp:featuredmedia":[{"embeddable":true,"href":"https:\/\/www.meydan.tv\/az\/wp-json\/wp\/v2\/media\/162249"}],"wp:attachment":[{"href":"https:\/\/www.meydan.tv\/az\/wp-json\/wp\/v2\/media?parent=206739"}],"wp:term":[{"taxonomy":"category","embeddable":true,"href":"https:\/\/www.meydan.tv\/az\/wp-json\/wp\/v2\/categories?post=206739"},{"taxonomy":"post_tag","embeddable":true,"href":"https:\/\/www.meydan.tv\/az\/wp-json\/wp\/v2\/tags?post=206739"}],"curies":[{"name":"wp","href":"https:\/\/api.w.org\/{rel}","templated":true}]}}