{"id":206736,"date":"2021-06-15T08:56:28","date_gmt":"2021-06-15T08:56:28","guid":{"rendered":"https:\/\/www.meydan.tv\/article\/anar-kerimov-umidle-teatrlarin-acilmasini-gozleyirik\/"},"modified":"2021-06-15T08:56:28","modified_gmt":"2021-06-15T08:56:28","slug":"anar-kerimov-umidle-teatrlarin-acilmasini-gozleyirik","status":"publish","type":"post","link":"https:\/\/www.meydan.tv\/az\/article\/anar-kerimov-umidle-teatrlarin-acilmasini-gozleyirik\/","title":{"rendered":"Anar K\u0259rimov: \u00dcmidl\u0259 teatrlar\u0131n a\u00e7\u0131lmas\u0131n\u0131 g\u00f6zl\u0259yirik"},"content":{"rendered":"<p>\n  <i><br \/>\n    \u201cM\u00fcsb\u0259t tendensiya hiss edirik\u201d<br \/>\n  <\/i>\n<\/p>\n<p>\n  \u201c\u00dcmid edirik ki, teatrlar\u0131n a\u00e7\u0131lmas\u0131 il\u0259 ba\u011fl\u0131 xo\u015f x\u0259b\u0259rl\u0259rimiz olacaq. M\u00fcsb\u0259t tendensiya hiss edirik, haz\u0131rla\u015f\u0131r\u0131q v\u0259 \u00fcmidl\u0259 teatrlar\u0131n a\u00e7\u0131lmas\u0131n\u0131 g\u00f6zl\u0259yirik. Amma bu, birba\u015fa bizim deyil, Operativ Q\u0259rargah\u0131n q\u0259rarlar\u0131na ba\u011fl\u0131 m\u0259s\u0259l\u0259dir\u201d.\n<\/p>\n<p>\n  Bunu m\u0259d\u0259niyy\u0259t naziri Anar K\u0259rimov Milli Xal\u00e7a Muzeyind\u0259 ke\u00e7iril\u0259n t\u0259dbir zaman\u0131 jurnalistl\u0259r\u0259 a\u00e7\u0131qlamas\u0131nda bildirib.\n<\/p>\n<p>\n  Nazir qeyd edib ki, yax\u0131n g\u00fcnl\u0259rd\u0259 m\u00fcsb\u0259t x\u0259b\u0259rl\u0259r olacaq.\n<\/p>\n<p>\n  Anar K\u0259rimov 2021-ci il mart\u0131n 10-u Milli Teatr G\u00fcn\u00fcnd\u0259 Az\u0259rbaycanda teatrlar\u0131n bu ilin sonuna kimi a\u00e7\u0131lmaq ehtimal\u0131n\u0131n oldu\u011funu bildirmi\u015fdi.\n<\/p>\n<p>\n  Pandemiya il\u0259 \u0259laq\u0259dar bir ild\u0259n \u00e7oxdur Az\u0259rbaycanda teatrlar\u0131n f\u0259aliyy\u0259ti dayan\u0131b.\n<\/p>\n<p>\n  \u00d6lk\u0259 teatrlar\u0131 virtual tama\u015falar n\u00fcmayi\u015f etdirir.\n<\/p>\n<p>\n  \u018flav\u0259 ed\u0259k ki, bu g\u00fcn Milli Xal\u00e7a Muzeyind\u0259 Prezident \u0130lham \u018fliyevin m\u00fcvafiq s\u0259r\u0259ncamlar\u0131 il\u0259 t\u0259ltif edilmi\u015f bir qrup m\u0259d\u0259niyy\u0259t v\u0259 inc\u0259s\u0259n\u0259t xadiml\u0259rin\u0259 \u201c\u0130stiqlal\u201d, \u201c\u015e\u00f6hr\u0259t\u201d, \u201c\u015e\u0259r\u0259f\u201d ordenl\u0259ri v\u0259 dig\u0259r m\u00fckafatlar t\u0259qdim olunub.<\/p>\n","protected":false},"excerpt":{"rendered":"<p>\u201cM\u00fcsb\u0259t tendensiya hiss edirik\u201d<\/p>\n","protected":false},"author":11,"featured_media":144785,"comment_status":"closed","ping_status":"open","sticky":false,"template":"","format":"standard","meta":{"_acf_changed":false,"_sitemap_exclude":false,"_sitemap_priority":"","_sitemap_frequency":"","footnotes":""},"categories":[52],"tags":[],"class_list":["post-206736","post","type-post","status-publish","format-standard","has-post-thumbnail","hentry","category-medeniyyet","infinite-scroll-item","generate-columns","tablet-grid-50","mobile-grid-100","grid-parent","grid-33","no-featured-image-padding"],"acf":[],"yoast_head":"<!-- This site is optimized with the Yoast SEO plugin v27.4 - https:\/\/yoast.com\/product\/yoast-seo-wordpress\/ -->\n<title>Anar K\u0259rimov: \u00dcmidl\u0259 teatrlar\u0131n a\u00e7\u0131lmas\u0131n\u0131 g\u00f6zl\u0259yirik - MEYDAN.TV<\/title>\n<meta name=\"robots\" content=\"index, follow, max-snippet:-1, max-image-preview:large, max-video-preview:-1\" \/>\n<link rel=\"canonical\" href=\"https:\/\/www.meydan.tv\/az\/article\/anar-kerimov-umidle-teatrlarin-acilmasini-gozleyirik\/\" \/>\n<meta property=\"og:locale\" content=\"az_AZ\" \/>\n<meta property=\"og:type\" content=\"article\" \/>\n<meta property=\"og:title\" content=\"Anar K\u0259rimov: \u00dcmidl\u0259 teatrlar\u0131n a\u00e7\u0131lmas\u0131n\u0131 g\u00f6zl\u0259yirik - MEYDAN.TV\" \/>\n<meta property=\"og:description\" content=\"\u201cM\u00fcsb\u0259t tendensiya hiss edirik\u201d\" \/>\n<meta property=\"og:url\" content=\"https:\/\/www.meydan.tv\/az\/article\/anar-kerimov-umidle-teatrlarin-acilmasini-gozleyirik\/\" \/>\n<meta property=\"og:site_name\" content=\"MEYDAN.TV\" \/>\n<meta property=\"article:published_time\" content=\"2021-06-15T08:56:28+00:00\" \/>\n<meta property=\"og:image\" content=\"https:\/\/www.meydan.tv\/wp-content\/uploads\/14817138433447938276.jpg\" \/>\n\t<meta property=\"og:image:width\" content=\"852\" \/>\n\t<meta property=\"og:image:height\" content=\"541\" \/>\n\t<meta property=\"og:image:type\" content=\"image\/jpeg\" \/>\n<meta name=\"author\" content=\"user-manager\" \/>\n<meta name=\"twitter:card\" content=\"summary_large_image\" \/>\n<script type=\"application\/ld+json\" class=\"yoast-schema-graph\">{\"@context\":\"https:\\\/\\\/schema.org\",\"@graph\":[{\"@type\":\"Article\",\"@id\":\"https:\\\/\\\/www.meydan.tv\\\/az\\\/article\\\/anar-kerimov-umidle-teatrlarin-acilmasini-gozleyirik\\\/#article\",\"isPartOf\":{\"@id\":\"https:\\\/\\\/www.meydan.tv\\\/az\\\/article\\\/anar-kerimov-umidle-teatrlarin-acilmasini-gozleyirik\\\/\"},\"author\":{\"name\":\"user-manager\",\"@id\":\"https:\\\/\\\/www.meydan.tv\\\/az\\\/#\\\/schema\\\/person\\\/10d11eccf6da3662cf5fdab9806ea91a\"},\"headline\":\"Anar K\u0259rimov: \u00dcmidl\u0259 teatrlar\u0131n a\u00e7\u0131lmas\u0131n\u0131 g\u00f6zl\u0259yirik\",\"datePublished\":\"2021-06-15T08:56:28+00:00\",\"mainEntityOfPage\":{\"@id\":\"https:\\\/\\\/www.meydan.tv\\\/az\\\/article\\\/anar-kerimov-umidle-teatrlarin-acilmasini-gozleyirik\\\/\"},\"wordCount\":221,\"publisher\":{\"@id\":\"https:\\\/\\\/www.meydan.tv\\\/az\\\/#organization\"},\"image\":{\"@id\":\"https:\\\/\\\/www.meydan.tv\\\/az\\\/article\\\/anar-kerimov-umidle-teatrlarin-acilmasini-gozleyirik\\\/#primaryimage\"},\"thumbnailUrl\":\"https:\\\/\\\/www.meydan.tv\\\/wp-content\\\/uploads\\\/14817138433447938276.jpg\",\"articleSection\":[\"M\u0259d\u0259niyy\u0259t\"],\"inLanguage\":\"az\"},{\"@type\":\"WebPage\",\"@id\":\"https:\\\/\\\/www.meydan.tv\\\/az\\\/article\\\/anar-kerimov-umidle-teatrlarin-acilmasini-gozleyirik\\\/\",\"url\":\"https:\\\/\\\/www.meydan.tv\\\/az\\\/article\\\/anar-kerimov-umidle-teatrlarin-acilmasini-gozleyirik\\\/\",\"name\":\"Anar K\u0259rimov: \u00dcmidl\u0259 teatrlar\u0131n a\u00e7\u0131lmas\u0131n\u0131 g\u00f6zl\u0259yirik - MEYDAN.TV\",\"isPartOf\":{\"@id\":\"https:\\\/\\\/www.meydan.tv\\\/az\\\/#website\"},\"primaryImageOfPage\":{\"@id\":\"https:\\\/\\\/www.meydan.tv\\\/az\\\/article\\\/anar-kerimov-umidle-teatrlarin-acilmasini-gozleyirik\\\/#primaryimage\"},\"image\":{\"@id\":\"https:\\\/\\\/www.meydan.tv\\\/az\\\/article\\\/anar-kerimov-umidle-teatrlarin-acilmasini-gozleyirik\\\/#primaryimage\"},\"thumbnailUrl\":\"https:\\\/\\\/www.meydan.tv\\\/wp-content\\\/uploads\\\/14817138433447938276.jpg\",\"datePublished\":\"2021-06-15T08:56:28+00:00\",\"breadcrumb\":{\"@id\":\"https:\\\/\\\/www.meydan.tv\\\/az\\\/article\\\/anar-kerimov-umidle-teatrlarin-acilmasini-gozleyirik\\\/#breadcrumb\"},\"inLanguage\":\"az\",\"potentialAction\":[{\"@type\":\"ReadAction\",\"target\":[\"https:\\\/\\\/www.meydan.tv\\\/az\\\/article\\\/anar-kerimov-umidle-teatrlarin-acilmasini-gozleyirik\\\/\"]}]},{\"@type\":\"ImageObject\",\"inLanguage\":\"az\",\"@id\":\"https:\\\/\\\/www.meydan.tv\\\/az\\\/article\\\/anar-kerimov-umidle-teatrlarin-acilmasini-gozleyirik\\\/#primaryimage\",\"url\":\"https:\\\/\\\/www.meydan.tv\\\/wp-content\\\/uploads\\\/14817138433447938276.jpg\",\"contentUrl\":\"https:\\\/\\\/www.meydan.tv\\\/wp-content\\\/uploads\\\/14817138433447938276.jpg\",\"width\":852,\"height\":541,\"caption\":\"Foto: Azertac\"},{\"@type\":\"BreadcrumbList\",\"@id\":\"https:\\\/\\\/www.meydan.tv\\\/az\\\/article\\\/anar-kerimov-umidle-teatrlarin-acilmasini-gozleyirik\\\/#breadcrumb\",\"itemListElement\":[{\"@type\":\"ListItem\",\"position\":1,\"name\":\"Ana s\u0259hif\u0259\",\"item\":\"https:\\\/\\\/www.meydan.tv\\\/az\\\/\"},{\"@type\":\"ListItem\",\"position\":2,\"name\":\"M\u0259d\u0259niyy\u0259t\",\"item\":\"https:\\\/\\\/www.meydan.tv\\\/az\\\/section\\\/medeniyyet\\\/\"},{\"@type\":\"ListItem\",\"position\":3,\"name\":\"Anar K\u0259rimov: \u00dcmidl\u0259 teatrlar\u0131n a\u00e7\u0131lmas\u0131n\u0131 g\u00f6zl\u0259yirik\"}]},{\"@type\":\"WebSite\",\"@id\":\"https:\\\/\\\/www.meydan.tv\\\/az\\\/#website\",\"url\":\"https:\\\/\\\/www.meydan.tv\\\/az\\\/\",\"name\":\"MEYDAN.TV\",\"description\":\"Meydan TV Az\u0259rbaycan\u0131n media m\u0259kan\u0131ndak\u0131 alternativ s\u0259sidir\",\"publisher\":{\"@id\":\"https:\\\/\\\/www.meydan.tv\\\/az\\\/#organization\"},\"potentialAction\":[{\"@type\":\"SearchAction\",\"target\":{\"@type\":\"EntryPoint\",\"urlTemplate\":\"https:\\\/\\\/www.meydan.tv\\\/az\\\/?s={search_term_string}\"},\"query-input\":{\"@type\":\"PropertyValueSpecification\",\"valueRequired\":true,\"valueName\":\"search_term_string\"}}],\"inLanguage\":\"az\"},{\"@type\":\"Organization\",\"@id\":\"https:\\\/\\\/www.meydan.tv\\\/az\\\/#organization\",\"name\":\"Meydan TV\",\"url\":\"https:\\\/\\\/www.meydan.tv\\\/az\\\/\",\"logo\":{\"@type\":\"ImageObject\",\"inLanguage\":\"az\",\"@id\":\"https:\\\/\\\/www.meydan.tv\\\/az\\\/#\\\/schema\\\/logo\\\/image\\\/\",\"url\":\"https:\\\/\\\/www.meydan.tv\\\/wp-content\\\/uploads\\\/2021\\\/07\\\/meydan-logo.svg\",\"contentUrl\":\"https:\\\/\\\/www.meydan.tv\\\/wp-content\\\/uploads\\\/2021\\\/07\\\/meydan-logo.svg\",\"width\":195,\"height\":46,\"caption\":\"Meydan TV\"},\"image\":{\"@id\":\"https:\\\/\\\/www.meydan.tv\\\/az\\\/#\\\/schema\\\/logo\\\/image\\\/\"}},{\"@type\":\"Person\",\"@id\":\"https:\\\/\\\/www.meydan.tv\\\/az\\\/#\\\/schema\\\/person\\\/10d11eccf6da3662cf5fdab9806ea91a\",\"name\":\"user-manager\"}]}<\/script>\n<!-- \/ Yoast SEO plugin. -->","yoast_head_json":{"title":"Anar K\u0259rimov: \u00dcmidl\u0259 teatrlar\u0131n a\u00e7\u0131lmas\u0131n\u0131 g\u00f6zl\u0259yirik - MEYDAN.TV","robots":{"index":"index","follow":"follow","max-snippet":"max-snippet:-1","max-image-preview":"max-image-preview:large","max-video-preview":"max-video-preview:-1"},"canonical":"https:\/\/www.meydan.tv\/az\/article\/anar-kerimov-umidle-teatrlarin-acilmasini-gozleyirik\/","og_locale":"az_AZ","og_type":"article","og_title":"Anar K\u0259rimov: \u00dcmidl\u0259 teatrlar\u0131n a\u00e7\u0131lmas\u0131n\u0131 g\u00f6zl\u0259yirik - MEYDAN.TV","og_description":"\u201cM\u00fcsb\u0259t tendensiya hiss edirik\u201d","og_url":"https:\/\/www.meydan.tv\/az\/article\/anar-kerimov-umidle-teatrlarin-acilmasini-gozleyirik\/","og_site_name":"MEYDAN.TV","article_published_time":"2021-06-15T08:56:28+00:00","og_image":[{"width":852,"height":541,"url":"https:\/\/www.meydan.tv\/wp-content\/uploads\/14817138433447938276.jpg","type":"image\/jpeg"}],"author":"user-manager","twitter_card":"summary_large_image","schema":{"@context":"https:\/\/schema.org","@graph":[{"@type":"Article","@id":"https:\/\/www.meydan.tv\/az\/article\/anar-kerimov-umidle-teatrlarin-acilmasini-gozleyirik\/#article","isPartOf":{"@id":"https:\/\/www.meydan.tv\/az\/article\/anar-kerimov-umidle-teatrlarin-acilmasini-gozleyirik\/"},"author":{"name":"user-manager","@id":"https:\/\/www.meydan.tv\/az\/#\/schema\/person\/10d11eccf6da3662cf5fdab9806ea91a"},"headline":"Anar K\u0259rimov: \u00dcmidl\u0259 teatrlar\u0131n a\u00e7\u0131lmas\u0131n\u0131 g\u00f6zl\u0259yirik","datePublished":"2021-06-15T08:56:28+00:00","mainEntityOfPage":{"@id":"https:\/\/www.meydan.tv\/az\/article\/anar-kerimov-umidle-teatrlarin-acilmasini-gozleyirik\/"},"wordCount":221,"publisher":{"@id":"https:\/\/www.meydan.tv\/az\/#organization"},"image":{"@id":"https:\/\/www.meydan.tv\/az\/article\/anar-kerimov-umidle-teatrlarin-acilmasini-gozleyirik\/#primaryimage"},"thumbnailUrl":"https:\/\/www.meydan.tv\/wp-content\/uploads\/14817138433447938276.jpg","articleSection":["M\u0259d\u0259niyy\u0259t"],"inLanguage":"az"},{"@type":"WebPage","@id":"https:\/\/www.meydan.tv\/az\/article\/anar-kerimov-umidle-teatrlarin-acilmasini-gozleyirik\/","url":"https:\/\/www.meydan.tv\/az\/article\/anar-kerimov-umidle-teatrlarin-acilmasini-gozleyirik\/","name":"Anar K\u0259rimov: \u00dcmidl\u0259 teatrlar\u0131n a\u00e7\u0131lmas\u0131n\u0131 g\u00f6zl\u0259yirik - MEYDAN.TV","isPartOf":{"@id":"https:\/\/www.meydan.tv\/az\/#website"},"primaryImageOfPage":{"@id":"https:\/\/www.meydan.tv\/az\/article\/anar-kerimov-umidle-teatrlarin-acilmasini-gozleyirik\/#primaryimage"},"image":{"@id":"https:\/\/www.meydan.tv\/az\/article\/anar-kerimov-umidle-teatrlarin-acilmasini-gozleyirik\/#primaryimage"},"thumbnailUrl":"https:\/\/www.meydan.tv\/wp-content\/uploads\/14817138433447938276.jpg","datePublished":"2021-06-15T08:56:28+00:00","breadcrumb":{"@id":"https:\/\/www.meydan.tv\/az\/article\/anar-kerimov-umidle-teatrlarin-acilmasini-gozleyirik\/#breadcrumb"},"inLanguage":"az","potentialAction":[{"@type":"ReadAction","target":["https:\/\/www.meydan.tv\/az\/article\/anar-kerimov-umidle-teatrlarin-acilmasini-gozleyirik\/"]}]},{"@type":"ImageObject","inLanguage":"az","@id":"https:\/\/www.meydan.tv\/az\/article\/anar-kerimov-umidle-teatrlarin-acilmasini-gozleyirik\/#primaryimage","url":"https:\/\/www.meydan.tv\/wp-content\/uploads\/14817138433447938276.jpg","contentUrl":"https:\/\/www.meydan.tv\/wp-content\/uploads\/14817138433447938276.jpg","width":852,"height":541,"caption":"Foto: Azertac"},{"@type":"BreadcrumbList","@id":"https:\/\/www.meydan.tv\/az\/article\/anar-kerimov-umidle-teatrlarin-acilmasini-gozleyirik\/#breadcrumb","itemListElement":[{"@type":"ListItem","position":1,"name":"Ana s\u0259hif\u0259","item":"https:\/\/www.meydan.tv\/az\/"},{"@type":"ListItem","position":2,"name":"M\u0259d\u0259niyy\u0259t","item":"https:\/\/www.meydan.tv\/az\/section\/medeniyyet\/"},{"@type":"ListItem","position":3,"name":"Anar K\u0259rimov: \u00dcmidl\u0259 teatrlar\u0131n a\u00e7\u0131lmas\u0131n\u0131 g\u00f6zl\u0259yirik"}]},{"@type":"WebSite","@id":"https:\/\/www.meydan.tv\/az\/#website","url":"https:\/\/www.meydan.tv\/az\/","name":"MEYDAN.TV","description":"Meydan TV Az\u0259rbaycan\u0131n media m\u0259kan\u0131ndak\u0131 alternativ s\u0259sidir","publisher":{"@id":"https:\/\/www.meydan.tv\/az\/#organization"},"potentialAction":[{"@type":"SearchAction","target":{"@type":"EntryPoint","urlTemplate":"https:\/\/www.meydan.tv\/az\/?s={search_term_string}"},"query-input":{"@type":"PropertyValueSpecification","valueRequired":true,"valueName":"search_term_string"}}],"inLanguage":"az"},{"@type":"Organization","@id":"https:\/\/www.meydan.tv\/az\/#organization","name":"Meydan TV","url":"https:\/\/www.meydan.tv\/az\/","logo":{"@type":"ImageObject","inLanguage":"az","@id":"https:\/\/www.meydan.tv\/az\/#\/schema\/logo\/image\/","url":"https:\/\/www.meydan.tv\/wp-content\/uploads\/2021\/07\/meydan-logo.svg","contentUrl":"https:\/\/www.meydan.tv\/wp-content\/uploads\/2021\/07\/meydan-logo.svg","width":195,"height":46,"caption":"Meydan TV"},"image":{"@id":"https:\/\/www.meydan.tv\/az\/#\/schema\/logo\/image\/"}},{"@type":"Person","@id":"https:\/\/www.meydan.tv\/az\/#\/schema\/person\/10d11eccf6da3662cf5fdab9806ea91a","name":"user-manager"}]}},"_links":{"self":[{"href":"https:\/\/www.meydan.tv\/az\/wp-json\/wp\/v2\/posts\/206736","targetHints":{"allow":["GET"]}}],"collection":[{"href":"https:\/\/www.meydan.tv\/az\/wp-json\/wp\/v2\/posts"}],"about":[{"href":"https:\/\/www.meydan.tv\/az\/wp-json\/wp\/v2\/types\/post"}],"author":[{"embeddable":true,"href":"https:\/\/www.meydan.tv\/az\/wp-json\/wp\/v2\/users\/11"}],"replies":[{"embeddable":true,"href":"https:\/\/www.meydan.tv\/az\/wp-json\/wp\/v2\/comments?post=206736"}],"version-history":[{"count":0,"href":"https:\/\/www.meydan.tv\/az\/wp-json\/wp\/v2\/posts\/206736\/revisions"}],"wp:featuredmedia":[{"embeddable":true,"href":"https:\/\/www.meydan.tv\/az\/wp-json\/wp\/v2\/media\/144785"}],"wp:attachment":[{"href":"https:\/\/www.meydan.tv\/az\/wp-json\/wp\/v2\/media?parent=206736"}],"wp:term":[{"taxonomy":"category","embeddable":true,"href":"https:\/\/www.meydan.tv\/az\/wp-json\/wp\/v2\/categories?post=206736"},{"taxonomy":"post_tag","embeddable":true,"href":"https:\/\/www.meydan.tv\/az\/wp-json\/wp\/v2\/tags?post=206736"}],"curies":[{"name":"wp","href":"https:\/\/api.w.org\/{rel}","templated":true}]}}