{"id":206731,"date":"2021-06-14T16:28:49","date_gmt":"2021-06-14T16:28:49","guid":{"rendered":"https:\/\/www.meydan.tv\/article\/kinosunas-nazirliyin-kinematoqrafiya-sobesi-cemiyyet-qarsisinda-cavabdehlik-dasiyir\/"},"modified":"2021-06-14T16:28:49","modified_gmt":"2021-06-14T16:28:49","slug":"kinosunas-nazirliyin-kinematoqrafiya-sobesi-cemiyyet-qarsisinda-cavabdehlik-dasiyir","status":"publish","type":"post","link":"https:\/\/www.meydan.tv\/az\/article\/kinosunas-nazirliyin-kinematoqrafiya-sobesi-cemiyyet-qarsisinda-cavabdehlik-dasiyir\/","title":{"rendered":"Kino\u015f\u00fcnas: Nazirliyin kinematoqrafiya \u015f\u00f6b\u0259si c\u0259miyy\u0259t qar\u015f\u0131s\u0131nda cavabdehlik da\u015f\u0131y\u0131r"},"content":{"rendered":"<p>\n  <i><br \/>\n    &quot;Hans\u0131 nazirliyin haql\u0131 oldu\u011funu s\u00f6yl\u0259m\u0259k \u00e7\u0259tindir&quot;<br \/>\n  <\/i>\n<\/p>\n<p>\n  Bu g\u00fcnl\u0259rd\u0259 maliyy\u0259 naziri Samir \u015e\u0259rifov M\u0259d\u0259niyy\u0259t Nazirliyin\u0259 iradlar s\u0259sl\u0259ndirib.\n<\/p>\n<p>\n  O, \u00e7\u0131x\u0131\u015f\u0131 zaman\u0131 qeyd ki, M\u0259d\u0259niyy\u0259t Nazirliyin\u0259 ayr\u0131lan maliyy\u0259 v\u0259saiti qar\u015f\u0131l\u0131\u011f\u0131nda he\u00e7 bir yenilik yoxdur.\n<\/p>\n<p>\n  Bundan ba\u015fqa, M\u0259d\u0259niyy\u0259t Nazirliyinin t\u0259qdim etdiyi \u201cAz\u0259rbaycan Kinematoqafiyas\u0131n\u0131n \u0130nki\u015faf Konsepsiyas\u0131\u201d qaneedici deyil.\n<\/p>\n<p>\n  M\u0259d\u0259niyy\u0259t Nazirliyi is\u0259 Samir \u015e\u0259rifovun ittihamlar\u0131na cavab olaraq bildirdi ki, il \u0259rzind\u0259 \u0259h\u0259miyy\u0259tli t\u0259dbirl\u0259r g\u00f6r\u00fcl\u00fcb.\n<\/p>\n<p>\n  \u201cB\u00f6y\u00fck qay\u0131d\u0131\u015f\u201d m\u00fcsabiq\u0259si ke\u00e7irilib, \u0130kinci Qaraba\u011f m\u00fcharib\u0259sin\u0259 h\u0259sr olunan 11 q\u0131sametrajl\u0131 (b\u0259dii, s\u0259n\u0259dli v\u0259 animasiya) film istehsala burax\u0131lmaqdad\u0131r.\n<\/p>\n<p>\n  Bununla yana\u015f\u0131, 1982-ci ild\u0259n bug\u00fcn\u0259d\u0259k ilk d\u0259f\u0259 olaraq 2021-ci ilin \u0259vv\u0259lind\u0259 C\u0259f\u0259r Cabbarl\u0131 ad\u0131na \u201cAz\u0259rbaycanfilm\u201d kinostudiyas\u0131 \u00fc\u00e7\u00fcn kinotexnika avadanl\u0131qlar\u0131 al\u0131n\u0131b.\n<\/p>\n<p>\n  \u201cF\u0259ryad 2\u201d, \u201cM\u0259ry\u0259m\u201d v\u0259 \u201cM\u0259rm\u0259r Soyuqu\u201d tammetrajl\u0131 b\u0259dii filml\u0259rin istehsal\u0131na art\u0131q ba\u015flan\u0131l\u0131b.\n<\/p>\n<p>\n  Kino\u015f\u00fcnas Ayg\u00fcn Aslanl\u0131 Meydan TV-y\u0259 a\u00e7\u0131qlamas\u0131nda deyir ki, bu m\u0259s\u0259l\u0259d\u0259 hans\u0131 t\u0259r\u0259fin haql\u0131 oldu\u011funu m\u00fc\u0259yy\u0259nl\u0259\u015fdirm\u0259k m\u00fcmk\u00fcn deyil: \u201c\u00c7\u00fcnki M\u0259d\u0259niyy\u0259t Nazirliyi \u201cAz\u0259rbaycan Kinematoqafiyas\u0131n\u0131n \u0130nki\u015faf Konsepsiyas\u0131\u201dn\u0131 m\u0259tbuatda d\u0259rc ets\u0259ydi, yaxud \u00f6z saytlar\u0131nda yerl\u0259\u015fdirs\u0259ydi, biz d\u0259 yeni layih\u0259d\u0259 olan yenililkl\u0259ri g\u00f6r\u0259rdik. Bu v\u0259 dig\u0259r layih\u0259l\u0259rl\u0259 ba\u011fl\u0131 ictimaiyy\u0259t\u0259 m\u0259lumat verilm\u0259diyi \u00fc\u00e7\u00fcn suallar yaran\u0131r. Bel\u0259 olan halda da, hans\u0131 nazirliyin haql\u0131 oldu\u011funu s\u00f6yl\u0259m\u0259k \u00e7\u0259tindir\u201d.\n<\/p>\n<figure class=\"wp-block-image size-large\">\n  <img decoding=\"async\" src=\"https:\/\/www.meydan.tv\/az\/aygun-aslanova\/\" alt=\"Ayg\u00fcn Aslanova\" class=\"wp-image-95253\"\/><figcaption>\n    Ayg\u00fcn Aslanl\u0131<br \/>\n  <\/figcaption><\/figure>\n<p>\n  Ayg\u00fcn Aslanl\u0131 Kinematoqrafiya \u015f\u00f6b\u0259sinin m\u0259s\u0259l\u0259 il\u0259 ba\u011fl\u0131 susmaq m\u00f6vqeyini do\u011fru hesab etmir.\n<\/p>\n<p>\n  O, deyir ki, nazirliyin kinematoqrafiya \u015f\u00f6b\u0259si b\u00fct\u00fcn kino ictimaiyy\u0259ti, \u00fcmumiyy\u0259tl\u0259, c\u0259miyy\u0259t qar\u015f\u0131s\u0131nda cavabdehlik da\u015f\u0131y\u0131r: \u201cNazirliyin Kino \u015f\u00f6b\u0259si onlara \u00fcnvanlanan suallara, hans\u0131sa iradlar\u0131 cavabland\u0131rm\u0131r. Bu, \u015f\u0259xsi yox, ictimai bir m\u0259s\u0259l\u0259dir. \u0130ttiham olunanda, onlara sual \u00fcnvanlananda, cavab verm\u0259y\u0259 borcludurlar. D\u00fczd\u00fcr, yeni komanda i\u015fl\u0259m\u0259y\u0259, yeni n\u0259l\u0259rs\u0259 etm\u0259y\u0259 \u00e7al\u0131\u015f\u0131r. \u201cB\u00f6y\u00fck qay\u0131d\u0131\u015f\u201d m\u00fcsabiq\u0259sinin m\u00fcnsifl\u0259r hey\u0259tind\u0259 m\u0259n d\u0259 vard\u0131m. \u015e\u0259ffaf proses idi, bunu u\u011fur kimi qeyd etm\u0259k olar. \u0130ndiy\u0259 kimi M\u0259d\u0259niyy\u0259t Nazirliyin\u0259 \u00e7ox v\u0259sait ayr\u0131l\u0131b, lakin ortaya bir n\u0259tic\u0259 \u00e7\u0131xmad\u0131\u011f\u0131 is\u0259 fakt olaraq qal\u0131r. Sistem d\u0259yi\u015fm\u0259diyin\u0259 g\u00f6r\u0259 bir az \u00fcmidli olmaq \u00e7\u0259tindir. \u00c7\u00fcnki kinomuzun \u0259sas probleml\u0259rind\u0259n biri d\u0259 sistemdir. M\u0259d\u0259niyy\u0259t Nazirliyinin Samir \u015e\u0259rifova cavab\u0131nda festivallara ged\u0259n filml\u0259r haqq\u0131nda dan\u0131\u015f\u0131l\u0131r. Bundan \u00f6nc\u0259kil\u0259r ham\u0131s\u0131 m\u00fc\u0259llifl\u0259rin \u00f6z t\u0259\u015f\u0259bb\u00fcsl\u0259ri idi. \u018fks\u0259riyy\u0259ti d\u0259 d\u00f6vl\u0259t b\u00fcdc\u0259sind\u0259n maliyy\u0259l\u0259\u015f\u0259n filml\u0259r deyil, m\u00fcst\u0259qil rejissorlar\u0131n filml\u0259ridir. Rejissorlar \u00f6zl\u0259ri ke\u00e7iril\u0259n festivallar\u0131 axtar\u0131b tap\u0131blar, \u0259laq\u0259l\u0259r qurublar. Y\u0259ni M\u0259d\u0259niyy\u0259t Nazirliyinin Kino \u015f\u00f6b\u0259sinin burada ciddi bir rolu olmay\u0131b. Bu il istehsalata \u00fc\u00e7 filmin burax\u0131lmas\u0131 il\u0259 ba\u011fl\u0131 m\u0259lumat var. Bu ild\u0259n sonra n\u0259tic\u0259l\u0259r haqq\u0131nda dan\u0131\u015fmaq olar. \u00c7\u00fcnki bu vaxta kimi pandemiya idi v\u0259 yeni komanda ke\u00e7\u0259n il 2020-ci ilin avqust-sentyabr ay\u0131nda g\u0259lib. Onlar\u0131n i\u015fl\u0259m\u0259k imkan\u0131 h\u0259l\u0259 indi yaran\u0131b\u201d.\n<\/p>\n<p>\n  2020-ci ilin avqustunda M\u0259d\u0259niyy\u0259t Nazirliyinin Kinematoqrafiya \u015f\u00f6b\u0259sinin m\u00fcdiri Cahangir M\u0259mm\u0259dov ya\u015f h\u0259ddi il\u0259 \u0259laq\u0259dar tutdu\u011fu v\u0259zif\u0259d\u0259n azad edilib. Yerin\u0259 R\u00fcf\u0259t H\u0259s\u0259nov t\u0259yin olunub.<\/p>\n","protected":false},"excerpt":{"rendered":"<p>&#8220;Bu, \u015f\u0259xsi yox, ictimai bir m\u0259s\u0259l\u0259dir. \u0130ttiham olunanda, onlara sual \u00fcnvanlananda, cavab verm\u0259y\u0259 borcludurlar&#8221;<\/p>\n","protected":false},"author":11,"featured_media":162234,"comment_status":"closed","ping_status":"open","sticky":false,"template":"","format":"standard","meta":{"_acf_changed":false,"_sitemap_exclude":false,"_sitemap_priority":"","_sitemap_frequency":"","footnotes":""},"categories":[52],"tags":[],"class_list":["post-206731","post","type-post","status-publish","format-standard","has-post-thumbnail","hentry","category-medeniyyet","infinite-scroll-item","generate-columns","tablet-grid-50","mobile-grid-100","grid-parent","grid-33","no-featured-image-padding"],"acf":[],"yoast_head":"<!-- This site is optimized with the Yoast SEO plugin v27.4 - https:\/\/yoast.com\/product\/yoast-seo-wordpress\/ -->\n<title>Kino\u015f\u00fcnas: Nazirliyin kinematoqrafiya \u015f\u00f6b\u0259si c\u0259miyy\u0259t qar\u015f\u0131s\u0131nda cavabdehlik da\u015f\u0131y\u0131r - MEYDAN.TV<\/title>\n<meta name=\"robots\" content=\"index, follow, max-snippet:-1, max-image-preview:large, max-video-preview:-1\" \/>\n<link rel=\"canonical\" href=\"https:\/\/www.meydan.tv\/az\/article\/kinosunas-nazirliyin-kinematoqrafiya-sobesi-cemiyyet-qarsisinda-cavabdehlik-dasiyir\/\" \/>\n<meta property=\"og:locale\" content=\"az_AZ\" \/>\n<meta property=\"og:type\" content=\"article\" \/>\n<meta property=\"og:title\" content=\"Kino\u015f\u00fcnas: Nazirliyin kinematoqrafiya \u015f\u00f6b\u0259si c\u0259miyy\u0259t qar\u015f\u0131s\u0131nda cavabdehlik da\u015f\u0131y\u0131r - MEYDAN.TV\" \/>\n<meta property=\"og:description\" content=\"&quot;Bu, \u015f\u0259xsi yox, ictimai bir m\u0259s\u0259l\u0259dir. \u0130ttiham olunanda, onlara sual \u00fcnvanlananda, cavab verm\u0259y\u0259 borcludurlar&quot;\" \/>\n<meta property=\"og:url\" content=\"https:\/\/www.meydan.tv\/az\/article\/kinosunas-nazirliyin-kinematoqrafiya-sobesi-cemiyyet-qarsisinda-cavabdehlik-dasiyir\/\" \/>\n<meta property=\"og:site_name\" content=\"MEYDAN.TV\" \/>\n<meta property=\"article:published_time\" content=\"2021-06-14T16:28:49+00:00\" \/>\n<meta property=\"og:image\" content=\"https:\/\/www.meydan.tv\/wp-content\/uploads\/pixafilm1130.jpg\" \/>\n\t<meta property=\"og:image:width\" content=\"1130\" \/>\n\t<meta property=\"og:image:height\" content=\"635\" \/>\n\t<meta property=\"og:image:type\" content=\"image\/jpeg\" \/>\n<meta name=\"author\" content=\"user-manager\" \/>\n<meta name=\"twitter:card\" content=\"summary_large_image\" \/>\n<script type=\"application\/ld+json\" class=\"yoast-schema-graph\">{\"@context\":\"https:\\\/\\\/schema.org\",\"@graph\":[{\"@type\":\"Article\",\"@id\":\"https:\\\/\\\/www.meydan.tv\\\/az\\\/article\\\/kinosunas-nazirliyin-kinematoqrafiya-sobesi-cemiyyet-qarsisinda-cavabdehlik-dasiyir\\\/#article\",\"isPartOf\":{\"@id\":\"https:\\\/\\\/www.meydan.tv\\\/az\\\/article\\\/kinosunas-nazirliyin-kinematoqrafiya-sobesi-cemiyyet-qarsisinda-cavabdehlik-dasiyir\\\/\"},\"author\":{\"name\":\"user-manager\",\"@id\":\"https:\\\/\\\/www.meydan.tv\\\/az\\\/#\\\/schema\\\/person\\\/10d11eccf6da3662cf5fdab9806ea91a\"},\"headline\":\"Kino\u015f\u00fcnas: Nazirliyin kinematoqrafiya \u015f\u00f6b\u0259si c\u0259miyy\u0259t qar\u015f\u0131s\u0131nda cavabdehlik da\u015f\u0131y\u0131r\",\"datePublished\":\"2021-06-14T16:28:49+00:00\",\"mainEntityOfPage\":{\"@id\":\"https:\\\/\\\/www.meydan.tv\\\/az\\\/article\\\/kinosunas-nazirliyin-kinematoqrafiya-sobesi-cemiyyet-qarsisinda-cavabdehlik-dasiyir\\\/\"},\"wordCount\":662,\"publisher\":{\"@id\":\"https:\\\/\\\/www.meydan.tv\\\/az\\\/#organization\"},\"image\":{\"@id\":\"https:\\\/\\\/www.meydan.tv\\\/az\\\/article\\\/kinosunas-nazirliyin-kinematoqrafiya-sobesi-cemiyyet-qarsisinda-cavabdehlik-dasiyir\\\/#primaryimage\"},\"thumbnailUrl\":\"https:\\\/\\\/www.meydan.tv\\\/wp-content\\\/uploads\\\/pixafilm1130.jpg\",\"articleSection\":[\"M\u0259d\u0259niyy\u0259t\"],\"inLanguage\":\"az\"},{\"@type\":\"WebPage\",\"@id\":\"https:\\\/\\\/www.meydan.tv\\\/az\\\/article\\\/kinosunas-nazirliyin-kinematoqrafiya-sobesi-cemiyyet-qarsisinda-cavabdehlik-dasiyir\\\/\",\"url\":\"https:\\\/\\\/www.meydan.tv\\\/az\\\/article\\\/kinosunas-nazirliyin-kinematoqrafiya-sobesi-cemiyyet-qarsisinda-cavabdehlik-dasiyir\\\/\",\"name\":\"Kino\u015f\u00fcnas: Nazirliyin kinematoqrafiya \u015f\u00f6b\u0259si c\u0259miyy\u0259t qar\u015f\u0131s\u0131nda cavabdehlik da\u015f\u0131y\u0131r - MEYDAN.TV\",\"isPartOf\":{\"@id\":\"https:\\\/\\\/www.meydan.tv\\\/az\\\/#website\"},\"primaryImageOfPage\":{\"@id\":\"https:\\\/\\\/www.meydan.tv\\\/az\\\/article\\\/kinosunas-nazirliyin-kinematoqrafiya-sobesi-cemiyyet-qarsisinda-cavabdehlik-dasiyir\\\/#primaryimage\"},\"image\":{\"@id\":\"https:\\\/\\\/www.meydan.tv\\\/az\\\/article\\\/kinosunas-nazirliyin-kinematoqrafiya-sobesi-cemiyyet-qarsisinda-cavabdehlik-dasiyir\\\/#primaryimage\"},\"thumbnailUrl\":\"https:\\\/\\\/www.meydan.tv\\\/wp-content\\\/uploads\\\/pixafilm1130.jpg\",\"datePublished\":\"2021-06-14T16:28:49+00:00\",\"breadcrumb\":{\"@id\":\"https:\\\/\\\/www.meydan.tv\\\/az\\\/article\\\/kinosunas-nazirliyin-kinematoqrafiya-sobesi-cemiyyet-qarsisinda-cavabdehlik-dasiyir\\\/#breadcrumb\"},\"inLanguage\":\"az\",\"potentialAction\":[{\"@type\":\"ReadAction\",\"target\":[\"https:\\\/\\\/www.meydan.tv\\\/az\\\/article\\\/kinosunas-nazirliyin-kinematoqrafiya-sobesi-cemiyyet-qarsisinda-cavabdehlik-dasiyir\\\/\"]}]},{\"@type\":\"ImageObject\",\"inLanguage\":\"az\",\"@id\":\"https:\\\/\\\/www.meydan.tv\\\/az\\\/article\\\/kinosunas-nazirliyin-kinematoqrafiya-sobesi-cemiyyet-qarsisinda-cavabdehlik-dasiyir\\\/#primaryimage\",\"url\":\"https:\\\/\\\/www.meydan.tv\\\/wp-content\\\/uploads\\\/pixafilm1130.jpg\",\"contentUrl\":\"https:\\\/\\\/www.meydan.tv\\\/wp-content\\\/uploads\\\/pixafilm1130.jpg\",\"width\":1130,\"height\":635,\"caption\":\"Source: Specify Source\"},{\"@type\":\"BreadcrumbList\",\"@id\":\"https:\\\/\\\/www.meydan.tv\\\/az\\\/article\\\/kinosunas-nazirliyin-kinematoqrafiya-sobesi-cemiyyet-qarsisinda-cavabdehlik-dasiyir\\\/#breadcrumb\",\"itemListElement\":[{\"@type\":\"ListItem\",\"position\":1,\"name\":\"Ana s\u0259hif\u0259\",\"item\":\"https:\\\/\\\/www.meydan.tv\\\/az\\\/\"},{\"@type\":\"ListItem\",\"position\":2,\"name\":\"M\u0259d\u0259niyy\u0259t\",\"item\":\"https:\\\/\\\/www.meydan.tv\\\/az\\\/section\\\/medeniyyet\\\/\"},{\"@type\":\"ListItem\",\"position\":3,\"name\":\"Kino\u015f\u00fcnas: Nazirliyin kinematoqrafiya \u015f\u00f6b\u0259si c\u0259miyy\u0259t qar\u015f\u0131s\u0131nda cavabdehlik da\u015f\u0131y\u0131r\"}]},{\"@type\":\"WebSite\",\"@id\":\"https:\\\/\\\/www.meydan.tv\\\/az\\\/#website\",\"url\":\"https:\\\/\\\/www.meydan.tv\\\/az\\\/\",\"name\":\"MEYDAN.TV\",\"description\":\"Meydan TV Az\u0259rbaycan\u0131n media m\u0259kan\u0131ndak\u0131 alternativ s\u0259sidir\",\"publisher\":{\"@id\":\"https:\\\/\\\/www.meydan.tv\\\/az\\\/#organization\"},\"potentialAction\":[{\"@type\":\"SearchAction\",\"target\":{\"@type\":\"EntryPoint\",\"urlTemplate\":\"https:\\\/\\\/www.meydan.tv\\\/az\\\/?s={search_term_string}\"},\"query-input\":{\"@type\":\"PropertyValueSpecification\",\"valueRequired\":true,\"valueName\":\"search_term_string\"}}],\"inLanguage\":\"az\"},{\"@type\":\"Organization\",\"@id\":\"https:\\\/\\\/www.meydan.tv\\\/az\\\/#organization\",\"name\":\"Meydan TV\",\"url\":\"https:\\\/\\\/www.meydan.tv\\\/az\\\/\",\"logo\":{\"@type\":\"ImageObject\",\"inLanguage\":\"az\",\"@id\":\"https:\\\/\\\/www.meydan.tv\\\/az\\\/#\\\/schema\\\/logo\\\/image\\\/\",\"url\":\"https:\\\/\\\/www.meydan.tv\\\/wp-content\\\/uploads\\\/2021\\\/07\\\/meydan-logo.svg\",\"contentUrl\":\"https:\\\/\\\/www.meydan.tv\\\/wp-content\\\/uploads\\\/2021\\\/07\\\/meydan-logo.svg\",\"width\":195,\"height\":46,\"caption\":\"Meydan TV\"},\"image\":{\"@id\":\"https:\\\/\\\/www.meydan.tv\\\/az\\\/#\\\/schema\\\/logo\\\/image\\\/\"}},{\"@type\":\"Person\",\"@id\":\"https:\\\/\\\/www.meydan.tv\\\/az\\\/#\\\/schema\\\/person\\\/10d11eccf6da3662cf5fdab9806ea91a\",\"name\":\"user-manager\"}]}<\/script>\n<!-- \/ Yoast SEO plugin. -->","yoast_head_json":{"title":"Kino\u015f\u00fcnas: Nazirliyin kinematoqrafiya \u015f\u00f6b\u0259si c\u0259miyy\u0259t qar\u015f\u0131s\u0131nda cavabdehlik da\u015f\u0131y\u0131r - MEYDAN.TV","robots":{"index":"index","follow":"follow","max-snippet":"max-snippet:-1","max-image-preview":"max-image-preview:large","max-video-preview":"max-video-preview:-1"},"canonical":"https:\/\/www.meydan.tv\/az\/article\/kinosunas-nazirliyin-kinematoqrafiya-sobesi-cemiyyet-qarsisinda-cavabdehlik-dasiyir\/","og_locale":"az_AZ","og_type":"article","og_title":"Kino\u015f\u00fcnas: Nazirliyin kinematoqrafiya \u015f\u00f6b\u0259si c\u0259miyy\u0259t qar\u015f\u0131s\u0131nda cavabdehlik da\u015f\u0131y\u0131r - MEYDAN.TV","og_description":"\"Bu, \u015f\u0259xsi yox, ictimai bir m\u0259s\u0259l\u0259dir. \u0130ttiham olunanda, onlara sual \u00fcnvanlananda, cavab verm\u0259y\u0259 borcludurlar\"","og_url":"https:\/\/www.meydan.tv\/az\/article\/kinosunas-nazirliyin-kinematoqrafiya-sobesi-cemiyyet-qarsisinda-cavabdehlik-dasiyir\/","og_site_name":"MEYDAN.TV","article_published_time":"2021-06-14T16:28:49+00:00","og_image":[{"width":1130,"height":635,"url":"https:\/\/www.meydan.tv\/wp-content\/uploads\/pixafilm1130.jpg","type":"image\/jpeg"}],"author":"user-manager","twitter_card":"summary_large_image","schema":{"@context":"https:\/\/schema.org","@graph":[{"@type":"Article","@id":"https:\/\/www.meydan.tv\/az\/article\/kinosunas-nazirliyin-kinematoqrafiya-sobesi-cemiyyet-qarsisinda-cavabdehlik-dasiyir\/#article","isPartOf":{"@id":"https:\/\/www.meydan.tv\/az\/article\/kinosunas-nazirliyin-kinematoqrafiya-sobesi-cemiyyet-qarsisinda-cavabdehlik-dasiyir\/"},"author":{"name":"user-manager","@id":"https:\/\/www.meydan.tv\/az\/#\/schema\/person\/10d11eccf6da3662cf5fdab9806ea91a"},"headline":"Kino\u015f\u00fcnas: Nazirliyin kinematoqrafiya \u015f\u00f6b\u0259si c\u0259miyy\u0259t qar\u015f\u0131s\u0131nda cavabdehlik da\u015f\u0131y\u0131r","datePublished":"2021-06-14T16:28:49+00:00","mainEntityOfPage":{"@id":"https:\/\/www.meydan.tv\/az\/article\/kinosunas-nazirliyin-kinematoqrafiya-sobesi-cemiyyet-qarsisinda-cavabdehlik-dasiyir\/"},"wordCount":662,"publisher":{"@id":"https:\/\/www.meydan.tv\/az\/#organization"},"image":{"@id":"https:\/\/www.meydan.tv\/az\/article\/kinosunas-nazirliyin-kinematoqrafiya-sobesi-cemiyyet-qarsisinda-cavabdehlik-dasiyir\/#primaryimage"},"thumbnailUrl":"https:\/\/www.meydan.tv\/wp-content\/uploads\/pixafilm1130.jpg","articleSection":["M\u0259d\u0259niyy\u0259t"],"inLanguage":"az"},{"@type":"WebPage","@id":"https:\/\/www.meydan.tv\/az\/article\/kinosunas-nazirliyin-kinematoqrafiya-sobesi-cemiyyet-qarsisinda-cavabdehlik-dasiyir\/","url":"https:\/\/www.meydan.tv\/az\/article\/kinosunas-nazirliyin-kinematoqrafiya-sobesi-cemiyyet-qarsisinda-cavabdehlik-dasiyir\/","name":"Kino\u015f\u00fcnas: Nazirliyin kinematoqrafiya \u015f\u00f6b\u0259si c\u0259miyy\u0259t qar\u015f\u0131s\u0131nda cavabdehlik da\u015f\u0131y\u0131r - MEYDAN.TV","isPartOf":{"@id":"https:\/\/www.meydan.tv\/az\/#website"},"primaryImageOfPage":{"@id":"https:\/\/www.meydan.tv\/az\/article\/kinosunas-nazirliyin-kinematoqrafiya-sobesi-cemiyyet-qarsisinda-cavabdehlik-dasiyir\/#primaryimage"},"image":{"@id":"https:\/\/www.meydan.tv\/az\/article\/kinosunas-nazirliyin-kinematoqrafiya-sobesi-cemiyyet-qarsisinda-cavabdehlik-dasiyir\/#primaryimage"},"thumbnailUrl":"https:\/\/www.meydan.tv\/wp-content\/uploads\/pixafilm1130.jpg","datePublished":"2021-06-14T16:28:49+00:00","breadcrumb":{"@id":"https:\/\/www.meydan.tv\/az\/article\/kinosunas-nazirliyin-kinematoqrafiya-sobesi-cemiyyet-qarsisinda-cavabdehlik-dasiyir\/#breadcrumb"},"inLanguage":"az","potentialAction":[{"@type":"ReadAction","target":["https:\/\/www.meydan.tv\/az\/article\/kinosunas-nazirliyin-kinematoqrafiya-sobesi-cemiyyet-qarsisinda-cavabdehlik-dasiyir\/"]}]},{"@type":"ImageObject","inLanguage":"az","@id":"https:\/\/www.meydan.tv\/az\/article\/kinosunas-nazirliyin-kinematoqrafiya-sobesi-cemiyyet-qarsisinda-cavabdehlik-dasiyir\/#primaryimage","url":"https:\/\/www.meydan.tv\/wp-content\/uploads\/pixafilm1130.jpg","contentUrl":"https:\/\/www.meydan.tv\/wp-content\/uploads\/pixafilm1130.jpg","width":1130,"height":635,"caption":"Source: Specify Source"},{"@type":"BreadcrumbList","@id":"https:\/\/www.meydan.tv\/az\/article\/kinosunas-nazirliyin-kinematoqrafiya-sobesi-cemiyyet-qarsisinda-cavabdehlik-dasiyir\/#breadcrumb","itemListElement":[{"@type":"ListItem","position":1,"name":"Ana s\u0259hif\u0259","item":"https:\/\/www.meydan.tv\/az\/"},{"@type":"ListItem","position":2,"name":"M\u0259d\u0259niyy\u0259t","item":"https:\/\/www.meydan.tv\/az\/section\/medeniyyet\/"},{"@type":"ListItem","position":3,"name":"Kino\u015f\u00fcnas: Nazirliyin kinematoqrafiya \u015f\u00f6b\u0259si c\u0259miyy\u0259t qar\u015f\u0131s\u0131nda cavabdehlik da\u015f\u0131y\u0131r"}]},{"@type":"WebSite","@id":"https:\/\/www.meydan.tv\/az\/#website","url":"https:\/\/www.meydan.tv\/az\/","name":"MEYDAN.TV","description":"Meydan TV Az\u0259rbaycan\u0131n media m\u0259kan\u0131ndak\u0131 alternativ s\u0259sidir","publisher":{"@id":"https:\/\/www.meydan.tv\/az\/#organization"},"potentialAction":[{"@type":"SearchAction","target":{"@type":"EntryPoint","urlTemplate":"https:\/\/www.meydan.tv\/az\/?s={search_term_string}"},"query-input":{"@type":"PropertyValueSpecification","valueRequired":true,"valueName":"search_term_string"}}],"inLanguage":"az"},{"@type":"Organization","@id":"https:\/\/www.meydan.tv\/az\/#organization","name":"Meydan TV","url":"https:\/\/www.meydan.tv\/az\/","logo":{"@type":"ImageObject","inLanguage":"az","@id":"https:\/\/www.meydan.tv\/az\/#\/schema\/logo\/image\/","url":"https:\/\/www.meydan.tv\/wp-content\/uploads\/2021\/07\/meydan-logo.svg","contentUrl":"https:\/\/www.meydan.tv\/wp-content\/uploads\/2021\/07\/meydan-logo.svg","width":195,"height":46,"caption":"Meydan TV"},"image":{"@id":"https:\/\/www.meydan.tv\/az\/#\/schema\/logo\/image\/"}},{"@type":"Person","@id":"https:\/\/www.meydan.tv\/az\/#\/schema\/person\/10d11eccf6da3662cf5fdab9806ea91a","name":"user-manager"}]}},"_links":{"self":[{"href":"https:\/\/www.meydan.tv\/az\/wp-json\/wp\/v2\/posts\/206731","targetHints":{"allow":["GET"]}}],"collection":[{"href":"https:\/\/www.meydan.tv\/az\/wp-json\/wp\/v2\/posts"}],"about":[{"href":"https:\/\/www.meydan.tv\/az\/wp-json\/wp\/v2\/types\/post"}],"author":[{"embeddable":true,"href":"https:\/\/www.meydan.tv\/az\/wp-json\/wp\/v2\/users\/11"}],"replies":[{"embeddable":true,"href":"https:\/\/www.meydan.tv\/az\/wp-json\/wp\/v2\/comments?post=206731"}],"version-history":[{"count":0,"href":"https:\/\/www.meydan.tv\/az\/wp-json\/wp\/v2\/posts\/206731\/revisions"}],"wp:featuredmedia":[{"embeddable":true,"href":"https:\/\/www.meydan.tv\/az\/wp-json\/wp\/v2\/media\/162234"}],"wp:attachment":[{"href":"https:\/\/www.meydan.tv\/az\/wp-json\/wp\/v2\/media?parent=206731"}],"wp:term":[{"taxonomy":"category","embeddable":true,"href":"https:\/\/www.meydan.tv\/az\/wp-json\/wp\/v2\/categories?post=206731"},{"taxonomy":"post_tag","embeddable":true,"href":"https:\/\/www.meydan.tv\/az\/wp-json\/wp\/v2\/tags?post=206731"}],"curies":[{"name":"wp","href":"https:\/\/api.w.org\/{rel}","templated":true}]}}