{"id":206701,"date":"2021-06-11T19:11:57","date_gmt":"2021-06-11T19:11:57","guid":{"rendered":"https:\/\/www.meydan.tv\/article\/qarabagda-doyusub-sehid-statusu-verilen-esgerin-milliyyetce-ermeni-olan-anasi\/"},"modified":"2021-06-11T19:11:57","modified_gmt":"2021-06-11T19:11:57","slug":"qarabagda-doyusub-sehid-statusu-verilen-esgerin-milliyyetce-ermeni-olan-anasi","status":"publish","type":"post","link":"https:\/\/www.meydan.tv\/az\/article\/qarabagda-doyusub-sehid-statusu-verilen-esgerin-milliyyetce-ermeni-olan-anasi\/","title":{"rendered":"Qaraba\u011fda d\u00f6y\u00fc\u015f\u00fcb, \u015f\u0259hid statusu veril\u0259n \u0259sg\u0259rin milliyy\u0259tc\u0259 erm\u0259ni olan anas\u0131"},"content":{"rendered":"<figure class=\"wp-block-embed is-type-video is-provider-youtube wp-block-embed-youtube wp-embed-aspect-16-9 wp-has-aspect-ratio\">\n<div class=\"wp-block-embed__wrapper\">\n    <iframe\ttitle=\"Qaraba\u011fda d\u00f6y\u00fc\u015f\u00fcb, \u015f\u0259hid statusu veril\u0259n \u0259sg\u0259rin milliyy\u0259tc\u0259 erm\u0259ni olan anas\u0131\" width=\"1200\" height=\"675\" data-src=\"https:\/\/www.youtube.com\/embed\/pPB53jxBA7w\"\tframeborder=\"0\"\tallow=\"accelerometer; autoplay; clipboard-write; encrypted-media; gyroscope; picture-in-picture\" allowfullscreen src=\"data:image\/svg+xml;base64,PHN2ZyB3aWR0aD0iMSIgaGVpZ2h0PSIxIiB4bWxucz0iaHR0cDovL3d3dy53My5vcmcvMjAwMC9zdmciPjwvc3ZnPg==\" class=\"lazyload\" data-load-mode=\"1\"><\/iframe>\n  <\/div><figcaption>\n    Qaraba\u011fda d\u00f6y\u00fc\u015f\u00fcb, \u015f\u0259hid statusu veril\u0259n \u0259sg\u0259rin milliyy\u0259tc\u0259 erm\u0259ni olan anas\u0131<br \/>\n  <\/figcaption><\/figure>\n<p>\n  \u201cO vaxt Xalq C\u0259bh\u0259sinin \u00fczvl\u0259ri g\u0259lmi\u015fdil\u0259r, gec\u0259 1-in yar\u0131s\u0131 idi. Ham\u0131 yatm\u0131\u015f vaxtda g\u0259lib \u00e7\u0131xm\u0131\u015fd\u0131lar. Girdil\u0259r, oturdular, s\u00f6z-s\u00f6hb\u0259t el\u0259dil\u0259r. M\u0259n \u00f6z\u00fcm Ma\u015fta\u011faya \u0259r\u0259 ged\u0259nd\u0259 m\u0259n\u0259 dedil\u0259r, dini q\u0259bul edim. M\u0259n dini q\u0259bul el\u0259mi\u015fdim, h\u0259r \u015feyi d\u0259 bilirdim. Ona g\u00f6r\u0259 m\u0259n onlarla el\u0259 dan\u0131\u015fd\u0131m, p\u0259rt oldular ki, m\u0259n bunlar\u0131n ham\u0131s\u0131n\u0131 bilir\u0259m. Dedil\u0259r h\u0259, i\u015fimiz yoxdur sizinl\u0259\u201d.\n<\/p>\n<p>\n  Az\u0259rbaycan v\u0259t\u0259nda\u015f\u0131, milliyy\u0259tc\u0259 erm\u0259ni olan Mariya xan\u0131m\u0131n ad\u0131 Rusiya m\u0259tbuat\u0131nda halland\u0131qdan sonra sosial \u015f\u0259b\u0259k\u0259l\u0259rin Az\u0259rbaycan seqmentind\u0259 d\u0259 m\u00fczakir\u0259 m\u00f6vzusuna \u00e7evrildi. O vaxta \u00e7oxu bilmirdi ki, bu xan\u0131m\u0131n o\u011flu Birinci Qaraba\u011f M\u00fcharib\u0259sind\u0259 h\u0259lak olub. \u015e\u0259hid anas\u0131 statusunu da\u015f\u0131yan 72 ya\u015fl\u0131 Mariya \u018fliyeva Rusiyan\u0131n Altay vilay\u0259tind\u0259 d\u00fcnyaya g\u0259lib. \u018fsl\u0259n Erm\u0259nistandand\u0131r. 7 ya\u015f\u0131 olanda Mariya v\u0259 ail\u0259si Rusiyadan Bak\u0131ya k\u00f6\u00e7\u00fcb. Sonradan o, az\u0259rbaycanl\u0131 il\u0259 ail\u0259 qurub:\n<\/p>\n<p>\n  \u201cSad\u0259c\u0259 araya mill\u0259t davas\u0131n\u0131 sald\u0131lar, yoxsa bel\u0259 ya\u015fay\u0131rd\u0131lar da. 70 il ya\u015fam\u0131rd\u0131lar ki, m\u0259g\u0259r Sovetin d\u00f6vr\u00fcnd\u0259?\u201d\n<\/p>\n<p>\n  Mariya \u018fliyevan\u0131n o\u011flu Samir vaxtil\u0259 Nax\u00e7\u0131vanski ad\u0131na h\u0259rbi liseyd\u0259 oxuyub. Birinci Qaraba\u011f m\u00fcharib\u0259si ba\u015flayanda o, \u0259sg\u0259r yollan\u0131b. 1994-c\u00fc ilin yanvar\u0131nda 19 ya\u015fl\u0131 Samir h\u0259lak olub.\n<\/p>\n<p>\n  \u201cBu m\u00fcharib\u0259 \u00e7ox adam\u0131 a\u011flar qoydu, \u00e7ox \u015f\u0259hidimiz g\u0259ldi. \u00c7ox pis z\u0259man\u0259 idi\u201d, &#8211; Mariya \u018fliyeva deyir.\n<\/p>\n<p>\n  Mariya xan\u0131m deyir ki, qohumlar\u0131n\u0131n ham\u0131s\u0131, dem\u0259k olar Rusiyada ya\u015fay\u0131r. Erm\u0259nistanda qalan \u0259mil\u0259ri is\u0259 \u00e7oxdan v\u0259fat edibl\u0259r. Deyir ki, ora il\u0259 he\u00e7 bir \u0259laq\u0259si qalmay\u0131b:\n<\/p>\n<p>\n  \u201cD\u00fczd\u00fcr, bac\u0131lar\u0131m Rusiyadad\u0131r, Stavropolda, \u00d6zb\u0259kistanda da var. \u018fmil\u0259rimin d\u0259 ham\u0131s\u0131 ordad\u0131r. Ora gedir\u0259m h\u0259rd\u0259n, 3-5 ild\u0259n bir laz\u0131m olanda. Amma o t\u0259r\u0259f\u0259 (Erm\u0259nistan\u0131 n\u0259z\u0259rd\u0259 tutur-red) yox. O t\u0259r\u0259fl\u0259 i\u015fimiz yoxdur\u201d.\n<\/p>\n<p>\n  M\u00fcharib\u0259, Qaraba\u011f \u0259traf\u0131nda m\u00fczakir\u0259 o\u011flunu itir\u0259n anan\u0131 \u00e7ox narahat edib. \u0130kinci Qaraba\u011f M\u00fcharib\u0259si ba\u015flayandan Mariya xan\u0131m a\u011f sa\u00e7lar\u0131n\u0131 boyam\u0131r. Deyir, orada g\u0259nc u\u015faqlar \u00f6l\u00fcb, m\u0259n\u0259 r\u0259ng yara\u015fmaz:\n<\/p>\n<p>\n  \u201cD\u00fczd\u00fcr, m\u00fcharib\u0259 olanda iki t\u0259r\u0259fd\u0259n d\u0259 itki olur. Bizd\u0259 d\u0259 olur, onlarda da olur. Amma onlar\u0131n da analar\u0131 anad\u0131r. Onlar ba\u015fa d\u00fc\u015fm\u0259lidirl\u0259r ki, n\u0259y\u0259 g\u00f6r\u0259 burax\u0131rlar u\u015faqlar\u0131n\u0131 ax\u0131?\u201d\n<\/p>\n<p>\n  Mariya \u018fliyeva \u0259vv\u0259ll\u0259r aqronom kimi \u00e7al\u0131\u015f\u0131b. \u0130ndi \u015f\u0259k\u0259rli diabetd\u0259n \u0259ziyy\u0259t \u00e7\u0259km\u0259sin\u0259 baxmayaraq, vaxt\u0131n\u0131 ba\u011f-ba\u011f\u00e7aya, iti \u00c7appiy\u0259 qulluq etm\u0259kl\u0259, qon\u015fu u\u015faqlar\u0131na tibbi yard\u0131m g\u00f6st\u0259rm\u0259kl\u0259 ke\u00e7irir. El\u0259 qon\u015fular da Mariya xan\u0131m\u0131 \u00e7ox sevir.\n<\/p>\n<p>\n  \u201cDil adam\u0131 yax\u015f\u0131 yola da \u00e7\u0259k\u0259r, pis yola da. O vaxt m\u00fcharib\u0259l\u0259rd\u0259 ya\u015fl\u0131 adamlar yayl\u0131qlar\u0131n\u0131 \u00e7\u0131xar\u0131b at\u0131rd\u0131lar ayaq alt\u0131na ki, qan dayans\u0131n. B\u00f6y\u00fck-ki\u00e7ik say\u0131rd\u0131lar. \u0130ndi d\u0259 \u015firin dill\u0259, h\u0259r\u0259k\u0259tl\u0259 camaat\u0131 yola g\u0259tirm\u0259k olar\u201d, &#8211; \u015f\u0259hid anas\u0131 deyir.\n<\/p>\n<p>\n  Mariya \u018fliyeva Az\u0259rbaycan\u0131 v\u0259t\u0259ni say\u0131r. O inan\u0131r ki, dinind\u0259n v\u0259 mill\u0259tind\u0259n as\u0131l\u0131 olmayaraq, insanlar mehriban v\u0259 birg\u0259 ya\u015faya bil\u0259rl\u0259r.<\/p>\n","protected":false},"excerpt":{"rendered":"<p>Az\u0259rbaycan v\u0259t\u0259nda\u015f\u0131, milliyy\u0259tc\u0259 erm\u0259ni olan Mariya xan\u0131m\u0131n ad\u0131 Rusiya m\u0259tbuat\u0131nda halland\u0131qdan sonra sosial \u015f\u0259b\u0259k\u0259l\u0259rin Az\u0259rbaycan seqmentind\u0259 d\u0259 m\u00fczakir\u0259 m\u00f6vzusuna \u00e7evrildi.<\/p>\n","protected":false},"author":11,"featured_media":162138,"comment_status":"closed","ping_status":"open","sticky":false,"template":"","format":"standard","meta":{"_acf_changed":false,"_sitemap_exclude":false,"_sitemap_priority":"","_sitemap_frequency":"","footnotes":""},"categories":[63],"tags":[],"class_list":["post-206701","post","type-post","status-publish","format-standard","has-post-thumbnail","hentry","category-video-2","infinite-scroll-item","generate-columns","tablet-grid-50","mobile-grid-100","grid-parent","grid-33","no-featured-image-padding"],"acf":[],"yoast_head":"<!-- This site is optimized with the Yoast SEO plugin v27.5 - https:\/\/yoast.com\/product\/yoast-seo-wordpress\/ -->\n<title>Qaraba\u011fda d\u00f6y\u00fc\u015f\u00fcb, \u015f\u0259hid statusu veril\u0259n \u0259sg\u0259rin milliyy\u0259tc\u0259 erm\u0259ni olan anas\u0131 - MEYDAN.TV<\/title>\n<meta name=\"robots\" content=\"index, follow, max-snippet:-1, max-image-preview:large, max-video-preview:-1\" \/>\n<link rel=\"canonical\" href=\"https:\/\/www.meydan.tv\/az\/article\/qarabagda-doyusub-sehid-statusu-verilen-esgerin-milliyyetce-ermeni-olan-anasi\/\" \/>\n<meta property=\"og:locale\" content=\"az_AZ\" \/>\n<meta property=\"og:type\" content=\"article\" \/>\n<meta property=\"og:title\" content=\"Qaraba\u011fda d\u00f6y\u00fc\u015f\u00fcb, \u015f\u0259hid statusu veril\u0259n \u0259sg\u0259rin milliyy\u0259tc\u0259 erm\u0259ni olan anas\u0131 - MEYDAN.TV\" \/>\n<meta property=\"og:description\" content=\"Az\u0259rbaycan v\u0259t\u0259nda\u015f\u0131, milliyy\u0259tc\u0259 erm\u0259ni olan Mariya xan\u0131m\u0131n ad\u0131 Rusiya m\u0259tbuat\u0131nda halland\u0131qdan sonra sosial \u015f\u0259b\u0259k\u0259l\u0259rin Az\u0259rbaycan seqmentind\u0259 d\u0259 m\u00fczakir\u0259 m\u00f6vzusuna \u00e7evrildi.\" \/>\n<meta property=\"og:url\" content=\"https:\/\/www.meydan.tv\/az\/article\/qarabagda-doyusub-sehid-statusu-verilen-esgerin-milliyyetce-ermeni-olan-anasi\/\" \/>\n<meta property=\"og:site_name\" content=\"MEYDAN.TV\" \/>\n<meta property=\"article:published_time\" content=\"2021-06-11T19:11:57+00:00\" \/>\n<meta property=\"og:image\" content=\"https:\/\/www.meydan.tv\/wp-content\/uploads\/456456.png\" \/>\n\t<meta property=\"og:image:width\" content=\"1280\" \/>\n\t<meta property=\"og:image:height\" content=\"720\" \/>\n\t<meta property=\"og:image:type\" content=\"image\/png\" \/>\n<meta name=\"author\" content=\"user-manager\" \/>\n<meta name=\"twitter:card\" content=\"summary_large_image\" \/>\n<script type=\"application\/ld+json\" class=\"yoast-schema-graph\">{\"@context\":\"https:\\\/\\\/schema.org\",\"@graph\":[{\"@type\":\"Article\",\"@id\":\"https:\\\/\\\/www.meydan.tv\\\/az\\\/article\\\/qarabagda-doyusub-sehid-statusu-verilen-esgerin-milliyyetce-ermeni-olan-anasi\\\/#article\",\"isPartOf\":{\"@id\":\"https:\\\/\\\/www.meydan.tv\\\/az\\\/article\\\/qarabagda-doyusub-sehid-statusu-verilen-esgerin-milliyyetce-ermeni-olan-anasi\\\/\"},\"author\":{\"name\":\"user-manager\",\"@id\":\"https:\\\/\\\/www.meydan.tv\\\/az\\\/#\\\/schema\\\/person\\\/10d11eccf6da3662cf5fdab9806ea91a\"},\"headline\":\"Qaraba\u011fda d\u00f6y\u00fc\u015f\u00fcb, \u015f\u0259hid statusu veril\u0259n \u0259sg\u0259rin milliyy\u0259tc\u0259 erm\u0259ni olan anas\u0131\",\"datePublished\":\"2021-06-11T19:11:57+00:00\",\"mainEntityOfPage\":{\"@id\":\"https:\\\/\\\/www.meydan.tv\\\/az\\\/article\\\/qarabagda-doyusub-sehid-statusu-verilen-esgerin-milliyyetce-ermeni-olan-anasi\\\/\"},\"wordCount\":635,\"publisher\":{\"@id\":\"https:\\\/\\\/www.meydan.tv\\\/az\\\/#organization\"},\"image\":{\"@id\":\"https:\\\/\\\/www.meydan.tv\\\/az\\\/article\\\/qarabagda-doyusub-sehid-statusu-verilen-esgerin-milliyyetce-ermeni-olan-anasi\\\/#primaryimage\"},\"thumbnailUrl\":\"https:\\\/\\\/www.meydan.tv\\\/wp-content\\\/uploads\\\/456456.png\",\"articleSection\":[\"Video\"],\"inLanguage\":\"az\"},{\"@type\":\"WebPage\",\"@id\":\"https:\\\/\\\/www.meydan.tv\\\/az\\\/article\\\/qarabagda-doyusub-sehid-statusu-verilen-esgerin-milliyyetce-ermeni-olan-anasi\\\/\",\"url\":\"https:\\\/\\\/www.meydan.tv\\\/az\\\/article\\\/qarabagda-doyusub-sehid-statusu-verilen-esgerin-milliyyetce-ermeni-olan-anasi\\\/\",\"name\":\"Qaraba\u011fda d\u00f6y\u00fc\u015f\u00fcb, \u015f\u0259hid statusu veril\u0259n \u0259sg\u0259rin milliyy\u0259tc\u0259 erm\u0259ni olan anas\u0131 - MEYDAN.TV\",\"isPartOf\":{\"@id\":\"https:\\\/\\\/www.meydan.tv\\\/az\\\/#website\"},\"primaryImageOfPage\":{\"@id\":\"https:\\\/\\\/www.meydan.tv\\\/az\\\/article\\\/qarabagda-doyusub-sehid-statusu-verilen-esgerin-milliyyetce-ermeni-olan-anasi\\\/#primaryimage\"},\"image\":{\"@id\":\"https:\\\/\\\/www.meydan.tv\\\/az\\\/article\\\/qarabagda-doyusub-sehid-statusu-verilen-esgerin-milliyyetce-ermeni-olan-anasi\\\/#primaryimage\"},\"thumbnailUrl\":\"https:\\\/\\\/www.meydan.tv\\\/wp-content\\\/uploads\\\/456456.png\",\"datePublished\":\"2021-06-11T19:11:57+00:00\",\"breadcrumb\":{\"@id\":\"https:\\\/\\\/www.meydan.tv\\\/az\\\/article\\\/qarabagda-doyusub-sehid-statusu-verilen-esgerin-milliyyetce-ermeni-olan-anasi\\\/#breadcrumb\"},\"inLanguage\":\"az\",\"potentialAction\":[{\"@type\":\"ReadAction\",\"target\":[\"https:\\\/\\\/www.meydan.tv\\\/az\\\/article\\\/qarabagda-doyusub-sehid-statusu-verilen-esgerin-milliyyetce-ermeni-olan-anasi\\\/\"]}]},{\"@type\":\"ImageObject\",\"inLanguage\":\"az\",\"@id\":\"https:\\\/\\\/www.meydan.tv\\\/az\\\/article\\\/qarabagda-doyusub-sehid-statusu-verilen-esgerin-milliyyetce-ermeni-olan-anasi\\\/#primaryimage\",\"url\":\"https:\\\/\\\/www.meydan.tv\\\/wp-content\\\/uploads\\\/456456.png\",\"contentUrl\":\"https:\\\/\\\/www.meydan.tv\\\/wp-content\\\/uploads\\\/456456.png\",\"width\":1280,\"height\":720,\"caption\":\"Source: Meydan TV\"},{\"@type\":\"BreadcrumbList\",\"@id\":\"https:\\\/\\\/www.meydan.tv\\\/az\\\/article\\\/qarabagda-doyusub-sehid-statusu-verilen-esgerin-milliyyetce-ermeni-olan-anasi\\\/#breadcrumb\",\"itemListElement\":[{\"@type\":\"ListItem\",\"position\":1,\"name\":\"Ana s\u0259hif\u0259\",\"item\":\"https:\\\/\\\/www.meydan.tv\\\/az\\\/\"},{\"@type\":\"ListItem\",\"position\":2,\"name\":\"Video\",\"item\":\"https:\\\/\\\/www.meydan.tv\\\/az\\\/section\\\/video-2\\\/\"},{\"@type\":\"ListItem\",\"position\":3,\"name\":\"Qaraba\u011fda d\u00f6y\u00fc\u015f\u00fcb, \u015f\u0259hid statusu veril\u0259n \u0259sg\u0259rin milliyy\u0259tc\u0259 erm\u0259ni olan anas\u0131\"}]},{\"@type\":\"WebSite\",\"@id\":\"https:\\\/\\\/www.meydan.tv\\\/az\\\/#website\",\"url\":\"https:\\\/\\\/www.meydan.tv\\\/az\\\/\",\"name\":\"MEYDAN.TV\",\"description\":\"Meydan TV Az\u0259rbaycan\u0131n media m\u0259kan\u0131ndak\u0131 alternativ s\u0259sidir\",\"publisher\":{\"@id\":\"https:\\\/\\\/www.meydan.tv\\\/az\\\/#organization\"},\"potentialAction\":[{\"@type\":\"SearchAction\",\"target\":{\"@type\":\"EntryPoint\",\"urlTemplate\":\"https:\\\/\\\/www.meydan.tv\\\/az\\\/?s={search_term_string}\"},\"query-input\":{\"@type\":\"PropertyValueSpecification\",\"valueRequired\":true,\"valueName\":\"search_term_string\"}}],\"inLanguage\":\"az\"},{\"@type\":\"Organization\",\"@id\":\"https:\\\/\\\/www.meydan.tv\\\/az\\\/#organization\",\"name\":\"Meydan TV\",\"url\":\"https:\\\/\\\/www.meydan.tv\\\/az\\\/\",\"logo\":{\"@type\":\"ImageObject\",\"inLanguage\":\"az\",\"@id\":\"https:\\\/\\\/www.meydan.tv\\\/az\\\/#\\\/schema\\\/logo\\\/image\\\/\",\"url\":\"https:\\\/\\\/www.meydan.tv\\\/wp-content\\\/uploads\\\/2021\\\/07\\\/meydan-logo.svg\",\"contentUrl\":\"https:\\\/\\\/www.meydan.tv\\\/wp-content\\\/uploads\\\/2021\\\/07\\\/meydan-logo.svg\",\"width\":195,\"height\":46,\"caption\":\"Meydan TV\"},\"image\":{\"@id\":\"https:\\\/\\\/www.meydan.tv\\\/az\\\/#\\\/schema\\\/logo\\\/image\\\/\"}},{\"@type\":\"Person\",\"@id\":\"https:\\\/\\\/www.meydan.tv\\\/az\\\/#\\\/schema\\\/person\\\/10d11eccf6da3662cf5fdab9806ea91a\",\"name\":\"user-manager\"}]}<\/script>\n<!-- \/ Yoast SEO plugin. -->","yoast_head_json":{"title":"Qaraba\u011fda d\u00f6y\u00fc\u015f\u00fcb, \u015f\u0259hid statusu veril\u0259n \u0259sg\u0259rin milliyy\u0259tc\u0259 erm\u0259ni olan anas\u0131 - MEYDAN.TV","robots":{"index":"index","follow":"follow","max-snippet":"max-snippet:-1","max-image-preview":"max-image-preview:large","max-video-preview":"max-video-preview:-1"},"canonical":"https:\/\/www.meydan.tv\/az\/article\/qarabagda-doyusub-sehid-statusu-verilen-esgerin-milliyyetce-ermeni-olan-anasi\/","og_locale":"az_AZ","og_type":"article","og_title":"Qaraba\u011fda d\u00f6y\u00fc\u015f\u00fcb, \u015f\u0259hid statusu veril\u0259n \u0259sg\u0259rin milliyy\u0259tc\u0259 erm\u0259ni olan anas\u0131 - MEYDAN.TV","og_description":"Az\u0259rbaycan v\u0259t\u0259nda\u015f\u0131, milliyy\u0259tc\u0259 erm\u0259ni olan Mariya xan\u0131m\u0131n ad\u0131 Rusiya m\u0259tbuat\u0131nda halland\u0131qdan sonra sosial \u015f\u0259b\u0259k\u0259l\u0259rin Az\u0259rbaycan seqmentind\u0259 d\u0259 m\u00fczakir\u0259 m\u00f6vzusuna \u00e7evrildi.","og_url":"https:\/\/www.meydan.tv\/az\/article\/qarabagda-doyusub-sehid-statusu-verilen-esgerin-milliyyetce-ermeni-olan-anasi\/","og_site_name":"MEYDAN.TV","article_published_time":"2021-06-11T19:11:57+00:00","og_image":[{"width":1280,"height":720,"url":"https:\/\/www.meydan.tv\/wp-content\/uploads\/456456.png","type":"image\/png"}],"author":"user-manager","twitter_card":"summary_large_image","schema":{"@context":"https:\/\/schema.org","@graph":[{"@type":"Article","@id":"https:\/\/www.meydan.tv\/az\/article\/qarabagda-doyusub-sehid-statusu-verilen-esgerin-milliyyetce-ermeni-olan-anasi\/#article","isPartOf":{"@id":"https:\/\/www.meydan.tv\/az\/article\/qarabagda-doyusub-sehid-statusu-verilen-esgerin-milliyyetce-ermeni-olan-anasi\/"},"author":{"name":"user-manager","@id":"https:\/\/www.meydan.tv\/az\/#\/schema\/person\/10d11eccf6da3662cf5fdab9806ea91a"},"headline":"Qaraba\u011fda d\u00f6y\u00fc\u015f\u00fcb, \u015f\u0259hid statusu veril\u0259n \u0259sg\u0259rin milliyy\u0259tc\u0259 erm\u0259ni olan anas\u0131","datePublished":"2021-06-11T19:11:57+00:00","mainEntityOfPage":{"@id":"https:\/\/www.meydan.tv\/az\/article\/qarabagda-doyusub-sehid-statusu-verilen-esgerin-milliyyetce-ermeni-olan-anasi\/"},"wordCount":635,"publisher":{"@id":"https:\/\/www.meydan.tv\/az\/#organization"},"image":{"@id":"https:\/\/www.meydan.tv\/az\/article\/qarabagda-doyusub-sehid-statusu-verilen-esgerin-milliyyetce-ermeni-olan-anasi\/#primaryimage"},"thumbnailUrl":"https:\/\/www.meydan.tv\/wp-content\/uploads\/456456.png","articleSection":["Video"],"inLanguage":"az"},{"@type":"WebPage","@id":"https:\/\/www.meydan.tv\/az\/article\/qarabagda-doyusub-sehid-statusu-verilen-esgerin-milliyyetce-ermeni-olan-anasi\/","url":"https:\/\/www.meydan.tv\/az\/article\/qarabagda-doyusub-sehid-statusu-verilen-esgerin-milliyyetce-ermeni-olan-anasi\/","name":"Qaraba\u011fda d\u00f6y\u00fc\u015f\u00fcb, \u015f\u0259hid statusu veril\u0259n \u0259sg\u0259rin milliyy\u0259tc\u0259 erm\u0259ni olan anas\u0131 - MEYDAN.TV","isPartOf":{"@id":"https:\/\/www.meydan.tv\/az\/#website"},"primaryImageOfPage":{"@id":"https:\/\/www.meydan.tv\/az\/article\/qarabagda-doyusub-sehid-statusu-verilen-esgerin-milliyyetce-ermeni-olan-anasi\/#primaryimage"},"image":{"@id":"https:\/\/www.meydan.tv\/az\/article\/qarabagda-doyusub-sehid-statusu-verilen-esgerin-milliyyetce-ermeni-olan-anasi\/#primaryimage"},"thumbnailUrl":"https:\/\/www.meydan.tv\/wp-content\/uploads\/456456.png","datePublished":"2021-06-11T19:11:57+00:00","breadcrumb":{"@id":"https:\/\/www.meydan.tv\/az\/article\/qarabagda-doyusub-sehid-statusu-verilen-esgerin-milliyyetce-ermeni-olan-anasi\/#breadcrumb"},"inLanguage":"az","potentialAction":[{"@type":"ReadAction","target":["https:\/\/www.meydan.tv\/az\/article\/qarabagda-doyusub-sehid-statusu-verilen-esgerin-milliyyetce-ermeni-olan-anasi\/"]}]},{"@type":"ImageObject","inLanguage":"az","@id":"https:\/\/www.meydan.tv\/az\/article\/qarabagda-doyusub-sehid-statusu-verilen-esgerin-milliyyetce-ermeni-olan-anasi\/#primaryimage","url":"https:\/\/www.meydan.tv\/wp-content\/uploads\/456456.png","contentUrl":"https:\/\/www.meydan.tv\/wp-content\/uploads\/456456.png","width":1280,"height":720,"caption":"Source: Meydan TV"},{"@type":"BreadcrumbList","@id":"https:\/\/www.meydan.tv\/az\/article\/qarabagda-doyusub-sehid-statusu-verilen-esgerin-milliyyetce-ermeni-olan-anasi\/#breadcrumb","itemListElement":[{"@type":"ListItem","position":1,"name":"Ana s\u0259hif\u0259","item":"https:\/\/www.meydan.tv\/az\/"},{"@type":"ListItem","position":2,"name":"Video","item":"https:\/\/www.meydan.tv\/az\/section\/video-2\/"},{"@type":"ListItem","position":3,"name":"Qaraba\u011fda d\u00f6y\u00fc\u015f\u00fcb, \u015f\u0259hid statusu veril\u0259n \u0259sg\u0259rin milliyy\u0259tc\u0259 erm\u0259ni olan anas\u0131"}]},{"@type":"WebSite","@id":"https:\/\/www.meydan.tv\/az\/#website","url":"https:\/\/www.meydan.tv\/az\/","name":"MEYDAN.TV","description":"Meydan TV Az\u0259rbaycan\u0131n media m\u0259kan\u0131ndak\u0131 alternativ s\u0259sidir","publisher":{"@id":"https:\/\/www.meydan.tv\/az\/#organization"},"potentialAction":[{"@type":"SearchAction","target":{"@type":"EntryPoint","urlTemplate":"https:\/\/www.meydan.tv\/az\/?s={search_term_string}"},"query-input":{"@type":"PropertyValueSpecification","valueRequired":true,"valueName":"search_term_string"}}],"inLanguage":"az"},{"@type":"Organization","@id":"https:\/\/www.meydan.tv\/az\/#organization","name":"Meydan TV","url":"https:\/\/www.meydan.tv\/az\/","logo":{"@type":"ImageObject","inLanguage":"az","@id":"https:\/\/www.meydan.tv\/az\/#\/schema\/logo\/image\/","url":"https:\/\/www.meydan.tv\/wp-content\/uploads\/2021\/07\/meydan-logo.svg","contentUrl":"https:\/\/www.meydan.tv\/wp-content\/uploads\/2021\/07\/meydan-logo.svg","width":195,"height":46,"caption":"Meydan TV"},"image":{"@id":"https:\/\/www.meydan.tv\/az\/#\/schema\/logo\/image\/"}},{"@type":"Person","@id":"https:\/\/www.meydan.tv\/az\/#\/schema\/person\/10d11eccf6da3662cf5fdab9806ea91a","name":"user-manager"}]}},"_links":{"self":[{"href":"https:\/\/www.meydan.tv\/az\/wp-json\/wp\/v2\/posts\/206701","targetHints":{"allow":["GET"]}}],"collection":[{"href":"https:\/\/www.meydan.tv\/az\/wp-json\/wp\/v2\/posts"}],"about":[{"href":"https:\/\/www.meydan.tv\/az\/wp-json\/wp\/v2\/types\/post"}],"author":[{"embeddable":true,"href":"https:\/\/www.meydan.tv\/az\/wp-json\/wp\/v2\/users\/11"}],"replies":[{"embeddable":true,"href":"https:\/\/www.meydan.tv\/az\/wp-json\/wp\/v2\/comments?post=206701"}],"version-history":[{"count":0,"href":"https:\/\/www.meydan.tv\/az\/wp-json\/wp\/v2\/posts\/206701\/revisions"}],"wp:featuredmedia":[{"embeddable":true,"href":"https:\/\/www.meydan.tv\/az\/wp-json\/wp\/v2\/media\/162138"}],"wp:attachment":[{"href":"https:\/\/www.meydan.tv\/az\/wp-json\/wp\/v2\/media?parent=206701"}],"wp:term":[{"taxonomy":"category","embeddable":true,"href":"https:\/\/www.meydan.tv\/az\/wp-json\/wp\/v2\/categories?post=206701"},{"taxonomy":"post_tag","embeddable":true,"href":"https:\/\/www.meydan.tv\/az\/wp-json\/wp\/v2\/tags?post=206701"}],"curies":[{"name":"wp","href":"https:\/\/api.w.org\/{rel}","templated":true}]}}