{"id":206697,"date":"2021-06-11T16:27:20","date_gmt":"2021-06-11T16:27:20","guid":{"rendered":"https:\/\/www.meydan.tv\/article\/facebook-bizim-kimi-olkelerle-maraqlanmir-azerbaycanin-trol-ordusu-bir-ayliq-qadagadan-sonra-fealiyyete-baslayib\/"},"modified":"2021-06-11T16:27:20","modified_gmt":"2021-06-11T16:27:20","slug":"facebook-bizim-kimi-olkelerle-maraqlanmir-azerbaycanin-trol-ordusu-bir-ayliq-qadagadan-sonra-fealiyyete-baslayib","status":"publish","type":"post","link":"https:\/\/www.meydan.tv\/az\/article\/facebook-bizim-kimi-olkelerle-maraqlanmir-azerbaycanin-trol-ordusu-bir-ayliq-qadagadan-sonra-fealiyyete-baslayib\/","title":{"rendered":"\u201cFacebook bizim kimi \u00f6lk\u0259l\u0259rl\u0259 maraqlanm\u0131r\u201d: Az\u0259rbaycan\u0131n trol ordusu bir ayl\u0131q qada\u011fadan sonra f\u0259aliyy\u0259t\u0259 ba\u015flay\u0131b"},"content":{"rendered":"<p>\n  <b><br \/>\n    M\u00fc\u0259llifl\u0259r: Julia Carrie Wong ( San Francisco) v\u0259 Luke Harding ( London)<br \/>\n  <\/b>\n<\/p>\n<p>\n  \u201cFacebook\u201d trol \u015f\u0259b\u0259k\u0259sin\u0259 qada\u011fa qoymas\u0131ndan alt\u0131 ay ke\u00e7m\u0259mi\u015f Az\u0259rbaycanda m\u00fcst\u0259qil media qurumlar\u0131n\u0131 v\u0259 m\u00fcxalif siyas\u0259t\u00e7il\u0259ri h\u0259d\u0259f alan, d\u00f6vl\u0259t t\u0259r\u0259find\u0259n maliyy\u0259l\u0259\u015fdiril\u0259n t\u0259qib kampaniyas\u0131n\u0131n y\u00fcr\u00fcd\u00fclm\u0259sin\u0259 icaz\u0259 verib.\n<\/p>\n<p>\n  \u201cGuardian\u201d ara\u015fd\u0131r\u0131b ki, \u201cFacebook\u201dun \u00f6z \u0259m\u0259kda\u015f\u0131 Sofi Janq\u0131n 2019-cu ilin avqust ay\u0131nda menecerl\u0259r\u0259 v\u0259 \u015firk\u0259tin icra\u00e7\u0131 direktorlar\u0131na Az\u0259rbaycanda t\u0259qib kampaniyas\u0131n\u0131n m\u00f6vcudlu\u011fu il\u0259 ba\u011fl\u0131 m\u0259lumat verib. Bundan sonra sosial media \u015firk\u0259ti 14 ay m\u00fcdd\u0259tind\u0259 Az\u0259rbaycan\u0131n hakim partiyas\u0131 YAP-\u0131n bir qolunun bu kampaniyan\u0131 h\u0259yata ke\u00e7irm\u0259sin\u0259 icaz\u0259 verib.\n<\/p>\n<p>\n  2020-ci ilin oktyabr\u0131nda \u201cFacebook\u201d, \u201ckoordinasiya edilmi\u015f saxta davran\u0131\u015f\u201d siyas\u0259tini pozdu\u011fu \u00fc\u00e7\u00fcn YAP il\u0259 \u0259laq\u0259si olan 8000-d\u0259n \u00e7ox \u201cFacebook\u201d v\u0259 \u201cInstagram\u201d hesab\u0131n\u0131 v\u0259 s\u0259hif\u0259sini sildiyini a\u00e7\u0131qlay\u0131b. Eyni \u00fcsuldan Rusiya da 2016-c\u0131 ild\u0259 AB\u015e-dak\u0131 se\u00e7kil\u0259r\u0259 m\u00fcdaxil\u0259 etm\u0259k \u00fc\u00e7\u00fcn istifad\u0259 edib.\n<\/p>\n<p>\n  Lakin \u201cGuardian\u201d\u0131n \u0259n \u00e7ox h\u0259d\u0259f al\u0131nan s\u0259hif\u0259l\u0259r \u00fcz\u0259rind\u0259 apard\u0131\u011f\u0131 t\u0259hlill\u0259r g\u00f6st\u0259rir ki, trol \u0259m\u0259liyyat\u0131 b\u0259rpa olunub. M\u00fcst\u0259qil media olan \u201cAzad S\u00f6z\u201d-\u00fcn \u201cFacebook\u201d s\u0259hif\u0259sind\u0259 bir \u015f\u0259rhin t\u0259hlil edilm\u0259si n\u0259tic\u0259sind\u0259 a\u015fkarlan\u0131b ki, \u0259n populyar 301 \u015f\u0259rhd\u0259n 294-\u00fc (97,7%) istifad\u0259\u00e7i hesablar\u0131na b\u0259nz\u0259r \u015f\u0259kild\u0259 qurulmu\u015f \u201cFacebook\u201d s\u0259hif\u0259l\u0259ridir. Bu, \u201cFacebook\u201d t\u0259r\u0259find\u0259n qada\u011fan edil\u0259n \u201ckoordinasiya edilmi\u015f saxta davran\u0131\u015f\u201d mexanizmas\u0131 il\u0259 eynidir.\n<\/p>\n<p>\n  N\u0259tic\u0259 olaraq \u201cFacebook\u201d, S\u0259rh\u0259dsiz Reportyorlar\u0131n D\u00fcnya M\u0259tbuat Azadl\u0131\u011f\u0131 \u0130ndeksind\u0259 180 \u00f6lk\u0259 aras\u0131nda 168-ci yeri tutan Az\u0259rbaycanda avtoritar rejimin ifad\u0259 azadl\u0131\u011f\u0131na \u015f\u0259rait yaradan yegan\u0259 platformalardan biri vasit\u0259sil\u0259 apar\u0131lan m\u00fczakir\u0259l\u0259rin bo\u011fulmas\u0131na imkan verir.\n<\/p>\n<p>\n  Jurnalistika sah\u0259sind\u0259ki i\u015fin\u0259 g\u00f6r\u0259 t\u0259hdidl\u0259r\u0259 m\u0259ruz qald\u0131\u011f\u0131 \u00fc\u00e7\u00fcn T\u00fcrkiy\u0259d\u0259 ya\u015fayan az\u0259rbaycanl\u0131 jurnalist Arzu Qeybullayeva deyib: &quot;Facebook Az\u0259rbaycan kimi \u00f6lk\u0259l\u0259rl\u0259 maraqlanm\u0131r&quot;.\n<\/p>\n<p>\n  &quot;Ara\u015fd\u0131rman\u0131z \u201cFacebook\u201dun sosial median\u0131n diqq\u0259t m\u0259rk\u0259zind\u0259 olmayan v\u0259 daha az tan\u0131nan \u00f6lk\u0259l\u0259r\u0259 n\u0259 q\u0259d\u0259r laqeyd oldu\u011funu g\u00f6st\u0259rir. Daha \u00f6nc\u0259 m\u0259s\u0259l\u0259nin kontekstini izah etm\u0259si \u00fc\u00e7\u00fcn \u201cFacebook\u201dun Az\u0259rbaycandan bir n\u0259f\u0259rl\u0259 \u0259m\u0259kda\u015fl\u0131q etm\u0259si \u00fc\u00e7\u00fcn g\u00f6st\u0259rdiyimiz c\u0259hdl\u0259r u\u011fursuz olub. Onlar h\u0259qiq\u0259t\u0259n narahat edilm\u0259k ist\u0259mirl\u0259r&quot;.\n<\/p>\n<p>\n  Janq, trol \u0259m\u0259liyyat\u0131n\u0131 etibars\u0131z hesablar vasit\u0259sil\u0259 edil\u0259n saxta b\u0259y\u0259nm\u0259l\u0259r, payla\u015f\u0131mlar v\u0259 \u015f\u0259rhl\u0259r kimi f\u0259aliyy\u0259tl\u0259rl\u0259 m\u00fcbariz\u0259 aparan \u201cFacebook\u201d komandas\u0131n\u0131n t\u0259rkibind\u0259 m\u0259lumat alimi olaraq \u00e7al\u0131\u015fark\u0259n \u00fcz\u0259 \u00e7\u0131xar\u0131b. O, istifad\u0259\u00e7i hesablar\u0131na b\u0259nz\u0259r \u015f\u0259kild\u0259 yarad\u0131lm\u0131\u015f minl\u0259rl\u0259 \u201cFacebook\u201d s\u0259hif\u0259sini, \u015firk\u0259tl\u0259rin, t\u0259\u015fkilatlar\u0131n v\u0259 ictimai \u015f\u0259xsl\u0259rin profill\u0259rini \u00fcz\u0259 \u00e7\u0131xar\u0131b v\u0259 onlar\u0131n m\u00fc\u0259yy\u0259n c\u0259dv\u0259l\u0259 uy\u011fun \u015f\u0259kild\u0259 bir ne\u00e7\u0259 m\u00fcst\u0259qil Az\u0259rbaycan x\u0259b\u0259r agentliyinin v\u0259 m\u00fcxalif siyas\u0259t\u00e7il\u0259rinin s\u0259hif\u0259l\u0259rini doldurmaq \u00fc\u00e7\u00fcn \u00e7al\u0131\u015fd\u0131\u011f\u0131n\u0131 a\u015fkarlay\u0131b. \u015e\u0259rhl\u0259r dem\u0259k olar ki, h\u0259ft\u0259i\u00e7i g\u00fcnl\u0259ri bir saatl\u0131q nahar fasil\u0259si veril\u0259r\u0259k s\u0259h\u0259r 9-dan ax\u015fam 6-d\u0259k yaz\u0131l\u0131b.\n<\/p>\n<p>\n  2020-ci ilin avqust ay\u0131nda Janq t\u0259r\u0259find\u0259n t\u0259rtib edil\u0259n siyah\u0131ya \u0259sas\u0259n, \u0259m\u0259liyyat\u0131n \u0259n \u00e7ox h\u0259d\u0259f ald\u0131\u011f\u0131 20 s\u0259hif\u0259nin 2003-c\u00fc ild\u0259n bu yana Az\u0259rbaycan\u0131 getdikc\u0259 daha avtoritar bir \u015f\u0259kild\u0259 idar\u0259 ed\u0259n lider \u0130lham \u018fliyevin \u0259n b\u00f6y\u00fck t\u0259nqid\u00e7il\u0259rin\u0259 m\u0259xsus oldu\u011fu g\u00f6r\u00fcn\u00fcr. Bunlar\u0131n s\u0131ras\u0131na redaktorlar\u0131 ba\u015fqa \u00f6lk\u0259l\u0259r\u0259 \u00fcz tutma\u011fa m\u0259cbur edilmi\u015f &quot;Azadl\u0131q&quot;, &quot;Azad S\u00f6z&quot; v\u0259 &quot;Mikroskop Media&quot; kimi x\u0259b\u0259r agentlikl\u0259ri, saytlar\u0131 \u00f6lk\u0259d\u0259 bloklanm\u0131\u015f \u201cAzadl\u0131q Radiosu\u201d v\u0259 \u201cAbzas.net\u201d; Az\u0259rbaycan Xalq C\u0259bh\u0259si Partiyas\u0131 (AXCP) v\u0259 onun s\u0259dri \u018fli K\u0259rimli kimi siyasi m\u00fcxalif\u0259t\u00e7il\u0259r daxildir. \u201cHuman Rights Watch\u201d t\u0259\u015fkilat\u0131n\u0131n qeyd etdiyi kimi partiya \u201camans\u0131z t\u0259zyiql\u0259\u201d \u00fczl\u0259\u015fib.\n<\/p>\n<p>\n  K\u0259rimli, \u201cGuadian\u201d q\u0259zetin\u0259 verdiyi m\u00fcsahib\u0259d\u0259 YAP-\u0131n &quot;k\u00fctl\u0259vi trol ordusu&quot; nun \u201cFacebook\u201da h\u00fccumlar\u0131n\u0131n, sosial media hesablar\u0131n\u0131n \u0259l\u0259 ke\u00e7irilm\u0259si v\u0259 \u0130nternet\u0259 giri\u015finin m\u0259hdudla\u015fd\u0131r\u0131lmas\u0131n\u0131n h\u00f6kum\u0259tin koordinasiya edilmi\u015f kampaniyas\u0131n\u0131n bir hiss\u0259si oldu\u011funu s\u00f6yl\u0259yib.\n<\/p>\n<p>\n  \u201c\u00c7ox repressiv bir rejimimiz var. M\u00fcst\u0259qil q\u0259zet v\u0259 ya televiziya yoxdur. Sosial media fikirl\u0259rinizi s\u0259rb\u0259st ifad\u0259 etm\u0259k \u00fc\u00e7\u00fcn yegan\u0259 vasit\u0259dir. Bel\u0259likl\u0259, burada \u201cFacebook\u201d, \u201cInstagram\u201d v\u0259 dig\u0259r platformalar b\u00f6y\u00fck rol oynay\u0131r. Azad m\u0259lumat\u0131n yay\u0131lmas\u0131 \u00fc\u00e7\u00fcn m\u0259kan\u0131m\u0131z olmad\u0131\u011f\u0131ndan \u201cFacebook\u201d populyard\u0131r&quot;.\n<\/p>\n<p>\n  K\u0259rimli, h\u00f6kum\u0259t r\u0259smil\u0259rinin \u201ctrol fabriki\u201d ideyas\u0131n\u0131 Rusiyadan g\u00f6t\u00fcrd\u00fcy\u00fcn\u00fc qeyd edib. Rejimin t\u0259qrib\u0259n 10.000 tam\u015ftatl\u0131 i\u015fl\u0259y\u0259n troldan istifad\u0259 etdiyini t\u0259xmin edir. Onlar fiziki olaraq paytaxt Bak\u0131da ya\u015fay\u0131rlar v\u0259 Daxili \u0130\u015fl\u0259r Nazirliyi, d\u00f6vl\u0259t t\u0259r\u0259find\u0259n maliyy\u0259l\u0259\u015fdiril\u0259n QHT-l\u0259rl\u0259 yana\u015f\u0131 YAP G\u0259ncl\u0259r T\u0259\u015fkilat\u0131n\u0131n t\u0259rkibind\u0259 f\u0259aliyy\u0259t g\u00f6st\u0259rirl\u0259r.\n<\/p>\n<p>\n  O \u00fc\u00e7 milyona yax\u0131n \u201cFacebook\u201d istifad\u0259\u00e7isi olan bir \u00f6lk\u0259d\u0259 trollar\u0131 a\u015fkar etm\u0259yin asan oldu\u011funu vur\u011fulay\u0131b. \u201cOnlar\u0131n n\u0259 fotolar\u0131, n\u0259 d\u0259 \u015f\u0259xsi h\u0259yatlar\u0131 var. Sad\u0259c\u0259 hesab a\u00e7\u0131rlar ki, m\u0259n\u0259 qar\u015f\u0131 trolluq etsinl\u0259r&quot;, K\u0259rimli \u0259lav\u0259 edib.\n<\/p>\n<p>\n  YAP, \u201cGuardian\u201d q\u0259zetinin suallar\u0131n\u0131 cavabs\u0131z qoyub.\n<\/p>\n<p>\n  Regionda texnologiya v\u0259 m\u00fcxalif d\u00fc\u015f\u00fcnc\u0259l\u0259r \u00fcz\u0259rind\u0259 \u00e7al\u0131\u015fan bir ara\u015fd\u0131rma\u00e7\u0131n\u0131n s\u00f6zl\u0259rin\u0259 g\u00f6r\u0259, hakim partiyan\u0131 t\u0259rifl\u0259y\u0259n v\u0259 m\u00fcxalif\u0259ti t\u0259nqid ed\u0259n \u015f\u0259rhl\u0259r yazmaq \u00fc\u00e7\u00fcn trollardan istifad\u0259 etm\u0259k &quot;avtoritar h\u00f6k\u00fcm\u0259tin sosial vasit\u0259l\u0259rind\u0259n biridir&quot;. \u201cGuardian\u201d, f\u0259aliyy\u0259tin\u0259 g\u00f6r\u0259 internet \u00fcz\u0259rind\u0259n t\u0259zyiq\u0259 v\u0259 istismara m\u0259ruz qald\u0131\u011f\u0131 \u00fc\u00e7\u00fcn ara\u015fd\u0131rma\u00e7\u0131n\u0131n ad\u0131n\u0131n verilm\u0259m\u0259sin\u0259 raz\u0131la\u015f\u0131b.\n<\/p>\n<p>\n  Ara\u015fd\u0131rma\u00e7\u0131, &quot;Avtokrat r\u0259hb\u0259rl\u0259r \u00f6z hakimiyy\u0259tini qorumaq \u00fc\u00e7\u00fcn insanlar\u0131n onlar\u0131 h\u0259qiq\u0259t\u0259n d\u0259st\u0259kl\u0259dikl\u0259ri t\u0259\u0259ss\u00fcrat\u0131n\u0131 yaratmal\u0131d\u0131rlar&quot;, &#8211; dey\u0259 bildirib v\u0259 \u0259lav\u0259 edib: \u201cSosial media d\u00f6vr\u00fcnd\u0259 \u015f\u0259rhl\u0259r, b\u0259y\u0259nm\u0259l\u0259r, izl\u0259y\u0259nl\u0259rin say\u0131 v\u0259 dig\u0259r b\u00fct\u00fcn bu g\u00f6st\u0259ricil\u0259r r\u0259qibl\u0259riniz\u0259 insanlar\u0131n yan\u0131n\u0131zda olduqlar\u0131n\u0131 g\u00f6st\u0259rm\u0259k \u00fc\u00e7\u00fcn h\u0259qiq\u0259t\u0259n yax\u015f\u0131 bir \u00fcsuldur&quot;.\n<\/p>\n<p>\n  Ara\u015fd\u0131rma\u00e7\u0131, r\u0259qibl\u0259rin s\u0259hif\u0259l\u0259rin\u0259 yaz\u0131lan \u015f\u0259rhl\u0259rin onlayn m\u00fczakir\u0259l\u0259r\u0259 d\u0259 mane\u0259 yaratd\u0131\u011f\u0131n\u0131 v\u0259 fikrini bildirm\u0259k ist\u0259y\u0259n dig\u0259r insanlara &quot;\u00e7\u0259kindirici t\u0259sir&quot; g\u00f6st\u0259rdiyini \u0259lav\u0259 edib:\n<\/p>\n<p>\n  &quot;Bu insanlar \u00fc\u00e7\u00fcn bel\u0259 anlam ifad\u0259 edir: bunu ets\u0259niz, h\u0259r k\u0259s siz\u0259 h\u00fccum ed\u0259c\u0259k&quot;.\n<\/p>\n<p>\n  Janq, h\u0259y\u0259can siqnal\u0131 ver\u0259r\u0259k, \u201cFacebook\u201dun potensial \u201ckoordinasiya edilmi\u015f saxta davran\u0131\u015f\u201d kampaniyalar\u0131n\u0131 ara\u015fd\u0131rmaq \u00fc\u00e7\u00fcn \u00e7al\u0131\u015fan m\u00fcxt\u0259lif r\u0259hb\u0259r v\u0259 idar\u0259\u00e7il\u0259rl\u0259, \u201cFacebook\u201da qar\u015f\u0131 olan t\u0259hdidl\u0259ri t\u0259hlil ed\u0259n qrupla d\u0259f\u0259l\u0259rl\u0259 \u0259laq\u0259 saxlay\u0131b. Bununla yana\u015f\u0131, \u201cFacebook\u201dun ba\u015f ver\u0259nl\u0259ri ara\u015fd\u0131rmas\u0131 \u00fc\u00e7\u00fcn t\u0259dqiqat\u00e7\u0131 t\u0259yin etm\u0259si 2019-cu ilin dekabr\u0131na q\u0259d\u0259r \u00e7\u0259kib v\u0259 t\u0259dqiqat\u00e7\u0131n\u0131n trol \u015f\u0259b\u0259k\u0259sinin a\u00e7\u0131q \u015f\u0259kild\u0259 YAP-\u0131n r\u0259smil\u0259ri il\u0259 \u0259laq\u0259li oldu\u011funu \u00fcz\u0259 \u00e7\u0131xarmas\u0131 2020-ci ilin fevral\u0131na q\u0259d\u0259r davam edib.\n<\/p>\n<p>\n  Avtoritar rejimin m\u00fcxalif d\u00fc\u015f\u00fcnc\u0259ni yat\u0131rmaq \u00fc\u00e7\u00fcn qaydalar\u0131n\u0131 pozdu\u011funa dair s\u00fcbutlar olmas\u0131na baxmayaraq (koordinasiya edilmi\u015f saxta davran\u0131\u015f\u201d kampan\u0131yas\u0131na uy\u011fun olaraq), \u201cFacebook\u201d 2020-ci ilin mart\u0131nda ara\u015fd\u0131rman\u0131 dayand\u0131r\u0131b v\u0259 \u015firk\u0259t daxilind\u0259 Janq t\u0259r\u0259find\u0259n edil\u0259n \u015fikay\u0259tl\u0259r\u0259 cavab olaraq yaln\u0131z avqust ay\u0131nda ara\u015fd\u0131rman\u0131 b\u0259rpa edib.\n<\/p>\n<p>\n  \u201cFacebook\u201d s\u00f6z\u00e7\u00fcs\u00fc Liz Burjua, \u201cBiz xan\u0131m Janq\u0131n prioritetl\u0259rimizi m\u00fc\u0259yy\u0259nl\u0259\u015fdirm\u0259k v\u0259 platformam\u0131zda sui-istifad\u0259ni aradan qald\u0131rmaq s\u0259yl\u0259ri il\u0259 \u0259sasl\u0131 \u015f\u0259kild\u0259 raz\u0131la\u015fm\u0131r\u0131q\u201d,- deyib.\n<\/p>\n<p>\n  \u201cFacebook\u201d, BJP Partiyas\u0131n\u0131n \u00fczv\u00fcn\u00fcn i\u015f\u0259 qar\u0131\u015fd\u0131\u011f\u0131n\u0131 ba\u015fa d\u00fc\u015f\u0259n\u0259 q\u0259d\u0259r Hindistanda saxta hesablar\u0131 silm\u0259yi planla\u015fd\u0131rm\u0131\u015fd\u0131.\n<\/p>\n<p>\n  \u201c\u00d6t\u0259n il Az\u0259rbaycanda bu \u015f\u0259b\u0259k\u0259nin l\u0259\u011fvi il\u0259 ba\u011fl\u0131 ba\u015f ver\u0259nl\u0259ri ara\u015fd\u0131rd\u0131q v\u0259 bunu ictimaiyy\u0259tl\u0259 payla\u015fd\u0131q. Bu ara\u015fd\u0131rmalar, saxta f\u0259aliyy\u0259tin tam miqyas\u0131n\u0131 anlamaq \u00fc\u00e7\u00fcn vaxt t\u0259l\u0259b edir ki, biz d\u0259 hiss\u0259-hiss\u0259 i\u015f g\u00f6rm\u00fcr\u00fck v\u0259 ictimai konsepsiyam\u0131z oldu\u011funa inam\u0131m\u0131z var . Dig\u0259r \u201ckoordinasiya edilmi\u015f saxta davran\u0131\u015f\u201d kampaniyas\u0131nda oldu\u011fu kimi, n\u0259zar\u0259t etm\u0259y\u0259 v\u0259 onlar\u0131n platformam\u0131zda m\u00f6vcuqluqlar\u0131n\u0131 b\u0259rpa etm\u0259sini \u0259ng\u0259ll\u0259m\u0259y\u0259 \u00e7al\u0131\u015f\u0131r\u0131q\u201d.\n<\/p>\n<p>\n  \u015eirk\u0259t, bazar ert\u0259si g\u00fcn\u00fc \u201cGuardian\u201d t\u0259r\u0259find\u0259n m\u00fc\u0259yy\u0259n edil\u0259n, saxta davran\u0131\u015f siyas\u0259tini pozan 300-d\u0259n \u00e7ox s\u0259hif\u0259ni l\u0259\u011fv etdiyini bildirib. \u015eirk\u0259t Janq\u0131n Az\u0259rbaycan i\u015fi il\u0259 ba\u011fl\u0131 h\u0259qiqi iddialardan b\u0259hs etm\u0259yib.\n<\/p>\n<p>\n  Oktyabr ay\u0131nda \u201cFacebook\u201d 8000-d\u0259n \u00e7ox \u201cFacebook\u201d v\u0259 \u201cInstagram\u201d hesab\u0131n\u0131 v\u0259 s\u0259hif\u0259sini sildiyini elan ed\u0259nd\u0259, Az\u0259rbaycan m\u00fcbahis\u0259li Da\u011fl\u0131q Qaraba\u011f b\u00f6lg\u0259sind\u0259 Erm\u0259nistanla m\u00fcharib\u0259 v\u0259ziyy\u0259tind\u0259 idi v\u0259 internet \u00fcz\u0259rind\u0259 t\u0259zyiq daha da artd\u0131. \u201cYaln\u0131z trollar deyil, h\u0259m d\u0259 adi insanlar t\u0259r\u0259find\u0259n d\u0259 t\u0259hqir v\u0259 t\u0259hdidl\u0259r\u0259 m\u0259ruz qald\u0131q&quot;,- dey\u0259 h\u0259yat yolda\u015f\u0131 Cavid il\u0259 birlikd\u0259 \u201cMikroskop Media\u201dya r\u0259hb\u0259rlik ed\u0259n Fatim\u0259 K\u0259rimli qeyd edib.\n<\/p>\n<p>\n  H\u0259r ikisi jurnalist olan c\u00fctl\u00fck, Az\u0259rbaycan\u0131 t\u0259rk etdikd\u0259n sonra, \u00fc\u00e7 il \u0259vv\u0259l \u201cMikroskop Media\u201dn\u0131 yarad\u0131b.\n<\/p>\n<p>\n  \u201cH\u0259r k\u0259s bu \u015f\u0259rhl\u0259rin trollar t\u0259r\u0259find\u0259n yaz\u0131ld\u0131\u011f\u0131n\u0131 bilir. Bunun n\u0259 q\u0259d\u0259r davam etdiyini a\u00e7\u0131\u011f\u0131 d\u0259qiq bilmir\u0259m, amma \u0259n az\u0131 iki ildir ki, bununla qar\u015f\u0131la\u015f\u0131r\u0131q. Buna daha \u00e7ox \u201cFacebook\u201dda v\u0259 \u201c\u0130nstagram\u201dda rast g\u0259lirik, \u201cTwitter\u201dd\u0259 deyil. B\u0259z\u0259n infoqrafika v\u0259 ya videolar yay\u0131mlay\u0131r\u0131q v\u0259 700 m\u0259nfi r\u0259y yaz\u0131l\u0131r&quot;.\n<\/p>\n<figure class=\"wp-block-image size-large\">\n  <img decoding=\"async\" src=\"https:\/\/www.meydan.tv\/az\/6b76f74d-6d18-4ac3-9839-660246f656ac_w1080_r0_s-jpg\/\" alt=\"6B76F74D-6D18-4AC3-9839-660246F656AC_w1080_r0_s.jpg\" class=\"wp-image-159450\"\/><figcaption>\n    \u018fli K\u0259rimli v\u0259 onu d\u0259st\u0259kl\u0259y\u0259nl\u0259r 2019-cu ild\u0259 paytaxt Bak\u0131da Az\u0259rbaycanda s\u0259rb\u0259st topla\u015fma azadl\u0131\u011f\u0131n\u0131n verilm\u0259si t\u0259l\u0259bi il\u0259 icaz\u0259siz mitinq ke\u00e7irib<br \/>\n  <\/figcaption><\/figure>\n<p>\n  Korrupsiya hallar\u0131n\u0131 a\u00e7\u0131qlad\u0131\u011f\u0131 \u00fc\u00e7\u00fcn iki il h\u0259bs h\u0259yat\u0131 ya\u015fayan Az\u0259rbaycanl\u0131 bloger Mehman H\u00fcseynov trollar\u0131n vaxtlar\u0131n\u0131 v\u0259 enerjil\u0259rini s\u0259rf ed\u0259r\u0259k tez-tez jurnalistl\u0259rin v\u0259 ya blogerl\u0259r haqq\u0131nda yalandan hesabat verdikl\u0259rini v\u0259 bunun onlar\u0131n sosial mediadak\u0131 hesablar\u0131n\u0131n dondurulmas\u0131 il\u0259 n\u0259tic\u0259l\u0259ndiyini qeyd edib.\n<\/p>\n<p>\n  H\u00fcseynov telefonunu s\u0131nd\u0131rma\u011fa c\u0259hd ed\u0259n polis t\u0259r\u0259find\u0259n yenid\u0259n saxlan\u0131ld\u0131qdan iki g\u00fcn sonra &quot;Bununla m\u00fcbariz\u0259 apara bilmirik&quot; deyib v\u0259 \u0259lav\u0259 edib: &quot;Ed\u0259 bil\u0259c\u0259yimiz t\u0259k \u015fey bloklamaqd\u0131r &#8230; Ancaq bunun \u00fc\u00e7\u00fcn \u00e7ox vaxt laz\u0131md\u0131r&quot;.\n<\/p>\n<p>\n  H\u00fcseynov v\u0259 dig\u0259r m\u00fcxalif blogerl\u0259r, f\u0259allar \u00fc\u00e7\u00fcn probleml\u0259rd\u0259n biri d\u0259 \u201cFacebook\u201dun b\u00fct\u00fcn vasit\u0259l\u0259ri v\u0259 t\u0259limatlar\u0131n\u0131 Az\u0259rbaycan dilin\u0259 t\u0259rc\u00fcm\u0259 etm\u0259m\u0259si, sui-istifad\u0259 hallar\u0131n\u0131 v\u0259 ya dondurulmu\u015f hesablar\u0131n b\u0259rpas\u0131 bar\u0259d\u0259 m\u0259lumat verm\u0259k prosesini a\u011f\u0131rla\u015fd\u0131rmas\u0131d\u0131r. H\u00fcseynov beyn\u0259lxalq QHT-l\u0259rin k\u00f6m\u0259yin\u0259 \u00fcmid edir, lakin bu c\u00fcr qruplarla \u0259laq\u0259si olmayan daha az n\u00fcfuzlu blogerl\u0259r \u00fc\u00e7\u00fcn bunun daha \u00e7\u0259tin oldu\u011funu qeyd edir.\n<\/p>\n<p>\n  \u201cFacebook\u201dun l\u0259ng cavab verm\u0259si t\u0259sisat\u0131n mahiyy\u0259tini qism\u0259n \u0259ng\u0259ll\u0259y\u0259 bil\u0259r. \u015eirk\u0259tin geni\u015f hey\u0259tin\u0259 d\u00fcnya \u00f6lk\u0259l\u0259rind\u0259ki siyasi konteksti anlamaq \u00fcz\u0259rin\u0259 ixtisasla\u015fm\u0131\u015f m\u00fct\u0259x\u0259ssisl\u0259r v\u0259 d\u00f6vl\u0259t m\u0259murlar\u0131 il\u0259 \u0259laq\u0259 quran siyasi kadrlar daxildir. Ancaq Az\u0259rbaycanda bir bo\u015fluq var: N\u0259 \u015e\u0259rqi Avropa, n\u0259 d\u0259 Orta \u015e\u0259rqd\u0259ki siyasi qruplar bununla ba\u011fl\u0131 m\u0259suliyy\u0259ti \u00f6z \u00fcz\u0259rin\u0259 g\u00f6t\u00fcrm\u00fcrl\u0259r v\u0259 n\u0259 tam\u015ftatl\u0131, n\u0259 d\u0259 m\u00fcqavil\u0259li i\u015f\u00e7il\u0259ri Az\u0259rbaycan dilind\u0259 dan\u0131\u015f\u0131rd\u0131lar.\n<\/p>\n<p>\n  Bununla yana\u015f\u0131, Az\u0259rbaycanda d\u00f6vl\u0259t t\u0259r\u0259find\u0259n maliyy\u0259l\u0259\u015fdiril\u0259n trol \u015f\u0259b\u0259k\u0259sinin m\u00f6vcudlu\u011fu 2014-c\u00fc ild\u0259 ingilis dilind\u0259 d\u0259rc olunan bir t\u0259dqiqatda v\u0259 Amerikada yerl\u0259\u015f\u0259n G\u0259l\u0259c\u0259k \u00fc\u00e7\u00fcn \u0130nstitutunun (Institute for the Future) 2018-ci il hesabat\u0131 il\u0259 s\u0259n\u0259dl\u0259\u015fdirilib. \u018fslind\u0259, t\u0259dqiqat\u00e7\u0131, konfransda 2012-ci ild\u0259n b\u0259ri \u201cFacebook\u201d i\u015f\u00e7il\u0259ri il\u0259 birlikd\u0259 bu m\u00f6vzunu qald\u0131rd\u0131qlar\u0131n\u0131 s\u00f6yl\u0259yib.\n<\/p>\n<p>\n  Onlar qeyd edibl\u0259r: &quot;\u201cFacebook\u201ddak\u0131 m\u00fc\u0259yy\u0259n insanlar bunu ill\u0259rdir bilirl\u0259r. Bu haqda daha yax\u015f\u0131 \u00f6yr\u0259nm\u0259li v\u0259 daha \u00e7ox diqq\u0259t yetirm\u0259li idil\u0259r&quot;.\n<\/p>\n<p>\n  \u201cAz\u0259rbaycandak\u0131 repressiyalar\u0131n d\u0259r\u0259c\u0259si, \u201cFacebook\u201dun rejimin yol verdiyi pozuntunun qar\u015f\u0131s\u0131n\u0131 ala bilm\u0259m\u0259si v\u0259ziyy\u0259ti daha da z\u0259r\u0259rli edir. \u00c7\u00fcnki \u201cFacebook\u201d, az\u0259rbaycanl\u0131 internet istifad\u0259\u00e7il\u0259ri \u00fc\u00e7\u00fcn m\u00f6vcud olan yegan\u0259 azad m\u00fczakir\u0259 platformalar\u0131ndan biridir.\n<\/p>\n<p>\n  Bu, h\u00f6kum\u0259tin n\u0259zar\u0259ti alt\u0131nda olmayan t\u0259k vasit\u0259dir\u201d,- dey\u0259 H\u00fcseynov \u0259lav\u0259 edib.\n<\/p>\n<p>\n  &quot;\u201cFacebook\u201d Az\u0259rbaycanda h\u0259r iki istiqam\u0259td\u0259 ir\u0259lil\u0259yir&quot;,- dey\u0259 Qeybullayeva \u0259lav\u0259 edib: \u201cBir t\u0259r\u0259fd\u0259n, Az\u0259rbaycandak\u0131 siyasi m\u00fcxalif\u0259t \u00fc\u00e7\u00fcn \u201cFacebook\u201d konkret bir m\u00f6vzuda t\u0259\u015fkilatlanaraq d\u0259st\u0259k ala bil\u0259c\u0259yi bir yerdir. Qaranl\u0131q t\u0259r\u0259fi odur ki, h\u00f6kum\u0259t m\u00fczakir\u0259 olunanlar\u0131 v\u0259 kimin n\u0259 dediyini a\u00e7\u0131q \u015f\u0259kild\u0259 g\u00f6r\u00fcr. Bu insanlar\u0131n bu \u015f\u0259kild\u0259 h\u0259d\u0259f\u0259 \u00e7evrilm\u0259sin\u0259 s\u0259b\u0259b olur. M\u0259s\u0259l\u0259 ikit\u0259r\u0259flidir\u201d.\n<\/p>\n<p>\n  Qeybullayeva, 2013 v\u0259 ya 2014-c\u00fc ild\u0259 Budape\u015ftd\u0259 \u0130nternet Azadl\u0131\u011f\u0131 il\u0259 ba\u011fl\u0131 iclasda i\u015ftirak ed\u0259rk\u0259n Mark Zukerberqi g\u00f6rd\u00fcy\u00fcn\u00fc s\u00f6yl\u0259yib. H\u0259min d\u00f6vrd\u0259 sosial \u015f\u0259b\u0259k\u0259 onun heyranl\u0131\u011f\u0131na s\u0259b\u0259b olub. O, \u201cFacebook\u201dun \u00f6z \u00f6lk\u0259sind\u0259 ifad\u0259 azadl\u0131\u011f\u0131n\u0131 t\u0259min etm\u0259k \u00fc\u00e7\u00fcn g\u00f6rd\u00fcy\u00fc i\u015fl\u0259r\u0259 g\u00f6r\u0259 Zukerberq\u0259 t\u0259\u015f\u0259kk\u00fcr etm\u0259k \u00fc\u00e7\u00fcn ona yax\u0131nla\u015fma\u011fa c\u0259hd etdiyini qeyd edir.\n<\/p>\n<p>\n  \u201cM\u00fchafiz\u0259\u00e7i m\u0259ni it\u0259l\u0259di. Bu g\u00f6r\u00fc\u015f\u00fc h\u0259mi\u015f\u0259 xat\u0131rlay\u0131ram. Bu, \u201cFacebook\u201dun biz\u0259 qar\u015f\u0131 n\u0259 q\u0259d\u0259r laqeyd oldu\u011funu g\u00f6st\u0259rir&quot;.\n<\/p>\n<p>\n  Zuckerberq\u0259 n\u0259 dem\u0259k ist\u0259diyini soru\u015fduqda, K\u0259rimli \u201c\u0130lk n\u00f6vb\u0259d\u0259 ona t\u0259\u015f\u0259kk\u00fcr etm\u0259k ist\u0259yir\u0259m. \u201cFacebook\u201d ictimai m\u00fczakir\u0259y\u0259 imkan yarad\u0131r. Ancaq b\u00f6y\u00fck maliyy\u0259 qaynaqlar\u0131na sahib repressiv rejiml\u0259r d\u0259 bundan saxta x\u0259b\u0259rl\u0259r yaymaq \u00fc\u00e7\u00fcn istifad\u0259 edirl\u0259r. \u201cFacebook\u201d trol \u015f\u0259b\u0259k\u0259si t\u0259r\u0259find\u0259n yarad\u0131lan m\u0259zmunun silinm\u0259sini s\u00fcr\u0259tl\u0259ndirm\u0259lidir. K\u0259skin t\u0259dbirl\u0259r g\u00f6rm\u0259lidirl\u0259r v\u0259 Az\u0259rbaycan dilind\u0259 dan\u0131\u015fan birini i\u015f\u0259 g\u00f6t\u00fcrm\u0259lidirl\u0259r&quot;.\n<\/p>\n<h3>\n  Saxta davran\u0131\u015f nec\u0259 olur?<br \/>\n<\/h3>\n<ol>\n<li>\n    Bu, Az\u0259rbaycan\u0131n x\u0259b\u0259r agentliyi \u201cAzad S\u00f6z\u201d t\u0259r\u0259find\u0259n \u201cFacebook\u201dda payla\u015f\u0131lan bir yaz\u0131d\u0131r. Burada s\u00f6hb\u0259t Az\u0259rbaycan siyas\u0259t\u00e7il\u0259ri haqq\u0131nda t\u0259nqidi fikirl\u0259r yazd\u0131qlar\u0131na g\u00f6r\u0259 8 ay h\u0259bs c\u0259zas\u0131na m\u0259hkum edil\u0259n f\u0259aldan gedir.\n  <\/li>\n<li>\n    Mind\u0259n \u00e7ox adam yaz\u0131ya \u015f\u0259rh yaz\u0131b. \u018fks\u0259riyy\u0259ti Az\u0259rbaycan h\u00f6kum\u0259tini d\u0259st\u0259kl\u0259yib.\n  <\/li>\n<li>\n    Ancaq daha da d\u0259rin\u0259 gets\u0259n, \u015f\u00fcbh\u0259li bir \u015fey ba\u015f verir. \u018fn \u00fcstd\u0259ki \u015f\u0259rh Zeyn\u0259b Babayeva adl\u0131 bir n\u0259f\u0259r\u0259 m\u0259xsusdur.\n  <\/li>\n<li>\n    \u018fg\u0259r onun profilin\u0259 baxsaq, bunun bir istifad\u0259\u00e7i hesab\u0131 olmad\u0131\u011f\u0131n\u0131 g\u00f6r\u0259rik. Bu, bir q\u0259hv\u0259 ma\u011fazas\u0131n\u0131n \u201cFacebook\u201d s\u0259hif\u0259sidir\n  <\/li>\n<li>\n    Bu s\u0259hif\u0259 yaz\u0131ya \u015f\u0259rh bildirm\u0259d\u0259n iki h\u0259ft\u0259, h\u0259tta daha az bir m\u00fcdd\u0259t \u00f6nc\u0259 yarad\u0131l\u0131b.\n  <\/li>\n<li>\n    \u201cFacebook\u201dda h\u0259r bir insan\u0131n yaln\u0131z bir hesab\u0131 olmas\u0131 qaydas\u0131 var. Ancaq bu s\u0259hif\u0259 bo\u015fluqlardan istifad\u0259 edir\n  <\/li>\n<li>\n    Bir istifad\u0259\u00e7i, \u00f6z\u00fcn\u00fc f\u0259rqli insanlar kimi t\u0259qdim ed\u0259r\u0259k, asanl\u0131qla bir \u00e7ox s\u0259hif\u0259 yarada bil\u0259r v\u0259 bu s\u0259hif\u0259 \u015f\u0259rh verm\u0259k, payla\u015fmaq v\u0259 reaksiya bildirm\u0259k kimi normal bir hesabdan edil\u0259 bil\u0259n \u015feyl\u0259ri ed\u0259 bil\u0259r.\n  <\/li>\n<li>\n    Budur bu yaz\u0131yla ba\u011fl\u0131 \u0259n \u00fcstd\u0259ki 301 \u015f\u0259rh. Bunlardan ne\u00e7\u0259si istifad\u0259\u00e7i hesablar\u0131na b\u0259nz\u0259r \u015f\u0259kild\u0259 qurulmu\u015f s\u0259hif\u0259l\u0259rd\u0259n yaz\u0131l\u0131b?\n  <\/li>\n<li>\n    T\u0259xmin\u0259n ham\u0131s\u0131 m\u00fc\u0259yy\u0259n insanlara m\u0259xsusmu\u015f kimi t\u0259qdim olunan s\u0259hif\u0259l\u0259rdir &#8211; 301 s\u0259hif\u0259d\u0259n 294-\u00fc bel\u0259dir. S\u0259hif\u0259l\u0259rin yar\u0131s\u0131 bu payla\u015f\u0131ma \u015f\u0259rh bildirm\u0259d\u0259n \u00f6nc\u0259 bir aydan az m\u00fcdd\u0259td\u0259 yarad\u0131l\u0131b; S\u0259hif\u0259l\u0259rin ham\u0131s\u0131n\u0131n bir ild\u0259n az ya\u015f\u0131 var idi.\n  <\/li>\n<li>\n    \u201cFacebook\u201d ictimai r\u0259y v\u0259 reall\u0131q anlay\u0131\u015f\u0131m\u0131z\u0131 formala\u015fd\u0131ra bil\u0259r. Ancaq bu yaz\u0131da v\u0259 dig\u0259r bir \u00e7oxunda g\u00f6rd\u00fcy\u00fcm\u00fcz m\u0259s\u0259l\u0259nin sad\u0259c\u0259 bir qismidir.\n  <\/li>\n<\/ol>\n<h3>\n  M\u00fc\u0259llifl\u0259r: Julia Carrie Wong ( San Francisco) v\u0259 Luke Harding ( London)<br \/>\n<\/h3>\n","protected":false},"excerpt":{"rendered":"<p>Avtoritar \u00f6lk\u0259d\u0259 d\u00f6vl\u0259tin maaliy\u0259l\u0259\u015fdirdiyi t\u0259zyiq kampaniyas\u0131 jurnalistl\u0259ri v\u0259 m\u00fcxalifl\u0259ri h\u0259d\u0259f al\u0131b.<\/p>\n","protected":false},"author":11,"featured_media":159444,"comment_status":"closed","ping_status":"open","sticky":false,"template":"","format":"standard","meta":{"_acf_changed":false,"_sitemap_exclude":false,"_sitemap_priority":"","_sitemap_frequency":"","footnotes":""},"categories":[59],"tags":[],"class_list":["post-206697","post","type-post","status-publish","format-standard","has-post-thumbnail","hentry","category-siyaset","infinite-scroll-item","generate-columns","tablet-grid-50","mobile-grid-100","grid-parent","grid-33","no-featured-image-padding"],"acf":[],"yoast_head":"<!-- This site is optimized with the Yoast SEO plugin v27.5 - https:\/\/yoast.com\/product\/yoast-seo-wordpress\/ -->\n<title>\u201cFacebook bizim kimi \u00f6lk\u0259l\u0259rl\u0259 maraqlanm\u0131r\u201d: Az\u0259rbaycan\u0131n trol ordusu bir ayl\u0131q qada\u011fadan sonra f\u0259aliyy\u0259t\u0259 ba\u015flay\u0131b - MEYDAN.TV<\/title>\n<meta name=\"robots\" content=\"index, follow, max-snippet:-1, max-image-preview:large, max-video-preview:-1\" \/>\n<link rel=\"canonical\" href=\"https:\/\/www.meydan.tv\/az\/article\/facebook-bizim-kimi-olkelerle-maraqlanmir-azerbaycanin-trol-ordusu-bir-ayliq-qadagadan-sonra-fealiyyete-baslayib\/\" \/>\n<meta property=\"og:locale\" content=\"az_AZ\" \/>\n<meta property=\"og:type\" content=\"article\" \/>\n<meta property=\"og:title\" content=\"\u201cFacebook bizim kimi \u00f6lk\u0259l\u0259rl\u0259 maraqlanm\u0131r\u201d: Az\u0259rbaycan\u0131n trol ordusu bir ayl\u0131q qada\u011fadan sonra f\u0259aliyy\u0259t\u0259 ba\u015flay\u0131b - MEYDAN.TV\" \/>\n<meta property=\"og:description\" content=\"Avtoritar \u00f6lk\u0259d\u0259 d\u00f6vl\u0259tin maaliy\u0259l\u0259\u015fdirdiyi t\u0259zyiq kampaniyas\u0131 jurnalistl\u0259ri v\u0259 m\u00fcxalifl\u0259ri h\u0259d\u0259f al\u0131b.\" \/>\n<meta property=\"og:url\" content=\"https:\/\/www.meydan.tv\/az\/article\/facebook-bizim-kimi-olkelerle-maraqlanmir-azerbaycanin-trol-ordusu-bir-ayliq-qadagadan-sonra-fealiyyete-baslayib\/\" \/>\n<meta property=\"og:site_name\" content=\"MEYDAN.TV\" \/>\n<meta property=\"article:published_time\" content=\"2021-06-11T16:27:20+00:00\" \/>\n<meta property=\"og:image\" content=\"https:\/\/www.meydan.tv\/wp-content\/uploads\/2838-1.jpg\" \/>\n\t<meta property=\"og:image:width\" content=\"1020\" \/>\n\t<meta property=\"og:image:height\" content=\"612\" \/>\n\t<meta property=\"og:image:type\" content=\"image\/jpeg\" \/>\n<meta name=\"author\" content=\"user-manager\" \/>\n<meta name=\"twitter:card\" content=\"summary_large_image\" \/>\n<script type=\"application\/ld+json\" class=\"yoast-schema-graph\">{\"@context\":\"https:\\\/\\\/schema.org\",\"@graph\":[{\"@type\":\"Article\",\"@id\":\"https:\\\/\\\/www.meydan.tv\\\/az\\\/article\\\/facebook-bizim-kimi-olkelerle-maraqlanmir-azerbaycanin-trol-ordusu-bir-ayliq-qadagadan-sonra-fealiyyete-baslayib\\\/#article\",\"isPartOf\":{\"@id\":\"https:\\\/\\\/www.meydan.tv\\\/az\\\/article\\\/facebook-bizim-kimi-olkelerle-maraqlanmir-azerbaycanin-trol-ordusu-bir-ayliq-qadagadan-sonra-fealiyyete-baslayib\\\/\"},\"author\":{\"name\":\"user-manager\",\"@id\":\"https:\\\/\\\/www.meydan.tv\\\/az\\\/#\\\/schema\\\/person\\\/10d11eccf6da3662cf5fdab9806ea91a\"},\"headline\":\"\u201cFacebook bizim kimi \u00f6lk\u0259l\u0259rl\u0259 maraqlanm\u0131r\u201d: Az\u0259rbaycan\u0131n trol ordusu bir ayl\u0131q qada\u011fadan sonra f\u0259aliyy\u0259t\u0259 ba\u015flay\u0131b\",\"datePublished\":\"2021-06-11T16:27:20+00:00\",\"mainEntityOfPage\":{\"@id\":\"https:\\\/\\\/www.meydan.tv\\\/az\\\/article\\\/facebook-bizim-kimi-olkelerle-maraqlanmir-azerbaycanin-trol-ordusu-bir-ayliq-qadagadan-sonra-fealiyyete-baslayib\\\/\"},\"wordCount\":3079,\"publisher\":{\"@id\":\"https:\\\/\\\/www.meydan.tv\\\/az\\\/#organization\"},\"image\":{\"@id\":\"https:\\\/\\\/www.meydan.tv\\\/az\\\/article\\\/facebook-bizim-kimi-olkelerle-maraqlanmir-azerbaycanin-trol-ordusu-bir-ayliq-qadagadan-sonra-fealiyyete-baslayib\\\/#primaryimage\"},\"thumbnailUrl\":\"https:\\\/\\\/www.meydan.tv\\\/wp-content\\\/uploads\\\/2838-1.jpg\",\"articleSection\":[\"Siyas\u0259t\"],\"inLanguage\":\"az\"},{\"@type\":\"WebPage\",\"@id\":\"https:\\\/\\\/www.meydan.tv\\\/az\\\/article\\\/facebook-bizim-kimi-olkelerle-maraqlanmir-azerbaycanin-trol-ordusu-bir-ayliq-qadagadan-sonra-fealiyyete-baslayib\\\/\",\"url\":\"https:\\\/\\\/www.meydan.tv\\\/az\\\/article\\\/facebook-bizim-kimi-olkelerle-maraqlanmir-azerbaycanin-trol-ordusu-bir-ayliq-qadagadan-sonra-fealiyyete-baslayib\\\/\",\"name\":\"\u201cFacebook bizim kimi \u00f6lk\u0259l\u0259rl\u0259 maraqlanm\u0131r\u201d: Az\u0259rbaycan\u0131n trol ordusu bir ayl\u0131q qada\u011fadan sonra f\u0259aliyy\u0259t\u0259 ba\u015flay\u0131b - MEYDAN.TV\",\"isPartOf\":{\"@id\":\"https:\\\/\\\/www.meydan.tv\\\/az\\\/#website\"},\"primaryImageOfPage\":{\"@id\":\"https:\\\/\\\/www.meydan.tv\\\/az\\\/article\\\/facebook-bizim-kimi-olkelerle-maraqlanmir-azerbaycanin-trol-ordusu-bir-ayliq-qadagadan-sonra-fealiyyete-baslayib\\\/#primaryimage\"},\"image\":{\"@id\":\"https:\\\/\\\/www.meydan.tv\\\/az\\\/article\\\/facebook-bizim-kimi-olkelerle-maraqlanmir-azerbaycanin-trol-ordusu-bir-ayliq-qadagadan-sonra-fealiyyete-baslayib\\\/#primaryimage\"},\"thumbnailUrl\":\"https:\\\/\\\/www.meydan.tv\\\/wp-content\\\/uploads\\\/2838-1.jpg\",\"datePublished\":\"2021-06-11T16:27:20+00:00\",\"breadcrumb\":{\"@id\":\"https:\\\/\\\/www.meydan.tv\\\/az\\\/article\\\/facebook-bizim-kimi-olkelerle-maraqlanmir-azerbaycanin-trol-ordusu-bir-ayliq-qadagadan-sonra-fealiyyete-baslayib\\\/#breadcrumb\"},\"inLanguage\":\"az\",\"potentialAction\":[{\"@type\":\"ReadAction\",\"target\":[\"https:\\\/\\\/www.meydan.tv\\\/az\\\/article\\\/facebook-bizim-kimi-olkelerle-maraqlanmir-azerbaycanin-trol-ordusu-bir-ayliq-qadagadan-sonra-fealiyyete-baslayib\\\/\"]}]},{\"@type\":\"ImageObject\",\"inLanguage\":\"az\",\"@id\":\"https:\\\/\\\/www.meydan.tv\\\/az\\\/article\\\/facebook-bizim-kimi-olkelerle-maraqlanmir-azerbaycanin-trol-ordusu-bir-ayliq-qadagadan-sonra-fealiyyete-baslayib\\\/#primaryimage\",\"url\":\"https:\\\/\\\/www.meydan.tv\\\/wp-content\\\/uploads\\\/2838-1.jpg\",\"contentUrl\":\"https:\\\/\\\/www.meydan.tv\\\/wp-content\\\/uploads\\\/2838-1.jpg\",\"width\":1020,\"height\":612,\"caption\":\"Source: The Guardian\"},{\"@type\":\"BreadcrumbList\",\"@id\":\"https:\\\/\\\/www.meydan.tv\\\/az\\\/article\\\/facebook-bizim-kimi-olkelerle-maraqlanmir-azerbaycanin-trol-ordusu-bir-ayliq-qadagadan-sonra-fealiyyete-baslayib\\\/#breadcrumb\",\"itemListElement\":[{\"@type\":\"ListItem\",\"position\":1,\"name\":\"Ana s\u0259hif\u0259\",\"item\":\"https:\\\/\\\/www.meydan.tv\\\/az\\\/\"},{\"@type\":\"ListItem\",\"position\":2,\"name\":\"Siyas\u0259t\",\"item\":\"https:\\\/\\\/www.meydan.tv\\\/az\\\/section\\\/siyaset\\\/\"},{\"@type\":\"ListItem\",\"position\":3,\"name\":\"\u201cFacebook bizim kimi \u00f6lk\u0259l\u0259rl\u0259 maraqlanm\u0131r\u201d: Az\u0259rbaycan\u0131n trol ordusu bir ayl\u0131q qada\u011fadan sonra f\u0259aliyy\u0259t\u0259 ba\u015flay\u0131b\"}]},{\"@type\":\"WebSite\",\"@id\":\"https:\\\/\\\/www.meydan.tv\\\/az\\\/#website\",\"url\":\"https:\\\/\\\/www.meydan.tv\\\/az\\\/\",\"name\":\"MEYDAN.TV\",\"description\":\"Meydan TV Az\u0259rbaycan\u0131n media m\u0259kan\u0131ndak\u0131 alternativ s\u0259sidir\",\"publisher\":{\"@id\":\"https:\\\/\\\/www.meydan.tv\\\/az\\\/#organization\"},\"potentialAction\":[{\"@type\":\"SearchAction\",\"target\":{\"@type\":\"EntryPoint\",\"urlTemplate\":\"https:\\\/\\\/www.meydan.tv\\\/az\\\/?s={search_term_string}\"},\"query-input\":{\"@type\":\"PropertyValueSpecification\",\"valueRequired\":true,\"valueName\":\"search_term_string\"}}],\"inLanguage\":\"az\"},{\"@type\":\"Organization\",\"@id\":\"https:\\\/\\\/www.meydan.tv\\\/az\\\/#organization\",\"name\":\"Meydan TV\",\"url\":\"https:\\\/\\\/www.meydan.tv\\\/az\\\/\",\"logo\":{\"@type\":\"ImageObject\",\"inLanguage\":\"az\",\"@id\":\"https:\\\/\\\/www.meydan.tv\\\/az\\\/#\\\/schema\\\/logo\\\/image\\\/\",\"url\":\"https:\\\/\\\/www.meydan.tv\\\/wp-content\\\/uploads\\\/2021\\\/07\\\/meydan-logo.svg\",\"contentUrl\":\"https:\\\/\\\/www.meydan.tv\\\/wp-content\\\/uploads\\\/2021\\\/07\\\/meydan-logo.svg\",\"width\":195,\"height\":46,\"caption\":\"Meydan TV\"},\"image\":{\"@id\":\"https:\\\/\\\/www.meydan.tv\\\/az\\\/#\\\/schema\\\/logo\\\/image\\\/\"}},{\"@type\":\"Person\",\"@id\":\"https:\\\/\\\/www.meydan.tv\\\/az\\\/#\\\/schema\\\/person\\\/10d11eccf6da3662cf5fdab9806ea91a\",\"name\":\"user-manager\"}]}<\/script>\n<!-- \/ Yoast SEO plugin. -->","yoast_head_json":{"title":"\u201cFacebook bizim kimi \u00f6lk\u0259l\u0259rl\u0259 maraqlanm\u0131r\u201d: Az\u0259rbaycan\u0131n trol ordusu bir ayl\u0131q qada\u011fadan sonra f\u0259aliyy\u0259t\u0259 ba\u015flay\u0131b - MEYDAN.TV","robots":{"index":"index","follow":"follow","max-snippet":"max-snippet:-1","max-image-preview":"max-image-preview:large","max-video-preview":"max-video-preview:-1"},"canonical":"https:\/\/www.meydan.tv\/az\/article\/facebook-bizim-kimi-olkelerle-maraqlanmir-azerbaycanin-trol-ordusu-bir-ayliq-qadagadan-sonra-fealiyyete-baslayib\/","og_locale":"az_AZ","og_type":"article","og_title":"\u201cFacebook bizim kimi \u00f6lk\u0259l\u0259rl\u0259 maraqlanm\u0131r\u201d: Az\u0259rbaycan\u0131n trol ordusu bir ayl\u0131q qada\u011fadan sonra f\u0259aliyy\u0259t\u0259 ba\u015flay\u0131b - MEYDAN.TV","og_description":"Avtoritar \u00f6lk\u0259d\u0259 d\u00f6vl\u0259tin maaliy\u0259l\u0259\u015fdirdiyi t\u0259zyiq kampaniyas\u0131 jurnalistl\u0259ri v\u0259 m\u00fcxalifl\u0259ri h\u0259d\u0259f al\u0131b.","og_url":"https:\/\/www.meydan.tv\/az\/article\/facebook-bizim-kimi-olkelerle-maraqlanmir-azerbaycanin-trol-ordusu-bir-ayliq-qadagadan-sonra-fealiyyete-baslayib\/","og_site_name":"MEYDAN.TV","article_published_time":"2021-06-11T16:27:20+00:00","og_image":[{"width":1020,"height":612,"url":"https:\/\/www.meydan.tv\/wp-content\/uploads\/2838-1.jpg","type":"image\/jpeg"}],"author":"user-manager","twitter_card":"summary_large_image","schema":{"@context":"https:\/\/schema.org","@graph":[{"@type":"Article","@id":"https:\/\/www.meydan.tv\/az\/article\/facebook-bizim-kimi-olkelerle-maraqlanmir-azerbaycanin-trol-ordusu-bir-ayliq-qadagadan-sonra-fealiyyete-baslayib\/#article","isPartOf":{"@id":"https:\/\/www.meydan.tv\/az\/article\/facebook-bizim-kimi-olkelerle-maraqlanmir-azerbaycanin-trol-ordusu-bir-ayliq-qadagadan-sonra-fealiyyete-baslayib\/"},"author":{"name":"user-manager","@id":"https:\/\/www.meydan.tv\/az\/#\/schema\/person\/10d11eccf6da3662cf5fdab9806ea91a"},"headline":"\u201cFacebook bizim kimi \u00f6lk\u0259l\u0259rl\u0259 maraqlanm\u0131r\u201d: Az\u0259rbaycan\u0131n trol ordusu bir ayl\u0131q qada\u011fadan sonra f\u0259aliyy\u0259t\u0259 ba\u015flay\u0131b","datePublished":"2021-06-11T16:27:20+00:00","mainEntityOfPage":{"@id":"https:\/\/www.meydan.tv\/az\/article\/facebook-bizim-kimi-olkelerle-maraqlanmir-azerbaycanin-trol-ordusu-bir-ayliq-qadagadan-sonra-fealiyyete-baslayib\/"},"wordCount":3079,"publisher":{"@id":"https:\/\/www.meydan.tv\/az\/#organization"},"image":{"@id":"https:\/\/www.meydan.tv\/az\/article\/facebook-bizim-kimi-olkelerle-maraqlanmir-azerbaycanin-trol-ordusu-bir-ayliq-qadagadan-sonra-fealiyyete-baslayib\/#primaryimage"},"thumbnailUrl":"https:\/\/www.meydan.tv\/wp-content\/uploads\/2838-1.jpg","articleSection":["Siyas\u0259t"],"inLanguage":"az"},{"@type":"WebPage","@id":"https:\/\/www.meydan.tv\/az\/article\/facebook-bizim-kimi-olkelerle-maraqlanmir-azerbaycanin-trol-ordusu-bir-ayliq-qadagadan-sonra-fealiyyete-baslayib\/","url":"https:\/\/www.meydan.tv\/az\/article\/facebook-bizim-kimi-olkelerle-maraqlanmir-azerbaycanin-trol-ordusu-bir-ayliq-qadagadan-sonra-fealiyyete-baslayib\/","name":"\u201cFacebook bizim kimi \u00f6lk\u0259l\u0259rl\u0259 maraqlanm\u0131r\u201d: Az\u0259rbaycan\u0131n trol ordusu bir ayl\u0131q qada\u011fadan sonra f\u0259aliyy\u0259t\u0259 ba\u015flay\u0131b - MEYDAN.TV","isPartOf":{"@id":"https:\/\/www.meydan.tv\/az\/#website"},"primaryImageOfPage":{"@id":"https:\/\/www.meydan.tv\/az\/article\/facebook-bizim-kimi-olkelerle-maraqlanmir-azerbaycanin-trol-ordusu-bir-ayliq-qadagadan-sonra-fealiyyete-baslayib\/#primaryimage"},"image":{"@id":"https:\/\/www.meydan.tv\/az\/article\/facebook-bizim-kimi-olkelerle-maraqlanmir-azerbaycanin-trol-ordusu-bir-ayliq-qadagadan-sonra-fealiyyete-baslayib\/#primaryimage"},"thumbnailUrl":"https:\/\/www.meydan.tv\/wp-content\/uploads\/2838-1.jpg","datePublished":"2021-06-11T16:27:20+00:00","breadcrumb":{"@id":"https:\/\/www.meydan.tv\/az\/article\/facebook-bizim-kimi-olkelerle-maraqlanmir-azerbaycanin-trol-ordusu-bir-ayliq-qadagadan-sonra-fealiyyete-baslayib\/#breadcrumb"},"inLanguage":"az","potentialAction":[{"@type":"ReadAction","target":["https:\/\/www.meydan.tv\/az\/article\/facebook-bizim-kimi-olkelerle-maraqlanmir-azerbaycanin-trol-ordusu-bir-ayliq-qadagadan-sonra-fealiyyete-baslayib\/"]}]},{"@type":"ImageObject","inLanguage":"az","@id":"https:\/\/www.meydan.tv\/az\/article\/facebook-bizim-kimi-olkelerle-maraqlanmir-azerbaycanin-trol-ordusu-bir-ayliq-qadagadan-sonra-fealiyyete-baslayib\/#primaryimage","url":"https:\/\/www.meydan.tv\/wp-content\/uploads\/2838-1.jpg","contentUrl":"https:\/\/www.meydan.tv\/wp-content\/uploads\/2838-1.jpg","width":1020,"height":612,"caption":"Source: The Guardian"},{"@type":"BreadcrumbList","@id":"https:\/\/www.meydan.tv\/az\/article\/facebook-bizim-kimi-olkelerle-maraqlanmir-azerbaycanin-trol-ordusu-bir-ayliq-qadagadan-sonra-fealiyyete-baslayib\/#breadcrumb","itemListElement":[{"@type":"ListItem","position":1,"name":"Ana s\u0259hif\u0259","item":"https:\/\/www.meydan.tv\/az\/"},{"@type":"ListItem","position":2,"name":"Siyas\u0259t","item":"https:\/\/www.meydan.tv\/az\/section\/siyaset\/"},{"@type":"ListItem","position":3,"name":"\u201cFacebook bizim kimi \u00f6lk\u0259l\u0259rl\u0259 maraqlanm\u0131r\u201d: Az\u0259rbaycan\u0131n trol ordusu bir ayl\u0131q qada\u011fadan sonra f\u0259aliyy\u0259t\u0259 ba\u015flay\u0131b"}]},{"@type":"WebSite","@id":"https:\/\/www.meydan.tv\/az\/#website","url":"https:\/\/www.meydan.tv\/az\/","name":"MEYDAN.TV","description":"Meydan TV Az\u0259rbaycan\u0131n media m\u0259kan\u0131ndak\u0131 alternativ s\u0259sidir","publisher":{"@id":"https:\/\/www.meydan.tv\/az\/#organization"},"potentialAction":[{"@type":"SearchAction","target":{"@type":"EntryPoint","urlTemplate":"https:\/\/www.meydan.tv\/az\/?s={search_term_string}"},"query-input":{"@type":"PropertyValueSpecification","valueRequired":true,"valueName":"search_term_string"}}],"inLanguage":"az"},{"@type":"Organization","@id":"https:\/\/www.meydan.tv\/az\/#organization","name":"Meydan TV","url":"https:\/\/www.meydan.tv\/az\/","logo":{"@type":"ImageObject","inLanguage":"az","@id":"https:\/\/www.meydan.tv\/az\/#\/schema\/logo\/image\/","url":"https:\/\/www.meydan.tv\/wp-content\/uploads\/2021\/07\/meydan-logo.svg","contentUrl":"https:\/\/www.meydan.tv\/wp-content\/uploads\/2021\/07\/meydan-logo.svg","width":195,"height":46,"caption":"Meydan TV"},"image":{"@id":"https:\/\/www.meydan.tv\/az\/#\/schema\/logo\/image\/"}},{"@type":"Person","@id":"https:\/\/www.meydan.tv\/az\/#\/schema\/person\/10d11eccf6da3662cf5fdab9806ea91a","name":"user-manager"}]}},"_links":{"self":[{"href":"https:\/\/www.meydan.tv\/az\/wp-json\/wp\/v2\/posts\/206697","targetHints":{"allow":["GET"]}}],"collection":[{"href":"https:\/\/www.meydan.tv\/az\/wp-json\/wp\/v2\/posts"}],"about":[{"href":"https:\/\/www.meydan.tv\/az\/wp-json\/wp\/v2\/types\/post"}],"author":[{"embeddable":true,"href":"https:\/\/www.meydan.tv\/az\/wp-json\/wp\/v2\/users\/11"}],"replies":[{"embeddable":true,"href":"https:\/\/www.meydan.tv\/az\/wp-json\/wp\/v2\/comments?post=206697"}],"version-history":[{"count":0,"href":"https:\/\/www.meydan.tv\/az\/wp-json\/wp\/v2\/posts\/206697\/revisions"}],"wp:featuredmedia":[{"embeddable":true,"href":"https:\/\/www.meydan.tv\/az\/wp-json\/wp\/v2\/media\/159444"}],"wp:attachment":[{"href":"https:\/\/www.meydan.tv\/az\/wp-json\/wp\/v2\/media?parent=206697"}],"wp:term":[{"taxonomy":"category","embeddable":true,"href":"https:\/\/www.meydan.tv\/az\/wp-json\/wp\/v2\/categories?post=206697"},{"taxonomy":"post_tag","embeddable":true,"href":"https:\/\/www.meydan.tv\/az\/wp-json\/wp\/v2\/tags?post=206697"}],"curies":[{"name":"wp","href":"https:\/\/api.w.org\/{rel}","templated":true}]}}