{"id":206672,"date":"2021-06-10T15:55:32","date_gmt":"2021-06-10T15:55:32","guid":{"rendered":"https:\/\/www.meydan.tv\/article\/leyla-eliyevanin-qurdugu-qurumda-heyvanlar-oldurulur\/"},"modified":"2021-06-10T15:55:32","modified_gmt":"2021-06-10T15:55:32","slug":"leyla-eliyevanin-qurdugu-qurumda-heyvanlar-oldurulur","status":"publish","type":"post","link":"https:\/\/www.meydan.tv\/az\/article\/leyla-eliyevanin-qurdugu-qurumda-heyvanlar-oldurulur\/","title":{"rendered":"\u201cLeyla \u018fliyevan\u0131n qurdu\u011fu qurumda heyvanlar \u00f6ld\u00fcr\u00fcl\u00fcr\u201d"},"content":{"rendered":"<p>\n  <i><br \/>\n    Heyvansev\u0259rl\u0259r \u00f6lk\u0259d\u0259ki durumu b\u0259rbad hesab edir<br \/>\n  <\/i>\n<\/p>\n<p>\n  Az\u0259rbaycanda son zamanlarda heyvanlara qar\u015f\u0131 t\u0259tbiq olunan \u015fidd\u0259t v\u0259 cinsi istismar x\u0259b\u0259rl\u0259ri sosial median\u0131n da g\u00fcnd\u0259mini z\u0259bt edir.\n<\/p>\n<p>\n  B\u0259s Az\u0259rbaycanda heyvan haqlar\u0131 hans\u0131 s\u0259viyy\u0259d\u0259 qorunur? Heyvanlara qar\u015f\u0131 pis r\u0259ftar\u0131n qar\u015f\u0131s\u0131n\u0131 nec\u0259 almaq olar?\n<\/p>\n<p>\n  <b><br \/>\n    \u201cAz\u0259rbaycanda heyvan h\u00fcquqlar\u0131 b\u0259rbad v\u0259ziyy\u0259td\u0259dir\u201d<br \/>\n  <\/b>\n<\/p>\n<p>\n  Heyvan h\u00fcquqlar\u0131 m\u00fcdafi\u0259\u00e7isi Elxan Mirz\u0259yev qeyd edir ki, Az\u0259rbaycanda heyvan haqlar\u0131n\u0131n qorunmas\u0131 sah\u0259sind\u0259 m\u00fc\u0259yy\u0259n ir\u0259lil\u0259yi\u015f olsa da, m\u0259s\u0259l\u0259 h\u0259l\u0259 h\u0259llini tapmay\u0131b:\n<\/p>\n<p>\n  \u201c\u00d6lk\u0259d\u0259 heyvan h\u00fcquqlar\u0131 b\u0259rbad v\u0259ziyy\u0259td\u0259dir. Biz bu qrup heyvan h\u00fcquqlar\u0131 m\u00fcdafi\u0259\u00e7il\u0259ri il\u0259 80 s\u0259hif\u0259lik yeni qanun layih\u0259si haz\u0131rlam\u0131\u015f\u0131q. Burada heyvan h\u00fcquqlar\u0131 il\u0259 ba\u011fl\u0131 b\u00fct\u00fcn m\u0259s\u0259l\u0259l\u0259ri \u0259hat\u0259 etmi\u015fik. Bel\u0259 bir qanun layih\u0259sinin q\u0259bulu olduqca vacibdir. Biz hesab edirik ki, bu inqilab yaradacaq qanun layih\u0259sidir\u201d.\n<\/p>\n<p>\n  Daha \u00f6nc\u0259 jurnalist kimi Rusiyan\u0131n NTV telekanal\u0131 il\u0259 \u0259m\u0259kda\u015fl\u0131q etmi\u015f Elxan Mirz\u0259yev evind\u0259 13 pi\u015fik 9 it saxlad\u0131\u011f\u0131n\u0131 deyir. ,O daha \u00e7ox \u0259lil, yeriy\u0259 bilm\u0259y\u0259n v\u0259 ya g\u00f6zl\u0259ri g\u00f6rm\u0259y\u0259n, qay\u011f\u0131ya ehtiyac\u0131 olan k\u00fc\u00e7\u0259 heyvanlar\u0131na qay\u011f\u0131 g\u00f6st\u0259rm\u0259y\u0259 \u00fcst\u00fcnl\u00fck verir. Mirz\u0259yev haz\u0131rda Bak\u0131dan uzaqda, bir me\u015f\u0259d\u0259 ev tikib, orda heyvanlarla ya\u015fay\u0131r.\n<\/p>\n<figure class=\"wp-block-image size-large\">\n  <img decoding=\"async\" src=\"https:\/\/www.meydan.tv\/az\/elxan-mirzeyev\/\" alt=\"Elxan Mirz\u0259yev\" class=\"wp-image-162036\"\/><figcaption>\n    Elxan Mirz\u0259yev<br \/>\n  <\/figcaption><\/figure>\n<p>\n  <b><br \/>\n    \u201cHeyvanlara \u015fidd\u0259t g\u00f6st\u0259ril\u0259n c\u0259miyy\u0259t x\u0259st\u0259 t\u0259f\u0259kk\u00fcrl\u00fcd\u00fcr\u201d<br \/>\n  <\/b>\n<\/p>\n<p>\n  \u201c\u0130nsanlar ba\u015fa d\u00fc\u015fm\u0259lidir ki, heyvan m\u00fclkiyy\u0259t obyekti deyil, onlara qar\u015f\u0131 pis r\u0259ftar etm\u0259k olmaz. \u00dcmumiyy\u0259tl\u0259, bizim c\u0259miyy\u0259td\u0259 kompleksli, \u0259zilmi\u015f insanlar \u00e7oxdur. \u0130nsanlar g\u00f6r\u00fcr ki, \u0130lham \u018fliyev aksiyalar zaman\u0131 ictimai, siyasi aktivistl\u0259rin da\u011f\u0131d\u0131lmas\u0131n\u0131 ist\u0259yir, onlara h\u00fccum etdirir, \u0259zir. Bunu g\u00f6r\u0259n m\u0259mur da v\u0259t\u0259nda\u015f\u0131, sad\u0259 v\u0259t\u0259nda\u015f da ondan a\u015fa\u011f\u0131da olan\u0131 \u0259zir. Bel\u0259likl\u0259, \u0259n sonda g\u0259lir dayan\u0131r heyvanlarda. B\u0259zi insanlar da gedir g\u00fcc\u00fcn\u00fc heyvanlar \u00fcz\u0259rind\u0259 g\u00f6st\u0259rir. Heyvanlara qar\u015f\u0131 \u015fidd\u0259tin oldu\u011fu c\u0259miyy\u0259t psixoloji olaraq x\u0259st\u0259 c\u0259miyy\u0259tdir\u201d.\n<\/p>\n<p>\n  E.Mirz\u0259yev hesab edir ki, c\u0259miyy\u0259td\u0259 d\u0259yi\u015fiklikl\u0259r etm\u0259k m\u00fcmk\u00fcnd\u00fcr sad\u0259c\u0259 bunun \u00fc\u00e7\u00fcn \u00e7al\u0131\u015fmaq laz\u0131md\u0131r: \u201c\u018fg\u0259r qanunlarda d\u0259yi\u015fiklik olsa mill\u0259tin d\u0259 d\u00fc\u015f\u00fcnc\u0259sind\u0259 d\u0259yi\u015fiklik olar. Biz \u0259limizd\u0259n g\u0259l\u0259ni edirik ki, n\u0259l\u0259ris\u0259 d\u0259yi\u015f\u0259k. Sad\u0259c\u0259 insanlara yol g\u00f6st\u0259rm\u0259k laz\u0131md\u0131r\u201d.\n<\/p>\n<p>\n  <b><br \/>\n    \u201cD\u00f6vl\u0259t qurumlar\u0131 ictimai aktivistl\u0259ri provakasiyaya c\u0259lb edir\u201d<br \/>\n  <\/b>\n<\/p>\n<p>\n  E.Mirz\u0259yev bildirir ki, heyvan h\u00fcquqlar\u0131 sah\u0259sind\u0259 daxili ictimai probleml\u0259r var:\n<\/p>\n<p>\n  \u201cT\u0259\u0259ss\u00fcf ki, heyvan h\u00fcquqlar\u0131 m\u00fcdafi\u0259\u00e7il\u0259ri aras\u0131nda b\u00f6l\u00fcnm\u0259l\u0259r var. Bilirsiniz ki, ictimai f\u0259allar\u0131 s\u0131nd\u0131rmaq \u00fc\u00e7\u00fcn d\u00f6vl\u0259t orqanlar\u0131 onlar\u0131n aras\u0131na provakasiya yaradan insanlar g\u00f6nd\u0259rir. El\u0259c\u0259 d\u0259 heyvansev\u0259rl\u0259r aras\u0131nda bel\u0259 provakasiya yaradan insanlar var. B\u00fct\u00fcn c\u0259miyy\u0259td\u0259 oldu\u011fu kimi d\u00f6vl\u0259t qurumlar\u0131 aktiv olaraq bu sah\u0259y\u0259 d\u0259 m\u00fcdaxil\u0259 etm\u0259k \u00fc\u00e7\u00fcn provakatorlar g\u00f6nd\u0259rir\u201d.\n<\/p>\n<p>\n  <b><br \/>\n    D\u00f6vl\u0259t qurumlar\u0131 heyvanlar \u00fc\u00e7\u00fcn ayr\u0131lan pulu m\u0259nims\u0259yirmi?<br \/>\n  <\/b>\n<\/p>\n<p>\n  E.Miz\u0259yev d\u00f6vl\u0259t qurumlar\u0131n\u0131n heyvanlara bax\u0131lmas\u0131 \u00fc\u00e7\u00fcn ayr\u0131lan b\u00fcdc\u0259ni m\u0259nims\u0259dikl\u0259rini iddia edir. \u201cB\u0259zi d\u00f6vl\u0259t qurumlar\u0131, x\u00fcsus\u0259n icra hakimiyy\u0259tl\u0259ri heyvanlar \u00fc\u00e7\u00fcn ayr\u0131lan pulu \u00f6zl\u0259ri \u201cyeyir\u201d. D\u00f6vl\u0259t qurumlar\u0131 rayonlarda heyvanlar \u00fc\u00e7\u00fcn \u00fcmumil\u0259 he\u00e7 n\u0259 etmir. Biz heyvansev\u0259rl\u0259rl\u0259 birlikd\u0259 heyvanlar\u0131n qidas\u0131n\u0131, ehtiyaclar\u0131n\u0131, axtalanmas\u0131 v\u0259 dig\u0259r ehtiyaclar\u0131n\u0131 \u00f6z cibimizd\u0259n \u00f6d\u0259yirik. \u0130cra hakimiyy\u0259tl\u0259ri deyirl\u0259r ki, heyvanlara yem al\u0131rlar. Bu yaland\u0131r. Pulu m\u0259nims\u0259yib yalan dan\u0131\u015f\u0131rlar\u201d,- dey\u0259 E.Mirz\u0259yev \u0259lav\u0259 edir.\n<\/p>\n<p>\n  <b><br \/>\n    Heyvanlar\u0131n g\u00fcll\u0259l\u0259nm\u0259si il\u0259 ba\u011fl\u0131 m\u0259hk\u0259m\u0259 i\u015fl\u0259ri davam edir<br \/>\n  <\/b>\n<\/p>\n<p>\n  E.Mirz\u0259yev bildirir ki, haz\u0131rda Lerik Rayon Kommunal T\u0259s\u0259rr\u00fcfat\u0131 \u0259m\u0259kda\u015flar\u0131n\u0131n itl\u0259ri g\u00fcll\u0259l\u0259m\u0259si il\u0259 ba\u011fl\u0131 Lerik Rayon M\u0259hk\u0259m\u0259sind\u0259 iki i\u015f qald\u0131r\u0131blar.\n<\/p>\n<p>\n  \u201cBiz tez-tez m\u0259hk\u0259m\u0259y\u0259 m\u00fcraci\u0259t etm\u0259li oluruq. Haz\u0131rda G\u0259nc\u0259 Polis \u015e\u00f6b\u0259sin\u0259 qar\u015f\u0131 da m\u0259hk\u0259m\u0259 i\u015fi davam edir. M\u0259hk\u0259m\u0259l\u0259r n\u0259tic\u0259siz qald\u0131qda Avropa M\u0259hk\u0259m\u0259sin\u0259 m\u00fcraci\u0259t edirik\u201d.\n<\/p>\n<p>\n  E.Mirz\u0259yev hesab edir ki, icra hakimiyy\u0259tl\u0259ri v\u0259 d\u00f6vl\u0259t qurumlar\u0131 heyvanlar\u0131n insanlara hucum etdiyini v\u0259 buna g\u00f6r\u0259 d\u0259 onlar\u0131 g\u00fcll\u0259l\u0259m\u0259k m\u0259cburiyy\u0259tind\u0259 qald\u0131qlar\u0131 fikrini t\u0259bli\u011f edir:\n<\/p>\n<p>\n  \u201c\u015eayi\u0259 yay\u0131rlar ki, heyvan insana h\u00fccum edirdi, ona g\u00f6r\u0259 \u00f6ld\u00fcr\u00fcr\u00fck. \u0130nsanlar aras\u0131nda da cinay\u0259tkarlar olur. Onda bel\u0259 \u00e7\u0131x\u0131r ki, insanlar da m\u0259hv edilm\u0259lidir. Bu yana\u015fma do\u011fru deyil. D\u00f6vl\u0259t bu hal\u0131n v\u0259 art\u0131m\u0131n qar\u015f\u0131s\u0131n\u0131 almaq \u00fc\u00e7\u00fcn heyvanlar\u0131n axtalanmas\u0131n\u0131 v\u0259 vaksinasiyas\u0131n\u0131 aparmal\u0131 v\u0259 onlar\u0131 bir m\u00fcdd\u0259t sonra k\u00fc\u00e7\u0259y\u0259 buraxmal\u0131d\u0131r\u201d.\n<\/p>\n<p>\n  <b><br \/>\n    \u201cLeyla \u018fliyevan\u0131n qurdu\u011fu qurumda heyvanlar \u00f6ld\u00fcr\u00fcl\u00fcr\u201d<br \/>\n  <\/b>\n<\/p>\n<p>\n  \u201cHeyvan h\u00fcquqlar\u0131 il\u0259 ba\u011fl\u0131 aksiyalar ke\u00e7iririk. Bizim haz\u0131rda \u0259n b\u00f6y\u00fck m\u00fcbariz\u0259miz Leyla \u018fliyevan\u0131n v\u0259 Heyd\u0259r \u018fliyev Fondunun t\u0259sis etdiyi, Bak\u0131 \u0130cra Hakimiyy\u0259tinin n\u0259zdind\u0259 olan \u201cToplan\u201d Sahibsiz \u0130tl\u0259r\u0259 Qay\u011f\u0131 M\u0259rk\u0259zi il\u0259dir. Bu qurumda heyvanlara i\u015fg\u0259nc\u0259 verilir, \u00f6ld\u00fcr\u00fcl\u00fcr. Bizi h\u0259min m\u0259rk\u0259z\u0259 yax\u0131n buraxm\u0131rlar. G\u00fcnd\u0259 100-200 heyvan\u0131 orda m\u0259hv edirl\u0259r. Biz d\u0259 heyvansev\u0259rl\u0259r olaraq \u00fcmid edirik ki, onlar\u0131n heyvanlara verdikl\u0259ri i\u015fg\u0259nc\u0259 \u00f6zl\u0259rinin v\u0259 yax\u0131nlar\u0131n\u0131n ba\u015f\u0131na g\u0259l\u0259r\u201d.\n<\/p>\n<p>\n  Haz\u0131rda \u201cFacebook\u201dda Az\u0259rbaycandilli heyvan sev\u0259rl\u0259rin bir araya g\u0259ldiyi \u201cHeyvan Haqlar\u0131 \u00dc\u00e7\u00fcn Birl\u0259\u015f\u0259k\u201d qrupunun yarad\u0131c\u0131s\u0131 v\u0259 admini Nizami Ramazanov is\u0259 qeyd edir ki, Bak\u0131da f\u0259aliyyet g\u00f6st\u0259r\u0259n \u201cToplan\u201d Sahibsiz \u0130tl\u0259r\u0259 Qay\u011f\u0131 M\u0259rk\u0259zi sahibsiz heyvanlar\u0131 qapal\u0131 m\u0259kanda saxlay\u0131r v\u0259 heyvansev\u0259rl\u0259r i\u00e7\u0259ri burax\u0131lm\u0131r:\n<\/p>\n<p>\n  \u201cQurumun \u0259m\u0259kda\u015flar\u0131 ana itin yeni do\u011fulan balalar\u0131n\u0131 tutub apar\u0131rlar. Ana it qal\u0131r balas\u0131z p\u0259ri\u015fan. G\u00fcnl\u0259rl\u0259 balas\u0131n\u0131 axtar\u0131r, s\u00fcd v\u0259zl\u0259ri \u015fi\u015fir iltihablan\u0131r v\u0259 heyvan x\u0259s\u0259l\u0259nir. B\u0259z\u0259n d\u0259 ana k\u0259d\u0259rd\u0259n \u00fcr\u0259yi partlay\u0131b \u00f6l\u00fcr. Heyvansev\u0259rl\u0259r z\u0259ng vururlar, gedirl\u0259r o m\u0259rk\u0259z\u0259 bala itl\u0259ri ist\u0259yirl\u0259r, ancaq onlar vermir. Heyvansev\u0259rl\u0259r i\u00e7\u0259ri burax\u0131lm\u0131r. Ora gir\u0259n heyvanlar\u0131n taleyi bilinmir\u201d.\n<\/p>\n<p>\n  \u201cToplan\u201d Sahibsiz \u0130tl\u0259r\u0259 Qay\u011f\u0131 M\u0259rk\u0259zi il\u0259 ba\u011fl\u0131 tez-tez x\u0259b\u0259rl\u0259r yay\u0131l\u0131r. Heyvan h\u00fcquqlar\u0131 aktivistl\u0259ri aksiyalar v\u0259 kampaniyalar ke\u00e7irirl\u0259r. 2019-cu il iyun ay\u0131nda aktivistl\u0259r \u201cToplan\u201d Sahibsiz \u0130tl\u0259r\u0259 Qay\u011f\u0131 M\u0259rk\u0259zinin \u00f6n\u00fcnd\u0259 aksiya ke\u00e7irmi\u015f v\u0259 Meydan TV d\u0259 h\u0259min aksiyan\u0131 i\u015f\u0131qland\u0131rm\u0131\u015fd\u0131. Lakin g\u00f6r\u00fcn\u0259n odur ki, m\u0259s\u0259l\u0259 h\u0259l\u0259 d\u0259 \u00f6z h\u0259llini tapm\u0131r v\u0259 Az\u0259rbaycan h\u00f6kum\u0259ti m\u0259s\u0259l\u0259y\u0259 bigan\u0259 yana\u015f\u0131r.\n<\/p>\n<figure class=\"wp-block-image size-large\">\n  <img decoding=\"async\" src=\"https:\/\/www.meydan.tv\/az\/nizami-ramazanov\/\" alt=\"Nizami Ramazanov\" class=\"wp-image-162042\"\/><figcaption>\n    Nizami Ramazanov<br \/>\n  <\/figcaption><\/figure>\n<p>\n  <b><br \/>\n    \u201cQanunvericilikd\u0259 d\u0259yi\u015fiklik olunmal\u0131d\u0131r\u201d<br \/>\n  <\/b>\n<\/p>\n<p>\n  Zooaktivist Nizami Ramazanov d\u00fc\u015f\u00fcn\u00fcr ki, sahibsiz heyvanlara qar\u015f\u0131 q\u0259ddar r\u0259ftar\u0131n h\u0259ddind\u0259n \u00e7ox olmas\u0131n\u0131n s\u0259b\u0259bi qanunvericilikd\u0259ki bo\u015fluqdan qaynaqlan\u0131r:\n<\/p>\n<p>\n  \u201cHaz\u0131rda heyvanlara q\u0259ddar r\u0259ftara g\u00f6r\u0259 \u0130XM-nin 274 madd\u0259sin\u0259 g\u00f6r\u0259 \u00e7ox az miqdarda c\u0259rim\u0259 t\u0259tbiq olunur. Heyvanlara qar\u015f\u0131 q\u0259ddar r\u0259ftara g\u00f6r\u0259 edil\u0259n c\u0259rim\u0259 \u0130XM-d\u0259n \u00e7\u0131xar\u0131l\u0131b CM-n\u0259 \u0259lav\u0259 olunmal\u0131 v\u0259 heyvanlara qar\u015f\u0131 q\u0259ddar r\u0259ftara g\u00f6r\u0259 daha \u00e7ox c\u0259rim\u0259 t\u0259tbiq olunmal\u0131 v\u0259 c\u0259za t\u0259dbirl\u0259ri g\u00f6r\u00fclm\u0259lidir\u201d.\n<\/p>\n<p>\n  N.Ramazanov 10 ildir ki, Zaqatala rayonunda sahibsiz heyvanlar\u0131n haqlar\u0131n\u0131 qorumaqla m\u0259\u015f\u011fuldur. O qeyd edir ki, heyvan haqlar\u0131n\u0131n qorunmas\u0131 \u00fc\u00e7\u00fcn K\u0130V vasit\u0259sil\u0259 insanlar\u0131 v\u0259 m\u0259kt\u0259bl\u0259rd\u0259 u\u015faqlar\u0131 heyvanlara qar\u015f\u0131 r\u0259himli v\u0259 diqq\u0259tli olma\u011f\u0131 \u00f6yr\u0259d\u0259n maarifl\u0259ndirici m\u00f6vzular t\u0259bli\u011f olunmal\u0131d\u0131r.\n<\/p>\n<p>\n  \u201cD\u00fc\u015f\u00fcn\u00fcr\u0259m ki \u00f6lk\u0259mizd\u0259 heyvansev\u0259r insanlar\u0131n say\u0131 \u0259vv\u0259lki zamanla m\u00fcqayis\u0259d\u0259 kifay\u0259t q\u0259d\u0259r art\u0131b. Buna misal olaraq onu qeyd ed\u0259 bil\u0259r\u0259m ki, \u0259vv\u0259ll\u0259r itl\u0259rin g\u00fcll\u0259l\u0259nm\u0259sini bir n\u0259f\u0259r ictimail\u0259\u015fdirirdis\u0259, indi h\u0259tta hans\u0131sa rayonun ucqar bir k\u0259ndind\u0259 insanlar heyvana olan q\u0259ddar r\u0259ftar\u0131, itl\u0259rin g\u00fcll\u0259l\u0259nm\u0259sini \u0259n az\u0131ndan videoya \u00e7\u0259kib, sosial \u015f\u0259b\u0259k\u0259l\u0259rd\u0259 payla\u015f\u0131b, ictimail\u0259\u015fdirib, qanun pozuntusu ed\u0259n \u015f\u0259xsl\u0259rin c\u0259zalanmas\u0131n\u0131 t\u0259l\u0259b edirl\u0259r\u201d.\n<\/p>\n<p>\n  \u00d6nc\u0259l\u0259ri k\u00f6n\u00fcll\u00fc \u015f\u0259kild\u0259 k\u00fc\u00e7\u0259d\u0259ki heyvanlara qay\u011f\u0131 g\u00f6st\u0259rm\u0259y\u0259 ba\u015flayan Nigar H\u00fcseynova daha sonra Bak\u0131n\u0131n Pir\u015fa\u011f\u0131 k\u0259ndind\u0259 heyvanlar \u00fc\u00e7\u00fcn s\u0131\u011f\u0131nacaq qurub. Lakin insanlar s\u0131\u011f\u0131nacaqdaki heyvanlar\u0131n s\u0259sl\u0259rind\u0259n v\u0259 pis qoxu yay\u0131lmas\u0131ndan \u015fikay\u0259t etdiyi \u00fc\u00e7\u00fcn onlar s\u0131\u011f\u0131naca\u011f\u0131 Buzovna k\u0259ndin\u0259 da\u015f\u0131mal\u0131 olublar.\n<\/p>\n<p>\n  \u201c\u00dcmumiyy\u0259tl\u0259, bizim insan\u0131m\u0131z h\u0259l\u0259 bel\u0259 \u015feyl\u0259r\u0259 \u00f6yr\u0259\u015fm\u0259yib. \u00c7ox \u015fikay\u0259t edirl\u0259r, ancaq c\u0259miyy\u0259t d\u0259yi\u015fdikc\u0259, insanlar da al\u0131\u015facaq. Haz\u0131rda s\u0131\u011f\u0131naca\u011f\u0131m\u0131zda 250 heyvan var. Biz bu s\u0131\u011f\u0131naca\u011f\u0131 3 qad\u0131n birlikd\u0259 saxlay\u0131r\u0131q. H\u0259m s\u0131\u011f\u0131nacaqdak\u0131, h\u0259m k\u00fc\u00e7\u0259d\u0259 g\u00f6rd\u00fcy\u00fcm heyvanlar\u0131n qidayla t\u0259min olunmas\u0131na, s\u0131\u011f\u0131nacaqdak\u0131 heyvanlar\u0131n peyv\u0259nd etdirilm\u0259sin\u0259 v\u0259 onlara laz\u0131m\u0131 qay\u011f\u0131n\u0131 g\u00f6st\u0259rm\u0259y\u0259 \u00e7al\u0131\u015f\u0131r\u0131q\u201d.\n<\/p>\n<figure class=\"wp-block-image size-large\">\n  <img decoding=\"async\" src=\"https:\/\/www.meydan.tv\/az\/nigar-huseynova\/\" alt=\"Nigar H\u00fcseynova\" class=\"wp-image-162039\"\/><figcaption>\n    Nigar H\u00fcseynova<br \/>\n  <\/figcaption><\/figure>\n<p>\n  <b><br \/>\n    Heyvan s\u0131\u011f\u0131nacaqlar\u0131n\u0131n say\u0131 art\u0131r\u0131lmal\u0131d\u0131r<br \/>\n  <\/b>\n<\/p>\n<p>\n  Nigar H\u00fcseynova qeyd edir ki, \u00f6lk\u0259d\u0259 heyvanlara qar\u015f\u0131 m\u00fcnasib\u0259t pis v\u0259ziyy\u0259td\u0259dir. Bunun s\u0259b\u0259bi is\u0259 xalqda yox, d\u00f6vl\u0259tin yuxar\u0131 t\u0259b\u0259q\u0259l\u0259rind\u0259dir:\n<\/p>\n<p>\n  \u201c\u018fvv\u0259la h\u00f6k\u00fcm\u0259t heyvanlara do\u011fru m\u00fcnasib\u0259t g\u00f6st\u0259rm\u0259k bar\u0259d\u0259 c\u0259miyy\u0259ti y\u00f6nl\u0259ndirm\u0259lidir, maarifl\u0259ndirm\u0259 aparmal\u0131d\u0131r. Ancaq bu h\u00f6kum\u0259tin mara\u011f\u0131nda deyil. \u00dcmumiyy\u0259tl\u0259 bizim xalq\u0131m\u0131z yenilikl\u0259r\u0259 uy\u011funla\u015fan xalqd\u0131r. Qanunvericilikd\u0259 d\u0259yi\u015fiklikl\u0259r olunsa, heyvanlara qar\u015f\u0131 s\u0259rt m\u00fcnasib\u0259t g\u00f6st\u0259r\u0259nl\u0259r c\u0259zaland\u0131r\u0131lsa, insanlar da d\u0259yi\u015f\u0259c\u0259k v\u0259 bil\u0259c\u0259kl\u0259r ki, heyvanlarla nec\u0259 davranmaq laz\u0131md\u0131r\u201d.\n<\/p>\n<p>\n  N.H\u00fcseynova \u0259lav\u0259 edir ki, heyvanlarla ba\u011fl\u0131 qon\u015fu T\u00fcrkiy\u0259 v\u0259 G\u00fcrc\u00fcstan\u0131n t\u0259cr\u00fcb\u0259sind\u0259n yararlanmaq olar: \u201cBu \u00f6lk\u0259l\u0259rd\u0259 axtalanm\u0131\u015f v\u0259 peyv\u0259nd olunmu\u015f heyvanlar rahat \u015f\u0259kild\u0259 k\u00fc\u00e7\u0259d\u0259 g\u0259zir. N\u0259 insanlar onlara, n\u0259 d\u0259 onlar insanlara toxunmur. Az\u0259rbaycanda qanunvericilik \u00e7ox z\u0259ifdir. Qanunvericilikd\u0259 heyvanlar m\u0259cburi q\u0131s\u0131rla\u015fd\u0131r\u0131lmal\u0131 v\u0259 onlar\u0131n toxunulmazl\u0131\u011f\u0131 t\u0259min olunmal\u0131d\u0131r. M\u0259n \u00e7ox ist\u0259y\u0259rdim ki, q\u0131s\u0131rla\u015fd\u0131r\u0131lm\u0131\u015f heyvanlar k\u00fc\u00e7\u0259d\u0259 rahat g\u0259zsin. \u201cToplan\u201d Sahibsiz \u0130tl\u0259r\u0259 Qay\u011f\u0131 M\u0259rk\u0259zi itl\u0259ri toplay\u0131r, ancaq toplad\u0131qlar\u0131 yer\u0259 yox, \u015f\u0259h\u0259r k\u0259nar\u0131nda insan aya\u011f\u0131 d\u0259ym\u0259y\u0259n \u00e7\u00f6ll\u00fckl\u0259r\u0259, me\u015f\u0259l\u0259r\u0259 burax\u0131r. Heyvanlar orda ac- susuz \u00f6l\u00fcr. Bunun yerin\u0259 yax\u015f\u0131 olmazd\u0131m\u0131 ki, onlar ilk yarand\u0131\u011f\u0131 d\u00f6vrd\u0259 s\u00f6z verdikl\u0259ri kimi heyvanlar\u0131 toplay\u0131b, q\u0131s\u0131rla\u015fd\u0131r\u0131b ald\u0131qlar\u0131 yer\u0259 geri qoysunlar?\u201c.\n<\/p>\n<p>\n  N.H\u00fcseynova Az\u0259rbaycanda d\u00f6vl\u0259t\u0259 m\u0259xsus b\u00f6y\u00fck heyvan s\u0131\u011f\u0131nacaqlar\u0131n\u0131n qurulmas\u0131n\u0131n vacib oldu\u011funu bildirir:\n<\/p>\n<p>\n  \u201c\u00c7ox ist\u0259y\u0259rdim d\u00f6vl\u0259t\u0259 m\u0259xsus b\u00f6y\u00fck heyvan s\u0131\u011f\u0131nacaqlar\u0131 olsun. \u201c\u0130deya\u201d Heyvanlara Qay\u011f\u0131 M\u0259rk\u0259zind\u0259 c\u0259mi 100-200 heyvan saxlan\u0131l\u0131r. \u201cToplan\u201d Sahibsiz \u0130tl\u0259r\u0259 Qay\u011f\u0131 M\u0259rk\u0259zind\u0259 is\u0259 \u00fcmumiyy\u0259tl\u0259 heyvanlar saxlan\u0131lm\u0131r. Yax\u015f\u0131 olard\u0131 ki, bu m\u0259s\u0259l\u0259y\u0259 diqq\u0259t ayr\u0131ls\u0131n\u201d.\n<\/p>\n<p>\n  Heyvanlara k\u00f6n\u00fcll\u00fc \u015f\u0259kild\u0259 qay\u011f\u0131 g\u00f6st\u0259r\u0259n Xumar K\u0259rimli qeyd edir ki, insanlar\u0131n t\u0259bi\u0259t\u0259 v\u0259 heyvanlara vurdu\u011fu z\u0259rb\u0259 onlar\u0131n psixoloji z\u0259ifliyind\u0259n ir\u0259li g\u0259lir:\n<\/p>\n<p>\n  \u201cHeyvanlara qar\u015f\u0131 \u015fidd\u0259t t\u0259tbiq etm\u0259k insan\u0131n daxili aqresiyas\u0131ndan v\u0259 eqosundan ir\u0259li g\u0259lir. B\u0259zi insanlar \u00f6zl\u0259rini g\u00fccl\u00fc g\u00f6st\u0259rm\u0259k \u00fc\u00e7\u00fcn heyvanlara \u015fidd\u0259t g\u00f6st\u0259ri. \u00dcmumiyy\u0259tl\u0259 d\u00fc\u015f\u00fcn\u00fcr\u0259m ki, heyvanlara \u015fidd\u0259t t\u0259tbiq ed\u0259n insanlar psixoloji d\u0259st\u0259k almal\u0131d\u0131r\u201d.\n<\/p>\n<p>\n  Meydan TV \u201cToplan\u201d Sahibsiz \u0130tl\u0259r\u0259 Qay\u011f\u0131 M\u0259rk\u0259zind\u0259n m\u0259s\u0259l\u0259y\u0259 m\u00fcnasib\u0259t \u00f6yr\u0259n\u0259 bilm\u0259yib.\n<\/p>\n<figure class=\"wp-block-image size-large\">\n  <img decoding=\"async\" src=\"https:\/\/www.meydan.tv\/az\/xumar-kerimli\/\" alt=\"Xumar K\u0259rimli\" class=\"wp-image-162045\"\/><figcaption>\n    Xumar K\u0259rimli<br \/>\n  <\/figcaption><\/figure>\n<p>\n  <b><br \/>\n    \u201cT\u0259hsil ocaqlar\u0131nda maarifl\u0259ndirm\u0259 apar\u0131lmal\u0131d\u0131r\u201d<br \/>\n  <\/b>\n<\/p>\n<p>\n  Xumar K\u0259rimli d\u00fc\u015f\u00fcn\u00fcr ki, \u00f6lk\u0259d\u0259 t\u0259bi\u0259t\u0259 v\u0259 heyvanlara qay\u011f\u0131, onlarla r\u0259ftar bar\u0259d\u0259 ba\u011f\u00e7alarda v\u0259 orta m\u0259kt\u0259bl\u0259rd\u0259 maarifl\u0259ndirm\u0259 apar\u0131lmal\u0131d\u0131r:\n<\/p>\n<p>\n  \u201c\u00dcmumiyy\u0259tl\u0259, maarifl\u0259ndirm\u0259 i\u015fl\u0259ri ki\u00e7ik ya\u015flarda ba\u015flamal\u0131d\u0131r. U\u015faqlar ail\u0259d\u0259 n\u0259 g\u00f6r\u00fcr, onu t\u0259tbiq edir. Ona g\u00f6r\u0259 d\u0259 heyvanlarla ba\u011fl\u0131 \u00fcmumi t\u0259f\u0259kk\u00fcr\u00fc d\u0259yi\u015fm\u0259k \u00fc\u00e7\u00fcn \u00fcmumiyy\u0259tl\u0259 t\u0259hsil ocaqlar\u0131nda ki\u00e7ik ya\u015flardan maarifl\u0259ndirm\u0259 apar\u0131lmal\u0131d\u0131r\u201d.\n<\/p>\n<p>\n  <b><br \/>\n    \u201cHeyvanlara yard\u0131m \u00fc\u00e7\u00fcn m\u00fcraci\u0259t ed\u0259c\u0259yimiz qurum dem\u0259k olar ki, yoxdur\u201d<br \/>\n  <\/b>\n<\/p>\n<p>\n  X.K\u0259rimli deyir ki, \u00f6lk\u0259d\u0259 k\u00fc\u00e7\u0259 heyvanlar\u0131 v\u0259 onlar\u0131n probleml\u0259ri il\u0259 m\u0259\u015f\u011ful olan qurum yoxdur.\n<\/p>\n<p>\n  \u201cB\u0259z\u0259n insanlar \u015fikay\u0259t edir ki, k\u00fc\u00e7\u0259 heyvanlar\u0131 insana h\u00fccum edir. Biz insanlar ac qalsaq nec\u0259 olar?! T\u0259bii ki, biz d\u0259 aqressiv olar\u0131q. \u00dcmumiyy\u0259tl\u0259 k\u00fc\u00e7\u0259d\u0259 ac\u0131nacaql\u0131 v\u0259ziyy\u0259td\u0259 heyvanlar g\u00f6r\u00fcr\u00fck. Onlara yard\u0131m \u00fc\u00e7\u00fcn m\u00fcraci\u0259t etm\u0259k ist\u0259yirik ama bu i\u015fl\u0259 m\u0259\u015f\u011ful olan normal bir qurum, s\u0131\u011f\u0131nacaq v\u0259 ya resurs m\u0259rk\u0259zi yoxdur ki, biz onlara m\u00fcraci\u0259t edib k\u00f6m\u0259k ist\u0259y\u0259k. H\u0259r bir halda bu reall\u0131qd\u0131r. Bel\u0259 qurumlar olmal\u0131d\u0131r. Ancaq \u0259g\u0259r yoxdursa, \u0259n az\u0131ndan biz insanlar heyvanlar \u00f6z \u00fcz\u0259rimiz\u0259 d\u00fc\u015f\u0259ni etm\u0259y\u0259 borcluyuq\u201d.<\/p>\n","protected":false},"excerpt":{"rendered":"<p>Heyvansev\u0259rl\u0259r \u00f6lk\u0259d\u0259ki durumu b\u0259rbad hesab edir<\/p>\n","protected":false},"author":11,"featured_media":162033,"comment_status":"closed","ping_status":"open","sticky":false,"template":"","format":"standard","meta":{"_acf_changed":false,"_sitemap_exclude":false,"_sitemap_priority":"","_sitemap_frequency":"","footnotes":""},"categories":[56],"tags":[],"class_list":["post-206672","post","type-post","status-publish","format-standard","has-post-thumbnail","hentry","category-xeberler","infinite-scroll-item","generate-columns","tablet-grid-50","mobile-grid-100","grid-parent","grid-33","no-featured-image-padding"],"acf":[],"yoast_head":"<!-- This site is optimized with the Yoast SEO plugin v27.5 - https:\/\/yoast.com\/product\/yoast-seo-wordpress\/ -->\n<title>\u201cLeyla \u018fliyevan\u0131n qurdu\u011fu qurumda heyvanlar \u00f6ld\u00fcr\u00fcl\u00fcr\u201d - MEYDAN.TV<\/title>\n<meta name=\"robots\" content=\"index, follow, max-snippet:-1, max-image-preview:large, max-video-preview:-1\" \/>\n<link rel=\"canonical\" href=\"https:\/\/www.meydan.tv\/az\/article\/leyla-eliyevanin-qurdugu-qurumda-heyvanlar-oldurulur\/\" \/>\n<meta property=\"og:locale\" content=\"az_AZ\" \/>\n<meta property=\"og:type\" content=\"article\" \/>\n<meta property=\"og:title\" content=\"\u201cLeyla \u018fliyevan\u0131n qurdu\u011fu qurumda heyvanlar \u00f6ld\u00fcr\u00fcl\u00fcr\u201d - MEYDAN.TV\" \/>\n<meta property=\"og:description\" content=\"Heyvansev\u0259rl\u0259r \u00f6lk\u0259d\u0259ki durumu b\u0259rbad hesab edir\" \/>\n<meta property=\"og:url\" content=\"https:\/\/www.meydan.tv\/az\/article\/leyla-eliyevanin-qurdugu-qurumda-heyvanlar-oldurulur\/\" \/>\n<meta property=\"og:site_name\" content=\"MEYDAN.TV\" \/>\n<meta property=\"article:published_time\" content=\"2021-06-10T15:55:32+00:00\" \/>\n<meta property=\"og:image\" content=\"https:\/\/www.meydan.tv\/wp-content\/uploads\/56c3b91ebcf368e58c557399a6e64273.jpeg\" \/>\n\t<meta property=\"og:image:width\" content=\"2362\" \/>\n\t<meta property=\"og:image:height\" content=\"1575\" \/>\n\t<meta property=\"og:image:type\" content=\"image\/jpeg\" \/>\n<meta name=\"author\" content=\"user-manager\" \/>\n<meta name=\"twitter:card\" content=\"summary_large_image\" \/>\n<script type=\"application\/ld+json\" class=\"yoast-schema-graph\">{\"@context\":\"https:\\\/\\\/schema.org\",\"@graph\":[{\"@type\":\"Article\",\"@id\":\"https:\\\/\\\/www.meydan.tv\\\/az\\\/article\\\/leyla-eliyevanin-qurdugu-qurumda-heyvanlar-oldurulur\\\/#article\",\"isPartOf\":{\"@id\":\"https:\\\/\\\/www.meydan.tv\\\/az\\\/article\\\/leyla-eliyevanin-qurdugu-qurumda-heyvanlar-oldurulur\\\/\"},\"author\":{\"name\":\"user-manager\",\"@id\":\"https:\\\/\\\/www.meydan.tv\\\/az\\\/#\\\/schema\\\/person\\\/10d11eccf6da3662cf5fdab9806ea91a\"},\"headline\":\"\u201cLeyla \u018fliyevan\u0131n qurdu\u011fu qurumda heyvanlar \u00f6ld\u00fcr\u00fcl\u00fcr\u201d\",\"datePublished\":\"2021-06-10T15:55:32+00:00\",\"mainEntityOfPage\":{\"@id\":\"https:\\\/\\\/www.meydan.tv\\\/az\\\/article\\\/leyla-eliyevanin-qurdugu-qurumda-heyvanlar-oldurulur\\\/\"},\"wordCount\":2469,\"publisher\":{\"@id\":\"https:\\\/\\\/www.meydan.tv\\\/az\\\/#organization\"},\"image\":{\"@id\":\"https:\\\/\\\/www.meydan.tv\\\/az\\\/article\\\/leyla-eliyevanin-qurdugu-qurumda-heyvanlar-oldurulur\\\/#primaryimage\"},\"thumbnailUrl\":\"https:\\\/\\\/www.meydan.tv\\\/wp-content\\\/uploads\\\/56c3b91ebcf368e58c557399a6e64273.jpeg\",\"articleSection\":[\"X\u0259b\u0259rl\u0259r\"],\"inLanguage\":\"az\"},{\"@type\":\"WebPage\",\"@id\":\"https:\\\/\\\/www.meydan.tv\\\/az\\\/article\\\/leyla-eliyevanin-qurdugu-qurumda-heyvanlar-oldurulur\\\/\",\"url\":\"https:\\\/\\\/www.meydan.tv\\\/az\\\/article\\\/leyla-eliyevanin-qurdugu-qurumda-heyvanlar-oldurulur\\\/\",\"name\":\"\u201cLeyla \u018fliyevan\u0131n qurdu\u011fu qurumda heyvanlar \u00f6ld\u00fcr\u00fcl\u00fcr\u201d - MEYDAN.TV\",\"isPartOf\":{\"@id\":\"https:\\\/\\\/www.meydan.tv\\\/az\\\/#website\"},\"primaryImageOfPage\":{\"@id\":\"https:\\\/\\\/www.meydan.tv\\\/az\\\/article\\\/leyla-eliyevanin-qurdugu-qurumda-heyvanlar-oldurulur\\\/#primaryimage\"},\"image\":{\"@id\":\"https:\\\/\\\/www.meydan.tv\\\/az\\\/article\\\/leyla-eliyevanin-qurdugu-qurumda-heyvanlar-oldurulur\\\/#primaryimage\"},\"thumbnailUrl\":\"https:\\\/\\\/www.meydan.tv\\\/wp-content\\\/uploads\\\/56c3b91ebcf368e58c557399a6e64273.jpeg\",\"datePublished\":\"2021-06-10T15:55:32+00:00\",\"breadcrumb\":{\"@id\":\"https:\\\/\\\/www.meydan.tv\\\/az\\\/article\\\/leyla-eliyevanin-qurdugu-qurumda-heyvanlar-oldurulur\\\/#breadcrumb\"},\"inLanguage\":\"az\",\"potentialAction\":[{\"@type\":\"ReadAction\",\"target\":[\"https:\\\/\\\/www.meydan.tv\\\/az\\\/article\\\/leyla-eliyevanin-qurdugu-qurumda-heyvanlar-oldurulur\\\/\"]}]},{\"@type\":\"ImageObject\",\"inLanguage\":\"az\",\"@id\":\"https:\\\/\\\/www.meydan.tv\\\/az\\\/article\\\/leyla-eliyevanin-qurdugu-qurumda-heyvanlar-oldurulur\\\/#primaryimage\",\"url\":\"https:\\\/\\\/www.meydan.tv\\\/wp-content\\\/uploads\\\/56c3b91ebcf368e58c557399a6e64273.jpeg\",\"contentUrl\":\"https:\\\/\\\/www.meydan.tv\\\/wp-content\\\/uploads\\\/56c3b91ebcf368e58c557399a6e64273.jpeg\",\"width\":2362,\"height\":1575,\"caption\":\"Source: leyla-aliyeva.az\"},{\"@type\":\"BreadcrumbList\",\"@id\":\"https:\\\/\\\/www.meydan.tv\\\/az\\\/article\\\/leyla-eliyevanin-qurdugu-qurumda-heyvanlar-oldurulur\\\/#breadcrumb\",\"itemListElement\":[{\"@type\":\"ListItem\",\"position\":1,\"name\":\"Ana s\u0259hif\u0259\",\"item\":\"https:\\\/\\\/www.meydan.tv\\\/az\\\/\"},{\"@type\":\"ListItem\",\"position\":2,\"name\":\"X\u0259b\u0259rl\u0259r\",\"item\":\"https:\\\/\\\/www.meydan.tv\\\/az\\\/section\\\/xeberler\\\/\"},{\"@type\":\"ListItem\",\"position\":3,\"name\":\"\u201cLeyla \u018fliyevan\u0131n qurdu\u011fu qurumda heyvanlar \u00f6ld\u00fcr\u00fcl\u00fcr\u201d\"}]},{\"@type\":\"WebSite\",\"@id\":\"https:\\\/\\\/www.meydan.tv\\\/az\\\/#website\",\"url\":\"https:\\\/\\\/www.meydan.tv\\\/az\\\/\",\"name\":\"MEYDAN.TV\",\"description\":\"Meydan TV Az\u0259rbaycan\u0131n media m\u0259kan\u0131ndak\u0131 alternativ s\u0259sidir\",\"publisher\":{\"@id\":\"https:\\\/\\\/www.meydan.tv\\\/az\\\/#organization\"},\"potentialAction\":[{\"@type\":\"SearchAction\",\"target\":{\"@type\":\"EntryPoint\",\"urlTemplate\":\"https:\\\/\\\/www.meydan.tv\\\/az\\\/?s={search_term_string}\"},\"query-input\":{\"@type\":\"PropertyValueSpecification\",\"valueRequired\":true,\"valueName\":\"search_term_string\"}}],\"inLanguage\":\"az\"},{\"@type\":\"Organization\",\"@id\":\"https:\\\/\\\/www.meydan.tv\\\/az\\\/#organization\",\"name\":\"Meydan TV\",\"url\":\"https:\\\/\\\/www.meydan.tv\\\/az\\\/\",\"logo\":{\"@type\":\"ImageObject\",\"inLanguage\":\"az\",\"@id\":\"https:\\\/\\\/www.meydan.tv\\\/az\\\/#\\\/schema\\\/logo\\\/image\\\/\",\"url\":\"https:\\\/\\\/www.meydan.tv\\\/wp-content\\\/uploads\\\/2021\\\/07\\\/meydan-logo.svg\",\"contentUrl\":\"https:\\\/\\\/www.meydan.tv\\\/wp-content\\\/uploads\\\/2021\\\/07\\\/meydan-logo.svg\",\"width\":195,\"height\":46,\"caption\":\"Meydan TV\"},\"image\":{\"@id\":\"https:\\\/\\\/www.meydan.tv\\\/az\\\/#\\\/schema\\\/logo\\\/image\\\/\"}},{\"@type\":\"Person\",\"@id\":\"https:\\\/\\\/www.meydan.tv\\\/az\\\/#\\\/schema\\\/person\\\/10d11eccf6da3662cf5fdab9806ea91a\",\"name\":\"user-manager\"}]}<\/script>\n<!-- \/ Yoast SEO plugin. -->","yoast_head_json":{"title":"\u201cLeyla \u018fliyevan\u0131n qurdu\u011fu qurumda heyvanlar \u00f6ld\u00fcr\u00fcl\u00fcr\u201d - MEYDAN.TV","robots":{"index":"index","follow":"follow","max-snippet":"max-snippet:-1","max-image-preview":"max-image-preview:large","max-video-preview":"max-video-preview:-1"},"canonical":"https:\/\/www.meydan.tv\/az\/article\/leyla-eliyevanin-qurdugu-qurumda-heyvanlar-oldurulur\/","og_locale":"az_AZ","og_type":"article","og_title":"\u201cLeyla \u018fliyevan\u0131n qurdu\u011fu qurumda heyvanlar \u00f6ld\u00fcr\u00fcl\u00fcr\u201d - MEYDAN.TV","og_description":"Heyvansev\u0259rl\u0259r \u00f6lk\u0259d\u0259ki durumu b\u0259rbad hesab edir","og_url":"https:\/\/www.meydan.tv\/az\/article\/leyla-eliyevanin-qurdugu-qurumda-heyvanlar-oldurulur\/","og_site_name":"MEYDAN.TV","article_published_time":"2021-06-10T15:55:32+00:00","og_image":[{"width":2362,"height":1575,"url":"https:\/\/www.meydan.tv\/wp-content\/uploads\/56c3b91ebcf368e58c557399a6e64273.jpeg","type":"image\/jpeg"}],"author":"user-manager","twitter_card":"summary_large_image","schema":{"@context":"https:\/\/schema.org","@graph":[{"@type":"Article","@id":"https:\/\/www.meydan.tv\/az\/article\/leyla-eliyevanin-qurdugu-qurumda-heyvanlar-oldurulur\/#article","isPartOf":{"@id":"https:\/\/www.meydan.tv\/az\/article\/leyla-eliyevanin-qurdugu-qurumda-heyvanlar-oldurulur\/"},"author":{"name":"user-manager","@id":"https:\/\/www.meydan.tv\/az\/#\/schema\/person\/10d11eccf6da3662cf5fdab9806ea91a"},"headline":"\u201cLeyla \u018fliyevan\u0131n qurdu\u011fu qurumda heyvanlar \u00f6ld\u00fcr\u00fcl\u00fcr\u201d","datePublished":"2021-06-10T15:55:32+00:00","mainEntityOfPage":{"@id":"https:\/\/www.meydan.tv\/az\/article\/leyla-eliyevanin-qurdugu-qurumda-heyvanlar-oldurulur\/"},"wordCount":2469,"publisher":{"@id":"https:\/\/www.meydan.tv\/az\/#organization"},"image":{"@id":"https:\/\/www.meydan.tv\/az\/article\/leyla-eliyevanin-qurdugu-qurumda-heyvanlar-oldurulur\/#primaryimage"},"thumbnailUrl":"https:\/\/www.meydan.tv\/wp-content\/uploads\/56c3b91ebcf368e58c557399a6e64273.jpeg","articleSection":["X\u0259b\u0259rl\u0259r"],"inLanguage":"az"},{"@type":"WebPage","@id":"https:\/\/www.meydan.tv\/az\/article\/leyla-eliyevanin-qurdugu-qurumda-heyvanlar-oldurulur\/","url":"https:\/\/www.meydan.tv\/az\/article\/leyla-eliyevanin-qurdugu-qurumda-heyvanlar-oldurulur\/","name":"\u201cLeyla \u018fliyevan\u0131n qurdu\u011fu qurumda heyvanlar \u00f6ld\u00fcr\u00fcl\u00fcr\u201d - MEYDAN.TV","isPartOf":{"@id":"https:\/\/www.meydan.tv\/az\/#website"},"primaryImageOfPage":{"@id":"https:\/\/www.meydan.tv\/az\/article\/leyla-eliyevanin-qurdugu-qurumda-heyvanlar-oldurulur\/#primaryimage"},"image":{"@id":"https:\/\/www.meydan.tv\/az\/article\/leyla-eliyevanin-qurdugu-qurumda-heyvanlar-oldurulur\/#primaryimage"},"thumbnailUrl":"https:\/\/www.meydan.tv\/wp-content\/uploads\/56c3b91ebcf368e58c557399a6e64273.jpeg","datePublished":"2021-06-10T15:55:32+00:00","breadcrumb":{"@id":"https:\/\/www.meydan.tv\/az\/article\/leyla-eliyevanin-qurdugu-qurumda-heyvanlar-oldurulur\/#breadcrumb"},"inLanguage":"az","potentialAction":[{"@type":"ReadAction","target":["https:\/\/www.meydan.tv\/az\/article\/leyla-eliyevanin-qurdugu-qurumda-heyvanlar-oldurulur\/"]}]},{"@type":"ImageObject","inLanguage":"az","@id":"https:\/\/www.meydan.tv\/az\/article\/leyla-eliyevanin-qurdugu-qurumda-heyvanlar-oldurulur\/#primaryimage","url":"https:\/\/www.meydan.tv\/wp-content\/uploads\/56c3b91ebcf368e58c557399a6e64273.jpeg","contentUrl":"https:\/\/www.meydan.tv\/wp-content\/uploads\/56c3b91ebcf368e58c557399a6e64273.jpeg","width":2362,"height":1575,"caption":"Source: leyla-aliyeva.az"},{"@type":"BreadcrumbList","@id":"https:\/\/www.meydan.tv\/az\/article\/leyla-eliyevanin-qurdugu-qurumda-heyvanlar-oldurulur\/#breadcrumb","itemListElement":[{"@type":"ListItem","position":1,"name":"Ana s\u0259hif\u0259","item":"https:\/\/www.meydan.tv\/az\/"},{"@type":"ListItem","position":2,"name":"X\u0259b\u0259rl\u0259r","item":"https:\/\/www.meydan.tv\/az\/section\/xeberler\/"},{"@type":"ListItem","position":3,"name":"\u201cLeyla \u018fliyevan\u0131n qurdu\u011fu qurumda heyvanlar \u00f6ld\u00fcr\u00fcl\u00fcr\u201d"}]},{"@type":"WebSite","@id":"https:\/\/www.meydan.tv\/az\/#website","url":"https:\/\/www.meydan.tv\/az\/","name":"MEYDAN.TV","description":"Meydan TV Az\u0259rbaycan\u0131n media m\u0259kan\u0131ndak\u0131 alternativ s\u0259sidir","publisher":{"@id":"https:\/\/www.meydan.tv\/az\/#organization"},"potentialAction":[{"@type":"SearchAction","target":{"@type":"EntryPoint","urlTemplate":"https:\/\/www.meydan.tv\/az\/?s={search_term_string}"},"query-input":{"@type":"PropertyValueSpecification","valueRequired":true,"valueName":"search_term_string"}}],"inLanguage":"az"},{"@type":"Organization","@id":"https:\/\/www.meydan.tv\/az\/#organization","name":"Meydan TV","url":"https:\/\/www.meydan.tv\/az\/","logo":{"@type":"ImageObject","inLanguage":"az","@id":"https:\/\/www.meydan.tv\/az\/#\/schema\/logo\/image\/","url":"https:\/\/www.meydan.tv\/wp-content\/uploads\/2021\/07\/meydan-logo.svg","contentUrl":"https:\/\/www.meydan.tv\/wp-content\/uploads\/2021\/07\/meydan-logo.svg","width":195,"height":46,"caption":"Meydan TV"},"image":{"@id":"https:\/\/www.meydan.tv\/az\/#\/schema\/logo\/image\/"}},{"@type":"Person","@id":"https:\/\/www.meydan.tv\/az\/#\/schema\/person\/10d11eccf6da3662cf5fdab9806ea91a","name":"user-manager"}]}},"_links":{"self":[{"href":"https:\/\/www.meydan.tv\/az\/wp-json\/wp\/v2\/posts\/206672","targetHints":{"allow":["GET"]}}],"collection":[{"href":"https:\/\/www.meydan.tv\/az\/wp-json\/wp\/v2\/posts"}],"about":[{"href":"https:\/\/www.meydan.tv\/az\/wp-json\/wp\/v2\/types\/post"}],"author":[{"embeddable":true,"href":"https:\/\/www.meydan.tv\/az\/wp-json\/wp\/v2\/users\/11"}],"replies":[{"embeddable":true,"href":"https:\/\/www.meydan.tv\/az\/wp-json\/wp\/v2\/comments?post=206672"}],"version-history":[{"count":0,"href":"https:\/\/www.meydan.tv\/az\/wp-json\/wp\/v2\/posts\/206672\/revisions"}],"wp:featuredmedia":[{"embeddable":true,"href":"https:\/\/www.meydan.tv\/az\/wp-json\/wp\/v2\/media\/162033"}],"wp:attachment":[{"href":"https:\/\/www.meydan.tv\/az\/wp-json\/wp\/v2\/media?parent=206672"}],"wp:term":[{"taxonomy":"category","embeddable":true,"href":"https:\/\/www.meydan.tv\/az\/wp-json\/wp\/v2\/categories?post=206672"},{"taxonomy":"post_tag","embeddable":true,"href":"https:\/\/www.meydan.tv\/az\/wp-json\/wp\/v2\/tags?post=206672"}],"curies":[{"name":"wp","href":"https:\/\/api.w.org\/{rel}","templated":true}]}}