{"id":206652,"date":"2021-06-10T10:30:52","date_gmt":"2021-06-10T10:30:52","guid":{"rendered":"https:\/\/www.meydan.tv\/article\/trans-qadinpolis-evden-cixmagimiz-ucun-bize-tezyiq-gosterir\/"},"modified":"2021-06-10T10:30:52","modified_gmt":"2021-06-10T10:30:52","slug":"trans-qadinpolis-evden-cixmagimiz-ucun-bize-tezyiq-gosterir","status":"publish","type":"post","link":"https:\/\/www.meydan.tv\/az\/article\/trans-qadinpolis-evden-cixmagimiz-ucun-bize-tezyiq-gosterir\/","title":{"rendered":"Trans qad\u0131n:\u201dPolis evd\u0259n \u00e7\u0131xma\u011f\u0131m\u0131z \u00fc\u00e7\u00fcn biz\u0259 t\u0259zyiq g\u00f6st\u0259rir\u201d"},"content":{"rendered":"<figure class=\"wp-block-embed is-type-video is-provider-youtube wp-block-embed-youtube wp-embed-aspect-16-9 wp-has-aspect-ratio\">\n<div class=\"wp-block-embed__wrapper\">\n    <iframe\ttitle=\"Trans qad\u0131n:\u201dPolis evd\u0259n \u00e7\u0131xma\u011f\u0131m\u0131z \u00fc\u00e7\u00fcn biz\u0259 t\u0259zyiq g\u00f6st\u0259rir\u201d\" width=\"1200\" height=\"675\" data-src=\"https:\/\/www.youtube.com\/embed\/nQlsURtesm0\"\tframeborder=\"0\"\tallow=\"accelerometer; autoplay; clipboard-write; encrypted-media; gyroscope; picture-in-picture\" allowfullscreen src=\"data:image\/svg+xml;base64,PHN2ZyB3aWR0aD0iMSIgaGVpZ2h0PSIxIiB4bWxucz0iaHR0cDovL3d3dy53My5vcmcvMjAwMC9zdmciPjwvc3ZnPg==\" class=\"lazyload\" data-load-mode=\"1\"><\/iframe>\n  <\/div><figcaption>\n    Trans qad\u0131n:\u201dPolis evd\u0259n \u00e7\u0131xma\u011f\u0131m\u0131z \u00fc\u00e7\u00fcn biz\u0259 t\u0259zyiq g\u00f6st\u0259rir\u201d<br \/>\n  <\/figcaption><\/figure>\n<p>\n  I\u0307yunun 9-da 3 trans qad\u0131n Ombudsman Aparat\u0131n\u0131n \u00f6n\u00fcnd\u0259 etiraz edibl\u0259r. Onlar idda edirl\u0259r ki, gender kimlikl\u0259rin\u0259 g\u00f6r\u0259 haz\u0131rda kiray\u0259 qald\u0131qlar\u0131 m\u0259nzild\u0259n \u00e7\u0131xar\u0131l\u0131rlar. Qad\u0131nlar deyirl\u0259r ki, N\u0259simi RPI\u0307-nin 21-ci Polis B\u00f6lm\u0259sinin \u0259m\u0259kdas\u0327lar\u0131 onlar\u0131 d\u00f6y\u0259r\u0259k evd\u0259n \u00e7\u0131xar\u0131blar.\n<\/p>\n<p>\n  Ombudsman Aparat\u0131n\u0131n \u00dcmumi s\u0327\u00f6b\u0259sinin m\u00fcdiri I\u0307brahim Abdullayev onlar\u0131 q\u0259bula d\u0259v\u0259t edib. S\u0327ikay\u0259t\u00e7il\u0259r Ombudsman S\u0259bin\u0259 \u018fliyevan\u0131n q\u0259buluna d\u00fcs\u0327m\u0259k ist\u0259s\u0259l\u0259r d\u0259, q\u0259bul s\u0327\u00f6b\u0259sind\u0259 \u0259riz\u0259 yaz\u0131landan sonra yola sal\u0131nd\u0131qlar\u0131n\u0131 deyibl\u0259r.\n<\/p>\n<p>\n  Beyn\u0259lxalq hesabatlara \u0259sas\u0259n, Az\u0259rbaycan 2021-ci il d\u0259 daxil olmaqla, LGBTQ+ h\u00fcquqlar\u0131 \u00fczr\u0259 son bir ne\u00e7\u0259 ildir ki, 49 Avropa \u00f6lk\u0259si aras\u0131nda sonuncu yerd\u0259 q\u0259rarlas\u0327\u0131r.<\/p>\n","protected":false},"excerpt":{"rendered":"<p>I\u0307yunun 9-da 3 trans qad\u0131n Ombudsman Aparat\u0131n\u0131n \u00f6n\u00fcnd\u0259 etiraz edibl\u0259r.<\/p>\n","protected":false},"author":11,"featured_media":162024,"comment_status":"closed","ping_status":"open","sticky":false,"template":"","format":"standard","meta":{"_acf_changed":false,"_sitemap_exclude":false,"_sitemap_priority":"","_sitemap_frequency":"","footnotes":""},"categories":[63],"tags":[],"class_list":["post-206652","post","type-post","status-publish","format-standard","has-post-thumbnail","hentry","category-video-2","infinite-scroll-item","generate-columns","tablet-grid-50","mobile-grid-100","grid-parent","grid-33","no-featured-image-padding"],"acf":[],"yoast_head":"<!-- This site is optimized with the Yoast SEO plugin v27.5 - https:\/\/yoast.com\/product\/yoast-seo-wordpress\/ -->\n<title>Trans qad\u0131n:\u201dPolis evd\u0259n \u00e7\u0131xma\u011f\u0131m\u0131z \u00fc\u00e7\u00fcn biz\u0259 t\u0259zyiq g\u00f6st\u0259rir\u201d - MEYDAN.TV<\/title>\n<meta name=\"robots\" content=\"index, follow, max-snippet:-1, max-image-preview:large, max-video-preview:-1\" \/>\n<link rel=\"canonical\" href=\"https:\/\/www.meydan.tv\/az\/article\/trans-qadinpolis-evden-cixmagimiz-ucun-bize-tezyiq-gosterir\/\" \/>\n<meta property=\"og:locale\" content=\"az_AZ\" \/>\n<meta property=\"og:type\" content=\"article\" \/>\n<meta property=\"og:title\" content=\"Trans qad\u0131n:\u201dPolis evd\u0259n \u00e7\u0131xma\u011f\u0131m\u0131z \u00fc\u00e7\u00fcn biz\u0259 t\u0259zyiq g\u00f6st\u0259rir\u201d - MEYDAN.TV\" \/>\n<meta property=\"og:description\" content=\"I\u0307yunun 9-da 3 trans qad\u0131n Ombudsman Aparat\u0131n\u0131n \u00f6n\u00fcnd\u0259 etiraz edibl\u0259r.\" \/>\n<meta property=\"og:url\" content=\"https:\/\/www.meydan.tv\/az\/article\/trans-qadinpolis-evden-cixmagimiz-ucun-bize-tezyiq-gosterir\/\" \/>\n<meta property=\"og:site_name\" content=\"MEYDAN.TV\" \/>\n<meta property=\"article:published_time\" content=\"2021-06-10T10:30:52+00:00\" \/>\n<meta property=\"og:image\" content=\"https:\/\/www.meydan.tv\/wp-content\/uploads\/456457.png\" \/>\n\t<meta property=\"og:image:width\" content=\"1280\" \/>\n\t<meta property=\"og:image:height\" content=\"720\" \/>\n\t<meta property=\"og:image:type\" content=\"image\/png\" \/>\n<meta name=\"author\" content=\"user-manager\" \/>\n<meta name=\"twitter:card\" content=\"summary_large_image\" \/>\n<script type=\"application\/ld+json\" class=\"yoast-schema-graph\">{\"@context\":\"https:\\\/\\\/schema.org\",\"@graph\":[{\"@type\":\"Article\",\"@id\":\"https:\\\/\\\/www.meydan.tv\\\/az\\\/article\\\/trans-qadinpolis-evden-cixmagimiz-ucun-bize-tezyiq-gosterir\\\/#article\",\"isPartOf\":{\"@id\":\"https:\\\/\\\/www.meydan.tv\\\/az\\\/article\\\/trans-qadinpolis-evden-cixmagimiz-ucun-bize-tezyiq-gosterir\\\/\"},\"author\":{\"name\":\"user-manager\",\"@id\":\"https:\\\/\\\/www.meydan.tv\\\/az\\\/#\\\/schema\\\/person\\\/10d11eccf6da3662cf5fdab9806ea91a\"},\"headline\":\"Trans qad\u0131n:\u201dPolis evd\u0259n \u00e7\u0131xma\u011f\u0131m\u0131z \u00fc\u00e7\u00fcn biz\u0259 t\u0259zyiq g\u00f6st\u0259rir\u201d\",\"datePublished\":\"2021-06-10T10:30:52+00:00\",\"mainEntityOfPage\":{\"@id\":\"https:\\\/\\\/www.meydan.tv\\\/az\\\/article\\\/trans-qadinpolis-evden-cixmagimiz-ucun-bize-tezyiq-gosterir\\\/\"},\"wordCount\":182,\"publisher\":{\"@id\":\"https:\\\/\\\/www.meydan.tv\\\/az\\\/#organization\"},\"image\":{\"@id\":\"https:\\\/\\\/www.meydan.tv\\\/az\\\/article\\\/trans-qadinpolis-evden-cixmagimiz-ucun-bize-tezyiq-gosterir\\\/#primaryimage\"},\"thumbnailUrl\":\"https:\\\/\\\/www.meydan.tv\\\/wp-content\\\/uploads\\\/456457.png\",\"articleSection\":[\"Video\"],\"inLanguage\":\"az\"},{\"@type\":\"WebPage\",\"@id\":\"https:\\\/\\\/www.meydan.tv\\\/az\\\/article\\\/trans-qadinpolis-evden-cixmagimiz-ucun-bize-tezyiq-gosterir\\\/\",\"url\":\"https:\\\/\\\/www.meydan.tv\\\/az\\\/article\\\/trans-qadinpolis-evden-cixmagimiz-ucun-bize-tezyiq-gosterir\\\/\",\"name\":\"Trans qad\u0131n:\u201dPolis evd\u0259n \u00e7\u0131xma\u011f\u0131m\u0131z \u00fc\u00e7\u00fcn biz\u0259 t\u0259zyiq g\u00f6st\u0259rir\u201d - MEYDAN.TV\",\"isPartOf\":{\"@id\":\"https:\\\/\\\/www.meydan.tv\\\/az\\\/#website\"},\"primaryImageOfPage\":{\"@id\":\"https:\\\/\\\/www.meydan.tv\\\/az\\\/article\\\/trans-qadinpolis-evden-cixmagimiz-ucun-bize-tezyiq-gosterir\\\/#primaryimage\"},\"image\":{\"@id\":\"https:\\\/\\\/www.meydan.tv\\\/az\\\/article\\\/trans-qadinpolis-evden-cixmagimiz-ucun-bize-tezyiq-gosterir\\\/#primaryimage\"},\"thumbnailUrl\":\"https:\\\/\\\/www.meydan.tv\\\/wp-content\\\/uploads\\\/456457.png\",\"datePublished\":\"2021-06-10T10:30:52+00:00\",\"breadcrumb\":{\"@id\":\"https:\\\/\\\/www.meydan.tv\\\/az\\\/article\\\/trans-qadinpolis-evden-cixmagimiz-ucun-bize-tezyiq-gosterir\\\/#breadcrumb\"},\"inLanguage\":\"az\",\"potentialAction\":[{\"@type\":\"ReadAction\",\"target\":[\"https:\\\/\\\/www.meydan.tv\\\/az\\\/article\\\/trans-qadinpolis-evden-cixmagimiz-ucun-bize-tezyiq-gosterir\\\/\"]}]},{\"@type\":\"ImageObject\",\"inLanguage\":\"az\",\"@id\":\"https:\\\/\\\/www.meydan.tv\\\/az\\\/article\\\/trans-qadinpolis-evden-cixmagimiz-ucun-bize-tezyiq-gosterir\\\/#primaryimage\",\"url\":\"https:\\\/\\\/www.meydan.tv\\\/wp-content\\\/uploads\\\/456457.png\",\"contentUrl\":\"https:\\\/\\\/www.meydan.tv\\\/wp-content\\\/uploads\\\/456457.png\",\"width\":1280,\"height\":720,\"caption\":\"Source: Meydan.TV\"},{\"@type\":\"BreadcrumbList\",\"@id\":\"https:\\\/\\\/www.meydan.tv\\\/az\\\/article\\\/trans-qadinpolis-evden-cixmagimiz-ucun-bize-tezyiq-gosterir\\\/#breadcrumb\",\"itemListElement\":[{\"@type\":\"ListItem\",\"position\":1,\"name\":\"Ana s\u0259hif\u0259\",\"item\":\"https:\\\/\\\/www.meydan.tv\\\/az\\\/\"},{\"@type\":\"ListItem\",\"position\":2,\"name\":\"Video\",\"item\":\"https:\\\/\\\/www.meydan.tv\\\/az\\\/section\\\/video-2\\\/\"},{\"@type\":\"ListItem\",\"position\":3,\"name\":\"Trans qad\u0131n:\u201dPolis evd\u0259n \u00e7\u0131xma\u011f\u0131m\u0131z \u00fc\u00e7\u00fcn biz\u0259 t\u0259zyiq g\u00f6st\u0259rir\u201d\"}]},{\"@type\":\"WebSite\",\"@id\":\"https:\\\/\\\/www.meydan.tv\\\/az\\\/#website\",\"url\":\"https:\\\/\\\/www.meydan.tv\\\/az\\\/\",\"name\":\"MEYDAN.TV\",\"description\":\"Meydan TV Az\u0259rbaycan\u0131n media m\u0259kan\u0131ndak\u0131 alternativ s\u0259sidir\",\"publisher\":{\"@id\":\"https:\\\/\\\/www.meydan.tv\\\/az\\\/#organization\"},\"potentialAction\":[{\"@type\":\"SearchAction\",\"target\":{\"@type\":\"EntryPoint\",\"urlTemplate\":\"https:\\\/\\\/www.meydan.tv\\\/az\\\/?s={search_term_string}\"},\"query-input\":{\"@type\":\"PropertyValueSpecification\",\"valueRequired\":true,\"valueName\":\"search_term_string\"}}],\"inLanguage\":\"az\"},{\"@type\":\"Organization\",\"@id\":\"https:\\\/\\\/www.meydan.tv\\\/az\\\/#organization\",\"name\":\"Meydan TV\",\"url\":\"https:\\\/\\\/www.meydan.tv\\\/az\\\/\",\"logo\":{\"@type\":\"ImageObject\",\"inLanguage\":\"az\",\"@id\":\"https:\\\/\\\/www.meydan.tv\\\/az\\\/#\\\/schema\\\/logo\\\/image\\\/\",\"url\":\"https:\\\/\\\/www.meydan.tv\\\/wp-content\\\/uploads\\\/2021\\\/07\\\/meydan-logo.svg\",\"contentUrl\":\"https:\\\/\\\/www.meydan.tv\\\/wp-content\\\/uploads\\\/2021\\\/07\\\/meydan-logo.svg\",\"width\":195,\"height\":46,\"caption\":\"Meydan TV\"},\"image\":{\"@id\":\"https:\\\/\\\/www.meydan.tv\\\/az\\\/#\\\/schema\\\/logo\\\/image\\\/\"}},{\"@type\":\"Person\",\"@id\":\"https:\\\/\\\/www.meydan.tv\\\/az\\\/#\\\/schema\\\/person\\\/10d11eccf6da3662cf5fdab9806ea91a\",\"name\":\"user-manager\"}]}<\/script>\n<!-- \/ Yoast SEO plugin. -->","yoast_head_json":{"title":"Trans qad\u0131n:\u201dPolis evd\u0259n \u00e7\u0131xma\u011f\u0131m\u0131z \u00fc\u00e7\u00fcn biz\u0259 t\u0259zyiq g\u00f6st\u0259rir\u201d - MEYDAN.TV","robots":{"index":"index","follow":"follow","max-snippet":"max-snippet:-1","max-image-preview":"max-image-preview:large","max-video-preview":"max-video-preview:-1"},"canonical":"https:\/\/www.meydan.tv\/az\/article\/trans-qadinpolis-evden-cixmagimiz-ucun-bize-tezyiq-gosterir\/","og_locale":"az_AZ","og_type":"article","og_title":"Trans qad\u0131n:\u201dPolis evd\u0259n \u00e7\u0131xma\u011f\u0131m\u0131z \u00fc\u00e7\u00fcn biz\u0259 t\u0259zyiq g\u00f6st\u0259rir\u201d - MEYDAN.TV","og_description":"I\u0307yunun 9-da 3 trans qad\u0131n Ombudsman Aparat\u0131n\u0131n \u00f6n\u00fcnd\u0259 etiraz edibl\u0259r.","og_url":"https:\/\/www.meydan.tv\/az\/article\/trans-qadinpolis-evden-cixmagimiz-ucun-bize-tezyiq-gosterir\/","og_site_name":"MEYDAN.TV","article_published_time":"2021-06-10T10:30:52+00:00","og_image":[{"width":1280,"height":720,"url":"https:\/\/www.meydan.tv\/wp-content\/uploads\/456457.png","type":"image\/png"}],"author":"user-manager","twitter_card":"summary_large_image","schema":{"@context":"https:\/\/schema.org","@graph":[{"@type":"Article","@id":"https:\/\/www.meydan.tv\/az\/article\/trans-qadinpolis-evden-cixmagimiz-ucun-bize-tezyiq-gosterir\/#article","isPartOf":{"@id":"https:\/\/www.meydan.tv\/az\/article\/trans-qadinpolis-evden-cixmagimiz-ucun-bize-tezyiq-gosterir\/"},"author":{"name":"user-manager","@id":"https:\/\/www.meydan.tv\/az\/#\/schema\/person\/10d11eccf6da3662cf5fdab9806ea91a"},"headline":"Trans qad\u0131n:\u201dPolis evd\u0259n \u00e7\u0131xma\u011f\u0131m\u0131z \u00fc\u00e7\u00fcn biz\u0259 t\u0259zyiq g\u00f6st\u0259rir\u201d","datePublished":"2021-06-10T10:30:52+00:00","mainEntityOfPage":{"@id":"https:\/\/www.meydan.tv\/az\/article\/trans-qadinpolis-evden-cixmagimiz-ucun-bize-tezyiq-gosterir\/"},"wordCount":182,"publisher":{"@id":"https:\/\/www.meydan.tv\/az\/#organization"},"image":{"@id":"https:\/\/www.meydan.tv\/az\/article\/trans-qadinpolis-evden-cixmagimiz-ucun-bize-tezyiq-gosterir\/#primaryimage"},"thumbnailUrl":"https:\/\/www.meydan.tv\/wp-content\/uploads\/456457.png","articleSection":["Video"],"inLanguage":"az"},{"@type":"WebPage","@id":"https:\/\/www.meydan.tv\/az\/article\/trans-qadinpolis-evden-cixmagimiz-ucun-bize-tezyiq-gosterir\/","url":"https:\/\/www.meydan.tv\/az\/article\/trans-qadinpolis-evden-cixmagimiz-ucun-bize-tezyiq-gosterir\/","name":"Trans qad\u0131n:\u201dPolis evd\u0259n \u00e7\u0131xma\u011f\u0131m\u0131z \u00fc\u00e7\u00fcn biz\u0259 t\u0259zyiq g\u00f6st\u0259rir\u201d - MEYDAN.TV","isPartOf":{"@id":"https:\/\/www.meydan.tv\/az\/#website"},"primaryImageOfPage":{"@id":"https:\/\/www.meydan.tv\/az\/article\/trans-qadinpolis-evden-cixmagimiz-ucun-bize-tezyiq-gosterir\/#primaryimage"},"image":{"@id":"https:\/\/www.meydan.tv\/az\/article\/trans-qadinpolis-evden-cixmagimiz-ucun-bize-tezyiq-gosterir\/#primaryimage"},"thumbnailUrl":"https:\/\/www.meydan.tv\/wp-content\/uploads\/456457.png","datePublished":"2021-06-10T10:30:52+00:00","breadcrumb":{"@id":"https:\/\/www.meydan.tv\/az\/article\/trans-qadinpolis-evden-cixmagimiz-ucun-bize-tezyiq-gosterir\/#breadcrumb"},"inLanguage":"az","potentialAction":[{"@type":"ReadAction","target":["https:\/\/www.meydan.tv\/az\/article\/trans-qadinpolis-evden-cixmagimiz-ucun-bize-tezyiq-gosterir\/"]}]},{"@type":"ImageObject","inLanguage":"az","@id":"https:\/\/www.meydan.tv\/az\/article\/trans-qadinpolis-evden-cixmagimiz-ucun-bize-tezyiq-gosterir\/#primaryimage","url":"https:\/\/www.meydan.tv\/wp-content\/uploads\/456457.png","contentUrl":"https:\/\/www.meydan.tv\/wp-content\/uploads\/456457.png","width":1280,"height":720,"caption":"Source: Meydan.TV"},{"@type":"BreadcrumbList","@id":"https:\/\/www.meydan.tv\/az\/article\/trans-qadinpolis-evden-cixmagimiz-ucun-bize-tezyiq-gosterir\/#breadcrumb","itemListElement":[{"@type":"ListItem","position":1,"name":"Ana s\u0259hif\u0259","item":"https:\/\/www.meydan.tv\/az\/"},{"@type":"ListItem","position":2,"name":"Video","item":"https:\/\/www.meydan.tv\/az\/section\/video-2\/"},{"@type":"ListItem","position":3,"name":"Trans qad\u0131n:\u201dPolis evd\u0259n \u00e7\u0131xma\u011f\u0131m\u0131z \u00fc\u00e7\u00fcn biz\u0259 t\u0259zyiq g\u00f6st\u0259rir\u201d"}]},{"@type":"WebSite","@id":"https:\/\/www.meydan.tv\/az\/#website","url":"https:\/\/www.meydan.tv\/az\/","name":"MEYDAN.TV","description":"Meydan TV Az\u0259rbaycan\u0131n media m\u0259kan\u0131ndak\u0131 alternativ s\u0259sidir","publisher":{"@id":"https:\/\/www.meydan.tv\/az\/#organization"},"potentialAction":[{"@type":"SearchAction","target":{"@type":"EntryPoint","urlTemplate":"https:\/\/www.meydan.tv\/az\/?s={search_term_string}"},"query-input":{"@type":"PropertyValueSpecification","valueRequired":true,"valueName":"search_term_string"}}],"inLanguage":"az"},{"@type":"Organization","@id":"https:\/\/www.meydan.tv\/az\/#organization","name":"Meydan TV","url":"https:\/\/www.meydan.tv\/az\/","logo":{"@type":"ImageObject","inLanguage":"az","@id":"https:\/\/www.meydan.tv\/az\/#\/schema\/logo\/image\/","url":"https:\/\/www.meydan.tv\/wp-content\/uploads\/2021\/07\/meydan-logo.svg","contentUrl":"https:\/\/www.meydan.tv\/wp-content\/uploads\/2021\/07\/meydan-logo.svg","width":195,"height":46,"caption":"Meydan TV"},"image":{"@id":"https:\/\/www.meydan.tv\/az\/#\/schema\/logo\/image\/"}},{"@type":"Person","@id":"https:\/\/www.meydan.tv\/az\/#\/schema\/person\/10d11eccf6da3662cf5fdab9806ea91a","name":"user-manager"}]}},"_links":{"self":[{"href":"https:\/\/www.meydan.tv\/az\/wp-json\/wp\/v2\/posts\/206652","targetHints":{"allow":["GET"]}}],"collection":[{"href":"https:\/\/www.meydan.tv\/az\/wp-json\/wp\/v2\/posts"}],"about":[{"href":"https:\/\/www.meydan.tv\/az\/wp-json\/wp\/v2\/types\/post"}],"author":[{"embeddable":true,"href":"https:\/\/www.meydan.tv\/az\/wp-json\/wp\/v2\/users\/11"}],"replies":[{"embeddable":true,"href":"https:\/\/www.meydan.tv\/az\/wp-json\/wp\/v2\/comments?post=206652"}],"version-history":[{"count":0,"href":"https:\/\/www.meydan.tv\/az\/wp-json\/wp\/v2\/posts\/206652\/revisions"}],"wp:featuredmedia":[{"embeddable":true,"href":"https:\/\/www.meydan.tv\/az\/wp-json\/wp\/v2\/media\/162024"}],"wp:attachment":[{"href":"https:\/\/www.meydan.tv\/az\/wp-json\/wp\/v2\/media?parent=206652"}],"wp:term":[{"taxonomy":"category","embeddable":true,"href":"https:\/\/www.meydan.tv\/az\/wp-json\/wp\/v2\/categories?post=206652"},{"taxonomy":"post_tag","embeddable":true,"href":"https:\/\/www.meydan.tv\/az\/wp-json\/wp\/v2\/tags?post=206652"}],"curies":[{"name":"wp","href":"https:\/\/api.w.org\/{rel}","templated":true}]}}