{"id":206640,"date":"2021-06-09T15:40:10","date_gmt":"2021-06-09T15:40:10","guid":{"rendered":"https:\/\/www.meydan.tv\/article\/mekteblerde-barama-yetisdirilir\/"},"modified":"2021-06-09T15:40:10","modified_gmt":"2021-06-09T15:40:10","slug":"mekteblerde-barama-yetisdirilir","status":"publish","type":"post","link":"https:\/\/www.meydan.tv\/az\/article\/mekteblerde-barama-yetisdirilir\/","title":{"rendered":"\u201cM\u0259kt\u0259bl\u0259rd\u0259 barama yeti\u015fdirilir\u201d"},"content":{"rendered":"<figure class=\"wp-block-embed is-type-video is-provider-youtube wp-block-embed-youtube wp-embed-aspect-16-9 wp-has-aspect-ratio\">\n<div class=\"wp-block-embed__wrapper\">\n    <iframe\ttitle=\"\u201cM\u0259kt\u0259bl\u0259rd\u0259 barama yeti\u015fdirilir\u201d\" width=\"1200\" height=\"675\" data-src=\"https:\/\/www.youtube.com\/embed\/kuPWhthJixE\"\tframeborder=\"0\"\tallow=\"accelerometer; autoplay; clipboard-write; encrypted-media; gyroscope; picture-in-picture\" allowfullscreen src=\"data:image\/svg+xml;base64,PHN2ZyB3aWR0aD0iMSIgaGVpZ2h0PSIxIiB4bWxucz0iaHR0cDovL3d3dy53My5vcmcvMjAwMC9zdmciPjwvc3ZnPg==\" class=\"lazyload\" data-load-mode=\"1\"><\/iframe>\n  <\/div><figcaption>\n    \u201cM\u0259kt\u0259bl\u0259rd\u0259 barama yeti\u015fdirilir\u201d<br \/>\n  <\/figcaption><\/figure>\n<p>\n  <i><br \/>\n    Sosial \u015f\u0259b\u0259k\u0259l\u0259rd\u0259 videog\u00f6r\u00fcnt\u00fcl\u0259r yay\u0131l\u0131b<br \/>\n  <\/i>\n<\/p>\n<p>\n  Son g\u00fcnl\u0259r sosial \u015f\u0259b\u0259k\u0259l\u0259rd\u0259 yen\u0259 m\u0259kt\u0259bl\u0259rd\u0259 barama qurdu saxlanmas\u0131 il\u0259 ba\u011fl\u0131 video v\u0259 fotolar yay\u0131l\u0131r.\n<\/p>\n<p>\n  \u00d6nc\u0259ki ill\u0259r d\u0259 m\u00fcxt\u0259lif b\u00f6lg\u0259l\u0259rd\u0259n Meydan TV-y\u0259 bu sah\u0259d\u0259 \u015fikay\u0259tl\u0259r g\u0259lirdi. M\u0259s\u0259l\u0259n,<br \/>\n  <a href=\"https:\/\/www.meydan.tv\/az\/article\/usaqlarimizin-carpayisinda-barama-saxlayirlar\/?ref=search\"><br \/>\n    Goranboyda<br \/>\n  <\/a><br \/>\n  u\u015faq ba\u011f\u00e7as\u0131nda, F\u00fczulid\u0259, G\u00f6y\u00e7ayda<br \/>\n  <a href=\"https:\/\/www.meydan.tv\/az\/article\/eliyevin-barama-siyaseti-mektebde-ipek-qurdu-saxlanilir\/?ref=search\"><br \/>\n    m\u0259kt\u0259bl\u0259rd\u0259<br \/>\n  <\/a><br \/>\n  barama saxlanmas\u0131 insanlar\u0131 narahat edirdi.\n<\/p>\n<p>\n  Bu il d\u0259 m\u00fcxt\u0259lif b\u00f6lg\u0259l\u0259rd\u0259 m\u0259kt\u0259bl\u0259rd\u0259 barama yeti\u015fdirilm\u0259si il\u0259 ba\u011fl\u0131 iddialar var. Sosial \u015f\u0259b\u0259k\u0259l\u0259rd\u0259 yay\u0131lan videodan g\u00f6r\u00fcn\u00fcr ki, 4 n\u0259f\u0259r qad\u0131n Az\u0259rbaycan\u0131n bayra\u011f\u0131, gerbi v\u0259 bir s\u0131ra foto\u015f\u0259kill\u0259rin oldu\u011fu l\u00f6vh\u0259nin \u00f6n\u00fcnd\u0259 oturub barama t\u0259mizl\u0259yirl\u0259r.\n<\/p>\n<p>\n  Videonu \u00e7\u0259k\u0259n \u015f\u0259xs buran\u0131n Sabirabad rayonu \u015e\u0259fi Babayev ad\u0131na Surra k\u0259nd orta m\u0259kt\u0259bi oldu\u011funu s\u00f6yl\u0259yir.\n<\/p>\n<p>\n  \u0130mi\u015flid\u0259n olan v\u0259 i\u015fini itirm\u0259m\u0259k \u00fc\u00e7\u00fcn ad\u0131n\u0131n a\u00e7\u0131qlanmas\u0131n\u0131 ist\u0259m\u0259y\u0259n bir m\u0259nb\u0259 is\u0259 Meydan TV-y\u0259 bildirib ki, orada n\u0259inki m\u0259kt\u0259bl\u0259rd\u0259, klublarda v\u0259 d\u00f6vl\u0259tin balans\u0131nda olan idar\u0259l\u0259rd\u0259 d\u0259 barama saxlan\u0131l\u0131r:\n<\/p>\n<p>\n  \u201cYuxar\u0131dan icra hakimiyy\u0259tin\u0259, icra hakimiyy\u0259tind\u0259n d\u0259 idar\u0259 m\u00fcdirl\u0259rin\u0259 tap\u015f\u0131r\u0131q verilir. Onlara m\u00fc\u0259yy\u0259n q\u0259d\u0259r barama g\u00f6t\u00fcr\u00fcb, yeti\u015fdirib t\u0259hvil verm\u0259k laz\u0131m oldu\u011fu deyilir\u201d.\n<\/p>\n<p>\n  Surra k\u0259nd orta m\u0259kt\u0259bind\u0259n telefonu g\u00f6t\u00fcr\u0259n \u015f\u0259xs sual\u0131 dinl\u0259dikd\u0259n sonra d\u0259st\u0259yi as\u0131b.\n<\/p>\n<p>\n  \u0130mi\u015fli Rayon \u0130cra Hakimiyy\u0259tind\u0259n is\u0259 informasiya t\u0259kzib edilib. Bel\u0259 bir hal\u0131n olmad\u0131\u011f\u0131 s\u00f6yl\u0259nib.\n<\/p>\n<p>\n  Barama yeml\u0259m\u0259k \u00fc\u00e7\u00fcn \u015e\u0259ki \u015f\u0259h\u0259rinin m\u0259rk\u0259zind\u0259ki B\u0259xtiyar Vahabzad\u0259 park\u0131ndak\u0131 tut a\u011faclar\u0131 k\u0259silib.\n<\/p>\n<p>\n  Bu bar\u0259d\u0259 eko-aktivist Cavid Qara bildirib. Deyib ki, bunu ed\u0259nl\u0259r ya\u015f\u0131lla\u015fd\u0131rma idar\u0259sinin i\u015f\u00e7il\u0259ri olub:\n<\/p>\n<p>\n  \u201cBiz g\u00f6r\u0259n kimi yerli ekologiya idar\u0259si v\u0259 polis\u0259 m\u0259lumat verdik. Polis a\u011fac k\u0259s\u0259nl\u0259ri apard\u0131. Daha bilm\u0259dik n\u0259 t\u0259dbir g\u00f6rd\u00fcl\u0259r\u201d.\n<\/p>\n<p>\n  Cavid Qara da bildirir ki, b\u00f6lg\u0259l\u0259rd\u0259 t\u0259hsil v\u0259 s\u0259hiyy\u0259 sistemi i\u015f\u00e7il\u0259rin\u0259 barama qurdu paylay\u0131rlar. M\u0259cburi \u201cyeti\u015fdirm\u0259lis\u0259n\u201d, &#8211; deyirl\u0259r:\n<\/p>\n<p>\n  \u201cAdamlar i\u015fini- g\u00fcc\u00fcn\u00fc at\u0131b d\u00f6vl\u0259t\u0259 m\u0259cburi barama yeti\u015fdirir. Sovetl\u0259r m\u0259nz\u0259r\u0259si. Ondan da pis t\u0259\u015fkil edilmi\u015f versiyas\u0131. Rayonlarda bu i\u015f\u0259 m\u0259cburi c\u0259lb edil\u0259n h\u0259r k\u0259s naraz\u0131d\u0131r\u201d.\n<\/p>\n<p>\n  \u015e\u0259ki \u015e\u0259h\u0259r \u0130cra Hakimiyy\u0259tind\u0259n is\u0259 Meydan TV-y\u0259 a\u011fac k\u0259s\u0259nl\u0259rin m\u00fcvafiq qaydada c\u0259zaland\u0131r\u0131ld\u0131qlar\u0131n\u0131 s\u00f6yl\u0259yibl\u0259r.\n<\/p>\n<p>\n  T\u0259hsil m\u00fc\u0259ssis\u0259l\u0259rind\u0259 barama yeti\u015fdirilm\u0259si il\u0259 ba\u011fl\u0131 m\u0259s\u0259l\u0259y\u0259 T\u0259hsil Nazirliyinin m\u0259tbuat xidm\u0259tind\u0259n m\u00fcnasib\u0259t \u00f6yr\u0259nm\u0259k m\u00fcmk\u00fcn olmay\u0131b. G\u00fcn \u0259rzind\u0259 edil\u0259n b\u00fct\u00fcn telefon z\u0259ngl\u0259ri cavabs\u0131z qal\u0131b.\n<\/p>\n<p>\n  Az\u0259rbaycan Prezidenti \u0130lham \u018fliyev bir ne\u00e7\u0259 il \u00f6nc\u0259 etdiyi \u00e7\u0131x\u0131\u015flar\u0131n\u0131n birind\u0259 barama\u00e7\u0131l\u0131\u011f\u0131n Az\u0259rbaycanda geni\u015f v\u00fcs\u0259t ald\u0131\u011f\u0131n\u0131, fermer v\u0259 k\u0259ndlil\u0259r t\u0259r\u0259find\u0259n \u0259n \u00e7ox maraq g\u00f6st\u0259ril\u0259n sah\u0259 oldu\u011funu s\u00f6yl\u0259yib:\n<\/p>\n<p>\n  \u201cD\u00f6vl\u0259t barama\u00e7\u0131l\u0131qla ba\u011fl\u0131 h\u0259r \u015feyi \u00f6z \u00fcz\u0259rin\u0259 g\u00f6t\u00fcr\u00fcb. Bu g\u00fcn Az\u0259rbaycan\u0131n b\u00f6lg\u0259l\u0259rind\u0259 b\u00fct\u00fcn laz\u0131m olan infrastruktur layih\u0259l\u0259r icra edilir. Biz haz\u0131rda s\u00fcr\u0259tli inki\u015faf d\u00f6vr\u00fcn\u00fc ya\u015fay\u0131r\u0131q. Az\u0259rbaycan tarixind\u0259 he\u00e7 vaxt bel\u0259 q\u0131sa m\u00fcdd\u0259t \u0259rzind\u0259 bu q\u0259d\u0259r i\u015fl\u0259r g\u00f6r\u00fc\u015fm\u0259mi\u015fdi\u201d.\n<\/p>\n<p>\n  Daha \u00e7ox bundan sonra b\u00f6lg\u0259l\u0259rd\u0259 d\u00f6vl\u0259t idar\u0259l\u0259rinin, m\u0259kt\u0259b v\u0259 ba\u011f\u00e7alar\u0131n binalar\u0131nda barama saxlanmas\u0131 hallar\u0131 art\u0131b.\n<\/p>\n<p>\n  2016-c\u0131 ild\u0259n etibar\u0259n baramaya g\u00f6r\u0259 fermerl\u0259r\u0259 subsidiya \u00f6d\u0259nilir. K\u0259ndlil\u0259r deyir ki, \u0259vv\u0259lc\u0259 bu m\u0259bl\u0259\u011f h\u0259r kiloqrama g\u00f6r\u0259 2 manat idi, sonra 5 manata qald\u0131r\u0131l\u0131b<\/p>\n","protected":false},"excerpt":{"rendered":"<p>Sosial \u015f\u0259b\u0259k\u0259l\u0259rd\u0259 videog\u00f6r\u00fcnt\u00fcl\u0259r yay\u0131l\u0131b<\/p>\n","protected":false},"author":11,"featured_media":161976,"comment_status":"closed","ping_status":"open","sticky":false,"template":"","format":"standard","meta":{"_acf_changed":false,"_sitemap_exclude":false,"_sitemap_priority":"","_sitemap_frequency":"","footnotes":""},"categories":[63],"tags":[],"class_list":["post-206640","post","type-post","status-publish","format-standard","has-post-thumbnail","hentry","category-video-2","infinite-scroll-item","generate-columns","tablet-grid-50","mobile-grid-100","grid-parent","grid-33","no-featured-image-padding"],"acf":[],"yoast_head":"<!-- This site is optimized with the Yoast SEO plugin v27.5 - https:\/\/yoast.com\/product\/yoast-seo-wordpress\/ -->\n<title>\u201cM\u0259kt\u0259bl\u0259rd\u0259 barama yeti\u015fdirilir\u201d - MEYDAN.TV<\/title>\n<meta name=\"robots\" content=\"index, follow, max-snippet:-1, max-image-preview:large, max-video-preview:-1\" \/>\n<link rel=\"canonical\" href=\"https:\/\/www.meydan.tv\/az\/article\/mekteblerde-barama-yetisdirilir\/\" \/>\n<meta property=\"og:locale\" content=\"az_AZ\" \/>\n<meta property=\"og:type\" content=\"article\" \/>\n<meta property=\"og:title\" content=\"\u201cM\u0259kt\u0259bl\u0259rd\u0259 barama yeti\u015fdirilir\u201d - MEYDAN.TV\" \/>\n<meta property=\"og:description\" content=\"Sosial \u015f\u0259b\u0259k\u0259l\u0259rd\u0259 videog\u00f6r\u00fcnt\u00fcl\u0259r yay\u0131l\u0131b\" \/>\n<meta property=\"og:url\" content=\"https:\/\/www.meydan.tv\/az\/article\/mekteblerde-barama-yetisdirilir\/\" \/>\n<meta property=\"og:site_name\" content=\"MEYDAN.TV\" \/>\n<meta property=\"article:published_time\" content=\"2021-06-09T15:40:10+00:00\" \/>\n<meta property=\"og:image\" content=\"https:\/\/www.meydan.tv\/wp-content\/uploads\/screenshot_2021-06-09_at_15.38.36.png\" \/>\n\t<meta property=\"og:image:width\" content=\"1786\" \/>\n\t<meta property=\"og:image:height\" content=\"848\" \/>\n\t<meta property=\"og:image:type\" content=\"image\/png\" \/>\n<meta name=\"author\" content=\"user-manager\" \/>\n<meta name=\"twitter:card\" content=\"summary_large_image\" \/>\n<script type=\"application\/ld+json\" class=\"yoast-schema-graph\">{\"@context\":\"https:\\\/\\\/schema.org\",\"@graph\":[{\"@type\":\"Article\",\"@id\":\"https:\\\/\\\/www.meydan.tv\\\/az\\\/article\\\/mekteblerde-barama-yetisdirilir\\\/#article\",\"isPartOf\":{\"@id\":\"https:\\\/\\\/www.meydan.tv\\\/az\\\/article\\\/mekteblerde-barama-yetisdirilir\\\/\"},\"author\":{\"name\":\"user-manager\",\"@id\":\"https:\\\/\\\/www.meydan.tv\\\/az\\\/#\\\/schema\\\/person\\\/10d11eccf6da3662cf5fdab9806ea91a\"},\"headline\":\"\u201cM\u0259kt\u0259bl\u0259rd\u0259 barama yeti\u015fdirilir\u201d\",\"datePublished\":\"2021-06-09T15:40:10+00:00\",\"mainEntityOfPage\":{\"@id\":\"https:\\\/\\\/www.meydan.tv\\\/az\\\/article\\\/mekteblerde-barama-yetisdirilir\\\/\"},\"wordCount\":752,\"publisher\":{\"@id\":\"https:\\\/\\\/www.meydan.tv\\\/az\\\/#organization\"},\"image\":{\"@id\":\"https:\\\/\\\/www.meydan.tv\\\/az\\\/article\\\/mekteblerde-barama-yetisdirilir\\\/#primaryimage\"},\"thumbnailUrl\":\"https:\\\/\\\/www.meydan.tv\\\/wp-content\\\/uploads\\\/screenshot_2021-06-09_at_15.38.36.png\",\"articleSection\":[\"Video\"],\"inLanguage\":\"az\"},{\"@type\":\"WebPage\",\"@id\":\"https:\\\/\\\/www.meydan.tv\\\/az\\\/article\\\/mekteblerde-barama-yetisdirilir\\\/\",\"url\":\"https:\\\/\\\/www.meydan.tv\\\/az\\\/article\\\/mekteblerde-barama-yetisdirilir\\\/\",\"name\":\"\u201cM\u0259kt\u0259bl\u0259rd\u0259 barama yeti\u015fdirilir\u201d - MEYDAN.TV\",\"isPartOf\":{\"@id\":\"https:\\\/\\\/www.meydan.tv\\\/az\\\/#website\"},\"primaryImageOfPage\":{\"@id\":\"https:\\\/\\\/www.meydan.tv\\\/az\\\/article\\\/mekteblerde-barama-yetisdirilir\\\/#primaryimage\"},\"image\":{\"@id\":\"https:\\\/\\\/www.meydan.tv\\\/az\\\/article\\\/mekteblerde-barama-yetisdirilir\\\/#primaryimage\"},\"thumbnailUrl\":\"https:\\\/\\\/www.meydan.tv\\\/wp-content\\\/uploads\\\/screenshot_2021-06-09_at_15.38.36.png\",\"datePublished\":\"2021-06-09T15:40:10+00:00\",\"breadcrumb\":{\"@id\":\"https:\\\/\\\/www.meydan.tv\\\/az\\\/article\\\/mekteblerde-barama-yetisdirilir\\\/#breadcrumb\"},\"inLanguage\":\"az\",\"potentialAction\":[{\"@type\":\"ReadAction\",\"target\":[\"https:\\\/\\\/www.meydan.tv\\\/az\\\/article\\\/mekteblerde-barama-yetisdirilir\\\/\"]}]},{\"@type\":\"ImageObject\",\"inLanguage\":\"az\",\"@id\":\"https:\\\/\\\/www.meydan.tv\\\/az\\\/article\\\/mekteblerde-barama-yetisdirilir\\\/#primaryimage\",\"url\":\"https:\\\/\\\/www.meydan.tv\\\/wp-content\\\/uploads\\\/screenshot_2021-06-09_at_15.38.36.png\",\"contentUrl\":\"https:\\\/\\\/www.meydan.tv\\\/wp-content\\\/uploads\\\/screenshot_2021-06-09_at_15.38.36.png\",\"width\":1786,\"height\":848,\"caption\":\"Source: Meydan Tv\"},{\"@type\":\"BreadcrumbList\",\"@id\":\"https:\\\/\\\/www.meydan.tv\\\/az\\\/article\\\/mekteblerde-barama-yetisdirilir\\\/#breadcrumb\",\"itemListElement\":[{\"@type\":\"ListItem\",\"position\":1,\"name\":\"Ana s\u0259hif\u0259\",\"item\":\"https:\\\/\\\/www.meydan.tv\\\/az\\\/\"},{\"@type\":\"ListItem\",\"position\":2,\"name\":\"Video\",\"item\":\"https:\\\/\\\/www.meydan.tv\\\/az\\\/section\\\/video-2\\\/\"},{\"@type\":\"ListItem\",\"position\":3,\"name\":\"\u201cM\u0259kt\u0259bl\u0259rd\u0259 barama yeti\u015fdirilir\u201d\"}]},{\"@type\":\"WebSite\",\"@id\":\"https:\\\/\\\/www.meydan.tv\\\/az\\\/#website\",\"url\":\"https:\\\/\\\/www.meydan.tv\\\/az\\\/\",\"name\":\"MEYDAN.TV\",\"description\":\"Meydan TV Az\u0259rbaycan\u0131n media m\u0259kan\u0131ndak\u0131 alternativ s\u0259sidir\",\"publisher\":{\"@id\":\"https:\\\/\\\/www.meydan.tv\\\/az\\\/#organization\"},\"potentialAction\":[{\"@type\":\"SearchAction\",\"target\":{\"@type\":\"EntryPoint\",\"urlTemplate\":\"https:\\\/\\\/www.meydan.tv\\\/az\\\/?s={search_term_string}\"},\"query-input\":{\"@type\":\"PropertyValueSpecification\",\"valueRequired\":true,\"valueName\":\"search_term_string\"}}],\"inLanguage\":\"az\"},{\"@type\":\"Organization\",\"@id\":\"https:\\\/\\\/www.meydan.tv\\\/az\\\/#organization\",\"name\":\"Meydan TV\",\"url\":\"https:\\\/\\\/www.meydan.tv\\\/az\\\/\",\"logo\":{\"@type\":\"ImageObject\",\"inLanguage\":\"az\",\"@id\":\"https:\\\/\\\/www.meydan.tv\\\/az\\\/#\\\/schema\\\/logo\\\/image\\\/\",\"url\":\"https:\\\/\\\/www.meydan.tv\\\/wp-content\\\/uploads\\\/2021\\\/07\\\/meydan-logo.svg\",\"contentUrl\":\"https:\\\/\\\/www.meydan.tv\\\/wp-content\\\/uploads\\\/2021\\\/07\\\/meydan-logo.svg\",\"width\":195,\"height\":46,\"caption\":\"Meydan TV\"},\"image\":{\"@id\":\"https:\\\/\\\/www.meydan.tv\\\/az\\\/#\\\/schema\\\/logo\\\/image\\\/\"}},{\"@type\":\"Person\",\"@id\":\"https:\\\/\\\/www.meydan.tv\\\/az\\\/#\\\/schema\\\/person\\\/10d11eccf6da3662cf5fdab9806ea91a\",\"name\":\"user-manager\"}]}<\/script>\n<!-- \/ Yoast SEO plugin. -->","yoast_head_json":{"title":"\u201cM\u0259kt\u0259bl\u0259rd\u0259 barama yeti\u015fdirilir\u201d - MEYDAN.TV","robots":{"index":"index","follow":"follow","max-snippet":"max-snippet:-1","max-image-preview":"max-image-preview:large","max-video-preview":"max-video-preview:-1"},"canonical":"https:\/\/www.meydan.tv\/az\/article\/mekteblerde-barama-yetisdirilir\/","og_locale":"az_AZ","og_type":"article","og_title":"\u201cM\u0259kt\u0259bl\u0259rd\u0259 barama yeti\u015fdirilir\u201d - MEYDAN.TV","og_description":"Sosial \u015f\u0259b\u0259k\u0259l\u0259rd\u0259 videog\u00f6r\u00fcnt\u00fcl\u0259r yay\u0131l\u0131b","og_url":"https:\/\/www.meydan.tv\/az\/article\/mekteblerde-barama-yetisdirilir\/","og_site_name":"MEYDAN.TV","article_published_time":"2021-06-09T15:40:10+00:00","og_image":[{"width":1786,"height":848,"url":"https:\/\/www.meydan.tv\/wp-content\/uploads\/screenshot_2021-06-09_at_15.38.36.png","type":"image\/png"}],"author":"user-manager","twitter_card":"summary_large_image","schema":{"@context":"https:\/\/schema.org","@graph":[{"@type":"Article","@id":"https:\/\/www.meydan.tv\/az\/article\/mekteblerde-barama-yetisdirilir\/#article","isPartOf":{"@id":"https:\/\/www.meydan.tv\/az\/article\/mekteblerde-barama-yetisdirilir\/"},"author":{"name":"user-manager","@id":"https:\/\/www.meydan.tv\/az\/#\/schema\/person\/10d11eccf6da3662cf5fdab9806ea91a"},"headline":"\u201cM\u0259kt\u0259bl\u0259rd\u0259 barama yeti\u015fdirilir\u201d","datePublished":"2021-06-09T15:40:10+00:00","mainEntityOfPage":{"@id":"https:\/\/www.meydan.tv\/az\/article\/mekteblerde-barama-yetisdirilir\/"},"wordCount":752,"publisher":{"@id":"https:\/\/www.meydan.tv\/az\/#organization"},"image":{"@id":"https:\/\/www.meydan.tv\/az\/article\/mekteblerde-barama-yetisdirilir\/#primaryimage"},"thumbnailUrl":"https:\/\/www.meydan.tv\/wp-content\/uploads\/screenshot_2021-06-09_at_15.38.36.png","articleSection":["Video"],"inLanguage":"az"},{"@type":"WebPage","@id":"https:\/\/www.meydan.tv\/az\/article\/mekteblerde-barama-yetisdirilir\/","url":"https:\/\/www.meydan.tv\/az\/article\/mekteblerde-barama-yetisdirilir\/","name":"\u201cM\u0259kt\u0259bl\u0259rd\u0259 barama yeti\u015fdirilir\u201d - MEYDAN.TV","isPartOf":{"@id":"https:\/\/www.meydan.tv\/az\/#website"},"primaryImageOfPage":{"@id":"https:\/\/www.meydan.tv\/az\/article\/mekteblerde-barama-yetisdirilir\/#primaryimage"},"image":{"@id":"https:\/\/www.meydan.tv\/az\/article\/mekteblerde-barama-yetisdirilir\/#primaryimage"},"thumbnailUrl":"https:\/\/www.meydan.tv\/wp-content\/uploads\/screenshot_2021-06-09_at_15.38.36.png","datePublished":"2021-06-09T15:40:10+00:00","breadcrumb":{"@id":"https:\/\/www.meydan.tv\/az\/article\/mekteblerde-barama-yetisdirilir\/#breadcrumb"},"inLanguage":"az","potentialAction":[{"@type":"ReadAction","target":["https:\/\/www.meydan.tv\/az\/article\/mekteblerde-barama-yetisdirilir\/"]}]},{"@type":"ImageObject","inLanguage":"az","@id":"https:\/\/www.meydan.tv\/az\/article\/mekteblerde-barama-yetisdirilir\/#primaryimage","url":"https:\/\/www.meydan.tv\/wp-content\/uploads\/screenshot_2021-06-09_at_15.38.36.png","contentUrl":"https:\/\/www.meydan.tv\/wp-content\/uploads\/screenshot_2021-06-09_at_15.38.36.png","width":1786,"height":848,"caption":"Source: Meydan Tv"},{"@type":"BreadcrumbList","@id":"https:\/\/www.meydan.tv\/az\/article\/mekteblerde-barama-yetisdirilir\/#breadcrumb","itemListElement":[{"@type":"ListItem","position":1,"name":"Ana s\u0259hif\u0259","item":"https:\/\/www.meydan.tv\/az\/"},{"@type":"ListItem","position":2,"name":"Video","item":"https:\/\/www.meydan.tv\/az\/section\/video-2\/"},{"@type":"ListItem","position":3,"name":"\u201cM\u0259kt\u0259bl\u0259rd\u0259 barama yeti\u015fdirilir\u201d"}]},{"@type":"WebSite","@id":"https:\/\/www.meydan.tv\/az\/#website","url":"https:\/\/www.meydan.tv\/az\/","name":"MEYDAN.TV","description":"Meydan TV Az\u0259rbaycan\u0131n media m\u0259kan\u0131ndak\u0131 alternativ s\u0259sidir","publisher":{"@id":"https:\/\/www.meydan.tv\/az\/#organization"},"potentialAction":[{"@type":"SearchAction","target":{"@type":"EntryPoint","urlTemplate":"https:\/\/www.meydan.tv\/az\/?s={search_term_string}"},"query-input":{"@type":"PropertyValueSpecification","valueRequired":true,"valueName":"search_term_string"}}],"inLanguage":"az"},{"@type":"Organization","@id":"https:\/\/www.meydan.tv\/az\/#organization","name":"Meydan TV","url":"https:\/\/www.meydan.tv\/az\/","logo":{"@type":"ImageObject","inLanguage":"az","@id":"https:\/\/www.meydan.tv\/az\/#\/schema\/logo\/image\/","url":"https:\/\/www.meydan.tv\/wp-content\/uploads\/2021\/07\/meydan-logo.svg","contentUrl":"https:\/\/www.meydan.tv\/wp-content\/uploads\/2021\/07\/meydan-logo.svg","width":195,"height":46,"caption":"Meydan TV"},"image":{"@id":"https:\/\/www.meydan.tv\/az\/#\/schema\/logo\/image\/"}},{"@type":"Person","@id":"https:\/\/www.meydan.tv\/az\/#\/schema\/person\/10d11eccf6da3662cf5fdab9806ea91a","name":"user-manager"}]}},"_links":{"self":[{"href":"https:\/\/www.meydan.tv\/az\/wp-json\/wp\/v2\/posts\/206640","targetHints":{"allow":["GET"]}}],"collection":[{"href":"https:\/\/www.meydan.tv\/az\/wp-json\/wp\/v2\/posts"}],"about":[{"href":"https:\/\/www.meydan.tv\/az\/wp-json\/wp\/v2\/types\/post"}],"author":[{"embeddable":true,"href":"https:\/\/www.meydan.tv\/az\/wp-json\/wp\/v2\/users\/11"}],"replies":[{"embeddable":true,"href":"https:\/\/www.meydan.tv\/az\/wp-json\/wp\/v2\/comments?post=206640"}],"version-history":[{"count":0,"href":"https:\/\/www.meydan.tv\/az\/wp-json\/wp\/v2\/posts\/206640\/revisions"}],"wp:featuredmedia":[{"embeddable":true,"href":"https:\/\/www.meydan.tv\/az\/wp-json\/wp\/v2\/media\/161976"}],"wp:attachment":[{"href":"https:\/\/www.meydan.tv\/az\/wp-json\/wp\/v2\/media?parent=206640"}],"wp:term":[{"taxonomy":"category","embeddable":true,"href":"https:\/\/www.meydan.tv\/az\/wp-json\/wp\/v2\/categories?post=206640"},{"taxonomy":"post_tag","embeddable":true,"href":"https:\/\/www.meydan.tv\/az\/wp-json\/wp\/v2\/tags?post=206640"}],"curies":[{"name":"wp","href":"https:\/\/api.w.org\/{rel}","templated":true}]}}