{"id":206634,"date":"2021-06-09T13:33:35","date_gmt":"2021-06-09T13:33:35","guid":{"rendered":"https:\/\/www.meydan.tv\/article\/erdogan-susaya-ailevi-gederek-hem-resmi-gorusler-hem-de-muxtelif-ziyaretler-gerceklesdireceyik\/"},"modified":"2021-06-09T13:33:35","modified_gmt":"2021-06-09T13:33:35","slug":"erdogan-susaya-ailevi-gederek-hem-resmi-gorusler-hem-de-muxtelif-ziyaretler-gerceklesdireceyik","status":"publish","type":"post","link":"https:\/\/www.meydan.tv\/az\/article\/erdogan-susaya-ailevi-gederek-hem-resmi-gorusler-hem-de-muxtelif-ziyaretler-gerceklesdireceyik\/","title":{"rendered":"\u018frdo\u011fan: \u015eu\u015faya ail\u0259vi ged\u0259r\u0259k, h\u0259m r\u0259smi g\u00f6r\u00fc\u015fl\u0259r, h\u0259m d\u0259 m\u00fcxt\u0259lif ziyar\u0259tl\u0259r gerc\u0259kl\u0259\u015fdir\u0259c\u0259yik"},"content":{"rendered":"<p>\n  <i><br \/>\n    T\u00fcrkiy\u0259 prezidenti Az\u0259rbaycana g\u0259l\u0259c\u0259k<br \/>\n  <\/i>\n<\/p>\n<p>\n  T\u00fcrkiy\u0259 prezidenti R\u0259c\u0259b Tayyib \u018frdo\u011fan \u015eu\u015faya ged\u0259c\u0259k.\n<\/p>\n<p>\n  Bu bar\u0259d\u0259 T\u00fcrkiy\u0259 d\u00f6vl\u0259t ba\u015f\u00e7\u0131s\u0131 iyunun 9-da \u018fdal\u0259t v\u0259 \u0130nki\u015faf Partiyas\u0131n\u0131n parlament qrup toplant\u0131s\u0131nda<br \/>\n  <a href=\"https:\/\/www.youtube.com\/watch?v=9VSB7azJEg8&amp;t=1s\"><br \/>\n    dan\u0131\u015f\u0131b<br \/>\n  <\/a><br \/>\n  .\n<\/p>\n<p>\n  O bildirib ki, Br\u00fcsseld\u0259ki proqram\u0131 ba\u015fa \u00e7atandan sonra Bak\u0131da \u0130lham \u018fliyevin qona\u011f\u0131 olacaq:\n<\/p>\n<p>\n  &quot;Oradan \u015eu\u015faya ged\u0259c\u0259yik. \u0130\u015f\u011faldan azad edil\u0259n \u0259razil\u0259rd\u0259n biri olan \u015eu\u015faya ail\u0259vi ged\u0259r\u0259k, h\u0259m r\u0259smi g\u00f6r\u00fc\u015fl\u0259r, h\u0259m d\u0259 m\u00fcxt\u0259lif ziyar\u0259tl\u0259r gerc\u0259kl\u0259\u015fdir\u0259c\u0259yik. Dost v\u0259 qarda\u015f Az\u0259rbaycan\u0131n i\u015f\u011fal alt\u0131nda olan torpaqlar\u0131n\u0131n \u00f6lk\u0259mizin d\u0259st\u0259yi il\u0259 azad edilm\u0259si Erm\u0259nistan ba\u015fda olmaqla b\u00f6lg\u0259d\u0259ki b\u00fct\u00fcn t\u0259r\u0259fl\u0259r\u0259 yeni d\u00f6n\u0259min qap\u0131lar\u0131n\u0131n a\u00e7\u0131lmas\u0131 f\u00fcrs\u0259tidir. T\u00fcrkiy\u0259 olaraq qar\u015f\u0131dak\u0131 zamanlarda dan\u0131\u015f\u0131qlar\u0131 davam etdirm\u0259yi d\u00fc\u015f\u00fcn\u00fcr\u00fck. \u0130yunun 16-da Bak\u0131da h\u0259rb\u00e7il\u0259rimizl\u0259 g\u00f6r\u00fc\u015f\u0259c\u0259yik\u201d.\n<\/p>\n<p>\n  1992-ci ild\u0259 i\u015f\u011fal olunan \u015eu\u015fa \u015f\u0259h\u0259ri \u00f6t\u0259n ilin noyabr\u0131n 8-d\u0259 i\u015f\u011faldan azad edilib.\n<\/p>\n<p>\n  Bu il may\u0131n 7-d\u0259 d\u00f6vl\u0259t ba\u015f\u00e7\u0131s\u0131 \u0130lham \u018fliyevin s\u0259r\u0259ncam\u0131 il\u0259 \u015eu\u015fa \u015f\u0259h\u0259ri Az\u0259rbaycan\u0131n m\u0259d\u0259niyy\u0259t paytaxt\u0131 elan<br \/>\n  <a href=\"https:\/\/www.meydan.tv\/az\/article\/susa-azerbaycanin-medeniyyet-paytaxti-elan-edildi\/?ref=search\"><br \/>\n    olunub<br \/>\n  <\/a><br \/>\n  .<\/p>\n","protected":false},"excerpt":{"rendered":"<p>&#8220;\u0130yunun 16-da Bak\u0131da h\u0259r\u00e7il\u0259rimizl\u0259 g\u00f6r\u00fc\u015f\u0259c\u0259yik\u201d.<\/p>\n","protected":false},"author":11,"featured_media":161958,"comment_status":"closed","ping_status":"open","sticky":false,"template":"","format":"standard","meta":{"_acf_changed":false,"_sitemap_exclude":false,"_sitemap_priority":"","_sitemap_frequency":"","footnotes":""},"categories":[59],"tags":[],"class_list":["post-206634","post","type-post","status-publish","format-standard","has-post-thumbnail","hentry","category-siyaset","infinite-scroll-item","generate-columns","tablet-grid-50","mobile-grid-100","grid-parent","grid-33","no-featured-image-padding"],"acf":[],"yoast_head":"<!-- This site is optimized with the Yoast SEO plugin v28.4 - https:\/\/yoast.com\/product\/yoast-seo-wordpress\/ -->\n<title>\u018frdo\u011fan: \u015eu\u015faya ail\u0259vi ged\u0259r\u0259k, h\u0259m r\u0259smi g\u00f6r\u00fc\u015fl\u0259r, h\u0259m d\u0259 m\u00fcxt\u0259lif ziyar\u0259tl\u0259r gerc\u0259kl\u0259\u015fdir\u0259c\u0259yik - MEYDAN.TV<\/title>\n<meta name=\"robots\" content=\"index, follow, max-snippet:-1, max-image-preview:large, max-video-preview:-1\" \/>\n<link rel=\"canonical\" href=\"https:\/\/www.meydan.tv\/az\/article\/erdogan-susaya-ailevi-gederek-hem-resmi-gorusler-hem-de-muxtelif-ziyaretler-gerceklesdireceyik\/\" \/>\n<meta property=\"og:locale\" content=\"az_AZ\" \/>\n<meta property=\"og:type\" content=\"article\" \/>\n<meta property=\"og:title\" content=\"\u018frdo\u011fan: \u015eu\u015faya ail\u0259vi ged\u0259r\u0259k, h\u0259m r\u0259smi g\u00f6r\u00fc\u015fl\u0259r, h\u0259m d\u0259 m\u00fcxt\u0259lif ziyar\u0259tl\u0259r gerc\u0259kl\u0259\u015fdir\u0259c\u0259yik - MEYDAN.TV\" \/>\n<meta property=\"og:description\" content=\"&quot;\u0130yunun 16-da Bak\u0131da h\u0259r\u00e7il\u0259rimizl\u0259 g\u00f6r\u00fc\u015f\u0259c\u0259yik\u201d.\" \/>\n<meta property=\"og:url\" content=\"https:\/\/www.meydan.tv\/az\/article\/erdogan-susaya-ailevi-gederek-hem-resmi-gorusler-hem-de-muxtelif-ziyaretler-gerceklesdireceyik\/\" \/>\n<meta property=\"og:site_name\" content=\"MEYDAN.TV\" \/>\n<meta property=\"article:published_time\" content=\"2021-06-09T13:33:35+00:00\" \/>\n<meta property=\"og:image\" content=\"https:\/\/www.meydan.tv\/wp-content\/uploads\/60c08b714e3fe108b02ea657.jpg\" \/>\n\t<meta property=\"og:image:width\" content=\"770\" \/>\n\t<meta property=\"og:image:height\" content=\"536\" \/>\n\t<meta property=\"og:image:type\" content=\"image\/jpeg\" \/>\n<meta name=\"twitter:card\" content=\"summary_large_image\" \/>\n<!-- \/ Yoast SEO plugin. -->","yoast_head_json":{"title":"\u018frdo\u011fan: \u015eu\u015faya ail\u0259vi ged\u0259r\u0259k, h\u0259m r\u0259smi g\u00f6r\u00fc\u015fl\u0259r, h\u0259m d\u0259 m\u00fcxt\u0259lif ziyar\u0259tl\u0259r gerc\u0259kl\u0259\u015fdir\u0259c\u0259yik - MEYDAN.TV","robots":{"index":"index","follow":"follow","max-snippet":"max-snippet:-1","max-image-preview":"max-image-preview:large","max-video-preview":"max-video-preview:-1"},"canonical":"https:\/\/www.meydan.tv\/az\/article\/erdogan-susaya-ailevi-gederek-hem-resmi-gorusler-hem-de-muxtelif-ziyaretler-gerceklesdireceyik\/","og_locale":"az_AZ","og_type":"article","og_title":"\u018frdo\u011fan: \u015eu\u015faya ail\u0259vi ged\u0259r\u0259k, h\u0259m r\u0259smi g\u00f6r\u00fc\u015fl\u0259r, h\u0259m d\u0259 m\u00fcxt\u0259lif ziyar\u0259tl\u0259r gerc\u0259kl\u0259\u015fdir\u0259c\u0259yik - MEYDAN.TV","og_description":"\"\u0130yunun 16-da Bak\u0131da h\u0259r\u00e7il\u0259rimizl\u0259 g\u00f6r\u00fc\u015f\u0259c\u0259yik\u201d.","og_url":"https:\/\/www.meydan.tv\/az\/article\/erdogan-susaya-ailevi-gederek-hem-resmi-gorusler-hem-de-muxtelif-ziyaretler-gerceklesdireceyik\/","og_site_name":"MEYDAN.TV","article_published_time":"2021-06-09T13:33:35+00:00","og_image":[{"width":770,"height":536,"url":"https:\/\/www.meydan.tv\/wp-content\/uploads\/60c08b714e3fe108b02ea657.jpg","type":"image\/jpeg"}],"twitter_card":"summary_large_image","schema":{"@context":"https:\/\/schema.org","@graph":[{"@type":"Article","@id":"https:\/\/www.meydan.tv\/az\/article\/erdogan-susaya-ailevi-gederek-hem-resmi-gorusler-hem-de-muxtelif-ziyaretler-gerceklesdireceyik\/#article","isPartOf":{"@id":"https:\/\/www.meydan.tv\/az\/article\/erdogan-susaya-ailevi-gederek-hem-resmi-gorusler-hem-de-muxtelif-ziyaretler-gerceklesdireceyik\/"},"author":{"name":"user-manager","@id":"https:\/\/www.meydan.tv\/az\/#\/schema\/person\/10d11eccf6da3662cf5fdab9806ea91a"},"headline":"\u018frdo\u011fan: \u015eu\u015faya ail\u0259vi ged\u0259r\u0259k, h\u0259m r\u0259smi g\u00f6r\u00fc\u015fl\u0259r, h\u0259m d\u0259 m\u00fcxt\u0259lif ziyar\u0259tl\u0259r gerc\u0259kl\u0259\u015fdir\u0259c\u0259yik","datePublished":"2021-06-09T13:33:35+00:00","mainEntityOfPage":{"@id":"https:\/\/www.meydan.tv\/az\/article\/erdogan-susaya-ailevi-gederek-hem-resmi-gorusler-hem-de-muxtelif-ziyaretler-gerceklesdireceyik\/"},"wordCount":271,"publisher":{"@id":"https:\/\/www.meydan.tv\/az\/#organization"},"image":{"@id":"https:\/\/www.meydan.tv\/az\/article\/erdogan-susaya-ailevi-gederek-hem-resmi-gorusler-hem-de-muxtelif-ziyaretler-gerceklesdireceyik\/#primaryimage"},"thumbnailUrl":"https:\/\/www.meydan.tv\/wp-content\/uploads\/60c08b714e3fe108b02ea657.jpg","articleSection":["Siyas\u0259t"],"inLanguage":"az"},{"@type":"WebPage","@id":"https:\/\/www.meydan.tv\/az\/article\/erdogan-susaya-ailevi-gederek-hem-resmi-gorusler-hem-de-muxtelif-ziyaretler-gerceklesdireceyik\/","url":"https:\/\/www.meydan.tv\/az\/article\/erdogan-susaya-ailevi-gederek-hem-resmi-gorusler-hem-de-muxtelif-ziyaretler-gerceklesdireceyik\/","name":"\u018frdo\u011fan: \u015eu\u015faya ail\u0259vi ged\u0259r\u0259k, h\u0259m r\u0259smi g\u00f6r\u00fc\u015fl\u0259r, h\u0259m d\u0259 m\u00fcxt\u0259lif ziyar\u0259tl\u0259r gerc\u0259kl\u0259\u015fdir\u0259c\u0259yik - MEYDAN.TV","isPartOf":{"@id":"https:\/\/www.meydan.tv\/az\/#website"},"primaryImageOfPage":{"@id":"https:\/\/www.meydan.tv\/az\/article\/erdogan-susaya-ailevi-gederek-hem-resmi-gorusler-hem-de-muxtelif-ziyaretler-gerceklesdireceyik\/#primaryimage"},"image":{"@id":"https:\/\/www.meydan.tv\/az\/article\/erdogan-susaya-ailevi-gederek-hem-resmi-gorusler-hem-de-muxtelif-ziyaretler-gerceklesdireceyik\/#primaryimage"},"thumbnailUrl":"https:\/\/www.meydan.tv\/wp-content\/uploads\/60c08b714e3fe108b02ea657.jpg","datePublished":"2021-06-09T13:33:35+00:00","breadcrumb":{"@id":"https:\/\/www.meydan.tv\/az\/article\/erdogan-susaya-ailevi-gederek-hem-resmi-gorusler-hem-de-muxtelif-ziyaretler-gerceklesdireceyik\/#breadcrumb"},"inLanguage":"az","potentialAction":[{"@type":"ReadAction","target":["https:\/\/www.meydan.tv\/az\/article\/erdogan-susaya-ailevi-gederek-hem-resmi-gorusler-hem-de-muxtelif-ziyaretler-gerceklesdireceyik\/"]}]},{"@type":"ImageObject","inLanguage":"az","@id":"https:\/\/www.meydan.tv\/az\/article\/erdogan-susaya-ailevi-gederek-hem-resmi-gorusler-hem-de-muxtelif-ziyaretler-gerceklesdireceyik\/#primaryimage","url":"https:\/\/www.meydan.tv\/wp-content\/uploads\/60c08b714e3fe108b02ea657.jpg","contentUrl":"https:\/\/www.meydan.tv\/wp-content\/uploads\/60c08b714e3fe108b02ea657.jpg","width":770,"height":536,"caption":"Source: Specify Source"},{"@type":"BreadcrumbList","@id":"https:\/\/www.meydan.tv\/az\/article\/erdogan-susaya-ailevi-gederek-hem-resmi-gorusler-hem-de-muxtelif-ziyaretler-gerceklesdireceyik\/#breadcrumb","itemListElement":[{"@type":"ListItem","position":1,"name":"Ana s\u0259hif\u0259","item":"https:\/\/www.meydan.tv\/az\/"},{"@type":"ListItem","position":2,"name":"Siyas\u0259t","item":"https:\/\/www.meydan.tv\/az\/section\/siyaset\/"},{"@type":"ListItem","position":3,"name":"\u018frdo\u011fan: \u015eu\u015faya ail\u0259vi ged\u0259r\u0259k, h\u0259m r\u0259smi g\u00f6r\u00fc\u015fl\u0259r, h\u0259m d\u0259 m\u00fcxt\u0259lif ziyar\u0259tl\u0259r gerc\u0259kl\u0259\u015fdir\u0259c\u0259yik"}]},{"@type":"WebSite","@id":"https:\/\/www.meydan.tv\/az\/#website","url":"https:\/\/www.meydan.tv\/az\/","name":"MEYDAN.TV","description":"Meydan TV Az\u0259rbaycan\u0131n media m\u0259kan\u0131ndak\u0131 alternativ s\u0259sidir","publisher":{"@id":"https:\/\/www.meydan.tv\/az\/#organization"},"potentialAction":[{"@type":"SearchAction","target":{"@type":"EntryPoint","urlTemplate":"https:\/\/www.meydan.tv\/az\/?s={search_term_string}"},"query-input":{"@type":"PropertyValueSpecification","valueRequired":true,"valueName":"search_term_string"}}],"inLanguage":"az"},{"@type":"Organization","@id":"https:\/\/www.meydan.tv\/az\/#organization","name":"Meydan TV","url":"https:\/\/www.meydan.tv\/az\/","logo":{"@type":"ImageObject","inLanguage":"az","@id":"https:\/\/www.meydan.tv\/az\/#\/schema\/logo\/image\/","url":"https:\/\/www.meydan.tv\/wp-content\/uploads\/2021\/07\/meydan-logo.svg","contentUrl":"https:\/\/www.meydan.tv\/wp-content\/uploads\/2021\/07\/meydan-logo.svg","width":195,"height":46,"caption":"Meydan TV"},"image":{"@id":"https:\/\/www.meydan.tv\/az\/#\/schema\/logo\/image\/"}},{"@type":"Person","@id":"https:\/\/www.meydan.tv\/az\/#\/schema\/person\/10d11eccf6da3662cf5fdab9806ea91a","name":"user-manager"}]}},"_links":{"self":[{"href":"https:\/\/www.meydan.tv\/az\/wp-json\/wp\/v2\/posts\/206634","targetHints":{"allow":["GET"]}}],"collection":[{"href":"https:\/\/www.meydan.tv\/az\/wp-json\/wp\/v2\/posts"}],"about":[{"href":"https:\/\/www.meydan.tv\/az\/wp-json\/wp\/v2\/types\/post"}],"author":[{"embeddable":true,"href":"https:\/\/www.meydan.tv\/az\/wp-json\/wp\/v2\/users\/11"}],"replies":[{"embeddable":true,"href":"https:\/\/www.meydan.tv\/az\/wp-json\/wp\/v2\/comments?post=206634"}],"version-history":[{"count":0,"href":"https:\/\/www.meydan.tv\/az\/wp-json\/wp\/v2\/posts\/206634\/revisions"}],"wp:featuredmedia":[{"embeddable":true,"href":"https:\/\/www.meydan.tv\/az\/wp-json\/wp\/v2\/media\/161958"}],"wp:attachment":[{"href":"https:\/\/www.meydan.tv\/az\/wp-json\/wp\/v2\/media?parent=206634"}],"wp:term":[{"taxonomy":"category","embeddable":true,"href":"https:\/\/www.meydan.tv\/az\/wp-json\/wp\/v2\/categories?post=206634"},{"taxonomy":"post_tag","embeddable":true,"href":"https:\/\/www.meydan.tv\/az\/wp-json\/wp\/v2\/tags?post=206634"}],"curies":[{"name":"wp","href":"https:\/\/api.w.org\/{rel}","templated":true}]}}