{"id":206631,"date":"2021-06-09T10:03:46","date_gmt":"2021-06-09T10:03:46","guid":{"rendered":"https:\/\/www.meydan.tv\/article\/bayden-versus-putin-dunyanin-yeni-sahmat-taxtasinda-debut\/"},"modified":"2021-06-09T10:03:46","modified_gmt":"2021-06-09T10:03:46","slug":"bayden-versus-putin-dunyanin-yeni-sahmat-taxtasinda-debut","status":"publish","type":"post","link":"https:\/\/www.meydan.tv\/az\/article\/bayden-versus-putin-dunyanin-yeni-sahmat-taxtasinda-debut\/","title":{"rendered":"Bayden versus Putin: d\u00fcnyan\u0131n yeni \u015fahmat taxtas\u0131nda deb\u00fct"},"content":{"rendered":"<p>\n  <b><br \/>\n    Baydenin qar\u015f\u0131l\u0131ql\u0131 t\u0259klifi Amerika-Rusiya m\u00fcnasib\u0259tl\u0259rind\u0259 g\u0259rginliyin artmas\u0131 fonunda g\u00f6zl\u0259nilm\u0259z v\u0259 sensasion olub<br \/>\n  <\/b>\n<\/p>\n<p>\n  <b><br \/>\n    \u018fli Abasov, \u201cTuran\u201d<br \/>\n  <\/b>\n<\/p>\n<p>\n  Qeyd: AB\u015e v\u0259 Rusiya prezidentl\u0259rinin g\u00f6r\u00fc\u015f\u00fc B\u00f6y\u00fck Britaniyada B\u00f6y\u00fck Yeddilik \u00f6lk\u0259l\u0259rinin toplant\u0131s\u0131ndan, NATO \u00fczv\u00fc olan d\u00f6vl\u0259tl\u0259rin liderl\u0259rinin m\u0259sl\u0259h\u0259tl\u0259\u015fm\u0259l\u0259rind\u0259n v\u0259 Br\u00fcsseld\u0259 Avropa \u0130ttifaq\u0131-AB\u015e sammitind\u0259n sonra ba\u015f tutacaq. B\u00fct\u00fcn bu t\u0259dbirl\u0259r Co Baydenin i\u015ftirak\u0131 il\u0259 ke\u00e7iril\u0259c\u0259k. Bel\u0259 g\u00f6r\u00fcn\u00fcr ki, Bayden Putinl\u0259 dan\u0131\u015f\u0131qlar\u0131n\u0131n yekun g\u00fcnd\u0259liyini t\u0259rtib etm\u0259k \u00fc\u00e7\u00fcn imkanlar\u0131ndan istifad\u0259 ed\u0259c\u0259k. AB\u015e v\u0259 Rusiya prezidentl\u0259rinin iyunun 16-da Cenevr\u0259d\u0259 ke\u00e7irilm\u0259si n\u0259z\u0259rd\u0259 tutulan ilk g\u00f6r\u00fc\u015f\u00fc art\u0131q Amerika-Rusiya m\u00fcnasib\u0259tl\u0259rinin tarixind\u0259 \u0259n qeyri-adi sammit adland\u0131r\u0131l\u0131b. D\u00fcnya analitikas\u0131 AB\u015e v\u0259 Rusiya Federasiyas\u0131 xarici siyas\u0259t doktrinalar\u0131n\u0131n qar\u015f\u0131dak\u0131 g\u00f6r\u00fc\u015f\u00fcnd\u0259 qeyri-adi n\u0259 g\u00f6r\u00fcr? Qar\u015f\u0131dak\u0131 sammitin n\u0259tic\u0259l\u0259ri Yalta sazi\u015fi il\u0259 da\u011f\u0131d\u0131lm\u0131\u015f analoji yeni d\u00fcnya d\u00fcz\u0259ninin konturlar\u0131n\u0131 \u00e7iz\u0259 bil\u0259rmi? &quot;S\u0259hh\u0259ti pis olan ya\u015fl\u0131 adam\u201d il\u0259 &quot;qatil&quot;in qar\u015f\u0131dak\u0131 g\u00f6r\u00fc\u015f\u00fcn\u00fcn n\u0259tic\u0259sind\u0259 kim v\u0259 niy\u0259 qalib g\u0259l\u0259 v\u0259 ya uduza bil\u0259r?\n<\/p>\n<p>\n  H\u0259l\u0259lik g\u00f6r\u00fc\u015f\u00fcn g\u00fcnd\u0259liyi K\u0130V v\u0259 siyas\u0259t d\u00fcnyas\u0131n\u0131n n\u00fcmay\u0259nd\u0259l\u0259rinin m\u00fcxt\u0259lif proqnozlar\u0131ndan ibar\u0259tdir: Ukraynan\u0131n \u015f\u0259rq s\u0259rh\u0259ddind\u0259 Rusiyan\u0131n h\u0259rbi m\u00f6vcudlu\u011funun geni\u015fl\u0259ndirilm\u0259si, Kr\u0131m\u0131n anneksiyas\u0131, 2016-c\u0131 ild\u0259 AB\u015e-da prezident kampaniyas\u0131na m\u00fcdaxil\u0259, \u201cSolarWindss\u201d \u015firk\u0259tin\u0259 kiberh\u00fccum, insan h\u00fcquqlar\u0131 v\u0259 Aleksey Navaln\u0131 il\u0259 ba\u011fl\u0131 v\u0259ziyy\u0259t, \u201cRyanair\u201d t\u0259yyar\u0259sinin m\u0259cburi eni\u015fi v\u0259 belaruslu dissident Roman Protasevi\u00e7in h\u0259bsi, \u018ffqan\u0131standa Amerika h\u0259rbi qulluq\u00e7ular\u0131n\u0131n \u00f6l\u00fcm\u00fcn\u0259 Rusiyan\u0131n m\u00fcmk\u00fcn aidiyyat\u0131, Suriya m\u00fcnaqi\u015f\u0259sind\u0259 Rusiyan\u0131n rolu, F\u0259l\u0259stin-\u0130srail m\u00fcnaqi\u015f\u0259sinin h\u0259llinin axtar\u0131\u015f\u0131 \u00e7\u0259r\u00e7iv\u0259sind\u0259 Rusiyan\u0131n rolunun ayd\u0131nla\u015fd\u0131r\u0131lmas\u0131. \u0130qlim d\u0259yi\u015fikliyil\u0259 ba\u011fl\u0131 hans\u0131sa raz\u0131la\u015fma daha \u00e7ox ehtimal olunur.\n<\/p>\n<p>\n  Bu g\u00fcnl\u0259rd\u0259 AB\u015e D\u00f6vl\u0259t Departamentinin n\u00fcmay\u0259nd\u0259l\u0259ri C\u0259nubi Qafqaz \u00f6lk\u0259l\u0259rin\u0259 s\u0259f\u0259r etm\u0259lidirl\u0259r, bu s\u0259f\u0259rl\u0259r zaman\u0131 \u015f\u00fcbh\u0259siz ki, m\u00fcnaqi\u015f\u0259 problemi v\u0259 onlar\u0131n aradan qald\u0131r\u0131lmas\u0131 yollar\u0131 m\u00fczakir\u0259 olunacaq. Bu, ilk n\u00f6vb\u0259d\u0259, tamamil\u0259 Q\u0259rbin n\u0259zar\u0259tind\u0259n \u00e7\u0131xm\u0131\u015f Da\u011fl\u0131q Qaraba\u011f m\u00fcnaqi\u015f\u0259sin\u0259 aiddir. Ukrayna, Moldova v\u0259 G\u00fcrc\u00fcstan\u0131n AB\u015e \u00fc\u00e7\u00fcn m\u00f6vqel\u0259ri tamamil\u0259 \u015f\u0259ffafd\u0131r. May ay\u0131nda Reykyavikd\u0259 d\u00f6vl\u0259t katibi Blinkenin xarici i\u015fl\u0259r naziri Lavrovla, milli t\u0259hl\u00fck\u0259sizlik \u00fczr\u0259 m\u0259sl\u0259h\u0259t\u00e7i Sallivenin is\u0259 T\u0259hl\u00fck\u0259sizlik \u015euras\u0131n\u0131n katibi Patru\u015fevl\u0259 g\u00f6r\u00fc\u015fl\u0259ri olub. Bir s\u00f6zl\u0259, Amerika diplomatiyas\u0131 qar\u015f\u0131dak\u0131 g\u00f6r\u00fc\u015fd\u0259n \u00f6nc\u0259 pis i\u015fl\u0259m\u0259yib.\n<\/p>\n<p>\n  Xat\u0131rlad\u0131\u011f\u0131m\u0131z kimi, Baydenin q\u0259r\u0259zsiz xarakteristikas\u0131ndan sonra \u015f\u0259xsi g\u00f6r\u00fc\u015f t\u0259klifi ilk d\u0259f\u0259 Putin t\u0259r\u0259find\u0259n s\u0259sl\u0259ndirilib, lakin m\u0259h\u0259l qoyulmay\u0131b. Buna g\u00f6r\u0259 d\u0259 Baydenin qar\u015f\u0131l\u0131ql\u0131 t\u0259klifi Amerika-Rusiya m\u00fcnasib\u0259tl\u0259rind\u0259 g\u0259rginliyin artmas\u0131 fonunda g\u00f6zl\u0259nilm\u0259z v\u0259 sensasion olub. Bel\u0259 \u015f\u0259raitd\u0259 Putin dan\u0131\u015f\u0131qlar t\u0259klifini, \u0259lb\u0259tt\u0259 ki, siyasi z\u0259ifliyin \u0259lam\u0259ti kimi q\u0259bul ed\u0259c\u0259k.\n<\/p>\n<p>\n  AB\u015e K\u0130V v\u0259 siyas\u0259t\u00e7il\u0259ri g\u00f6r\u00fc\u015f\u0259 skeptik yana\u015f\u0131rlar v\u0259 g\u00fcman edirl\u0259r ki, Putin\u0259 t\u0259sir etm\u0259k \u00fc\u00e7\u00fcn yegan\u0259 al\u0259t personal sanksiyalar t\u0259hl\u00fck\u0259sidir, dig\u0259r qalan \u015fey yaln\u0131z d\u00fcnya v\u0259 rusiyal\u0131lar\u0131n g\u00f6z\u00fcnd\u0259 Putinin statusunu m\u00f6hk\u0259ml\u0259ndirir. Qeyd olunur ki, Rusiyan\u0131n beyn\u0259lxalq sabitlikl\u0259 ba\u011fl\u0131 probleml\u0259rin dem\u0259k olar ki, h\u0259r hans\u0131 birin\u0259 yana\u015fmas\u0131 \u0259sas\u0259n neqativ v\u0259 da\u011f\u0131d\u0131c\u0131 olur. T\u0259sad\u00fcfi deyil ki, Bayden administrasiyas\u0131n\u0131n Moskva il\u0259 m\u00fcnasib\u0259tl\u0259r\u0259 yana\u015fmas\u0131 il\u0259 ba\u011fl\u0131 Konqresd\u0259 h\u0259r iki partiyan\u0131n n\u00fcmay\u0259nd\u0259l\u0259rinin narahatl\u0131\u011f\u0131 art\u0131r. M\u0259tbuat\u0131n m\u0259lumat\u0131na g\u00f6r\u0259, qanunverici orqanlarda demokratlar\u0131n 75 faizi Rusiya il\u0259 g\u00f6zl\u0259nil\u0259n yax\u0131nla\u015fmadan o q\u0259d\u0259r raz\u0131 deyil, respublika\u00e7\u0131lar\u0131n 95% is\u0259 \u00fcmumiyy\u0259tl\u0259, bel\u0259 bir add\u0131m\u0131n \u0259leyhin\u0259dir.\n<\/p>\n<p>\n  AB\u015e analitikl\u0259ri g\u00f6r\u00fc\u015fl\u0259 ba\u011fl\u0131 iki versiya ir\u0259li s\u00fcr\u00fcrl\u0259r: Bayden administrasiyas\u0131n\u0131n h\u0259yata ke\u00e7irdiyi b\u00f6y\u00fck f\u0259aliyy\u0259t plan\u0131n\u0131n \u0259sasland\u0131\u011f\u0131 strateji plan v\u0259 bu plan\u0131n bir hiss\u0259si olan Rusiya il\u0259 m\u00fcnasib\u0259tl\u0259rin sabitl\u0259\u015fm\u0259si; taktiki \u2013 Bayden g\u00f6r\u00fc\u015f bar\u0259d\u0259 q\u0259rar\u0131 ona g\u00f6r\u0259 q\u0259bul edib ki, Trampdan f\u0259rqli olaraq, \u00f6lk\u0259nin sabitliyini v\u0259 t\u0259hl\u00fck\u0259sizliyini t\u0259min ed\u0259 bil\u0259c\u0259k etibarl\u0131 \u015f\u0259xs oldu\u011funu g\u00f6st\u0259rsin. Bundan \u0259lav\u0259, yada salmaq laz\u0131md\u0131r ki, bir m\u00fcdd\u0259t \u00f6nc\u0259 Amerikan\u0131n n\u00fcfuzlu analitikl\u0259ri v\u0259 \u015f\u0259rh\u00e7il\u0259ri a\u00e7\u0131q m\u0259ktub yazaraq Kremli dialoqa \u00e7a\u011f\u0131rm\u0131\u015fd\u0131lar.\n<\/p>\n<p>\n  Bununla yana\u015f\u0131, bel\u0259 bir fikir d\u0259 var ki, Baydenin Rusiya il\u0259 ba\u011fl\u0131 h\u0259r hans\u0131 strateji plan\u0131 yoxdur. Odur ki, bel\u0259 bir narahatl\u0131q var ki, haz\u0131rda yaranm\u0131\u015f asan olmayan v\u0259ziyy\u0259td\u0259 Bayden AB\u015e-\u0131n g\u0259rginliyin yat\u0131r\u0131lmas\u0131nda maraql\u0131 oldu\u011funu g\u00f6st\u0259rm\u0259k m\u0259qs\u0259dil\u0259 Obaman\u0131n &quot;yenid\u0259n y\u00fckl\u0259nm\u0259 siyas\u0259ti&quot; kimi bir \u015feyl\u0259r axtaracaq. Qar\u015f\u0131dak\u0131 g\u00f6r\u00fc\u015f\u00fcn \u0259sas t\u0259hl\u00fck\u0259si d\u0259 m\u0259hz bundan ibar\u0259tdir. Rusiya il\u0259 yax\u0131nla\u015fman\u0131n \u0259leyhdarlar\u0131 hesab edirl\u0259r ki, &quot;amerikal\u0131lar \u00f6z d\u00fc\u015f\u00fcnc\u0259l\u0259rini insan\u0131 imkanl\u0131lar\u0131n hakimiyy\u0259tinin layih\u0259l\u0259rin\u0259 x\u0259rcl\u0259m\u0259k \u00fc\u00e7\u00fcn material hesab ed\u0259n d\u00f6vl\u0259ti t\u0259msil ed\u0259n adamlara uy\u011funla\u015fd\u0131ra bilmirl\u0259r. Onlar Rusiyan\u0131n siyasi sistemind\u0259 sinizmin s\u0259viyy\u0259sini anlaya bilmirl\u0259r.\n<\/p>\n<p>\n  &quot;The American Spectator&quot; jurnal\u0131n\u0131n \u015f\u0259rh\u00e7isi Ced Babbin (AB\u015e m\u00fcdafi\u0259 nazirinin ke\u00e7mi\u015f m\u00fcavini) &quot;etiraz&quot;\u00e7\u0131 fikri \u00fcmumil\u0259\u015fdirir: \u201c\u018fg\u0259r Rusiya v\u0259 AB\u015e prezidentl\u0259rinin Cenevr\u0259d\u0259 ke\u00e7iril\u0259c\u0259k qar\u015f\u0131dak\u0131 sammitind\u0259 m\u0259qs\u0259d iki \u00f6lk\u0259 aras\u0131nda &quot;proqnozla\u015fd\u0131rma imkanlar\u0131n\u0131n v\u0259 sabitliyin&quot; b\u0259rpas\u0131ndan ibar\u0259tdirs\u0259, bunun he\u00e7 bir m\u0259nas\u0131 yoxdur. Moskva Va\u015finqtondan ala bil\u0259c\u0259yi h\u0259r \u015feyi al\u0131r v\u0259 buna g\u00f6r\u0259 ona he\u00e7 n\u0259 olmayacaq. Eyni \u015feyi Cenevr\u0259d\u0259 ke\u00e7iril\u0259c\u0259k g\u00f6r\u00fc\u015fd\u0259n d\u0259 g\u00f6zl\u0259m\u0259k olar. \u018fg\u0259r Cenevr\u0259 dan\u0131\u015f\u0131qlar\u0131 hans\u0131sa \u0259h\u0259miyy\u0259tli n\u0259tic\u0259l\u0259r\u0259 g\u0259tirib \u00e7\u0131xararsa, bu, t\u0259\u0259cc\u00fcbl\u00fc olar. Putin yenid\u0259n \u00f6z\u00fcn\u00fc beyn\u0259lxalq arenada \u0259v\u0259zolunmaz oyun\u00e7u kimi g\u00f6st\u0259rm\u0259k \u00fc\u00e7\u00fcn sammitin verdiyi imkan\u0131 \u0259ld\u0259n buraxmayacaq&quot;.\n<\/p>\n<p>\n  \u00c7in kimi qlobal amilin oldu\u011fu \u015f\u0259raitd\u0259 m\u00fcasir d\u00fcnyadak\u0131 v\u0259ziyy\u0259t\u0259 ancaq Amerika-Rusiya m\u00fcnasib\u0259tl\u0259ri kontekstind\u0259 baxmaq siyasi c\u0259h\u0259td\u0259n uzaqg\u00f6rm\u0259y\u0259n olard\u0131. Bax, buna g\u00f6r\u0259 m\u00f6vqe m\u00f6hk\u0259ml\u0259nir v\u0259 bu m\u00f6vqey\u0259 \u0259sas\u0259n qar\u015f\u0131dak\u0131 sammit AB\u015e-Rusiya-\u00c7in \u00fc\u00e7buca\u011f\u0131nda siyasi q\u00fcvv\u0259l\u0259rin b\u00f6lg\u00fcs\u00fcn\u00fc m\u00fc\u0259yy\u0259nl\u0259\u015fdirm\u0259lidir, mahiyy\u0259tc\u0259, h\u0259m d\u0259 \u201c\u00fc\u00e7bucaq\u201dda yox, \u201cb\u00f6y\u00fck ikilik\u201d doktrinas\u0131nda. Buna \u0259sas\u0259n \u201cs\u00f6nm\u0259kd\u0259 olan f\u00f6vq\u0259ld\u00f6vl\u0259t&quot; (Rusiya) yeni ikiq\u00fctbl\u00fc d\u00fcnyada \u00f6z yerini \u201cy\u00fcks\u0259l\u0259n f\u00f6vq\u0259ld\u00f6vl\u0259t&quot;\u0259 (\u00c7in) verir. Cenevr\u0259d\u0259 ke\u00e7iril\u0259c\u0259k g\u00f6r\u00fc\u015f m\u00fc\u0259yy\u0259n m\u0259nada d\u00fcnya siyasi prosesinin perspektivini m\u00fc\u0259yy\u0259n ed\u0259c\u0259k.\n<\/p>\n<p>\n  B\u0259lk\u0259 Baydenin \u0259sas siyasi opponentl\u0259ri il\u0259 g\u00f6r\u00fc\u015fl\u0259rinin ard\u0131c\u0131ll\u0131\u011f\u0131 bununla m\u00fc\u0259yy\u0259n edilir? V\u0259 bu m\u0259nada, b\u0259lk\u0259 d\u0259 ortaya bel\u0259 sual \u00e7\u0131xa bil\u0259r ki, Baydenin Si Szinpinl\u0259 g\u00f6r\u00fc\u015f\u00fc olacaqm\u0131 v\u0259 bu, bir \u00e7ox halda Putin il\u0259 g\u00f6r\u00fc\u015f\u00fcn n\u0259tic\u0259sind\u0259n (u\u011fursuz v\u0259 ya u\u011furlu) as\u0131l\u0131d\u0131rm\u0131?!\n<\/p>\n<p>\n  H\u0259r halda, bu yax\u0131nlarda Virciniya \u015ftat\u0131ndak\u0131 bazada h\u0259rb\u00e7il\u0259rin qar\u015f\u0131s\u0131nda \u00e7\u0131x\u0131\u015f ed\u0259n Co Bayden \u00c7XR s\u0259dri il\u0259 \u0259vv\u0259lki \u00e7oxsayl\u0131 g\u00f6r\u00fc\u015fl\u0259rind\u0259ki t\u0259cr\u00fcb\u0259sin\u0259 \u0259saslanaraq deyib: &quot;Si Szinpin q\u0259tiyy\u0259tl\u0259 inan\u0131r ki, \u00c7in 2035-ci il\u0259d\u0259k Amerikaya sahib olacaq&quot;.\n<\/p>\n<p>\n  Bu, o dem\u0259kdirmi ki, Co Bayden Rusiyaya uzunm\u00fcdd\u0259tli strateji \u00e7a\u011f\u0131r\u0131\u015fdan daha \u00e7ox AB\u015e \u00fc\u00e7\u00fcn m\u00f6vcud problem kimi bax\u0131r? Bu suala tam m\u00fcsb\u0259t cavab verm\u0259y\u0259 o fakt mane olur ki, AB\u015e v\u0259 Rusiya apar\u0131c\u0131 n\u00fcv\u0259 d\u00f6vl\u0259tl\u0259ridir v\u0259 strateji t\u0259hl\u00fck\u0259sizlik v\u0259 sabitliy\u0259 g\u00f6r\u0259 \u0259sas m\u0259suliyy\u0259t da\u015f\u0131y\u0131rlar. Bununla yana\u015f\u0131, Rusiya b\u00f6y\u00fck s\u0259yl\u0259r hesab\u0131na h\u00fccum silahlar\u0131n\u0131n b\u0259zi istiqam\u0259tl\u0259rind\u0259 AB\u015e-\u0131 qabaqlaya bilib.\n<\/p>\n<p>\n  AB\u015e, \u0259lb\u0259tt\u0259 ki, Rusiya v\u0259 \u00c7inin maraqlar\u0131n\u0131n toqqu\u015fmas\u0131ndan fayda \u0259ld\u0259 ed\u0259 bil\u0259rdi, \u00e7\u00fcnki bir-birinin d\u0259st\u0259yi olmadan onlar\u0131n d\u00fcnyadak\u0131 m\u00f6vqel\u0259ri xeyli z\u0259ifl\u0259mi\u015f olur, eyni zamanda maraqlar\u0131n balansla\u015fd\u0131r\u0131lmas\u0131na v\u0259 \u00e7oxsayl\u0131 s\u0259viyy\u0259l\u0259rd\u0259 \u0259m\u0259kda\u015fl\u0131\u011fa y\u00f6n\u0259lmi\u015f m\u00fcsb\u0259t dinamika itirilir. Lakin Va\u015finqton Moskva v\u0259 Pekinl\u0259 m\u00fcnasib\u0259tl\u0259r\u0259 nifaq salma\u011fa qadir deyil, \u00e7\u00fcnki h\u0259r iki paytaxtda ba\u015fa d\u00fc\u015f\u00fcrl\u0259r ki, AB\u015e t\u0259r\u0259fd\u0259n t\u0259zyiql\u0259r\u0259 qar\u015f\u0131 birg\u0259 m\u00fcqavim\u0259t onlar\u0131n t\u0259bii \u015f\u0259kild\u0259 \u00fcst-\u00fcst\u0259 d\u00fc\u015f\u0259n \u00fcmumi maraqlar\u0131d\u0131r. Bu is\u0259 onlar\u0131n m\u00fcnasib\u0259tl\u0259rini \u015f\u0259ffaf edir v\u0259 ist\u0259nil\u0259n sars\u0131nt\u0131lardan m\u00fcdafi\u0259 edir.\n<\/p>\n<p>\n  Qeyd etm\u0259k maraql\u0131 olard\u0131 ki, Rusiya v\u0259 \u00c7in AB\u015e il\u0259 \u0259laq\u0259l\u0259rind\u0259n sonra m\u00fct\u0259madi m\u0259sl\u0259h\u0259tl\u0259\u015fm\u0259l\u0259r apar\u0131rlar, h\u0259r iki \u00f6lk\u0259nin r\u0259hb\u0259rl\u0259ri is\u0259 \u015f\u0259xsi g\u00f6r\u00fc\u015fl\u0259rind\u0259 onlar\u0131n Va\u015finqtonla dan\u0131\u015f\u0131qlar\u0131 zaman\u0131 m\u00fczakir\u0259 olunan m\u0259s\u0259l\u0259l\u0259r bar\u0259d\u0259 m\u0259lumat m\u00fcbadil\u0259si apar\u0131rlar. Ekspertl\u0259r qeyd edirl\u0259r ki, Moskva v\u0259 Pekin \u00f6z m\u00fcnasib\u0259tl\u0259rini el\u0259 s\u0259viyy\u0259y\u0259 q\u0259d\u0259r inki\u015faf etdiribl\u0259r ki, bu, dem\u0259k olar ki, ikit\u0259r\u0259fli \u0259m\u0259kda\u015fl\u0131\u011f\u0131n b\u00fct\u00fcn sah\u0259l\u0259rini \u0259hat\u0259 edir: &quot;iqtisadiyyat v\u0259 siyas\u0259td\u0259n tutmu\u015f qlobal idar\u0259etm\u0259, texnologiya, h\u0259rbi v\u0259 humanitar m\u00fcbadil\u0259l\u0259r\u0259 q\u0259d\u0259r&quot;. Qar\u015f\u0131l\u0131ql\u0131 f\u0259aliyy\u0259tin d\u0259rinl\u0259\u015fdirilm\u0259si etimada \u0259saslanan h\u0259ssas texnologiyalar\u0131n m\u00fcbadil\u0259si vasit\u0259sil\u0259 h\u0259yata ke\u00e7iril\u0259 bil\u0259r v\u0259 iki \u00f6lk\u0259nin kosmik proqramlar\u0131n inteqrasiyas\u0131, h\u0259m\u00e7inin raket \u0259leyhin\u0259 m\u00fcdafi\u0259 sisteminin birg\u0259 i\u015fl\u0259nm\u0259si bar\u0259d\u0259 q\u0259rarlar\u0131 m\u0259hz bunu g\u00f6st\u0259rir&quot;.\n<\/p>\n<p>\n  Bel\u0259likl\u0259, AB\u015e prezidentl\u0259rind\u0259n ilk olaraq &quot;Osmanl\u0131da erm\u0259ni soyq\u0131r\u0131m\u0131&quot;n\u0131 tan\u0131maqla ba\u011fl\u0131 se\u00e7kiqaba\u011f\u0131 v\u0259dini yerin\u0259 yetirmi\u015f Co Bayden iyunun 16-da Tramp\u0131n susqunlu\u011fu il\u0259 Q\u0259rbi C\u0259nubi Qafqaz regionundan s\u0131x\u0131\u015fd\u0131rm\u0131\u015f v\u0259 T\u00fcrkiy\u0259 prezidenti \u018frdo\u011fanla birlikd\u0259 AB\u015e-\u0131n b\u00f6y\u00fck geosiyasi qar\u015f\u0131durma m\u0259kan\u0131nda davaml\u0131 olmasa da, m\u0259hsuldar alyans yaratm\u0131\u015f Putinl\u0259 g\u00f6r\u00fc\u015f\u0259c\u0259k. G\u00f6r\u00fcn\u00fcr, AB\u015e D\u00f6vl\u0259t Departamenti missiyas\u0131n\u0131n C\u0259nubi Qafqaz d\u00f6vl\u0259tl\u0259rinin paytaxtlar\u0131na s\u0259f\u0259rin yekunlar\u0131 il\u0259 ba\u011fl\u0131 qiym\u0259tl\u0259ndirm\u0259sind\u0259n as\u0131l\u0131 olmayaraq, bu regionda Q\u0259rb siyas\u0259tinin ba\u015fl\u0131ca vektoru Baydenin q\u0259rbli h\u0259mkarlar\u0131 il\u0259 \u00f6nc\u0259 qeyd edildiyi \u00fc\u00e7 t\u0259dbir zaman\u0131 ba\u015f tutacaq m\u0259sl\u0259h\u0259tl\u0259\u015fm\u0259l\u0259rin n\u0259tic\u0259sind\u0259 yaranacaq. Burada narahatl\u0131q yaradan m\u0259qam Q\u0259rbin C\u0259nubi Qafqaz regionuna qay\u0131tmas\u0131, T\u00fcrkiy\u0259 v\u0259 Az\u0259rbaycan\u0131n &quot;c\u0259zaland\u0131r\u0131lmas\u0131&quot; il\u0259 ba\u011fl\u0131 daim radikal planlar ir\u0259li s\u00fcr\u0259n prezident Makronun birt\u0259r\u0259fli m\u00f6vqeyidir. T\u0259bii ki, bu m\u00f6vqey\u0259 qar\u015f\u0131 latent, lakin g\u00fccl\u00fc \u0259ks m\u00f6vqe kimi B\u00f6y\u00fck Britaniya \u00e7\u0131x\u0131\u015f ed\u0259c\u0259k. B\u00f6y\u00fck Britaniya \u00fc\u00e7\u00fcn Rusiya tarixi d\u0259yi\u015fm\u0259z r\u0259qibdir. AB\u015e-\u0131n birl\u0259\u015fmi\u015f Avropa \u00fc\u00e7\u00fcn qaz hab\u0131na \u00e7evrilm\u0259k niyy\u0259tin\u0259 mane olmamaq q\u0259rar\u0131 il\u0259 raz\u0131la\u015fan Almaniya \u00e7ox g\u00fcman ki, \u00fcmumilikd\u0259 Va\u015finqtonun x\u00fcsusi t\u0259kidli t\u0259l\u0259bl\u0259rini yerin\u0259 yetir\u0259r\u0259k neytral m\u00f6vqe tutacaq.\n<\/p>\n<p>\n  Avropa \u0130ttifaq\u0131nda qar\u0131\u015f\u0131q siyasi \u0259hval-ruhiyy\u0259nin (x\u00fcsusil\u0259 d\u0259 onun k\u00f6hn\u0259 v\u0259 yeni \u00fczvl\u0259ri aras\u0131nda) m\u00fc\u015fahid\u0259 olundu\u011fu \u015f\u0259raitd\u0259 dan\u0131\u015f\u0131qlar\u0131n n\u0259tic\u0259l\u0259rin\u0259 \u0259sas\u0259n qeyri-formal olaraq postsovet m\u0259kan\u0131n\u0131n Rusiyan\u0131n \u00fcst\u00fcn maraqlar\u0131n\u0131n sferas\u0131 kimi tan\u0131nmas\u0131 ehtimal\u0131 b\u00f6y\u00fckd\u00fcr. Bu, \u0259slind\u0259 o dem\u0259kdir ki, Ukrayna, Moldova v\u0259 G\u00fcrc\u00fcstan\u0131n Avropa \u0130ttifaq\u0131 v\u0259 NATO strukturlar\u0131na ir\u0259lil\u0259m\u0259si s\u00fcni \u015f\u0259kild\u0259 l\u0259ngiy\u0259c\u0259k (onlar\u0131n \u0259razil\u0259rind\u0259ki m\u00fcnaqi\u015f\u0259l\u0259rin h\u0259lli kimi), bu d\u00f6vl\u0259tl\u0259rin c\u0259miyy\u0259tl\u0259rind\u0259 is\u0259 siyasi v\u0259 m\u00fcdafi\u0259 baxm\u0131ndan neytrall\u0131\u011f\u0131n xeyrin\u0259 \u0259hval-ruhiyy\u0259 artacaq.\n<\/p>\n<p>\n  Q\u0259rbin Minsk Qrupunun h\u0259ms\u0259drlik institutunun reanimasiyas\u0131 hesab\u0131na \u00f6z m\u00f6vqel\u0259rini b\u0259rpa etm\u0259y\u0259 \u00e7al\u0131\u015fd\u0131\u011f\u0131 Az\u0259rbaycan v\u0259 Erm\u0259nistanla ba\u011fl\u0131 bir q\u0259d\u0259r ba\u015fqa yana\u015fma proqnozla\u015fd\u0131r\u0131l\u0131r. Bu plan\u0131n Moskva v\u0259 Ankaran\u0131n niyy\u0259tl\u0259ri il\u0259 n\u0259 d\u0259r\u0259c\u0259d\u0259 f\u0259rqli oldu\u011funu s\u00f6yl\u0259m\u0259k art\u0131qd\u0131r.\n<\/p>\n<p>\n  \u0130st\u0259nil\u0259n halda Az\u0259rbaycan 44 g\u00fcnl\u00fck m\u00fcharib\u0259nin n\u0259tic\u0259l\u0259rinin m\u00f6hk\u0259ml\u0259ndirilm\u0259si prosesini g\u00fccl\u0259ndirm\u0259lidir, \u0259leyhdarlar\u0131n say\u0131 art\u0131r, h\u0259tta \u0130ran\u0131 da \u0259hat\u0259 edir (!). N\u0259hay\u0259t, \u00f6lk\u0259 \u00f6z strateji v\u0259zif\u0259l\u0259rini \u00f6z\u00fc h\u0259ll edir v\u0259 bunun n\u0259tic\u0259sind\u0259 qalibl\u0259rin v\u0259 ya m\u0259\u011flublar\u0131n d\u00fc\u015f\u0259rg\u0259sin\u0259 d\u00fc\u015fm\u00fc\u015f olur.<\/p>\n","protected":false},"excerpt":{"rendered":"<p>Bu, o dem\u0259kdirmi ki, Co Bayden Rusiyaya uzunm\u00fcdd\u0259tli strateji \u00e7a\u011f\u0131r\u0131\u015fdan daha \u00e7ox AB\u015e \u00fc\u00e7\u00fcn m\u00f6vcud problem kimi bax\u0131r?<\/p>\n","protected":false},"author":11,"featured_media":161946,"comment_status":"closed","ping_status":"open","sticky":false,"template":"","format":"standard","meta":{"_acf_changed":false,"_sitemap_exclude":false,"_sitemap_priority":"","_sitemap_frequency":"","footnotes":""},"categories":[51],"tags":[],"class_list":["post-206631","post","type-post","status-publish","format-standard","has-post-thumbnail","hentry","category-analitika","infinite-scroll-item","generate-columns","tablet-grid-50","mobile-grid-100","grid-parent","grid-33","no-featured-image-padding"],"acf":[],"yoast_head":"<!-- This site is optimized with the Yoast SEO plugin v27.4 - https:\/\/yoast.com\/product\/yoast-seo-wordpress\/ -->\n<title>Bayden versus Putin: d\u00fcnyan\u0131n yeni \u015fahmat taxtas\u0131nda deb\u00fct - MEYDAN.TV<\/title>\n<meta name=\"robots\" content=\"index, follow, max-snippet:-1, max-image-preview:large, max-video-preview:-1\" \/>\n<link rel=\"canonical\" href=\"https:\/\/www.meydan.tv\/az\/article\/bayden-versus-putin-dunyanin-yeni-sahmat-taxtasinda-debut\/\" \/>\n<meta property=\"og:locale\" content=\"az_AZ\" \/>\n<meta property=\"og:type\" content=\"article\" \/>\n<meta property=\"og:title\" content=\"Bayden versus Putin: d\u00fcnyan\u0131n yeni \u015fahmat taxtas\u0131nda deb\u00fct - MEYDAN.TV\" \/>\n<meta property=\"og:description\" content=\"Bu, o dem\u0259kdirmi ki, Co Bayden Rusiyaya uzunm\u00fcdd\u0259tli strateji \u00e7a\u011f\u0131r\u0131\u015fdan daha \u00e7ox AB\u015e \u00fc\u00e7\u00fcn m\u00f6vcud problem kimi bax\u0131r?\" \/>\n<meta property=\"og:url\" content=\"https:\/\/www.meydan.tv\/az\/article\/bayden-versus-putin-dunyanin-yeni-sahmat-taxtasinda-debut\/\" \/>\n<meta property=\"og:site_name\" content=\"MEYDAN.TV\" \/>\n<meta property=\"article:published_time\" content=\"2021-06-09T10:03:46+00:00\" \/>\n<meta property=\"og:image\" content=\"https:\/\/www.meydan.tv\/wp-content\/uploads\/060800033998.jpg\" \/>\n\t<meta property=\"og:image:width\" content=\"853\" \/>\n\t<meta property=\"og:image:height\" content=\"480\" \/>\n\t<meta property=\"og:image:type\" content=\"image\/jpeg\" \/>\n<meta name=\"author\" content=\"user-manager\" \/>\n<meta name=\"twitter:card\" content=\"summary_large_image\" \/>\n<script type=\"application\/ld+json\" class=\"yoast-schema-graph\">{\"@context\":\"https:\\\/\\\/schema.org\",\"@graph\":[{\"@type\":\"Article\",\"@id\":\"https:\\\/\\\/www.meydan.tv\\\/az\\\/article\\\/bayden-versus-putin-dunyanin-yeni-sahmat-taxtasinda-debut\\\/#article\",\"isPartOf\":{\"@id\":\"https:\\\/\\\/www.meydan.tv\\\/az\\\/article\\\/bayden-versus-putin-dunyanin-yeni-sahmat-taxtasinda-debut\\\/\"},\"author\":{\"name\":\"user-manager\",\"@id\":\"https:\\\/\\\/www.meydan.tv\\\/az\\\/#\\\/schema\\\/person\\\/10d11eccf6da3662cf5fdab9806ea91a\"},\"headline\":\"Bayden versus Putin: d\u00fcnyan\u0131n yeni \u015fahmat taxtas\u0131nda deb\u00fct\",\"datePublished\":\"2021-06-09T10:03:46+00:00\",\"mainEntityOfPage\":{\"@id\":\"https:\\\/\\\/www.meydan.tv\\\/az\\\/article\\\/bayden-versus-putin-dunyanin-yeni-sahmat-taxtasinda-debut\\\/\"},\"wordCount\":2436,\"publisher\":{\"@id\":\"https:\\\/\\\/www.meydan.tv\\\/az\\\/#organization\"},\"image\":{\"@id\":\"https:\\\/\\\/www.meydan.tv\\\/az\\\/article\\\/bayden-versus-putin-dunyanin-yeni-sahmat-taxtasinda-debut\\\/#primaryimage\"},\"thumbnailUrl\":\"https:\\\/\\\/www.meydan.tv\\\/wp-content\\\/uploads\\\/060800033998.jpg\",\"articleSection\":[\"Analitika\"],\"inLanguage\":\"az\"},{\"@type\":\"WebPage\",\"@id\":\"https:\\\/\\\/www.meydan.tv\\\/az\\\/article\\\/bayden-versus-putin-dunyanin-yeni-sahmat-taxtasinda-debut\\\/\",\"url\":\"https:\\\/\\\/www.meydan.tv\\\/az\\\/article\\\/bayden-versus-putin-dunyanin-yeni-sahmat-taxtasinda-debut\\\/\",\"name\":\"Bayden versus Putin: d\u00fcnyan\u0131n yeni \u015fahmat taxtas\u0131nda deb\u00fct - MEYDAN.TV\",\"isPartOf\":{\"@id\":\"https:\\\/\\\/www.meydan.tv\\\/az\\\/#website\"},\"primaryImageOfPage\":{\"@id\":\"https:\\\/\\\/www.meydan.tv\\\/az\\\/article\\\/bayden-versus-putin-dunyanin-yeni-sahmat-taxtasinda-debut\\\/#primaryimage\"},\"image\":{\"@id\":\"https:\\\/\\\/www.meydan.tv\\\/az\\\/article\\\/bayden-versus-putin-dunyanin-yeni-sahmat-taxtasinda-debut\\\/#primaryimage\"},\"thumbnailUrl\":\"https:\\\/\\\/www.meydan.tv\\\/wp-content\\\/uploads\\\/060800033998.jpg\",\"datePublished\":\"2021-06-09T10:03:46+00:00\",\"breadcrumb\":{\"@id\":\"https:\\\/\\\/www.meydan.tv\\\/az\\\/article\\\/bayden-versus-putin-dunyanin-yeni-sahmat-taxtasinda-debut\\\/#breadcrumb\"},\"inLanguage\":\"az\",\"potentialAction\":[{\"@type\":\"ReadAction\",\"target\":[\"https:\\\/\\\/www.meydan.tv\\\/az\\\/article\\\/bayden-versus-putin-dunyanin-yeni-sahmat-taxtasinda-debut\\\/\"]}]},{\"@type\":\"ImageObject\",\"inLanguage\":\"az\",\"@id\":\"https:\\\/\\\/www.meydan.tv\\\/az\\\/article\\\/bayden-versus-putin-dunyanin-yeni-sahmat-taxtasinda-debut\\\/#primaryimage\",\"url\":\"https:\\\/\\\/www.meydan.tv\\\/wp-content\\\/uploads\\\/060800033998.jpg\",\"contentUrl\":\"https:\\\/\\\/www.meydan.tv\\\/wp-content\\\/uploads\\\/060800033998.jpg\",\"width\":853,\"height\":480,\"caption\":\"Source: Specify Source\"},{\"@type\":\"BreadcrumbList\",\"@id\":\"https:\\\/\\\/www.meydan.tv\\\/az\\\/article\\\/bayden-versus-putin-dunyanin-yeni-sahmat-taxtasinda-debut\\\/#breadcrumb\",\"itemListElement\":[{\"@type\":\"ListItem\",\"position\":1,\"name\":\"Ana s\u0259hif\u0259\",\"item\":\"https:\\\/\\\/www.meydan.tv\\\/az\\\/\"},{\"@type\":\"ListItem\",\"position\":2,\"name\":\"Analitika\",\"item\":\"https:\\\/\\\/www.meydan.tv\\\/az\\\/section\\\/analitika\\\/\"},{\"@type\":\"ListItem\",\"position\":3,\"name\":\"Bayden versus Putin: d\u00fcnyan\u0131n yeni \u015fahmat taxtas\u0131nda deb\u00fct\"}]},{\"@type\":\"WebSite\",\"@id\":\"https:\\\/\\\/www.meydan.tv\\\/az\\\/#website\",\"url\":\"https:\\\/\\\/www.meydan.tv\\\/az\\\/\",\"name\":\"MEYDAN.TV\",\"description\":\"Meydan TV Az\u0259rbaycan\u0131n media m\u0259kan\u0131ndak\u0131 alternativ s\u0259sidir\",\"publisher\":{\"@id\":\"https:\\\/\\\/www.meydan.tv\\\/az\\\/#organization\"},\"potentialAction\":[{\"@type\":\"SearchAction\",\"target\":{\"@type\":\"EntryPoint\",\"urlTemplate\":\"https:\\\/\\\/www.meydan.tv\\\/az\\\/?s={search_term_string}\"},\"query-input\":{\"@type\":\"PropertyValueSpecification\",\"valueRequired\":true,\"valueName\":\"search_term_string\"}}],\"inLanguage\":\"az\"},{\"@type\":\"Organization\",\"@id\":\"https:\\\/\\\/www.meydan.tv\\\/az\\\/#organization\",\"name\":\"Meydan TV\",\"url\":\"https:\\\/\\\/www.meydan.tv\\\/az\\\/\",\"logo\":{\"@type\":\"ImageObject\",\"inLanguage\":\"az\",\"@id\":\"https:\\\/\\\/www.meydan.tv\\\/az\\\/#\\\/schema\\\/logo\\\/image\\\/\",\"url\":\"https:\\\/\\\/www.meydan.tv\\\/wp-content\\\/uploads\\\/2021\\\/07\\\/meydan-logo.svg\",\"contentUrl\":\"https:\\\/\\\/www.meydan.tv\\\/wp-content\\\/uploads\\\/2021\\\/07\\\/meydan-logo.svg\",\"width\":195,\"height\":46,\"caption\":\"Meydan TV\"},\"image\":{\"@id\":\"https:\\\/\\\/www.meydan.tv\\\/az\\\/#\\\/schema\\\/logo\\\/image\\\/\"}},{\"@type\":\"Person\",\"@id\":\"https:\\\/\\\/www.meydan.tv\\\/az\\\/#\\\/schema\\\/person\\\/10d11eccf6da3662cf5fdab9806ea91a\",\"name\":\"user-manager\"}]}<\/script>\n<!-- \/ Yoast SEO plugin. -->","yoast_head_json":{"title":"Bayden versus Putin: d\u00fcnyan\u0131n yeni \u015fahmat taxtas\u0131nda deb\u00fct - MEYDAN.TV","robots":{"index":"index","follow":"follow","max-snippet":"max-snippet:-1","max-image-preview":"max-image-preview:large","max-video-preview":"max-video-preview:-1"},"canonical":"https:\/\/www.meydan.tv\/az\/article\/bayden-versus-putin-dunyanin-yeni-sahmat-taxtasinda-debut\/","og_locale":"az_AZ","og_type":"article","og_title":"Bayden versus Putin: d\u00fcnyan\u0131n yeni \u015fahmat taxtas\u0131nda deb\u00fct - MEYDAN.TV","og_description":"Bu, o dem\u0259kdirmi ki, Co Bayden Rusiyaya uzunm\u00fcdd\u0259tli strateji \u00e7a\u011f\u0131r\u0131\u015fdan daha \u00e7ox AB\u015e \u00fc\u00e7\u00fcn m\u00f6vcud problem kimi bax\u0131r?","og_url":"https:\/\/www.meydan.tv\/az\/article\/bayden-versus-putin-dunyanin-yeni-sahmat-taxtasinda-debut\/","og_site_name":"MEYDAN.TV","article_published_time":"2021-06-09T10:03:46+00:00","og_image":[{"width":853,"height":480,"url":"https:\/\/www.meydan.tv\/wp-content\/uploads\/060800033998.jpg","type":"image\/jpeg"}],"author":"user-manager","twitter_card":"summary_large_image","schema":{"@context":"https:\/\/schema.org","@graph":[{"@type":"Article","@id":"https:\/\/www.meydan.tv\/az\/article\/bayden-versus-putin-dunyanin-yeni-sahmat-taxtasinda-debut\/#article","isPartOf":{"@id":"https:\/\/www.meydan.tv\/az\/article\/bayden-versus-putin-dunyanin-yeni-sahmat-taxtasinda-debut\/"},"author":{"name":"user-manager","@id":"https:\/\/www.meydan.tv\/az\/#\/schema\/person\/10d11eccf6da3662cf5fdab9806ea91a"},"headline":"Bayden versus Putin: d\u00fcnyan\u0131n yeni \u015fahmat taxtas\u0131nda deb\u00fct","datePublished":"2021-06-09T10:03:46+00:00","mainEntityOfPage":{"@id":"https:\/\/www.meydan.tv\/az\/article\/bayden-versus-putin-dunyanin-yeni-sahmat-taxtasinda-debut\/"},"wordCount":2436,"publisher":{"@id":"https:\/\/www.meydan.tv\/az\/#organization"},"image":{"@id":"https:\/\/www.meydan.tv\/az\/article\/bayden-versus-putin-dunyanin-yeni-sahmat-taxtasinda-debut\/#primaryimage"},"thumbnailUrl":"https:\/\/www.meydan.tv\/wp-content\/uploads\/060800033998.jpg","articleSection":["Analitika"],"inLanguage":"az"},{"@type":"WebPage","@id":"https:\/\/www.meydan.tv\/az\/article\/bayden-versus-putin-dunyanin-yeni-sahmat-taxtasinda-debut\/","url":"https:\/\/www.meydan.tv\/az\/article\/bayden-versus-putin-dunyanin-yeni-sahmat-taxtasinda-debut\/","name":"Bayden versus Putin: d\u00fcnyan\u0131n yeni \u015fahmat taxtas\u0131nda deb\u00fct - MEYDAN.TV","isPartOf":{"@id":"https:\/\/www.meydan.tv\/az\/#website"},"primaryImageOfPage":{"@id":"https:\/\/www.meydan.tv\/az\/article\/bayden-versus-putin-dunyanin-yeni-sahmat-taxtasinda-debut\/#primaryimage"},"image":{"@id":"https:\/\/www.meydan.tv\/az\/article\/bayden-versus-putin-dunyanin-yeni-sahmat-taxtasinda-debut\/#primaryimage"},"thumbnailUrl":"https:\/\/www.meydan.tv\/wp-content\/uploads\/060800033998.jpg","datePublished":"2021-06-09T10:03:46+00:00","breadcrumb":{"@id":"https:\/\/www.meydan.tv\/az\/article\/bayden-versus-putin-dunyanin-yeni-sahmat-taxtasinda-debut\/#breadcrumb"},"inLanguage":"az","potentialAction":[{"@type":"ReadAction","target":["https:\/\/www.meydan.tv\/az\/article\/bayden-versus-putin-dunyanin-yeni-sahmat-taxtasinda-debut\/"]}]},{"@type":"ImageObject","inLanguage":"az","@id":"https:\/\/www.meydan.tv\/az\/article\/bayden-versus-putin-dunyanin-yeni-sahmat-taxtasinda-debut\/#primaryimage","url":"https:\/\/www.meydan.tv\/wp-content\/uploads\/060800033998.jpg","contentUrl":"https:\/\/www.meydan.tv\/wp-content\/uploads\/060800033998.jpg","width":853,"height":480,"caption":"Source: Specify Source"},{"@type":"BreadcrumbList","@id":"https:\/\/www.meydan.tv\/az\/article\/bayden-versus-putin-dunyanin-yeni-sahmat-taxtasinda-debut\/#breadcrumb","itemListElement":[{"@type":"ListItem","position":1,"name":"Ana s\u0259hif\u0259","item":"https:\/\/www.meydan.tv\/az\/"},{"@type":"ListItem","position":2,"name":"Analitika","item":"https:\/\/www.meydan.tv\/az\/section\/analitika\/"},{"@type":"ListItem","position":3,"name":"Bayden versus Putin: d\u00fcnyan\u0131n yeni \u015fahmat taxtas\u0131nda deb\u00fct"}]},{"@type":"WebSite","@id":"https:\/\/www.meydan.tv\/az\/#website","url":"https:\/\/www.meydan.tv\/az\/","name":"MEYDAN.TV","description":"Meydan TV Az\u0259rbaycan\u0131n media m\u0259kan\u0131ndak\u0131 alternativ s\u0259sidir","publisher":{"@id":"https:\/\/www.meydan.tv\/az\/#organization"},"potentialAction":[{"@type":"SearchAction","target":{"@type":"EntryPoint","urlTemplate":"https:\/\/www.meydan.tv\/az\/?s={search_term_string}"},"query-input":{"@type":"PropertyValueSpecification","valueRequired":true,"valueName":"search_term_string"}}],"inLanguage":"az"},{"@type":"Organization","@id":"https:\/\/www.meydan.tv\/az\/#organization","name":"Meydan TV","url":"https:\/\/www.meydan.tv\/az\/","logo":{"@type":"ImageObject","inLanguage":"az","@id":"https:\/\/www.meydan.tv\/az\/#\/schema\/logo\/image\/","url":"https:\/\/www.meydan.tv\/wp-content\/uploads\/2021\/07\/meydan-logo.svg","contentUrl":"https:\/\/www.meydan.tv\/wp-content\/uploads\/2021\/07\/meydan-logo.svg","width":195,"height":46,"caption":"Meydan TV"},"image":{"@id":"https:\/\/www.meydan.tv\/az\/#\/schema\/logo\/image\/"}},{"@type":"Person","@id":"https:\/\/www.meydan.tv\/az\/#\/schema\/person\/10d11eccf6da3662cf5fdab9806ea91a","name":"user-manager"}]}},"_links":{"self":[{"href":"https:\/\/www.meydan.tv\/az\/wp-json\/wp\/v2\/posts\/206631","targetHints":{"allow":["GET"]}}],"collection":[{"href":"https:\/\/www.meydan.tv\/az\/wp-json\/wp\/v2\/posts"}],"about":[{"href":"https:\/\/www.meydan.tv\/az\/wp-json\/wp\/v2\/types\/post"}],"author":[{"embeddable":true,"href":"https:\/\/www.meydan.tv\/az\/wp-json\/wp\/v2\/users\/11"}],"replies":[{"embeddable":true,"href":"https:\/\/www.meydan.tv\/az\/wp-json\/wp\/v2\/comments?post=206631"}],"version-history":[{"count":0,"href":"https:\/\/www.meydan.tv\/az\/wp-json\/wp\/v2\/posts\/206631\/revisions"}],"wp:featuredmedia":[{"embeddable":true,"href":"https:\/\/www.meydan.tv\/az\/wp-json\/wp\/v2\/media\/161946"}],"wp:attachment":[{"href":"https:\/\/www.meydan.tv\/az\/wp-json\/wp\/v2\/media?parent=206631"}],"wp:term":[{"taxonomy":"category","embeddable":true,"href":"https:\/\/www.meydan.tv\/az\/wp-json\/wp\/v2\/categories?post=206631"},{"taxonomy":"post_tag","embeddable":true,"href":"https:\/\/www.meydan.tv\/az\/wp-json\/wp\/v2\/tags?post=206631"}],"curies":[{"name":"wp","href":"https:\/\/api.w.org\/{rel}","templated":true}]}}