{"id":206595,"date":"2021-06-08T10:46:35","date_gmt":"2021-06-08T10:46:35","guid":{"rendered":"https:\/\/www.meydan.tv\/article\/azerbaycanda-sahibsiz-heyvanlarin-veziyyeti-gullelenme-ve-qaygidan-uzaq-heyat\/"},"modified":"2021-06-08T10:46:35","modified_gmt":"2021-06-08T10:46:35","slug":"azerbaycanda-sahibsiz-heyvanlarin-veziyyeti-gullelenme-ve-qaygidan-uzaq-heyat","status":"publish","type":"post","link":"https:\/\/www.meydan.tv\/az\/article\/azerbaycanda-sahibsiz-heyvanlarin-veziyyeti-gullelenme-ve-qaygidan-uzaq-heyat\/","title":{"rendered":"Az\u0259rbaycanda sahibsiz heyvanlar\u0131n v\u0259ziyy\u0259ti: g\u00fcll\u0259l\u0259nm\u0259 v\u0259 qay\u011f\u0131dan uzaq h\u0259yat"},"content":{"rendered":"<figure class=\"wp-block-embed is-type-video is-provider-youtube wp-block-embed-youtube wp-embed-aspect-16-9 wp-has-aspect-ratio\">\n<div class=\"wp-block-embed__wrapper\">\n    <iframe\ttitle=\"Az\u0259rbaycanda sahibsiz heyvanlar\u0131n v\u0259ziyy\u0259ti: g\u00fcll\u0259l\u0259nm\u0259 v\u0259 qay\u011f\u0131dan uzaq h\u0259yat\" width=\"1200\" height=\"675\" data-src=\"https:\/\/www.youtube.com\/embed\/BYVuGL_gSYM\"\tframeborder=\"0\"\tallow=\"accelerometer; autoplay; clipboard-write; encrypted-media; gyroscope; picture-in-picture\" allowfullscreen src=\"data:image\/svg+xml;base64,PHN2ZyB3aWR0aD0iMSIgaGVpZ2h0PSIxIiB4bWxucz0iaHR0cDovL3d3dy53My5vcmcvMjAwMC9zdmciPjwvc3ZnPg==\" class=\"lazyload\" data-load-mode=\"1\"><\/iframe>\n  <\/div><figcaption>\n    Az\u0259rbaycanda sahibsiz heyvanlar\u0131n v\u0259ziyy\u0259ti: g\u00fcll\u0259l\u0259nm\u0259 v\u0259 qay\u011f\u0131dan uzaq h\u0259yat<br \/>\n  <\/figcaption><\/figure>\n<p>\n  Heyvanlar\u0131n g\u00fcll\u0259l\u0259nm\u0259si problemi son d\u0259f\u0259 Heyd\u0259r \u018fliyev ad\u0131na Beyn\u0259lxalq Hava Liman\u0131ndak\u0131 hadis\u0259 il\u0259 g\u00fcnd\u0259m\u0259 g\u0259ldi. Bu, sistematik zorak\u0131l\u0131\u011f\u0131n bir par\u00e7as\u0131 idi. Heyvansev\u0259rl\u0259r bu i\u015fl\u0259 icra hakimiyy\u0259ti \u0259m\u0259kda\u015flar\u0131n\u0131n m\u0259\u015f\u011ful oldu\u011funu deyirl\u0259r. B\u015e\u0130H n\u00fcmay\u0259nd\u0259si is\u0259 suallardan yay\u0131n\u0131r.\n<\/p>\n<p>\n  B\u0259zi v\u0259t\u0259nda\u015flar da sahibsiz heyvanlar\u0131n \u00e7oxlu\u011fundan \u015fikay\u0259t\u00e7idir. H\u00fcquq\u015f\u00fcnas, veterinar v\u0259 heyvansev\u0259rl\u0259r is\u0259 hesab edirl\u0259r ki, bunun h\u0259lli \u00fc\u00e7\u00fcn qanunvericilik t\u0259kmill\u0259\u015fdirilm\u0259li, s\u0131\u011f\u0131nacaqlar a\u00e7\u0131lmal\u0131 v\u0259 sahibsiz heyvanlar q\u0131s\u0131rla\u015fd\u0131r\u0131lmal\u0131d\u0131r. Heyvanlar niy\u0259 aqressivl\u0259\u015fir? G\u00fcll\u0259l\u0259nm\u0259 niy\u0259 \u00e7\u0131x\u0131\u015f yolu deyil? Qanunvericilikd\u0259 hans\u0131 bo\u015fluqlar var?<\/p>\n","protected":false},"excerpt":{"rendered":"<p>Heyvanlar\u0131n g\u00fcll\u0259l\u0259nm\u0259si problemi son d\u0259f\u0259 Heyd\u0259r \u018fliyev ad\u0131na Beyn\u0259lxalq Hava Liman\u0131ndak\u0131 hadis\u0259 il\u0259 g\u00fcnd\u0259m\u0259 g\u0259ldi.<\/p>\n","protected":false},"author":11,"featured_media":161874,"comment_status":"closed","ping_status":"open","sticky":false,"template":"","format":"standard","meta":{"_acf_changed":false,"_sitemap_exclude":false,"_sitemap_priority":"","_sitemap_frequency":"","footnotes":""},"categories":[63],"tags":[],"class_list":["post-206595","post","type-post","status-publish","format-standard","has-post-thumbnail","hentry","category-video-2","infinite-scroll-item","generate-columns","tablet-grid-50","mobile-grid-100","grid-parent","grid-33","no-featured-image-padding"],"acf":[],"yoast_head":"<!-- This site is optimized with the Yoast SEO plugin v27.5 - https:\/\/yoast.com\/product\/yoast-seo-wordpress\/ -->\n<title>Az\u0259rbaycanda sahibsiz heyvanlar\u0131n v\u0259ziyy\u0259ti: g\u00fcll\u0259l\u0259nm\u0259 v\u0259 qay\u011f\u0131dan uzaq h\u0259yat - MEYDAN.TV<\/title>\n<meta name=\"robots\" content=\"index, follow, max-snippet:-1, max-image-preview:large, max-video-preview:-1\" \/>\n<link rel=\"canonical\" href=\"https:\/\/www.meydan.tv\/az\/article\/azerbaycanda-sahibsiz-heyvanlarin-veziyyeti-gullelenme-ve-qaygidan-uzaq-heyat\/\" \/>\n<meta property=\"og:locale\" content=\"az_AZ\" \/>\n<meta property=\"og:type\" content=\"article\" \/>\n<meta property=\"og:title\" content=\"Az\u0259rbaycanda sahibsiz heyvanlar\u0131n v\u0259ziyy\u0259ti: g\u00fcll\u0259l\u0259nm\u0259 v\u0259 qay\u011f\u0131dan uzaq h\u0259yat - MEYDAN.TV\" \/>\n<meta property=\"og:description\" content=\"Heyvanlar\u0131n g\u00fcll\u0259l\u0259nm\u0259si problemi son d\u0259f\u0259 Heyd\u0259r \u018fliyev ad\u0131na Beyn\u0259lxalq Hava Liman\u0131ndak\u0131 hadis\u0259 il\u0259 g\u00fcnd\u0259m\u0259 g\u0259ldi.\" \/>\n<meta property=\"og:url\" content=\"https:\/\/www.meydan.tv\/az\/article\/azerbaycanda-sahibsiz-heyvanlarin-veziyyeti-gullelenme-ve-qaygidan-uzaq-heyat\/\" \/>\n<meta property=\"og:site_name\" content=\"MEYDAN.TV\" \/>\n<meta property=\"article:published_time\" content=\"2021-06-08T10:46:35+00:00\" \/>\n<meta property=\"og:image\" content=\"https:\/\/www.meydan.tv\/wp-content\/uploads\/jzrutzfjhm.jpeg\" \/>\n\t<meta property=\"og:image:width\" content=\"1280\" \/>\n\t<meta property=\"og:image:height\" content=\"720\" \/>\n\t<meta property=\"og:image:type\" content=\"image\/jpeg\" \/>\n<meta name=\"author\" content=\"user-manager\" \/>\n<meta name=\"twitter:card\" content=\"summary_large_image\" \/>\n<script type=\"application\/ld+json\" class=\"yoast-schema-graph\">{\"@context\":\"https:\\\/\\\/schema.org\",\"@graph\":[{\"@type\":\"Article\",\"@id\":\"https:\\\/\\\/www.meydan.tv\\\/az\\\/article\\\/azerbaycanda-sahibsiz-heyvanlarin-veziyyeti-gullelenme-ve-qaygidan-uzaq-heyat\\\/#article\",\"isPartOf\":{\"@id\":\"https:\\\/\\\/www.meydan.tv\\\/az\\\/article\\\/azerbaycanda-sahibsiz-heyvanlarin-veziyyeti-gullelenme-ve-qaygidan-uzaq-heyat\\\/\"},\"author\":{\"name\":\"user-manager\",\"@id\":\"https:\\\/\\\/www.meydan.tv\\\/az\\\/#\\\/schema\\\/person\\\/10d11eccf6da3662cf5fdab9806ea91a\"},\"headline\":\"Az\u0259rbaycanda sahibsiz heyvanlar\u0131n v\u0259ziyy\u0259ti: g\u00fcll\u0259l\u0259nm\u0259 v\u0259 qay\u011f\u0131dan uzaq h\u0259yat\",\"datePublished\":\"2021-06-08T10:46:35+00:00\",\"mainEntityOfPage\":{\"@id\":\"https:\\\/\\\/www.meydan.tv\\\/az\\\/article\\\/azerbaycanda-sahibsiz-heyvanlarin-veziyyeti-gullelenme-ve-qaygidan-uzaq-heyat\\\/\"},\"wordCount\":173,\"publisher\":{\"@id\":\"https:\\\/\\\/www.meydan.tv\\\/az\\\/#organization\"},\"image\":{\"@id\":\"https:\\\/\\\/www.meydan.tv\\\/az\\\/article\\\/azerbaycanda-sahibsiz-heyvanlarin-veziyyeti-gullelenme-ve-qaygidan-uzaq-heyat\\\/#primaryimage\"},\"thumbnailUrl\":\"https:\\\/\\\/www.meydan.tv\\\/wp-content\\\/uploads\\\/jzrutzfjhm.jpeg\",\"articleSection\":[\"Video\"],\"inLanguage\":\"az\"},{\"@type\":\"WebPage\",\"@id\":\"https:\\\/\\\/www.meydan.tv\\\/az\\\/article\\\/azerbaycanda-sahibsiz-heyvanlarin-veziyyeti-gullelenme-ve-qaygidan-uzaq-heyat\\\/\",\"url\":\"https:\\\/\\\/www.meydan.tv\\\/az\\\/article\\\/azerbaycanda-sahibsiz-heyvanlarin-veziyyeti-gullelenme-ve-qaygidan-uzaq-heyat\\\/\",\"name\":\"Az\u0259rbaycanda sahibsiz heyvanlar\u0131n v\u0259ziyy\u0259ti: g\u00fcll\u0259l\u0259nm\u0259 v\u0259 qay\u011f\u0131dan uzaq h\u0259yat - MEYDAN.TV\",\"isPartOf\":{\"@id\":\"https:\\\/\\\/www.meydan.tv\\\/az\\\/#website\"},\"primaryImageOfPage\":{\"@id\":\"https:\\\/\\\/www.meydan.tv\\\/az\\\/article\\\/azerbaycanda-sahibsiz-heyvanlarin-veziyyeti-gullelenme-ve-qaygidan-uzaq-heyat\\\/#primaryimage\"},\"image\":{\"@id\":\"https:\\\/\\\/www.meydan.tv\\\/az\\\/article\\\/azerbaycanda-sahibsiz-heyvanlarin-veziyyeti-gullelenme-ve-qaygidan-uzaq-heyat\\\/#primaryimage\"},\"thumbnailUrl\":\"https:\\\/\\\/www.meydan.tv\\\/wp-content\\\/uploads\\\/jzrutzfjhm.jpeg\",\"datePublished\":\"2021-06-08T10:46:35+00:00\",\"breadcrumb\":{\"@id\":\"https:\\\/\\\/www.meydan.tv\\\/az\\\/article\\\/azerbaycanda-sahibsiz-heyvanlarin-veziyyeti-gullelenme-ve-qaygidan-uzaq-heyat\\\/#breadcrumb\"},\"inLanguage\":\"az\",\"potentialAction\":[{\"@type\":\"ReadAction\",\"target\":[\"https:\\\/\\\/www.meydan.tv\\\/az\\\/article\\\/azerbaycanda-sahibsiz-heyvanlarin-veziyyeti-gullelenme-ve-qaygidan-uzaq-heyat\\\/\"]}]},{\"@type\":\"ImageObject\",\"inLanguage\":\"az\",\"@id\":\"https:\\\/\\\/www.meydan.tv\\\/az\\\/article\\\/azerbaycanda-sahibsiz-heyvanlarin-veziyyeti-gullelenme-ve-qaygidan-uzaq-heyat\\\/#primaryimage\",\"url\":\"https:\\\/\\\/www.meydan.tv\\\/wp-content\\\/uploads\\\/jzrutzfjhm.jpeg\",\"contentUrl\":\"https:\\\/\\\/www.meydan.tv\\\/wp-content\\\/uploads\\\/jzrutzfjhm.jpeg\",\"width\":1280,\"height\":720,\"caption\":\"Source: Meydan.TV\"},{\"@type\":\"BreadcrumbList\",\"@id\":\"https:\\\/\\\/www.meydan.tv\\\/az\\\/article\\\/azerbaycanda-sahibsiz-heyvanlarin-veziyyeti-gullelenme-ve-qaygidan-uzaq-heyat\\\/#breadcrumb\",\"itemListElement\":[{\"@type\":\"ListItem\",\"position\":1,\"name\":\"Ana s\u0259hif\u0259\",\"item\":\"https:\\\/\\\/www.meydan.tv\\\/az\\\/\"},{\"@type\":\"ListItem\",\"position\":2,\"name\":\"Video\",\"item\":\"https:\\\/\\\/www.meydan.tv\\\/az\\\/section\\\/video-2\\\/\"},{\"@type\":\"ListItem\",\"position\":3,\"name\":\"Az\u0259rbaycanda sahibsiz heyvanlar\u0131n v\u0259ziyy\u0259ti: g\u00fcll\u0259l\u0259nm\u0259 v\u0259 qay\u011f\u0131dan uzaq h\u0259yat\"}]},{\"@type\":\"WebSite\",\"@id\":\"https:\\\/\\\/www.meydan.tv\\\/az\\\/#website\",\"url\":\"https:\\\/\\\/www.meydan.tv\\\/az\\\/\",\"name\":\"MEYDAN.TV\",\"description\":\"Meydan TV Az\u0259rbaycan\u0131n media m\u0259kan\u0131ndak\u0131 alternativ s\u0259sidir\",\"publisher\":{\"@id\":\"https:\\\/\\\/www.meydan.tv\\\/az\\\/#organization\"},\"potentialAction\":[{\"@type\":\"SearchAction\",\"target\":{\"@type\":\"EntryPoint\",\"urlTemplate\":\"https:\\\/\\\/www.meydan.tv\\\/az\\\/?s={search_term_string}\"},\"query-input\":{\"@type\":\"PropertyValueSpecification\",\"valueRequired\":true,\"valueName\":\"search_term_string\"}}],\"inLanguage\":\"az\"},{\"@type\":\"Organization\",\"@id\":\"https:\\\/\\\/www.meydan.tv\\\/az\\\/#organization\",\"name\":\"Meydan TV\",\"url\":\"https:\\\/\\\/www.meydan.tv\\\/az\\\/\",\"logo\":{\"@type\":\"ImageObject\",\"inLanguage\":\"az\",\"@id\":\"https:\\\/\\\/www.meydan.tv\\\/az\\\/#\\\/schema\\\/logo\\\/image\\\/\",\"url\":\"https:\\\/\\\/www.meydan.tv\\\/wp-content\\\/uploads\\\/2021\\\/07\\\/meydan-logo.svg\",\"contentUrl\":\"https:\\\/\\\/www.meydan.tv\\\/wp-content\\\/uploads\\\/2021\\\/07\\\/meydan-logo.svg\",\"width\":195,\"height\":46,\"caption\":\"Meydan TV\"},\"image\":{\"@id\":\"https:\\\/\\\/www.meydan.tv\\\/az\\\/#\\\/schema\\\/logo\\\/image\\\/\"}},{\"@type\":\"Person\",\"@id\":\"https:\\\/\\\/www.meydan.tv\\\/az\\\/#\\\/schema\\\/person\\\/10d11eccf6da3662cf5fdab9806ea91a\",\"name\":\"user-manager\"}]}<\/script>\n<!-- \/ Yoast SEO plugin. -->","yoast_head_json":{"title":"Az\u0259rbaycanda sahibsiz heyvanlar\u0131n v\u0259ziyy\u0259ti: g\u00fcll\u0259l\u0259nm\u0259 v\u0259 qay\u011f\u0131dan uzaq h\u0259yat - MEYDAN.TV","robots":{"index":"index","follow":"follow","max-snippet":"max-snippet:-1","max-image-preview":"max-image-preview:large","max-video-preview":"max-video-preview:-1"},"canonical":"https:\/\/www.meydan.tv\/az\/article\/azerbaycanda-sahibsiz-heyvanlarin-veziyyeti-gullelenme-ve-qaygidan-uzaq-heyat\/","og_locale":"az_AZ","og_type":"article","og_title":"Az\u0259rbaycanda sahibsiz heyvanlar\u0131n v\u0259ziyy\u0259ti: g\u00fcll\u0259l\u0259nm\u0259 v\u0259 qay\u011f\u0131dan uzaq h\u0259yat - MEYDAN.TV","og_description":"Heyvanlar\u0131n g\u00fcll\u0259l\u0259nm\u0259si problemi son d\u0259f\u0259 Heyd\u0259r \u018fliyev ad\u0131na Beyn\u0259lxalq Hava Liman\u0131ndak\u0131 hadis\u0259 il\u0259 g\u00fcnd\u0259m\u0259 g\u0259ldi.","og_url":"https:\/\/www.meydan.tv\/az\/article\/azerbaycanda-sahibsiz-heyvanlarin-veziyyeti-gullelenme-ve-qaygidan-uzaq-heyat\/","og_site_name":"MEYDAN.TV","article_published_time":"2021-06-08T10:46:35+00:00","og_image":[{"width":1280,"height":720,"url":"https:\/\/www.meydan.tv\/wp-content\/uploads\/jzrutzfjhm.jpeg","type":"image\/jpeg"}],"author":"user-manager","twitter_card":"summary_large_image","schema":{"@context":"https:\/\/schema.org","@graph":[{"@type":"Article","@id":"https:\/\/www.meydan.tv\/az\/article\/azerbaycanda-sahibsiz-heyvanlarin-veziyyeti-gullelenme-ve-qaygidan-uzaq-heyat\/#article","isPartOf":{"@id":"https:\/\/www.meydan.tv\/az\/article\/azerbaycanda-sahibsiz-heyvanlarin-veziyyeti-gullelenme-ve-qaygidan-uzaq-heyat\/"},"author":{"name":"user-manager","@id":"https:\/\/www.meydan.tv\/az\/#\/schema\/person\/10d11eccf6da3662cf5fdab9806ea91a"},"headline":"Az\u0259rbaycanda sahibsiz heyvanlar\u0131n v\u0259ziyy\u0259ti: g\u00fcll\u0259l\u0259nm\u0259 v\u0259 qay\u011f\u0131dan uzaq h\u0259yat","datePublished":"2021-06-08T10:46:35+00:00","mainEntityOfPage":{"@id":"https:\/\/www.meydan.tv\/az\/article\/azerbaycanda-sahibsiz-heyvanlarin-veziyyeti-gullelenme-ve-qaygidan-uzaq-heyat\/"},"wordCount":173,"publisher":{"@id":"https:\/\/www.meydan.tv\/az\/#organization"},"image":{"@id":"https:\/\/www.meydan.tv\/az\/article\/azerbaycanda-sahibsiz-heyvanlarin-veziyyeti-gullelenme-ve-qaygidan-uzaq-heyat\/#primaryimage"},"thumbnailUrl":"https:\/\/www.meydan.tv\/wp-content\/uploads\/jzrutzfjhm.jpeg","articleSection":["Video"],"inLanguage":"az"},{"@type":"WebPage","@id":"https:\/\/www.meydan.tv\/az\/article\/azerbaycanda-sahibsiz-heyvanlarin-veziyyeti-gullelenme-ve-qaygidan-uzaq-heyat\/","url":"https:\/\/www.meydan.tv\/az\/article\/azerbaycanda-sahibsiz-heyvanlarin-veziyyeti-gullelenme-ve-qaygidan-uzaq-heyat\/","name":"Az\u0259rbaycanda sahibsiz heyvanlar\u0131n v\u0259ziyy\u0259ti: g\u00fcll\u0259l\u0259nm\u0259 v\u0259 qay\u011f\u0131dan uzaq h\u0259yat - MEYDAN.TV","isPartOf":{"@id":"https:\/\/www.meydan.tv\/az\/#website"},"primaryImageOfPage":{"@id":"https:\/\/www.meydan.tv\/az\/article\/azerbaycanda-sahibsiz-heyvanlarin-veziyyeti-gullelenme-ve-qaygidan-uzaq-heyat\/#primaryimage"},"image":{"@id":"https:\/\/www.meydan.tv\/az\/article\/azerbaycanda-sahibsiz-heyvanlarin-veziyyeti-gullelenme-ve-qaygidan-uzaq-heyat\/#primaryimage"},"thumbnailUrl":"https:\/\/www.meydan.tv\/wp-content\/uploads\/jzrutzfjhm.jpeg","datePublished":"2021-06-08T10:46:35+00:00","breadcrumb":{"@id":"https:\/\/www.meydan.tv\/az\/article\/azerbaycanda-sahibsiz-heyvanlarin-veziyyeti-gullelenme-ve-qaygidan-uzaq-heyat\/#breadcrumb"},"inLanguage":"az","potentialAction":[{"@type":"ReadAction","target":["https:\/\/www.meydan.tv\/az\/article\/azerbaycanda-sahibsiz-heyvanlarin-veziyyeti-gullelenme-ve-qaygidan-uzaq-heyat\/"]}]},{"@type":"ImageObject","inLanguage":"az","@id":"https:\/\/www.meydan.tv\/az\/article\/azerbaycanda-sahibsiz-heyvanlarin-veziyyeti-gullelenme-ve-qaygidan-uzaq-heyat\/#primaryimage","url":"https:\/\/www.meydan.tv\/wp-content\/uploads\/jzrutzfjhm.jpeg","contentUrl":"https:\/\/www.meydan.tv\/wp-content\/uploads\/jzrutzfjhm.jpeg","width":1280,"height":720,"caption":"Source: Meydan.TV"},{"@type":"BreadcrumbList","@id":"https:\/\/www.meydan.tv\/az\/article\/azerbaycanda-sahibsiz-heyvanlarin-veziyyeti-gullelenme-ve-qaygidan-uzaq-heyat\/#breadcrumb","itemListElement":[{"@type":"ListItem","position":1,"name":"Ana s\u0259hif\u0259","item":"https:\/\/www.meydan.tv\/az\/"},{"@type":"ListItem","position":2,"name":"Video","item":"https:\/\/www.meydan.tv\/az\/section\/video-2\/"},{"@type":"ListItem","position":3,"name":"Az\u0259rbaycanda sahibsiz heyvanlar\u0131n v\u0259ziyy\u0259ti: g\u00fcll\u0259l\u0259nm\u0259 v\u0259 qay\u011f\u0131dan uzaq h\u0259yat"}]},{"@type":"WebSite","@id":"https:\/\/www.meydan.tv\/az\/#website","url":"https:\/\/www.meydan.tv\/az\/","name":"MEYDAN.TV","description":"Meydan TV Az\u0259rbaycan\u0131n media m\u0259kan\u0131ndak\u0131 alternativ s\u0259sidir","publisher":{"@id":"https:\/\/www.meydan.tv\/az\/#organization"},"potentialAction":[{"@type":"SearchAction","target":{"@type":"EntryPoint","urlTemplate":"https:\/\/www.meydan.tv\/az\/?s={search_term_string}"},"query-input":{"@type":"PropertyValueSpecification","valueRequired":true,"valueName":"search_term_string"}}],"inLanguage":"az"},{"@type":"Organization","@id":"https:\/\/www.meydan.tv\/az\/#organization","name":"Meydan TV","url":"https:\/\/www.meydan.tv\/az\/","logo":{"@type":"ImageObject","inLanguage":"az","@id":"https:\/\/www.meydan.tv\/az\/#\/schema\/logo\/image\/","url":"https:\/\/www.meydan.tv\/wp-content\/uploads\/2021\/07\/meydan-logo.svg","contentUrl":"https:\/\/www.meydan.tv\/wp-content\/uploads\/2021\/07\/meydan-logo.svg","width":195,"height":46,"caption":"Meydan TV"},"image":{"@id":"https:\/\/www.meydan.tv\/az\/#\/schema\/logo\/image\/"}},{"@type":"Person","@id":"https:\/\/www.meydan.tv\/az\/#\/schema\/person\/10d11eccf6da3662cf5fdab9806ea91a","name":"user-manager"}]}},"_links":{"self":[{"href":"https:\/\/www.meydan.tv\/az\/wp-json\/wp\/v2\/posts\/206595","targetHints":{"allow":["GET"]}}],"collection":[{"href":"https:\/\/www.meydan.tv\/az\/wp-json\/wp\/v2\/posts"}],"about":[{"href":"https:\/\/www.meydan.tv\/az\/wp-json\/wp\/v2\/types\/post"}],"author":[{"embeddable":true,"href":"https:\/\/www.meydan.tv\/az\/wp-json\/wp\/v2\/users\/11"}],"replies":[{"embeddable":true,"href":"https:\/\/www.meydan.tv\/az\/wp-json\/wp\/v2\/comments?post=206595"}],"version-history":[{"count":0,"href":"https:\/\/www.meydan.tv\/az\/wp-json\/wp\/v2\/posts\/206595\/revisions"}],"wp:featuredmedia":[{"embeddable":true,"href":"https:\/\/www.meydan.tv\/az\/wp-json\/wp\/v2\/media\/161874"}],"wp:attachment":[{"href":"https:\/\/www.meydan.tv\/az\/wp-json\/wp\/v2\/media?parent=206595"}],"wp:term":[{"taxonomy":"category","embeddable":true,"href":"https:\/\/www.meydan.tv\/az\/wp-json\/wp\/v2\/categories?post=206595"},{"taxonomy":"post_tag","embeddable":true,"href":"https:\/\/www.meydan.tv\/az\/wp-json\/wp\/v2\/tags?post=206595"}],"curies":[{"name":"wp","href":"https:\/\/api.w.org\/{rel}","templated":true}]}}