{"id":206566,"date":"2021-06-05T21:09:56","date_gmt":"2021-06-05T21:09:56","guid":{"rendered":"https:\/\/www.meydan.tv\/article\/rovsen-ekberovla-bagli-istintaq-yekunlasdi\/"},"modified":"2021-06-05T21:09:56","modified_gmt":"2021-06-05T21:09:56","slug":"rovsen-ekberovla-bagli-istintaq-yekunlasdi","status":"publish","type":"post","link":"https:\/\/www.meydan.tv\/az\/article\/rovsen-ekberovla-bagli-istintaq-yekunlasdi\/","title":{"rendered":"R\u00f6v\u015f\u0259n \u018fkb\u0259rovla ba\u011fl\u0131 istintaq yekunla\u015fd\u0131"},"content":{"rendered":"<p>\n  <i><br \/>\n    General istintaq d\u00f6vr\u00fcnd\u0259 ev dustaql\u0131\u011f\u0131na burax\u0131lmaq \u00fc\u00e7\u00fcn bir ne\u00e7\u0259 d\u0259f\u0259 m\u0259hk\u0259m\u0259y\u0259 v\u0259sat\u0259t vers\u0259 d\u0259, h\u0259r d\u0259f\u0259 m\u0259hk\u0259m\u0259d\u0259n r\u0259dd cavab\u0131 al\u0131b<br \/>\n  <\/i>\n<\/p>\n<p>\n  H\u0259bsd\u0259 olan general-leytenant R\u00f6v\u015f\u0259n \u018fkb\u0259rovun i\u015fi \u00fczr\u0259 Ba\u015f Prokurorlu\u011fun \u0130stintaq \u0130dar\u0259sind\u0259 apar\u0131lan ara\u015fd\u0131rmalar yekunla\u015f\u0131b. Cinay\u0259t i\u015finin materiallar\u0131 tan\u0131\u015f olmaq \u00fc\u00e7\u00fcn h\u0259m t\u0259qsirl\u0259ndiril\u0259n, h\u0259m d\u0259 z\u0259r\u0259r\u00e7\u0259kmi\u015f t\u0259r\u0259f v\u0259 m\u00fcdafi\u0259\u00e7il\u0259rin\u0259 t\u0259qdim olunub. \u0130\u015f materiallar\u0131 il\u0259 tan\u0131\u015fl\u0131q m\u0259rh\u0259l\u0259si ba\u015fa \u00e7atandan sonra general\u0131n i\u015fi \u00fczr\u0259 ittiham akt\u0131 t\u0259sdiql\u0259n\u0259c\u0259k v\u0259 cinay\u0259t i\u015fi bax\u0131lmas\u0131 \u00fc\u00e7\u00fcn Bak\u0131 H\u0259rbi M\u0259hk\u0259m\u0259sin\u0259 g\u00f6nd\u0259ril\u0259c\u0259k.\n<\/p>\n<p>\n  Cinay\u0259t M\u0259c\u0259ll\u0259sinin 120.2.2 (xuliqanl\u0131q niyy\u0259ti il\u0259 q\u0259sd\u0259n adam \u00f6ld\u00fcrm\u0259) v\u0259 221.3 (silah v\u0259 ya silah qismind\u0259 \u0259\u015fyadan istifad\u0259 olunmaqla xuliqanl\u0131q) madd\u0259l\u0259ril\u0259 ittiham olunan general mart\u0131n 16-dan h\u0259bsd\u0259dir. O, 2001-ci il may\u0131n 31-d\u0259n iyunun 1-n\u0259 ke\u00e7\u0259n gec\u0259 Ukraynada m\u00fcbahis\u0259 z\u0259minind\u0259 29 ya\u015fl\u0131 az\u0259rbaycanl\u0131 El\u00e7in \u018fliyevi q\u0259tl\u0259 yetirm\u0259kd\u0259 t\u0259qsirl\u0259ndirilir.\n<\/p>\n<p>\n  General istintaq d\u00f6vr\u00fcnd\u0259 ev dustaql\u0131\u011f\u0131na burax\u0131lmaq \u00fc\u00e7\u00fcn bir ne\u00e7\u0259 d\u0259f\u0259 m\u0259hk\u0259m\u0259y\u0259 v\u0259sat\u0259t vers\u0259 d\u0259, h\u0259r d\u0259f\u0259 m\u0259hk\u0259m\u0259d\u0259n r\u0259dd cavab\u0131 alm\u0131\u015fd\u0131.\n<\/p>\n<p>\n  R\u00f6v\u015f\u0259n \u018fkb\u0259rovun v\u0259kili v\u0259 ya ail\u0259 \u00fczvl\u0259ri ona qar\u015f\u0131 ir\u0259li s\u00fcr\u00fclm\u00fc\u015f q\u0259sd\u0259n adam \u00f6ld\u00fcrm\u0259 ittiham\u0131yla ba\u011fl\u0131 he\u00e7 bir a\u00e7\u0131qlama verm\u0259yib.\n<\/p>\n<p>\n  H\u0259l\u0259 2003-c\u00fc ild\u0259 Ukrayna Prokurorlu\u011fu Az\u0259rbaycan Ba\u015f Prokurorlu\u011funa m\u0259ktub g\u00f6nd\u0259r\u0259r\u0259k, El\u00e7in \u018fliyevin q\u0259tlind\u0259 R\u00f6v\u015f\u0259n \u018fkb\u0259rovun i\u015ftirak\u0131n\u0131 t\u0259sdiql\u0259y\u0259n s\u00fcbutlar\u0131n oldu\u011funu yaz\u0131rd\u0131. H\u0259min s\u00fcbutlar da daxil olmaqla, cinay\u0259t i\u015finin materiallar\u0131 istintaq\u0131n davam etdirilm\u0259si \u00fc\u00e7\u00fcn Az\u0259rbaycana g\u00f6nd\u0259rilmi\u015fdi. \u0130\u015f \u0259vv\u0259lc\u0259 H\u0259rbi Prokurorluqda, daha sonra Ba\u015f Prokurorlu\u011fun A\u011f\u0131r Cinay\u0259tl\u0259r\u0259 Dair \u0130\u015fl\u0259r \u00fczr\u0259 \u0130stintaq \u0130dar\u0259sind\u0259 ara\u015fd\u0131r\u0131lsa da, bir m\u00fcdd\u0259t sonra icraat dayand\u0131r\u0131lm\u0131\u015fd\u0131.\n<\/p>\n<p>\n  El\u00e7in \u018fliyevin ail\u0259 \u00fczvl\u0259ri \u00f6t\u0259n 20 ild\u0259 Prezident Administrasiyas\u0131, Ba\u015f Prokurorluq da daxil olmaqla, m\u00fcxt\u0259lif d\u00f6vl\u0259t orqanlar\u0131na onlarla m\u0259ktub g\u00f6nd\u0259r\u0259r\u0259k, R\u00f6v\u015f\u0259n \u018fkb\u0259rovun c\u0259zaland\u0131r\u0131lmas\u0131n\u0131 t\u0259l\u0259b edibl\u0259r. Anas\u0131 S\u0259may\u0259 \u018fliyeva bir ne\u00e7\u0259 il \u00f6nc\u0259 Meydan TV-y\u0259 m\u00fcsahib\u0259sind\u0259 bildirmi\u015fdi ki, h\u0259tta prezidentin Q\u0259b\u0259l\u0259 s\u0259f\u0259rind\u0259 \u00e7\u0259tinlikl\u0259 d\u0259 olsa, ona yax\u0131nla\u015f\u0131b, \u015f\u0259xs\u0259n \u00f6z\u00fcn\u0259 m\u0259ktubunu vermi\u015fdi.\n<\/p>\n<p>\n  2014-c\u00fc ild\u0259 Avropa \u0130nsan Haqlar\u0131 M\u0259hk\u0259m\u0259si m\u0259rhumun valieynl\u0259rinin \u015fikay\u0259ti \u0259sas\u0131nda q\u0259rar \u00e7\u0131xararaq, bu i\u015fd\u0259 Avropa Konvensiyas\u0131n\u0131n 2-ci (ya\u015famaq h\u00fcququ) madd\u0259sinin pozuntusunu tan\u0131y\u0131b. Q\u0259rarda g\u00f6st\u0259rilib ki, bu cinay\u0259t i\u015fi \u00fczr\u0259 effektiv ara\u015fd\u0131rmalar apar\u0131lmay\u0131b.\n<\/p>\n<p>\n  Uzun ill\u0259r \u0259vv\u0259l \u00e7\u0131xar\u0131lm\u0131\u015f icraat\u0131n dayand\u0131r\u0131lmas\u0131 bar\u0259d\u0259 q\u0259rar 2020-ci ild\u0259 l\u0259\u011fv edilib. El\u00e7in \u018fliyevin q\u0259tlil\u0259 ba\u011fl\u0131 cinay\u0259t i\u015fi \u00fczr\u0259 icraat t\u0259z\u0259l\u0259nib v\u0259 prosesin n\u0259tic\u0259si olaraq, R\u00f6v\u015f\u0259n \u018fkb\u0259rov t\u0259qsirl\u0259ndiril\u0259n \u015f\u0259xs qismind\u0259 tan\u0131naraq h\u0259bs olunub.\n<\/p>\n<p>\n  56 ya\u015fl\u0131 R\u00f6v\u015f\u0259n \u018fkb\u0259rov 1994-c\u00fc ild\u0259 Sur\u0259t H\u00fcseynovun d\u0259st\u0259sinin qar\u015f\u0131s\u0131n\u0131n al\u0131nmas\u0131nda xidm\u0259tl\u0259rin\u0259 g\u00f6r\u0259 Milli Q\u0259hr\u0259man ad\u0131na layiq g\u00f6r\u00fcl\u00fcb. 1995-ci ild\u0259 is\u0259 o, OMON-\u00e7ulara qar\u015f\u0131 \u0259m\u0259liyyat\u0131 h\u0259yata ke\u00e7ir\u0259n \u0259sas fiqurlardan olub.\n<\/p>\n<p>\n  2001-ci ild\u0259 Ukraynada El\u00e7in \u018fliyevin q\u0259tlind\u0259n sonra \u2013 2002-ci ild\u0259 ona general-leytenant r\u00fctb\u0259si verilib. 2011-ci ild\u0259 is\u0259 korpus komandiri t\u0259yin edilib.<\/p>\n","protected":false},"excerpt":{"rendered":"<p>R\u00f6v\u015f\u0259n \u018fkb\u0259rovun v\u0259kili v\u0259 ya ail\u0259 \u00fczvl\u0259ri ona qar\u015f\u0131 ir\u0259li s\u00fcr\u00fclm\u00fc\u015f q\u0259sd\u0259n adam \u00f6ld\u00fcrm\u0259 ittiham\u0131yla ba\u011fl\u0131 he\u00e7 bir a\u00e7\u0131qlama verm\u0259yib.<\/p>\n","protected":false},"author":11,"featured_media":161811,"comment_status":"closed","ping_status":"open","sticky":false,"template":"","format":"standard","meta":{"_acf_changed":false,"_sitemap_exclude":false,"_sitemap_priority":"","_sitemap_frequency":"","footnotes":""},"categories":[59],"tags":[],"class_list":["post-206566","post","type-post","status-publish","format-standard","has-post-thumbnail","hentry","category-siyaset","infinite-scroll-item","generate-columns","tablet-grid-50","mobile-grid-100","grid-parent","grid-33","no-featured-image-padding"],"acf":[],"yoast_head":"<!-- This site is optimized with the Yoast SEO plugin v28.4 - https:\/\/yoast.com\/product\/yoast-seo-wordpress\/ -->\n<title>R\u00f6v\u015f\u0259n \u018fkb\u0259rovla ba\u011fl\u0131 istintaq yekunla\u015fd\u0131 - MEYDAN.TV<\/title>\n<meta name=\"robots\" content=\"index, follow, max-snippet:-1, max-image-preview:large, max-video-preview:-1\" \/>\n<link rel=\"canonical\" href=\"https:\/\/www.meydan.tv\/az\/article\/rovsen-ekberovla-bagli-istintaq-yekunlasdi\/\" \/>\n<meta property=\"og:locale\" content=\"az_AZ\" \/>\n<meta property=\"og:type\" content=\"article\" \/>\n<meta property=\"og:title\" content=\"R\u00f6v\u015f\u0259n \u018fkb\u0259rovla ba\u011fl\u0131 istintaq yekunla\u015fd\u0131 - MEYDAN.TV\" \/>\n<meta property=\"og:description\" content=\"R\u00f6v\u015f\u0259n \u018fkb\u0259rovun v\u0259kili v\u0259 ya ail\u0259 \u00fczvl\u0259ri ona qar\u015f\u0131 ir\u0259li s\u00fcr\u00fclm\u00fc\u015f q\u0259sd\u0259n adam \u00f6ld\u00fcrm\u0259 ittiham\u0131yla ba\u011fl\u0131 he\u00e7 bir a\u00e7\u0131qlama verm\u0259yib.\" \/>\n<meta property=\"og:url\" content=\"https:\/\/www.meydan.tv\/az\/article\/rovsen-ekberovla-bagli-istintaq-yekunlasdi\/\" \/>\n<meta property=\"og:site_name\" content=\"MEYDAN.TV\" \/>\n<meta property=\"article:published_time\" content=\"2021-06-05T21:09:56+00:00\" \/>\n<meta property=\"og:image\" content=\"https:\/\/www.meydan.tv\/wp-content\/uploads\/rovshen_alakberov_160321.jpg\" \/>\n\t<meta property=\"og:image:width\" content=\"850\" \/>\n\t<meta property=\"og:image:height\" content=\"530\" \/>\n\t<meta property=\"og:image:type\" content=\"image\/jpeg\" \/>\n<meta name=\"twitter:card\" content=\"summary_large_image\" \/>\n<!-- \/ Yoast SEO plugin. -->","yoast_head_json":{"title":"R\u00f6v\u015f\u0259n \u018fkb\u0259rovla ba\u011fl\u0131 istintaq yekunla\u015fd\u0131 - MEYDAN.TV","robots":{"index":"index","follow":"follow","max-snippet":"max-snippet:-1","max-image-preview":"max-image-preview:large","max-video-preview":"max-video-preview:-1"},"canonical":"https:\/\/www.meydan.tv\/az\/article\/rovsen-ekberovla-bagli-istintaq-yekunlasdi\/","og_locale":"az_AZ","og_type":"article","og_title":"R\u00f6v\u015f\u0259n \u018fkb\u0259rovla ba\u011fl\u0131 istintaq yekunla\u015fd\u0131 - MEYDAN.TV","og_description":"R\u00f6v\u015f\u0259n \u018fkb\u0259rovun v\u0259kili v\u0259 ya ail\u0259 \u00fczvl\u0259ri ona qar\u015f\u0131 ir\u0259li s\u00fcr\u00fclm\u00fc\u015f q\u0259sd\u0259n adam \u00f6ld\u00fcrm\u0259 ittiham\u0131yla ba\u011fl\u0131 he\u00e7 bir a\u00e7\u0131qlama verm\u0259yib.","og_url":"https:\/\/www.meydan.tv\/az\/article\/rovsen-ekberovla-bagli-istintaq-yekunlasdi\/","og_site_name":"MEYDAN.TV","article_published_time":"2021-06-05T21:09:56+00:00","og_image":[{"width":850,"height":530,"url":"https:\/\/www.meydan.tv\/wp-content\/uploads\/rovshen_alakberov_160321.jpg","type":"image\/jpeg"}],"twitter_card":"summary_large_image","schema":{"@context":"https:\/\/schema.org","@graph":[{"@type":"Article","@id":"https:\/\/www.meydan.tv\/az\/article\/rovsen-ekberovla-bagli-istintaq-yekunlasdi\/#article","isPartOf":{"@id":"https:\/\/www.meydan.tv\/az\/article\/rovsen-ekberovla-bagli-istintaq-yekunlasdi\/"},"author":{"name":"user-manager","@id":"https:\/\/www.meydan.tv\/az\/#\/schema\/person\/10d11eccf6da3662cf5fdab9806ea91a"},"headline":"R\u00f6v\u015f\u0259n \u018fkb\u0259rovla ba\u011fl\u0131 istintaq yekunla\u015fd\u0131","datePublished":"2021-06-05T21:09:56+00:00","mainEntityOfPage":{"@id":"https:\/\/www.meydan.tv\/az\/article\/rovsen-ekberovla-bagli-istintaq-yekunlasdi\/"},"wordCount":684,"publisher":{"@id":"https:\/\/www.meydan.tv\/az\/#organization"},"image":{"@id":"https:\/\/www.meydan.tv\/az\/article\/rovsen-ekberovla-bagli-istintaq-yekunlasdi\/#primaryimage"},"thumbnailUrl":"https:\/\/www.meydan.tv\/wp-content\/uploads\/rovshen_alakberov_160321.jpg","articleSection":["Siyas\u0259t"],"inLanguage":"az"},{"@type":"WebPage","@id":"https:\/\/www.meydan.tv\/az\/article\/rovsen-ekberovla-bagli-istintaq-yekunlasdi\/","url":"https:\/\/www.meydan.tv\/az\/article\/rovsen-ekberovla-bagli-istintaq-yekunlasdi\/","name":"R\u00f6v\u015f\u0259n \u018fkb\u0259rovla ba\u011fl\u0131 istintaq yekunla\u015fd\u0131 - MEYDAN.TV","isPartOf":{"@id":"https:\/\/www.meydan.tv\/az\/#website"},"primaryImageOfPage":{"@id":"https:\/\/www.meydan.tv\/az\/article\/rovsen-ekberovla-bagli-istintaq-yekunlasdi\/#primaryimage"},"image":{"@id":"https:\/\/www.meydan.tv\/az\/article\/rovsen-ekberovla-bagli-istintaq-yekunlasdi\/#primaryimage"},"thumbnailUrl":"https:\/\/www.meydan.tv\/wp-content\/uploads\/rovshen_alakberov_160321.jpg","datePublished":"2021-06-05T21:09:56+00:00","breadcrumb":{"@id":"https:\/\/www.meydan.tv\/az\/article\/rovsen-ekberovla-bagli-istintaq-yekunlasdi\/#breadcrumb"},"inLanguage":"az","potentialAction":[{"@type":"ReadAction","target":["https:\/\/www.meydan.tv\/az\/article\/rovsen-ekberovla-bagli-istintaq-yekunlasdi\/"]}]},{"@type":"ImageObject","inLanguage":"az","@id":"https:\/\/www.meydan.tv\/az\/article\/rovsen-ekberovla-bagli-istintaq-yekunlasdi\/#primaryimage","url":"https:\/\/www.meydan.tv\/wp-content\/uploads\/rovshen_alakberov_160321.jpg","contentUrl":"https:\/\/www.meydan.tv\/wp-content\/uploads\/rovshen_alakberov_160321.jpg","width":850,"height":530,"caption":"Source: Trend.az"},{"@type":"BreadcrumbList","@id":"https:\/\/www.meydan.tv\/az\/article\/rovsen-ekberovla-bagli-istintaq-yekunlasdi\/#breadcrumb","itemListElement":[{"@type":"ListItem","position":1,"name":"Ana s\u0259hif\u0259","item":"https:\/\/www.meydan.tv\/az\/"},{"@type":"ListItem","position":2,"name":"Siyas\u0259t","item":"https:\/\/www.meydan.tv\/az\/section\/siyaset\/"},{"@type":"ListItem","position":3,"name":"R\u00f6v\u015f\u0259n \u018fkb\u0259rovla ba\u011fl\u0131 istintaq yekunla\u015fd\u0131"}]},{"@type":"WebSite","@id":"https:\/\/www.meydan.tv\/az\/#website","url":"https:\/\/www.meydan.tv\/az\/","name":"MEYDAN.TV","description":"Meydan TV Az\u0259rbaycan\u0131n media m\u0259kan\u0131ndak\u0131 alternativ s\u0259sidir","publisher":{"@id":"https:\/\/www.meydan.tv\/az\/#organization"},"potentialAction":[{"@type":"SearchAction","target":{"@type":"EntryPoint","urlTemplate":"https:\/\/www.meydan.tv\/az\/?s={search_term_string}"},"query-input":{"@type":"PropertyValueSpecification","valueRequired":true,"valueName":"search_term_string"}}],"inLanguage":"az"},{"@type":"Organization","@id":"https:\/\/www.meydan.tv\/az\/#organization","name":"Meydan TV","url":"https:\/\/www.meydan.tv\/az\/","logo":{"@type":"ImageObject","inLanguage":"az","@id":"https:\/\/www.meydan.tv\/az\/#\/schema\/logo\/image\/","url":"https:\/\/www.meydan.tv\/wp-content\/uploads\/2021\/07\/meydan-logo.svg","contentUrl":"https:\/\/www.meydan.tv\/wp-content\/uploads\/2021\/07\/meydan-logo.svg","width":195,"height":46,"caption":"Meydan TV"},"image":{"@id":"https:\/\/www.meydan.tv\/az\/#\/schema\/logo\/image\/"}},{"@type":"Person","@id":"https:\/\/www.meydan.tv\/az\/#\/schema\/person\/10d11eccf6da3662cf5fdab9806ea91a","name":"user-manager"}]}},"_links":{"self":[{"href":"https:\/\/www.meydan.tv\/az\/wp-json\/wp\/v2\/posts\/206566","targetHints":{"allow":["GET"]}}],"collection":[{"href":"https:\/\/www.meydan.tv\/az\/wp-json\/wp\/v2\/posts"}],"about":[{"href":"https:\/\/www.meydan.tv\/az\/wp-json\/wp\/v2\/types\/post"}],"author":[{"embeddable":true,"href":"https:\/\/www.meydan.tv\/az\/wp-json\/wp\/v2\/users\/11"}],"replies":[{"embeddable":true,"href":"https:\/\/www.meydan.tv\/az\/wp-json\/wp\/v2\/comments?post=206566"}],"version-history":[{"count":0,"href":"https:\/\/www.meydan.tv\/az\/wp-json\/wp\/v2\/posts\/206566\/revisions"}],"wp:featuredmedia":[{"embeddable":true,"href":"https:\/\/www.meydan.tv\/az\/wp-json\/wp\/v2\/media\/161811"}],"wp:attachment":[{"href":"https:\/\/www.meydan.tv\/az\/wp-json\/wp\/v2\/media?parent=206566"}],"wp:term":[{"taxonomy":"category","embeddable":true,"href":"https:\/\/www.meydan.tv\/az\/wp-json\/wp\/v2\/categories?post=206566"},{"taxonomy":"post_tag","embeddable":true,"href":"https:\/\/www.meydan.tv\/az\/wp-json\/wp\/v2\/tags?post=206566"}],"curies":[{"name":"wp","href":"https:\/\/api.w.org\/{rel}","templated":true}]}}